{"id":6624,"date":"2021-12-20T12:00:55","date_gmt":"2021-12-20T11:00:55","guid":{"rendered":"https:\/\/www.anovapeneira.gal\/?p=6624"},"modified":"2021-12-15T13:53:17","modified_gmt":"2021-12-15T12:53:17","slug":"presentacion-reclamacions-direccion-xeral-de-comercio-e-consumo","status":"publish","type":"post","link":"https:\/\/www.anovapeneira.gal\/index.php\/2021\/12\/20\/presentacion-reclamacions-direccion-xeral-de-comercio-e-consumo\/","title":{"rendered":"Presentaci\u00f3n reclamaci\u00f3ns direcci\u00f3n xeral de comercio e consumo"},"content":{"rendered":"\n<p><strong><u>Comunicado \u00e1 prensa da Plataforma Gondomar<\/u><\/strong><\/p>\n\n\n\n<p>No d\u00eda de hoxe, 10 de decembro de 2021, a Plataforma Gondomar, Fibra Xa! ven de presentar na delegaci\u00f3n da Xunta en Vigo unha primeira entrega de 308 reclamaci\u00f3ns de veci\u00f1as e veci\u00f1os<strong>&nbsp;que manifestan que,&nbsp;<\/strong>como a maior\u00eda da poboaci\u00f3n de Gondomar que disp\u00f3n de conexi\u00f3n a Internet,&nbsp;<strong>est\u00e1n a pagar por un servizo que non reciben da empresa coa que o te\u00f1en contratado<\/strong>. Estas ofrecen unhas prestaci\u00f3ns que, de maneira sistem\u00e1tica, incumpren, mais iso non se traduce nun desconto ou abaratamento no recibo mensual que est\u00e1 a pagar.<\/p>\n\n\n\n<p>Por iso&nbsp;<strong>RECLAMAN d<\/strong>as empresas que cumpran co estipulado nos contratos do servizo e que, mentres non poidan garantilo coa calidade suficiente, procedan a reducir o custe do mesmo en funci\u00f3n do que realmente poden prestar, aplicando un desconto na facturaci\u00f3n mensual.<\/p>\n\n\n\n<p><strong>Por outro lado, a Plataforma obt\u00e9n a finais do mes de outubro a confirmaci\u00f3n, do propio goberno do Estado, de que o proxecto TSI-061000-2019-108, executado polo operador TELEF\u00d3NICA DE ESPA\u00d1A, S.A.,&nbsp;<\/strong>que ten como obxectivo proporcionar cobertura de servizos de velocidade superiores a 100 Mbps, e que no caso de Gondomar contempla 55 zonas brancas,&nbsp;<strong><u>ten como data de finalizaci\u00f3n prevista decembro de 2021 e que non se lle concedeu ningunha pr\u00f3rroga<\/u><\/strong>.<\/p>\n\n\n\n<p><strong>Por esa raz\u00f3n Gondomar, Fibra Xa! Insta aos gobernos local, galego e estatal<\/strong>&nbsp;a que realicen as xesti\u00f3ns necesarias para que a operadora Movistar cumpra o prazo m\u00e1ximo estabelecido para o despregamento da fibra \u00f3ptica no concello, que remata o 31 de decembro deste ano, e que dar\u00eda soluci\u00f3n a gran parte das persoas que asinaron unha reclamaci\u00f3n, independentemente da compa\u00f1\u00eda coa te\u00f1an agora mesmo o contrato.<\/p>\n\n\n\n<p><strong>As\u00ed mesmo, a Plataforma esixe aos gobernos do Estado e da Xunta<\/strong>&nbsp;que dean cobertura \u00e1s zonas que non est\u00e1n inclu\u00eddas nos actuais contratos do Programa de Extensi\u00f3n de Banda Ancha de Nova Generaci\u00f3n (PEBA-NGA), xa adxudicados a Telef\u00f3nica de Espa\u00f1a, S.A. e a R Cable y Telecable de Telecomunicaciones, S.A., de cara a garantir a igualdade de condici\u00f3ns no acceso a unha internet de calidade a toda a veci\u00f1anza do concello de Gondomar.<\/p>\n","protected":false},"excerpt":{"rendered":"<div class=\"mh-excerpt\"><p>No d\u00eda de hoxe, 10 de decembro de 2021, a Plataforma Gondomar, Fibra Xa! ven de presentar na delegaci\u00f3n da Xunta en Vigo unha primeira entrega de 308 reclamaci\u00f3ns de veci\u00f1as e veci\u00f1os\u00a0que manifestan que,\u00a0como a maior\u00eda da poboaci\u00f3n de Gondomar que disp\u00f3n de conexi\u00f3n a Internet,\u00a0est\u00e1n a pagar por un servizo que non reciben da empresa coa que o te\u00f1en contratado <a class=\"mh-excerpt-more\" href=\"https:\/\/www.anovapeneira.gal\/index.php\/2021\/12\/20\/presentacion-reclamacions-direccion-xeral-de-comercio-e-consumo\/\" title=\"Presentaci\u00f3n reclamaci\u00f3ns direcci\u00f3n xeral de comercio e consumo\">[&#8230;]<\/a><\/p>\n<\/div>","protected":false},"author":3,"featured_media":6627,"comment_status":"open","ping_status":"open","sticky":false,"template":"","format":"standard","meta":{"_exactmetrics_skip_tracking":false,"_exactmetrics_sitenote_active":false,"_exactmetrics_sitenote_note":"","_exactmetrics_sitenote_category":0,"footnotes":""},"categories":[20],"tags":[149],"class_list":{"0":"post-6624","1":"post","2":"type-post","3":"status-publish","4":"format-standard","5":"has-post-thumbnail","7":"category-val-minor","8":"tag-concello-de-gondomar"},"yoast_head":"<!-- This site is optimized with the Yoast SEO plugin v27.4 - https:\/\/yoast.com\/product\/yoast-seo-wordpress\/ -->\n<title>Presentaci\u00f3n reclamaci\u00f3ns direcci\u00f3n xeral de comercio e consumo -<\/title>\n<meta name=\"description\" content=\"No d\u00eda de hoxe, 10 de decembro de 2021, a Plataforma Gondomar, Fibra Xa! ven de presentar na delegaci\u00f3n da Xunta en Vigo unha primeira entrega de 308 reclamaci\u00f3ns de veci\u00f1as e veci\u00f1os\u00a0que manifestan que,\u00a0como a maior\u00eda da poboaci\u00f3n de Gondomar que disp\u00f3n de conexi\u00f3n a Internet,\u00a0est\u00e1n a pagar por un servizo que non reciben da empresa coa que o te\u00f1en contratado\" \/>\n<meta name=\"robots\" content=\"index, follow, max-snippet:-1, max-image-preview:large, max-video-preview:-1\" \/>\n<link rel=\"canonical\" href=\"https:\/\/www.anovapeneira.gal\/index.php\/2021\/12\/20\/presentacion-reclamacions-direccion-xeral-de-comercio-e-consumo\/\" \/>\n<meta property=\"og:locale\" content=\"gl_ES\" \/>\n<meta property=\"og:type\" content=\"article\" \/>\n<meta property=\"og:title\" content=\"Presentaci\u00f3n reclamaci\u00f3ns direcci\u00f3n xeral de comercio e consumo -\" \/>\n<meta property=\"og:description\" content=\"No d\u00eda de hoxe, 10 de decembro de 2021, a Plataforma Gondomar, Fibra Xa! ven de presentar na delegaci\u00f3n da Xunta en Vigo unha primeira entrega de 308 reclamaci\u00f3ns de veci\u00f1as e veci\u00f1os\u00a0que manifestan que,\u00a0como a maior\u00eda da poboaci\u00f3n de Gondomar que disp\u00f3n de conexi\u00f3n a Internet,\u00a0est\u00e1n a pagar por un servizo que non reciben da empresa coa que o te\u00f1en contratado\" \/>\n<meta property=\"og:url\" content=\"https:\/\/www.anovapeneira.gal\/index.php\/2021\/12\/20\/presentacion-reclamacions-direccion-xeral-de-comercio-e-consumo\/\" \/>\n<meta property=\"article:publisher\" content=\"https:\/\/www.facebook.com\/anovapeneira\" \/>\n<meta property=\"article:published_time\" content=\"2021-12-20T11:00:55+00:00\" \/>\n<meta property=\"og:image\" content=\"https:\/\/www.anovapeneira.gal\/wp-content\/uploads\/2021\/12\/reclamacion_comercio_gondomar.jpg\" \/>\n\t<meta property=\"og:image:width\" content=\"720\" \/>\n\t<meta property=\"og:image:height\" content=\"432\" \/>\n\t<meta property=\"og:image:type\" content=\"image\/jpeg\" \/>\n<meta name=\"author\" content=\"Redacci\u00f3n A Nova Peneira\" \/>\n<meta name=\"twitter:card\" content=\"summary_large_image\" \/>\n<meta name=\"twitter:creator\" content=\"@APeneira\" \/>\n<meta name=\"twitter:site\" content=\"@APeneira\" \/>\n<meta name=\"twitter:label1\" content=\"Escrito por\" \/>\n\t<meta name=\"twitter:data1\" content=\"Redacci\u00f3n A Nova Peneira\" \/>\n\t<meta name=\"twitter:label2\" content=\"Tempo de lectura\" \/>\n\t<meta name=\"twitter:data2\" content=\"2 minutos\" \/>\n<script type=\"application\/ld+json\" class=\"yoast-schema-graph\">{\"@context\":\"https:\\\/\\\/schema.org\",\"@graph\":[{\"@type\":\"Article\",\"@id\":\"https:\\\/\\\/www.anovapeneira.gal\\\/index.php\\\/2021\\\/12\\\/20\\\/presentacion-reclamacions-direccion-xeral-de-comercio-e-consumo\\\/#article\",\"isPartOf\":{\"@id\":\"https:\\\/\\\/www.anovapeneira.gal\\\/index.php\\\/2021\\\/12\\\/20\\\/presentacion-reclamacions-direccion-xeral-de-comercio-e-consumo\\\/\"},\"author\":{\"name\":\"Redacci\u00f3n A Nova Peneira\",\"@id\":\"https:\\\/\\\/www.anovapeneira.gal\\\/#\\\/schema\\\/person\\\/b93e3f8932e3f8da96334607eb6ac6aa\"},\"headline\":\"Presentaci\u00f3n reclamaci\u00f3ns direcci\u00f3n xeral de comercio e consumo\",\"datePublished\":\"2021-12-20T11:00:55+00:00\",\"mainEntityOfPage\":{\"@id\":\"https:\\\/\\\/www.anovapeneira.gal\\\/index.php\\\/2021\\\/12\\\/20\\\/presentacion-reclamacions-direccion-xeral-de-comercio-e-consumo\\\/\"},\"wordCount\":404,\"commentCount\":0,\"publisher\":{\"@id\":\"https:\\\/\\\/www.anovapeneira.gal\\\/#organization\"},\"image\":{\"@id\":\"https:\\\/\\\/www.anovapeneira.gal\\\/index.php\\\/2021\\\/12\\\/20\\\/presentacion-reclamacions-direccion-xeral-de-comercio-e-consumo\\\/#primaryimage\"},\"thumbnailUrl\":\"https:\\\/\\\/www.anovapeneira.gal\\\/wp-content\\\/uploads\\\/2021\\\/12\\\/reclamacion_comercio_gondomar.jpg\",\"keywords\":[\"Concello de Gondomar\"],\"articleSection\":[\"Val Mi\u00f1or\"],\"inLanguage\":\"gl-ES\",\"potentialAction\":[{\"@type\":\"CommentAction\",\"name\":\"Comment\",\"target\":[\"https:\\\/\\\/www.anovapeneira.gal\\\/index.php\\\/2021\\\/12\\\/20\\\/presentacion-reclamacions-direccion-xeral-de-comercio-e-consumo\\\/#respond\"]}]},{\"@type\":\"WebPage\",\"@id\":\"https:\\\/\\\/www.anovapeneira.gal\\\/index.php\\\/2021\\\/12\\\/20\\\/presentacion-reclamacions-direccion-xeral-de-comercio-e-consumo\\\/\",\"url\":\"https:\\\/\\\/www.anovapeneira.gal\\\/index.php\\\/2021\\\/12\\\/20\\\/presentacion-reclamacions-direccion-xeral-de-comercio-e-consumo\\\/\",\"name\":\"Presentaci\u00f3n reclamaci\u00f3ns direcci\u00f3n xeral de comercio e consumo -\",\"isPartOf\":{\"@id\":\"https:\\\/\\\/www.anovapeneira.gal\\\/#website\"},\"primaryImageOfPage\":{\"@id\":\"https:\\\/\\\/www.anovapeneira.gal\\\/index.php\\\/2021\\\/12\\\/20\\\/presentacion-reclamacions-direccion-xeral-de-comercio-e-consumo\\\/#primaryimage\"},\"image\":{\"@id\":\"https:\\\/\\\/www.anovapeneira.gal\\\/index.php\\\/2021\\\/12\\\/20\\\/presentacion-reclamacions-direccion-xeral-de-comercio-e-consumo\\\/#primaryimage\"},\"thumbnailUrl\":\"https:\\\/\\\/www.anovapeneira.gal\\\/wp-content\\\/uploads\\\/2021\\\/12\\\/reclamacion_comercio_gondomar.jpg\",\"datePublished\":\"2021-12-20T11:00:55+00:00\",\"description\":\"No d\u00eda de hoxe, 10 de decembro de 2021, a Plataforma Gondomar, Fibra Xa! ven de presentar na delegaci\u00f3n da Xunta en Vigo unha primeira entrega de 308 reclamaci\u00f3ns de veci\u00f1as e veci\u00f1os\u00a0que manifestan que,\u00a0como a maior\u00eda da poboaci\u00f3n de Gondomar que disp\u00f3n de conexi\u00f3n a Internet,\u00a0est\u00e1n a pagar por un servizo que non reciben da empresa coa que o te\u00f1en contratado\",\"breadcrumb\":{\"@id\":\"https:\\\/\\\/www.anovapeneira.gal\\\/index.php\\\/2021\\\/12\\\/20\\\/presentacion-reclamacions-direccion-xeral-de-comercio-e-consumo\\\/#breadcrumb\"},\"inLanguage\":\"gl-ES\",\"potentialAction\":[{\"@type\":\"ReadAction\",\"target\":[\"https:\\\/\\\/www.anovapeneira.gal\\\/index.php\\\/2021\\\/12\\\/20\\\/presentacion-reclamacions-direccion-xeral-de-comercio-e-consumo\\\/\"]}]},{\"@type\":\"ImageObject\",\"inLanguage\":\"gl-ES\",\"@id\":\"https:\\\/\\\/www.anovapeneira.gal\\\/index.php\\\/2021\\\/12\\\/20\\\/presentacion-reclamacions-direccion-xeral-de-comercio-e-consumo\\\/#primaryimage\",\"url\":\"https:\\\/\\\/www.anovapeneira.gal\\\/wp-content\\\/uploads\\\/2021\\\/12\\\/reclamacion_comercio_gondomar.jpg\",\"contentUrl\":\"https:\\\/\\\/www.anovapeneira.gal\\\/wp-content\\\/uploads\\\/2021\\\/12\\\/reclamacion_comercio_gondomar.jpg\",\"width\":720,\"height\":432,\"caption\":\"Presentaci\u00f3n reclamaci\u00f3ns direcci\u00f3n xeral de comercio e consumo\"},{\"@type\":\"BreadcrumbList\",\"@id\":\"https:\\\/\\\/www.anovapeneira.gal\\\/index.php\\\/2021\\\/12\\\/20\\\/presentacion-reclamacions-direccion-xeral-de-comercio-e-consumo\\\/#breadcrumb\",\"itemListElement\":[{\"@type\":\"ListItem\",\"position\":1,\"name\":\"Portada\",\"item\":\"https:\\\/\\\/www.anovapeneira.gal\\\/\"},{\"@type\":\"ListItem\",\"position\":2,\"name\":\"Presentaci\u00f3n reclamaci\u00f3ns direcci\u00f3n xeral de comercio e consumo\"}]},{\"@type\":\"WebSite\",\"@id\":\"https:\\\/\\\/www.anovapeneira.gal\\\/#website\",\"url\":\"https:\\\/\\\/www.anovapeneira.gal\\\/\",\"name\":\"\",\"description\":\"Xornal galego de informaci\u00f3n xeral Publicaci\u00f3n mensual de novas de Galicia e en especial dos Concellos da sur da provincia de Pontevedra.\",\"publisher\":{\"@id\":\"https:\\\/\\\/www.anovapeneira.gal\\\/#organization\"},\"potentialAction\":[{\"@type\":\"SearchAction\",\"target\":{\"@type\":\"EntryPoint\",\"urlTemplate\":\"https:\\\/\\\/www.anovapeneira.gal\\\/?s={search_term_string}\"},\"query-input\":{\"@type\":\"PropertyValueSpecification\",\"valueRequired\":true,\"valueName\":\"search_term_string\"}}],\"inLanguage\":\"gl-ES\"},{\"@type\":\"Organization\",\"@id\":\"https:\\\/\\\/www.anovapeneira.gal\\\/#organization\",\"name\":\"A Nova Peneira\",\"url\":\"https:\\\/\\\/www.anovapeneira.gal\\\/\",\"logo\":{\"@type\":\"ImageObject\",\"inLanguage\":\"gl-ES\",\"@id\":\"https:\\\/\\\/www.anovapeneira.gal\\\/#\\\/schema\\\/logo\\\/image\\\/\",\"url\":\"http:\\\/\\\/www.anovapeneira.gal\\\/wp-content\\\/uploads\\\/2019\\\/06\\\/logo_a_nova_peneira_portal_web.png\",\"contentUrl\":\"http:\\\/\\\/www.anovapeneira.gal\\\/wp-content\\\/uploads\\\/2019\\\/06\\\/logo_a_nova_peneira_portal_web.png\",\"width\":300,\"height\":100,\"caption\":\"A Nova Peneira\"},\"image\":{\"@id\":\"https:\\\/\\\/www.anovapeneira.gal\\\/#\\\/schema\\\/logo\\\/image\\\/\"},\"sameAs\":[\"https:\\\/\\\/www.facebook.com\\\/anovapeneira\",\"https:\\\/\\\/x.com\\\/APeneira\"]},{\"@type\":\"Person\",\"@id\":\"https:\\\/\\\/www.anovapeneira.gal\\\/#\\\/schema\\\/person\\\/b93e3f8932e3f8da96334607eb6ac6aa\",\"name\":\"Redacci\u00f3n A Nova Peneira\",\"image\":{\"@type\":\"ImageObject\",\"inLanguage\":\"gl-ES\",\"@id\":\"https:\\\/\\\/secure.gravatar.com\\\/avatar\\\/c052a2551a06e23fac63626232eaa90abd78dbcf1700fc46a2b2c89fd27b735f?s=96&d=mm&r=g\",\"url\":\"https:\\\/\\\/secure.gravatar.com\\\/avatar\\\/c052a2551a06e23fac63626232eaa90abd78dbcf1700fc46a2b2c89fd27b735f?s=96&d=mm&r=g\",\"contentUrl\":\"https:\\\/\\\/secure.gravatar.com\\\/avatar\\\/c052a2551a06e23fac63626232eaa90abd78dbcf1700fc46a2b2c89fd27b735f?s=96&d=mm&r=g\",\"caption\":\"Redacci\u00f3n A Nova Peneira\"},\"sameAs\":[\"http:\\\/\\\/www.anovapeneira.gal\\\/\"],\"url\":\"https:\\\/\\\/www.anovapeneira.gal\\\/index.php\\\/author\\\/redactor\\\/\"}]}<\/script>\n<!-- \/ Yoast SEO plugin. -->","yoast_head_json":{"title":"Presentaci\u00f3n reclamaci\u00f3ns direcci\u00f3n xeral de comercio e consumo -","description":"No d\u00eda de hoxe, 10 de decembro de 2021, a Plataforma Gondomar, Fibra Xa! ven de presentar na delegaci\u00f3n da Xunta en Vigo unha primeira entrega de 308 reclamaci\u00f3ns de veci\u00f1as e veci\u00f1os\u00a0que manifestan que,\u00a0como a maior\u00eda da poboaci\u00f3n de Gondomar que disp\u00f3n de conexi\u00f3n a Internet,\u00a0est\u00e1n a pagar por un servizo que non reciben da empresa coa que o te\u00f1en contratado","robots":{"index":"index","follow":"follow","max-snippet":"max-snippet:-1","max-image-preview":"max-image-preview:large","max-video-preview":"max-video-preview:-1"},"canonical":"https:\/\/www.anovapeneira.gal\/index.php\/2021\/12\/20\/presentacion-reclamacions-direccion-xeral-de-comercio-e-consumo\/","og_locale":"gl_ES","og_type":"article","og_title":"Presentaci\u00f3n reclamaci\u00f3ns direcci\u00f3n xeral de comercio e consumo -","og_description":"No d\u00eda de hoxe, 10 de decembro de 2021, a Plataforma Gondomar, Fibra Xa! ven de presentar na delegaci\u00f3n da Xunta en Vigo unha primeira entrega de 308 reclamaci\u00f3ns de veci\u00f1as e veci\u00f1os\u00a0que manifestan que,\u00a0como a maior\u00eda da poboaci\u00f3n de Gondomar que disp\u00f3n de conexi\u00f3n a Internet,\u00a0est\u00e1n a pagar por un servizo que non reciben da empresa coa que o te\u00f1en contratado","og_url":"https:\/\/www.anovapeneira.gal\/index.php\/2021\/12\/20\/presentacion-reclamacions-direccion-xeral-de-comercio-e-consumo\/","article_publisher":"https:\/\/www.facebook.com\/anovapeneira","article_published_time":"2021-12-20T11:00:55+00:00","og_image":[{"width":720,"height":432,"url":"https:\/\/www.anovapeneira.gal\/wp-content\/uploads\/2021\/12\/reclamacion_comercio_gondomar.jpg","type":"image\/jpeg"}],"author":"Redacci\u00f3n A Nova Peneira","twitter_card":"summary_large_image","twitter_creator":"@APeneira","twitter_site":"@APeneira","twitter_misc":{"Escrito por":"Redacci\u00f3n A Nova Peneira","Tempo de lectura":"2 minutos"},"schema":{"@context":"https:\/\/schema.org","@graph":[{"@type":"Article","@id":"https:\/\/www.anovapeneira.gal\/index.php\/2021\/12\/20\/presentacion-reclamacions-direccion-xeral-de-comercio-e-consumo\/#article","isPartOf":{"@id":"https:\/\/www.anovapeneira.gal\/index.php\/2021\/12\/20\/presentacion-reclamacions-direccion-xeral-de-comercio-e-consumo\/"},"author":{"name":"Redacci\u00f3n A Nova Peneira","@id":"https:\/\/www.anovapeneira.gal\/#\/schema\/person\/b93e3f8932e3f8da96334607eb6ac6aa"},"headline":"Presentaci\u00f3n reclamaci\u00f3ns direcci\u00f3n xeral de comercio e consumo","datePublished":"2021-12-20T11:00:55+00:00","mainEntityOfPage":{"@id":"https:\/\/www.anovapeneira.gal\/index.php\/2021\/12\/20\/presentacion-reclamacions-direccion-xeral-de-comercio-e-consumo\/"},"wordCount":404,"commentCount":0,"publisher":{"@id":"https:\/\/www.anovapeneira.gal\/#organization"},"image":{"@id":"https:\/\/www.anovapeneira.gal\/index.php\/2021\/12\/20\/presentacion-reclamacions-direccion-xeral-de-comercio-e-consumo\/#primaryimage"},"thumbnailUrl":"https:\/\/www.anovapeneira.gal\/wp-content\/uploads\/2021\/12\/reclamacion_comercio_gondomar.jpg","keywords":["Concello de Gondomar"],"articleSection":["Val Mi\u00f1or"],"inLanguage":"gl-ES","potentialAction":[{"@type":"CommentAction","name":"Comment","target":["https:\/\/www.anovapeneira.gal\/index.php\/2021\/12\/20\/presentacion-reclamacions-direccion-xeral-de-comercio-e-consumo\/#respond"]}]},{"@type":"WebPage","@id":"https:\/\/www.anovapeneira.gal\/index.php\/2021\/12\/20\/presentacion-reclamacions-direccion-xeral-de-comercio-e-consumo\/","url":"https:\/\/www.anovapeneira.gal\/index.php\/2021\/12\/20\/presentacion-reclamacions-direccion-xeral-de-comercio-e-consumo\/","name":"Presentaci\u00f3n reclamaci\u00f3ns direcci\u00f3n xeral de comercio e consumo -","isPartOf":{"@id":"https:\/\/www.anovapeneira.gal\/#website"},"primaryImageOfPage":{"@id":"https:\/\/www.anovapeneira.gal\/index.php\/2021\/12\/20\/presentacion-reclamacions-direccion-xeral-de-comercio-e-consumo\/#primaryimage"},"image":{"@id":"https:\/\/www.anovapeneira.gal\/index.php\/2021\/12\/20\/presentacion-reclamacions-direccion-xeral-de-comercio-e-consumo\/#primaryimage"},"thumbnailUrl":"https:\/\/www.anovapeneira.gal\/wp-content\/uploads\/2021\/12\/reclamacion_comercio_gondomar.jpg","datePublished":"2021-12-20T11:00:55+00:00","description":"No d\u00eda de hoxe, 10 de decembro de 2021, a Plataforma Gondomar, Fibra Xa! ven de presentar na delegaci\u00f3n da Xunta en Vigo unha primeira entrega de 308 reclamaci\u00f3ns de veci\u00f1as e veci\u00f1os\u00a0que manifestan que,\u00a0como a maior\u00eda da poboaci\u00f3n de Gondomar que disp\u00f3n de conexi\u00f3n a Internet,\u00a0est\u00e1n a pagar por un servizo que non reciben da empresa coa que o te\u00f1en contratado","breadcrumb":{"@id":"https:\/\/www.anovapeneira.gal\/index.php\/2021\/12\/20\/presentacion-reclamacions-direccion-xeral-de-comercio-e-consumo\/#breadcrumb"},"inLanguage":"gl-ES","potentialAction":[{"@type":"ReadAction","target":["https:\/\/www.anovapeneira.gal\/index.php\/2021\/12\/20\/presentacion-reclamacions-direccion-xeral-de-comercio-e-consumo\/"]}]},{"@type":"ImageObject","inLanguage":"gl-ES","@id":"https:\/\/www.anovapeneira.gal\/index.php\/2021\/12\/20\/presentacion-reclamacions-direccion-xeral-de-comercio-e-consumo\/#primaryimage","url":"https:\/\/www.anovapeneira.gal\/wp-content\/uploads\/2021\/12\/reclamacion_comercio_gondomar.jpg","contentUrl":"https:\/\/www.anovapeneira.gal\/wp-content\/uploads\/2021\/12\/reclamacion_comercio_gondomar.jpg","width":720,"height":432,"caption":"Presentaci\u00f3n reclamaci\u00f3ns direcci\u00f3n xeral de comercio e consumo"},{"@type":"BreadcrumbList","@id":"https:\/\/www.anovapeneira.gal\/index.php\/2021\/12\/20\/presentacion-reclamacions-direccion-xeral-de-comercio-e-consumo\/#breadcrumb","itemListElement":[{"@type":"ListItem","position":1,"name":"Portada","item":"https:\/\/www.anovapeneira.gal\/"},{"@type":"ListItem","position":2,"name":"Presentaci\u00f3n reclamaci\u00f3ns direcci\u00f3n xeral de comercio e consumo"}]},{"@type":"WebSite","@id":"https:\/\/www.anovapeneira.gal\/#website","url":"https:\/\/www.anovapeneira.gal\/","name":"","description":"Xornal galego de informaci\u00f3n xeral Publicaci\u00f3n mensual de novas de Galicia e en especial dos Concellos da sur da provincia de Pontevedra.","publisher":{"@id":"https:\/\/www.anovapeneira.gal\/#organization"},"potentialAction":[{"@type":"SearchAction","target":{"@type":"EntryPoint","urlTemplate":"https:\/\/www.anovapeneira.gal\/?s={search_term_string}"},"query-input":{"@type":"PropertyValueSpecification","valueRequired":true,"valueName":"search_term_string"}}],"inLanguage":"gl-ES"},{"@type":"Organization","@id":"https:\/\/www.anovapeneira.gal\/#organization","name":"A Nova Peneira","url":"https:\/\/www.anovapeneira.gal\/","logo":{"@type":"ImageObject","inLanguage":"gl-ES","@id":"https:\/\/www.anovapeneira.gal\/#\/schema\/logo\/image\/","url":"http:\/\/www.anovapeneira.gal\/wp-content\/uploads\/2019\/06\/logo_a_nova_peneira_portal_web.png","contentUrl":"http:\/\/www.anovapeneira.gal\/wp-content\/uploads\/2019\/06\/logo_a_nova_peneira_portal_web.png","width":300,"height":100,"caption":"A Nova Peneira"},"image":{"@id":"https:\/\/www.anovapeneira.gal\/#\/schema\/logo\/image\/"},"sameAs":["https:\/\/www.facebook.com\/anovapeneira","https:\/\/x.com\/APeneira"]},{"@type":"Person","@id":"https:\/\/www.anovapeneira.gal\/#\/schema\/person\/b93e3f8932e3f8da96334607eb6ac6aa","name":"Redacci\u00f3n A Nova Peneira","image":{"@type":"ImageObject","inLanguage":"gl-ES","@id":"https:\/\/secure.gravatar.com\/avatar\/c052a2551a06e23fac63626232eaa90abd78dbcf1700fc46a2b2c89fd27b735f?s=96&d=mm&r=g","url":"https:\/\/secure.gravatar.com\/avatar\/c052a2551a06e23fac63626232eaa90abd78dbcf1700fc46a2b2c89fd27b735f?s=96&d=mm&r=g","contentUrl":"https:\/\/secure.gravatar.com\/avatar\/c052a2551a06e23fac63626232eaa90abd78dbcf1700fc46a2b2c89fd27b735f?s=96&d=mm&r=g","caption":"Redacci\u00f3n A Nova Peneira"},"sameAs":["http:\/\/www.anovapeneira.gal\/"],"url":"https:\/\/www.anovapeneira.gal\/index.php\/author\/redactor\/"}]}},"jetpack_featured_media_url":"https:\/\/www.anovapeneira.gal\/wp-content\/uploads\/2021\/12\/reclamacion_comercio_gondomar.jpg","_links":{"self":[{"href":"https:\/\/www.anovapeneira.gal\/index.php\/wp-json\/wp\/v2\/posts\/6624","targetHints":{"allow":["GET"]}}],"collection":[{"href":"https:\/\/www.anovapeneira.gal\/index.php\/wp-json\/wp\/v2\/posts"}],"about":[{"href":"https:\/\/www.anovapeneira.gal\/index.php\/wp-json\/wp\/v2\/types\/post"}],"author":[{"embeddable":true,"href":"https:\/\/www.anovapeneira.gal\/index.php\/wp-json\/wp\/v2\/users\/3"}],"replies":[{"embeddable":true,"href":"https:\/\/www.anovapeneira.gal\/index.php\/wp-json\/wp\/v2\/comments?post=6624"}],"version-history":[{"count":2,"href":"https:\/\/www.anovapeneira.gal\/index.php\/wp-json\/wp\/v2\/posts\/6624\/revisions"}],"predecessor-version":[{"id":6626,"href":"https:\/\/www.anovapeneira.gal\/index.php\/wp-json\/wp\/v2\/posts\/6624\/revisions\/6626"}],"wp:featuredmedia":[{"embeddable":true,"href":"https:\/\/www.anovapeneira.gal\/index.php\/wp-json\/wp\/v2\/media\/6627"}],"wp:attachment":[{"href":"https:\/\/www.anovapeneira.gal\/index.php\/wp-json\/wp\/v2\/media?parent=6624"}],"wp:term":[{"taxonomy":"category","embeddable":true,"href":"https:\/\/www.anovapeneira.gal\/index.php\/wp-json\/wp\/v2\/categories?post=6624"},{"taxonomy":"post_tag","embeddable":true,"href":"https:\/\/www.anovapeneira.gal\/index.php\/wp-json\/wp\/v2\/tags?post=6624"}],"curies":[{"name":"wp","href":"https:\/\/api.w.org\/{rel}","templated":true}]}}