{"id":6628,"date":"2021-12-21T10:00:00","date_gmt":"2021-12-21T09:00:00","guid":{"rendered":"https:\/\/www.anovapeneira.gal\/?p=6628"},"modified":"2021-12-16T09:38:22","modified_gmt":"2021-12-16T08:38:22","slug":"xa-estamos-no-nadal","status":"publish","type":"post","link":"https:\/\/www.anovapeneira.gal\/index.php\/2021\/12\/21\/xa-estamos-no-nadal\/","title":{"rendered":"Xa estamos no Nadal"},"content":{"rendered":"\n<pre class=\"wp-block-verse\">Manuel Alfonso Est\u00e9vez.<\/pre>\n\n\n\n<p>Dende o meu recuncho de Vigo, cidade vestida con toda a luz do Nadal, as r\u00faas cheas de alegr\u00eda infantil, m\u00fasica e gran atracci\u00f3n tur\u00edstica, alimentada pola mais fermosa cidade de Galicia, l\u00e9vame a lembrar aqueles tempos de rapaz, do eido do Casco, en Fornelos da Ribeira, e a Igrexa de San Xo\u00e1n, coa misa<strong>&nbsp;en tempos de paz<\/strong>, pero cheos de fame e miseria, baixo a ditadura franquista.<\/p>\n\n\n\n<p>Hoxe, felizmente as voces dos coros enchen as igrexas de canci\u00f3ns coa alegr\u00eda das camp\u00e1s, pastores, vilancicos, etc&#8230; que predican alegr\u00eda e os mellores sentimentos. Algo parecido, como&nbsp;<strong>A Nova peneira<\/strong>, \u00a1A Nosa Peneira! Que tanta admiraci\u00f3n ten no noso entorno.<\/p>\n\n\n\n<p>Para min, resulta complicado establecer o lugar e a data de tan entra\u00f1able festa do Nadal. Si mal non me lembro, foi no s\u00e9culo V ata o s\u00e9culo XX, como tradici\u00f3n vincular o inverno, pero en cal quer caso, foi Toledo, dando fe dun vello pasado de convivencia e tolerancia,o verdadeiro esp\u00edrito do Nadal.<\/p>\n\n\n\n<p>\u00a1Que queredes! Tiven a sorte de encontrarme con&nbsp;<strong>Sibila<\/strong>, da mitolox\u00eda cl\u00e1sica que vaticinaba o fin do mundo e \u00a1Xa vedes! Estamos agora coa tormenta do Sol e o &#8220;apag\u00f3n mundial&#8221;, e me pregunto: Si non correr\u00e1 a cargo dalg\u00fan rapaz, vestido con t\u00fanica branca, cantando estrofas sobre o Xu\u00edzo Final, que se perdera na noite dos tempos, e que cada ano preced\u00eda a&nbsp;<strong>Misa do Galo.<\/strong>&nbsp;Quen non se lembra de&nbsp;<strong>Mi burrito sabanero<\/strong>,ou<strong>&nbsp;El Tamborilero<\/strong>, por exemplo.<\/p>\n\n\n\n<p>Fora da liturxia relixiosa, \u00a1Quen non se lembra dos vilancicos cantados na mi\u00f1a aldea de Fornelos da Ribeira, de porta en porta, a cambio dunha pequena esmola! O que hoxe se lle chama &#8220;aguinaldo&#8221;. \u00a1Que tempos pasados!<\/p>\n\n\n\n<p>Analizando a evoluci\u00f3n que mantivo a costume cristi\u00e1 do Nadal, de feito, representaba a evoluci\u00f3n da poes\u00eda o longo da historia. Por iso, se lle chama vilancico ou canto do Nadal, sendo&nbsp;<strong>carol<\/strong>, en ingl\u00e9s;<strong>&nbsp;no\u00ebl<\/strong>, en franc\u00e9s,&nbsp;<strong>laude<\/strong>, en italiano, e<strong>&nbsp;weihnachtslied<\/strong>, en alem\u00e1n e<strong>&nbsp;vilancete<\/strong>, en portugu\u00e9s.<\/p>\n\n\n\n<p>Espero que este ano, o Nadal entre en t\u00f3dolos eidos do mundo, asi como&nbsp;<strong>A Nova Peneira<\/strong>, en t\u00f3dolos fogares, que \u00e9 un canto a bondade na defensa da igualdade social, ante o espello da miseria, animando a todos a ser mellores persoas, pensando nos demais fuxindo dos fantasmas do ego\u00edsmo para que a sociedade sexa feliz.<\/p>\n\n\n\n<p>Felicito&nbsp;<strong>A Nova Peneira&nbsp;<\/strong>e o xornal do&nbsp;<strong>Eixo Atl\u00e1ntico<\/strong>, pola visi\u00f3n cr\u00edtica da realidade, e a complexidade psicol\u00f3xica dos persoeiros, cantando o Nadal, 2.021, co prop\u00f3sito de que sexa o Nadal e a Noite de paz, de verdade, e sexa a noite de fe en pol\u00edtica tam\u00e9n. Ata o ano que ven.<\/p>\n","protected":false},"excerpt":{"rendered":"<div class=\"mh-excerpt\"><p>Dende o meu recuncho de Vigo, cidade vestida con toda a luz do Nadal, as r\u00faas cheas de alegr\u00eda infantil, m\u00fasica e gran atracci\u00f3n tur\u00edstica, alimentada pola mais fermosa cidade de Galicia, l\u00e9vame a lembrar aqueles tempos de rapaz, do eido do Casco, en Fornelos da Ribeira, e a Igrexa de San Xo\u00e1n, coa misa\u00a0en tempos de paz, pero cheos de fame e miseria, baixo a ditadura franquista <a class=\"mh-excerpt-more\" href=\"https:\/\/www.anovapeneira.gal\/index.php\/2021\/12\/21\/xa-estamos-no-nadal\/\" title=\"Xa estamos no Nadal\">[&#8230;]<\/a><\/p>\n<\/div>","protected":false},"author":40,"featured_media":5108,"comment_status":"open","ping_status":"open","sticky":false,"template":"","format":"standard","meta":{"_exactmetrics_skip_tracking":false,"_exactmetrics_sitenote_active":false,"_exactmetrics_sitenote_note":"","_exactmetrics_sitenote_category":0,"footnotes":""},"categories":[7],"tags":[],"class_list":{"0":"post-6628","1":"post","2":"type-post","3":"status-publish","4":"format-standard","5":"has-post-thumbnail","7":"category-artigos-de-opinion"},"yoast_head":"<!-- This site is optimized with the Yoast SEO plugin v27.4 - https:\/\/yoast.com\/product\/yoast-seo-wordpress\/ -->\n<title>Xa estamos no Nadal -<\/title>\n<meta name=\"description\" content=\"Dende o meu recuncho de Vigo, cidade vestida con toda a luz do Nadal, as r\u00faas cheas de alegr\u00eda infantil, m\u00fasica e gran atracci\u00f3n tur\u00edstica, alimentada pola mais fermosa cidade de Galicia, l\u00e9vame a lembrar aqueles tempos de rapaz, do eido do Casco, en Fornelos da Ribeira, e a Igrexa de San Xo\u00e1n, coa misa\u00a0en tempos de paz, pero cheos de fame e miseria, baixo a ditadura franquista\" \/>\n<meta name=\"robots\" content=\"index, follow, max-snippet:-1, max-image-preview:large, max-video-preview:-1\" \/>\n<link rel=\"canonical\" href=\"https:\/\/www.anovapeneira.gal\/index.php\/2021\/12\/21\/xa-estamos-no-nadal\/\" \/>\n<meta property=\"og:locale\" content=\"gl_ES\" \/>\n<meta property=\"og:type\" content=\"article\" \/>\n<meta property=\"og:title\" content=\"Xa estamos no Nadal -\" \/>\n<meta property=\"og:description\" content=\"Dende o meu recuncho de Vigo, cidade vestida con toda a luz do Nadal, as r\u00faas cheas de alegr\u00eda infantil, m\u00fasica e gran atracci\u00f3n tur\u00edstica, alimentada pola mais fermosa cidade de Galicia, l\u00e9vame a lembrar aqueles tempos de rapaz, do eido do Casco, en Fornelos da Ribeira, e a Igrexa de San Xo\u00e1n, coa misa\u00a0en tempos de paz, pero cheos de fame e miseria, baixo a ditadura franquista\" \/>\n<meta property=\"og:url\" content=\"https:\/\/www.anovapeneira.gal\/index.php\/2021\/12\/21\/xa-estamos-no-nadal\/\" \/>\n<meta property=\"article:publisher\" content=\"https:\/\/www.facebook.com\/anovapeneira\" \/>\n<meta property=\"article:published_time\" content=\"2021-12-21T09:00:00+00:00\" \/>\n<meta property=\"og:image\" content=\"https:\/\/www.anovapeneira.gal\/wp-content\/uploads\/2021\/03\/manuel_alfonso_estevez.jpg\" \/>\n\t<meta property=\"og:image:width\" content=\"720\" \/>\n\t<meta property=\"og:image:height\" content=\"432\" \/>\n\t<meta property=\"og:image:type\" content=\"image\/jpeg\" \/>\n<meta name=\"author\" content=\"Manuel Alfonso Est\u00e9vez\" \/>\n<meta name=\"twitter:card\" content=\"summary_large_image\" \/>\n<meta name=\"twitter:creator\" content=\"@APeneira\" \/>\n<meta name=\"twitter:site\" content=\"@APeneira\" \/>\n<meta name=\"twitter:label1\" content=\"Escrito por\" \/>\n\t<meta name=\"twitter:data1\" content=\"Manuel Alfonso Est\u00e9vez\" \/>\n\t<meta name=\"twitter:label2\" content=\"Tempo de lectura\" \/>\n\t<meta name=\"twitter:data2\" content=\"2 minutos\" \/>\n<script type=\"application\/ld+json\" class=\"yoast-schema-graph\">{\"@context\":\"https:\\\/\\\/schema.org\",\"@graph\":[{\"@type\":\"Article\",\"@id\":\"https:\\\/\\\/www.anovapeneira.gal\\\/index.php\\\/2021\\\/12\\\/21\\\/xa-estamos-no-nadal\\\/#article\",\"isPartOf\":{\"@id\":\"https:\\\/\\\/www.anovapeneira.gal\\\/index.php\\\/2021\\\/12\\\/21\\\/xa-estamos-no-nadal\\\/\"},\"author\":{\"name\":\"Manuel Alfonso Est\u00e9vez\",\"@id\":\"https:\\\/\\\/www.anovapeneira.gal\\\/#\\\/schema\\\/person\\\/6561b93d53e7a32f5d814768163bae2a\"},\"headline\":\"Xa estamos no Nadal\",\"datePublished\":\"2021-12-21T09:00:00+00:00\",\"mainEntityOfPage\":{\"@id\":\"https:\\\/\\\/www.anovapeneira.gal\\\/index.php\\\/2021\\\/12\\\/21\\\/xa-estamos-no-nadal\\\/\"},\"wordCount\":502,\"commentCount\":0,\"publisher\":{\"@id\":\"https:\\\/\\\/www.anovapeneira.gal\\\/#organization\"},\"image\":{\"@id\":\"https:\\\/\\\/www.anovapeneira.gal\\\/index.php\\\/2021\\\/12\\\/21\\\/xa-estamos-no-nadal\\\/#primaryimage\"},\"thumbnailUrl\":\"https:\\\/\\\/www.anovapeneira.gal\\\/wp-content\\\/uploads\\\/2021\\\/03\\\/manuel_alfonso_estevez.jpg\",\"articleSection\":[\"Artigos de opini\u00f3n\"],\"inLanguage\":\"gl-ES\",\"potentialAction\":[{\"@type\":\"CommentAction\",\"name\":\"Comment\",\"target\":[\"https:\\\/\\\/www.anovapeneira.gal\\\/index.php\\\/2021\\\/12\\\/21\\\/xa-estamos-no-nadal\\\/#respond\"]}]},{\"@type\":\"WebPage\",\"@id\":\"https:\\\/\\\/www.anovapeneira.gal\\\/index.php\\\/2021\\\/12\\\/21\\\/xa-estamos-no-nadal\\\/\",\"url\":\"https:\\\/\\\/www.anovapeneira.gal\\\/index.php\\\/2021\\\/12\\\/21\\\/xa-estamos-no-nadal\\\/\",\"name\":\"Xa estamos no Nadal -\",\"isPartOf\":{\"@id\":\"https:\\\/\\\/www.anovapeneira.gal\\\/#website\"},\"primaryImageOfPage\":{\"@id\":\"https:\\\/\\\/www.anovapeneira.gal\\\/index.php\\\/2021\\\/12\\\/21\\\/xa-estamos-no-nadal\\\/#primaryimage\"},\"image\":{\"@id\":\"https:\\\/\\\/www.anovapeneira.gal\\\/index.php\\\/2021\\\/12\\\/21\\\/xa-estamos-no-nadal\\\/#primaryimage\"},\"thumbnailUrl\":\"https:\\\/\\\/www.anovapeneira.gal\\\/wp-content\\\/uploads\\\/2021\\\/03\\\/manuel_alfonso_estevez.jpg\",\"datePublished\":\"2021-12-21T09:00:00+00:00\",\"description\":\"Dende o meu recuncho de Vigo, cidade vestida con toda a luz do Nadal, as r\u00faas cheas de alegr\u00eda infantil, m\u00fasica e gran atracci\u00f3n tur\u00edstica, alimentada pola mais fermosa cidade de Galicia, l\u00e9vame a lembrar aqueles tempos de rapaz, do eido do Casco, en Fornelos da Ribeira, e a Igrexa de San Xo\u00e1n, coa misa\u00a0en tempos de paz, pero cheos de fame e miseria, baixo a ditadura franquista\",\"breadcrumb\":{\"@id\":\"https:\\\/\\\/www.anovapeneira.gal\\\/index.php\\\/2021\\\/12\\\/21\\\/xa-estamos-no-nadal\\\/#breadcrumb\"},\"inLanguage\":\"gl-ES\",\"potentialAction\":[{\"@type\":\"ReadAction\",\"target\":[\"https:\\\/\\\/www.anovapeneira.gal\\\/index.php\\\/2021\\\/12\\\/21\\\/xa-estamos-no-nadal\\\/\"]}]},{\"@type\":\"ImageObject\",\"inLanguage\":\"gl-ES\",\"@id\":\"https:\\\/\\\/www.anovapeneira.gal\\\/index.php\\\/2021\\\/12\\\/21\\\/xa-estamos-no-nadal\\\/#primaryimage\",\"url\":\"https:\\\/\\\/www.anovapeneira.gal\\\/wp-content\\\/uploads\\\/2021\\\/03\\\/manuel_alfonso_estevez.jpg\",\"contentUrl\":\"https:\\\/\\\/www.anovapeneira.gal\\\/wp-content\\\/uploads\\\/2021\\\/03\\\/manuel_alfonso_estevez.jpg\",\"width\":720,\"height\":432,\"caption\":\"Manuel Alfonso Est\u00e9vez. Historia viva de Fornelos da Ribeira\"},{\"@type\":\"BreadcrumbList\",\"@id\":\"https:\\\/\\\/www.anovapeneira.gal\\\/index.php\\\/2021\\\/12\\\/21\\\/xa-estamos-no-nadal\\\/#breadcrumb\",\"itemListElement\":[{\"@type\":\"ListItem\",\"position\":1,\"name\":\"Portada\",\"item\":\"https:\\\/\\\/www.anovapeneira.gal\\\/\"},{\"@type\":\"ListItem\",\"position\":2,\"name\":\"Xa estamos no Nadal\"}]},{\"@type\":\"WebSite\",\"@id\":\"https:\\\/\\\/www.anovapeneira.gal\\\/#website\",\"url\":\"https:\\\/\\\/www.anovapeneira.gal\\\/\",\"name\":\"\",\"description\":\"Xornal galego de informaci\u00f3n xeral Publicaci\u00f3n mensual de novas de Galicia e en especial dos Concellos da sur da provincia de Pontevedra.\",\"publisher\":{\"@id\":\"https:\\\/\\\/www.anovapeneira.gal\\\/#organization\"},\"potentialAction\":[{\"@type\":\"SearchAction\",\"target\":{\"@type\":\"EntryPoint\",\"urlTemplate\":\"https:\\\/\\\/www.anovapeneira.gal\\\/?s={search_term_string}\"},\"query-input\":{\"@type\":\"PropertyValueSpecification\",\"valueRequired\":true,\"valueName\":\"search_term_string\"}}],\"inLanguage\":\"gl-ES\"},{\"@type\":\"Organization\",\"@id\":\"https:\\\/\\\/www.anovapeneira.gal\\\/#organization\",\"name\":\"A Nova Peneira\",\"url\":\"https:\\\/\\\/www.anovapeneira.gal\\\/\",\"logo\":{\"@type\":\"ImageObject\",\"inLanguage\":\"gl-ES\",\"@id\":\"https:\\\/\\\/www.anovapeneira.gal\\\/#\\\/schema\\\/logo\\\/image\\\/\",\"url\":\"http:\\\/\\\/www.anovapeneira.gal\\\/wp-content\\\/uploads\\\/2019\\\/06\\\/logo_a_nova_peneira_portal_web.png\",\"contentUrl\":\"http:\\\/\\\/www.anovapeneira.gal\\\/wp-content\\\/uploads\\\/2019\\\/06\\\/logo_a_nova_peneira_portal_web.png\",\"width\":300,\"height\":100,\"caption\":\"A Nova Peneira\"},\"image\":{\"@id\":\"https:\\\/\\\/www.anovapeneira.gal\\\/#\\\/schema\\\/logo\\\/image\\\/\"},\"sameAs\":[\"https:\\\/\\\/www.facebook.com\\\/anovapeneira\",\"https:\\\/\\\/x.com\\\/APeneira\"]},{\"@type\":\"Person\",\"@id\":\"https:\\\/\\\/www.anovapeneira.gal\\\/#\\\/schema\\\/person\\\/6561b93d53e7a32f5d814768163bae2a\",\"name\":\"Manuel Alfonso Est\u00e9vez\",\"image\":{\"@type\":\"ImageObject\",\"inLanguage\":\"gl-ES\",\"@id\":\"https:\\\/\\\/secure.gravatar.com\\\/avatar\\\/f5d3e86603a02dabc520fdacad8691552cb5b3b57ede8828ababc7095c054594?s=96&d=mm&r=g\",\"url\":\"https:\\\/\\\/secure.gravatar.com\\\/avatar\\\/f5d3e86603a02dabc520fdacad8691552cb5b3b57ede8828ababc7095c054594?s=96&d=mm&r=g\",\"contentUrl\":\"https:\\\/\\\/secure.gravatar.com\\\/avatar\\\/f5d3e86603a02dabc520fdacad8691552cb5b3b57ede8828ababc7095c054594?s=96&d=mm&r=g\",\"caption\":\"Manuel Alfonso Est\u00e9vez\"},\"url\":\"https:\\\/\\\/www.anovapeneira.gal\\\/index.php\\\/author\\\/manuelalfonso\\\/\"}]}<\/script>\n<!-- \/ Yoast SEO plugin. -->","yoast_head_json":{"title":"Xa estamos no Nadal -","description":"Dende o meu recuncho de Vigo, cidade vestida con toda a luz do Nadal, as r\u00faas cheas de alegr\u00eda infantil, m\u00fasica e gran atracci\u00f3n tur\u00edstica, alimentada pola mais fermosa cidade de Galicia, l\u00e9vame a lembrar aqueles tempos de rapaz, do eido do Casco, en Fornelos da Ribeira, e a Igrexa de San Xo\u00e1n, coa misa\u00a0en tempos de paz, pero cheos de fame e miseria, baixo a ditadura franquista","robots":{"index":"index","follow":"follow","max-snippet":"max-snippet:-1","max-image-preview":"max-image-preview:large","max-video-preview":"max-video-preview:-1"},"canonical":"https:\/\/www.anovapeneira.gal\/index.php\/2021\/12\/21\/xa-estamos-no-nadal\/","og_locale":"gl_ES","og_type":"article","og_title":"Xa estamos no Nadal -","og_description":"Dende o meu recuncho de Vigo, cidade vestida con toda a luz do Nadal, as r\u00faas cheas de alegr\u00eda infantil, m\u00fasica e gran atracci\u00f3n tur\u00edstica, alimentada pola mais fermosa cidade de Galicia, l\u00e9vame a lembrar aqueles tempos de rapaz, do eido do Casco, en Fornelos da Ribeira, e a Igrexa de San Xo\u00e1n, coa misa\u00a0en tempos de paz, pero cheos de fame e miseria, baixo a ditadura franquista","og_url":"https:\/\/www.anovapeneira.gal\/index.php\/2021\/12\/21\/xa-estamos-no-nadal\/","article_publisher":"https:\/\/www.facebook.com\/anovapeneira","article_published_time":"2021-12-21T09:00:00+00:00","og_image":[{"width":720,"height":432,"url":"https:\/\/www.anovapeneira.gal\/wp-content\/uploads\/2021\/03\/manuel_alfonso_estevez.jpg","type":"image\/jpeg"}],"author":"Manuel Alfonso Est\u00e9vez","twitter_card":"summary_large_image","twitter_creator":"@APeneira","twitter_site":"@APeneira","twitter_misc":{"Escrito por":"Manuel Alfonso Est\u00e9vez","Tempo de lectura":"2 minutos"},"schema":{"@context":"https:\/\/schema.org","@graph":[{"@type":"Article","@id":"https:\/\/www.anovapeneira.gal\/index.php\/2021\/12\/21\/xa-estamos-no-nadal\/#article","isPartOf":{"@id":"https:\/\/www.anovapeneira.gal\/index.php\/2021\/12\/21\/xa-estamos-no-nadal\/"},"author":{"name":"Manuel Alfonso Est\u00e9vez","@id":"https:\/\/www.anovapeneira.gal\/#\/schema\/person\/6561b93d53e7a32f5d814768163bae2a"},"headline":"Xa estamos no Nadal","datePublished":"2021-12-21T09:00:00+00:00","mainEntityOfPage":{"@id":"https:\/\/www.anovapeneira.gal\/index.php\/2021\/12\/21\/xa-estamos-no-nadal\/"},"wordCount":502,"commentCount":0,"publisher":{"@id":"https:\/\/www.anovapeneira.gal\/#organization"},"image":{"@id":"https:\/\/www.anovapeneira.gal\/index.php\/2021\/12\/21\/xa-estamos-no-nadal\/#primaryimage"},"thumbnailUrl":"https:\/\/www.anovapeneira.gal\/wp-content\/uploads\/2021\/03\/manuel_alfonso_estevez.jpg","articleSection":["Artigos de opini\u00f3n"],"inLanguage":"gl-ES","potentialAction":[{"@type":"CommentAction","name":"Comment","target":["https:\/\/www.anovapeneira.gal\/index.php\/2021\/12\/21\/xa-estamos-no-nadal\/#respond"]}]},{"@type":"WebPage","@id":"https:\/\/www.anovapeneira.gal\/index.php\/2021\/12\/21\/xa-estamos-no-nadal\/","url":"https:\/\/www.anovapeneira.gal\/index.php\/2021\/12\/21\/xa-estamos-no-nadal\/","name":"Xa estamos no Nadal -","isPartOf":{"@id":"https:\/\/www.anovapeneira.gal\/#website"},"primaryImageOfPage":{"@id":"https:\/\/www.anovapeneira.gal\/index.php\/2021\/12\/21\/xa-estamos-no-nadal\/#primaryimage"},"image":{"@id":"https:\/\/www.anovapeneira.gal\/index.php\/2021\/12\/21\/xa-estamos-no-nadal\/#primaryimage"},"thumbnailUrl":"https:\/\/www.anovapeneira.gal\/wp-content\/uploads\/2021\/03\/manuel_alfonso_estevez.jpg","datePublished":"2021-12-21T09:00:00+00:00","description":"Dende o meu recuncho de Vigo, cidade vestida con toda a luz do Nadal, as r\u00faas cheas de alegr\u00eda infantil, m\u00fasica e gran atracci\u00f3n tur\u00edstica, alimentada pola mais fermosa cidade de Galicia, l\u00e9vame a lembrar aqueles tempos de rapaz, do eido do Casco, en Fornelos da Ribeira, e a Igrexa de San Xo\u00e1n, coa misa\u00a0en tempos de paz, pero cheos de fame e miseria, baixo a ditadura franquista","breadcrumb":{"@id":"https:\/\/www.anovapeneira.gal\/index.php\/2021\/12\/21\/xa-estamos-no-nadal\/#breadcrumb"},"inLanguage":"gl-ES","potentialAction":[{"@type":"ReadAction","target":["https:\/\/www.anovapeneira.gal\/index.php\/2021\/12\/21\/xa-estamos-no-nadal\/"]}]},{"@type":"ImageObject","inLanguage":"gl-ES","@id":"https:\/\/www.anovapeneira.gal\/index.php\/2021\/12\/21\/xa-estamos-no-nadal\/#primaryimage","url":"https:\/\/www.anovapeneira.gal\/wp-content\/uploads\/2021\/03\/manuel_alfonso_estevez.jpg","contentUrl":"https:\/\/www.anovapeneira.gal\/wp-content\/uploads\/2021\/03\/manuel_alfonso_estevez.jpg","width":720,"height":432,"caption":"Manuel Alfonso Est\u00e9vez. Historia viva de Fornelos da Ribeira"},{"@type":"BreadcrumbList","@id":"https:\/\/www.anovapeneira.gal\/index.php\/2021\/12\/21\/xa-estamos-no-nadal\/#breadcrumb","itemListElement":[{"@type":"ListItem","position":1,"name":"Portada","item":"https:\/\/www.anovapeneira.gal\/"},{"@type":"ListItem","position":2,"name":"Xa estamos no Nadal"}]},{"@type":"WebSite","@id":"https:\/\/www.anovapeneira.gal\/#website","url":"https:\/\/www.anovapeneira.gal\/","name":"","description":"Xornal galego de informaci\u00f3n xeral Publicaci\u00f3n mensual de novas de Galicia e en especial dos Concellos da sur da provincia de Pontevedra.","publisher":{"@id":"https:\/\/www.anovapeneira.gal\/#organization"},"potentialAction":[{"@type":"SearchAction","target":{"@type":"EntryPoint","urlTemplate":"https:\/\/www.anovapeneira.gal\/?s={search_term_string}"},"query-input":{"@type":"PropertyValueSpecification","valueRequired":true,"valueName":"search_term_string"}}],"inLanguage":"gl-ES"},{"@type":"Organization","@id":"https:\/\/www.anovapeneira.gal\/#organization","name":"A Nova Peneira","url":"https:\/\/www.anovapeneira.gal\/","logo":{"@type":"ImageObject","inLanguage":"gl-ES","@id":"https:\/\/www.anovapeneira.gal\/#\/schema\/logo\/image\/","url":"http:\/\/www.anovapeneira.gal\/wp-content\/uploads\/2019\/06\/logo_a_nova_peneira_portal_web.png","contentUrl":"http:\/\/www.anovapeneira.gal\/wp-content\/uploads\/2019\/06\/logo_a_nova_peneira_portal_web.png","width":300,"height":100,"caption":"A Nova Peneira"},"image":{"@id":"https:\/\/www.anovapeneira.gal\/#\/schema\/logo\/image\/"},"sameAs":["https:\/\/www.facebook.com\/anovapeneira","https:\/\/x.com\/APeneira"]},{"@type":"Person","@id":"https:\/\/www.anovapeneira.gal\/#\/schema\/person\/6561b93d53e7a32f5d814768163bae2a","name":"Manuel Alfonso Est\u00e9vez","image":{"@type":"ImageObject","inLanguage":"gl-ES","@id":"https:\/\/secure.gravatar.com\/avatar\/f5d3e86603a02dabc520fdacad8691552cb5b3b57ede8828ababc7095c054594?s=96&d=mm&r=g","url":"https:\/\/secure.gravatar.com\/avatar\/f5d3e86603a02dabc520fdacad8691552cb5b3b57ede8828ababc7095c054594?s=96&d=mm&r=g","contentUrl":"https:\/\/secure.gravatar.com\/avatar\/f5d3e86603a02dabc520fdacad8691552cb5b3b57ede8828ababc7095c054594?s=96&d=mm&r=g","caption":"Manuel Alfonso Est\u00e9vez"},"url":"https:\/\/www.anovapeneira.gal\/index.php\/author\/manuelalfonso\/"}]}},"jetpack_featured_media_url":"https:\/\/www.anovapeneira.gal\/wp-content\/uploads\/2021\/03\/manuel_alfonso_estevez.jpg","_links":{"self":[{"href":"https:\/\/www.anovapeneira.gal\/index.php\/wp-json\/wp\/v2\/posts\/6628","targetHints":{"allow":["GET"]}}],"collection":[{"href":"https:\/\/www.anovapeneira.gal\/index.php\/wp-json\/wp\/v2\/posts"}],"about":[{"href":"https:\/\/www.anovapeneira.gal\/index.php\/wp-json\/wp\/v2\/types\/post"}],"author":[{"embeddable":true,"href":"https:\/\/www.anovapeneira.gal\/index.php\/wp-json\/wp\/v2\/users\/40"}],"replies":[{"embeddable":true,"href":"https:\/\/www.anovapeneira.gal\/index.php\/wp-json\/wp\/v2\/comments?post=6628"}],"version-history":[{"count":2,"href":"https:\/\/www.anovapeneira.gal\/index.php\/wp-json\/wp\/v2\/posts\/6628\/revisions"}],"predecessor-version":[{"id":6630,"href":"https:\/\/www.anovapeneira.gal\/index.php\/wp-json\/wp\/v2\/posts\/6628\/revisions\/6630"}],"wp:featuredmedia":[{"embeddable":true,"href":"https:\/\/www.anovapeneira.gal\/index.php\/wp-json\/wp\/v2\/media\/5108"}],"wp:attachment":[{"href":"https:\/\/www.anovapeneira.gal\/index.php\/wp-json\/wp\/v2\/media?parent=6628"}],"wp:term":[{"taxonomy":"category","embeddable":true,"href":"https:\/\/www.anovapeneira.gal\/index.php\/wp-json\/wp\/v2\/categories?post=6628"},{"taxonomy":"post_tag","embeddable":true,"href":"https:\/\/www.anovapeneira.gal\/index.php\/wp-json\/wp\/v2\/tags?post=6628"}],"curies":[{"name":"wp","href":"https:\/\/api.w.org\/{rel}","templated":true}]}}