{"id":6631,"date":"2021-12-21T12:00:17","date_gmt":"2021-12-21T11:00:17","guid":{"rendered":"https:\/\/www.anovapeneira.gal\/?p=6631"},"modified":"2021-12-16T10:03:04","modified_gmt":"2021-12-16T09:03:04","slug":"podemos-esixe-a-xunta-que-o-servizo-de-rastrexo-covid-se-preste-desde-galicia-e-en-galego","status":"publish","type":"post","link":"https:\/\/www.anovapeneira.gal\/index.php\/2021\/12\/21\/podemos-esixe-a-xunta-que-o-servizo-de-rastrexo-covid-se-preste-desde-galicia-e-en-galego\/","title":{"rendered":"Podemos esixe \u00e1 Xunta que o servizo de rastrexo covid se preste desde Galicia e en galego"},"content":{"rendered":"\n<h2 class=\"wp-block-heading\">Vuln\u00e9ranse varios dereitos b\u00e1sicos ao redor do noso idioma e inc\u00famprese o propio prego de condici\u00f3ns que estipulou o Goberno de Feij\u00f3o para subcontratar \u00e1 empresa de rastrexo<\/h2>\n\n\n\n<p><strong>S\u00e1bado, 11 de decembro<\/strong><\/p>\n\n\n\n<p>Podemos Galicia denunciou este s\u00e1bado que o servizo de rastrexo de casos covid-19 da Xunta discrimine \u00e1 lingua galega ao prestarse desde centros f\u00f3ra de Galicia, a pesar de que o uso e a atenci\u00f3n en galego fose un requisitio inicial establecido no convenio coa empresa de rastrexo.<\/p>\n\n\n\n<p>&#8220;Todos os operadores deber\u00e1n poder entender e falar perfectamente nos idiomas castel\u00e1n e galego&#8221;, esix\u00eda nun primeiro momento o Goberno galego. Con todo, usuarias do Sergas xa fixeron p\u00fablicos casos onde por parte do rastrexador non se fala nin se entende o galego e a lingua empregada \u00e9 o castel\u00e1n.&nbsp;<\/p>\n\n\n\n<p>&#8220;O rastrexo covid \u00e9 un servizo que se debe prestar en galego. As galegas temos o dereito de ser atendidas no noso idioma, pero parece que a Xunta se empe\u00f1a en desvalorizalo cada vez que pode&#8221;, engadiu o secretario xeral de Podemos Galicia, Ant\u00f3n G\u00f3mez Reino. Con estes feitos, a formaci\u00f3n sinalou o incumprimento de varios artigos b\u00e1sicos como o Artigo 1 sobre os dereitos ling\u00fc\u00edsticos de Galicia: &#8220;todos os galegos te\u00f1en o deber de co\u00f1ecelo e o dereito de usalo&#8221;.&nbsp;<\/p>\n\n\n\n<p>&nbsp;&#8220;Ao longo da pandemia vimos como Galicia estaba \u00e1 cola do Estado \u00e1 hora de identificar casos covid, tam\u00e9n as queixas das traballadoras do sector do telemarketing que se manifestaban nun sistema que non lles permit\u00eda ter d\u00edas libres e sumidas nun caos desde un primeiro momento. \u00c9 unha m\u00e1goa que a Xunta aposte por empresas que precarizan as condici\u00f3ns laborais. Pregunt\u00e1moslle a Feij\u00f3o quen vela polo cumprimento das condici\u00f3ns do contrato coa empresa de rastrexo, a\u00ednda que xa esperamos que se lave as mans e busque culpables&#8221;, alega.<\/p>\n","protected":false},"excerpt":{"rendered":"<div class=\"mh-excerpt\"><p>Vuln\u00e9ranse varios dereitos b\u00e1sicos ao redor do noso idioma e inc\u00famprese o propio prego de condici\u00f3ns que estipulou o Goberno de Feij\u00f3o para subcontratar \u00e1 empresa de rastrexo <a class=\"mh-excerpt-more\" href=\"https:\/\/www.anovapeneira.gal\/index.php\/2021\/12\/21\/podemos-esixe-a-xunta-que-o-servizo-de-rastrexo-covid-se-preste-desde-galicia-e-en-galego\/\" title=\"Podemos esixe \u00e1 Xunta que o servizo de rastrexo covid se preste desde Galicia e en galego\">[&#8230;]<\/a><\/p>\n<\/div>","protected":false},"author":3,"featured_media":6633,"comment_status":"open","ping_status":"open","sticky":false,"template":"","format":"standard","meta":{"_exactmetrics_skip_tracking":false,"_exactmetrics_sitenote_active":false,"_exactmetrics_sitenote_note":"","_exactmetrics_sitenote_category":0,"footnotes":""},"categories":[263],"tags":[834],"class_list":{"0":"post-6631","1":"post","2":"type-post","3":"status-publish","4":"format-standard","5":"has-post-thumbnail","7":"category-novas","8":"tag-podemos-galicia"},"yoast_head":"<!-- This site is optimized with the Yoast SEO plugin v27.4 - https:\/\/yoast.com\/product\/yoast-seo-wordpress\/ -->\n<title>Podemos esixe \u00e1 Xunta que o servizo de rastrexo covid se preste desde Galicia e en galego -<\/title>\n<meta name=\"description\" content=\"Vuln\u00e9ranse varios dereitos b\u00e1sicos ao redor do noso idioma e inc\u00famprese o propio prego de condici\u00f3ns que estipulou o Goberno de Feij\u00f3o para subcontratar \u00e1 empresa de rastrexo\" \/>\n<meta name=\"robots\" content=\"index, follow, max-snippet:-1, max-image-preview:large, max-video-preview:-1\" \/>\n<link rel=\"canonical\" href=\"https:\/\/www.anovapeneira.gal\/index.php\/2021\/12\/21\/podemos-esixe-a-xunta-que-o-servizo-de-rastrexo-covid-se-preste-desde-galicia-e-en-galego\/\" \/>\n<meta property=\"og:locale\" content=\"gl_ES\" \/>\n<meta property=\"og:type\" content=\"article\" \/>\n<meta property=\"og:title\" content=\"Podemos esixe \u00e1 Xunta que o servizo de rastrexo covid se preste desde Galicia e en galego -\" \/>\n<meta property=\"og:description\" content=\"Vuln\u00e9ranse varios dereitos b\u00e1sicos ao redor do noso idioma e inc\u00famprese o propio prego de condici\u00f3ns que estipulou o Goberno de Feij\u00f3o para subcontratar \u00e1 empresa de rastrexo\" \/>\n<meta property=\"og:url\" content=\"https:\/\/www.anovapeneira.gal\/index.php\/2021\/12\/21\/podemos-esixe-a-xunta-que-o-servizo-de-rastrexo-covid-se-preste-desde-galicia-e-en-galego\/\" \/>\n<meta property=\"article:publisher\" content=\"https:\/\/www.facebook.com\/anovapeneira\" \/>\n<meta property=\"article:published_time\" content=\"2021-12-21T11:00:17+00:00\" \/>\n<meta property=\"og:image\" content=\"https:\/\/www.anovapeneira.gal\/wp-content\/uploads\/2021\/12\/gomez-reino_podemos-galicia.jpg\" \/>\n\t<meta property=\"og:image:width\" content=\"720\" \/>\n\t<meta property=\"og:image:height\" content=\"432\" \/>\n\t<meta property=\"og:image:type\" content=\"image\/jpeg\" \/>\n<meta name=\"author\" content=\"Redacci\u00f3n A Nova Peneira\" \/>\n<meta name=\"twitter:card\" content=\"summary_large_image\" \/>\n<meta name=\"twitter:creator\" content=\"@APeneira\" \/>\n<meta name=\"twitter:site\" content=\"@APeneira\" \/>\n<meta name=\"twitter:label1\" content=\"Escrito por\" \/>\n\t<meta name=\"twitter:data1\" content=\"Redacci\u00f3n A Nova Peneira\" \/>\n\t<meta name=\"twitter:label2\" content=\"Tempo de lectura\" \/>\n\t<meta name=\"twitter:data2\" content=\"2 minutos\" \/>\n<script type=\"application\/ld+json\" class=\"yoast-schema-graph\">{\"@context\":\"https:\\\/\\\/schema.org\",\"@graph\":[{\"@type\":\"Article\",\"@id\":\"https:\\\/\\\/www.anovapeneira.gal\\\/index.php\\\/2021\\\/12\\\/21\\\/podemos-esixe-a-xunta-que-o-servizo-de-rastrexo-covid-se-preste-desde-galicia-e-en-galego\\\/#article\",\"isPartOf\":{\"@id\":\"https:\\\/\\\/www.anovapeneira.gal\\\/index.php\\\/2021\\\/12\\\/21\\\/podemos-esixe-a-xunta-que-o-servizo-de-rastrexo-covid-se-preste-desde-galicia-e-en-galego\\\/\"},\"author\":{\"name\":\"Redacci\u00f3n A Nova Peneira\",\"@id\":\"https:\\\/\\\/www.anovapeneira.gal\\\/#\\\/schema\\\/person\\\/b93e3f8932e3f8da96334607eb6ac6aa\"},\"headline\":\"Podemos esixe \u00e1 Xunta que o servizo de rastrexo covid se preste desde Galicia e en galego\",\"datePublished\":\"2021-12-21T11:00:17+00:00\",\"mainEntityOfPage\":{\"@id\":\"https:\\\/\\\/www.anovapeneira.gal\\\/index.php\\\/2021\\\/12\\\/21\\\/podemos-esixe-a-xunta-que-o-servizo-de-rastrexo-covid-se-preste-desde-galicia-e-en-galego\\\/\"},\"wordCount\":341,\"commentCount\":0,\"publisher\":{\"@id\":\"https:\\\/\\\/www.anovapeneira.gal\\\/#organization\"},\"image\":{\"@id\":\"https:\\\/\\\/www.anovapeneira.gal\\\/index.php\\\/2021\\\/12\\\/21\\\/podemos-esixe-a-xunta-que-o-servizo-de-rastrexo-covid-se-preste-desde-galicia-e-en-galego\\\/#primaryimage\"},\"thumbnailUrl\":\"https:\\\/\\\/www.anovapeneira.gal\\\/wp-content\\\/uploads\\\/2021\\\/12\\\/gomez-reino_podemos-galicia.jpg\",\"keywords\":[\"Podemos Galicia\"],\"articleSection\":[\"Novas\"],\"inLanguage\":\"gl-ES\",\"potentialAction\":[{\"@type\":\"CommentAction\",\"name\":\"Comment\",\"target\":[\"https:\\\/\\\/www.anovapeneira.gal\\\/index.php\\\/2021\\\/12\\\/21\\\/podemos-esixe-a-xunta-que-o-servizo-de-rastrexo-covid-se-preste-desde-galicia-e-en-galego\\\/#respond\"]}]},{\"@type\":\"WebPage\",\"@id\":\"https:\\\/\\\/www.anovapeneira.gal\\\/index.php\\\/2021\\\/12\\\/21\\\/podemos-esixe-a-xunta-que-o-servizo-de-rastrexo-covid-se-preste-desde-galicia-e-en-galego\\\/\",\"url\":\"https:\\\/\\\/www.anovapeneira.gal\\\/index.php\\\/2021\\\/12\\\/21\\\/podemos-esixe-a-xunta-que-o-servizo-de-rastrexo-covid-se-preste-desde-galicia-e-en-galego\\\/\",\"name\":\"Podemos esixe \u00e1 Xunta que o servizo de rastrexo covid se preste desde Galicia e en galego -\",\"isPartOf\":{\"@id\":\"https:\\\/\\\/www.anovapeneira.gal\\\/#website\"},\"primaryImageOfPage\":{\"@id\":\"https:\\\/\\\/www.anovapeneira.gal\\\/index.php\\\/2021\\\/12\\\/21\\\/podemos-esixe-a-xunta-que-o-servizo-de-rastrexo-covid-se-preste-desde-galicia-e-en-galego\\\/#primaryimage\"},\"image\":{\"@id\":\"https:\\\/\\\/www.anovapeneira.gal\\\/index.php\\\/2021\\\/12\\\/21\\\/podemos-esixe-a-xunta-que-o-servizo-de-rastrexo-covid-se-preste-desde-galicia-e-en-galego\\\/#primaryimage\"},\"thumbnailUrl\":\"https:\\\/\\\/www.anovapeneira.gal\\\/wp-content\\\/uploads\\\/2021\\\/12\\\/gomez-reino_podemos-galicia.jpg\",\"datePublished\":\"2021-12-21T11:00:17+00:00\",\"description\":\"Vuln\u00e9ranse varios dereitos b\u00e1sicos ao redor do noso idioma e inc\u00famprese o propio prego de condici\u00f3ns que estipulou o Goberno de Feij\u00f3o para subcontratar \u00e1 empresa de rastrexo\",\"breadcrumb\":{\"@id\":\"https:\\\/\\\/www.anovapeneira.gal\\\/index.php\\\/2021\\\/12\\\/21\\\/podemos-esixe-a-xunta-que-o-servizo-de-rastrexo-covid-se-preste-desde-galicia-e-en-galego\\\/#breadcrumb\"},\"inLanguage\":\"gl-ES\",\"potentialAction\":[{\"@type\":\"ReadAction\",\"target\":[\"https:\\\/\\\/www.anovapeneira.gal\\\/index.php\\\/2021\\\/12\\\/21\\\/podemos-esixe-a-xunta-que-o-servizo-de-rastrexo-covid-se-preste-desde-galicia-e-en-galego\\\/\"]}]},{\"@type\":\"ImageObject\",\"inLanguage\":\"gl-ES\",\"@id\":\"https:\\\/\\\/www.anovapeneira.gal\\\/index.php\\\/2021\\\/12\\\/21\\\/podemos-esixe-a-xunta-que-o-servizo-de-rastrexo-covid-se-preste-desde-galicia-e-en-galego\\\/#primaryimage\",\"url\":\"https:\\\/\\\/www.anovapeneira.gal\\\/wp-content\\\/uploads\\\/2021\\\/12\\\/gomez-reino_podemos-galicia.jpg\",\"contentUrl\":\"https:\\\/\\\/www.anovapeneira.gal\\\/wp-content\\\/uploads\\\/2021\\\/12\\\/gomez-reino_podemos-galicia.jpg\",\"width\":720,\"height\":432,\"caption\":\"Gomez Reino Podemos Galicia\"},{\"@type\":\"BreadcrumbList\",\"@id\":\"https:\\\/\\\/www.anovapeneira.gal\\\/index.php\\\/2021\\\/12\\\/21\\\/podemos-esixe-a-xunta-que-o-servizo-de-rastrexo-covid-se-preste-desde-galicia-e-en-galego\\\/#breadcrumb\",\"itemListElement\":[{\"@type\":\"ListItem\",\"position\":1,\"name\":\"Portada\",\"item\":\"https:\\\/\\\/www.anovapeneira.gal\\\/\"},{\"@type\":\"ListItem\",\"position\":2,\"name\":\"Podemos esixe \u00e1 Xunta que o servizo de rastrexo covid se preste desde Galicia e en galego\"}]},{\"@type\":\"WebSite\",\"@id\":\"https:\\\/\\\/www.anovapeneira.gal\\\/#website\",\"url\":\"https:\\\/\\\/www.anovapeneira.gal\\\/\",\"name\":\"\",\"description\":\"Xornal galego de informaci\u00f3n xeral Publicaci\u00f3n mensual de novas de Galicia e en especial dos Concellos da sur da provincia de Pontevedra.\",\"publisher\":{\"@id\":\"https:\\\/\\\/www.anovapeneira.gal\\\/#organization\"},\"potentialAction\":[{\"@type\":\"SearchAction\",\"target\":{\"@type\":\"EntryPoint\",\"urlTemplate\":\"https:\\\/\\\/www.anovapeneira.gal\\\/?s={search_term_string}\"},\"query-input\":{\"@type\":\"PropertyValueSpecification\",\"valueRequired\":true,\"valueName\":\"search_term_string\"}}],\"inLanguage\":\"gl-ES\"},{\"@type\":\"Organization\",\"@id\":\"https:\\\/\\\/www.anovapeneira.gal\\\/#organization\",\"name\":\"A Nova Peneira\",\"url\":\"https:\\\/\\\/www.anovapeneira.gal\\\/\",\"logo\":{\"@type\":\"ImageObject\",\"inLanguage\":\"gl-ES\",\"@id\":\"https:\\\/\\\/www.anovapeneira.gal\\\/#\\\/schema\\\/logo\\\/image\\\/\",\"url\":\"http:\\\/\\\/www.anovapeneira.gal\\\/wp-content\\\/uploads\\\/2019\\\/06\\\/logo_a_nova_peneira_portal_web.png\",\"contentUrl\":\"http:\\\/\\\/www.anovapeneira.gal\\\/wp-content\\\/uploads\\\/2019\\\/06\\\/logo_a_nova_peneira_portal_web.png\",\"width\":300,\"height\":100,\"caption\":\"A Nova Peneira\"},\"image\":{\"@id\":\"https:\\\/\\\/www.anovapeneira.gal\\\/#\\\/schema\\\/logo\\\/image\\\/\"},\"sameAs\":[\"https:\\\/\\\/www.facebook.com\\\/anovapeneira\",\"https:\\\/\\\/x.com\\\/APeneira\"]},{\"@type\":\"Person\",\"@id\":\"https:\\\/\\\/www.anovapeneira.gal\\\/#\\\/schema\\\/person\\\/b93e3f8932e3f8da96334607eb6ac6aa\",\"name\":\"Redacci\u00f3n A Nova Peneira\",\"image\":{\"@type\":\"ImageObject\",\"inLanguage\":\"gl-ES\",\"@id\":\"https:\\\/\\\/secure.gravatar.com\\\/avatar\\\/c052a2551a06e23fac63626232eaa90abd78dbcf1700fc46a2b2c89fd27b735f?s=96&d=mm&r=g\",\"url\":\"https:\\\/\\\/secure.gravatar.com\\\/avatar\\\/c052a2551a06e23fac63626232eaa90abd78dbcf1700fc46a2b2c89fd27b735f?s=96&d=mm&r=g\",\"contentUrl\":\"https:\\\/\\\/secure.gravatar.com\\\/avatar\\\/c052a2551a06e23fac63626232eaa90abd78dbcf1700fc46a2b2c89fd27b735f?s=96&d=mm&r=g\",\"caption\":\"Redacci\u00f3n A Nova Peneira\"},\"sameAs\":[\"http:\\\/\\\/www.anovapeneira.gal\\\/\"],\"url\":\"https:\\\/\\\/www.anovapeneira.gal\\\/index.php\\\/author\\\/redactor\\\/\"}]}<\/script>\n<!-- \/ Yoast SEO plugin. -->","yoast_head_json":{"title":"Podemos esixe \u00e1 Xunta que o servizo de rastrexo covid se preste desde Galicia e en galego -","description":"Vuln\u00e9ranse varios dereitos b\u00e1sicos ao redor do noso idioma e inc\u00famprese o propio prego de condici\u00f3ns que estipulou o Goberno de Feij\u00f3o para subcontratar \u00e1 empresa de rastrexo","robots":{"index":"index","follow":"follow","max-snippet":"max-snippet:-1","max-image-preview":"max-image-preview:large","max-video-preview":"max-video-preview:-1"},"canonical":"https:\/\/www.anovapeneira.gal\/index.php\/2021\/12\/21\/podemos-esixe-a-xunta-que-o-servizo-de-rastrexo-covid-se-preste-desde-galicia-e-en-galego\/","og_locale":"gl_ES","og_type":"article","og_title":"Podemos esixe \u00e1 Xunta que o servizo de rastrexo covid se preste desde Galicia e en galego -","og_description":"Vuln\u00e9ranse varios dereitos b\u00e1sicos ao redor do noso idioma e inc\u00famprese o propio prego de condici\u00f3ns que estipulou o Goberno de Feij\u00f3o para subcontratar \u00e1 empresa de rastrexo","og_url":"https:\/\/www.anovapeneira.gal\/index.php\/2021\/12\/21\/podemos-esixe-a-xunta-que-o-servizo-de-rastrexo-covid-se-preste-desde-galicia-e-en-galego\/","article_publisher":"https:\/\/www.facebook.com\/anovapeneira","article_published_time":"2021-12-21T11:00:17+00:00","og_image":[{"width":720,"height":432,"url":"https:\/\/www.anovapeneira.gal\/wp-content\/uploads\/2021\/12\/gomez-reino_podemos-galicia.jpg","type":"image\/jpeg"}],"author":"Redacci\u00f3n A Nova Peneira","twitter_card":"summary_large_image","twitter_creator":"@APeneira","twitter_site":"@APeneira","twitter_misc":{"Escrito por":"Redacci\u00f3n A Nova Peneira","Tempo de lectura":"2 minutos"},"schema":{"@context":"https:\/\/schema.org","@graph":[{"@type":"Article","@id":"https:\/\/www.anovapeneira.gal\/index.php\/2021\/12\/21\/podemos-esixe-a-xunta-que-o-servizo-de-rastrexo-covid-se-preste-desde-galicia-e-en-galego\/#article","isPartOf":{"@id":"https:\/\/www.anovapeneira.gal\/index.php\/2021\/12\/21\/podemos-esixe-a-xunta-que-o-servizo-de-rastrexo-covid-se-preste-desde-galicia-e-en-galego\/"},"author":{"name":"Redacci\u00f3n A Nova Peneira","@id":"https:\/\/www.anovapeneira.gal\/#\/schema\/person\/b93e3f8932e3f8da96334607eb6ac6aa"},"headline":"Podemos esixe \u00e1 Xunta que o servizo de rastrexo covid se preste desde Galicia e en galego","datePublished":"2021-12-21T11:00:17+00:00","mainEntityOfPage":{"@id":"https:\/\/www.anovapeneira.gal\/index.php\/2021\/12\/21\/podemos-esixe-a-xunta-que-o-servizo-de-rastrexo-covid-se-preste-desde-galicia-e-en-galego\/"},"wordCount":341,"commentCount":0,"publisher":{"@id":"https:\/\/www.anovapeneira.gal\/#organization"},"image":{"@id":"https:\/\/www.anovapeneira.gal\/index.php\/2021\/12\/21\/podemos-esixe-a-xunta-que-o-servizo-de-rastrexo-covid-se-preste-desde-galicia-e-en-galego\/#primaryimage"},"thumbnailUrl":"https:\/\/www.anovapeneira.gal\/wp-content\/uploads\/2021\/12\/gomez-reino_podemos-galicia.jpg","keywords":["Podemos Galicia"],"articleSection":["Novas"],"inLanguage":"gl-ES","potentialAction":[{"@type":"CommentAction","name":"Comment","target":["https:\/\/www.anovapeneira.gal\/index.php\/2021\/12\/21\/podemos-esixe-a-xunta-que-o-servizo-de-rastrexo-covid-se-preste-desde-galicia-e-en-galego\/#respond"]}]},{"@type":"WebPage","@id":"https:\/\/www.anovapeneira.gal\/index.php\/2021\/12\/21\/podemos-esixe-a-xunta-que-o-servizo-de-rastrexo-covid-se-preste-desde-galicia-e-en-galego\/","url":"https:\/\/www.anovapeneira.gal\/index.php\/2021\/12\/21\/podemos-esixe-a-xunta-que-o-servizo-de-rastrexo-covid-se-preste-desde-galicia-e-en-galego\/","name":"Podemos esixe \u00e1 Xunta que o servizo de rastrexo covid se preste desde Galicia e en galego -","isPartOf":{"@id":"https:\/\/www.anovapeneira.gal\/#website"},"primaryImageOfPage":{"@id":"https:\/\/www.anovapeneira.gal\/index.php\/2021\/12\/21\/podemos-esixe-a-xunta-que-o-servizo-de-rastrexo-covid-se-preste-desde-galicia-e-en-galego\/#primaryimage"},"image":{"@id":"https:\/\/www.anovapeneira.gal\/index.php\/2021\/12\/21\/podemos-esixe-a-xunta-que-o-servizo-de-rastrexo-covid-se-preste-desde-galicia-e-en-galego\/#primaryimage"},"thumbnailUrl":"https:\/\/www.anovapeneira.gal\/wp-content\/uploads\/2021\/12\/gomez-reino_podemos-galicia.jpg","datePublished":"2021-12-21T11:00:17+00:00","description":"Vuln\u00e9ranse varios dereitos b\u00e1sicos ao redor do noso idioma e inc\u00famprese o propio prego de condici\u00f3ns que estipulou o Goberno de Feij\u00f3o para subcontratar \u00e1 empresa de rastrexo","breadcrumb":{"@id":"https:\/\/www.anovapeneira.gal\/index.php\/2021\/12\/21\/podemos-esixe-a-xunta-que-o-servizo-de-rastrexo-covid-se-preste-desde-galicia-e-en-galego\/#breadcrumb"},"inLanguage":"gl-ES","potentialAction":[{"@type":"ReadAction","target":["https:\/\/www.anovapeneira.gal\/index.php\/2021\/12\/21\/podemos-esixe-a-xunta-que-o-servizo-de-rastrexo-covid-se-preste-desde-galicia-e-en-galego\/"]}]},{"@type":"ImageObject","inLanguage":"gl-ES","@id":"https:\/\/www.anovapeneira.gal\/index.php\/2021\/12\/21\/podemos-esixe-a-xunta-que-o-servizo-de-rastrexo-covid-se-preste-desde-galicia-e-en-galego\/#primaryimage","url":"https:\/\/www.anovapeneira.gal\/wp-content\/uploads\/2021\/12\/gomez-reino_podemos-galicia.jpg","contentUrl":"https:\/\/www.anovapeneira.gal\/wp-content\/uploads\/2021\/12\/gomez-reino_podemos-galicia.jpg","width":720,"height":432,"caption":"Gomez Reino Podemos Galicia"},{"@type":"BreadcrumbList","@id":"https:\/\/www.anovapeneira.gal\/index.php\/2021\/12\/21\/podemos-esixe-a-xunta-que-o-servizo-de-rastrexo-covid-se-preste-desde-galicia-e-en-galego\/#breadcrumb","itemListElement":[{"@type":"ListItem","position":1,"name":"Portada","item":"https:\/\/www.anovapeneira.gal\/"},{"@type":"ListItem","position":2,"name":"Podemos esixe \u00e1 Xunta que o servizo de rastrexo covid se preste desde Galicia e en galego"}]},{"@type":"WebSite","@id":"https:\/\/www.anovapeneira.gal\/#website","url":"https:\/\/www.anovapeneira.gal\/","name":"","description":"Xornal galego de informaci\u00f3n xeral Publicaci\u00f3n mensual de novas de Galicia e en especial dos Concellos da sur da provincia de Pontevedra.","publisher":{"@id":"https:\/\/www.anovapeneira.gal\/#organization"},"potentialAction":[{"@type":"SearchAction","target":{"@type":"EntryPoint","urlTemplate":"https:\/\/www.anovapeneira.gal\/?s={search_term_string}"},"query-input":{"@type":"PropertyValueSpecification","valueRequired":true,"valueName":"search_term_string"}}],"inLanguage":"gl-ES"},{"@type":"Organization","@id":"https:\/\/www.anovapeneira.gal\/#organization","name":"A Nova Peneira","url":"https:\/\/www.anovapeneira.gal\/","logo":{"@type":"ImageObject","inLanguage":"gl-ES","@id":"https:\/\/www.anovapeneira.gal\/#\/schema\/logo\/image\/","url":"http:\/\/www.anovapeneira.gal\/wp-content\/uploads\/2019\/06\/logo_a_nova_peneira_portal_web.png","contentUrl":"http:\/\/www.anovapeneira.gal\/wp-content\/uploads\/2019\/06\/logo_a_nova_peneira_portal_web.png","width":300,"height":100,"caption":"A Nova Peneira"},"image":{"@id":"https:\/\/www.anovapeneira.gal\/#\/schema\/logo\/image\/"},"sameAs":["https:\/\/www.facebook.com\/anovapeneira","https:\/\/x.com\/APeneira"]},{"@type":"Person","@id":"https:\/\/www.anovapeneira.gal\/#\/schema\/person\/b93e3f8932e3f8da96334607eb6ac6aa","name":"Redacci\u00f3n A Nova Peneira","image":{"@type":"ImageObject","inLanguage":"gl-ES","@id":"https:\/\/secure.gravatar.com\/avatar\/c052a2551a06e23fac63626232eaa90abd78dbcf1700fc46a2b2c89fd27b735f?s=96&d=mm&r=g","url":"https:\/\/secure.gravatar.com\/avatar\/c052a2551a06e23fac63626232eaa90abd78dbcf1700fc46a2b2c89fd27b735f?s=96&d=mm&r=g","contentUrl":"https:\/\/secure.gravatar.com\/avatar\/c052a2551a06e23fac63626232eaa90abd78dbcf1700fc46a2b2c89fd27b735f?s=96&d=mm&r=g","caption":"Redacci\u00f3n A Nova Peneira"},"sameAs":["http:\/\/www.anovapeneira.gal\/"],"url":"https:\/\/www.anovapeneira.gal\/index.php\/author\/redactor\/"}]}},"jetpack_featured_media_url":"https:\/\/www.anovapeneira.gal\/wp-content\/uploads\/2021\/12\/gomez-reino_podemos-galicia.jpg","_links":{"self":[{"href":"https:\/\/www.anovapeneira.gal\/index.php\/wp-json\/wp\/v2\/posts\/6631","targetHints":{"allow":["GET"]}}],"collection":[{"href":"https:\/\/www.anovapeneira.gal\/index.php\/wp-json\/wp\/v2\/posts"}],"about":[{"href":"https:\/\/www.anovapeneira.gal\/index.php\/wp-json\/wp\/v2\/types\/post"}],"author":[{"embeddable":true,"href":"https:\/\/www.anovapeneira.gal\/index.php\/wp-json\/wp\/v2\/users\/3"}],"replies":[{"embeddable":true,"href":"https:\/\/www.anovapeneira.gal\/index.php\/wp-json\/wp\/v2\/comments?post=6631"}],"version-history":[{"count":2,"href":"https:\/\/www.anovapeneira.gal\/index.php\/wp-json\/wp\/v2\/posts\/6631\/revisions"}],"predecessor-version":[{"id":6634,"href":"https:\/\/www.anovapeneira.gal\/index.php\/wp-json\/wp\/v2\/posts\/6631\/revisions\/6634"}],"wp:featuredmedia":[{"embeddable":true,"href":"https:\/\/www.anovapeneira.gal\/index.php\/wp-json\/wp\/v2\/media\/6633"}],"wp:attachment":[{"href":"https:\/\/www.anovapeneira.gal\/index.php\/wp-json\/wp\/v2\/media?parent=6631"}],"wp:term":[{"taxonomy":"category","embeddable":true,"href":"https:\/\/www.anovapeneira.gal\/index.php\/wp-json\/wp\/v2\/categories?post=6631"},{"taxonomy":"post_tag","embeddable":true,"href":"https:\/\/www.anovapeneira.gal\/index.php\/wp-json\/wp\/v2\/tags?post=6631"}],"curies":[{"name":"wp","href":"https:\/\/api.w.org\/{rel}","templated":true}]}}