{"id":6635,"date":"2021-12-22T10:00:36","date_gmt":"2021-12-22T09:00:36","guid":{"rendered":"https:\/\/www.anovapeneira.gal\/?p=6635"},"modified":"2021-12-16T10:11:15","modified_gmt":"2021-12-16T09:11:15","slug":"cafeteria-tahalavo-de-marin","status":"publish","type":"post","link":"https:\/\/www.anovapeneira.gal\/index.php\/2021\/12\/22\/cafeteria-tahalavo-de-marin\/","title":{"rendered":"Cafeter\u00eda Tahalavo de Mar\u00edn"},"content":{"rendered":"\n<h2 class=\"wp-block-heading\">\u201c<strong>M\u00e1s de 30 anos de experiencia no sector ao servizo dos seus clientes\u201d<\/strong><\/h2>\n\n\n\n<p><strong>Na r\u00faa Jaime Janer n\u00ba 143 de Mar\u00edn est\u00e1 a cafeter\u00eda Thalavo. \u00c9 atendida por Sandra unha vella amiga da nosa casa e unha profesional da hostalar\u00eda que despois de m\u00e1is de 3 d\u00e9cadas relacionada co seu sector \u00e9 capaz de facer que cada cliente que entra na s\u00faa casa acabe sent\u00edndose como se estivese no seu propio fogar. Tanto \u00e9 as\u00ed que o seu local \u00e9 o punto de encontro e de referencia para n\u00f3s cada vez que os cami\u00f1os da vida nos levan \u00e1 vila de Mar\u00edn. Vela\u00ed vai o que deu de si a nosa conversa.<\/strong><\/p>\n\n\n\n<p><strong>Sandra Cabanelas<\/strong><\/p>\n\n\n\n<p><strong>Canto tempo levas traballando en hostalar\u00eda?<\/strong><\/p>\n\n\n\n<blockquote class=\"wp-block-quote is-layout-flow wp-block-quote-is-layout-flow\"><p>33 anos<\/p><\/blockquote>\n\n\n\n<p><strong>Mi\u00f1a nai, comezaches case de nena?<\/strong><\/p>\n\n\n\n<blockquote class=\"wp-block-quote is-layout-flow wp-block-quote-is-layout-flow\"><p>Sen case, comecei aos 13 anos<\/p><\/blockquote>\n\n\n\n<p><strong>En 33 anos ter\u00e1s visto de todo pero supo\u00f1o que ningunha crise do calado da que estamos vivindo verdade?<\/strong><\/p>\n\n\n\n<blockquote class=\"wp-block-quote is-layout-flow wp-block-quote-is-layout-flow\"><p>A verdade en tanto tempo xa te\u00f1o vivido conxunturas econ\u00f3micas moi complicadas. Recordo por exemplo que a crise do sector naval, do ano creo que 2.009 ou 2.010, golpeou a Mar\u00edn con especial dureza e todos o notamos, pero esta \u00e9 diferente a todas desde logo<\/p><\/blockquote>\n\n\n\n<p><strong>En Mar\u00edn esta non \u00e9 a t\u00faa primeira experiencia no sector verdade?<\/strong><\/p>\n\n\n\n<blockquote class=\"wp-block-quote is-layout-flow wp-block-quote-is-layout-flow\"><p>\u00c9 a segunda, tiven a cafeter\u00eda Emili oito anos e medio ata que non me quedou m\u00e1is remedio que deixala pois o dono do local precis\u00e1bao<\/p><\/blockquote>\n\n\n\n<p><strong>No Thalavo canto tempo levas?<\/strong><\/p>\n\n\n\n<blockquote class=\"wp-block-quote is-layout-flow wp-block-quote-is-layout-flow\"><p>Tres anos e medio<\/p><\/blockquote>\n\n\n\n<p><strong>Que valoraci\u00f3n fas destes anos no Thalavo?<\/strong><\/p>\n\n\n\n<blockquote class=\"wp-block-quote is-layout-flow wp-block-quote-is-layout-flow\"><p>Ben, malia que son anos de circunstancias persoais moi dolorosas, malia o horrible contexto da pandemia te\u00f1o que dicir que a valoraci\u00f3n profesional destes anos no Thalavo \u00e9 realmente boa.<\/p><\/blockquote>\n\n\n\n<p><strong>Cales son os servizos que ofrecedes?<\/strong><\/p>\n\n\n\n<blockquote class=\"wp-block-quote is-layout-flow wp-block-quote-is-layout-flow\"><p>Esta \u00e9 unha cafeter\u00eda convencional cuxa especialidade son os almorzos. \u00c9 o noso forte e convido a todas e todos os lectores a que se acheguen a probalos. Tam\u00e9n temos alg\u00fans bocatas. Pero o m\u00e1is importante, e o que me di a experiencia de tantos anos no sector \u00e9 sermos especialmente preocupados no trato ao cliente, pois \u00e9 o que vai facer que se fidelice; ofrecer un bo produto, un prezo razoable e un trato exquisito. A min o que me importa \u00e9 que todas as persoas que te\u00f1an a amabilidade de visitarnos saian coa sensaci\u00f3n de que a nosa casa \u00e9 tam\u00e9n a s\u00faa.<\/p><\/blockquote>\n\n\n\n<p><strong>A situaci\u00f3n do local \u00e9 bastante boa creo eu non?<\/strong><\/p>\n\n\n\n<blockquote class=\"wp-block-quote is-layout-flow wp-block-quote-is-layout-flow\"><p>Si, estamos na entrada de Mar\u00edn, vindo desde Moa\u00f1a e por outra parte o pavill\u00f3n e o campo de f\u00fatbol est\u00e1n cerca polo que as fins de semana cando hai partidos tam\u00e9n traballamos moi ben.<\/p><\/blockquote>\n\n\n\n<p><strong>Que horario tedes?<\/strong><\/p>\n\n\n\n<blockquote class=\"wp-block-quote is-layout-flow wp-block-quote-is-layout-flow\"><p>Desde as 8,30 h ata as 23,00 h. Descansamos os luns pola tarde.<\/p><\/blockquote>\n\n\n\n<p><strong>Rematamos Sandra, e o futuro?<\/strong><\/p>\n\n\n\n<blockquote class=\"wp-block-quote is-layout-flow wp-block-quote-is-layout-flow\"><p>Eu te\u00f1o unha filla que nestes momentos est\u00e1 a facer un ciclo de xesti\u00f3n de aloxamento tur\u00edstico e a mi\u00f1a ilusi\u00f3n ser\u00eda que acabaramos facendo algo xuntas.<\/p><\/blockquote>\n\n\n\n<p><strong>Seguro que o conseguides Sandra, mer\u00e9celo e tes co\u00f1ecementos e capacidade dabondo. Moitas grazas e moita sorte<\/strong><\/p>\n","protected":false},"excerpt":{"rendered":"<div class=\"mh-excerpt\"><p>Na r\u00faa Jaime Janer n\u00ba 143 de Mar\u00edn est\u00e1 a cafeter\u00eda Thalavo. \u00c9 atendida por Sandra unha vella amiga da nosa casa e unha profesional da hostalar\u00eda que despois de m\u00e1is de 3 d\u00e9cadas relacionada co seu sector \u00e9 capaz de facer que cada cliente que entra na s\u00faa casa acabe sent\u00edndose como se estivese no seu propio fogar. Tanto \u00e9 as\u00ed que o seu local \u00e9 o punto de encontro e de referencia para n\u00f3s cada vez que os cami\u00f1os da vida nos levan \u00e1 vila de Mar\u00edn. Vela\u00ed vai o que deu de si a nosa conversa <a class=\"mh-excerpt-more\" href=\"https:\/\/www.anovapeneira.gal\/index.php\/2021\/12\/22\/cafeteria-tahalavo-de-marin\/\" title=\"Cafeter\u00eda Tahalavo de Mar\u00edn\">[&#8230;]<\/a><\/p>\n<\/div>","protected":false},"author":1,"featured_media":6637,"comment_status":"open","ping_status":"open","sticky":false,"template":"","format":"standard","meta":{"_exactmetrics_skip_tracking":false,"_exactmetrics_sitenote_active":false,"_exactmetrics_sitenote_note":"","_exactmetrics_sitenote_category":0,"footnotes":""},"categories":[268],"tags":[],"class_list":{"0":"post-6635","1":"post","2":"type-post","3":"status-publish","4":"format-standard","5":"has-post-thumbnail","7":"category-morrazo-entrevistas"},"yoast_head":"<!-- This site is optimized with the Yoast SEO plugin v27.4 - https:\/\/yoast.com\/product\/yoast-seo-wordpress\/ -->\n<title>Cafeter\u00eda Tahalavo de Mar\u00edn -<\/title>\n<meta name=\"robots\" content=\"index, follow, max-snippet:-1, max-image-preview:large, max-video-preview:-1\" \/>\n<link rel=\"canonical\" href=\"https:\/\/www.anovapeneira.gal\/index.php\/2021\/12\/22\/cafeteria-tahalavo-de-marin\/\" \/>\n<meta property=\"og:locale\" content=\"gl_ES\" \/>\n<meta property=\"og:type\" content=\"article\" \/>\n<meta property=\"og:title\" content=\"Cafeter\u00eda Tahalavo de Mar\u00edn -\" \/>\n<meta property=\"og:description\" content=\"Na r\u00faa Jaime Janer n\u00ba 143 de Mar\u00edn est\u00e1 a cafeter\u00eda Thalavo. \u00c9 atendida por Sandra unha vella amiga da nosa casa e unha profesional da hostalar\u00eda que despois de m\u00e1is de 3 d\u00e9cadas relacionada co seu sector \u00e9 capaz de facer que cada cliente que entra na s\u00faa casa acabe sent\u00edndose como se estivese no seu propio fogar. Tanto \u00e9 as\u00ed que o seu local \u00e9 o punto de encontro e de referencia para n\u00f3s cada vez que os cami\u00f1os da vida nos levan \u00e1 vila de Mar\u00edn. Vela\u00ed vai o que deu de si a nosa conversa [...]\" \/>\n<meta property=\"og:url\" content=\"https:\/\/www.anovapeneira.gal\/index.php\/2021\/12\/22\/cafeteria-tahalavo-de-marin\/\" \/>\n<meta property=\"article:publisher\" content=\"https:\/\/www.facebook.com\/anovapeneira\" \/>\n<meta property=\"article:author\" content=\"https:\/\/www.facebook.com\/anovapeneira\/\" \/>\n<meta property=\"article:published_time\" content=\"2021-12-22T09:00:36+00:00\" \/>\n<meta property=\"og:image\" content=\"https:\/\/www.anovapeneira.gal\/wp-content\/uploads\/2021\/12\/cafeteria_tahalavo_marin.jpg\" \/>\n\t<meta property=\"og:image:width\" content=\"720\" \/>\n\t<meta property=\"og:image:height\" content=\"432\" \/>\n\t<meta property=\"og:image:type\" content=\"image\/jpeg\" \/>\n<meta name=\"author\" content=\"admin\" \/>\n<meta name=\"twitter:card\" content=\"summary_large_image\" \/>\n<meta name=\"twitter:creator\" content=\"@APeneira\" \/>\n<meta name=\"twitter:site\" content=\"@APeneira\" \/>\n<meta name=\"twitter:label1\" content=\"Escrito por\" \/>\n\t<meta name=\"twitter:data1\" content=\"admin\" \/>\n\t<meta name=\"twitter:label2\" content=\"Tempo de lectura\" \/>\n\t<meta name=\"twitter:data2\" content=\"3 minutos\" \/>\n<script type=\"application\/ld+json\" class=\"yoast-schema-graph\">{\"@context\":\"https:\\\/\\\/schema.org\",\"@graph\":[{\"@type\":\"Article\",\"@id\":\"https:\\\/\\\/www.anovapeneira.gal\\\/index.php\\\/2021\\\/12\\\/22\\\/cafeteria-tahalavo-de-marin\\\/#article\",\"isPartOf\":{\"@id\":\"https:\\\/\\\/www.anovapeneira.gal\\\/index.php\\\/2021\\\/12\\\/22\\\/cafeteria-tahalavo-de-marin\\\/\"},\"author\":{\"name\":\"admin\",\"@id\":\"https:\\\/\\\/www.anovapeneira.gal\\\/#\\\/schema\\\/person\\\/fb77575328c93684dae4b0075f90c2cb\"},\"headline\":\"Cafeter\u00eda Tahalavo de Mar\u00edn\",\"datePublished\":\"2021-12-22T09:00:36+00:00\",\"mainEntityOfPage\":{\"@id\":\"https:\\\/\\\/www.anovapeneira.gal\\\/index.php\\\/2021\\\/12\\\/22\\\/cafeteria-tahalavo-de-marin\\\/\"},\"wordCount\":534,\"commentCount\":0,\"publisher\":{\"@id\":\"https:\\\/\\\/www.anovapeneira.gal\\\/#organization\"},\"image\":{\"@id\":\"https:\\\/\\\/www.anovapeneira.gal\\\/index.php\\\/2021\\\/12\\\/22\\\/cafeteria-tahalavo-de-marin\\\/#primaryimage\"},\"thumbnailUrl\":\"https:\\\/\\\/www.anovapeneira.gal\\\/wp-content\\\/uploads\\\/2021\\\/12\\\/cafeteria_tahalavo_marin.jpg\",\"articleSection\":[\"Morrazo\"],\"inLanguage\":\"gl-ES\",\"potentialAction\":[{\"@type\":\"CommentAction\",\"name\":\"Comment\",\"target\":[\"https:\\\/\\\/www.anovapeneira.gal\\\/index.php\\\/2021\\\/12\\\/22\\\/cafeteria-tahalavo-de-marin\\\/#respond\"]}]},{\"@type\":\"WebPage\",\"@id\":\"https:\\\/\\\/www.anovapeneira.gal\\\/index.php\\\/2021\\\/12\\\/22\\\/cafeteria-tahalavo-de-marin\\\/\",\"url\":\"https:\\\/\\\/www.anovapeneira.gal\\\/index.php\\\/2021\\\/12\\\/22\\\/cafeteria-tahalavo-de-marin\\\/\",\"name\":\"Cafeter\u00eda Tahalavo de Mar\u00edn -\",\"isPartOf\":{\"@id\":\"https:\\\/\\\/www.anovapeneira.gal\\\/#website\"},\"primaryImageOfPage\":{\"@id\":\"https:\\\/\\\/www.anovapeneira.gal\\\/index.php\\\/2021\\\/12\\\/22\\\/cafeteria-tahalavo-de-marin\\\/#primaryimage\"},\"image\":{\"@id\":\"https:\\\/\\\/www.anovapeneira.gal\\\/index.php\\\/2021\\\/12\\\/22\\\/cafeteria-tahalavo-de-marin\\\/#primaryimage\"},\"thumbnailUrl\":\"https:\\\/\\\/www.anovapeneira.gal\\\/wp-content\\\/uploads\\\/2021\\\/12\\\/cafeteria_tahalavo_marin.jpg\",\"datePublished\":\"2021-12-22T09:00:36+00:00\",\"breadcrumb\":{\"@id\":\"https:\\\/\\\/www.anovapeneira.gal\\\/index.php\\\/2021\\\/12\\\/22\\\/cafeteria-tahalavo-de-marin\\\/#breadcrumb\"},\"inLanguage\":\"gl-ES\",\"potentialAction\":[{\"@type\":\"ReadAction\",\"target\":[\"https:\\\/\\\/www.anovapeneira.gal\\\/index.php\\\/2021\\\/12\\\/22\\\/cafeteria-tahalavo-de-marin\\\/\"]}]},{\"@type\":\"ImageObject\",\"inLanguage\":\"gl-ES\",\"@id\":\"https:\\\/\\\/www.anovapeneira.gal\\\/index.php\\\/2021\\\/12\\\/22\\\/cafeteria-tahalavo-de-marin\\\/#primaryimage\",\"url\":\"https:\\\/\\\/www.anovapeneira.gal\\\/wp-content\\\/uploads\\\/2021\\\/12\\\/cafeteria_tahalavo_marin.jpg\",\"contentUrl\":\"https:\\\/\\\/www.anovapeneira.gal\\\/wp-content\\\/uploads\\\/2021\\\/12\\\/cafeteria_tahalavo_marin.jpg\",\"width\":720,\"height\":432,\"caption\":\"Cafeter\u00eda Tahalavo de Mar\u00edn\"},{\"@type\":\"BreadcrumbList\",\"@id\":\"https:\\\/\\\/www.anovapeneira.gal\\\/index.php\\\/2021\\\/12\\\/22\\\/cafeteria-tahalavo-de-marin\\\/#breadcrumb\",\"itemListElement\":[{\"@type\":\"ListItem\",\"position\":1,\"name\":\"Portada\",\"item\":\"https:\\\/\\\/www.anovapeneira.gal\\\/\"},{\"@type\":\"ListItem\",\"position\":2,\"name\":\"Cafeter\u00eda Tahalavo de Mar\u00edn\"}]},{\"@type\":\"WebSite\",\"@id\":\"https:\\\/\\\/www.anovapeneira.gal\\\/#website\",\"url\":\"https:\\\/\\\/www.anovapeneira.gal\\\/\",\"name\":\"\",\"description\":\"Xornal galego de informaci\u00f3n xeral Publicaci\u00f3n mensual de novas de Galicia e en especial dos Concellos da sur da provincia de Pontevedra.\",\"publisher\":{\"@id\":\"https:\\\/\\\/www.anovapeneira.gal\\\/#organization\"},\"potentialAction\":[{\"@type\":\"SearchAction\",\"target\":{\"@type\":\"EntryPoint\",\"urlTemplate\":\"https:\\\/\\\/www.anovapeneira.gal\\\/?s={search_term_string}\"},\"query-input\":{\"@type\":\"PropertyValueSpecification\",\"valueRequired\":true,\"valueName\":\"search_term_string\"}}],\"inLanguage\":\"gl-ES\"},{\"@type\":\"Organization\",\"@id\":\"https:\\\/\\\/www.anovapeneira.gal\\\/#organization\",\"name\":\"A Nova Peneira\",\"url\":\"https:\\\/\\\/www.anovapeneira.gal\\\/\",\"logo\":{\"@type\":\"ImageObject\",\"inLanguage\":\"gl-ES\",\"@id\":\"https:\\\/\\\/www.anovapeneira.gal\\\/#\\\/schema\\\/logo\\\/image\\\/\",\"url\":\"http:\\\/\\\/www.anovapeneira.gal\\\/wp-content\\\/uploads\\\/2019\\\/06\\\/logo_a_nova_peneira_portal_web.png\",\"contentUrl\":\"http:\\\/\\\/www.anovapeneira.gal\\\/wp-content\\\/uploads\\\/2019\\\/06\\\/logo_a_nova_peneira_portal_web.png\",\"width\":300,\"height\":100,\"caption\":\"A Nova Peneira\"},\"image\":{\"@id\":\"https:\\\/\\\/www.anovapeneira.gal\\\/#\\\/schema\\\/logo\\\/image\\\/\"},\"sameAs\":[\"https:\\\/\\\/www.facebook.com\\\/anovapeneira\",\"https:\\\/\\\/x.com\\\/APeneira\"]},{\"@type\":\"Person\",\"@id\":\"https:\\\/\\\/www.anovapeneira.gal\\\/#\\\/schema\\\/person\\\/fb77575328c93684dae4b0075f90c2cb\",\"name\":\"admin\",\"image\":{\"@type\":\"ImageObject\",\"inLanguage\":\"gl-ES\",\"@id\":\"https:\\\/\\\/secure.gravatar.com\\\/avatar\\\/df15c36ce375448325e0bc870e91bbee95947a002eb98dcfd6c2b053e18843e9?s=96&d=mm&r=g\",\"url\":\"https:\\\/\\\/secure.gravatar.com\\\/avatar\\\/df15c36ce375448325e0bc870e91bbee95947a002eb98dcfd6c2b053e18843e9?s=96&d=mm&r=g\",\"contentUrl\":\"https:\\\/\\\/secure.gravatar.com\\\/avatar\\\/df15c36ce375448325e0bc870e91bbee95947a002eb98dcfd6c2b053e18843e9?s=96&d=mm&r=g\",\"caption\":\"admin\"},\"description\":\"Xornal galego de informaci\u00f3n xeral Publicaci\u00f3n mensual de novas de Galicia e en especial dos Concellos da sur da provincia de Pontevedra.\",\"sameAs\":[\"http:\\\/\\\/www.anovapeneira.gal\\\/\",\"https:\\\/\\\/www.facebook.com\\\/anovapeneira\\\/\"],\"url\":\"https:\\\/\\\/www.anovapeneira.gal\\\/index.php\\\/author\\\/admin\\\/\"}]}<\/script>\n<!-- \/ Yoast SEO plugin. -->","yoast_head_json":{"title":"Cafeter\u00eda Tahalavo de Mar\u00edn -","robots":{"index":"index","follow":"follow","max-snippet":"max-snippet:-1","max-image-preview":"max-image-preview:large","max-video-preview":"max-video-preview:-1"},"canonical":"https:\/\/www.anovapeneira.gal\/index.php\/2021\/12\/22\/cafeteria-tahalavo-de-marin\/","og_locale":"gl_ES","og_type":"article","og_title":"Cafeter\u00eda Tahalavo de Mar\u00edn -","og_description":"Na r\u00faa Jaime Janer n\u00ba 143 de Mar\u00edn est\u00e1 a cafeter\u00eda Thalavo. \u00c9 atendida por Sandra unha vella amiga da nosa casa e unha profesional da hostalar\u00eda que despois de m\u00e1is de 3 d\u00e9cadas relacionada co seu sector \u00e9 capaz de facer que cada cliente que entra na s\u00faa casa acabe sent\u00edndose como se estivese no seu propio fogar. Tanto \u00e9 as\u00ed que o seu local \u00e9 o punto de encontro e de referencia para n\u00f3s cada vez que os cami\u00f1os da vida nos levan \u00e1 vila de Mar\u00edn. Vela\u00ed vai o que deu de si a nosa conversa [...]","og_url":"https:\/\/www.anovapeneira.gal\/index.php\/2021\/12\/22\/cafeteria-tahalavo-de-marin\/","article_publisher":"https:\/\/www.facebook.com\/anovapeneira","article_author":"https:\/\/www.facebook.com\/anovapeneira\/","article_published_time":"2021-12-22T09:00:36+00:00","og_image":[{"width":720,"height":432,"url":"https:\/\/www.anovapeneira.gal\/wp-content\/uploads\/2021\/12\/cafeteria_tahalavo_marin.jpg","type":"image\/jpeg"}],"author":"admin","twitter_card":"summary_large_image","twitter_creator":"@APeneira","twitter_site":"@APeneira","twitter_misc":{"Escrito por":"admin","Tempo de lectura":"3 minutos"},"schema":{"@context":"https:\/\/schema.org","@graph":[{"@type":"Article","@id":"https:\/\/www.anovapeneira.gal\/index.php\/2021\/12\/22\/cafeteria-tahalavo-de-marin\/#article","isPartOf":{"@id":"https:\/\/www.anovapeneira.gal\/index.php\/2021\/12\/22\/cafeteria-tahalavo-de-marin\/"},"author":{"name":"admin","@id":"https:\/\/www.anovapeneira.gal\/#\/schema\/person\/fb77575328c93684dae4b0075f90c2cb"},"headline":"Cafeter\u00eda Tahalavo de Mar\u00edn","datePublished":"2021-12-22T09:00:36+00:00","mainEntityOfPage":{"@id":"https:\/\/www.anovapeneira.gal\/index.php\/2021\/12\/22\/cafeteria-tahalavo-de-marin\/"},"wordCount":534,"commentCount":0,"publisher":{"@id":"https:\/\/www.anovapeneira.gal\/#organization"},"image":{"@id":"https:\/\/www.anovapeneira.gal\/index.php\/2021\/12\/22\/cafeteria-tahalavo-de-marin\/#primaryimage"},"thumbnailUrl":"https:\/\/www.anovapeneira.gal\/wp-content\/uploads\/2021\/12\/cafeteria_tahalavo_marin.jpg","articleSection":["Morrazo"],"inLanguage":"gl-ES","potentialAction":[{"@type":"CommentAction","name":"Comment","target":["https:\/\/www.anovapeneira.gal\/index.php\/2021\/12\/22\/cafeteria-tahalavo-de-marin\/#respond"]}]},{"@type":"WebPage","@id":"https:\/\/www.anovapeneira.gal\/index.php\/2021\/12\/22\/cafeteria-tahalavo-de-marin\/","url":"https:\/\/www.anovapeneira.gal\/index.php\/2021\/12\/22\/cafeteria-tahalavo-de-marin\/","name":"Cafeter\u00eda Tahalavo de Mar\u00edn -","isPartOf":{"@id":"https:\/\/www.anovapeneira.gal\/#website"},"primaryImageOfPage":{"@id":"https:\/\/www.anovapeneira.gal\/index.php\/2021\/12\/22\/cafeteria-tahalavo-de-marin\/#primaryimage"},"image":{"@id":"https:\/\/www.anovapeneira.gal\/index.php\/2021\/12\/22\/cafeteria-tahalavo-de-marin\/#primaryimage"},"thumbnailUrl":"https:\/\/www.anovapeneira.gal\/wp-content\/uploads\/2021\/12\/cafeteria_tahalavo_marin.jpg","datePublished":"2021-12-22T09:00:36+00:00","breadcrumb":{"@id":"https:\/\/www.anovapeneira.gal\/index.php\/2021\/12\/22\/cafeteria-tahalavo-de-marin\/#breadcrumb"},"inLanguage":"gl-ES","potentialAction":[{"@type":"ReadAction","target":["https:\/\/www.anovapeneira.gal\/index.php\/2021\/12\/22\/cafeteria-tahalavo-de-marin\/"]}]},{"@type":"ImageObject","inLanguage":"gl-ES","@id":"https:\/\/www.anovapeneira.gal\/index.php\/2021\/12\/22\/cafeteria-tahalavo-de-marin\/#primaryimage","url":"https:\/\/www.anovapeneira.gal\/wp-content\/uploads\/2021\/12\/cafeteria_tahalavo_marin.jpg","contentUrl":"https:\/\/www.anovapeneira.gal\/wp-content\/uploads\/2021\/12\/cafeteria_tahalavo_marin.jpg","width":720,"height":432,"caption":"Cafeter\u00eda Tahalavo de Mar\u00edn"},{"@type":"BreadcrumbList","@id":"https:\/\/www.anovapeneira.gal\/index.php\/2021\/12\/22\/cafeteria-tahalavo-de-marin\/#breadcrumb","itemListElement":[{"@type":"ListItem","position":1,"name":"Portada","item":"https:\/\/www.anovapeneira.gal\/"},{"@type":"ListItem","position":2,"name":"Cafeter\u00eda Tahalavo de Mar\u00edn"}]},{"@type":"WebSite","@id":"https:\/\/www.anovapeneira.gal\/#website","url":"https:\/\/www.anovapeneira.gal\/","name":"","description":"Xornal galego de informaci\u00f3n xeral Publicaci\u00f3n mensual de novas de Galicia e en especial dos Concellos da sur da provincia de Pontevedra.","publisher":{"@id":"https:\/\/www.anovapeneira.gal\/#organization"},"potentialAction":[{"@type":"SearchAction","target":{"@type":"EntryPoint","urlTemplate":"https:\/\/www.anovapeneira.gal\/?s={search_term_string}"},"query-input":{"@type":"PropertyValueSpecification","valueRequired":true,"valueName":"search_term_string"}}],"inLanguage":"gl-ES"},{"@type":"Organization","@id":"https:\/\/www.anovapeneira.gal\/#organization","name":"A Nova Peneira","url":"https:\/\/www.anovapeneira.gal\/","logo":{"@type":"ImageObject","inLanguage":"gl-ES","@id":"https:\/\/www.anovapeneira.gal\/#\/schema\/logo\/image\/","url":"http:\/\/www.anovapeneira.gal\/wp-content\/uploads\/2019\/06\/logo_a_nova_peneira_portal_web.png","contentUrl":"http:\/\/www.anovapeneira.gal\/wp-content\/uploads\/2019\/06\/logo_a_nova_peneira_portal_web.png","width":300,"height":100,"caption":"A Nova Peneira"},"image":{"@id":"https:\/\/www.anovapeneira.gal\/#\/schema\/logo\/image\/"},"sameAs":["https:\/\/www.facebook.com\/anovapeneira","https:\/\/x.com\/APeneira"]},{"@type":"Person","@id":"https:\/\/www.anovapeneira.gal\/#\/schema\/person\/fb77575328c93684dae4b0075f90c2cb","name":"admin","image":{"@type":"ImageObject","inLanguage":"gl-ES","@id":"https:\/\/secure.gravatar.com\/avatar\/df15c36ce375448325e0bc870e91bbee95947a002eb98dcfd6c2b053e18843e9?s=96&d=mm&r=g","url":"https:\/\/secure.gravatar.com\/avatar\/df15c36ce375448325e0bc870e91bbee95947a002eb98dcfd6c2b053e18843e9?s=96&d=mm&r=g","contentUrl":"https:\/\/secure.gravatar.com\/avatar\/df15c36ce375448325e0bc870e91bbee95947a002eb98dcfd6c2b053e18843e9?s=96&d=mm&r=g","caption":"admin"},"description":"Xornal galego de informaci\u00f3n xeral Publicaci\u00f3n mensual de novas de Galicia e en especial dos Concellos da sur da provincia de Pontevedra.","sameAs":["http:\/\/www.anovapeneira.gal\/","https:\/\/www.facebook.com\/anovapeneira\/"],"url":"https:\/\/www.anovapeneira.gal\/index.php\/author\/admin\/"}]}},"jetpack_featured_media_url":"https:\/\/www.anovapeneira.gal\/wp-content\/uploads\/2021\/12\/cafeteria_tahalavo_marin.jpg","_links":{"self":[{"href":"https:\/\/www.anovapeneira.gal\/index.php\/wp-json\/wp\/v2\/posts\/6635","targetHints":{"allow":["GET"]}}],"collection":[{"href":"https:\/\/www.anovapeneira.gal\/index.php\/wp-json\/wp\/v2\/posts"}],"about":[{"href":"https:\/\/www.anovapeneira.gal\/index.php\/wp-json\/wp\/v2\/types\/post"}],"author":[{"embeddable":true,"href":"https:\/\/www.anovapeneira.gal\/index.php\/wp-json\/wp\/v2\/users\/1"}],"replies":[{"embeddable":true,"href":"https:\/\/www.anovapeneira.gal\/index.php\/wp-json\/wp\/v2\/comments?post=6635"}],"version-history":[{"count":2,"href":"https:\/\/www.anovapeneira.gal\/index.php\/wp-json\/wp\/v2\/posts\/6635\/revisions"}],"predecessor-version":[{"id":6638,"href":"https:\/\/www.anovapeneira.gal\/index.php\/wp-json\/wp\/v2\/posts\/6635\/revisions\/6638"}],"wp:featuredmedia":[{"embeddable":true,"href":"https:\/\/www.anovapeneira.gal\/index.php\/wp-json\/wp\/v2\/media\/6637"}],"wp:attachment":[{"href":"https:\/\/www.anovapeneira.gal\/index.php\/wp-json\/wp\/v2\/media?parent=6635"}],"wp:term":[{"taxonomy":"category","embeddable":true,"href":"https:\/\/www.anovapeneira.gal\/index.php\/wp-json\/wp\/v2\/categories?post=6635"},{"taxonomy":"post_tag","embeddable":true,"href":"https:\/\/www.anovapeneira.gal\/index.php\/wp-json\/wp\/v2\/tags?post=6635"}],"curies":[{"name":"wp","href":"https:\/\/api.w.org\/{rel}","templated":true}]}}