{"id":6650,"date":"2021-12-22T12:00:39","date_gmt":"2021-12-22T11:00:39","guid":{"rendered":"https:\/\/www.anovapeneira.gal\/?p=6650"},"modified":"2021-12-17T09:24:03","modified_gmt":"2021-12-17T08:24:03","slug":"motivo-posicionamento-asemblea-aberta-convocada-polo-erte2022","status":"publish","type":"post","link":"https:\/\/www.anovapeneira.gal\/index.php\/2021\/12\/22\/motivo-posicionamento-asemblea-aberta-convocada-polo-erte2022\/","title":{"rendered":"Motivo: posicionamento asemblea aberta convocada polo ERTE2022"},"content":{"rendered":"\n<p>Hoxe pola ma\u00f1a, convocada pola CUT da Citro\u00ebn-Vigo, se celebrou unha asemblea aberta a t\u00f3dalas persoas traballadoras da f\u00e1brica para falar do ERTE 2022. Na votaci\u00f3n realizada na mesma se dixo NON a proposta de este ERTE 2022, que unicamente beneficia a empresa.<\/p>\n\n\n\n<p>Dende a secci\u00f3n sindical entendiamos cun acordo co calada que a futuro vai ter o que se prop\u00f3n pola empresa non pod\u00eda circunscribirse unicamente a afiliaci\u00f3n. De ai que a pesar das dificultade de aforo existentes polo repunte da Covid, decidimos convocar unha asemblea aberta as persoas traballadoras en xeral mais al\u00f3 dos s\u00faas \u201ccores\u201d ou \u201csimpatias\u201d sindicais.<\/p>\n\n\n\n<p>Na mesma as persoas que se achegaron manifestaron as s\u00faas dubidas e inquedanzas en canto as implicaci\u00f3ns que este ERTE vai ter na s\u00faa vida laboral e familiar.<\/p>\n\n\n\n<p>No desenrolo da mesma quedou patente que esta medida non vai beneficiar as persoas traballadoras, e que unicamente da resposta as necesidades da empresa, cubrirse legalmente para poder parar a produci\u00f3n pola falla de material.<\/p>\n\n\n\n<p>Coa xustificaci\u00f3n de inclu\u00edr aos contratos a tempo parcial neste ERTE a empresa consigue que se acepte a bolsa de Horas para este colectivo de persoas. Unha bolsa de horas que foi rexeitada faia apenas un ano e medio pola totalidade da plantilla.<\/p>\n\n\n\n<p>No ERTE2021 os parciais quedaron fora e se creo para eles \u201cunha garant\u00eda salarial\u201d, que non era outra cousa que unha d\u00e9beda de horas coa empresa ligado a vixencia de dito ERTE. Un mecanismo incluso criticado polos asinantes de dito ERTE.<\/p>\n\n\n\n<p>Co ERTE 2022 a empresa crea un mecanismo de <strong>d\u00e9beda de horas para sempre<\/strong>. Con este mecanismo as persoas traballadoras cun contrato a tempo parcial van ver supeditada a s\u00faa n\u00f3mina e a s\u00faa xornada laboral as necesidades da empresa. Un mecanismo que vai perpetuar entendemos de cara futuro a precariedade laboral deste ERTE.<\/p>\n\n\n\n<p>Por este motivo entre outros, coma os preavisos, a formaci\u00f3n ou os criterios de designaci\u00f3n; as persoas reunidas na asemblea de hoxe dixeron NON por unanimidade a sinatura deste ERTE.<\/p>\n\n\n\n<p>Atte.<\/p>\n\n\n\n<p>Secci\u00f3n sindical da CUT<\/p>\n","protected":false},"excerpt":{"rendered":"<div class=\"mh-excerpt\"><p>Hoxe pola ma\u00f1a, convocada pola CUT da Citro\u00ebn-Vigo, se celebrou unha asemblea aberta a t\u00f3dalas persoas traballadoras da f\u00e1brica para falar do ERTE 2022. Na votaci\u00f3n realizada na mesma se dixo NON a proposta de este ERTE 2022, que unicamente beneficia a empresa <a class=\"mh-excerpt-more\" href=\"https:\/\/www.anovapeneira.gal\/index.php\/2021\/12\/22\/motivo-posicionamento-asemblea-aberta-convocada-polo-erte2022\/\" title=\"Motivo: posicionamento asemblea aberta convocada polo ERTE2022\">[&#8230;]<\/a><\/p>\n<\/div>","protected":false},"author":3,"featured_media":6652,"comment_status":"open","ping_status":"open","sticky":false,"template":"","format":"standard","meta":{"_exactmetrics_skip_tracking":false,"_exactmetrics_sitenote_active":false,"_exactmetrics_sitenote_note":"","_exactmetrics_sitenote_category":0,"footnotes":""},"categories":[19],"tags":[227],"class_list":{"0":"post-6650","1":"post","2":"type-post","3":"status-publish","4":"format-standard","5":"has-post-thumbnail","7":"category-vigo","8":"tag-concello-de-vigo"},"yoast_head":"<!-- This site is optimized with the Yoast SEO plugin v27.4 - https:\/\/yoast.com\/product\/yoast-seo-wordpress\/ -->\n<title>Motivo: posicionamento asemblea aberta convocada polo ERTE2022 -<\/title>\n<meta name=\"description\" content=\"Hoxe pola ma\u00f1a, convocada pola CUT da Citro\u00ebn-Vigo, se celebrou unha asemblea aberta a t\u00f3dalas persoas traballadoras da f\u00e1brica para falar do ERTE 2022. Na votaci\u00f3n realizada na mesma se dixo NON a proposta de este ERTE 2022, que unicamente beneficia a empresa\" \/>\n<meta name=\"robots\" content=\"index, follow, max-snippet:-1, max-image-preview:large, max-video-preview:-1\" \/>\n<link rel=\"canonical\" href=\"https:\/\/www.anovapeneira.gal\/index.php\/2021\/12\/22\/motivo-posicionamento-asemblea-aberta-convocada-polo-erte2022\/\" \/>\n<meta property=\"og:locale\" content=\"gl_ES\" \/>\n<meta property=\"og:type\" content=\"article\" \/>\n<meta property=\"og:title\" content=\"Motivo: posicionamento asemblea aberta convocada polo ERTE2022 -\" \/>\n<meta property=\"og:description\" content=\"Hoxe pola ma\u00f1a, convocada pola CUT da Citro\u00ebn-Vigo, se celebrou unha asemblea aberta a t\u00f3dalas persoas traballadoras da f\u00e1brica para falar do ERTE 2022. Na votaci\u00f3n realizada na mesma se dixo NON a proposta de este ERTE 2022, que unicamente beneficia a empresa\" \/>\n<meta property=\"og:url\" content=\"https:\/\/www.anovapeneira.gal\/index.php\/2021\/12\/22\/motivo-posicionamento-asemblea-aberta-convocada-polo-erte2022\/\" \/>\n<meta property=\"article:publisher\" content=\"https:\/\/www.facebook.com\/anovapeneira\" \/>\n<meta property=\"article:published_time\" content=\"2021-12-22T11:00:39+00:00\" \/>\n<meta property=\"og:image\" content=\"https:\/\/www.anovapeneira.gal\/wp-content\/uploads\/2021\/12\/cut_citroen_erte.jpg\" \/>\n\t<meta property=\"og:image:width\" content=\"720\" \/>\n\t<meta property=\"og:image:height\" content=\"432\" \/>\n\t<meta property=\"og:image:type\" content=\"image\/jpeg\" \/>\n<meta name=\"author\" content=\"Redacci\u00f3n A Nova Peneira\" \/>\n<meta name=\"twitter:card\" content=\"summary_large_image\" \/>\n<meta name=\"twitter:creator\" content=\"@APeneira\" \/>\n<meta name=\"twitter:site\" content=\"@APeneira\" \/>\n<meta name=\"twitter:label1\" content=\"Escrito por\" \/>\n\t<meta name=\"twitter:data1\" content=\"Redacci\u00f3n A Nova Peneira\" \/>\n\t<meta name=\"twitter:label2\" content=\"Tempo de lectura\" \/>\n\t<meta name=\"twitter:data2\" content=\"2 minutos\" \/>\n<script type=\"application\/ld+json\" class=\"yoast-schema-graph\">{\"@context\":\"https:\\\/\\\/schema.org\",\"@graph\":[{\"@type\":\"Article\",\"@id\":\"https:\\\/\\\/www.anovapeneira.gal\\\/index.php\\\/2021\\\/12\\\/22\\\/motivo-posicionamento-asemblea-aberta-convocada-polo-erte2022\\\/#article\",\"isPartOf\":{\"@id\":\"https:\\\/\\\/www.anovapeneira.gal\\\/index.php\\\/2021\\\/12\\\/22\\\/motivo-posicionamento-asemblea-aberta-convocada-polo-erte2022\\\/\"},\"author\":{\"name\":\"Redacci\u00f3n A Nova Peneira\",\"@id\":\"https:\\\/\\\/www.anovapeneira.gal\\\/#\\\/schema\\\/person\\\/b93e3f8932e3f8da96334607eb6ac6aa\"},\"headline\":\"Motivo: posicionamento asemblea aberta convocada polo ERTE2022\",\"datePublished\":\"2021-12-22T11:00:39+00:00\",\"mainEntityOfPage\":{\"@id\":\"https:\\\/\\\/www.anovapeneira.gal\\\/index.php\\\/2021\\\/12\\\/22\\\/motivo-posicionamento-asemblea-aberta-convocada-polo-erte2022\\\/\"},\"wordCount\":366,\"commentCount\":0,\"publisher\":{\"@id\":\"https:\\\/\\\/www.anovapeneira.gal\\\/#organization\"},\"image\":{\"@id\":\"https:\\\/\\\/www.anovapeneira.gal\\\/index.php\\\/2021\\\/12\\\/22\\\/motivo-posicionamento-asemblea-aberta-convocada-polo-erte2022\\\/#primaryimage\"},\"thumbnailUrl\":\"https:\\\/\\\/www.anovapeneira.gal\\\/wp-content\\\/uploads\\\/2021\\\/12\\\/cut_citroen_erte.jpg\",\"keywords\":[\"Concello de Vigo\"],\"articleSection\":[\"Vigo\"],\"inLanguage\":\"gl-ES\",\"potentialAction\":[{\"@type\":\"CommentAction\",\"name\":\"Comment\",\"target\":[\"https:\\\/\\\/www.anovapeneira.gal\\\/index.php\\\/2021\\\/12\\\/22\\\/motivo-posicionamento-asemblea-aberta-convocada-polo-erte2022\\\/#respond\"]}]},{\"@type\":\"WebPage\",\"@id\":\"https:\\\/\\\/www.anovapeneira.gal\\\/index.php\\\/2021\\\/12\\\/22\\\/motivo-posicionamento-asemblea-aberta-convocada-polo-erte2022\\\/\",\"url\":\"https:\\\/\\\/www.anovapeneira.gal\\\/index.php\\\/2021\\\/12\\\/22\\\/motivo-posicionamento-asemblea-aberta-convocada-polo-erte2022\\\/\",\"name\":\"Motivo: posicionamento asemblea aberta convocada polo ERTE2022 -\",\"isPartOf\":{\"@id\":\"https:\\\/\\\/www.anovapeneira.gal\\\/#website\"},\"primaryImageOfPage\":{\"@id\":\"https:\\\/\\\/www.anovapeneira.gal\\\/index.php\\\/2021\\\/12\\\/22\\\/motivo-posicionamento-asemblea-aberta-convocada-polo-erte2022\\\/#primaryimage\"},\"image\":{\"@id\":\"https:\\\/\\\/www.anovapeneira.gal\\\/index.php\\\/2021\\\/12\\\/22\\\/motivo-posicionamento-asemblea-aberta-convocada-polo-erte2022\\\/#primaryimage\"},\"thumbnailUrl\":\"https:\\\/\\\/www.anovapeneira.gal\\\/wp-content\\\/uploads\\\/2021\\\/12\\\/cut_citroen_erte.jpg\",\"datePublished\":\"2021-12-22T11:00:39+00:00\",\"description\":\"Hoxe pola ma\u00f1a, convocada pola CUT da Citro\u00ebn-Vigo, se celebrou unha asemblea aberta a t\u00f3dalas persoas traballadoras da f\u00e1brica para falar do ERTE 2022. Na votaci\u00f3n realizada na mesma se dixo NON a proposta de este ERTE 2022, que unicamente beneficia a empresa\",\"breadcrumb\":{\"@id\":\"https:\\\/\\\/www.anovapeneira.gal\\\/index.php\\\/2021\\\/12\\\/22\\\/motivo-posicionamento-asemblea-aberta-convocada-polo-erte2022\\\/#breadcrumb\"},\"inLanguage\":\"gl-ES\",\"potentialAction\":[{\"@type\":\"ReadAction\",\"target\":[\"https:\\\/\\\/www.anovapeneira.gal\\\/index.php\\\/2021\\\/12\\\/22\\\/motivo-posicionamento-asemblea-aberta-convocada-polo-erte2022\\\/\"]}]},{\"@type\":\"ImageObject\",\"inLanguage\":\"gl-ES\",\"@id\":\"https:\\\/\\\/www.anovapeneira.gal\\\/index.php\\\/2021\\\/12\\\/22\\\/motivo-posicionamento-asemblea-aberta-convocada-polo-erte2022\\\/#primaryimage\",\"url\":\"https:\\\/\\\/www.anovapeneira.gal\\\/wp-content\\\/uploads\\\/2021\\\/12\\\/cut_citroen_erte.jpg\",\"contentUrl\":\"https:\\\/\\\/www.anovapeneira.gal\\\/wp-content\\\/uploads\\\/2021\\\/12\\\/cut_citroen_erte.jpg\",\"width\":720,\"height\":432,\"caption\":\"CUT da Citro\u00ebn-Vigo\"},{\"@type\":\"BreadcrumbList\",\"@id\":\"https:\\\/\\\/www.anovapeneira.gal\\\/index.php\\\/2021\\\/12\\\/22\\\/motivo-posicionamento-asemblea-aberta-convocada-polo-erte2022\\\/#breadcrumb\",\"itemListElement\":[{\"@type\":\"ListItem\",\"position\":1,\"name\":\"Portada\",\"item\":\"https:\\\/\\\/www.anovapeneira.gal\\\/\"},{\"@type\":\"ListItem\",\"position\":2,\"name\":\"Motivo: posicionamento asemblea aberta convocada polo ERTE2022\"}]},{\"@type\":\"WebSite\",\"@id\":\"https:\\\/\\\/www.anovapeneira.gal\\\/#website\",\"url\":\"https:\\\/\\\/www.anovapeneira.gal\\\/\",\"name\":\"\",\"description\":\"Xornal galego de informaci\u00f3n xeral Publicaci\u00f3n mensual de novas de Galicia e en especial dos Concellos da sur da provincia de Pontevedra.\",\"publisher\":{\"@id\":\"https:\\\/\\\/www.anovapeneira.gal\\\/#organization\"},\"potentialAction\":[{\"@type\":\"SearchAction\",\"target\":{\"@type\":\"EntryPoint\",\"urlTemplate\":\"https:\\\/\\\/www.anovapeneira.gal\\\/?s={search_term_string}\"},\"query-input\":{\"@type\":\"PropertyValueSpecification\",\"valueRequired\":true,\"valueName\":\"search_term_string\"}}],\"inLanguage\":\"gl-ES\"},{\"@type\":\"Organization\",\"@id\":\"https:\\\/\\\/www.anovapeneira.gal\\\/#organization\",\"name\":\"A Nova Peneira\",\"url\":\"https:\\\/\\\/www.anovapeneira.gal\\\/\",\"logo\":{\"@type\":\"ImageObject\",\"inLanguage\":\"gl-ES\",\"@id\":\"https:\\\/\\\/www.anovapeneira.gal\\\/#\\\/schema\\\/logo\\\/image\\\/\",\"url\":\"http:\\\/\\\/www.anovapeneira.gal\\\/wp-content\\\/uploads\\\/2019\\\/06\\\/logo_a_nova_peneira_portal_web.png\",\"contentUrl\":\"http:\\\/\\\/www.anovapeneira.gal\\\/wp-content\\\/uploads\\\/2019\\\/06\\\/logo_a_nova_peneira_portal_web.png\",\"width\":300,\"height\":100,\"caption\":\"A Nova Peneira\"},\"image\":{\"@id\":\"https:\\\/\\\/www.anovapeneira.gal\\\/#\\\/schema\\\/logo\\\/image\\\/\"},\"sameAs\":[\"https:\\\/\\\/www.facebook.com\\\/anovapeneira\",\"https:\\\/\\\/x.com\\\/APeneira\"]},{\"@type\":\"Person\",\"@id\":\"https:\\\/\\\/www.anovapeneira.gal\\\/#\\\/schema\\\/person\\\/b93e3f8932e3f8da96334607eb6ac6aa\",\"name\":\"Redacci\u00f3n A Nova Peneira\",\"image\":{\"@type\":\"ImageObject\",\"inLanguage\":\"gl-ES\",\"@id\":\"https:\\\/\\\/secure.gravatar.com\\\/avatar\\\/c052a2551a06e23fac63626232eaa90abd78dbcf1700fc46a2b2c89fd27b735f?s=96&d=mm&r=g\",\"url\":\"https:\\\/\\\/secure.gravatar.com\\\/avatar\\\/c052a2551a06e23fac63626232eaa90abd78dbcf1700fc46a2b2c89fd27b735f?s=96&d=mm&r=g\",\"contentUrl\":\"https:\\\/\\\/secure.gravatar.com\\\/avatar\\\/c052a2551a06e23fac63626232eaa90abd78dbcf1700fc46a2b2c89fd27b735f?s=96&d=mm&r=g\",\"caption\":\"Redacci\u00f3n A Nova Peneira\"},\"sameAs\":[\"http:\\\/\\\/www.anovapeneira.gal\\\/\"],\"url\":\"https:\\\/\\\/www.anovapeneira.gal\\\/index.php\\\/author\\\/redactor\\\/\"}]}<\/script>\n<!-- \/ Yoast SEO plugin. -->","yoast_head_json":{"title":"Motivo: posicionamento asemblea aberta convocada polo ERTE2022 -","description":"Hoxe pola ma\u00f1a, convocada pola CUT da Citro\u00ebn-Vigo, se celebrou unha asemblea aberta a t\u00f3dalas persoas traballadoras da f\u00e1brica para falar do ERTE 2022. Na votaci\u00f3n realizada na mesma se dixo NON a proposta de este ERTE 2022, que unicamente beneficia a empresa","robots":{"index":"index","follow":"follow","max-snippet":"max-snippet:-1","max-image-preview":"max-image-preview:large","max-video-preview":"max-video-preview:-1"},"canonical":"https:\/\/www.anovapeneira.gal\/index.php\/2021\/12\/22\/motivo-posicionamento-asemblea-aberta-convocada-polo-erte2022\/","og_locale":"gl_ES","og_type":"article","og_title":"Motivo: posicionamento asemblea aberta convocada polo ERTE2022 -","og_description":"Hoxe pola ma\u00f1a, convocada pola CUT da Citro\u00ebn-Vigo, se celebrou unha asemblea aberta a t\u00f3dalas persoas traballadoras da f\u00e1brica para falar do ERTE 2022. Na votaci\u00f3n realizada na mesma se dixo NON a proposta de este ERTE 2022, que unicamente beneficia a empresa","og_url":"https:\/\/www.anovapeneira.gal\/index.php\/2021\/12\/22\/motivo-posicionamento-asemblea-aberta-convocada-polo-erte2022\/","article_publisher":"https:\/\/www.facebook.com\/anovapeneira","article_published_time":"2021-12-22T11:00:39+00:00","og_image":[{"width":720,"height":432,"url":"https:\/\/www.anovapeneira.gal\/wp-content\/uploads\/2021\/12\/cut_citroen_erte.jpg","type":"image\/jpeg"}],"author":"Redacci\u00f3n A Nova Peneira","twitter_card":"summary_large_image","twitter_creator":"@APeneira","twitter_site":"@APeneira","twitter_misc":{"Escrito por":"Redacci\u00f3n A Nova Peneira","Tempo de lectura":"2 minutos"},"schema":{"@context":"https:\/\/schema.org","@graph":[{"@type":"Article","@id":"https:\/\/www.anovapeneira.gal\/index.php\/2021\/12\/22\/motivo-posicionamento-asemblea-aberta-convocada-polo-erte2022\/#article","isPartOf":{"@id":"https:\/\/www.anovapeneira.gal\/index.php\/2021\/12\/22\/motivo-posicionamento-asemblea-aberta-convocada-polo-erte2022\/"},"author":{"name":"Redacci\u00f3n A Nova Peneira","@id":"https:\/\/www.anovapeneira.gal\/#\/schema\/person\/b93e3f8932e3f8da96334607eb6ac6aa"},"headline":"Motivo: posicionamento asemblea aberta convocada polo ERTE2022","datePublished":"2021-12-22T11:00:39+00:00","mainEntityOfPage":{"@id":"https:\/\/www.anovapeneira.gal\/index.php\/2021\/12\/22\/motivo-posicionamento-asemblea-aberta-convocada-polo-erte2022\/"},"wordCount":366,"commentCount":0,"publisher":{"@id":"https:\/\/www.anovapeneira.gal\/#organization"},"image":{"@id":"https:\/\/www.anovapeneira.gal\/index.php\/2021\/12\/22\/motivo-posicionamento-asemblea-aberta-convocada-polo-erte2022\/#primaryimage"},"thumbnailUrl":"https:\/\/www.anovapeneira.gal\/wp-content\/uploads\/2021\/12\/cut_citroen_erte.jpg","keywords":["Concello de Vigo"],"articleSection":["Vigo"],"inLanguage":"gl-ES","potentialAction":[{"@type":"CommentAction","name":"Comment","target":["https:\/\/www.anovapeneira.gal\/index.php\/2021\/12\/22\/motivo-posicionamento-asemblea-aberta-convocada-polo-erte2022\/#respond"]}]},{"@type":"WebPage","@id":"https:\/\/www.anovapeneira.gal\/index.php\/2021\/12\/22\/motivo-posicionamento-asemblea-aberta-convocada-polo-erte2022\/","url":"https:\/\/www.anovapeneira.gal\/index.php\/2021\/12\/22\/motivo-posicionamento-asemblea-aberta-convocada-polo-erte2022\/","name":"Motivo: posicionamento asemblea aberta convocada polo ERTE2022 -","isPartOf":{"@id":"https:\/\/www.anovapeneira.gal\/#website"},"primaryImageOfPage":{"@id":"https:\/\/www.anovapeneira.gal\/index.php\/2021\/12\/22\/motivo-posicionamento-asemblea-aberta-convocada-polo-erte2022\/#primaryimage"},"image":{"@id":"https:\/\/www.anovapeneira.gal\/index.php\/2021\/12\/22\/motivo-posicionamento-asemblea-aberta-convocada-polo-erte2022\/#primaryimage"},"thumbnailUrl":"https:\/\/www.anovapeneira.gal\/wp-content\/uploads\/2021\/12\/cut_citroen_erte.jpg","datePublished":"2021-12-22T11:00:39+00:00","description":"Hoxe pola ma\u00f1a, convocada pola CUT da Citro\u00ebn-Vigo, se celebrou unha asemblea aberta a t\u00f3dalas persoas traballadoras da f\u00e1brica para falar do ERTE 2022. Na votaci\u00f3n realizada na mesma se dixo NON a proposta de este ERTE 2022, que unicamente beneficia a empresa","breadcrumb":{"@id":"https:\/\/www.anovapeneira.gal\/index.php\/2021\/12\/22\/motivo-posicionamento-asemblea-aberta-convocada-polo-erte2022\/#breadcrumb"},"inLanguage":"gl-ES","potentialAction":[{"@type":"ReadAction","target":["https:\/\/www.anovapeneira.gal\/index.php\/2021\/12\/22\/motivo-posicionamento-asemblea-aberta-convocada-polo-erte2022\/"]}]},{"@type":"ImageObject","inLanguage":"gl-ES","@id":"https:\/\/www.anovapeneira.gal\/index.php\/2021\/12\/22\/motivo-posicionamento-asemblea-aberta-convocada-polo-erte2022\/#primaryimage","url":"https:\/\/www.anovapeneira.gal\/wp-content\/uploads\/2021\/12\/cut_citroen_erte.jpg","contentUrl":"https:\/\/www.anovapeneira.gal\/wp-content\/uploads\/2021\/12\/cut_citroen_erte.jpg","width":720,"height":432,"caption":"CUT da Citro\u00ebn-Vigo"},{"@type":"BreadcrumbList","@id":"https:\/\/www.anovapeneira.gal\/index.php\/2021\/12\/22\/motivo-posicionamento-asemblea-aberta-convocada-polo-erte2022\/#breadcrumb","itemListElement":[{"@type":"ListItem","position":1,"name":"Portada","item":"https:\/\/www.anovapeneira.gal\/"},{"@type":"ListItem","position":2,"name":"Motivo: posicionamento asemblea aberta convocada polo ERTE2022"}]},{"@type":"WebSite","@id":"https:\/\/www.anovapeneira.gal\/#website","url":"https:\/\/www.anovapeneira.gal\/","name":"","description":"Xornal galego de informaci\u00f3n xeral Publicaci\u00f3n mensual de novas de Galicia e en especial dos Concellos da sur da provincia de Pontevedra.","publisher":{"@id":"https:\/\/www.anovapeneira.gal\/#organization"},"potentialAction":[{"@type":"SearchAction","target":{"@type":"EntryPoint","urlTemplate":"https:\/\/www.anovapeneira.gal\/?s={search_term_string}"},"query-input":{"@type":"PropertyValueSpecification","valueRequired":true,"valueName":"search_term_string"}}],"inLanguage":"gl-ES"},{"@type":"Organization","@id":"https:\/\/www.anovapeneira.gal\/#organization","name":"A Nova Peneira","url":"https:\/\/www.anovapeneira.gal\/","logo":{"@type":"ImageObject","inLanguage":"gl-ES","@id":"https:\/\/www.anovapeneira.gal\/#\/schema\/logo\/image\/","url":"http:\/\/www.anovapeneira.gal\/wp-content\/uploads\/2019\/06\/logo_a_nova_peneira_portal_web.png","contentUrl":"http:\/\/www.anovapeneira.gal\/wp-content\/uploads\/2019\/06\/logo_a_nova_peneira_portal_web.png","width":300,"height":100,"caption":"A Nova Peneira"},"image":{"@id":"https:\/\/www.anovapeneira.gal\/#\/schema\/logo\/image\/"},"sameAs":["https:\/\/www.facebook.com\/anovapeneira","https:\/\/x.com\/APeneira"]},{"@type":"Person","@id":"https:\/\/www.anovapeneira.gal\/#\/schema\/person\/b93e3f8932e3f8da96334607eb6ac6aa","name":"Redacci\u00f3n A Nova Peneira","image":{"@type":"ImageObject","inLanguage":"gl-ES","@id":"https:\/\/secure.gravatar.com\/avatar\/c052a2551a06e23fac63626232eaa90abd78dbcf1700fc46a2b2c89fd27b735f?s=96&d=mm&r=g","url":"https:\/\/secure.gravatar.com\/avatar\/c052a2551a06e23fac63626232eaa90abd78dbcf1700fc46a2b2c89fd27b735f?s=96&d=mm&r=g","contentUrl":"https:\/\/secure.gravatar.com\/avatar\/c052a2551a06e23fac63626232eaa90abd78dbcf1700fc46a2b2c89fd27b735f?s=96&d=mm&r=g","caption":"Redacci\u00f3n A Nova Peneira"},"sameAs":["http:\/\/www.anovapeneira.gal\/"],"url":"https:\/\/www.anovapeneira.gal\/index.php\/author\/redactor\/"}]}},"jetpack_featured_media_url":"https:\/\/www.anovapeneira.gal\/wp-content\/uploads\/2021\/12\/cut_citroen_erte.jpg","_links":{"self":[{"href":"https:\/\/www.anovapeneira.gal\/index.php\/wp-json\/wp\/v2\/posts\/6650","targetHints":{"allow":["GET"]}}],"collection":[{"href":"https:\/\/www.anovapeneira.gal\/index.php\/wp-json\/wp\/v2\/posts"}],"about":[{"href":"https:\/\/www.anovapeneira.gal\/index.php\/wp-json\/wp\/v2\/types\/post"}],"author":[{"embeddable":true,"href":"https:\/\/www.anovapeneira.gal\/index.php\/wp-json\/wp\/v2\/users\/3"}],"replies":[{"embeddable":true,"href":"https:\/\/www.anovapeneira.gal\/index.php\/wp-json\/wp\/v2\/comments?post=6650"}],"version-history":[{"count":2,"href":"https:\/\/www.anovapeneira.gal\/index.php\/wp-json\/wp\/v2\/posts\/6650\/revisions"}],"predecessor-version":[{"id":6653,"href":"https:\/\/www.anovapeneira.gal\/index.php\/wp-json\/wp\/v2\/posts\/6650\/revisions\/6653"}],"wp:featuredmedia":[{"embeddable":true,"href":"https:\/\/www.anovapeneira.gal\/index.php\/wp-json\/wp\/v2\/media\/6652"}],"wp:attachment":[{"href":"https:\/\/www.anovapeneira.gal\/index.php\/wp-json\/wp\/v2\/media?parent=6650"}],"wp:term":[{"taxonomy":"category","embeddable":true,"href":"https:\/\/www.anovapeneira.gal\/index.php\/wp-json\/wp\/v2\/categories?post=6650"},{"taxonomy":"post_tag","embeddable":true,"href":"https:\/\/www.anovapeneira.gal\/index.php\/wp-json\/wp\/v2\/tags?post=6650"}],"curies":[{"name":"wp","href":"https:\/\/api.w.org\/{rel}","templated":true}]}}