{"id":6658,"date":"2021-12-27T10:00:48","date_gmt":"2021-12-27T09:00:48","guid":{"rendered":"https:\/\/www.anovapeneira.gal\/?p=6658"},"modified":"2021-12-20T13:33:30","modified_gmt":"2021-12-20T12:33:30","slug":"transicion","status":"publish","type":"post","link":"https:\/\/www.anovapeneira.gal\/index.php\/2021\/12\/27\/transicion\/","title":{"rendered":"Transici\u00f3n"},"content":{"rendered":"\n<figure class=\"wp-block-image size-large is-resized is-style-default\"><img loading=\"lazy\" decoding=\"async\" src=\"http:\/\/www.anovapeneira.gal\/wp-content\/uploads\/2019\/07\/angel_perez_a_nova_peneira.jpg\" alt=\"\u00c1ngel P\u00e9rez, profesor de filosof\u00eda A Nova Peneira\" class=\"wp-image-581\" width=\"95\" height=\"111\"\/><figcaption>\u00c1ngel P\u00e9rez, profesor de filosof\u00eda<\/figcaption><\/figure>\n\n\n\n<p>Tras ver o documental <em>Trans train<\/em> tiven unha dif\u00edcil conversa. Centr\u00e1monos na Lei trans espa\u00f1ola. Na realidade de que cada vez m\u00e1is persoas, normalmente persoas novas, acoden a un servizo m\u00e9dico vencidos polo sufrimento que lles produce non posu\u00edr o corpo co que se identifican. E deciden iniciar unha transici\u00f3n. Someterse a un tratamento que lles dar\u00e1 a identidade que no momento de nacer, polo azar que fose, non se lles asignou. Tr\u00e1tase daquela dun asunto m\u00e9dico. Pero non dunha patolox\u00eda.<\/p>\n\n\n\n<p>\u00c9 un asunto m\u00e9dico porque son os m\u00e9dicos os autorizados a usar hormonas e as t\u00e9cnicas cir\u00farxicas precisas para facer a reasignaci\u00f3n de x\u00e9nero e as\u00ed acabar coa dor dese cidad\u00e1. Pero non \u00e9 unha patolox\u00eda, do mesmo xeito que non considerar\u00edamos patol\u00f3xico acudir a un ximnasio para mellorar a nosa figura ou a unha cl\u00ednica especializada para po\u00f1er fin a unha lacerante alopecia, mesmo se \u00e9 da clase das andr\u00f3xinas. Non \u00e9 patol\u00f3xico, di a lei, porque non \u00e9 unha enfermidade e non precisa dun diagn\u00f3stico m\u00e9dico.<\/p>\n\n\n\n<p>Con todo, a distinci\u00f3n non est\u00e1 clara. Non o est\u00e1 porque non est\u00e1 f\u00f3ra de toda d\u00fabida que a demanda dun determinado aspecto f\u00edsico non sexa unha patolox\u00eda nin que non o sexa a dunha identidade sexual. Debido a que tocante ao sexo a distinci\u00f3n entre normal e patol\u00f3xico \u00e9 difusa. Non \u00e9 binaria, dise agora. \u00c9 unha distinci\u00f3n condicionada como di o discurso feminista ao discurso de cada \u00e9poca sobre o sexo. Na actualidade xa non hai solteironas nin bruxas. Nin ser muller require ser nai, nin home levar cartos a casa. Nese sentido a realidade do sexo \u00e9 un efecto do discurso, das normas, dos prexu\u00edzos e dos valores de cada momento. Un gran logro do pensamento feminista \u00e9 o de ter demolido o pertinaz clix\u00e9 de que a sa\u00fade mental pasa polo goce f\u00e1lico entre un home e unha muller. Do que o propio inventor da Psican\u00e1lise se beneficiou.<\/p>\n\n\n\n<p>Pero, se a diferencia entre o normal e o patol\u00f3xico, no que ten que ver co sexo, non \u00e9 asunto de natureza, ent\u00f3n ningunha intervenci\u00f3n m\u00e9dica sobre o corpo biol\u00f3xico, o corpo natural, pode asegurar que un sufrimento baseado no efecto do discurso, de certas palabras ou imaxes, sobre o corpo dese persoa, cese. Daquela, o que apenas podo comprender, comentaba co mi\u00f1a amiga m\u00e9dica, \u00e9 que as persoas que se senten nun corpo equivocado acudan a un establecemento m\u00e9dico que, esta vez si por natureza, non pode tratar aquilo que est\u00e1 na base do problema, a saber, os efectos do discurso no corpo e do goce no encontro azaroso entre dous corpos. Nin que o persoal m\u00e9dico pareza non ter nada que dicir e non sufran a queimadura da d\u00fabida, \u201cestr\u00e9s \u00e9tico\u201d di un m\u00e9dico no documental, de se son eles quen poidan responder \u00e1 demanda deses cidad\u00e1s. De se non est\u00e1n negando aquel principio da acci\u00f3n m\u00e9dica de <em>primun non nocere: <\/em>o primeiro \u00e9 non facer dano. Nin tampouco que algu\u00e9n crea que o cambio de nome na anotaci\u00f3n rexistral acabe con eses problemas.<\/p>\n\n\n\n<p>Nese momento a conversaci\u00f3n quedou interrompida. A mi\u00f1a amiga estaba de garda. Despediuse cun \u201cseguiremos\u201d.<\/p>\n","protected":false},"excerpt":{"rendered":"<div class=\"mh-excerpt\"><p>Tras ver o documental Trans train tiven unha dif\u00edcil conversa. Centr\u00e1monos na Lei trans espa\u00f1ola. Na realidade de que cada vez m\u00e1is persoas, normalmente persoas novas, acoden a un servizo m\u00e9dico vencidos polo sufrimento que <a class=\"mh-excerpt-more\" href=\"https:\/\/www.anovapeneira.gal\/index.php\/2021\/12\/27\/transicion\/\" title=\"Transici\u00f3n\">[&#8230;]<\/a><\/p>\n<\/div>","protected":false},"author":8,"featured_media":584,"comment_status":"open","ping_status":"open","sticky":false,"template":"","format":"standard","meta":{"_exactmetrics_skip_tracking":false,"_exactmetrics_sitenote_active":false,"_exactmetrics_sitenote_note":"","_exactmetrics_sitenote_category":0,"footnotes":""},"categories":[7],"tags":[],"class_list":{"0":"post-6658","1":"post","2":"type-post","3":"status-publish","4":"format-standard","5":"has-post-thumbnail","7":"category-artigos-de-opinion"},"yoast_head":"<!-- This site is optimized with the Yoast SEO plugin v27.4 - https:\/\/yoast.com\/product\/yoast-seo-wordpress\/ -->\n<title>Transici\u00f3n -<\/title>\n<meta name=\"description\" content=\"Tras ver o documental Trans train tiven unha dif\u00edcil conversa. Centr\u00e1monos na Lei trans espa\u00f1ola. Na realidade de que cada vez m\u00e1is persoas, normalmente persoas novas, acoden a un servizo m\u00e9dico vencidos polo sufrimento que lles produce non posu\u00edr o corpo co que se identifican. E deciden iniciar unha transici\u00f3n. Someterse a un tratamento que lles dar\u00e1 a identidade que no momento de nacer, polo azar que fose, non se lles asignou. Tr\u00e1tase daquela dun asunto m\u00e9dico. Pero non dunha patolox\u00eda\" \/>\n<meta name=\"robots\" content=\"index, follow, max-snippet:-1, max-image-preview:large, max-video-preview:-1\" \/>\n<link rel=\"canonical\" href=\"https:\/\/www.anovapeneira.gal\/index.php\/2021\/12\/27\/transicion\/\" \/>\n<meta property=\"og:locale\" content=\"gl_ES\" \/>\n<meta property=\"og:type\" content=\"article\" \/>\n<meta property=\"og:title\" content=\"Transici\u00f3n -\" \/>\n<meta property=\"og:description\" content=\"Tras ver o documental Trans train tiven unha dif\u00edcil conversa. Centr\u00e1monos na Lei trans espa\u00f1ola. Na realidade de que cada vez m\u00e1is persoas, normalmente persoas novas, acoden a un servizo m\u00e9dico vencidos polo sufrimento que lles produce non posu\u00edr o corpo co que se identifican. E deciden iniciar unha transici\u00f3n. Someterse a un tratamento que lles dar\u00e1 a identidade que no momento de nacer, polo azar que fose, non se lles asignou. Tr\u00e1tase daquela dun asunto m\u00e9dico. Pero non dunha patolox\u00eda\" \/>\n<meta property=\"og:url\" content=\"https:\/\/www.anovapeneira.gal\/index.php\/2021\/12\/27\/transicion\/\" \/>\n<meta property=\"article:publisher\" content=\"https:\/\/www.facebook.com\/anovapeneira\" \/>\n<meta property=\"article:published_time\" content=\"2021-12-27T09:00:48+00:00\" \/>\n<meta property=\"og:image\" content=\"https:\/\/www.anovapeneira.gal\/wp-content\/uploads\/2019\/07\/ARTIGO_DE_OPINION_A_NOVA_PENEIRA.jpg\" \/>\n\t<meta property=\"og:image:width\" content=\"720\" \/>\n\t<meta property=\"og:image:height\" content=\"473\" \/>\n\t<meta property=\"og:image:type\" content=\"image\/jpeg\" \/>\n<meta name=\"author\" content=\"\u00c1ngel P\u00e9rez\" \/>\n<meta name=\"twitter:card\" content=\"summary_large_image\" \/>\n<meta name=\"twitter:image\" content=\"https:\/\/www.anovapeneira.gal\/wp-content\/uploads\/2019\/07\/ARTIGO_DE_OPINION_A_NOVA_PENEIRA.jpg\" \/>\n<meta name=\"twitter:creator\" content=\"@APeneira\" \/>\n<meta name=\"twitter:site\" content=\"@APeneira\" \/>\n<meta name=\"twitter:label1\" content=\"Escrito por\" \/>\n\t<meta name=\"twitter:data1\" content=\"\u00c1ngel P\u00e9rez\" \/>\n\t<meta name=\"twitter:label2\" content=\"Tempo de lectura\" \/>\n\t<meta name=\"twitter:data2\" content=\"3 minutos\" \/>\n<script type=\"application\/ld+json\" class=\"yoast-schema-graph\">{\"@context\":\"https:\\\/\\\/schema.org\",\"@graph\":[{\"@type\":\"Article\",\"@id\":\"https:\\\/\\\/www.anovapeneira.gal\\\/index.php\\\/2021\\\/12\\\/27\\\/transicion\\\/#article\",\"isPartOf\":{\"@id\":\"https:\\\/\\\/www.anovapeneira.gal\\\/index.php\\\/2021\\\/12\\\/27\\\/transicion\\\/\"},\"author\":{\"name\":\"\u00c1ngel P\u00e9rez\",\"@id\":\"https:\\\/\\\/www.anovapeneira.gal\\\/#\\\/schema\\\/person\\\/543553d7ccdfab890794083490053806\"},\"headline\":\"Transici\u00f3n\",\"datePublished\":\"2021-12-27T09:00:48+00:00\",\"mainEntityOfPage\":{\"@id\":\"https:\\\/\\\/www.anovapeneira.gal\\\/index.php\\\/2021\\\/12\\\/27\\\/transicion\\\/\"},\"wordCount\":567,\"commentCount\":0,\"publisher\":{\"@id\":\"https:\\\/\\\/www.anovapeneira.gal\\\/#organization\"},\"image\":{\"@id\":\"https:\\\/\\\/www.anovapeneira.gal\\\/index.php\\\/2021\\\/12\\\/27\\\/transicion\\\/#primaryimage\"},\"thumbnailUrl\":\"https:\\\/\\\/www.anovapeneira.gal\\\/wp-content\\\/uploads\\\/2019\\\/07\\\/ARTIGO_DE_OPINION_A_NOVA_PENEIRA.jpg\",\"articleSection\":[\"Artigos de opini\u00f3n\"],\"inLanguage\":\"gl-ES\",\"potentialAction\":[{\"@type\":\"CommentAction\",\"name\":\"Comment\",\"target\":[\"https:\\\/\\\/www.anovapeneira.gal\\\/index.php\\\/2021\\\/12\\\/27\\\/transicion\\\/#respond\"]}]},{\"@type\":\"WebPage\",\"@id\":\"https:\\\/\\\/www.anovapeneira.gal\\\/index.php\\\/2021\\\/12\\\/27\\\/transicion\\\/\",\"url\":\"https:\\\/\\\/www.anovapeneira.gal\\\/index.php\\\/2021\\\/12\\\/27\\\/transicion\\\/\",\"name\":\"Transici\u00f3n -\",\"isPartOf\":{\"@id\":\"https:\\\/\\\/www.anovapeneira.gal\\\/#website\"},\"primaryImageOfPage\":{\"@id\":\"https:\\\/\\\/www.anovapeneira.gal\\\/index.php\\\/2021\\\/12\\\/27\\\/transicion\\\/#primaryimage\"},\"image\":{\"@id\":\"https:\\\/\\\/www.anovapeneira.gal\\\/index.php\\\/2021\\\/12\\\/27\\\/transicion\\\/#primaryimage\"},\"thumbnailUrl\":\"https:\\\/\\\/www.anovapeneira.gal\\\/wp-content\\\/uploads\\\/2019\\\/07\\\/ARTIGO_DE_OPINION_A_NOVA_PENEIRA.jpg\",\"datePublished\":\"2021-12-27T09:00:48+00:00\",\"description\":\"Tras ver o documental Trans train tiven unha dif\u00edcil conversa. Centr\u00e1monos na Lei trans espa\u00f1ola. Na realidade de que cada vez m\u00e1is persoas, normalmente persoas novas, acoden a un servizo m\u00e9dico vencidos polo sufrimento que lles produce non posu\u00edr o corpo co que se identifican. E deciden iniciar unha transici\u00f3n. Someterse a un tratamento que lles dar\u00e1 a identidade que no momento de nacer, polo azar que fose, non se lles asignou. Tr\u00e1tase daquela dun asunto m\u00e9dico. Pero non dunha patolox\u00eda\",\"breadcrumb\":{\"@id\":\"https:\\\/\\\/www.anovapeneira.gal\\\/index.php\\\/2021\\\/12\\\/27\\\/transicion\\\/#breadcrumb\"},\"inLanguage\":\"gl-ES\",\"potentialAction\":[{\"@type\":\"ReadAction\",\"target\":[\"https:\\\/\\\/www.anovapeneira.gal\\\/index.php\\\/2021\\\/12\\\/27\\\/transicion\\\/\"]}]},{\"@type\":\"ImageObject\",\"inLanguage\":\"gl-ES\",\"@id\":\"https:\\\/\\\/www.anovapeneira.gal\\\/index.php\\\/2021\\\/12\\\/27\\\/transicion\\\/#primaryimage\",\"url\":\"https:\\\/\\\/www.anovapeneira.gal\\\/wp-content\\\/uploads\\\/2019\\\/07\\\/ARTIGO_DE_OPINION_A_NOVA_PENEIRA.jpg\",\"contentUrl\":\"https:\\\/\\\/www.anovapeneira.gal\\\/wp-content\\\/uploads\\\/2019\\\/07\\\/ARTIGO_DE_OPINION_A_NOVA_PENEIRA.jpg\",\"width\":720,\"height\":473,\"caption\":\"Artigo de opini\u00f3n A Nova Peneira\"},{\"@type\":\"BreadcrumbList\",\"@id\":\"https:\\\/\\\/www.anovapeneira.gal\\\/index.php\\\/2021\\\/12\\\/27\\\/transicion\\\/#breadcrumb\",\"itemListElement\":[{\"@type\":\"ListItem\",\"position\":1,\"name\":\"Portada\",\"item\":\"https:\\\/\\\/www.anovapeneira.gal\\\/\"},{\"@type\":\"ListItem\",\"position\":2,\"name\":\"Transici\u00f3n\"}]},{\"@type\":\"WebSite\",\"@id\":\"https:\\\/\\\/www.anovapeneira.gal\\\/#website\",\"url\":\"https:\\\/\\\/www.anovapeneira.gal\\\/\",\"name\":\"\",\"description\":\"Xornal galego de informaci\u00f3n xeral Publicaci\u00f3n mensual de novas de Galicia e en especial dos Concellos da sur da provincia de Pontevedra.\",\"publisher\":{\"@id\":\"https:\\\/\\\/www.anovapeneira.gal\\\/#organization\"},\"potentialAction\":[{\"@type\":\"SearchAction\",\"target\":{\"@type\":\"EntryPoint\",\"urlTemplate\":\"https:\\\/\\\/www.anovapeneira.gal\\\/?s={search_term_string}\"},\"query-input\":{\"@type\":\"PropertyValueSpecification\",\"valueRequired\":true,\"valueName\":\"search_term_string\"}}],\"inLanguage\":\"gl-ES\"},{\"@type\":\"Organization\",\"@id\":\"https:\\\/\\\/www.anovapeneira.gal\\\/#organization\",\"name\":\"A Nova Peneira\",\"url\":\"https:\\\/\\\/www.anovapeneira.gal\\\/\",\"logo\":{\"@type\":\"ImageObject\",\"inLanguage\":\"gl-ES\",\"@id\":\"https:\\\/\\\/www.anovapeneira.gal\\\/#\\\/schema\\\/logo\\\/image\\\/\",\"url\":\"http:\\\/\\\/www.anovapeneira.gal\\\/wp-content\\\/uploads\\\/2019\\\/06\\\/logo_a_nova_peneira_portal_web.png\",\"contentUrl\":\"http:\\\/\\\/www.anovapeneira.gal\\\/wp-content\\\/uploads\\\/2019\\\/06\\\/logo_a_nova_peneira_portal_web.png\",\"width\":300,\"height\":100,\"caption\":\"A Nova Peneira\"},\"image\":{\"@id\":\"https:\\\/\\\/www.anovapeneira.gal\\\/#\\\/schema\\\/logo\\\/image\\\/\"},\"sameAs\":[\"https:\\\/\\\/www.facebook.com\\\/anovapeneira\",\"https:\\\/\\\/x.com\\\/APeneira\"]},{\"@type\":\"Person\",\"@id\":\"https:\\\/\\\/www.anovapeneira.gal\\\/#\\\/schema\\\/person\\\/543553d7ccdfab890794083490053806\",\"name\":\"\u00c1ngel P\u00e9rez\",\"image\":{\"@type\":\"ImageObject\",\"inLanguage\":\"gl-ES\",\"@id\":\"https:\\\/\\\/secure.gravatar.com\\\/avatar\\\/580aa75bf5ea9261cd7e71b846c610fba6fc0c56ca0d17410b6602d0ce085267?s=96&d=mm&r=g\",\"url\":\"https:\\\/\\\/secure.gravatar.com\\\/avatar\\\/580aa75bf5ea9261cd7e71b846c610fba6fc0c56ca0d17410b6602d0ce085267?s=96&d=mm&r=g\",\"contentUrl\":\"https:\\\/\\\/secure.gravatar.com\\\/avatar\\\/580aa75bf5ea9261cd7e71b846c610fba6fc0c56ca0d17410b6602d0ce085267?s=96&d=mm&r=g\",\"caption\":\"\u00c1ngel P\u00e9rez\"},\"sameAs\":[\"http:\\\/\\\/www.anovapeneira.gal\\\/\"],\"url\":\"https:\\\/\\\/www.anovapeneira.gal\\\/index.php\\\/author\\\/opinionangelperez\\\/\"}]}<\/script>\n<!-- \/ Yoast SEO plugin. -->","yoast_head_json":{"title":"Transici\u00f3n -","description":"Tras ver o documental Trans train tiven unha dif\u00edcil conversa. Centr\u00e1monos na Lei trans espa\u00f1ola. Na realidade de que cada vez m\u00e1is persoas, normalmente persoas novas, acoden a un servizo m\u00e9dico vencidos polo sufrimento que lles produce non posu\u00edr o corpo co que se identifican. E deciden iniciar unha transici\u00f3n. Someterse a un tratamento que lles dar\u00e1 a identidade que no momento de nacer, polo azar que fose, non se lles asignou. Tr\u00e1tase daquela dun asunto m\u00e9dico. Pero non dunha patolox\u00eda","robots":{"index":"index","follow":"follow","max-snippet":"max-snippet:-1","max-image-preview":"max-image-preview:large","max-video-preview":"max-video-preview:-1"},"canonical":"https:\/\/www.anovapeneira.gal\/index.php\/2021\/12\/27\/transicion\/","og_locale":"gl_ES","og_type":"article","og_title":"Transici\u00f3n -","og_description":"Tras ver o documental Trans train tiven unha dif\u00edcil conversa. Centr\u00e1monos na Lei trans espa\u00f1ola. Na realidade de que cada vez m\u00e1is persoas, normalmente persoas novas, acoden a un servizo m\u00e9dico vencidos polo sufrimento que lles produce non posu\u00edr o corpo co que se identifican. E deciden iniciar unha transici\u00f3n. Someterse a un tratamento que lles dar\u00e1 a identidade que no momento de nacer, polo azar que fose, non se lles asignou. Tr\u00e1tase daquela dun asunto m\u00e9dico. Pero non dunha patolox\u00eda","og_url":"https:\/\/www.anovapeneira.gal\/index.php\/2021\/12\/27\/transicion\/","article_publisher":"https:\/\/www.facebook.com\/anovapeneira","article_published_time":"2021-12-27T09:00:48+00:00","og_image":[{"width":720,"height":473,"url":"https:\/\/www.anovapeneira.gal\/wp-content\/uploads\/2019\/07\/ARTIGO_DE_OPINION_A_NOVA_PENEIRA.jpg","type":"image\/jpeg"}],"author":"\u00c1ngel P\u00e9rez","twitter_card":"summary_large_image","twitter_image":"https:\/\/www.anovapeneira.gal\/wp-content\/uploads\/2019\/07\/ARTIGO_DE_OPINION_A_NOVA_PENEIRA.jpg","twitter_creator":"@APeneira","twitter_site":"@APeneira","twitter_misc":{"Escrito por":"\u00c1ngel P\u00e9rez","Tempo de lectura":"3 minutos"},"schema":{"@context":"https:\/\/schema.org","@graph":[{"@type":"Article","@id":"https:\/\/www.anovapeneira.gal\/index.php\/2021\/12\/27\/transicion\/#article","isPartOf":{"@id":"https:\/\/www.anovapeneira.gal\/index.php\/2021\/12\/27\/transicion\/"},"author":{"name":"\u00c1ngel P\u00e9rez","@id":"https:\/\/www.anovapeneira.gal\/#\/schema\/person\/543553d7ccdfab890794083490053806"},"headline":"Transici\u00f3n","datePublished":"2021-12-27T09:00:48+00:00","mainEntityOfPage":{"@id":"https:\/\/www.anovapeneira.gal\/index.php\/2021\/12\/27\/transicion\/"},"wordCount":567,"commentCount":0,"publisher":{"@id":"https:\/\/www.anovapeneira.gal\/#organization"},"image":{"@id":"https:\/\/www.anovapeneira.gal\/index.php\/2021\/12\/27\/transicion\/#primaryimage"},"thumbnailUrl":"https:\/\/www.anovapeneira.gal\/wp-content\/uploads\/2019\/07\/ARTIGO_DE_OPINION_A_NOVA_PENEIRA.jpg","articleSection":["Artigos de opini\u00f3n"],"inLanguage":"gl-ES","potentialAction":[{"@type":"CommentAction","name":"Comment","target":["https:\/\/www.anovapeneira.gal\/index.php\/2021\/12\/27\/transicion\/#respond"]}]},{"@type":"WebPage","@id":"https:\/\/www.anovapeneira.gal\/index.php\/2021\/12\/27\/transicion\/","url":"https:\/\/www.anovapeneira.gal\/index.php\/2021\/12\/27\/transicion\/","name":"Transici\u00f3n -","isPartOf":{"@id":"https:\/\/www.anovapeneira.gal\/#website"},"primaryImageOfPage":{"@id":"https:\/\/www.anovapeneira.gal\/index.php\/2021\/12\/27\/transicion\/#primaryimage"},"image":{"@id":"https:\/\/www.anovapeneira.gal\/index.php\/2021\/12\/27\/transicion\/#primaryimage"},"thumbnailUrl":"https:\/\/www.anovapeneira.gal\/wp-content\/uploads\/2019\/07\/ARTIGO_DE_OPINION_A_NOVA_PENEIRA.jpg","datePublished":"2021-12-27T09:00:48+00:00","description":"Tras ver o documental Trans train tiven unha dif\u00edcil conversa. Centr\u00e1monos na Lei trans espa\u00f1ola. Na realidade de que cada vez m\u00e1is persoas, normalmente persoas novas, acoden a un servizo m\u00e9dico vencidos polo sufrimento que lles produce non posu\u00edr o corpo co que se identifican. E deciden iniciar unha transici\u00f3n. Someterse a un tratamento que lles dar\u00e1 a identidade que no momento de nacer, polo azar que fose, non se lles asignou. Tr\u00e1tase daquela dun asunto m\u00e9dico. Pero non dunha patolox\u00eda","breadcrumb":{"@id":"https:\/\/www.anovapeneira.gal\/index.php\/2021\/12\/27\/transicion\/#breadcrumb"},"inLanguage":"gl-ES","potentialAction":[{"@type":"ReadAction","target":["https:\/\/www.anovapeneira.gal\/index.php\/2021\/12\/27\/transicion\/"]}]},{"@type":"ImageObject","inLanguage":"gl-ES","@id":"https:\/\/www.anovapeneira.gal\/index.php\/2021\/12\/27\/transicion\/#primaryimage","url":"https:\/\/www.anovapeneira.gal\/wp-content\/uploads\/2019\/07\/ARTIGO_DE_OPINION_A_NOVA_PENEIRA.jpg","contentUrl":"https:\/\/www.anovapeneira.gal\/wp-content\/uploads\/2019\/07\/ARTIGO_DE_OPINION_A_NOVA_PENEIRA.jpg","width":720,"height":473,"caption":"Artigo de opini\u00f3n A Nova Peneira"},{"@type":"BreadcrumbList","@id":"https:\/\/www.anovapeneira.gal\/index.php\/2021\/12\/27\/transicion\/#breadcrumb","itemListElement":[{"@type":"ListItem","position":1,"name":"Portada","item":"https:\/\/www.anovapeneira.gal\/"},{"@type":"ListItem","position":2,"name":"Transici\u00f3n"}]},{"@type":"WebSite","@id":"https:\/\/www.anovapeneira.gal\/#website","url":"https:\/\/www.anovapeneira.gal\/","name":"","description":"Xornal galego de informaci\u00f3n xeral Publicaci\u00f3n mensual de novas de Galicia e en especial dos Concellos da sur da provincia de Pontevedra.","publisher":{"@id":"https:\/\/www.anovapeneira.gal\/#organization"},"potentialAction":[{"@type":"SearchAction","target":{"@type":"EntryPoint","urlTemplate":"https:\/\/www.anovapeneira.gal\/?s={search_term_string}"},"query-input":{"@type":"PropertyValueSpecification","valueRequired":true,"valueName":"search_term_string"}}],"inLanguage":"gl-ES"},{"@type":"Organization","@id":"https:\/\/www.anovapeneira.gal\/#organization","name":"A Nova Peneira","url":"https:\/\/www.anovapeneira.gal\/","logo":{"@type":"ImageObject","inLanguage":"gl-ES","@id":"https:\/\/www.anovapeneira.gal\/#\/schema\/logo\/image\/","url":"http:\/\/www.anovapeneira.gal\/wp-content\/uploads\/2019\/06\/logo_a_nova_peneira_portal_web.png","contentUrl":"http:\/\/www.anovapeneira.gal\/wp-content\/uploads\/2019\/06\/logo_a_nova_peneira_portal_web.png","width":300,"height":100,"caption":"A Nova Peneira"},"image":{"@id":"https:\/\/www.anovapeneira.gal\/#\/schema\/logo\/image\/"},"sameAs":["https:\/\/www.facebook.com\/anovapeneira","https:\/\/x.com\/APeneira"]},{"@type":"Person","@id":"https:\/\/www.anovapeneira.gal\/#\/schema\/person\/543553d7ccdfab890794083490053806","name":"\u00c1ngel P\u00e9rez","image":{"@type":"ImageObject","inLanguage":"gl-ES","@id":"https:\/\/secure.gravatar.com\/avatar\/580aa75bf5ea9261cd7e71b846c610fba6fc0c56ca0d17410b6602d0ce085267?s=96&d=mm&r=g","url":"https:\/\/secure.gravatar.com\/avatar\/580aa75bf5ea9261cd7e71b846c610fba6fc0c56ca0d17410b6602d0ce085267?s=96&d=mm&r=g","contentUrl":"https:\/\/secure.gravatar.com\/avatar\/580aa75bf5ea9261cd7e71b846c610fba6fc0c56ca0d17410b6602d0ce085267?s=96&d=mm&r=g","caption":"\u00c1ngel P\u00e9rez"},"sameAs":["http:\/\/www.anovapeneira.gal\/"],"url":"https:\/\/www.anovapeneira.gal\/index.php\/author\/opinionangelperez\/"}]}},"jetpack_featured_media_url":"https:\/\/www.anovapeneira.gal\/wp-content\/uploads\/2019\/07\/ARTIGO_DE_OPINION_A_NOVA_PENEIRA.jpg","_links":{"self":[{"href":"https:\/\/www.anovapeneira.gal\/index.php\/wp-json\/wp\/v2\/posts\/6658","targetHints":{"allow":["GET"]}}],"collection":[{"href":"https:\/\/www.anovapeneira.gal\/index.php\/wp-json\/wp\/v2\/posts"}],"about":[{"href":"https:\/\/www.anovapeneira.gal\/index.php\/wp-json\/wp\/v2\/types\/post"}],"author":[{"embeddable":true,"href":"https:\/\/www.anovapeneira.gal\/index.php\/wp-json\/wp\/v2\/users\/8"}],"replies":[{"embeddable":true,"href":"https:\/\/www.anovapeneira.gal\/index.php\/wp-json\/wp\/v2\/comments?post=6658"}],"version-history":[{"count":1,"href":"https:\/\/www.anovapeneira.gal\/index.php\/wp-json\/wp\/v2\/posts\/6658\/revisions"}],"predecessor-version":[{"id":6659,"href":"https:\/\/www.anovapeneira.gal\/index.php\/wp-json\/wp\/v2\/posts\/6658\/revisions\/6659"}],"wp:featuredmedia":[{"embeddable":true,"href":"https:\/\/www.anovapeneira.gal\/index.php\/wp-json\/wp\/v2\/media\/584"}],"wp:attachment":[{"href":"https:\/\/www.anovapeneira.gal\/index.php\/wp-json\/wp\/v2\/media?parent=6658"}],"wp:term":[{"taxonomy":"category","embeddable":true,"href":"https:\/\/www.anovapeneira.gal\/index.php\/wp-json\/wp\/v2\/categories?post=6658"},{"taxonomy":"post_tag","embeddable":true,"href":"https:\/\/www.anovapeneira.gal\/index.php\/wp-json\/wp\/v2\/tags?post=6658"}],"curies":[{"name":"wp","href":"https:\/\/api.w.org\/{rel}","templated":true}]}}