{"id":6660,"date":"2021-12-27T12:00:45","date_gmt":"2021-12-27T11:00:45","guid":{"rendered":"https:\/\/www.anovapeneira.gal\/?p=6660"},"modified":"2021-12-20T13:40:01","modified_gmt":"2021-12-20T12:40:01","slug":"cousas-de-salvaterra-proseguen-os-enfrontamentos-na-raia-seca","status":"publish","type":"post","link":"https:\/\/www.anovapeneira.gal\/index.php\/2021\/12\/27\/cousas-de-salvaterra-proseguen-os-enfrontamentos-na-raia-seca\/","title":{"rendered":"Cousas de Salvaterra. Proseguen os enfrontamentos na raia seca"},"content":{"rendered":"\n<figure class=\"wp-block-image size-large is-resized is-style-default\"><img loading=\"lazy\" decoding=\"async\" src=\"http:\/\/www.anovapeneira.gal\/wp-content\/uploads\/2020\/10\/anton_lorenzo_gonzalez_xaque.jpg\" alt=\"Ant\u00f3n Lorenzo Gonz\u00e1lez Saque\" class=\"wp-image-4073\" width=\"95\" height=\"115\"\/><figcaption><strong>Ant\u00f3n Lorenzo Gonz\u00e1lez \u201cXaque\u201d<\/strong><\/figcaption><\/figure>\n\n\n\n<p>O relato que de seguido podedes ler, inda non ocorrendo directamente en Salvaterra, \u00e9 preciso contalo por ver a situaci\u00f3n xeral do que acontec\u00eda e que finalmente rematar\u00e1 coa toma da nosa vila en mans dos portugueses por espazo de dezaseis anos.<\/p>\n\n\n\n<p>Nunha entrega anterior contaba o sucedido co feito do roubo do c\u00e1liz na igrexa de Padrenda. Proseguiron os enfrontamentos e nesta ocasi\u00f3n entraron os galegos en Portugal e queimaron a fregues\u00eda de Cristoval, no actual concello de Melga\u00e7o, comezaron tam\u00e9n a por fogo na de Pazos pero foron rebatidos polos portugueses. Entraron oitocentos homes do ex\u00e9rcito galego ben armados, foi o vinte e oito de xullo de 1641. Na retagarda \u00edan gran n\u00famero de mulleres para cargar os despoxos que lograban. E na vangarda \u00edan outro gran n\u00famero de rapaces quen con alcatr\u00e1n e vasos de barro c\u00f3s que mollar bolas de farrapos pegaban fogo.<\/p>\n\n\n\n<p>Como dixen, entraron na fregues\u00eda de Cristoval, que est\u00e1 na raia xunto o r\u00edo Varceas, terra f\u00e9rtil, frutuosa e apracible. Ardeu todo de tal maneira que mesmo fixo fogo na igrexa. Entraron os galegos despois disto na fregues\u00eda de Pazos queimando a metade dela. Nisto chegaron Don Joao de Sousa e Francisco de Gouvea Ferraz cuns corenta homes, polos avisos que lles deron. Estes converteron a ousad\u00eda en medo, os galegos retir\u00e1ronse con tanta presa e desorde que entre os mortos polos pelouros e os afogados no r\u00edo ficaron m\u00e1is de corenta mortos, non sen antes faceren danos considerables.<\/p>\n\n\n\n<p>Non solo chegaron \u00e1s facendas, o que m\u00e1is sentiron os portugueses foron os danos nas igrexas, as\u00ed na de San Crist\u00f3bal nin as imaxes perdoaron, levaron a Nosa Se\u00f1ora a cal na fuxida despois houberon de deixar entre o millo. A outra imaxe acoitel\u00e1rona, levaron un vaso onde estaba o Sant\u00edsimo Sacramento. Levaron at\u00e9 os finos, (vi\u00f1o de Porto), e un grande que non puideron levar fix\u00e9rono anacos.<\/p>\n\n\n\n<p>Por este atrevemento quixo o Xeneral Don Gastao Coutinho amolar as armas dos galegos que at\u00e9 estes intres foran m\u00e1is ben conservadoras no sentido de non seren ofensivas sen\u00f3n fosen provocados. As entradas que fixeran at\u00e9 o presente foran por orde da s\u00faa Maxestade, non dic\u00eda esta orde que se entrase a fogo e sangue de xeito xeneralizado. Segundo foi a provocaci\u00f3n as\u00ed se tomou a satisfacci\u00f3n.<\/p>\n\n\n\n<p>En vista do sucedido ordenouse unha nova leva conducida a diferentes partes, dispondo que Vasco de Acevedo Coutinho entrase na Galiza pola Portela do Home e Manuel Sousa de Abreu polo Porto dos Cavaleiros e o sarxento maior Sim\u00f3n Pita Porto Carreiro pola de Ponte Barxas, todo elo na segunda feira, cinco de agosto de 1641.<\/p>\n\n\n\n<p>Vasco de Acevedo entrou con cinco compa\u00f1\u00edas, d\u00faas polo alto da serra do Xeres e outra polo baixo. Na parte alta gobernaba Pero Araujo de Vasconcelos, capit\u00e1n maior de Lanhoso, na parte baixa Lu\u00eds da Silva de Meneses capit\u00e1n maior de Regalados, na vangarda o capit\u00e1n Gomes de Abreu con quince ou dezaseis nobres e aventureiros os cales atop\u00e1ndose cunha compa\u00f1\u00eda paga dos galegos, arremet\u00e9rona e mataron cinco soldados conseguindo a entrada naquel val queimando toda a fregues\u00eda que contaba con once aldeas, sen escr\u00fapulos polo inimigo novato tam\u00e9n nas armas.<\/p>\n\n\n\n<p>No Porto de Cabaleiros xunt\u00e1ronse tres mil homes cunhas mil duascentas bocas de fogo, a cargo de Manoel Sousa de Abreu. Na vangarda \u00edan os capit\u00e1ns Vasco Coutinho, Lu\u00eds de Brito Freire, seguidos dos capit\u00e1ns Cristobal Mausinho de Vasconcelos e Mar\u00edn Teixeira Coello, despois deles Rodrigo de Moura Coutinho, Antonio Jacques de Paiva, Francisco de Acevedo Coutinho, Gaspar Casado Maciel, Joao de Sousa, Joao de Alpoem, seguidos de Mathias Ozorio e Francisco De Gouvea Ferraz na retagarda.<\/p>\n\n\n\n<p>Todo este poder conduciu o Xeneral a Lamas de Mouro preto de Melga\u00e7o, onde o expediu o domingo catro de agosto de 1641 para o Porto dos Cavaleiros, abrazando e animando os capit\u00e1ns na empresa. Logrouse a entrada na segunda feira d\u00eda de Nossa Senhora, cinco do mes como xa se dixo.<\/p>\n\n\n\n<p>Intern\u00e1ndose na Galiza, recibiu o capit\u00e1n aviso de estar os galegos agrupados con trescentos infantes e algunha cabaler\u00eda. Mandou un grupo duns trescentos homes \u00e1s ordes de Antonio Gon\u00e7alves de Olivenza, acompa\u00f1ado de Valent\u00edn Brand\u00e3o natural dos Arcos (por ser esta xente do seu distrito e \u00e9l Sarxento Maior dela). Foron a desaloxar ao inimigo, pelexando con valor at\u00e9 facer que se retirase, inclusive mataron a dous de a cavalo. Estes cabaleiros acometeron a Valentim Brand\u00e3o, el por fallarlle o disparo da pistola tomou a espada e matou a un, e coa axuda dun labrador, quen con un chuzo matou a outro.<\/p>\n\n\n\n<p>O grupo desta incursi\u00f3n, despois de facer grandes perdas ao inimigo nos seus pans e gandos, non puido xuntarse co groso do ex\u00e9rcito e retirouse por onde vi\u00f1eran, cargados de despoxos. Foron marchando por lugares baixos de monte \u00e1spero, lugares perigosos onde pod\u00edan ser atacados e recibir dano. Mandou ent\u00f3n Manoel Sousa de Abreu separarse noutro grupo de douscentos homes, a cargo dos capit\u00e1ns Rodrigo de Moura Coutinho, Antonio Iacques de Paiva e Francisco Soares de Castro da vila de Mon\u00e7ao, xefe da Cabaler\u00eda, que tam\u00e9n fixera moita perda nos campos do inimigo, por ser tempo de sega e estar enmedados os pans.<\/p>\n\n\n\n<p>Xunt\u00e1ronse posteriormente \u00f3 corpo principal do ex\u00e9rcito e marcharon sobre o chamado Monte Redondo dende onde se defend\u00eda un lugar grande e rico que por iso o ti\u00f1a o inimigo ben fortificado e defendido por d\u00faas compa\u00f1\u00edas . Acometidos estes polas tropas mandadas por Don Vasco Coutinho, Luis de Brito e Chistov\u00e3o Mauzinho, con gran valor e a pesar do inimigo defenderse con valent\u00eda, derrot\u00e1ronos. Entrou primeiro o Sarxento maior de Viana, Antonio do Rego. Descenderon o lugar que foi saqueado e queimado.<\/p>\n\n\n\n<p>Tendo os portugueses aviso que de novo se fac\u00edan fortes os galegos no alto do Monte Redondo ocup\u00e1ndoo coa s\u00faa infanter\u00eda, podendo ser de moito dano, foron de novo acometidos nunha porfiada pelexa na que todos loitaron bravamente. Foron obrigados a retirarse os galegos at\u00e9 o val que ficaba no lugar de Padrenda. Feito con orde e disciplina, mandados por excelentes oficiais, recompuxeron un escuadr\u00f3n ben ordenado, fixeron alto e desafiaron os portugueses a seguir pelexando. Estes, desordenados inexpertos e faltos de disciplina militar, non aceitaron o desaf\u00edo. Retir\u00e1ronse desordenadamente fuxindo a Portugal, desamparando \u00f3s Capit\u00e1ns briosos e honrados con gran sentimento deles, polo descr\u00e9dito en que entend\u00edan ficaran as s\u00faas armas. Como di o refr\u00e1n: \u201cSi cesa a boa orde, cesa a boa fortuna.\u201d<\/p>\n\n\n\n<p>Na zona de Ponte Barxas o Sarxento maior Sim\u00e3o Pita, non cumpriu co seu grupo as ordes dadas polo Xeneral . O ver que os galegos estaban ben fortificados e con moita xente, por estar eles repartidos en catro grupos que os debilitaban e carecer dos socorros necesarios e verse as\u00ed en gran inferioridade. A prudencia fixoo desistir.<\/p>\n\n\n\n<p>Sexa como for os portugueses fixeron unha desordenada retirada deixando en risco a retagarda. Mandaron reforzos acompa\u00f1ados por Diogo de Melo Pereira, Jo\u00e3o Rodr\u00edgues Fontoura, Auditor Xeral, Marcos Malheiro Pereira e outros. Deuse aviso na raia que ficaran moitas munici\u00f3ns no alto do monte en completo desamparo e niso veuse a grande confusi\u00f3n da retirada. Logo f\u00f3ronas buscar Mathias Osorio, Marcos Malheiro e G\u00f3mez Correa.<\/p>\n\n\n\n<p>O tal G\u00f3mez Correa aproveitou inda con oito soldados para queimar algunhas casas e medas de pan que ficaban atr\u00e1s, padecendo os galegos perdas notaveis.<\/p>\n\n\n\n<p><strong>SUCESOS MILITARES DAS ARMAS PORTUGUESAES.<\/strong><\/p>\n\n\n\n<p><strong>DR. JO\u00c3O SALGADO DE ARAUJO, ABADE DE PERA.<\/strong><\/p>\n\n\n\n<p><strong>LISBOA 1644<\/strong><\/p>\n\n\n\n<figure class=\"wp-block-image size-full\"><img loading=\"lazy\" decoding=\"async\" width=\"398\" height=\"599\" src=\"https:\/\/www.anovapeneira.gal\/wp-content\/uploads\/2021\/12\/igrexa_de_santo_cristobo.jpg\" alt=\"\" class=\"wp-image-6661\" srcset=\"https:\/\/www.anovapeneira.gal\/wp-content\/uploads\/2021\/12\/igrexa_de_santo_cristobo.jpg 398w, https:\/\/www.anovapeneira.gal\/wp-content\/uploads\/2021\/12\/igrexa_de_santo_cristobo-199x300.jpg 199w\" sizes=\"auto, (max-width: 398px) 100vw, 398px\" \/><\/figure>\n\n\n\n<p>IGREXA DE SANTO CRIST\u00d3BAL, MELGA\u00c7O.<\/p>\n","protected":false},"excerpt":{"rendered":"<div class=\"mh-excerpt\"><p>O relato que de seguido podedes ler, inda non ocorrendo directamente en Salvaterra, \u00e9 preciso contalo por ver a situaci\u00f3n xeral do que acontec\u00eda e que finalmente rematar\u00e1 coa toma da nosa vila en mans dos portugueses por espazo de dezaseis anos <a class=\"mh-excerpt-more\" href=\"https:\/\/www.anovapeneira.gal\/index.php\/2021\/12\/27\/cousas-de-salvaterra-proseguen-os-enfrontamentos-na-raia-seca\/\" title=\"Cousas de Salvaterra. Proseguen os enfrontamentos na raia seca\">[&#8230;]<\/a><\/p>\n<\/div>","protected":false},"author":34,"featured_media":6662,"comment_status":"open","ping_status":"open","sticky":false,"template":"","format":"standard","meta":{"_exactmetrics_skip_tracking":false,"_exactmetrics_sitenote_active":false,"_exactmetrics_sitenote_note":"","_exactmetrics_sitenote_category":0,"footnotes":""},"categories":[7],"tags":[186],"class_list":{"0":"post-6660","1":"post","2":"type-post","3":"status-publish","4":"format-standard","5":"has-post-thumbnail","7":"category-artigos-de-opinion","8":"tag-concello-de-salvaterra-do-mino"},"yoast_head":"<!-- This site is optimized with the Yoast SEO plugin v27.4 - https:\/\/yoast.com\/product\/yoast-seo-wordpress\/ -->\n<title>Cousas de Salvaterra. Proseguen os enfrontamentos na raia seca -<\/title>\n<meta name=\"description\" content=\"O relato que de seguido podedes ler, inda non ocorrendo directamente en Salvaterra, \u00e9 preciso contalo por ver a situaci\u00f3n xeral do que acontec\u00eda e que finalmente rematar\u00e1 coa toma da nosa vila en mans dos portugueses por espazo de dezaseis anos\" \/>\n<meta name=\"robots\" content=\"index, follow, max-snippet:-1, max-image-preview:large, max-video-preview:-1\" \/>\n<link rel=\"canonical\" href=\"https:\/\/www.anovapeneira.gal\/index.php\/2021\/12\/27\/cousas-de-salvaterra-proseguen-os-enfrontamentos-na-raia-seca\/\" \/>\n<meta property=\"og:locale\" content=\"gl_ES\" \/>\n<meta property=\"og:type\" content=\"article\" \/>\n<meta property=\"og:title\" content=\"Cousas de Salvaterra. Proseguen os enfrontamentos na raia seca -\" \/>\n<meta property=\"og:description\" content=\"O relato que de seguido podedes ler, inda non ocorrendo directamente en Salvaterra, \u00e9 preciso contalo por ver a situaci\u00f3n xeral do que acontec\u00eda e que finalmente rematar\u00e1 coa toma da nosa vila en mans dos portugueses por espazo de dezaseis anos\" \/>\n<meta property=\"og:url\" content=\"https:\/\/www.anovapeneira.gal\/index.php\/2021\/12\/27\/cousas-de-salvaterra-proseguen-os-enfrontamentos-na-raia-seca\/\" \/>\n<meta property=\"article:publisher\" content=\"https:\/\/www.facebook.com\/anovapeneira\" \/>\n<meta property=\"article:published_time\" content=\"2021-12-27T11:00:45+00:00\" \/>\n<meta property=\"og:image\" content=\"https:\/\/www.anovapeneira.gal\/wp-content\/uploads\/2021\/12\/igrexa_de_santo_cristobo_2.jpg\" \/>\n\t<meta property=\"og:image:width\" content=\"720\" \/>\n\t<meta property=\"og:image:height\" content=\"432\" \/>\n\t<meta property=\"og:image:type\" content=\"image\/jpeg\" \/>\n<meta name=\"author\" content=\"Ant\u00f3n Lorenzo Gonz\u00e1lez\" \/>\n<meta name=\"twitter:card\" content=\"summary_large_image\" \/>\n<meta name=\"twitter:image\" content=\"https:\/\/www.anovapeneira.gal\/wp-content\/uploads\/2021\/12\/igrexa_de_santo_cristobo_2.jpg\" \/>\n<meta name=\"twitter:creator\" content=\"@APeneira\" \/>\n<meta name=\"twitter:site\" content=\"@APeneira\" \/>\n<meta name=\"twitter:label1\" content=\"Escrito por\" \/>\n\t<meta name=\"twitter:data1\" content=\"Ant\u00f3n Lorenzo Gonz\u00e1lez\" \/>\n\t<meta name=\"twitter:label2\" content=\"Tempo de lectura\" \/>\n\t<meta name=\"twitter:data2\" content=\"6 minutos\" \/>\n<script type=\"application\/ld+json\" class=\"yoast-schema-graph\">{\"@context\":\"https:\\\/\\\/schema.org\",\"@graph\":[{\"@type\":\"Article\",\"@id\":\"https:\\\/\\\/www.anovapeneira.gal\\\/index.php\\\/2021\\\/12\\\/27\\\/cousas-de-salvaterra-proseguen-os-enfrontamentos-na-raia-seca\\\/#article\",\"isPartOf\":{\"@id\":\"https:\\\/\\\/www.anovapeneira.gal\\\/index.php\\\/2021\\\/12\\\/27\\\/cousas-de-salvaterra-proseguen-os-enfrontamentos-na-raia-seca\\\/\"},\"author\":{\"name\":\"Ant\u00f3n Lorenzo Gonz\u00e1lez\",\"@id\":\"https:\\\/\\\/www.anovapeneira.gal\\\/#\\\/schema\\\/person\\\/1bf91cd240796d05b6522e3d8a6e2d8e\"},\"headline\":\"Cousas de Salvaterra. Proseguen os enfrontamentos na raia seca\",\"datePublished\":\"2021-12-27T11:00:45+00:00\",\"mainEntityOfPage\":{\"@id\":\"https:\\\/\\\/www.anovapeneira.gal\\\/index.php\\\/2021\\\/12\\\/27\\\/cousas-de-salvaterra-proseguen-os-enfrontamentos-na-raia-seca\\\/\"},\"wordCount\":1344,\"commentCount\":0,\"publisher\":{\"@id\":\"https:\\\/\\\/www.anovapeneira.gal\\\/#organization\"},\"image\":{\"@id\":\"https:\\\/\\\/www.anovapeneira.gal\\\/index.php\\\/2021\\\/12\\\/27\\\/cousas-de-salvaterra-proseguen-os-enfrontamentos-na-raia-seca\\\/#primaryimage\"},\"thumbnailUrl\":\"https:\\\/\\\/www.anovapeneira.gal\\\/wp-content\\\/uploads\\\/2021\\\/12\\\/igrexa_de_santo_cristobo_2.jpg\",\"keywords\":[\"Concello de Salvaterra do Mi\u00f1o\"],\"articleSection\":[\"Artigos de opini\u00f3n\"],\"inLanguage\":\"gl-ES\",\"potentialAction\":[{\"@type\":\"CommentAction\",\"name\":\"Comment\",\"target\":[\"https:\\\/\\\/www.anovapeneira.gal\\\/index.php\\\/2021\\\/12\\\/27\\\/cousas-de-salvaterra-proseguen-os-enfrontamentos-na-raia-seca\\\/#respond\"]}]},{\"@type\":\"WebPage\",\"@id\":\"https:\\\/\\\/www.anovapeneira.gal\\\/index.php\\\/2021\\\/12\\\/27\\\/cousas-de-salvaterra-proseguen-os-enfrontamentos-na-raia-seca\\\/\",\"url\":\"https:\\\/\\\/www.anovapeneira.gal\\\/index.php\\\/2021\\\/12\\\/27\\\/cousas-de-salvaterra-proseguen-os-enfrontamentos-na-raia-seca\\\/\",\"name\":\"Cousas de Salvaterra. Proseguen os enfrontamentos na raia seca -\",\"isPartOf\":{\"@id\":\"https:\\\/\\\/www.anovapeneira.gal\\\/#website\"},\"primaryImageOfPage\":{\"@id\":\"https:\\\/\\\/www.anovapeneira.gal\\\/index.php\\\/2021\\\/12\\\/27\\\/cousas-de-salvaterra-proseguen-os-enfrontamentos-na-raia-seca\\\/#primaryimage\"},\"image\":{\"@id\":\"https:\\\/\\\/www.anovapeneira.gal\\\/index.php\\\/2021\\\/12\\\/27\\\/cousas-de-salvaterra-proseguen-os-enfrontamentos-na-raia-seca\\\/#primaryimage\"},\"thumbnailUrl\":\"https:\\\/\\\/www.anovapeneira.gal\\\/wp-content\\\/uploads\\\/2021\\\/12\\\/igrexa_de_santo_cristobo_2.jpg\",\"datePublished\":\"2021-12-27T11:00:45+00:00\",\"description\":\"O relato que de seguido podedes ler, inda non ocorrendo directamente en Salvaterra, \u00e9 preciso contalo por ver a situaci\u00f3n xeral do que acontec\u00eda e que finalmente rematar\u00e1 coa toma da nosa vila en mans dos portugueses por espazo de dezaseis anos\",\"breadcrumb\":{\"@id\":\"https:\\\/\\\/www.anovapeneira.gal\\\/index.php\\\/2021\\\/12\\\/27\\\/cousas-de-salvaterra-proseguen-os-enfrontamentos-na-raia-seca\\\/#breadcrumb\"},\"inLanguage\":\"gl-ES\",\"potentialAction\":[{\"@type\":\"ReadAction\",\"target\":[\"https:\\\/\\\/www.anovapeneira.gal\\\/index.php\\\/2021\\\/12\\\/27\\\/cousas-de-salvaterra-proseguen-os-enfrontamentos-na-raia-seca\\\/\"]}]},{\"@type\":\"ImageObject\",\"inLanguage\":\"gl-ES\",\"@id\":\"https:\\\/\\\/www.anovapeneira.gal\\\/index.php\\\/2021\\\/12\\\/27\\\/cousas-de-salvaterra-proseguen-os-enfrontamentos-na-raia-seca\\\/#primaryimage\",\"url\":\"https:\\\/\\\/www.anovapeneira.gal\\\/wp-content\\\/uploads\\\/2021\\\/12\\\/igrexa_de_santo_cristobo_2.jpg\",\"contentUrl\":\"https:\\\/\\\/www.anovapeneira.gal\\\/wp-content\\\/uploads\\\/2021\\\/12\\\/igrexa_de_santo_cristobo_2.jpg\",\"width\":720,\"height\":432,\"caption\":\"Cousas de Salvaterra. Proseguen os enfrontamentos na raia seca.\"},{\"@type\":\"BreadcrumbList\",\"@id\":\"https:\\\/\\\/www.anovapeneira.gal\\\/index.php\\\/2021\\\/12\\\/27\\\/cousas-de-salvaterra-proseguen-os-enfrontamentos-na-raia-seca\\\/#breadcrumb\",\"itemListElement\":[{\"@type\":\"ListItem\",\"position\":1,\"name\":\"Portada\",\"item\":\"https:\\\/\\\/www.anovapeneira.gal\\\/\"},{\"@type\":\"ListItem\",\"position\":2,\"name\":\"Cousas de Salvaterra. Proseguen os enfrontamentos na raia seca\"}]},{\"@type\":\"WebSite\",\"@id\":\"https:\\\/\\\/www.anovapeneira.gal\\\/#website\",\"url\":\"https:\\\/\\\/www.anovapeneira.gal\\\/\",\"name\":\"\",\"description\":\"Xornal galego de informaci\u00f3n xeral Publicaci\u00f3n mensual de novas de Galicia e en especial dos Concellos da sur da provincia de Pontevedra.\",\"publisher\":{\"@id\":\"https:\\\/\\\/www.anovapeneira.gal\\\/#organization\"},\"potentialAction\":[{\"@type\":\"SearchAction\",\"target\":{\"@type\":\"EntryPoint\",\"urlTemplate\":\"https:\\\/\\\/www.anovapeneira.gal\\\/?s={search_term_string}\"},\"query-input\":{\"@type\":\"PropertyValueSpecification\",\"valueRequired\":true,\"valueName\":\"search_term_string\"}}],\"inLanguage\":\"gl-ES\"},{\"@type\":\"Organization\",\"@id\":\"https:\\\/\\\/www.anovapeneira.gal\\\/#organization\",\"name\":\"A Nova Peneira\",\"url\":\"https:\\\/\\\/www.anovapeneira.gal\\\/\",\"logo\":{\"@type\":\"ImageObject\",\"inLanguage\":\"gl-ES\",\"@id\":\"https:\\\/\\\/www.anovapeneira.gal\\\/#\\\/schema\\\/logo\\\/image\\\/\",\"url\":\"http:\\\/\\\/www.anovapeneira.gal\\\/wp-content\\\/uploads\\\/2019\\\/06\\\/logo_a_nova_peneira_portal_web.png\",\"contentUrl\":\"http:\\\/\\\/www.anovapeneira.gal\\\/wp-content\\\/uploads\\\/2019\\\/06\\\/logo_a_nova_peneira_portal_web.png\",\"width\":300,\"height\":100,\"caption\":\"A Nova Peneira\"},\"image\":{\"@id\":\"https:\\\/\\\/www.anovapeneira.gal\\\/#\\\/schema\\\/logo\\\/image\\\/\"},\"sameAs\":[\"https:\\\/\\\/www.facebook.com\\\/anovapeneira\",\"https:\\\/\\\/x.com\\\/APeneira\"]},{\"@type\":\"Person\",\"@id\":\"https:\\\/\\\/www.anovapeneira.gal\\\/#\\\/schema\\\/person\\\/1bf91cd240796d05b6522e3d8a6e2d8e\",\"name\":\"Ant\u00f3n Lorenzo Gonz\u00e1lez\",\"image\":{\"@type\":\"ImageObject\",\"inLanguage\":\"gl-ES\",\"@id\":\"https:\\\/\\\/secure.gravatar.com\\\/avatar\\\/dcd882e8f4338e07610336943426400d525673506eb37ce59442ba704e5cc971?s=96&d=mm&r=g\",\"url\":\"https:\\\/\\\/secure.gravatar.com\\\/avatar\\\/dcd882e8f4338e07610336943426400d525673506eb37ce59442ba704e5cc971?s=96&d=mm&r=g\",\"contentUrl\":\"https:\\\/\\\/secure.gravatar.com\\\/avatar\\\/dcd882e8f4338e07610336943426400d525673506eb37ce59442ba704e5cc971?s=96&d=mm&r=g\",\"caption\":\"Ant\u00f3n Lorenzo Gonz\u00e1lez\"},\"url\":\"https:\\\/\\\/www.anovapeneira.gal\\\/index.php\\\/author\\\/xaque\\\/\"}]}<\/script>\n<!-- \/ Yoast SEO plugin. -->","yoast_head_json":{"title":"Cousas de Salvaterra. Proseguen os enfrontamentos na raia seca -","description":"O relato que de seguido podedes ler, inda non ocorrendo directamente en Salvaterra, \u00e9 preciso contalo por ver a situaci\u00f3n xeral do que acontec\u00eda e que finalmente rematar\u00e1 coa toma da nosa vila en mans dos portugueses por espazo de dezaseis anos","robots":{"index":"index","follow":"follow","max-snippet":"max-snippet:-1","max-image-preview":"max-image-preview:large","max-video-preview":"max-video-preview:-1"},"canonical":"https:\/\/www.anovapeneira.gal\/index.php\/2021\/12\/27\/cousas-de-salvaterra-proseguen-os-enfrontamentos-na-raia-seca\/","og_locale":"gl_ES","og_type":"article","og_title":"Cousas de Salvaterra. Proseguen os enfrontamentos na raia seca -","og_description":"O relato que de seguido podedes ler, inda non ocorrendo directamente en Salvaterra, \u00e9 preciso contalo por ver a situaci\u00f3n xeral do que acontec\u00eda e que finalmente rematar\u00e1 coa toma da nosa vila en mans dos portugueses por espazo de dezaseis anos","og_url":"https:\/\/www.anovapeneira.gal\/index.php\/2021\/12\/27\/cousas-de-salvaterra-proseguen-os-enfrontamentos-na-raia-seca\/","article_publisher":"https:\/\/www.facebook.com\/anovapeneira","article_published_time":"2021-12-27T11:00:45+00:00","og_image":[{"width":720,"height":432,"url":"https:\/\/www.anovapeneira.gal\/wp-content\/uploads\/2021\/12\/igrexa_de_santo_cristobo_2.jpg","type":"image\/jpeg"}],"author":"Ant\u00f3n Lorenzo Gonz\u00e1lez","twitter_card":"summary_large_image","twitter_image":"https:\/\/www.anovapeneira.gal\/wp-content\/uploads\/2021\/12\/igrexa_de_santo_cristobo_2.jpg","twitter_creator":"@APeneira","twitter_site":"@APeneira","twitter_misc":{"Escrito por":"Ant\u00f3n Lorenzo Gonz\u00e1lez","Tempo de lectura":"6 minutos"},"schema":{"@context":"https:\/\/schema.org","@graph":[{"@type":"Article","@id":"https:\/\/www.anovapeneira.gal\/index.php\/2021\/12\/27\/cousas-de-salvaterra-proseguen-os-enfrontamentos-na-raia-seca\/#article","isPartOf":{"@id":"https:\/\/www.anovapeneira.gal\/index.php\/2021\/12\/27\/cousas-de-salvaterra-proseguen-os-enfrontamentos-na-raia-seca\/"},"author":{"name":"Ant\u00f3n Lorenzo Gonz\u00e1lez","@id":"https:\/\/www.anovapeneira.gal\/#\/schema\/person\/1bf91cd240796d05b6522e3d8a6e2d8e"},"headline":"Cousas de Salvaterra. Proseguen os enfrontamentos na raia seca","datePublished":"2021-12-27T11:00:45+00:00","mainEntityOfPage":{"@id":"https:\/\/www.anovapeneira.gal\/index.php\/2021\/12\/27\/cousas-de-salvaterra-proseguen-os-enfrontamentos-na-raia-seca\/"},"wordCount":1344,"commentCount":0,"publisher":{"@id":"https:\/\/www.anovapeneira.gal\/#organization"},"image":{"@id":"https:\/\/www.anovapeneira.gal\/index.php\/2021\/12\/27\/cousas-de-salvaterra-proseguen-os-enfrontamentos-na-raia-seca\/#primaryimage"},"thumbnailUrl":"https:\/\/www.anovapeneira.gal\/wp-content\/uploads\/2021\/12\/igrexa_de_santo_cristobo_2.jpg","keywords":["Concello de Salvaterra do Mi\u00f1o"],"articleSection":["Artigos de opini\u00f3n"],"inLanguage":"gl-ES","potentialAction":[{"@type":"CommentAction","name":"Comment","target":["https:\/\/www.anovapeneira.gal\/index.php\/2021\/12\/27\/cousas-de-salvaterra-proseguen-os-enfrontamentos-na-raia-seca\/#respond"]}]},{"@type":"WebPage","@id":"https:\/\/www.anovapeneira.gal\/index.php\/2021\/12\/27\/cousas-de-salvaterra-proseguen-os-enfrontamentos-na-raia-seca\/","url":"https:\/\/www.anovapeneira.gal\/index.php\/2021\/12\/27\/cousas-de-salvaterra-proseguen-os-enfrontamentos-na-raia-seca\/","name":"Cousas de Salvaterra. Proseguen os enfrontamentos na raia seca -","isPartOf":{"@id":"https:\/\/www.anovapeneira.gal\/#website"},"primaryImageOfPage":{"@id":"https:\/\/www.anovapeneira.gal\/index.php\/2021\/12\/27\/cousas-de-salvaterra-proseguen-os-enfrontamentos-na-raia-seca\/#primaryimage"},"image":{"@id":"https:\/\/www.anovapeneira.gal\/index.php\/2021\/12\/27\/cousas-de-salvaterra-proseguen-os-enfrontamentos-na-raia-seca\/#primaryimage"},"thumbnailUrl":"https:\/\/www.anovapeneira.gal\/wp-content\/uploads\/2021\/12\/igrexa_de_santo_cristobo_2.jpg","datePublished":"2021-12-27T11:00:45+00:00","description":"O relato que de seguido podedes ler, inda non ocorrendo directamente en Salvaterra, \u00e9 preciso contalo por ver a situaci\u00f3n xeral do que acontec\u00eda e que finalmente rematar\u00e1 coa toma da nosa vila en mans dos portugueses por espazo de dezaseis anos","breadcrumb":{"@id":"https:\/\/www.anovapeneira.gal\/index.php\/2021\/12\/27\/cousas-de-salvaterra-proseguen-os-enfrontamentos-na-raia-seca\/#breadcrumb"},"inLanguage":"gl-ES","potentialAction":[{"@type":"ReadAction","target":["https:\/\/www.anovapeneira.gal\/index.php\/2021\/12\/27\/cousas-de-salvaterra-proseguen-os-enfrontamentos-na-raia-seca\/"]}]},{"@type":"ImageObject","inLanguage":"gl-ES","@id":"https:\/\/www.anovapeneira.gal\/index.php\/2021\/12\/27\/cousas-de-salvaterra-proseguen-os-enfrontamentos-na-raia-seca\/#primaryimage","url":"https:\/\/www.anovapeneira.gal\/wp-content\/uploads\/2021\/12\/igrexa_de_santo_cristobo_2.jpg","contentUrl":"https:\/\/www.anovapeneira.gal\/wp-content\/uploads\/2021\/12\/igrexa_de_santo_cristobo_2.jpg","width":720,"height":432,"caption":"Cousas de Salvaterra. Proseguen os enfrontamentos na raia seca."},{"@type":"BreadcrumbList","@id":"https:\/\/www.anovapeneira.gal\/index.php\/2021\/12\/27\/cousas-de-salvaterra-proseguen-os-enfrontamentos-na-raia-seca\/#breadcrumb","itemListElement":[{"@type":"ListItem","position":1,"name":"Portada","item":"https:\/\/www.anovapeneira.gal\/"},{"@type":"ListItem","position":2,"name":"Cousas de Salvaterra. Proseguen os enfrontamentos na raia seca"}]},{"@type":"WebSite","@id":"https:\/\/www.anovapeneira.gal\/#website","url":"https:\/\/www.anovapeneira.gal\/","name":"","description":"Xornal galego de informaci\u00f3n xeral Publicaci\u00f3n mensual de novas de Galicia e en especial dos Concellos da sur da provincia de Pontevedra.","publisher":{"@id":"https:\/\/www.anovapeneira.gal\/#organization"},"potentialAction":[{"@type":"SearchAction","target":{"@type":"EntryPoint","urlTemplate":"https:\/\/www.anovapeneira.gal\/?s={search_term_string}"},"query-input":{"@type":"PropertyValueSpecification","valueRequired":true,"valueName":"search_term_string"}}],"inLanguage":"gl-ES"},{"@type":"Organization","@id":"https:\/\/www.anovapeneira.gal\/#organization","name":"A Nova Peneira","url":"https:\/\/www.anovapeneira.gal\/","logo":{"@type":"ImageObject","inLanguage":"gl-ES","@id":"https:\/\/www.anovapeneira.gal\/#\/schema\/logo\/image\/","url":"http:\/\/www.anovapeneira.gal\/wp-content\/uploads\/2019\/06\/logo_a_nova_peneira_portal_web.png","contentUrl":"http:\/\/www.anovapeneira.gal\/wp-content\/uploads\/2019\/06\/logo_a_nova_peneira_portal_web.png","width":300,"height":100,"caption":"A Nova Peneira"},"image":{"@id":"https:\/\/www.anovapeneira.gal\/#\/schema\/logo\/image\/"},"sameAs":["https:\/\/www.facebook.com\/anovapeneira","https:\/\/x.com\/APeneira"]},{"@type":"Person","@id":"https:\/\/www.anovapeneira.gal\/#\/schema\/person\/1bf91cd240796d05b6522e3d8a6e2d8e","name":"Ant\u00f3n Lorenzo Gonz\u00e1lez","image":{"@type":"ImageObject","inLanguage":"gl-ES","@id":"https:\/\/secure.gravatar.com\/avatar\/dcd882e8f4338e07610336943426400d525673506eb37ce59442ba704e5cc971?s=96&d=mm&r=g","url":"https:\/\/secure.gravatar.com\/avatar\/dcd882e8f4338e07610336943426400d525673506eb37ce59442ba704e5cc971?s=96&d=mm&r=g","contentUrl":"https:\/\/secure.gravatar.com\/avatar\/dcd882e8f4338e07610336943426400d525673506eb37ce59442ba704e5cc971?s=96&d=mm&r=g","caption":"Ant\u00f3n Lorenzo Gonz\u00e1lez"},"url":"https:\/\/www.anovapeneira.gal\/index.php\/author\/xaque\/"}]}},"jetpack_featured_media_url":"https:\/\/www.anovapeneira.gal\/wp-content\/uploads\/2021\/12\/igrexa_de_santo_cristobo_2.jpg","_links":{"self":[{"href":"https:\/\/www.anovapeneira.gal\/index.php\/wp-json\/wp\/v2\/posts\/6660","targetHints":{"allow":["GET"]}}],"collection":[{"href":"https:\/\/www.anovapeneira.gal\/index.php\/wp-json\/wp\/v2\/posts"}],"about":[{"href":"https:\/\/www.anovapeneira.gal\/index.php\/wp-json\/wp\/v2\/types\/post"}],"author":[{"embeddable":true,"href":"https:\/\/www.anovapeneira.gal\/index.php\/wp-json\/wp\/v2\/users\/34"}],"replies":[{"embeddable":true,"href":"https:\/\/www.anovapeneira.gal\/index.php\/wp-json\/wp\/v2\/comments?post=6660"}],"version-history":[{"count":1,"href":"https:\/\/www.anovapeneira.gal\/index.php\/wp-json\/wp\/v2\/posts\/6660\/revisions"}],"predecessor-version":[{"id":6663,"href":"https:\/\/www.anovapeneira.gal\/index.php\/wp-json\/wp\/v2\/posts\/6660\/revisions\/6663"}],"wp:featuredmedia":[{"embeddable":true,"href":"https:\/\/www.anovapeneira.gal\/index.php\/wp-json\/wp\/v2\/media\/6662"}],"wp:attachment":[{"href":"https:\/\/www.anovapeneira.gal\/index.php\/wp-json\/wp\/v2\/media?parent=6660"}],"wp:term":[{"taxonomy":"category","embeddable":true,"href":"https:\/\/www.anovapeneira.gal\/index.php\/wp-json\/wp\/v2\/categories?post=6660"},{"taxonomy":"post_tag","embeddable":true,"href":"https:\/\/www.anovapeneira.gal\/index.php\/wp-json\/wp\/v2\/tags?post=6660"}],"curies":[{"name":"wp","href":"https:\/\/api.w.org\/{rel}","templated":true}]}}