{"id":6666,"date":"2021-12-28T12:00:42","date_gmt":"2021-12-28T11:00:42","guid":{"rendered":"https:\/\/www.anovapeneira.gal\/?p=6666"},"modified":"2021-12-20T14:14:02","modified_gmt":"2021-12-20T13:14:02","slug":"bonos","status":"publish","type":"post","link":"https:\/\/www.anovapeneira.gal\/index.php\/2021\/12\/28\/bonos\/","title":{"rendered":"Bonos"},"content":{"rendered":"\n<figure class=\"wp-block-image size-full is-resized\"><img loading=\"lazy\" decoding=\"async\" src=\"https:\/\/www.anovapeneira.gal\/wp-content\/uploads\/2021\/04\/retrato_fernando_miranda.jpg\" alt=\"Fernando Miranda\" class=\"wp-image-5285\" width=\"95\" height=\"115\"\/><figcaption>Fernando Miranda. Libreiro de Bueu<\/figcaption><\/figure>\n\n\n\n<p>O m\u00e9rcores 15 de decembro alg\u00fans diarios galegos publicaban unha p\u00e1xina de publicidade promocionando o bono cultura da Xunta de Galicia.<\/p>\n\n\n\n<p>Dous d\u00edas antes as librer\u00edas recibiamos uns pregos de papel impresos coa publicidade deste campa\u00f1a da que apenas un par de semanas antes recib\u00edramos unhas bolsa de tea.<\/p>\n\n\n\n<p>Toda esta in\u00fatil e tard\u00eda publicidade so serve para convencernos do \u00e9xito dunha campa\u00f1a que \u00e9 inxusta desde o mesmo momento da activaci\u00f3n.<\/p>\n\n\n\n<p>O acceso ao Bono Cultural activouse o 1 de novembro v\u00eda internet e s\u00f3 o 1% da poboaci\u00f3n galega tivo a sorte de acceder a el. P\u00f3dese argumentar que todas as galegas e todos os galegos estabamos en igualdade de oportunidades para conseguilo.<\/p>\n\n\n\n<p>P\u00f3dese usar ese argumento pero \u00e9 falso. O feito de que s\u00f3 @s primeiros galegos que accedesen \u00e1 p\u00e1xina web que creou a Xunta para esta campa\u00f1a se puidesen rexistrar fixo que o bono esta en mans de xente posta ao d\u00eda nas novas tecnolox\u00edas e con acceso a unha boa conexi\u00f3n a internet. E isto non sucede nin en todas as capas sociais nin en todo o territorio galego.<\/p>\n\n\n\n<p>Son dos primeiros en saber dos beneficios deste gran avance tecnol\u00f3xico que estamos a vivir mais non por iso debemos usalo para deixar na estacada a quen non se suba a este tren. E moito menos con cartos que saen do peto de tod@s<\/p>\n\n\n\n<p>As\u00ed a todo o que peor me parece \u00e9 a campa\u00f1a propagand\u00edstica que fai a Xunto da s\u00faa suposta boa xesti\u00f3n se non se pode acceder ao Bono Cultural desde o mesmo d\u00eda en que se puso en marcha, o un de novembro. A que ve\u00f1en todos os cartos malgastados en seguir publicit\u00e1ndoo? Acaso cree a administraci\u00f3n galega que aqueles que o te\u00f1en non saben dos seus beneficios? Ou \u00e9 que non \u00e9 un dispendio sen\u00f3n unha inversi\u00f3n do goberno auton\u00f3mico para ter contentos (e calados) a parte da prensa?<\/p>\n\n\n\n<p>Sempre digo que \u00e9 moi doado facer cr\u00edtica de quen goberna, de quen toma medidas mais tam\u00e9n penso que hai que propo\u00f1er alternativas.<\/p>\n\n\n\n<p>Unha delas \u00e9 o Bono Consume Local que implantou o Concello de Bueu neste mes e, cos posible erros que tam\u00e9n puidera ter, \u00e9 evidente que tivo un rexistro moito m\u00e1is accesible xa que non hab\u00eda l\u00edmite de xente que conseguiu o bono. Por iso, a\u00ednda que non tivera conexi\u00f3n a internet calquer amig@ ou incluso alg\u00fan comerciante pod\u00eda axudar a quen o quixera. Isto conleva que o rexistro non implique unha reserva de cartos sen\u00f3n que a campa\u00f1a remata cando o orzamento se esgote. Un orzamento de 50.000 que a clientela e comerciantes nos pareceu escaso pero que alcanzaba para que se beneficiasen de descontos de ata 75\u20ac m\u00e1is do 5% da poboaci\u00f3n local.<br>O impacto no sector cultural galego e no comercio local de medidas deste tipo \u00e9 moi positivo pero penso que deberiamos tratar de que o beneficio recaise m\u00e1is na poboaci\u00f3n que realmente o necesita.<\/p>\n","protected":false},"excerpt":{"rendered":"<div class=\"mh-excerpt\"><p>O acceso ao Bono Cultural activouse o 1 de novembro v\u00eda internet e s\u00f3 o 1% da poboaci\u00f3n galega tivo a sorte de acceder a el. P\u00f3dese argumentar que todas as galegas e todos os galegos estabamos en igualdade de oportunidades para conseguilo. <a class=\"mh-excerpt-more\" href=\"https:\/\/www.anovapeneira.gal\/index.php\/2021\/12\/28\/bonos\/\" title=\"Bonos\">[&#8230;]<\/a><\/p>\n<\/div>","protected":false},"author":38,"featured_media":584,"comment_status":"open","ping_status":"open","sticky":false,"template":"","format":"standard","meta":{"_exactmetrics_skip_tracking":false,"_exactmetrics_sitenote_active":false,"_exactmetrics_sitenote_note":"","_exactmetrics_sitenote_category":0,"footnotes":""},"categories":[7],"tags":[33,288],"class_list":{"0":"post-6666","1":"post","2":"type-post","3":"status-publish","4":"format-standard","5":"has-post-thumbnail","7":"category-artigos-de-opinion","8":"tag-cultura","9":"tag-literatura"},"yoast_head":"<!-- This site is optimized with the Yoast SEO plugin v27.4 - https:\/\/yoast.com\/product\/yoast-seo-wordpress\/ -->\n<title>Bonos -<\/title>\n<meta name=\"description\" content=\"O acceso ao Bono Cultural activouse o 1 de novembro v\u00eda internet e s\u00f3 o 1% da poboaci\u00f3n galega tivo a sorte de acceder a el. P\u00f3dese argumentar que todas as galegas e todos os galegos estabamos en igualdade de oportunidades para conseguilo.\" \/>\n<meta name=\"robots\" content=\"index, follow, max-snippet:-1, max-image-preview:large, max-video-preview:-1\" \/>\n<link rel=\"canonical\" href=\"https:\/\/www.anovapeneira.gal\/index.php\/2021\/12\/28\/bonos\/\" \/>\n<meta property=\"og:locale\" content=\"gl_ES\" \/>\n<meta property=\"og:type\" content=\"article\" \/>\n<meta property=\"og:title\" content=\"Bonos -\" \/>\n<meta property=\"og:description\" content=\"O acceso ao Bono Cultural activouse o 1 de novembro v\u00eda internet e s\u00f3 o 1% da poboaci\u00f3n galega tivo a sorte de acceder a el. P\u00f3dese argumentar que todas as galegas e todos os galegos estabamos en igualdade de oportunidades para conseguilo.\" \/>\n<meta property=\"og:url\" content=\"https:\/\/www.anovapeneira.gal\/index.php\/2021\/12\/28\/bonos\/\" \/>\n<meta property=\"article:publisher\" content=\"https:\/\/www.facebook.com\/anovapeneira\" \/>\n<meta property=\"article:published_time\" content=\"2021-12-28T11:00:42+00:00\" \/>\n<meta property=\"og:image\" content=\"https:\/\/www.anovapeneira.gal\/wp-content\/uploads\/2021\/04\/Fernando_Miranda_Libreiro_Bueu.jpg\" \/>\n\t<meta property=\"og:image:width\" content=\"720\" \/>\n\t<meta property=\"og:image:height\" content=\"432\" \/>\n\t<meta property=\"og:image:type\" content=\"image\/jpeg\" \/>\n<meta name=\"author\" content=\"Fernando Miranda Est\u00e9vez\" \/>\n<meta name=\"twitter:card\" content=\"summary_large_image\" \/>\n<meta name=\"twitter:image\" content=\"https:\/\/www.anovapeneira.gal\/wp-content\/uploads\/2021\/04\/Fernando_Miranda_Libreiro_Bueu.jpg\" \/>\n<meta name=\"twitter:creator\" content=\"@APeneira\" \/>\n<meta name=\"twitter:site\" content=\"@APeneira\" \/>\n<meta name=\"twitter:label1\" content=\"Escrito por\" \/>\n\t<meta name=\"twitter:data1\" content=\"Fernando Miranda Est\u00e9vez\" \/>\n\t<meta name=\"twitter:label2\" content=\"Tempo de lectura\" \/>\n\t<meta name=\"twitter:data2\" content=\"3 minutos\" \/>\n<script type=\"application\/ld+json\" class=\"yoast-schema-graph\">{\"@context\":\"https:\\\/\\\/schema.org\",\"@graph\":[{\"@type\":\"Article\",\"@id\":\"https:\\\/\\\/www.anovapeneira.gal\\\/index.php\\\/2021\\\/12\\\/28\\\/bonos\\\/#article\",\"isPartOf\":{\"@id\":\"https:\\\/\\\/www.anovapeneira.gal\\\/index.php\\\/2021\\\/12\\\/28\\\/bonos\\\/\"},\"author\":{\"name\":\"Fernando Miranda Est\u00e9vez\",\"@id\":\"https:\\\/\\\/www.anovapeneira.gal\\\/#\\\/schema\\\/person\\\/2e1b05e40bb557c3dc0a175352f7c5db\"},\"headline\":\"Bonos\",\"datePublished\":\"2021-12-28T11:00:42+00:00\",\"mainEntityOfPage\":{\"@id\":\"https:\\\/\\\/www.anovapeneira.gal\\\/index.php\\\/2021\\\/12\\\/28\\\/bonos\\\/\"},\"wordCount\":532,\"commentCount\":0,\"publisher\":{\"@id\":\"https:\\\/\\\/www.anovapeneira.gal\\\/#organization\"},\"image\":{\"@id\":\"https:\\\/\\\/www.anovapeneira.gal\\\/index.php\\\/2021\\\/12\\\/28\\\/bonos\\\/#primaryimage\"},\"thumbnailUrl\":\"https:\\\/\\\/www.anovapeneira.gal\\\/wp-content\\\/uploads\\\/2019\\\/07\\\/ARTIGO_DE_OPINION_A_NOVA_PENEIRA.jpg\",\"keywords\":[\"Cultura\",\"Literatura\"],\"articleSection\":[\"Artigos de opini\u00f3n\"],\"inLanguage\":\"gl-ES\",\"potentialAction\":[{\"@type\":\"CommentAction\",\"name\":\"Comment\",\"target\":[\"https:\\\/\\\/www.anovapeneira.gal\\\/index.php\\\/2021\\\/12\\\/28\\\/bonos\\\/#respond\"]}]},{\"@type\":\"WebPage\",\"@id\":\"https:\\\/\\\/www.anovapeneira.gal\\\/index.php\\\/2021\\\/12\\\/28\\\/bonos\\\/\",\"url\":\"https:\\\/\\\/www.anovapeneira.gal\\\/index.php\\\/2021\\\/12\\\/28\\\/bonos\\\/\",\"name\":\"Bonos -\",\"isPartOf\":{\"@id\":\"https:\\\/\\\/www.anovapeneira.gal\\\/#website\"},\"primaryImageOfPage\":{\"@id\":\"https:\\\/\\\/www.anovapeneira.gal\\\/index.php\\\/2021\\\/12\\\/28\\\/bonos\\\/#primaryimage\"},\"image\":{\"@id\":\"https:\\\/\\\/www.anovapeneira.gal\\\/index.php\\\/2021\\\/12\\\/28\\\/bonos\\\/#primaryimage\"},\"thumbnailUrl\":\"https:\\\/\\\/www.anovapeneira.gal\\\/wp-content\\\/uploads\\\/2019\\\/07\\\/ARTIGO_DE_OPINION_A_NOVA_PENEIRA.jpg\",\"datePublished\":\"2021-12-28T11:00:42+00:00\",\"description\":\"O acceso ao Bono Cultural activouse o 1 de novembro v\u00eda internet e s\u00f3 o 1% da poboaci\u00f3n galega tivo a sorte de acceder a el. P\u00f3dese argumentar que todas as galegas e todos os galegos estabamos en igualdade de oportunidades para conseguilo.\",\"breadcrumb\":{\"@id\":\"https:\\\/\\\/www.anovapeneira.gal\\\/index.php\\\/2021\\\/12\\\/28\\\/bonos\\\/#breadcrumb\"},\"inLanguage\":\"gl-ES\",\"potentialAction\":[{\"@type\":\"ReadAction\",\"target\":[\"https:\\\/\\\/www.anovapeneira.gal\\\/index.php\\\/2021\\\/12\\\/28\\\/bonos\\\/\"]}]},{\"@type\":\"ImageObject\",\"inLanguage\":\"gl-ES\",\"@id\":\"https:\\\/\\\/www.anovapeneira.gal\\\/index.php\\\/2021\\\/12\\\/28\\\/bonos\\\/#primaryimage\",\"url\":\"https:\\\/\\\/www.anovapeneira.gal\\\/wp-content\\\/uploads\\\/2019\\\/07\\\/ARTIGO_DE_OPINION_A_NOVA_PENEIRA.jpg\",\"contentUrl\":\"https:\\\/\\\/www.anovapeneira.gal\\\/wp-content\\\/uploads\\\/2019\\\/07\\\/ARTIGO_DE_OPINION_A_NOVA_PENEIRA.jpg\",\"width\":720,\"height\":473,\"caption\":\"Artigo de opini\u00f3n A Nova Peneira\"},{\"@type\":\"BreadcrumbList\",\"@id\":\"https:\\\/\\\/www.anovapeneira.gal\\\/index.php\\\/2021\\\/12\\\/28\\\/bonos\\\/#breadcrumb\",\"itemListElement\":[{\"@type\":\"ListItem\",\"position\":1,\"name\":\"Portada\",\"item\":\"https:\\\/\\\/www.anovapeneira.gal\\\/\"},{\"@type\":\"ListItem\",\"position\":2,\"name\":\"Bonos\"}]},{\"@type\":\"WebSite\",\"@id\":\"https:\\\/\\\/www.anovapeneira.gal\\\/#website\",\"url\":\"https:\\\/\\\/www.anovapeneira.gal\\\/\",\"name\":\"\",\"description\":\"Xornal galego de informaci\u00f3n xeral Publicaci\u00f3n mensual de novas de Galicia e en especial dos Concellos da sur da provincia de Pontevedra.\",\"publisher\":{\"@id\":\"https:\\\/\\\/www.anovapeneira.gal\\\/#organization\"},\"potentialAction\":[{\"@type\":\"SearchAction\",\"target\":{\"@type\":\"EntryPoint\",\"urlTemplate\":\"https:\\\/\\\/www.anovapeneira.gal\\\/?s={search_term_string}\"},\"query-input\":{\"@type\":\"PropertyValueSpecification\",\"valueRequired\":true,\"valueName\":\"search_term_string\"}}],\"inLanguage\":\"gl-ES\"},{\"@type\":\"Organization\",\"@id\":\"https:\\\/\\\/www.anovapeneira.gal\\\/#organization\",\"name\":\"A Nova Peneira\",\"url\":\"https:\\\/\\\/www.anovapeneira.gal\\\/\",\"logo\":{\"@type\":\"ImageObject\",\"inLanguage\":\"gl-ES\",\"@id\":\"https:\\\/\\\/www.anovapeneira.gal\\\/#\\\/schema\\\/logo\\\/image\\\/\",\"url\":\"http:\\\/\\\/www.anovapeneira.gal\\\/wp-content\\\/uploads\\\/2019\\\/06\\\/logo_a_nova_peneira_portal_web.png\",\"contentUrl\":\"http:\\\/\\\/www.anovapeneira.gal\\\/wp-content\\\/uploads\\\/2019\\\/06\\\/logo_a_nova_peneira_portal_web.png\",\"width\":300,\"height\":100,\"caption\":\"A Nova Peneira\"},\"image\":{\"@id\":\"https:\\\/\\\/www.anovapeneira.gal\\\/#\\\/schema\\\/logo\\\/image\\\/\"},\"sameAs\":[\"https:\\\/\\\/www.facebook.com\\\/anovapeneira\",\"https:\\\/\\\/x.com\\\/APeneira\"]},{\"@type\":\"Person\",\"@id\":\"https:\\\/\\\/www.anovapeneira.gal\\\/#\\\/schema\\\/person\\\/2e1b05e40bb557c3dc0a175352f7c5db\",\"name\":\"Fernando Miranda Est\u00e9vez\",\"image\":{\"@type\":\"ImageObject\",\"inLanguage\":\"gl-ES\",\"@id\":\"https:\\\/\\\/secure.gravatar.com\\\/avatar\\\/20fcdf350ac9152adc4a2baf08c10ddb3bb475a1881e6915a2a1e7936bd5cc68?s=96&d=mm&r=g\",\"url\":\"https:\\\/\\\/secure.gravatar.com\\\/avatar\\\/20fcdf350ac9152adc4a2baf08c10ddb3bb475a1881e6915a2a1e7936bd5cc68?s=96&d=mm&r=g\",\"contentUrl\":\"https:\\\/\\\/secure.gravatar.com\\\/avatar\\\/20fcdf350ac9152adc4a2baf08c10ddb3bb475a1881e6915a2a1e7936bd5cc68?s=96&d=mm&r=g\",\"caption\":\"Fernando Miranda Est\u00e9vez\"},\"url\":\"https:\\\/\\\/www.anovapeneira.gal\\\/index.php\\\/author\\\/fernandomiranda\\\/\"}]}<\/script>\n<!-- \/ Yoast SEO plugin. -->","yoast_head_json":{"title":"Bonos -","description":"O acceso ao Bono Cultural activouse o 1 de novembro v\u00eda internet e s\u00f3 o 1% da poboaci\u00f3n galega tivo a sorte de acceder a el. P\u00f3dese argumentar que todas as galegas e todos os galegos estabamos en igualdade de oportunidades para conseguilo.","robots":{"index":"index","follow":"follow","max-snippet":"max-snippet:-1","max-image-preview":"max-image-preview:large","max-video-preview":"max-video-preview:-1"},"canonical":"https:\/\/www.anovapeneira.gal\/index.php\/2021\/12\/28\/bonos\/","og_locale":"gl_ES","og_type":"article","og_title":"Bonos -","og_description":"O acceso ao Bono Cultural activouse o 1 de novembro v\u00eda internet e s\u00f3 o 1% da poboaci\u00f3n galega tivo a sorte de acceder a el. P\u00f3dese argumentar que todas as galegas e todos os galegos estabamos en igualdade de oportunidades para conseguilo.","og_url":"https:\/\/www.anovapeneira.gal\/index.php\/2021\/12\/28\/bonos\/","article_publisher":"https:\/\/www.facebook.com\/anovapeneira","article_published_time":"2021-12-28T11:00:42+00:00","og_image":[{"width":720,"height":432,"url":"https:\/\/www.anovapeneira.gal\/wp-content\/uploads\/2021\/04\/Fernando_Miranda_Libreiro_Bueu.jpg","type":"image\/jpeg"}],"author":"Fernando Miranda Est\u00e9vez","twitter_card":"summary_large_image","twitter_image":"https:\/\/www.anovapeneira.gal\/wp-content\/uploads\/2021\/04\/Fernando_Miranda_Libreiro_Bueu.jpg","twitter_creator":"@APeneira","twitter_site":"@APeneira","twitter_misc":{"Escrito por":"Fernando Miranda Est\u00e9vez","Tempo de lectura":"3 minutos"},"schema":{"@context":"https:\/\/schema.org","@graph":[{"@type":"Article","@id":"https:\/\/www.anovapeneira.gal\/index.php\/2021\/12\/28\/bonos\/#article","isPartOf":{"@id":"https:\/\/www.anovapeneira.gal\/index.php\/2021\/12\/28\/bonos\/"},"author":{"name":"Fernando Miranda Est\u00e9vez","@id":"https:\/\/www.anovapeneira.gal\/#\/schema\/person\/2e1b05e40bb557c3dc0a175352f7c5db"},"headline":"Bonos","datePublished":"2021-12-28T11:00:42+00:00","mainEntityOfPage":{"@id":"https:\/\/www.anovapeneira.gal\/index.php\/2021\/12\/28\/bonos\/"},"wordCount":532,"commentCount":0,"publisher":{"@id":"https:\/\/www.anovapeneira.gal\/#organization"},"image":{"@id":"https:\/\/www.anovapeneira.gal\/index.php\/2021\/12\/28\/bonos\/#primaryimage"},"thumbnailUrl":"https:\/\/www.anovapeneira.gal\/wp-content\/uploads\/2019\/07\/ARTIGO_DE_OPINION_A_NOVA_PENEIRA.jpg","keywords":["Cultura","Literatura"],"articleSection":["Artigos de opini\u00f3n"],"inLanguage":"gl-ES","potentialAction":[{"@type":"CommentAction","name":"Comment","target":["https:\/\/www.anovapeneira.gal\/index.php\/2021\/12\/28\/bonos\/#respond"]}]},{"@type":"WebPage","@id":"https:\/\/www.anovapeneira.gal\/index.php\/2021\/12\/28\/bonos\/","url":"https:\/\/www.anovapeneira.gal\/index.php\/2021\/12\/28\/bonos\/","name":"Bonos -","isPartOf":{"@id":"https:\/\/www.anovapeneira.gal\/#website"},"primaryImageOfPage":{"@id":"https:\/\/www.anovapeneira.gal\/index.php\/2021\/12\/28\/bonos\/#primaryimage"},"image":{"@id":"https:\/\/www.anovapeneira.gal\/index.php\/2021\/12\/28\/bonos\/#primaryimage"},"thumbnailUrl":"https:\/\/www.anovapeneira.gal\/wp-content\/uploads\/2019\/07\/ARTIGO_DE_OPINION_A_NOVA_PENEIRA.jpg","datePublished":"2021-12-28T11:00:42+00:00","description":"O acceso ao Bono Cultural activouse o 1 de novembro v\u00eda internet e s\u00f3 o 1% da poboaci\u00f3n galega tivo a sorte de acceder a el. P\u00f3dese argumentar que todas as galegas e todos os galegos estabamos en igualdade de oportunidades para conseguilo.","breadcrumb":{"@id":"https:\/\/www.anovapeneira.gal\/index.php\/2021\/12\/28\/bonos\/#breadcrumb"},"inLanguage":"gl-ES","potentialAction":[{"@type":"ReadAction","target":["https:\/\/www.anovapeneira.gal\/index.php\/2021\/12\/28\/bonos\/"]}]},{"@type":"ImageObject","inLanguage":"gl-ES","@id":"https:\/\/www.anovapeneira.gal\/index.php\/2021\/12\/28\/bonos\/#primaryimage","url":"https:\/\/www.anovapeneira.gal\/wp-content\/uploads\/2019\/07\/ARTIGO_DE_OPINION_A_NOVA_PENEIRA.jpg","contentUrl":"https:\/\/www.anovapeneira.gal\/wp-content\/uploads\/2019\/07\/ARTIGO_DE_OPINION_A_NOVA_PENEIRA.jpg","width":720,"height":473,"caption":"Artigo de opini\u00f3n A Nova Peneira"},{"@type":"BreadcrumbList","@id":"https:\/\/www.anovapeneira.gal\/index.php\/2021\/12\/28\/bonos\/#breadcrumb","itemListElement":[{"@type":"ListItem","position":1,"name":"Portada","item":"https:\/\/www.anovapeneira.gal\/"},{"@type":"ListItem","position":2,"name":"Bonos"}]},{"@type":"WebSite","@id":"https:\/\/www.anovapeneira.gal\/#website","url":"https:\/\/www.anovapeneira.gal\/","name":"","description":"Xornal galego de informaci\u00f3n xeral Publicaci\u00f3n mensual de novas de Galicia e en especial dos Concellos da sur da provincia de Pontevedra.","publisher":{"@id":"https:\/\/www.anovapeneira.gal\/#organization"},"potentialAction":[{"@type":"SearchAction","target":{"@type":"EntryPoint","urlTemplate":"https:\/\/www.anovapeneira.gal\/?s={search_term_string}"},"query-input":{"@type":"PropertyValueSpecification","valueRequired":true,"valueName":"search_term_string"}}],"inLanguage":"gl-ES"},{"@type":"Organization","@id":"https:\/\/www.anovapeneira.gal\/#organization","name":"A Nova Peneira","url":"https:\/\/www.anovapeneira.gal\/","logo":{"@type":"ImageObject","inLanguage":"gl-ES","@id":"https:\/\/www.anovapeneira.gal\/#\/schema\/logo\/image\/","url":"http:\/\/www.anovapeneira.gal\/wp-content\/uploads\/2019\/06\/logo_a_nova_peneira_portal_web.png","contentUrl":"http:\/\/www.anovapeneira.gal\/wp-content\/uploads\/2019\/06\/logo_a_nova_peneira_portal_web.png","width":300,"height":100,"caption":"A Nova Peneira"},"image":{"@id":"https:\/\/www.anovapeneira.gal\/#\/schema\/logo\/image\/"},"sameAs":["https:\/\/www.facebook.com\/anovapeneira","https:\/\/x.com\/APeneira"]},{"@type":"Person","@id":"https:\/\/www.anovapeneira.gal\/#\/schema\/person\/2e1b05e40bb557c3dc0a175352f7c5db","name":"Fernando Miranda Est\u00e9vez","image":{"@type":"ImageObject","inLanguage":"gl-ES","@id":"https:\/\/secure.gravatar.com\/avatar\/20fcdf350ac9152adc4a2baf08c10ddb3bb475a1881e6915a2a1e7936bd5cc68?s=96&d=mm&r=g","url":"https:\/\/secure.gravatar.com\/avatar\/20fcdf350ac9152adc4a2baf08c10ddb3bb475a1881e6915a2a1e7936bd5cc68?s=96&d=mm&r=g","contentUrl":"https:\/\/secure.gravatar.com\/avatar\/20fcdf350ac9152adc4a2baf08c10ddb3bb475a1881e6915a2a1e7936bd5cc68?s=96&d=mm&r=g","caption":"Fernando Miranda Est\u00e9vez"},"url":"https:\/\/www.anovapeneira.gal\/index.php\/author\/fernandomiranda\/"}]}},"jetpack_featured_media_url":"https:\/\/www.anovapeneira.gal\/wp-content\/uploads\/2019\/07\/ARTIGO_DE_OPINION_A_NOVA_PENEIRA.jpg","_links":{"self":[{"href":"https:\/\/www.anovapeneira.gal\/index.php\/wp-json\/wp\/v2\/posts\/6666","targetHints":{"allow":["GET"]}}],"collection":[{"href":"https:\/\/www.anovapeneira.gal\/index.php\/wp-json\/wp\/v2\/posts"}],"about":[{"href":"https:\/\/www.anovapeneira.gal\/index.php\/wp-json\/wp\/v2\/types\/post"}],"author":[{"embeddable":true,"href":"https:\/\/www.anovapeneira.gal\/index.php\/wp-json\/wp\/v2\/users\/38"}],"replies":[{"embeddable":true,"href":"https:\/\/www.anovapeneira.gal\/index.php\/wp-json\/wp\/v2\/comments?post=6666"}],"version-history":[{"count":1,"href":"https:\/\/www.anovapeneira.gal\/index.php\/wp-json\/wp\/v2\/posts\/6666\/revisions"}],"predecessor-version":[{"id":6667,"href":"https:\/\/www.anovapeneira.gal\/index.php\/wp-json\/wp\/v2\/posts\/6666\/revisions\/6667"}],"wp:featuredmedia":[{"embeddable":true,"href":"https:\/\/www.anovapeneira.gal\/index.php\/wp-json\/wp\/v2\/media\/584"}],"wp:attachment":[{"href":"https:\/\/www.anovapeneira.gal\/index.php\/wp-json\/wp\/v2\/media?parent=6666"}],"wp:term":[{"taxonomy":"category","embeddable":true,"href":"https:\/\/www.anovapeneira.gal\/index.php\/wp-json\/wp\/v2\/categories?post=6666"},{"taxonomy":"post_tag","embeddable":true,"href":"https:\/\/www.anovapeneira.gal\/index.php\/wp-json\/wp\/v2\/tags?post=6666"}],"curies":[{"name":"wp","href":"https:\/\/api.w.org\/{rel}","templated":true}]}}