{"id":667,"date":"2019-07-21T23:48:53","date_gmt":"2019-07-21T21:48:53","guid":{"rendered":"http:\/\/www.anovapeneira.gal\/?p=667"},"modified":"2019-08-25T12:44:18","modified_gmt":"2019-08-25T10:44:18","slug":"feira-do-vino-do-rosal-2019","status":"publish","type":"post","link":"https:\/\/www.anovapeneira.gal\/index.php\/2019\/07\/21\/feira-do-vino-do-rosal-2019\/","title":{"rendered":"Feira do vi\u00f1o do Rosal 2019"},"content":{"rendered":"\n<h2 class=\"wp-block-heading\">Esta feira de vi\u00f1o da Comarca do Baixo Mi\u00f1o, declarada de Interese Tur\u00edstico Galego, ven de celebrar os pasados 12, 13 e 14 de Xullo a s\u00faa XXVII edici\u00f3n<\/h2>\n\n\n\n<pre class=\"wp-block-verse\"><strong>G.FIGUEIREDO<\/strong><br><\/pre>\n\n\n\n<p>Este\nevento t\u00edpico do noso pa\u00eds ten como obxectivo primordial\npromocionar os sectores vin\u00edcolas, conserveiros e de produtos\nt\u00edpicos de horta e flor que se producen no fermoso Val do Rosal.\nEste goza dun  microclima especial que lle d\u00e1 aos seus produtos\nagr\u00edcolas a calidade indiscutible que fai que sexan premiados non s\u00f3\nno pa\u00eds, sen\u00f3n tam\u00e9n en certames internacionais. \n<\/p>\n\n\n\n<p>A c\u00e9ntrica\n Praza  do Calvario, no  Concello  do Rosal, acolleu dez adegas\nparticipantes e tres d\u00edas de celebraci\u00f3n da Feira do Vi\u00f1o Das R\u00edas\nBaixas, foi unha cita ineludible para os amantes do vi\u00f1o, pero tam\u00e9n\npara todos aqueles que desexaron pasar unha xornada agradable gozando\nda gastronom\u00eda e o vi\u00f1o do Baixo Mi\u00f1o. Na propia praza tam\u00e9n se\ninstalou un posto de produtos vexetais, unha  destiler\u00eda e a caseta\ndo @Consello Regulador R\u00edas Baixas.<\/p>\n\n\n\n<p>Ademais, na\ncarpa da festa, con capacidade para unhas 260 persoas, instal\u00e1ronse\n100 mesas altas en forma de barril e outras tantas baixas. Sete\nrestaurantes da zona, inclu\u00eddas  pulpeiras e pasteler\u00edas, ofreceron\ntam\u00e9n os seus produtos para acompa\u00f1ar aos vi\u00f1os.<\/p>\n\n\n\n<p>A maiores\norganizouse unha exposici\u00f3n do 12 ao 28 de xullo na Sala de\nexposici\u00f3ns do Concello de: pintura a cargo de Soky, escultura de\nRogelio Fortes e o colectivo de Grupo Filat\u00e9lico e Numism\u00e1tico Val\ndo Rosal celebrou a s\u00faa XXVI edici\u00f3n no que presentaron o seu\nmataselos conmemorativo que este ano representou a variedade de ca\u00ed\u00f1o\nbranco.<\/p>\n\n\n\n<p>Tam\u00e9n houbo\ntempo para o deporte e para actividades para os m\u00e1is pequechos con\ninchables e talleres gratu\u00edtos para eles, pech\u00e1ndose os tres d\u00edas\nde festexos cun \u00e9xito absoluto de p\u00fablico, segundo informou a\norganizaci\u00f3n.<\/p>\n\n\n\n<p>Desde o\nVenres 12 de Xullo, a festa arrincou \u00e1s 20:00 horas coa lectura do\npreg\u00f3n a cargo de Almudena  Alberca, a primeira  Master  of  Wine de\ntoda Espa\u00f1a. Soamente 380 persoas no mundo exercen este t\u00edtulo, que\nacredita a quen o pos\u00fae como experta ou experto no campo vin\u00edcola.<\/p>\n\n\n\n<p>Despois\ndo preg\u00f3n, \u00e1s 20.30 horas foi Jos\u00e9 Gonz\u00e1lez V\u00e1zquez, Conselleiro\n do Medio Rural, o encargado de inaugurar a mesma cunha das grandes\nnovidades desta edici\u00f3n, presentouse a  Confrar\u00eda de  Cabaqueiros \ndo Vi\u00f1o  do Rosal. Formada polas nova adegas amparadas na\nDenominaci\u00f3n de  Orixe R\u00edas Baixas no Rosal  como Terras  Gauda, \nAdegas Val Mi\u00f1or,  Lagar de  Pedregales, Quinta de Couselo, Adega\nNov\u00e1s, Adega  Aforado, Altos de  Torona,  Lagar de  Cervera e\nSantiago Ruiz, naceron co obxectivo de exaltar a riqueza vitivin\u00edcola\ndo Rosal e a tradici\u00f3n  cabaqueira  que son elaboradores artesanais\nde tella e ladrillo ligados a esta fermosa vila. As\u00ed, nomeouse aos\nnove confrades fundadores e aos honor\u00edficos, entre eles os\nrepresentantes de nove das adegas fundadoras, o conselleiro de Medio\nRural, Jos\u00e9 Gonz\u00e1lez, os alcaldes e alcaldesas do Baixo Mi\u00f1o e o\npresidente do Consello Regulador da  DO R\u00edas Baixas.<\/p>\n\n\n\n<figure class=\"wp-block-image\"><img loading=\"lazy\" decoding=\"async\" width=\"724\" height=\"1024\" src=\"http:\/\/www.anovapeneira.gal\/wp-content\/uploads\/2019\/07\/programa_festa_vino_rosal_a_nova_peneira-724x1024.jpg\" alt=\"\" class=\"wp-image-668\" srcset=\"https:\/\/www.anovapeneira.gal\/wp-content\/uploads\/2019\/07\/programa_festa_vino_rosal_a_nova_peneira.jpg 724w, https:\/\/www.anovapeneira.gal\/wp-content\/uploads\/2019\/07\/programa_festa_vino_rosal_a_nova_peneira-212x300.jpg 212w\" sizes=\"auto, (max-width: 724px) 100vw, 724px\" \/><\/figure>\n\n\n\n<p>\u00c1s 23.00\nfoi o grupo Proles&amp; Ma o que actuou para os asistentes ata \u00e1s\n02.00 da madrugada. \n<\/p>\n\n\n\n<p>S\u00e1bado 13,\n\u00e1s 11.00 horas disputouse a Carreira de  Nenos, \u00e1s 12.oo un\nobradoiro de coci\u00f1a para eles e \u00e1s 13.30 horas o Grupo de Gaitas \nAiri\u00f1os  do  Fol\u00f3n foron os encargados de por a nota musical ao\nevento deste novo d\u00eda de feira. \n<\/p>\n\n\n\n<p>\u00c1s 23.00\nhoras o grupo Terapia de Grupo animou aos presentes coa s\u00faa m\u00fasica\nata as 2.00 horas que a feira pechou as s\u00faas portas ata o d\u00eda\nseguinte. \n<\/p>\n\n\n\n<p>Domingo 14,\n\u00e1s 10:00 horas celebrouse a  Andaina 10 K e \u00e1s 11:00 horas a\nCarreira 10 Km polos vi\u00f1edos dunha ou de d\u00faas das adegas\nparticipantes na Feira. \u00c1s 13.30 foi o grupo das  Pandereteiras \nTremelique as encargadas de amenizar as horas do xantar. \n<\/p>\n\n\n\n<p>Pola tarde,\n\u00e1s 18.30 horas, o grupo  Tonichi e Pacheco deu o toque final ao\nevento musical clausurando a festa \u00e1s  00.00 horas do remate do\ndomingo.<\/p>\n\n\n\n<p>A primeira\nvez que levou a cabo esta festa foi no ano 1993 coincidindo coas\nfestas patronais da vila e o seu obxectivo era a promoci\u00f3n dos\nprodutos t\u00edpicos da comarca do Baixo Mi\u00f1o.<\/p>\n\n\n\n<p>O vi\u00f1o que\nhai na zona do Rosal foi tra\u00eddo polos romanos na antig\u00fcidade debido\na que a zona presentaba a temperatura ideal para a s\u00faa produci\u00f3n.\nNo S-XII os monxes do Mosteiro de Santa Mar\u00eda de Oia eran os\nencargados de coidar as plantaci\u00f3ns do vi\u00f1edo e foi nesta \u00e9poca\ncando o vi\u00f1o tivo o seu maior auxe. \n<\/p>\n\n\n\n<p>A descrici\u00f3n\ndeste vi\u00f1o ser\u00eda branco, novo,  afroitado e de cor amarela palla\nclara.<\/p>\n\n\n\n<p>A feira\nclausurouse o domingo deixando un bo sabor de boca tanto \u00e1\norganizaci\u00f3n como os asistentes \u00e1 mesma e desexando volver o ano\nque ven a unha nova edici\u00f3n XXVIII. \n<\/p>\n","protected":false},"excerpt":{"rendered":"<div class=\"mh-excerpt\"><p>Esta feira de vi\u00f1o da Comarca do Baixo Mi\u00f1o, declarada de Interese Tur\u00edstico Galego, ven de celebrar os pasados 12, 13 e 14 de Xullo a s\u00faa XXVII edici\u00f3n <a class=\"mh-excerpt-more\" href=\"https:\/\/www.anovapeneira.gal\/index.php\/2019\/07\/21\/feira-do-vino-do-rosal-2019\/\" title=\"Feira do vi\u00f1o do Rosal 2019\">[&#8230;]<\/a><\/p>\n<\/div>","protected":false},"author":3,"featured_media":669,"comment_status":"open","ping_status":"open","sticky":false,"template":"","format":"standard","meta":{"_exactmetrics_skip_tracking":false,"_exactmetrics_sitenote_active":false,"_exactmetrics_sitenote_note":"","_exactmetrics_sitenote_category":0,"footnotes":""},"categories":[491],"tags":[131,297,29,298],"class_list":{"0":"post-667","1":"post","2":"type-post","3":"status-publish","4":"format-standard","5":"has-post-thumbnail","7":"category-baixo-mino-reportaxes","8":"tag-concello-do-rosal","9":"tag-feira-do-vino","10":"tag-gastronomia","11":"tag-vino-do-rosal"},"yoast_head":"<!-- This site is optimized with the Yoast SEO plugin v27.4 - https:\/\/yoast.com\/product\/yoast-seo-wordpress\/ -->\n<title>Feira do vi\u00f1o do Rosal 2019 -<\/title>\n<meta name=\"robots\" content=\"index, follow, max-snippet:-1, max-image-preview:large, max-video-preview:-1\" \/>\n<link rel=\"canonical\" href=\"https:\/\/www.anovapeneira.gal\/index.php\/2019\/07\/21\/feira-do-vino-do-rosal-2019\/\" \/>\n<meta property=\"og:locale\" content=\"gl_ES\" \/>\n<meta property=\"og:type\" content=\"article\" \/>\n<meta property=\"og:title\" content=\"Feira do vi\u00f1o do Rosal 2019 -\" \/>\n<meta property=\"og:description\" content=\"Esta feira de vi\u00f1o da Comarca do Baixo Mi\u00f1o, declarada de Interese Tur\u00edstico Galego, ven de celebrar os pasados 12, 13 e 14 de Xullo a s\u00faa XXVII edici\u00f3n [...]\" \/>\n<meta property=\"og:url\" content=\"https:\/\/www.anovapeneira.gal\/index.php\/2019\/07\/21\/feira-do-vino-do-rosal-2019\/\" \/>\n<meta property=\"article:publisher\" content=\"https:\/\/www.facebook.com\/anovapeneira\" \/>\n<meta property=\"article:published_time\" content=\"2019-07-21T21:48:53+00:00\" \/>\n<meta property=\"article:modified_time\" content=\"2019-08-25T10:44:18+00:00\" \/>\n<meta property=\"og:image\" content=\"https:\/\/www.anovapeneira.gal\/wp-content\/uploads\/2019\/07\/festa_do_Rosal_2019_a_nova_peneira.jpg\" \/>\n\t<meta property=\"og:image:width\" content=\"720\" \/>\n\t<meta property=\"og:image:height\" content=\"473\" \/>\n\t<meta property=\"og:image:type\" content=\"image\/jpeg\" \/>\n<meta name=\"author\" content=\"Redacci\u00f3n A Nova Peneira\" \/>\n<meta name=\"twitter:card\" content=\"summary_large_image\" \/>\n<meta name=\"twitter:creator\" content=\"@APeneira\" \/>\n<meta name=\"twitter:site\" content=\"@APeneira\" \/>\n<meta name=\"twitter:label1\" content=\"Escrito por\" \/>\n\t<meta name=\"twitter:data1\" content=\"Redacci\u00f3n A Nova Peneira\" \/>\n\t<meta name=\"twitter:label2\" content=\"Tempo de lectura\" \/>\n\t<meta name=\"twitter:data2\" content=\"4 minutos\" \/>\n<script type=\"application\/ld+json\" class=\"yoast-schema-graph\">{\"@context\":\"https:\\\/\\\/schema.org\",\"@graph\":[{\"@type\":\"Article\",\"@id\":\"https:\\\/\\\/www.anovapeneira.gal\\\/index.php\\\/2019\\\/07\\\/21\\\/feira-do-vino-do-rosal-2019\\\/#article\",\"isPartOf\":{\"@id\":\"https:\\\/\\\/www.anovapeneira.gal\\\/index.php\\\/2019\\\/07\\\/21\\\/feira-do-vino-do-rosal-2019\\\/\"},\"author\":{\"name\":\"Redacci\u00f3n A Nova Peneira\",\"@id\":\"https:\\\/\\\/www.anovapeneira.gal\\\/#\\\/schema\\\/person\\\/b93e3f8932e3f8da96334607eb6ac6aa\"},\"headline\":\"Feira do vi\u00f1o do Rosal 2019\",\"datePublished\":\"2019-07-21T21:48:53+00:00\",\"dateModified\":\"2019-08-25T10:44:18+00:00\",\"mainEntityOfPage\":{\"@id\":\"https:\\\/\\\/www.anovapeneira.gal\\\/index.php\\\/2019\\\/07\\\/21\\\/feira-do-vino-do-rosal-2019\\\/\"},\"wordCount\":864,\"commentCount\":0,\"publisher\":{\"@id\":\"https:\\\/\\\/www.anovapeneira.gal\\\/#organization\"},\"image\":{\"@id\":\"https:\\\/\\\/www.anovapeneira.gal\\\/index.php\\\/2019\\\/07\\\/21\\\/feira-do-vino-do-rosal-2019\\\/#primaryimage\"},\"thumbnailUrl\":\"https:\\\/\\\/www.anovapeneira.gal\\\/wp-content\\\/uploads\\\/2019\\\/07\\\/festa_do_Rosal_2019_a_nova_peneira.jpg\",\"keywords\":[\"Concello do Rosal\",\"Feira do vi\u00f1o\",\"gastronom\u00eda\",\"Vi\u00f1o do rosal\"],\"articleSection\":[\"Baixo Mi\u00f1o\"],\"inLanguage\":\"gl-ES\",\"potentialAction\":[{\"@type\":\"CommentAction\",\"name\":\"Comment\",\"target\":[\"https:\\\/\\\/www.anovapeneira.gal\\\/index.php\\\/2019\\\/07\\\/21\\\/feira-do-vino-do-rosal-2019\\\/#respond\"]}]},{\"@type\":\"WebPage\",\"@id\":\"https:\\\/\\\/www.anovapeneira.gal\\\/index.php\\\/2019\\\/07\\\/21\\\/feira-do-vino-do-rosal-2019\\\/\",\"url\":\"https:\\\/\\\/www.anovapeneira.gal\\\/index.php\\\/2019\\\/07\\\/21\\\/feira-do-vino-do-rosal-2019\\\/\",\"name\":\"Feira do vi\u00f1o do Rosal 2019 -\",\"isPartOf\":{\"@id\":\"https:\\\/\\\/www.anovapeneira.gal\\\/#website\"},\"primaryImageOfPage\":{\"@id\":\"https:\\\/\\\/www.anovapeneira.gal\\\/index.php\\\/2019\\\/07\\\/21\\\/feira-do-vino-do-rosal-2019\\\/#primaryimage\"},\"image\":{\"@id\":\"https:\\\/\\\/www.anovapeneira.gal\\\/index.php\\\/2019\\\/07\\\/21\\\/feira-do-vino-do-rosal-2019\\\/#primaryimage\"},\"thumbnailUrl\":\"https:\\\/\\\/www.anovapeneira.gal\\\/wp-content\\\/uploads\\\/2019\\\/07\\\/festa_do_Rosal_2019_a_nova_peneira.jpg\",\"datePublished\":\"2019-07-21T21:48:53+00:00\",\"dateModified\":\"2019-08-25T10:44:18+00:00\",\"breadcrumb\":{\"@id\":\"https:\\\/\\\/www.anovapeneira.gal\\\/index.php\\\/2019\\\/07\\\/21\\\/feira-do-vino-do-rosal-2019\\\/#breadcrumb\"},\"inLanguage\":\"gl-ES\",\"potentialAction\":[{\"@type\":\"ReadAction\",\"target\":[\"https:\\\/\\\/www.anovapeneira.gal\\\/index.php\\\/2019\\\/07\\\/21\\\/feira-do-vino-do-rosal-2019\\\/\"]}]},{\"@type\":\"ImageObject\",\"inLanguage\":\"gl-ES\",\"@id\":\"https:\\\/\\\/www.anovapeneira.gal\\\/index.php\\\/2019\\\/07\\\/21\\\/feira-do-vino-do-rosal-2019\\\/#primaryimage\",\"url\":\"https:\\\/\\\/www.anovapeneira.gal\\\/wp-content\\\/uploads\\\/2019\\\/07\\\/festa_do_Rosal_2019_a_nova_peneira.jpg\",\"contentUrl\":\"https:\\\/\\\/www.anovapeneira.gal\\\/wp-content\\\/uploads\\\/2019\\\/07\\\/festa_do_Rosal_2019_a_nova_peneira.jpg\",\"width\":720,\"height\":473,\"caption\":\"Festa do vi\u00f1o do Rosal A Nova Peneira\"},{\"@type\":\"BreadcrumbList\",\"@id\":\"https:\\\/\\\/www.anovapeneira.gal\\\/index.php\\\/2019\\\/07\\\/21\\\/feira-do-vino-do-rosal-2019\\\/#breadcrumb\",\"itemListElement\":[{\"@type\":\"ListItem\",\"position\":1,\"name\":\"Portada\",\"item\":\"https:\\\/\\\/www.anovapeneira.gal\\\/\"},{\"@type\":\"ListItem\",\"position\":2,\"name\":\"Feira do vi\u00f1o do Rosal 2019\"}]},{\"@type\":\"WebSite\",\"@id\":\"https:\\\/\\\/www.anovapeneira.gal\\\/#website\",\"url\":\"https:\\\/\\\/www.anovapeneira.gal\\\/\",\"name\":\"\",\"description\":\"Xornal galego de informaci\u00f3n xeral Publicaci\u00f3n mensual de novas de Galicia e en especial dos Concellos da sur da provincia de Pontevedra.\",\"publisher\":{\"@id\":\"https:\\\/\\\/www.anovapeneira.gal\\\/#organization\"},\"potentialAction\":[{\"@type\":\"SearchAction\",\"target\":{\"@type\":\"EntryPoint\",\"urlTemplate\":\"https:\\\/\\\/www.anovapeneira.gal\\\/?s={search_term_string}\"},\"query-input\":{\"@type\":\"PropertyValueSpecification\",\"valueRequired\":true,\"valueName\":\"search_term_string\"}}],\"inLanguage\":\"gl-ES\"},{\"@type\":\"Organization\",\"@id\":\"https:\\\/\\\/www.anovapeneira.gal\\\/#organization\",\"name\":\"A Nova Peneira\",\"url\":\"https:\\\/\\\/www.anovapeneira.gal\\\/\",\"logo\":{\"@type\":\"ImageObject\",\"inLanguage\":\"gl-ES\",\"@id\":\"https:\\\/\\\/www.anovapeneira.gal\\\/#\\\/schema\\\/logo\\\/image\\\/\",\"url\":\"http:\\\/\\\/www.anovapeneira.gal\\\/wp-content\\\/uploads\\\/2019\\\/06\\\/logo_a_nova_peneira_portal_web.png\",\"contentUrl\":\"http:\\\/\\\/www.anovapeneira.gal\\\/wp-content\\\/uploads\\\/2019\\\/06\\\/logo_a_nova_peneira_portal_web.png\",\"width\":300,\"height\":100,\"caption\":\"A Nova Peneira\"},\"image\":{\"@id\":\"https:\\\/\\\/www.anovapeneira.gal\\\/#\\\/schema\\\/logo\\\/image\\\/\"},\"sameAs\":[\"https:\\\/\\\/www.facebook.com\\\/anovapeneira\",\"https:\\\/\\\/x.com\\\/APeneira\"]},{\"@type\":\"Person\",\"@id\":\"https:\\\/\\\/www.anovapeneira.gal\\\/#\\\/schema\\\/person\\\/b93e3f8932e3f8da96334607eb6ac6aa\",\"name\":\"Redacci\u00f3n A Nova Peneira\",\"image\":{\"@type\":\"ImageObject\",\"inLanguage\":\"gl-ES\",\"@id\":\"https:\\\/\\\/secure.gravatar.com\\\/avatar\\\/c052a2551a06e23fac63626232eaa90abd78dbcf1700fc46a2b2c89fd27b735f?s=96&d=mm&r=g\",\"url\":\"https:\\\/\\\/secure.gravatar.com\\\/avatar\\\/c052a2551a06e23fac63626232eaa90abd78dbcf1700fc46a2b2c89fd27b735f?s=96&d=mm&r=g\",\"contentUrl\":\"https:\\\/\\\/secure.gravatar.com\\\/avatar\\\/c052a2551a06e23fac63626232eaa90abd78dbcf1700fc46a2b2c89fd27b735f?s=96&d=mm&r=g\",\"caption\":\"Redacci\u00f3n A Nova Peneira\"},\"sameAs\":[\"http:\\\/\\\/www.anovapeneira.gal\\\/\"],\"url\":\"https:\\\/\\\/www.anovapeneira.gal\\\/index.php\\\/author\\\/redactor\\\/\"}]}<\/script>\n<!-- \/ Yoast SEO plugin. -->","yoast_head_json":{"title":"Feira do vi\u00f1o do Rosal 2019 -","robots":{"index":"index","follow":"follow","max-snippet":"max-snippet:-1","max-image-preview":"max-image-preview:large","max-video-preview":"max-video-preview:-1"},"canonical":"https:\/\/www.anovapeneira.gal\/index.php\/2019\/07\/21\/feira-do-vino-do-rosal-2019\/","og_locale":"gl_ES","og_type":"article","og_title":"Feira do vi\u00f1o do Rosal 2019 -","og_description":"Esta feira de vi\u00f1o da Comarca do Baixo Mi\u00f1o, declarada de Interese Tur\u00edstico Galego, ven de celebrar os pasados 12, 13 e 14 de Xullo a s\u00faa XXVII edici\u00f3n [...]","og_url":"https:\/\/www.anovapeneira.gal\/index.php\/2019\/07\/21\/feira-do-vino-do-rosal-2019\/","article_publisher":"https:\/\/www.facebook.com\/anovapeneira","article_published_time":"2019-07-21T21:48:53+00:00","article_modified_time":"2019-08-25T10:44:18+00:00","og_image":[{"width":720,"height":473,"url":"https:\/\/www.anovapeneira.gal\/wp-content\/uploads\/2019\/07\/festa_do_Rosal_2019_a_nova_peneira.jpg","type":"image\/jpeg"}],"author":"Redacci\u00f3n A Nova Peneira","twitter_card":"summary_large_image","twitter_creator":"@APeneira","twitter_site":"@APeneira","twitter_misc":{"Escrito por":"Redacci\u00f3n A Nova Peneira","Tempo de lectura":"4 minutos"},"schema":{"@context":"https:\/\/schema.org","@graph":[{"@type":"Article","@id":"https:\/\/www.anovapeneira.gal\/index.php\/2019\/07\/21\/feira-do-vino-do-rosal-2019\/#article","isPartOf":{"@id":"https:\/\/www.anovapeneira.gal\/index.php\/2019\/07\/21\/feira-do-vino-do-rosal-2019\/"},"author":{"name":"Redacci\u00f3n A Nova Peneira","@id":"https:\/\/www.anovapeneira.gal\/#\/schema\/person\/b93e3f8932e3f8da96334607eb6ac6aa"},"headline":"Feira do vi\u00f1o do Rosal 2019","datePublished":"2019-07-21T21:48:53+00:00","dateModified":"2019-08-25T10:44:18+00:00","mainEntityOfPage":{"@id":"https:\/\/www.anovapeneira.gal\/index.php\/2019\/07\/21\/feira-do-vino-do-rosal-2019\/"},"wordCount":864,"commentCount":0,"publisher":{"@id":"https:\/\/www.anovapeneira.gal\/#organization"},"image":{"@id":"https:\/\/www.anovapeneira.gal\/index.php\/2019\/07\/21\/feira-do-vino-do-rosal-2019\/#primaryimage"},"thumbnailUrl":"https:\/\/www.anovapeneira.gal\/wp-content\/uploads\/2019\/07\/festa_do_Rosal_2019_a_nova_peneira.jpg","keywords":["Concello do Rosal","Feira do vi\u00f1o","gastronom\u00eda","Vi\u00f1o do rosal"],"articleSection":["Baixo Mi\u00f1o"],"inLanguage":"gl-ES","potentialAction":[{"@type":"CommentAction","name":"Comment","target":["https:\/\/www.anovapeneira.gal\/index.php\/2019\/07\/21\/feira-do-vino-do-rosal-2019\/#respond"]}]},{"@type":"WebPage","@id":"https:\/\/www.anovapeneira.gal\/index.php\/2019\/07\/21\/feira-do-vino-do-rosal-2019\/","url":"https:\/\/www.anovapeneira.gal\/index.php\/2019\/07\/21\/feira-do-vino-do-rosal-2019\/","name":"Feira do vi\u00f1o do Rosal 2019 -","isPartOf":{"@id":"https:\/\/www.anovapeneira.gal\/#website"},"primaryImageOfPage":{"@id":"https:\/\/www.anovapeneira.gal\/index.php\/2019\/07\/21\/feira-do-vino-do-rosal-2019\/#primaryimage"},"image":{"@id":"https:\/\/www.anovapeneira.gal\/index.php\/2019\/07\/21\/feira-do-vino-do-rosal-2019\/#primaryimage"},"thumbnailUrl":"https:\/\/www.anovapeneira.gal\/wp-content\/uploads\/2019\/07\/festa_do_Rosal_2019_a_nova_peneira.jpg","datePublished":"2019-07-21T21:48:53+00:00","dateModified":"2019-08-25T10:44:18+00:00","breadcrumb":{"@id":"https:\/\/www.anovapeneira.gal\/index.php\/2019\/07\/21\/feira-do-vino-do-rosal-2019\/#breadcrumb"},"inLanguage":"gl-ES","potentialAction":[{"@type":"ReadAction","target":["https:\/\/www.anovapeneira.gal\/index.php\/2019\/07\/21\/feira-do-vino-do-rosal-2019\/"]}]},{"@type":"ImageObject","inLanguage":"gl-ES","@id":"https:\/\/www.anovapeneira.gal\/index.php\/2019\/07\/21\/feira-do-vino-do-rosal-2019\/#primaryimage","url":"https:\/\/www.anovapeneira.gal\/wp-content\/uploads\/2019\/07\/festa_do_Rosal_2019_a_nova_peneira.jpg","contentUrl":"https:\/\/www.anovapeneira.gal\/wp-content\/uploads\/2019\/07\/festa_do_Rosal_2019_a_nova_peneira.jpg","width":720,"height":473,"caption":"Festa do vi\u00f1o do Rosal A Nova Peneira"},{"@type":"BreadcrumbList","@id":"https:\/\/www.anovapeneira.gal\/index.php\/2019\/07\/21\/feira-do-vino-do-rosal-2019\/#breadcrumb","itemListElement":[{"@type":"ListItem","position":1,"name":"Portada","item":"https:\/\/www.anovapeneira.gal\/"},{"@type":"ListItem","position":2,"name":"Feira do vi\u00f1o do Rosal 2019"}]},{"@type":"WebSite","@id":"https:\/\/www.anovapeneira.gal\/#website","url":"https:\/\/www.anovapeneira.gal\/","name":"","description":"Xornal galego de informaci\u00f3n xeral Publicaci\u00f3n mensual de novas de Galicia e en especial dos Concellos da sur da provincia de Pontevedra.","publisher":{"@id":"https:\/\/www.anovapeneira.gal\/#organization"},"potentialAction":[{"@type":"SearchAction","target":{"@type":"EntryPoint","urlTemplate":"https:\/\/www.anovapeneira.gal\/?s={search_term_string}"},"query-input":{"@type":"PropertyValueSpecification","valueRequired":true,"valueName":"search_term_string"}}],"inLanguage":"gl-ES"},{"@type":"Organization","@id":"https:\/\/www.anovapeneira.gal\/#organization","name":"A Nova Peneira","url":"https:\/\/www.anovapeneira.gal\/","logo":{"@type":"ImageObject","inLanguage":"gl-ES","@id":"https:\/\/www.anovapeneira.gal\/#\/schema\/logo\/image\/","url":"http:\/\/www.anovapeneira.gal\/wp-content\/uploads\/2019\/06\/logo_a_nova_peneira_portal_web.png","contentUrl":"http:\/\/www.anovapeneira.gal\/wp-content\/uploads\/2019\/06\/logo_a_nova_peneira_portal_web.png","width":300,"height":100,"caption":"A Nova Peneira"},"image":{"@id":"https:\/\/www.anovapeneira.gal\/#\/schema\/logo\/image\/"},"sameAs":["https:\/\/www.facebook.com\/anovapeneira","https:\/\/x.com\/APeneira"]},{"@type":"Person","@id":"https:\/\/www.anovapeneira.gal\/#\/schema\/person\/b93e3f8932e3f8da96334607eb6ac6aa","name":"Redacci\u00f3n A Nova Peneira","image":{"@type":"ImageObject","inLanguage":"gl-ES","@id":"https:\/\/secure.gravatar.com\/avatar\/c052a2551a06e23fac63626232eaa90abd78dbcf1700fc46a2b2c89fd27b735f?s=96&d=mm&r=g","url":"https:\/\/secure.gravatar.com\/avatar\/c052a2551a06e23fac63626232eaa90abd78dbcf1700fc46a2b2c89fd27b735f?s=96&d=mm&r=g","contentUrl":"https:\/\/secure.gravatar.com\/avatar\/c052a2551a06e23fac63626232eaa90abd78dbcf1700fc46a2b2c89fd27b735f?s=96&d=mm&r=g","caption":"Redacci\u00f3n A Nova Peneira"},"sameAs":["http:\/\/www.anovapeneira.gal\/"],"url":"https:\/\/www.anovapeneira.gal\/index.php\/author\/redactor\/"}]}},"jetpack_featured_media_url":"https:\/\/www.anovapeneira.gal\/wp-content\/uploads\/2019\/07\/festa_do_Rosal_2019_a_nova_peneira.jpg","_links":{"self":[{"href":"https:\/\/www.anovapeneira.gal\/index.php\/wp-json\/wp\/v2\/posts\/667","targetHints":{"allow":["GET"]}}],"collection":[{"href":"https:\/\/www.anovapeneira.gal\/index.php\/wp-json\/wp\/v2\/posts"}],"about":[{"href":"https:\/\/www.anovapeneira.gal\/index.php\/wp-json\/wp\/v2\/types\/post"}],"author":[{"embeddable":true,"href":"https:\/\/www.anovapeneira.gal\/index.php\/wp-json\/wp\/v2\/users\/3"}],"replies":[{"embeddable":true,"href":"https:\/\/www.anovapeneira.gal\/index.php\/wp-json\/wp\/v2\/comments?post=667"}],"version-history":[{"count":1,"href":"https:\/\/www.anovapeneira.gal\/index.php\/wp-json\/wp\/v2\/posts\/667\/revisions"}],"predecessor-version":[{"id":670,"href":"https:\/\/www.anovapeneira.gal\/index.php\/wp-json\/wp\/v2\/posts\/667\/revisions\/670"}],"wp:featuredmedia":[{"embeddable":true,"href":"https:\/\/www.anovapeneira.gal\/index.php\/wp-json\/wp\/v2\/media\/669"}],"wp:attachment":[{"href":"https:\/\/www.anovapeneira.gal\/index.php\/wp-json\/wp\/v2\/media?parent=667"}],"wp:term":[{"taxonomy":"category","embeddable":true,"href":"https:\/\/www.anovapeneira.gal\/index.php\/wp-json\/wp\/v2\/categories?post=667"},{"taxonomy":"post_tag","embeddable":true,"href":"https:\/\/www.anovapeneira.gal\/index.php\/wp-json\/wp\/v2\/tags?post=667"}],"curies":[{"name":"wp","href":"https:\/\/api.w.org\/{rel}","templated":true}]}}