{"id":6676,"date":"2021-12-30T10:00:37","date_gmt":"2021-12-30T09:00:37","guid":{"rendered":"https:\/\/www.anovapeneira.gal\/?p=6676"},"modified":"2021-12-23T10:17:52","modified_gmt":"2021-12-23T09:17:52","slug":"mais-de-400-maiores-de-tomino-recibiran-unha-postal-de-nadal-personalizada-chea-de-bos-desexos","status":"publish","type":"post","link":"https:\/\/www.anovapeneira.gal\/index.php\/2021\/12\/30\/mais-de-400-maiores-de-tomino-recibiran-unha-postal-de-nadal-personalizada-chea-de-bos-desexos\/","title":{"rendered":"M\u00e1is de 400 maiores de Tomi\u00f1o recibir\u00e1n unha postal de Nadal personalizada chea de bos desexos"},"content":{"rendered":"\n<h2 class=\"wp-block-heading\"><strong>O Consello da infancia e adolescencia \u2018Voces Novas\u2019 \u00e9 o promotor da iniciativa, \u00e1 que se uniron todos os centros de ensino da vila<\/strong><\/h2>\n\n\n\n<p><strong>Tomi\u00f1o, 22 de decembro de 2021<\/strong><\/p>\n\n\n\n<p>M\u00e1is de 400 persoas maiores de Tomi\u00f1o recibir\u00e1n por correo unha postal personalizada de Nadal e Aninovo, remitida por un dos alumnos ou alumnas dos coles de Primaria e do Instituto de Secundaria da vila.<\/p>\n\n\n\n<p>O Consello da Infancia e Adolescencia Voces Novas de Tomi\u00f1o, organizou a escritura e recollida das misivas, as\u00ed como o env\u00edo a trav\u00e9s de correo postal. Un traballo enorme que non ser\u00eda posible sen a participaci\u00f3n e colaboraci\u00f3n de moitas persoas.<\/p>\n\n\n\n<p>Tr\u00e1tase dunha pr\u00e1ctica que naceu o ano pasado por mor da pandemia e o confinamento, e neste Nadal volve sa\u00edr \u00e1s r\u00faas con m\u00e1is forza e implicaci\u00f3n, tanto do Consello da Infancia e Adolescencia, como dos centros educativos. A concelleira de Eurocidade, Mocidade e Participaci\u00f3n infantil, F\u00e1tima Rodr\u00edguez, agradece a participaci\u00f3n dos centros de ensino de Primaria e Secundaria do concello (CEP Pedro Caselles Beltr\u00e1n, CEIP Pintor Antonio Fern\u00e1ndez, CEIP de Sobrada, CEIP de Tebra, CEIP de Barrantes e&nbsp; IES Ant\u00f3n Alonso R\u00edos), que crearon a trav\u00e9s do seu alumnado m\u00e1is de 400 tarxetas de Nadal pintadas, decoradas con diferentes t\u00e9cnicas e nas que se inclu\u00edron ademais, mensaxes personalizadas para cada unha das persoas que viven nas residencias ou maiores que residen nas s\u00faas vivendas de Tomi\u00f1o.<\/p>\n\n\n\n<p>As tarxetas est\u00e1n sendo <em>ensobradas<\/em> esta semana pola propia concelleira e pola coordinadora do consello. Os sobres, con logo do Concello de Tomi\u00f1o e de Voces Novas portan ademais das tarxetas, unha carta da alcaldesa Sandra Gonz\u00e1lez, explicando a iniciativa. \u201cA mensaxe que vostede ten nas mans foi feita con agarimo e ilusi\u00f3n por un neno ou nena do noso concello, e sabemos que a eles haber\u00e1 de gustarlles recibir resposta\u201d, comenta a rexedora, animando \u00e1s persoas maiores a respostar.<\/p>\n\n\n\n<p>Tomi\u00f1o \u00e9 unha das 10 Cidades Amigas de Infancia reco\u00f1ecidas en Galicia por UNICEF. Un dos requisitos para conseguir esta distinci\u00f3n foi xustamente, ter un Consello da infancia e adolescencia, comprometido co pobo e cos ODS (Obxectivos de Desenvolvemento Sostible) das Naci\u00f3ns Unidas, que incl\u00faen desde a eliminaci\u00f3n da pobreza at\u00e9 a loita en contra do cambio clim\u00e1tico.<\/p>\n","protected":false},"excerpt":{"rendered":"<div class=\"mh-excerpt\"><p>O Consello da infancia e adolescencia \u2018Voces Novas\u2019 \u00e9 o promotor da iniciativa, \u00e1 que se uniron todos os centros de ensino da vila <a class=\"mh-excerpt-more\" href=\"https:\/\/www.anovapeneira.gal\/index.php\/2021\/12\/30\/mais-de-400-maiores-de-tomino-recibiran-unha-postal-de-nadal-personalizada-chea-de-bos-desexos\/\" title=\"M\u00e1is de 400 maiores de Tomi\u00f1o recibir\u00e1n unha postal de Nadal personalizada chea de bos desexos\">[&#8230;]<\/a><\/p>\n<\/div>","protected":false},"author":3,"featured_media":6678,"comment_status":"open","ping_status":"open","sticky":false,"template":"","format":"standard","meta":{"_exactmetrics_skip_tracking":false,"_exactmetrics_sitenote_active":false,"_exactmetrics_sitenote_note":"","_exactmetrics_sitenote_category":0,"footnotes":""},"categories":[21],"tags":[81],"class_list":{"0":"post-6676","1":"post","2":"type-post","3":"status-publish","4":"format-standard","5":"has-post-thumbnail","7":"category-baixo-mino","8":"tag-concello-de-tomino"},"yoast_head":"<!-- This site is optimized with the Yoast SEO plugin v27.5 - https:\/\/yoast.com\/product\/yoast-seo-wordpress\/ -->\n<title>M\u00e1is de 400 maiores de Tomi\u00f1o recibir\u00e1n unha postal de Nadal personalizada chea de bos desexos -<\/title>\n<meta name=\"description\" content=\"O Consello da infancia e adolescencia \u2018Voces Novas\u2019 \u00e9 o promotor da iniciativa, \u00e1 que se uniron todos os centros de ensino da vila\" \/>\n<meta name=\"robots\" content=\"index, follow, max-snippet:-1, max-image-preview:large, max-video-preview:-1\" \/>\n<link rel=\"canonical\" href=\"https:\/\/www.anovapeneira.gal\/index.php\/2021\/12\/30\/mais-de-400-maiores-de-tomino-recibiran-unha-postal-de-nadal-personalizada-chea-de-bos-desexos\/\" \/>\n<meta property=\"og:locale\" content=\"gl_ES\" \/>\n<meta property=\"og:type\" content=\"article\" \/>\n<meta property=\"og:title\" content=\"M\u00e1is de 400 maiores de Tomi\u00f1o recibir\u00e1n unha postal de Nadal personalizada chea de bos desexos -\" \/>\n<meta property=\"og:description\" content=\"O Consello da infancia e adolescencia \u2018Voces Novas\u2019 \u00e9 o promotor da iniciativa, \u00e1 que se uniron todos os centros de ensino da vila\" \/>\n<meta property=\"og:url\" content=\"https:\/\/www.anovapeneira.gal\/index.php\/2021\/12\/30\/mais-de-400-maiores-de-tomino-recibiran-unha-postal-de-nadal-personalizada-chea-de-bos-desexos\/\" \/>\n<meta property=\"article:publisher\" content=\"https:\/\/www.facebook.com\/anovapeneira\" \/>\n<meta property=\"article:published_time\" content=\"2021-12-30T09:00:37+00:00\" \/>\n<meta property=\"og:image\" content=\"https:\/\/www.anovapeneira.gal\/wp-content\/uploads\/2021\/12\/postal_nadal_personalizada_tominho.jpg\" \/>\n\t<meta property=\"og:image:width\" content=\"720\" \/>\n\t<meta property=\"og:image:height\" content=\"432\" \/>\n\t<meta property=\"og:image:type\" content=\"image\/jpeg\" \/>\n<meta name=\"author\" content=\"Redacci\u00f3n A Nova Peneira\" \/>\n<meta name=\"twitter:card\" content=\"summary_large_image\" \/>\n<meta name=\"twitter:creator\" content=\"@APeneira\" \/>\n<meta name=\"twitter:site\" content=\"@APeneira\" \/>\n<meta name=\"twitter:label1\" content=\"Escrito por\" \/>\n\t<meta name=\"twitter:data1\" content=\"Redacci\u00f3n A Nova Peneira\" \/>\n\t<meta name=\"twitter:label2\" content=\"Tempo de lectura\" \/>\n\t<meta name=\"twitter:data2\" content=\"2 minutos\" \/>\n<script type=\"application\/ld+json\" class=\"yoast-schema-graph\">{\"@context\":\"https:\\\/\\\/schema.org\",\"@graph\":[{\"@type\":\"Article\",\"@id\":\"https:\\\/\\\/www.anovapeneira.gal\\\/index.php\\\/2021\\\/12\\\/30\\\/mais-de-400-maiores-de-tomino-recibiran-unha-postal-de-nadal-personalizada-chea-de-bos-desexos\\\/#article\",\"isPartOf\":{\"@id\":\"https:\\\/\\\/www.anovapeneira.gal\\\/index.php\\\/2021\\\/12\\\/30\\\/mais-de-400-maiores-de-tomino-recibiran-unha-postal-de-nadal-personalizada-chea-de-bos-desexos\\\/\"},\"author\":{\"name\":\"Redacci\u00f3n A Nova Peneira\",\"@id\":\"https:\\\/\\\/www.anovapeneira.gal\\\/#\\\/schema\\\/person\\\/b93e3f8932e3f8da96334607eb6ac6aa\"},\"headline\":\"M\u00e1is de 400 maiores de Tomi\u00f1o recibir\u00e1n unha postal de Nadal personalizada chea de bos desexos\",\"datePublished\":\"2021-12-30T09:00:37+00:00\",\"mainEntityOfPage\":{\"@id\":\"https:\\\/\\\/www.anovapeneira.gal\\\/index.php\\\/2021\\\/12\\\/30\\\/mais-de-400-maiores-de-tomino-recibiran-unha-postal-de-nadal-personalizada-chea-de-bos-desexos\\\/\"},\"wordCount\":423,\"commentCount\":0,\"publisher\":{\"@id\":\"https:\\\/\\\/www.anovapeneira.gal\\\/#organization\"},\"image\":{\"@id\":\"https:\\\/\\\/www.anovapeneira.gal\\\/index.php\\\/2021\\\/12\\\/30\\\/mais-de-400-maiores-de-tomino-recibiran-unha-postal-de-nadal-personalizada-chea-de-bos-desexos\\\/#primaryimage\"},\"thumbnailUrl\":\"https:\\\/\\\/www.anovapeneira.gal\\\/wp-content\\\/uploads\\\/2021\\\/12\\\/postal_nadal_personalizada_tominho.jpg\",\"keywords\":[\"Concello de Tomi\u00f1o\"],\"articleSection\":[\"Baixo Mi\u00f1o\"],\"inLanguage\":\"gl-ES\",\"potentialAction\":[{\"@type\":\"CommentAction\",\"name\":\"Comment\",\"target\":[\"https:\\\/\\\/www.anovapeneira.gal\\\/index.php\\\/2021\\\/12\\\/30\\\/mais-de-400-maiores-de-tomino-recibiran-unha-postal-de-nadal-personalizada-chea-de-bos-desexos\\\/#respond\"]}]},{\"@type\":\"WebPage\",\"@id\":\"https:\\\/\\\/www.anovapeneira.gal\\\/index.php\\\/2021\\\/12\\\/30\\\/mais-de-400-maiores-de-tomino-recibiran-unha-postal-de-nadal-personalizada-chea-de-bos-desexos\\\/\",\"url\":\"https:\\\/\\\/www.anovapeneira.gal\\\/index.php\\\/2021\\\/12\\\/30\\\/mais-de-400-maiores-de-tomino-recibiran-unha-postal-de-nadal-personalizada-chea-de-bos-desexos\\\/\",\"name\":\"M\u00e1is de 400 maiores de Tomi\u00f1o recibir\u00e1n unha postal de Nadal personalizada chea de bos desexos -\",\"isPartOf\":{\"@id\":\"https:\\\/\\\/www.anovapeneira.gal\\\/#website\"},\"primaryImageOfPage\":{\"@id\":\"https:\\\/\\\/www.anovapeneira.gal\\\/index.php\\\/2021\\\/12\\\/30\\\/mais-de-400-maiores-de-tomino-recibiran-unha-postal-de-nadal-personalizada-chea-de-bos-desexos\\\/#primaryimage\"},\"image\":{\"@id\":\"https:\\\/\\\/www.anovapeneira.gal\\\/index.php\\\/2021\\\/12\\\/30\\\/mais-de-400-maiores-de-tomino-recibiran-unha-postal-de-nadal-personalizada-chea-de-bos-desexos\\\/#primaryimage\"},\"thumbnailUrl\":\"https:\\\/\\\/www.anovapeneira.gal\\\/wp-content\\\/uploads\\\/2021\\\/12\\\/postal_nadal_personalizada_tominho.jpg\",\"datePublished\":\"2021-12-30T09:00:37+00:00\",\"description\":\"O Consello da infancia e adolescencia \u2018Voces Novas\u2019 \u00e9 o promotor da iniciativa, \u00e1 que se uniron todos os centros de ensino da vila\",\"breadcrumb\":{\"@id\":\"https:\\\/\\\/www.anovapeneira.gal\\\/index.php\\\/2021\\\/12\\\/30\\\/mais-de-400-maiores-de-tomino-recibiran-unha-postal-de-nadal-personalizada-chea-de-bos-desexos\\\/#breadcrumb\"},\"inLanguage\":\"gl-ES\",\"potentialAction\":[{\"@type\":\"ReadAction\",\"target\":[\"https:\\\/\\\/www.anovapeneira.gal\\\/index.php\\\/2021\\\/12\\\/30\\\/mais-de-400-maiores-de-tomino-recibiran-unha-postal-de-nadal-personalizada-chea-de-bos-desexos\\\/\"]}]},{\"@type\":\"ImageObject\",\"inLanguage\":\"gl-ES\",\"@id\":\"https:\\\/\\\/www.anovapeneira.gal\\\/index.php\\\/2021\\\/12\\\/30\\\/mais-de-400-maiores-de-tomino-recibiran-unha-postal-de-nadal-personalizada-chea-de-bos-desexos\\\/#primaryimage\",\"url\":\"https:\\\/\\\/www.anovapeneira.gal\\\/wp-content\\\/uploads\\\/2021\\\/12\\\/postal_nadal_personalizada_tominho.jpg\",\"contentUrl\":\"https:\\\/\\\/www.anovapeneira.gal\\\/wp-content\\\/uploads\\\/2021\\\/12\\\/postal_nadal_personalizada_tominho.jpg\",\"width\":720,\"height\":432,\"caption\":\"dav\"},{\"@type\":\"BreadcrumbList\",\"@id\":\"https:\\\/\\\/www.anovapeneira.gal\\\/index.php\\\/2021\\\/12\\\/30\\\/mais-de-400-maiores-de-tomino-recibiran-unha-postal-de-nadal-personalizada-chea-de-bos-desexos\\\/#breadcrumb\",\"itemListElement\":[{\"@type\":\"ListItem\",\"position\":1,\"name\":\"Portada\",\"item\":\"https:\\\/\\\/www.anovapeneira.gal\\\/\"},{\"@type\":\"ListItem\",\"position\":2,\"name\":\"M\u00e1is de 400 maiores de Tomi\u00f1o recibir\u00e1n unha postal de Nadal personalizada chea de bos desexos\"}]},{\"@type\":\"WebSite\",\"@id\":\"https:\\\/\\\/www.anovapeneira.gal\\\/#website\",\"url\":\"https:\\\/\\\/www.anovapeneira.gal\\\/\",\"name\":\"\",\"description\":\"Xornal galego de informaci\u00f3n xeral Publicaci\u00f3n mensual de novas de Galicia e en especial dos Concellos da sur da provincia de Pontevedra.\",\"publisher\":{\"@id\":\"https:\\\/\\\/www.anovapeneira.gal\\\/#organization\"},\"potentialAction\":[{\"@type\":\"SearchAction\",\"target\":{\"@type\":\"EntryPoint\",\"urlTemplate\":\"https:\\\/\\\/www.anovapeneira.gal\\\/?s={search_term_string}\"},\"query-input\":{\"@type\":\"PropertyValueSpecification\",\"valueRequired\":true,\"valueName\":\"search_term_string\"}}],\"inLanguage\":\"gl-ES\"},{\"@type\":\"Organization\",\"@id\":\"https:\\\/\\\/www.anovapeneira.gal\\\/#organization\",\"name\":\"A Nova Peneira\",\"url\":\"https:\\\/\\\/www.anovapeneira.gal\\\/\",\"logo\":{\"@type\":\"ImageObject\",\"inLanguage\":\"gl-ES\",\"@id\":\"https:\\\/\\\/www.anovapeneira.gal\\\/#\\\/schema\\\/logo\\\/image\\\/\",\"url\":\"http:\\\/\\\/www.anovapeneira.gal\\\/wp-content\\\/uploads\\\/2019\\\/06\\\/logo_a_nova_peneira_portal_web.png\",\"contentUrl\":\"http:\\\/\\\/www.anovapeneira.gal\\\/wp-content\\\/uploads\\\/2019\\\/06\\\/logo_a_nova_peneira_portal_web.png\",\"width\":300,\"height\":100,\"caption\":\"A Nova Peneira\"},\"image\":{\"@id\":\"https:\\\/\\\/www.anovapeneira.gal\\\/#\\\/schema\\\/logo\\\/image\\\/\"},\"sameAs\":[\"https:\\\/\\\/www.facebook.com\\\/anovapeneira\",\"https:\\\/\\\/x.com\\\/APeneira\"]},{\"@type\":\"Person\",\"@id\":\"https:\\\/\\\/www.anovapeneira.gal\\\/#\\\/schema\\\/person\\\/b93e3f8932e3f8da96334607eb6ac6aa\",\"name\":\"Redacci\u00f3n A Nova Peneira\",\"image\":{\"@type\":\"ImageObject\",\"inLanguage\":\"gl-ES\",\"@id\":\"https:\\\/\\\/secure.gravatar.com\\\/avatar\\\/c052a2551a06e23fac63626232eaa90abd78dbcf1700fc46a2b2c89fd27b735f?s=96&d=mm&r=g\",\"url\":\"https:\\\/\\\/secure.gravatar.com\\\/avatar\\\/c052a2551a06e23fac63626232eaa90abd78dbcf1700fc46a2b2c89fd27b735f?s=96&d=mm&r=g\",\"contentUrl\":\"https:\\\/\\\/secure.gravatar.com\\\/avatar\\\/c052a2551a06e23fac63626232eaa90abd78dbcf1700fc46a2b2c89fd27b735f?s=96&d=mm&r=g\",\"caption\":\"Redacci\u00f3n A Nova Peneira\"},\"sameAs\":[\"http:\\\/\\\/www.anovapeneira.gal\\\/\"],\"url\":\"https:\\\/\\\/www.anovapeneira.gal\\\/index.php\\\/author\\\/redactor\\\/\"}]}<\/script>\n<!-- \/ Yoast SEO plugin. -->","yoast_head_json":{"title":"M\u00e1is de 400 maiores de Tomi\u00f1o recibir\u00e1n unha postal de Nadal personalizada chea de bos desexos -","description":"O Consello da infancia e adolescencia \u2018Voces Novas\u2019 \u00e9 o promotor da iniciativa, \u00e1 que se uniron todos os centros de ensino da vila","robots":{"index":"index","follow":"follow","max-snippet":"max-snippet:-1","max-image-preview":"max-image-preview:large","max-video-preview":"max-video-preview:-1"},"canonical":"https:\/\/www.anovapeneira.gal\/index.php\/2021\/12\/30\/mais-de-400-maiores-de-tomino-recibiran-unha-postal-de-nadal-personalizada-chea-de-bos-desexos\/","og_locale":"gl_ES","og_type":"article","og_title":"M\u00e1is de 400 maiores de Tomi\u00f1o recibir\u00e1n unha postal de Nadal personalizada chea de bos desexos -","og_description":"O Consello da infancia e adolescencia \u2018Voces Novas\u2019 \u00e9 o promotor da iniciativa, \u00e1 que se uniron todos os centros de ensino da vila","og_url":"https:\/\/www.anovapeneira.gal\/index.php\/2021\/12\/30\/mais-de-400-maiores-de-tomino-recibiran-unha-postal-de-nadal-personalizada-chea-de-bos-desexos\/","article_publisher":"https:\/\/www.facebook.com\/anovapeneira","article_published_time":"2021-12-30T09:00:37+00:00","og_image":[{"width":720,"height":432,"url":"https:\/\/www.anovapeneira.gal\/wp-content\/uploads\/2021\/12\/postal_nadal_personalizada_tominho.jpg","type":"image\/jpeg"}],"author":"Redacci\u00f3n A Nova Peneira","twitter_card":"summary_large_image","twitter_creator":"@APeneira","twitter_site":"@APeneira","twitter_misc":{"Escrito por":"Redacci\u00f3n A Nova Peneira","Tempo de lectura":"2 minutos"},"schema":{"@context":"https:\/\/schema.org","@graph":[{"@type":"Article","@id":"https:\/\/www.anovapeneira.gal\/index.php\/2021\/12\/30\/mais-de-400-maiores-de-tomino-recibiran-unha-postal-de-nadal-personalizada-chea-de-bos-desexos\/#article","isPartOf":{"@id":"https:\/\/www.anovapeneira.gal\/index.php\/2021\/12\/30\/mais-de-400-maiores-de-tomino-recibiran-unha-postal-de-nadal-personalizada-chea-de-bos-desexos\/"},"author":{"name":"Redacci\u00f3n A Nova Peneira","@id":"https:\/\/www.anovapeneira.gal\/#\/schema\/person\/b93e3f8932e3f8da96334607eb6ac6aa"},"headline":"M\u00e1is de 400 maiores de Tomi\u00f1o recibir\u00e1n unha postal de Nadal personalizada chea de bos desexos","datePublished":"2021-12-30T09:00:37+00:00","mainEntityOfPage":{"@id":"https:\/\/www.anovapeneira.gal\/index.php\/2021\/12\/30\/mais-de-400-maiores-de-tomino-recibiran-unha-postal-de-nadal-personalizada-chea-de-bos-desexos\/"},"wordCount":423,"commentCount":0,"publisher":{"@id":"https:\/\/www.anovapeneira.gal\/#organization"},"image":{"@id":"https:\/\/www.anovapeneira.gal\/index.php\/2021\/12\/30\/mais-de-400-maiores-de-tomino-recibiran-unha-postal-de-nadal-personalizada-chea-de-bos-desexos\/#primaryimage"},"thumbnailUrl":"https:\/\/www.anovapeneira.gal\/wp-content\/uploads\/2021\/12\/postal_nadal_personalizada_tominho.jpg","keywords":["Concello de Tomi\u00f1o"],"articleSection":["Baixo Mi\u00f1o"],"inLanguage":"gl-ES","potentialAction":[{"@type":"CommentAction","name":"Comment","target":["https:\/\/www.anovapeneira.gal\/index.php\/2021\/12\/30\/mais-de-400-maiores-de-tomino-recibiran-unha-postal-de-nadal-personalizada-chea-de-bos-desexos\/#respond"]}]},{"@type":"WebPage","@id":"https:\/\/www.anovapeneira.gal\/index.php\/2021\/12\/30\/mais-de-400-maiores-de-tomino-recibiran-unha-postal-de-nadal-personalizada-chea-de-bos-desexos\/","url":"https:\/\/www.anovapeneira.gal\/index.php\/2021\/12\/30\/mais-de-400-maiores-de-tomino-recibiran-unha-postal-de-nadal-personalizada-chea-de-bos-desexos\/","name":"M\u00e1is de 400 maiores de Tomi\u00f1o recibir\u00e1n unha postal de Nadal personalizada chea de bos desexos -","isPartOf":{"@id":"https:\/\/www.anovapeneira.gal\/#website"},"primaryImageOfPage":{"@id":"https:\/\/www.anovapeneira.gal\/index.php\/2021\/12\/30\/mais-de-400-maiores-de-tomino-recibiran-unha-postal-de-nadal-personalizada-chea-de-bos-desexos\/#primaryimage"},"image":{"@id":"https:\/\/www.anovapeneira.gal\/index.php\/2021\/12\/30\/mais-de-400-maiores-de-tomino-recibiran-unha-postal-de-nadal-personalizada-chea-de-bos-desexos\/#primaryimage"},"thumbnailUrl":"https:\/\/www.anovapeneira.gal\/wp-content\/uploads\/2021\/12\/postal_nadal_personalizada_tominho.jpg","datePublished":"2021-12-30T09:00:37+00:00","description":"O Consello da infancia e adolescencia \u2018Voces Novas\u2019 \u00e9 o promotor da iniciativa, \u00e1 que se uniron todos os centros de ensino da vila","breadcrumb":{"@id":"https:\/\/www.anovapeneira.gal\/index.php\/2021\/12\/30\/mais-de-400-maiores-de-tomino-recibiran-unha-postal-de-nadal-personalizada-chea-de-bos-desexos\/#breadcrumb"},"inLanguage":"gl-ES","potentialAction":[{"@type":"ReadAction","target":["https:\/\/www.anovapeneira.gal\/index.php\/2021\/12\/30\/mais-de-400-maiores-de-tomino-recibiran-unha-postal-de-nadal-personalizada-chea-de-bos-desexos\/"]}]},{"@type":"ImageObject","inLanguage":"gl-ES","@id":"https:\/\/www.anovapeneira.gal\/index.php\/2021\/12\/30\/mais-de-400-maiores-de-tomino-recibiran-unha-postal-de-nadal-personalizada-chea-de-bos-desexos\/#primaryimage","url":"https:\/\/www.anovapeneira.gal\/wp-content\/uploads\/2021\/12\/postal_nadal_personalizada_tominho.jpg","contentUrl":"https:\/\/www.anovapeneira.gal\/wp-content\/uploads\/2021\/12\/postal_nadal_personalizada_tominho.jpg","width":720,"height":432,"caption":"dav"},{"@type":"BreadcrumbList","@id":"https:\/\/www.anovapeneira.gal\/index.php\/2021\/12\/30\/mais-de-400-maiores-de-tomino-recibiran-unha-postal-de-nadal-personalizada-chea-de-bos-desexos\/#breadcrumb","itemListElement":[{"@type":"ListItem","position":1,"name":"Portada","item":"https:\/\/www.anovapeneira.gal\/"},{"@type":"ListItem","position":2,"name":"M\u00e1is de 400 maiores de Tomi\u00f1o recibir\u00e1n unha postal de Nadal personalizada chea de bos desexos"}]},{"@type":"WebSite","@id":"https:\/\/www.anovapeneira.gal\/#website","url":"https:\/\/www.anovapeneira.gal\/","name":"","description":"Xornal galego de informaci\u00f3n xeral Publicaci\u00f3n mensual de novas de Galicia e en especial dos Concellos da sur da provincia de Pontevedra.","publisher":{"@id":"https:\/\/www.anovapeneira.gal\/#organization"},"potentialAction":[{"@type":"SearchAction","target":{"@type":"EntryPoint","urlTemplate":"https:\/\/www.anovapeneira.gal\/?s={search_term_string}"},"query-input":{"@type":"PropertyValueSpecification","valueRequired":true,"valueName":"search_term_string"}}],"inLanguage":"gl-ES"},{"@type":"Organization","@id":"https:\/\/www.anovapeneira.gal\/#organization","name":"A Nova Peneira","url":"https:\/\/www.anovapeneira.gal\/","logo":{"@type":"ImageObject","inLanguage":"gl-ES","@id":"https:\/\/www.anovapeneira.gal\/#\/schema\/logo\/image\/","url":"http:\/\/www.anovapeneira.gal\/wp-content\/uploads\/2019\/06\/logo_a_nova_peneira_portal_web.png","contentUrl":"http:\/\/www.anovapeneira.gal\/wp-content\/uploads\/2019\/06\/logo_a_nova_peneira_portal_web.png","width":300,"height":100,"caption":"A Nova Peneira"},"image":{"@id":"https:\/\/www.anovapeneira.gal\/#\/schema\/logo\/image\/"},"sameAs":["https:\/\/www.facebook.com\/anovapeneira","https:\/\/x.com\/APeneira"]},{"@type":"Person","@id":"https:\/\/www.anovapeneira.gal\/#\/schema\/person\/b93e3f8932e3f8da96334607eb6ac6aa","name":"Redacci\u00f3n A Nova Peneira","image":{"@type":"ImageObject","inLanguage":"gl-ES","@id":"https:\/\/secure.gravatar.com\/avatar\/c052a2551a06e23fac63626232eaa90abd78dbcf1700fc46a2b2c89fd27b735f?s=96&d=mm&r=g","url":"https:\/\/secure.gravatar.com\/avatar\/c052a2551a06e23fac63626232eaa90abd78dbcf1700fc46a2b2c89fd27b735f?s=96&d=mm&r=g","contentUrl":"https:\/\/secure.gravatar.com\/avatar\/c052a2551a06e23fac63626232eaa90abd78dbcf1700fc46a2b2c89fd27b735f?s=96&d=mm&r=g","caption":"Redacci\u00f3n A Nova Peneira"},"sameAs":["http:\/\/www.anovapeneira.gal\/"],"url":"https:\/\/www.anovapeneira.gal\/index.php\/author\/redactor\/"}]}},"jetpack_featured_media_url":"https:\/\/www.anovapeneira.gal\/wp-content\/uploads\/2021\/12\/postal_nadal_personalizada_tominho.jpg","_links":{"self":[{"href":"https:\/\/www.anovapeneira.gal\/index.php\/wp-json\/wp\/v2\/posts\/6676","targetHints":{"allow":["GET"]}}],"collection":[{"href":"https:\/\/www.anovapeneira.gal\/index.php\/wp-json\/wp\/v2\/posts"}],"about":[{"href":"https:\/\/www.anovapeneira.gal\/index.php\/wp-json\/wp\/v2\/types\/post"}],"author":[{"embeddable":true,"href":"https:\/\/www.anovapeneira.gal\/index.php\/wp-json\/wp\/v2\/users\/3"}],"replies":[{"embeddable":true,"href":"https:\/\/www.anovapeneira.gal\/index.php\/wp-json\/wp\/v2\/comments?post=6676"}],"version-history":[{"count":1,"href":"https:\/\/www.anovapeneira.gal\/index.php\/wp-json\/wp\/v2\/posts\/6676\/revisions"}],"predecessor-version":[{"id":6677,"href":"https:\/\/www.anovapeneira.gal\/index.php\/wp-json\/wp\/v2\/posts\/6676\/revisions\/6677"}],"wp:featuredmedia":[{"embeddable":true,"href":"https:\/\/www.anovapeneira.gal\/index.php\/wp-json\/wp\/v2\/media\/6678"}],"wp:attachment":[{"href":"https:\/\/www.anovapeneira.gal\/index.php\/wp-json\/wp\/v2\/media?parent=6676"}],"wp:term":[{"taxonomy":"category","embeddable":true,"href":"https:\/\/www.anovapeneira.gal\/index.php\/wp-json\/wp\/v2\/categories?post=6676"},{"taxonomy":"post_tag","embeddable":true,"href":"https:\/\/www.anovapeneira.gal\/index.php\/wp-json\/wp\/v2\/tags?post=6676"}],"curies":[{"name":"wp","href":"https:\/\/api.w.org\/{rel}","templated":true}]}}