{"id":6688,"date":"2022-01-03T12:00:15","date_gmt":"2022-01-03T11:00:15","guid":{"rendered":"https:\/\/www.anovapeneira.gal\/?p=6688"},"modified":"2021-12-30T16:28:56","modified_gmt":"2021-12-30T15:28:56","slug":"o-concello-de-tomino-mostra-o-seu-apoio-aos-municipios-portugueses-do-alto-minho-contra-a-posible-mina-de-litio-na-serra-de-arga","status":"publish","type":"post","link":"https:\/\/www.anovapeneira.gal\/index.php\/2022\/01\/03\/o-concello-de-tomino-mostra-o-seu-apoio-aos-municipios-portugueses-do-alto-minho-contra-a-posible-mina-de-litio-na-serra-de-arga\/","title":{"rendered":"O Concello de Tomi\u00f1o mostra o seu apoio aos municipios portugueses do Alto Minho contra a posible mina de litio na Serra de Arga"},"content":{"rendered":"\n<h2 class=\"wp-block-heading\"><strong>Instan \u00e1 Xunta e ao Goberno que demanden informaci\u00f3n dunha explotaci\u00f3n que pode afectar ao r\u00edo Mi\u00f1o e \u00e1s zonas transfronterizas<\/strong><\/h2>\n\n\n\n<p><strong>Tomi\u00f1o, 29 de decembro de 2021<\/strong><\/p>\n\n\n\n<p>O Concello de Tomi\u00f1o, no pleno celebrado onte, mostrou o seu apoio aos municipios portugueses do Alto Minho no seu rexeitamento a posible mina de litio na Serra de Arga que o Goberno da Rep\u00fablica Portuguesa someteu a consulta p\u00fablica o pasado setembro. A alcaldesa, Sandra Gonz\u00e1lez, destacou \u201ca ampla oposici\u00f3n que existe a ambas beiras do Mi\u00f1o a calquera tipo de explotaci\u00f3n na Serra de Arga que comprometa a s\u00faa conservaci\u00f3n\u201d, e afirmou que \u201cTomi\u00f1o sempre estar\u00e1 do seu lado para conservar o medio natural da zona transfronteiriza\u201d.<\/p>\n\n\n\n<p>As \u00e1reas nas cales est\u00e1 prevista a prospecci\u00f3n e pesquisa da mina de litio incl\u00faen, entre outras, o territorio dos concellos de Viana do Castelo, Ponte de Lima, Paredes de Coura, Caminha e Vila Nova de Cerveira, neste \u00faltimo inclu\u00e9n zonas que confrontan co r\u00edo Mi\u00f1o e co r\u00edo Coura, principal afluente do Mi\u00f1o nesa marxe. Nestas prospecci\u00f3ns o equipo de Avaliaci\u00f3n Ambiental da mina afirma que non extraer\u00e1n m\u00e1is de 100 toneladas, pero non deixan claro de onde se retirar\u00e1n. A concelleira de Medio Ambiente, Ana Bel\u00e9n Casaleiro, afirma que de ser cerca dos marxes do r\u00edo Mi\u00f1o \u201cpoder\u00eda afectar de forma moi significativa \u00e1 zona internacional do r\u00edo\u201d.<\/p>\n\n\n\n<p>Por todo isto o Concello de Tomi\u00f1o solicita \u00e1 Xunta de Galicia e ao Goberno de Espa\u00f1a que estuden as posibles afecci\u00f3ns \u00e1s poboaci\u00f3ns transfronteirizas. \u201cInstamos a que demanden ser notificados polas autoridades portugueses para que te\u00f1an a oportunidade de pronunciarse en canto a estas actividades cerca das zonas transfronterizas\u201d, concl\u00faen.<\/p>\n\n\n\n<p><strong>Tomi\u00f1o expresa as s\u00faas condolencias polo falecemento de Manuel Garc\u00e9s Est\u00e9vez<\/strong><\/p>\n\n\n\n<p>Antes do inicio do pleno o Concello de Tomi\u00f1o expresou as s\u00faas condolencias polo falecemento do veci\u00f1o e profesor, Manuel Garc\u00e9s Est\u00e9vez. A alcaldesa destacou que \u201cfoi un mestre querido e admirado polos seus veci\u00f1os e que formou a varias xeraci\u00f3ns de tomi\u00f1eses e tomi\u00f1esas\u201d.<\/p>\n\n\n\n<p>Manuel Garc\u00e9s foi o mestre escollido para dar nome ao Centro Rural Agrupado de Tomi\u00f1o e grazas ao coidado e mimo co que tratou todo o que ti\u00f1a que ver coa escola, cons\u00e9rvase na parroquia de Est\u00e1s a Aula Museo Abd\u00f3n Alonso que garda material did\u00e1ctico, bibliogr\u00e1fico e documental dos anos 30, dende expedientes acad\u00e9micos de varias xeraci\u00f3ns at\u00e9 libros das Misi\u00f3ns Pedag\u00f3xicas ou mapas da \u00e9poca.<\/p>\n\n\n\n<p>\u201cManuel Garc\u00e9s foi un exemplo de Mestre Rural con m\u00e1is de cincuenta anos de profesi\u00f3n, a s\u00faa vida foi a escola e todo o que ti\u00f1a que ver coa educaci\u00f3n. Don Manolo, como se lle co\u00f1ec\u00eda popularmente, era unha boa persoa que deixou fonda pegada na vida de centos de nenos e nenas que pasaron polas s\u00faas aulas. Vaia para a s\u00faa familia o noso pesar e o noso reco\u00f1ecemento e admiraci\u00f3n pola figura de Manuel Garc\u00e9s\u201d, destacou a alcaldesa.<\/p>\n","protected":false},"excerpt":{"rendered":"<div class=\"mh-excerpt\"><p>Instan \u00e1 Xunta e ao Goberno que demanden informaci\u00f3n dunha explotaci\u00f3n que pode afectar ao r\u00edo Mi\u00f1o e \u00e1s zonas transfronterizas <a class=\"mh-excerpt-more\" href=\"https:\/\/www.anovapeneira.gal\/index.php\/2022\/01\/03\/o-concello-de-tomino-mostra-o-seu-apoio-aos-municipios-portugueses-do-alto-minho-contra-a-posible-mina-de-litio-na-serra-de-arga\/\" title=\"O Concello de Tomi\u00f1o mostra o seu apoio aos municipios portugueses do Alto Minho contra a posible mina de litio na Serra de Arga\">[&#8230;]<\/a><\/p>\n<\/div>","protected":false},"author":3,"featured_media":6690,"comment_status":"open","ping_status":"open","sticky":false,"template":"","format":"standard","meta":{"_exactmetrics_skip_tracking":false,"_exactmetrics_sitenote_active":false,"_exactmetrics_sitenote_note":"","_exactmetrics_sitenote_category":0,"footnotes":""},"categories":[21],"tags":[81],"class_list":{"0":"post-6688","1":"post","2":"type-post","3":"status-publish","4":"format-standard","5":"has-post-thumbnail","7":"category-baixo-mino","8":"tag-concello-de-tomino"},"yoast_head":"<!-- This site is optimized with the Yoast SEO plugin v27.4 - https:\/\/yoast.com\/product\/yoast-seo-wordpress\/ -->\n<title>O Concello de Tomi\u00f1o mostra o seu apoio aos municipios portugueses do Alto Minho contra a posible mina de litio na Serra de Arga -<\/title>\n<meta name=\"description\" content=\"e pode afectar ao r\u00edo Mi\u00f1o e \u00e1s zonas transfronterizas\" \/>\n<meta name=\"robots\" content=\"index, follow, max-snippet:-1, max-image-preview:large, max-video-preview:-1\" \/>\n<link rel=\"canonical\" href=\"https:\/\/www.anovapeneira.gal\/index.php\/2022\/01\/03\/o-concello-de-tomino-mostra-o-seu-apoio-aos-municipios-portugueses-do-alto-minho-contra-a-posible-mina-de-litio-na-serra-de-arga\/\" \/>\n<meta property=\"og:locale\" content=\"gl_ES\" \/>\n<meta property=\"og:type\" content=\"article\" \/>\n<meta property=\"og:title\" content=\"O Concello de Tomi\u00f1o mostra o seu apoio aos municipios portugueses do Alto Minho contra a posible mina de litio na Serra de Arga -\" \/>\n<meta property=\"og:description\" content=\"e pode afectar ao r\u00edo Mi\u00f1o e \u00e1s zonas transfronterizas\" \/>\n<meta property=\"og:url\" content=\"https:\/\/www.anovapeneira.gal\/index.php\/2022\/01\/03\/o-concello-de-tomino-mostra-o-seu-apoio-aos-municipios-portugueses-do-alto-minho-contra-a-posible-mina-de-litio-na-serra-de-arga\/\" \/>\n<meta property=\"article:publisher\" content=\"https:\/\/www.facebook.com\/anovapeneira\" \/>\n<meta property=\"article:published_time\" content=\"2022-01-03T11:00:15+00:00\" \/>\n<meta property=\"og:image\" content=\"https:\/\/www.anovapeneira.gal\/wp-content\/uploads\/2021\/12\/Rio_Minho_tominho.jpg\" \/>\n\t<meta property=\"og:image:width\" content=\"720\" \/>\n\t<meta property=\"og:image:height\" content=\"432\" \/>\n\t<meta property=\"og:image:type\" content=\"image\/jpeg\" \/>\n<meta name=\"author\" content=\"Redacci\u00f3n A Nova Peneira\" \/>\n<meta name=\"twitter:card\" content=\"summary_large_image\" \/>\n<meta name=\"twitter:creator\" content=\"@APeneira\" \/>\n<meta name=\"twitter:site\" content=\"@APeneira\" \/>\n<meta name=\"twitter:label1\" content=\"Escrito por\" \/>\n\t<meta name=\"twitter:data1\" content=\"Redacci\u00f3n A Nova Peneira\" \/>\n\t<meta name=\"twitter:label2\" content=\"Tempo de lectura\" \/>\n\t<meta name=\"twitter:data2\" content=\"3 minutos\" \/>\n<script type=\"application\/ld+json\" class=\"yoast-schema-graph\">{\"@context\":\"https:\\\/\\\/schema.org\",\"@graph\":[{\"@type\":\"Article\",\"@id\":\"https:\\\/\\\/www.anovapeneira.gal\\\/index.php\\\/2022\\\/01\\\/03\\\/o-concello-de-tomino-mostra-o-seu-apoio-aos-municipios-portugueses-do-alto-minho-contra-a-posible-mina-de-litio-na-serra-de-arga\\\/#article\",\"isPartOf\":{\"@id\":\"https:\\\/\\\/www.anovapeneira.gal\\\/index.php\\\/2022\\\/01\\\/03\\\/o-concello-de-tomino-mostra-o-seu-apoio-aos-municipios-portugueses-do-alto-minho-contra-a-posible-mina-de-litio-na-serra-de-arga\\\/\"},\"author\":{\"name\":\"Redacci\u00f3n A Nova Peneira\",\"@id\":\"https:\\\/\\\/www.anovapeneira.gal\\\/#\\\/schema\\\/person\\\/b93e3f8932e3f8da96334607eb6ac6aa\"},\"headline\":\"O Concello de Tomi\u00f1o mostra o seu apoio aos municipios portugueses do Alto Minho contra a posible mina de litio na Serra de Arga\",\"datePublished\":\"2022-01-03T11:00:15+00:00\",\"mainEntityOfPage\":{\"@id\":\"https:\\\/\\\/www.anovapeneira.gal\\\/index.php\\\/2022\\\/01\\\/03\\\/o-concello-de-tomino-mostra-o-seu-apoio-aos-municipios-portugueses-do-alto-minho-contra-a-posible-mina-de-litio-na-serra-de-arga\\\/\"},\"wordCount\":574,\"commentCount\":0,\"publisher\":{\"@id\":\"https:\\\/\\\/www.anovapeneira.gal\\\/#organization\"},\"image\":{\"@id\":\"https:\\\/\\\/www.anovapeneira.gal\\\/index.php\\\/2022\\\/01\\\/03\\\/o-concello-de-tomino-mostra-o-seu-apoio-aos-municipios-portugueses-do-alto-minho-contra-a-posible-mina-de-litio-na-serra-de-arga\\\/#primaryimage\"},\"thumbnailUrl\":\"https:\\\/\\\/www.anovapeneira.gal\\\/wp-content\\\/uploads\\\/2021\\\/12\\\/Rio_Minho_tominho.jpg\",\"keywords\":[\"Concello de Tomi\u00f1o\"],\"articleSection\":[\"Baixo Mi\u00f1o\"],\"inLanguage\":\"gl-ES\",\"potentialAction\":[{\"@type\":\"CommentAction\",\"name\":\"Comment\",\"target\":[\"https:\\\/\\\/www.anovapeneira.gal\\\/index.php\\\/2022\\\/01\\\/03\\\/o-concello-de-tomino-mostra-o-seu-apoio-aos-municipios-portugueses-do-alto-minho-contra-a-posible-mina-de-litio-na-serra-de-arga\\\/#respond\"]}]},{\"@type\":\"WebPage\",\"@id\":\"https:\\\/\\\/www.anovapeneira.gal\\\/index.php\\\/2022\\\/01\\\/03\\\/o-concello-de-tomino-mostra-o-seu-apoio-aos-municipios-portugueses-do-alto-minho-contra-a-posible-mina-de-litio-na-serra-de-arga\\\/\",\"url\":\"https:\\\/\\\/www.anovapeneira.gal\\\/index.php\\\/2022\\\/01\\\/03\\\/o-concello-de-tomino-mostra-o-seu-apoio-aos-municipios-portugueses-do-alto-minho-contra-a-posible-mina-de-litio-na-serra-de-arga\\\/\",\"name\":\"O Concello de Tomi\u00f1o mostra o seu apoio aos municipios portugueses do Alto Minho contra a posible mina de litio na Serra de Arga -\",\"isPartOf\":{\"@id\":\"https:\\\/\\\/www.anovapeneira.gal\\\/#website\"},\"primaryImageOfPage\":{\"@id\":\"https:\\\/\\\/www.anovapeneira.gal\\\/index.php\\\/2022\\\/01\\\/03\\\/o-concello-de-tomino-mostra-o-seu-apoio-aos-municipios-portugueses-do-alto-minho-contra-a-posible-mina-de-litio-na-serra-de-arga\\\/#primaryimage\"},\"image\":{\"@id\":\"https:\\\/\\\/www.anovapeneira.gal\\\/index.php\\\/2022\\\/01\\\/03\\\/o-concello-de-tomino-mostra-o-seu-apoio-aos-municipios-portugueses-do-alto-minho-contra-a-posible-mina-de-litio-na-serra-de-arga\\\/#primaryimage\"},\"thumbnailUrl\":\"https:\\\/\\\/www.anovapeneira.gal\\\/wp-content\\\/uploads\\\/2021\\\/12\\\/Rio_Minho_tominho.jpg\",\"datePublished\":\"2022-01-03T11:00:15+00:00\",\"description\":\"e pode afectar ao r\u00edo Mi\u00f1o e \u00e1s zonas transfronterizas\",\"breadcrumb\":{\"@id\":\"https:\\\/\\\/www.anovapeneira.gal\\\/index.php\\\/2022\\\/01\\\/03\\\/o-concello-de-tomino-mostra-o-seu-apoio-aos-municipios-portugueses-do-alto-minho-contra-a-posible-mina-de-litio-na-serra-de-arga\\\/#breadcrumb\"},\"inLanguage\":\"gl-ES\",\"potentialAction\":[{\"@type\":\"ReadAction\",\"target\":[\"https:\\\/\\\/www.anovapeneira.gal\\\/index.php\\\/2022\\\/01\\\/03\\\/o-concello-de-tomino-mostra-o-seu-apoio-aos-municipios-portugueses-do-alto-minho-contra-a-posible-mina-de-litio-na-serra-de-arga\\\/\"]}]},{\"@type\":\"ImageObject\",\"inLanguage\":\"gl-ES\",\"@id\":\"https:\\\/\\\/www.anovapeneira.gal\\\/index.php\\\/2022\\\/01\\\/03\\\/o-concello-de-tomino-mostra-o-seu-apoio-aos-municipios-portugueses-do-alto-minho-contra-a-posible-mina-de-litio-na-serra-de-arga\\\/#primaryimage\",\"url\":\"https:\\\/\\\/www.anovapeneira.gal\\\/wp-content\\\/uploads\\\/2021\\\/12\\\/Rio_Minho_tominho.jpg\",\"contentUrl\":\"https:\\\/\\\/www.anovapeneira.gal\\\/wp-content\\\/uploads\\\/2021\\\/12\\\/Rio_Minho_tominho.jpg\",\"width\":720,\"height\":432,\"caption\":\"O Concello de Tomi\u00f1o mostra o seu apoio aos municipios portugueses do Alto Minho contra a posible mina de litio na Serra de Arga\"},{\"@type\":\"BreadcrumbList\",\"@id\":\"https:\\\/\\\/www.anovapeneira.gal\\\/index.php\\\/2022\\\/01\\\/03\\\/o-concello-de-tomino-mostra-o-seu-apoio-aos-municipios-portugueses-do-alto-minho-contra-a-posible-mina-de-litio-na-serra-de-arga\\\/#breadcrumb\",\"itemListElement\":[{\"@type\":\"ListItem\",\"position\":1,\"name\":\"Portada\",\"item\":\"https:\\\/\\\/www.anovapeneira.gal\\\/\"},{\"@type\":\"ListItem\",\"position\":2,\"name\":\"O Concello de Tomi\u00f1o mostra o seu apoio aos municipios portugueses do Alto Minho contra a posible mina de litio na Serra de Arga\"}]},{\"@type\":\"WebSite\",\"@id\":\"https:\\\/\\\/www.anovapeneira.gal\\\/#website\",\"url\":\"https:\\\/\\\/www.anovapeneira.gal\\\/\",\"name\":\"\",\"description\":\"Xornal galego de informaci\u00f3n xeral Publicaci\u00f3n mensual de novas de Galicia e en especial dos Concellos da sur da provincia de Pontevedra.\",\"publisher\":{\"@id\":\"https:\\\/\\\/www.anovapeneira.gal\\\/#organization\"},\"potentialAction\":[{\"@type\":\"SearchAction\",\"target\":{\"@type\":\"EntryPoint\",\"urlTemplate\":\"https:\\\/\\\/www.anovapeneira.gal\\\/?s={search_term_string}\"},\"query-input\":{\"@type\":\"PropertyValueSpecification\",\"valueRequired\":true,\"valueName\":\"search_term_string\"}}],\"inLanguage\":\"gl-ES\"},{\"@type\":\"Organization\",\"@id\":\"https:\\\/\\\/www.anovapeneira.gal\\\/#organization\",\"name\":\"A Nova Peneira\",\"url\":\"https:\\\/\\\/www.anovapeneira.gal\\\/\",\"logo\":{\"@type\":\"ImageObject\",\"inLanguage\":\"gl-ES\",\"@id\":\"https:\\\/\\\/www.anovapeneira.gal\\\/#\\\/schema\\\/logo\\\/image\\\/\",\"url\":\"http:\\\/\\\/www.anovapeneira.gal\\\/wp-content\\\/uploads\\\/2019\\\/06\\\/logo_a_nova_peneira_portal_web.png\",\"contentUrl\":\"http:\\\/\\\/www.anovapeneira.gal\\\/wp-content\\\/uploads\\\/2019\\\/06\\\/logo_a_nova_peneira_portal_web.png\",\"width\":300,\"height\":100,\"caption\":\"A Nova Peneira\"},\"image\":{\"@id\":\"https:\\\/\\\/www.anovapeneira.gal\\\/#\\\/schema\\\/logo\\\/image\\\/\"},\"sameAs\":[\"https:\\\/\\\/www.facebook.com\\\/anovapeneira\",\"https:\\\/\\\/x.com\\\/APeneira\"]},{\"@type\":\"Person\",\"@id\":\"https:\\\/\\\/www.anovapeneira.gal\\\/#\\\/schema\\\/person\\\/b93e3f8932e3f8da96334607eb6ac6aa\",\"name\":\"Redacci\u00f3n A Nova Peneira\",\"image\":{\"@type\":\"ImageObject\",\"inLanguage\":\"gl-ES\",\"@id\":\"https:\\\/\\\/secure.gravatar.com\\\/avatar\\\/c052a2551a06e23fac63626232eaa90abd78dbcf1700fc46a2b2c89fd27b735f?s=96&d=mm&r=g\",\"url\":\"https:\\\/\\\/secure.gravatar.com\\\/avatar\\\/c052a2551a06e23fac63626232eaa90abd78dbcf1700fc46a2b2c89fd27b735f?s=96&d=mm&r=g\",\"contentUrl\":\"https:\\\/\\\/secure.gravatar.com\\\/avatar\\\/c052a2551a06e23fac63626232eaa90abd78dbcf1700fc46a2b2c89fd27b735f?s=96&d=mm&r=g\",\"caption\":\"Redacci\u00f3n A Nova Peneira\"},\"sameAs\":[\"http:\\\/\\\/www.anovapeneira.gal\\\/\"],\"url\":\"https:\\\/\\\/www.anovapeneira.gal\\\/index.php\\\/author\\\/redactor\\\/\"}]}<\/script>\n<!-- \/ Yoast SEO plugin. -->","yoast_head_json":{"title":"O Concello de Tomi\u00f1o mostra o seu apoio aos municipios portugueses do Alto Minho contra a posible mina de litio na Serra de Arga -","description":"e pode afectar ao r\u00edo Mi\u00f1o e \u00e1s zonas transfronterizas","robots":{"index":"index","follow":"follow","max-snippet":"max-snippet:-1","max-image-preview":"max-image-preview:large","max-video-preview":"max-video-preview:-1"},"canonical":"https:\/\/www.anovapeneira.gal\/index.php\/2022\/01\/03\/o-concello-de-tomino-mostra-o-seu-apoio-aos-municipios-portugueses-do-alto-minho-contra-a-posible-mina-de-litio-na-serra-de-arga\/","og_locale":"gl_ES","og_type":"article","og_title":"O Concello de Tomi\u00f1o mostra o seu apoio aos municipios portugueses do Alto Minho contra a posible mina de litio na Serra de Arga -","og_description":"e pode afectar ao r\u00edo Mi\u00f1o e \u00e1s zonas transfronterizas","og_url":"https:\/\/www.anovapeneira.gal\/index.php\/2022\/01\/03\/o-concello-de-tomino-mostra-o-seu-apoio-aos-municipios-portugueses-do-alto-minho-contra-a-posible-mina-de-litio-na-serra-de-arga\/","article_publisher":"https:\/\/www.facebook.com\/anovapeneira","article_published_time":"2022-01-03T11:00:15+00:00","og_image":[{"width":720,"height":432,"url":"https:\/\/www.anovapeneira.gal\/wp-content\/uploads\/2021\/12\/Rio_Minho_tominho.jpg","type":"image\/jpeg"}],"author":"Redacci\u00f3n A Nova Peneira","twitter_card":"summary_large_image","twitter_creator":"@APeneira","twitter_site":"@APeneira","twitter_misc":{"Escrito por":"Redacci\u00f3n A Nova Peneira","Tempo de lectura":"3 minutos"},"schema":{"@context":"https:\/\/schema.org","@graph":[{"@type":"Article","@id":"https:\/\/www.anovapeneira.gal\/index.php\/2022\/01\/03\/o-concello-de-tomino-mostra-o-seu-apoio-aos-municipios-portugueses-do-alto-minho-contra-a-posible-mina-de-litio-na-serra-de-arga\/#article","isPartOf":{"@id":"https:\/\/www.anovapeneira.gal\/index.php\/2022\/01\/03\/o-concello-de-tomino-mostra-o-seu-apoio-aos-municipios-portugueses-do-alto-minho-contra-a-posible-mina-de-litio-na-serra-de-arga\/"},"author":{"name":"Redacci\u00f3n A Nova Peneira","@id":"https:\/\/www.anovapeneira.gal\/#\/schema\/person\/b93e3f8932e3f8da96334607eb6ac6aa"},"headline":"O Concello de Tomi\u00f1o mostra o seu apoio aos municipios portugueses do Alto Minho contra a posible mina de litio na Serra de Arga","datePublished":"2022-01-03T11:00:15+00:00","mainEntityOfPage":{"@id":"https:\/\/www.anovapeneira.gal\/index.php\/2022\/01\/03\/o-concello-de-tomino-mostra-o-seu-apoio-aos-municipios-portugueses-do-alto-minho-contra-a-posible-mina-de-litio-na-serra-de-arga\/"},"wordCount":574,"commentCount":0,"publisher":{"@id":"https:\/\/www.anovapeneira.gal\/#organization"},"image":{"@id":"https:\/\/www.anovapeneira.gal\/index.php\/2022\/01\/03\/o-concello-de-tomino-mostra-o-seu-apoio-aos-municipios-portugueses-do-alto-minho-contra-a-posible-mina-de-litio-na-serra-de-arga\/#primaryimage"},"thumbnailUrl":"https:\/\/www.anovapeneira.gal\/wp-content\/uploads\/2021\/12\/Rio_Minho_tominho.jpg","keywords":["Concello de Tomi\u00f1o"],"articleSection":["Baixo Mi\u00f1o"],"inLanguage":"gl-ES","potentialAction":[{"@type":"CommentAction","name":"Comment","target":["https:\/\/www.anovapeneira.gal\/index.php\/2022\/01\/03\/o-concello-de-tomino-mostra-o-seu-apoio-aos-municipios-portugueses-do-alto-minho-contra-a-posible-mina-de-litio-na-serra-de-arga\/#respond"]}]},{"@type":"WebPage","@id":"https:\/\/www.anovapeneira.gal\/index.php\/2022\/01\/03\/o-concello-de-tomino-mostra-o-seu-apoio-aos-municipios-portugueses-do-alto-minho-contra-a-posible-mina-de-litio-na-serra-de-arga\/","url":"https:\/\/www.anovapeneira.gal\/index.php\/2022\/01\/03\/o-concello-de-tomino-mostra-o-seu-apoio-aos-municipios-portugueses-do-alto-minho-contra-a-posible-mina-de-litio-na-serra-de-arga\/","name":"O Concello de Tomi\u00f1o mostra o seu apoio aos municipios portugueses do Alto Minho contra a posible mina de litio na Serra de Arga -","isPartOf":{"@id":"https:\/\/www.anovapeneira.gal\/#website"},"primaryImageOfPage":{"@id":"https:\/\/www.anovapeneira.gal\/index.php\/2022\/01\/03\/o-concello-de-tomino-mostra-o-seu-apoio-aos-municipios-portugueses-do-alto-minho-contra-a-posible-mina-de-litio-na-serra-de-arga\/#primaryimage"},"image":{"@id":"https:\/\/www.anovapeneira.gal\/index.php\/2022\/01\/03\/o-concello-de-tomino-mostra-o-seu-apoio-aos-municipios-portugueses-do-alto-minho-contra-a-posible-mina-de-litio-na-serra-de-arga\/#primaryimage"},"thumbnailUrl":"https:\/\/www.anovapeneira.gal\/wp-content\/uploads\/2021\/12\/Rio_Minho_tominho.jpg","datePublished":"2022-01-03T11:00:15+00:00","description":"e pode afectar ao r\u00edo Mi\u00f1o e \u00e1s zonas transfronterizas","breadcrumb":{"@id":"https:\/\/www.anovapeneira.gal\/index.php\/2022\/01\/03\/o-concello-de-tomino-mostra-o-seu-apoio-aos-municipios-portugueses-do-alto-minho-contra-a-posible-mina-de-litio-na-serra-de-arga\/#breadcrumb"},"inLanguage":"gl-ES","potentialAction":[{"@type":"ReadAction","target":["https:\/\/www.anovapeneira.gal\/index.php\/2022\/01\/03\/o-concello-de-tomino-mostra-o-seu-apoio-aos-municipios-portugueses-do-alto-minho-contra-a-posible-mina-de-litio-na-serra-de-arga\/"]}]},{"@type":"ImageObject","inLanguage":"gl-ES","@id":"https:\/\/www.anovapeneira.gal\/index.php\/2022\/01\/03\/o-concello-de-tomino-mostra-o-seu-apoio-aos-municipios-portugueses-do-alto-minho-contra-a-posible-mina-de-litio-na-serra-de-arga\/#primaryimage","url":"https:\/\/www.anovapeneira.gal\/wp-content\/uploads\/2021\/12\/Rio_Minho_tominho.jpg","contentUrl":"https:\/\/www.anovapeneira.gal\/wp-content\/uploads\/2021\/12\/Rio_Minho_tominho.jpg","width":720,"height":432,"caption":"O Concello de Tomi\u00f1o mostra o seu apoio aos municipios portugueses do Alto Minho contra a posible mina de litio na Serra de Arga"},{"@type":"BreadcrumbList","@id":"https:\/\/www.anovapeneira.gal\/index.php\/2022\/01\/03\/o-concello-de-tomino-mostra-o-seu-apoio-aos-municipios-portugueses-do-alto-minho-contra-a-posible-mina-de-litio-na-serra-de-arga\/#breadcrumb","itemListElement":[{"@type":"ListItem","position":1,"name":"Portada","item":"https:\/\/www.anovapeneira.gal\/"},{"@type":"ListItem","position":2,"name":"O Concello de Tomi\u00f1o mostra o seu apoio aos municipios portugueses do Alto Minho contra a posible mina de litio na Serra de Arga"}]},{"@type":"WebSite","@id":"https:\/\/www.anovapeneira.gal\/#website","url":"https:\/\/www.anovapeneira.gal\/","name":"","description":"Xornal galego de informaci\u00f3n xeral Publicaci\u00f3n mensual de novas de Galicia e en especial dos Concellos da sur da provincia de Pontevedra.","publisher":{"@id":"https:\/\/www.anovapeneira.gal\/#organization"},"potentialAction":[{"@type":"SearchAction","target":{"@type":"EntryPoint","urlTemplate":"https:\/\/www.anovapeneira.gal\/?s={search_term_string}"},"query-input":{"@type":"PropertyValueSpecification","valueRequired":true,"valueName":"search_term_string"}}],"inLanguage":"gl-ES"},{"@type":"Organization","@id":"https:\/\/www.anovapeneira.gal\/#organization","name":"A Nova Peneira","url":"https:\/\/www.anovapeneira.gal\/","logo":{"@type":"ImageObject","inLanguage":"gl-ES","@id":"https:\/\/www.anovapeneira.gal\/#\/schema\/logo\/image\/","url":"http:\/\/www.anovapeneira.gal\/wp-content\/uploads\/2019\/06\/logo_a_nova_peneira_portal_web.png","contentUrl":"http:\/\/www.anovapeneira.gal\/wp-content\/uploads\/2019\/06\/logo_a_nova_peneira_portal_web.png","width":300,"height":100,"caption":"A Nova Peneira"},"image":{"@id":"https:\/\/www.anovapeneira.gal\/#\/schema\/logo\/image\/"},"sameAs":["https:\/\/www.facebook.com\/anovapeneira","https:\/\/x.com\/APeneira"]},{"@type":"Person","@id":"https:\/\/www.anovapeneira.gal\/#\/schema\/person\/b93e3f8932e3f8da96334607eb6ac6aa","name":"Redacci\u00f3n A Nova Peneira","image":{"@type":"ImageObject","inLanguage":"gl-ES","@id":"https:\/\/secure.gravatar.com\/avatar\/c052a2551a06e23fac63626232eaa90abd78dbcf1700fc46a2b2c89fd27b735f?s=96&d=mm&r=g","url":"https:\/\/secure.gravatar.com\/avatar\/c052a2551a06e23fac63626232eaa90abd78dbcf1700fc46a2b2c89fd27b735f?s=96&d=mm&r=g","contentUrl":"https:\/\/secure.gravatar.com\/avatar\/c052a2551a06e23fac63626232eaa90abd78dbcf1700fc46a2b2c89fd27b735f?s=96&d=mm&r=g","caption":"Redacci\u00f3n A Nova Peneira"},"sameAs":["http:\/\/www.anovapeneira.gal\/"],"url":"https:\/\/www.anovapeneira.gal\/index.php\/author\/redactor\/"}]}},"jetpack_featured_media_url":"https:\/\/www.anovapeneira.gal\/wp-content\/uploads\/2021\/12\/Rio_Minho_tominho.jpg","_links":{"self":[{"href":"https:\/\/www.anovapeneira.gal\/index.php\/wp-json\/wp\/v2\/posts\/6688","targetHints":{"allow":["GET"]}}],"collection":[{"href":"https:\/\/www.anovapeneira.gal\/index.php\/wp-json\/wp\/v2\/posts"}],"about":[{"href":"https:\/\/www.anovapeneira.gal\/index.php\/wp-json\/wp\/v2\/types\/post"}],"author":[{"embeddable":true,"href":"https:\/\/www.anovapeneira.gal\/index.php\/wp-json\/wp\/v2\/users\/3"}],"replies":[{"embeddable":true,"href":"https:\/\/www.anovapeneira.gal\/index.php\/wp-json\/wp\/v2\/comments?post=6688"}],"version-history":[{"count":1,"href":"https:\/\/www.anovapeneira.gal\/index.php\/wp-json\/wp\/v2\/posts\/6688\/revisions"}],"predecessor-version":[{"id":6689,"href":"https:\/\/www.anovapeneira.gal\/index.php\/wp-json\/wp\/v2\/posts\/6688\/revisions\/6689"}],"wp:featuredmedia":[{"embeddable":true,"href":"https:\/\/www.anovapeneira.gal\/index.php\/wp-json\/wp\/v2\/media\/6690"}],"wp:attachment":[{"href":"https:\/\/www.anovapeneira.gal\/index.php\/wp-json\/wp\/v2\/media?parent=6688"}],"wp:term":[{"taxonomy":"category","embeddable":true,"href":"https:\/\/www.anovapeneira.gal\/index.php\/wp-json\/wp\/v2\/categories?post=6688"},{"taxonomy":"post_tag","embeddable":true,"href":"https:\/\/www.anovapeneira.gal\/index.php\/wp-json\/wp\/v2\/tags?post=6688"}],"curies":[{"name":"wp","href":"https:\/\/api.w.org\/{rel}","templated":true}]}}