{"id":6711,"date":"2022-01-05T12:00:24","date_gmt":"2022-01-05T11:00:24","guid":{"rendered":"https:\/\/www.anovapeneira.gal\/?p=6711"},"modified":"2022-01-03T16:38:44","modified_gmt":"2022-01-03T15:38:44","slug":"o-bng-de-mos-renova-o-su-consello-local-co-horizonte-posto-nas-eleccions-de-2023","status":"publish","type":"post","link":"https:\/\/www.anovapeneira.gal\/index.php\/2022\/01\/05\/o-bng-de-mos-renova-o-su-consello-local-co-horizonte-posto-nas-eleccions-de-2023\/","title":{"rendered":"O BNG de Mos renova o su Consello Local co horizonte posto nas elecci\u00f3ns de 2023"},"content":{"rendered":"\n<h2 class=\"wp-block-heading\"><strong>\u00d3scar Rodr\u00edguez Campo seguir\u00e1 \u00e1 fronte dun \u00f3rgano de direcci\u00f3n no que se integran algunhas das incorporaci\u00f3ns m\u00e1is recentes da militancia.<\/strong><\/h2>\n\n\n\n<h3 class=\"wp-block-heading\"><strong>A Asemblea Local ofreceu o seu respaldo un\u00e1nime \u00e1 nova equipa, que afronta o reto de consolidar o crecemento dos \u00faltimos anos.<\/strong><\/h3>\n\n\n\n<p><strong>Mos, 30 de decembro de 2021.\u00a0<\/strong><\/p>\n\n\n\n<p>O BNG \u00e9 a forza pol\u00edtica que m\u00e1is est\u00e1 a crecer en Mos. Os \u00faltimos procesos electorais serviron para confirmar a tendencia \u00e1 alza da formaci\u00f3n nacionalista e o respaldo da veci\u00f1anza traduciuse, ademais, nun notable incremento de militantes. As cifras convidan ao optimismo de cara \u00e1s elecci\u00f3ns municipais de 2023,\u00a0<strong>uns comicios nos que o BNG aspira a aumentar a s\u00faa representaci\u00f3n na Corporaci\u00f3n Municipal para liderar o goberno do Concello<\/strong>. O Respons\u00e1bel Local, \u00d3scar Rodr\u00edguez Campo, obtivo o apoio un\u00e1nime da Asemblea para seguir \u00e1 fronte do Consello Local, que se renova para consolidar a li\u00f1a ascendente dos \u00faltimos anos integrando experiencia e mocidade. Deste modo, Sara Samart\u00edn ser\u00e1 a nova Vicerrespons\u00e1bel local; Xos\u00e9 Carlos Cabaleiro &#8220;Pescador&#8221;, respons\u00e1bel de Organizaci\u00f3n; Francisco Garc\u00eda Cobas, de Comunicaci\u00f3n e Cristina Represas, de Finanzas. Pola s\u00faa parte, o concelleiro Gustavo Barcia seguir\u00e1 \u00e1 fronte da \u00e1rea de Acci\u00f3n Municipal.<\/p>\n\n\n\n<p>A militancia respaldou, na Asemblea Local, o traballo desenvolvido nos \u00faltimos anos a nivel org\u00e1nico e institucional. En opini\u00f3n de \u00d3scar Rodr\u00edguez Campo,&nbsp;&#8220;<strong>o BNG consolidouse como a principal referencia da oposici\u00f3n ao goberno do PP e deu voz, nos plenos e na r\u00faa, a un sector maioritario da veci\u00f1anza que est\u00e1 farto da nefasta xesti\u00f3n de Nidia Ar\u00e9valo&#8221;<\/strong>. De cara aos pr\u00f3ximos meses, a formaci\u00f3n nacionalista tratar\u00e1 de incrementar os contactos co tecido social do concello para consolidar unha alternativa s\u00f3lida de cara \u00e1s elecci\u00f3ns de 2023. &#8220;Temos xa moi avanzado o noso proxecto de goberno&#8221;, indica o respons\u00e1bel local, &#8220;pero queremos incorporar achegas de distintos colectivos e de veci\u00f1as e veci\u00f1os a t\u00edtulo particular para elaborar unha proposta ilusionante e realista capaz de resolver os grandes problemas de Mos&#8221;.<\/p>\n\n\n\n<p><strong>Proxecto de futuro<\/strong><\/p>\n\n\n\n<p>O novo Consello Local do BNG de Mos manter\u00e1 unha estratexia de continuidade respecto ao traballo desenvolvido nos \u00faltimos anos. As li\u00f1as mestras da proposta que obtivo o apoio da militancia pasan por seguir po\u00f1endo sobre a mesa as necesidades reais da veci\u00f1anza e ofrecer un proxecto de futuro para o Concello de Mos, &#8220;algo que non ten o PP de Nidia Ar\u00e9valo&#8221;, en palabras de Rodr\u00edguez Campo. Neste sentido, o BNG defende a necesidade de abrir o Concello \u00e1 veci\u00f1anza cunha xesti\u00f3n transparente e eficaz, po\u00f1er freo ao malgasto e a propaganda, acabar coas pol\u00edticas sectarias que fomentan a divisi\u00f3n, resolver o grave problema da ausencia de vivenda, levar os servizos b\u00e1sicos a todos os fogares e garantir un desenvolvemento urban\u00edstico sustentable no que non te\u00f1a cabida a especulaci\u00f3n.<\/p>\n","protected":false},"excerpt":{"rendered":"<div class=\"mh-excerpt\"><p>\u00d3scar Rodr\u00edguez Campo seguir\u00e1 \u00e1 fronte dun \u00f3rgano de direcci\u00f3n no que se integran algunhas das incorporaci\u00f3ns m\u00e1is recentes da militancia <a class=\"mh-excerpt-more\" href=\"https:\/\/www.anovapeneira.gal\/index.php\/2022\/01\/05\/o-bng-de-mos-renova-o-su-consello-local-co-horizonte-posto-nas-eleccions-de-2023\/\" title=\"O BNG de Mos renova o su Consello Local co horizonte posto nas elecci\u00f3ns de 2023\">[&#8230;]<\/a><\/p>\n<\/div>","protected":false},"author":3,"featured_media":6713,"comment_status":"open","ping_status":"open","sticky":false,"template":"","format":"standard","meta":{"_exactmetrics_skip_tracking":false,"_exactmetrics_sitenote_active":false,"_exactmetrics_sitenote_note":"","_exactmetrics_sitenote_category":0,"footnotes":""},"categories":[23],"tags":[218],"class_list":{"0":"post-6711","1":"post","2":"type-post","3":"status-publish","4":"format-standard","5":"has-post-thumbnail","7":"category-a-lourina","8":"tag-concello-de-mos"},"yoast_head":"<!-- This site is optimized with the Yoast SEO plugin v27.4 - https:\/\/yoast.com\/product\/yoast-seo-wordpress\/ -->\n<title>O BNG de Mos renova o su Consello Local co horizonte posto nas elecci\u00f3ns de 2023 -<\/title>\n<meta name=\"description\" content=\"\u00d3scar Rodr\u00edguez Campo seguir\u00e1 \u00e1 fronte dun \u00f3rgano de direcci\u00f3n no que se integran algunhas das incorporaci\u00f3ns m\u00e1is recentes da militancia\" \/>\n<meta name=\"robots\" content=\"index, follow, max-snippet:-1, max-image-preview:large, max-video-preview:-1\" \/>\n<link rel=\"canonical\" href=\"https:\/\/www.anovapeneira.gal\/index.php\/2022\/01\/05\/o-bng-de-mos-renova-o-su-consello-local-co-horizonte-posto-nas-eleccions-de-2023\/\" \/>\n<meta property=\"og:locale\" content=\"gl_ES\" \/>\n<meta property=\"og:type\" content=\"article\" \/>\n<meta property=\"og:title\" content=\"O BNG de Mos renova o su Consello Local co horizonte posto nas elecci\u00f3ns de 2023 -\" \/>\n<meta property=\"og:description\" content=\"\u00d3scar Rodr\u00edguez Campo seguir\u00e1 \u00e1 fronte dun \u00f3rgano de direcci\u00f3n no que se integran algunhas das incorporaci\u00f3ns m\u00e1is recentes da militancia\" \/>\n<meta property=\"og:url\" content=\"https:\/\/www.anovapeneira.gal\/index.php\/2022\/01\/05\/o-bng-de-mos-renova-o-su-consello-local-co-horizonte-posto-nas-eleccions-de-2023\/\" \/>\n<meta property=\"article:publisher\" content=\"https:\/\/www.facebook.com\/anovapeneira\" \/>\n<meta property=\"article:published_time\" content=\"2022-01-05T11:00:24+00:00\" \/>\n<meta property=\"og:image\" content=\"https:\/\/www.anovapeneira.gal\/wp-content\/uploads\/2022\/01\/Novo-Consello-Local-scaled.jpg\" \/>\n\t<meta property=\"og:image:width\" content=\"2560\" \/>\n\t<meta property=\"og:image:height\" content=\"1920\" \/>\n\t<meta property=\"og:image:type\" content=\"image\/jpeg\" \/>\n<meta name=\"author\" content=\"Redacci\u00f3n A Nova Peneira\" \/>\n<meta name=\"twitter:card\" content=\"summary_large_image\" \/>\n<meta name=\"twitter:creator\" content=\"@APeneira\" \/>\n<meta name=\"twitter:site\" content=\"@APeneira\" \/>\n<meta name=\"twitter:label1\" content=\"Escrito por\" \/>\n\t<meta name=\"twitter:data1\" content=\"Redacci\u00f3n A Nova Peneira\" \/>\n\t<meta name=\"twitter:label2\" content=\"Tempo de lectura\" \/>\n\t<meta name=\"twitter:data2\" content=\"3 minutos\" \/>\n<script type=\"application\/ld+json\" class=\"yoast-schema-graph\">{\"@context\":\"https:\\\/\\\/schema.org\",\"@graph\":[{\"@type\":\"Article\",\"@id\":\"https:\\\/\\\/www.anovapeneira.gal\\\/index.php\\\/2022\\\/01\\\/05\\\/o-bng-de-mos-renova-o-su-consello-local-co-horizonte-posto-nas-eleccions-de-2023\\\/#article\",\"isPartOf\":{\"@id\":\"https:\\\/\\\/www.anovapeneira.gal\\\/index.php\\\/2022\\\/01\\\/05\\\/o-bng-de-mos-renova-o-su-consello-local-co-horizonte-posto-nas-eleccions-de-2023\\\/\"},\"author\":{\"name\":\"Redacci\u00f3n A Nova Peneira\",\"@id\":\"https:\\\/\\\/www.anovapeneira.gal\\\/#\\\/schema\\\/person\\\/b93e3f8932e3f8da96334607eb6ac6aa\"},\"headline\":\"O BNG de Mos renova o su Consello Local co horizonte posto nas elecci\u00f3ns de 2023\",\"datePublished\":\"2022-01-05T11:00:24+00:00\",\"mainEntityOfPage\":{\"@id\":\"https:\\\/\\\/www.anovapeneira.gal\\\/index.php\\\/2022\\\/01\\\/05\\\/o-bng-de-mos-renova-o-su-consello-local-co-horizonte-posto-nas-eleccions-de-2023\\\/\"},\"wordCount\":521,\"commentCount\":0,\"publisher\":{\"@id\":\"https:\\\/\\\/www.anovapeneira.gal\\\/#organization\"},\"image\":{\"@id\":\"https:\\\/\\\/www.anovapeneira.gal\\\/index.php\\\/2022\\\/01\\\/05\\\/o-bng-de-mos-renova-o-su-consello-local-co-horizonte-posto-nas-eleccions-de-2023\\\/#primaryimage\"},\"thumbnailUrl\":\"https:\\\/\\\/www.anovapeneira.gal\\\/wp-content\\\/uploads\\\/2022\\\/01\\\/Novo-Consello-Local-scaled.jpg\",\"keywords\":[\"Concello de Mos\"],\"articleSection\":[\"A Louri\u00f1a\"],\"inLanguage\":\"gl-ES\",\"potentialAction\":[{\"@type\":\"CommentAction\",\"name\":\"Comment\",\"target\":[\"https:\\\/\\\/www.anovapeneira.gal\\\/index.php\\\/2022\\\/01\\\/05\\\/o-bng-de-mos-renova-o-su-consello-local-co-horizonte-posto-nas-eleccions-de-2023\\\/#respond\"]}]},{\"@type\":\"WebPage\",\"@id\":\"https:\\\/\\\/www.anovapeneira.gal\\\/index.php\\\/2022\\\/01\\\/05\\\/o-bng-de-mos-renova-o-su-consello-local-co-horizonte-posto-nas-eleccions-de-2023\\\/\",\"url\":\"https:\\\/\\\/www.anovapeneira.gal\\\/index.php\\\/2022\\\/01\\\/05\\\/o-bng-de-mos-renova-o-su-consello-local-co-horizonte-posto-nas-eleccions-de-2023\\\/\",\"name\":\"O BNG de Mos renova o su Consello Local co horizonte posto nas elecci\u00f3ns de 2023 -\",\"isPartOf\":{\"@id\":\"https:\\\/\\\/www.anovapeneira.gal\\\/#website\"},\"primaryImageOfPage\":{\"@id\":\"https:\\\/\\\/www.anovapeneira.gal\\\/index.php\\\/2022\\\/01\\\/05\\\/o-bng-de-mos-renova-o-su-consello-local-co-horizonte-posto-nas-eleccions-de-2023\\\/#primaryimage\"},\"image\":{\"@id\":\"https:\\\/\\\/www.anovapeneira.gal\\\/index.php\\\/2022\\\/01\\\/05\\\/o-bng-de-mos-renova-o-su-consello-local-co-horizonte-posto-nas-eleccions-de-2023\\\/#primaryimage\"},\"thumbnailUrl\":\"https:\\\/\\\/www.anovapeneira.gal\\\/wp-content\\\/uploads\\\/2022\\\/01\\\/Novo-Consello-Local-scaled.jpg\",\"datePublished\":\"2022-01-05T11:00:24+00:00\",\"description\":\"\u00d3scar Rodr\u00edguez Campo seguir\u00e1 \u00e1 fronte dun \u00f3rgano de direcci\u00f3n no que se integran algunhas das incorporaci\u00f3ns m\u00e1is recentes da militancia\",\"breadcrumb\":{\"@id\":\"https:\\\/\\\/www.anovapeneira.gal\\\/index.php\\\/2022\\\/01\\\/05\\\/o-bng-de-mos-renova-o-su-consello-local-co-horizonte-posto-nas-eleccions-de-2023\\\/#breadcrumb\"},\"inLanguage\":\"gl-ES\",\"potentialAction\":[{\"@type\":\"ReadAction\",\"target\":[\"https:\\\/\\\/www.anovapeneira.gal\\\/index.php\\\/2022\\\/01\\\/05\\\/o-bng-de-mos-renova-o-su-consello-local-co-horizonte-posto-nas-eleccions-de-2023\\\/\"]}]},{\"@type\":\"ImageObject\",\"inLanguage\":\"gl-ES\",\"@id\":\"https:\\\/\\\/www.anovapeneira.gal\\\/index.php\\\/2022\\\/01\\\/05\\\/o-bng-de-mos-renova-o-su-consello-local-co-horizonte-posto-nas-eleccions-de-2023\\\/#primaryimage\",\"url\":\"https:\\\/\\\/www.anovapeneira.gal\\\/wp-content\\\/uploads\\\/2022\\\/01\\\/Novo-Consello-Local-scaled.jpg\",\"contentUrl\":\"https:\\\/\\\/www.anovapeneira.gal\\\/wp-content\\\/uploads\\\/2022\\\/01\\\/Novo-Consello-Local-scaled.jpg\",\"width\":2560,\"height\":1920,\"caption\":\"O BNG de Mos renova o su Consello Local co horizonte posto nas elecci\u00f3ns de 2023\"},{\"@type\":\"BreadcrumbList\",\"@id\":\"https:\\\/\\\/www.anovapeneira.gal\\\/index.php\\\/2022\\\/01\\\/05\\\/o-bng-de-mos-renova-o-su-consello-local-co-horizonte-posto-nas-eleccions-de-2023\\\/#breadcrumb\",\"itemListElement\":[{\"@type\":\"ListItem\",\"position\":1,\"name\":\"Portada\",\"item\":\"https:\\\/\\\/www.anovapeneira.gal\\\/\"},{\"@type\":\"ListItem\",\"position\":2,\"name\":\"O BNG de Mos renova o su Consello Local co horizonte posto nas elecci\u00f3ns de 2023\"}]},{\"@type\":\"WebSite\",\"@id\":\"https:\\\/\\\/www.anovapeneira.gal\\\/#website\",\"url\":\"https:\\\/\\\/www.anovapeneira.gal\\\/\",\"name\":\"\",\"description\":\"Xornal galego de informaci\u00f3n xeral Publicaci\u00f3n mensual de novas de Galicia e en especial dos Concellos da sur da provincia de Pontevedra.\",\"publisher\":{\"@id\":\"https:\\\/\\\/www.anovapeneira.gal\\\/#organization\"},\"potentialAction\":[{\"@type\":\"SearchAction\",\"target\":{\"@type\":\"EntryPoint\",\"urlTemplate\":\"https:\\\/\\\/www.anovapeneira.gal\\\/?s={search_term_string}\"},\"query-input\":{\"@type\":\"PropertyValueSpecification\",\"valueRequired\":true,\"valueName\":\"search_term_string\"}}],\"inLanguage\":\"gl-ES\"},{\"@type\":\"Organization\",\"@id\":\"https:\\\/\\\/www.anovapeneira.gal\\\/#organization\",\"name\":\"A Nova Peneira\",\"url\":\"https:\\\/\\\/www.anovapeneira.gal\\\/\",\"logo\":{\"@type\":\"ImageObject\",\"inLanguage\":\"gl-ES\",\"@id\":\"https:\\\/\\\/www.anovapeneira.gal\\\/#\\\/schema\\\/logo\\\/image\\\/\",\"url\":\"http:\\\/\\\/www.anovapeneira.gal\\\/wp-content\\\/uploads\\\/2019\\\/06\\\/logo_a_nova_peneira_portal_web.png\",\"contentUrl\":\"http:\\\/\\\/www.anovapeneira.gal\\\/wp-content\\\/uploads\\\/2019\\\/06\\\/logo_a_nova_peneira_portal_web.png\",\"width\":300,\"height\":100,\"caption\":\"A Nova Peneira\"},\"image\":{\"@id\":\"https:\\\/\\\/www.anovapeneira.gal\\\/#\\\/schema\\\/logo\\\/image\\\/\"},\"sameAs\":[\"https:\\\/\\\/www.facebook.com\\\/anovapeneira\",\"https:\\\/\\\/x.com\\\/APeneira\"]},{\"@type\":\"Person\",\"@id\":\"https:\\\/\\\/www.anovapeneira.gal\\\/#\\\/schema\\\/person\\\/b93e3f8932e3f8da96334607eb6ac6aa\",\"name\":\"Redacci\u00f3n A Nova Peneira\",\"image\":{\"@type\":\"ImageObject\",\"inLanguage\":\"gl-ES\",\"@id\":\"https:\\\/\\\/secure.gravatar.com\\\/avatar\\\/c052a2551a06e23fac63626232eaa90abd78dbcf1700fc46a2b2c89fd27b735f?s=96&d=mm&r=g\",\"url\":\"https:\\\/\\\/secure.gravatar.com\\\/avatar\\\/c052a2551a06e23fac63626232eaa90abd78dbcf1700fc46a2b2c89fd27b735f?s=96&d=mm&r=g\",\"contentUrl\":\"https:\\\/\\\/secure.gravatar.com\\\/avatar\\\/c052a2551a06e23fac63626232eaa90abd78dbcf1700fc46a2b2c89fd27b735f?s=96&d=mm&r=g\",\"caption\":\"Redacci\u00f3n A Nova Peneira\"},\"sameAs\":[\"http:\\\/\\\/www.anovapeneira.gal\\\/\"],\"url\":\"https:\\\/\\\/www.anovapeneira.gal\\\/index.php\\\/author\\\/redactor\\\/\"}]}<\/script>\n<!-- \/ Yoast SEO plugin. -->","yoast_head_json":{"title":"O BNG de Mos renova o su Consello Local co horizonte posto nas elecci\u00f3ns de 2023 -","description":"\u00d3scar Rodr\u00edguez Campo seguir\u00e1 \u00e1 fronte dun \u00f3rgano de direcci\u00f3n no que se integran algunhas das incorporaci\u00f3ns m\u00e1is recentes da militancia","robots":{"index":"index","follow":"follow","max-snippet":"max-snippet:-1","max-image-preview":"max-image-preview:large","max-video-preview":"max-video-preview:-1"},"canonical":"https:\/\/www.anovapeneira.gal\/index.php\/2022\/01\/05\/o-bng-de-mos-renova-o-su-consello-local-co-horizonte-posto-nas-eleccions-de-2023\/","og_locale":"gl_ES","og_type":"article","og_title":"O BNG de Mos renova o su Consello Local co horizonte posto nas elecci\u00f3ns de 2023 -","og_description":"\u00d3scar Rodr\u00edguez Campo seguir\u00e1 \u00e1 fronte dun \u00f3rgano de direcci\u00f3n no que se integran algunhas das incorporaci\u00f3ns m\u00e1is recentes da militancia","og_url":"https:\/\/www.anovapeneira.gal\/index.php\/2022\/01\/05\/o-bng-de-mos-renova-o-su-consello-local-co-horizonte-posto-nas-eleccions-de-2023\/","article_publisher":"https:\/\/www.facebook.com\/anovapeneira","article_published_time":"2022-01-05T11:00:24+00:00","og_image":[{"width":2560,"height":1920,"url":"https:\/\/www.anovapeneira.gal\/wp-content\/uploads\/2022\/01\/Novo-Consello-Local-scaled.jpg","type":"image\/jpeg"}],"author":"Redacci\u00f3n A Nova Peneira","twitter_card":"summary_large_image","twitter_creator":"@APeneira","twitter_site":"@APeneira","twitter_misc":{"Escrito por":"Redacci\u00f3n A Nova Peneira","Tempo de lectura":"3 minutos"},"schema":{"@context":"https:\/\/schema.org","@graph":[{"@type":"Article","@id":"https:\/\/www.anovapeneira.gal\/index.php\/2022\/01\/05\/o-bng-de-mos-renova-o-su-consello-local-co-horizonte-posto-nas-eleccions-de-2023\/#article","isPartOf":{"@id":"https:\/\/www.anovapeneira.gal\/index.php\/2022\/01\/05\/o-bng-de-mos-renova-o-su-consello-local-co-horizonte-posto-nas-eleccions-de-2023\/"},"author":{"name":"Redacci\u00f3n A Nova Peneira","@id":"https:\/\/www.anovapeneira.gal\/#\/schema\/person\/b93e3f8932e3f8da96334607eb6ac6aa"},"headline":"O BNG de Mos renova o su Consello Local co horizonte posto nas elecci\u00f3ns de 2023","datePublished":"2022-01-05T11:00:24+00:00","mainEntityOfPage":{"@id":"https:\/\/www.anovapeneira.gal\/index.php\/2022\/01\/05\/o-bng-de-mos-renova-o-su-consello-local-co-horizonte-posto-nas-eleccions-de-2023\/"},"wordCount":521,"commentCount":0,"publisher":{"@id":"https:\/\/www.anovapeneira.gal\/#organization"},"image":{"@id":"https:\/\/www.anovapeneira.gal\/index.php\/2022\/01\/05\/o-bng-de-mos-renova-o-su-consello-local-co-horizonte-posto-nas-eleccions-de-2023\/#primaryimage"},"thumbnailUrl":"https:\/\/www.anovapeneira.gal\/wp-content\/uploads\/2022\/01\/Novo-Consello-Local-scaled.jpg","keywords":["Concello de Mos"],"articleSection":["A Louri\u00f1a"],"inLanguage":"gl-ES","potentialAction":[{"@type":"CommentAction","name":"Comment","target":["https:\/\/www.anovapeneira.gal\/index.php\/2022\/01\/05\/o-bng-de-mos-renova-o-su-consello-local-co-horizonte-posto-nas-eleccions-de-2023\/#respond"]}]},{"@type":"WebPage","@id":"https:\/\/www.anovapeneira.gal\/index.php\/2022\/01\/05\/o-bng-de-mos-renova-o-su-consello-local-co-horizonte-posto-nas-eleccions-de-2023\/","url":"https:\/\/www.anovapeneira.gal\/index.php\/2022\/01\/05\/o-bng-de-mos-renova-o-su-consello-local-co-horizonte-posto-nas-eleccions-de-2023\/","name":"O BNG de Mos renova o su Consello Local co horizonte posto nas elecci\u00f3ns de 2023 -","isPartOf":{"@id":"https:\/\/www.anovapeneira.gal\/#website"},"primaryImageOfPage":{"@id":"https:\/\/www.anovapeneira.gal\/index.php\/2022\/01\/05\/o-bng-de-mos-renova-o-su-consello-local-co-horizonte-posto-nas-eleccions-de-2023\/#primaryimage"},"image":{"@id":"https:\/\/www.anovapeneira.gal\/index.php\/2022\/01\/05\/o-bng-de-mos-renova-o-su-consello-local-co-horizonte-posto-nas-eleccions-de-2023\/#primaryimage"},"thumbnailUrl":"https:\/\/www.anovapeneira.gal\/wp-content\/uploads\/2022\/01\/Novo-Consello-Local-scaled.jpg","datePublished":"2022-01-05T11:00:24+00:00","description":"\u00d3scar Rodr\u00edguez Campo seguir\u00e1 \u00e1 fronte dun \u00f3rgano de direcci\u00f3n no que se integran algunhas das incorporaci\u00f3ns m\u00e1is recentes da militancia","breadcrumb":{"@id":"https:\/\/www.anovapeneira.gal\/index.php\/2022\/01\/05\/o-bng-de-mos-renova-o-su-consello-local-co-horizonte-posto-nas-eleccions-de-2023\/#breadcrumb"},"inLanguage":"gl-ES","potentialAction":[{"@type":"ReadAction","target":["https:\/\/www.anovapeneira.gal\/index.php\/2022\/01\/05\/o-bng-de-mos-renova-o-su-consello-local-co-horizonte-posto-nas-eleccions-de-2023\/"]}]},{"@type":"ImageObject","inLanguage":"gl-ES","@id":"https:\/\/www.anovapeneira.gal\/index.php\/2022\/01\/05\/o-bng-de-mos-renova-o-su-consello-local-co-horizonte-posto-nas-eleccions-de-2023\/#primaryimage","url":"https:\/\/www.anovapeneira.gal\/wp-content\/uploads\/2022\/01\/Novo-Consello-Local-scaled.jpg","contentUrl":"https:\/\/www.anovapeneira.gal\/wp-content\/uploads\/2022\/01\/Novo-Consello-Local-scaled.jpg","width":2560,"height":1920,"caption":"O BNG de Mos renova o su Consello Local co horizonte posto nas elecci\u00f3ns de 2023"},{"@type":"BreadcrumbList","@id":"https:\/\/www.anovapeneira.gal\/index.php\/2022\/01\/05\/o-bng-de-mos-renova-o-su-consello-local-co-horizonte-posto-nas-eleccions-de-2023\/#breadcrumb","itemListElement":[{"@type":"ListItem","position":1,"name":"Portada","item":"https:\/\/www.anovapeneira.gal\/"},{"@type":"ListItem","position":2,"name":"O BNG de Mos renova o su Consello Local co horizonte posto nas elecci\u00f3ns de 2023"}]},{"@type":"WebSite","@id":"https:\/\/www.anovapeneira.gal\/#website","url":"https:\/\/www.anovapeneira.gal\/","name":"","description":"Xornal galego de informaci\u00f3n xeral Publicaci\u00f3n mensual de novas de Galicia e en especial dos Concellos da sur da provincia de Pontevedra.","publisher":{"@id":"https:\/\/www.anovapeneira.gal\/#organization"},"potentialAction":[{"@type":"SearchAction","target":{"@type":"EntryPoint","urlTemplate":"https:\/\/www.anovapeneira.gal\/?s={search_term_string}"},"query-input":{"@type":"PropertyValueSpecification","valueRequired":true,"valueName":"search_term_string"}}],"inLanguage":"gl-ES"},{"@type":"Organization","@id":"https:\/\/www.anovapeneira.gal\/#organization","name":"A Nova Peneira","url":"https:\/\/www.anovapeneira.gal\/","logo":{"@type":"ImageObject","inLanguage":"gl-ES","@id":"https:\/\/www.anovapeneira.gal\/#\/schema\/logo\/image\/","url":"http:\/\/www.anovapeneira.gal\/wp-content\/uploads\/2019\/06\/logo_a_nova_peneira_portal_web.png","contentUrl":"http:\/\/www.anovapeneira.gal\/wp-content\/uploads\/2019\/06\/logo_a_nova_peneira_portal_web.png","width":300,"height":100,"caption":"A Nova Peneira"},"image":{"@id":"https:\/\/www.anovapeneira.gal\/#\/schema\/logo\/image\/"},"sameAs":["https:\/\/www.facebook.com\/anovapeneira","https:\/\/x.com\/APeneira"]},{"@type":"Person","@id":"https:\/\/www.anovapeneira.gal\/#\/schema\/person\/b93e3f8932e3f8da96334607eb6ac6aa","name":"Redacci\u00f3n A Nova Peneira","image":{"@type":"ImageObject","inLanguage":"gl-ES","@id":"https:\/\/secure.gravatar.com\/avatar\/c052a2551a06e23fac63626232eaa90abd78dbcf1700fc46a2b2c89fd27b735f?s=96&d=mm&r=g","url":"https:\/\/secure.gravatar.com\/avatar\/c052a2551a06e23fac63626232eaa90abd78dbcf1700fc46a2b2c89fd27b735f?s=96&d=mm&r=g","contentUrl":"https:\/\/secure.gravatar.com\/avatar\/c052a2551a06e23fac63626232eaa90abd78dbcf1700fc46a2b2c89fd27b735f?s=96&d=mm&r=g","caption":"Redacci\u00f3n A Nova Peneira"},"sameAs":["http:\/\/www.anovapeneira.gal\/"],"url":"https:\/\/www.anovapeneira.gal\/index.php\/author\/redactor\/"}]}},"jetpack_featured_media_url":"https:\/\/www.anovapeneira.gal\/wp-content\/uploads\/2022\/01\/Novo-Consello-Local-scaled.jpg","_links":{"self":[{"href":"https:\/\/www.anovapeneira.gal\/index.php\/wp-json\/wp\/v2\/posts\/6711","targetHints":{"allow":["GET"]}}],"collection":[{"href":"https:\/\/www.anovapeneira.gal\/index.php\/wp-json\/wp\/v2\/posts"}],"about":[{"href":"https:\/\/www.anovapeneira.gal\/index.php\/wp-json\/wp\/v2\/types\/post"}],"author":[{"embeddable":true,"href":"https:\/\/www.anovapeneira.gal\/index.php\/wp-json\/wp\/v2\/users\/3"}],"replies":[{"embeddable":true,"href":"https:\/\/www.anovapeneira.gal\/index.php\/wp-json\/wp\/v2\/comments?post=6711"}],"version-history":[{"count":1,"href":"https:\/\/www.anovapeneira.gal\/index.php\/wp-json\/wp\/v2\/posts\/6711\/revisions"}],"predecessor-version":[{"id":6712,"href":"https:\/\/www.anovapeneira.gal\/index.php\/wp-json\/wp\/v2\/posts\/6711\/revisions\/6712"}],"wp:featuredmedia":[{"embeddable":true,"href":"https:\/\/www.anovapeneira.gal\/index.php\/wp-json\/wp\/v2\/media\/6713"}],"wp:attachment":[{"href":"https:\/\/www.anovapeneira.gal\/index.php\/wp-json\/wp\/v2\/media?parent=6711"}],"wp:term":[{"taxonomy":"category","embeddable":true,"href":"https:\/\/www.anovapeneira.gal\/index.php\/wp-json\/wp\/v2\/categories?post=6711"},{"taxonomy":"post_tag","embeddable":true,"href":"https:\/\/www.anovapeneira.gal\/index.php\/wp-json\/wp\/v2\/tags?post=6711"}],"curies":[{"name":"wp","href":"https:\/\/api.w.org\/{rel}","templated":true}]}}