{"id":6714,"date":"2022-01-06T10:00:33","date_gmt":"2022-01-06T09:00:33","guid":{"rendered":"https:\/\/www.anovapeneira.gal\/?p=6714"},"modified":"2022-01-03T16:45:17","modified_gmt":"2022-01-03T15:45:17","slug":"o-festival-de-cans-regresara-en-2022-o-mes-de-maio-para-celebrar-a-xix-edicion","status":"publish","type":"post","link":"https:\/\/www.anovapeneira.gal\/index.php\/2022\/01\/06\/o-festival-de-cans-regresara-en-2022-o-mes-de-maio-para-celebrar-a-xix-edicion\/","title":{"rendered":"O Festival de Cans regresar\u00e1 en 2022 \u00f3 mes de maio para celebrar a XIX edici\u00f3n"},"content":{"rendered":"\n<div class=\"wp-block-group\"><div class=\"wp-block-group__inner-container is-layout-flow wp-block-group-is-layout-flow\">\n<figure class=\"wp-block-table\"><table><tbody><tr><td><em>A organizaci\u00f3n do certame xa anticipou a veci\u00f1as e veci\u00f1os, instituci\u00f3ns e patrocinadores as datas da nova edici\u00f3n, que ter\u00e1 lugar do 18 \u00f3 21 de maio.<\/em><em>O Festival fai un balance moi positivo do ano 2021, no que malia a pandemia, o certame chegou a 7.500 persoas e activou o ciclo &#8220;Cinemaldea&#8221;, para achegar o cinema \u00f3 rural.<\/em><em><strong><\/strong><\/em><\/td><\/tr><\/tbody><\/table><\/figure>\n<\/div><\/div>\n\n\n\n<figure class=\"wp-block-table\"><table><tbody><tr><td><strong>(<\/strong><em><strong>Cans, 27 de decembro de 2021<\/strong><\/em><strong>).<\/strong>&nbsp;A XIX edici\u00f3n do Festival de Cans regresar\u00e1 en 2022 \u00e1s s\u00faas datas habituais de primavera, e<strong>&nbsp;ter\u00e1 lugar entre o m\u00e9rcores 18 e o s\u00e1bado 21 de maio,&nbsp;<\/strong>volvendo a coincidir en datas co Festival de Cannes franc\u00e9s, como xa \u00e9 tradici\u00f3n.Estas datas foron decididas pola asemblea da Asociaci\u00f3n Cultural Arela, entidade organizadora do certame, e as\u00ed o foi anticipando nos \u00faltimos d\u00edas a veci\u00f1as e veci\u00f1os que prestan as s\u00faas casas e jalp\u00f3ns, \u00e1s principais instituci\u00f3ns que apoian o certame como Concello do Porri\u00f1o, Deputaci\u00f3n de Pontevedra, Xunta de Galicia ou Ministerio de Cultura, as\u00ed como \u00f3s patrocinadores privados e empresas colaboradoras.A organizaci\u00f3n ven traballando nas \u00faltimas semanas intensamente nos contidos e no dese\u00f1o do que ser\u00e1 a XIX edici\u00f3n, que seguir\u00e1 inicialmente as li\u00f1as das d\u00faas \u00faltimas edici\u00f3ns, dando maior relevancia \u00e1s proxeci\u00f3ns de cine, \u00e1s actividades, \u00f3s encontros e coloquios e \u00e1s actividades diurnas, sen renunciar \u00e1s actuaci\u00f3ns musicais que configuran unha das partes relevantes do certame.Do mesmo xeito que nas d\u00faas \u00faltimas edici\u00f3ns, trasladadas ambas \u00f3 mes de setembro debido \u00f3s condicionantes da pandemia,&nbsp;<strong>a organizaci\u00f3n est\u00e1 a traballar coa m\u00e1xima prudencia.<\/strong>&nbsp;A experiencia adquirida nas d\u00faas \u00faltimas edici\u00f3ns, leva \u00e1 organizaci\u00f3n a traballar en paralelo cunha marxe para tomar decisi\u00f3ns en cada momento, de acordo co que vaia determinando as autoridades sanitarias. O certame avanza tam\u00e9n que nos vindeiros d\u00edas abrirase o prazo de env\u00edo de curtametraxes o obras a concurso.<\/td><\/tr><\/tbody><\/table><\/figure>\n\n\n\n<figure class=\"wp-block-table\"><table><tbody><tr><td><\/td><\/tr><\/tbody><\/table><\/figure>\n\n\n\n<figure class=\"wp-block-table\"><table><tbody><tr><td><strong>Un balance moi positivo de 2021<\/strong>Malia as circunstancias derivadas das restricci\u00f3ns impostas, o Festival de&nbsp;<strong>Cans acadou na s\u00faa \u00faltima edici\u00f3n de 2021, a magn\u00edfica cifra de 7.500 espectadores.<\/strong>&nbsp;Desta cifra, unhas 6.000 persoas asistiron de xeito presencial \u00e1s proxeci\u00f3ns, concertos e actividades do festival, e outras 1.500 persoas conect\u00e1ronse de xeito virtual a algunha das secci\u00f3ns de curtametraxes ou coloquios en streaming a trav\u00e9s das canles de difusi\u00f3n do certame, v\u00eda que seguir\u00e1 a potenciar na vindeira edici\u00f3n do mes de maio.<strong>O Festival realizou o pasado ano 121 contrataci\u00f3ns laborais e contratou servizos a case 50 empresas locais,<\/strong>&nbsp;adem\u00e1is de contratar directamente 140 habitaci\u00f3ns a diferentes establecementos hoteleiros.Outra das actividades que o Festival&nbsp;<strong>impulsou neste 2021 foi o ciclo &#8220;Cinemaldea&#8221;,<\/strong>&nbsp;que levou unha selecci\u00f3n das curtametraxes premiadas en Cans a todas as parroquias de O Porri\u00f1o, acadando a cifra de 250 persoas que asistiron presencialmente a estas proxeci\u00f3ns, co \u00e1nimo de achegar o cinema \u00f3 rural.<\/td><\/tr><\/tbody><\/table><\/figure>\n","protected":false},"excerpt":{"rendered":"<div class=\"mh-excerpt\"><p>A organizaci\u00f3n do certame xa anticipou a veci\u00f1as e veci\u00f1os, instituci\u00f3ns e patrocinadores as datas da nova edici\u00f3n, que ter\u00e1 lugar do 18 \u00f3 21 de maio.O Festival fai un balance moi positivo do ano 2021, no que malia a pandemia, o certame chegou a 7.500 persoas e activou o ciclo &#8220;Cinemaldea&#8221;, para achegar o cinema \u00f3 rural. <a class=\"mh-excerpt-more\" href=\"https:\/\/www.anovapeneira.gal\/index.php\/2022\/01\/06\/o-festival-de-cans-regresara-en-2022-o-mes-de-maio-para-celebrar-a-xix-edicion\/\" title=\"O Festival de Cans regresar\u00e1 en 2022 \u00f3 mes de maio para celebrar a XIX edici\u00f3n\">[&#8230;]<\/a><\/p>\n<\/div>","protected":false},"author":3,"featured_media":6716,"comment_status":"open","ping_status":"open","sticky":false,"template":"","format":"standard","meta":{"_exactmetrics_skip_tracking":false,"_exactmetrics_sitenote_active":false,"_exactmetrics_sitenote_note":"","_exactmetrics_sitenote_category":0,"footnotes":""},"categories":[23],"tags":[411],"class_list":{"0":"post-6714","1":"post","2":"type-post","3":"status-publish","4":"format-standard","5":"has-post-thumbnail","7":"category-a-lourina","8":"tag-concello-do-porrino"},"yoast_head":"<!-- This site is optimized with the Yoast SEO plugin v27.4 - https:\/\/yoast.com\/product\/yoast-seo-wordpress\/ -->\n<title>O Festival de Cans regresar\u00e1 en 2022 \u00f3 mes de maio para celebrar a XIX edici\u00f3n -<\/title>\n<meta name=\"description\" content=\"A organizaci\u00f3n do certame xa anticipou a veci\u00f1as e veci\u00f1os, instituci\u00f3ns e patrocinadores as datas da nova edici\u00f3n, que ter\u00e1 lugar do 18 \u00f3 21 de maio.O Festival fai un balance moi positivo do ano 2021, no que malia a pandemia, o certame chegou a 7.500 persoas e activou o ciclo &quot;Cinemaldea&quot;, para achegar o cinema \u00f3 rural.\" \/>\n<meta name=\"robots\" content=\"index, follow, max-snippet:-1, max-image-preview:large, max-video-preview:-1\" \/>\n<link rel=\"canonical\" href=\"https:\/\/www.anovapeneira.gal\/index.php\/2022\/01\/06\/o-festival-de-cans-regresara-en-2022-o-mes-de-maio-para-celebrar-a-xix-edicion\/\" \/>\n<meta property=\"og:locale\" content=\"gl_ES\" \/>\n<meta property=\"og:type\" content=\"article\" \/>\n<meta property=\"og:title\" content=\"O Festival de Cans regresar\u00e1 en 2022 \u00f3 mes de maio para celebrar a XIX edici\u00f3n -\" \/>\n<meta property=\"og:description\" content=\"A organizaci\u00f3n do certame xa anticipou a veci\u00f1as e veci\u00f1os, instituci\u00f3ns e patrocinadores as datas da nova edici\u00f3n, que ter\u00e1 lugar do 18 \u00f3 21 de maio.O Festival fai un balance moi positivo do ano 2021, no que malia a pandemia, o certame chegou a 7.500 persoas e activou o ciclo &quot;Cinemaldea&quot;, para achegar o cinema \u00f3 rural.\" \/>\n<meta property=\"og:url\" content=\"https:\/\/www.anovapeneira.gal\/index.php\/2022\/01\/06\/o-festival-de-cans-regresara-en-2022-o-mes-de-maio-para-celebrar-a-xix-edicion\/\" \/>\n<meta property=\"article:publisher\" content=\"https:\/\/www.facebook.com\/anovapeneira\" \/>\n<meta property=\"article:published_time\" content=\"2022-01-06T09:00:33+00:00\" \/>\n<meta property=\"og:image\" content=\"https:\/\/www.anovapeneira.gal\/wp-content\/uploads\/2022\/01\/festival_Cans_2022.jpg\" \/>\n\t<meta property=\"og:image:width\" content=\"720\" \/>\n\t<meta property=\"og:image:height\" content=\"432\" \/>\n\t<meta property=\"og:image:type\" content=\"image\/jpeg\" \/>\n<meta name=\"author\" content=\"Redacci\u00f3n A Nova Peneira\" \/>\n<meta name=\"twitter:card\" content=\"summary_large_image\" \/>\n<meta name=\"twitter:creator\" content=\"@APeneira\" \/>\n<meta name=\"twitter:site\" content=\"@APeneira\" \/>\n<meta name=\"twitter:label1\" content=\"Escrito por\" \/>\n\t<meta name=\"twitter:data1\" content=\"Redacci\u00f3n A Nova Peneira\" \/>\n\t<meta name=\"twitter:label2\" content=\"Tempo de lectura\" \/>\n\t<meta name=\"twitter:data2\" content=\"3 minutos\" \/>\n<script type=\"application\/ld+json\" class=\"yoast-schema-graph\">{\"@context\":\"https:\\\/\\\/schema.org\",\"@graph\":[{\"@type\":\"Article\",\"@id\":\"https:\\\/\\\/www.anovapeneira.gal\\\/index.php\\\/2022\\\/01\\\/06\\\/o-festival-de-cans-regresara-en-2022-o-mes-de-maio-para-celebrar-a-xix-edicion\\\/#article\",\"isPartOf\":{\"@id\":\"https:\\\/\\\/www.anovapeneira.gal\\\/index.php\\\/2022\\\/01\\\/06\\\/o-festival-de-cans-regresara-en-2022-o-mes-de-maio-para-celebrar-a-xix-edicion\\\/\"},\"author\":{\"name\":\"Redacci\u00f3n A Nova Peneira\",\"@id\":\"https:\\\/\\\/www.anovapeneira.gal\\\/#\\\/schema\\\/person\\\/b93e3f8932e3f8da96334607eb6ac6aa\"},\"headline\":\"O Festival de Cans regresar\u00e1 en 2022 \u00f3 mes de maio para celebrar a XIX edici\u00f3n\",\"datePublished\":\"2022-01-06T09:00:33+00:00\",\"mainEntityOfPage\":{\"@id\":\"https:\\\/\\\/www.anovapeneira.gal\\\/index.php\\\/2022\\\/01\\\/06\\\/o-festival-de-cans-regresara-en-2022-o-mes-de-maio-para-celebrar-a-xix-edicion\\\/\"},\"wordCount\":521,\"commentCount\":0,\"publisher\":{\"@id\":\"https:\\\/\\\/www.anovapeneira.gal\\\/#organization\"},\"image\":{\"@id\":\"https:\\\/\\\/www.anovapeneira.gal\\\/index.php\\\/2022\\\/01\\\/06\\\/o-festival-de-cans-regresara-en-2022-o-mes-de-maio-para-celebrar-a-xix-edicion\\\/#primaryimage\"},\"thumbnailUrl\":\"https:\\\/\\\/www.anovapeneira.gal\\\/wp-content\\\/uploads\\\/2022\\\/01\\\/festival_Cans_2022.jpg\",\"keywords\":[\"Concello do Porri\u00f1o\"],\"articleSection\":[\"A Louri\u00f1a\"],\"inLanguage\":\"gl-ES\",\"potentialAction\":[{\"@type\":\"CommentAction\",\"name\":\"Comment\",\"target\":[\"https:\\\/\\\/www.anovapeneira.gal\\\/index.php\\\/2022\\\/01\\\/06\\\/o-festival-de-cans-regresara-en-2022-o-mes-de-maio-para-celebrar-a-xix-edicion\\\/#respond\"]}]},{\"@type\":\"WebPage\",\"@id\":\"https:\\\/\\\/www.anovapeneira.gal\\\/index.php\\\/2022\\\/01\\\/06\\\/o-festival-de-cans-regresara-en-2022-o-mes-de-maio-para-celebrar-a-xix-edicion\\\/\",\"url\":\"https:\\\/\\\/www.anovapeneira.gal\\\/index.php\\\/2022\\\/01\\\/06\\\/o-festival-de-cans-regresara-en-2022-o-mes-de-maio-para-celebrar-a-xix-edicion\\\/\",\"name\":\"O Festival de Cans regresar\u00e1 en 2022 \u00f3 mes de maio para celebrar a XIX edici\u00f3n -\",\"isPartOf\":{\"@id\":\"https:\\\/\\\/www.anovapeneira.gal\\\/#website\"},\"primaryImageOfPage\":{\"@id\":\"https:\\\/\\\/www.anovapeneira.gal\\\/index.php\\\/2022\\\/01\\\/06\\\/o-festival-de-cans-regresara-en-2022-o-mes-de-maio-para-celebrar-a-xix-edicion\\\/#primaryimage\"},\"image\":{\"@id\":\"https:\\\/\\\/www.anovapeneira.gal\\\/index.php\\\/2022\\\/01\\\/06\\\/o-festival-de-cans-regresara-en-2022-o-mes-de-maio-para-celebrar-a-xix-edicion\\\/#primaryimage\"},\"thumbnailUrl\":\"https:\\\/\\\/www.anovapeneira.gal\\\/wp-content\\\/uploads\\\/2022\\\/01\\\/festival_Cans_2022.jpg\",\"datePublished\":\"2022-01-06T09:00:33+00:00\",\"description\":\"A organizaci\u00f3n do certame xa anticipou a veci\u00f1as e veci\u00f1os, instituci\u00f3ns e patrocinadores as datas da nova edici\u00f3n, que ter\u00e1 lugar do 18 \u00f3 21 de maio.O Festival fai un balance moi positivo do ano 2021, no que malia a pandemia, o certame chegou a 7.500 persoas e activou o ciclo \\\"Cinemaldea\\\", para achegar o cinema \u00f3 rural.\",\"breadcrumb\":{\"@id\":\"https:\\\/\\\/www.anovapeneira.gal\\\/index.php\\\/2022\\\/01\\\/06\\\/o-festival-de-cans-regresara-en-2022-o-mes-de-maio-para-celebrar-a-xix-edicion\\\/#breadcrumb\"},\"inLanguage\":\"gl-ES\",\"potentialAction\":[{\"@type\":\"ReadAction\",\"target\":[\"https:\\\/\\\/www.anovapeneira.gal\\\/index.php\\\/2022\\\/01\\\/06\\\/o-festival-de-cans-regresara-en-2022-o-mes-de-maio-para-celebrar-a-xix-edicion\\\/\"]}]},{\"@type\":\"ImageObject\",\"inLanguage\":\"gl-ES\",\"@id\":\"https:\\\/\\\/www.anovapeneira.gal\\\/index.php\\\/2022\\\/01\\\/06\\\/o-festival-de-cans-regresara-en-2022-o-mes-de-maio-para-celebrar-a-xix-edicion\\\/#primaryimage\",\"url\":\"https:\\\/\\\/www.anovapeneira.gal\\\/wp-content\\\/uploads\\\/2022\\\/01\\\/festival_Cans_2022.jpg\",\"contentUrl\":\"https:\\\/\\\/www.anovapeneira.gal\\\/wp-content\\\/uploads\\\/2022\\\/01\\\/festival_Cans_2022.jpg\",\"width\":720,\"height\":432,\"caption\":\"Festival de Cans 2022\"},{\"@type\":\"BreadcrumbList\",\"@id\":\"https:\\\/\\\/www.anovapeneira.gal\\\/index.php\\\/2022\\\/01\\\/06\\\/o-festival-de-cans-regresara-en-2022-o-mes-de-maio-para-celebrar-a-xix-edicion\\\/#breadcrumb\",\"itemListElement\":[{\"@type\":\"ListItem\",\"position\":1,\"name\":\"Portada\",\"item\":\"https:\\\/\\\/www.anovapeneira.gal\\\/\"},{\"@type\":\"ListItem\",\"position\":2,\"name\":\"O Festival de Cans regresar\u00e1 en 2022 \u00f3 mes de maio para celebrar a XIX edici\u00f3n\"}]},{\"@type\":\"WebSite\",\"@id\":\"https:\\\/\\\/www.anovapeneira.gal\\\/#website\",\"url\":\"https:\\\/\\\/www.anovapeneira.gal\\\/\",\"name\":\"\",\"description\":\"Xornal galego de informaci\u00f3n xeral Publicaci\u00f3n mensual de novas de Galicia e en especial dos Concellos da sur da provincia de Pontevedra.\",\"publisher\":{\"@id\":\"https:\\\/\\\/www.anovapeneira.gal\\\/#organization\"},\"potentialAction\":[{\"@type\":\"SearchAction\",\"target\":{\"@type\":\"EntryPoint\",\"urlTemplate\":\"https:\\\/\\\/www.anovapeneira.gal\\\/?s={search_term_string}\"},\"query-input\":{\"@type\":\"PropertyValueSpecification\",\"valueRequired\":true,\"valueName\":\"search_term_string\"}}],\"inLanguage\":\"gl-ES\"},{\"@type\":\"Organization\",\"@id\":\"https:\\\/\\\/www.anovapeneira.gal\\\/#organization\",\"name\":\"A Nova Peneira\",\"url\":\"https:\\\/\\\/www.anovapeneira.gal\\\/\",\"logo\":{\"@type\":\"ImageObject\",\"inLanguage\":\"gl-ES\",\"@id\":\"https:\\\/\\\/www.anovapeneira.gal\\\/#\\\/schema\\\/logo\\\/image\\\/\",\"url\":\"http:\\\/\\\/www.anovapeneira.gal\\\/wp-content\\\/uploads\\\/2019\\\/06\\\/logo_a_nova_peneira_portal_web.png\",\"contentUrl\":\"http:\\\/\\\/www.anovapeneira.gal\\\/wp-content\\\/uploads\\\/2019\\\/06\\\/logo_a_nova_peneira_portal_web.png\",\"width\":300,\"height\":100,\"caption\":\"A Nova Peneira\"},\"image\":{\"@id\":\"https:\\\/\\\/www.anovapeneira.gal\\\/#\\\/schema\\\/logo\\\/image\\\/\"},\"sameAs\":[\"https:\\\/\\\/www.facebook.com\\\/anovapeneira\",\"https:\\\/\\\/x.com\\\/APeneira\"]},{\"@type\":\"Person\",\"@id\":\"https:\\\/\\\/www.anovapeneira.gal\\\/#\\\/schema\\\/person\\\/b93e3f8932e3f8da96334607eb6ac6aa\",\"name\":\"Redacci\u00f3n A Nova Peneira\",\"image\":{\"@type\":\"ImageObject\",\"inLanguage\":\"gl-ES\",\"@id\":\"https:\\\/\\\/secure.gravatar.com\\\/avatar\\\/c052a2551a06e23fac63626232eaa90abd78dbcf1700fc46a2b2c89fd27b735f?s=96&d=mm&r=g\",\"url\":\"https:\\\/\\\/secure.gravatar.com\\\/avatar\\\/c052a2551a06e23fac63626232eaa90abd78dbcf1700fc46a2b2c89fd27b735f?s=96&d=mm&r=g\",\"contentUrl\":\"https:\\\/\\\/secure.gravatar.com\\\/avatar\\\/c052a2551a06e23fac63626232eaa90abd78dbcf1700fc46a2b2c89fd27b735f?s=96&d=mm&r=g\",\"caption\":\"Redacci\u00f3n A Nova Peneira\"},\"sameAs\":[\"http:\\\/\\\/www.anovapeneira.gal\\\/\"],\"url\":\"https:\\\/\\\/www.anovapeneira.gal\\\/index.php\\\/author\\\/redactor\\\/\"}]}<\/script>\n<!-- \/ Yoast SEO plugin. -->","yoast_head_json":{"title":"O Festival de Cans regresar\u00e1 en 2022 \u00f3 mes de maio para celebrar a XIX edici\u00f3n -","description":"A organizaci\u00f3n do certame xa anticipou a veci\u00f1as e veci\u00f1os, instituci\u00f3ns e patrocinadores as datas da nova edici\u00f3n, que ter\u00e1 lugar do 18 \u00f3 21 de maio.O Festival fai un balance moi positivo do ano 2021, no que malia a pandemia, o certame chegou a 7.500 persoas e activou o ciclo \"Cinemaldea\", para achegar o cinema \u00f3 rural.","robots":{"index":"index","follow":"follow","max-snippet":"max-snippet:-1","max-image-preview":"max-image-preview:large","max-video-preview":"max-video-preview:-1"},"canonical":"https:\/\/www.anovapeneira.gal\/index.php\/2022\/01\/06\/o-festival-de-cans-regresara-en-2022-o-mes-de-maio-para-celebrar-a-xix-edicion\/","og_locale":"gl_ES","og_type":"article","og_title":"O Festival de Cans regresar\u00e1 en 2022 \u00f3 mes de maio para celebrar a XIX edici\u00f3n -","og_description":"A organizaci\u00f3n do certame xa anticipou a veci\u00f1as e veci\u00f1os, instituci\u00f3ns e patrocinadores as datas da nova edici\u00f3n, que ter\u00e1 lugar do 18 \u00f3 21 de maio.O Festival fai un balance moi positivo do ano 2021, no que malia a pandemia, o certame chegou a 7.500 persoas e activou o ciclo \"Cinemaldea\", para achegar o cinema \u00f3 rural.","og_url":"https:\/\/www.anovapeneira.gal\/index.php\/2022\/01\/06\/o-festival-de-cans-regresara-en-2022-o-mes-de-maio-para-celebrar-a-xix-edicion\/","article_publisher":"https:\/\/www.facebook.com\/anovapeneira","article_published_time":"2022-01-06T09:00:33+00:00","og_image":[{"width":720,"height":432,"url":"https:\/\/www.anovapeneira.gal\/wp-content\/uploads\/2022\/01\/festival_Cans_2022.jpg","type":"image\/jpeg"}],"author":"Redacci\u00f3n A Nova Peneira","twitter_card":"summary_large_image","twitter_creator":"@APeneira","twitter_site":"@APeneira","twitter_misc":{"Escrito por":"Redacci\u00f3n A Nova Peneira","Tempo de lectura":"3 minutos"},"schema":{"@context":"https:\/\/schema.org","@graph":[{"@type":"Article","@id":"https:\/\/www.anovapeneira.gal\/index.php\/2022\/01\/06\/o-festival-de-cans-regresara-en-2022-o-mes-de-maio-para-celebrar-a-xix-edicion\/#article","isPartOf":{"@id":"https:\/\/www.anovapeneira.gal\/index.php\/2022\/01\/06\/o-festival-de-cans-regresara-en-2022-o-mes-de-maio-para-celebrar-a-xix-edicion\/"},"author":{"name":"Redacci\u00f3n A Nova Peneira","@id":"https:\/\/www.anovapeneira.gal\/#\/schema\/person\/b93e3f8932e3f8da96334607eb6ac6aa"},"headline":"O Festival de Cans regresar\u00e1 en 2022 \u00f3 mes de maio para celebrar a XIX edici\u00f3n","datePublished":"2022-01-06T09:00:33+00:00","mainEntityOfPage":{"@id":"https:\/\/www.anovapeneira.gal\/index.php\/2022\/01\/06\/o-festival-de-cans-regresara-en-2022-o-mes-de-maio-para-celebrar-a-xix-edicion\/"},"wordCount":521,"commentCount":0,"publisher":{"@id":"https:\/\/www.anovapeneira.gal\/#organization"},"image":{"@id":"https:\/\/www.anovapeneira.gal\/index.php\/2022\/01\/06\/o-festival-de-cans-regresara-en-2022-o-mes-de-maio-para-celebrar-a-xix-edicion\/#primaryimage"},"thumbnailUrl":"https:\/\/www.anovapeneira.gal\/wp-content\/uploads\/2022\/01\/festival_Cans_2022.jpg","keywords":["Concello do Porri\u00f1o"],"articleSection":["A Louri\u00f1a"],"inLanguage":"gl-ES","potentialAction":[{"@type":"CommentAction","name":"Comment","target":["https:\/\/www.anovapeneira.gal\/index.php\/2022\/01\/06\/o-festival-de-cans-regresara-en-2022-o-mes-de-maio-para-celebrar-a-xix-edicion\/#respond"]}]},{"@type":"WebPage","@id":"https:\/\/www.anovapeneira.gal\/index.php\/2022\/01\/06\/o-festival-de-cans-regresara-en-2022-o-mes-de-maio-para-celebrar-a-xix-edicion\/","url":"https:\/\/www.anovapeneira.gal\/index.php\/2022\/01\/06\/o-festival-de-cans-regresara-en-2022-o-mes-de-maio-para-celebrar-a-xix-edicion\/","name":"O Festival de Cans regresar\u00e1 en 2022 \u00f3 mes de maio para celebrar a XIX edici\u00f3n -","isPartOf":{"@id":"https:\/\/www.anovapeneira.gal\/#website"},"primaryImageOfPage":{"@id":"https:\/\/www.anovapeneira.gal\/index.php\/2022\/01\/06\/o-festival-de-cans-regresara-en-2022-o-mes-de-maio-para-celebrar-a-xix-edicion\/#primaryimage"},"image":{"@id":"https:\/\/www.anovapeneira.gal\/index.php\/2022\/01\/06\/o-festival-de-cans-regresara-en-2022-o-mes-de-maio-para-celebrar-a-xix-edicion\/#primaryimage"},"thumbnailUrl":"https:\/\/www.anovapeneira.gal\/wp-content\/uploads\/2022\/01\/festival_Cans_2022.jpg","datePublished":"2022-01-06T09:00:33+00:00","description":"A organizaci\u00f3n do certame xa anticipou a veci\u00f1as e veci\u00f1os, instituci\u00f3ns e patrocinadores as datas da nova edici\u00f3n, que ter\u00e1 lugar do 18 \u00f3 21 de maio.O Festival fai un balance moi positivo do ano 2021, no que malia a pandemia, o certame chegou a 7.500 persoas e activou o ciclo \"Cinemaldea\", para achegar o cinema \u00f3 rural.","breadcrumb":{"@id":"https:\/\/www.anovapeneira.gal\/index.php\/2022\/01\/06\/o-festival-de-cans-regresara-en-2022-o-mes-de-maio-para-celebrar-a-xix-edicion\/#breadcrumb"},"inLanguage":"gl-ES","potentialAction":[{"@type":"ReadAction","target":["https:\/\/www.anovapeneira.gal\/index.php\/2022\/01\/06\/o-festival-de-cans-regresara-en-2022-o-mes-de-maio-para-celebrar-a-xix-edicion\/"]}]},{"@type":"ImageObject","inLanguage":"gl-ES","@id":"https:\/\/www.anovapeneira.gal\/index.php\/2022\/01\/06\/o-festival-de-cans-regresara-en-2022-o-mes-de-maio-para-celebrar-a-xix-edicion\/#primaryimage","url":"https:\/\/www.anovapeneira.gal\/wp-content\/uploads\/2022\/01\/festival_Cans_2022.jpg","contentUrl":"https:\/\/www.anovapeneira.gal\/wp-content\/uploads\/2022\/01\/festival_Cans_2022.jpg","width":720,"height":432,"caption":"Festival de Cans 2022"},{"@type":"BreadcrumbList","@id":"https:\/\/www.anovapeneira.gal\/index.php\/2022\/01\/06\/o-festival-de-cans-regresara-en-2022-o-mes-de-maio-para-celebrar-a-xix-edicion\/#breadcrumb","itemListElement":[{"@type":"ListItem","position":1,"name":"Portada","item":"https:\/\/www.anovapeneira.gal\/"},{"@type":"ListItem","position":2,"name":"O Festival de Cans regresar\u00e1 en 2022 \u00f3 mes de maio para celebrar a XIX edici\u00f3n"}]},{"@type":"WebSite","@id":"https:\/\/www.anovapeneira.gal\/#website","url":"https:\/\/www.anovapeneira.gal\/","name":"","description":"Xornal galego de informaci\u00f3n xeral Publicaci\u00f3n mensual de novas de Galicia e en especial dos Concellos da sur da provincia de Pontevedra.","publisher":{"@id":"https:\/\/www.anovapeneira.gal\/#organization"},"potentialAction":[{"@type":"SearchAction","target":{"@type":"EntryPoint","urlTemplate":"https:\/\/www.anovapeneira.gal\/?s={search_term_string}"},"query-input":{"@type":"PropertyValueSpecification","valueRequired":true,"valueName":"search_term_string"}}],"inLanguage":"gl-ES"},{"@type":"Organization","@id":"https:\/\/www.anovapeneira.gal\/#organization","name":"A Nova Peneira","url":"https:\/\/www.anovapeneira.gal\/","logo":{"@type":"ImageObject","inLanguage":"gl-ES","@id":"https:\/\/www.anovapeneira.gal\/#\/schema\/logo\/image\/","url":"http:\/\/www.anovapeneira.gal\/wp-content\/uploads\/2019\/06\/logo_a_nova_peneira_portal_web.png","contentUrl":"http:\/\/www.anovapeneira.gal\/wp-content\/uploads\/2019\/06\/logo_a_nova_peneira_portal_web.png","width":300,"height":100,"caption":"A Nova Peneira"},"image":{"@id":"https:\/\/www.anovapeneira.gal\/#\/schema\/logo\/image\/"},"sameAs":["https:\/\/www.facebook.com\/anovapeneira","https:\/\/x.com\/APeneira"]},{"@type":"Person","@id":"https:\/\/www.anovapeneira.gal\/#\/schema\/person\/b93e3f8932e3f8da96334607eb6ac6aa","name":"Redacci\u00f3n A Nova Peneira","image":{"@type":"ImageObject","inLanguage":"gl-ES","@id":"https:\/\/secure.gravatar.com\/avatar\/c052a2551a06e23fac63626232eaa90abd78dbcf1700fc46a2b2c89fd27b735f?s=96&d=mm&r=g","url":"https:\/\/secure.gravatar.com\/avatar\/c052a2551a06e23fac63626232eaa90abd78dbcf1700fc46a2b2c89fd27b735f?s=96&d=mm&r=g","contentUrl":"https:\/\/secure.gravatar.com\/avatar\/c052a2551a06e23fac63626232eaa90abd78dbcf1700fc46a2b2c89fd27b735f?s=96&d=mm&r=g","caption":"Redacci\u00f3n A Nova Peneira"},"sameAs":["http:\/\/www.anovapeneira.gal\/"],"url":"https:\/\/www.anovapeneira.gal\/index.php\/author\/redactor\/"}]}},"jetpack_featured_media_url":"https:\/\/www.anovapeneira.gal\/wp-content\/uploads\/2022\/01\/festival_Cans_2022.jpg","_links":{"self":[{"href":"https:\/\/www.anovapeneira.gal\/index.php\/wp-json\/wp\/v2\/posts\/6714","targetHints":{"allow":["GET"]}}],"collection":[{"href":"https:\/\/www.anovapeneira.gal\/index.php\/wp-json\/wp\/v2\/posts"}],"about":[{"href":"https:\/\/www.anovapeneira.gal\/index.php\/wp-json\/wp\/v2\/types\/post"}],"author":[{"embeddable":true,"href":"https:\/\/www.anovapeneira.gal\/index.php\/wp-json\/wp\/v2\/users\/3"}],"replies":[{"embeddable":true,"href":"https:\/\/www.anovapeneira.gal\/index.php\/wp-json\/wp\/v2\/comments?post=6714"}],"version-history":[{"count":2,"href":"https:\/\/www.anovapeneira.gal\/index.php\/wp-json\/wp\/v2\/posts\/6714\/revisions"}],"predecessor-version":[{"id":6717,"href":"https:\/\/www.anovapeneira.gal\/index.php\/wp-json\/wp\/v2\/posts\/6714\/revisions\/6717"}],"wp:featuredmedia":[{"embeddable":true,"href":"https:\/\/www.anovapeneira.gal\/index.php\/wp-json\/wp\/v2\/media\/6716"}],"wp:attachment":[{"href":"https:\/\/www.anovapeneira.gal\/index.php\/wp-json\/wp\/v2\/media?parent=6714"}],"wp:term":[{"taxonomy":"category","embeddable":true,"href":"https:\/\/www.anovapeneira.gal\/index.php\/wp-json\/wp\/v2\/categories?post=6714"},{"taxonomy":"post_tag","embeddable":true,"href":"https:\/\/www.anovapeneira.gal\/index.php\/wp-json\/wp\/v2\/tags?post=6714"}],"curies":[{"name":"wp","href":"https:\/\/api.w.org\/{rel}","templated":true}]}}