{"id":6718,"date":"2022-01-06T12:00:52","date_gmt":"2022-01-06T11:00:52","guid":{"rendered":"https:\/\/www.anovapeneira.gal\/?p=6718"},"modified":"2022-01-05T15:54:32","modified_gmt":"2022-01-05T14:54:32","slug":"stop-eolicos-xures-celanova-exixe-cambiar-o-idioma-nun-documento-que-a-promotora-do-pe-monte-da-neve-presentou-en-ingles","status":"publish","type":"post","link":"https:\/\/www.anovapeneira.gal\/index.php\/2022\/01\/06\/stop-eolicos-xures-celanova-exixe-cambiar-o-idioma-nun-documento-que-a-promotora-do-pe-monte-da-neve-presentou-en-ingles\/","title":{"rendered":"STOP E\u00d3LICOS XUR\u00c9S CELANOVA exixe cambiar o idioma nun documento que a promotora do PE Monte da Neve presentou en ingl\u00e9s"},"content":{"rendered":"\n<p>Ce<strong>lanova, Verea, 28 de decembro de 2021.<\/strong><\/p>\n\n\n\n<h2 class=\"wp-block-heading\">A plataforma lembra que a documentaci\u00f3n debe estar nunha lingua oficial na Galiza e reclama que se ampl\u00ede o prazo de alegaci\u00f3ns unha vez que se corrixa un erro que obstaculiza a participaci\u00f3n p\u00fablica.<\/h2>\n\n\n\n<h2 class=\"wp-block-heading\">A <strong>MESA POLA NORMALIZACI\u00d3N LING\u00dc\u00cdSTICA<\/strong> tam\u00e9n tramitou a queixa diante da Valedora do Pobo, e da Secretar\u00eda Xeral de Pol\u00edtica Ling\u00fc\u00edstica e da Conseller\u00eda de Econom\u00eda, Empresa e Innovaci\u00f3n.<\/h2>\n\n\n\n<p>A plataforma STOP E\u00d3LICOS XUR\u00c9S CELANOVA rexistrou no Concello de Celanova onte, luns 27 de decembro de 2021, un escrito dirixido \u00e1 Vicepresidencia Segunda e Conseller\u00eda de Econom\u00eda, Empresa e Innovaci\u00f3n advertindo do uso dun idioma NON oficial na Galiza na documentaci\u00f3n que se somete a informaci\u00f3n p\u00fablica no proxecto de central e\u00f3lica Monte da Neve entre Celanova e Verea.<\/p>\n\n\n\n<p>A documentaci\u00f3n \u00e9 resultado do acordo do 1 de decembro de 2021 da Xefatura Territorial de Ourense, sobre as solicitudes de autorizaci\u00f3n administrativa previa e de construci\u00f3n, o proxecto de interese auton\u00f3mico e o estudo de impacto ambiental do proxecto do parque e\u00f3lico Monte da Neve e li\u00f1a de evacuaci\u00f3n, situado nos concellos de Celanova e Verea, da provincia de Ourense (expediente IN408A 2020\/102), DOG N\u00fam. 236, de 10 de decembro de 2021.<\/p>\n\n\n\n<p>STOP E\u00d3LICOS XUR\u00c9S CELANOVA sinala que o anexo n\u00famero 14 referido \u00e1s caracter\u00edsticas t\u00e9cnicas do modelo de aeroxerador previsto, e que se incorpora como parte do Estudo de Impacto Ambiental, est\u00e1 en lingua inglesa. A lingua inglesa non \u00e9 lingua oficial na Galiza, polo que se dificulta a participaci\u00f3n p\u00fablica no procedemento de alegaci\u00f3ns, indica a plataforma e reclama que se corrixa ese erro e se ampl\u00ede o prazo de alegaci\u00f3ns m\u00e1is al\u00e1 do 25 de xaneiro para facilitar o tr\u00e1mite de alegaci\u00f3ns que se sost\u00e9n a participaci\u00f3n p\u00fablica neste tipo de procedementos.<\/p>\n\n\n\n<p>A plataforma STOP E\u00d3LICOS XUR\u00c9S CELANOVA tam\u00e9n recorreu \u00e1 <strong>MESA POLA NORMALIZACI\u00d3N LING\u00dc\u00cdSTICA<\/strong>. A trav\u00e9s da &#8216;Li\u00f1a do galego&#8217; formalizouse a denuncia polo uso dunha lingua NON oficial nun documento a exposici\u00f3n p\u00fablica. A MESA informou a pasada semana que xa deu curso \u00e1 queixa diante da Valedora do Pobo, e tam\u00e9n da Secretar\u00eda Xeral de Pol\u00edtica Ling\u00fc\u00edstica e da Vicepresidencia Segunda e Conseller\u00eda de Econom\u00eda, Empresa e Innovaci\u00f3n.<\/p>\n","protected":false},"excerpt":{"rendered":"<div class=\"mh-excerpt\"><p>oficial na Galiza e reclama que se ampl\u00ede o prazo de alegaci\u00f3ns unha vez que se corrixa un erro que obstaculiza a participaci\u00f3n p\u00fablica <a class=\"mh-excerpt-more\" href=\"https:\/\/www.anovapeneira.gal\/index.php\/2022\/01\/06\/stop-eolicos-xures-celanova-exixe-cambiar-o-idioma-nun-documento-que-a-promotora-do-pe-monte-da-neve-presentou-en-ingles\/\" title=\"STOP E\u00d3LICOS XUR\u00c9S CELANOVA exixe cambiar o idioma nun documento que a promotora do PE Monte da Neve presentou en ingl\u00e9s\">[&#8230;]<\/a><\/p>\n<\/div>","protected":false},"author":3,"featured_media":6720,"comment_status":"open","ping_status":"open","sticky":false,"template":"","format":"standard","meta":{"_exactmetrics_skip_tracking":false,"_exactmetrics_sitenote_active":false,"_exactmetrics_sitenote_note":"","_exactmetrics_sitenote_category":0,"footnotes":""},"categories":[263],"tags":[1230],"class_list":{"0":"post-6718","1":"post","2":"type-post","3":"status-publish","4":"format-standard","5":"has-post-thumbnail","7":"category-novas","8":"tag-concello-de-celanova"},"yoast_head":"<!-- This site is optimized with the Yoast SEO plugin v27.4 - https:\/\/yoast.com\/product\/yoast-seo-wordpress\/ -->\n<title>STOP E\u00d3LICOS XUR\u00c9S CELANOVA exixe cambiar o idioma nun documento que a promotora do PE Monte da Neve presentou en ingl\u00e9s -<\/title>\n<meta name=\"description\" content=\"A plataforma lembra que a documentaci\u00f3n debe estar nunha lingua oficial na Galiza e reclama que se ampl\u00ede o prazo de alegaci\u00f3ns unha vez que se corrixa un erro que obstaculiza a participaci\u00f3n p\u00fablica\" \/>\n<meta name=\"robots\" content=\"index, follow, max-snippet:-1, max-image-preview:large, max-video-preview:-1\" \/>\n<link rel=\"canonical\" href=\"https:\/\/www.anovapeneira.gal\/index.php\/2022\/01\/06\/stop-eolicos-xures-celanova-exixe-cambiar-o-idioma-nun-documento-que-a-promotora-do-pe-monte-da-neve-presentou-en-ingles\/\" \/>\n<meta property=\"og:locale\" content=\"gl_ES\" \/>\n<meta property=\"og:type\" content=\"article\" \/>\n<meta property=\"og:title\" content=\"STOP E\u00d3LICOS XUR\u00c9S CELANOVA exixe cambiar o idioma nun documento que a promotora do PE Monte da Neve presentou en ingl\u00e9s -\" \/>\n<meta property=\"og:description\" content=\"A plataforma lembra que a documentaci\u00f3n debe estar nunha lingua oficial na Galiza e reclama que se ampl\u00ede o prazo de alegaci\u00f3ns unha vez que se corrixa un erro que obstaculiza a participaci\u00f3n p\u00fablica\" \/>\n<meta property=\"og:url\" content=\"https:\/\/www.anovapeneira.gal\/index.php\/2022\/01\/06\/stop-eolicos-xures-celanova-exixe-cambiar-o-idioma-nun-documento-que-a-promotora-do-pe-monte-da-neve-presentou-en-ingles\/\" \/>\n<meta property=\"article:publisher\" content=\"https:\/\/www.facebook.com\/anovapeneira\" \/>\n<meta property=\"article:published_time\" content=\"2022-01-06T11:00:52+00:00\" \/>\n<meta property=\"og:image\" content=\"https:\/\/www.anovapeneira.gal\/wp-content\/uploads\/2022\/01\/stop_celanova.jpg\" \/>\n\t<meta property=\"og:image:width\" content=\"1500\" \/>\n\t<meta property=\"og:image:height\" content=\"790\" \/>\n\t<meta property=\"og:image:type\" content=\"image\/jpeg\" \/>\n<meta name=\"author\" content=\"Redacci\u00f3n A Nova Peneira\" \/>\n<meta name=\"twitter:card\" content=\"summary_large_image\" \/>\n<meta name=\"twitter:creator\" content=\"@APeneira\" \/>\n<meta name=\"twitter:site\" content=\"@APeneira\" \/>\n<meta name=\"twitter:label1\" content=\"Escrito por\" \/>\n\t<meta name=\"twitter:data1\" content=\"Redacci\u00f3n A Nova Peneira\" \/>\n\t<meta name=\"twitter:label2\" content=\"Tempo de lectura\" \/>\n\t<meta name=\"twitter:data2\" content=\"2 minutos\" \/>\n<script type=\"application\/ld+json\" class=\"yoast-schema-graph\">{\"@context\":\"https:\\\/\\\/schema.org\",\"@graph\":[{\"@type\":\"Article\",\"@id\":\"https:\\\/\\\/www.anovapeneira.gal\\\/index.php\\\/2022\\\/01\\\/06\\\/stop-eolicos-xures-celanova-exixe-cambiar-o-idioma-nun-documento-que-a-promotora-do-pe-monte-da-neve-presentou-en-ingles\\\/#article\",\"isPartOf\":{\"@id\":\"https:\\\/\\\/www.anovapeneira.gal\\\/index.php\\\/2022\\\/01\\\/06\\\/stop-eolicos-xures-celanova-exixe-cambiar-o-idioma-nun-documento-que-a-promotora-do-pe-monte-da-neve-presentou-en-ingles\\\/\"},\"author\":{\"name\":\"Redacci\u00f3n A Nova Peneira\",\"@id\":\"https:\\\/\\\/www.anovapeneira.gal\\\/#\\\/schema\\\/person\\\/b93e3f8932e3f8da96334607eb6ac6aa\"},\"headline\":\"STOP E\u00d3LICOS XUR\u00c9S CELANOVA exixe cambiar o idioma nun documento que a promotora do PE Monte da Neve presentou en ingl\u00e9s\",\"datePublished\":\"2022-01-06T11:00:52+00:00\",\"mainEntityOfPage\":{\"@id\":\"https:\\\/\\\/www.anovapeneira.gal\\\/index.php\\\/2022\\\/01\\\/06\\\/stop-eolicos-xures-celanova-exixe-cambiar-o-idioma-nun-documento-que-a-promotora-do-pe-monte-da-neve-presentou-en-ingles\\\/\"},\"wordCount\":436,\"commentCount\":0,\"publisher\":{\"@id\":\"https:\\\/\\\/www.anovapeneira.gal\\\/#organization\"},\"image\":{\"@id\":\"https:\\\/\\\/www.anovapeneira.gal\\\/index.php\\\/2022\\\/01\\\/06\\\/stop-eolicos-xures-celanova-exixe-cambiar-o-idioma-nun-documento-que-a-promotora-do-pe-monte-da-neve-presentou-en-ingles\\\/#primaryimage\"},\"thumbnailUrl\":\"https:\\\/\\\/www.anovapeneira.gal\\\/wp-content\\\/uploads\\\/2022\\\/01\\\/stop_celanova.jpg\",\"keywords\":[\"Concello de Celanova\"],\"articleSection\":[\"Novas\"],\"inLanguage\":\"gl-ES\",\"potentialAction\":[{\"@type\":\"CommentAction\",\"name\":\"Comment\",\"target\":[\"https:\\\/\\\/www.anovapeneira.gal\\\/index.php\\\/2022\\\/01\\\/06\\\/stop-eolicos-xures-celanova-exixe-cambiar-o-idioma-nun-documento-que-a-promotora-do-pe-monte-da-neve-presentou-en-ingles\\\/#respond\"]}]},{\"@type\":\"WebPage\",\"@id\":\"https:\\\/\\\/www.anovapeneira.gal\\\/index.php\\\/2022\\\/01\\\/06\\\/stop-eolicos-xures-celanova-exixe-cambiar-o-idioma-nun-documento-que-a-promotora-do-pe-monte-da-neve-presentou-en-ingles\\\/\",\"url\":\"https:\\\/\\\/www.anovapeneira.gal\\\/index.php\\\/2022\\\/01\\\/06\\\/stop-eolicos-xures-celanova-exixe-cambiar-o-idioma-nun-documento-que-a-promotora-do-pe-monte-da-neve-presentou-en-ingles\\\/\",\"name\":\"STOP E\u00d3LICOS XUR\u00c9S CELANOVA exixe cambiar o idioma nun documento que a promotora do PE Monte da Neve presentou en ingl\u00e9s -\",\"isPartOf\":{\"@id\":\"https:\\\/\\\/www.anovapeneira.gal\\\/#website\"},\"primaryImageOfPage\":{\"@id\":\"https:\\\/\\\/www.anovapeneira.gal\\\/index.php\\\/2022\\\/01\\\/06\\\/stop-eolicos-xures-celanova-exixe-cambiar-o-idioma-nun-documento-que-a-promotora-do-pe-monte-da-neve-presentou-en-ingles\\\/#primaryimage\"},\"image\":{\"@id\":\"https:\\\/\\\/www.anovapeneira.gal\\\/index.php\\\/2022\\\/01\\\/06\\\/stop-eolicos-xures-celanova-exixe-cambiar-o-idioma-nun-documento-que-a-promotora-do-pe-monte-da-neve-presentou-en-ingles\\\/#primaryimage\"},\"thumbnailUrl\":\"https:\\\/\\\/www.anovapeneira.gal\\\/wp-content\\\/uploads\\\/2022\\\/01\\\/stop_celanova.jpg\",\"datePublished\":\"2022-01-06T11:00:52+00:00\",\"description\":\"A plataforma lembra que a documentaci\u00f3n debe estar nunha lingua oficial na Galiza e reclama que se ampl\u00ede o prazo de alegaci\u00f3ns unha vez que se corrixa un erro que obstaculiza a participaci\u00f3n p\u00fablica\",\"breadcrumb\":{\"@id\":\"https:\\\/\\\/www.anovapeneira.gal\\\/index.php\\\/2022\\\/01\\\/06\\\/stop-eolicos-xures-celanova-exixe-cambiar-o-idioma-nun-documento-que-a-promotora-do-pe-monte-da-neve-presentou-en-ingles\\\/#breadcrumb\"},\"inLanguage\":\"gl-ES\",\"potentialAction\":[{\"@type\":\"ReadAction\",\"target\":[\"https:\\\/\\\/www.anovapeneira.gal\\\/index.php\\\/2022\\\/01\\\/06\\\/stop-eolicos-xures-celanova-exixe-cambiar-o-idioma-nun-documento-que-a-promotora-do-pe-monte-da-neve-presentou-en-ingles\\\/\"]}]},{\"@type\":\"ImageObject\",\"inLanguage\":\"gl-ES\",\"@id\":\"https:\\\/\\\/www.anovapeneira.gal\\\/index.php\\\/2022\\\/01\\\/06\\\/stop-eolicos-xures-celanova-exixe-cambiar-o-idioma-nun-documento-que-a-promotora-do-pe-monte-da-neve-presentou-en-ingles\\\/#primaryimage\",\"url\":\"https:\\\/\\\/www.anovapeneira.gal\\\/wp-content\\\/uploads\\\/2022\\\/01\\\/stop_celanova.jpg\",\"contentUrl\":\"https:\\\/\\\/www.anovapeneira.gal\\\/wp-content\\\/uploads\\\/2022\\\/01\\\/stop_celanova.jpg\",\"width\":1500,\"height\":790,\"caption\":\"STOP E\u00d3LICOS XUR\u00c9S CELANOVA exixe cambiar o idioma nun documento que a promotora do PE Monte da Neve presentou en ingl\u00e9s\"},{\"@type\":\"BreadcrumbList\",\"@id\":\"https:\\\/\\\/www.anovapeneira.gal\\\/index.php\\\/2022\\\/01\\\/06\\\/stop-eolicos-xures-celanova-exixe-cambiar-o-idioma-nun-documento-que-a-promotora-do-pe-monte-da-neve-presentou-en-ingles\\\/#breadcrumb\",\"itemListElement\":[{\"@type\":\"ListItem\",\"position\":1,\"name\":\"Portada\",\"item\":\"https:\\\/\\\/www.anovapeneira.gal\\\/\"},{\"@type\":\"ListItem\",\"position\":2,\"name\":\"STOP E\u00d3LICOS XUR\u00c9S CELANOVA exixe cambiar o idioma nun documento que a promotora do PE Monte da Neve presentou en ingl\u00e9s\"}]},{\"@type\":\"WebSite\",\"@id\":\"https:\\\/\\\/www.anovapeneira.gal\\\/#website\",\"url\":\"https:\\\/\\\/www.anovapeneira.gal\\\/\",\"name\":\"\",\"description\":\"Xornal galego de informaci\u00f3n xeral Publicaci\u00f3n mensual de novas de Galicia e en especial dos Concellos da sur da provincia de Pontevedra.\",\"publisher\":{\"@id\":\"https:\\\/\\\/www.anovapeneira.gal\\\/#organization\"},\"potentialAction\":[{\"@type\":\"SearchAction\",\"target\":{\"@type\":\"EntryPoint\",\"urlTemplate\":\"https:\\\/\\\/www.anovapeneira.gal\\\/?s={search_term_string}\"},\"query-input\":{\"@type\":\"PropertyValueSpecification\",\"valueRequired\":true,\"valueName\":\"search_term_string\"}}],\"inLanguage\":\"gl-ES\"},{\"@type\":\"Organization\",\"@id\":\"https:\\\/\\\/www.anovapeneira.gal\\\/#organization\",\"name\":\"A Nova Peneira\",\"url\":\"https:\\\/\\\/www.anovapeneira.gal\\\/\",\"logo\":{\"@type\":\"ImageObject\",\"inLanguage\":\"gl-ES\",\"@id\":\"https:\\\/\\\/www.anovapeneira.gal\\\/#\\\/schema\\\/logo\\\/image\\\/\",\"url\":\"http:\\\/\\\/www.anovapeneira.gal\\\/wp-content\\\/uploads\\\/2019\\\/06\\\/logo_a_nova_peneira_portal_web.png\",\"contentUrl\":\"http:\\\/\\\/www.anovapeneira.gal\\\/wp-content\\\/uploads\\\/2019\\\/06\\\/logo_a_nova_peneira_portal_web.png\",\"width\":300,\"height\":100,\"caption\":\"A Nova Peneira\"},\"image\":{\"@id\":\"https:\\\/\\\/www.anovapeneira.gal\\\/#\\\/schema\\\/logo\\\/image\\\/\"},\"sameAs\":[\"https:\\\/\\\/www.facebook.com\\\/anovapeneira\",\"https:\\\/\\\/x.com\\\/APeneira\"]},{\"@type\":\"Person\",\"@id\":\"https:\\\/\\\/www.anovapeneira.gal\\\/#\\\/schema\\\/person\\\/b93e3f8932e3f8da96334607eb6ac6aa\",\"name\":\"Redacci\u00f3n A Nova Peneira\",\"image\":{\"@type\":\"ImageObject\",\"inLanguage\":\"gl-ES\",\"@id\":\"https:\\\/\\\/secure.gravatar.com\\\/avatar\\\/c052a2551a06e23fac63626232eaa90abd78dbcf1700fc46a2b2c89fd27b735f?s=96&d=mm&r=g\",\"url\":\"https:\\\/\\\/secure.gravatar.com\\\/avatar\\\/c052a2551a06e23fac63626232eaa90abd78dbcf1700fc46a2b2c89fd27b735f?s=96&d=mm&r=g\",\"contentUrl\":\"https:\\\/\\\/secure.gravatar.com\\\/avatar\\\/c052a2551a06e23fac63626232eaa90abd78dbcf1700fc46a2b2c89fd27b735f?s=96&d=mm&r=g\",\"caption\":\"Redacci\u00f3n A Nova Peneira\"},\"sameAs\":[\"http:\\\/\\\/www.anovapeneira.gal\\\/\"],\"url\":\"https:\\\/\\\/www.anovapeneira.gal\\\/index.php\\\/author\\\/redactor\\\/\"}]}<\/script>\n<!-- \/ Yoast SEO plugin. -->","yoast_head_json":{"title":"STOP E\u00d3LICOS XUR\u00c9S CELANOVA exixe cambiar o idioma nun documento que a promotora do PE Monte da Neve presentou en ingl\u00e9s -","description":"A plataforma lembra que a documentaci\u00f3n debe estar nunha lingua oficial na Galiza e reclama que se ampl\u00ede o prazo de alegaci\u00f3ns unha vez que se corrixa un erro que obstaculiza a participaci\u00f3n p\u00fablica","robots":{"index":"index","follow":"follow","max-snippet":"max-snippet:-1","max-image-preview":"max-image-preview:large","max-video-preview":"max-video-preview:-1"},"canonical":"https:\/\/www.anovapeneira.gal\/index.php\/2022\/01\/06\/stop-eolicos-xures-celanova-exixe-cambiar-o-idioma-nun-documento-que-a-promotora-do-pe-monte-da-neve-presentou-en-ingles\/","og_locale":"gl_ES","og_type":"article","og_title":"STOP E\u00d3LICOS XUR\u00c9S CELANOVA exixe cambiar o idioma nun documento que a promotora do PE Monte da Neve presentou en ingl\u00e9s -","og_description":"A plataforma lembra que a documentaci\u00f3n debe estar nunha lingua oficial na Galiza e reclama que se ampl\u00ede o prazo de alegaci\u00f3ns unha vez que se corrixa un erro que obstaculiza a participaci\u00f3n p\u00fablica","og_url":"https:\/\/www.anovapeneira.gal\/index.php\/2022\/01\/06\/stop-eolicos-xures-celanova-exixe-cambiar-o-idioma-nun-documento-que-a-promotora-do-pe-monte-da-neve-presentou-en-ingles\/","article_publisher":"https:\/\/www.facebook.com\/anovapeneira","article_published_time":"2022-01-06T11:00:52+00:00","og_image":[{"width":1500,"height":790,"url":"https:\/\/www.anovapeneira.gal\/wp-content\/uploads\/2022\/01\/stop_celanova.jpg","type":"image\/jpeg"}],"author":"Redacci\u00f3n A Nova Peneira","twitter_card":"summary_large_image","twitter_creator":"@APeneira","twitter_site":"@APeneira","twitter_misc":{"Escrito por":"Redacci\u00f3n A Nova Peneira","Tempo de lectura":"2 minutos"},"schema":{"@context":"https:\/\/schema.org","@graph":[{"@type":"Article","@id":"https:\/\/www.anovapeneira.gal\/index.php\/2022\/01\/06\/stop-eolicos-xures-celanova-exixe-cambiar-o-idioma-nun-documento-que-a-promotora-do-pe-monte-da-neve-presentou-en-ingles\/#article","isPartOf":{"@id":"https:\/\/www.anovapeneira.gal\/index.php\/2022\/01\/06\/stop-eolicos-xures-celanova-exixe-cambiar-o-idioma-nun-documento-que-a-promotora-do-pe-monte-da-neve-presentou-en-ingles\/"},"author":{"name":"Redacci\u00f3n A Nova Peneira","@id":"https:\/\/www.anovapeneira.gal\/#\/schema\/person\/b93e3f8932e3f8da96334607eb6ac6aa"},"headline":"STOP E\u00d3LICOS XUR\u00c9S CELANOVA exixe cambiar o idioma nun documento que a promotora do PE Monte da Neve presentou en ingl\u00e9s","datePublished":"2022-01-06T11:00:52+00:00","mainEntityOfPage":{"@id":"https:\/\/www.anovapeneira.gal\/index.php\/2022\/01\/06\/stop-eolicos-xures-celanova-exixe-cambiar-o-idioma-nun-documento-que-a-promotora-do-pe-monte-da-neve-presentou-en-ingles\/"},"wordCount":436,"commentCount":0,"publisher":{"@id":"https:\/\/www.anovapeneira.gal\/#organization"},"image":{"@id":"https:\/\/www.anovapeneira.gal\/index.php\/2022\/01\/06\/stop-eolicos-xures-celanova-exixe-cambiar-o-idioma-nun-documento-que-a-promotora-do-pe-monte-da-neve-presentou-en-ingles\/#primaryimage"},"thumbnailUrl":"https:\/\/www.anovapeneira.gal\/wp-content\/uploads\/2022\/01\/stop_celanova.jpg","keywords":["Concello de Celanova"],"articleSection":["Novas"],"inLanguage":"gl-ES","potentialAction":[{"@type":"CommentAction","name":"Comment","target":["https:\/\/www.anovapeneira.gal\/index.php\/2022\/01\/06\/stop-eolicos-xures-celanova-exixe-cambiar-o-idioma-nun-documento-que-a-promotora-do-pe-monte-da-neve-presentou-en-ingles\/#respond"]}]},{"@type":"WebPage","@id":"https:\/\/www.anovapeneira.gal\/index.php\/2022\/01\/06\/stop-eolicos-xures-celanova-exixe-cambiar-o-idioma-nun-documento-que-a-promotora-do-pe-monte-da-neve-presentou-en-ingles\/","url":"https:\/\/www.anovapeneira.gal\/index.php\/2022\/01\/06\/stop-eolicos-xures-celanova-exixe-cambiar-o-idioma-nun-documento-que-a-promotora-do-pe-monte-da-neve-presentou-en-ingles\/","name":"STOP E\u00d3LICOS XUR\u00c9S CELANOVA exixe cambiar o idioma nun documento que a promotora do PE Monte da Neve presentou en ingl\u00e9s -","isPartOf":{"@id":"https:\/\/www.anovapeneira.gal\/#website"},"primaryImageOfPage":{"@id":"https:\/\/www.anovapeneira.gal\/index.php\/2022\/01\/06\/stop-eolicos-xures-celanova-exixe-cambiar-o-idioma-nun-documento-que-a-promotora-do-pe-monte-da-neve-presentou-en-ingles\/#primaryimage"},"image":{"@id":"https:\/\/www.anovapeneira.gal\/index.php\/2022\/01\/06\/stop-eolicos-xures-celanova-exixe-cambiar-o-idioma-nun-documento-que-a-promotora-do-pe-monte-da-neve-presentou-en-ingles\/#primaryimage"},"thumbnailUrl":"https:\/\/www.anovapeneira.gal\/wp-content\/uploads\/2022\/01\/stop_celanova.jpg","datePublished":"2022-01-06T11:00:52+00:00","description":"A plataforma lembra que a documentaci\u00f3n debe estar nunha lingua oficial na Galiza e reclama que se ampl\u00ede o prazo de alegaci\u00f3ns unha vez que se corrixa un erro que obstaculiza a participaci\u00f3n p\u00fablica","breadcrumb":{"@id":"https:\/\/www.anovapeneira.gal\/index.php\/2022\/01\/06\/stop-eolicos-xures-celanova-exixe-cambiar-o-idioma-nun-documento-que-a-promotora-do-pe-monte-da-neve-presentou-en-ingles\/#breadcrumb"},"inLanguage":"gl-ES","potentialAction":[{"@type":"ReadAction","target":["https:\/\/www.anovapeneira.gal\/index.php\/2022\/01\/06\/stop-eolicos-xures-celanova-exixe-cambiar-o-idioma-nun-documento-que-a-promotora-do-pe-monte-da-neve-presentou-en-ingles\/"]}]},{"@type":"ImageObject","inLanguage":"gl-ES","@id":"https:\/\/www.anovapeneira.gal\/index.php\/2022\/01\/06\/stop-eolicos-xures-celanova-exixe-cambiar-o-idioma-nun-documento-que-a-promotora-do-pe-monte-da-neve-presentou-en-ingles\/#primaryimage","url":"https:\/\/www.anovapeneira.gal\/wp-content\/uploads\/2022\/01\/stop_celanova.jpg","contentUrl":"https:\/\/www.anovapeneira.gal\/wp-content\/uploads\/2022\/01\/stop_celanova.jpg","width":1500,"height":790,"caption":"STOP E\u00d3LICOS XUR\u00c9S CELANOVA exixe cambiar o idioma nun documento que a promotora do PE Monte da Neve presentou en ingl\u00e9s"},{"@type":"BreadcrumbList","@id":"https:\/\/www.anovapeneira.gal\/index.php\/2022\/01\/06\/stop-eolicos-xures-celanova-exixe-cambiar-o-idioma-nun-documento-que-a-promotora-do-pe-monte-da-neve-presentou-en-ingles\/#breadcrumb","itemListElement":[{"@type":"ListItem","position":1,"name":"Portada","item":"https:\/\/www.anovapeneira.gal\/"},{"@type":"ListItem","position":2,"name":"STOP E\u00d3LICOS XUR\u00c9S CELANOVA exixe cambiar o idioma nun documento que a promotora do PE Monte da Neve presentou en ingl\u00e9s"}]},{"@type":"WebSite","@id":"https:\/\/www.anovapeneira.gal\/#website","url":"https:\/\/www.anovapeneira.gal\/","name":"","description":"Xornal galego de informaci\u00f3n xeral Publicaci\u00f3n mensual de novas de Galicia e en especial dos Concellos da sur da provincia de Pontevedra.","publisher":{"@id":"https:\/\/www.anovapeneira.gal\/#organization"},"potentialAction":[{"@type":"SearchAction","target":{"@type":"EntryPoint","urlTemplate":"https:\/\/www.anovapeneira.gal\/?s={search_term_string}"},"query-input":{"@type":"PropertyValueSpecification","valueRequired":true,"valueName":"search_term_string"}}],"inLanguage":"gl-ES"},{"@type":"Organization","@id":"https:\/\/www.anovapeneira.gal\/#organization","name":"A Nova Peneira","url":"https:\/\/www.anovapeneira.gal\/","logo":{"@type":"ImageObject","inLanguage":"gl-ES","@id":"https:\/\/www.anovapeneira.gal\/#\/schema\/logo\/image\/","url":"http:\/\/www.anovapeneira.gal\/wp-content\/uploads\/2019\/06\/logo_a_nova_peneira_portal_web.png","contentUrl":"http:\/\/www.anovapeneira.gal\/wp-content\/uploads\/2019\/06\/logo_a_nova_peneira_portal_web.png","width":300,"height":100,"caption":"A Nova Peneira"},"image":{"@id":"https:\/\/www.anovapeneira.gal\/#\/schema\/logo\/image\/"},"sameAs":["https:\/\/www.facebook.com\/anovapeneira","https:\/\/x.com\/APeneira"]},{"@type":"Person","@id":"https:\/\/www.anovapeneira.gal\/#\/schema\/person\/b93e3f8932e3f8da96334607eb6ac6aa","name":"Redacci\u00f3n A Nova Peneira","image":{"@type":"ImageObject","inLanguage":"gl-ES","@id":"https:\/\/secure.gravatar.com\/avatar\/c052a2551a06e23fac63626232eaa90abd78dbcf1700fc46a2b2c89fd27b735f?s=96&d=mm&r=g","url":"https:\/\/secure.gravatar.com\/avatar\/c052a2551a06e23fac63626232eaa90abd78dbcf1700fc46a2b2c89fd27b735f?s=96&d=mm&r=g","contentUrl":"https:\/\/secure.gravatar.com\/avatar\/c052a2551a06e23fac63626232eaa90abd78dbcf1700fc46a2b2c89fd27b735f?s=96&d=mm&r=g","caption":"Redacci\u00f3n A Nova Peneira"},"sameAs":["http:\/\/www.anovapeneira.gal\/"],"url":"https:\/\/www.anovapeneira.gal\/index.php\/author\/redactor\/"}]}},"jetpack_featured_media_url":"https:\/\/www.anovapeneira.gal\/wp-content\/uploads\/2022\/01\/stop_celanova.jpg","_links":{"self":[{"href":"https:\/\/www.anovapeneira.gal\/index.php\/wp-json\/wp\/v2\/posts\/6718","targetHints":{"allow":["GET"]}}],"collection":[{"href":"https:\/\/www.anovapeneira.gal\/index.php\/wp-json\/wp\/v2\/posts"}],"about":[{"href":"https:\/\/www.anovapeneira.gal\/index.php\/wp-json\/wp\/v2\/types\/post"}],"author":[{"embeddable":true,"href":"https:\/\/www.anovapeneira.gal\/index.php\/wp-json\/wp\/v2\/users\/3"}],"replies":[{"embeddable":true,"href":"https:\/\/www.anovapeneira.gal\/index.php\/wp-json\/wp\/v2\/comments?post=6718"}],"version-history":[{"count":2,"href":"https:\/\/www.anovapeneira.gal\/index.php\/wp-json\/wp\/v2\/posts\/6718\/revisions"}],"predecessor-version":[{"id":6721,"href":"https:\/\/www.anovapeneira.gal\/index.php\/wp-json\/wp\/v2\/posts\/6718\/revisions\/6721"}],"wp:featuredmedia":[{"embeddable":true,"href":"https:\/\/www.anovapeneira.gal\/index.php\/wp-json\/wp\/v2\/media\/6720"}],"wp:attachment":[{"href":"https:\/\/www.anovapeneira.gal\/index.php\/wp-json\/wp\/v2\/media?parent=6718"}],"wp:term":[{"taxonomy":"category","embeddable":true,"href":"https:\/\/www.anovapeneira.gal\/index.php\/wp-json\/wp\/v2\/categories?post=6718"},{"taxonomy":"post_tag","embeddable":true,"href":"https:\/\/www.anovapeneira.gal\/index.php\/wp-json\/wp\/v2\/tags?post=6718"}],"curies":[{"name":"wp","href":"https:\/\/api.w.org\/{rel}","templated":true}]}}