{"id":6722,"date":"2022-01-07T10:00:48","date_gmt":"2022-01-07T09:00:48","guid":{"rendered":"https:\/\/www.anovapeneira.gal\/?p=6722"},"modified":"2022-01-05T16:07:08","modified_gmt":"2022-01-05T15:07:08","slug":"frente-a-nova-subida-do-goberno-o-bng-reclama-a-eliminacion-das-peaxes","status":"publish","type":"post","link":"https:\/\/www.anovapeneira.gal\/index.php\/2022\/01\/07\/frente-a-nova-subida-do-goberno-o-bng-reclama-a-eliminacion-das-peaxes\/","title":{"rendered":"Frente \u00e1 nova subida do Goberno, o BNG reclama a eliminaci\u00f3n das peaxes"},"content":{"rendered":"\n<h2 class=\"wp-block-heading\"><strong>N\u00e9stor Rego advirte que, para al\u00e9n de incumprir o acordado, o Ministerio de Transportes continua ignorando a decisi\u00f3n da UE de declarar ilegais as pr\u00f3rrogas da concesi\u00f3n<\/strong><\/h2>\n\n\n\n<p><strong>Madrid, 31 de decembro de 2021.<\/strong> <\/p>\n\n\n\n<p>Diante do anuncio do Ministerio de Transportes, de subir as portaxes das autoestradas en 1,97% en aplicaci\u00f3n do IPC e no caso da AP-9 sumar m\u00e1is 1% correspondente aos convenios de 2011 e 2013, o deputado do BNG no Congreso advirte de o Goberno est\u00e1 a incumprir o compromiso de asumir o esa cont\u00eda con cargo aos Orzamentos do Estado. Ademais, dado que no mes de setembro a Uni\u00f3n Europea declarou ilegais as pr\u00f3rrogas da concesi\u00f3n, Rego reclama que se lles po\u00f1a fin e se eliminen as peaxes.<\/p>\n\n\n\n<p>O deputado nacionalista, N\u00e9stor Rego, considera escandaloso que o Goberno aplique unha nova suba de practicamente 3% nas peaxes da AP-9 cando o que corresponder\u00eda facer \u00e9 eliminar a concesi\u00f3n e converter a Autoestrada do Atl\u00e1ntico en libre de peaxes. Rego lembra que a UE considerou ilegais as pr\u00f3rrogas dadas por gobernos do PSOE (10 anos) e do PP (25 anos) que fixeron que unha concesi\u00f3n que ti\u00f1a que ter finalizado en 2013 te\u00f1a agora prazo de finalizaci\u00f3n en 2048.<\/p>\n\n\n\n<p>\u201cO que corresponde \u00e9 non s\u00f3 p\u00f3r fin \u00e1 concesi\u00f3n sen\u00f3n reclamar \u00e1 concesionaria todos os importes cobrados entre 2013 e 2021. No entanto, o Goberno espa\u00f1ol, opta por seguir engordando a conta de resultados dunha multinacional \u00e1 custa do peto dos galegos e galegas e de hipotecar o noso desenvolvemento econ\u00f3mico\u201d, sinala Rego.<\/p>\n\n\n\n<p>O deputado do BNG sinala que, para al\u00e9n de non rematar coa concesi\u00f3n, o Goberno tam\u00e9n incumpre os compromisos adquiridos, como o de asumir o 1% que corresponde aos convenios de 2011 (asinado por Xos\u00e9 Blanco) e de 2013 (asinado por Ana Pastor) con cargo aos Orzamentos do Estado.<\/p>\n\n\n\n<p>O Bloque Nacionalista Galego chama a redobrar a presi\u00f3n social at\u00e9 lograr que sexa suprimida a concesi\u00f3n da AP-9 e autoestrada transferida ao noso Pa\u00eds. \u201cNon pararemos at\u00e9 conseguir acabar coa estafa -agora sabemos que ilegal- e a lousa para o noso desenvolvemento econ\u00f3mico que representan as portaxes da Autoestrada do Atl\u00e1ntico, at\u00e9 termos unha AP-9 galega e sen peaxes\u201d, subli\u00f1a Rego.<\/p>\n","protected":false},"excerpt":{"rendered":"<div class=\"mh-excerpt\"><p>N\u00e9stor Rego advirte que, para al\u00e9n de incumprir o acordado, o Ministerio de Transportes continua ignorando a decisi\u00f3n da UE de declarar ilegais as pr\u00f3rrogas da concesi\u00f3n <a class=\"mh-excerpt-more\" href=\"https:\/\/www.anovapeneira.gal\/index.php\/2022\/01\/07\/frente-a-nova-subida-do-goberno-o-bng-reclama-a-eliminacion-das-peaxes\/\" title=\"Frente \u00e1 nova subida do Goberno, o BNG reclama a eliminaci\u00f3n das peaxes\">[&#8230;]<\/a><\/p>\n<\/div>","protected":false},"author":3,"featured_media":6723,"comment_status":"open","ping_status":"open","sticky":false,"template":"","format":"standard","meta":{"_exactmetrics_skip_tracking":false,"_exactmetrics_sitenote_active":false,"_exactmetrics_sitenote_note":"","_exactmetrics_sitenote_category":0,"footnotes":""},"categories":[263],"tags":[631],"class_list":{"0":"post-6722","1":"post","2":"type-post","3":"status-publish","4":"format-standard","5":"has-post-thumbnail","7":"category-novas","8":"tag-nestor-rego"},"yoast_head":"<!-- This site is optimized with the Yoast SEO plugin v27.4 - https:\/\/yoast.com\/product\/yoast-seo-wordpress\/ -->\n<title>Frente \u00e1 nova subida do Goberno, o BNG reclama a eliminaci\u00f3n das peaxes -<\/title>\n<meta name=\"description\" content=\"N\u00e9stor Rego advirte que, para al\u00e9n de incumprir o acordado, o Ministerio de Transportes continua ignorando a decisi\u00f3n da UE de declarar ilegais as pr\u00f3rrogas da concesi\u00f3n\" \/>\n<meta name=\"robots\" content=\"index, follow, max-snippet:-1, max-image-preview:large, max-video-preview:-1\" \/>\n<link rel=\"canonical\" href=\"https:\/\/www.anovapeneira.gal\/index.php\/2022\/01\/07\/frente-a-nova-subida-do-goberno-o-bng-reclama-a-eliminacion-das-peaxes\/\" \/>\n<meta property=\"og:locale\" content=\"gl_ES\" \/>\n<meta property=\"og:type\" content=\"article\" \/>\n<meta property=\"og:title\" content=\"Frente \u00e1 nova subida do Goberno, o BNG reclama a eliminaci\u00f3n das peaxes -\" \/>\n<meta property=\"og:description\" content=\"N\u00e9stor Rego advirte que, para al\u00e9n de incumprir o acordado, o Ministerio de Transportes continua ignorando a decisi\u00f3n da UE de declarar ilegais as pr\u00f3rrogas da concesi\u00f3n\" \/>\n<meta property=\"og:url\" content=\"https:\/\/www.anovapeneira.gal\/index.php\/2022\/01\/07\/frente-a-nova-subida-do-goberno-o-bng-reclama-a-eliminacion-das-peaxes\/\" \/>\n<meta property=\"article:publisher\" content=\"https:\/\/www.facebook.com\/anovapeneira\" \/>\n<meta property=\"article:published_time\" content=\"2022-01-07T09:00:48+00:00\" \/>\n<meta property=\"og:image\" content=\"https:\/\/www.anovapeneira.gal\/wp-content\/uploads\/2022\/01\/nestor_rego_congreso.jpg\" \/>\n\t<meta property=\"og:image:width\" content=\"1500\" \/>\n\t<meta property=\"og:image:height\" content=\"790\" \/>\n\t<meta property=\"og:image:type\" content=\"image\/jpeg\" \/>\n<meta name=\"author\" content=\"Redacci\u00f3n A Nova Peneira\" \/>\n<meta name=\"twitter:card\" content=\"summary_large_image\" \/>\n<meta name=\"twitter:creator\" content=\"@APeneira\" \/>\n<meta name=\"twitter:site\" content=\"@APeneira\" \/>\n<meta name=\"twitter:label1\" content=\"Escrito por\" \/>\n\t<meta name=\"twitter:data1\" content=\"Redacci\u00f3n A Nova Peneira\" \/>\n\t<meta name=\"twitter:label2\" content=\"Tempo de lectura\" \/>\n\t<meta name=\"twitter:data2\" content=\"2 minutos\" \/>\n<script type=\"application\/ld+json\" class=\"yoast-schema-graph\">{\"@context\":\"https:\\\/\\\/schema.org\",\"@graph\":[{\"@type\":\"Article\",\"@id\":\"https:\\\/\\\/www.anovapeneira.gal\\\/index.php\\\/2022\\\/01\\\/07\\\/frente-a-nova-subida-do-goberno-o-bng-reclama-a-eliminacion-das-peaxes\\\/#article\",\"isPartOf\":{\"@id\":\"https:\\\/\\\/www.anovapeneira.gal\\\/index.php\\\/2022\\\/01\\\/07\\\/frente-a-nova-subida-do-goberno-o-bng-reclama-a-eliminacion-das-peaxes\\\/\"},\"author\":{\"name\":\"Redacci\u00f3n A Nova Peneira\",\"@id\":\"https:\\\/\\\/www.anovapeneira.gal\\\/#\\\/schema\\\/person\\\/b93e3f8932e3f8da96334607eb6ac6aa\"},\"headline\":\"Frente \u00e1 nova subida do Goberno, o BNG reclama a eliminaci\u00f3n das peaxes\",\"datePublished\":\"2022-01-07T09:00:48+00:00\",\"mainEntityOfPage\":{\"@id\":\"https:\\\/\\\/www.anovapeneira.gal\\\/index.php\\\/2022\\\/01\\\/07\\\/frente-a-nova-subida-do-goberno-o-bng-reclama-a-eliminacion-das-peaxes\\\/\"},\"wordCount\":393,\"commentCount\":0,\"publisher\":{\"@id\":\"https:\\\/\\\/www.anovapeneira.gal\\\/#organization\"},\"image\":{\"@id\":\"https:\\\/\\\/www.anovapeneira.gal\\\/index.php\\\/2022\\\/01\\\/07\\\/frente-a-nova-subida-do-goberno-o-bng-reclama-a-eliminacion-das-peaxes\\\/#primaryimage\"},\"thumbnailUrl\":\"https:\\\/\\\/www.anovapeneira.gal\\\/wp-content\\\/uploads\\\/2022\\\/01\\\/nestor_rego_congreso.jpg\",\"keywords\":[\"N\u00e9stor Rego\"],\"articleSection\":[\"Novas\"],\"inLanguage\":\"gl-ES\",\"potentialAction\":[{\"@type\":\"CommentAction\",\"name\":\"Comment\",\"target\":[\"https:\\\/\\\/www.anovapeneira.gal\\\/index.php\\\/2022\\\/01\\\/07\\\/frente-a-nova-subida-do-goberno-o-bng-reclama-a-eliminacion-das-peaxes\\\/#respond\"]}]},{\"@type\":\"WebPage\",\"@id\":\"https:\\\/\\\/www.anovapeneira.gal\\\/index.php\\\/2022\\\/01\\\/07\\\/frente-a-nova-subida-do-goberno-o-bng-reclama-a-eliminacion-das-peaxes\\\/\",\"url\":\"https:\\\/\\\/www.anovapeneira.gal\\\/index.php\\\/2022\\\/01\\\/07\\\/frente-a-nova-subida-do-goberno-o-bng-reclama-a-eliminacion-das-peaxes\\\/\",\"name\":\"Frente \u00e1 nova subida do Goberno, o BNG reclama a eliminaci\u00f3n das peaxes -\",\"isPartOf\":{\"@id\":\"https:\\\/\\\/www.anovapeneira.gal\\\/#website\"},\"primaryImageOfPage\":{\"@id\":\"https:\\\/\\\/www.anovapeneira.gal\\\/index.php\\\/2022\\\/01\\\/07\\\/frente-a-nova-subida-do-goberno-o-bng-reclama-a-eliminacion-das-peaxes\\\/#primaryimage\"},\"image\":{\"@id\":\"https:\\\/\\\/www.anovapeneira.gal\\\/index.php\\\/2022\\\/01\\\/07\\\/frente-a-nova-subida-do-goberno-o-bng-reclama-a-eliminacion-das-peaxes\\\/#primaryimage\"},\"thumbnailUrl\":\"https:\\\/\\\/www.anovapeneira.gal\\\/wp-content\\\/uploads\\\/2022\\\/01\\\/nestor_rego_congreso.jpg\",\"datePublished\":\"2022-01-07T09:00:48+00:00\",\"description\":\"N\u00e9stor Rego advirte que, para al\u00e9n de incumprir o acordado, o Ministerio de Transportes continua ignorando a decisi\u00f3n da UE de declarar ilegais as pr\u00f3rrogas da concesi\u00f3n\",\"breadcrumb\":{\"@id\":\"https:\\\/\\\/www.anovapeneira.gal\\\/index.php\\\/2022\\\/01\\\/07\\\/frente-a-nova-subida-do-goberno-o-bng-reclama-a-eliminacion-das-peaxes\\\/#breadcrumb\"},\"inLanguage\":\"gl-ES\",\"potentialAction\":[{\"@type\":\"ReadAction\",\"target\":[\"https:\\\/\\\/www.anovapeneira.gal\\\/index.php\\\/2022\\\/01\\\/07\\\/frente-a-nova-subida-do-goberno-o-bng-reclama-a-eliminacion-das-peaxes\\\/\"]}]},{\"@type\":\"ImageObject\",\"inLanguage\":\"gl-ES\",\"@id\":\"https:\\\/\\\/www.anovapeneira.gal\\\/index.php\\\/2022\\\/01\\\/07\\\/frente-a-nova-subida-do-goberno-o-bng-reclama-a-eliminacion-das-peaxes\\\/#primaryimage\",\"url\":\"https:\\\/\\\/www.anovapeneira.gal\\\/wp-content\\\/uploads\\\/2022\\\/01\\\/nestor_rego_congreso.jpg\",\"contentUrl\":\"https:\\\/\\\/www.anovapeneira.gal\\\/wp-content\\\/uploads\\\/2022\\\/01\\\/nestor_rego_congreso.jpg\",\"width\":1500,\"height\":790,\"caption\":\"N\u00e9stor Rego Congreso\"},{\"@type\":\"BreadcrumbList\",\"@id\":\"https:\\\/\\\/www.anovapeneira.gal\\\/index.php\\\/2022\\\/01\\\/07\\\/frente-a-nova-subida-do-goberno-o-bng-reclama-a-eliminacion-das-peaxes\\\/#breadcrumb\",\"itemListElement\":[{\"@type\":\"ListItem\",\"position\":1,\"name\":\"Portada\",\"item\":\"https:\\\/\\\/www.anovapeneira.gal\\\/\"},{\"@type\":\"ListItem\",\"position\":2,\"name\":\"Frente \u00e1 nova subida do Goberno, o BNG reclama a eliminaci\u00f3n das peaxes\"}]},{\"@type\":\"WebSite\",\"@id\":\"https:\\\/\\\/www.anovapeneira.gal\\\/#website\",\"url\":\"https:\\\/\\\/www.anovapeneira.gal\\\/\",\"name\":\"\",\"description\":\"Xornal galego de informaci\u00f3n xeral Publicaci\u00f3n mensual de novas de Galicia e en especial dos Concellos da sur da provincia de Pontevedra.\",\"publisher\":{\"@id\":\"https:\\\/\\\/www.anovapeneira.gal\\\/#organization\"},\"potentialAction\":[{\"@type\":\"SearchAction\",\"target\":{\"@type\":\"EntryPoint\",\"urlTemplate\":\"https:\\\/\\\/www.anovapeneira.gal\\\/?s={search_term_string}\"},\"query-input\":{\"@type\":\"PropertyValueSpecification\",\"valueRequired\":true,\"valueName\":\"search_term_string\"}}],\"inLanguage\":\"gl-ES\"},{\"@type\":\"Organization\",\"@id\":\"https:\\\/\\\/www.anovapeneira.gal\\\/#organization\",\"name\":\"A Nova Peneira\",\"url\":\"https:\\\/\\\/www.anovapeneira.gal\\\/\",\"logo\":{\"@type\":\"ImageObject\",\"inLanguage\":\"gl-ES\",\"@id\":\"https:\\\/\\\/www.anovapeneira.gal\\\/#\\\/schema\\\/logo\\\/image\\\/\",\"url\":\"http:\\\/\\\/www.anovapeneira.gal\\\/wp-content\\\/uploads\\\/2019\\\/06\\\/logo_a_nova_peneira_portal_web.png\",\"contentUrl\":\"http:\\\/\\\/www.anovapeneira.gal\\\/wp-content\\\/uploads\\\/2019\\\/06\\\/logo_a_nova_peneira_portal_web.png\",\"width\":300,\"height\":100,\"caption\":\"A Nova Peneira\"},\"image\":{\"@id\":\"https:\\\/\\\/www.anovapeneira.gal\\\/#\\\/schema\\\/logo\\\/image\\\/\"},\"sameAs\":[\"https:\\\/\\\/www.facebook.com\\\/anovapeneira\",\"https:\\\/\\\/x.com\\\/APeneira\"]},{\"@type\":\"Person\",\"@id\":\"https:\\\/\\\/www.anovapeneira.gal\\\/#\\\/schema\\\/person\\\/b93e3f8932e3f8da96334607eb6ac6aa\",\"name\":\"Redacci\u00f3n A Nova Peneira\",\"image\":{\"@type\":\"ImageObject\",\"inLanguage\":\"gl-ES\",\"@id\":\"https:\\\/\\\/secure.gravatar.com\\\/avatar\\\/c052a2551a06e23fac63626232eaa90abd78dbcf1700fc46a2b2c89fd27b735f?s=96&d=mm&r=g\",\"url\":\"https:\\\/\\\/secure.gravatar.com\\\/avatar\\\/c052a2551a06e23fac63626232eaa90abd78dbcf1700fc46a2b2c89fd27b735f?s=96&d=mm&r=g\",\"contentUrl\":\"https:\\\/\\\/secure.gravatar.com\\\/avatar\\\/c052a2551a06e23fac63626232eaa90abd78dbcf1700fc46a2b2c89fd27b735f?s=96&d=mm&r=g\",\"caption\":\"Redacci\u00f3n A Nova Peneira\"},\"sameAs\":[\"http:\\\/\\\/www.anovapeneira.gal\\\/\"],\"url\":\"https:\\\/\\\/www.anovapeneira.gal\\\/index.php\\\/author\\\/redactor\\\/\"}]}<\/script>\n<!-- \/ Yoast SEO plugin. -->","yoast_head_json":{"title":"Frente \u00e1 nova subida do Goberno, o BNG reclama a eliminaci\u00f3n das peaxes -","description":"N\u00e9stor Rego advirte que, para al\u00e9n de incumprir o acordado, o Ministerio de Transportes continua ignorando a decisi\u00f3n da UE de declarar ilegais as pr\u00f3rrogas da concesi\u00f3n","robots":{"index":"index","follow":"follow","max-snippet":"max-snippet:-1","max-image-preview":"max-image-preview:large","max-video-preview":"max-video-preview:-1"},"canonical":"https:\/\/www.anovapeneira.gal\/index.php\/2022\/01\/07\/frente-a-nova-subida-do-goberno-o-bng-reclama-a-eliminacion-das-peaxes\/","og_locale":"gl_ES","og_type":"article","og_title":"Frente \u00e1 nova subida do Goberno, o BNG reclama a eliminaci\u00f3n das peaxes -","og_description":"N\u00e9stor Rego advirte que, para al\u00e9n de incumprir o acordado, o Ministerio de Transportes continua ignorando a decisi\u00f3n da UE de declarar ilegais as pr\u00f3rrogas da concesi\u00f3n","og_url":"https:\/\/www.anovapeneira.gal\/index.php\/2022\/01\/07\/frente-a-nova-subida-do-goberno-o-bng-reclama-a-eliminacion-das-peaxes\/","article_publisher":"https:\/\/www.facebook.com\/anovapeneira","article_published_time":"2022-01-07T09:00:48+00:00","og_image":[{"width":1500,"height":790,"url":"https:\/\/www.anovapeneira.gal\/wp-content\/uploads\/2022\/01\/nestor_rego_congreso.jpg","type":"image\/jpeg"}],"author":"Redacci\u00f3n A Nova Peneira","twitter_card":"summary_large_image","twitter_creator":"@APeneira","twitter_site":"@APeneira","twitter_misc":{"Escrito por":"Redacci\u00f3n A Nova Peneira","Tempo de lectura":"2 minutos"},"schema":{"@context":"https:\/\/schema.org","@graph":[{"@type":"Article","@id":"https:\/\/www.anovapeneira.gal\/index.php\/2022\/01\/07\/frente-a-nova-subida-do-goberno-o-bng-reclama-a-eliminacion-das-peaxes\/#article","isPartOf":{"@id":"https:\/\/www.anovapeneira.gal\/index.php\/2022\/01\/07\/frente-a-nova-subida-do-goberno-o-bng-reclama-a-eliminacion-das-peaxes\/"},"author":{"name":"Redacci\u00f3n A Nova Peneira","@id":"https:\/\/www.anovapeneira.gal\/#\/schema\/person\/b93e3f8932e3f8da96334607eb6ac6aa"},"headline":"Frente \u00e1 nova subida do Goberno, o BNG reclama a eliminaci\u00f3n das peaxes","datePublished":"2022-01-07T09:00:48+00:00","mainEntityOfPage":{"@id":"https:\/\/www.anovapeneira.gal\/index.php\/2022\/01\/07\/frente-a-nova-subida-do-goberno-o-bng-reclama-a-eliminacion-das-peaxes\/"},"wordCount":393,"commentCount":0,"publisher":{"@id":"https:\/\/www.anovapeneira.gal\/#organization"},"image":{"@id":"https:\/\/www.anovapeneira.gal\/index.php\/2022\/01\/07\/frente-a-nova-subida-do-goberno-o-bng-reclama-a-eliminacion-das-peaxes\/#primaryimage"},"thumbnailUrl":"https:\/\/www.anovapeneira.gal\/wp-content\/uploads\/2022\/01\/nestor_rego_congreso.jpg","keywords":["N\u00e9stor Rego"],"articleSection":["Novas"],"inLanguage":"gl-ES","potentialAction":[{"@type":"CommentAction","name":"Comment","target":["https:\/\/www.anovapeneira.gal\/index.php\/2022\/01\/07\/frente-a-nova-subida-do-goberno-o-bng-reclama-a-eliminacion-das-peaxes\/#respond"]}]},{"@type":"WebPage","@id":"https:\/\/www.anovapeneira.gal\/index.php\/2022\/01\/07\/frente-a-nova-subida-do-goberno-o-bng-reclama-a-eliminacion-das-peaxes\/","url":"https:\/\/www.anovapeneira.gal\/index.php\/2022\/01\/07\/frente-a-nova-subida-do-goberno-o-bng-reclama-a-eliminacion-das-peaxes\/","name":"Frente \u00e1 nova subida do Goberno, o BNG reclama a eliminaci\u00f3n das peaxes -","isPartOf":{"@id":"https:\/\/www.anovapeneira.gal\/#website"},"primaryImageOfPage":{"@id":"https:\/\/www.anovapeneira.gal\/index.php\/2022\/01\/07\/frente-a-nova-subida-do-goberno-o-bng-reclama-a-eliminacion-das-peaxes\/#primaryimage"},"image":{"@id":"https:\/\/www.anovapeneira.gal\/index.php\/2022\/01\/07\/frente-a-nova-subida-do-goberno-o-bng-reclama-a-eliminacion-das-peaxes\/#primaryimage"},"thumbnailUrl":"https:\/\/www.anovapeneira.gal\/wp-content\/uploads\/2022\/01\/nestor_rego_congreso.jpg","datePublished":"2022-01-07T09:00:48+00:00","description":"N\u00e9stor Rego advirte que, para al\u00e9n de incumprir o acordado, o Ministerio de Transportes continua ignorando a decisi\u00f3n da UE de declarar ilegais as pr\u00f3rrogas da concesi\u00f3n","breadcrumb":{"@id":"https:\/\/www.anovapeneira.gal\/index.php\/2022\/01\/07\/frente-a-nova-subida-do-goberno-o-bng-reclama-a-eliminacion-das-peaxes\/#breadcrumb"},"inLanguage":"gl-ES","potentialAction":[{"@type":"ReadAction","target":["https:\/\/www.anovapeneira.gal\/index.php\/2022\/01\/07\/frente-a-nova-subida-do-goberno-o-bng-reclama-a-eliminacion-das-peaxes\/"]}]},{"@type":"ImageObject","inLanguage":"gl-ES","@id":"https:\/\/www.anovapeneira.gal\/index.php\/2022\/01\/07\/frente-a-nova-subida-do-goberno-o-bng-reclama-a-eliminacion-das-peaxes\/#primaryimage","url":"https:\/\/www.anovapeneira.gal\/wp-content\/uploads\/2022\/01\/nestor_rego_congreso.jpg","contentUrl":"https:\/\/www.anovapeneira.gal\/wp-content\/uploads\/2022\/01\/nestor_rego_congreso.jpg","width":1500,"height":790,"caption":"N\u00e9stor Rego Congreso"},{"@type":"BreadcrumbList","@id":"https:\/\/www.anovapeneira.gal\/index.php\/2022\/01\/07\/frente-a-nova-subida-do-goberno-o-bng-reclama-a-eliminacion-das-peaxes\/#breadcrumb","itemListElement":[{"@type":"ListItem","position":1,"name":"Portada","item":"https:\/\/www.anovapeneira.gal\/"},{"@type":"ListItem","position":2,"name":"Frente \u00e1 nova subida do Goberno, o BNG reclama a eliminaci\u00f3n das peaxes"}]},{"@type":"WebSite","@id":"https:\/\/www.anovapeneira.gal\/#website","url":"https:\/\/www.anovapeneira.gal\/","name":"","description":"Xornal galego de informaci\u00f3n xeral Publicaci\u00f3n mensual de novas de Galicia e en especial dos Concellos da sur da provincia de Pontevedra.","publisher":{"@id":"https:\/\/www.anovapeneira.gal\/#organization"},"potentialAction":[{"@type":"SearchAction","target":{"@type":"EntryPoint","urlTemplate":"https:\/\/www.anovapeneira.gal\/?s={search_term_string}"},"query-input":{"@type":"PropertyValueSpecification","valueRequired":true,"valueName":"search_term_string"}}],"inLanguage":"gl-ES"},{"@type":"Organization","@id":"https:\/\/www.anovapeneira.gal\/#organization","name":"A Nova Peneira","url":"https:\/\/www.anovapeneira.gal\/","logo":{"@type":"ImageObject","inLanguage":"gl-ES","@id":"https:\/\/www.anovapeneira.gal\/#\/schema\/logo\/image\/","url":"http:\/\/www.anovapeneira.gal\/wp-content\/uploads\/2019\/06\/logo_a_nova_peneira_portal_web.png","contentUrl":"http:\/\/www.anovapeneira.gal\/wp-content\/uploads\/2019\/06\/logo_a_nova_peneira_portal_web.png","width":300,"height":100,"caption":"A Nova Peneira"},"image":{"@id":"https:\/\/www.anovapeneira.gal\/#\/schema\/logo\/image\/"},"sameAs":["https:\/\/www.facebook.com\/anovapeneira","https:\/\/x.com\/APeneira"]},{"@type":"Person","@id":"https:\/\/www.anovapeneira.gal\/#\/schema\/person\/b93e3f8932e3f8da96334607eb6ac6aa","name":"Redacci\u00f3n A Nova Peneira","image":{"@type":"ImageObject","inLanguage":"gl-ES","@id":"https:\/\/secure.gravatar.com\/avatar\/c052a2551a06e23fac63626232eaa90abd78dbcf1700fc46a2b2c89fd27b735f?s=96&d=mm&r=g","url":"https:\/\/secure.gravatar.com\/avatar\/c052a2551a06e23fac63626232eaa90abd78dbcf1700fc46a2b2c89fd27b735f?s=96&d=mm&r=g","contentUrl":"https:\/\/secure.gravatar.com\/avatar\/c052a2551a06e23fac63626232eaa90abd78dbcf1700fc46a2b2c89fd27b735f?s=96&d=mm&r=g","caption":"Redacci\u00f3n A Nova Peneira"},"sameAs":["http:\/\/www.anovapeneira.gal\/"],"url":"https:\/\/www.anovapeneira.gal\/index.php\/author\/redactor\/"}]}},"jetpack_featured_media_url":"https:\/\/www.anovapeneira.gal\/wp-content\/uploads\/2022\/01\/nestor_rego_congreso.jpg","_links":{"self":[{"href":"https:\/\/www.anovapeneira.gal\/index.php\/wp-json\/wp\/v2\/posts\/6722","targetHints":{"allow":["GET"]}}],"collection":[{"href":"https:\/\/www.anovapeneira.gal\/index.php\/wp-json\/wp\/v2\/posts"}],"about":[{"href":"https:\/\/www.anovapeneira.gal\/index.php\/wp-json\/wp\/v2\/types\/post"}],"author":[{"embeddable":true,"href":"https:\/\/www.anovapeneira.gal\/index.php\/wp-json\/wp\/v2\/users\/3"}],"replies":[{"embeddable":true,"href":"https:\/\/www.anovapeneira.gal\/index.php\/wp-json\/wp\/v2\/comments?post=6722"}],"version-history":[{"count":1,"href":"https:\/\/www.anovapeneira.gal\/index.php\/wp-json\/wp\/v2\/posts\/6722\/revisions"}],"predecessor-version":[{"id":6724,"href":"https:\/\/www.anovapeneira.gal\/index.php\/wp-json\/wp\/v2\/posts\/6722\/revisions\/6724"}],"wp:featuredmedia":[{"embeddable":true,"href":"https:\/\/www.anovapeneira.gal\/index.php\/wp-json\/wp\/v2\/media\/6723"}],"wp:attachment":[{"href":"https:\/\/www.anovapeneira.gal\/index.php\/wp-json\/wp\/v2\/media?parent=6722"}],"wp:term":[{"taxonomy":"category","embeddable":true,"href":"https:\/\/www.anovapeneira.gal\/index.php\/wp-json\/wp\/v2\/categories?post=6722"},{"taxonomy":"post_tag","embeddable":true,"href":"https:\/\/www.anovapeneira.gal\/index.php\/wp-json\/wp\/v2\/tags?post=6722"}],"curies":[{"name":"wp","href":"https:\/\/api.w.org\/{rel}","templated":true}]}}