{"id":6745,"date":"2022-01-12T12:00:01","date_gmt":"2022-01-12T11:00:01","guid":{"rendered":"https:\/\/www.anovapeneira.gal\/?p=6745"},"modified":"2022-01-10T10:02:33","modified_gmt":"2022-01-10T09:02:33","slug":"beade-di-non-a-nova-estrada","status":"publish","type":"post","link":"https:\/\/www.anovapeneira.gal\/index.php\/2022\/01\/12\/beade-di-non-a-nova-estrada\/","title":{"rendered":"Beade di non \u00e1 nova estrada"},"content":{"rendered":"\n<p><strong>No borrador do novo plan xeral vigu\u00e9s est\u00e1 proxectado un vial que nacer\u00eda na A55, na parroquia de Bembrive, e morrer\u00eda na zona franca afectando \u00e1s parroquias de Bembrive, Beade e Castrelos. Na parroquia de Beade xerou unha moi forte oposici\u00f3n da s\u00faa veci\u00f1anza pois eles entenden que a estrada non \u00e9 necesaria, est\u00e1 a VG20, supor\u00eda a expropiaci\u00f3n de varias casas, algunhas parcelas coa edificaci\u00f3n a\u00ednda en construci\u00f3n e a hipoteca acabada de asinar, depreciar\u00eda o valor de moitas propiedades que pasar\u00edan de estar en solo urbano a estar en solo r\u00fastico e afectar\u00eda gravemente \u00e1 inmensa riqueza natural que pos\u00faen estas zonas da nosa cidade. N\u00f3s conversamos con Ana, a presidenta da plataforma de afectados e afectadas de Beade.<\/strong><\/p>\n\n\n\n<h2 class=\"wp-block-heading\"><strong>ANA PASCUAL PRESIDENTA DE AVIBE<\/strong><\/h2>\n\n\n\n<h2 class=\"wp-block-heading\">\u201c <strong>Esta estrada \u00e9 innecesaria e de executarse afectar\u00eda de maneira moi grave \u00e1 totalidade das parroquias afectadas\u201d<\/strong><\/h2>\n\n\n\n<h2 class=\"wp-block-heading\">\u201c<strong>Fixemos varios intentos para reunirnos co alcalde e coa concelleira de urbanismo e nin sequera nos contestaron\u201d<\/strong><\/h2>\n\n\n\n<p><strong>Que \u00e9 Avibe Ana?<\/strong><\/p>\n\n\n\n<blockquote class=\"wp-block-quote is-layout-flow wp-block-quote-is-layout-flow\"><p>\u00c9 unha plataforma de afectados e afectadas polo vial de Beade<\/p><\/blockquote>\n\n\n\n<p><strong>Entendo que ti vives en Beade claro?<\/strong><\/p>\n\n\n\n<blockquote class=\"wp-block-quote is-layout-flow wp-block-quote-is-layout-flow\"><p>Si, vivo na zona da Brea<\/p><\/blockquote>\n\n\n\n<p><strong>Como naceu a plataforma?<\/strong><\/p>\n\n\n\n<blockquote class=\"wp-block-quote is-layout-flow wp-block-quote-is-layout-flow\"><p>Pois como moitas outras cousas na vida de pura casualidade. Todo comezou cunha conversa informal entre dous veci\u00f1os que foi a espoleta que levou a que co\u00f1eceramos que estaba prevista esta estrada de alta capacidade con catro carr\u00eds e que , de executarse, romper\u00e1 as parroquias de Bembrive, Beade e Castrelos. Eu considero que dunha maneira ou doutra toda a veci\u00f1anza desas 3 parroquias vai ser afectada<\/p><\/blockquote>\n\n\n\n<p><strong>Cantas persoas compondes a plataforma?<\/strong><\/p>\n\n\n\n<blockquote class=\"wp-block-quote is-layout-flow wp-block-quote-is-layout-flow\"><p>No momento actual 173 persoas e subindo. E se multiplicas polo n\u00famero de familiares de cada persoa pois moitas m\u00e1is claro<\/p><\/blockquote>\n\n\n\n<p><strong>En que data nacestes?<\/strong><\/p>\n\n\n\n<blockquote class=\"wp-block-quote is-layout-flow wp-block-quote-is-layout-flow\"><p>A finais de novembro do ano pasado. Foi todo moi r\u00e1pido, tanto \u00e9 as\u00ed que o 15 de xaneiro remata o per\u00edodo para podermos presentar alegaci\u00f3ns contra este vial<\/p><\/blockquote>\n\n\n\n<p><strong>Pero as caracter\u00edsticas da obra proxectada est\u00e1n expostas?<\/strong><\/p>\n\n\n\n<blockquote class=\"wp-block-quote is-layout-flow wp-block-quote-is-layout-flow\"><p>Si, son de acceso p\u00fablico. Se entras na web do Concello e pos Plan Xeral al\u00ed xa as encontras , pero \u00e9 unha informaci\u00f3n moi dif\u00edcil de atopar. Algu\u00e9n que non estea familiarizado con este mundo vai ter moi dif\u00edcil a interpretaci\u00f3n da informaci\u00f3n que al\u00ed encontre. Desde logo a informaci\u00f3n non \u00e9 en absoluto accesible para a veci\u00f1anza afectada<\/p><\/blockquote>\n\n\n\n<p><strong>Houbo alg\u00fan tipo de comunicaci\u00f3n por parte do goberno municipal \u00e1s AAVV afectadas?<\/strong><\/p>\n\n\n\n<blockquote class=\"wp-block-quote is-layout-flow wp-block-quote-is-layout-flow\"><p>Si, si que houbo. A concelleira de urbanismo visitou as asociaci\u00f3ns de veci\u00f1os , pero foron visitas \u00e1s que non asistiu case ningu\u00e9n. Eu mesma, que son afectada directa, non ti\u00f1a nin idea deste asunto. E sendo conservadora podo dicir que a m\u00e1is do 95% da veci\u00f1anza pas\u00e1balle o mesmo ca min, non sab\u00eda nada<\/p><\/blockquote>\n\n\n\n<p><strong>Cres que houbo unha vontade deliberada do Concello de ocultar a informaci\u00f3n aos veci\u00f1os e veci\u00f1as?<\/strong><\/p>\n\n\n\n<blockquote class=\"wp-block-quote is-layout-flow wp-block-quote-is-layout-flow\"><p>Se non a houbo fixeron moi mal as cousas, porque xa che digo que a pr\u00e1ctica totalidade da parroquia desco\u00f1ec\u00eda as intenci\u00f3ns de constru\u00edr esta estrada.<\/p><\/blockquote>\n\n\n\n<p><strong>E a oposici\u00f3n?<\/strong><\/p>\n\n\n\n<blockquote class=\"wp-block-quote is-layout-flow wp-block-quote-is-layout-flow\"><p>Quero deixar claro que somos unha plataforma sen ning\u00fan tipo de implicaci\u00f3n pol\u00edtica pero o certo \u00e9 que os 3 partidos da oposici\u00f3n, os 3 por igual, o PP a Marea de Vigo e o BNG si que fixeron, o que non fixo o goberno municipal, informar aos veci\u00f1os de que nos van meter un vial .E aseg\u00faroche que os hai moi afectados<\/p><\/blockquote>\n\n\n\n<p><strong>Por exemplo?<\/strong><\/p>\n\n\n\n<blockquote class=\"wp-block-quote is-layout-flow wp-block-quote-is-layout-flow\"><p>Co\u00f1ezo os casos de tres familias que a\u00ednda te\u00f1en as s\u00faas casas en construci\u00f3n. Recibiron as licencias de obra a principios do 2.021, contrataron as s\u00faas hipotecas e agora, sen ter as casas feitas, vanllas a expropiar<\/p><\/blockquote>\n\n\n\n<p><strong>Deuvos tempo a presentar alegaci\u00f3ns?<\/strong><\/p>\n\n\n\n<blockquote class=\"wp-block-quote is-layout-flow wp-block-quote-is-layout-flow\"><p>Estamos niso. Temos previsto presentalas a semana pr\u00f3xima , antes de que remate o prazo .Contratamos a uns avogados e a uns arquitectos e est\u00e1n traballando nunha alegaci\u00f3n conxunta en nome da plataforma para amosar que este vial non \u00e9 necesario<\/p><\/blockquote>\n\n\n\n<p><strong>Onde nacer\u00eda e onde morrer\u00eda o vial?<\/strong><\/p>\n\n\n\n<blockquote class=\"wp-block-quote is-layout-flow wp-block-quote-is-layout-flow\"><p>Nacer\u00eda na A55, m\u00e1is ou menos onde est\u00e1 o colexio Mosteiro e remata na estrada Clara Campoamor. Logo nunha segunda parte continuar\u00eda ata rematar na zona franca.<\/p><\/blockquote>\n\n\n\n<p><strong>Co\u00f1eces como se xesta esta idea?<\/strong><\/p>\n\n\n\n<blockquote class=\"wp-block-quote is-layout-flow wp-block-quote-is-layout-flow\"><p>No ano 2018 o equipo redactor do Concello fai un esbozo das necesidades que entende deben de cumprirse no novo plan xeral. Nesta redacci\u00f3n este vial non aparece, si a rolda que quer\u00eda o concello. Cando o equipo redactor que ga\u00f1a o plan xeral manda o borrador desaparece a rolda e xa nos encontramos con este vial. O alcalde di que \u00e9 para o hospital \u00c1lvaro Cunqueiro, pero iso non \u00e9 a realidade. Na p\u00e1xina 14 do borrador do plan xeral, que \u00e9 onde aparece, non fala nada do hospital e si de PSA.E por outra banda contemplan unha reserva de solo durante 18 anos<\/p><\/blockquote>\n\n\n\n<p><strong>\u00c9 dicir, sexa cal sexa a resoluci\u00f3n deste asunto, ides vivir 18 anos coa espada de Damocles enriba das vosas cabezas?<\/strong><\/p>\n\n\n\n<blockquote class=\"wp-block-quote is-layout-flow wp-block-quote-is-layout-flow\"><p>Si, por desgraza \u00e9 a realidade. Asemade iso leva a outro problema grave porque o solo se recualifica e moitas parcelas pasan de ser solo urbano a r\u00fastico dunha maneira completamente arbitraria , xa que logo as parcelas afectadas perden o 80% do seu valor co que \u00e1 hora das expropiaci\u00f3ns recibir\u00edan unha miseria de cartos.<\/p><\/blockquote>\n\n\n\n<p><strong>Supo\u00f1o que intentariades reunirvos co alcalde?<\/strong><\/p>\n\n\n\n<blockquote class=\"wp-block-quote is-layout-flow wp-block-quote-is-layout-flow\"><p>Si, claro<\/p><\/blockquote>\n\n\n\n<p><strong>E?<\/strong><\/p>\n\n\n\n<blockquote class=\"wp-block-quote is-layout-flow wp-block-quote-is-layout-flow\"><p>Eu t\u00e9\u00f1olle mandado moitos correos tanto ao alcalde como \u00e1 concelleira de urbanismo pero de momento ning\u00fan dos dous nos contestou. Si tivemos unha xuntanza co xerente de urbanismo e co redactor xefe do plan xeral<\/p><\/blockquote>\n\n\n\n<p><strong>Quen solicitou esa reuni\u00f3n?<\/strong><\/p>\n\n\n\n<blockquote class=\"wp-block-quote is-layout-flow wp-block-quote-is-layout-flow\"><p>N\u00f3s<\/p><\/blockquote>\n\n\n\n<p><strong>En que termos se desenvolveu?<\/strong><\/p>\n\n\n\n<blockquote class=\"wp-block-quote is-layout-flow wp-block-quote-is-layout-flow\"><p>Pois n\u00f3s fill\u00e9moslle unha serie de preguntas t\u00e9cnicas e eu entendo que non souberon nin puideron xustificar a necesidade desta estrada. Por outra parte pregunteille polo estudo t\u00e9cnico que avalase a s\u00faa necesidade<\/p><\/blockquote>\n\n\n\n<p><strong>E?<\/strong><\/p>\n\n\n\n<blockquote class=\"wp-block-quote is-layout-flow wp-block-quote-is-layout-flow\"><p>Non hai. Tam\u00e9n lle preguntei polo estudo de impacto ambiental<\/p><\/blockquote>\n\n\n\n<p><strong>E?<\/strong><\/p>\n\n\n\n<blockquote class=\"wp-block-quote is-layout-flow wp-block-quote-is-layout-flow\"><p>Non hai. D\u00edxome que era un mero tr\u00e1mite<\/p><\/blockquote>\n\n\n\n<p><strong>As\u00ed mesmo cho dixo?<\/strong><\/p>\n\n\n\n<blockquote class=\"wp-block-quote is-layout-flow wp-block-quote-is-layout-flow\"><p>As\u00ed, tal cal<\/p><\/blockquote>\n\n\n\n<p><strong>Esta estrada ter\u00e1, ti pensas, alg\u00fan tipo de beneficio para a veci\u00f1anza das 3 parroquias afectadas?<\/strong><\/p>\n\n\n\n<blockquote class=\"wp-block-quote is-layout-flow wp-block-quote-is-layout-flow\"><p>Eu non lle vexo ning\u00fan, tanto \u00e9 as\u00ed que non vai ter accesos para Beade nin Bembrive nin Castrelos. Isto est\u00e1 confirmado pola xerencia de urbanismo. Se o queremos coller teremos que ir \u00e1 A55 ou \u00e1 estrada Clara Campoamor<\/p><\/blockquote>\n\n\n\n<p><strong>Eu entendo que o percorrido l\u00f3xico dos acontecementos vai ser que v\u00f3s recorrades ante o organismo que proxecta a estrada, o concello, que supo\u00f1o que vos far\u00e1 caso omiso e imaxino que teredes que acudir \u00e1 xustiza ordinaria?<\/strong><\/p>\n\n\n\n<blockquote class=\"wp-block-quote is-layout-flow wp-block-quote-is-layout-flow\"><p>Si, eu coincido contigo en que o que vai acontecer \u00e9 o que describes. Cando vaiamos \u00e1 xustiza ordinaria agardo que nos dea a raz\u00f3n porque entendo que a temos. Ese vial non \u00e9 necesario, xa existe a VG20 que ten un trazado semellante e non \u00e9 unha estrada cun especial volume de tr\u00e1fico<\/p><\/blockquote>\n\n\n\n<p><strong>O proxecto ter\u00eda incidencia no patrimonio natural das parroquias afectadas?<\/strong><\/p>\n\n\n\n<blockquote class=\"wp-block-quote is-layout-flow wp-block-quote-is-layout-flow\"><p>E tanto que si. Afectar\u00eda aos r\u00edos Eifonso e Barxa .Neste \u00faltimo hai un lirio en perigo de extinci\u00f3n, temos tam\u00e9n unha parella de aguias que xa levan 4 ani\u00f1ando e que nestas \u00e9pocas est\u00e1n ensinando a voar a unha cr\u00eda que te\u00f1en. Temos londras, a Bolboreta colibr\u00ed, fontes, lavadoiros, unha mina de auga de m\u00e1is de 200 anos a\u00ednda en funcionamento, un mu\u00ed\u00f1o&#8230;. Ter\u00edan que facer un viaduto para salvar o Eifonso, tam\u00e9n un t\u00fanel a 30 metros de profundidade .En definitiva, esta estrada afectar\u00eda de maneira moi grave a unha enorme riqueza patrimonial que existe no rural vigu\u00e9s<\/p><\/blockquote>\n\n\n\n<p><strong>Xa vos tedes mobilizado verdade?<\/strong><\/p>\n\n\n\n<blockquote class=\"wp-block-quote is-layout-flow wp-block-quote-is-layout-flow\"><p>Si, desde que nos creamos todos os domingos nos mobilizamos dalgunha maneira. E seguiremos fac\u00e9ndoo ata que te\u00f1amos unha soluci\u00f3n a este problema que afecta tan gravemente \u00e1s nosas vidas<\/p><\/blockquote>\n","protected":false},"excerpt":{"rendered":"<div class=\"mh-excerpt\"><p>No borrador do novo plan xeral vigu\u00e9s est\u00e1 proxectado un vial que nacer\u00eda na A55, na parroquia de Bembrive, e morrer\u00eda na zona franca afectando \u00e1s parroquias de Bembrive, Beade e Castrelos.  <a class=\"mh-excerpt-more\" href=\"https:\/\/www.anovapeneira.gal\/index.php\/2022\/01\/12\/beade-di-non-a-nova-estrada\/\" title=\"Beade di non \u00e1 nova estrada\">[&#8230;]<\/a><\/p>\n<\/div>","protected":false},"author":3,"featured_media":6746,"comment_status":"open","ping_status":"open","sticky":false,"template":"","format":"standard","meta":{"_exactmetrics_skip_tracking":false,"_exactmetrics_sitenote_active":false,"_exactmetrics_sitenote_note":"","_exactmetrics_sitenote_category":0,"footnotes":""},"categories":[272],"tags":[227],"class_list":{"0":"post-6745","1":"post","2":"type-post","3":"status-publish","4":"format-standard","5":"has-post-thumbnail","7":"category-vigo-entrevistas","8":"tag-concello-de-vigo"},"yoast_head":"<!-- This site is optimized with the Yoast SEO plugin v27.4 - https:\/\/yoast.com\/product\/yoast-seo-wordpress\/ -->\n<title>Beade di non \u00e1 nova estrada -<\/title>\n<meta name=\"description\" content=\"No borrador do novo plan xeral vigu\u00e9s est\u00e1 proxectado un vial que nacer\u00eda na A55, na parroquia de Bembrive, e morrer\u00eda na zona franca afectando \u00e1s parroquias de Bembrive, Beade e Castrelos.\" \/>\n<meta name=\"robots\" content=\"index, follow, max-snippet:-1, max-image-preview:large, max-video-preview:-1\" \/>\n<link rel=\"canonical\" href=\"https:\/\/www.anovapeneira.gal\/index.php\/2022\/01\/12\/beade-di-non-a-nova-estrada\/\" \/>\n<meta property=\"og:locale\" content=\"gl_ES\" \/>\n<meta property=\"og:type\" content=\"article\" \/>\n<meta property=\"og:title\" content=\"Beade di non \u00e1 nova estrada -\" \/>\n<meta property=\"og:description\" content=\"No borrador do novo plan xeral vigu\u00e9s est\u00e1 proxectado un vial que nacer\u00eda na A55, na parroquia de Bembrive, e morrer\u00eda na zona franca afectando \u00e1s parroquias de Bembrive, Beade e Castrelos.\" \/>\n<meta property=\"og:url\" content=\"https:\/\/www.anovapeneira.gal\/index.php\/2022\/01\/12\/beade-di-non-a-nova-estrada\/\" \/>\n<meta property=\"article:publisher\" content=\"https:\/\/www.facebook.com\/anovapeneira\" \/>\n<meta property=\"article:published_time\" content=\"2022-01-12T11:00:01+00:00\" \/>\n<meta property=\"og:image\" content=\"https:\/\/www.anovapeneira.gal\/wp-content\/uploads\/2022\/01\/non_vial_beade_vigo.jpg\" \/>\n\t<meta property=\"og:image:width\" content=\"720\" \/>\n\t<meta property=\"og:image:height\" content=\"432\" \/>\n\t<meta property=\"og:image:type\" content=\"image\/jpeg\" \/>\n<meta name=\"author\" content=\"Redacci\u00f3n A Nova Peneira\" \/>\n<meta name=\"twitter:card\" content=\"summary_large_image\" \/>\n<meta name=\"twitter:creator\" content=\"@APeneira\" \/>\n<meta name=\"twitter:site\" content=\"@APeneira\" \/>\n<meta name=\"twitter:label1\" content=\"Escrito por\" \/>\n\t<meta name=\"twitter:data1\" content=\"Redacci\u00f3n A Nova Peneira\" \/>\n\t<meta name=\"twitter:label2\" content=\"Tempo de lectura\" \/>\n\t<meta name=\"twitter:data2\" content=\"7 minutos\" \/>\n<script type=\"application\/ld+json\" class=\"yoast-schema-graph\">{\"@context\":\"https:\\\/\\\/schema.org\",\"@graph\":[{\"@type\":\"Article\",\"@id\":\"https:\\\/\\\/www.anovapeneira.gal\\\/index.php\\\/2022\\\/01\\\/12\\\/beade-di-non-a-nova-estrada\\\/#article\",\"isPartOf\":{\"@id\":\"https:\\\/\\\/www.anovapeneira.gal\\\/index.php\\\/2022\\\/01\\\/12\\\/beade-di-non-a-nova-estrada\\\/\"},\"author\":{\"name\":\"Redacci\u00f3n A Nova Peneira\",\"@id\":\"https:\\\/\\\/www.anovapeneira.gal\\\/#\\\/schema\\\/person\\\/b93e3f8932e3f8da96334607eb6ac6aa\"},\"headline\":\"Beade di non \u00e1 nova estrada\",\"datePublished\":\"2022-01-12T11:00:01+00:00\",\"mainEntityOfPage\":{\"@id\":\"https:\\\/\\\/www.anovapeneira.gal\\\/index.php\\\/2022\\\/01\\\/12\\\/beade-di-non-a-nova-estrada\\\/\"},\"wordCount\":1364,\"commentCount\":0,\"publisher\":{\"@id\":\"https:\\\/\\\/www.anovapeneira.gal\\\/#organization\"},\"image\":{\"@id\":\"https:\\\/\\\/www.anovapeneira.gal\\\/index.php\\\/2022\\\/01\\\/12\\\/beade-di-non-a-nova-estrada\\\/#primaryimage\"},\"thumbnailUrl\":\"https:\\\/\\\/www.anovapeneira.gal\\\/wp-content\\\/uploads\\\/2022\\\/01\\\/non_vial_beade_vigo.jpg\",\"keywords\":[\"Concello de Vigo\"],\"articleSection\":[\"Vigo\"],\"inLanguage\":\"gl-ES\",\"potentialAction\":[{\"@type\":\"CommentAction\",\"name\":\"Comment\",\"target\":[\"https:\\\/\\\/www.anovapeneira.gal\\\/index.php\\\/2022\\\/01\\\/12\\\/beade-di-non-a-nova-estrada\\\/#respond\"]}]},{\"@type\":\"WebPage\",\"@id\":\"https:\\\/\\\/www.anovapeneira.gal\\\/index.php\\\/2022\\\/01\\\/12\\\/beade-di-non-a-nova-estrada\\\/\",\"url\":\"https:\\\/\\\/www.anovapeneira.gal\\\/index.php\\\/2022\\\/01\\\/12\\\/beade-di-non-a-nova-estrada\\\/\",\"name\":\"Beade di non \u00e1 nova estrada -\",\"isPartOf\":{\"@id\":\"https:\\\/\\\/www.anovapeneira.gal\\\/#website\"},\"primaryImageOfPage\":{\"@id\":\"https:\\\/\\\/www.anovapeneira.gal\\\/index.php\\\/2022\\\/01\\\/12\\\/beade-di-non-a-nova-estrada\\\/#primaryimage\"},\"image\":{\"@id\":\"https:\\\/\\\/www.anovapeneira.gal\\\/index.php\\\/2022\\\/01\\\/12\\\/beade-di-non-a-nova-estrada\\\/#primaryimage\"},\"thumbnailUrl\":\"https:\\\/\\\/www.anovapeneira.gal\\\/wp-content\\\/uploads\\\/2022\\\/01\\\/non_vial_beade_vigo.jpg\",\"datePublished\":\"2022-01-12T11:00:01+00:00\",\"description\":\"No borrador do novo plan xeral vigu\u00e9s est\u00e1 proxectado un vial que nacer\u00eda na A55, na parroquia de Bembrive, e morrer\u00eda na zona franca afectando \u00e1s parroquias de Bembrive, Beade e Castrelos.\",\"breadcrumb\":{\"@id\":\"https:\\\/\\\/www.anovapeneira.gal\\\/index.php\\\/2022\\\/01\\\/12\\\/beade-di-non-a-nova-estrada\\\/#breadcrumb\"},\"inLanguage\":\"gl-ES\",\"potentialAction\":[{\"@type\":\"ReadAction\",\"target\":[\"https:\\\/\\\/www.anovapeneira.gal\\\/index.php\\\/2022\\\/01\\\/12\\\/beade-di-non-a-nova-estrada\\\/\"]}]},{\"@type\":\"ImageObject\",\"inLanguage\":\"gl-ES\",\"@id\":\"https:\\\/\\\/www.anovapeneira.gal\\\/index.php\\\/2022\\\/01\\\/12\\\/beade-di-non-a-nova-estrada\\\/#primaryimage\",\"url\":\"https:\\\/\\\/www.anovapeneira.gal\\\/wp-content\\\/uploads\\\/2022\\\/01\\\/non_vial_beade_vigo.jpg\",\"contentUrl\":\"https:\\\/\\\/www.anovapeneira.gal\\\/wp-content\\\/uploads\\\/2022\\\/01\\\/non_vial_beade_vigo.jpg\",\"width\":720,\"height\":432,\"caption\":\"Beade di non \u00e1 nova estrada\"},{\"@type\":\"BreadcrumbList\",\"@id\":\"https:\\\/\\\/www.anovapeneira.gal\\\/index.php\\\/2022\\\/01\\\/12\\\/beade-di-non-a-nova-estrada\\\/#breadcrumb\",\"itemListElement\":[{\"@type\":\"ListItem\",\"position\":1,\"name\":\"Portada\",\"item\":\"https:\\\/\\\/www.anovapeneira.gal\\\/\"},{\"@type\":\"ListItem\",\"position\":2,\"name\":\"Beade di non \u00e1 nova estrada\"}]},{\"@type\":\"WebSite\",\"@id\":\"https:\\\/\\\/www.anovapeneira.gal\\\/#website\",\"url\":\"https:\\\/\\\/www.anovapeneira.gal\\\/\",\"name\":\"\",\"description\":\"Xornal galego de informaci\u00f3n xeral Publicaci\u00f3n mensual de novas de Galicia e en especial dos Concellos da sur da provincia de Pontevedra.\",\"publisher\":{\"@id\":\"https:\\\/\\\/www.anovapeneira.gal\\\/#organization\"},\"potentialAction\":[{\"@type\":\"SearchAction\",\"target\":{\"@type\":\"EntryPoint\",\"urlTemplate\":\"https:\\\/\\\/www.anovapeneira.gal\\\/?s={search_term_string}\"},\"query-input\":{\"@type\":\"PropertyValueSpecification\",\"valueRequired\":true,\"valueName\":\"search_term_string\"}}],\"inLanguage\":\"gl-ES\"},{\"@type\":\"Organization\",\"@id\":\"https:\\\/\\\/www.anovapeneira.gal\\\/#organization\",\"name\":\"A Nova Peneira\",\"url\":\"https:\\\/\\\/www.anovapeneira.gal\\\/\",\"logo\":{\"@type\":\"ImageObject\",\"inLanguage\":\"gl-ES\",\"@id\":\"https:\\\/\\\/www.anovapeneira.gal\\\/#\\\/schema\\\/logo\\\/image\\\/\",\"url\":\"http:\\\/\\\/www.anovapeneira.gal\\\/wp-content\\\/uploads\\\/2019\\\/06\\\/logo_a_nova_peneira_portal_web.png\",\"contentUrl\":\"http:\\\/\\\/www.anovapeneira.gal\\\/wp-content\\\/uploads\\\/2019\\\/06\\\/logo_a_nova_peneira_portal_web.png\",\"width\":300,\"height\":100,\"caption\":\"A Nova Peneira\"},\"image\":{\"@id\":\"https:\\\/\\\/www.anovapeneira.gal\\\/#\\\/schema\\\/logo\\\/image\\\/\"},\"sameAs\":[\"https:\\\/\\\/www.facebook.com\\\/anovapeneira\",\"https:\\\/\\\/x.com\\\/APeneira\"]},{\"@type\":\"Person\",\"@id\":\"https:\\\/\\\/www.anovapeneira.gal\\\/#\\\/schema\\\/person\\\/b93e3f8932e3f8da96334607eb6ac6aa\",\"name\":\"Redacci\u00f3n A Nova Peneira\",\"image\":{\"@type\":\"ImageObject\",\"inLanguage\":\"gl-ES\",\"@id\":\"https:\\\/\\\/secure.gravatar.com\\\/avatar\\\/c052a2551a06e23fac63626232eaa90abd78dbcf1700fc46a2b2c89fd27b735f?s=96&d=mm&r=g\",\"url\":\"https:\\\/\\\/secure.gravatar.com\\\/avatar\\\/c052a2551a06e23fac63626232eaa90abd78dbcf1700fc46a2b2c89fd27b735f?s=96&d=mm&r=g\",\"contentUrl\":\"https:\\\/\\\/secure.gravatar.com\\\/avatar\\\/c052a2551a06e23fac63626232eaa90abd78dbcf1700fc46a2b2c89fd27b735f?s=96&d=mm&r=g\",\"caption\":\"Redacci\u00f3n A Nova Peneira\"},\"sameAs\":[\"http:\\\/\\\/www.anovapeneira.gal\\\/\"],\"url\":\"https:\\\/\\\/www.anovapeneira.gal\\\/index.php\\\/author\\\/redactor\\\/\"}]}<\/script>\n<!-- \/ Yoast SEO plugin. -->","yoast_head_json":{"title":"Beade di non \u00e1 nova estrada -","description":"No borrador do novo plan xeral vigu\u00e9s est\u00e1 proxectado un vial que nacer\u00eda na A55, na parroquia de Bembrive, e morrer\u00eda na zona franca afectando \u00e1s parroquias de Bembrive, Beade e Castrelos.","robots":{"index":"index","follow":"follow","max-snippet":"max-snippet:-1","max-image-preview":"max-image-preview:large","max-video-preview":"max-video-preview:-1"},"canonical":"https:\/\/www.anovapeneira.gal\/index.php\/2022\/01\/12\/beade-di-non-a-nova-estrada\/","og_locale":"gl_ES","og_type":"article","og_title":"Beade di non \u00e1 nova estrada -","og_description":"No borrador do novo plan xeral vigu\u00e9s est\u00e1 proxectado un vial que nacer\u00eda na A55, na parroquia de Bembrive, e morrer\u00eda na zona franca afectando \u00e1s parroquias de Bembrive, Beade e Castrelos.","og_url":"https:\/\/www.anovapeneira.gal\/index.php\/2022\/01\/12\/beade-di-non-a-nova-estrada\/","article_publisher":"https:\/\/www.facebook.com\/anovapeneira","article_published_time":"2022-01-12T11:00:01+00:00","og_image":[{"width":720,"height":432,"url":"https:\/\/www.anovapeneira.gal\/wp-content\/uploads\/2022\/01\/non_vial_beade_vigo.jpg","type":"image\/jpeg"}],"author":"Redacci\u00f3n A Nova Peneira","twitter_card":"summary_large_image","twitter_creator":"@APeneira","twitter_site":"@APeneira","twitter_misc":{"Escrito por":"Redacci\u00f3n A Nova Peneira","Tempo de lectura":"7 minutos"},"schema":{"@context":"https:\/\/schema.org","@graph":[{"@type":"Article","@id":"https:\/\/www.anovapeneira.gal\/index.php\/2022\/01\/12\/beade-di-non-a-nova-estrada\/#article","isPartOf":{"@id":"https:\/\/www.anovapeneira.gal\/index.php\/2022\/01\/12\/beade-di-non-a-nova-estrada\/"},"author":{"name":"Redacci\u00f3n A Nova Peneira","@id":"https:\/\/www.anovapeneira.gal\/#\/schema\/person\/b93e3f8932e3f8da96334607eb6ac6aa"},"headline":"Beade di non \u00e1 nova estrada","datePublished":"2022-01-12T11:00:01+00:00","mainEntityOfPage":{"@id":"https:\/\/www.anovapeneira.gal\/index.php\/2022\/01\/12\/beade-di-non-a-nova-estrada\/"},"wordCount":1364,"commentCount":0,"publisher":{"@id":"https:\/\/www.anovapeneira.gal\/#organization"},"image":{"@id":"https:\/\/www.anovapeneira.gal\/index.php\/2022\/01\/12\/beade-di-non-a-nova-estrada\/#primaryimage"},"thumbnailUrl":"https:\/\/www.anovapeneira.gal\/wp-content\/uploads\/2022\/01\/non_vial_beade_vigo.jpg","keywords":["Concello de Vigo"],"articleSection":["Vigo"],"inLanguage":"gl-ES","potentialAction":[{"@type":"CommentAction","name":"Comment","target":["https:\/\/www.anovapeneira.gal\/index.php\/2022\/01\/12\/beade-di-non-a-nova-estrada\/#respond"]}]},{"@type":"WebPage","@id":"https:\/\/www.anovapeneira.gal\/index.php\/2022\/01\/12\/beade-di-non-a-nova-estrada\/","url":"https:\/\/www.anovapeneira.gal\/index.php\/2022\/01\/12\/beade-di-non-a-nova-estrada\/","name":"Beade di non \u00e1 nova estrada -","isPartOf":{"@id":"https:\/\/www.anovapeneira.gal\/#website"},"primaryImageOfPage":{"@id":"https:\/\/www.anovapeneira.gal\/index.php\/2022\/01\/12\/beade-di-non-a-nova-estrada\/#primaryimage"},"image":{"@id":"https:\/\/www.anovapeneira.gal\/index.php\/2022\/01\/12\/beade-di-non-a-nova-estrada\/#primaryimage"},"thumbnailUrl":"https:\/\/www.anovapeneira.gal\/wp-content\/uploads\/2022\/01\/non_vial_beade_vigo.jpg","datePublished":"2022-01-12T11:00:01+00:00","description":"No borrador do novo plan xeral vigu\u00e9s est\u00e1 proxectado un vial que nacer\u00eda na A55, na parroquia de Bembrive, e morrer\u00eda na zona franca afectando \u00e1s parroquias de Bembrive, Beade e Castrelos.","breadcrumb":{"@id":"https:\/\/www.anovapeneira.gal\/index.php\/2022\/01\/12\/beade-di-non-a-nova-estrada\/#breadcrumb"},"inLanguage":"gl-ES","potentialAction":[{"@type":"ReadAction","target":["https:\/\/www.anovapeneira.gal\/index.php\/2022\/01\/12\/beade-di-non-a-nova-estrada\/"]}]},{"@type":"ImageObject","inLanguage":"gl-ES","@id":"https:\/\/www.anovapeneira.gal\/index.php\/2022\/01\/12\/beade-di-non-a-nova-estrada\/#primaryimage","url":"https:\/\/www.anovapeneira.gal\/wp-content\/uploads\/2022\/01\/non_vial_beade_vigo.jpg","contentUrl":"https:\/\/www.anovapeneira.gal\/wp-content\/uploads\/2022\/01\/non_vial_beade_vigo.jpg","width":720,"height":432,"caption":"Beade di non \u00e1 nova estrada"},{"@type":"BreadcrumbList","@id":"https:\/\/www.anovapeneira.gal\/index.php\/2022\/01\/12\/beade-di-non-a-nova-estrada\/#breadcrumb","itemListElement":[{"@type":"ListItem","position":1,"name":"Portada","item":"https:\/\/www.anovapeneira.gal\/"},{"@type":"ListItem","position":2,"name":"Beade di non \u00e1 nova estrada"}]},{"@type":"WebSite","@id":"https:\/\/www.anovapeneira.gal\/#website","url":"https:\/\/www.anovapeneira.gal\/","name":"","description":"Xornal galego de informaci\u00f3n xeral Publicaci\u00f3n mensual de novas de Galicia e en especial dos Concellos da sur da provincia de Pontevedra.","publisher":{"@id":"https:\/\/www.anovapeneira.gal\/#organization"},"potentialAction":[{"@type":"SearchAction","target":{"@type":"EntryPoint","urlTemplate":"https:\/\/www.anovapeneira.gal\/?s={search_term_string}"},"query-input":{"@type":"PropertyValueSpecification","valueRequired":true,"valueName":"search_term_string"}}],"inLanguage":"gl-ES"},{"@type":"Organization","@id":"https:\/\/www.anovapeneira.gal\/#organization","name":"A Nova Peneira","url":"https:\/\/www.anovapeneira.gal\/","logo":{"@type":"ImageObject","inLanguage":"gl-ES","@id":"https:\/\/www.anovapeneira.gal\/#\/schema\/logo\/image\/","url":"http:\/\/www.anovapeneira.gal\/wp-content\/uploads\/2019\/06\/logo_a_nova_peneira_portal_web.png","contentUrl":"http:\/\/www.anovapeneira.gal\/wp-content\/uploads\/2019\/06\/logo_a_nova_peneira_portal_web.png","width":300,"height":100,"caption":"A Nova Peneira"},"image":{"@id":"https:\/\/www.anovapeneira.gal\/#\/schema\/logo\/image\/"},"sameAs":["https:\/\/www.facebook.com\/anovapeneira","https:\/\/x.com\/APeneira"]},{"@type":"Person","@id":"https:\/\/www.anovapeneira.gal\/#\/schema\/person\/b93e3f8932e3f8da96334607eb6ac6aa","name":"Redacci\u00f3n A Nova Peneira","image":{"@type":"ImageObject","inLanguage":"gl-ES","@id":"https:\/\/secure.gravatar.com\/avatar\/c052a2551a06e23fac63626232eaa90abd78dbcf1700fc46a2b2c89fd27b735f?s=96&d=mm&r=g","url":"https:\/\/secure.gravatar.com\/avatar\/c052a2551a06e23fac63626232eaa90abd78dbcf1700fc46a2b2c89fd27b735f?s=96&d=mm&r=g","contentUrl":"https:\/\/secure.gravatar.com\/avatar\/c052a2551a06e23fac63626232eaa90abd78dbcf1700fc46a2b2c89fd27b735f?s=96&d=mm&r=g","caption":"Redacci\u00f3n A Nova Peneira"},"sameAs":["http:\/\/www.anovapeneira.gal\/"],"url":"https:\/\/www.anovapeneira.gal\/index.php\/author\/redactor\/"}]}},"jetpack_featured_media_url":"https:\/\/www.anovapeneira.gal\/wp-content\/uploads\/2022\/01\/non_vial_beade_vigo.jpg","_links":{"self":[{"href":"https:\/\/www.anovapeneira.gal\/index.php\/wp-json\/wp\/v2\/posts\/6745","targetHints":{"allow":["GET"]}}],"collection":[{"href":"https:\/\/www.anovapeneira.gal\/index.php\/wp-json\/wp\/v2\/posts"}],"about":[{"href":"https:\/\/www.anovapeneira.gal\/index.php\/wp-json\/wp\/v2\/types\/post"}],"author":[{"embeddable":true,"href":"https:\/\/www.anovapeneira.gal\/index.php\/wp-json\/wp\/v2\/users\/3"}],"replies":[{"embeddable":true,"href":"https:\/\/www.anovapeneira.gal\/index.php\/wp-json\/wp\/v2\/comments?post=6745"}],"version-history":[{"count":1,"href":"https:\/\/www.anovapeneira.gal\/index.php\/wp-json\/wp\/v2\/posts\/6745\/revisions"}],"predecessor-version":[{"id":6747,"href":"https:\/\/www.anovapeneira.gal\/index.php\/wp-json\/wp\/v2\/posts\/6745\/revisions\/6747"}],"wp:featuredmedia":[{"embeddable":true,"href":"https:\/\/www.anovapeneira.gal\/index.php\/wp-json\/wp\/v2\/media\/6746"}],"wp:attachment":[{"href":"https:\/\/www.anovapeneira.gal\/index.php\/wp-json\/wp\/v2\/media?parent=6745"}],"wp:term":[{"taxonomy":"category","embeddable":true,"href":"https:\/\/www.anovapeneira.gal\/index.php\/wp-json\/wp\/v2\/categories?post=6745"},{"taxonomy":"post_tag","embeddable":true,"href":"https:\/\/www.anovapeneira.gal\/index.php\/wp-json\/wp\/v2\/tags?post=6745"}],"curies":[{"name":"wp","href":"https:\/\/api.w.org\/{rel}","templated":true}]}}