{"id":6754,"date":"2022-01-13T12:00:50","date_gmt":"2022-01-13T11:00:50","guid":{"rendered":"https:\/\/www.anovapeneira.gal\/?p=6754"},"modified":"2022-01-11T16:33:33","modified_gmt":"2022-01-11T15:33:33","slug":"ruben-perez-concelleiro-da-marea-de-vigo","status":"publish","type":"post","link":"https:\/\/www.anovapeneira.gal\/index.php\/2022\/01\/13\/ruben-perez-concelleiro-da-marea-de-vigo\/","title":{"rendered":"Rub\u00e9n P\u00e9rez Concelleiro da Marea de Vigo"},"content":{"rendered":"\n<p><strong>Rub\u00e9n \u00e9 concelleiro da marea de Vigo e hai uns meses ven de ser nomeado responsable estatal de pol\u00edtica municipal en Izquierda Unida, a organizaci\u00f3n pol\u00edtica na que milita. N\u00f3s tivemos unha ampla conversa pol\u00edtica con el sobre todo tipo de temas. Vela\u00ed vai<\/strong><\/p>\n\n\n\n<h2 class=\"wp-block-heading\">\u201c<strong>O concello de Vigo compra as opini\u00f3ns favorables dos medios de comunicaci\u00f3n\u201d<\/strong><\/h2>\n\n\n\n<p><strong>Non hai moito ves de ser nomeado responsable estatal de pol\u00edtica municipal de Esquerda Unida, en que consiste esa responsabilidade?<\/strong><\/p>\n\n\n\n<blockquote class=\"wp-block-quote is-layout-flow wp-block-quote-is-layout-flow\"><p>N\u00f3s a nivel estatal somos a terceira forza a nivel municipal e nalg\u00fan sitio, como Asturias, somos a segunda por diante do PP. Temos case 200 alcaldes e alcaldesas e arredor de 2.000 concelleiros e concelleiras o que obriga a un traballo de xesti\u00f3n e coordinaci\u00f3n moi importante.<\/p><\/blockquote>\n\n\n\n<p><strong>Podes estar fisicamente en Vigo?<\/strong><\/p>\n\n\n\n<blockquote class=\"wp-block-quote is-layout-flow wp-block-quote-is-layout-flow\"><p>Si. Te\u00f1o que ir a Madrid regularmente pero podo desenvolver o meu traballo de maneira telem\u00e1tica.<\/p><\/blockquote>\n\n\n\n<p><strong>O cargo \u00e9 remunerado?<\/strong><\/p>\n\n\n\n<blockquote class=\"wp-block-quote is-layout-flow wp-block-quote-is-layout-flow\"><p>Non, \u00e9 sen salario, s\u00f3 me cotizan as horas que me faltan para chegar \u00e1s 40 horas semanais.<\/p><\/blockquote>\n\n\n\n<p><strong>G\u00fastache o que fas?<\/strong><\/p>\n\n\n\n<blockquote class=\"wp-block-quote is-layout-flow wp-block-quote-is-layout-flow\"><p>Moito. Penso que o municipalismo \u00e9 a cerna da pol\u00edtica de esquerdas e quen non o entenda as\u00ed e o abandone non o est\u00e1 a facer ben. Hai zonas de Europa nas que as\u00ed o practican como Croacia, B\u00e9lxica ou Austria e a esquerda alternativa est\u00e1 a ter moi bos resultados en cidades importantes<\/p><\/blockquote>\n\n\n\n<p><strong>Ti estabas na anterior direcci\u00f3n de Esquerda Unida con Eva Solla. Ela volveu asumir a responsabilidade ga\u00f1ando unhas primarias a Jorge Su\u00e1rez, e ti non estabas en ningunhas das d\u00faas candidaturas; por que?<\/strong><\/p>\n\n\n\n<blockquote class=\"wp-block-quote is-layout-flow wp-block-quote-is-layout-flow\"><p>Eu levo xa moito tempo nos procesos de negociaci\u00f3ns e de elaboraci\u00f3n pol\u00edtica, case desde o nacemento de AGE, e ti\u00f1a claro que era preciso buscar un relevo<\/p><\/blockquote>\n\n\n\n<p><strong>Non se tratou ent\u00f3n de ning\u00fan tipo de discrepancia pol\u00edtica con Eva Solla?<\/strong><\/p>\n\n\n\n<blockquote class=\"wp-block-quote is-layout-flow wp-block-quote-is-layout-flow\"><p>Non, en ning\u00fan caso, nin con Eva nin con Jorge. A decisi\u00f3n xa a ti\u00f1a tomada desde hai moito tempo<\/p><\/blockquote>\n\n\n\n<p><strong>Antes falabas da importancia do municipalismo por\u00e9n no pa\u00eds galego o espazo pol\u00edtico do que ti formas parte ten unha presenza moi escasa na maior\u00eda dos seus concellos?<\/strong><\/p>\n\n\n\n<blockquote class=\"wp-block-quote is-layout-flow wp-block-quote-is-layout-flow\"><p>No conxunto de Europa \u00e1 esquerda alternativa ten unha implantaci\u00f3n importante nas cidades e municipios grandes, pero temos un problema no mundo rural , si \u00e9 certo. Pero ben, tam\u00e9n te\u00f1o que dicir que case o 70% da poboaci\u00f3n galega vive en \u00e1reas urbanas ou metropolitanas e al\u00ed \u00e9 onde si temos implantaci\u00f3n. N\u00f3s si que temos implantaci\u00f3n en Galicia, temos concelleiros e concelleiras nas \u00e1reas onde vive o 80% da poboaci\u00f3n galega<\/p><\/blockquote>\n\n\n\n<p><strong>Rub\u00e9n, nas \u00faltimas elecci\u00f3ns auton\u00f3micas quitastes 60.000 votos<\/strong><\/p>\n\n\n\n<blockquote class=\"wp-block-quote is-layout-flow wp-block-quote-is-layout-flow\"><p>Xa, pero esas elecci\u00f3ns foron a plasmaci\u00f3n de todo o que se fixo mal. Se collemos as medias dos distintos procesos, non s\u00f3 ese, si que temos unha implantaci\u00f3n moi potente<\/p><\/blockquote>\n\n\n\n<p><strong>Na nosa \u00e1rea de influencia un dos poucos concellos nos que si tedes estrutura e corpo militante \u00e9 O Porri\u00f1o. Esta localidade ven de vivir un proceso pol\u00edtico complexo que rematou d\u00e1ndolle a alcald\u00eda ao PP. Ti, nas t\u00faas redes sociais, fuches dur\u00edsimo cos teus compa\u00f1eiros e compa\u00f1eiras do Porri\u00f1o. Empregaches o adxectivo \u201c infame\u201d. Mantelo?<\/strong><\/p>\n\n\n\n<blockquote class=\"wp-block-quote is-layout-flow wp-block-quote-is-layout-flow\"><p>Hai un alcalde do PP por unha irresponsabilidade colectiva da esquerda, empezando por Esquerda Unida. Mante\u00f1o totalmente a mi\u00f1a opini\u00f3n.<\/p><\/blockquote>\n\n\n\n<p><strong>Pero ent\u00f3n que sa\u00edda lle ves ao voso espazo no Porri\u00f1o?<\/strong><\/p>\n\n\n\n<blockquote class=\"wp-block-quote is-layout-flow wp-block-quote-is-layout-flow\"><p>A organizaci\u00f3n local de Esquerda Unida auto inmolouse .Hai que reconstru\u00edr unha candidatura que responda \u00e1s expectativas.<\/p><\/blockquote>\n\n\n\n<p><strong>Que vai pasar en Cangas?<\/strong><\/p>\n\n\n\n<blockquote class=\"wp-block-quote is-layout-flow wp-block-quote-is-layout-flow\"><p>Comet\u00e9ronse erros graves como o tema de arrasar as dunas ou non ir \u00e1s subvenci\u00f3ns da DEP no plan Concellos. Creo que hai que darlle unha volta ao modelo de goberno que temos nese concello<\/p><\/blockquote>\n\n\n\n<p><strong>En vida de Pazos as d\u00faas partes de ACE ti\u00f1ades d\u00faas actas cada unha .Cando o alcalde morre tedes unhas negociaci\u00f3ns moi duras v\u00f3s e o grupo de Mariano Abalo e o resultado \u00e9 que eles pasan a ter 3 concelleiros e v\u00f3s 1 soa. Sent\u00eddevos enganados por Mariano Abalo?<\/strong><\/p>\n\n\n\n<blockquote class=\"wp-block-quote is-layout-flow wp-block-quote-is-layout-flow\"><p>Eu o que digo \u00e9 que os acordos pol\u00edticos sempre deben de ser reflectidos por escrito<\/p><\/blockquote>\n\n\n\n<p><strong>Pero Esquerda Unida s\u00e9ntese enganada por Mariano Abalo?<\/strong><\/p>\n\n\n\n<blockquote class=\"wp-block-quote is-layout-flow wp-block-quote-is-layout-flow\"><p>Desco\u00f1ezo se fomos ou non enganados.<\/p><\/blockquote>\n\n\n\n<p><strong>Ben falemos do teu concello. C\u00f3ntanos \u00e1 actividade pol\u00edtica m\u00e1is significativa da Marea de Vigo no momento actual?<\/strong><\/p>\n\n\n\n<blockquote class=\"wp-block-quote is-layout-flow wp-block-quote-is-layout-flow\"><p>Agora mesmo estamos nun debate importante sobre o Plan Xeral e o urbanismo. Hai unha desafecci\u00f3n importante da veci\u00f1anza sobre este tema tan relevante, e en grande medida , como alertamos n\u00f3s, colectivos afectados est\u00e1n co\u00f1ecendo o resultado do plan, no que a eles lles atinxe, pola v\u00eda dos feitos consumados. En calquera caso \u00e9 un mandato moi mediatizado polo contexto pand\u00e9mico que dificulta abordar outros temas moi significativos para a cidade como as cuesti\u00f3ns tributarias ou o medio ambiente .Realmente os concellos nunca tiveron tantos cartos para facer cousas, por exemplo o noso vai superar os 360 mill\u00f3ns de \u20ac de orzamento pero carece de capacidade administrativa para xestionalos<\/p><\/blockquote>\n\n\n\n<p><strong>En relaci\u00f3n \u00e1 cuesti\u00f3n Covid, Vigo \u00e9 a \u00e1rea sanitaria que ten o un n\u00famero de contaxios m\u00e1is elevado de Galicia, de feito est\u00e1n disparados. Ao teu xu\u00edzo ten algo que ver coas concentraci\u00f3ns de persoas que se achegan ao centro a ver as luces de Nadal?<\/strong><\/p>\n\n\n\n<blockquote class=\"wp-block-quote is-layout-flow wp-block-quote-is-layout-flow\"><p>Non, eu creo que non. O n\u00famero de contaxios tan elevado resulta da natureza da nosa cidade, a m\u00e1is grande de Galicia, e dos altos fluxos de viaxeiros que recibe. Asemade vexo elevados niveis de irresponsabilidade colectiva<\/p><\/blockquote>\n\n\n\n<p><strong>Cal \u00e9 a t\u00faa opini\u00f3n sobre a pol\u00edtica do goberno local de encher Vigo de luces nestas datas?<\/strong><\/p>\n\n\n\n<blockquote class=\"wp-block-quote is-layout-flow wp-block-quote-is-layout-flow\"><p>As luces non son o problema, van seguir existindo cando Abel non estea. As luces supo\u00f1en menos do 50% do gasto de Nadal. O problema de Vigo \u00e9 que hai unha serie de gastos desmedidos asociados ao Nadal, entre eles m\u00e1is de 500.000\u20ac a medios de comunicaci\u00f3n non para que falen do Nadal, sen\u00f3n para que falen do alcalde, o baile do alcalde, a chocolatada, a cabalgata, a Noria&#8230;.O Nadal de Vigo \u00e9 un chiringuito de amiguetes<\/p><\/blockquote>\n\n\n\n<p><strong>Ti cres que o Concello de Vigo compra as opini\u00f3ns favorables de medios de comunicaci\u00f3n?<\/strong><\/p>\n\n\n\n<blockquote class=\"wp-block-quote is-layout-flow wp-block-quote-is-layout-flow\"><p>Rotundamente si. Eu te\u00f1o claro que todos os recursos econ\u00f3micos que desde concello se entregan aos medios facilitan a ocultaci\u00f3n da oposici\u00f3n. E o peor de todo \u00e9 que hai xornalistas dispostos a xogar nesa liga que deriva recursos p\u00fablicos a medios de comunicaci\u00f3n para condicionar a li\u00f1a editorial<\/p><\/blockquote>\n\n\n\n<p><strong>A responsabilidade do caso enchufe remata no funcionario condenado?<\/strong><\/p>\n\n\n\n<blockquote class=\"wp-block-quote is-layout-flow wp-block-quote-is-layout-flow\"><p>Non claro que non. A responsabilidade pol\u00edtica desde logo que non. O pleno extraordinario foi infame e creo que non vai haber ning\u00fan tipo de explicaci\u00f3n. O m\u00e1is preocupante \u00e9 que creemos que hai toda unha trama organizada que favorece \u00e1 contrataci\u00f3n, v\u00eda directa no Concello ou indirectamente nas concesionarias<\/p><\/blockquote>\n\n\n\n<p><strong>As oposici\u00f3ns \u00e1 polic\u00eda local ir\u00edan, supostamente, nesa li\u00f1a que mencionas?<\/strong><\/p>\n\n\n\n<blockquote class=\"wp-block-quote is-layout-flow wp-block-quote-is-layout-flow\"><p>Hai anos que se acordou sacar aos partidos dos tribunais das oposici\u00f3ns \u00e1 polic\u00eda. Esta \u00e9 una cuesti\u00f3n interna da propia polic\u00eda e xa me gustar\u00eda a min que o goberno local tivera a capacidade de meterse al\u00ed<\/p><\/blockquote>\n\n\n\n<p><strong>Cal \u00e9 a posici\u00f3n da Marea de Vigo en relaci\u00f3n coa nova estrada proxectada en Beade, Bembrive e Castrelos?<\/strong><\/p>\n\n\n\n<blockquote class=\"wp-block-quote is-layout-flow wp-block-quote-is-layout-flow\"><p>N\u00f3s sempre dixemos que os viais no planeamento ti\u00f1an que estar xustificados. Para n\u00f3s col\u00f3canse viais en plano cunha intencionalidade clara de axudar a determinadas empresas. Este vial \u00e9 unha ampliaci\u00f3n da PO010, sen ning\u00fan estudo t\u00e9cnico nin motivaci\u00f3n. Unha improvisaci\u00f3n sen ning\u00fan tipo de explicaci\u00f3n<\/p><\/blockquote>\n\n\n\n<p><strong>Recentemente co\u00f1ecemos o peche da atenci\u00f3n primaria en 14 centros de sa\u00fade da \u00e1rea sanitaria para todo aquelo que non sexa COVID ou urxencias, dos que se non me falla a memoria 6 son da nosa cidade. O Concello fai todo o que estea na s\u00faa man para loitar contra esta situaci\u00f3n?<\/strong><\/p>\n\n\n\n<blockquote class=\"wp-block-quote is-layout-flow wp-block-quote-is-layout-flow\"><p>Creo que o goberno local pode facer algo m\u00e1is que un mero comunicado. O propio Abel Caballero deber\u00eda de dirixirse ao conselleiro, apoiar de maneira expl\u00edcita a posici\u00f3n dos sanitarios que son belixerantes contra esta decisi\u00f3n<\/p><\/blockquote>\n\n\n\n<p><strong>Vulcano e Barreras te\u00f1en soluci\u00f3n?<\/strong><\/p>\n\n\n\n<blockquote class=\"wp-block-quote is-layout-flow wp-block-quote-is-layout-flow\"><p>Si, deben de pasar a ser estaleiros p\u00fablicos<\/p><\/blockquote>\n\n\n\n<p><strong>Cal \u00e9 o futuro da Marea de Vigo?<\/strong><\/p>\n\n\n\n<blockquote class=\"wp-block-quote is-layout-flow wp-block-quote-is-layout-flow\"><p>Eu creo que a nosa funci\u00f3n debe de ser a mesma. Ser sempre superada por elevaci\u00f3n. \u00c9 dicir, sumar m\u00e1is xente tendo claro que este \u00e9 un espazo estritamente municipalista e de \u00e1mbito local vigu\u00e9s.<\/p><\/blockquote>\n\n\n\n<p><strong>O l\u00edder estatal de IU e ministro de consumo veuse envolto nunha importante pol\u00e9mica por unhas declaraci\u00f3ns sobre a carne. Cal \u00e9 a t\u00faa opini\u00f3n?<\/strong><\/p>\n\n\n\n<blockquote class=\"wp-block-quote is-layout-flow wp-block-quote-is-layout-flow\"><p>Estou totalmente de acordo con Garz\u00f3n. \u00c9 m\u00e1is eu esixir\u00eda responsabilidade ao PSOE que asina moci\u00f3ns con n\u00f3s contra as macro granxas, por exemplo en Albacete, e logo di que Garz\u00f3n fala a t\u00edtulo persoal. Non, el fala como ministro<\/p><\/blockquote>\n\n\n\n<p><strong>Os \u00faltimos datos da evoluci\u00f3n do desemprego no estado, son bos. Son consecuencia directa das pol\u00edticas do ministerio de traballo de Yolanda D\u00edaz?<\/strong><\/p>\n\n\n\n<blockquote class=\"wp-block-quote is-layout-flow wp-block-quote-is-layout-flow\"><p>Si.<\/p><\/blockquote>\n\n\n\n<p><strong>En concreto de cales?<\/strong><\/p>\n\n\n\n<blockquote class=\"wp-block-quote is-layout-flow wp-block-quote-is-layout-flow\"><p>O impacto sobre o consumo do conxunto das familias que tivo a suba do SMI. Automaticamente sobe o poder adquisitivo, aumenta o consumo e cr\u00e9ase unha actividade econ\u00f3mica que posibilita a creaci\u00f3n de emprego. Sen embargo preoc\u00fapame moito o descenso do emprego industrial un emprego de calidade, substitu\u00eddo por un emprego no sector servizos que non \u00e9 tan bo.<\/p><\/blockquote>\n\n\n\n<p><strong>Rematamos Rub\u00e9n, o teu futuro pol\u00edtico?<\/strong><\/p>\n\n\n\n<blockquote class=\"wp-block-quote is-layout-flow wp-block-quote-is-layout-flow\"><p>Eu vou cumprir as mi\u00f1as responsabilidades tanto no Concello como en Izquierda Unida e logo xa veremos. Eu estou moi ben e conservo todas as ilusi\u00f3ns e todo o meu \u00e1nimo<\/p><\/blockquote>\n","protected":false},"excerpt":{"rendered":"<div class=\"mh-excerpt\"><p>Rub\u00e9n \u00e9 concelleiro da marea de Vigo e hai uns meses ven de ser nomeado responsable estatal de pol\u00edtica municipal en Izquierda Unida, a organizaci\u00f3n pol\u00edtica na que milita. N\u00f3s tivemos unha ampla conversa pol\u00edtica con el sobre todo tipo de temas. Vela\u00ed vai <a class=\"mh-excerpt-more\" href=\"https:\/\/www.anovapeneira.gal\/index.php\/2022\/01\/13\/ruben-perez-concelleiro-da-marea-de-vigo\/\" title=\"Rub\u00e9n P\u00e9rez Concelleiro da Marea de Vigo\">[&#8230;]<\/a><\/p>\n<\/div>","protected":false},"author":3,"featured_media":6756,"comment_status":"open","ping_status":"open","sticky":false,"template":"","format":"standard","meta":{"_exactmetrics_skip_tracking":false,"_exactmetrics_sitenote_active":false,"_exactmetrics_sitenote_note":"","_exactmetrics_sitenote_category":0,"footnotes":""},"categories":[272],"tags":[227],"class_list":{"0":"post-6754","1":"post","2":"type-post","3":"status-publish","4":"format-standard","5":"has-post-thumbnail","7":"category-vigo-entrevistas","8":"tag-concello-de-vigo"},"yoast_head":"<!-- This site is optimized with the Yoast SEO plugin v27.4 - https:\/\/yoast.com\/product\/yoast-seo-wordpress\/ -->\n<title>Rub\u00e9n P\u00e9rez Concelleiro da Marea de Vigo -<\/title>\n<meta name=\"description\" content=\"Rub\u00e9n \u00e9 concelleiro da marea de Vigo e hai uns meses ven de ser nomeado responsable estatal de pol\u00edtica municipal en Izquierda Unida, a organizaci\u00f3n pol\u00edtica na que milita. N\u00f3s tivemos unha ampla conversa pol\u00edtica con el sobre todo tipo de temas. Vela\u00ed vai\" \/>\n<meta name=\"robots\" content=\"index, follow, max-snippet:-1, max-image-preview:large, max-video-preview:-1\" \/>\n<link rel=\"canonical\" href=\"https:\/\/www.anovapeneira.gal\/index.php\/2022\/01\/13\/ruben-perez-concelleiro-da-marea-de-vigo\/\" \/>\n<meta property=\"og:locale\" content=\"gl_ES\" \/>\n<meta property=\"og:type\" content=\"article\" \/>\n<meta property=\"og:title\" content=\"Rub\u00e9n P\u00e9rez Concelleiro da Marea de Vigo -\" \/>\n<meta property=\"og:description\" content=\"Rub\u00e9n \u00e9 concelleiro da marea de Vigo e hai uns meses ven de ser nomeado responsable estatal de pol\u00edtica municipal en Izquierda Unida, a organizaci\u00f3n pol\u00edtica na que milita. N\u00f3s tivemos unha ampla conversa pol\u00edtica con el sobre todo tipo de temas. Vela\u00ed vai\" \/>\n<meta property=\"og:url\" content=\"https:\/\/www.anovapeneira.gal\/index.php\/2022\/01\/13\/ruben-perez-concelleiro-da-marea-de-vigo\/\" \/>\n<meta property=\"article:publisher\" content=\"https:\/\/www.facebook.com\/anovapeneira\" \/>\n<meta property=\"article:published_time\" content=\"2022-01-13T11:00:50+00:00\" \/>\n<meta property=\"og:image\" content=\"https:\/\/www.anovapeneira.gal\/wp-content\/uploads\/2022\/01\/ruben_marea_vigo.jpg\" \/>\n\t<meta property=\"og:image:width\" content=\"720\" \/>\n\t<meta property=\"og:image:height\" content=\"432\" \/>\n\t<meta property=\"og:image:type\" content=\"image\/jpeg\" \/>\n<meta name=\"author\" content=\"Redacci\u00f3n A Nova Peneira\" \/>\n<meta name=\"twitter:card\" content=\"summary_large_image\" \/>\n<meta name=\"twitter:creator\" content=\"@APeneira\" \/>\n<meta name=\"twitter:site\" content=\"@APeneira\" \/>\n<meta name=\"twitter:label1\" content=\"Escrito por\" \/>\n\t<meta name=\"twitter:data1\" content=\"Redacci\u00f3n A Nova Peneira\" \/>\n\t<meta name=\"twitter:label2\" content=\"Tempo de lectura\" \/>\n\t<meta name=\"twitter:data2\" content=\"9 minutos\" \/>\n<script type=\"application\/ld+json\" class=\"yoast-schema-graph\">{\"@context\":\"https:\\\/\\\/schema.org\",\"@graph\":[{\"@type\":\"Article\",\"@id\":\"https:\\\/\\\/www.anovapeneira.gal\\\/index.php\\\/2022\\\/01\\\/13\\\/ruben-perez-concelleiro-da-marea-de-vigo\\\/#article\",\"isPartOf\":{\"@id\":\"https:\\\/\\\/www.anovapeneira.gal\\\/index.php\\\/2022\\\/01\\\/13\\\/ruben-perez-concelleiro-da-marea-de-vigo\\\/\"},\"author\":{\"name\":\"Redacci\u00f3n A Nova Peneira\",\"@id\":\"https:\\\/\\\/www.anovapeneira.gal\\\/#\\\/schema\\\/person\\\/b93e3f8932e3f8da96334607eb6ac6aa\"},\"headline\":\"Rub\u00e9n P\u00e9rez Concelleiro da Marea de Vigo\",\"datePublished\":\"2022-01-13T11:00:50+00:00\",\"mainEntityOfPage\":{\"@id\":\"https:\\\/\\\/www.anovapeneira.gal\\\/index.php\\\/2022\\\/01\\\/13\\\/ruben-perez-concelleiro-da-marea-de-vigo\\\/\"},\"wordCount\":1707,\"commentCount\":0,\"publisher\":{\"@id\":\"https:\\\/\\\/www.anovapeneira.gal\\\/#organization\"},\"image\":{\"@id\":\"https:\\\/\\\/www.anovapeneira.gal\\\/index.php\\\/2022\\\/01\\\/13\\\/ruben-perez-concelleiro-da-marea-de-vigo\\\/#primaryimage\"},\"thumbnailUrl\":\"https:\\\/\\\/www.anovapeneira.gal\\\/wp-content\\\/uploads\\\/2022\\\/01\\\/ruben_marea_vigo.jpg\",\"keywords\":[\"Concello de Vigo\"],\"articleSection\":[\"Vigo\"],\"inLanguage\":\"gl-ES\",\"potentialAction\":[{\"@type\":\"CommentAction\",\"name\":\"Comment\",\"target\":[\"https:\\\/\\\/www.anovapeneira.gal\\\/index.php\\\/2022\\\/01\\\/13\\\/ruben-perez-concelleiro-da-marea-de-vigo\\\/#respond\"]}]},{\"@type\":\"WebPage\",\"@id\":\"https:\\\/\\\/www.anovapeneira.gal\\\/index.php\\\/2022\\\/01\\\/13\\\/ruben-perez-concelleiro-da-marea-de-vigo\\\/\",\"url\":\"https:\\\/\\\/www.anovapeneira.gal\\\/index.php\\\/2022\\\/01\\\/13\\\/ruben-perez-concelleiro-da-marea-de-vigo\\\/\",\"name\":\"Rub\u00e9n P\u00e9rez Concelleiro da Marea de Vigo -\",\"isPartOf\":{\"@id\":\"https:\\\/\\\/www.anovapeneira.gal\\\/#website\"},\"primaryImageOfPage\":{\"@id\":\"https:\\\/\\\/www.anovapeneira.gal\\\/index.php\\\/2022\\\/01\\\/13\\\/ruben-perez-concelleiro-da-marea-de-vigo\\\/#primaryimage\"},\"image\":{\"@id\":\"https:\\\/\\\/www.anovapeneira.gal\\\/index.php\\\/2022\\\/01\\\/13\\\/ruben-perez-concelleiro-da-marea-de-vigo\\\/#primaryimage\"},\"thumbnailUrl\":\"https:\\\/\\\/www.anovapeneira.gal\\\/wp-content\\\/uploads\\\/2022\\\/01\\\/ruben_marea_vigo.jpg\",\"datePublished\":\"2022-01-13T11:00:50+00:00\",\"description\":\"Rub\u00e9n \u00e9 concelleiro da marea de Vigo e hai uns meses ven de ser nomeado responsable estatal de pol\u00edtica municipal en Izquierda Unida, a organizaci\u00f3n pol\u00edtica na que milita. N\u00f3s tivemos unha ampla conversa pol\u00edtica con el sobre todo tipo de temas. Vela\u00ed vai\",\"breadcrumb\":{\"@id\":\"https:\\\/\\\/www.anovapeneira.gal\\\/index.php\\\/2022\\\/01\\\/13\\\/ruben-perez-concelleiro-da-marea-de-vigo\\\/#breadcrumb\"},\"inLanguage\":\"gl-ES\",\"potentialAction\":[{\"@type\":\"ReadAction\",\"target\":[\"https:\\\/\\\/www.anovapeneira.gal\\\/index.php\\\/2022\\\/01\\\/13\\\/ruben-perez-concelleiro-da-marea-de-vigo\\\/\"]}]},{\"@type\":\"ImageObject\",\"inLanguage\":\"gl-ES\",\"@id\":\"https:\\\/\\\/www.anovapeneira.gal\\\/index.php\\\/2022\\\/01\\\/13\\\/ruben-perez-concelleiro-da-marea-de-vigo\\\/#primaryimage\",\"url\":\"https:\\\/\\\/www.anovapeneira.gal\\\/wp-content\\\/uploads\\\/2022\\\/01\\\/ruben_marea_vigo.jpg\",\"contentUrl\":\"https:\\\/\\\/www.anovapeneira.gal\\\/wp-content\\\/uploads\\\/2022\\\/01\\\/ruben_marea_vigo.jpg\",\"width\":720,\"height\":432,\"caption\":\"Rub\u00e9n P\u00e9rez Concelleiro da Marea de Vigo\"},{\"@type\":\"BreadcrumbList\",\"@id\":\"https:\\\/\\\/www.anovapeneira.gal\\\/index.php\\\/2022\\\/01\\\/13\\\/ruben-perez-concelleiro-da-marea-de-vigo\\\/#breadcrumb\",\"itemListElement\":[{\"@type\":\"ListItem\",\"position\":1,\"name\":\"Portada\",\"item\":\"https:\\\/\\\/www.anovapeneira.gal\\\/\"},{\"@type\":\"ListItem\",\"position\":2,\"name\":\"Rub\u00e9n P\u00e9rez Concelleiro da Marea de Vigo\"}]},{\"@type\":\"WebSite\",\"@id\":\"https:\\\/\\\/www.anovapeneira.gal\\\/#website\",\"url\":\"https:\\\/\\\/www.anovapeneira.gal\\\/\",\"name\":\"\",\"description\":\"Xornal galego de informaci\u00f3n xeral Publicaci\u00f3n mensual de novas de Galicia e en especial dos Concellos da sur da provincia de Pontevedra.\",\"publisher\":{\"@id\":\"https:\\\/\\\/www.anovapeneira.gal\\\/#organization\"},\"potentialAction\":[{\"@type\":\"SearchAction\",\"target\":{\"@type\":\"EntryPoint\",\"urlTemplate\":\"https:\\\/\\\/www.anovapeneira.gal\\\/?s={search_term_string}\"},\"query-input\":{\"@type\":\"PropertyValueSpecification\",\"valueRequired\":true,\"valueName\":\"search_term_string\"}}],\"inLanguage\":\"gl-ES\"},{\"@type\":\"Organization\",\"@id\":\"https:\\\/\\\/www.anovapeneira.gal\\\/#organization\",\"name\":\"A Nova Peneira\",\"url\":\"https:\\\/\\\/www.anovapeneira.gal\\\/\",\"logo\":{\"@type\":\"ImageObject\",\"inLanguage\":\"gl-ES\",\"@id\":\"https:\\\/\\\/www.anovapeneira.gal\\\/#\\\/schema\\\/logo\\\/image\\\/\",\"url\":\"http:\\\/\\\/www.anovapeneira.gal\\\/wp-content\\\/uploads\\\/2019\\\/06\\\/logo_a_nova_peneira_portal_web.png\",\"contentUrl\":\"http:\\\/\\\/www.anovapeneira.gal\\\/wp-content\\\/uploads\\\/2019\\\/06\\\/logo_a_nova_peneira_portal_web.png\",\"width\":300,\"height\":100,\"caption\":\"A Nova Peneira\"},\"image\":{\"@id\":\"https:\\\/\\\/www.anovapeneira.gal\\\/#\\\/schema\\\/logo\\\/image\\\/\"},\"sameAs\":[\"https:\\\/\\\/www.facebook.com\\\/anovapeneira\",\"https:\\\/\\\/x.com\\\/APeneira\"]},{\"@type\":\"Person\",\"@id\":\"https:\\\/\\\/www.anovapeneira.gal\\\/#\\\/schema\\\/person\\\/b93e3f8932e3f8da96334607eb6ac6aa\",\"name\":\"Redacci\u00f3n A Nova Peneira\",\"image\":{\"@type\":\"ImageObject\",\"inLanguage\":\"gl-ES\",\"@id\":\"https:\\\/\\\/secure.gravatar.com\\\/avatar\\\/c052a2551a06e23fac63626232eaa90abd78dbcf1700fc46a2b2c89fd27b735f?s=96&d=mm&r=g\",\"url\":\"https:\\\/\\\/secure.gravatar.com\\\/avatar\\\/c052a2551a06e23fac63626232eaa90abd78dbcf1700fc46a2b2c89fd27b735f?s=96&d=mm&r=g\",\"contentUrl\":\"https:\\\/\\\/secure.gravatar.com\\\/avatar\\\/c052a2551a06e23fac63626232eaa90abd78dbcf1700fc46a2b2c89fd27b735f?s=96&d=mm&r=g\",\"caption\":\"Redacci\u00f3n A Nova Peneira\"},\"sameAs\":[\"http:\\\/\\\/www.anovapeneira.gal\\\/\"],\"url\":\"https:\\\/\\\/www.anovapeneira.gal\\\/index.php\\\/author\\\/redactor\\\/\"}]}<\/script>\n<!-- \/ Yoast SEO plugin. -->","yoast_head_json":{"title":"Rub\u00e9n P\u00e9rez Concelleiro da Marea de Vigo -","description":"Rub\u00e9n \u00e9 concelleiro da marea de Vigo e hai uns meses ven de ser nomeado responsable estatal de pol\u00edtica municipal en Izquierda Unida, a organizaci\u00f3n pol\u00edtica na que milita. N\u00f3s tivemos unha ampla conversa pol\u00edtica con el sobre todo tipo de temas. Vela\u00ed vai","robots":{"index":"index","follow":"follow","max-snippet":"max-snippet:-1","max-image-preview":"max-image-preview:large","max-video-preview":"max-video-preview:-1"},"canonical":"https:\/\/www.anovapeneira.gal\/index.php\/2022\/01\/13\/ruben-perez-concelleiro-da-marea-de-vigo\/","og_locale":"gl_ES","og_type":"article","og_title":"Rub\u00e9n P\u00e9rez Concelleiro da Marea de Vigo -","og_description":"Rub\u00e9n \u00e9 concelleiro da marea de Vigo e hai uns meses ven de ser nomeado responsable estatal de pol\u00edtica municipal en Izquierda Unida, a organizaci\u00f3n pol\u00edtica na que milita. N\u00f3s tivemos unha ampla conversa pol\u00edtica con el sobre todo tipo de temas. Vela\u00ed vai","og_url":"https:\/\/www.anovapeneira.gal\/index.php\/2022\/01\/13\/ruben-perez-concelleiro-da-marea-de-vigo\/","article_publisher":"https:\/\/www.facebook.com\/anovapeneira","article_published_time":"2022-01-13T11:00:50+00:00","og_image":[{"width":720,"height":432,"url":"https:\/\/www.anovapeneira.gal\/wp-content\/uploads\/2022\/01\/ruben_marea_vigo.jpg","type":"image\/jpeg"}],"author":"Redacci\u00f3n A Nova Peneira","twitter_card":"summary_large_image","twitter_creator":"@APeneira","twitter_site":"@APeneira","twitter_misc":{"Escrito por":"Redacci\u00f3n A Nova Peneira","Tempo de lectura":"9 minutos"},"schema":{"@context":"https:\/\/schema.org","@graph":[{"@type":"Article","@id":"https:\/\/www.anovapeneira.gal\/index.php\/2022\/01\/13\/ruben-perez-concelleiro-da-marea-de-vigo\/#article","isPartOf":{"@id":"https:\/\/www.anovapeneira.gal\/index.php\/2022\/01\/13\/ruben-perez-concelleiro-da-marea-de-vigo\/"},"author":{"name":"Redacci\u00f3n A Nova Peneira","@id":"https:\/\/www.anovapeneira.gal\/#\/schema\/person\/b93e3f8932e3f8da96334607eb6ac6aa"},"headline":"Rub\u00e9n P\u00e9rez Concelleiro da Marea de Vigo","datePublished":"2022-01-13T11:00:50+00:00","mainEntityOfPage":{"@id":"https:\/\/www.anovapeneira.gal\/index.php\/2022\/01\/13\/ruben-perez-concelleiro-da-marea-de-vigo\/"},"wordCount":1707,"commentCount":0,"publisher":{"@id":"https:\/\/www.anovapeneira.gal\/#organization"},"image":{"@id":"https:\/\/www.anovapeneira.gal\/index.php\/2022\/01\/13\/ruben-perez-concelleiro-da-marea-de-vigo\/#primaryimage"},"thumbnailUrl":"https:\/\/www.anovapeneira.gal\/wp-content\/uploads\/2022\/01\/ruben_marea_vigo.jpg","keywords":["Concello de Vigo"],"articleSection":["Vigo"],"inLanguage":"gl-ES","potentialAction":[{"@type":"CommentAction","name":"Comment","target":["https:\/\/www.anovapeneira.gal\/index.php\/2022\/01\/13\/ruben-perez-concelleiro-da-marea-de-vigo\/#respond"]}]},{"@type":"WebPage","@id":"https:\/\/www.anovapeneira.gal\/index.php\/2022\/01\/13\/ruben-perez-concelleiro-da-marea-de-vigo\/","url":"https:\/\/www.anovapeneira.gal\/index.php\/2022\/01\/13\/ruben-perez-concelleiro-da-marea-de-vigo\/","name":"Rub\u00e9n P\u00e9rez Concelleiro da Marea de Vigo -","isPartOf":{"@id":"https:\/\/www.anovapeneira.gal\/#website"},"primaryImageOfPage":{"@id":"https:\/\/www.anovapeneira.gal\/index.php\/2022\/01\/13\/ruben-perez-concelleiro-da-marea-de-vigo\/#primaryimage"},"image":{"@id":"https:\/\/www.anovapeneira.gal\/index.php\/2022\/01\/13\/ruben-perez-concelleiro-da-marea-de-vigo\/#primaryimage"},"thumbnailUrl":"https:\/\/www.anovapeneira.gal\/wp-content\/uploads\/2022\/01\/ruben_marea_vigo.jpg","datePublished":"2022-01-13T11:00:50+00:00","description":"Rub\u00e9n \u00e9 concelleiro da marea de Vigo e hai uns meses ven de ser nomeado responsable estatal de pol\u00edtica municipal en Izquierda Unida, a organizaci\u00f3n pol\u00edtica na que milita. N\u00f3s tivemos unha ampla conversa pol\u00edtica con el sobre todo tipo de temas. Vela\u00ed vai","breadcrumb":{"@id":"https:\/\/www.anovapeneira.gal\/index.php\/2022\/01\/13\/ruben-perez-concelleiro-da-marea-de-vigo\/#breadcrumb"},"inLanguage":"gl-ES","potentialAction":[{"@type":"ReadAction","target":["https:\/\/www.anovapeneira.gal\/index.php\/2022\/01\/13\/ruben-perez-concelleiro-da-marea-de-vigo\/"]}]},{"@type":"ImageObject","inLanguage":"gl-ES","@id":"https:\/\/www.anovapeneira.gal\/index.php\/2022\/01\/13\/ruben-perez-concelleiro-da-marea-de-vigo\/#primaryimage","url":"https:\/\/www.anovapeneira.gal\/wp-content\/uploads\/2022\/01\/ruben_marea_vigo.jpg","contentUrl":"https:\/\/www.anovapeneira.gal\/wp-content\/uploads\/2022\/01\/ruben_marea_vigo.jpg","width":720,"height":432,"caption":"Rub\u00e9n P\u00e9rez Concelleiro da Marea de Vigo"},{"@type":"BreadcrumbList","@id":"https:\/\/www.anovapeneira.gal\/index.php\/2022\/01\/13\/ruben-perez-concelleiro-da-marea-de-vigo\/#breadcrumb","itemListElement":[{"@type":"ListItem","position":1,"name":"Portada","item":"https:\/\/www.anovapeneira.gal\/"},{"@type":"ListItem","position":2,"name":"Rub\u00e9n P\u00e9rez Concelleiro da Marea de Vigo"}]},{"@type":"WebSite","@id":"https:\/\/www.anovapeneira.gal\/#website","url":"https:\/\/www.anovapeneira.gal\/","name":"","description":"Xornal galego de informaci\u00f3n xeral Publicaci\u00f3n mensual de novas de Galicia e en especial dos Concellos da sur da provincia de Pontevedra.","publisher":{"@id":"https:\/\/www.anovapeneira.gal\/#organization"},"potentialAction":[{"@type":"SearchAction","target":{"@type":"EntryPoint","urlTemplate":"https:\/\/www.anovapeneira.gal\/?s={search_term_string}"},"query-input":{"@type":"PropertyValueSpecification","valueRequired":true,"valueName":"search_term_string"}}],"inLanguage":"gl-ES"},{"@type":"Organization","@id":"https:\/\/www.anovapeneira.gal\/#organization","name":"A Nova Peneira","url":"https:\/\/www.anovapeneira.gal\/","logo":{"@type":"ImageObject","inLanguage":"gl-ES","@id":"https:\/\/www.anovapeneira.gal\/#\/schema\/logo\/image\/","url":"http:\/\/www.anovapeneira.gal\/wp-content\/uploads\/2019\/06\/logo_a_nova_peneira_portal_web.png","contentUrl":"http:\/\/www.anovapeneira.gal\/wp-content\/uploads\/2019\/06\/logo_a_nova_peneira_portal_web.png","width":300,"height":100,"caption":"A Nova Peneira"},"image":{"@id":"https:\/\/www.anovapeneira.gal\/#\/schema\/logo\/image\/"},"sameAs":["https:\/\/www.facebook.com\/anovapeneira","https:\/\/x.com\/APeneira"]},{"@type":"Person","@id":"https:\/\/www.anovapeneira.gal\/#\/schema\/person\/b93e3f8932e3f8da96334607eb6ac6aa","name":"Redacci\u00f3n A Nova Peneira","image":{"@type":"ImageObject","inLanguage":"gl-ES","@id":"https:\/\/secure.gravatar.com\/avatar\/c052a2551a06e23fac63626232eaa90abd78dbcf1700fc46a2b2c89fd27b735f?s=96&d=mm&r=g","url":"https:\/\/secure.gravatar.com\/avatar\/c052a2551a06e23fac63626232eaa90abd78dbcf1700fc46a2b2c89fd27b735f?s=96&d=mm&r=g","contentUrl":"https:\/\/secure.gravatar.com\/avatar\/c052a2551a06e23fac63626232eaa90abd78dbcf1700fc46a2b2c89fd27b735f?s=96&d=mm&r=g","caption":"Redacci\u00f3n A Nova Peneira"},"sameAs":["http:\/\/www.anovapeneira.gal\/"],"url":"https:\/\/www.anovapeneira.gal\/index.php\/author\/redactor\/"}]}},"jetpack_featured_media_url":"https:\/\/www.anovapeneira.gal\/wp-content\/uploads\/2022\/01\/ruben_marea_vigo.jpg","_links":{"self":[{"href":"https:\/\/www.anovapeneira.gal\/index.php\/wp-json\/wp\/v2\/posts\/6754","targetHints":{"allow":["GET"]}}],"collection":[{"href":"https:\/\/www.anovapeneira.gal\/index.php\/wp-json\/wp\/v2\/posts"}],"about":[{"href":"https:\/\/www.anovapeneira.gal\/index.php\/wp-json\/wp\/v2\/types\/post"}],"author":[{"embeddable":true,"href":"https:\/\/www.anovapeneira.gal\/index.php\/wp-json\/wp\/v2\/users\/3"}],"replies":[{"embeddable":true,"href":"https:\/\/www.anovapeneira.gal\/index.php\/wp-json\/wp\/v2\/comments?post=6754"}],"version-history":[{"count":1,"href":"https:\/\/www.anovapeneira.gal\/index.php\/wp-json\/wp\/v2\/posts\/6754\/revisions"}],"predecessor-version":[{"id":6755,"href":"https:\/\/www.anovapeneira.gal\/index.php\/wp-json\/wp\/v2\/posts\/6754\/revisions\/6755"}],"wp:featuredmedia":[{"embeddable":true,"href":"https:\/\/www.anovapeneira.gal\/index.php\/wp-json\/wp\/v2\/media\/6756"}],"wp:attachment":[{"href":"https:\/\/www.anovapeneira.gal\/index.php\/wp-json\/wp\/v2\/media?parent=6754"}],"wp:term":[{"taxonomy":"category","embeddable":true,"href":"https:\/\/www.anovapeneira.gal\/index.php\/wp-json\/wp\/v2\/categories?post=6754"},{"taxonomy":"post_tag","embeddable":true,"href":"https:\/\/www.anovapeneira.gal\/index.php\/wp-json\/wp\/v2\/tags?post=6754"}],"curies":[{"name":"wp","href":"https:\/\/api.w.org\/{rel}","templated":true}]}}