{"id":6762,"date":"2022-01-14T12:00:22","date_gmt":"2022-01-14T11:00:22","guid":{"rendered":"https:\/\/www.anovapeneira.gal\/?p=6762"},"modified":"2022-01-11T16:48:39","modified_gmt":"2022-01-11T15:48:39","slug":"o-psoe-reclama-que-sexan-os-grupos-politicos-e-os-axentes-sociais-os-que-determinen-a-prioridade-dos-terreos-para-ubicar-o-novo-centro-de-saude","status":"publish","type":"post","link":"https:\/\/www.anovapeneira.gal\/index.php\/2022\/01\/14\/o-psoe-reclama-que-sexan-os-grupos-politicos-e-os-axentes-sociais-os-que-determinen-a-prioridade-dos-terreos-para-ubicar-o-novo-centro-de-saude\/","title":{"rendered":"O PSOE reclama que sexan os grupos pol\u00edticos e os axentes sociais os que determinen a prioridade dos terreos para ubicar o novo centro de sa\u00fade"},"content":{"rendered":"\n<h2 class=\"wp-block-heading\"><strong>Unha vez marcada a orde de prioridade na s\u00faa ubicacion, xa ser\u00e1n os t\u00e9cnicos da Xunta os que far\u00e1n as s\u00faas consideraci\u00f3ns<\/strong><\/h2>\n\n\n\n<p>O ano 2022 comeza cun importante reto para a nosa vila: a construci\u00f3n dun novo centro de sa\u00fade que dar\u00e1 servizo non so a Ponteareas sen\u00f3n a toda a comarca. O PSOE leva moito tempo insistindo na necesidade &nbsp;de solicitar \u00e1 Xunta de Galicia a construci\u00f3n dun novo centro de sa\u00fade e as\u00ed o trasladou ao Pleno Municipal para acadar o consenso das distintas forzas pol\u00edticas en varias ocasi\u00f3ns.<\/p>\n\n\n\n<p>Tras varias reuni\u00f3ns mantidas entre o PSOE ponteare\u00e1n e o BNG local, acordouse convocar a todos os grupos pol\u00edticos para acadar un acordo sobre os terreos que ten que po\u00f1er o Concello a disposici\u00f3n da Xunta de Galicia para poder constru\u00edr o novo centro de sa\u00fade.<\/p>\n\n\n\n<p>As\u00ed o pasado luns, \u00e1s 09:45 horas levouse a cabo no sal\u00f3n de plenos unha reuni\u00f3n entre todos os grupos pol\u00edticos da Corporaci\u00f3n. Nesa reuni\u00f3n, o PSOE manifestou unha vez m\u00e1is a s\u00faa prioridade para que o centro de sa\u00fade se ubique na parcela de Aceros del Tea pola s\u00faa proximidade ao centro da vila, polas v\u00edas de conexi\u00f3n e pola titularidade da parcela; en definitiva polas sinerxias que se orixinar\u00edan.<\/p>\n\n\n\n<p>Pola s\u00faa banda BNG e ACIP mostr\u00e1ronse partidarios de que sexan os t\u00e9cnicos os que determinen onde ir\u00e1 ubicado o novo centro de sa\u00fade. O PSOE, pola contra, cre que deben ser os pol\u00edticos e os axentes sociais da vila os que determinen a prioridade da ubicaci\u00f3n dos terreos e neste senso, coincide co PP en que &nbsp;hai que constitu\u00edr unha ampla plataforma pol\u00edtica e social para chegar a un amplo consenso que sobre todo sexa beneficioso para Ponteareas.<\/p>\n\n\n\n<p>Para o PSOE ponteare\u00e1n, tr\u00e1tase dunha cuesti\u00f3n fundamental xa que \u201cestamos a falar da construci\u00f3n dun edificio que perdurar\u00e1 moitos anos no tempo e que afectar\u00e1 decisivamente a aos veci\u00f1os e veci\u00f1as\u201d. A ubicaci\u00f3n actual do centro de sa\u00fade \u201cfoi o resultado dunha decisi\u00f3n unilateral do que polo ent\u00f3n era alcalde de Ponteareas, Jos\u00e9 Castro, e resultou unha ubicaci\u00f3n desastrosa para os usuarios do centro\u201d, afirman os socialistas. Por iso, o PSOE \u201cconsidera necesario e urxente que tanto os grupos pol\u00edticos como a parte social tomen unha decisi\u00f3n consensuada sobre os terreos onde se estudiar\u00e1 a construci\u00f3n do novo centro de sa\u00fade. Polo momento a \u00fanica posici\u00f3n clara \u00e9 a do Partido Socialista, que aposta claramente polos terreos de Aceros del Tea\u201d, afirma Alfonso Porto, presidente da comisi\u00f3n xestora de Ponteareas.<\/p>\n\n\n\n<p>Para o PSOE, \u201ctratase dunha cuesti\u00f3n fundamental, xa que &nbsp;estamos a falar da infraestrutura m\u00e1is importante das pr\u00f3ximas d\u00e9cadas e considera necesario e urxente a constituci\u00f3n da plataforma ou comisi\u00f3n para determinar de maneira clara e consensuada a ubicaci\u00f3n &nbsp;dos terreos que &nbsp;deben po\u00f1erse a disposici\u00f3n da Xunta de Galicia para a construci\u00f3n do novo centro de sa\u00fade.<\/p>\n\n\n\n<p>Para o Partido Socialista de Ponteareas, a posici\u00f3n &nbsp;\u00e9 clara e concisa: a mellor ubicaci\u00f3n \u00e9 Aceros del Tea.<\/p>\n","protected":false},"excerpt":{"rendered":"<div class=\"mh-excerpt\"><p>Unha vez marcada a orde de prioridade na s\u00faa ubicacion, xa ser\u00e1n os t\u00e9cnicos da Xunta os que far\u00e1n as s\u00faas consideraci\u00f3ns <a class=\"mh-excerpt-more\" href=\"https:\/\/www.anovapeneira.gal\/index.php\/2022\/01\/14\/o-psoe-reclama-que-sexan-os-grupos-politicos-e-os-axentes-sociais-os-que-determinen-a-prioridade-dos-terreos-para-ubicar-o-novo-centro-de-saude\/\" title=\"O PSOE reclama que sexan os grupos pol\u00edticos e os axentes sociais os que determinen a prioridade dos terreos para ubicar o novo centro de sa\u00fade\">[&#8230;]<\/a><\/p>\n<\/div>","protected":false},"author":3,"featured_media":6765,"comment_status":"open","ping_status":"open","sticky":false,"template":"","format":"standard","meta":{"_exactmetrics_skip_tracking":false,"_exactmetrics_sitenote_active":false,"_exactmetrics_sitenote_note":"","_exactmetrics_sitenote_category":0,"footnotes":""},"categories":[25],"tags":[208],"class_list":{"0":"post-6762","1":"post","2":"type-post","3":"status-publish","4":"format-standard","5":"has-post-thumbnail","7":"category-condado","8":"tag-concello-de-ponteareas"},"yoast_head":"<!-- This site is optimized with the Yoast SEO plugin v27.4 - https:\/\/yoast.com\/product\/yoast-seo-wordpress\/ -->\n<title>O PSOE reclama que sexan os grupos pol\u00edticos e os axentes sociais os que determinen a prioridade dos terreos para ubicar o novo centro de sa\u00fade -<\/title>\n<meta name=\"description\" content=\"Unha vez marcada a orde de prioridade na s\u00faa ubicacion, xa ser\u00e1n os t\u00e9cnicos da Xunta os que far\u00e1n as s\u00faas consideraci\u00f3ns\" \/>\n<meta name=\"robots\" content=\"index, follow, max-snippet:-1, max-image-preview:large, max-video-preview:-1\" \/>\n<link rel=\"canonical\" href=\"https:\/\/www.anovapeneira.gal\/index.php\/2022\/01\/14\/o-psoe-reclama-que-sexan-os-grupos-politicos-e-os-axentes-sociais-os-que-determinen-a-prioridade-dos-terreos-para-ubicar-o-novo-centro-de-saude\/\" \/>\n<meta property=\"og:locale\" content=\"gl_ES\" \/>\n<meta property=\"og:type\" content=\"article\" \/>\n<meta property=\"og:title\" content=\"O PSOE reclama que sexan os grupos pol\u00edticos e os axentes sociais os que determinen a prioridade dos terreos para ubicar o novo centro de sa\u00fade -\" \/>\n<meta property=\"og:description\" content=\"Unha vez marcada a orde de prioridade na s\u00faa ubicacion, xa ser\u00e1n os t\u00e9cnicos da Xunta os que far\u00e1n as s\u00faas consideraci\u00f3ns\" \/>\n<meta property=\"og:url\" content=\"https:\/\/www.anovapeneira.gal\/index.php\/2022\/01\/14\/o-psoe-reclama-que-sexan-os-grupos-politicos-e-os-axentes-sociais-os-que-determinen-a-prioridade-dos-terreos-para-ubicar-o-novo-centro-de-saude\/\" \/>\n<meta property=\"article:publisher\" content=\"https:\/\/www.facebook.com\/anovapeneira\" \/>\n<meta property=\"article:published_time\" content=\"2022-01-14T11:00:22+00:00\" \/>\n<meta property=\"og:image\" content=\"https:\/\/www.anovapeneira.gal\/wp-content\/uploads\/2022\/01\/psoe_ponteareas2.png\" \/>\n\t<meta property=\"og:image:width\" content=\"720\" \/>\n\t<meta property=\"og:image:height\" content=\"432\" \/>\n\t<meta property=\"og:image:type\" content=\"image\/png\" \/>\n<meta name=\"author\" content=\"Redacci\u00f3n A Nova Peneira\" \/>\n<meta name=\"twitter:card\" content=\"summary_large_image\" \/>\n<meta name=\"twitter:creator\" content=\"@APeneira\" \/>\n<meta name=\"twitter:site\" content=\"@APeneira\" \/>\n<meta name=\"twitter:label1\" content=\"Escrito por\" \/>\n\t<meta name=\"twitter:data1\" content=\"Redacci\u00f3n A Nova Peneira\" \/>\n\t<meta name=\"twitter:label2\" content=\"Tempo de lectura\" \/>\n\t<meta name=\"twitter:data2\" content=\"3 minutos\" \/>\n<script type=\"application\/ld+json\" class=\"yoast-schema-graph\">{\"@context\":\"https:\\\/\\\/schema.org\",\"@graph\":[{\"@type\":\"Article\",\"@id\":\"https:\\\/\\\/www.anovapeneira.gal\\\/index.php\\\/2022\\\/01\\\/14\\\/o-psoe-reclama-que-sexan-os-grupos-politicos-e-os-axentes-sociais-os-que-determinen-a-prioridade-dos-terreos-para-ubicar-o-novo-centro-de-saude\\\/#article\",\"isPartOf\":{\"@id\":\"https:\\\/\\\/www.anovapeneira.gal\\\/index.php\\\/2022\\\/01\\\/14\\\/o-psoe-reclama-que-sexan-os-grupos-politicos-e-os-axentes-sociais-os-que-determinen-a-prioridade-dos-terreos-para-ubicar-o-novo-centro-de-saude\\\/\"},\"author\":{\"name\":\"Redacci\u00f3n A Nova Peneira\",\"@id\":\"https:\\\/\\\/www.anovapeneira.gal\\\/#\\\/schema\\\/person\\\/b93e3f8932e3f8da96334607eb6ac6aa\"},\"headline\":\"O PSOE reclama que sexan os grupos pol\u00edticos e os axentes sociais os que determinen a prioridade dos terreos para ubicar o novo centro de sa\u00fade\",\"datePublished\":\"2022-01-14T11:00:22+00:00\",\"mainEntityOfPage\":{\"@id\":\"https:\\\/\\\/www.anovapeneira.gal\\\/index.php\\\/2022\\\/01\\\/14\\\/o-psoe-reclama-que-sexan-os-grupos-politicos-e-os-axentes-sociais-os-que-determinen-a-prioridade-dos-terreos-para-ubicar-o-novo-centro-de-saude\\\/\"},\"wordCount\":593,\"commentCount\":0,\"publisher\":{\"@id\":\"https:\\\/\\\/www.anovapeneira.gal\\\/#organization\"},\"image\":{\"@id\":\"https:\\\/\\\/www.anovapeneira.gal\\\/index.php\\\/2022\\\/01\\\/14\\\/o-psoe-reclama-que-sexan-os-grupos-politicos-e-os-axentes-sociais-os-que-determinen-a-prioridade-dos-terreos-para-ubicar-o-novo-centro-de-saude\\\/#primaryimage\"},\"thumbnailUrl\":\"https:\\\/\\\/www.anovapeneira.gal\\\/wp-content\\\/uploads\\\/2022\\\/01\\\/psoe_ponteareas2.png\",\"keywords\":[\"Concello de Ponteareas\"],\"articleSection\":[\"Condado\"],\"inLanguage\":\"gl-ES\",\"potentialAction\":[{\"@type\":\"CommentAction\",\"name\":\"Comment\",\"target\":[\"https:\\\/\\\/www.anovapeneira.gal\\\/index.php\\\/2022\\\/01\\\/14\\\/o-psoe-reclama-que-sexan-os-grupos-politicos-e-os-axentes-sociais-os-que-determinen-a-prioridade-dos-terreos-para-ubicar-o-novo-centro-de-saude\\\/#respond\"]}]},{\"@type\":\"WebPage\",\"@id\":\"https:\\\/\\\/www.anovapeneira.gal\\\/index.php\\\/2022\\\/01\\\/14\\\/o-psoe-reclama-que-sexan-os-grupos-politicos-e-os-axentes-sociais-os-que-determinen-a-prioridade-dos-terreos-para-ubicar-o-novo-centro-de-saude\\\/\",\"url\":\"https:\\\/\\\/www.anovapeneira.gal\\\/index.php\\\/2022\\\/01\\\/14\\\/o-psoe-reclama-que-sexan-os-grupos-politicos-e-os-axentes-sociais-os-que-determinen-a-prioridade-dos-terreos-para-ubicar-o-novo-centro-de-saude\\\/\",\"name\":\"O PSOE reclama que sexan os grupos pol\u00edticos e os axentes sociais os que determinen a prioridade dos terreos para ubicar o novo centro de sa\u00fade -\",\"isPartOf\":{\"@id\":\"https:\\\/\\\/www.anovapeneira.gal\\\/#website\"},\"primaryImageOfPage\":{\"@id\":\"https:\\\/\\\/www.anovapeneira.gal\\\/index.php\\\/2022\\\/01\\\/14\\\/o-psoe-reclama-que-sexan-os-grupos-politicos-e-os-axentes-sociais-os-que-determinen-a-prioridade-dos-terreos-para-ubicar-o-novo-centro-de-saude\\\/#primaryimage\"},\"image\":{\"@id\":\"https:\\\/\\\/www.anovapeneira.gal\\\/index.php\\\/2022\\\/01\\\/14\\\/o-psoe-reclama-que-sexan-os-grupos-politicos-e-os-axentes-sociais-os-que-determinen-a-prioridade-dos-terreos-para-ubicar-o-novo-centro-de-saude\\\/#primaryimage\"},\"thumbnailUrl\":\"https:\\\/\\\/www.anovapeneira.gal\\\/wp-content\\\/uploads\\\/2022\\\/01\\\/psoe_ponteareas2.png\",\"datePublished\":\"2022-01-14T11:00:22+00:00\",\"description\":\"Unha vez marcada a orde de prioridade na s\u00faa ubicacion, xa ser\u00e1n os t\u00e9cnicos da Xunta os que far\u00e1n as s\u00faas consideraci\u00f3ns\",\"breadcrumb\":{\"@id\":\"https:\\\/\\\/www.anovapeneira.gal\\\/index.php\\\/2022\\\/01\\\/14\\\/o-psoe-reclama-que-sexan-os-grupos-politicos-e-os-axentes-sociais-os-que-determinen-a-prioridade-dos-terreos-para-ubicar-o-novo-centro-de-saude\\\/#breadcrumb\"},\"inLanguage\":\"gl-ES\",\"potentialAction\":[{\"@type\":\"ReadAction\",\"target\":[\"https:\\\/\\\/www.anovapeneira.gal\\\/index.php\\\/2022\\\/01\\\/14\\\/o-psoe-reclama-que-sexan-os-grupos-politicos-e-os-axentes-sociais-os-que-determinen-a-prioridade-dos-terreos-para-ubicar-o-novo-centro-de-saude\\\/\"]}]},{\"@type\":\"ImageObject\",\"inLanguage\":\"gl-ES\",\"@id\":\"https:\\\/\\\/www.anovapeneira.gal\\\/index.php\\\/2022\\\/01\\\/14\\\/o-psoe-reclama-que-sexan-os-grupos-politicos-e-os-axentes-sociais-os-que-determinen-a-prioridade-dos-terreos-para-ubicar-o-novo-centro-de-saude\\\/#primaryimage\",\"url\":\"https:\\\/\\\/www.anovapeneira.gal\\\/wp-content\\\/uploads\\\/2022\\\/01\\\/psoe_ponteareas2.png\",\"contentUrl\":\"https:\\\/\\\/www.anovapeneira.gal\\\/wp-content\\\/uploads\\\/2022\\\/01\\\/psoe_ponteareas2.png\",\"width\":720,\"height\":432,\"caption\":\"PSOE PONTEAREAS\"},{\"@type\":\"BreadcrumbList\",\"@id\":\"https:\\\/\\\/www.anovapeneira.gal\\\/index.php\\\/2022\\\/01\\\/14\\\/o-psoe-reclama-que-sexan-os-grupos-politicos-e-os-axentes-sociais-os-que-determinen-a-prioridade-dos-terreos-para-ubicar-o-novo-centro-de-saude\\\/#breadcrumb\",\"itemListElement\":[{\"@type\":\"ListItem\",\"position\":1,\"name\":\"Portada\",\"item\":\"https:\\\/\\\/www.anovapeneira.gal\\\/\"},{\"@type\":\"ListItem\",\"position\":2,\"name\":\"O PSOE reclama que sexan os grupos pol\u00edticos e os axentes sociais os que determinen a prioridade dos terreos para ubicar o novo centro de sa\u00fade\"}]},{\"@type\":\"WebSite\",\"@id\":\"https:\\\/\\\/www.anovapeneira.gal\\\/#website\",\"url\":\"https:\\\/\\\/www.anovapeneira.gal\\\/\",\"name\":\"\",\"description\":\"Xornal galego de informaci\u00f3n xeral Publicaci\u00f3n mensual de novas de Galicia e en especial dos Concellos da sur da provincia de Pontevedra.\",\"publisher\":{\"@id\":\"https:\\\/\\\/www.anovapeneira.gal\\\/#organization\"},\"potentialAction\":[{\"@type\":\"SearchAction\",\"target\":{\"@type\":\"EntryPoint\",\"urlTemplate\":\"https:\\\/\\\/www.anovapeneira.gal\\\/?s={search_term_string}\"},\"query-input\":{\"@type\":\"PropertyValueSpecification\",\"valueRequired\":true,\"valueName\":\"search_term_string\"}}],\"inLanguage\":\"gl-ES\"},{\"@type\":\"Organization\",\"@id\":\"https:\\\/\\\/www.anovapeneira.gal\\\/#organization\",\"name\":\"A Nova Peneira\",\"url\":\"https:\\\/\\\/www.anovapeneira.gal\\\/\",\"logo\":{\"@type\":\"ImageObject\",\"inLanguage\":\"gl-ES\",\"@id\":\"https:\\\/\\\/www.anovapeneira.gal\\\/#\\\/schema\\\/logo\\\/image\\\/\",\"url\":\"http:\\\/\\\/www.anovapeneira.gal\\\/wp-content\\\/uploads\\\/2019\\\/06\\\/logo_a_nova_peneira_portal_web.png\",\"contentUrl\":\"http:\\\/\\\/www.anovapeneira.gal\\\/wp-content\\\/uploads\\\/2019\\\/06\\\/logo_a_nova_peneira_portal_web.png\",\"width\":300,\"height\":100,\"caption\":\"A Nova Peneira\"},\"image\":{\"@id\":\"https:\\\/\\\/www.anovapeneira.gal\\\/#\\\/schema\\\/logo\\\/image\\\/\"},\"sameAs\":[\"https:\\\/\\\/www.facebook.com\\\/anovapeneira\",\"https:\\\/\\\/x.com\\\/APeneira\"]},{\"@type\":\"Person\",\"@id\":\"https:\\\/\\\/www.anovapeneira.gal\\\/#\\\/schema\\\/person\\\/b93e3f8932e3f8da96334607eb6ac6aa\",\"name\":\"Redacci\u00f3n A Nova Peneira\",\"image\":{\"@type\":\"ImageObject\",\"inLanguage\":\"gl-ES\",\"@id\":\"https:\\\/\\\/secure.gravatar.com\\\/avatar\\\/c052a2551a06e23fac63626232eaa90abd78dbcf1700fc46a2b2c89fd27b735f?s=96&d=mm&r=g\",\"url\":\"https:\\\/\\\/secure.gravatar.com\\\/avatar\\\/c052a2551a06e23fac63626232eaa90abd78dbcf1700fc46a2b2c89fd27b735f?s=96&d=mm&r=g\",\"contentUrl\":\"https:\\\/\\\/secure.gravatar.com\\\/avatar\\\/c052a2551a06e23fac63626232eaa90abd78dbcf1700fc46a2b2c89fd27b735f?s=96&d=mm&r=g\",\"caption\":\"Redacci\u00f3n A Nova Peneira\"},\"sameAs\":[\"http:\\\/\\\/www.anovapeneira.gal\\\/\"],\"url\":\"https:\\\/\\\/www.anovapeneira.gal\\\/index.php\\\/author\\\/redactor\\\/\"}]}<\/script>\n<!-- \/ Yoast SEO plugin. -->","yoast_head_json":{"title":"O PSOE reclama que sexan os grupos pol\u00edticos e os axentes sociais os que determinen a prioridade dos terreos para ubicar o novo centro de sa\u00fade -","description":"Unha vez marcada a orde de prioridade na s\u00faa ubicacion, xa ser\u00e1n os t\u00e9cnicos da Xunta os que far\u00e1n as s\u00faas consideraci\u00f3ns","robots":{"index":"index","follow":"follow","max-snippet":"max-snippet:-1","max-image-preview":"max-image-preview:large","max-video-preview":"max-video-preview:-1"},"canonical":"https:\/\/www.anovapeneira.gal\/index.php\/2022\/01\/14\/o-psoe-reclama-que-sexan-os-grupos-politicos-e-os-axentes-sociais-os-que-determinen-a-prioridade-dos-terreos-para-ubicar-o-novo-centro-de-saude\/","og_locale":"gl_ES","og_type":"article","og_title":"O PSOE reclama que sexan os grupos pol\u00edticos e os axentes sociais os que determinen a prioridade dos terreos para ubicar o novo centro de sa\u00fade -","og_description":"Unha vez marcada a orde de prioridade na s\u00faa ubicacion, xa ser\u00e1n os t\u00e9cnicos da Xunta os que far\u00e1n as s\u00faas consideraci\u00f3ns","og_url":"https:\/\/www.anovapeneira.gal\/index.php\/2022\/01\/14\/o-psoe-reclama-que-sexan-os-grupos-politicos-e-os-axentes-sociais-os-que-determinen-a-prioridade-dos-terreos-para-ubicar-o-novo-centro-de-saude\/","article_publisher":"https:\/\/www.facebook.com\/anovapeneira","article_published_time":"2022-01-14T11:00:22+00:00","og_image":[{"width":720,"height":432,"url":"https:\/\/www.anovapeneira.gal\/wp-content\/uploads\/2022\/01\/psoe_ponteareas2.png","type":"image\/png"}],"author":"Redacci\u00f3n A Nova Peneira","twitter_card":"summary_large_image","twitter_creator":"@APeneira","twitter_site":"@APeneira","twitter_misc":{"Escrito por":"Redacci\u00f3n A Nova Peneira","Tempo de lectura":"3 minutos"},"schema":{"@context":"https:\/\/schema.org","@graph":[{"@type":"Article","@id":"https:\/\/www.anovapeneira.gal\/index.php\/2022\/01\/14\/o-psoe-reclama-que-sexan-os-grupos-politicos-e-os-axentes-sociais-os-que-determinen-a-prioridade-dos-terreos-para-ubicar-o-novo-centro-de-saude\/#article","isPartOf":{"@id":"https:\/\/www.anovapeneira.gal\/index.php\/2022\/01\/14\/o-psoe-reclama-que-sexan-os-grupos-politicos-e-os-axentes-sociais-os-que-determinen-a-prioridade-dos-terreos-para-ubicar-o-novo-centro-de-saude\/"},"author":{"name":"Redacci\u00f3n A Nova Peneira","@id":"https:\/\/www.anovapeneira.gal\/#\/schema\/person\/b93e3f8932e3f8da96334607eb6ac6aa"},"headline":"O PSOE reclama que sexan os grupos pol\u00edticos e os axentes sociais os que determinen a prioridade dos terreos para ubicar o novo centro de sa\u00fade","datePublished":"2022-01-14T11:00:22+00:00","mainEntityOfPage":{"@id":"https:\/\/www.anovapeneira.gal\/index.php\/2022\/01\/14\/o-psoe-reclama-que-sexan-os-grupos-politicos-e-os-axentes-sociais-os-que-determinen-a-prioridade-dos-terreos-para-ubicar-o-novo-centro-de-saude\/"},"wordCount":593,"commentCount":0,"publisher":{"@id":"https:\/\/www.anovapeneira.gal\/#organization"},"image":{"@id":"https:\/\/www.anovapeneira.gal\/index.php\/2022\/01\/14\/o-psoe-reclama-que-sexan-os-grupos-politicos-e-os-axentes-sociais-os-que-determinen-a-prioridade-dos-terreos-para-ubicar-o-novo-centro-de-saude\/#primaryimage"},"thumbnailUrl":"https:\/\/www.anovapeneira.gal\/wp-content\/uploads\/2022\/01\/psoe_ponteareas2.png","keywords":["Concello de Ponteareas"],"articleSection":["Condado"],"inLanguage":"gl-ES","potentialAction":[{"@type":"CommentAction","name":"Comment","target":["https:\/\/www.anovapeneira.gal\/index.php\/2022\/01\/14\/o-psoe-reclama-que-sexan-os-grupos-politicos-e-os-axentes-sociais-os-que-determinen-a-prioridade-dos-terreos-para-ubicar-o-novo-centro-de-saude\/#respond"]}]},{"@type":"WebPage","@id":"https:\/\/www.anovapeneira.gal\/index.php\/2022\/01\/14\/o-psoe-reclama-que-sexan-os-grupos-politicos-e-os-axentes-sociais-os-que-determinen-a-prioridade-dos-terreos-para-ubicar-o-novo-centro-de-saude\/","url":"https:\/\/www.anovapeneira.gal\/index.php\/2022\/01\/14\/o-psoe-reclama-que-sexan-os-grupos-politicos-e-os-axentes-sociais-os-que-determinen-a-prioridade-dos-terreos-para-ubicar-o-novo-centro-de-saude\/","name":"O PSOE reclama que sexan os grupos pol\u00edticos e os axentes sociais os que determinen a prioridade dos terreos para ubicar o novo centro de sa\u00fade -","isPartOf":{"@id":"https:\/\/www.anovapeneira.gal\/#website"},"primaryImageOfPage":{"@id":"https:\/\/www.anovapeneira.gal\/index.php\/2022\/01\/14\/o-psoe-reclama-que-sexan-os-grupos-politicos-e-os-axentes-sociais-os-que-determinen-a-prioridade-dos-terreos-para-ubicar-o-novo-centro-de-saude\/#primaryimage"},"image":{"@id":"https:\/\/www.anovapeneira.gal\/index.php\/2022\/01\/14\/o-psoe-reclama-que-sexan-os-grupos-politicos-e-os-axentes-sociais-os-que-determinen-a-prioridade-dos-terreos-para-ubicar-o-novo-centro-de-saude\/#primaryimage"},"thumbnailUrl":"https:\/\/www.anovapeneira.gal\/wp-content\/uploads\/2022\/01\/psoe_ponteareas2.png","datePublished":"2022-01-14T11:00:22+00:00","description":"Unha vez marcada a orde de prioridade na s\u00faa ubicacion, xa ser\u00e1n os t\u00e9cnicos da Xunta os que far\u00e1n as s\u00faas consideraci\u00f3ns","breadcrumb":{"@id":"https:\/\/www.anovapeneira.gal\/index.php\/2022\/01\/14\/o-psoe-reclama-que-sexan-os-grupos-politicos-e-os-axentes-sociais-os-que-determinen-a-prioridade-dos-terreos-para-ubicar-o-novo-centro-de-saude\/#breadcrumb"},"inLanguage":"gl-ES","potentialAction":[{"@type":"ReadAction","target":["https:\/\/www.anovapeneira.gal\/index.php\/2022\/01\/14\/o-psoe-reclama-que-sexan-os-grupos-politicos-e-os-axentes-sociais-os-que-determinen-a-prioridade-dos-terreos-para-ubicar-o-novo-centro-de-saude\/"]}]},{"@type":"ImageObject","inLanguage":"gl-ES","@id":"https:\/\/www.anovapeneira.gal\/index.php\/2022\/01\/14\/o-psoe-reclama-que-sexan-os-grupos-politicos-e-os-axentes-sociais-os-que-determinen-a-prioridade-dos-terreos-para-ubicar-o-novo-centro-de-saude\/#primaryimage","url":"https:\/\/www.anovapeneira.gal\/wp-content\/uploads\/2022\/01\/psoe_ponteareas2.png","contentUrl":"https:\/\/www.anovapeneira.gal\/wp-content\/uploads\/2022\/01\/psoe_ponteareas2.png","width":720,"height":432,"caption":"PSOE PONTEAREAS"},{"@type":"BreadcrumbList","@id":"https:\/\/www.anovapeneira.gal\/index.php\/2022\/01\/14\/o-psoe-reclama-que-sexan-os-grupos-politicos-e-os-axentes-sociais-os-que-determinen-a-prioridade-dos-terreos-para-ubicar-o-novo-centro-de-saude\/#breadcrumb","itemListElement":[{"@type":"ListItem","position":1,"name":"Portada","item":"https:\/\/www.anovapeneira.gal\/"},{"@type":"ListItem","position":2,"name":"O PSOE reclama que sexan os grupos pol\u00edticos e os axentes sociais os que determinen a prioridade dos terreos para ubicar o novo centro de sa\u00fade"}]},{"@type":"WebSite","@id":"https:\/\/www.anovapeneira.gal\/#website","url":"https:\/\/www.anovapeneira.gal\/","name":"","description":"Xornal galego de informaci\u00f3n xeral Publicaci\u00f3n mensual de novas de Galicia e en especial dos Concellos da sur da provincia de Pontevedra.","publisher":{"@id":"https:\/\/www.anovapeneira.gal\/#organization"},"potentialAction":[{"@type":"SearchAction","target":{"@type":"EntryPoint","urlTemplate":"https:\/\/www.anovapeneira.gal\/?s={search_term_string}"},"query-input":{"@type":"PropertyValueSpecification","valueRequired":true,"valueName":"search_term_string"}}],"inLanguage":"gl-ES"},{"@type":"Organization","@id":"https:\/\/www.anovapeneira.gal\/#organization","name":"A Nova Peneira","url":"https:\/\/www.anovapeneira.gal\/","logo":{"@type":"ImageObject","inLanguage":"gl-ES","@id":"https:\/\/www.anovapeneira.gal\/#\/schema\/logo\/image\/","url":"http:\/\/www.anovapeneira.gal\/wp-content\/uploads\/2019\/06\/logo_a_nova_peneira_portal_web.png","contentUrl":"http:\/\/www.anovapeneira.gal\/wp-content\/uploads\/2019\/06\/logo_a_nova_peneira_portal_web.png","width":300,"height":100,"caption":"A Nova Peneira"},"image":{"@id":"https:\/\/www.anovapeneira.gal\/#\/schema\/logo\/image\/"},"sameAs":["https:\/\/www.facebook.com\/anovapeneira","https:\/\/x.com\/APeneira"]},{"@type":"Person","@id":"https:\/\/www.anovapeneira.gal\/#\/schema\/person\/b93e3f8932e3f8da96334607eb6ac6aa","name":"Redacci\u00f3n A Nova Peneira","image":{"@type":"ImageObject","inLanguage":"gl-ES","@id":"https:\/\/secure.gravatar.com\/avatar\/c052a2551a06e23fac63626232eaa90abd78dbcf1700fc46a2b2c89fd27b735f?s=96&d=mm&r=g","url":"https:\/\/secure.gravatar.com\/avatar\/c052a2551a06e23fac63626232eaa90abd78dbcf1700fc46a2b2c89fd27b735f?s=96&d=mm&r=g","contentUrl":"https:\/\/secure.gravatar.com\/avatar\/c052a2551a06e23fac63626232eaa90abd78dbcf1700fc46a2b2c89fd27b735f?s=96&d=mm&r=g","caption":"Redacci\u00f3n A Nova Peneira"},"sameAs":["http:\/\/www.anovapeneira.gal\/"],"url":"https:\/\/www.anovapeneira.gal\/index.php\/author\/redactor\/"}]}},"jetpack_featured_media_url":"https:\/\/www.anovapeneira.gal\/wp-content\/uploads\/2022\/01\/psoe_ponteareas2.png","_links":{"self":[{"href":"https:\/\/www.anovapeneira.gal\/index.php\/wp-json\/wp\/v2\/posts\/6762","targetHints":{"allow":["GET"]}}],"collection":[{"href":"https:\/\/www.anovapeneira.gal\/index.php\/wp-json\/wp\/v2\/posts"}],"about":[{"href":"https:\/\/www.anovapeneira.gal\/index.php\/wp-json\/wp\/v2\/types\/post"}],"author":[{"embeddable":true,"href":"https:\/\/www.anovapeneira.gal\/index.php\/wp-json\/wp\/v2\/users\/3"}],"replies":[{"embeddable":true,"href":"https:\/\/www.anovapeneira.gal\/index.php\/wp-json\/wp\/v2\/comments?post=6762"}],"version-history":[{"count":1,"href":"https:\/\/www.anovapeneira.gal\/index.php\/wp-json\/wp\/v2\/posts\/6762\/revisions"}],"predecessor-version":[{"id":6764,"href":"https:\/\/www.anovapeneira.gal\/index.php\/wp-json\/wp\/v2\/posts\/6762\/revisions\/6764"}],"wp:featuredmedia":[{"embeddable":true,"href":"https:\/\/www.anovapeneira.gal\/index.php\/wp-json\/wp\/v2\/media\/6765"}],"wp:attachment":[{"href":"https:\/\/www.anovapeneira.gal\/index.php\/wp-json\/wp\/v2\/media?parent=6762"}],"wp:term":[{"taxonomy":"category","embeddable":true,"href":"https:\/\/www.anovapeneira.gal\/index.php\/wp-json\/wp\/v2\/categories?post=6762"},{"taxonomy":"post_tag","embeddable":true,"href":"https:\/\/www.anovapeneira.gal\/index.php\/wp-json\/wp\/v2\/tags?post=6762"}],"curies":[{"name":"wp","href":"https:\/\/api.w.org\/{rel}","templated":true}]}}