{"id":6768,"date":"2022-01-17T11:00:33","date_gmt":"2022-01-17T10:00:33","guid":{"rendered":"https:\/\/www.anovapeneira.gal\/?p=6768"},"modified":"2022-01-15T10:09:06","modified_gmt":"2022-01-15T09:09:06","slug":"cara-onde-camina-tunisia","status":"publish","type":"post","link":"https:\/\/www.anovapeneira.gal\/index.php\/2022\/01\/17\/cara-onde-camina-tunisia\/","title":{"rendered":"Cara onde cami\u00f1a Tunisia?"},"content":{"rendered":"\n<figure class=\"wp-block-image size-large is-resized is-style-default\"><img loading=\"lazy\" decoding=\"async\" src=\"http:\/\/www.anovapeneira.gal\/wp-content\/uploads\/2020\/12\/Xurxo-Agra-do-Pazo.jpg\" alt=\"\" class=\"wp-image-4554\" width=\"95\" height=\"115\"\/><figcaption>Xurxo Agra. Especialista en pol\u00edtica internacional<\/figcaption><\/figure>\n\n\n\n<p>En xaneiro de 2021 Tunisia conmemorou o d\u00e9cimo aniversario da fuxida de Ben Ali, presidente durante 23 anos, nun ambiente de enfado, frustraci\u00f3n e decepci\u00f3n xeralizada. A Revoluci\u00f3n dos Xasm\u00edns, que desencadeou a Primavera \u00c1rabe, abriu un per\u00edodo de esperanza, mais a inestabilidade pol\u00edtica e social e a grave crise econ\u00f3mica deixaban poucos motivos para celebraci\u00f3ns.<\/p>\n\n\n\n<p>Desde 2011 Tunisia tivo 10 gobernos, mais a crise pol\u00edtica acentuouse desde 2019, debido \u00e1s diferenzas entre o Presidente Kais Saied, o presidente dun Parlamento fragmentado e sen maior\u00eda clara, Rached Ghannouchi, l\u00edder do partido islamista Ennahda, e o primeiro ministro Hichem Mechichi. A par\u00e1lise pol\u00edtica era evidente.<\/p>\n\n\n\n<p>A situaci\u00f3n econ\u00f3mica foi deterior\u00e1ndose e a corrupci\u00f3n contamina todas as instancias do poder. Os atentados terroristas e a COVID danaron o sector tur\u00edstico, a d\u00e9beda p\u00fablica xa supera o 100% do PIB (45% en 2010), as negociaci\u00f3ns co FMI para o cuarto rescate financeiro desde 2011 est\u00e1n estancadas, e a crecente inflaci\u00f3n e o alto desemprego fan que a principal preocupaci\u00f3n dos tunesinos non \u00e9 sexa democracia, sen\u00f3n subsistir.<\/p>\n\n\n\n<p>A gota que encheu o vaso foi a nefasta xesti\u00f3n da pandemia. A Covid agravou a situaci\u00f3n econ\u00f3mica e golpeou con dureza, convertindo a Tunisia, onde s\u00f3 o 8% da poboaci\u00f3n estaba vacinada, no segundo pa\u00eds do mundo con m\u00e1is incidencia e cunha das peores taxas de mortalidade.<\/p>\n\n\n\n<p>A finais de xullo os tunesinos enchen as r\u00faas das principais cidades de Tunisia para esixir a sa\u00edda do goberno e a disoluci\u00f3n do Parlamento. Responsabilizan en gran medida a Ennahda, actor clave da pol\u00edtica tunesina desde 2011, da dif\u00edcil situaci\u00f3n do pa\u00eds, e as s\u00faas sedes sofren ataques en varias cidades.<\/p>\n\n\n\n<p>O 25 de xullo, o Presidente Kais Saied, experto en dereito constitucional, ampar\u00e1ndose no descontento da poboaci\u00f3n, destit\u00fae o primeiro ministro Mechichi, suspende o Parlamento, e retira a inmunidade parlamentaria dos deputados, asumindo a pr\u00e1ctica totalidade da autoridade executiva. Saied afirma que \u00e9 o \u00fanico cami\u00f1o para rematar coa par\u00e1lise gubernamental tras anos de disputas pol\u00edticas e estancamento econ\u00f3mico.<\/p>\n\n\n\n<p>Mentres a maior\u00eda de partidos, temendo a volta dunha autocracia, califican esta iniciativa de &#8220;golpe de Estado&#8221;, outras formaci\u00f3ns consideran que se trata dunha &#8220;rectificaci\u00f3n&#8221; da revoluci\u00f3n de 2011. A decisi\u00f3n de Saied recibe o apoio de boa parte da poboaci\u00f3n, que non oculta o seu disgusto cos pol\u00edticos e os partidos pol\u00edticos, as\u00ed como co deficiente funcionamento das instituci\u00f3ns. Moitos tunesinos ven que o sistema pol\u00edtico xurdido da constituci\u00f3n de 2014, un compromiso hist\u00f3rico entre Ennahda e as forzas seculares, fallou, sendo incapaz de po\u00f1er fin \u00e1 corrupci\u00f3n e de resolver os profundos problemas econ\u00f3micos e sociais do pa\u00eds.<\/p>\n\n\n\n<p>Mais todo parece indicar que Saied, quen obtivo nas elecci\u00f3ns de 2019 o 73% dos votos, nun proceso electoral onde se presentaba como un candidato sen partido, conseguindo atraer cun discurso populista tanto a laicos como a islamistas, valeuse do enorme malestar social para dar satisfacci\u00f3n \u00e1s s\u00faas ambici\u00f3ns persoais. Saied era moi cr\u00edtico cunha constituci\u00f3n que lle impo\u00f1\u00eda moitos l\u00edmites, e o seu desexo por pasar a un sistema presidencialista era manifesto.<\/p>\n\n\n\n<p>A finais de setembro, tras dous meses de incertidume, Saied designa como primeira ministra a Najla Bouden, unha alta funcionaria practicamente desco\u00f1ecida, que se converteu na primeira xefa de goberno no mundo \u00e1rabe. E en decembro anuncia que en xullo deste ano ter\u00e1 lugar un referendum para unha nova constituci\u00f3n e en decembro unhas elecci\u00f3ns parlamentarias. Isto provoca a ira de varios partidos que se manifestan contra a conxelaci\u00f3n do parlamento durante un ano m\u00e1is.<\/p>\n\n\n\n<p>O poderoso sindicato UGTT, con m\u00e1is dun mill\u00f3n de membros, que inicialmente apoiou as medidas de Saied, mais xa amosara o seu temor polos logros democr\u00e1ticos acadados debido \u00e1 s\u00faa excesiva reticencia en anunciar unha folla de ruta, considera que esta non garante a volta \u00e1 democracia.<\/p>\n\n\n\n<p>2021 engadiu incertidume a un proceso que presentaba moitas inc\u00f3gnitas e d\u00fabidas. 2022 ir\u00e1 clarificando cara onde se dirixe Tunisia.<\/p>\n","protected":false},"excerpt":{"rendered":"<div class=\"mh-excerpt\"><p>En xaneiro de 2021 Tunisia conmemorou o d\u00e9cimo aniversario da fuxida de Ben Ali, presidente durante 23 anos, nun ambiente de enfado, frustraci\u00f3n e decepci\u00f3n xeralizada. A Revoluci\u00f3n dos Xasm\u00edns, que desencadeou a Primavera \u00c1rabe, abriu un per\u00edodo de esperanza, mais a inestabilidade pol\u00edtica e social e a grave crise econ\u00f3mica deixaban poucos motivos para celebraci\u00f3ns <a class=\"mh-excerpt-more\" href=\"https:\/\/www.anovapeneira.gal\/index.php\/2022\/01\/17\/cara-onde-camina-tunisia\/\" title=\"Cara onde cami\u00f1a Tunisia?\">[&#8230;]<\/a><\/p>\n<\/div>","protected":false},"author":35,"featured_media":584,"comment_status":"open","ping_status":"open","sticky":false,"template":"","format":"standard","meta":{"_exactmetrics_skip_tracking":false,"_exactmetrics_sitenote_active":false,"_exactmetrics_sitenote_note":"","_exactmetrics_sitenote_category":0,"footnotes":""},"categories":[7],"tags":[1282],"class_list":{"0":"post-6768","1":"post","2":"type-post","3":"status-publish","4":"format-standard","5":"has-post-thumbnail","7":"category-artigos-de-opinion","8":"tag-tunisia"},"yoast_head":"<!-- This site is optimized with the Yoast SEO plugin v27.4 - https:\/\/yoast.com\/product\/yoast-seo-wordpress\/ -->\n<title>Cara onde cami\u00f1a Tunisia? -<\/title>\n<meta name=\"description\" content=\"En xaneiro de 2021 Tunisia conmemorou o d\u00e9cimo aniversario da fuxida de Ben Ali, presidente durante 23 anos, nun ambiente de enfado, frustraci\u00f3n e decepci\u00f3n xeralizada. A Revoluci\u00f3n dos Xasm\u00edns, que desencadeou a Primavera \u00c1rabe, abriu un per\u00edodo de esperanza, mais a inestabilidade pol\u00edtica e social e a grave crise econ\u00f3mica deixaban poucos motivos para celebraci\u00f3ns\" \/>\n<meta name=\"robots\" content=\"index, follow, max-snippet:-1, max-image-preview:large, max-video-preview:-1\" \/>\n<link rel=\"canonical\" href=\"https:\/\/www.anovapeneira.gal\/index.php\/2022\/01\/17\/cara-onde-camina-tunisia\/\" \/>\n<meta property=\"og:locale\" content=\"gl_ES\" \/>\n<meta property=\"og:type\" content=\"article\" \/>\n<meta property=\"og:title\" content=\"Cara onde cami\u00f1a Tunisia? -\" \/>\n<meta property=\"og:description\" content=\"En xaneiro de 2021 Tunisia conmemorou o d\u00e9cimo aniversario da fuxida de Ben Ali, presidente durante 23 anos, nun ambiente de enfado, frustraci\u00f3n e decepci\u00f3n xeralizada. A Revoluci\u00f3n dos Xasm\u00edns, que desencadeou a Primavera \u00c1rabe, abriu un per\u00edodo de esperanza, mais a inestabilidade pol\u00edtica e social e a grave crise econ\u00f3mica deixaban poucos motivos para celebraci\u00f3ns\" \/>\n<meta property=\"og:url\" content=\"https:\/\/www.anovapeneira.gal\/index.php\/2022\/01\/17\/cara-onde-camina-tunisia\/\" \/>\n<meta property=\"article:publisher\" content=\"https:\/\/www.facebook.com\/anovapeneira\" \/>\n<meta property=\"article:published_time\" content=\"2022-01-17T10:00:33+00:00\" \/>\n<meta property=\"og:image\" content=\"https:\/\/www.anovapeneira.gal\/wp-content\/uploads\/2019\/07\/ARTIGO_DE_OPINION_A_NOVA_PENEIRA.jpg\" \/>\n\t<meta property=\"og:image:width\" content=\"720\" \/>\n\t<meta property=\"og:image:height\" content=\"473\" \/>\n\t<meta property=\"og:image:type\" content=\"image\/jpeg\" \/>\n<meta name=\"author\" content=\"Xurxo Agra\" \/>\n<meta name=\"twitter:card\" content=\"summary_large_image\" \/>\n<meta name=\"twitter:image\" content=\"https:\/\/www.anovapeneira.gal\/wp-content\/uploads\/2019\/07\/ARTIGO_DE_OPINION_A_NOVA_PENEIRA.jpg\" \/>\n<meta name=\"twitter:creator\" content=\"@APeneira\" \/>\n<meta name=\"twitter:site\" content=\"@APeneira\" \/>\n<meta name=\"twitter:label1\" content=\"Escrito por\" \/>\n\t<meta name=\"twitter:data1\" content=\"Xurxo Agra\" \/>\n\t<meta name=\"twitter:label2\" content=\"Tempo de lectura\" \/>\n\t<meta name=\"twitter:data2\" content=\"4 minutos\" \/>\n<script type=\"application\/ld+json\" class=\"yoast-schema-graph\">{\"@context\":\"https:\\\/\\\/schema.org\",\"@graph\":[{\"@type\":\"Article\",\"@id\":\"https:\\\/\\\/www.anovapeneira.gal\\\/index.php\\\/2022\\\/01\\\/17\\\/cara-onde-camina-tunisia\\\/#article\",\"isPartOf\":{\"@id\":\"https:\\\/\\\/www.anovapeneira.gal\\\/index.php\\\/2022\\\/01\\\/17\\\/cara-onde-camina-tunisia\\\/\"},\"author\":{\"name\":\"Xurxo Agra\",\"@id\":\"https:\\\/\\\/www.anovapeneira.gal\\\/#\\\/schema\\\/person\\\/a366bebab0087abcaac646148d290ba6\"},\"headline\":\"Cara onde cami\u00f1a Tunisia?\",\"datePublished\":\"2022-01-17T10:00:33+00:00\",\"mainEntityOfPage\":{\"@id\":\"https:\\\/\\\/www.anovapeneira.gal\\\/index.php\\\/2022\\\/01\\\/17\\\/cara-onde-camina-tunisia\\\/\"},\"wordCount\":713,\"commentCount\":0,\"publisher\":{\"@id\":\"https:\\\/\\\/www.anovapeneira.gal\\\/#organization\"},\"image\":{\"@id\":\"https:\\\/\\\/www.anovapeneira.gal\\\/index.php\\\/2022\\\/01\\\/17\\\/cara-onde-camina-tunisia\\\/#primaryimage\"},\"thumbnailUrl\":\"https:\\\/\\\/www.anovapeneira.gal\\\/wp-content\\\/uploads\\\/2019\\\/07\\\/ARTIGO_DE_OPINION_A_NOVA_PENEIRA.jpg\",\"keywords\":[\"Tunisia\"],\"articleSection\":[\"Artigos de opini\u00f3n\"],\"inLanguage\":\"gl-ES\",\"potentialAction\":[{\"@type\":\"CommentAction\",\"name\":\"Comment\",\"target\":[\"https:\\\/\\\/www.anovapeneira.gal\\\/index.php\\\/2022\\\/01\\\/17\\\/cara-onde-camina-tunisia\\\/#respond\"]}]},{\"@type\":\"WebPage\",\"@id\":\"https:\\\/\\\/www.anovapeneira.gal\\\/index.php\\\/2022\\\/01\\\/17\\\/cara-onde-camina-tunisia\\\/\",\"url\":\"https:\\\/\\\/www.anovapeneira.gal\\\/index.php\\\/2022\\\/01\\\/17\\\/cara-onde-camina-tunisia\\\/\",\"name\":\"Cara onde cami\u00f1a Tunisia? -\",\"isPartOf\":{\"@id\":\"https:\\\/\\\/www.anovapeneira.gal\\\/#website\"},\"primaryImageOfPage\":{\"@id\":\"https:\\\/\\\/www.anovapeneira.gal\\\/index.php\\\/2022\\\/01\\\/17\\\/cara-onde-camina-tunisia\\\/#primaryimage\"},\"image\":{\"@id\":\"https:\\\/\\\/www.anovapeneira.gal\\\/index.php\\\/2022\\\/01\\\/17\\\/cara-onde-camina-tunisia\\\/#primaryimage\"},\"thumbnailUrl\":\"https:\\\/\\\/www.anovapeneira.gal\\\/wp-content\\\/uploads\\\/2019\\\/07\\\/ARTIGO_DE_OPINION_A_NOVA_PENEIRA.jpg\",\"datePublished\":\"2022-01-17T10:00:33+00:00\",\"description\":\"En xaneiro de 2021 Tunisia conmemorou o d\u00e9cimo aniversario da fuxida de Ben Ali, presidente durante 23 anos, nun ambiente de enfado, frustraci\u00f3n e decepci\u00f3n xeralizada. A Revoluci\u00f3n dos Xasm\u00edns, que desencadeou a Primavera \u00c1rabe, abriu un per\u00edodo de esperanza, mais a inestabilidade pol\u00edtica e social e a grave crise econ\u00f3mica deixaban poucos motivos para celebraci\u00f3ns\",\"breadcrumb\":{\"@id\":\"https:\\\/\\\/www.anovapeneira.gal\\\/index.php\\\/2022\\\/01\\\/17\\\/cara-onde-camina-tunisia\\\/#breadcrumb\"},\"inLanguage\":\"gl-ES\",\"potentialAction\":[{\"@type\":\"ReadAction\",\"target\":[\"https:\\\/\\\/www.anovapeneira.gal\\\/index.php\\\/2022\\\/01\\\/17\\\/cara-onde-camina-tunisia\\\/\"]}]},{\"@type\":\"ImageObject\",\"inLanguage\":\"gl-ES\",\"@id\":\"https:\\\/\\\/www.anovapeneira.gal\\\/index.php\\\/2022\\\/01\\\/17\\\/cara-onde-camina-tunisia\\\/#primaryimage\",\"url\":\"https:\\\/\\\/www.anovapeneira.gal\\\/wp-content\\\/uploads\\\/2019\\\/07\\\/ARTIGO_DE_OPINION_A_NOVA_PENEIRA.jpg\",\"contentUrl\":\"https:\\\/\\\/www.anovapeneira.gal\\\/wp-content\\\/uploads\\\/2019\\\/07\\\/ARTIGO_DE_OPINION_A_NOVA_PENEIRA.jpg\",\"width\":720,\"height\":473,\"caption\":\"Artigo de opini\u00f3n A Nova Peneira\"},{\"@type\":\"BreadcrumbList\",\"@id\":\"https:\\\/\\\/www.anovapeneira.gal\\\/index.php\\\/2022\\\/01\\\/17\\\/cara-onde-camina-tunisia\\\/#breadcrumb\",\"itemListElement\":[{\"@type\":\"ListItem\",\"position\":1,\"name\":\"Portada\",\"item\":\"https:\\\/\\\/www.anovapeneira.gal\\\/\"},{\"@type\":\"ListItem\",\"position\":2,\"name\":\"Cara onde cami\u00f1a Tunisia?\"}]},{\"@type\":\"WebSite\",\"@id\":\"https:\\\/\\\/www.anovapeneira.gal\\\/#website\",\"url\":\"https:\\\/\\\/www.anovapeneira.gal\\\/\",\"name\":\"\",\"description\":\"Xornal galego de informaci\u00f3n xeral Publicaci\u00f3n mensual de novas de Galicia e en especial dos Concellos da sur da provincia de Pontevedra.\",\"publisher\":{\"@id\":\"https:\\\/\\\/www.anovapeneira.gal\\\/#organization\"},\"potentialAction\":[{\"@type\":\"SearchAction\",\"target\":{\"@type\":\"EntryPoint\",\"urlTemplate\":\"https:\\\/\\\/www.anovapeneira.gal\\\/?s={search_term_string}\"},\"query-input\":{\"@type\":\"PropertyValueSpecification\",\"valueRequired\":true,\"valueName\":\"search_term_string\"}}],\"inLanguage\":\"gl-ES\"},{\"@type\":\"Organization\",\"@id\":\"https:\\\/\\\/www.anovapeneira.gal\\\/#organization\",\"name\":\"A Nova Peneira\",\"url\":\"https:\\\/\\\/www.anovapeneira.gal\\\/\",\"logo\":{\"@type\":\"ImageObject\",\"inLanguage\":\"gl-ES\",\"@id\":\"https:\\\/\\\/www.anovapeneira.gal\\\/#\\\/schema\\\/logo\\\/image\\\/\",\"url\":\"http:\\\/\\\/www.anovapeneira.gal\\\/wp-content\\\/uploads\\\/2019\\\/06\\\/logo_a_nova_peneira_portal_web.png\",\"contentUrl\":\"http:\\\/\\\/www.anovapeneira.gal\\\/wp-content\\\/uploads\\\/2019\\\/06\\\/logo_a_nova_peneira_portal_web.png\",\"width\":300,\"height\":100,\"caption\":\"A Nova Peneira\"},\"image\":{\"@id\":\"https:\\\/\\\/www.anovapeneira.gal\\\/#\\\/schema\\\/logo\\\/image\\\/\"},\"sameAs\":[\"https:\\\/\\\/www.facebook.com\\\/anovapeneira\",\"https:\\\/\\\/x.com\\\/APeneira\"]},{\"@type\":\"Person\",\"@id\":\"https:\\\/\\\/www.anovapeneira.gal\\\/#\\\/schema\\\/person\\\/a366bebab0087abcaac646148d290ba6\",\"name\":\"Xurxo Agra\",\"image\":{\"@type\":\"ImageObject\",\"inLanguage\":\"gl-ES\",\"@id\":\"https:\\\/\\\/secure.gravatar.com\\\/avatar\\\/2393f992666bf58af5aa00ae513f24da53518b6d1531c6fd7b2e60fde1026c15?s=96&d=mm&r=g\",\"url\":\"https:\\\/\\\/secure.gravatar.com\\\/avatar\\\/2393f992666bf58af5aa00ae513f24da53518b6d1531c6fd7b2e60fde1026c15?s=96&d=mm&r=g\",\"contentUrl\":\"https:\\\/\\\/secure.gravatar.com\\\/avatar\\\/2393f992666bf58af5aa00ae513f24da53518b6d1531c6fd7b2e60fde1026c15?s=96&d=mm&r=g\",\"caption\":\"Xurxo Agra\"},\"url\":\"https:\\\/\\\/www.anovapeneira.gal\\\/index.php\\\/author\\\/xurxoagra\\\/\"}]}<\/script>\n<!-- \/ Yoast SEO plugin. -->","yoast_head_json":{"title":"Cara onde cami\u00f1a Tunisia? -","description":"En xaneiro de 2021 Tunisia conmemorou o d\u00e9cimo aniversario da fuxida de Ben Ali, presidente durante 23 anos, nun ambiente de enfado, frustraci\u00f3n e decepci\u00f3n xeralizada. A Revoluci\u00f3n dos Xasm\u00edns, que desencadeou a Primavera \u00c1rabe, abriu un per\u00edodo de esperanza, mais a inestabilidade pol\u00edtica e social e a grave crise econ\u00f3mica deixaban poucos motivos para celebraci\u00f3ns","robots":{"index":"index","follow":"follow","max-snippet":"max-snippet:-1","max-image-preview":"max-image-preview:large","max-video-preview":"max-video-preview:-1"},"canonical":"https:\/\/www.anovapeneira.gal\/index.php\/2022\/01\/17\/cara-onde-camina-tunisia\/","og_locale":"gl_ES","og_type":"article","og_title":"Cara onde cami\u00f1a Tunisia? -","og_description":"En xaneiro de 2021 Tunisia conmemorou o d\u00e9cimo aniversario da fuxida de Ben Ali, presidente durante 23 anos, nun ambiente de enfado, frustraci\u00f3n e decepci\u00f3n xeralizada. A Revoluci\u00f3n dos Xasm\u00edns, que desencadeou a Primavera \u00c1rabe, abriu un per\u00edodo de esperanza, mais a inestabilidade pol\u00edtica e social e a grave crise econ\u00f3mica deixaban poucos motivos para celebraci\u00f3ns","og_url":"https:\/\/www.anovapeneira.gal\/index.php\/2022\/01\/17\/cara-onde-camina-tunisia\/","article_publisher":"https:\/\/www.facebook.com\/anovapeneira","article_published_time":"2022-01-17T10:00:33+00:00","og_image":[{"width":720,"height":473,"url":"https:\/\/www.anovapeneira.gal\/wp-content\/uploads\/2019\/07\/ARTIGO_DE_OPINION_A_NOVA_PENEIRA.jpg","type":"image\/jpeg"}],"author":"Xurxo Agra","twitter_card":"summary_large_image","twitter_image":"https:\/\/www.anovapeneira.gal\/wp-content\/uploads\/2019\/07\/ARTIGO_DE_OPINION_A_NOVA_PENEIRA.jpg","twitter_creator":"@APeneira","twitter_site":"@APeneira","twitter_misc":{"Escrito por":"Xurxo Agra","Tempo de lectura":"4 minutos"},"schema":{"@context":"https:\/\/schema.org","@graph":[{"@type":"Article","@id":"https:\/\/www.anovapeneira.gal\/index.php\/2022\/01\/17\/cara-onde-camina-tunisia\/#article","isPartOf":{"@id":"https:\/\/www.anovapeneira.gal\/index.php\/2022\/01\/17\/cara-onde-camina-tunisia\/"},"author":{"name":"Xurxo Agra","@id":"https:\/\/www.anovapeneira.gal\/#\/schema\/person\/a366bebab0087abcaac646148d290ba6"},"headline":"Cara onde cami\u00f1a Tunisia?","datePublished":"2022-01-17T10:00:33+00:00","mainEntityOfPage":{"@id":"https:\/\/www.anovapeneira.gal\/index.php\/2022\/01\/17\/cara-onde-camina-tunisia\/"},"wordCount":713,"commentCount":0,"publisher":{"@id":"https:\/\/www.anovapeneira.gal\/#organization"},"image":{"@id":"https:\/\/www.anovapeneira.gal\/index.php\/2022\/01\/17\/cara-onde-camina-tunisia\/#primaryimage"},"thumbnailUrl":"https:\/\/www.anovapeneira.gal\/wp-content\/uploads\/2019\/07\/ARTIGO_DE_OPINION_A_NOVA_PENEIRA.jpg","keywords":["Tunisia"],"articleSection":["Artigos de opini\u00f3n"],"inLanguage":"gl-ES","potentialAction":[{"@type":"CommentAction","name":"Comment","target":["https:\/\/www.anovapeneira.gal\/index.php\/2022\/01\/17\/cara-onde-camina-tunisia\/#respond"]}]},{"@type":"WebPage","@id":"https:\/\/www.anovapeneira.gal\/index.php\/2022\/01\/17\/cara-onde-camina-tunisia\/","url":"https:\/\/www.anovapeneira.gal\/index.php\/2022\/01\/17\/cara-onde-camina-tunisia\/","name":"Cara onde cami\u00f1a Tunisia? -","isPartOf":{"@id":"https:\/\/www.anovapeneira.gal\/#website"},"primaryImageOfPage":{"@id":"https:\/\/www.anovapeneira.gal\/index.php\/2022\/01\/17\/cara-onde-camina-tunisia\/#primaryimage"},"image":{"@id":"https:\/\/www.anovapeneira.gal\/index.php\/2022\/01\/17\/cara-onde-camina-tunisia\/#primaryimage"},"thumbnailUrl":"https:\/\/www.anovapeneira.gal\/wp-content\/uploads\/2019\/07\/ARTIGO_DE_OPINION_A_NOVA_PENEIRA.jpg","datePublished":"2022-01-17T10:00:33+00:00","description":"En xaneiro de 2021 Tunisia conmemorou o d\u00e9cimo aniversario da fuxida de Ben Ali, presidente durante 23 anos, nun ambiente de enfado, frustraci\u00f3n e decepci\u00f3n xeralizada. A Revoluci\u00f3n dos Xasm\u00edns, que desencadeou a Primavera \u00c1rabe, abriu un per\u00edodo de esperanza, mais a inestabilidade pol\u00edtica e social e a grave crise econ\u00f3mica deixaban poucos motivos para celebraci\u00f3ns","breadcrumb":{"@id":"https:\/\/www.anovapeneira.gal\/index.php\/2022\/01\/17\/cara-onde-camina-tunisia\/#breadcrumb"},"inLanguage":"gl-ES","potentialAction":[{"@type":"ReadAction","target":["https:\/\/www.anovapeneira.gal\/index.php\/2022\/01\/17\/cara-onde-camina-tunisia\/"]}]},{"@type":"ImageObject","inLanguage":"gl-ES","@id":"https:\/\/www.anovapeneira.gal\/index.php\/2022\/01\/17\/cara-onde-camina-tunisia\/#primaryimage","url":"https:\/\/www.anovapeneira.gal\/wp-content\/uploads\/2019\/07\/ARTIGO_DE_OPINION_A_NOVA_PENEIRA.jpg","contentUrl":"https:\/\/www.anovapeneira.gal\/wp-content\/uploads\/2019\/07\/ARTIGO_DE_OPINION_A_NOVA_PENEIRA.jpg","width":720,"height":473,"caption":"Artigo de opini\u00f3n A Nova Peneira"},{"@type":"BreadcrumbList","@id":"https:\/\/www.anovapeneira.gal\/index.php\/2022\/01\/17\/cara-onde-camina-tunisia\/#breadcrumb","itemListElement":[{"@type":"ListItem","position":1,"name":"Portada","item":"https:\/\/www.anovapeneira.gal\/"},{"@type":"ListItem","position":2,"name":"Cara onde cami\u00f1a Tunisia?"}]},{"@type":"WebSite","@id":"https:\/\/www.anovapeneira.gal\/#website","url":"https:\/\/www.anovapeneira.gal\/","name":"","description":"Xornal galego de informaci\u00f3n xeral Publicaci\u00f3n mensual de novas de Galicia e en especial dos Concellos da sur da provincia de Pontevedra.","publisher":{"@id":"https:\/\/www.anovapeneira.gal\/#organization"},"potentialAction":[{"@type":"SearchAction","target":{"@type":"EntryPoint","urlTemplate":"https:\/\/www.anovapeneira.gal\/?s={search_term_string}"},"query-input":{"@type":"PropertyValueSpecification","valueRequired":true,"valueName":"search_term_string"}}],"inLanguage":"gl-ES"},{"@type":"Organization","@id":"https:\/\/www.anovapeneira.gal\/#organization","name":"A Nova Peneira","url":"https:\/\/www.anovapeneira.gal\/","logo":{"@type":"ImageObject","inLanguage":"gl-ES","@id":"https:\/\/www.anovapeneira.gal\/#\/schema\/logo\/image\/","url":"http:\/\/www.anovapeneira.gal\/wp-content\/uploads\/2019\/06\/logo_a_nova_peneira_portal_web.png","contentUrl":"http:\/\/www.anovapeneira.gal\/wp-content\/uploads\/2019\/06\/logo_a_nova_peneira_portal_web.png","width":300,"height":100,"caption":"A Nova Peneira"},"image":{"@id":"https:\/\/www.anovapeneira.gal\/#\/schema\/logo\/image\/"},"sameAs":["https:\/\/www.facebook.com\/anovapeneira","https:\/\/x.com\/APeneira"]},{"@type":"Person","@id":"https:\/\/www.anovapeneira.gal\/#\/schema\/person\/a366bebab0087abcaac646148d290ba6","name":"Xurxo Agra","image":{"@type":"ImageObject","inLanguage":"gl-ES","@id":"https:\/\/secure.gravatar.com\/avatar\/2393f992666bf58af5aa00ae513f24da53518b6d1531c6fd7b2e60fde1026c15?s=96&d=mm&r=g","url":"https:\/\/secure.gravatar.com\/avatar\/2393f992666bf58af5aa00ae513f24da53518b6d1531c6fd7b2e60fde1026c15?s=96&d=mm&r=g","contentUrl":"https:\/\/secure.gravatar.com\/avatar\/2393f992666bf58af5aa00ae513f24da53518b6d1531c6fd7b2e60fde1026c15?s=96&d=mm&r=g","caption":"Xurxo Agra"},"url":"https:\/\/www.anovapeneira.gal\/index.php\/author\/xurxoagra\/"}]}},"jetpack_featured_media_url":"https:\/\/www.anovapeneira.gal\/wp-content\/uploads\/2019\/07\/ARTIGO_DE_OPINION_A_NOVA_PENEIRA.jpg","_links":{"self":[{"href":"https:\/\/www.anovapeneira.gal\/index.php\/wp-json\/wp\/v2\/posts\/6768","targetHints":{"allow":["GET"]}}],"collection":[{"href":"https:\/\/www.anovapeneira.gal\/index.php\/wp-json\/wp\/v2\/posts"}],"about":[{"href":"https:\/\/www.anovapeneira.gal\/index.php\/wp-json\/wp\/v2\/types\/post"}],"author":[{"embeddable":true,"href":"https:\/\/www.anovapeneira.gal\/index.php\/wp-json\/wp\/v2\/users\/35"}],"replies":[{"embeddable":true,"href":"https:\/\/www.anovapeneira.gal\/index.php\/wp-json\/wp\/v2\/comments?post=6768"}],"version-history":[{"count":1,"href":"https:\/\/www.anovapeneira.gal\/index.php\/wp-json\/wp\/v2\/posts\/6768\/revisions"}],"predecessor-version":[{"id":6769,"href":"https:\/\/www.anovapeneira.gal\/index.php\/wp-json\/wp\/v2\/posts\/6768\/revisions\/6769"}],"wp:featuredmedia":[{"embeddable":true,"href":"https:\/\/www.anovapeneira.gal\/index.php\/wp-json\/wp\/v2\/media\/584"}],"wp:attachment":[{"href":"https:\/\/www.anovapeneira.gal\/index.php\/wp-json\/wp\/v2\/media?parent=6768"}],"wp:term":[{"taxonomy":"category","embeddable":true,"href":"https:\/\/www.anovapeneira.gal\/index.php\/wp-json\/wp\/v2\/categories?post=6768"},{"taxonomy":"post_tag","embeddable":true,"href":"https:\/\/www.anovapeneira.gal\/index.php\/wp-json\/wp\/v2\/tags?post=6768"}],"curies":[{"name":"wp","href":"https:\/\/api.w.org\/{rel}","templated":true}]}}