{"id":6770,"date":"2022-01-17T12:00:09","date_gmt":"2022-01-17T11:00:09","guid":{"rendered":"https:\/\/www.anovapeneira.gal\/?p=6770"},"modified":"2022-01-14T10:17:29","modified_gmt":"2022-01-14T09:17:29","slug":"breve-historia-da-sociedade-de-albaneis-de-marin-1897-1936","status":"publish","type":"post","link":"https:\/\/www.anovapeneira.gal\/index.php\/2022\/01\/17\/breve-historia-da-sociedade-de-albaneis-de-marin-1897-1936\/","title":{"rendered":"Breve Historia da Sociedade de Albaneis de Mar\u00edn (1897-1936)"},"content":{"rendered":"\n<pre class=\"wp-block-preformatted\">Celso Milleiro<\/pre>\n\n\n\n<p>A finais de 1897 constitu\u00edase a terceira sociedade obreira da localidade. Os albaneis formaban outro piar fundamental da Federaci\u00f3n Obreira, sendo a meirande parte dos seus afiliados veci\u00f1os da fregues\u00eda de San Xi\u00e1n de Mar\u00edn.<\/p>\n\n\n\n<p>Os primeiros anos pasan practicamente desapercibidos, at\u00e9 que o 1\u00ba de maio de 1908 convocan unha folga de importancia no sector que durar\u00eda varios meses. O motivo tivo a ver coa petici\u00f3n realizada seis meses antes para subir o soldo un real, mais contou coa intransixencia patronal.<\/p>\n\n\n\n<p>Nesta folga entrou en xogo o Alcalde Juan Iglesias Puga \u201cJuan\u00e1s\u201d que dun xeito totalmente caciquil ameazou e premeu ao Presidente da Sociedade para que asinase un papel en branco, cuesti\u00f3n que non logrou, polo que o mandou detido ao c\u00e1rcere sendo \u201camoestado\u201d polo Cabo da Garda Civil.<\/p>\n\n\n\n<p>As continuas presi\u00f3ns da patronal, como a contrataci\u00f3n de crebafolgas de Portugal, non foron quen de conseguir rachar os obxectivos que se marcou a Sociedade, que contaba co apoio da Federaci\u00f3n Obreira Local, ao aceptar \u00e1s poucas semanas tres Mestres a proposta dos obreiros. No mes de xu\u00f1o a\u00ednda ficaban tres Mestres de Obras intolerantes coa reclamaci\u00f3n dos albaneis, levando \u00e1 detenci\u00f3n de catro afiliados que foron conducidos ao c\u00e1rcere de Pontevedra.<\/p>\n\n\n\n<p>Os patr\u00f3ns Sobral e Vicente Iglesias Solla non s\u00f3 aceptaron a suba de salario, sen\u00f3n que satisfixeron economicamente os gastos da folga. Xa no mes de outubro s\u00f3 o patr\u00f3n Erasmo resist\u00edase a rematar coa folga, mais claudicou en xaneiro de 1909 accedendo \u00e1 suba do salario e co gasto ocasionado aos obreiros polo paro.<\/p>\n\n\n\n<p>O \u00e9xito acadado animou \u00e1 Sociedade para ingresar na UGT a comezos dese ano. Nese intre o ente ti\u00f1a 45 afiliados e destacaban os nomes de Seraf\u00edn Arosa Iglesias e Antonio Santiago Santiago.<\/p>\n\n\n\n<figure class=\"wp-block-gallery columns-2 is-cropped wp-block-gallery-1 is-layout-flex wp-block-gallery-is-layout-flex\"><ul class=\"blocks-gallery-grid\"><li class=\"blocks-gallery-item\"><figure><img loading=\"lazy\" decoding=\"async\" width=\"400\" height=\"518\" src=\"https:\/\/www.anovapeneira.gal\/wp-content\/uploads\/2022\/01\/Manuel-Couso-Touro\u0301n-REVITE.jpg\" alt=\"\" data-id=\"6772\" data-full-url=\"https:\/\/www.anovapeneira.gal\/wp-content\/uploads\/2022\/01\/Manuel-Couso-Touro\u0301n-REVITE.jpg\" data-link=\"https:\/\/www.anovapeneira.gal\/?attachment_id=6772\" class=\"wp-image-6772\" srcset=\"https:\/\/www.anovapeneira.gal\/wp-content\/uploads\/2022\/01\/Manuel-Couso-Touro\u0301n-REVITE.jpg 400w, https:\/\/www.anovapeneira.gal\/wp-content\/uploads\/2022\/01\/Manuel-Couso-Touro\u0301n-REVITE-232x300.jpg 232w\" sizes=\"auto, (max-width: 400px) 100vw, 400px\" \/><figcaption class=\"blocks-gallery-item__caption\">Manuel Couso Touro\u0301n &#8220;Revite&#8221;<\/figcaption><\/figure><\/li><li class=\"blocks-gallery-item\"><figure><img loading=\"lazy\" decoding=\"async\" width=\"400\" height=\"518\" src=\"https:\/\/www.anovapeneira.gal\/wp-content\/uploads\/2022\/01\/Bernardino-da-Torre.jpg\" alt=\"\" data-id=\"6773\" data-full-url=\"https:\/\/www.anovapeneira.gal\/wp-content\/uploads\/2022\/01\/Bernardino-da-Torre.jpg\" data-link=\"https:\/\/www.anovapeneira.gal\/?attachment_id=6773\" class=\"wp-image-6773\" srcset=\"https:\/\/www.anovapeneira.gal\/wp-content\/uploads\/2022\/01\/Bernardino-da-Torre.jpg 400w, https:\/\/www.anovapeneira.gal\/wp-content\/uploads\/2022\/01\/Bernardino-da-Torre-232x300.jpg 232w\" sizes=\"auto, (max-width: 400px) 100vw, 400px\" \/><figcaption class=\"blocks-gallery-item__caption\">Bernardino da Torre<\/figcaption><\/figure><\/li><\/ul><\/figure>\n\n\n\n<p>En 1918 as sociedades relacionadas no ramo da construci\u00f3n, carpinteiros, canteiros e albaneis, declar\u00e1ronse en folga, co obxectivo de medrar o salario 50 c\u00e9ntimos. A presi\u00f3n obreira logrou que os patr\u00f3ns aceptasen a solicitude. Daquela a sociedade estaba presidida por Secundino Vidal, mais na direcci\u00f3n aparec\u00edan outros nomes vinculados durante anos \u00e1 sociedade: Juli\u00e1n Allariz Santom\u00e9, Manuel Couso Tour\u00f3n \u201cRevite\u201d ou Eduardo Acu\u00f1a Allariz \u201cO Luxo\u201d.<\/p>\n\n\n\n<p>O compromiso coa ideolox\u00eda de clase e xustiza social veuse reflexado cando en 1920 a Sociedade apoiou a candidatura socialista nas elecci\u00f3ns xerais e realizou un aporte econ\u00f3mico para sustentala.<\/p>\n\n\n\n<p>Algunha crise debeu acontecer, da que non pos\u00fao constancia, porque en setembro de 1922 reingresou de novo na UGT e na Federaci\u00f3n Nacional do Ramo da Edificaci\u00f3n. En 1924 representaba a organizaci\u00f3n obreira m\u00e1is importante en terra, por diante incluso dos canteiros, chegando a ter perto dun centenar de afiliados. Son anos escuros para a sociedade que xa en 1925 descenderon os seus afiliados case un terzo e reformul\u00e1base de novo ingresar na FNRE. A causa debeu estar na falla de cumprimento coas cotas que ti\u00f1an que pagar \u00e1 propia Federaci\u00f3n, mais que se solucionou en 1927 e na que volveu a ter un crecemento de afiliaci\u00f3n e o dereito a poder escoller concelleiros na corporaci\u00f3n municipal. Neses anos sobresae a figura de Manuel Couso como l\u00edder carism\u00e1tico da sociedade, mais que non logra parar os continuos altibaixos da entidade obreira en materia filial. Hab\u00eda alg\u00fan tempo en que o ente obreiro abrangu\u00eda tam\u00e9n ao sector dos Pintores.<\/p>\n\n\n\n<p>Nas elecci\u00f3ns municipais do 12 de abril de 1931 a sociedade participa de xeito entusiasta a favor da candidatura republicana-socialista-agraria que obt\u00e9n a vitoria en Mar\u00edn, logrando ademais meter a Manuel Couso como concelleiro e ser nomeado Tenente-Alcalde da Corporaci\u00f3n.<\/p>\n\n\n\n<p>Co golpe de estado de 1936 a sociedade ser\u00eda ilegalizada, estando presidida naquel intre por Couso, que tivo que agocharse, m\u00e1is tarde detido e finalmente realiz\u00f3uselle un expediente de responsabilidades pol\u00edticas. A s\u00faa filla Enedina foi rapada.<\/p>\n\n\n\n<p>Outro afiliado, Bernardino da Torre Fern\u00e1ndez, foi fusilado o 31 de decembro de 1936.<\/p>\n","protected":false},"excerpt":{"rendered":"<div class=\"mh-excerpt\"><p>A finais de 1897 constitu\u00edase a terceira sociedade obreira da localidade. Os albaneis formaban outro piar fundamental da Federaci\u00f3n Obreira, sendo a meirande parte dos seus afiliados veci\u00f1os da fregues\u00eda de San Xi\u00e1n de Mar\u00edn <a class=\"mh-excerpt-more\" href=\"https:\/\/www.anovapeneira.gal\/index.php\/2022\/01\/17\/breve-historia-da-sociedade-de-albaneis-de-marin-1897-1936\/\" title=\"Breve Historia da Sociedade de Albaneis de Mar\u00edn (1897-1936)\">[&#8230;]<\/a><\/p>\n<\/div>","protected":false},"author":3,"featured_media":6775,"comment_status":"open","ping_status":"open","sticky":false,"template":"","format":"standard","meta":{"_exactmetrics_skip_tracking":false,"_exactmetrics_sitenote_active":false,"_exactmetrics_sitenote_note":"","_exactmetrics_sitenote_category":0,"footnotes":""},"categories":[22],"tags":[144],"class_list":{"0":"post-6770","1":"post","2":"type-post","3":"status-publish","4":"format-standard","5":"has-post-thumbnail","7":"category-morrazo","8":"tag-concello-de-marin"},"yoast_head":"<!-- This site is optimized with the Yoast SEO plugin v27.4 - https:\/\/yoast.com\/product\/yoast-seo-wordpress\/ -->\n<title>Breve Historia da Sociedade de Albaneis de Mar\u00edn (1897-1936) -<\/title>\n<meta name=\"description\" content=\"A finais de 1897 constitu\u00edase a terceira sociedade obreira da localidade. Os albaneis formaban outro piar fundamental da Federaci\u00f3n Obreira, sendo a meirande parte dos seus afiliados veci\u00f1os da fregues\u00eda de San Xi\u00e1n de Mar\u00edn\" \/>\n<meta name=\"robots\" content=\"index, follow, max-snippet:-1, max-image-preview:large, max-video-preview:-1\" \/>\n<link rel=\"canonical\" href=\"https:\/\/www.anovapeneira.gal\/index.php\/2022\/01\/17\/breve-historia-da-sociedade-de-albaneis-de-marin-1897-1936\/\" \/>\n<meta property=\"og:locale\" content=\"gl_ES\" \/>\n<meta property=\"og:type\" content=\"article\" \/>\n<meta property=\"og:title\" content=\"Breve Historia da Sociedade de Albaneis de Mar\u00edn (1897-1936) -\" \/>\n<meta property=\"og:description\" content=\"A finais de 1897 constitu\u00edase a terceira sociedade obreira da localidade. Os albaneis formaban outro piar fundamental da Federaci\u00f3n Obreira, sendo a meirande parte dos seus afiliados veci\u00f1os da fregues\u00eda de San Xi\u00e1n de Mar\u00edn\" \/>\n<meta property=\"og:url\" content=\"https:\/\/www.anovapeneira.gal\/index.php\/2022\/01\/17\/breve-historia-da-sociedade-de-albaneis-de-marin-1897-1936\/\" \/>\n<meta property=\"article:publisher\" content=\"https:\/\/www.facebook.com\/anovapeneira\" \/>\n<meta property=\"article:published_time\" content=\"2022-01-17T11:00:09+00:00\" \/>\n<meta property=\"og:image\" content=\"https:\/\/www.anovapeneira.gal\/wp-content\/uploads\/2022\/01\/Bernardino-da-Torre-manuel-couso.jpg\" \/>\n\t<meta property=\"og:image:width\" content=\"720\" \/>\n\t<meta property=\"og:image:height\" content=\"432\" \/>\n\t<meta property=\"og:image:type\" content=\"image\/jpeg\" \/>\n<meta name=\"author\" content=\"Redacci\u00f3n A Nova Peneira\" \/>\n<meta name=\"twitter:card\" content=\"summary_large_image\" \/>\n<meta name=\"twitter:creator\" content=\"@APeneira\" \/>\n<meta name=\"twitter:site\" content=\"@APeneira\" \/>\n<meta name=\"twitter:label1\" content=\"Escrito por\" \/>\n\t<meta name=\"twitter:data1\" content=\"Redacci\u00f3n A Nova Peneira\" \/>\n\t<meta name=\"twitter:label2\" content=\"Tempo de lectura\" \/>\n\t<meta name=\"twitter:data2\" content=\"4 minutos\" \/>\n<script type=\"application\/ld+json\" class=\"yoast-schema-graph\">{\"@context\":\"https:\\\/\\\/schema.org\",\"@graph\":[{\"@type\":\"Article\",\"@id\":\"https:\\\/\\\/www.anovapeneira.gal\\\/index.php\\\/2022\\\/01\\\/17\\\/breve-historia-da-sociedade-de-albaneis-de-marin-1897-1936\\\/#article\",\"isPartOf\":{\"@id\":\"https:\\\/\\\/www.anovapeneira.gal\\\/index.php\\\/2022\\\/01\\\/17\\\/breve-historia-da-sociedade-de-albaneis-de-marin-1897-1936\\\/\"},\"author\":{\"name\":\"Redacci\u00f3n A Nova Peneira\",\"@id\":\"https:\\\/\\\/www.anovapeneira.gal\\\/#\\\/schema\\\/person\\\/b93e3f8932e3f8da96334607eb6ac6aa\"},\"headline\":\"Breve Historia da Sociedade de Albaneis de Mar\u00edn (1897-1936)\",\"datePublished\":\"2022-01-17T11:00:09+00:00\",\"mainEntityOfPage\":{\"@id\":\"https:\\\/\\\/www.anovapeneira.gal\\\/index.php\\\/2022\\\/01\\\/17\\\/breve-historia-da-sociedade-de-albaneis-de-marin-1897-1936\\\/\"},\"wordCount\":695,\"commentCount\":1,\"publisher\":{\"@id\":\"https:\\\/\\\/www.anovapeneira.gal\\\/#organization\"},\"image\":{\"@id\":\"https:\\\/\\\/www.anovapeneira.gal\\\/index.php\\\/2022\\\/01\\\/17\\\/breve-historia-da-sociedade-de-albaneis-de-marin-1897-1936\\\/#primaryimage\"},\"thumbnailUrl\":\"https:\\\/\\\/www.anovapeneira.gal\\\/wp-content\\\/uploads\\\/2022\\\/01\\\/Bernardino-da-Torre-manuel-couso.jpg\",\"keywords\":[\"Concello de Mar\u00edn\"],\"articleSection\":[\"Morrazo\"],\"inLanguage\":\"gl-ES\",\"potentialAction\":[{\"@type\":\"CommentAction\",\"name\":\"Comment\",\"target\":[\"https:\\\/\\\/www.anovapeneira.gal\\\/index.php\\\/2022\\\/01\\\/17\\\/breve-historia-da-sociedade-de-albaneis-de-marin-1897-1936\\\/#respond\"]}]},{\"@type\":\"WebPage\",\"@id\":\"https:\\\/\\\/www.anovapeneira.gal\\\/index.php\\\/2022\\\/01\\\/17\\\/breve-historia-da-sociedade-de-albaneis-de-marin-1897-1936\\\/\",\"url\":\"https:\\\/\\\/www.anovapeneira.gal\\\/index.php\\\/2022\\\/01\\\/17\\\/breve-historia-da-sociedade-de-albaneis-de-marin-1897-1936\\\/\",\"name\":\"Breve Historia da Sociedade de Albaneis de Mar\u00edn (1897-1936) -\",\"isPartOf\":{\"@id\":\"https:\\\/\\\/www.anovapeneira.gal\\\/#website\"},\"primaryImageOfPage\":{\"@id\":\"https:\\\/\\\/www.anovapeneira.gal\\\/index.php\\\/2022\\\/01\\\/17\\\/breve-historia-da-sociedade-de-albaneis-de-marin-1897-1936\\\/#primaryimage\"},\"image\":{\"@id\":\"https:\\\/\\\/www.anovapeneira.gal\\\/index.php\\\/2022\\\/01\\\/17\\\/breve-historia-da-sociedade-de-albaneis-de-marin-1897-1936\\\/#primaryimage\"},\"thumbnailUrl\":\"https:\\\/\\\/www.anovapeneira.gal\\\/wp-content\\\/uploads\\\/2022\\\/01\\\/Bernardino-da-Torre-manuel-couso.jpg\",\"datePublished\":\"2022-01-17T11:00:09+00:00\",\"description\":\"A finais de 1897 constitu\u00edase a terceira sociedade obreira da localidade. Os albaneis formaban outro piar fundamental da Federaci\u00f3n Obreira, sendo a meirande parte dos seus afiliados veci\u00f1os da fregues\u00eda de San Xi\u00e1n de Mar\u00edn\",\"breadcrumb\":{\"@id\":\"https:\\\/\\\/www.anovapeneira.gal\\\/index.php\\\/2022\\\/01\\\/17\\\/breve-historia-da-sociedade-de-albaneis-de-marin-1897-1936\\\/#breadcrumb\"},\"inLanguage\":\"gl-ES\",\"potentialAction\":[{\"@type\":\"ReadAction\",\"target\":[\"https:\\\/\\\/www.anovapeneira.gal\\\/index.php\\\/2022\\\/01\\\/17\\\/breve-historia-da-sociedade-de-albaneis-de-marin-1897-1936\\\/\"]}]},{\"@type\":\"ImageObject\",\"inLanguage\":\"gl-ES\",\"@id\":\"https:\\\/\\\/www.anovapeneira.gal\\\/index.php\\\/2022\\\/01\\\/17\\\/breve-historia-da-sociedade-de-albaneis-de-marin-1897-1936\\\/#primaryimage\",\"url\":\"https:\\\/\\\/www.anovapeneira.gal\\\/wp-content\\\/uploads\\\/2022\\\/01\\\/Bernardino-da-Torre-manuel-couso.jpg\",\"contentUrl\":\"https:\\\/\\\/www.anovapeneira.gal\\\/wp-content\\\/uploads\\\/2022\\\/01\\\/Bernardino-da-Torre-manuel-couso.jpg\",\"width\":720,\"height\":432,\"caption\":\"Breve Historia da Sociedade de Albaneis de Mar\u00edn (1897-1936)\"},{\"@type\":\"BreadcrumbList\",\"@id\":\"https:\\\/\\\/www.anovapeneira.gal\\\/index.php\\\/2022\\\/01\\\/17\\\/breve-historia-da-sociedade-de-albaneis-de-marin-1897-1936\\\/#breadcrumb\",\"itemListElement\":[{\"@type\":\"ListItem\",\"position\":1,\"name\":\"Portada\",\"item\":\"https:\\\/\\\/www.anovapeneira.gal\\\/\"},{\"@type\":\"ListItem\",\"position\":2,\"name\":\"Breve Historia da Sociedade de Albaneis de Mar\u00edn (1897-1936)\"}]},{\"@type\":\"WebSite\",\"@id\":\"https:\\\/\\\/www.anovapeneira.gal\\\/#website\",\"url\":\"https:\\\/\\\/www.anovapeneira.gal\\\/\",\"name\":\"\",\"description\":\"Xornal galego de informaci\u00f3n xeral Publicaci\u00f3n mensual de novas de Galicia e en especial dos Concellos da sur da provincia de Pontevedra.\",\"publisher\":{\"@id\":\"https:\\\/\\\/www.anovapeneira.gal\\\/#organization\"},\"potentialAction\":[{\"@type\":\"SearchAction\",\"target\":{\"@type\":\"EntryPoint\",\"urlTemplate\":\"https:\\\/\\\/www.anovapeneira.gal\\\/?s={search_term_string}\"},\"query-input\":{\"@type\":\"PropertyValueSpecification\",\"valueRequired\":true,\"valueName\":\"search_term_string\"}}],\"inLanguage\":\"gl-ES\"},{\"@type\":\"Organization\",\"@id\":\"https:\\\/\\\/www.anovapeneira.gal\\\/#organization\",\"name\":\"A Nova Peneira\",\"url\":\"https:\\\/\\\/www.anovapeneira.gal\\\/\",\"logo\":{\"@type\":\"ImageObject\",\"inLanguage\":\"gl-ES\",\"@id\":\"https:\\\/\\\/www.anovapeneira.gal\\\/#\\\/schema\\\/logo\\\/image\\\/\",\"url\":\"http:\\\/\\\/www.anovapeneira.gal\\\/wp-content\\\/uploads\\\/2019\\\/06\\\/logo_a_nova_peneira_portal_web.png\",\"contentUrl\":\"http:\\\/\\\/www.anovapeneira.gal\\\/wp-content\\\/uploads\\\/2019\\\/06\\\/logo_a_nova_peneira_portal_web.png\",\"width\":300,\"height\":100,\"caption\":\"A Nova Peneira\"},\"image\":{\"@id\":\"https:\\\/\\\/www.anovapeneira.gal\\\/#\\\/schema\\\/logo\\\/image\\\/\"},\"sameAs\":[\"https:\\\/\\\/www.facebook.com\\\/anovapeneira\",\"https:\\\/\\\/x.com\\\/APeneira\"]},{\"@type\":\"Person\",\"@id\":\"https:\\\/\\\/www.anovapeneira.gal\\\/#\\\/schema\\\/person\\\/b93e3f8932e3f8da96334607eb6ac6aa\",\"name\":\"Redacci\u00f3n A Nova Peneira\",\"image\":{\"@type\":\"ImageObject\",\"inLanguage\":\"gl-ES\",\"@id\":\"https:\\\/\\\/secure.gravatar.com\\\/avatar\\\/c052a2551a06e23fac63626232eaa90abd78dbcf1700fc46a2b2c89fd27b735f?s=96&d=mm&r=g\",\"url\":\"https:\\\/\\\/secure.gravatar.com\\\/avatar\\\/c052a2551a06e23fac63626232eaa90abd78dbcf1700fc46a2b2c89fd27b735f?s=96&d=mm&r=g\",\"contentUrl\":\"https:\\\/\\\/secure.gravatar.com\\\/avatar\\\/c052a2551a06e23fac63626232eaa90abd78dbcf1700fc46a2b2c89fd27b735f?s=96&d=mm&r=g\",\"caption\":\"Redacci\u00f3n A Nova Peneira\"},\"sameAs\":[\"http:\\\/\\\/www.anovapeneira.gal\\\/\"],\"url\":\"https:\\\/\\\/www.anovapeneira.gal\\\/index.php\\\/author\\\/redactor\\\/\"}]}<\/script>\n<!-- \/ Yoast SEO plugin. -->","yoast_head_json":{"title":"Breve Historia da Sociedade de Albaneis de Mar\u00edn (1897-1936) -","description":"A finais de 1897 constitu\u00edase a terceira sociedade obreira da localidade. Os albaneis formaban outro piar fundamental da Federaci\u00f3n Obreira, sendo a meirande parte dos seus afiliados veci\u00f1os da fregues\u00eda de San Xi\u00e1n de Mar\u00edn","robots":{"index":"index","follow":"follow","max-snippet":"max-snippet:-1","max-image-preview":"max-image-preview:large","max-video-preview":"max-video-preview:-1"},"canonical":"https:\/\/www.anovapeneira.gal\/index.php\/2022\/01\/17\/breve-historia-da-sociedade-de-albaneis-de-marin-1897-1936\/","og_locale":"gl_ES","og_type":"article","og_title":"Breve Historia da Sociedade de Albaneis de Mar\u00edn (1897-1936) -","og_description":"A finais de 1897 constitu\u00edase a terceira sociedade obreira da localidade. Os albaneis formaban outro piar fundamental da Federaci\u00f3n Obreira, sendo a meirande parte dos seus afiliados veci\u00f1os da fregues\u00eda de San Xi\u00e1n de Mar\u00edn","og_url":"https:\/\/www.anovapeneira.gal\/index.php\/2022\/01\/17\/breve-historia-da-sociedade-de-albaneis-de-marin-1897-1936\/","article_publisher":"https:\/\/www.facebook.com\/anovapeneira","article_published_time":"2022-01-17T11:00:09+00:00","og_image":[{"width":720,"height":432,"url":"https:\/\/www.anovapeneira.gal\/wp-content\/uploads\/2022\/01\/Bernardino-da-Torre-manuel-couso.jpg","type":"image\/jpeg"}],"author":"Redacci\u00f3n A Nova Peneira","twitter_card":"summary_large_image","twitter_creator":"@APeneira","twitter_site":"@APeneira","twitter_misc":{"Escrito por":"Redacci\u00f3n A Nova Peneira","Tempo de lectura":"4 minutos"},"schema":{"@context":"https:\/\/schema.org","@graph":[{"@type":"Article","@id":"https:\/\/www.anovapeneira.gal\/index.php\/2022\/01\/17\/breve-historia-da-sociedade-de-albaneis-de-marin-1897-1936\/#article","isPartOf":{"@id":"https:\/\/www.anovapeneira.gal\/index.php\/2022\/01\/17\/breve-historia-da-sociedade-de-albaneis-de-marin-1897-1936\/"},"author":{"name":"Redacci\u00f3n A Nova Peneira","@id":"https:\/\/www.anovapeneira.gal\/#\/schema\/person\/b93e3f8932e3f8da96334607eb6ac6aa"},"headline":"Breve Historia da Sociedade de Albaneis de Mar\u00edn (1897-1936)","datePublished":"2022-01-17T11:00:09+00:00","mainEntityOfPage":{"@id":"https:\/\/www.anovapeneira.gal\/index.php\/2022\/01\/17\/breve-historia-da-sociedade-de-albaneis-de-marin-1897-1936\/"},"wordCount":695,"commentCount":1,"publisher":{"@id":"https:\/\/www.anovapeneira.gal\/#organization"},"image":{"@id":"https:\/\/www.anovapeneira.gal\/index.php\/2022\/01\/17\/breve-historia-da-sociedade-de-albaneis-de-marin-1897-1936\/#primaryimage"},"thumbnailUrl":"https:\/\/www.anovapeneira.gal\/wp-content\/uploads\/2022\/01\/Bernardino-da-Torre-manuel-couso.jpg","keywords":["Concello de Mar\u00edn"],"articleSection":["Morrazo"],"inLanguage":"gl-ES","potentialAction":[{"@type":"CommentAction","name":"Comment","target":["https:\/\/www.anovapeneira.gal\/index.php\/2022\/01\/17\/breve-historia-da-sociedade-de-albaneis-de-marin-1897-1936\/#respond"]}]},{"@type":"WebPage","@id":"https:\/\/www.anovapeneira.gal\/index.php\/2022\/01\/17\/breve-historia-da-sociedade-de-albaneis-de-marin-1897-1936\/","url":"https:\/\/www.anovapeneira.gal\/index.php\/2022\/01\/17\/breve-historia-da-sociedade-de-albaneis-de-marin-1897-1936\/","name":"Breve Historia da Sociedade de Albaneis de Mar\u00edn (1897-1936) -","isPartOf":{"@id":"https:\/\/www.anovapeneira.gal\/#website"},"primaryImageOfPage":{"@id":"https:\/\/www.anovapeneira.gal\/index.php\/2022\/01\/17\/breve-historia-da-sociedade-de-albaneis-de-marin-1897-1936\/#primaryimage"},"image":{"@id":"https:\/\/www.anovapeneira.gal\/index.php\/2022\/01\/17\/breve-historia-da-sociedade-de-albaneis-de-marin-1897-1936\/#primaryimage"},"thumbnailUrl":"https:\/\/www.anovapeneira.gal\/wp-content\/uploads\/2022\/01\/Bernardino-da-Torre-manuel-couso.jpg","datePublished":"2022-01-17T11:00:09+00:00","description":"A finais de 1897 constitu\u00edase a terceira sociedade obreira da localidade. Os albaneis formaban outro piar fundamental da Federaci\u00f3n Obreira, sendo a meirande parte dos seus afiliados veci\u00f1os da fregues\u00eda de San Xi\u00e1n de Mar\u00edn","breadcrumb":{"@id":"https:\/\/www.anovapeneira.gal\/index.php\/2022\/01\/17\/breve-historia-da-sociedade-de-albaneis-de-marin-1897-1936\/#breadcrumb"},"inLanguage":"gl-ES","potentialAction":[{"@type":"ReadAction","target":["https:\/\/www.anovapeneira.gal\/index.php\/2022\/01\/17\/breve-historia-da-sociedade-de-albaneis-de-marin-1897-1936\/"]}]},{"@type":"ImageObject","inLanguage":"gl-ES","@id":"https:\/\/www.anovapeneira.gal\/index.php\/2022\/01\/17\/breve-historia-da-sociedade-de-albaneis-de-marin-1897-1936\/#primaryimage","url":"https:\/\/www.anovapeneira.gal\/wp-content\/uploads\/2022\/01\/Bernardino-da-Torre-manuel-couso.jpg","contentUrl":"https:\/\/www.anovapeneira.gal\/wp-content\/uploads\/2022\/01\/Bernardino-da-Torre-manuel-couso.jpg","width":720,"height":432,"caption":"Breve Historia da Sociedade de Albaneis de Mar\u00edn (1897-1936)"},{"@type":"BreadcrumbList","@id":"https:\/\/www.anovapeneira.gal\/index.php\/2022\/01\/17\/breve-historia-da-sociedade-de-albaneis-de-marin-1897-1936\/#breadcrumb","itemListElement":[{"@type":"ListItem","position":1,"name":"Portada","item":"https:\/\/www.anovapeneira.gal\/"},{"@type":"ListItem","position":2,"name":"Breve Historia da Sociedade de Albaneis de Mar\u00edn (1897-1936)"}]},{"@type":"WebSite","@id":"https:\/\/www.anovapeneira.gal\/#website","url":"https:\/\/www.anovapeneira.gal\/","name":"","description":"Xornal galego de informaci\u00f3n xeral Publicaci\u00f3n mensual de novas de Galicia e en especial dos Concellos da sur da provincia de Pontevedra.","publisher":{"@id":"https:\/\/www.anovapeneira.gal\/#organization"},"potentialAction":[{"@type":"SearchAction","target":{"@type":"EntryPoint","urlTemplate":"https:\/\/www.anovapeneira.gal\/?s={search_term_string}"},"query-input":{"@type":"PropertyValueSpecification","valueRequired":true,"valueName":"search_term_string"}}],"inLanguage":"gl-ES"},{"@type":"Organization","@id":"https:\/\/www.anovapeneira.gal\/#organization","name":"A Nova Peneira","url":"https:\/\/www.anovapeneira.gal\/","logo":{"@type":"ImageObject","inLanguage":"gl-ES","@id":"https:\/\/www.anovapeneira.gal\/#\/schema\/logo\/image\/","url":"http:\/\/www.anovapeneira.gal\/wp-content\/uploads\/2019\/06\/logo_a_nova_peneira_portal_web.png","contentUrl":"http:\/\/www.anovapeneira.gal\/wp-content\/uploads\/2019\/06\/logo_a_nova_peneira_portal_web.png","width":300,"height":100,"caption":"A Nova Peneira"},"image":{"@id":"https:\/\/www.anovapeneira.gal\/#\/schema\/logo\/image\/"},"sameAs":["https:\/\/www.facebook.com\/anovapeneira","https:\/\/x.com\/APeneira"]},{"@type":"Person","@id":"https:\/\/www.anovapeneira.gal\/#\/schema\/person\/b93e3f8932e3f8da96334607eb6ac6aa","name":"Redacci\u00f3n A Nova Peneira","image":{"@type":"ImageObject","inLanguage":"gl-ES","@id":"https:\/\/secure.gravatar.com\/avatar\/c052a2551a06e23fac63626232eaa90abd78dbcf1700fc46a2b2c89fd27b735f?s=96&d=mm&r=g","url":"https:\/\/secure.gravatar.com\/avatar\/c052a2551a06e23fac63626232eaa90abd78dbcf1700fc46a2b2c89fd27b735f?s=96&d=mm&r=g","contentUrl":"https:\/\/secure.gravatar.com\/avatar\/c052a2551a06e23fac63626232eaa90abd78dbcf1700fc46a2b2c89fd27b735f?s=96&d=mm&r=g","caption":"Redacci\u00f3n A Nova Peneira"},"sameAs":["http:\/\/www.anovapeneira.gal\/"],"url":"https:\/\/www.anovapeneira.gal\/index.php\/author\/redactor\/"}]}},"jetpack_featured_media_url":"https:\/\/www.anovapeneira.gal\/wp-content\/uploads\/2022\/01\/Bernardino-da-Torre-manuel-couso.jpg","_links":{"self":[{"href":"https:\/\/www.anovapeneira.gal\/index.php\/wp-json\/wp\/v2\/posts\/6770","targetHints":{"allow":["GET"]}}],"collection":[{"href":"https:\/\/www.anovapeneira.gal\/index.php\/wp-json\/wp\/v2\/posts"}],"about":[{"href":"https:\/\/www.anovapeneira.gal\/index.php\/wp-json\/wp\/v2\/types\/post"}],"author":[{"embeddable":true,"href":"https:\/\/www.anovapeneira.gal\/index.php\/wp-json\/wp\/v2\/users\/3"}],"replies":[{"embeddable":true,"href":"https:\/\/www.anovapeneira.gal\/index.php\/wp-json\/wp\/v2\/comments?post=6770"}],"version-history":[{"count":3,"href":"https:\/\/www.anovapeneira.gal\/index.php\/wp-json\/wp\/v2\/posts\/6770\/revisions"}],"predecessor-version":[{"id":6776,"href":"https:\/\/www.anovapeneira.gal\/index.php\/wp-json\/wp\/v2\/posts\/6770\/revisions\/6776"}],"wp:featuredmedia":[{"embeddable":true,"href":"https:\/\/www.anovapeneira.gal\/index.php\/wp-json\/wp\/v2\/media\/6775"}],"wp:attachment":[{"href":"https:\/\/www.anovapeneira.gal\/index.php\/wp-json\/wp\/v2\/media?parent=6770"}],"wp:term":[{"taxonomy":"category","embeddable":true,"href":"https:\/\/www.anovapeneira.gal\/index.php\/wp-json\/wp\/v2\/categories?post=6770"},{"taxonomy":"post_tag","embeddable":true,"href":"https:\/\/www.anovapeneira.gal\/index.php\/wp-json\/wp\/v2\/tags?post=6770"}],"curies":[{"name":"wp","href":"https:\/\/api.w.org\/{rel}","templated":true}]}}