{"id":6791,"date":"2022-01-19T12:00:05","date_gmt":"2022-01-19T11:00:05","guid":{"rendered":"https:\/\/www.anovapeneira.gal\/?p=6791"},"modified":"2022-01-17T09:35:27","modified_gmt":"2022-01-17T08:35:27","slug":"a-mesa-insta-ao-presidente-de-asturias-a-descartar-a-fobia-contra-o-galego-no-debate-pola-oficialidade","status":"publish","type":"post","link":"https:\/\/www.anovapeneira.gal\/index.php\/2022\/01\/19\/a-mesa-insta-ao-presidente-de-asturias-a-descartar-a-fobia-contra-o-galego-no-debate-pola-oficialidade\/","title":{"rendered":"A Mesa insta ao presidente de Asturias a descartar a fobia contra o galego no debate pola oficialidade"},"content":{"rendered":"\n<p><strong>Santiago de Compostela, 13 de xaneiro de 2022<\/strong><\/p>\n\n\n\n<p>O presidente da Mesa pola Normalizaci\u00f3n Ling\u00fc\u00edstica, Marcos Maceira, sae ao paso das declaraci\u00f3ns do presidente do Principado de Asturias, Adri\u00e1n Barb\u00f3n, ao respecto da oficialidade do galego na s\u00faa comunidade. &#8220;Ningunha lexislaci\u00f3n democr\u00e1tica pode empregar subterfuxios sem\u00e1nticos para ocultar unha realidade e unha necesidade para as miles de persoas galegofalantes entre o Eo e o Navia&#8221;, sentenciou.<br><br>&#8220;Se houber intenci\u00f3n de situar o Estatuto de Asturies dentro da democracia&#8221;, explicou, &#8220;a igualdade e os dereitos humanos aos que obrigan tratados internacionais como a Carta de dereitos civ\u00eds e democr\u00e1ticos ou a Carta das linguas rexionais e minorizadas, o galego asturiano tam\u00e9n ser\u00e1 lingua oficial de Asturies tal e como reclamou a Real Academia Galega&#8221;. A Mesa pola Normalizaci\u00f3n Ling\u00fc\u00edsitica amosa, as\u00ed, a s\u00faa coincidencia coa Real Academia Galega, que recentemente se dirixiu ao goberno asturiano para reclamar a oficialidade do galego como maneira de reco\u00f1ecer e comezar a garantir dereitos para as miles de persoas que o empregan d\u00eda a d\u00eda malia o nulo reco\u00f1ecemento legal.<\/p>\n\n\n\n<p>&#8220;Tal e como sinalou a RAG&#8221;, rematou Maceira, &#8220;empregar unha f\u00f3rmula como&nbsp;<em>Eonaviego<\/em>&nbsp;s\u00f3 procura facer invis\u00edbel a existencia do galego nas comarcas lindeiras coa Galiza&#8221;. A este respecto, o presidente da Mesa alertou sobre a &#8220;perigosidade de certos argumentos para o facer que deixan ver que ser galego \u00e9 alg\u00fan tipo de problema ou defecto mal visto socialmente e que compre ocultar&#8221;.<\/p>\n","protected":false},"excerpt":{"rendered":"<div class=\"mh-excerpt\"><p>xislaci\u00f3n democr\u00e1tica pode empregar subterfuxios sem\u00e1nticos para ocultar unha realidade e unha necesidade para as miles de persoas galegofalantes entre o Eo e o Navia&#8221;, sentenciou <a class=\"mh-excerpt-more\" href=\"https:\/\/www.anovapeneira.gal\/index.php\/2022\/01\/19\/a-mesa-insta-ao-presidente-de-asturias-a-descartar-a-fobia-contra-o-galego-no-debate-pola-oficialidade\/\" title=\"A Mesa insta ao presidente de Asturias a descartar a fobia contra o galego no debate pola oficialidade\">[&#8230;]<\/a><\/p>\n<\/div>","protected":false},"author":3,"featured_media":1422,"comment_status":"open","ping_status":"open","sticky":false,"template":"","format":"standard","meta":{"_exactmetrics_skip_tracking":false,"_exactmetrics_sitenote_active":false,"_exactmetrics_sitenote_note":"","_exactmetrics_sitenote_category":0,"footnotes":""},"categories":[263],"tags":[684],"class_list":{"0":"post-6791","1":"post","2":"type-post","3":"status-publish","4":"format-standard","5":"has-post-thumbnail","7":"category-novas","8":"tag-mesa-pola-normalizacion-linguistica-para-galicia"},"yoast_head":"<!-- This site is optimized with the Yoast SEO plugin v27.4 - https:\/\/yoast.com\/product\/yoast-seo-wordpress\/ -->\n<title>A Mesa insta ao presidente de Asturias a descartar a fobia contra o galego no debate pola oficialidade -<\/title>\n<meta name=\"description\" content=\"xislaci\u00f3n democr\u00e1tica pode empregar subterfuxios sem\u00e1nticos para ocultar unha realidade e unha necesidade para as miles de persoas galegofalantes entre o Eo e o Navia&quot;, sentenciou\" \/>\n<meta name=\"robots\" content=\"index, follow, max-snippet:-1, max-image-preview:large, max-video-preview:-1\" \/>\n<link rel=\"canonical\" href=\"https:\/\/www.anovapeneira.gal\/index.php\/2022\/01\/19\/a-mesa-insta-ao-presidente-de-asturias-a-descartar-a-fobia-contra-o-galego-no-debate-pola-oficialidade\/\" \/>\n<meta property=\"og:locale\" content=\"gl_ES\" \/>\n<meta property=\"og:type\" content=\"article\" \/>\n<meta property=\"og:title\" content=\"A Mesa insta ao presidente de Asturias a descartar a fobia contra o galego no debate pola oficialidade -\" \/>\n<meta property=\"og:description\" content=\"xislaci\u00f3n democr\u00e1tica pode empregar subterfuxios sem\u00e1nticos para ocultar unha realidade e unha necesidade para as miles de persoas galegofalantes entre o Eo e o Navia&quot;, sentenciou\" \/>\n<meta property=\"og:url\" content=\"https:\/\/www.anovapeneira.gal\/index.php\/2022\/01\/19\/a-mesa-insta-ao-presidente-de-asturias-a-descartar-a-fobia-contra-o-galego-no-debate-pola-oficialidade\/\" \/>\n<meta property=\"article:publisher\" content=\"https:\/\/www.facebook.com\/anovapeneira\" \/>\n<meta property=\"article:published_time\" content=\"2022-01-19T11:00:05+00:00\" \/>\n<meta property=\"og:image\" content=\"https:\/\/www.anovapeneira.gal\/wp-content\/uploads\/2019\/09\/a_mesa_normalizacion_linguisticas_a_nova_peneira.jpg\" \/>\n\t<meta property=\"og:image:width\" content=\"720\" \/>\n\t<meta property=\"og:image:height\" content=\"473\" \/>\n\t<meta property=\"og:image:type\" content=\"image\/jpeg\" \/>\n<meta name=\"author\" content=\"Redacci\u00f3n A Nova Peneira\" \/>\n<meta name=\"twitter:card\" content=\"summary_large_image\" \/>\n<meta name=\"twitter:creator\" content=\"@APeneira\" \/>\n<meta name=\"twitter:site\" content=\"@APeneira\" \/>\n<meta name=\"twitter:label1\" content=\"Escrito por\" \/>\n\t<meta name=\"twitter:data1\" content=\"Redacci\u00f3n A Nova Peneira\" \/>\n\t<meta name=\"twitter:label2\" content=\"Tempo de lectura\" \/>\n\t<meta name=\"twitter:data2\" content=\"2 minutos\" \/>\n<script type=\"application\/ld+json\" class=\"yoast-schema-graph\">{\"@context\":\"https:\\\/\\\/schema.org\",\"@graph\":[{\"@type\":\"Article\",\"@id\":\"https:\\\/\\\/www.anovapeneira.gal\\\/index.php\\\/2022\\\/01\\\/19\\\/a-mesa-insta-ao-presidente-de-asturias-a-descartar-a-fobia-contra-o-galego-no-debate-pola-oficialidade\\\/#article\",\"isPartOf\":{\"@id\":\"https:\\\/\\\/www.anovapeneira.gal\\\/index.php\\\/2022\\\/01\\\/19\\\/a-mesa-insta-ao-presidente-de-asturias-a-descartar-a-fobia-contra-o-galego-no-debate-pola-oficialidade\\\/\"},\"author\":{\"name\":\"Redacci\u00f3n A Nova Peneira\",\"@id\":\"https:\\\/\\\/www.anovapeneira.gal\\\/#\\\/schema\\\/person\\\/b93e3f8932e3f8da96334607eb6ac6aa\"},\"headline\":\"A Mesa insta ao presidente de Asturias a descartar a fobia contra o galego no debate pola oficialidade\",\"datePublished\":\"2022-01-19T11:00:05+00:00\",\"mainEntityOfPage\":{\"@id\":\"https:\\\/\\\/www.anovapeneira.gal\\\/index.php\\\/2022\\\/01\\\/19\\\/a-mesa-insta-ao-presidente-de-asturias-a-descartar-a-fobia-contra-o-galego-no-debate-pola-oficialidade\\\/\"},\"wordCount\":278,\"commentCount\":0,\"publisher\":{\"@id\":\"https:\\\/\\\/www.anovapeneira.gal\\\/#organization\"},\"image\":{\"@id\":\"https:\\\/\\\/www.anovapeneira.gal\\\/index.php\\\/2022\\\/01\\\/19\\\/a-mesa-insta-ao-presidente-de-asturias-a-descartar-a-fobia-contra-o-galego-no-debate-pola-oficialidade\\\/#primaryimage\"},\"thumbnailUrl\":\"https:\\\/\\\/www.anovapeneira.gal\\\/wp-content\\\/uploads\\\/2019\\\/09\\\/a_mesa_normalizacion_linguisticas_a_nova_peneira.jpg\",\"keywords\":[\"Mesa pola normalizaci\u00f3n ling\u00fc\u00edstica para Galicia\"],\"articleSection\":[\"Novas\"],\"inLanguage\":\"gl-ES\",\"potentialAction\":[{\"@type\":\"CommentAction\",\"name\":\"Comment\",\"target\":[\"https:\\\/\\\/www.anovapeneira.gal\\\/index.php\\\/2022\\\/01\\\/19\\\/a-mesa-insta-ao-presidente-de-asturias-a-descartar-a-fobia-contra-o-galego-no-debate-pola-oficialidade\\\/#respond\"]}]},{\"@type\":\"WebPage\",\"@id\":\"https:\\\/\\\/www.anovapeneira.gal\\\/index.php\\\/2022\\\/01\\\/19\\\/a-mesa-insta-ao-presidente-de-asturias-a-descartar-a-fobia-contra-o-galego-no-debate-pola-oficialidade\\\/\",\"url\":\"https:\\\/\\\/www.anovapeneira.gal\\\/index.php\\\/2022\\\/01\\\/19\\\/a-mesa-insta-ao-presidente-de-asturias-a-descartar-a-fobia-contra-o-galego-no-debate-pola-oficialidade\\\/\",\"name\":\"A Mesa insta ao presidente de Asturias a descartar a fobia contra o galego no debate pola oficialidade -\",\"isPartOf\":{\"@id\":\"https:\\\/\\\/www.anovapeneira.gal\\\/#website\"},\"primaryImageOfPage\":{\"@id\":\"https:\\\/\\\/www.anovapeneira.gal\\\/index.php\\\/2022\\\/01\\\/19\\\/a-mesa-insta-ao-presidente-de-asturias-a-descartar-a-fobia-contra-o-galego-no-debate-pola-oficialidade\\\/#primaryimage\"},\"image\":{\"@id\":\"https:\\\/\\\/www.anovapeneira.gal\\\/index.php\\\/2022\\\/01\\\/19\\\/a-mesa-insta-ao-presidente-de-asturias-a-descartar-a-fobia-contra-o-galego-no-debate-pola-oficialidade\\\/#primaryimage\"},\"thumbnailUrl\":\"https:\\\/\\\/www.anovapeneira.gal\\\/wp-content\\\/uploads\\\/2019\\\/09\\\/a_mesa_normalizacion_linguisticas_a_nova_peneira.jpg\",\"datePublished\":\"2022-01-19T11:00:05+00:00\",\"description\":\"xislaci\u00f3n democr\u00e1tica pode empregar subterfuxios sem\u00e1nticos para ocultar unha realidade e unha necesidade para as miles de persoas galegofalantes entre o Eo e o Navia\\\", sentenciou\",\"breadcrumb\":{\"@id\":\"https:\\\/\\\/www.anovapeneira.gal\\\/index.php\\\/2022\\\/01\\\/19\\\/a-mesa-insta-ao-presidente-de-asturias-a-descartar-a-fobia-contra-o-galego-no-debate-pola-oficialidade\\\/#breadcrumb\"},\"inLanguage\":\"gl-ES\",\"potentialAction\":[{\"@type\":\"ReadAction\",\"target\":[\"https:\\\/\\\/www.anovapeneira.gal\\\/index.php\\\/2022\\\/01\\\/19\\\/a-mesa-insta-ao-presidente-de-asturias-a-descartar-a-fobia-contra-o-galego-no-debate-pola-oficialidade\\\/\"]}]},{\"@type\":\"ImageObject\",\"inLanguage\":\"gl-ES\",\"@id\":\"https:\\\/\\\/www.anovapeneira.gal\\\/index.php\\\/2022\\\/01\\\/19\\\/a-mesa-insta-ao-presidente-de-asturias-a-descartar-a-fobia-contra-o-galego-no-debate-pola-oficialidade\\\/#primaryimage\",\"url\":\"https:\\\/\\\/www.anovapeneira.gal\\\/wp-content\\\/uploads\\\/2019\\\/09\\\/a_mesa_normalizacion_linguisticas_a_nova_peneira.jpg\",\"contentUrl\":\"https:\\\/\\\/www.anovapeneira.gal\\\/wp-content\\\/uploads\\\/2019\\\/09\\\/a_mesa_normalizacion_linguisticas_a_nova_peneira.jpg\",\"width\":720,\"height\":473,\"caption\":\"A Mesa de normalizaci\u00f3n A Nova Peneira\"},{\"@type\":\"BreadcrumbList\",\"@id\":\"https:\\\/\\\/www.anovapeneira.gal\\\/index.php\\\/2022\\\/01\\\/19\\\/a-mesa-insta-ao-presidente-de-asturias-a-descartar-a-fobia-contra-o-galego-no-debate-pola-oficialidade\\\/#breadcrumb\",\"itemListElement\":[{\"@type\":\"ListItem\",\"position\":1,\"name\":\"Portada\",\"item\":\"https:\\\/\\\/www.anovapeneira.gal\\\/\"},{\"@type\":\"ListItem\",\"position\":2,\"name\":\"A Mesa insta ao presidente de Asturias a descartar a fobia contra o galego no debate pola oficialidade\"}]},{\"@type\":\"WebSite\",\"@id\":\"https:\\\/\\\/www.anovapeneira.gal\\\/#website\",\"url\":\"https:\\\/\\\/www.anovapeneira.gal\\\/\",\"name\":\"\",\"description\":\"Xornal galego de informaci\u00f3n xeral Publicaci\u00f3n mensual de novas de Galicia e en especial dos Concellos da sur da provincia de Pontevedra.\",\"publisher\":{\"@id\":\"https:\\\/\\\/www.anovapeneira.gal\\\/#organization\"},\"potentialAction\":[{\"@type\":\"SearchAction\",\"target\":{\"@type\":\"EntryPoint\",\"urlTemplate\":\"https:\\\/\\\/www.anovapeneira.gal\\\/?s={search_term_string}\"},\"query-input\":{\"@type\":\"PropertyValueSpecification\",\"valueRequired\":true,\"valueName\":\"search_term_string\"}}],\"inLanguage\":\"gl-ES\"},{\"@type\":\"Organization\",\"@id\":\"https:\\\/\\\/www.anovapeneira.gal\\\/#organization\",\"name\":\"A Nova Peneira\",\"url\":\"https:\\\/\\\/www.anovapeneira.gal\\\/\",\"logo\":{\"@type\":\"ImageObject\",\"inLanguage\":\"gl-ES\",\"@id\":\"https:\\\/\\\/www.anovapeneira.gal\\\/#\\\/schema\\\/logo\\\/image\\\/\",\"url\":\"http:\\\/\\\/www.anovapeneira.gal\\\/wp-content\\\/uploads\\\/2019\\\/06\\\/logo_a_nova_peneira_portal_web.png\",\"contentUrl\":\"http:\\\/\\\/www.anovapeneira.gal\\\/wp-content\\\/uploads\\\/2019\\\/06\\\/logo_a_nova_peneira_portal_web.png\",\"width\":300,\"height\":100,\"caption\":\"A Nova Peneira\"},\"image\":{\"@id\":\"https:\\\/\\\/www.anovapeneira.gal\\\/#\\\/schema\\\/logo\\\/image\\\/\"},\"sameAs\":[\"https:\\\/\\\/www.facebook.com\\\/anovapeneira\",\"https:\\\/\\\/x.com\\\/APeneira\"]},{\"@type\":\"Person\",\"@id\":\"https:\\\/\\\/www.anovapeneira.gal\\\/#\\\/schema\\\/person\\\/b93e3f8932e3f8da96334607eb6ac6aa\",\"name\":\"Redacci\u00f3n A Nova Peneira\",\"image\":{\"@type\":\"ImageObject\",\"inLanguage\":\"gl-ES\",\"@id\":\"https:\\\/\\\/secure.gravatar.com\\\/avatar\\\/c052a2551a06e23fac63626232eaa90abd78dbcf1700fc46a2b2c89fd27b735f?s=96&d=mm&r=g\",\"url\":\"https:\\\/\\\/secure.gravatar.com\\\/avatar\\\/c052a2551a06e23fac63626232eaa90abd78dbcf1700fc46a2b2c89fd27b735f?s=96&d=mm&r=g\",\"contentUrl\":\"https:\\\/\\\/secure.gravatar.com\\\/avatar\\\/c052a2551a06e23fac63626232eaa90abd78dbcf1700fc46a2b2c89fd27b735f?s=96&d=mm&r=g\",\"caption\":\"Redacci\u00f3n A Nova Peneira\"},\"sameAs\":[\"http:\\\/\\\/www.anovapeneira.gal\\\/\"],\"url\":\"https:\\\/\\\/www.anovapeneira.gal\\\/index.php\\\/author\\\/redactor\\\/\"}]}<\/script>\n<!-- \/ Yoast SEO plugin. -->","yoast_head_json":{"title":"A Mesa insta ao presidente de Asturias a descartar a fobia contra o galego no debate pola oficialidade -","description":"xislaci\u00f3n democr\u00e1tica pode empregar subterfuxios sem\u00e1nticos para ocultar unha realidade e unha necesidade para as miles de persoas galegofalantes entre o Eo e o Navia\", sentenciou","robots":{"index":"index","follow":"follow","max-snippet":"max-snippet:-1","max-image-preview":"max-image-preview:large","max-video-preview":"max-video-preview:-1"},"canonical":"https:\/\/www.anovapeneira.gal\/index.php\/2022\/01\/19\/a-mesa-insta-ao-presidente-de-asturias-a-descartar-a-fobia-contra-o-galego-no-debate-pola-oficialidade\/","og_locale":"gl_ES","og_type":"article","og_title":"A Mesa insta ao presidente de Asturias a descartar a fobia contra o galego no debate pola oficialidade -","og_description":"xislaci\u00f3n democr\u00e1tica pode empregar subterfuxios sem\u00e1nticos para ocultar unha realidade e unha necesidade para as miles de persoas galegofalantes entre o Eo e o Navia\", sentenciou","og_url":"https:\/\/www.anovapeneira.gal\/index.php\/2022\/01\/19\/a-mesa-insta-ao-presidente-de-asturias-a-descartar-a-fobia-contra-o-galego-no-debate-pola-oficialidade\/","article_publisher":"https:\/\/www.facebook.com\/anovapeneira","article_published_time":"2022-01-19T11:00:05+00:00","og_image":[{"width":720,"height":473,"url":"https:\/\/www.anovapeneira.gal\/wp-content\/uploads\/2019\/09\/a_mesa_normalizacion_linguisticas_a_nova_peneira.jpg","type":"image\/jpeg"}],"author":"Redacci\u00f3n A Nova Peneira","twitter_card":"summary_large_image","twitter_creator":"@APeneira","twitter_site":"@APeneira","twitter_misc":{"Escrito por":"Redacci\u00f3n A Nova Peneira","Tempo de lectura":"2 minutos"},"schema":{"@context":"https:\/\/schema.org","@graph":[{"@type":"Article","@id":"https:\/\/www.anovapeneira.gal\/index.php\/2022\/01\/19\/a-mesa-insta-ao-presidente-de-asturias-a-descartar-a-fobia-contra-o-galego-no-debate-pola-oficialidade\/#article","isPartOf":{"@id":"https:\/\/www.anovapeneira.gal\/index.php\/2022\/01\/19\/a-mesa-insta-ao-presidente-de-asturias-a-descartar-a-fobia-contra-o-galego-no-debate-pola-oficialidade\/"},"author":{"name":"Redacci\u00f3n A Nova Peneira","@id":"https:\/\/www.anovapeneira.gal\/#\/schema\/person\/b93e3f8932e3f8da96334607eb6ac6aa"},"headline":"A Mesa insta ao presidente de Asturias a descartar a fobia contra o galego no debate pola oficialidade","datePublished":"2022-01-19T11:00:05+00:00","mainEntityOfPage":{"@id":"https:\/\/www.anovapeneira.gal\/index.php\/2022\/01\/19\/a-mesa-insta-ao-presidente-de-asturias-a-descartar-a-fobia-contra-o-galego-no-debate-pola-oficialidade\/"},"wordCount":278,"commentCount":0,"publisher":{"@id":"https:\/\/www.anovapeneira.gal\/#organization"},"image":{"@id":"https:\/\/www.anovapeneira.gal\/index.php\/2022\/01\/19\/a-mesa-insta-ao-presidente-de-asturias-a-descartar-a-fobia-contra-o-galego-no-debate-pola-oficialidade\/#primaryimage"},"thumbnailUrl":"https:\/\/www.anovapeneira.gal\/wp-content\/uploads\/2019\/09\/a_mesa_normalizacion_linguisticas_a_nova_peneira.jpg","keywords":["Mesa pola normalizaci\u00f3n ling\u00fc\u00edstica para Galicia"],"articleSection":["Novas"],"inLanguage":"gl-ES","potentialAction":[{"@type":"CommentAction","name":"Comment","target":["https:\/\/www.anovapeneira.gal\/index.php\/2022\/01\/19\/a-mesa-insta-ao-presidente-de-asturias-a-descartar-a-fobia-contra-o-galego-no-debate-pola-oficialidade\/#respond"]}]},{"@type":"WebPage","@id":"https:\/\/www.anovapeneira.gal\/index.php\/2022\/01\/19\/a-mesa-insta-ao-presidente-de-asturias-a-descartar-a-fobia-contra-o-galego-no-debate-pola-oficialidade\/","url":"https:\/\/www.anovapeneira.gal\/index.php\/2022\/01\/19\/a-mesa-insta-ao-presidente-de-asturias-a-descartar-a-fobia-contra-o-galego-no-debate-pola-oficialidade\/","name":"A Mesa insta ao presidente de Asturias a descartar a fobia contra o galego no debate pola oficialidade -","isPartOf":{"@id":"https:\/\/www.anovapeneira.gal\/#website"},"primaryImageOfPage":{"@id":"https:\/\/www.anovapeneira.gal\/index.php\/2022\/01\/19\/a-mesa-insta-ao-presidente-de-asturias-a-descartar-a-fobia-contra-o-galego-no-debate-pola-oficialidade\/#primaryimage"},"image":{"@id":"https:\/\/www.anovapeneira.gal\/index.php\/2022\/01\/19\/a-mesa-insta-ao-presidente-de-asturias-a-descartar-a-fobia-contra-o-galego-no-debate-pola-oficialidade\/#primaryimage"},"thumbnailUrl":"https:\/\/www.anovapeneira.gal\/wp-content\/uploads\/2019\/09\/a_mesa_normalizacion_linguisticas_a_nova_peneira.jpg","datePublished":"2022-01-19T11:00:05+00:00","description":"xislaci\u00f3n democr\u00e1tica pode empregar subterfuxios sem\u00e1nticos para ocultar unha realidade e unha necesidade para as miles de persoas galegofalantes entre o Eo e o Navia\", sentenciou","breadcrumb":{"@id":"https:\/\/www.anovapeneira.gal\/index.php\/2022\/01\/19\/a-mesa-insta-ao-presidente-de-asturias-a-descartar-a-fobia-contra-o-galego-no-debate-pola-oficialidade\/#breadcrumb"},"inLanguage":"gl-ES","potentialAction":[{"@type":"ReadAction","target":["https:\/\/www.anovapeneira.gal\/index.php\/2022\/01\/19\/a-mesa-insta-ao-presidente-de-asturias-a-descartar-a-fobia-contra-o-galego-no-debate-pola-oficialidade\/"]}]},{"@type":"ImageObject","inLanguage":"gl-ES","@id":"https:\/\/www.anovapeneira.gal\/index.php\/2022\/01\/19\/a-mesa-insta-ao-presidente-de-asturias-a-descartar-a-fobia-contra-o-galego-no-debate-pola-oficialidade\/#primaryimage","url":"https:\/\/www.anovapeneira.gal\/wp-content\/uploads\/2019\/09\/a_mesa_normalizacion_linguisticas_a_nova_peneira.jpg","contentUrl":"https:\/\/www.anovapeneira.gal\/wp-content\/uploads\/2019\/09\/a_mesa_normalizacion_linguisticas_a_nova_peneira.jpg","width":720,"height":473,"caption":"A Mesa de normalizaci\u00f3n A Nova Peneira"},{"@type":"BreadcrumbList","@id":"https:\/\/www.anovapeneira.gal\/index.php\/2022\/01\/19\/a-mesa-insta-ao-presidente-de-asturias-a-descartar-a-fobia-contra-o-galego-no-debate-pola-oficialidade\/#breadcrumb","itemListElement":[{"@type":"ListItem","position":1,"name":"Portada","item":"https:\/\/www.anovapeneira.gal\/"},{"@type":"ListItem","position":2,"name":"A Mesa insta ao presidente de Asturias a descartar a fobia contra o galego no debate pola oficialidade"}]},{"@type":"WebSite","@id":"https:\/\/www.anovapeneira.gal\/#website","url":"https:\/\/www.anovapeneira.gal\/","name":"","description":"Xornal galego de informaci\u00f3n xeral Publicaci\u00f3n mensual de novas de Galicia e en especial dos Concellos da sur da provincia de Pontevedra.","publisher":{"@id":"https:\/\/www.anovapeneira.gal\/#organization"},"potentialAction":[{"@type":"SearchAction","target":{"@type":"EntryPoint","urlTemplate":"https:\/\/www.anovapeneira.gal\/?s={search_term_string}"},"query-input":{"@type":"PropertyValueSpecification","valueRequired":true,"valueName":"search_term_string"}}],"inLanguage":"gl-ES"},{"@type":"Organization","@id":"https:\/\/www.anovapeneira.gal\/#organization","name":"A Nova Peneira","url":"https:\/\/www.anovapeneira.gal\/","logo":{"@type":"ImageObject","inLanguage":"gl-ES","@id":"https:\/\/www.anovapeneira.gal\/#\/schema\/logo\/image\/","url":"http:\/\/www.anovapeneira.gal\/wp-content\/uploads\/2019\/06\/logo_a_nova_peneira_portal_web.png","contentUrl":"http:\/\/www.anovapeneira.gal\/wp-content\/uploads\/2019\/06\/logo_a_nova_peneira_portal_web.png","width":300,"height":100,"caption":"A Nova Peneira"},"image":{"@id":"https:\/\/www.anovapeneira.gal\/#\/schema\/logo\/image\/"},"sameAs":["https:\/\/www.facebook.com\/anovapeneira","https:\/\/x.com\/APeneira"]},{"@type":"Person","@id":"https:\/\/www.anovapeneira.gal\/#\/schema\/person\/b93e3f8932e3f8da96334607eb6ac6aa","name":"Redacci\u00f3n A Nova Peneira","image":{"@type":"ImageObject","inLanguage":"gl-ES","@id":"https:\/\/secure.gravatar.com\/avatar\/c052a2551a06e23fac63626232eaa90abd78dbcf1700fc46a2b2c89fd27b735f?s=96&d=mm&r=g","url":"https:\/\/secure.gravatar.com\/avatar\/c052a2551a06e23fac63626232eaa90abd78dbcf1700fc46a2b2c89fd27b735f?s=96&d=mm&r=g","contentUrl":"https:\/\/secure.gravatar.com\/avatar\/c052a2551a06e23fac63626232eaa90abd78dbcf1700fc46a2b2c89fd27b735f?s=96&d=mm&r=g","caption":"Redacci\u00f3n A Nova Peneira"},"sameAs":["http:\/\/www.anovapeneira.gal\/"],"url":"https:\/\/www.anovapeneira.gal\/index.php\/author\/redactor\/"}]}},"jetpack_featured_media_url":"https:\/\/www.anovapeneira.gal\/wp-content\/uploads\/2019\/09\/a_mesa_normalizacion_linguisticas_a_nova_peneira.jpg","_links":{"self":[{"href":"https:\/\/www.anovapeneira.gal\/index.php\/wp-json\/wp\/v2\/posts\/6791","targetHints":{"allow":["GET"]}}],"collection":[{"href":"https:\/\/www.anovapeneira.gal\/index.php\/wp-json\/wp\/v2\/posts"}],"about":[{"href":"https:\/\/www.anovapeneira.gal\/index.php\/wp-json\/wp\/v2\/types\/post"}],"author":[{"embeddable":true,"href":"https:\/\/www.anovapeneira.gal\/index.php\/wp-json\/wp\/v2\/users\/3"}],"replies":[{"embeddable":true,"href":"https:\/\/www.anovapeneira.gal\/index.php\/wp-json\/wp\/v2\/comments?post=6791"}],"version-history":[{"count":1,"href":"https:\/\/www.anovapeneira.gal\/index.php\/wp-json\/wp\/v2\/posts\/6791\/revisions"}],"predecessor-version":[{"id":6792,"href":"https:\/\/www.anovapeneira.gal\/index.php\/wp-json\/wp\/v2\/posts\/6791\/revisions\/6792"}],"wp:featuredmedia":[{"embeddable":true,"href":"https:\/\/www.anovapeneira.gal\/index.php\/wp-json\/wp\/v2\/media\/1422"}],"wp:attachment":[{"href":"https:\/\/www.anovapeneira.gal\/index.php\/wp-json\/wp\/v2\/media?parent=6791"}],"wp:term":[{"taxonomy":"category","embeddable":true,"href":"https:\/\/www.anovapeneira.gal\/index.php\/wp-json\/wp\/v2\/categories?post=6791"},{"taxonomy":"post_tag","embeddable":true,"href":"https:\/\/www.anovapeneira.gal\/index.php\/wp-json\/wp\/v2\/tags?post=6791"}],"curies":[{"name":"wp","href":"https:\/\/api.w.org\/{rel}","templated":true}]}}