{"id":6793,"date":"2022-01-19T11:00:20","date_gmt":"2022-01-19T10:00:20","guid":{"rendered":"https:\/\/www.anovapeneira.gal\/?p=6793"},"modified":"2022-01-17T09:41:10","modified_gmt":"2022-01-17T08:41:10","slug":"mondariz-preve-un-aforro-de-43-000-e-co-cambio-de-provedor-de-enerxia-electrica","status":"publish","type":"post","link":"https:\/\/www.anovapeneira.gal\/index.php\/2022\/01\/19\/mondariz-preve-un-aforro-de-43-000-e-co-cambio-de-provedor-de-enerxia-electrica\/","title":{"rendered":"Mondariz prev\u00e9 un aforro de 43.000 \u20ac co cambio de provedor de enerx\u00eda el\u00e9ctrica"},"content":{"rendered":"\n<h2 class=\"wp-block-heading\"><em>O Goberno municipal levou ao Pleno da Corporaci\u00f3n Municipal o proceso de adxudicaci\u00f3n dun novo contrato para a subministraci\u00f3n de enerx\u00eda el\u00e9ctrica<\/em><\/h2>\n\n\n\n<p><em>Os esforzos para ga\u00f1ar eficiencia na subministraci\u00f3n de servizos municipais b\u00e1sicos como a luz son constantes, como demostra tam\u00e9n o cambio a LED de toda a rede municipal de alumeado p\u00fablico previsto para este ano<\/em><\/p>\n\n\n\n<p>Unha das li\u00f1as estrat\u00e9xicas do Goberno municipal de Mondariz na presente lexislatura \u00e9 ga\u00f1ar eficiencia na subministraci\u00f3n dos servizos p\u00fablicos m\u00e1is b\u00e1sicos, tanto a trav\u00e9s de investimentos que melloren as infraestruturas como a trav\u00e9s do cambio de provedores. No \u00faltimo ano traballouse intensamente na an\u00e1lise da factura el\u00e9ctrica municipal e do mercado enerx\u00e9tico para buscar alternativas que posibilitaran un aforro neses gastos correntes. Este esforzo pol\u00edtico e administrativo permitiu acadar un novo contrato de subministraci\u00f3n a trav\u00e9s do Acordo Marco realizado pola FEMP (Federaci\u00f3n Espa\u00f1ola de Municipios e Provincias) que, segundo o prezo da luz de 2021 tomado como referencia, asegura un aforro anual de 43.000 euros.<\/p>\n\n\n\n<p>Este novo contrato para a subministraci\u00f3n de enerx\u00eda el\u00e9ctrica foi votado na \u00faltima sesi\u00f3n do Pleno da Corporaci\u00f3n Municipal, celebrada esta semana, resultando aprobado con cinco votos favorables (BNG, PSOE e Ciudadanos) e cinco abstenci\u00f3ns (Alternativa por Mondariz e Partido Popular).<\/p>\n\n\n\n<p><strong>Investimentos para un maior aforro da factura el\u00e9ctrica municipal<\/strong><\/p>\n\n\n\n<p>Para este ano 2022 est\u00e1 previsto que o Concello de Mondariz desenvolva os catro proxectos de aforro e eficiencia enerx\u00e9tica aprobados polo IDAE (Instituto para a Diversificaci\u00f3n e o Aforro de Enerx\u00eda), organismo dependente do Ministerio para a Transici\u00f3n Ecol\u00f3xica e o Reto Demogr\u00e1fico que canaliza fondos europeos. Estes proxectos, que est\u00e1n financiados nun 80% con fondos europeos correspondentes o per\u00edodo 2014-2020, est\u00e1n relacionados co cambio a LED de toda a rede municipal de alumeado p\u00fablico e a mellora de elementos b\u00e1sicos como os cadros el\u00e9ctricos.<\/p>\n\n\n\n<p>&#8220;\u00c9 un investimento hist\u00f3rico que supera o mill\u00f3n e medio de euros e permite un aforro do 70% na factura el\u00e9ctrica municipal, que antes da subida da luz xa rondaba os 200.000 euros&#8221;, explica Xos\u00e9 Emilio Barros, alcalde de Mondariz. &#8220;\u00c9 unha modernizaci\u00f3n integral de infraestruturas b\u00e1sicas que ning\u00fan Goberno municipal das \u00faltimas d\u00e9cadas afrontou e que beneficiar\u00e1 ao Concello de Mondariz durante moito tempo&#8221;, destaca.<\/p>\n\n\n\n<p>Na lexislatura anterior xa se tramitara un proxecto de instalaci\u00f3n de luminarias LED a trav\u00e9s dun programa da Deputaci\u00f3n de Pontevedra, que est\u00e1 en v\u00edas de execuci\u00f3n por problemas derivados da propia planificaci\u00f3n do proxecto. Tr\u00e1tase da instalaci\u00f3n de luminarias LED en 134 puntos de luz dos barrios de Lordelo e Aboal, na parroquia de Tout\u00f3n, que non incl\u00fae a renovaci\u00f3n dos cadros el\u00e9ctricos. &#8220;A diferencia \u00e9 que agora \u00e9 o propio Concello de Mondariz quen promove e controla os proxectos, abarcando todos os elementos da rede que \u00e9 necesario renovar para acadar a eficiencia enerx\u00e9tica que se busca&#8221;, sinala Barros. &#8220;Ademais, o cambio a LED da rede municipal de alumeado p\u00fablico vai chegar a todas as parroquias, sen deixar a ningunha atr\u00e1s&#8221;.<\/p>\n\n\n\n<p>A pesar de que estes proxectos est\u00e1n financiados nun 80% pola Uni\u00f3n Europea, o esforzo econ\u00f3mico e administrativo do Concello de Mondariz \u00e9 considerable; todo un desaf\u00edo para un concello que a d\u00eda de hoxe non chega a 5.000 habitantes e ten recursos moi limitados. &#8220;Estamos traballando intensamente na xesti\u00f3n financieira destes proxectos para acadar a soluci\u00f3n m\u00e1is axeitada. Obviamente \u00e9 un esforzo pol\u00edtico e administrativo enorme, pero cando chegamos ao Goberno, en 2019, os fondos europeos do per\u00edodo 2014-2020 estaban a piques de rematar e ti\u00f1amos a responsabilidade moral de aproveitar esta oportunidade para o ben de Mondariz&#8221;, sinala Barros. &#8220;Varios concellos da comarca accederon a estes fondos europeos durante o per\u00edodo 2014-2020 e xa modernizaron as redes municipais de alumeado p\u00fablico cos resultados esperados. \u00c9 un investimento que se vai amortizar rapidamente polo aforro que sup\u00f3n na factura el\u00e9ctrica municipal&#8221;.<\/p>\n","protected":false},"excerpt":{"rendered":"<div class=\"mh-excerpt\"><p>de adxudicaci\u00f3n dun novo contrato para a subministraci\u00f3n de enerx\u00eda el\u00e9ctrica <a class=\"mh-excerpt-more\" href=\"https:\/\/www.anovapeneira.gal\/index.php\/2022\/01\/19\/mondariz-preve-un-aforro-de-43-000-e-co-cambio-de-provedor-de-enerxia-electrica\/\" title=\"Mondariz prev\u00e9 un aforro de 43.000 \u20ac co cambio de provedor de enerx\u00eda el\u00e9ctrica\">[&#8230;]<\/a><\/p>\n<\/div>","protected":false},"author":3,"featured_media":6795,"comment_status":"open","ping_status":"open","sticky":false,"template":"","format":"standard","meta":{"_exactmetrics_skip_tracking":false,"_exactmetrics_sitenote_active":false,"_exactmetrics_sitenote_note":"","_exactmetrics_sitenote_category":0,"footnotes":""},"categories":[25],"tags":[405],"class_list":{"0":"post-6793","1":"post","2":"type-post","3":"status-publish","4":"format-standard","5":"has-post-thumbnail","7":"category-condado","8":"tag-concello-de-mondariz"},"yoast_head":"<!-- This site is optimized with the Yoast SEO plugin v27.4 - https:\/\/yoast.com\/product\/yoast-seo-wordpress\/ -->\n<title>Mondariz prev\u00e9 un aforro de 43.000 \u20ac co cambio de provedor de enerx\u00eda el\u00e9ctrica -<\/title>\n<meta name=\"description\" content=\"de adxudicaci\u00f3n dun novo contrato para a subministraci\u00f3n de enerx\u00eda el\u00e9ctrica\" \/>\n<meta name=\"robots\" content=\"index, follow, max-snippet:-1, max-image-preview:large, max-video-preview:-1\" \/>\n<link rel=\"canonical\" href=\"https:\/\/www.anovapeneira.gal\/index.php\/2022\/01\/19\/mondariz-preve-un-aforro-de-43-000-e-co-cambio-de-provedor-de-enerxia-electrica\/\" \/>\n<meta property=\"og:locale\" content=\"gl_ES\" \/>\n<meta property=\"og:type\" content=\"article\" \/>\n<meta property=\"og:title\" content=\"Mondariz prev\u00e9 un aforro de 43.000 \u20ac co cambio de provedor de enerx\u00eda el\u00e9ctrica -\" \/>\n<meta property=\"og:description\" content=\"de adxudicaci\u00f3n dun novo contrato para a subministraci\u00f3n de enerx\u00eda el\u00e9ctrica\" \/>\n<meta property=\"og:url\" content=\"https:\/\/www.anovapeneira.gal\/index.php\/2022\/01\/19\/mondariz-preve-un-aforro-de-43-000-e-co-cambio-de-provedor-de-enerxia-electrica\/\" \/>\n<meta property=\"article:publisher\" content=\"https:\/\/www.facebook.com\/anovapeneira\" \/>\n<meta property=\"article:published_time\" content=\"2022-01-19T10:00:20+00:00\" \/>\n<meta property=\"og:image\" content=\"https:\/\/www.anovapeneira.gal\/wp-content\/uploads\/2022\/01\/Concello_de-_Mondariz.jpg\" \/>\n\t<meta property=\"og:image:width\" content=\"720\" \/>\n\t<meta property=\"og:image:height\" content=\"432\" \/>\n\t<meta property=\"og:image:type\" content=\"image\/jpeg\" \/>\n<meta name=\"author\" content=\"Redacci\u00f3n A Nova Peneira\" \/>\n<meta name=\"twitter:card\" content=\"summary_large_image\" \/>\n<meta name=\"twitter:creator\" content=\"@APeneira\" \/>\n<meta name=\"twitter:site\" content=\"@APeneira\" \/>\n<meta name=\"twitter:label1\" content=\"Escrito por\" \/>\n\t<meta name=\"twitter:data1\" content=\"Redacci\u00f3n A Nova Peneira\" \/>\n\t<meta name=\"twitter:label2\" content=\"Tempo de lectura\" \/>\n\t<meta name=\"twitter:data2\" content=\"4 minutos\" \/>\n<script type=\"application\/ld+json\" class=\"yoast-schema-graph\">{\"@context\":\"https:\\\/\\\/schema.org\",\"@graph\":[{\"@type\":\"Article\",\"@id\":\"https:\\\/\\\/www.anovapeneira.gal\\\/index.php\\\/2022\\\/01\\\/19\\\/mondariz-preve-un-aforro-de-43-000-e-co-cambio-de-provedor-de-enerxia-electrica\\\/#article\",\"isPartOf\":{\"@id\":\"https:\\\/\\\/www.anovapeneira.gal\\\/index.php\\\/2022\\\/01\\\/19\\\/mondariz-preve-un-aforro-de-43-000-e-co-cambio-de-provedor-de-enerxia-electrica\\\/\"},\"author\":{\"name\":\"Redacci\u00f3n A Nova Peneira\",\"@id\":\"https:\\\/\\\/www.anovapeneira.gal\\\/#\\\/schema\\\/person\\\/b93e3f8932e3f8da96334607eb6ac6aa\"},\"headline\":\"Mondariz prev\u00e9 un aforro de 43.000 \u20ac co cambio de provedor de enerx\u00eda el\u00e9ctrica\",\"datePublished\":\"2022-01-19T10:00:20+00:00\",\"mainEntityOfPage\":{\"@id\":\"https:\\\/\\\/www.anovapeneira.gal\\\/index.php\\\/2022\\\/01\\\/19\\\/mondariz-preve-un-aforro-de-43-000-e-co-cambio-de-provedor-de-enerxia-electrica\\\/\"},\"wordCount\":709,\"commentCount\":0,\"publisher\":{\"@id\":\"https:\\\/\\\/www.anovapeneira.gal\\\/#organization\"},\"image\":{\"@id\":\"https:\\\/\\\/www.anovapeneira.gal\\\/index.php\\\/2022\\\/01\\\/19\\\/mondariz-preve-un-aforro-de-43-000-e-co-cambio-de-provedor-de-enerxia-electrica\\\/#primaryimage\"},\"thumbnailUrl\":\"https:\\\/\\\/www.anovapeneira.gal\\\/wp-content\\\/uploads\\\/2022\\\/01\\\/Concello_de-_Mondariz.jpg\",\"keywords\":[\"Concello de Mondariz\"],\"articleSection\":[\"Condado\"],\"inLanguage\":\"gl-ES\",\"potentialAction\":[{\"@type\":\"CommentAction\",\"name\":\"Comment\",\"target\":[\"https:\\\/\\\/www.anovapeneira.gal\\\/index.php\\\/2022\\\/01\\\/19\\\/mondariz-preve-un-aforro-de-43-000-e-co-cambio-de-provedor-de-enerxia-electrica\\\/#respond\"]}]},{\"@type\":\"WebPage\",\"@id\":\"https:\\\/\\\/www.anovapeneira.gal\\\/index.php\\\/2022\\\/01\\\/19\\\/mondariz-preve-un-aforro-de-43-000-e-co-cambio-de-provedor-de-enerxia-electrica\\\/\",\"url\":\"https:\\\/\\\/www.anovapeneira.gal\\\/index.php\\\/2022\\\/01\\\/19\\\/mondariz-preve-un-aforro-de-43-000-e-co-cambio-de-provedor-de-enerxia-electrica\\\/\",\"name\":\"Mondariz prev\u00e9 un aforro de 43.000 \u20ac co cambio de provedor de enerx\u00eda el\u00e9ctrica -\",\"isPartOf\":{\"@id\":\"https:\\\/\\\/www.anovapeneira.gal\\\/#website\"},\"primaryImageOfPage\":{\"@id\":\"https:\\\/\\\/www.anovapeneira.gal\\\/index.php\\\/2022\\\/01\\\/19\\\/mondariz-preve-un-aforro-de-43-000-e-co-cambio-de-provedor-de-enerxia-electrica\\\/#primaryimage\"},\"image\":{\"@id\":\"https:\\\/\\\/www.anovapeneira.gal\\\/index.php\\\/2022\\\/01\\\/19\\\/mondariz-preve-un-aforro-de-43-000-e-co-cambio-de-provedor-de-enerxia-electrica\\\/#primaryimage\"},\"thumbnailUrl\":\"https:\\\/\\\/www.anovapeneira.gal\\\/wp-content\\\/uploads\\\/2022\\\/01\\\/Concello_de-_Mondariz.jpg\",\"datePublished\":\"2022-01-19T10:00:20+00:00\",\"description\":\"de adxudicaci\u00f3n dun novo contrato para a subministraci\u00f3n de enerx\u00eda el\u00e9ctrica\",\"breadcrumb\":{\"@id\":\"https:\\\/\\\/www.anovapeneira.gal\\\/index.php\\\/2022\\\/01\\\/19\\\/mondariz-preve-un-aforro-de-43-000-e-co-cambio-de-provedor-de-enerxia-electrica\\\/#breadcrumb\"},\"inLanguage\":\"gl-ES\",\"potentialAction\":[{\"@type\":\"ReadAction\",\"target\":[\"https:\\\/\\\/www.anovapeneira.gal\\\/index.php\\\/2022\\\/01\\\/19\\\/mondariz-preve-un-aforro-de-43-000-e-co-cambio-de-provedor-de-enerxia-electrica\\\/\"]}]},{\"@type\":\"ImageObject\",\"inLanguage\":\"gl-ES\",\"@id\":\"https:\\\/\\\/www.anovapeneira.gal\\\/index.php\\\/2022\\\/01\\\/19\\\/mondariz-preve-un-aforro-de-43-000-e-co-cambio-de-provedor-de-enerxia-electrica\\\/#primaryimage\",\"url\":\"https:\\\/\\\/www.anovapeneira.gal\\\/wp-content\\\/uploads\\\/2022\\\/01\\\/Concello_de-_Mondariz.jpg\",\"contentUrl\":\"https:\\\/\\\/www.anovapeneira.gal\\\/wp-content\\\/uploads\\\/2022\\\/01\\\/Concello_de-_Mondariz.jpg\",\"width\":720,\"height\":432,\"caption\":\"Concello Mondariz\"},{\"@type\":\"BreadcrumbList\",\"@id\":\"https:\\\/\\\/www.anovapeneira.gal\\\/index.php\\\/2022\\\/01\\\/19\\\/mondariz-preve-un-aforro-de-43-000-e-co-cambio-de-provedor-de-enerxia-electrica\\\/#breadcrumb\",\"itemListElement\":[{\"@type\":\"ListItem\",\"position\":1,\"name\":\"Portada\",\"item\":\"https:\\\/\\\/www.anovapeneira.gal\\\/\"},{\"@type\":\"ListItem\",\"position\":2,\"name\":\"Mondariz prev\u00e9 un aforro de 43.000 \u20ac co cambio de provedor de enerx\u00eda el\u00e9ctrica\"}]},{\"@type\":\"WebSite\",\"@id\":\"https:\\\/\\\/www.anovapeneira.gal\\\/#website\",\"url\":\"https:\\\/\\\/www.anovapeneira.gal\\\/\",\"name\":\"\",\"description\":\"Xornal galego de informaci\u00f3n xeral Publicaci\u00f3n mensual de novas de Galicia e en especial dos Concellos da sur da provincia de Pontevedra.\",\"publisher\":{\"@id\":\"https:\\\/\\\/www.anovapeneira.gal\\\/#organization\"},\"potentialAction\":[{\"@type\":\"SearchAction\",\"target\":{\"@type\":\"EntryPoint\",\"urlTemplate\":\"https:\\\/\\\/www.anovapeneira.gal\\\/?s={search_term_string}\"},\"query-input\":{\"@type\":\"PropertyValueSpecification\",\"valueRequired\":true,\"valueName\":\"search_term_string\"}}],\"inLanguage\":\"gl-ES\"},{\"@type\":\"Organization\",\"@id\":\"https:\\\/\\\/www.anovapeneira.gal\\\/#organization\",\"name\":\"A Nova Peneira\",\"url\":\"https:\\\/\\\/www.anovapeneira.gal\\\/\",\"logo\":{\"@type\":\"ImageObject\",\"inLanguage\":\"gl-ES\",\"@id\":\"https:\\\/\\\/www.anovapeneira.gal\\\/#\\\/schema\\\/logo\\\/image\\\/\",\"url\":\"http:\\\/\\\/www.anovapeneira.gal\\\/wp-content\\\/uploads\\\/2019\\\/06\\\/logo_a_nova_peneira_portal_web.png\",\"contentUrl\":\"http:\\\/\\\/www.anovapeneira.gal\\\/wp-content\\\/uploads\\\/2019\\\/06\\\/logo_a_nova_peneira_portal_web.png\",\"width\":300,\"height\":100,\"caption\":\"A Nova Peneira\"},\"image\":{\"@id\":\"https:\\\/\\\/www.anovapeneira.gal\\\/#\\\/schema\\\/logo\\\/image\\\/\"},\"sameAs\":[\"https:\\\/\\\/www.facebook.com\\\/anovapeneira\",\"https:\\\/\\\/x.com\\\/APeneira\"]},{\"@type\":\"Person\",\"@id\":\"https:\\\/\\\/www.anovapeneira.gal\\\/#\\\/schema\\\/person\\\/b93e3f8932e3f8da96334607eb6ac6aa\",\"name\":\"Redacci\u00f3n A Nova Peneira\",\"image\":{\"@type\":\"ImageObject\",\"inLanguage\":\"gl-ES\",\"@id\":\"https:\\\/\\\/secure.gravatar.com\\\/avatar\\\/c052a2551a06e23fac63626232eaa90abd78dbcf1700fc46a2b2c89fd27b735f?s=96&d=mm&r=g\",\"url\":\"https:\\\/\\\/secure.gravatar.com\\\/avatar\\\/c052a2551a06e23fac63626232eaa90abd78dbcf1700fc46a2b2c89fd27b735f?s=96&d=mm&r=g\",\"contentUrl\":\"https:\\\/\\\/secure.gravatar.com\\\/avatar\\\/c052a2551a06e23fac63626232eaa90abd78dbcf1700fc46a2b2c89fd27b735f?s=96&d=mm&r=g\",\"caption\":\"Redacci\u00f3n A Nova Peneira\"},\"sameAs\":[\"http:\\\/\\\/www.anovapeneira.gal\\\/\"],\"url\":\"https:\\\/\\\/www.anovapeneira.gal\\\/index.php\\\/author\\\/redactor\\\/\"}]}<\/script>\n<!-- \/ Yoast SEO plugin. -->","yoast_head_json":{"title":"Mondariz prev\u00e9 un aforro de 43.000 \u20ac co cambio de provedor de enerx\u00eda el\u00e9ctrica -","description":"de adxudicaci\u00f3n dun novo contrato para a subministraci\u00f3n de enerx\u00eda el\u00e9ctrica","robots":{"index":"index","follow":"follow","max-snippet":"max-snippet:-1","max-image-preview":"max-image-preview:large","max-video-preview":"max-video-preview:-1"},"canonical":"https:\/\/www.anovapeneira.gal\/index.php\/2022\/01\/19\/mondariz-preve-un-aforro-de-43-000-e-co-cambio-de-provedor-de-enerxia-electrica\/","og_locale":"gl_ES","og_type":"article","og_title":"Mondariz prev\u00e9 un aforro de 43.000 \u20ac co cambio de provedor de enerx\u00eda el\u00e9ctrica -","og_description":"de adxudicaci\u00f3n dun novo contrato para a subministraci\u00f3n de enerx\u00eda el\u00e9ctrica","og_url":"https:\/\/www.anovapeneira.gal\/index.php\/2022\/01\/19\/mondariz-preve-un-aforro-de-43-000-e-co-cambio-de-provedor-de-enerxia-electrica\/","article_publisher":"https:\/\/www.facebook.com\/anovapeneira","article_published_time":"2022-01-19T10:00:20+00:00","og_image":[{"width":720,"height":432,"url":"https:\/\/www.anovapeneira.gal\/wp-content\/uploads\/2022\/01\/Concello_de-_Mondariz.jpg","type":"image\/jpeg"}],"author":"Redacci\u00f3n A Nova Peneira","twitter_card":"summary_large_image","twitter_creator":"@APeneira","twitter_site":"@APeneira","twitter_misc":{"Escrito por":"Redacci\u00f3n A Nova Peneira","Tempo de lectura":"4 minutos"},"schema":{"@context":"https:\/\/schema.org","@graph":[{"@type":"Article","@id":"https:\/\/www.anovapeneira.gal\/index.php\/2022\/01\/19\/mondariz-preve-un-aforro-de-43-000-e-co-cambio-de-provedor-de-enerxia-electrica\/#article","isPartOf":{"@id":"https:\/\/www.anovapeneira.gal\/index.php\/2022\/01\/19\/mondariz-preve-un-aforro-de-43-000-e-co-cambio-de-provedor-de-enerxia-electrica\/"},"author":{"name":"Redacci\u00f3n A Nova Peneira","@id":"https:\/\/www.anovapeneira.gal\/#\/schema\/person\/b93e3f8932e3f8da96334607eb6ac6aa"},"headline":"Mondariz prev\u00e9 un aforro de 43.000 \u20ac co cambio de provedor de enerx\u00eda el\u00e9ctrica","datePublished":"2022-01-19T10:00:20+00:00","mainEntityOfPage":{"@id":"https:\/\/www.anovapeneira.gal\/index.php\/2022\/01\/19\/mondariz-preve-un-aforro-de-43-000-e-co-cambio-de-provedor-de-enerxia-electrica\/"},"wordCount":709,"commentCount":0,"publisher":{"@id":"https:\/\/www.anovapeneira.gal\/#organization"},"image":{"@id":"https:\/\/www.anovapeneira.gal\/index.php\/2022\/01\/19\/mondariz-preve-un-aforro-de-43-000-e-co-cambio-de-provedor-de-enerxia-electrica\/#primaryimage"},"thumbnailUrl":"https:\/\/www.anovapeneira.gal\/wp-content\/uploads\/2022\/01\/Concello_de-_Mondariz.jpg","keywords":["Concello de Mondariz"],"articleSection":["Condado"],"inLanguage":"gl-ES","potentialAction":[{"@type":"CommentAction","name":"Comment","target":["https:\/\/www.anovapeneira.gal\/index.php\/2022\/01\/19\/mondariz-preve-un-aforro-de-43-000-e-co-cambio-de-provedor-de-enerxia-electrica\/#respond"]}]},{"@type":"WebPage","@id":"https:\/\/www.anovapeneira.gal\/index.php\/2022\/01\/19\/mondariz-preve-un-aforro-de-43-000-e-co-cambio-de-provedor-de-enerxia-electrica\/","url":"https:\/\/www.anovapeneira.gal\/index.php\/2022\/01\/19\/mondariz-preve-un-aforro-de-43-000-e-co-cambio-de-provedor-de-enerxia-electrica\/","name":"Mondariz prev\u00e9 un aforro de 43.000 \u20ac co cambio de provedor de enerx\u00eda el\u00e9ctrica -","isPartOf":{"@id":"https:\/\/www.anovapeneira.gal\/#website"},"primaryImageOfPage":{"@id":"https:\/\/www.anovapeneira.gal\/index.php\/2022\/01\/19\/mondariz-preve-un-aforro-de-43-000-e-co-cambio-de-provedor-de-enerxia-electrica\/#primaryimage"},"image":{"@id":"https:\/\/www.anovapeneira.gal\/index.php\/2022\/01\/19\/mondariz-preve-un-aforro-de-43-000-e-co-cambio-de-provedor-de-enerxia-electrica\/#primaryimage"},"thumbnailUrl":"https:\/\/www.anovapeneira.gal\/wp-content\/uploads\/2022\/01\/Concello_de-_Mondariz.jpg","datePublished":"2022-01-19T10:00:20+00:00","description":"de adxudicaci\u00f3n dun novo contrato para a subministraci\u00f3n de enerx\u00eda el\u00e9ctrica","breadcrumb":{"@id":"https:\/\/www.anovapeneira.gal\/index.php\/2022\/01\/19\/mondariz-preve-un-aforro-de-43-000-e-co-cambio-de-provedor-de-enerxia-electrica\/#breadcrumb"},"inLanguage":"gl-ES","potentialAction":[{"@type":"ReadAction","target":["https:\/\/www.anovapeneira.gal\/index.php\/2022\/01\/19\/mondariz-preve-un-aforro-de-43-000-e-co-cambio-de-provedor-de-enerxia-electrica\/"]}]},{"@type":"ImageObject","inLanguage":"gl-ES","@id":"https:\/\/www.anovapeneira.gal\/index.php\/2022\/01\/19\/mondariz-preve-un-aforro-de-43-000-e-co-cambio-de-provedor-de-enerxia-electrica\/#primaryimage","url":"https:\/\/www.anovapeneira.gal\/wp-content\/uploads\/2022\/01\/Concello_de-_Mondariz.jpg","contentUrl":"https:\/\/www.anovapeneira.gal\/wp-content\/uploads\/2022\/01\/Concello_de-_Mondariz.jpg","width":720,"height":432,"caption":"Concello Mondariz"},{"@type":"BreadcrumbList","@id":"https:\/\/www.anovapeneira.gal\/index.php\/2022\/01\/19\/mondariz-preve-un-aforro-de-43-000-e-co-cambio-de-provedor-de-enerxia-electrica\/#breadcrumb","itemListElement":[{"@type":"ListItem","position":1,"name":"Portada","item":"https:\/\/www.anovapeneira.gal\/"},{"@type":"ListItem","position":2,"name":"Mondariz prev\u00e9 un aforro de 43.000 \u20ac co cambio de provedor de enerx\u00eda el\u00e9ctrica"}]},{"@type":"WebSite","@id":"https:\/\/www.anovapeneira.gal\/#website","url":"https:\/\/www.anovapeneira.gal\/","name":"","description":"Xornal galego de informaci\u00f3n xeral Publicaci\u00f3n mensual de novas de Galicia e en especial dos Concellos da sur da provincia de Pontevedra.","publisher":{"@id":"https:\/\/www.anovapeneira.gal\/#organization"},"potentialAction":[{"@type":"SearchAction","target":{"@type":"EntryPoint","urlTemplate":"https:\/\/www.anovapeneira.gal\/?s={search_term_string}"},"query-input":{"@type":"PropertyValueSpecification","valueRequired":true,"valueName":"search_term_string"}}],"inLanguage":"gl-ES"},{"@type":"Organization","@id":"https:\/\/www.anovapeneira.gal\/#organization","name":"A Nova Peneira","url":"https:\/\/www.anovapeneira.gal\/","logo":{"@type":"ImageObject","inLanguage":"gl-ES","@id":"https:\/\/www.anovapeneira.gal\/#\/schema\/logo\/image\/","url":"http:\/\/www.anovapeneira.gal\/wp-content\/uploads\/2019\/06\/logo_a_nova_peneira_portal_web.png","contentUrl":"http:\/\/www.anovapeneira.gal\/wp-content\/uploads\/2019\/06\/logo_a_nova_peneira_portal_web.png","width":300,"height":100,"caption":"A Nova Peneira"},"image":{"@id":"https:\/\/www.anovapeneira.gal\/#\/schema\/logo\/image\/"},"sameAs":["https:\/\/www.facebook.com\/anovapeneira","https:\/\/x.com\/APeneira"]},{"@type":"Person","@id":"https:\/\/www.anovapeneira.gal\/#\/schema\/person\/b93e3f8932e3f8da96334607eb6ac6aa","name":"Redacci\u00f3n A Nova Peneira","image":{"@type":"ImageObject","inLanguage":"gl-ES","@id":"https:\/\/secure.gravatar.com\/avatar\/c052a2551a06e23fac63626232eaa90abd78dbcf1700fc46a2b2c89fd27b735f?s=96&d=mm&r=g","url":"https:\/\/secure.gravatar.com\/avatar\/c052a2551a06e23fac63626232eaa90abd78dbcf1700fc46a2b2c89fd27b735f?s=96&d=mm&r=g","contentUrl":"https:\/\/secure.gravatar.com\/avatar\/c052a2551a06e23fac63626232eaa90abd78dbcf1700fc46a2b2c89fd27b735f?s=96&d=mm&r=g","caption":"Redacci\u00f3n A Nova Peneira"},"sameAs":["http:\/\/www.anovapeneira.gal\/"],"url":"https:\/\/www.anovapeneira.gal\/index.php\/author\/redactor\/"}]}},"jetpack_featured_media_url":"https:\/\/www.anovapeneira.gal\/wp-content\/uploads\/2022\/01\/Concello_de-_Mondariz.jpg","_links":{"self":[{"href":"https:\/\/www.anovapeneira.gal\/index.php\/wp-json\/wp\/v2\/posts\/6793","targetHints":{"allow":["GET"]}}],"collection":[{"href":"https:\/\/www.anovapeneira.gal\/index.php\/wp-json\/wp\/v2\/posts"}],"about":[{"href":"https:\/\/www.anovapeneira.gal\/index.php\/wp-json\/wp\/v2\/types\/post"}],"author":[{"embeddable":true,"href":"https:\/\/www.anovapeneira.gal\/index.php\/wp-json\/wp\/v2\/users\/3"}],"replies":[{"embeddable":true,"href":"https:\/\/www.anovapeneira.gal\/index.php\/wp-json\/wp\/v2\/comments?post=6793"}],"version-history":[{"count":1,"href":"https:\/\/www.anovapeneira.gal\/index.php\/wp-json\/wp\/v2\/posts\/6793\/revisions"}],"predecessor-version":[{"id":6794,"href":"https:\/\/www.anovapeneira.gal\/index.php\/wp-json\/wp\/v2\/posts\/6793\/revisions\/6794"}],"wp:featuredmedia":[{"embeddable":true,"href":"https:\/\/www.anovapeneira.gal\/index.php\/wp-json\/wp\/v2\/media\/6795"}],"wp:attachment":[{"href":"https:\/\/www.anovapeneira.gal\/index.php\/wp-json\/wp\/v2\/media?parent=6793"}],"wp:term":[{"taxonomy":"category","embeddable":true,"href":"https:\/\/www.anovapeneira.gal\/index.php\/wp-json\/wp\/v2\/categories?post=6793"},{"taxonomy":"post_tag","embeddable":true,"href":"https:\/\/www.anovapeneira.gal\/index.php\/wp-json\/wp\/v2\/tags?post=6793"}],"curies":[{"name":"wp","href":"https:\/\/api.w.org\/{rel}","templated":true}]}}