{"id":6804,"date":"2022-01-20T12:00:17","date_gmt":"2022-01-20T11:00:17","guid":{"rendered":"https:\/\/www.anovapeneira.gal\/?p=6804"},"modified":"2022-01-19T12:30:35","modified_gmt":"2022-01-19T11:30:35","slug":"viveiros-adoa-sobe-ao-olimpo-dos-mellores-xardineiros-do-mundo","status":"publish","type":"post","link":"https:\/\/www.anovapeneira.gal\/index.php\/2022\/01\/20\/viveiros-adoa-sobe-ao-olimpo-dos-mellores-xardineiros-do-mundo\/","title":{"rendered":"Viveiros Adoa sobe ao Olimpo dos mellores xardineiros  do mundo"},"content":{"rendered":"\n<p><strong>Os nosos amigos de Viveiros Adoa ve\u00f1en de acadar un premio de enorme prestixio pois a s\u00faa proposta de xard\u00edn ,\u201dDi\u00e1logo\u201d, foi a vencedora no XVI festival internacional de Ponte da Lima. Nesa feira compet\u00edan 45 dese\u00f1os de xard\u00edn de todos os currunchos do mundo. Esta \u00e9 a primeira vez que, nos XVI anos da historia do festival, Adoa presentou a s\u00faa candidatura. E foi chegar e encher pois despois de pasar unha primeira peneira que deixou as 45 propostas iniciais reducidas \u00e1s 11 mellores , o xard\u00edn de Adoa ga\u00f1ou o favor maioritario tanto dun xurado profesional como da maior\u00eda dos visitantes e foi escollido como o mellor de todos. Os concursantes ti\u00f1an que elaborar os seus xard\u00edns sobre un tema concreto, a relixi\u00f3n. E al\u00ed foi a arquitecta de Adoa, Magada Jandova , a constru\u00edr un escenario de xard\u00edn que denominou di\u00e1logo e que trataba de simbolizar a s\u00faa aposta pola concordia entre as distintas confesi\u00f3ns relixiosas malia as diferencias que puidesen haber entre elas .A relixi\u00f3n da Grecia cl\u00e1sica situaba no monte Olimpo a morada dos seus deuses. Sirva pois esta analox\u00eda co tema que inspirou o xard\u00edn para celebrar un premio merecid\u00edsimo para unha emprese referente no profesional e no moral en todo o pa\u00eds galego. N\u00f3s quixemos celebralo con eles e falamos coa profesional da empresa que dese\u00f1ou o xard\u00edn<\/strong><\/p>\n\n\n\n<p><strong>MAGDA JANDOVA<\/strong><\/p>\n\n\n\n<p><strong>O teu apelido o que se di moi galego non parece?<\/strong><\/p>\n\n\n\n<blockquote class=\"wp-block-quote is-layout-flow wp-block-quote-is-layout-flow\"><p>Ha ha ha ha. Non, son de Chequia<\/p><\/blockquote>\n\n\n\n<p><strong>E que fai unha moza checa polas terras da Louri\u00f1a?<\/strong><\/p>\n\n\n\n<blockquote class=\"wp-block-quote is-layout-flow wp-block-quote-is-layout-flow\"><p>O meu home \u00e9 galego, en concreto de Ferrol. Co\u00f1ec\u00e9monos na universidade de Valencia. Eu estudei al\u00ed arquitectura e el enxe\u00f1er\u00eda. Despois de rematar os estudos pasamos por diferentes etapas vitais pois estivemos en Tenerife, Barcelona, Chequia e finalmente rematamos en Galicia<\/p><\/blockquote>\n\n\n\n<p><strong>Canto tempo levas traballando en Viveiros Adoa?<\/strong><\/p>\n\n\n\n<blockquote class=\"wp-block-quote is-layout-flow wp-block-quote-is-layout-flow\"><p>Levo tres anos<\/p><\/blockquote>\n\n\n\n<p><strong>G\u00fastache o que fas?<\/strong><\/p>\n\n\n\n<blockquote class=\"wp-block-quote is-layout-flow wp-block-quote-is-layout-flow\"><p>Moito<\/p><\/blockquote>\n\n\n\n<p><strong>En que consiste o teu traballo?<\/strong><\/p>\n\n\n\n<blockquote class=\"wp-block-quote is-layout-flow wp-block-quote-is-layout-flow\"><p>Eu fago os dese\u00f1os do xard\u00edns<\/p><\/blockquote>\n\n\n\n<p><strong>Vaia que interesante. E cales son os criterios que utilizas para dese\u00f1ar un xard\u00edn?<\/strong><\/p>\n\n\n\n<blockquote class=\"wp-block-quote is-layout-flow wp-block-quote-is-layout-flow\"><p>Nun primeiro momento hai que considerar as limitaci\u00f3ns que ten o propio terreo como por exemplo a orientaci\u00f3n ou o desnivel. E logo o propio desexo do cliente desde logo<\/p><\/blockquote>\n\n\n\n<p><strong>Ben, e unha vez que tes claro as caracter\u00edsticas do terreo e a vontade do cliente, como contin\u00faa o traballo?<\/strong><\/p>\n\n\n\n<blockquote class=\"wp-block-quote is-layout-flow wp-block-quote-is-layout-flow\"><p>Fago un plano e a partir de a\u00ed comezo a dese\u00f1ar. Te\u00f1o que ter en conta o estilo da casa para adecuar o xard\u00edn ao tipo de vivenda<\/p><\/blockquote>\n\n\n\n<p><strong>A ti que tipo de xard\u00edns che gustan m\u00e1is?<\/strong><\/p>\n\n\n\n<blockquote class=\"wp-block-quote is-layout-flow wp-block-quote-is-layout-flow\"><p>A min persoalmente g\u00fastanme o xard\u00edn salvaxe, con plantas herb\u00e1ceas e pouca poda<\/p><\/blockquote>\n\n\n\n<p><strong>Viveiros Adoa ga\u00f1ou un premo moi prestixioso, na XVI edici\u00f3n dunha feira de xardiner\u00eda en Ponte de Lima, cun xard\u00edn que ti dese\u00f1aches. C\u00f3ntame como foi todo?<\/strong><\/p>\n\n\n\n<blockquote class=\"wp-block-quote is-layout-flow wp-block-quote-is-layout-flow\"><p>Co\u00f1ecemos ese festival desde anos como visitantes e decidimos apuntarnos. Present\u00e1ronse 45 propostas de todo o mundo das que 11 , entre as que estaba a nosa, foron as finalistas. As 11 finalistas constr\u00faen os seus xard\u00edns .As propostas vi\u00f1eron de moitos pa\u00edses, non s\u00f3 de Europa tam\u00e9n as hab\u00eda brasileiras ou estadounidenses<\/p><\/blockquote>\n\n\n\n<p><strong>Que sistema utilizan para determinar a proposta ga\u00f1adora?<\/strong><\/p>\n\n\n\n<blockquote class=\"wp-block-quote is-layout-flow wp-block-quote-is-layout-flow\"><p>Un sistema mixto, por unha banda votan os visitantes e pola outra un xurado de profesionais. O xard\u00edn fix\u00e9molo en abril do ano pasado, o festival abriuse en maio e entre ese mes e outubro os visitantes votaban<\/p><\/blockquote>\n\n\n\n<p><strong>En que extensi\u00f3n de terreo constru\u00edstes o xard\u00edn?<\/strong><\/p>\n\n\n\n<blockquote class=\"wp-block-quote is-layout-flow wp-block-quote-is-layout-flow\"><p>250 metros cadrados<\/p><\/blockquote>\n\n\n\n<p><strong>Ga\u00f1ar un concurso tan prestixioso no que compites contra outras 44 propostas de todo o mundo, todas feitas por profesionais, supo\u00f1o que che far\u00eda sentir enormemente feliz?<\/strong><\/p>\n\n\n\n<blockquote class=\"wp-block-quote is-layout-flow wp-block-quote-is-layout-flow\"><p>Pois si a verdade \u00e9 que si. O orgullo e a satisfacci\u00f3n foron enormes<\/p><\/blockquote>\n\n\n\n<p><strong>E os teus compa\u00f1eiros de Adoa?<\/strong><\/p>\n\n\n\n<blockquote class=\"wp-block-quote is-layout-flow wp-block-quote-is-layout-flow\"><p>Igual ca min , a vitoria f\u00edxonos felices a todos<\/p><\/blockquote>\n\n\n\n<p><strong>Adoa xa ten participado noutras edici\u00f3ns do festival?<\/strong><\/p>\n\n\n\n<blockquote class=\"wp-block-quote is-layout-flow wp-block-quote-is-layout-flow\"><p>Non, \u00e9 a primeira vez que estivemos<\/p><\/blockquote>\n\n\n\n<p><strong>C\u00f3ntame as caracter\u00edsticas de \u201cDi\u00e1logo\u201d o xard\u00edn que dese\u00f1aches ti e que finalmente resultou ga\u00f1ador?<\/strong><\/p>\n\n\n\n<blockquote class=\"wp-block-quote is-layout-flow wp-block-quote-is-layout-flow\"><p>Os organizadores do festival sempre determinan un tema sobre o que se debe artellar o dese\u00f1o do xard\u00edn .Desta volta foi a relixi\u00f3n<\/p><\/blockquote>\n\n\n\n<p><strong>Vaia que cousa m\u00e1is complicada. E como fas para dese\u00f1ar un xard\u00edn arredor dun concepto, como a relixi\u00f3n, que \u00e9 unha pura abstracci\u00f3n?<\/strong><\/p>\n\n\n\n<blockquote class=\"wp-block-quote is-layout-flow wp-block-quote-is-layout-flow\"><p>Nun principio parec\u00eda moi complexo si. Eu comecei a analizar a situaci\u00f3n e descubr\u00edn que ao longo da historia os primeiros xard\u00edns comezaron a constru\u00edrse arredor de templos e distintas edificaci\u00f3ns relixiosas. Despois de investigar comprend\u00edn que cada relixi\u00f3n influ\u00edu no dese\u00f1o dos diferentes xard\u00edns que son moi diferentes en funci\u00f3n das \u00e1reas de influencia de cada confesi\u00f3n relixiosa<\/p><\/blockquote>\n\n\n\n<p><strong>E a partir desa an\u00e1lise que fas constr\u00faes a t\u00faa proposta?<\/strong><\/p>\n\n\n\n<blockquote class=\"wp-block-quote is-layout-flow wp-block-quote-is-layout-flow\"><p>Si, eu escoll\u00edn as 7 relixi\u00f3ns m\u00e1is importantes: O Cristianismo, Islam, Budismo, Tao\u00edsmo, Xuda\u00edsmo, Hindu\u00edsmo e un \u00faltimo xard\u00edn relacionado coas crenzas \u00e9tnicas animistas. A mi\u00f1a intenci\u00f3n era amosar como cada relixi\u00f3n influ\u00edu no dese\u00f1o do xard\u00edn<\/p><\/blockquote>\n\n\n\n<p><strong>Pero iso ten un grao de complexidade elevad\u00edsimo. Como fas para simbolizar as 7 relixi\u00f3ns m\u00e1is importantes de toda a humanidade en 250 metros cadrados?<\/strong><\/p>\n\n\n\n<blockquote class=\"wp-block-quote is-layout-flow wp-block-quote-is-layout-flow\"><p>Traballando moito cos s\u00edmbolos e explic\u00e1ndoo moi ben aos visitantes claro. Na entrada puxemos uns paneis explicativos. A forma do noso xard\u00edn era cadrada. Puxemos un punto central cun mont\u00edculo no que situamos unha \u00e1rbore, unha oliveira, que simboliza a paz. Cara este punto est\u00e1n dirixidos todos os demais xard\u00edns e a mi\u00f1a intenci\u00f3n era tratar de explicar que malia as diferencias debemos tratar de tender ao encontro e a conciliaci\u00f3n dos puntos com\u00fans<\/p><\/blockquote>\n\n\n\n<p><strong>Encontraches similitudes entre os diversos xard\u00edns?<\/strong><\/p>\n\n\n\n<blockquote class=\"wp-block-quote is-layout-flow wp-block-quote-is-layout-flow\"><p>Si, varias. Por exemplo a utilizaci\u00f3n de arbores sagradas, a utilizaci\u00f3n de xard\u00edns encerrados para poder gozar de momentos de paz e acougo sen que ningu\u00e9n che moleste. Logo eran sitios de contemplaci\u00f3n, polo tanto puxemos un asento en cada xard\u00edn que tam\u00e9n reflicte os costumes de cada zona. Por exemplo no xard\u00edn \u00e1rabe a zona para sentarse \u00e9 unha alfombra. En todos os xard\u00edns as persoas poden sentarse, ver cara ao punto central e comezar o di\u00e1logo coa relixi\u00f3n que est\u00e1 ao lado<\/p><\/blockquote>\n\n\n\n<p><strong>Pero as paredes que separan os xard\u00edns non son opacas verdade?<\/strong><\/p>\n\n\n\n<blockquote class=\"wp-block-quote is-layout-flow wp-block-quote-is-layout-flow\"><p>Non, son de paos verticais para poder individualizar cada espazo pero \u00e1 vez facilitar o di\u00e1logo cos que est\u00e1n ao noso lado. Por outra parte hai un cami\u00f1o circular que pasa arredor do mont\u00edculo central e que che leva a cada xard\u00edn.<\/p><\/blockquote>\n\n\n\n<p><strong>As plantas que utilizaches tam\u00e9n foron espec\u00edficas para cada xard\u00edn en funci\u00f3n da relixi\u00f3n?<\/strong><\/p>\n\n\n\n<blockquote class=\"wp-block-quote is-layout-flow wp-block-quote-is-layout-flow\"><p>Si, as plantas eran diferentes en cada xard\u00edn<\/p><\/blockquote>\n\n\n\n<p><strong>Rematamos Magda, supo\u00f1o que ti vivir\u00e1s nunha casa con xard\u00edn?<\/strong><\/p>\n\n\n\n<blockquote class=\"wp-block-quote is-layout-flow wp-block-quote-is-layout-flow\"><p>Ha ha ha ha ha. Por desgraza non, vivo nun piso. Agardo que nun futuro pr\u00f3ximo poida cambiarme a unha casa con finca.<\/p><\/blockquote>\n","protected":false},"excerpt":{"rendered":"<div class=\"mh-excerpt\"><p>Os nosos amigos de Viveiros Adoa ve\u00f1en de acadar un premio de enorme prestixio pois a s\u00faa proposta de xard\u00edn ,\u201dDi\u00e1logo\u201d, foi a vencedora no XVI festival internacional de Ponte da Lima. Nesa feira compet\u00edan 45 dese\u00f1os de xard\u00edn de todos os currunchos do mundo <a class=\"mh-excerpt-more\" href=\"https:\/\/www.anovapeneira.gal\/index.php\/2022\/01\/20\/viveiros-adoa-sobe-ao-olimpo-dos-mellores-xardineiros-do-mundo\/\" title=\"Viveiros Adoa sobe ao Olimpo dos mellores xardineiros  do mundo\">[&#8230;]<\/a><\/p>\n<\/div>","protected":false},"author":3,"featured_media":6805,"comment_status":"open","ping_status":"open","sticky":false,"template":"","format":"standard","meta":{"_exactmetrics_skip_tracking":false,"_exactmetrics_sitenote_active":false,"_exactmetrics_sitenote_note":"","_exactmetrics_sitenote_category":0,"footnotes":""},"categories":[265],"tags":[],"class_list":{"0":"post-6804","1":"post","2":"type-post","3":"status-publish","4":"format-standard","5":"has-post-thumbnail","7":"category-a-lourina-entrevistas"},"yoast_head":"<!-- This site is optimized with the Yoast SEO plugin v27.4 - https:\/\/yoast.com\/product\/yoast-seo-wordpress\/ -->\n<title>Viveiros Adoa sobe ao Olimpo dos mellores xardineiros do mundo -<\/title>\n<meta name=\"robots\" content=\"index, follow, max-snippet:-1, max-image-preview:large, max-video-preview:-1\" \/>\n<link rel=\"canonical\" href=\"https:\/\/www.anovapeneira.gal\/index.php\/2022\/01\/20\/viveiros-adoa-sobe-ao-olimpo-dos-mellores-xardineiros-do-mundo\/\" \/>\n<meta property=\"og:locale\" content=\"gl_ES\" \/>\n<meta property=\"og:type\" content=\"article\" \/>\n<meta property=\"og:title\" content=\"Viveiros Adoa sobe ao Olimpo dos mellores xardineiros do mundo -\" \/>\n<meta property=\"og:description\" content=\"Os nosos amigos de Viveiros Adoa ve\u00f1en de acadar un premio de enorme prestixio pois a s\u00faa proposta de xard\u00edn ,\u201dDi\u00e1logo\u201d, foi a vencedora no XVI festival internacional de Ponte da Lima. Nesa feira compet\u00edan 45 dese\u00f1os de xard\u00edn de todos os currunchos do mundo [...]\" \/>\n<meta property=\"og:url\" content=\"https:\/\/www.anovapeneira.gal\/index.php\/2022\/01\/20\/viveiros-adoa-sobe-ao-olimpo-dos-mellores-xardineiros-do-mundo\/\" \/>\n<meta property=\"article:publisher\" content=\"https:\/\/www.facebook.com\/anovapeneira\" \/>\n<meta property=\"article:published_time\" content=\"2022-01-20T11:00:17+00:00\" \/>\n<meta property=\"og:image\" content=\"https:\/\/www.anovapeneira.gal\/wp-content\/uploads\/2022\/01\/viveiros_adoa.jpg\" \/>\n\t<meta property=\"og:image:width\" content=\"720\" \/>\n\t<meta property=\"og:image:height\" content=\"432\" \/>\n\t<meta property=\"og:image:type\" content=\"image\/jpeg\" \/>\n<meta name=\"author\" content=\"Redacci\u00f3n A Nova Peneira\" \/>\n<meta name=\"twitter:card\" content=\"summary_large_image\" \/>\n<meta name=\"twitter:creator\" content=\"@APeneira\" \/>\n<meta name=\"twitter:site\" content=\"@APeneira\" \/>\n<meta name=\"twitter:label1\" content=\"Escrito por\" \/>\n\t<meta name=\"twitter:data1\" content=\"Redacci\u00f3n A Nova Peneira\" \/>\n\t<meta name=\"twitter:label2\" content=\"Tempo de lectura\" \/>\n\t<meta name=\"twitter:data2\" content=\"7 minutos\" \/>\n<script type=\"application\/ld+json\" class=\"yoast-schema-graph\">{\"@context\":\"https:\\\/\\\/schema.org\",\"@graph\":[{\"@type\":\"Article\",\"@id\":\"https:\\\/\\\/www.anovapeneira.gal\\\/index.php\\\/2022\\\/01\\\/20\\\/viveiros-adoa-sobe-ao-olimpo-dos-mellores-xardineiros-do-mundo\\\/#article\",\"isPartOf\":{\"@id\":\"https:\\\/\\\/www.anovapeneira.gal\\\/index.php\\\/2022\\\/01\\\/20\\\/viveiros-adoa-sobe-ao-olimpo-dos-mellores-xardineiros-do-mundo\\\/\"},\"author\":{\"name\":\"Redacci\u00f3n A Nova Peneira\",\"@id\":\"https:\\\/\\\/www.anovapeneira.gal\\\/#\\\/schema\\\/person\\\/b93e3f8932e3f8da96334607eb6ac6aa\"},\"headline\":\"Viveiros Adoa sobe ao Olimpo dos mellores xardineiros do mundo\",\"datePublished\":\"2022-01-20T11:00:17+00:00\",\"mainEntityOfPage\":{\"@id\":\"https:\\\/\\\/www.anovapeneira.gal\\\/index.php\\\/2022\\\/01\\\/20\\\/viveiros-adoa-sobe-ao-olimpo-dos-mellores-xardineiros-do-mundo\\\/\"},\"wordCount\":1262,\"commentCount\":0,\"publisher\":{\"@id\":\"https:\\\/\\\/www.anovapeneira.gal\\\/#organization\"},\"image\":{\"@id\":\"https:\\\/\\\/www.anovapeneira.gal\\\/index.php\\\/2022\\\/01\\\/20\\\/viveiros-adoa-sobe-ao-olimpo-dos-mellores-xardineiros-do-mundo\\\/#primaryimage\"},\"thumbnailUrl\":\"https:\\\/\\\/www.anovapeneira.gal\\\/wp-content\\\/uploads\\\/2022\\\/01\\\/viveiros_adoa.jpg\",\"articleSection\":[\"A Louri\u00f1a\"],\"inLanguage\":\"gl-ES\",\"potentialAction\":[{\"@type\":\"CommentAction\",\"name\":\"Comment\",\"target\":[\"https:\\\/\\\/www.anovapeneira.gal\\\/index.php\\\/2022\\\/01\\\/20\\\/viveiros-adoa-sobe-ao-olimpo-dos-mellores-xardineiros-do-mundo\\\/#respond\"]}]},{\"@type\":\"WebPage\",\"@id\":\"https:\\\/\\\/www.anovapeneira.gal\\\/index.php\\\/2022\\\/01\\\/20\\\/viveiros-adoa-sobe-ao-olimpo-dos-mellores-xardineiros-do-mundo\\\/\",\"url\":\"https:\\\/\\\/www.anovapeneira.gal\\\/index.php\\\/2022\\\/01\\\/20\\\/viveiros-adoa-sobe-ao-olimpo-dos-mellores-xardineiros-do-mundo\\\/\",\"name\":\"Viveiros Adoa sobe ao Olimpo dos mellores xardineiros do mundo -\",\"isPartOf\":{\"@id\":\"https:\\\/\\\/www.anovapeneira.gal\\\/#website\"},\"primaryImageOfPage\":{\"@id\":\"https:\\\/\\\/www.anovapeneira.gal\\\/index.php\\\/2022\\\/01\\\/20\\\/viveiros-adoa-sobe-ao-olimpo-dos-mellores-xardineiros-do-mundo\\\/#primaryimage\"},\"image\":{\"@id\":\"https:\\\/\\\/www.anovapeneira.gal\\\/index.php\\\/2022\\\/01\\\/20\\\/viveiros-adoa-sobe-ao-olimpo-dos-mellores-xardineiros-do-mundo\\\/#primaryimage\"},\"thumbnailUrl\":\"https:\\\/\\\/www.anovapeneira.gal\\\/wp-content\\\/uploads\\\/2022\\\/01\\\/viveiros_adoa.jpg\",\"datePublished\":\"2022-01-20T11:00:17+00:00\",\"breadcrumb\":{\"@id\":\"https:\\\/\\\/www.anovapeneira.gal\\\/index.php\\\/2022\\\/01\\\/20\\\/viveiros-adoa-sobe-ao-olimpo-dos-mellores-xardineiros-do-mundo\\\/#breadcrumb\"},\"inLanguage\":\"gl-ES\",\"potentialAction\":[{\"@type\":\"ReadAction\",\"target\":[\"https:\\\/\\\/www.anovapeneira.gal\\\/index.php\\\/2022\\\/01\\\/20\\\/viveiros-adoa-sobe-ao-olimpo-dos-mellores-xardineiros-do-mundo\\\/\"]}]},{\"@type\":\"ImageObject\",\"inLanguage\":\"gl-ES\",\"@id\":\"https:\\\/\\\/www.anovapeneira.gal\\\/index.php\\\/2022\\\/01\\\/20\\\/viveiros-adoa-sobe-ao-olimpo-dos-mellores-xardineiros-do-mundo\\\/#primaryimage\",\"url\":\"https:\\\/\\\/www.anovapeneira.gal\\\/wp-content\\\/uploads\\\/2022\\\/01\\\/viveiros_adoa.jpg\",\"contentUrl\":\"https:\\\/\\\/www.anovapeneira.gal\\\/wp-content\\\/uploads\\\/2022\\\/01\\\/viveiros_adoa.jpg\",\"width\":720,\"height\":432,\"caption\":\"Viveiros Adoa sobe ao Olimpo dos mellores xardineiros do mundo\"},{\"@type\":\"BreadcrumbList\",\"@id\":\"https:\\\/\\\/www.anovapeneira.gal\\\/index.php\\\/2022\\\/01\\\/20\\\/viveiros-adoa-sobe-ao-olimpo-dos-mellores-xardineiros-do-mundo\\\/#breadcrumb\",\"itemListElement\":[{\"@type\":\"ListItem\",\"position\":1,\"name\":\"Portada\",\"item\":\"https:\\\/\\\/www.anovapeneira.gal\\\/\"},{\"@type\":\"ListItem\",\"position\":2,\"name\":\"Viveiros Adoa sobe ao Olimpo dos mellores xardineiros do mundo\"}]},{\"@type\":\"WebSite\",\"@id\":\"https:\\\/\\\/www.anovapeneira.gal\\\/#website\",\"url\":\"https:\\\/\\\/www.anovapeneira.gal\\\/\",\"name\":\"\",\"description\":\"Xornal galego de informaci\u00f3n xeral Publicaci\u00f3n mensual de novas de Galicia e en especial dos Concellos da sur da provincia de Pontevedra.\",\"publisher\":{\"@id\":\"https:\\\/\\\/www.anovapeneira.gal\\\/#organization\"},\"potentialAction\":[{\"@type\":\"SearchAction\",\"target\":{\"@type\":\"EntryPoint\",\"urlTemplate\":\"https:\\\/\\\/www.anovapeneira.gal\\\/?s={search_term_string}\"},\"query-input\":{\"@type\":\"PropertyValueSpecification\",\"valueRequired\":true,\"valueName\":\"search_term_string\"}}],\"inLanguage\":\"gl-ES\"},{\"@type\":\"Organization\",\"@id\":\"https:\\\/\\\/www.anovapeneira.gal\\\/#organization\",\"name\":\"A Nova Peneira\",\"url\":\"https:\\\/\\\/www.anovapeneira.gal\\\/\",\"logo\":{\"@type\":\"ImageObject\",\"inLanguage\":\"gl-ES\",\"@id\":\"https:\\\/\\\/www.anovapeneira.gal\\\/#\\\/schema\\\/logo\\\/image\\\/\",\"url\":\"http:\\\/\\\/www.anovapeneira.gal\\\/wp-content\\\/uploads\\\/2019\\\/06\\\/logo_a_nova_peneira_portal_web.png\",\"contentUrl\":\"http:\\\/\\\/www.anovapeneira.gal\\\/wp-content\\\/uploads\\\/2019\\\/06\\\/logo_a_nova_peneira_portal_web.png\",\"width\":300,\"height\":100,\"caption\":\"A Nova Peneira\"},\"image\":{\"@id\":\"https:\\\/\\\/www.anovapeneira.gal\\\/#\\\/schema\\\/logo\\\/image\\\/\"},\"sameAs\":[\"https:\\\/\\\/www.facebook.com\\\/anovapeneira\",\"https:\\\/\\\/x.com\\\/APeneira\"]},{\"@type\":\"Person\",\"@id\":\"https:\\\/\\\/www.anovapeneira.gal\\\/#\\\/schema\\\/person\\\/b93e3f8932e3f8da96334607eb6ac6aa\",\"name\":\"Redacci\u00f3n A Nova Peneira\",\"image\":{\"@type\":\"ImageObject\",\"inLanguage\":\"gl-ES\",\"@id\":\"https:\\\/\\\/secure.gravatar.com\\\/avatar\\\/c052a2551a06e23fac63626232eaa90abd78dbcf1700fc46a2b2c89fd27b735f?s=96&d=mm&r=g\",\"url\":\"https:\\\/\\\/secure.gravatar.com\\\/avatar\\\/c052a2551a06e23fac63626232eaa90abd78dbcf1700fc46a2b2c89fd27b735f?s=96&d=mm&r=g\",\"contentUrl\":\"https:\\\/\\\/secure.gravatar.com\\\/avatar\\\/c052a2551a06e23fac63626232eaa90abd78dbcf1700fc46a2b2c89fd27b735f?s=96&d=mm&r=g\",\"caption\":\"Redacci\u00f3n A Nova Peneira\"},\"sameAs\":[\"http:\\\/\\\/www.anovapeneira.gal\\\/\"],\"url\":\"https:\\\/\\\/www.anovapeneira.gal\\\/index.php\\\/author\\\/redactor\\\/\"}]}<\/script>\n<!-- \/ Yoast SEO plugin. -->","yoast_head_json":{"title":"Viveiros Adoa sobe ao Olimpo dos mellores xardineiros do mundo -","robots":{"index":"index","follow":"follow","max-snippet":"max-snippet:-1","max-image-preview":"max-image-preview:large","max-video-preview":"max-video-preview:-1"},"canonical":"https:\/\/www.anovapeneira.gal\/index.php\/2022\/01\/20\/viveiros-adoa-sobe-ao-olimpo-dos-mellores-xardineiros-do-mundo\/","og_locale":"gl_ES","og_type":"article","og_title":"Viveiros Adoa sobe ao Olimpo dos mellores xardineiros do mundo -","og_description":"Os nosos amigos de Viveiros Adoa ve\u00f1en de acadar un premio de enorme prestixio pois a s\u00faa proposta de xard\u00edn ,\u201dDi\u00e1logo\u201d, foi a vencedora no XVI festival internacional de Ponte da Lima. Nesa feira compet\u00edan 45 dese\u00f1os de xard\u00edn de todos os currunchos do mundo [...]","og_url":"https:\/\/www.anovapeneira.gal\/index.php\/2022\/01\/20\/viveiros-adoa-sobe-ao-olimpo-dos-mellores-xardineiros-do-mundo\/","article_publisher":"https:\/\/www.facebook.com\/anovapeneira","article_published_time":"2022-01-20T11:00:17+00:00","og_image":[{"width":720,"height":432,"url":"https:\/\/www.anovapeneira.gal\/wp-content\/uploads\/2022\/01\/viveiros_adoa.jpg","type":"image\/jpeg"}],"author":"Redacci\u00f3n A Nova Peneira","twitter_card":"summary_large_image","twitter_creator":"@APeneira","twitter_site":"@APeneira","twitter_misc":{"Escrito por":"Redacci\u00f3n A Nova Peneira","Tempo de lectura":"7 minutos"},"schema":{"@context":"https:\/\/schema.org","@graph":[{"@type":"Article","@id":"https:\/\/www.anovapeneira.gal\/index.php\/2022\/01\/20\/viveiros-adoa-sobe-ao-olimpo-dos-mellores-xardineiros-do-mundo\/#article","isPartOf":{"@id":"https:\/\/www.anovapeneira.gal\/index.php\/2022\/01\/20\/viveiros-adoa-sobe-ao-olimpo-dos-mellores-xardineiros-do-mundo\/"},"author":{"name":"Redacci\u00f3n A Nova Peneira","@id":"https:\/\/www.anovapeneira.gal\/#\/schema\/person\/b93e3f8932e3f8da96334607eb6ac6aa"},"headline":"Viveiros Adoa sobe ao Olimpo dos mellores xardineiros do mundo","datePublished":"2022-01-20T11:00:17+00:00","mainEntityOfPage":{"@id":"https:\/\/www.anovapeneira.gal\/index.php\/2022\/01\/20\/viveiros-adoa-sobe-ao-olimpo-dos-mellores-xardineiros-do-mundo\/"},"wordCount":1262,"commentCount":0,"publisher":{"@id":"https:\/\/www.anovapeneira.gal\/#organization"},"image":{"@id":"https:\/\/www.anovapeneira.gal\/index.php\/2022\/01\/20\/viveiros-adoa-sobe-ao-olimpo-dos-mellores-xardineiros-do-mundo\/#primaryimage"},"thumbnailUrl":"https:\/\/www.anovapeneira.gal\/wp-content\/uploads\/2022\/01\/viveiros_adoa.jpg","articleSection":["A Louri\u00f1a"],"inLanguage":"gl-ES","potentialAction":[{"@type":"CommentAction","name":"Comment","target":["https:\/\/www.anovapeneira.gal\/index.php\/2022\/01\/20\/viveiros-adoa-sobe-ao-olimpo-dos-mellores-xardineiros-do-mundo\/#respond"]}]},{"@type":"WebPage","@id":"https:\/\/www.anovapeneira.gal\/index.php\/2022\/01\/20\/viveiros-adoa-sobe-ao-olimpo-dos-mellores-xardineiros-do-mundo\/","url":"https:\/\/www.anovapeneira.gal\/index.php\/2022\/01\/20\/viveiros-adoa-sobe-ao-olimpo-dos-mellores-xardineiros-do-mundo\/","name":"Viveiros Adoa sobe ao Olimpo dos mellores xardineiros do mundo -","isPartOf":{"@id":"https:\/\/www.anovapeneira.gal\/#website"},"primaryImageOfPage":{"@id":"https:\/\/www.anovapeneira.gal\/index.php\/2022\/01\/20\/viveiros-adoa-sobe-ao-olimpo-dos-mellores-xardineiros-do-mundo\/#primaryimage"},"image":{"@id":"https:\/\/www.anovapeneira.gal\/index.php\/2022\/01\/20\/viveiros-adoa-sobe-ao-olimpo-dos-mellores-xardineiros-do-mundo\/#primaryimage"},"thumbnailUrl":"https:\/\/www.anovapeneira.gal\/wp-content\/uploads\/2022\/01\/viveiros_adoa.jpg","datePublished":"2022-01-20T11:00:17+00:00","breadcrumb":{"@id":"https:\/\/www.anovapeneira.gal\/index.php\/2022\/01\/20\/viveiros-adoa-sobe-ao-olimpo-dos-mellores-xardineiros-do-mundo\/#breadcrumb"},"inLanguage":"gl-ES","potentialAction":[{"@type":"ReadAction","target":["https:\/\/www.anovapeneira.gal\/index.php\/2022\/01\/20\/viveiros-adoa-sobe-ao-olimpo-dos-mellores-xardineiros-do-mundo\/"]}]},{"@type":"ImageObject","inLanguage":"gl-ES","@id":"https:\/\/www.anovapeneira.gal\/index.php\/2022\/01\/20\/viveiros-adoa-sobe-ao-olimpo-dos-mellores-xardineiros-do-mundo\/#primaryimage","url":"https:\/\/www.anovapeneira.gal\/wp-content\/uploads\/2022\/01\/viveiros_adoa.jpg","contentUrl":"https:\/\/www.anovapeneira.gal\/wp-content\/uploads\/2022\/01\/viveiros_adoa.jpg","width":720,"height":432,"caption":"Viveiros Adoa sobe ao Olimpo dos mellores xardineiros do mundo"},{"@type":"BreadcrumbList","@id":"https:\/\/www.anovapeneira.gal\/index.php\/2022\/01\/20\/viveiros-adoa-sobe-ao-olimpo-dos-mellores-xardineiros-do-mundo\/#breadcrumb","itemListElement":[{"@type":"ListItem","position":1,"name":"Portada","item":"https:\/\/www.anovapeneira.gal\/"},{"@type":"ListItem","position":2,"name":"Viveiros Adoa sobe ao Olimpo dos mellores xardineiros do mundo"}]},{"@type":"WebSite","@id":"https:\/\/www.anovapeneira.gal\/#website","url":"https:\/\/www.anovapeneira.gal\/","name":"","description":"Xornal galego de informaci\u00f3n xeral Publicaci\u00f3n mensual de novas de Galicia e en especial dos Concellos da sur da provincia de Pontevedra.","publisher":{"@id":"https:\/\/www.anovapeneira.gal\/#organization"},"potentialAction":[{"@type":"SearchAction","target":{"@type":"EntryPoint","urlTemplate":"https:\/\/www.anovapeneira.gal\/?s={search_term_string}"},"query-input":{"@type":"PropertyValueSpecification","valueRequired":true,"valueName":"search_term_string"}}],"inLanguage":"gl-ES"},{"@type":"Organization","@id":"https:\/\/www.anovapeneira.gal\/#organization","name":"A Nova Peneira","url":"https:\/\/www.anovapeneira.gal\/","logo":{"@type":"ImageObject","inLanguage":"gl-ES","@id":"https:\/\/www.anovapeneira.gal\/#\/schema\/logo\/image\/","url":"http:\/\/www.anovapeneira.gal\/wp-content\/uploads\/2019\/06\/logo_a_nova_peneira_portal_web.png","contentUrl":"http:\/\/www.anovapeneira.gal\/wp-content\/uploads\/2019\/06\/logo_a_nova_peneira_portal_web.png","width":300,"height":100,"caption":"A Nova Peneira"},"image":{"@id":"https:\/\/www.anovapeneira.gal\/#\/schema\/logo\/image\/"},"sameAs":["https:\/\/www.facebook.com\/anovapeneira","https:\/\/x.com\/APeneira"]},{"@type":"Person","@id":"https:\/\/www.anovapeneira.gal\/#\/schema\/person\/b93e3f8932e3f8da96334607eb6ac6aa","name":"Redacci\u00f3n A Nova Peneira","image":{"@type":"ImageObject","inLanguage":"gl-ES","@id":"https:\/\/secure.gravatar.com\/avatar\/c052a2551a06e23fac63626232eaa90abd78dbcf1700fc46a2b2c89fd27b735f?s=96&d=mm&r=g","url":"https:\/\/secure.gravatar.com\/avatar\/c052a2551a06e23fac63626232eaa90abd78dbcf1700fc46a2b2c89fd27b735f?s=96&d=mm&r=g","contentUrl":"https:\/\/secure.gravatar.com\/avatar\/c052a2551a06e23fac63626232eaa90abd78dbcf1700fc46a2b2c89fd27b735f?s=96&d=mm&r=g","caption":"Redacci\u00f3n A Nova Peneira"},"sameAs":["http:\/\/www.anovapeneira.gal\/"],"url":"https:\/\/www.anovapeneira.gal\/index.php\/author\/redactor\/"}]}},"jetpack_featured_media_url":"https:\/\/www.anovapeneira.gal\/wp-content\/uploads\/2022\/01\/viveiros_adoa.jpg","_links":{"self":[{"href":"https:\/\/www.anovapeneira.gal\/index.php\/wp-json\/wp\/v2\/posts\/6804","targetHints":{"allow":["GET"]}}],"collection":[{"href":"https:\/\/www.anovapeneira.gal\/index.php\/wp-json\/wp\/v2\/posts"}],"about":[{"href":"https:\/\/www.anovapeneira.gal\/index.php\/wp-json\/wp\/v2\/types\/post"}],"author":[{"embeddable":true,"href":"https:\/\/www.anovapeneira.gal\/index.php\/wp-json\/wp\/v2\/users\/3"}],"replies":[{"embeddable":true,"href":"https:\/\/www.anovapeneira.gal\/index.php\/wp-json\/wp\/v2\/comments?post=6804"}],"version-history":[{"count":1,"href":"https:\/\/www.anovapeneira.gal\/index.php\/wp-json\/wp\/v2\/posts\/6804\/revisions"}],"predecessor-version":[{"id":6806,"href":"https:\/\/www.anovapeneira.gal\/index.php\/wp-json\/wp\/v2\/posts\/6804\/revisions\/6806"}],"wp:featuredmedia":[{"embeddable":true,"href":"https:\/\/www.anovapeneira.gal\/index.php\/wp-json\/wp\/v2\/media\/6805"}],"wp:attachment":[{"href":"https:\/\/www.anovapeneira.gal\/index.php\/wp-json\/wp\/v2\/media?parent=6804"}],"wp:term":[{"taxonomy":"category","embeddable":true,"href":"https:\/\/www.anovapeneira.gal\/index.php\/wp-json\/wp\/v2\/categories?post=6804"},{"taxonomy":"post_tag","embeddable":true,"href":"https:\/\/www.anovapeneira.gal\/index.php\/wp-json\/wp\/v2\/tags?post=6804"}],"curies":[{"name":"wp","href":"https:\/\/api.w.org\/{rel}","templated":true}]}}