{"id":6807,"date":"2022-01-21T10:00:26","date_gmt":"2022-01-21T09:00:26","guid":{"rendered":"https:\/\/www.anovapeneira.gal\/?p=6807"},"modified":"2022-01-19T12:37:57","modified_gmt":"2022-01-19T11:37:57","slug":"vigo-o-latexo-subterraneo","status":"publish","type":"post","link":"https:\/\/www.anovapeneira.gal\/index.php\/2022\/01\/21\/vigo-o-latexo-subterraneo\/","title":{"rendered":"Vigo, o latexo subterr\u00e1neo"},"content":{"rendered":"\n<pre class=\"wp-block-verse\">Oriana M\u00e9ndez<\/pre>\n\n\n\n<pre class=\"wp-block-verse\">Concelleira da Marea de Vigo.<\/pre>\n\n\n\n<p>\u00c1lvaro Cunqueiro dixo aquilo de que Vigo foi fundada \u00e1 beira dun verso de Mart\u00edn C\u00f3dax. Unha cidade fundada por un poeta que, ademais, deixou as s\u00faas creaci\u00f3ns l\u00edricas vinculadas tam\u00e9n \u00e1 notaci\u00f3n musical que conservamos. Dende que Mart\u00edn C\u00f3dax deixase para a historia as s\u00faas composici\u00f3ns medievais, son innumerables os creadores e as creadoras que desenvolveron e desenvolven as s\u00faas produci\u00f3ns de xeito individual ou en colectivos e movementos art\u00edsticos, cun selo ou cunha sorte de marca de auga da r\u00eda.<\/p>\n\n\n\n<p>O s\u00e9culo XIX, coa s\u00faa potencia arquitect\u00f3nica e, moi especialmente, o s\u00e9culo XX vigu\u00e9s, que constitu\u00edu un aut\u00e9ntico estoupido de movementos art\u00edsticos, coloc\u00e1ronnos nunha situaci\u00f3n de privilexio que se foi perdendo nunha pronunciada pendente descendente ao longo da \u00faltima d\u00e9cada. A cidade de Manoel Antonio, de \u00c1lvarez Bl\u00e1zquez ou de Mar\u00eda do Carme Kruckenberg, perdeu a hexemon\u00eda cultural que a caracterizaba e xa se fala de colapso de Vigo como cidade de cultura contempor\u00e1nea. Se imos ao pasado inmediato, temos perdas que xa foron tantas veces sinaladas publicamente como ignoradas dende o Goberno local de Caballero: o festival Are More de m\u00fasica cl\u00e1sica, a Fotobienal, o festival de jazz ImaxinaSons, o festival ALT de artes esc\u00e9nicas ou a despedida de Vigo do festival SinSal son mostras ben evidentes. Tam\u00e9n os programas especialmente orientados a fomentar o talento da mocidade foron caendo: S\u00fabete ao Castro ou a Casa da Xuventude. Con eles tam\u00e9n desapareceron os locais de ensaio municipal para os grupos da cidade; o \u00faltimo, Vigos\u00f3nico, coa escusa da pandemia. Cando vai volver abrir Vigos\u00f3nico? Levamos preguntando por el dende hai m\u00e1is dun ano. Tras o peche, o 14 de marzo de 2020, o Goberno local tardou oito meses en responder \u00e1s chamadas dos usuarios e usuarias que s\u00f3 pretend\u00edan entrar para recoller os seus instrumentos, que quedaran al\u00ed co peche s\u00fabito de marzo. As preguntas sobre o futuro de Vigos\u00f3nico suced\u00e9ronse no Pleno do Concello de Vigo sen conseguir resposta ningunha, en ning\u00fan sentido. Custa entender este desprezo, esta falta do m\u00ednimo respecto, \u00e1 veci\u00f1anza da cidade. Responder\u00e1 agora o Goberno diante da organizaci\u00f3n que ve\u00f1en de amosar os m\u00fasicos e m\u00fasicas que ensaiaban en Vigos\u00f3nico esixindo a reapertura do espazo?<br>Tam\u00e9n \u00e9 Vigo, dende hai d\u00e9cadas, capital editorial. Hoxe atopamos o nome da nosa cidade nas categor\u00edas que organizan as tem\u00e1ticas das bibliotecas baixo a etiqueta \u201cnovela negra viguesa\u201d. Mentres, o que non est\u00e1 en Vigo son, precisamente, as bibliotecas, grandes ausentes dos nosos barrios; un feito sinalado, sobre todo, pola veci\u00f1anza, como se viu coa manifestaci\u00f3ns dos veci\u00f1os e veci\u00f1as en Sanjurjo Bad\u00eda pedindo a prometida biblioteca para Teis. O que se est\u00e1 negando, o que se est\u00e1 impedindo en Vigo cando o Goberno local insiste en rexeitar a creaci\u00f3n dunha rede municipal de bibliotecas que dea resposta \u00e1s necesidades dos barrios e parroquias, \u00e9 negar a m\u00e1is democr\u00e1tica das instituci\u00f3ns, como dixo Doris Lessing, Nobel de Literatura. Cando Vigo volve ser sinalada pola Asociaci\u00f3n de Profesionais dos Arquivos, Bibliotecas, Museos e Centros de Documentaci\u00f3n de Galicia (BAMAD) debido ao abandono que padecemos en termos de servizos bibliotecarios, o que se revela \u00e9 que a cidade m\u00e1is poboada do pa\u00eds \u00e9 a que goza dunha peor situaci\u00f3n bibliotecaria. Cando Abanca decide pechar algunhas das bibliotecas que estaban nos barrios dende a obra social de Caixanova e o Concello non negocia a cesi\u00f3n do espazo para aproveitar os espazos existentes e establecer neles bibliotecas p\u00fablicas municipais, o que temos \u00e9 negaci\u00f3n de servizos p\u00fablicos de calidade para os nosos barrios.<br>Levamos anos, lexislaturas incluso, denunciando que Vigo est\u00e1 nunha situaci\u00f3n m\u00e1is que alarmante. Dar\u00e1 o photocall de cart\u00f3n-pedra agochado a existencia dunha nutrida comunidade cultural que latexa por dentro? De certo, sobreviviremos ao abandono e ao desprezo institucional porque a personalidade creativa, como a forza industriosa e libre de Vigo, cara e env\u00e9s da mesma moeda que somos, non remata nunca. Dispostas a salvarnos n\u00f3s mesmas. Seguimos.<\/p>\n","protected":false},"excerpt":{"rendered":"<div class=\"mh-excerpt\"><p>\u00c1lvaro Cunqueiro dixo aquilo de que Vigo foi fundada \u00e1 beira dun verso de Mart\u00edn C\u00f3dax. Unha cidade fundada por un poeta que, ademais, deixou as s\u00faas creaci\u00f3ns l\u00edricas vinculadas tam\u00e9n \u00e1 notaci\u00f3n musical que conservamos. Dende que Mart\u00edn C\u00f3dax deixase para a historia as s\u00faas composici\u00f3ns medievais, son innumerables os creadores e as creadoras que desenvolveron e desenvolven as s\u00faas produci\u00f3ns de xeito individual ou en colectivos e movementos art\u00edsticos, cun selo ou cunha sorte de marca de auga da r\u00eda <a class=\"mh-excerpt-more\" href=\"https:\/\/www.anovapeneira.gal\/index.php\/2022\/01\/21\/vigo-o-latexo-subterraneo\/\" title=\"Vigo, o latexo subterr\u00e1neo\">[&#8230;]<\/a><\/p>\n<\/div>","protected":false},"author":24,"featured_media":6809,"comment_status":"open","ping_status":"open","sticky":false,"template":"","format":"standard","meta":{"_exactmetrics_skip_tracking":false,"_exactmetrics_sitenote_active":false,"_exactmetrics_sitenote_note":"","_exactmetrics_sitenote_category":0,"footnotes":""},"categories":[7],"tags":[1284],"class_list":{"0":"post-6807","1":"post","2":"type-post","3":"status-publish","4":"format-standard","5":"has-post-thumbnail","7":"category-artigos-de-opinion","8":"tag-marea-vigo"},"yoast_head":"<!-- This site is optimized with the Yoast SEO plugin v27.4 - https:\/\/yoast.com\/product\/yoast-seo-wordpress\/ -->\n<title>Vigo, o latexo subterr\u00e1neo -<\/title>\n<meta name=\"description\" content=\"\u00c1lvaro Cunqueiro dixo aquilo de que Vigo foi fundada \u00e1 beira dun verso de Mart\u00edn C\u00f3dax. Unha cidade fundada por un poeta que, ademais, deixou as s\u00faas creaci\u00f3ns l\u00edricas vinculadas tam\u00e9n \u00e1 notaci\u00f3n musical que conservamos. Dende que Mart\u00edn C\u00f3dax deixase para a historia as s\u00faas composici\u00f3ns medievais, son innumerables os creadores e as creadoras que desenvolveron e desenvolven as s\u00faas produci\u00f3ns de xeito individual ou en colectivos e movementos art\u00edsticos, cun selo ou cunha sorte de marca de auga da r\u00eda\" \/>\n<meta name=\"robots\" content=\"index, follow, max-snippet:-1, max-image-preview:large, max-video-preview:-1\" \/>\n<link rel=\"canonical\" href=\"https:\/\/www.anovapeneira.gal\/index.php\/2022\/01\/21\/vigo-o-latexo-subterraneo\/\" \/>\n<meta property=\"og:locale\" content=\"gl_ES\" \/>\n<meta property=\"og:type\" content=\"article\" \/>\n<meta property=\"og:title\" content=\"Vigo, o latexo subterr\u00e1neo -\" \/>\n<meta property=\"og:description\" content=\"\u00c1lvaro Cunqueiro dixo aquilo de que Vigo foi fundada \u00e1 beira dun verso de Mart\u00edn C\u00f3dax. Unha cidade fundada por un poeta que, ademais, deixou as s\u00faas creaci\u00f3ns l\u00edricas vinculadas tam\u00e9n \u00e1 notaci\u00f3n musical que conservamos. Dende que Mart\u00edn C\u00f3dax deixase para a historia as s\u00faas composici\u00f3ns medievais, son innumerables os creadores e as creadoras que desenvolveron e desenvolven as s\u00faas produci\u00f3ns de xeito individual ou en colectivos e movementos art\u00edsticos, cun selo ou cunha sorte de marca de auga da r\u00eda\" \/>\n<meta property=\"og:url\" content=\"https:\/\/www.anovapeneira.gal\/index.php\/2022\/01\/21\/vigo-o-latexo-subterraneo\/\" \/>\n<meta property=\"article:publisher\" content=\"https:\/\/www.facebook.com\/anovapeneira\" \/>\n<meta property=\"article:published_time\" content=\"2022-01-21T09:00:26+00:00\" \/>\n<meta property=\"og:image\" content=\"https:\/\/www.anovapeneira.gal\/wp-content\/uploads\/2022\/01\/Oriana_Mendez.jpg\" \/>\n\t<meta property=\"og:image:width\" content=\"720\" \/>\n\t<meta property=\"og:image:height\" content=\"432\" \/>\n\t<meta property=\"og:image:type\" content=\"image\/jpeg\" \/>\n<meta name=\"author\" content=\"Oriana M\u00e9ndez\" \/>\n<meta name=\"twitter:card\" content=\"summary_large_image\" \/>\n<meta name=\"twitter:creator\" content=\"@APeneira\" \/>\n<meta name=\"twitter:site\" content=\"@APeneira\" \/>\n<meta name=\"twitter:label1\" content=\"Escrito por\" \/>\n\t<meta name=\"twitter:data1\" content=\"Oriana M\u00e9ndez\" \/>\n\t<meta name=\"twitter:label2\" content=\"Tempo de lectura\" \/>\n\t<meta name=\"twitter:data2\" content=\"4 minutos\" \/>\n<script type=\"application\/ld+json\" class=\"yoast-schema-graph\">{\"@context\":\"https:\\\/\\\/schema.org\",\"@graph\":[{\"@type\":\"Article\",\"@id\":\"https:\\\/\\\/www.anovapeneira.gal\\\/index.php\\\/2022\\\/01\\\/21\\\/vigo-o-latexo-subterraneo\\\/#article\",\"isPartOf\":{\"@id\":\"https:\\\/\\\/www.anovapeneira.gal\\\/index.php\\\/2022\\\/01\\\/21\\\/vigo-o-latexo-subterraneo\\\/\"},\"author\":{\"name\":\"Oriana M\u00e9ndez\",\"@id\":\"https:\\\/\\\/www.anovapeneira.gal\\\/#\\\/schema\\\/person\\\/b88443598ccbe41fdcb1211d72a05abb\"},\"headline\":\"Vigo, o latexo subterr\u00e1neo\",\"datePublished\":\"2022-01-21T09:00:26+00:00\",\"mainEntityOfPage\":{\"@id\":\"https:\\\/\\\/www.anovapeneira.gal\\\/index.php\\\/2022\\\/01\\\/21\\\/vigo-o-latexo-subterraneo\\\/\"},\"wordCount\":724,\"commentCount\":0,\"publisher\":{\"@id\":\"https:\\\/\\\/www.anovapeneira.gal\\\/#organization\"},\"image\":{\"@id\":\"https:\\\/\\\/www.anovapeneira.gal\\\/index.php\\\/2022\\\/01\\\/21\\\/vigo-o-latexo-subterraneo\\\/#primaryimage\"},\"thumbnailUrl\":\"https:\\\/\\\/www.anovapeneira.gal\\\/wp-content\\\/uploads\\\/2022\\\/01\\\/Oriana_Mendez.jpg\",\"keywords\":[\"Marea Vigo\"],\"articleSection\":[\"Artigos de opini\u00f3n\"],\"inLanguage\":\"gl-ES\",\"potentialAction\":[{\"@type\":\"CommentAction\",\"name\":\"Comment\",\"target\":[\"https:\\\/\\\/www.anovapeneira.gal\\\/index.php\\\/2022\\\/01\\\/21\\\/vigo-o-latexo-subterraneo\\\/#respond\"]}]},{\"@type\":\"WebPage\",\"@id\":\"https:\\\/\\\/www.anovapeneira.gal\\\/index.php\\\/2022\\\/01\\\/21\\\/vigo-o-latexo-subterraneo\\\/\",\"url\":\"https:\\\/\\\/www.anovapeneira.gal\\\/index.php\\\/2022\\\/01\\\/21\\\/vigo-o-latexo-subterraneo\\\/\",\"name\":\"Vigo, o latexo subterr\u00e1neo -\",\"isPartOf\":{\"@id\":\"https:\\\/\\\/www.anovapeneira.gal\\\/#website\"},\"primaryImageOfPage\":{\"@id\":\"https:\\\/\\\/www.anovapeneira.gal\\\/index.php\\\/2022\\\/01\\\/21\\\/vigo-o-latexo-subterraneo\\\/#primaryimage\"},\"image\":{\"@id\":\"https:\\\/\\\/www.anovapeneira.gal\\\/index.php\\\/2022\\\/01\\\/21\\\/vigo-o-latexo-subterraneo\\\/#primaryimage\"},\"thumbnailUrl\":\"https:\\\/\\\/www.anovapeneira.gal\\\/wp-content\\\/uploads\\\/2022\\\/01\\\/Oriana_Mendez.jpg\",\"datePublished\":\"2022-01-21T09:00:26+00:00\",\"description\":\"\u00c1lvaro Cunqueiro dixo aquilo de que Vigo foi fundada \u00e1 beira dun verso de Mart\u00edn C\u00f3dax. Unha cidade fundada por un poeta que, ademais, deixou as s\u00faas creaci\u00f3ns l\u00edricas vinculadas tam\u00e9n \u00e1 notaci\u00f3n musical que conservamos. Dende que Mart\u00edn C\u00f3dax deixase para a historia as s\u00faas composici\u00f3ns medievais, son innumerables os creadores e as creadoras que desenvolveron e desenvolven as s\u00faas produci\u00f3ns de xeito individual ou en colectivos e movementos art\u00edsticos, cun selo ou cunha sorte de marca de auga da r\u00eda\",\"breadcrumb\":{\"@id\":\"https:\\\/\\\/www.anovapeneira.gal\\\/index.php\\\/2022\\\/01\\\/21\\\/vigo-o-latexo-subterraneo\\\/#breadcrumb\"},\"inLanguage\":\"gl-ES\",\"potentialAction\":[{\"@type\":\"ReadAction\",\"target\":[\"https:\\\/\\\/www.anovapeneira.gal\\\/index.php\\\/2022\\\/01\\\/21\\\/vigo-o-latexo-subterraneo\\\/\"]}]},{\"@type\":\"ImageObject\",\"inLanguage\":\"gl-ES\",\"@id\":\"https:\\\/\\\/www.anovapeneira.gal\\\/index.php\\\/2022\\\/01\\\/21\\\/vigo-o-latexo-subterraneo\\\/#primaryimage\",\"url\":\"https:\\\/\\\/www.anovapeneira.gal\\\/wp-content\\\/uploads\\\/2022\\\/01\\\/Oriana_Mendez.jpg\",\"contentUrl\":\"https:\\\/\\\/www.anovapeneira.gal\\\/wp-content\\\/uploads\\\/2022\\\/01\\\/Oriana_Mendez.jpg\",\"width\":720,\"height\":432,\"caption\":\"Oriana M\u00e9ndez Marea Vigo\"},{\"@type\":\"BreadcrumbList\",\"@id\":\"https:\\\/\\\/www.anovapeneira.gal\\\/index.php\\\/2022\\\/01\\\/21\\\/vigo-o-latexo-subterraneo\\\/#breadcrumb\",\"itemListElement\":[{\"@type\":\"ListItem\",\"position\":1,\"name\":\"Portada\",\"item\":\"https:\\\/\\\/www.anovapeneira.gal\\\/\"},{\"@type\":\"ListItem\",\"position\":2,\"name\":\"Vigo, o latexo subterr\u00e1neo\"}]},{\"@type\":\"WebSite\",\"@id\":\"https:\\\/\\\/www.anovapeneira.gal\\\/#website\",\"url\":\"https:\\\/\\\/www.anovapeneira.gal\\\/\",\"name\":\"\",\"description\":\"Xornal galego de informaci\u00f3n xeral Publicaci\u00f3n mensual de novas de Galicia e en especial dos Concellos da sur da provincia de Pontevedra.\",\"publisher\":{\"@id\":\"https:\\\/\\\/www.anovapeneira.gal\\\/#organization\"},\"potentialAction\":[{\"@type\":\"SearchAction\",\"target\":{\"@type\":\"EntryPoint\",\"urlTemplate\":\"https:\\\/\\\/www.anovapeneira.gal\\\/?s={search_term_string}\"},\"query-input\":{\"@type\":\"PropertyValueSpecification\",\"valueRequired\":true,\"valueName\":\"search_term_string\"}}],\"inLanguage\":\"gl-ES\"},{\"@type\":\"Organization\",\"@id\":\"https:\\\/\\\/www.anovapeneira.gal\\\/#organization\",\"name\":\"A Nova Peneira\",\"url\":\"https:\\\/\\\/www.anovapeneira.gal\\\/\",\"logo\":{\"@type\":\"ImageObject\",\"inLanguage\":\"gl-ES\",\"@id\":\"https:\\\/\\\/www.anovapeneira.gal\\\/#\\\/schema\\\/logo\\\/image\\\/\",\"url\":\"http:\\\/\\\/www.anovapeneira.gal\\\/wp-content\\\/uploads\\\/2019\\\/06\\\/logo_a_nova_peneira_portal_web.png\",\"contentUrl\":\"http:\\\/\\\/www.anovapeneira.gal\\\/wp-content\\\/uploads\\\/2019\\\/06\\\/logo_a_nova_peneira_portal_web.png\",\"width\":300,\"height\":100,\"caption\":\"A Nova Peneira\"},\"image\":{\"@id\":\"https:\\\/\\\/www.anovapeneira.gal\\\/#\\\/schema\\\/logo\\\/image\\\/\"},\"sameAs\":[\"https:\\\/\\\/www.facebook.com\\\/anovapeneira\",\"https:\\\/\\\/x.com\\\/APeneira\"]},{\"@type\":\"Person\",\"@id\":\"https:\\\/\\\/www.anovapeneira.gal\\\/#\\\/schema\\\/person\\\/b88443598ccbe41fdcb1211d72a05abb\",\"name\":\"Oriana M\u00e9ndez\",\"image\":{\"@type\":\"ImageObject\",\"inLanguage\":\"gl-ES\",\"@id\":\"https:\\\/\\\/secure.gravatar.com\\\/avatar\\\/2407c781e8f1b962ae420d75ec66b7039bc5018bc8cc5fd0a025932551b91537?s=96&d=mm&r=g\",\"url\":\"https:\\\/\\\/secure.gravatar.com\\\/avatar\\\/2407c781e8f1b962ae420d75ec66b7039bc5018bc8cc5fd0a025932551b91537?s=96&d=mm&r=g\",\"contentUrl\":\"https:\\\/\\\/secure.gravatar.com\\\/avatar\\\/2407c781e8f1b962ae420d75ec66b7039bc5018bc8cc5fd0a025932551b91537?s=96&d=mm&r=g\",\"caption\":\"Oriana M\u00e9ndez\"},\"url\":\"https:\\\/\\\/www.anovapeneira.gal\\\/index.php\\\/author\\\/orianamendez\\\/\"}]}<\/script>\n<!-- \/ Yoast SEO plugin. -->","yoast_head_json":{"title":"Vigo, o latexo subterr\u00e1neo -","description":"\u00c1lvaro Cunqueiro dixo aquilo de que Vigo foi fundada \u00e1 beira dun verso de Mart\u00edn C\u00f3dax. Unha cidade fundada por un poeta que, ademais, deixou as s\u00faas creaci\u00f3ns l\u00edricas vinculadas tam\u00e9n \u00e1 notaci\u00f3n musical que conservamos. Dende que Mart\u00edn C\u00f3dax deixase para a historia as s\u00faas composici\u00f3ns medievais, son innumerables os creadores e as creadoras que desenvolveron e desenvolven as s\u00faas produci\u00f3ns de xeito individual ou en colectivos e movementos art\u00edsticos, cun selo ou cunha sorte de marca de auga da r\u00eda","robots":{"index":"index","follow":"follow","max-snippet":"max-snippet:-1","max-image-preview":"max-image-preview:large","max-video-preview":"max-video-preview:-1"},"canonical":"https:\/\/www.anovapeneira.gal\/index.php\/2022\/01\/21\/vigo-o-latexo-subterraneo\/","og_locale":"gl_ES","og_type":"article","og_title":"Vigo, o latexo subterr\u00e1neo -","og_description":"\u00c1lvaro Cunqueiro dixo aquilo de que Vigo foi fundada \u00e1 beira dun verso de Mart\u00edn C\u00f3dax. Unha cidade fundada por un poeta que, ademais, deixou as s\u00faas creaci\u00f3ns l\u00edricas vinculadas tam\u00e9n \u00e1 notaci\u00f3n musical que conservamos. Dende que Mart\u00edn C\u00f3dax deixase para a historia as s\u00faas composici\u00f3ns medievais, son innumerables os creadores e as creadoras que desenvolveron e desenvolven as s\u00faas produci\u00f3ns de xeito individual ou en colectivos e movementos art\u00edsticos, cun selo ou cunha sorte de marca de auga da r\u00eda","og_url":"https:\/\/www.anovapeneira.gal\/index.php\/2022\/01\/21\/vigo-o-latexo-subterraneo\/","article_publisher":"https:\/\/www.facebook.com\/anovapeneira","article_published_time":"2022-01-21T09:00:26+00:00","og_image":[{"width":720,"height":432,"url":"https:\/\/www.anovapeneira.gal\/wp-content\/uploads\/2022\/01\/Oriana_Mendez.jpg","type":"image\/jpeg"}],"author":"Oriana M\u00e9ndez","twitter_card":"summary_large_image","twitter_creator":"@APeneira","twitter_site":"@APeneira","twitter_misc":{"Escrito por":"Oriana M\u00e9ndez","Tempo de lectura":"4 minutos"},"schema":{"@context":"https:\/\/schema.org","@graph":[{"@type":"Article","@id":"https:\/\/www.anovapeneira.gal\/index.php\/2022\/01\/21\/vigo-o-latexo-subterraneo\/#article","isPartOf":{"@id":"https:\/\/www.anovapeneira.gal\/index.php\/2022\/01\/21\/vigo-o-latexo-subterraneo\/"},"author":{"name":"Oriana M\u00e9ndez","@id":"https:\/\/www.anovapeneira.gal\/#\/schema\/person\/b88443598ccbe41fdcb1211d72a05abb"},"headline":"Vigo, o latexo subterr\u00e1neo","datePublished":"2022-01-21T09:00:26+00:00","mainEntityOfPage":{"@id":"https:\/\/www.anovapeneira.gal\/index.php\/2022\/01\/21\/vigo-o-latexo-subterraneo\/"},"wordCount":724,"commentCount":0,"publisher":{"@id":"https:\/\/www.anovapeneira.gal\/#organization"},"image":{"@id":"https:\/\/www.anovapeneira.gal\/index.php\/2022\/01\/21\/vigo-o-latexo-subterraneo\/#primaryimage"},"thumbnailUrl":"https:\/\/www.anovapeneira.gal\/wp-content\/uploads\/2022\/01\/Oriana_Mendez.jpg","keywords":["Marea Vigo"],"articleSection":["Artigos de opini\u00f3n"],"inLanguage":"gl-ES","potentialAction":[{"@type":"CommentAction","name":"Comment","target":["https:\/\/www.anovapeneira.gal\/index.php\/2022\/01\/21\/vigo-o-latexo-subterraneo\/#respond"]}]},{"@type":"WebPage","@id":"https:\/\/www.anovapeneira.gal\/index.php\/2022\/01\/21\/vigo-o-latexo-subterraneo\/","url":"https:\/\/www.anovapeneira.gal\/index.php\/2022\/01\/21\/vigo-o-latexo-subterraneo\/","name":"Vigo, o latexo subterr\u00e1neo -","isPartOf":{"@id":"https:\/\/www.anovapeneira.gal\/#website"},"primaryImageOfPage":{"@id":"https:\/\/www.anovapeneira.gal\/index.php\/2022\/01\/21\/vigo-o-latexo-subterraneo\/#primaryimage"},"image":{"@id":"https:\/\/www.anovapeneira.gal\/index.php\/2022\/01\/21\/vigo-o-latexo-subterraneo\/#primaryimage"},"thumbnailUrl":"https:\/\/www.anovapeneira.gal\/wp-content\/uploads\/2022\/01\/Oriana_Mendez.jpg","datePublished":"2022-01-21T09:00:26+00:00","description":"\u00c1lvaro Cunqueiro dixo aquilo de que Vigo foi fundada \u00e1 beira dun verso de Mart\u00edn C\u00f3dax. Unha cidade fundada por un poeta que, ademais, deixou as s\u00faas creaci\u00f3ns l\u00edricas vinculadas tam\u00e9n \u00e1 notaci\u00f3n musical que conservamos. Dende que Mart\u00edn C\u00f3dax deixase para a historia as s\u00faas composici\u00f3ns medievais, son innumerables os creadores e as creadoras que desenvolveron e desenvolven as s\u00faas produci\u00f3ns de xeito individual ou en colectivos e movementos art\u00edsticos, cun selo ou cunha sorte de marca de auga da r\u00eda","breadcrumb":{"@id":"https:\/\/www.anovapeneira.gal\/index.php\/2022\/01\/21\/vigo-o-latexo-subterraneo\/#breadcrumb"},"inLanguage":"gl-ES","potentialAction":[{"@type":"ReadAction","target":["https:\/\/www.anovapeneira.gal\/index.php\/2022\/01\/21\/vigo-o-latexo-subterraneo\/"]}]},{"@type":"ImageObject","inLanguage":"gl-ES","@id":"https:\/\/www.anovapeneira.gal\/index.php\/2022\/01\/21\/vigo-o-latexo-subterraneo\/#primaryimage","url":"https:\/\/www.anovapeneira.gal\/wp-content\/uploads\/2022\/01\/Oriana_Mendez.jpg","contentUrl":"https:\/\/www.anovapeneira.gal\/wp-content\/uploads\/2022\/01\/Oriana_Mendez.jpg","width":720,"height":432,"caption":"Oriana M\u00e9ndez Marea Vigo"},{"@type":"BreadcrumbList","@id":"https:\/\/www.anovapeneira.gal\/index.php\/2022\/01\/21\/vigo-o-latexo-subterraneo\/#breadcrumb","itemListElement":[{"@type":"ListItem","position":1,"name":"Portada","item":"https:\/\/www.anovapeneira.gal\/"},{"@type":"ListItem","position":2,"name":"Vigo, o latexo subterr\u00e1neo"}]},{"@type":"WebSite","@id":"https:\/\/www.anovapeneira.gal\/#website","url":"https:\/\/www.anovapeneira.gal\/","name":"","description":"Xornal galego de informaci\u00f3n xeral Publicaci\u00f3n mensual de novas de Galicia e en especial dos Concellos da sur da provincia de Pontevedra.","publisher":{"@id":"https:\/\/www.anovapeneira.gal\/#organization"},"potentialAction":[{"@type":"SearchAction","target":{"@type":"EntryPoint","urlTemplate":"https:\/\/www.anovapeneira.gal\/?s={search_term_string}"},"query-input":{"@type":"PropertyValueSpecification","valueRequired":true,"valueName":"search_term_string"}}],"inLanguage":"gl-ES"},{"@type":"Organization","@id":"https:\/\/www.anovapeneira.gal\/#organization","name":"A Nova Peneira","url":"https:\/\/www.anovapeneira.gal\/","logo":{"@type":"ImageObject","inLanguage":"gl-ES","@id":"https:\/\/www.anovapeneira.gal\/#\/schema\/logo\/image\/","url":"http:\/\/www.anovapeneira.gal\/wp-content\/uploads\/2019\/06\/logo_a_nova_peneira_portal_web.png","contentUrl":"http:\/\/www.anovapeneira.gal\/wp-content\/uploads\/2019\/06\/logo_a_nova_peneira_portal_web.png","width":300,"height":100,"caption":"A Nova Peneira"},"image":{"@id":"https:\/\/www.anovapeneira.gal\/#\/schema\/logo\/image\/"},"sameAs":["https:\/\/www.facebook.com\/anovapeneira","https:\/\/x.com\/APeneira"]},{"@type":"Person","@id":"https:\/\/www.anovapeneira.gal\/#\/schema\/person\/b88443598ccbe41fdcb1211d72a05abb","name":"Oriana M\u00e9ndez","image":{"@type":"ImageObject","inLanguage":"gl-ES","@id":"https:\/\/secure.gravatar.com\/avatar\/2407c781e8f1b962ae420d75ec66b7039bc5018bc8cc5fd0a025932551b91537?s=96&d=mm&r=g","url":"https:\/\/secure.gravatar.com\/avatar\/2407c781e8f1b962ae420d75ec66b7039bc5018bc8cc5fd0a025932551b91537?s=96&d=mm&r=g","contentUrl":"https:\/\/secure.gravatar.com\/avatar\/2407c781e8f1b962ae420d75ec66b7039bc5018bc8cc5fd0a025932551b91537?s=96&d=mm&r=g","caption":"Oriana M\u00e9ndez"},"url":"https:\/\/www.anovapeneira.gal\/index.php\/author\/orianamendez\/"}]}},"jetpack_featured_media_url":"https:\/\/www.anovapeneira.gal\/wp-content\/uploads\/2022\/01\/Oriana_Mendez.jpg","_links":{"self":[{"href":"https:\/\/www.anovapeneira.gal\/index.php\/wp-json\/wp\/v2\/posts\/6807","targetHints":{"allow":["GET"]}}],"collection":[{"href":"https:\/\/www.anovapeneira.gal\/index.php\/wp-json\/wp\/v2\/posts"}],"about":[{"href":"https:\/\/www.anovapeneira.gal\/index.php\/wp-json\/wp\/v2\/types\/post"}],"author":[{"embeddable":true,"href":"https:\/\/www.anovapeneira.gal\/index.php\/wp-json\/wp\/v2\/users\/24"}],"replies":[{"embeddable":true,"href":"https:\/\/www.anovapeneira.gal\/index.php\/wp-json\/wp\/v2\/comments?post=6807"}],"version-history":[{"count":1,"href":"https:\/\/www.anovapeneira.gal\/index.php\/wp-json\/wp\/v2\/posts\/6807\/revisions"}],"predecessor-version":[{"id":6808,"href":"https:\/\/www.anovapeneira.gal\/index.php\/wp-json\/wp\/v2\/posts\/6807\/revisions\/6808"}],"wp:featuredmedia":[{"embeddable":true,"href":"https:\/\/www.anovapeneira.gal\/index.php\/wp-json\/wp\/v2\/media\/6809"}],"wp:attachment":[{"href":"https:\/\/www.anovapeneira.gal\/index.php\/wp-json\/wp\/v2\/media?parent=6807"}],"wp:term":[{"taxonomy":"category","embeddable":true,"href":"https:\/\/www.anovapeneira.gal\/index.php\/wp-json\/wp\/v2\/categories?post=6807"},{"taxonomy":"post_tag","embeddable":true,"href":"https:\/\/www.anovapeneira.gal\/index.php\/wp-json\/wp\/v2\/tags?post=6807"}],"curies":[{"name":"wp","href":"https:\/\/api.w.org\/{rel}","templated":true}]}}