{"id":6810,"date":"2022-01-21T12:00:51","date_gmt":"2022-01-21T11:00:51","guid":{"rendered":"https:\/\/www.anovapeneira.gal\/?p=6810"},"modified":"2022-01-19T12:43:16","modified_gmt":"2022-01-19T11:43:16","slug":"luis-bara-torres-deputado-do-bng","status":"publish","type":"post","link":"https:\/\/www.anovapeneira.gal\/index.php\/2022\/01\/21\/luis-bara-torres-deputado-do-bng\/","title":{"rendered":"Luis Bar\u00e1 Torres, deputado do BNG"},"content":{"rendered":"\n<pre class=\"wp-block-verse\"><strong>Tino Lago<\/strong><\/pre>\n\n\n\n<p><strong>Cando Gabriel Celaya escribiu aquel fermoso poema no que maldic\u00eda a poes\u00eda daqueles que non tomaban partido, partido ata mancharse, abof\u00e9 que non pensou en Luis Bar\u00e1, pois Luis \u00e9 un home dos que toman partido dos que se manchan ata as profundidades insondables de si mesmo. Luis \u00e9 un cami\u00f1ante incansable, un loitador infatigable que leva toda a s\u00faa vida na pelexa pola construci\u00f3n do\u201d abrente no que poidamos voar sobre a nosa terra e percorrela en todas as direcci\u00f3ns contemplando a marabilla dunha ma\u00f1\u00e1 \u00fanica\u201d .Para min foi un pracer conversar unha vez m\u00e1is con el.<\/strong><\/p>\n\n\n\n<p>\u201c<strong>Estamos nunha posici\u00f3n que nos permite so\u00f1ar cun BNG sen l\u00edmites, que vaia a por todas, e que aspire a gobernar este pa\u00eds\u201d<\/strong><\/p>\n\n\n\n<p><strong>Malia que ti es da parroquia de Paredes en Vilaboa, Pontevedra, onde facemos esta entrevista, \u00e9 a t\u00faa cidade de adopci\u00f3n. Neste momento vital concreto este \u00e9 o espazo onde pasas m\u00e1is tempo?<\/strong><\/p>\n\n\n\n<blockquote class=\"wp-block-quote is-layout-flow wp-block-quote-is-layout-flow\"><p>Non, neste momento onde paso a maior parte do tempo \u00e9 en Compostela, a\u00ednda que nesta lexislatura , ao sermos 19, podemos ter moita maior presenza no territorio e estar presentes onde hai debates, conflitos ou demandas da xente que nos obrigan a estar f\u00f3ra do parlamento ou a facer visitas nas Comarcas.<\/p><\/blockquote>\n\n\n\n<p><strong>Hai xa anos, na primeira entrevista que che fixen, dix\u00e9chesme que che gustaba moito a pol\u00edtica municipal. Botas de menos a t\u00faa etapa como concelleiro?<\/strong><\/p>\n\n\n\n<blockquote class=\"wp-block-quote is-layout-flow wp-block-quote-is-layout-flow\"><p>Si, a min g\u00fastame moito a pol\u00edtica de proximidade, de ver resultados inmediatos e como as cousas que planificas exec\u00fatanse con certa axilidade. Poder dedicarlle tempo a cuesti\u00f3n que sempre me interesaron como a cultura ou a memoria hist\u00f3rica, o contacto coa xente. Son fiel defensor da pol\u00edtica local.<\/p><\/blockquote>\n\n\n\n<p><strong>Non est\u00e1s canso deste ritmo de viaxes que che leva a percorrer o pa\u00eds decote?<\/strong><\/p>\n\n\n\n<blockquote class=\"wp-block-quote is-layout-flow wp-block-quote-is-layout-flow\"><p>Non, o que me cansa \u00e9 estar parado. A min o que me fai virme abaixo e cando levo un ritmo intenso de actividade e me paro \u00e9 cando me sinto esgotado. G\u00fastame o contacto coa xente e o que levo mal e estar encerrado tanto no parlamento como nos par\u00f3ns de traballo.<\/p><\/blockquote>\n\n\n\n<p><strong>O BNG tivo recentemente a asemblea nacional, a sensaci\u00f3n que tirastes \u00e9 dunha sa\u00fade extraordinaria. Corresp\u00f3ndese coa realidade?<\/strong><\/p>\n\n\n\n<blockquote class=\"wp-block-quote is-layout-flow wp-block-quote-is-layout-flow\"><p>Si. Se facemos unha an\u00e1lise de como \u00e9 a realidade por abaixo no BNG \u00e9 evidente que temos diferencias e debilidades pero, globalmente, a posici\u00f3n do BNG no marco pol\u00edtico galego e estatal, no ciclo dos \u00faltimos cinco anos mudou radicalmente e estamos nunha posici\u00f3n de fortaleza na que nos permite aspirar a todo, por isto falamos deste BNG sen l\u00edmites, de pensar o pa\u00eds en grande e de ir a por todas.<\/p><\/blockquote>\n\n\n\n<p><strong>Que \u00e9 en concreto aspirar a todo ?<\/strong><\/p>\n\n\n\n<blockquote class=\"wp-block-quote is-layout-flow wp-block-quote-is-layout-flow\"><p>\u00c9 marcarse obxectivos para cada momento e para este pa\u00eds. Isto significa facer posible o que \u00e9 posible agora, non o que ser\u00e1 posible dentro de 20 ou 40 anos. Agora aspirar a todo \u00e9 disputarlle a hexemon\u00eda ao PP. Dar o debate pol\u00edtico e social en t\u00f3dolos \u00e1mbitos e demostrarlle \u00e1 xente que o que lle conv\u00e9n a Galiza neste momento \u00e9 un goberno nacionalista dirixido polo BNG e por Ana Pont\u00f3n e a nova xeraci\u00f3ns de persoas que est\u00e1n asumindo responsabilidades no BNG. Isto para o pa\u00eds ser\u00eda un cambio hist\u00f3rico e permitir\u00edanos dar un salto adiante espectacular.<\/p><\/blockquote>\n\n\n\n<p><strong>Se eu fora un lector ou lectora d A Nova Peneira que nunca votou ao BNG porque deber\u00eda facelo?<\/strong><\/p>\n\n\n\n<blockquote class=\"wp-block-quote is-layout-flow wp-block-quote-is-layout-flow\"><p>No primeiro lugar, somos unha forza pol\u00edtica que ten os p\u00e9s, a cabeza e o coraz\u00f3n en Galiza, que vai facer o seu traballo pol\u00edtico para mellorar a situaci\u00f3n do pa\u00eds, como noso principal obxectivo; transformar o pa\u00eds para mellorar a vida da xente.<\/p><\/blockquote>\n\n\n\n<blockquote class=\"wp-block-quote is-layout-flow wp-block-quote-is-layout-flow\"><p>En segundo lugar, a tradici\u00f3n e a historia demostra que somos unha organizaci\u00f3n seria, solvente e cun nivel de honestidade a proba de d\u00fabidas.<\/p><\/blockquote>\n\n\n\n<blockquote class=\"wp-block-quote is-layout-flow wp-block-quote-is-layout-flow\"><p>Por terceiro lugar, temos experiencias de goberno que demostran que o que fai o BNG e beneficioso para a xente.<\/p><\/blockquote>\n\n\n\n<p><strong>E que fai falta para que ese amplo caudal de votos que normalmente acada o BNG nas municipais dos concellos que goberna como Tomi\u00f1o, Bueu, Pontevedra, Moa\u00f1a&#8230; se trasladen a outro tipo de procesos electorais nos que non os logra?<\/strong><\/p>\n\n\n\n<blockquote class=\"wp-block-quote is-layout-flow wp-block-quote-is-layout-flow\"><p>Isto est\u00e1 comezando a mudar. Nas \u00faltimas elecci\u00f3ns auton\u00f3micas do 2020 sacamos un 23,79% dos votos, xa somos a segunda forza m\u00e1is votada do pa\u00eds, e para as vindeiras elecci\u00f3ns estatais xa podemos aspirar a ter grupo parlamentario propio.<\/p><\/blockquote>\n\n\n\n<p><strong>En relaci\u00f3n \u00e1s estatais, unha enquisa recente situ\u00e1bavos en 4 actas. Estariades en m\u00e1ximos hist\u00f3ricos?<\/strong><\/p>\n\n\n\n<blockquote class=\"wp-block-quote is-layout-flow wp-block-quote-is-layout-flow\"><p>Si, pero imos paso a paso. O que nos interesa agora a centrar a atenci\u00f3n en que hai un proceso de cambio pol\u00edtico en Galiza liderado polo BNG de Ana Pont\u00f3n ga\u00f1ando posici\u00f3ns e chegando a sectores onde nunca chegaramos. Agora temos capacidade para chegar a sectores moi amplos, sectores que abranguen a votantes tradicionais do PP<\/p><\/blockquote>\n\n\n\n<p><strong>Eu que son nacionalista desde neno te\u00f1o a esperanza de poder vivir nun pa\u00eds normal no que se poida escoitar falar galego en cada curruncho do noso pa\u00eds. Eu te\u00f1o unha nena adolescente que cando era pequecha falaba comigo en galego e desde que comezou no cole, pasou a falar castel\u00e1n e agora non hai maneira de sacarlle unha palabra en galego. Ti que es nacionalista como min, cres que \u00e9 posible chegarmos a ese estadio?<\/strong><\/p>\n\n\n\n<blockquote class=\"wp-block-quote is-layout-flow wp-block-quote-is-layout-flow\"><p>Isto non se pode conseguir nunha lexislatura pero, si se inicia un proceso de cambio pol\u00edtico e desde o goberno se traballa para isto, nunha xeraci\u00f3n p\u00f3deselle dar un xiro competo. Se comparamos Galiza con Euskadi ou Catalu\u00f1a a situaci\u00f3n \u00e9 moi diferente porque al\u00ed levan tres ou catro d\u00e9cadas con gobernos nacionalistas que est\u00e1n conseguindo con determinadas pol\u00edticas que haxa un sentimento de identidade, que se nacionalice o pa\u00eds e no \u00e1mbito de pol\u00edtica ling\u00fc\u00edstica fan todo o contrario do que se fai aqu\u00ed.<\/p><\/blockquote>\n\n\n\n<p><strong>Vou opinar ao respecto e non de maneira pol\u00edtica sen\u00f3n filol\u00f3xica; para min a pol\u00edtica ling\u00fc\u00edstica do PP e absolutamente irresponsable pois pon en grave perigo a existencia do idioma nas seguintes xeraci\u00f3ns?<\/strong><\/p>\n\n\n\n<blockquote class=\"wp-block-quote is-layout-flow wp-block-quote-is-layout-flow\"><p>Non s\u00f3 \u00e9 iso, sen\u00f3n que conseguiu instalar con aquela campa\u00f1a absurda e miserable do ano 2009 da imposici\u00f3n do galego. Isto \u00e9 totalmente falso e o contrario da realidade.<\/p><\/blockquote>\n\n\n\n<p><strong>Ves ao idioma no estadio anterior \u00e1 s\u00faa desaparici\u00f3n?<\/strong><\/p>\n\n\n\n<blockquote class=\"wp-block-quote is-layout-flow wp-block-quote-is-layout-flow\"><p>Creo que non estamos nesa fase neste momento, pero si nunha evoluci\u00f3n moi preocupante e problem\u00e1tica. Por ser un pouco m\u00e1is optimista, tam\u00e9n percibo que nunha parte importante da mocidade non hai rexeitamento cara o idioma, a\u00ednda que non o falen. Estamos vendo tam\u00e9n o fen\u00f3meno dos neofalantes, vendo unha produci\u00f3n en \u00e1mbitos culturais e musicais en galego e aqu\u00ed hai unha oportunidade de traballar con intelixencia, cambiando o discurso para intentar ga\u00f1ar parte desta mocidade, sen adoutrinamento claro, para que sintan que o galego \u00e9 unha lingua importante, necesaria e parte fundamental da identidade.<\/p><\/blockquote>\n\n\n\n<p><strong>E a pol\u00edtica do PP de inzar os montes do noso pa\u00eds de mu\u00ed\u00f1os de vento, ten algo positivo ou \u00e9 todo negativo?<\/strong><\/p>\n\n\n\n<blockquote class=\"wp-block-quote is-layout-flow wp-block-quote-is-layout-flow\"><p>Non son pol\u00edticas s\u00f3 do PP, sen\u00f3n que hai directrices europeas e estatais. A Galiza t\u00f3calle o papel de ser produtora e fornecedora de materia prima, cun desenvolvemento absolutamente indiscriminado, invasivo e abusivo destas tecnolox\u00edas. A Xunta est\u00e1 facendo todo tipo de cambios legais para que todos estes proxectos se poidan implantar en todo o territorio cun impacto brutal, fac\u00e9ndoo de maneira indiscriminada e arrasando con todo o que hai ao redor.<\/p><\/blockquote>\n\n\n\n<p><strong>Hai opci\u00f3n de facelo de maneira racional non indiscriminada nin abusiva?<\/strong><\/p>\n\n\n\n<blockquote class=\"wp-block-quote is-layout-flow wp-block-quote-is-layout-flow\"><p>Si. Hai que priorizar os usos agro gandeiros, forestais e dentro disto encaixar a produci\u00f3n de enerx\u00eda con criterios de proximidade. Non constru\u00edr grandes infraestruturas pensadas para a exportaci\u00f3n e para fornecer outros territorios.A s\u00faa riqueza ten que quedar aqu\u00ed e beneficiar \u00e1s poboaci\u00f3ns locais, non ir para f\u00f3ra, este ser\u00eda un custo asumible.<\/p><\/blockquote>\n\n\n\n<p><strong>Para f\u00f3ra para onde?<\/strong><\/p>\n\n\n\n<blockquote class=\"wp-block-quote is-layout-flow wp-block-quote-is-layout-flow\"><p>Tal como est\u00e1 concibidos os e\u00f3licos non son para frear o cambio clim\u00e1tico, sen\u00f3n para que grandes inversores internacionais, fondos de inversi\u00f3n e a banca l\u00facrense, saquen a maior rendibilidade posible no menos tempo posible, por isto a invasi\u00f3n do territorio. Esta invasi\u00f3n esta tendo unha revolta social impresionante.<\/p><\/blockquote>\n\n\n\n<p><strong>Por isto che quer\u00eda preguntar. Ti tes estado na Groba, en Cerdedo-Cotobade e nalg\u00fan sitio m\u00e1is. Que percepci\u00f3n albiscas no conxunto da veci\u00f1anza das zonas afectadas?<\/strong><\/p>\n\n\n\n<blockquote class=\"wp-block-quote is-layout-flow wp-block-quote-is-layout-flow\"><p>No \u00faltimo ano houbo un cambio, parece que como que a xente espertase e deuse de conta do que estaba pasando. Nunhas comarcas m\u00e1is ca en outras pero houbo unha aut\u00e9ntica revolta social masiva e maioritaria porque os e\u00f3licos vanlles a invadir o seu espazo vital<\/p><\/blockquote>\n\n\n\n<p><strong>Eu creo que nas municipais do 2.019 o PP perdeu Baiona cando quixo chantar o campo de golf en Baredo .A invasi\u00f3n de e\u00f3licos pode provocar moitos episodios an\u00e1logos?<\/strong><\/p>\n\n\n\n<blockquote class=\"wp-block-quote is-layout-flow wp-block-quote-is-layout-flow\"><p>Creo que en moitos concellos vai ser un factor importante, por iso en moitas localidade gobernadas polo PP est\u00e1n intentado aparentar que est\u00e1n en contra dos parques e\u00f3licos. Isto pasa en concellos como A Estrada, Cerdedo-Cotobade, Oia, Lal\u00edn.<\/p><\/blockquote>\n\n\n\n<p><strong>Cando a alcaldesa Cristina Correa votou contra os e\u00f3licos a favor da moci\u00f3n que presentou o BNG, era un voto de aparencia?<\/strong><\/p>\n\n\n\n<blockquote class=\"wp-block-quote is-layout-flow wp-block-quote-is-layout-flow\"><p>Si. Ela d\u00e1se de conta que socialmente \u00e9 moi dif\u00edcil defender os parques e \u00e9 contraditorio co modelo de Concello que est\u00e1n potenciando e desenvolvendo, pero non vai romper co PP por isto.<\/p><\/blockquote>\n\n\n\n<p><strong>Outra cuesti\u00f3n relevante agora mesmo e o estado da atenci\u00f3n primaria. A xerencia do Sergas acaba de ordenar que 14 centros de sa\u00fade prescindan de todo tipo de atenci\u00f3n ag\u00e1s as urxencias e o Covid. Cal \u00e9 a Posici\u00f3n do BNG?<\/strong><\/p>\n\n\n\n<blockquote class=\"wp-block-quote is-layout-flow wp-block-quote-is-layout-flow\"><p>Isto \u00e9 unha barbaridade que nunca pasara. Os propios profesionais creo que se revelaron maioritariamente contra esta decisi\u00f3n. O BNG pediu a convocatoria dunha deputaci\u00f3n permanente do parlamento. O que est\u00e1 en xogo \u00e9 a propia supervivencia do que co\u00f1eciamos da sanidade p\u00fablica e especialmente da atenci\u00f3n primaria. Isto est\u00e1 provocando un colapso absoluto. A pandemia o que fixo foi exteriorizar problemas que xa vi\u00f1an de atr\u00e1s. O problema de fondo \u00e9 unha pol\u00edtica de 12 anos de recortes e privatizaci\u00f3ns que reduciron moit\u00edsimo os efectivos da sanidade p\u00fablica en atenci\u00f3n primaria que a levou a un estado de extrema debilidade para afrontar esta situaci\u00f3n.<\/p><\/blockquote>\n\n\n\n<blockquote class=\"wp-block-quote is-layout-flow wp-block-quote-is-layout-flow\"><p>O colapso provoca que a xente que ten posibilidade se pase \u00e1 sanidade privada, os seguros sanitarios est\u00e1n medrando dunha maneira exponencial<\/p><\/blockquote>\n\n\n\n<p><strong>Outro foco de conflito que parece que vai acabar pero non remata nunca \u00e9 o de ENCE. ENCE ac\u00e1base ou non?<\/strong><\/p>\n\n\n\n<blockquote class=\"wp-block-quote is-layout-flow wp-block-quote-is-layout-flow\"><p>Est\u00e1 todo a expensas da resoluci\u00f3n xudicial do Supremo. A primeira decisi\u00f3n da Audiencia Nacional foi favorable aos intereses do Concello e da defensa da R\u00eda, ditaminou que \u00e1 prorroga da empresa foi ilegal e non pod\u00eda seguir a\u00ed. Batalla de mobilizaci\u00f3n e hist\u00f3rica ga\u00f1ada. Pola banda contraria a Xunta e a empresa est\u00e1n mov\u00e9ndose para crear a ilusi\u00f3n de que a f\u00e1brica pode seguir a\u00ed e non buscar alternativas.<\/p><\/blockquote>\n\n\n\n<p><strong>E a direcci\u00f3n da f\u00e1brica que quere, cal \u00e9 a t\u00faa opini\u00f3n?<\/strong><\/p>\n\n\n\n<blockquote class=\"wp-block-quote is-layout-flow wp-block-quote-is-layout-flow\"><p>Ten un plan B que \u00e9 ampliar a f\u00e1brica de Navia, en Asturias, que se abastece maioritariamente de territorio galego. O outro plan e meter presi\u00f3n pol\u00edtica e social para seguir onde est\u00e1n.<\/p><\/blockquote>\n\n\n\n<blockquote class=\"wp-block-quote is-layout-flow wp-block-quote-is-layout-flow\"><p>Penso que o PP o que quere e que peche a f\u00e1brica para poder ter rendementos pol\u00edticos disto e sacarlle \u00e1 alcald\u00eda ao BNG en Pontevedra,<\/p><\/blockquote>\n\n\n\n<p><strong>Outro aspecto moi preocupante \u00e9 a perda da capacidade industrial que ten a cidade de Vigo. Os estaleiros vigueses Barreras e Vulcano, te\u00f1en soluci\u00f3n?<\/strong><\/p>\n\n\n\n<blockquote class=\"wp-block-quote is-layout-flow wp-block-quote-is-layout-flow\"><p>Deber\u00edan tela. N\u00f3s defendemos que a industria, xunto coa parte da innovaci\u00f3n, deber\u00edan ser un baluarte na \u00e1rea de Vigo e o naval ten que ser un elemento central. Para n\u00f3s a soluci\u00f3n pasa por ter unha participaci\u00f3n p\u00fablica directa onde haxa recursos p\u00fablicos destinados a activar todo o potencial naval de Vigo e de estas d\u00faas empresas.<\/p><\/blockquote>\n\n\n\n<p><strong>Para acabar. Que est\u00e1s facendo sobre a memoria hist\u00f3rica ultimamente?<\/strong><\/p>\n\n\n\n<blockquote class=\"wp-block-quote is-layout-flow wp-block-quote-is-layout-flow\"><p>Sigo recompilando documentaci\u00f3n e escribindo cousas coa idea de publicar no futuro alg\u00fan libro, e no \u00e1mbito publico e pol\u00edtico traballar pola memoria hist\u00f3rica no parlamento e noutros \u00e1mbitos Para desenvolver pol\u00edticas p\u00fablicas pola memoria en Galiza.<\/p><\/blockquote>\n\n\n\n<p><strong>E unha persoa coma ti que anda de curruncho en curruncho pola Galiza ten tempo para a actividade persoal.<\/strong><\/p>\n\n\n\n<blockquote class=\"wp-block-quote is-layout-flow wp-block-quote-is-layout-flow\"><p>Creo que debemos de facer por tela para a nosa sa\u00fade, desconectar e facer cousas como ver unha serie, sa\u00edr a cami\u00f1ar, ler un libro, investigar para afastarnos do estr\u00e9s e do traballo ao 120%.<\/p><\/blockquote>\n\n\n\n<p><strong>Xa me ensinar\u00e1s como se fai iso<\/strong><\/p>\n","protected":false},"excerpt":{"rendered":"<div class=\"mh-excerpt\"><p>Cando Gabriel Celaya escribiu aquel fermoso poema no que maldic\u00eda a poes\u00eda daqueles que non tomaban partido, partido ata mancharse, abof\u00e9 que non pensou en Luis Bar\u00e1, pois Luis \u00e9 un home dos que toman partido dos que se manchan ata as profundidades insondables de si mesmo <a class=\"mh-excerpt-more\" href=\"https:\/\/www.anovapeneira.gal\/index.php\/2022\/01\/21\/luis-bara-torres-deputado-do-bng\/\" title=\"Luis Bar\u00e1 Torres, deputado do BNG\">[&#8230;]<\/a><\/p>\n<\/div>","protected":false},"author":2,"featured_media":6811,"comment_status":"open","ping_status":"open","sticky":false,"template":"","format":"standard","meta":{"_exactmetrics_skip_tracking":false,"_exactmetrics_sitenote_active":false,"_exactmetrics_sitenote_note":"","_exactmetrics_sitenote_category":0,"footnotes":""},"categories":[264],"tags":[1285],"class_list":{"0":"post-6810","1":"post","2":"type-post","3":"status-publish","4":"format-standard","5":"has-post-thumbnail","7":"category-entrevistas-galicia","8":"tag-luis-bara-torres"},"yoast_head":"<!-- This site is optimized with the Yoast SEO plugin v27.4 - https:\/\/yoast.com\/product\/yoast-seo-wordpress\/ -->\n<title>Luis Bar\u00e1 Torres, deputado do BNG -<\/title>\n<meta name=\"description\" content=\"Cando Gabriel Celaya escribiu aquel fermoso poema no que maldic\u00eda a poes\u00eda daqueles que non tomaban partido, partido ata mancharse, abof\u00e9 que non pensou en Luis Bar\u00e1, pois Luis \u00e9 un home dos que toman partido dos que se manchan ata as profundidades insondables de si mesmo\" \/>\n<meta name=\"robots\" content=\"index, follow, max-snippet:-1, max-image-preview:large, max-video-preview:-1\" \/>\n<link rel=\"canonical\" href=\"https:\/\/www.anovapeneira.gal\/index.php\/2022\/01\/21\/luis-bara-torres-deputado-do-bng\/\" \/>\n<meta property=\"og:locale\" content=\"gl_ES\" \/>\n<meta property=\"og:type\" content=\"article\" \/>\n<meta property=\"og:title\" content=\"Luis Bar\u00e1 Torres, deputado do BNG -\" \/>\n<meta property=\"og:description\" content=\"Cando Gabriel Celaya escribiu aquel fermoso poema no que maldic\u00eda a poes\u00eda daqueles que non tomaban partido, partido ata mancharse, abof\u00e9 que non pensou en Luis Bar\u00e1, pois Luis \u00e9 un home dos que toman partido dos que se manchan ata as profundidades insondables de si mesmo\" \/>\n<meta property=\"og:url\" content=\"https:\/\/www.anovapeneira.gal\/index.php\/2022\/01\/21\/luis-bara-torres-deputado-do-bng\/\" \/>\n<meta property=\"article:publisher\" content=\"https:\/\/www.facebook.com\/anovapeneira\" \/>\n<meta property=\"article:published_time\" content=\"2022-01-21T11:00:51+00:00\" \/>\n<meta property=\"og:image\" content=\"https:\/\/www.anovapeneira.gal\/wp-content\/uploads\/2022\/01\/Luis_Bara.jpg\" \/>\n\t<meta property=\"og:image:width\" content=\"720\" \/>\n\t<meta property=\"og:image:height\" content=\"432\" \/>\n\t<meta property=\"og:image:type\" content=\"image\/jpeg\" \/>\n<meta name=\"author\" content=\"Tino Lago\" \/>\n<meta name=\"twitter:card\" content=\"summary_large_image\" \/>\n<meta name=\"twitter:creator\" content=\"@APeneira\" \/>\n<meta name=\"twitter:site\" content=\"@APeneira\" \/>\n<meta name=\"twitter:label1\" content=\"Escrito por\" \/>\n\t<meta name=\"twitter:data1\" content=\"Tino Lago\" \/>\n\t<meta name=\"twitter:label2\" content=\"Tempo de lectura\" \/>\n\t<meta name=\"twitter:data2\" content=\"12 minutos\" \/>\n<script type=\"application\/ld+json\" class=\"yoast-schema-graph\">{\"@context\":\"https:\\\/\\\/schema.org\",\"@graph\":[{\"@type\":\"Article\",\"@id\":\"https:\\\/\\\/www.anovapeneira.gal\\\/index.php\\\/2022\\\/01\\\/21\\\/luis-bara-torres-deputado-do-bng\\\/#article\",\"isPartOf\":{\"@id\":\"https:\\\/\\\/www.anovapeneira.gal\\\/index.php\\\/2022\\\/01\\\/21\\\/luis-bara-torres-deputado-do-bng\\\/\"},\"author\":{\"name\":\"Tino Lago\",\"@id\":\"https:\\\/\\\/www.anovapeneira.gal\\\/#\\\/schema\\\/person\\\/424dfe65e3070fd8a44d22d2c088762a\"},\"headline\":\"Luis Bar\u00e1 Torres, deputado do BNG\",\"datePublished\":\"2022-01-21T11:00:51+00:00\",\"mainEntityOfPage\":{\"@id\":\"https:\\\/\\\/www.anovapeneira.gal\\\/index.php\\\/2022\\\/01\\\/21\\\/luis-bara-torres-deputado-do-bng\\\/\"},\"wordCount\":2245,\"commentCount\":0,\"publisher\":{\"@id\":\"https:\\\/\\\/www.anovapeneira.gal\\\/#organization\"},\"image\":{\"@id\":\"https:\\\/\\\/www.anovapeneira.gal\\\/index.php\\\/2022\\\/01\\\/21\\\/luis-bara-torres-deputado-do-bng\\\/#primaryimage\"},\"thumbnailUrl\":\"https:\\\/\\\/www.anovapeneira.gal\\\/wp-content\\\/uploads\\\/2022\\\/01\\\/Luis_Bara.jpg\",\"keywords\":[\"Luis Bar\u00e1 Torres\"],\"articleSection\":[\"Entrevistas\"],\"inLanguage\":\"gl-ES\",\"potentialAction\":[{\"@type\":\"CommentAction\",\"name\":\"Comment\",\"target\":[\"https:\\\/\\\/www.anovapeneira.gal\\\/index.php\\\/2022\\\/01\\\/21\\\/luis-bara-torres-deputado-do-bng\\\/#respond\"]}]},{\"@type\":\"WebPage\",\"@id\":\"https:\\\/\\\/www.anovapeneira.gal\\\/index.php\\\/2022\\\/01\\\/21\\\/luis-bara-torres-deputado-do-bng\\\/\",\"url\":\"https:\\\/\\\/www.anovapeneira.gal\\\/index.php\\\/2022\\\/01\\\/21\\\/luis-bara-torres-deputado-do-bng\\\/\",\"name\":\"Luis Bar\u00e1 Torres, deputado do BNG -\",\"isPartOf\":{\"@id\":\"https:\\\/\\\/www.anovapeneira.gal\\\/#website\"},\"primaryImageOfPage\":{\"@id\":\"https:\\\/\\\/www.anovapeneira.gal\\\/index.php\\\/2022\\\/01\\\/21\\\/luis-bara-torres-deputado-do-bng\\\/#primaryimage\"},\"image\":{\"@id\":\"https:\\\/\\\/www.anovapeneira.gal\\\/index.php\\\/2022\\\/01\\\/21\\\/luis-bara-torres-deputado-do-bng\\\/#primaryimage\"},\"thumbnailUrl\":\"https:\\\/\\\/www.anovapeneira.gal\\\/wp-content\\\/uploads\\\/2022\\\/01\\\/Luis_Bara.jpg\",\"datePublished\":\"2022-01-21T11:00:51+00:00\",\"description\":\"Cando Gabriel Celaya escribiu aquel fermoso poema no que maldic\u00eda a poes\u00eda daqueles que non tomaban partido, partido ata mancharse, abof\u00e9 que non pensou en Luis Bar\u00e1, pois Luis \u00e9 un home dos que toman partido dos que se manchan ata as profundidades insondables de si mesmo\",\"breadcrumb\":{\"@id\":\"https:\\\/\\\/www.anovapeneira.gal\\\/index.php\\\/2022\\\/01\\\/21\\\/luis-bara-torres-deputado-do-bng\\\/#breadcrumb\"},\"inLanguage\":\"gl-ES\",\"potentialAction\":[{\"@type\":\"ReadAction\",\"target\":[\"https:\\\/\\\/www.anovapeneira.gal\\\/index.php\\\/2022\\\/01\\\/21\\\/luis-bara-torres-deputado-do-bng\\\/\"]}]},{\"@type\":\"ImageObject\",\"inLanguage\":\"gl-ES\",\"@id\":\"https:\\\/\\\/www.anovapeneira.gal\\\/index.php\\\/2022\\\/01\\\/21\\\/luis-bara-torres-deputado-do-bng\\\/#primaryimage\",\"url\":\"https:\\\/\\\/www.anovapeneira.gal\\\/wp-content\\\/uploads\\\/2022\\\/01\\\/Luis_Bara.jpg\",\"contentUrl\":\"https:\\\/\\\/www.anovapeneira.gal\\\/wp-content\\\/uploads\\\/2022\\\/01\\\/Luis_Bara.jpg\",\"width\":720,\"height\":432,\"caption\":\"Luis Bar\u00e1 Torres, deputado do BNG\"},{\"@type\":\"BreadcrumbList\",\"@id\":\"https:\\\/\\\/www.anovapeneira.gal\\\/index.php\\\/2022\\\/01\\\/21\\\/luis-bara-torres-deputado-do-bng\\\/#breadcrumb\",\"itemListElement\":[{\"@type\":\"ListItem\",\"position\":1,\"name\":\"Portada\",\"item\":\"https:\\\/\\\/www.anovapeneira.gal\\\/\"},{\"@type\":\"ListItem\",\"position\":2,\"name\":\"Luis Bar\u00e1 Torres, deputado do BNG\"}]},{\"@type\":\"WebSite\",\"@id\":\"https:\\\/\\\/www.anovapeneira.gal\\\/#website\",\"url\":\"https:\\\/\\\/www.anovapeneira.gal\\\/\",\"name\":\"\",\"description\":\"Xornal galego de informaci\u00f3n xeral Publicaci\u00f3n mensual de novas de Galicia e en especial dos Concellos da sur da provincia de Pontevedra.\",\"publisher\":{\"@id\":\"https:\\\/\\\/www.anovapeneira.gal\\\/#organization\"},\"potentialAction\":[{\"@type\":\"SearchAction\",\"target\":{\"@type\":\"EntryPoint\",\"urlTemplate\":\"https:\\\/\\\/www.anovapeneira.gal\\\/?s={search_term_string}\"},\"query-input\":{\"@type\":\"PropertyValueSpecification\",\"valueRequired\":true,\"valueName\":\"search_term_string\"}}],\"inLanguage\":\"gl-ES\"},{\"@type\":\"Organization\",\"@id\":\"https:\\\/\\\/www.anovapeneira.gal\\\/#organization\",\"name\":\"A Nova Peneira\",\"url\":\"https:\\\/\\\/www.anovapeneira.gal\\\/\",\"logo\":{\"@type\":\"ImageObject\",\"inLanguage\":\"gl-ES\",\"@id\":\"https:\\\/\\\/www.anovapeneira.gal\\\/#\\\/schema\\\/logo\\\/image\\\/\",\"url\":\"http:\\\/\\\/www.anovapeneira.gal\\\/wp-content\\\/uploads\\\/2019\\\/06\\\/logo_a_nova_peneira_portal_web.png\",\"contentUrl\":\"http:\\\/\\\/www.anovapeneira.gal\\\/wp-content\\\/uploads\\\/2019\\\/06\\\/logo_a_nova_peneira_portal_web.png\",\"width\":300,\"height\":100,\"caption\":\"A Nova Peneira\"},\"image\":{\"@id\":\"https:\\\/\\\/www.anovapeneira.gal\\\/#\\\/schema\\\/logo\\\/image\\\/\"},\"sameAs\":[\"https:\\\/\\\/www.facebook.com\\\/anovapeneira\",\"https:\\\/\\\/x.com\\\/APeneira\"]},{\"@type\":\"Person\",\"@id\":\"https:\\\/\\\/www.anovapeneira.gal\\\/#\\\/schema\\\/person\\\/424dfe65e3070fd8a44d22d2c088762a\",\"name\":\"Tino Lago\",\"image\":{\"@type\":\"ImageObject\",\"inLanguage\":\"gl-ES\",\"@id\":\"https:\\\/\\\/secure.gravatar.com\\\/avatar\\\/b3df6a06e44bab3111583b90f0f33a0379ee5e3d22cbadd232d39f21c30c62be?s=96&d=mm&r=g\",\"url\":\"https:\\\/\\\/secure.gravatar.com\\\/avatar\\\/b3df6a06e44bab3111583b90f0f33a0379ee5e3d22cbadd232d39f21c30c62be?s=96&d=mm&r=g\",\"contentUrl\":\"https:\\\/\\\/secure.gravatar.com\\\/avatar\\\/b3df6a06e44bab3111583b90f0f33a0379ee5e3d22cbadd232d39f21c30c62be?s=96&d=mm&r=g\",\"caption\":\"Tino Lago\"},\"sameAs\":[\"http:\\\/\\\/www.anovapeneira.gal\"],\"url\":\"https:\\\/\\\/www.anovapeneira.gal\\\/index.php\\\/author\\\/director\\\/\"}]}<\/script>\n<!-- \/ Yoast SEO plugin. -->","yoast_head_json":{"title":"Luis Bar\u00e1 Torres, deputado do BNG -","description":"Cando Gabriel Celaya escribiu aquel fermoso poema no que maldic\u00eda a poes\u00eda daqueles que non tomaban partido, partido ata mancharse, abof\u00e9 que non pensou en Luis Bar\u00e1, pois Luis \u00e9 un home dos que toman partido dos que se manchan ata as profundidades insondables de si mesmo","robots":{"index":"index","follow":"follow","max-snippet":"max-snippet:-1","max-image-preview":"max-image-preview:large","max-video-preview":"max-video-preview:-1"},"canonical":"https:\/\/www.anovapeneira.gal\/index.php\/2022\/01\/21\/luis-bara-torres-deputado-do-bng\/","og_locale":"gl_ES","og_type":"article","og_title":"Luis Bar\u00e1 Torres, deputado do BNG -","og_description":"Cando Gabriel Celaya escribiu aquel fermoso poema no que maldic\u00eda a poes\u00eda daqueles que non tomaban partido, partido ata mancharse, abof\u00e9 que non pensou en Luis Bar\u00e1, pois Luis \u00e9 un home dos que toman partido dos que se manchan ata as profundidades insondables de si mesmo","og_url":"https:\/\/www.anovapeneira.gal\/index.php\/2022\/01\/21\/luis-bara-torres-deputado-do-bng\/","article_publisher":"https:\/\/www.facebook.com\/anovapeneira","article_published_time":"2022-01-21T11:00:51+00:00","og_image":[{"width":720,"height":432,"url":"https:\/\/www.anovapeneira.gal\/wp-content\/uploads\/2022\/01\/Luis_Bara.jpg","type":"image\/jpeg"}],"author":"Tino Lago","twitter_card":"summary_large_image","twitter_creator":"@APeneira","twitter_site":"@APeneira","twitter_misc":{"Escrito por":"Tino Lago","Tempo de lectura":"12 minutos"},"schema":{"@context":"https:\/\/schema.org","@graph":[{"@type":"Article","@id":"https:\/\/www.anovapeneira.gal\/index.php\/2022\/01\/21\/luis-bara-torres-deputado-do-bng\/#article","isPartOf":{"@id":"https:\/\/www.anovapeneira.gal\/index.php\/2022\/01\/21\/luis-bara-torres-deputado-do-bng\/"},"author":{"name":"Tino Lago","@id":"https:\/\/www.anovapeneira.gal\/#\/schema\/person\/424dfe65e3070fd8a44d22d2c088762a"},"headline":"Luis Bar\u00e1 Torres, deputado do BNG","datePublished":"2022-01-21T11:00:51+00:00","mainEntityOfPage":{"@id":"https:\/\/www.anovapeneira.gal\/index.php\/2022\/01\/21\/luis-bara-torres-deputado-do-bng\/"},"wordCount":2245,"commentCount":0,"publisher":{"@id":"https:\/\/www.anovapeneira.gal\/#organization"},"image":{"@id":"https:\/\/www.anovapeneira.gal\/index.php\/2022\/01\/21\/luis-bara-torres-deputado-do-bng\/#primaryimage"},"thumbnailUrl":"https:\/\/www.anovapeneira.gal\/wp-content\/uploads\/2022\/01\/Luis_Bara.jpg","keywords":["Luis Bar\u00e1 Torres"],"articleSection":["Entrevistas"],"inLanguage":"gl-ES","potentialAction":[{"@type":"CommentAction","name":"Comment","target":["https:\/\/www.anovapeneira.gal\/index.php\/2022\/01\/21\/luis-bara-torres-deputado-do-bng\/#respond"]}]},{"@type":"WebPage","@id":"https:\/\/www.anovapeneira.gal\/index.php\/2022\/01\/21\/luis-bara-torres-deputado-do-bng\/","url":"https:\/\/www.anovapeneira.gal\/index.php\/2022\/01\/21\/luis-bara-torres-deputado-do-bng\/","name":"Luis Bar\u00e1 Torres, deputado do BNG -","isPartOf":{"@id":"https:\/\/www.anovapeneira.gal\/#website"},"primaryImageOfPage":{"@id":"https:\/\/www.anovapeneira.gal\/index.php\/2022\/01\/21\/luis-bara-torres-deputado-do-bng\/#primaryimage"},"image":{"@id":"https:\/\/www.anovapeneira.gal\/index.php\/2022\/01\/21\/luis-bara-torres-deputado-do-bng\/#primaryimage"},"thumbnailUrl":"https:\/\/www.anovapeneira.gal\/wp-content\/uploads\/2022\/01\/Luis_Bara.jpg","datePublished":"2022-01-21T11:00:51+00:00","description":"Cando Gabriel Celaya escribiu aquel fermoso poema no que maldic\u00eda a poes\u00eda daqueles que non tomaban partido, partido ata mancharse, abof\u00e9 que non pensou en Luis Bar\u00e1, pois Luis \u00e9 un home dos que toman partido dos que se manchan ata as profundidades insondables de si mesmo","breadcrumb":{"@id":"https:\/\/www.anovapeneira.gal\/index.php\/2022\/01\/21\/luis-bara-torres-deputado-do-bng\/#breadcrumb"},"inLanguage":"gl-ES","potentialAction":[{"@type":"ReadAction","target":["https:\/\/www.anovapeneira.gal\/index.php\/2022\/01\/21\/luis-bara-torres-deputado-do-bng\/"]}]},{"@type":"ImageObject","inLanguage":"gl-ES","@id":"https:\/\/www.anovapeneira.gal\/index.php\/2022\/01\/21\/luis-bara-torres-deputado-do-bng\/#primaryimage","url":"https:\/\/www.anovapeneira.gal\/wp-content\/uploads\/2022\/01\/Luis_Bara.jpg","contentUrl":"https:\/\/www.anovapeneira.gal\/wp-content\/uploads\/2022\/01\/Luis_Bara.jpg","width":720,"height":432,"caption":"Luis Bar\u00e1 Torres, deputado do BNG"},{"@type":"BreadcrumbList","@id":"https:\/\/www.anovapeneira.gal\/index.php\/2022\/01\/21\/luis-bara-torres-deputado-do-bng\/#breadcrumb","itemListElement":[{"@type":"ListItem","position":1,"name":"Portada","item":"https:\/\/www.anovapeneira.gal\/"},{"@type":"ListItem","position":2,"name":"Luis Bar\u00e1 Torres, deputado do BNG"}]},{"@type":"WebSite","@id":"https:\/\/www.anovapeneira.gal\/#website","url":"https:\/\/www.anovapeneira.gal\/","name":"","description":"Xornal galego de informaci\u00f3n xeral Publicaci\u00f3n mensual de novas de Galicia e en especial dos Concellos da sur da provincia de Pontevedra.","publisher":{"@id":"https:\/\/www.anovapeneira.gal\/#organization"},"potentialAction":[{"@type":"SearchAction","target":{"@type":"EntryPoint","urlTemplate":"https:\/\/www.anovapeneira.gal\/?s={search_term_string}"},"query-input":{"@type":"PropertyValueSpecification","valueRequired":true,"valueName":"search_term_string"}}],"inLanguage":"gl-ES"},{"@type":"Organization","@id":"https:\/\/www.anovapeneira.gal\/#organization","name":"A Nova Peneira","url":"https:\/\/www.anovapeneira.gal\/","logo":{"@type":"ImageObject","inLanguage":"gl-ES","@id":"https:\/\/www.anovapeneira.gal\/#\/schema\/logo\/image\/","url":"http:\/\/www.anovapeneira.gal\/wp-content\/uploads\/2019\/06\/logo_a_nova_peneira_portal_web.png","contentUrl":"http:\/\/www.anovapeneira.gal\/wp-content\/uploads\/2019\/06\/logo_a_nova_peneira_portal_web.png","width":300,"height":100,"caption":"A Nova Peneira"},"image":{"@id":"https:\/\/www.anovapeneira.gal\/#\/schema\/logo\/image\/"},"sameAs":["https:\/\/www.facebook.com\/anovapeneira","https:\/\/x.com\/APeneira"]},{"@type":"Person","@id":"https:\/\/www.anovapeneira.gal\/#\/schema\/person\/424dfe65e3070fd8a44d22d2c088762a","name":"Tino Lago","image":{"@type":"ImageObject","inLanguage":"gl-ES","@id":"https:\/\/secure.gravatar.com\/avatar\/b3df6a06e44bab3111583b90f0f33a0379ee5e3d22cbadd232d39f21c30c62be?s=96&d=mm&r=g","url":"https:\/\/secure.gravatar.com\/avatar\/b3df6a06e44bab3111583b90f0f33a0379ee5e3d22cbadd232d39f21c30c62be?s=96&d=mm&r=g","contentUrl":"https:\/\/secure.gravatar.com\/avatar\/b3df6a06e44bab3111583b90f0f33a0379ee5e3d22cbadd232d39f21c30c62be?s=96&d=mm&r=g","caption":"Tino Lago"},"sameAs":["http:\/\/www.anovapeneira.gal"],"url":"https:\/\/www.anovapeneira.gal\/index.php\/author\/director\/"}]}},"jetpack_featured_media_url":"https:\/\/www.anovapeneira.gal\/wp-content\/uploads\/2022\/01\/Luis_Bara.jpg","_links":{"self":[{"href":"https:\/\/www.anovapeneira.gal\/index.php\/wp-json\/wp\/v2\/posts\/6810","targetHints":{"allow":["GET"]}}],"collection":[{"href":"https:\/\/www.anovapeneira.gal\/index.php\/wp-json\/wp\/v2\/posts"}],"about":[{"href":"https:\/\/www.anovapeneira.gal\/index.php\/wp-json\/wp\/v2\/types\/post"}],"author":[{"embeddable":true,"href":"https:\/\/www.anovapeneira.gal\/index.php\/wp-json\/wp\/v2\/users\/2"}],"replies":[{"embeddable":true,"href":"https:\/\/www.anovapeneira.gal\/index.php\/wp-json\/wp\/v2\/comments?post=6810"}],"version-history":[{"count":1,"href":"https:\/\/www.anovapeneira.gal\/index.php\/wp-json\/wp\/v2\/posts\/6810\/revisions"}],"predecessor-version":[{"id":6812,"href":"https:\/\/www.anovapeneira.gal\/index.php\/wp-json\/wp\/v2\/posts\/6810\/revisions\/6812"}],"wp:featuredmedia":[{"embeddable":true,"href":"https:\/\/www.anovapeneira.gal\/index.php\/wp-json\/wp\/v2\/media\/6811"}],"wp:attachment":[{"href":"https:\/\/www.anovapeneira.gal\/index.php\/wp-json\/wp\/v2\/media?parent=6810"}],"wp:term":[{"taxonomy":"category","embeddable":true,"href":"https:\/\/www.anovapeneira.gal\/index.php\/wp-json\/wp\/v2\/categories?post=6810"},{"taxonomy":"post_tag","embeddable":true,"href":"https:\/\/www.anovapeneira.gal\/index.php\/wp-json\/wp\/v2\/tags?post=6810"}],"curies":[{"name":"wp","href":"https:\/\/api.w.org\/{rel}","templated":true}]}}