{"id":6813,"date":"2022-01-24T10:00:51","date_gmt":"2022-01-24T09:00:51","guid":{"rendered":"https:\/\/www.anovapeneira.gal\/?p=6813"},"modified":"2022-01-19T12:49:23","modified_gmt":"2022-01-19T11:49:23","slug":"os-mariachis-de-redondela-mariachi-noche-de-ronda","status":"publish","type":"post","link":"https:\/\/www.anovapeneira.gal\/index.php\/2022\/01\/24\/os-mariachis-de-redondela-mariachi-noche-de-ronda\/","title":{"rendered":"Os mariachis de Redondela: \u201cMariachi noche de ronda\u201d"},"content":{"rendered":"\n<pre class=\"wp-block-verse\"><strong>Marcos Santos<\/strong><\/pre>\n\n\n\n<p><strong>Desde hai xa 6 anos , se temos sorte, podemos atopar nas r\u00faas da nosa vila un grupo de mariachis locais que , coa calidade da s\u00faa m\u00fasica, nos transportan aos escenarios imaxinarios do pa\u00eds azteca. N\u00f3s non podiamos quedarnos sen co\u00f1ecelos e conversamos con Carlos, o seu fundador. El \u00e9 un veci\u00f1o de Redondela de ampla tradici\u00f3n musical e moi relacionado coa nosa Rondalla.<\/strong><\/p>\n\n\n\n<p><strong>Jose Carlos Garc\u00eda<\/strong><\/p>\n\n\n\n<p><strong>Cando naceu o conxunto?<\/strong><\/p>\n\n\n\n<blockquote class=\"wp-block-quote is-layout-flow wp-block-quote-is-layout-flow\"><p>O 21 de xaneiro do 2.016<\/p><\/blockquote>\n\n\n\n<p><strong>O conxunto fund\u00e1chelo ti non Carlos?<\/strong><\/p>\n\n\n\n<blockquote class=\"wp-block-quote is-layout-flow wp-block-quote-is-layout-flow\"><p>Si. Eu comecei nun marichi en Vigo e finalmente decid\u00edn crear o conxunto de Redondela<\/p><\/blockquote>\n\n\n\n<p><strong>E como naceu a t\u00faa paix\u00f3n polas rancheiras?<\/strong><\/p>\n\n\n\n<blockquote class=\"wp-block-quote is-layout-flow wp-block-quote-is-layout-flow\"><p>De casualidade. Tocoume unha viaxe a M\u00e9xico nun sorteo , al\u00ed mirei actuar a uns mariachis e impresion\u00e1ronme. Logo \u00e1 volta a Galicia funme metendo aos poucos nese mundo, merquei un contrabaixo e chegou a primeira actuaci\u00f3n en Redondela. Logo tocando no n\u00e1utico de Vigo coincid\u00edn cun grupo de mariachis e un deles preguntoume se eu era mexicano<\/p><\/blockquote>\n\n\n\n<p><strong>Vaia orgullo<\/strong><\/p>\n\n\n\n<blockquote class=\"wp-block-quote is-layout-flow wp-block-quote-is-layout-flow\"><p>Ha ha ha , o certo \u00e9 que eu son de Redondela pero a partir dese encontro comezou a mi\u00f1a fusi\u00f3n co mundo mariachi<\/p><\/blockquote>\n\n\n\n<p><strong>Supo\u00f1o que antes de mercares o contrabaixo xa tocar\u00edas alg\u00fan instrumento?<\/strong><\/p>\n\n\n\n<blockquote class=\"wp-block-quote is-layout-flow wp-block-quote-is-layout-flow\"><p>Si, o baixo el\u00e9ctrico<\/p><\/blockquote>\n\n\n\n<p><strong>De feito ti es un m\u00fasico polivalente?<\/strong><\/p>\n\n\n\n<blockquote class=\"wp-block-quote is-layout-flow wp-block-quote-is-layout-flow\"><p>A min a m\u00fasica g\u00fastame moito. Cando m\u00e1is gozo \u00e9 cando a practico cos amigos nas baiucas<\/p><\/blockquote>\n\n\n\n<p><strong>Cales son os instrumentos esenciais na vosa m\u00fasica?<\/strong><\/p>\n\n\n\n<blockquote class=\"wp-block-quote is-layout-flow wp-block-quote-is-layout-flow\"><p>O contrabaixo a viola os viol\u00edns e as trompetas. N\u00f3s temos unha cantante feminina<\/p><\/blockquote>\n\n\n\n<p><strong>A m\u00fasica mariachi \u00e9 m\u00e1is que rancheiras verdade?<\/strong><\/p>\n\n\n\n<blockquote class=\"wp-block-quote is-layout-flow wp-block-quote-is-layout-flow\"><p>Si, son m\u00e1is estilos como os huapangos ou os poropos<\/p><\/blockquote>\n\n\n\n<p><strong>Onde tocades?<\/strong><\/p>\n\n\n\n<blockquote class=\"wp-block-quote is-layout-flow wp-block-quote-is-layout-flow\"><p>Temos actuado por toda Galicia e por distintos sitios de Portugal. O noso forte son as actuaci\u00f3ns en eventos: vodas, comu\u00f1\u00f3ns, defunci\u00f3ns..<\/p><\/blockquote>\n\n\n\n<p><strong>Defunci\u00f3ns\u00a1\u00a1<\/strong><\/p>\n\n\n\n<blockquote class=\"wp-block-quote is-layout-flow wp-block-quote-is-layout-flow\"><p>Si, en M\u00e9xico te\u00f1en unha cultura diferente da morte e nese tipo de episodios d\u00e1se con certa frecuencia a interpretaci\u00f3ns de canci\u00f3ns e tomar copas<\/p><\/blockquote>\n\n\n\n<p><strong>Algunha canci\u00f3n en particular \u00e9 especialmente demandada nos enterros?<\/strong><\/p>\n\n\n\n<blockquote class=\"wp-block-quote is-layout-flow wp-block-quote-is-layout-flow\"><p>Si;\u201d El Rei\u201d<\/p><\/blockquote>\n\n\n\n<p><strong>P\u00f3dese vivir tocando nun conxunto Mariachi ou tes que ter outro traballo a maiores?<\/strong><\/p>\n\n\n\n<blockquote class=\"wp-block-quote is-layout-flow wp-block-quote-is-layout-flow\"><p>Non, non se pode. E moito menos nestas circunstancias pand\u00e9micas. O ver\u00e1n soe ser unha boa \u00e9poca pero no resto do ano ser\u00eda absolutamente imposible vivir s\u00f3 disto<\/p><\/blockquote>\n\n\n\n<p><strong>Algunha vez alg\u00fan namorado encargouvos a t\u00edpica rolda debaixo dunha vent\u00e1 da s\u00faa namorada?<\/strong><\/p>\n\n\n\n<blockquote class=\"wp-block-quote is-layout-flow wp-block-quote-is-layout-flow\"><p>Si<\/p><\/blockquote>\n\n\n\n<p><strong>Caramba e ese traballo \u00e9 moi caro?<\/strong><\/p>\n\n\n\n<blockquote class=\"wp-block-quote is-layout-flow wp-block-quote-is-layout-flow\"><p>Non, os nosos orzamentos son asumibles pola maior\u00eda de econom\u00edas creo eu<\/p><\/blockquote>\n\n\n\n<p><strong>E a reacci\u00f3n das rapazas sempre foi boa?<\/strong><\/p>\n\n\n\n<blockquote class=\"wp-block-quote is-layout-flow wp-block-quote-is-layout-flow\"><p>Na maior\u00eda dos casos si, nalgunha ocasi\u00f3n non. Recordo unha vez que o mozo pretend\u00eda unha reconciliaci\u00f3n coa moza e contratounos. A moza non ti\u00f1a os mesmos sentimentos ca el e enfadouse moito con el. Este tipo de actuaci\u00f3ns son moi bonitas pero hai que estar seguro dos sentimentos da outra parte para encargalas.<\/p><\/blockquote>\n\n\n\n<p><strong>Cando algu\u00e9n vos contrata cantos ides actuar?<\/strong><\/p>\n\n\n\n<blockquote class=\"wp-block-quote is-layout-flow wp-block-quote-is-layout-flow\"><p>M\u00ednimo 3 m\u00e1ximo 5, depende do orzamento<\/p><\/blockquote>\n\n\n\n<p><strong>Como podemos facer para contratar os vosos servizos?<\/strong><\/p>\n\n\n\n<blockquote class=\"wp-block-quote is-layout-flow wp-block-quote-is-layout-flow\"><p>Xeralmente faise a base do noso facebook \u201cmariachi noche de ronda\u201d. Eu animo a todos os lectores e lectoras a que proben. Darlle unha sorpresa a algu\u00e9n cun conxunto mariachi , o que nos di a experiencia, \u00e9 que pode chegar a ser absolutamente emocionante e como m\u00ednimo sempre resulta moi divertido e reforza os v\u00ednculos de maneira moi intensa.<\/p><\/blockquote>\n","protected":false},"excerpt":{"rendered":"<div class=\"mh-excerpt\"><p>Desde hai xa 6 anos , se temos sorte, podemos atopar nas r\u00faas da nosa vila un grupo de mariachis locais que , coa calidade da s\u00faa m\u00fasica, nos transportan aos escenarios imaxinarios do pa\u00eds azteca. N\u00f3s non podiamos quedarnos sen co\u00f1ecelos e conversamos con Carlos, o seu fundador. El \u00e9 un veci\u00f1o de Redondela de ampla tradici\u00f3n musical e moi relacionado coa nosa Rondalla <a class=\"mh-excerpt-more\" href=\"https:\/\/www.anovapeneira.gal\/index.php\/2022\/01\/24\/os-mariachis-de-redondela-mariachi-noche-de-ronda\/\" title=\"Os mariachis de Redondela: \u201cMariachi noche de ronda\u201d\">[&#8230;]<\/a><\/p>\n<\/div>","protected":false},"author":6,"featured_media":6814,"comment_status":"open","ping_status":"open","sticky":false,"template":"","format":"standard","meta":{"_exactmetrics_skip_tracking":false,"_exactmetrics_sitenote_active":false,"_exactmetrics_sitenote_note":"","_exactmetrics_sitenote_category":0,"footnotes":""},"categories":[270],"tags":[171],"class_list":{"0":"post-6813","1":"post","2":"type-post","3":"status-publish","4":"format-standard","5":"has-post-thumbnail","7":"category-redondela-entrevistas","8":"tag-concello-de-redondela"},"yoast_head":"<!-- This site is optimized with the Yoast SEO plugin v27.4 - https:\/\/yoast.com\/product\/yoast-seo-wordpress\/ -->\n<title>Os mariachis de Redondela: \u201cMariachi noche de ronda\u201d -<\/title>\n<meta name=\"description\" content=\"Desde hai xa 6 anos , se temos sorte, podemos atopar nas r\u00faas da nosa vila un grupo de mariachis locais que , coa calidade da s\u00faa m\u00fasica, nos transportan aos escenarios imaxinarios do pa\u00eds azteca. N\u00f3s non podiamos quedarnos sen co\u00f1ecelos e conversamos con Carlos, o seu fundador. El \u00e9 un veci\u00f1o de Redondela de ampla tradici\u00f3n musical e moi relacionado coa nosa Rondalla\" \/>\n<meta name=\"robots\" content=\"index, follow, max-snippet:-1, max-image-preview:large, max-video-preview:-1\" \/>\n<link rel=\"canonical\" href=\"https:\/\/www.anovapeneira.gal\/index.php\/2022\/01\/24\/os-mariachis-de-redondela-mariachi-noche-de-ronda\/\" \/>\n<meta property=\"og:locale\" content=\"gl_ES\" \/>\n<meta property=\"og:type\" content=\"article\" \/>\n<meta property=\"og:title\" content=\"Os mariachis de Redondela: \u201cMariachi noche de ronda\u201d -\" \/>\n<meta property=\"og:description\" content=\"Desde hai xa 6 anos , se temos sorte, podemos atopar nas r\u00faas da nosa vila un grupo de mariachis locais que , coa calidade da s\u00faa m\u00fasica, nos transportan aos escenarios imaxinarios do pa\u00eds azteca. N\u00f3s non podiamos quedarnos sen co\u00f1ecelos e conversamos con Carlos, o seu fundador. El \u00e9 un veci\u00f1o de Redondela de ampla tradici\u00f3n musical e moi relacionado coa nosa Rondalla\" \/>\n<meta property=\"og:url\" content=\"https:\/\/www.anovapeneira.gal\/index.php\/2022\/01\/24\/os-mariachis-de-redondela-mariachi-noche-de-ronda\/\" \/>\n<meta property=\"article:publisher\" content=\"https:\/\/www.facebook.com\/anovapeneira\" \/>\n<meta property=\"article:published_time\" content=\"2022-01-24T09:00:51+00:00\" \/>\n<meta property=\"og:image\" content=\"https:\/\/www.anovapeneira.gal\/wp-content\/uploads\/2022\/01\/mariachis_redondela.jpg\" \/>\n\t<meta property=\"og:image:width\" content=\"720\" \/>\n\t<meta property=\"og:image:height\" content=\"432\" \/>\n\t<meta property=\"og:image:type\" content=\"image\/jpeg\" \/>\n<meta name=\"author\" content=\"Marcos Santos\" \/>\n<meta name=\"twitter:card\" content=\"summary_large_image\" \/>\n<meta name=\"twitter:creator\" content=\"@APeneira\" \/>\n<meta name=\"twitter:site\" content=\"@APeneira\" \/>\n<meta name=\"twitter:label1\" content=\"Escrito por\" \/>\n\t<meta name=\"twitter:data1\" content=\"Marcos Santos\" \/>\n\t<meta name=\"twitter:label2\" content=\"Tempo de lectura\" \/>\n\t<meta name=\"twitter:data2\" content=\"3 minutos\" \/>\n<script type=\"application\/ld+json\" class=\"yoast-schema-graph\">{\"@context\":\"https:\\\/\\\/schema.org\",\"@graph\":[{\"@type\":\"Article\",\"@id\":\"https:\\\/\\\/www.anovapeneira.gal\\\/index.php\\\/2022\\\/01\\\/24\\\/os-mariachis-de-redondela-mariachi-noche-de-ronda\\\/#article\",\"isPartOf\":{\"@id\":\"https:\\\/\\\/www.anovapeneira.gal\\\/index.php\\\/2022\\\/01\\\/24\\\/os-mariachis-de-redondela-mariachi-noche-de-ronda\\\/\"},\"author\":{\"name\":\"Marcos Santos\",\"@id\":\"https:\\\/\\\/www.anovapeneira.gal\\\/#\\\/schema\\\/person\\\/d9d84823564720e7593293bab054e52d\"},\"headline\":\"Os mariachis de Redondela: \u201cMariachi noche de ronda\u201d\",\"datePublished\":\"2022-01-24T09:00:51+00:00\",\"mainEntityOfPage\":{\"@id\":\"https:\\\/\\\/www.anovapeneira.gal\\\/index.php\\\/2022\\\/01\\\/24\\\/os-mariachis-de-redondela-mariachi-noche-de-ronda\\\/\"},\"wordCount\":608,\"commentCount\":0,\"publisher\":{\"@id\":\"https:\\\/\\\/www.anovapeneira.gal\\\/#organization\"},\"image\":{\"@id\":\"https:\\\/\\\/www.anovapeneira.gal\\\/index.php\\\/2022\\\/01\\\/24\\\/os-mariachis-de-redondela-mariachi-noche-de-ronda\\\/#primaryimage\"},\"thumbnailUrl\":\"https:\\\/\\\/www.anovapeneira.gal\\\/wp-content\\\/uploads\\\/2022\\\/01\\\/mariachis_redondela.jpg\",\"keywords\":[\"Concello de Redondela\"],\"articleSection\":[\"Redondela\"],\"inLanguage\":\"gl-ES\",\"potentialAction\":[{\"@type\":\"CommentAction\",\"name\":\"Comment\",\"target\":[\"https:\\\/\\\/www.anovapeneira.gal\\\/index.php\\\/2022\\\/01\\\/24\\\/os-mariachis-de-redondela-mariachi-noche-de-ronda\\\/#respond\"]}]},{\"@type\":\"WebPage\",\"@id\":\"https:\\\/\\\/www.anovapeneira.gal\\\/index.php\\\/2022\\\/01\\\/24\\\/os-mariachis-de-redondela-mariachi-noche-de-ronda\\\/\",\"url\":\"https:\\\/\\\/www.anovapeneira.gal\\\/index.php\\\/2022\\\/01\\\/24\\\/os-mariachis-de-redondela-mariachi-noche-de-ronda\\\/\",\"name\":\"Os mariachis de Redondela: \u201cMariachi noche de ronda\u201d -\",\"isPartOf\":{\"@id\":\"https:\\\/\\\/www.anovapeneira.gal\\\/#website\"},\"primaryImageOfPage\":{\"@id\":\"https:\\\/\\\/www.anovapeneira.gal\\\/index.php\\\/2022\\\/01\\\/24\\\/os-mariachis-de-redondela-mariachi-noche-de-ronda\\\/#primaryimage\"},\"image\":{\"@id\":\"https:\\\/\\\/www.anovapeneira.gal\\\/index.php\\\/2022\\\/01\\\/24\\\/os-mariachis-de-redondela-mariachi-noche-de-ronda\\\/#primaryimage\"},\"thumbnailUrl\":\"https:\\\/\\\/www.anovapeneira.gal\\\/wp-content\\\/uploads\\\/2022\\\/01\\\/mariachis_redondela.jpg\",\"datePublished\":\"2022-01-24T09:00:51+00:00\",\"description\":\"Desde hai xa 6 anos , se temos sorte, podemos atopar nas r\u00faas da nosa vila un grupo de mariachis locais que , coa calidade da s\u00faa m\u00fasica, nos transportan aos escenarios imaxinarios do pa\u00eds azteca. N\u00f3s non podiamos quedarnos sen co\u00f1ecelos e conversamos con Carlos, o seu fundador. El \u00e9 un veci\u00f1o de Redondela de ampla tradici\u00f3n musical e moi relacionado coa nosa Rondalla\",\"breadcrumb\":{\"@id\":\"https:\\\/\\\/www.anovapeneira.gal\\\/index.php\\\/2022\\\/01\\\/24\\\/os-mariachis-de-redondela-mariachi-noche-de-ronda\\\/#breadcrumb\"},\"inLanguage\":\"gl-ES\",\"potentialAction\":[{\"@type\":\"ReadAction\",\"target\":[\"https:\\\/\\\/www.anovapeneira.gal\\\/index.php\\\/2022\\\/01\\\/24\\\/os-mariachis-de-redondela-mariachi-noche-de-ronda\\\/\"]}]},{\"@type\":\"ImageObject\",\"inLanguage\":\"gl-ES\",\"@id\":\"https:\\\/\\\/www.anovapeneira.gal\\\/index.php\\\/2022\\\/01\\\/24\\\/os-mariachis-de-redondela-mariachi-noche-de-ronda\\\/#primaryimage\",\"url\":\"https:\\\/\\\/www.anovapeneira.gal\\\/wp-content\\\/uploads\\\/2022\\\/01\\\/mariachis_redondela.jpg\",\"contentUrl\":\"https:\\\/\\\/www.anovapeneira.gal\\\/wp-content\\\/uploads\\\/2022\\\/01\\\/mariachis_redondela.jpg\",\"width\":720,\"height\":432,\"caption\":\"Mariachis Redondela\"},{\"@type\":\"BreadcrumbList\",\"@id\":\"https:\\\/\\\/www.anovapeneira.gal\\\/index.php\\\/2022\\\/01\\\/24\\\/os-mariachis-de-redondela-mariachi-noche-de-ronda\\\/#breadcrumb\",\"itemListElement\":[{\"@type\":\"ListItem\",\"position\":1,\"name\":\"Portada\",\"item\":\"https:\\\/\\\/www.anovapeneira.gal\\\/\"},{\"@type\":\"ListItem\",\"position\":2,\"name\":\"Os mariachis de Redondela: \u201cMariachi noche de ronda\u201d\"}]},{\"@type\":\"WebSite\",\"@id\":\"https:\\\/\\\/www.anovapeneira.gal\\\/#website\",\"url\":\"https:\\\/\\\/www.anovapeneira.gal\\\/\",\"name\":\"\",\"description\":\"Xornal galego de informaci\u00f3n xeral Publicaci\u00f3n mensual de novas de Galicia e en especial dos Concellos da sur da provincia de Pontevedra.\",\"publisher\":{\"@id\":\"https:\\\/\\\/www.anovapeneira.gal\\\/#organization\"},\"potentialAction\":[{\"@type\":\"SearchAction\",\"target\":{\"@type\":\"EntryPoint\",\"urlTemplate\":\"https:\\\/\\\/www.anovapeneira.gal\\\/?s={search_term_string}\"},\"query-input\":{\"@type\":\"PropertyValueSpecification\",\"valueRequired\":true,\"valueName\":\"search_term_string\"}}],\"inLanguage\":\"gl-ES\"},{\"@type\":\"Organization\",\"@id\":\"https:\\\/\\\/www.anovapeneira.gal\\\/#organization\",\"name\":\"A Nova Peneira\",\"url\":\"https:\\\/\\\/www.anovapeneira.gal\\\/\",\"logo\":{\"@type\":\"ImageObject\",\"inLanguage\":\"gl-ES\",\"@id\":\"https:\\\/\\\/www.anovapeneira.gal\\\/#\\\/schema\\\/logo\\\/image\\\/\",\"url\":\"http:\\\/\\\/www.anovapeneira.gal\\\/wp-content\\\/uploads\\\/2019\\\/06\\\/logo_a_nova_peneira_portal_web.png\",\"contentUrl\":\"http:\\\/\\\/www.anovapeneira.gal\\\/wp-content\\\/uploads\\\/2019\\\/06\\\/logo_a_nova_peneira_portal_web.png\",\"width\":300,\"height\":100,\"caption\":\"A Nova Peneira\"},\"image\":{\"@id\":\"https:\\\/\\\/www.anovapeneira.gal\\\/#\\\/schema\\\/logo\\\/image\\\/\"},\"sameAs\":[\"https:\\\/\\\/www.facebook.com\\\/anovapeneira\",\"https:\\\/\\\/x.com\\\/APeneira\"]},{\"@type\":\"Person\",\"@id\":\"https:\\\/\\\/www.anovapeneira.gal\\\/#\\\/schema\\\/person\\\/d9d84823564720e7593293bab054e52d\",\"name\":\"Marcos Santos\",\"image\":{\"@type\":\"ImageObject\",\"inLanguage\":\"gl-ES\",\"@id\":\"https:\\\/\\\/secure.gravatar.com\\\/avatar\\\/0e8017099a7a47c0a9d2275e865fe326484561eb3d70649069e4b8e61a8d2e8c?s=96&d=mm&r=g\",\"url\":\"https:\\\/\\\/secure.gravatar.com\\\/avatar\\\/0e8017099a7a47c0a9d2275e865fe326484561eb3d70649069e4b8e61a8d2e8c?s=96&d=mm&r=g\",\"contentUrl\":\"https:\\\/\\\/secure.gravatar.com\\\/avatar\\\/0e8017099a7a47c0a9d2275e865fe326484561eb3d70649069e4b8e61a8d2e8c?s=96&d=mm&r=g\",\"caption\":\"Marcos Santos\"},\"sameAs\":[\"http:\\\/\\\/anovapeneira.gal\"],\"url\":\"https:\\\/\\\/www.anovapeneira.gal\\\/index.php\\\/author\\\/marcos-santos\\\/\"}]}<\/script>\n<!-- \/ Yoast SEO plugin. -->","yoast_head_json":{"title":"Os mariachis de Redondela: \u201cMariachi noche de ronda\u201d -","description":"Desde hai xa 6 anos , se temos sorte, podemos atopar nas r\u00faas da nosa vila un grupo de mariachis locais que , coa calidade da s\u00faa m\u00fasica, nos transportan aos escenarios imaxinarios do pa\u00eds azteca. N\u00f3s non podiamos quedarnos sen co\u00f1ecelos e conversamos con Carlos, o seu fundador. El \u00e9 un veci\u00f1o de Redondela de ampla tradici\u00f3n musical e moi relacionado coa nosa Rondalla","robots":{"index":"index","follow":"follow","max-snippet":"max-snippet:-1","max-image-preview":"max-image-preview:large","max-video-preview":"max-video-preview:-1"},"canonical":"https:\/\/www.anovapeneira.gal\/index.php\/2022\/01\/24\/os-mariachis-de-redondela-mariachi-noche-de-ronda\/","og_locale":"gl_ES","og_type":"article","og_title":"Os mariachis de Redondela: \u201cMariachi noche de ronda\u201d -","og_description":"Desde hai xa 6 anos , se temos sorte, podemos atopar nas r\u00faas da nosa vila un grupo de mariachis locais que , coa calidade da s\u00faa m\u00fasica, nos transportan aos escenarios imaxinarios do pa\u00eds azteca. N\u00f3s non podiamos quedarnos sen co\u00f1ecelos e conversamos con Carlos, o seu fundador. El \u00e9 un veci\u00f1o de Redondela de ampla tradici\u00f3n musical e moi relacionado coa nosa Rondalla","og_url":"https:\/\/www.anovapeneira.gal\/index.php\/2022\/01\/24\/os-mariachis-de-redondela-mariachi-noche-de-ronda\/","article_publisher":"https:\/\/www.facebook.com\/anovapeneira","article_published_time":"2022-01-24T09:00:51+00:00","og_image":[{"width":720,"height":432,"url":"https:\/\/www.anovapeneira.gal\/wp-content\/uploads\/2022\/01\/mariachis_redondela.jpg","type":"image\/jpeg"}],"author":"Marcos Santos","twitter_card":"summary_large_image","twitter_creator":"@APeneira","twitter_site":"@APeneira","twitter_misc":{"Escrito por":"Marcos Santos","Tempo de lectura":"3 minutos"},"schema":{"@context":"https:\/\/schema.org","@graph":[{"@type":"Article","@id":"https:\/\/www.anovapeneira.gal\/index.php\/2022\/01\/24\/os-mariachis-de-redondela-mariachi-noche-de-ronda\/#article","isPartOf":{"@id":"https:\/\/www.anovapeneira.gal\/index.php\/2022\/01\/24\/os-mariachis-de-redondela-mariachi-noche-de-ronda\/"},"author":{"name":"Marcos Santos","@id":"https:\/\/www.anovapeneira.gal\/#\/schema\/person\/d9d84823564720e7593293bab054e52d"},"headline":"Os mariachis de Redondela: \u201cMariachi noche de ronda\u201d","datePublished":"2022-01-24T09:00:51+00:00","mainEntityOfPage":{"@id":"https:\/\/www.anovapeneira.gal\/index.php\/2022\/01\/24\/os-mariachis-de-redondela-mariachi-noche-de-ronda\/"},"wordCount":608,"commentCount":0,"publisher":{"@id":"https:\/\/www.anovapeneira.gal\/#organization"},"image":{"@id":"https:\/\/www.anovapeneira.gal\/index.php\/2022\/01\/24\/os-mariachis-de-redondela-mariachi-noche-de-ronda\/#primaryimage"},"thumbnailUrl":"https:\/\/www.anovapeneira.gal\/wp-content\/uploads\/2022\/01\/mariachis_redondela.jpg","keywords":["Concello de Redondela"],"articleSection":["Redondela"],"inLanguage":"gl-ES","potentialAction":[{"@type":"CommentAction","name":"Comment","target":["https:\/\/www.anovapeneira.gal\/index.php\/2022\/01\/24\/os-mariachis-de-redondela-mariachi-noche-de-ronda\/#respond"]}]},{"@type":"WebPage","@id":"https:\/\/www.anovapeneira.gal\/index.php\/2022\/01\/24\/os-mariachis-de-redondela-mariachi-noche-de-ronda\/","url":"https:\/\/www.anovapeneira.gal\/index.php\/2022\/01\/24\/os-mariachis-de-redondela-mariachi-noche-de-ronda\/","name":"Os mariachis de Redondela: \u201cMariachi noche de ronda\u201d -","isPartOf":{"@id":"https:\/\/www.anovapeneira.gal\/#website"},"primaryImageOfPage":{"@id":"https:\/\/www.anovapeneira.gal\/index.php\/2022\/01\/24\/os-mariachis-de-redondela-mariachi-noche-de-ronda\/#primaryimage"},"image":{"@id":"https:\/\/www.anovapeneira.gal\/index.php\/2022\/01\/24\/os-mariachis-de-redondela-mariachi-noche-de-ronda\/#primaryimage"},"thumbnailUrl":"https:\/\/www.anovapeneira.gal\/wp-content\/uploads\/2022\/01\/mariachis_redondela.jpg","datePublished":"2022-01-24T09:00:51+00:00","description":"Desde hai xa 6 anos , se temos sorte, podemos atopar nas r\u00faas da nosa vila un grupo de mariachis locais que , coa calidade da s\u00faa m\u00fasica, nos transportan aos escenarios imaxinarios do pa\u00eds azteca. N\u00f3s non podiamos quedarnos sen co\u00f1ecelos e conversamos con Carlos, o seu fundador. El \u00e9 un veci\u00f1o de Redondela de ampla tradici\u00f3n musical e moi relacionado coa nosa Rondalla","breadcrumb":{"@id":"https:\/\/www.anovapeneira.gal\/index.php\/2022\/01\/24\/os-mariachis-de-redondela-mariachi-noche-de-ronda\/#breadcrumb"},"inLanguage":"gl-ES","potentialAction":[{"@type":"ReadAction","target":["https:\/\/www.anovapeneira.gal\/index.php\/2022\/01\/24\/os-mariachis-de-redondela-mariachi-noche-de-ronda\/"]}]},{"@type":"ImageObject","inLanguage":"gl-ES","@id":"https:\/\/www.anovapeneira.gal\/index.php\/2022\/01\/24\/os-mariachis-de-redondela-mariachi-noche-de-ronda\/#primaryimage","url":"https:\/\/www.anovapeneira.gal\/wp-content\/uploads\/2022\/01\/mariachis_redondela.jpg","contentUrl":"https:\/\/www.anovapeneira.gal\/wp-content\/uploads\/2022\/01\/mariachis_redondela.jpg","width":720,"height":432,"caption":"Mariachis Redondela"},{"@type":"BreadcrumbList","@id":"https:\/\/www.anovapeneira.gal\/index.php\/2022\/01\/24\/os-mariachis-de-redondela-mariachi-noche-de-ronda\/#breadcrumb","itemListElement":[{"@type":"ListItem","position":1,"name":"Portada","item":"https:\/\/www.anovapeneira.gal\/"},{"@type":"ListItem","position":2,"name":"Os mariachis de Redondela: \u201cMariachi noche de ronda\u201d"}]},{"@type":"WebSite","@id":"https:\/\/www.anovapeneira.gal\/#website","url":"https:\/\/www.anovapeneira.gal\/","name":"","description":"Xornal galego de informaci\u00f3n xeral Publicaci\u00f3n mensual de novas de Galicia e en especial dos Concellos da sur da provincia de Pontevedra.","publisher":{"@id":"https:\/\/www.anovapeneira.gal\/#organization"},"potentialAction":[{"@type":"SearchAction","target":{"@type":"EntryPoint","urlTemplate":"https:\/\/www.anovapeneira.gal\/?s={search_term_string}"},"query-input":{"@type":"PropertyValueSpecification","valueRequired":true,"valueName":"search_term_string"}}],"inLanguage":"gl-ES"},{"@type":"Organization","@id":"https:\/\/www.anovapeneira.gal\/#organization","name":"A Nova Peneira","url":"https:\/\/www.anovapeneira.gal\/","logo":{"@type":"ImageObject","inLanguage":"gl-ES","@id":"https:\/\/www.anovapeneira.gal\/#\/schema\/logo\/image\/","url":"http:\/\/www.anovapeneira.gal\/wp-content\/uploads\/2019\/06\/logo_a_nova_peneira_portal_web.png","contentUrl":"http:\/\/www.anovapeneira.gal\/wp-content\/uploads\/2019\/06\/logo_a_nova_peneira_portal_web.png","width":300,"height":100,"caption":"A Nova Peneira"},"image":{"@id":"https:\/\/www.anovapeneira.gal\/#\/schema\/logo\/image\/"},"sameAs":["https:\/\/www.facebook.com\/anovapeneira","https:\/\/x.com\/APeneira"]},{"@type":"Person","@id":"https:\/\/www.anovapeneira.gal\/#\/schema\/person\/d9d84823564720e7593293bab054e52d","name":"Marcos Santos","image":{"@type":"ImageObject","inLanguage":"gl-ES","@id":"https:\/\/secure.gravatar.com\/avatar\/0e8017099a7a47c0a9d2275e865fe326484561eb3d70649069e4b8e61a8d2e8c?s=96&d=mm&r=g","url":"https:\/\/secure.gravatar.com\/avatar\/0e8017099a7a47c0a9d2275e865fe326484561eb3d70649069e4b8e61a8d2e8c?s=96&d=mm&r=g","contentUrl":"https:\/\/secure.gravatar.com\/avatar\/0e8017099a7a47c0a9d2275e865fe326484561eb3d70649069e4b8e61a8d2e8c?s=96&d=mm&r=g","caption":"Marcos Santos"},"sameAs":["http:\/\/anovapeneira.gal"],"url":"https:\/\/www.anovapeneira.gal\/index.php\/author\/marcos-santos\/"}]}},"jetpack_featured_media_url":"https:\/\/www.anovapeneira.gal\/wp-content\/uploads\/2022\/01\/mariachis_redondela.jpg","_links":{"self":[{"href":"https:\/\/www.anovapeneira.gal\/index.php\/wp-json\/wp\/v2\/posts\/6813","targetHints":{"allow":["GET"]}}],"collection":[{"href":"https:\/\/www.anovapeneira.gal\/index.php\/wp-json\/wp\/v2\/posts"}],"about":[{"href":"https:\/\/www.anovapeneira.gal\/index.php\/wp-json\/wp\/v2\/types\/post"}],"author":[{"embeddable":true,"href":"https:\/\/www.anovapeneira.gal\/index.php\/wp-json\/wp\/v2\/users\/6"}],"replies":[{"embeddable":true,"href":"https:\/\/www.anovapeneira.gal\/index.php\/wp-json\/wp\/v2\/comments?post=6813"}],"version-history":[{"count":1,"href":"https:\/\/www.anovapeneira.gal\/index.php\/wp-json\/wp\/v2\/posts\/6813\/revisions"}],"predecessor-version":[{"id":6815,"href":"https:\/\/www.anovapeneira.gal\/index.php\/wp-json\/wp\/v2\/posts\/6813\/revisions\/6815"}],"wp:featuredmedia":[{"embeddable":true,"href":"https:\/\/www.anovapeneira.gal\/index.php\/wp-json\/wp\/v2\/media\/6814"}],"wp:attachment":[{"href":"https:\/\/www.anovapeneira.gal\/index.php\/wp-json\/wp\/v2\/media?parent=6813"}],"wp:term":[{"taxonomy":"category","embeddable":true,"href":"https:\/\/www.anovapeneira.gal\/index.php\/wp-json\/wp\/v2\/categories?post=6813"},{"taxonomy":"post_tag","embeddable":true,"href":"https:\/\/www.anovapeneira.gal\/index.php\/wp-json\/wp\/v2\/tags?post=6813"}],"curies":[{"name":"wp","href":"https:\/\/api.w.org\/{rel}","templated":true}]}}