{"id":6816,"date":"2022-01-24T12:00:00","date_gmt":"2022-01-24T11:00:00","guid":{"rendered":"https:\/\/www.anovapeneira.gal\/?p=6816"},"modified":"2022-01-19T12:54:20","modified_gmt":"2022-01-19T11:54:20","slug":"logo-do-2-021-que","status":"publish","type":"post","link":"https:\/\/www.anovapeneira.gal\/index.php\/2022\/01\/24\/logo-do-2-021-que\/","title":{"rendered":"Logo do 2.021, Qu\u00e9?"},"content":{"rendered":"\n<pre class=\"wp-block-verse\">Manuel Alfonso Est\u00e9vez<\/pre>\n\n\n\n<p>Xa sabedes que non me gusta nin as datas nin as \u00e9pocas. E nesta&nbsp;<strong>nova normalidade<\/strong>, \u00e9 sen d\u00fabida algunha outra \u00e9poca. Todo supeditado&nbsp;<strong>o ditoso virus, a sa\u00fade, a educaci\u00f3n e a econom\u00eda.<\/strong>&nbsp;Por esta raz\u00f3n, as xentes e instituci\u00f3ns afinan os protocolos para poder seguir, na medida do posible, coas actividades coti\u00e1s.<\/p>\n\n\n\n<p><strong>Como denominar o ano 2.021? Cuesti\u00f3n moi complexa.<\/strong>&nbsp;Vamos a ver:<strong>&nbsp;Unha \u00e1rbore talada<\/strong>,ten axuda dos seus compa\u00f1eiros que alargan as s\u00faas ra\u00edces para mandarlle auga, azucre, e outros nutrientes.<strong>&nbsp;As acacias<\/strong>,se defenden, e unha proba a temos na que est\u00e1 diante da capela Santa Rosa, no rueiro do Casco en Fornelos da Ribeira, que non sabemos cantos anos ten. A&nbsp;<strong>pe\u00f1eiro nai<\/strong>, da sombra a \u00e1rbore xove, para que non creza abruptamente. Algo que tam\u00e9n ocorre coa especie humana. No caso da&nbsp;<strong>peneiro nai<\/strong>, ten a seguinte l\u00f3xica: O&nbsp;<strong>crecer<\/strong>&nbsp;con rapidez implica que as c\u00e9lulas te\u00f1an mais ar e no futuro, a<strong>&nbsp;pobre \u00e1rbore<\/strong>, te\u00f1a problemas para defenderse dos ventos fortes e depredadores famentos.&nbsp;<strong>O noso Carballo<\/strong>, ten mecanismos de defensa ante as eirugas, e demais ataques, como lle pasou a Carballeira de As Fragui\u00f1as, en Fornelos da Ribeira, en diversas ocasi\u00f3ns. Sobre estes feitos descansou para n\u00f3s, o Ano 2.021.<\/p>\n\n\n\n<p>Todos estes sucesos son asombrosos e para moitos cient\u00edficos foi o&nbsp;<strong>Micelio<\/strong>, unha parte vexetativa dos fungos que permite cultivar materiais innovadores sobre materia vexetal e substratos org\u00e1nicos que a xente ignora, asociados a algo noxento.<\/p>\n\n\n\n<p>Por outra parte, lin non fai moito, de que un oficial xapon\u00e9s perdido no ano 1.944 en Filipinas, loitando, non estando claro contra quen, pasara anos e anos pensando que a guerra continuaba ata que&nbsp;<strong>Por fin!<\/strong>&nbsp;Se convenceu de que todo hab\u00eda terminado.<\/p>\n\n\n\n<p>Sorprendido me quedei polo tempo perdido, loitando contra un inimigo inexistente; sen embargo, ideas que xa non serven &#8211;&nbsp;<strong>proteccionismo, nacionalismo, comunismo, etc.<\/strong>, persisten na mente dos nosos pol\u00edticos, da mesma forma que o xapon\u00e9s coa s\u00faa loita imaxinaria. E parece que vai a continuar neste pr\u00f3ximo ano.<\/p>\n\n\n\n<p>O virus que vai para serio, pregunto: Si os&nbsp;<strong>bancos<\/strong>, sempre se dedicaron a controlar&nbsp;<strong>o di\u00f1eiro<\/strong>, Por que non financian bonos sociais a tipo de interese negativo para axudar a combatelo?<\/p>\n\n\n\n<p><strong>Os para\u00edsos fiscais<\/strong>, siguen campando as s\u00faas anchas, sen que ningu\u00e9n lle pare os pes.<\/p>\n\n\n\n<p><strong>O cambio clim\u00e1tico e o Covi-19, como unha broma,<\/strong>&nbsp;<strong>aqu\u00ed est\u00e1.<\/strong><\/p>\n\n\n\n<p><strong>A transparencia p\u00fablica a\u00ednda non lle chegou a s\u00faa oportunidade.<\/strong><\/p>\n\n\n\n<p>A conclusi\u00f3n mais repetida para este<strong>&nbsp;Ano 2.022<\/strong>,\u00e9 a construci\u00f3n dunha&nbsp;<strong>econom\u00eda verde dixital, porque hai que reconstru\u00edr e axudar. O que se est\u00e1 a facer non serve para este ano 2.022, e hai que pasar do que facer, a &#8220;o como facer&#8221; para que efectivamente sexa facer.<\/strong><\/p>\n","protected":false},"excerpt":{"rendered":"<div class=\"mh-excerpt\"><p>stituci\u00f3ns afinan os protocolos para poder seguir, na medida do posible, coas actividades coti\u00e1s. <a class=\"mh-excerpt-more\" href=\"https:\/\/www.anovapeneira.gal\/index.php\/2022\/01\/24\/logo-do-2-021-que\/\" title=\"Logo do 2.021, Qu\u00e9?\">[&#8230;]<\/a><\/p>\n<\/div>","protected":false},"author":40,"featured_media":5108,"comment_status":"open","ping_status":"open","sticky":false,"template":"","format":"standard","meta":{"_exactmetrics_skip_tracking":false,"_exactmetrics_sitenote_active":false,"_exactmetrics_sitenote_note":"","_exactmetrics_sitenote_category":0,"footnotes":""},"categories":[7],"tags":[],"class_list":{"0":"post-6816","1":"post","2":"type-post","3":"status-publish","4":"format-standard","5":"has-post-thumbnail","7":"category-artigos-de-opinion"},"yoast_head":"<!-- This site is optimized with the Yoast SEO plugin v27.4 - https:\/\/yoast.com\/product\/yoast-seo-wordpress\/ -->\n<title>Logo do 2.021, Qu\u00e9? -<\/title>\n<meta name=\"description\" content=\"Xa sabedes que non me gusta nin as datas nin as \u00e9pocas. E nesta\u00a0nova normalidade, \u00e9 sen d\u00fabida algunha outra \u00e9poca. Todo supeditado\u00a0o ditoso virus, a sa\u00fade, a educaci\u00f3n e a econom\u00eda.\u00a0Por esta raz\u00f3n, as xentes e instituci\u00f3ns afinan os protocolos para poder seguir, na medida do posible, coas actividades coti\u00e1s.\" \/>\n<meta name=\"robots\" content=\"index, follow, max-snippet:-1, max-image-preview:large, max-video-preview:-1\" \/>\n<link rel=\"canonical\" href=\"https:\/\/www.anovapeneira.gal\/index.php\/2022\/01\/24\/logo-do-2-021-que\/\" \/>\n<meta property=\"og:locale\" content=\"gl_ES\" \/>\n<meta property=\"og:type\" content=\"article\" \/>\n<meta property=\"og:title\" content=\"Logo do 2.021, Qu\u00e9? -\" \/>\n<meta property=\"og:description\" content=\"Xa sabedes que non me gusta nin as datas nin as \u00e9pocas. E nesta\u00a0nova normalidade, \u00e9 sen d\u00fabida algunha outra \u00e9poca. Todo supeditado\u00a0o ditoso virus, a sa\u00fade, a educaci\u00f3n e a econom\u00eda.\u00a0Por esta raz\u00f3n, as xentes e instituci\u00f3ns afinan os protocolos para poder seguir, na medida do posible, coas actividades coti\u00e1s.\" \/>\n<meta property=\"og:url\" content=\"https:\/\/www.anovapeneira.gal\/index.php\/2022\/01\/24\/logo-do-2-021-que\/\" \/>\n<meta property=\"article:publisher\" content=\"https:\/\/www.facebook.com\/anovapeneira\" \/>\n<meta property=\"article:published_time\" content=\"2022-01-24T11:00:00+00:00\" \/>\n<meta property=\"og:image\" content=\"https:\/\/www.anovapeneira.gal\/wp-content\/uploads\/2021\/03\/manuel_alfonso_estevez.jpg\" \/>\n\t<meta property=\"og:image:width\" content=\"720\" \/>\n\t<meta property=\"og:image:height\" content=\"432\" \/>\n\t<meta property=\"og:image:type\" content=\"image\/jpeg\" \/>\n<meta name=\"author\" content=\"Manuel Alfonso Est\u00e9vez\" \/>\n<meta name=\"twitter:card\" content=\"summary_large_image\" \/>\n<meta name=\"twitter:creator\" content=\"@APeneira\" \/>\n<meta name=\"twitter:site\" content=\"@APeneira\" \/>\n<meta name=\"twitter:label1\" content=\"Escrito por\" \/>\n\t<meta name=\"twitter:data1\" content=\"Manuel Alfonso Est\u00e9vez\" \/>\n\t<meta name=\"twitter:label2\" content=\"Tempo de lectura\" \/>\n\t<meta name=\"twitter:data2\" content=\"3 minutos\" \/>\n<script type=\"application\/ld+json\" class=\"yoast-schema-graph\">{\"@context\":\"https:\\\/\\\/schema.org\",\"@graph\":[{\"@type\":\"Article\",\"@id\":\"https:\\\/\\\/www.anovapeneira.gal\\\/index.php\\\/2022\\\/01\\\/24\\\/logo-do-2-021-que\\\/#article\",\"isPartOf\":{\"@id\":\"https:\\\/\\\/www.anovapeneira.gal\\\/index.php\\\/2022\\\/01\\\/24\\\/logo-do-2-021-que\\\/\"},\"author\":{\"name\":\"Manuel Alfonso Est\u00e9vez\",\"@id\":\"https:\\\/\\\/www.anovapeneira.gal\\\/#\\\/schema\\\/person\\\/6561b93d53e7a32f5d814768163bae2a\"},\"headline\":\"Logo do 2.021, Qu\u00e9?\",\"datePublished\":\"2022-01-24T11:00:00+00:00\",\"mainEntityOfPage\":{\"@id\":\"https:\\\/\\\/www.anovapeneira.gal\\\/index.php\\\/2022\\\/01\\\/24\\\/logo-do-2-021-que\\\/\"},\"wordCount\":511,\"commentCount\":0,\"publisher\":{\"@id\":\"https:\\\/\\\/www.anovapeneira.gal\\\/#organization\"},\"image\":{\"@id\":\"https:\\\/\\\/www.anovapeneira.gal\\\/index.php\\\/2022\\\/01\\\/24\\\/logo-do-2-021-que\\\/#primaryimage\"},\"thumbnailUrl\":\"https:\\\/\\\/www.anovapeneira.gal\\\/wp-content\\\/uploads\\\/2021\\\/03\\\/manuel_alfonso_estevez.jpg\",\"articleSection\":[\"Artigos de opini\u00f3n\"],\"inLanguage\":\"gl-ES\",\"potentialAction\":[{\"@type\":\"CommentAction\",\"name\":\"Comment\",\"target\":[\"https:\\\/\\\/www.anovapeneira.gal\\\/index.php\\\/2022\\\/01\\\/24\\\/logo-do-2-021-que\\\/#respond\"]}]},{\"@type\":\"WebPage\",\"@id\":\"https:\\\/\\\/www.anovapeneira.gal\\\/index.php\\\/2022\\\/01\\\/24\\\/logo-do-2-021-que\\\/\",\"url\":\"https:\\\/\\\/www.anovapeneira.gal\\\/index.php\\\/2022\\\/01\\\/24\\\/logo-do-2-021-que\\\/\",\"name\":\"Logo do 2.021, Qu\u00e9? -\",\"isPartOf\":{\"@id\":\"https:\\\/\\\/www.anovapeneira.gal\\\/#website\"},\"primaryImageOfPage\":{\"@id\":\"https:\\\/\\\/www.anovapeneira.gal\\\/index.php\\\/2022\\\/01\\\/24\\\/logo-do-2-021-que\\\/#primaryimage\"},\"image\":{\"@id\":\"https:\\\/\\\/www.anovapeneira.gal\\\/index.php\\\/2022\\\/01\\\/24\\\/logo-do-2-021-que\\\/#primaryimage\"},\"thumbnailUrl\":\"https:\\\/\\\/www.anovapeneira.gal\\\/wp-content\\\/uploads\\\/2021\\\/03\\\/manuel_alfonso_estevez.jpg\",\"datePublished\":\"2022-01-24T11:00:00+00:00\",\"description\":\"Xa sabedes que non me gusta nin as datas nin as \u00e9pocas. E nesta\u00a0nova normalidade, \u00e9 sen d\u00fabida algunha outra \u00e9poca. Todo supeditado\u00a0o ditoso virus, a sa\u00fade, a educaci\u00f3n e a econom\u00eda.\u00a0Por esta raz\u00f3n, as xentes e instituci\u00f3ns afinan os protocolos para poder seguir, na medida do posible, coas actividades coti\u00e1s.\",\"breadcrumb\":{\"@id\":\"https:\\\/\\\/www.anovapeneira.gal\\\/index.php\\\/2022\\\/01\\\/24\\\/logo-do-2-021-que\\\/#breadcrumb\"},\"inLanguage\":\"gl-ES\",\"potentialAction\":[{\"@type\":\"ReadAction\",\"target\":[\"https:\\\/\\\/www.anovapeneira.gal\\\/index.php\\\/2022\\\/01\\\/24\\\/logo-do-2-021-que\\\/\"]}]},{\"@type\":\"ImageObject\",\"inLanguage\":\"gl-ES\",\"@id\":\"https:\\\/\\\/www.anovapeneira.gal\\\/index.php\\\/2022\\\/01\\\/24\\\/logo-do-2-021-que\\\/#primaryimage\",\"url\":\"https:\\\/\\\/www.anovapeneira.gal\\\/wp-content\\\/uploads\\\/2021\\\/03\\\/manuel_alfonso_estevez.jpg\",\"contentUrl\":\"https:\\\/\\\/www.anovapeneira.gal\\\/wp-content\\\/uploads\\\/2021\\\/03\\\/manuel_alfonso_estevez.jpg\",\"width\":720,\"height\":432,\"caption\":\"Manuel Alfonso Est\u00e9vez. Historia viva de Fornelos da Ribeira\"},{\"@type\":\"BreadcrumbList\",\"@id\":\"https:\\\/\\\/www.anovapeneira.gal\\\/index.php\\\/2022\\\/01\\\/24\\\/logo-do-2-021-que\\\/#breadcrumb\",\"itemListElement\":[{\"@type\":\"ListItem\",\"position\":1,\"name\":\"Portada\",\"item\":\"https:\\\/\\\/www.anovapeneira.gal\\\/\"},{\"@type\":\"ListItem\",\"position\":2,\"name\":\"Logo do 2.021, Qu\u00e9?\"}]},{\"@type\":\"WebSite\",\"@id\":\"https:\\\/\\\/www.anovapeneira.gal\\\/#website\",\"url\":\"https:\\\/\\\/www.anovapeneira.gal\\\/\",\"name\":\"\",\"description\":\"Xornal galego de informaci\u00f3n xeral Publicaci\u00f3n mensual de novas de Galicia e en especial dos Concellos da sur da provincia de Pontevedra.\",\"publisher\":{\"@id\":\"https:\\\/\\\/www.anovapeneira.gal\\\/#organization\"},\"potentialAction\":[{\"@type\":\"SearchAction\",\"target\":{\"@type\":\"EntryPoint\",\"urlTemplate\":\"https:\\\/\\\/www.anovapeneira.gal\\\/?s={search_term_string}\"},\"query-input\":{\"@type\":\"PropertyValueSpecification\",\"valueRequired\":true,\"valueName\":\"search_term_string\"}}],\"inLanguage\":\"gl-ES\"},{\"@type\":\"Organization\",\"@id\":\"https:\\\/\\\/www.anovapeneira.gal\\\/#organization\",\"name\":\"A Nova Peneira\",\"url\":\"https:\\\/\\\/www.anovapeneira.gal\\\/\",\"logo\":{\"@type\":\"ImageObject\",\"inLanguage\":\"gl-ES\",\"@id\":\"https:\\\/\\\/www.anovapeneira.gal\\\/#\\\/schema\\\/logo\\\/image\\\/\",\"url\":\"http:\\\/\\\/www.anovapeneira.gal\\\/wp-content\\\/uploads\\\/2019\\\/06\\\/logo_a_nova_peneira_portal_web.png\",\"contentUrl\":\"http:\\\/\\\/www.anovapeneira.gal\\\/wp-content\\\/uploads\\\/2019\\\/06\\\/logo_a_nova_peneira_portal_web.png\",\"width\":300,\"height\":100,\"caption\":\"A Nova Peneira\"},\"image\":{\"@id\":\"https:\\\/\\\/www.anovapeneira.gal\\\/#\\\/schema\\\/logo\\\/image\\\/\"},\"sameAs\":[\"https:\\\/\\\/www.facebook.com\\\/anovapeneira\",\"https:\\\/\\\/x.com\\\/APeneira\"]},{\"@type\":\"Person\",\"@id\":\"https:\\\/\\\/www.anovapeneira.gal\\\/#\\\/schema\\\/person\\\/6561b93d53e7a32f5d814768163bae2a\",\"name\":\"Manuel Alfonso Est\u00e9vez\",\"image\":{\"@type\":\"ImageObject\",\"inLanguage\":\"gl-ES\",\"@id\":\"https:\\\/\\\/secure.gravatar.com\\\/avatar\\\/f5d3e86603a02dabc520fdacad8691552cb5b3b57ede8828ababc7095c054594?s=96&d=mm&r=g\",\"url\":\"https:\\\/\\\/secure.gravatar.com\\\/avatar\\\/f5d3e86603a02dabc520fdacad8691552cb5b3b57ede8828ababc7095c054594?s=96&d=mm&r=g\",\"contentUrl\":\"https:\\\/\\\/secure.gravatar.com\\\/avatar\\\/f5d3e86603a02dabc520fdacad8691552cb5b3b57ede8828ababc7095c054594?s=96&d=mm&r=g\",\"caption\":\"Manuel Alfonso Est\u00e9vez\"},\"url\":\"https:\\\/\\\/www.anovapeneira.gal\\\/index.php\\\/author\\\/manuelalfonso\\\/\"}]}<\/script>\n<!-- \/ Yoast SEO plugin. -->","yoast_head_json":{"title":"Logo do 2.021, Qu\u00e9? -","description":"Xa sabedes que non me gusta nin as datas nin as \u00e9pocas. E nesta\u00a0nova normalidade, \u00e9 sen d\u00fabida algunha outra \u00e9poca. Todo supeditado\u00a0o ditoso virus, a sa\u00fade, a educaci\u00f3n e a econom\u00eda.\u00a0Por esta raz\u00f3n, as xentes e instituci\u00f3ns afinan os protocolos para poder seguir, na medida do posible, coas actividades coti\u00e1s.","robots":{"index":"index","follow":"follow","max-snippet":"max-snippet:-1","max-image-preview":"max-image-preview:large","max-video-preview":"max-video-preview:-1"},"canonical":"https:\/\/www.anovapeneira.gal\/index.php\/2022\/01\/24\/logo-do-2-021-que\/","og_locale":"gl_ES","og_type":"article","og_title":"Logo do 2.021, Qu\u00e9? -","og_description":"Xa sabedes que non me gusta nin as datas nin as \u00e9pocas. E nesta\u00a0nova normalidade, \u00e9 sen d\u00fabida algunha outra \u00e9poca. Todo supeditado\u00a0o ditoso virus, a sa\u00fade, a educaci\u00f3n e a econom\u00eda.\u00a0Por esta raz\u00f3n, as xentes e instituci\u00f3ns afinan os protocolos para poder seguir, na medida do posible, coas actividades coti\u00e1s.","og_url":"https:\/\/www.anovapeneira.gal\/index.php\/2022\/01\/24\/logo-do-2-021-que\/","article_publisher":"https:\/\/www.facebook.com\/anovapeneira","article_published_time":"2022-01-24T11:00:00+00:00","og_image":[{"width":720,"height":432,"url":"https:\/\/www.anovapeneira.gal\/wp-content\/uploads\/2021\/03\/manuel_alfonso_estevez.jpg","type":"image\/jpeg"}],"author":"Manuel Alfonso Est\u00e9vez","twitter_card":"summary_large_image","twitter_creator":"@APeneira","twitter_site":"@APeneira","twitter_misc":{"Escrito por":"Manuel Alfonso Est\u00e9vez","Tempo de lectura":"3 minutos"},"schema":{"@context":"https:\/\/schema.org","@graph":[{"@type":"Article","@id":"https:\/\/www.anovapeneira.gal\/index.php\/2022\/01\/24\/logo-do-2-021-que\/#article","isPartOf":{"@id":"https:\/\/www.anovapeneira.gal\/index.php\/2022\/01\/24\/logo-do-2-021-que\/"},"author":{"name":"Manuel Alfonso Est\u00e9vez","@id":"https:\/\/www.anovapeneira.gal\/#\/schema\/person\/6561b93d53e7a32f5d814768163bae2a"},"headline":"Logo do 2.021, Qu\u00e9?","datePublished":"2022-01-24T11:00:00+00:00","mainEntityOfPage":{"@id":"https:\/\/www.anovapeneira.gal\/index.php\/2022\/01\/24\/logo-do-2-021-que\/"},"wordCount":511,"commentCount":0,"publisher":{"@id":"https:\/\/www.anovapeneira.gal\/#organization"},"image":{"@id":"https:\/\/www.anovapeneira.gal\/index.php\/2022\/01\/24\/logo-do-2-021-que\/#primaryimage"},"thumbnailUrl":"https:\/\/www.anovapeneira.gal\/wp-content\/uploads\/2021\/03\/manuel_alfonso_estevez.jpg","articleSection":["Artigos de opini\u00f3n"],"inLanguage":"gl-ES","potentialAction":[{"@type":"CommentAction","name":"Comment","target":["https:\/\/www.anovapeneira.gal\/index.php\/2022\/01\/24\/logo-do-2-021-que\/#respond"]}]},{"@type":"WebPage","@id":"https:\/\/www.anovapeneira.gal\/index.php\/2022\/01\/24\/logo-do-2-021-que\/","url":"https:\/\/www.anovapeneira.gal\/index.php\/2022\/01\/24\/logo-do-2-021-que\/","name":"Logo do 2.021, Qu\u00e9? -","isPartOf":{"@id":"https:\/\/www.anovapeneira.gal\/#website"},"primaryImageOfPage":{"@id":"https:\/\/www.anovapeneira.gal\/index.php\/2022\/01\/24\/logo-do-2-021-que\/#primaryimage"},"image":{"@id":"https:\/\/www.anovapeneira.gal\/index.php\/2022\/01\/24\/logo-do-2-021-que\/#primaryimage"},"thumbnailUrl":"https:\/\/www.anovapeneira.gal\/wp-content\/uploads\/2021\/03\/manuel_alfonso_estevez.jpg","datePublished":"2022-01-24T11:00:00+00:00","description":"Xa sabedes que non me gusta nin as datas nin as \u00e9pocas. E nesta\u00a0nova normalidade, \u00e9 sen d\u00fabida algunha outra \u00e9poca. Todo supeditado\u00a0o ditoso virus, a sa\u00fade, a educaci\u00f3n e a econom\u00eda.\u00a0Por esta raz\u00f3n, as xentes e instituci\u00f3ns afinan os protocolos para poder seguir, na medida do posible, coas actividades coti\u00e1s.","breadcrumb":{"@id":"https:\/\/www.anovapeneira.gal\/index.php\/2022\/01\/24\/logo-do-2-021-que\/#breadcrumb"},"inLanguage":"gl-ES","potentialAction":[{"@type":"ReadAction","target":["https:\/\/www.anovapeneira.gal\/index.php\/2022\/01\/24\/logo-do-2-021-que\/"]}]},{"@type":"ImageObject","inLanguage":"gl-ES","@id":"https:\/\/www.anovapeneira.gal\/index.php\/2022\/01\/24\/logo-do-2-021-que\/#primaryimage","url":"https:\/\/www.anovapeneira.gal\/wp-content\/uploads\/2021\/03\/manuel_alfonso_estevez.jpg","contentUrl":"https:\/\/www.anovapeneira.gal\/wp-content\/uploads\/2021\/03\/manuel_alfonso_estevez.jpg","width":720,"height":432,"caption":"Manuel Alfonso Est\u00e9vez. Historia viva de Fornelos da Ribeira"},{"@type":"BreadcrumbList","@id":"https:\/\/www.anovapeneira.gal\/index.php\/2022\/01\/24\/logo-do-2-021-que\/#breadcrumb","itemListElement":[{"@type":"ListItem","position":1,"name":"Portada","item":"https:\/\/www.anovapeneira.gal\/"},{"@type":"ListItem","position":2,"name":"Logo do 2.021, Qu\u00e9?"}]},{"@type":"WebSite","@id":"https:\/\/www.anovapeneira.gal\/#website","url":"https:\/\/www.anovapeneira.gal\/","name":"","description":"Xornal galego de informaci\u00f3n xeral Publicaci\u00f3n mensual de novas de Galicia e en especial dos Concellos da sur da provincia de Pontevedra.","publisher":{"@id":"https:\/\/www.anovapeneira.gal\/#organization"},"potentialAction":[{"@type":"SearchAction","target":{"@type":"EntryPoint","urlTemplate":"https:\/\/www.anovapeneira.gal\/?s={search_term_string}"},"query-input":{"@type":"PropertyValueSpecification","valueRequired":true,"valueName":"search_term_string"}}],"inLanguage":"gl-ES"},{"@type":"Organization","@id":"https:\/\/www.anovapeneira.gal\/#organization","name":"A Nova Peneira","url":"https:\/\/www.anovapeneira.gal\/","logo":{"@type":"ImageObject","inLanguage":"gl-ES","@id":"https:\/\/www.anovapeneira.gal\/#\/schema\/logo\/image\/","url":"http:\/\/www.anovapeneira.gal\/wp-content\/uploads\/2019\/06\/logo_a_nova_peneira_portal_web.png","contentUrl":"http:\/\/www.anovapeneira.gal\/wp-content\/uploads\/2019\/06\/logo_a_nova_peneira_portal_web.png","width":300,"height":100,"caption":"A Nova Peneira"},"image":{"@id":"https:\/\/www.anovapeneira.gal\/#\/schema\/logo\/image\/"},"sameAs":["https:\/\/www.facebook.com\/anovapeneira","https:\/\/x.com\/APeneira"]},{"@type":"Person","@id":"https:\/\/www.anovapeneira.gal\/#\/schema\/person\/6561b93d53e7a32f5d814768163bae2a","name":"Manuel Alfonso Est\u00e9vez","image":{"@type":"ImageObject","inLanguage":"gl-ES","@id":"https:\/\/secure.gravatar.com\/avatar\/f5d3e86603a02dabc520fdacad8691552cb5b3b57ede8828ababc7095c054594?s=96&d=mm&r=g","url":"https:\/\/secure.gravatar.com\/avatar\/f5d3e86603a02dabc520fdacad8691552cb5b3b57ede8828ababc7095c054594?s=96&d=mm&r=g","contentUrl":"https:\/\/secure.gravatar.com\/avatar\/f5d3e86603a02dabc520fdacad8691552cb5b3b57ede8828ababc7095c054594?s=96&d=mm&r=g","caption":"Manuel Alfonso Est\u00e9vez"},"url":"https:\/\/www.anovapeneira.gal\/index.php\/author\/manuelalfonso\/"}]}},"jetpack_featured_media_url":"https:\/\/www.anovapeneira.gal\/wp-content\/uploads\/2021\/03\/manuel_alfonso_estevez.jpg","_links":{"self":[{"href":"https:\/\/www.anovapeneira.gal\/index.php\/wp-json\/wp\/v2\/posts\/6816","targetHints":{"allow":["GET"]}}],"collection":[{"href":"https:\/\/www.anovapeneira.gal\/index.php\/wp-json\/wp\/v2\/posts"}],"about":[{"href":"https:\/\/www.anovapeneira.gal\/index.php\/wp-json\/wp\/v2\/types\/post"}],"author":[{"embeddable":true,"href":"https:\/\/www.anovapeneira.gal\/index.php\/wp-json\/wp\/v2\/users\/40"}],"replies":[{"embeddable":true,"href":"https:\/\/www.anovapeneira.gal\/index.php\/wp-json\/wp\/v2\/comments?post=6816"}],"version-history":[{"count":2,"href":"https:\/\/www.anovapeneira.gal\/index.php\/wp-json\/wp\/v2\/posts\/6816\/revisions"}],"predecessor-version":[{"id":6818,"href":"https:\/\/www.anovapeneira.gal\/index.php\/wp-json\/wp\/v2\/posts\/6816\/revisions\/6818"}],"wp:featuredmedia":[{"embeddable":true,"href":"https:\/\/www.anovapeneira.gal\/index.php\/wp-json\/wp\/v2\/media\/5108"}],"wp:attachment":[{"href":"https:\/\/www.anovapeneira.gal\/index.php\/wp-json\/wp\/v2\/media?parent=6816"}],"wp:term":[{"taxonomy":"category","embeddable":true,"href":"https:\/\/www.anovapeneira.gal\/index.php\/wp-json\/wp\/v2\/categories?post=6816"},{"taxonomy":"post_tag","embeddable":true,"href":"https:\/\/www.anovapeneira.gal\/index.php\/wp-json\/wp\/v2\/tags?post=6816"}],"curies":[{"name":"wp","href":"https:\/\/api.w.org\/{rel}","templated":true}]}}