{"id":6819,"date":"2022-01-25T10:00:44","date_gmt":"2022-01-25T09:00:44","guid":{"rendered":"https:\/\/www.anovapeneira.gal\/?p=6819"},"modified":"2022-01-24T10:02:27","modified_gmt":"2022-01-24T09:02:27","slug":"paco-troitino-medico-especialista-en-saude-publica","status":"publish","type":"post","link":"https:\/\/www.anovapeneira.gal\/index.php\/2022\/01\/25\/paco-troitino-medico-especialista-en-saude-publica\/","title":{"rendered":"Paco Troiti\u00f1o, m\u00e9dico especialista en sa\u00fade p\u00fablica"},"content":{"rendered":"\n<pre class=\"wp-block-verse\"><strong>G.Figueiredo<\/strong><\/pre>\n\n\n\n<p><strong>Paco \u00e9 m\u00e9dico especialista en sa\u00fade p\u00fablica e un vello amigo desta casa. Falamos con el para que nos conte a s\u00faa opini\u00f3n profesional sobre a situaci\u00f3n actual da pandemia, e que perspectivas de evoluci\u00f3n futura podemos supor que ter\u00e1<\/strong><\/p>\n\n\n\n<h2 class=\"wp-block-heading\">\u201c<strong>O Recorte de recursos \u00e1 sanidade p\u00fablica mata xente\u201d<\/strong><\/h2>\n\n\n\n<h2 class=\"wp-block-heading\">\u201c<strong>A posici\u00f3n dos anti vacinas \u00e9 absolutamente irracional\u201d<\/strong><\/h2>\n\n\n\n<p><strong>Paco ti es m\u00e9dico e asemade tes formaci\u00f3n referente \u00e1 sa\u00fade p\u00fablica verdade?.<\/strong><\/p>\n\n\n\n<blockquote class=\"wp-block-quote is-layout-flow wp-block-quote-is-layout-flow\"><p>Al\u00e9n de profesional da medicina te\u00f1o un m\u00e1ster en sa\u00fade p\u00fablica. O campo epidemiol\u00f3xico da sa\u00fade p\u00fablica sempre me gustou.<\/p><\/blockquote>\n\n\n\n<p><strong>Rematando a quinta onda eu ti\u00f1a a sensaci\u00f3n de que isto acab\u00e1base. Pero cunhas porcentaxes de vacinaci\u00f3n elevad\u00edsimas , de s\u00fapeto, multipl\u00edcanse os contaxios dunha maneira que non se vira desde que comezou esta enfermidade. Que est\u00e1 pasando ?<\/strong><\/p>\n\n\n\n<blockquote class=\"wp-block-quote is-layout-flow wp-block-quote-is-layout-flow\"><p>Pasou que en contra do que dic\u00edan os expertos, dedic\u00e1monos a po\u00f1er a segunda dose, terceira dose, mentres cantidade de pa\u00edses non ti\u00f1an nin unha soa dose de vacina. Mentres Vigo estaba nun nivel moi baixo de contaxios, neses pa\u00edses o virus campaba polo aire libremente. Un virus as\u00ed desenv\u00f3lvese contaxiando \u00e1 xente e mutando facendo os cambios necesarios para sobrevivir porque non ten barreiras que o pare.<\/p><\/blockquote>\n\n\n\n<p><strong>Ent\u00f3n as mutaci\u00f3n v\u00edricas \u00e9 un proceso natural do propio virus para sobrevivir?<\/strong><\/p>\n\n\n\n<blockquote class=\"wp-block-quote is-layout-flow wp-block-quote-is-layout-flow\"><p>Si, para adaptarse \u00e1 realidade e sobrevivir. En pa\u00edses onde a vacinaci\u00f3n est\u00e1 por debaixo dun 30% como pasou na India. A\u00ed foi onde apareceu a variante Delta e \u00e9 moito m\u00e1is dani\u00f1a que a actual Omicr\u00f3n, esta \u00e9 a que se est\u00e1 espallando agora. Esta \u00e9 moito m\u00e1is contaxiosa pero, afortunadamente menos prexudicial.<\/p><\/blockquote>\n\n\n\n<p><strong>Agora co escenario dunha porcentaxe de vacinaci\u00f3n tan elevada e uns \u00edndices de contaxios tan altos, xa temos a treboada perfecta para os negacionistas que entenden que esta onda amosa a ineficacia das vacinas. Que opinas sobre isto?<\/strong><\/p>\n\n\n\n<blockquote class=\"wp-block-quote is-layout-flow wp-block-quote-is-layout-flow\"><p>O destas persoas e dunha cuesti\u00f3n case de fe, e a fe non \u00e9 demostrable. Cren que as vacinas son malas, cando sabemos que erradicaron moitas enfermidades ao longo do tempo.<\/p><\/blockquote>\n\n\n\n<p><strong>Por exemplo?<\/strong><\/p>\n\n\n\n<blockquote class=\"wp-block-quote is-layout-flow wp-block-quote-is-layout-flow\"><p>A var\u00edola, a poliomielite&#8230; .<\/p><\/blockquote>\n\n\n\n<p><strong>Da var\u00edola morrera moita xente non?<\/strong><\/p>\n\n\n\n<blockquote class=\"wp-block-quote is-layout-flow wp-block-quote-is-layout-flow\"><p>Si, e foi unha enfermidade grav\u00edsima. De feito xente da mi\u00f1a idade quedou con deformidades importantes derivadas da var\u00edola infantil. Pero esta xente pola que me preguntabas est\u00e1 en contra de todo o tipo de vacinas.<\/p><\/blockquote>\n\n\n\n<p><strong>Podes dicir con rotundidade que unha posici\u00f3n anti vacinas e totalmente irracional?<\/strong><\/p>\n\n\n\n<blockquote class=\"wp-block-quote is-layout-flow wp-block-quote-is-layout-flow\"><p>E totalmente irracional pero obedece a crenzas. As crezas non son demostrables, pero como se dialoga racionalmente cunha persoa que non act\u00faa racionalmente neste campo??.<\/p><\/blockquote>\n\n\n\n<p><strong>Non se pode, claro.<\/strong><\/p>\n\n\n\n<blockquote class=\"wp-block-quote is-layout-flow wp-block-quote-is-layout-flow\"><p>Hai que deixalos e que asuman as consecuencias. Hoxe en d\u00eda, unha persoa que non est\u00e1 vacinada ten un 30% m\u00e1is de posibilidades de, se colle o virus, acabar na UCI. Eles asumen esta posibilidade.<\/p><\/blockquote>\n\n\n\n<p><strong>Antes coment\u00e1basme que o problema desta multiplicaci\u00f3n de contaxios reside en deixar a moitos pa\u00edses do terceiro mundo sen vacinar, polo tanto o virus circula libremente e d\u00e1se o caldo de cultivo axeitado para xerar novas variantes. Estas variantes transm\u00edtense as zonas do primeiro mundo, non?<\/strong><\/p>\n\n\n\n<blockquote class=\"wp-block-quote is-layout-flow wp-block-quote-is-layout-flow\"><p>Para os virus non existen as fronteiras, vivimos nun mundo global en t\u00f3dolos sentidos onde os avi\u00f3ns cruzan o mundo en cuesti\u00f3ns de horas a diario. Non ten sentido que se pechen fronteira como o que pasou en Sud\u00e1frica, cando se detectou o virus xa estaba circulando polo mundo. O que nos vai axudar e o humanismo, pensar que os habitantes do planeta somos todos un e debemos desenvolvernos como tal.<\/p><\/blockquote>\n\n\n\n<p><strong>Como \u00e9 posible que se ve\u00f1en distintas persoas contaxiadas a unha zona do mundo, cunha porcentaxe de vacinaci\u00f3n coa pauta completa de m\u00e1is do 80%, poidan infectar a grandes masas de persoas xa vacinadas?<\/strong><\/p>\n\n\n\n<blockquote class=\"wp-block-quote is-layout-flow wp-block-quote-is-layout-flow\"><p>Est\u00e1 demostrado que aos seis meses a vacina contra o coronavirus perde moita eficacia. Cando chegou a \u00d3micron moit\u00edsima xente levaba m\u00e1is de seis meses xa desde a \u00faltima dose. A maiores, as vacinas poden non ser tan eficaces contra estas novas variantes. Perderon eficacia contra o contaxio pero, afortunadamente seguen sendo eficaces para evitar a gravidade da enfermidade.<\/p><\/blockquote>\n\n\n\n<blockquote class=\"wp-block-quote is-layout-flow wp-block-quote-is-layout-flow\"><p>De feito, o risco de gravidade \u00e9 tan baixo que a decisi\u00f3n mundial contra a \u00d3micron foi que a\u00ednda que sexas contacto directo dun contaxiado de \u00d3micron, se est\u00e1s vacinado coa pauta completa non tes que gardar corentena.<\/p><\/blockquote>\n\n\n\n<p><strong>Cal \u00e9 a t\u00faa opini\u00f3n sobre a hip\u00f3tese na que est\u00e1 a traballar o goberno de Espa\u00f1a de gripalizar o tratamento desta enfermidade? \u00c9 dicir, considerala como unha enfermidade estacionaria tipo a gripe e centrar os tratamentos en persoas vulnerables.<\/strong><\/p>\n\n\n\n<blockquote class=\"wp-block-quote is-layout-flow wp-block-quote-is-layout-flow\"><p>Afortunadamente de momento \u00e9 un debate e non unha decisi\u00f3n. \u00c9 prematuro agora mesmo dicir que se vai gripalizar. A\u00ednda non sabemos se vai haber novas variantes que poidan ser ata m\u00e1is graves.<\/p><\/blockquote>\n\n\n\n<p><strong>\u00c9 unha hip\u00f3tese perfectamente aceptable como a outra non?<\/strong><\/p>\n\n\n\n<blockquote class=\"wp-block-quote is-layout-flow wp-block-quote-is-layout-flow\"><p>Tan factible e racional pode ser unha como a outra. \u00c9 prematuro tomar a decisi\u00f3n de gripalizala de momento. Se dentro de seis meses o virus vai desaparecendo, non aparecen novas variantes e a inmensa maior\u00eda da poboaci\u00f3n pasou o contaxio xa sexa detectado, non detectado ou asintom\u00e1tico poder\u00edase pensar, coa cantidade de contaxios que hai diarios, que en seis meses unha alta porcentaxe de persoas pasar\u00eda a enfermidade.<\/p><\/blockquote>\n\n\n\n<p><strong>Ti que es m\u00e1ster en sa\u00fade p\u00fablica, cal cres que ser\u00eda a estratexia axeitada para desenvolver en este momento concreto?<\/strong><\/p>\n\n\n\n<blockquote class=\"wp-block-quote is-layout-flow wp-block-quote-is-layout-flow\"><p>A que est\u00e1 seguindo agora o goberno guiado polos expertos internacionais \u00e9 a correcta no sentido de evitar o ingreso hospitalario, que esta variante produce a menos do 1% da poboaci\u00f3n infectada. Esta estratexia \u00e9 para retardar ao m\u00e1ximo os contaxios para que o hospitais non se saturen, evitalos \u00e9 imposible. En Galicia neste momento est\u00e1n ocupadas menos do 10% das camas con pacientes por Covid e tam\u00e9n menos do 10% das UCIS. Calc\u00falase que a finais de este mes de xaneiro a cantidade de contaxios vai diminu\u00edr porque a vacina contin\u00faa funcionando e tam\u00e9n seguimos vacinando, agora estamos cos nenos e estes van contaxiar menos. A menos que para finais de mes sa\u00eda unha nova variante, que non o creo, baixar\u00e1 a presi\u00f3n en atenci\u00f3n primaria para finais de mes.<\/p><\/blockquote>\n\n\n\n<p><strong>Consideras que todo proceso epid\u00e9mico, ao longo da historia universal da medicina, ten un pico m\u00e1ximo e logo comeza a baixar, isto \u00e9 as\u00ed sempre?<\/strong><\/p>\n\n\n\n<blockquote class=\"wp-block-quote is-layout-flow wp-block-quote-is-layout-flow\"><p>Si, practicamente sempre. Nas enfermidades infecciosas cando se contaxia \u00e1 poboaci\u00f3n vaise inmunizando, ag\u00e1s os que falecen polo cami\u00f1o, claro. Cr\u00e9anse defensas e anticorpos, estas persoas quedan como defendidas da enfermidade. Menos cando a peste, aquilo foi horroroso.<\/p><\/blockquote>\n\n\n\n<p><strong>Canto durou a peste?<\/strong><\/p>\n\n\n\n<blockquote class=\"wp-block-quote is-layout-flow wp-block-quote-is-layout-flow\"><p>Exactamente non me lembro, creo que unha d\u00e9cada pero calc\u00falase que morreu case a metade da humanidade. A outra metade quedou defendida por pasar a enfermidade e a peste desapareceu como tal.<\/p><\/blockquote>\n\n\n\n<blockquote class=\"wp-block-quote is-layout-flow wp-block-quote-is-layout-flow\"><p>Para o covid agora mesmo hai tres f\u00e1rmacos para paliar os s\u00edntomas graves da enfermidade, a investigaci\u00f3n vai moi avanzada.<\/p><\/blockquote>\n\n\n\n<p><strong>De feito, o goberno espa\u00f1ol acaba de mercar 300.000 doses dun f\u00e1rmaco de Pfizer que xa o est\u00e1n comercializando.<\/strong><\/p>\n\n\n\n<blockquote class=\"wp-block-quote is-layout-flow wp-block-quote-is-layout-flow\"><p>Si, con estes f\u00e1rmacos evitaremos as complicaci\u00f3ns. Por exemplo, a gripe \u00e9 unha enfermidade moi com\u00fan e contaxiosa pero as hospitalizaci\u00f3ns e as mortes que provoca son moito menos inferiores ca este virus.<\/p><\/blockquote>\n\n\n\n<p><strong>Para ti, o uso das m\u00e1scara est\u00e1 xustificado?<\/strong><\/p>\n\n\n\n<blockquote class=\"wp-block-quote is-layout-flow wp-block-quote-is-layout-flow\"><p>No interior est\u00e1 m\u00e1is ca demostrado, o virus contaxiase polo contacto pr\u00f3ximo, polo aire que exhalamos a trav\u00e9s dos aerosois que producimos ao respirar, tusir ou esbirrar. \u00c9 cunha m\u00e1scara FP2 a que evita contaxiarse a un mesmo e contaxiar aos demais.<\/p><\/blockquote>\n\n\n\n<p><strong>En espazos exteriores est\u00e1 xustificada?<\/strong><\/p>\n\n\n\n<blockquote class=\"wp-block-quote is-layout-flow wp-block-quote-is-layout-flow\"><p>Gardando a distancia de seguridade non ten moita raz\u00f3n de ser.<\/p><\/blockquote>\n\n\n\n<p><strong>E, ao tu xu\u00edzo, nunha situaci\u00f3n como esta, os poderes p\u00fablicos deber\u00edan obrigar as persoas que non queren vacinarse a facelo?<\/strong><\/p>\n\n\n\n<blockquote class=\"wp-block-quote is-layout-flow wp-block-quote-is-layout-flow\"><p>Creo que na sociedade actual non se pode obrigar, pero si tomar unha serie de medidas referentes a dificultarlles o contacto social. Mira o caso de Australia co n\u00famero 1 do tenis, acabaron por botalo do pa\u00eds e non deixalo xogar a competici\u00f3n. Hai quen contempla p\u00f3r un imposto especial aos non vacinados porque o gasto da sanidade p\u00fablica que ocasionan \u00e9 elevad\u00edsimo.<\/p><\/blockquote>\n\n\n\n<p><strong>Cando prev\u00e9s que todo isto remate?<\/strong><\/p>\n\n\n\n<blockquote class=\"wp-block-quote is-layout-flow wp-block-quote-is-layout-flow\"><p>Se non sae unha variante nova, a finais deste mes comezar\u00e1 a reducirse moit\u00edsimo os casos e de aqu\u00ed a tres ou catro meses estar\u00e1 a cousa moi estabilizada.<\/p><\/blockquote>\n\n\n\n<p><strong>De cara ao ver\u00e1n poderemos ter unha situaci\u00f3n semellante \u00e1 normalidade?<\/strong><\/p>\n\n\n\n<blockquote class=\"wp-block-quote is-layout-flow wp-block-quote-is-layout-flow\"><p>Eu creo que si sempre que non apareza unha nova variante.<\/p><\/blockquote>\n\n\n\n<p><strong>Tomaremos unha ca\u00f1a para celebralo ?<\/strong><\/p>\n\n\n\n<blockquote class=\"wp-block-quote is-layout-flow wp-block-quote-is-layout-flow\"><p>Si, tomaremos e ser\u00e1 un pracer tomala contigo.<\/p><\/blockquote>\n\n\n\n<p><strong>Recordo Paco unha conversa contigo antes de que aparecera a COVID, xusto despois dunha inmensa manifestaci\u00f3n que houbera en Vigo en defensa da sanidade p\u00fablica, na que me dixeras que as pol\u00edticas de recortes \u00e1 sanidade p\u00fablica mataban xente e que nun contexto hipot\u00e9tico dalg\u00fan tipo de epidemia poder\u00eda haber unha cat\u00e1strofe. Por desgraza o contexto xa non \u00e9 unha hip\u00f3tese. Quen nolo \u00eda dicir??<\/strong><\/p>\n\n\n\n<blockquote class=\"wp-block-quote is-layout-flow wp-block-quote-is-layout-flow\"><p>Si, \u00e9 as\u00ed. Agora p\u00faxose de manifesto o resultado do abandono da sanidade que \u00e9 ,e hai que dicilo con claridade, que a retracci\u00f3n de recursos \u00e1 sanidade p\u00fablica mata xente.<\/p><\/blockquote>\n","protected":false},"excerpt":{"rendered":"<div class=\"mh-excerpt\"><p>Paco \u00e9 m\u00e9dico especialista en sa\u00fade p\u00fablica e un vello amigo desta casa. Falamos con el para que nos conte a s\u00faa opini\u00f3n profesional sobre a situaci\u00f3n actual da pandemia, e que perspectivas de evoluci\u00f3n futura podemos supor que ter\u00e1 <a class=\"mh-excerpt-more\" href=\"https:\/\/www.anovapeneira.gal\/index.php\/2022\/01\/25\/paco-troitino-medico-especialista-en-saude-publica\/\" title=\"Paco Troiti\u00f1o, m\u00e9dico especialista en sa\u00fade p\u00fablica\">[&#8230;]<\/a><\/p>\n<\/div>","protected":false},"author":17,"featured_media":6820,"comment_status":"open","ping_status":"open","sticky":false,"template":"","format":"standard","meta":{"_exactmetrics_skip_tracking":false,"_exactmetrics_sitenote_active":false,"_exactmetrics_sitenote_note":"","_exactmetrics_sitenote_category":0,"footnotes":""},"categories":[264],"tags":[],"class_list":{"0":"post-6819","1":"post","2":"type-post","3":"status-publish","4":"format-standard","5":"has-post-thumbnail","7":"category-entrevistas-galicia"},"yoast_head":"<!-- This site is optimized with the Yoast SEO plugin v27.4 - https:\/\/yoast.com\/product\/yoast-seo-wordpress\/ -->\n<title>Paco Troiti\u00f1o, m\u00e9dico especialista en sa\u00fade p\u00fablica -<\/title>\n<meta name=\"description\" content=\"Paco \u00e9 m\u00e9dico especialista en sa\u00fade p\u00fablica e un vello amigo desta casa. Falamos con el para que nos conte a s\u00faa opini\u00f3n profesional sobre a situaci\u00f3n actual da pandemia, e que perspectivas de evoluci\u00f3n futura podemos supor que ter\u00e1\" \/>\n<meta name=\"robots\" content=\"index, follow, max-snippet:-1, max-image-preview:large, max-video-preview:-1\" \/>\n<link rel=\"canonical\" href=\"https:\/\/www.anovapeneira.gal\/index.php\/2022\/01\/25\/paco-troitino-medico-especialista-en-saude-publica\/\" \/>\n<meta property=\"og:locale\" content=\"gl_ES\" \/>\n<meta property=\"og:type\" content=\"article\" \/>\n<meta property=\"og:title\" content=\"Paco Troiti\u00f1o, m\u00e9dico especialista en sa\u00fade p\u00fablica -\" \/>\n<meta property=\"og:description\" content=\"Paco \u00e9 m\u00e9dico especialista en sa\u00fade p\u00fablica e un vello amigo desta casa. Falamos con el para que nos conte a s\u00faa opini\u00f3n profesional sobre a situaci\u00f3n actual da pandemia, e que perspectivas de evoluci\u00f3n futura podemos supor que ter\u00e1\" \/>\n<meta property=\"og:url\" content=\"https:\/\/www.anovapeneira.gal\/index.php\/2022\/01\/25\/paco-troitino-medico-especialista-en-saude-publica\/\" \/>\n<meta property=\"article:publisher\" content=\"https:\/\/www.facebook.com\/anovapeneira\" \/>\n<meta property=\"article:published_time\" content=\"2022-01-25T09:00:44+00:00\" \/>\n<meta property=\"og:image\" content=\"https:\/\/www.anovapeneira.gal\/wp-content\/uploads\/2022\/01\/paco_troitino.jpg\" \/>\n\t<meta property=\"og:image:width\" content=\"720\" \/>\n\t<meta property=\"og:image:height\" content=\"432\" \/>\n\t<meta property=\"og:image:type\" content=\"image\/jpeg\" \/>\n<meta name=\"author\" content=\"G. Figueiredo\" \/>\n<meta name=\"twitter:card\" content=\"summary_large_image\" \/>\n<meta name=\"twitter:creator\" content=\"@APeneira\" \/>\n<meta name=\"twitter:site\" content=\"@APeneira\" \/>\n<meta name=\"twitter:label1\" content=\"Escrito por\" \/>\n\t<meta name=\"twitter:data1\" content=\"G. Figueiredo\" \/>\n\t<meta name=\"twitter:label2\" content=\"Tempo de lectura\" \/>\n\t<meta name=\"twitter:data2\" content=\"9 minutos\" \/>\n<script type=\"application\/ld+json\" class=\"yoast-schema-graph\">{\"@context\":\"https:\\\/\\\/schema.org\",\"@graph\":[{\"@type\":\"Article\",\"@id\":\"https:\\\/\\\/www.anovapeneira.gal\\\/index.php\\\/2022\\\/01\\\/25\\\/paco-troitino-medico-especialista-en-saude-publica\\\/#article\",\"isPartOf\":{\"@id\":\"https:\\\/\\\/www.anovapeneira.gal\\\/index.php\\\/2022\\\/01\\\/25\\\/paco-troitino-medico-especialista-en-saude-publica\\\/\"},\"author\":{\"name\":\"G. Figueiredo\",\"@id\":\"https:\\\/\\\/www.anovapeneira.gal\\\/#\\\/schema\\\/person\\\/42f904d7cac80cf3f5a31494dd82a9b6\"},\"headline\":\"Paco Troiti\u00f1o, m\u00e9dico especialista en sa\u00fade p\u00fablica\",\"datePublished\":\"2022-01-25T09:00:44+00:00\",\"mainEntityOfPage\":{\"@id\":\"https:\\\/\\\/www.anovapeneira.gal\\\/index.php\\\/2022\\\/01\\\/25\\\/paco-troitino-medico-especialista-en-saude-publica\\\/\"},\"wordCount\":1614,\"commentCount\":0,\"publisher\":{\"@id\":\"https:\\\/\\\/www.anovapeneira.gal\\\/#organization\"},\"image\":{\"@id\":\"https:\\\/\\\/www.anovapeneira.gal\\\/index.php\\\/2022\\\/01\\\/25\\\/paco-troitino-medico-especialista-en-saude-publica\\\/#primaryimage\"},\"thumbnailUrl\":\"https:\\\/\\\/www.anovapeneira.gal\\\/wp-content\\\/uploads\\\/2022\\\/01\\\/paco_troitino.jpg\",\"articleSection\":[\"Entrevistas\"],\"inLanguage\":\"gl-ES\",\"potentialAction\":[{\"@type\":\"CommentAction\",\"name\":\"Comment\",\"target\":[\"https:\\\/\\\/www.anovapeneira.gal\\\/index.php\\\/2022\\\/01\\\/25\\\/paco-troitino-medico-especialista-en-saude-publica\\\/#respond\"]}]},{\"@type\":\"WebPage\",\"@id\":\"https:\\\/\\\/www.anovapeneira.gal\\\/index.php\\\/2022\\\/01\\\/25\\\/paco-troitino-medico-especialista-en-saude-publica\\\/\",\"url\":\"https:\\\/\\\/www.anovapeneira.gal\\\/index.php\\\/2022\\\/01\\\/25\\\/paco-troitino-medico-especialista-en-saude-publica\\\/\",\"name\":\"Paco Troiti\u00f1o, m\u00e9dico especialista en sa\u00fade p\u00fablica -\",\"isPartOf\":{\"@id\":\"https:\\\/\\\/www.anovapeneira.gal\\\/#website\"},\"primaryImageOfPage\":{\"@id\":\"https:\\\/\\\/www.anovapeneira.gal\\\/index.php\\\/2022\\\/01\\\/25\\\/paco-troitino-medico-especialista-en-saude-publica\\\/#primaryimage\"},\"image\":{\"@id\":\"https:\\\/\\\/www.anovapeneira.gal\\\/index.php\\\/2022\\\/01\\\/25\\\/paco-troitino-medico-especialista-en-saude-publica\\\/#primaryimage\"},\"thumbnailUrl\":\"https:\\\/\\\/www.anovapeneira.gal\\\/wp-content\\\/uploads\\\/2022\\\/01\\\/paco_troitino.jpg\",\"datePublished\":\"2022-01-25T09:00:44+00:00\",\"description\":\"Paco \u00e9 m\u00e9dico especialista en sa\u00fade p\u00fablica e un vello amigo desta casa. Falamos con el para que nos conte a s\u00faa opini\u00f3n profesional sobre a situaci\u00f3n actual da pandemia, e que perspectivas de evoluci\u00f3n futura podemos supor que ter\u00e1\",\"breadcrumb\":{\"@id\":\"https:\\\/\\\/www.anovapeneira.gal\\\/index.php\\\/2022\\\/01\\\/25\\\/paco-troitino-medico-especialista-en-saude-publica\\\/#breadcrumb\"},\"inLanguage\":\"gl-ES\",\"potentialAction\":[{\"@type\":\"ReadAction\",\"target\":[\"https:\\\/\\\/www.anovapeneira.gal\\\/index.php\\\/2022\\\/01\\\/25\\\/paco-troitino-medico-especialista-en-saude-publica\\\/\"]}]},{\"@type\":\"ImageObject\",\"inLanguage\":\"gl-ES\",\"@id\":\"https:\\\/\\\/www.anovapeneira.gal\\\/index.php\\\/2022\\\/01\\\/25\\\/paco-troitino-medico-especialista-en-saude-publica\\\/#primaryimage\",\"url\":\"https:\\\/\\\/www.anovapeneira.gal\\\/wp-content\\\/uploads\\\/2022\\\/01\\\/paco_troitino.jpg\",\"contentUrl\":\"https:\\\/\\\/www.anovapeneira.gal\\\/wp-content\\\/uploads\\\/2022\\\/01\\\/paco_troitino.jpg\",\"width\":720,\"height\":432,\"caption\":\"Paco Troiti\u00f1o, m\u00e9dico especialista en sa\u00fade p\u00fablica\"},{\"@type\":\"BreadcrumbList\",\"@id\":\"https:\\\/\\\/www.anovapeneira.gal\\\/index.php\\\/2022\\\/01\\\/25\\\/paco-troitino-medico-especialista-en-saude-publica\\\/#breadcrumb\",\"itemListElement\":[{\"@type\":\"ListItem\",\"position\":1,\"name\":\"Portada\",\"item\":\"https:\\\/\\\/www.anovapeneira.gal\\\/\"},{\"@type\":\"ListItem\",\"position\":2,\"name\":\"Paco Troiti\u00f1o, m\u00e9dico especialista en sa\u00fade p\u00fablica\"}]},{\"@type\":\"WebSite\",\"@id\":\"https:\\\/\\\/www.anovapeneira.gal\\\/#website\",\"url\":\"https:\\\/\\\/www.anovapeneira.gal\\\/\",\"name\":\"\",\"description\":\"Xornal galego de informaci\u00f3n xeral Publicaci\u00f3n mensual de novas de Galicia e en especial dos Concellos da sur da provincia de Pontevedra.\",\"publisher\":{\"@id\":\"https:\\\/\\\/www.anovapeneira.gal\\\/#organization\"},\"potentialAction\":[{\"@type\":\"SearchAction\",\"target\":{\"@type\":\"EntryPoint\",\"urlTemplate\":\"https:\\\/\\\/www.anovapeneira.gal\\\/?s={search_term_string}\"},\"query-input\":{\"@type\":\"PropertyValueSpecification\",\"valueRequired\":true,\"valueName\":\"search_term_string\"}}],\"inLanguage\":\"gl-ES\"},{\"@type\":\"Organization\",\"@id\":\"https:\\\/\\\/www.anovapeneira.gal\\\/#organization\",\"name\":\"A Nova Peneira\",\"url\":\"https:\\\/\\\/www.anovapeneira.gal\\\/\",\"logo\":{\"@type\":\"ImageObject\",\"inLanguage\":\"gl-ES\",\"@id\":\"https:\\\/\\\/www.anovapeneira.gal\\\/#\\\/schema\\\/logo\\\/image\\\/\",\"url\":\"http:\\\/\\\/www.anovapeneira.gal\\\/wp-content\\\/uploads\\\/2019\\\/06\\\/logo_a_nova_peneira_portal_web.png\",\"contentUrl\":\"http:\\\/\\\/www.anovapeneira.gal\\\/wp-content\\\/uploads\\\/2019\\\/06\\\/logo_a_nova_peneira_portal_web.png\",\"width\":300,\"height\":100,\"caption\":\"A Nova Peneira\"},\"image\":{\"@id\":\"https:\\\/\\\/www.anovapeneira.gal\\\/#\\\/schema\\\/logo\\\/image\\\/\"},\"sameAs\":[\"https:\\\/\\\/www.facebook.com\\\/anovapeneira\",\"https:\\\/\\\/x.com\\\/APeneira\"]},{\"@type\":\"Person\",\"@id\":\"https:\\\/\\\/www.anovapeneira.gal\\\/#\\\/schema\\\/person\\\/42f904d7cac80cf3f5a31494dd82a9b6\",\"name\":\"G. Figueiredo\",\"image\":{\"@type\":\"ImageObject\",\"inLanguage\":\"gl-ES\",\"@id\":\"https:\\\/\\\/secure.gravatar.com\\\/avatar\\\/2d970086688458e0398ef8b84f5cbb8cc1ec3ab115aeb8435135a9f556af97b3?s=96&d=mm&r=g\",\"url\":\"https:\\\/\\\/secure.gravatar.com\\\/avatar\\\/2d970086688458e0398ef8b84f5cbb8cc1ec3ab115aeb8435135a9f556af97b3?s=96&d=mm&r=g\",\"contentUrl\":\"https:\\\/\\\/secure.gravatar.com\\\/avatar\\\/2d970086688458e0398ef8b84f5cbb8cc1ec3ab115aeb8435135a9f556af97b3?s=96&d=mm&r=g\",\"caption\":\"G. Figueiredo\"},\"sameAs\":[\"http:\\\/\\\/www.anovapeneira.gal\\\/\"],\"url\":\"https:\\\/\\\/www.anovapeneira.gal\\\/index.php\\\/author\\\/g-figueiredo\\\/\"}]}<\/script>\n<!-- \/ Yoast SEO plugin. -->","yoast_head_json":{"title":"Paco Troiti\u00f1o, m\u00e9dico especialista en sa\u00fade p\u00fablica -","description":"Paco \u00e9 m\u00e9dico especialista en sa\u00fade p\u00fablica e un vello amigo desta casa. Falamos con el para que nos conte a s\u00faa opini\u00f3n profesional sobre a situaci\u00f3n actual da pandemia, e que perspectivas de evoluci\u00f3n futura podemos supor que ter\u00e1","robots":{"index":"index","follow":"follow","max-snippet":"max-snippet:-1","max-image-preview":"max-image-preview:large","max-video-preview":"max-video-preview:-1"},"canonical":"https:\/\/www.anovapeneira.gal\/index.php\/2022\/01\/25\/paco-troitino-medico-especialista-en-saude-publica\/","og_locale":"gl_ES","og_type":"article","og_title":"Paco Troiti\u00f1o, m\u00e9dico especialista en sa\u00fade p\u00fablica -","og_description":"Paco \u00e9 m\u00e9dico especialista en sa\u00fade p\u00fablica e un vello amigo desta casa. Falamos con el para que nos conte a s\u00faa opini\u00f3n profesional sobre a situaci\u00f3n actual da pandemia, e que perspectivas de evoluci\u00f3n futura podemos supor que ter\u00e1","og_url":"https:\/\/www.anovapeneira.gal\/index.php\/2022\/01\/25\/paco-troitino-medico-especialista-en-saude-publica\/","article_publisher":"https:\/\/www.facebook.com\/anovapeneira","article_published_time":"2022-01-25T09:00:44+00:00","og_image":[{"width":720,"height":432,"url":"https:\/\/www.anovapeneira.gal\/wp-content\/uploads\/2022\/01\/paco_troitino.jpg","type":"image\/jpeg"}],"author":"G. Figueiredo","twitter_card":"summary_large_image","twitter_creator":"@APeneira","twitter_site":"@APeneira","twitter_misc":{"Escrito por":"G. Figueiredo","Tempo de lectura":"9 minutos"},"schema":{"@context":"https:\/\/schema.org","@graph":[{"@type":"Article","@id":"https:\/\/www.anovapeneira.gal\/index.php\/2022\/01\/25\/paco-troitino-medico-especialista-en-saude-publica\/#article","isPartOf":{"@id":"https:\/\/www.anovapeneira.gal\/index.php\/2022\/01\/25\/paco-troitino-medico-especialista-en-saude-publica\/"},"author":{"name":"G. Figueiredo","@id":"https:\/\/www.anovapeneira.gal\/#\/schema\/person\/42f904d7cac80cf3f5a31494dd82a9b6"},"headline":"Paco Troiti\u00f1o, m\u00e9dico especialista en sa\u00fade p\u00fablica","datePublished":"2022-01-25T09:00:44+00:00","mainEntityOfPage":{"@id":"https:\/\/www.anovapeneira.gal\/index.php\/2022\/01\/25\/paco-troitino-medico-especialista-en-saude-publica\/"},"wordCount":1614,"commentCount":0,"publisher":{"@id":"https:\/\/www.anovapeneira.gal\/#organization"},"image":{"@id":"https:\/\/www.anovapeneira.gal\/index.php\/2022\/01\/25\/paco-troitino-medico-especialista-en-saude-publica\/#primaryimage"},"thumbnailUrl":"https:\/\/www.anovapeneira.gal\/wp-content\/uploads\/2022\/01\/paco_troitino.jpg","articleSection":["Entrevistas"],"inLanguage":"gl-ES","potentialAction":[{"@type":"CommentAction","name":"Comment","target":["https:\/\/www.anovapeneira.gal\/index.php\/2022\/01\/25\/paco-troitino-medico-especialista-en-saude-publica\/#respond"]}]},{"@type":"WebPage","@id":"https:\/\/www.anovapeneira.gal\/index.php\/2022\/01\/25\/paco-troitino-medico-especialista-en-saude-publica\/","url":"https:\/\/www.anovapeneira.gal\/index.php\/2022\/01\/25\/paco-troitino-medico-especialista-en-saude-publica\/","name":"Paco Troiti\u00f1o, m\u00e9dico especialista en sa\u00fade p\u00fablica -","isPartOf":{"@id":"https:\/\/www.anovapeneira.gal\/#website"},"primaryImageOfPage":{"@id":"https:\/\/www.anovapeneira.gal\/index.php\/2022\/01\/25\/paco-troitino-medico-especialista-en-saude-publica\/#primaryimage"},"image":{"@id":"https:\/\/www.anovapeneira.gal\/index.php\/2022\/01\/25\/paco-troitino-medico-especialista-en-saude-publica\/#primaryimage"},"thumbnailUrl":"https:\/\/www.anovapeneira.gal\/wp-content\/uploads\/2022\/01\/paco_troitino.jpg","datePublished":"2022-01-25T09:00:44+00:00","description":"Paco \u00e9 m\u00e9dico especialista en sa\u00fade p\u00fablica e un vello amigo desta casa. Falamos con el para que nos conte a s\u00faa opini\u00f3n profesional sobre a situaci\u00f3n actual da pandemia, e que perspectivas de evoluci\u00f3n futura podemos supor que ter\u00e1","breadcrumb":{"@id":"https:\/\/www.anovapeneira.gal\/index.php\/2022\/01\/25\/paco-troitino-medico-especialista-en-saude-publica\/#breadcrumb"},"inLanguage":"gl-ES","potentialAction":[{"@type":"ReadAction","target":["https:\/\/www.anovapeneira.gal\/index.php\/2022\/01\/25\/paco-troitino-medico-especialista-en-saude-publica\/"]}]},{"@type":"ImageObject","inLanguage":"gl-ES","@id":"https:\/\/www.anovapeneira.gal\/index.php\/2022\/01\/25\/paco-troitino-medico-especialista-en-saude-publica\/#primaryimage","url":"https:\/\/www.anovapeneira.gal\/wp-content\/uploads\/2022\/01\/paco_troitino.jpg","contentUrl":"https:\/\/www.anovapeneira.gal\/wp-content\/uploads\/2022\/01\/paco_troitino.jpg","width":720,"height":432,"caption":"Paco Troiti\u00f1o, m\u00e9dico especialista en sa\u00fade p\u00fablica"},{"@type":"BreadcrumbList","@id":"https:\/\/www.anovapeneira.gal\/index.php\/2022\/01\/25\/paco-troitino-medico-especialista-en-saude-publica\/#breadcrumb","itemListElement":[{"@type":"ListItem","position":1,"name":"Portada","item":"https:\/\/www.anovapeneira.gal\/"},{"@type":"ListItem","position":2,"name":"Paco Troiti\u00f1o, m\u00e9dico especialista en sa\u00fade p\u00fablica"}]},{"@type":"WebSite","@id":"https:\/\/www.anovapeneira.gal\/#website","url":"https:\/\/www.anovapeneira.gal\/","name":"","description":"Xornal galego de informaci\u00f3n xeral Publicaci\u00f3n mensual de novas de Galicia e en especial dos Concellos da sur da provincia de Pontevedra.","publisher":{"@id":"https:\/\/www.anovapeneira.gal\/#organization"},"potentialAction":[{"@type":"SearchAction","target":{"@type":"EntryPoint","urlTemplate":"https:\/\/www.anovapeneira.gal\/?s={search_term_string}"},"query-input":{"@type":"PropertyValueSpecification","valueRequired":true,"valueName":"search_term_string"}}],"inLanguage":"gl-ES"},{"@type":"Organization","@id":"https:\/\/www.anovapeneira.gal\/#organization","name":"A Nova Peneira","url":"https:\/\/www.anovapeneira.gal\/","logo":{"@type":"ImageObject","inLanguage":"gl-ES","@id":"https:\/\/www.anovapeneira.gal\/#\/schema\/logo\/image\/","url":"http:\/\/www.anovapeneira.gal\/wp-content\/uploads\/2019\/06\/logo_a_nova_peneira_portal_web.png","contentUrl":"http:\/\/www.anovapeneira.gal\/wp-content\/uploads\/2019\/06\/logo_a_nova_peneira_portal_web.png","width":300,"height":100,"caption":"A Nova Peneira"},"image":{"@id":"https:\/\/www.anovapeneira.gal\/#\/schema\/logo\/image\/"},"sameAs":["https:\/\/www.facebook.com\/anovapeneira","https:\/\/x.com\/APeneira"]},{"@type":"Person","@id":"https:\/\/www.anovapeneira.gal\/#\/schema\/person\/42f904d7cac80cf3f5a31494dd82a9b6","name":"G. Figueiredo","image":{"@type":"ImageObject","inLanguage":"gl-ES","@id":"https:\/\/secure.gravatar.com\/avatar\/2d970086688458e0398ef8b84f5cbb8cc1ec3ab115aeb8435135a9f556af97b3?s=96&d=mm&r=g","url":"https:\/\/secure.gravatar.com\/avatar\/2d970086688458e0398ef8b84f5cbb8cc1ec3ab115aeb8435135a9f556af97b3?s=96&d=mm&r=g","contentUrl":"https:\/\/secure.gravatar.com\/avatar\/2d970086688458e0398ef8b84f5cbb8cc1ec3ab115aeb8435135a9f556af97b3?s=96&d=mm&r=g","caption":"G. Figueiredo"},"sameAs":["http:\/\/www.anovapeneira.gal\/"],"url":"https:\/\/www.anovapeneira.gal\/index.php\/author\/g-figueiredo\/"}]}},"jetpack_featured_media_url":"https:\/\/www.anovapeneira.gal\/wp-content\/uploads\/2022\/01\/paco_troitino.jpg","_links":{"self":[{"href":"https:\/\/www.anovapeneira.gal\/index.php\/wp-json\/wp\/v2\/posts\/6819","targetHints":{"allow":["GET"]}}],"collection":[{"href":"https:\/\/www.anovapeneira.gal\/index.php\/wp-json\/wp\/v2\/posts"}],"about":[{"href":"https:\/\/www.anovapeneira.gal\/index.php\/wp-json\/wp\/v2\/types\/post"}],"author":[{"embeddable":true,"href":"https:\/\/www.anovapeneira.gal\/index.php\/wp-json\/wp\/v2\/users\/17"}],"replies":[{"embeddable":true,"href":"https:\/\/www.anovapeneira.gal\/index.php\/wp-json\/wp\/v2\/comments?post=6819"}],"version-history":[{"count":1,"href":"https:\/\/www.anovapeneira.gal\/index.php\/wp-json\/wp\/v2\/posts\/6819\/revisions"}],"predecessor-version":[{"id":6821,"href":"https:\/\/www.anovapeneira.gal\/index.php\/wp-json\/wp\/v2\/posts\/6819\/revisions\/6821"}],"wp:featuredmedia":[{"embeddable":true,"href":"https:\/\/www.anovapeneira.gal\/index.php\/wp-json\/wp\/v2\/media\/6820"}],"wp:attachment":[{"href":"https:\/\/www.anovapeneira.gal\/index.php\/wp-json\/wp\/v2\/media?parent=6819"}],"wp:term":[{"taxonomy":"category","embeddable":true,"href":"https:\/\/www.anovapeneira.gal\/index.php\/wp-json\/wp\/v2\/categories?post=6819"},{"taxonomy":"post_tag","embeddable":true,"href":"https:\/\/www.anovapeneira.gal\/index.php\/wp-json\/wp\/v2\/tags?post=6819"}],"curies":[{"name":"wp","href":"https:\/\/api.w.org\/{rel}","templated":true}]}}