{"id":6822,"date":"2022-01-25T14:00:38","date_gmt":"2022-01-25T13:00:38","guid":{"rendered":"https:\/\/www.anovapeneira.gal\/?p=6822"},"modified":"2022-01-25T16:09:52","modified_gmt":"2022-01-25T15:09:52","slug":"unha-treboada-de-paixon-polo-futbol-en-gondomar","status":"publish","type":"post","link":"https:\/\/www.anovapeneira.gal\/index.php\/2022\/01\/25\/unha-treboada-de-paixon-polo-futbol-en-gondomar\/","title":{"rendered":"Unha treboada de paix\u00f3n polo f\u00fatbol en Gondomar"},"content":{"rendered":"\n<h2 class=\"wp-block-heading\"><strong>L\u00f3strego CF<\/strong><\/h2>\n\n\n\n<p><strong>A parroquia de Cha\u00edn e o fogar dun equipo de f\u00fatbol feminino de recente creaci\u00f3n; o L\u00f3strego. Nun contexto terrible, como o da actual pandemia sanitaria, un feixe de rapazas e rapaces valentes e cun profundo compromiso co deporte e coa igualdade deciden fundar este equipo no medio dun oc\u00e9ano de dificultades. E hoxe, con menos dun ano e medio de vida, 80 nenas da comarca, grazas ao seu esforzo e sacrificio, te\u00f1en a oportunidade de facer realidade os seus sonos e practicar o seu deporte preferido. N\u00f3s falamos con 4 dos seus responsables, dous mozos e d\u00faas mozas: Tamara, Ana, Gabi e Sinuh\u00e9.<\/strong><\/p>\n\n\n\n<p>\u201c<strong>O f\u00fatbol \u00e9 un deporte moi machista\u201d<\/strong><\/p>\n\n\n\n<p><strong>Cont\u00e1deme a historia do equipo, cando nace o l\u00f3strego?<\/strong><\/p>\n\n\n\n<blockquote class=\"wp-block-quote is-layout-flow wp-block-quote-is-layout-flow\"><p>Nace en xullo do 2020, en plena pandemia. A gran maior\u00eda das xogadoras v\u00ed\u00f1amos do Valadares competindo en categor\u00eda nacional. Decidimos crear este proxecto e montar un club integramente feminino porque cr\u00edamos que apostar polo deporte feminino era o correcto<\/p><\/blockquote>\n\n\n\n<p><strong>Por que motivo vos establecedes aqu\u00ed en Cha\u00edn?<\/strong><\/p>\n\n\n\n<blockquote class=\"wp-block-quote is-layout-flow wp-block-quote-is-layout-flow\"><p>A nivel instalaci\u00f3ns era o campo que mellor nos vi\u00f1a por proximidade da maior\u00eda das xogadoras e Vigo era dif\u00edcil pois est\u00e1n ocupados a maior\u00eda dos campos.<\/p><\/blockquote>\n\n\n\n<p><strong>Foron duros os inicios?<\/strong><\/p>\n\n\n\n<blockquote class=\"wp-block-quote is-layout-flow wp-block-quote-is-layout-flow\"><p>Si, bastante. Houbo que crear todo de cero, desde elixir a cor das medias ata o m\u00e1is importante de todo o papelame. Ademais da incerteza de nacer na pandemia e non saber si \u00edamos poder competir, desde outubro do 2020 que se \u00eda comezar a competir ata xaneiro do 2021, foron meses complicados.<\/p><\/blockquote>\n\n\n\n<p><strong>En todo ese tempo o deporte afeccionado non competiu, podiades adestrar polo menos?<\/strong><\/p>\n\n\n\n<blockquote class=\"wp-block-quote is-layout-flow wp-block-quote-is-layout-flow\"><p>Intermitentemente, dependendo dos peches perimetrais e o momento sanitario producido polos brotes. O primeiro partido que puidemos xogar foi o 17 de xaneiro do 2021.<\/p><\/blockquote>\n\n\n\n<p><strong>E contra quen?<\/strong><\/p>\n\n\n\n<blockquote class=\"wp-block-quote is-layout-flow wp-block-quote-is-layout-flow\"><p>Contra o Rosal\u00eda de Ourense. Xogamos aqu\u00ed na casa.<\/p><\/blockquote>\n\n\n\n<p><strong>Lembr\u00e1devos do resultado?<\/strong><\/p>\n\n\n\n<blockquote class=\"wp-block-quote is-layout-flow wp-block-quote-is-layout-flow\"><p>Si, ga\u00f1amos 3-0.<\/p><\/blockquote>\n\n\n\n<p><strong>Cantas nenas compo\u00f1en o club actualmente?<\/strong><\/p>\n\n\n\n<blockquote class=\"wp-block-quote is-layout-flow wp-block-quote-is-layout-flow\"><p>Cerca dunhas 80 nenas.<\/p><\/blockquote>\n\n\n\n<p><strong>De que abano de idades?<\/strong><\/p>\n\n\n\n<blockquote class=\"wp-block-quote is-layout-flow wp-block-quote-is-layout-flow\"><p>Desde os 6 anos das m\u00e1is pequenas ata os 30 do primeiro equipo.<\/p><\/blockquote>\n\n\n\n<p><strong>En cantos equipos?<\/strong><\/p>\n\n\n\n<blockquote class=\"wp-block-quote is-layout-flow wp-block-quote-is-layout-flow\"><p>En Cinco. Promesas, que son as m\u00e1is pequenas; infant\u00eds, cadetes, s\u00e9nior filial e o primeiro equipo.<\/p><\/blockquote>\n\n\n\n<p><strong>En que competici\u00f3n estades?<\/strong><\/p>\n\n\n\n<blockquote class=\"wp-block-quote is-layout-flow wp-block-quote-is-layout-flow\"><p>En Liga galega. Tanto as pequenas como o resto. O filial est\u00e1 en segunda galega e as s\u00e9nior en primeira.<\/p><\/blockquote>\n\n\n\n<p><strong>E como son os adestramentos, cantos d\u00edas adestrades?<\/strong><\/p>\n\n\n\n<blockquote class=\"wp-block-quote is-layout-flow wp-block-quote-is-layout-flow\"><p>As maiores tres d\u00edas \u00e1 semana e competimos o domingo, as demais categor\u00edas adestran dous d\u00edas e compiten entre s\u00e1bado e domingo.<\/p><\/blockquote>\n\n\n\n<p><strong>Un tema complicado ten que ser o do financiamento, como tedes estruturado esta cuesti\u00f3n e cales son as vosas fontes ?.<\/strong><\/p>\n\n\n\n<blockquote class=\"wp-block-quote is-layout-flow wp-block-quote-is-layout-flow\"><p>A verdade pensabamos que \u00eda ser m\u00e1is complicado e a cousa foi bastante ben. O ano pasado ti\u00f1amos un presuposto de 10.000\u20ac e este ano andamos sobre os 25.000. Temos moito apoio institucional e por parte dos familiares das xogadoras e das empresas privadas como colaboradoras tam\u00e9n.<\/p><\/blockquote>\n\n\n\n<p><strong>Ent\u00f3n tedes tres v\u00edas de financiamento, o apoio institucional, as empresas privadas e o apoio de nais e pais das xogadoras. E non hai que facerse socio para ver os partidos?<\/strong><\/p>\n\n\n\n<blockquote class=\"wp-block-quote is-layout-flow wp-block-quote-is-layout-flow\"><p>Non, de momento a entrada \u00e9 de balde, a afecci\u00f3n ap\u00f3ianos mercando rifas euro a euro. Para o ano que ven estudiaremos a opci\u00f3n de entrar como socio se ascendemos \u00e1 categor\u00eda nacional.<\/p><\/blockquote>\n\n\n\n<p><strong>Nacional galega?<\/strong><\/p>\n\n\n\n<blockquote class=\"wp-block-quote is-layout-flow wp-block-quote-is-layout-flow\"><p>Aspiramos a ascender \u00e1 categor\u00eda estatal espa\u00f1ola, e a\u00ed si que os desprazamentos son m\u00e1is lonxe.<\/p><\/blockquote>\n\n\n\n<p><strong>E do apoio institucional de quen obtede subvenci\u00f3ns?<\/strong><\/p>\n\n\n\n<blockquote class=\"wp-block-quote is-layout-flow wp-block-quote-is-layout-flow\"><p>Da Xunta de Galicia, da Deputaci\u00f3n de Pontevedra e do Concello de Gondomar. Todos te\u00f1en unhas li\u00f1as de subvenci\u00f3ns aos clubs deportivos.<\/p><\/blockquote>\n\n\n\n<p><strong>A cantidade que vos dan as administraci\u00f3ns \u00e9 a suficiente?<\/strong><\/p>\n\n\n\n<blockquote class=\"wp-block-quote is-layout-flow wp-block-quote-is-layout-flow\"><p>Non nos podemos queixar, sobre todo co concello porque somos un club de recente creaci\u00f3n e d\u00e9ronnos a subvenci\u00f3n sen estar competindo a\u00ednda. E non ti\u00f1an porqu\u00e9 facelo. Tam\u00e9n \u00e9 certo que o club est\u00e1 crecendo moito e se ascendemos para a vindeira tempada \u00e1 nacional si que imos necesitar moita axuda.<\/p><\/blockquote>\n\n\n\n<p><strong>Cando falas de ascender supo\u00f1o que che refires ao equipo s\u00e9nior que compite en primeira galega non?<\/strong><\/p>\n\n\n\n<blockquote class=\"wp-block-quote is-layout-flow wp-block-quote-is-layout-flow\"><p>Si, exactamente.<\/p><\/blockquote>\n\n\n\n<p><strong>E como ides este ano?<\/strong><\/p>\n\n\n\n<blockquote class=\"wp-block-quote is-layout-flow wp-block-quote-is-layout-flow\"><p>De momento non perdemos ning\u00fan partido desde o arranque da competici\u00f3n e o obxectivo \u00e9 claramente o ascenso.<\/p><\/blockquote>\n\n\n\n<p><strong>Competindo en liga Galega todos os equipos os gastos en viaxes imaxino que son grandes, non?<\/strong><\/p>\n\n\n\n<blockquote class=\"wp-block-quote is-layout-flow wp-block-quote-is-layout-flow\"><p>Si, de feito \u00e9 aqu\u00ed onde se nos vai todo o presuposto. O ano pasado con poucos meses de competici\u00f3n investimos en desprazamentos m\u00e1is de 8.000\u20ac en viaxes. Se ascendemos esa cantidade ser\u00e1 moit\u00edsimo maior.<\/p><\/blockquote>\n\n\n\n<p><strong>Os adestradores e adestradoras cobrades?<\/strong><\/p>\n\n\n\n<blockquote class=\"wp-block-quote is-layout-flow wp-block-quote-is-layout-flow\"><p>N\u00f3s de momento non cobramos nada<\/p><\/blockquote>\n\n\n\n<p><strong>Ent\u00f3n en cinco equipos sodes cinco adestradores e adestradoras que non cobrades?<\/strong><\/p>\n\n\n\n<blockquote class=\"wp-block-quote is-layout-flow wp-block-quote-is-layout-flow\"><p>Non, somos m\u00e1is. As nenas pequenas requiren m\u00e1is esforzo e moitos ollos pendentes delas e logo est\u00e1n os adestradores espec\u00edficos das porteiras, polo de agora todos e todas facemos un traballo altru\u00edsta.<\/p><\/blockquote>\n\n\n\n<p><strong>Os partidos de f\u00fatbol feminino v\u00edvense con tanta paix\u00f3n como os masculinos?<\/strong><\/p>\n\n\n\n<blockquote class=\"wp-block-quote is-layout-flow wp-block-quote-is-layout-flow\"><p>As veces con m\u00e1is, depende do partido e da rivalidade.<\/p><\/blockquote>\n\n\n\n<p><strong>As veces asisto a alg\u00fan partido para facer cr\u00f3nicas no f\u00fatbol base masculino e a tensi\u00f3n que hai nas gradas entre nais e pais era impresionante. Existe nos partidos de f\u00fatbol feminino?<\/strong><\/p>\n\n\n\n<blockquote class=\"wp-block-quote is-layout-flow wp-block-quote-is-layout-flow\"><p>Quizais a base e moito menos t\u00f3xica. Creu que o f\u00fatbol \u00e9 un dos deportes que a nivel grada e moi t\u00f3xico e nas categor\u00edas de base femininas de momento non \u00e9 as\u00ed, agora na categor\u00eda feminina de s\u00e9nior e exactamente igual ca na categor\u00eda masculina.<\/p><\/blockquote>\n\n\n\n<p><strong>O f\u00fatbol \u00e9 un deporte machista?<\/strong><\/p>\n\n\n\n<blockquote class=\"wp-block-quote is-layout-flow wp-block-quote-is-layout-flow\"><p>Si, moi machista como todos os deportes.<\/p><\/blockquote>\n\n\n\n<p><strong>En que tipo de comportamento p\u00f3dese percibir isto?<\/strong><\/p>\n\n\n\n<blockquote class=\"wp-block-quote is-layout-flow wp-block-quote-is-layout-flow\"><p>O nacemento do L\u00f3strego ven por comportamentos machistas entre outras cousas, por exemplo.<\/p><\/blockquote>\n\n\n\n<p><strong>E as nenas como viven o seu d\u00eda a d\u00eda aqu\u00ed nun equipo feminino?<\/strong><\/p>\n\n\n\n<blockquote class=\"wp-block-quote is-layout-flow wp-block-quote-is-layout-flow\"><p>Al\u00e9n do deportivo tratamos de aportar outros valores como o respecto, que non haxan diferencias por ingresos, a solidariedade, e combater calquera ambiente machista no deporte. Tam\u00e9n que temos que aproveitar o pulo que est\u00e1 dando a Federaci\u00f3n coa creaci\u00f3n das ligas femininas que favorece que as rapazas se atrevan a xogar ao f\u00fatbol. Antes non se atrev\u00edan tanto porque xogaban en categor\u00edas base en grupos mixtos e cos rapaces cust\u00e1balles dar o paso.<\/p><\/blockquote>\n\n\n\n<p><strong>E entre estas 80 nenas, tedes algunha especialmente talentosa?<\/strong><\/p>\n\n\n\n<blockquote class=\"wp-block-quote is-layout-flow wp-block-quote-is-layout-flow\"><p>Hai xogadoras de moito nivel, mesmo as pequenas que aprenden e absorben moi r\u00e1pido ata as maiores. Por isto \u00e9 importante que haxa estas ligas femininas para que as nenas accedan a este deporte dunha maneira m\u00e1is temper\u00e1 e poidan chegar \u00e1 elite do f\u00fatbol.<\/p><\/blockquote>\n\n\n\n<p><strong>Para ser unha futbolista de talento hai que nacer, ou p\u00f3dese facer?<\/strong><\/p>\n\n\n\n<blockquote class=\"wp-block-quote is-layout-flow wp-block-quote-is-layout-flow\"><p>Ambas caracter\u00edsticas en conxunto, pero o principal \u00e9 o traballo e o esforzo. Podes ser moi boa, pero se non te esforzas podes quedar polo cami\u00f1o e non chegar a nada, sen embargo, adestrando e sendo constante no traballo podes chegar lonxe a\u00ednda que non te\u00f1as moito talento.<\/p><\/blockquote>\n\n\n\n<p><strong>Moitas grazas e moita sorte na vosa viaxe.<\/strong><\/p>\n\n\n\n<blockquote class=\"wp-block-quote is-layout-flow wp-block-quote-is-layout-flow\"><p>Moitas grazas a v\u00f3s.<\/p><\/blockquote>\n","protected":false},"excerpt":{"rendered":"<div class=\"mh-excerpt\"><p>A parroquia de Cha\u00edn e o fogar dun equipo de f\u00fatbol feminino de recente creaci\u00f3n; o L\u00f3strego. Nun contexto terrible, como o da actual pandemia sanitaria, un feixe de rapazas e rapaces valentes e cun profundo compromiso co deporte e coa igualdade deciden fundar este equipo no medio dun oc\u00e9ano de dificultades <a class=\"mh-excerpt-more\" href=\"https:\/\/www.anovapeneira.gal\/index.php\/2022\/01\/25\/unha-treboada-de-paixon-polo-futbol-en-gondomar\/\" title=\"Unha treboada de paix\u00f3n polo f\u00fatbol en Gondomar\">[&#8230;]<\/a><\/p>\n<\/div>","protected":false},"author":3,"featured_media":6824,"comment_status":"open","ping_status":"open","sticky":false,"template":"","format":"standard","meta":{"_exactmetrics_skip_tracking":false,"_exactmetrics_sitenote_active":false,"_exactmetrics_sitenote_note":"","_exactmetrics_sitenote_category":0,"footnotes":""},"categories":[271],"tags":[149],"class_list":{"0":"post-6822","1":"post","2":"type-post","3":"status-publish","4":"format-standard","5":"has-post-thumbnail","7":"category-val-minor-entrevistas","8":"tag-concello-de-gondomar"},"yoast_head":"<!-- This site is optimized with the Yoast SEO plugin v27.4 - https:\/\/yoast.com\/product\/yoast-seo-wordpress\/ -->\n<title>Unha treboada de paix\u00f3n polo f\u00fatbol en Gondomar -<\/title>\n<meta name=\"description\" content=\"A parroquia de Cha\u00edn e o fogar dun equipo de f\u00fatbol feminino de recente creaci\u00f3n; o L\u00f3strego. Nun contexto terrible, como o da actual pandemia sanitaria, un feixe de rapazas e rapaces valentes e cun profundo compromiso co deporte e coa igualdade deciden fundar este equipo no medio dun oc\u00e9ano de dificultades\" \/>\n<meta name=\"robots\" content=\"index, follow, max-snippet:-1, max-image-preview:large, max-video-preview:-1\" \/>\n<link rel=\"canonical\" href=\"https:\/\/www.anovapeneira.gal\/index.php\/2022\/01\/25\/unha-treboada-de-paixon-polo-futbol-en-gondomar\/\" \/>\n<meta property=\"og:locale\" content=\"gl_ES\" \/>\n<meta property=\"og:type\" content=\"article\" \/>\n<meta property=\"og:title\" content=\"Unha treboada de paix\u00f3n polo f\u00fatbol en Gondomar -\" \/>\n<meta property=\"og:description\" content=\"A parroquia de Cha\u00edn e o fogar dun equipo de f\u00fatbol feminino de recente creaci\u00f3n; o L\u00f3strego. Nun contexto terrible, como o da actual pandemia sanitaria, un feixe de rapazas e rapaces valentes e cun profundo compromiso co deporte e coa igualdade deciden fundar este equipo no medio dun oc\u00e9ano de dificultades\" \/>\n<meta property=\"og:url\" content=\"https:\/\/www.anovapeneira.gal\/index.php\/2022\/01\/25\/unha-treboada-de-paixon-polo-futbol-en-gondomar\/\" \/>\n<meta property=\"article:publisher\" content=\"https:\/\/www.facebook.com\/anovapeneira\" \/>\n<meta property=\"article:published_time\" content=\"2022-01-25T13:00:38+00:00\" \/>\n<meta property=\"article:modified_time\" content=\"2022-01-25T15:09:52+00:00\" \/>\n<meta property=\"og:image\" content=\"https:\/\/www.anovapeneira.gal\/wp-content\/uploads\/2022\/01\/Lostrego_CF.jpg\" \/>\n\t<meta property=\"og:image:width\" content=\"720\" \/>\n\t<meta property=\"og:image:height\" content=\"432\" \/>\n\t<meta property=\"og:image:type\" content=\"image\/jpeg\" \/>\n<meta name=\"author\" content=\"Redacci\u00f3n A Nova Peneira\" \/>\n<meta name=\"twitter:card\" content=\"summary_large_image\" \/>\n<meta name=\"twitter:creator\" content=\"@APeneira\" \/>\n<meta name=\"twitter:site\" content=\"@APeneira\" \/>\n<meta name=\"twitter:label1\" content=\"Escrito por\" \/>\n\t<meta name=\"twitter:data1\" content=\"Redacci\u00f3n A Nova Peneira\" \/>\n\t<meta name=\"twitter:label2\" content=\"Tempo de lectura\" \/>\n\t<meta name=\"twitter:data2\" content=\"7 minutos\" \/>\n<script type=\"application\/ld+json\" class=\"yoast-schema-graph\">{\"@context\":\"https:\\\/\\\/schema.org\",\"@graph\":[{\"@type\":\"Article\",\"@id\":\"https:\\\/\\\/www.anovapeneira.gal\\\/index.php\\\/2022\\\/01\\\/25\\\/unha-treboada-de-paixon-polo-futbol-en-gondomar\\\/#article\",\"isPartOf\":{\"@id\":\"https:\\\/\\\/www.anovapeneira.gal\\\/index.php\\\/2022\\\/01\\\/25\\\/unha-treboada-de-paixon-polo-futbol-en-gondomar\\\/\"},\"author\":{\"name\":\"Redacci\u00f3n A Nova Peneira\",\"@id\":\"https:\\\/\\\/www.anovapeneira.gal\\\/#\\\/schema\\\/person\\\/b93e3f8932e3f8da96334607eb6ac6aa\"},\"headline\":\"Unha treboada de paix\u00f3n polo f\u00fatbol en Gondomar\",\"datePublished\":\"2022-01-25T13:00:38+00:00\",\"dateModified\":\"2022-01-25T15:09:52+00:00\",\"mainEntityOfPage\":{\"@id\":\"https:\\\/\\\/www.anovapeneira.gal\\\/index.php\\\/2022\\\/01\\\/25\\\/unha-treboada-de-paixon-polo-futbol-en-gondomar\\\/\"},\"wordCount\":1244,\"commentCount\":0,\"publisher\":{\"@id\":\"https:\\\/\\\/www.anovapeneira.gal\\\/#organization\"},\"image\":{\"@id\":\"https:\\\/\\\/www.anovapeneira.gal\\\/index.php\\\/2022\\\/01\\\/25\\\/unha-treboada-de-paixon-polo-futbol-en-gondomar\\\/#primaryimage\"},\"thumbnailUrl\":\"https:\\\/\\\/www.anovapeneira.gal\\\/wp-content\\\/uploads\\\/2022\\\/01\\\/Lostrego_CF.jpg\",\"keywords\":[\"Concello de Gondomar\"],\"articleSection\":[\"Val Mi\u00f1or\"],\"inLanguage\":\"gl-ES\",\"potentialAction\":[{\"@type\":\"CommentAction\",\"name\":\"Comment\",\"target\":[\"https:\\\/\\\/www.anovapeneira.gal\\\/index.php\\\/2022\\\/01\\\/25\\\/unha-treboada-de-paixon-polo-futbol-en-gondomar\\\/#respond\"]}]},{\"@type\":\"WebPage\",\"@id\":\"https:\\\/\\\/www.anovapeneira.gal\\\/index.php\\\/2022\\\/01\\\/25\\\/unha-treboada-de-paixon-polo-futbol-en-gondomar\\\/\",\"url\":\"https:\\\/\\\/www.anovapeneira.gal\\\/index.php\\\/2022\\\/01\\\/25\\\/unha-treboada-de-paixon-polo-futbol-en-gondomar\\\/\",\"name\":\"Unha treboada de paix\u00f3n polo f\u00fatbol en Gondomar -\",\"isPartOf\":{\"@id\":\"https:\\\/\\\/www.anovapeneira.gal\\\/#website\"},\"primaryImageOfPage\":{\"@id\":\"https:\\\/\\\/www.anovapeneira.gal\\\/index.php\\\/2022\\\/01\\\/25\\\/unha-treboada-de-paixon-polo-futbol-en-gondomar\\\/#primaryimage\"},\"image\":{\"@id\":\"https:\\\/\\\/www.anovapeneira.gal\\\/index.php\\\/2022\\\/01\\\/25\\\/unha-treboada-de-paixon-polo-futbol-en-gondomar\\\/#primaryimage\"},\"thumbnailUrl\":\"https:\\\/\\\/www.anovapeneira.gal\\\/wp-content\\\/uploads\\\/2022\\\/01\\\/Lostrego_CF.jpg\",\"datePublished\":\"2022-01-25T13:00:38+00:00\",\"dateModified\":\"2022-01-25T15:09:52+00:00\",\"description\":\"A parroquia de Cha\u00edn e o fogar dun equipo de f\u00fatbol feminino de recente creaci\u00f3n; o L\u00f3strego. Nun contexto terrible, como o da actual pandemia sanitaria, un feixe de rapazas e rapaces valentes e cun profundo compromiso co deporte e coa igualdade deciden fundar este equipo no medio dun oc\u00e9ano de dificultades\",\"breadcrumb\":{\"@id\":\"https:\\\/\\\/www.anovapeneira.gal\\\/index.php\\\/2022\\\/01\\\/25\\\/unha-treboada-de-paixon-polo-futbol-en-gondomar\\\/#breadcrumb\"},\"inLanguage\":\"gl-ES\",\"potentialAction\":[{\"@type\":\"ReadAction\",\"target\":[\"https:\\\/\\\/www.anovapeneira.gal\\\/index.php\\\/2022\\\/01\\\/25\\\/unha-treboada-de-paixon-polo-futbol-en-gondomar\\\/\"]}]},{\"@type\":\"ImageObject\",\"inLanguage\":\"gl-ES\",\"@id\":\"https:\\\/\\\/www.anovapeneira.gal\\\/index.php\\\/2022\\\/01\\\/25\\\/unha-treboada-de-paixon-polo-futbol-en-gondomar\\\/#primaryimage\",\"url\":\"https:\\\/\\\/www.anovapeneira.gal\\\/wp-content\\\/uploads\\\/2022\\\/01\\\/Lostrego_CF.jpg\",\"contentUrl\":\"https:\\\/\\\/www.anovapeneira.gal\\\/wp-content\\\/uploads\\\/2022\\\/01\\\/Lostrego_CF.jpg\",\"width\":720,\"height\":432,\"caption\":\"L\u00f3strego CF\"},{\"@type\":\"BreadcrumbList\",\"@id\":\"https:\\\/\\\/www.anovapeneira.gal\\\/index.php\\\/2022\\\/01\\\/25\\\/unha-treboada-de-paixon-polo-futbol-en-gondomar\\\/#breadcrumb\",\"itemListElement\":[{\"@type\":\"ListItem\",\"position\":1,\"name\":\"Portada\",\"item\":\"https:\\\/\\\/www.anovapeneira.gal\\\/\"},{\"@type\":\"ListItem\",\"position\":2,\"name\":\"Unha treboada de paix\u00f3n polo f\u00fatbol en Gondomar\"}]},{\"@type\":\"WebSite\",\"@id\":\"https:\\\/\\\/www.anovapeneira.gal\\\/#website\",\"url\":\"https:\\\/\\\/www.anovapeneira.gal\\\/\",\"name\":\"\",\"description\":\"Xornal galego de informaci\u00f3n xeral Publicaci\u00f3n mensual de novas de Galicia e en especial dos Concellos da sur da provincia de Pontevedra.\",\"publisher\":{\"@id\":\"https:\\\/\\\/www.anovapeneira.gal\\\/#organization\"},\"potentialAction\":[{\"@type\":\"SearchAction\",\"target\":{\"@type\":\"EntryPoint\",\"urlTemplate\":\"https:\\\/\\\/www.anovapeneira.gal\\\/?s={search_term_string}\"},\"query-input\":{\"@type\":\"PropertyValueSpecification\",\"valueRequired\":true,\"valueName\":\"search_term_string\"}}],\"inLanguage\":\"gl-ES\"},{\"@type\":\"Organization\",\"@id\":\"https:\\\/\\\/www.anovapeneira.gal\\\/#organization\",\"name\":\"A Nova Peneira\",\"url\":\"https:\\\/\\\/www.anovapeneira.gal\\\/\",\"logo\":{\"@type\":\"ImageObject\",\"inLanguage\":\"gl-ES\",\"@id\":\"https:\\\/\\\/www.anovapeneira.gal\\\/#\\\/schema\\\/logo\\\/image\\\/\",\"url\":\"http:\\\/\\\/www.anovapeneira.gal\\\/wp-content\\\/uploads\\\/2019\\\/06\\\/logo_a_nova_peneira_portal_web.png\",\"contentUrl\":\"http:\\\/\\\/www.anovapeneira.gal\\\/wp-content\\\/uploads\\\/2019\\\/06\\\/logo_a_nova_peneira_portal_web.png\",\"width\":300,\"height\":100,\"caption\":\"A Nova Peneira\"},\"image\":{\"@id\":\"https:\\\/\\\/www.anovapeneira.gal\\\/#\\\/schema\\\/logo\\\/image\\\/\"},\"sameAs\":[\"https:\\\/\\\/www.facebook.com\\\/anovapeneira\",\"https:\\\/\\\/x.com\\\/APeneira\"]},{\"@type\":\"Person\",\"@id\":\"https:\\\/\\\/www.anovapeneira.gal\\\/#\\\/schema\\\/person\\\/b93e3f8932e3f8da96334607eb6ac6aa\",\"name\":\"Redacci\u00f3n A Nova Peneira\",\"image\":{\"@type\":\"ImageObject\",\"inLanguage\":\"gl-ES\",\"@id\":\"https:\\\/\\\/secure.gravatar.com\\\/avatar\\\/c052a2551a06e23fac63626232eaa90abd78dbcf1700fc46a2b2c89fd27b735f?s=96&d=mm&r=g\",\"url\":\"https:\\\/\\\/secure.gravatar.com\\\/avatar\\\/c052a2551a06e23fac63626232eaa90abd78dbcf1700fc46a2b2c89fd27b735f?s=96&d=mm&r=g\",\"contentUrl\":\"https:\\\/\\\/secure.gravatar.com\\\/avatar\\\/c052a2551a06e23fac63626232eaa90abd78dbcf1700fc46a2b2c89fd27b735f?s=96&d=mm&r=g\",\"caption\":\"Redacci\u00f3n A Nova Peneira\"},\"sameAs\":[\"http:\\\/\\\/www.anovapeneira.gal\\\/\"],\"url\":\"https:\\\/\\\/www.anovapeneira.gal\\\/index.php\\\/author\\\/redactor\\\/\"}]}<\/script>\n<!-- \/ Yoast SEO plugin. -->","yoast_head_json":{"title":"Unha treboada de paix\u00f3n polo f\u00fatbol en Gondomar -","description":"A parroquia de Cha\u00edn e o fogar dun equipo de f\u00fatbol feminino de recente creaci\u00f3n; o L\u00f3strego. Nun contexto terrible, como o da actual pandemia sanitaria, un feixe de rapazas e rapaces valentes e cun profundo compromiso co deporte e coa igualdade deciden fundar este equipo no medio dun oc\u00e9ano de dificultades","robots":{"index":"index","follow":"follow","max-snippet":"max-snippet:-1","max-image-preview":"max-image-preview:large","max-video-preview":"max-video-preview:-1"},"canonical":"https:\/\/www.anovapeneira.gal\/index.php\/2022\/01\/25\/unha-treboada-de-paixon-polo-futbol-en-gondomar\/","og_locale":"gl_ES","og_type":"article","og_title":"Unha treboada de paix\u00f3n polo f\u00fatbol en Gondomar -","og_description":"A parroquia de Cha\u00edn e o fogar dun equipo de f\u00fatbol feminino de recente creaci\u00f3n; o L\u00f3strego. Nun contexto terrible, como o da actual pandemia sanitaria, un feixe de rapazas e rapaces valentes e cun profundo compromiso co deporte e coa igualdade deciden fundar este equipo no medio dun oc\u00e9ano de dificultades","og_url":"https:\/\/www.anovapeneira.gal\/index.php\/2022\/01\/25\/unha-treboada-de-paixon-polo-futbol-en-gondomar\/","article_publisher":"https:\/\/www.facebook.com\/anovapeneira","article_published_time":"2022-01-25T13:00:38+00:00","article_modified_time":"2022-01-25T15:09:52+00:00","og_image":[{"width":720,"height":432,"url":"https:\/\/www.anovapeneira.gal\/wp-content\/uploads\/2022\/01\/Lostrego_CF.jpg","type":"image\/jpeg"}],"author":"Redacci\u00f3n A Nova Peneira","twitter_card":"summary_large_image","twitter_creator":"@APeneira","twitter_site":"@APeneira","twitter_misc":{"Escrito por":"Redacci\u00f3n A Nova Peneira","Tempo de lectura":"7 minutos"},"schema":{"@context":"https:\/\/schema.org","@graph":[{"@type":"Article","@id":"https:\/\/www.anovapeneira.gal\/index.php\/2022\/01\/25\/unha-treboada-de-paixon-polo-futbol-en-gondomar\/#article","isPartOf":{"@id":"https:\/\/www.anovapeneira.gal\/index.php\/2022\/01\/25\/unha-treboada-de-paixon-polo-futbol-en-gondomar\/"},"author":{"name":"Redacci\u00f3n A Nova Peneira","@id":"https:\/\/www.anovapeneira.gal\/#\/schema\/person\/b93e3f8932e3f8da96334607eb6ac6aa"},"headline":"Unha treboada de paix\u00f3n polo f\u00fatbol en Gondomar","datePublished":"2022-01-25T13:00:38+00:00","dateModified":"2022-01-25T15:09:52+00:00","mainEntityOfPage":{"@id":"https:\/\/www.anovapeneira.gal\/index.php\/2022\/01\/25\/unha-treboada-de-paixon-polo-futbol-en-gondomar\/"},"wordCount":1244,"commentCount":0,"publisher":{"@id":"https:\/\/www.anovapeneira.gal\/#organization"},"image":{"@id":"https:\/\/www.anovapeneira.gal\/index.php\/2022\/01\/25\/unha-treboada-de-paixon-polo-futbol-en-gondomar\/#primaryimage"},"thumbnailUrl":"https:\/\/www.anovapeneira.gal\/wp-content\/uploads\/2022\/01\/Lostrego_CF.jpg","keywords":["Concello de Gondomar"],"articleSection":["Val Mi\u00f1or"],"inLanguage":"gl-ES","potentialAction":[{"@type":"CommentAction","name":"Comment","target":["https:\/\/www.anovapeneira.gal\/index.php\/2022\/01\/25\/unha-treboada-de-paixon-polo-futbol-en-gondomar\/#respond"]}]},{"@type":"WebPage","@id":"https:\/\/www.anovapeneira.gal\/index.php\/2022\/01\/25\/unha-treboada-de-paixon-polo-futbol-en-gondomar\/","url":"https:\/\/www.anovapeneira.gal\/index.php\/2022\/01\/25\/unha-treboada-de-paixon-polo-futbol-en-gondomar\/","name":"Unha treboada de paix\u00f3n polo f\u00fatbol en Gondomar -","isPartOf":{"@id":"https:\/\/www.anovapeneira.gal\/#website"},"primaryImageOfPage":{"@id":"https:\/\/www.anovapeneira.gal\/index.php\/2022\/01\/25\/unha-treboada-de-paixon-polo-futbol-en-gondomar\/#primaryimage"},"image":{"@id":"https:\/\/www.anovapeneira.gal\/index.php\/2022\/01\/25\/unha-treboada-de-paixon-polo-futbol-en-gondomar\/#primaryimage"},"thumbnailUrl":"https:\/\/www.anovapeneira.gal\/wp-content\/uploads\/2022\/01\/Lostrego_CF.jpg","datePublished":"2022-01-25T13:00:38+00:00","dateModified":"2022-01-25T15:09:52+00:00","description":"A parroquia de Cha\u00edn e o fogar dun equipo de f\u00fatbol feminino de recente creaci\u00f3n; o L\u00f3strego. Nun contexto terrible, como o da actual pandemia sanitaria, un feixe de rapazas e rapaces valentes e cun profundo compromiso co deporte e coa igualdade deciden fundar este equipo no medio dun oc\u00e9ano de dificultades","breadcrumb":{"@id":"https:\/\/www.anovapeneira.gal\/index.php\/2022\/01\/25\/unha-treboada-de-paixon-polo-futbol-en-gondomar\/#breadcrumb"},"inLanguage":"gl-ES","potentialAction":[{"@type":"ReadAction","target":["https:\/\/www.anovapeneira.gal\/index.php\/2022\/01\/25\/unha-treboada-de-paixon-polo-futbol-en-gondomar\/"]}]},{"@type":"ImageObject","inLanguage":"gl-ES","@id":"https:\/\/www.anovapeneira.gal\/index.php\/2022\/01\/25\/unha-treboada-de-paixon-polo-futbol-en-gondomar\/#primaryimage","url":"https:\/\/www.anovapeneira.gal\/wp-content\/uploads\/2022\/01\/Lostrego_CF.jpg","contentUrl":"https:\/\/www.anovapeneira.gal\/wp-content\/uploads\/2022\/01\/Lostrego_CF.jpg","width":720,"height":432,"caption":"L\u00f3strego CF"},{"@type":"BreadcrumbList","@id":"https:\/\/www.anovapeneira.gal\/index.php\/2022\/01\/25\/unha-treboada-de-paixon-polo-futbol-en-gondomar\/#breadcrumb","itemListElement":[{"@type":"ListItem","position":1,"name":"Portada","item":"https:\/\/www.anovapeneira.gal\/"},{"@type":"ListItem","position":2,"name":"Unha treboada de paix\u00f3n polo f\u00fatbol en Gondomar"}]},{"@type":"WebSite","@id":"https:\/\/www.anovapeneira.gal\/#website","url":"https:\/\/www.anovapeneira.gal\/","name":"","description":"Xornal galego de informaci\u00f3n xeral Publicaci\u00f3n mensual de novas de Galicia e en especial dos Concellos da sur da provincia de Pontevedra.","publisher":{"@id":"https:\/\/www.anovapeneira.gal\/#organization"},"potentialAction":[{"@type":"SearchAction","target":{"@type":"EntryPoint","urlTemplate":"https:\/\/www.anovapeneira.gal\/?s={search_term_string}"},"query-input":{"@type":"PropertyValueSpecification","valueRequired":true,"valueName":"search_term_string"}}],"inLanguage":"gl-ES"},{"@type":"Organization","@id":"https:\/\/www.anovapeneira.gal\/#organization","name":"A Nova Peneira","url":"https:\/\/www.anovapeneira.gal\/","logo":{"@type":"ImageObject","inLanguage":"gl-ES","@id":"https:\/\/www.anovapeneira.gal\/#\/schema\/logo\/image\/","url":"http:\/\/www.anovapeneira.gal\/wp-content\/uploads\/2019\/06\/logo_a_nova_peneira_portal_web.png","contentUrl":"http:\/\/www.anovapeneira.gal\/wp-content\/uploads\/2019\/06\/logo_a_nova_peneira_portal_web.png","width":300,"height":100,"caption":"A Nova Peneira"},"image":{"@id":"https:\/\/www.anovapeneira.gal\/#\/schema\/logo\/image\/"},"sameAs":["https:\/\/www.facebook.com\/anovapeneira","https:\/\/x.com\/APeneira"]},{"@type":"Person","@id":"https:\/\/www.anovapeneira.gal\/#\/schema\/person\/b93e3f8932e3f8da96334607eb6ac6aa","name":"Redacci\u00f3n A Nova Peneira","image":{"@type":"ImageObject","inLanguage":"gl-ES","@id":"https:\/\/secure.gravatar.com\/avatar\/c052a2551a06e23fac63626232eaa90abd78dbcf1700fc46a2b2c89fd27b735f?s=96&d=mm&r=g","url":"https:\/\/secure.gravatar.com\/avatar\/c052a2551a06e23fac63626232eaa90abd78dbcf1700fc46a2b2c89fd27b735f?s=96&d=mm&r=g","contentUrl":"https:\/\/secure.gravatar.com\/avatar\/c052a2551a06e23fac63626232eaa90abd78dbcf1700fc46a2b2c89fd27b735f?s=96&d=mm&r=g","caption":"Redacci\u00f3n A Nova Peneira"},"sameAs":["http:\/\/www.anovapeneira.gal\/"],"url":"https:\/\/www.anovapeneira.gal\/index.php\/author\/redactor\/"}]}},"jetpack_featured_media_url":"https:\/\/www.anovapeneira.gal\/wp-content\/uploads\/2022\/01\/Lostrego_CF.jpg","_links":{"self":[{"href":"https:\/\/www.anovapeneira.gal\/index.php\/wp-json\/wp\/v2\/posts\/6822","targetHints":{"allow":["GET"]}}],"collection":[{"href":"https:\/\/www.anovapeneira.gal\/index.php\/wp-json\/wp\/v2\/posts"}],"about":[{"href":"https:\/\/www.anovapeneira.gal\/index.php\/wp-json\/wp\/v2\/types\/post"}],"author":[{"embeddable":true,"href":"https:\/\/www.anovapeneira.gal\/index.php\/wp-json\/wp\/v2\/users\/3"}],"replies":[{"embeddable":true,"href":"https:\/\/www.anovapeneira.gal\/index.php\/wp-json\/wp\/v2\/comments?post=6822"}],"version-history":[{"count":2,"href":"https:\/\/www.anovapeneira.gal\/index.php\/wp-json\/wp\/v2\/posts\/6822\/revisions"}],"predecessor-version":[{"id":6825,"href":"https:\/\/www.anovapeneira.gal\/index.php\/wp-json\/wp\/v2\/posts\/6822\/revisions\/6825"}],"wp:featuredmedia":[{"embeddable":true,"href":"https:\/\/www.anovapeneira.gal\/index.php\/wp-json\/wp\/v2\/media\/6824"}],"wp:attachment":[{"href":"https:\/\/www.anovapeneira.gal\/index.php\/wp-json\/wp\/v2\/media?parent=6822"}],"wp:term":[{"taxonomy":"category","embeddable":true,"href":"https:\/\/www.anovapeneira.gal\/index.php\/wp-json\/wp\/v2\/categories?post=6822"},{"taxonomy":"post_tag","embeddable":true,"href":"https:\/\/www.anovapeneira.gal\/index.php\/wp-json\/wp\/v2\/tags?post=6822"}],"curies":[{"name":"wp","href":"https:\/\/api.w.org\/{rel}","templated":true}]}}