{"id":6826,"date":"2022-01-26T10:00:03","date_gmt":"2022-01-26T09:00:03","guid":{"rendered":"https:\/\/www.anovapeneira.gal\/?p=6826"},"modified":"2022-01-25T16:13:34","modified_gmt":"2022-01-25T15:13:34","slug":"tanxugueiras-e-cavernicolas","status":"publish","type":"post","link":"https:\/\/www.anovapeneira.gal\/index.php\/2022\/01\/26\/tanxugueiras-e-cavernicolas\/","title":{"rendered":"Tanxugueiras e Cavern\u00edcolas"},"content":{"rendered":"\n<pre class=\"wp-block-verse\">Pipa<\/pre>\n\n\n\n<p>Hai xente que nestas alturas do conto, cun p\u00e9 metido no ano dous mil vinte e dous e cos xeonllos no s\u00e9culo XXI, ainda non saiu da caverna.<\/p>\n\n\n\n<p>E non \u00e9 que ainda non sa\u00edran da caverna se non que foron, pouco a pouco, movendo as lindes das terras, derrubado valados, queimando as raices das palabras e soterrando calquera sentimento de pertenza ata convertilo en vergo\u00f1a.<\/p>\n\n\n\n<p>Os cavern\u00edcolas son xente de guindar pedras contras as casas alleas.<\/p>\n\n\n\n<p>Nos \u00faltimos meses, andan os cavern\u00edcolas un chisco alporizados demais cunhas mulleres galegas que cantan en galego; seica pensaron que movendo os marcos abondar\u00eda para silenciar o latexo dun pobo, a sonoridade das vogais e a melod\u00eda arroladora da choiva batendo na pedra.<\/p>\n\n\n\n<p>Coidaron os cavern\u00edcolas que al\u00e9n do alcance dos seus sentidos non exit\u00eda nin ter\u00eda porque existir nada m\u00e1is que o res\u00f3n dos seus pensamentos. Non embargantes, malia as agresi\u00f3ns coiti\u00e1s que dende os seus p\u00falpitos trousan polas s\u00faas bocas prehist\u00f3ricas e cheos de prexuizos, os pobos resisten, sobreviven e medran.<\/p>\n\n\n\n<p>Andan abraidos os medios de comunicaci\u00f3n estatais e redes sociais co descubrimento de Tanxugueiras, un tr\u00edo de mulleres que ven de po\u00f1er a forza da m\u00fasica tradcicional galega nos ollos e boca de todo o mundo. Semella que no estado pensaban que na Galiza s\u00f3 faciamos pulpo \u00e1 feira, lac\u00f3n con grelos e cantabamos aquilo de fai un sol de carallo mentras inaugurabamos albergues para peregrinos nos baixos das casas abandonadas.<\/p>\n\n\n\n<p>Pois non pod\u00edan estar m\u00e1is trabucados.<\/p>\n\n\n\n<p>Galiza, para moitos dos que se achegan sen prexuizos e sen sentimentos colonialistas rematan por descubrir un pobo vivo, culturalmente rico ,e, musicalmente falando, un universo h\u00edpnotico.<\/p>\n\n\n\n<p>Son moitos os artitas, mulleres e homes, moitos nomes, que traballan decot\u00edo, en todos os eidos culturais, por tirar das cinzas do olvido os piares dun pobo que resiste labazadas e treboadas.<\/p>\n\n\n\n<p>Al\u00e9dome polas Tanxugueiras. Al\u00e9dome polo seu traballo e me aledo se \u00e9 que esta fiestra eurovisiva abrir\u00e1 os ollos de mundo.<\/p>\n\n\n\n<p>O outro d\u00eda falaba cun amigo da mi\u00f1a ledicia que por intres tronaba amargura ao ver, ler e escoitar unha morea de comentarios ofensivos e agresivos respecto o traballo destas mulleres. Bueno, o certo \u00e9 que non falaban nada do seu traballo, sen\u00f3n das ferramentas empregadas; a lingua, as melod\u00edas, os intrumentos, a voz e a alma herdada.<\/p>\n\n\n\n<p>Supo\u00f1o que si estas mulleres est\u00e1n onde est\u00e1n \u00e9 porque te\u00f1en fortaleza abondo para aturar a toda esa morea de psic\u00f3patas prehist\u00f3ricos que se agochan na caverna an\u00f3nimadas resdes sociais e medios de comunicaci\u00f3n<\/p>\n\n\n\n<p>Non son eu quen de dicir o que est\u00e1 ben e o que est\u00e1 mal, pois falando de gustos musicais podo cometer o erro de xulgar o traballo dunha artista de xeito neglixente. Do que si podemos falar \u00e9 do esforzo que hai detr\u00e1s de cada proxecto.<\/p>\n\n\n\n<p>Andan os cavern\u00edcolas escocidos guindando pedras contra os nosos tellados, e n\u00f3s, como xente de ben, que sempre sabemos se subimos ou baixamos, contest\u00e1moslles cun ai ala, ai elelo.<\/p>\n","protected":false},"excerpt":{"rendered":"<div class=\"mh-excerpt\"><p>Hai xente que nestas alturas do conto, cun p\u00e9 metido no ano dous mil vinte e dous e cos xeonllos no s\u00e9culo XXI, ainda non saiu da caverna <a class=\"mh-excerpt-more\" href=\"https:\/\/www.anovapeneira.gal\/index.php\/2022\/01\/26\/tanxugueiras-e-cavernicolas\/\" title=\"Tanxugueiras e Cavern\u00edcolas\">[&#8230;]<\/a><\/p>\n<\/div>","protected":false},"author":12,"featured_media":584,"comment_status":"open","ping_status":"open","sticky":false,"template":"","format":"standard","meta":{"_exactmetrics_skip_tracking":false,"_exactmetrics_sitenote_active":false,"_exactmetrics_sitenote_note":"","_exactmetrics_sitenote_category":0,"footnotes":""},"categories":[1],"tags":[1286],"class_list":{"0":"post-6826","1":"post","2":"type-post","3":"status-publish","4":"format-standard","5":"has-post-thumbnail","7":"category-sin-categoria","8":"tag-tanxugueiras"},"yoast_head":"<!-- This site is optimized with the Yoast SEO plugin v27.4 - https:\/\/yoast.com\/product\/yoast-seo-wordpress\/ -->\n<title>Tanxugueiras e Cavern\u00edcolas -<\/title>\n<meta name=\"description\" content=\"Hai xente que nestas alturas do conto, cun p\u00e9 metido no ano dous mil vinte e dous e cos xeonllos no s\u00e9culo XXI, ainda non saiu da caverna.\" \/>\n<meta name=\"robots\" content=\"index, follow, max-snippet:-1, max-image-preview:large, max-video-preview:-1\" \/>\n<link rel=\"canonical\" href=\"https:\/\/www.anovapeneira.gal\/index.php\/2022\/01\/26\/tanxugueiras-e-cavernicolas\/\" \/>\n<meta property=\"og:locale\" content=\"gl_ES\" \/>\n<meta property=\"og:type\" content=\"article\" \/>\n<meta property=\"og:title\" content=\"Tanxugueiras e Cavern\u00edcolas -\" \/>\n<meta property=\"og:description\" content=\"Hai xente que nestas alturas do conto, cun p\u00e9 metido no ano dous mil vinte e dous e cos xeonllos no s\u00e9culo XXI, ainda non saiu da caverna.\" \/>\n<meta property=\"og:url\" content=\"https:\/\/www.anovapeneira.gal\/index.php\/2022\/01\/26\/tanxugueiras-e-cavernicolas\/\" \/>\n<meta property=\"article:publisher\" content=\"https:\/\/www.facebook.com\/anovapeneira\" \/>\n<meta property=\"article:published_time\" content=\"2022-01-26T09:00:03+00:00\" \/>\n<meta property=\"og:image\" content=\"https:\/\/www.anovapeneira.gal\/wp-content\/uploads\/2019\/07\/ARTIGO_DE_OPINION_A_NOVA_PENEIRA.jpg\" \/>\n\t<meta property=\"og:image:width\" content=\"720\" \/>\n\t<meta property=\"og:image:height\" content=\"473\" \/>\n\t<meta property=\"og:image:type\" content=\"image\/jpeg\" \/>\n<meta name=\"author\" content=\"Artigos Opini\u00f3n\" \/>\n<meta name=\"twitter:card\" content=\"summary_large_image\" \/>\n<meta name=\"twitter:creator\" content=\"@APeneira\" \/>\n<meta name=\"twitter:site\" content=\"@APeneira\" \/>\n<meta name=\"twitter:label1\" content=\"Escrito por\" \/>\n\t<meta name=\"twitter:data1\" content=\"Artigos Opini\u00f3n\" \/>\n\t<meta name=\"twitter:label2\" content=\"Tempo de lectura\" \/>\n\t<meta name=\"twitter:data2\" content=\"3 minutos\" \/>\n<script type=\"application\/ld+json\" class=\"yoast-schema-graph\">{\"@context\":\"https:\\\/\\\/schema.org\",\"@graph\":[{\"@type\":\"Article\",\"@id\":\"https:\\\/\\\/www.anovapeneira.gal\\\/index.php\\\/2022\\\/01\\\/26\\\/tanxugueiras-e-cavernicolas\\\/#article\",\"isPartOf\":{\"@id\":\"https:\\\/\\\/www.anovapeneira.gal\\\/index.php\\\/2022\\\/01\\\/26\\\/tanxugueiras-e-cavernicolas\\\/\"},\"author\":{\"name\":\"Artigos Opini\u00f3n\",\"@id\":\"https:\\\/\\\/www.anovapeneira.gal\\\/#\\\/schema\\\/person\\\/f18a4feb302e8f20bcef4490b5b60bb3\"},\"headline\":\"Tanxugueiras e Cavern\u00edcolas\",\"datePublished\":\"2022-01-26T09:00:03+00:00\",\"mainEntityOfPage\":{\"@id\":\"https:\\\/\\\/www.anovapeneira.gal\\\/index.php\\\/2022\\\/01\\\/26\\\/tanxugueiras-e-cavernicolas\\\/\"},\"wordCount\":538,\"commentCount\":0,\"publisher\":{\"@id\":\"https:\\\/\\\/www.anovapeneira.gal\\\/#organization\"},\"image\":{\"@id\":\"https:\\\/\\\/www.anovapeneira.gal\\\/index.php\\\/2022\\\/01\\\/26\\\/tanxugueiras-e-cavernicolas\\\/#primaryimage\"},\"thumbnailUrl\":\"https:\\\/\\\/www.anovapeneira.gal\\\/wp-content\\\/uploads\\\/2019\\\/07\\\/ARTIGO_DE_OPINION_A_NOVA_PENEIRA.jpg\",\"keywords\":[\"Tanxugueiras\"],\"articleSection\":[\"Sin categor\u00eda\"],\"inLanguage\":\"gl-ES\",\"potentialAction\":[{\"@type\":\"CommentAction\",\"name\":\"Comment\",\"target\":[\"https:\\\/\\\/www.anovapeneira.gal\\\/index.php\\\/2022\\\/01\\\/26\\\/tanxugueiras-e-cavernicolas\\\/#respond\"]}]},{\"@type\":\"WebPage\",\"@id\":\"https:\\\/\\\/www.anovapeneira.gal\\\/index.php\\\/2022\\\/01\\\/26\\\/tanxugueiras-e-cavernicolas\\\/\",\"url\":\"https:\\\/\\\/www.anovapeneira.gal\\\/index.php\\\/2022\\\/01\\\/26\\\/tanxugueiras-e-cavernicolas\\\/\",\"name\":\"Tanxugueiras e Cavern\u00edcolas -\",\"isPartOf\":{\"@id\":\"https:\\\/\\\/www.anovapeneira.gal\\\/#website\"},\"primaryImageOfPage\":{\"@id\":\"https:\\\/\\\/www.anovapeneira.gal\\\/index.php\\\/2022\\\/01\\\/26\\\/tanxugueiras-e-cavernicolas\\\/#primaryimage\"},\"image\":{\"@id\":\"https:\\\/\\\/www.anovapeneira.gal\\\/index.php\\\/2022\\\/01\\\/26\\\/tanxugueiras-e-cavernicolas\\\/#primaryimage\"},\"thumbnailUrl\":\"https:\\\/\\\/www.anovapeneira.gal\\\/wp-content\\\/uploads\\\/2019\\\/07\\\/ARTIGO_DE_OPINION_A_NOVA_PENEIRA.jpg\",\"datePublished\":\"2022-01-26T09:00:03+00:00\",\"description\":\"Hai xente que nestas alturas do conto, cun p\u00e9 metido no ano dous mil vinte e dous e cos xeonllos no s\u00e9culo XXI, ainda non saiu da caverna.\",\"breadcrumb\":{\"@id\":\"https:\\\/\\\/www.anovapeneira.gal\\\/index.php\\\/2022\\\/01\\\/26\\\/tanxugueiras-e-cavernicolas\\\/#breadcrumb\"},\"inLanguage\":\"gl-ES\",\"potentialAction\":[{\"@type\":\"ReadAction\",\"target\":[\"https:\\\/\\\/www.anovapeneira.gal\\\/index.php\\\/2022\\\/01\\\/26\\\/tanxugueiras-e-cavernicolas\\\/\"]}]},{\"@type\":\"ImageObject\",\"inLanguage\":\"gl-ES\",\"@id\":\"https:\\\/\\\/www.anovapeneira.gal\\\/index.php\\\/2022\\\/01\\\/26\\\/tanxugueiras-e-cavernicolas\\\/#primaryimage\",\"url\":\"https:\\\/\\\/www.anovapeneira.gal\\\/wp-content\\\/uploads\\\/2019\\\/07\\\/ARTIGO_DE_OPINION_A_NOVA_PENEIRA.jpg\",\"contentUrl\":\"https:\\\/\\\/www.anovapeneira.gal\\\/wp-content\\\/uploads\\\/2019\\\/07\\\/ARTIGO_DE_OPINION_A_NOVA_PENEIRA.jpg\",\"width\":720,\"height\":473,\"caption\":\"Artigo de opini\u00f3n A Nova Peneira\"},{\"@type\":\"BreadcrumbList\",\"@id\":\"https:\\\/\\\/www.anovapeneira.gal\\\/index.php\\\/2022\\\/01\\\/26\\\/tanxugueiras-e-cavernicolas\\\/#breadcrumb\",\"itemListElement\":[{\"@type\":\"ListItem\",\"position\":1,\"name\":\"Portada\",\"item\":\"https:\\\/\\\/www.anovapeneira.gal\\\/\"},{\"@type\":\"ListItem\",\"position\":2,\"name\":\"Tanxugueiras e Cavern\u00edcolas\"}]},{\"@type\":\"WebSite\",\"@id\":\"https:\\\/\\\/www.anovapeneira.gal\\\/#website\",\"url\":\"https:\\\/\\\/www.anovapeneira.gal\\\/\",\"name\":\"\",\"description\":\"Xornal galego de informaci\u00f3n xeral Publicaci\u00f3n mensual de novas de Galicia e en especial dos Concellos da sur da provincia de Pontevedra.\",\"publisher\":{\"@id\":\"https:\\\/\\\/www.anovapeneira.gal\\\/#organization\"},\"potentialAction\":[{\"@type\":\"SearchAction\",\"target\":{\"@type\":\"EntryPoint\",\"urlTemplate\":\"https:\\\/\\\/www.anovapeneira.gal\\\/?s={search_term_string}\"},\"query-input\":{\"@type\":\"PropertyValueSpecification\",\"valueRequired\":true,\"valueName\":\"search_term_string\"}}],\"inLanguage\":\"gl-ES\"},{\"@type\":\"Organization\",\"@id\":\"https:\\\/\\\/www.anovapeneira.gal\\\/#organization\",\"name\":\"A Nova Peneira\",\"url\":\"https:\\\/\\\/www.anovapeneira.gal\\\/\",\"logo\":{\"@type\":\"ImageObject\",\"inLanguage\":\"gl-ES\",\"@id\":\"https:\\\/\\\/www.anovapeneira.gal\\\/#\\\/schema\\\/logo\\\/image\\\/\",\"url\":\"http:\\\/\\\/www.anovapeneira.gal\\\/wp-content\\\/uploads\\\/2019\\\/06\\\/logo_a_nova_peneira_portal_web.png\",\"contentUrl\":\"http:\\\/\\\/www.anovapeneira.gal\\\/wp-content\\\/uploads\\\/2019\\\/06\\\/logo_a_nova_peneira_portal_web.png\",\"width\":300,\"height\":100,\"caption\":\"A Nova Peneira\"},\"image\":{\"@id\":\"https:\\\/\\\/www.anovapeneira.gal\\\/#\\\/schema\\\/logo\\\/image\\\/\"},\"sameAs\":[\"https:\\\/\\\/www.facebook.com\\\/anovapeneira\",\"https:\\\/\\\/x.com\\\/APeneira\"]},{\"@type\":\"Person\",\"@id\":\"https:\\\/\\\/www.anovapeneira.gal\\\/#\\\/schema\\\/person\\\/f18a4feb302e8f20bcef4490b5b60bb3\",\"name\":\"Artigos Opini\u00f3n\",\"image\":{\"@type\":\"ImageObject\",\"inLanguage\":\"gl-ES\",\"@id\":\"https:\\\/\\\/secure.gravatar.com\\\/avatar\\\/072844300f4881150aee2da4278f7a65d16eefdf8262eb67085f1e702de2b959?s=96&d=mm&r=g\",\"url\":\"https:\\\/\\\/secure.gravatar.com\\\/avatar\\\/072844300f4881150aee2da4278f7a65d16eefdf8262eb67085f1e702de2b959?s=96&d=mm&r=g\",\"contentUrl\":\"https:\\\/\\\/secure.gravatar.com\\\/avatar\\\/072844300f4881150aee2da4278f7a65d16eefdf8262eb67085f1e702de2b959?s=96&d=mm&r=g\",\"caption\":\"Artigos Opini\u00f3n\"},\"sameAs\":[\"http:\\\/\\\/anovapeneira.gal\"],\"url\":\"https:\\\/\\\/www.anovapeneira.gal\\\/index.php\\\/author\\\/artigosopinion\\\/\"}]}<\/script>\n<!-- \/ Yoast SEO plugin. -->","yoast_head_json":{"title":"Tanxugueiras e Cavern\u00edcolas -","description":"Hai xente que nestas alturas do conto, cun p\u00e9 metido no ano dous mil vinte e dous e cos xeonllos no s\u00e9culo XXI, ainda non saiu da caverna.","robots":{"index":"index","follow":"follow","max-snippet":"max-snippet:-1","max-image-preview":"max-image-preview:large","max-video-preview":"max-video-preview:-1"},"canonical":"https:\/\/www.anovapeneira.gal\/index.php\/2022\/01\/26\/tanxugueiras-e-cavernicolas\/","og_locale":"gl_ES","og_type":"article","og_title":"Tanxugueiras e Cavern\u00edcolas -","og_description":"Hai xente que nestas alturas do conto, cun p\u00e9 metido no ano dous mil vinte e dous e cos xeonllos no s\u00e9culo XXI, ainda non saiu da caverna.","og_url":"https:\/\/www.anovapeneira.gal\/index.php\/2022\/01\/26\/tanxugueiras-e-cavernicolas\/","article_publisher":"https:\/\/www.facebook.com\/anovapeneira","article_published_time":"2022-01-26T09:00:03+00:00","og_image":[{"width":720,"height":473,"url":"https:\/\/www.anovapeneira.gal\/wp-content\/uploads\/2019\/07\/ARTIGO_DE_OPINION_A_NOVA_PENEIRA.jpg","type":"image\/jpeg"}],"author":"Artigos Opini\u00f3n","twitter_card":"summary_large_image","twitter_creator":"@APeneira","twitter_site":"@APeneira","twitter_misc":{"Escrito por":"Artigos Opini\u00f3n","Tempo de lectura":"3 minutos"},"schema":{"@context":"https:\/\/schema.org","@graph":[{"@type":"Article","@id":"https:\/\/www.anovapeneira.gal\/index.php\/2022\/01\/26\/tanxugueiras-e-cavernicolas\/#article","isPartOf":{"@id":"https:\/\/www.anovapeneira.gal\/index.php\/2022\/01\/26\/tanxugueiras-e-cavernicolas\/"},"author":{"name":"Artigos Opini\u00f3n","@id":"https:\/\/www.anovapeneira.gal\/#\/schema\/person\/f18a4feb302e8f20bcef4490b5b60bb3"},"headline":"Tanxugueiras e Cavern\u00edcolas","datePublished":"2022-01-26T09:00:03+00:00","mainEntityOfPage":{"@id":"https:\/\/www.anovapeneira.gal\/index.php\/2022\/01\/26\/tanxugueiras-e-cavernicolas\/"},"wordCount":538,"commentCount":0,"publisher":{"@id":"https:\/\/www.anovapeneira.gal\/#organization"},"image":{"@id":"https:\/\/www.anovapeneira.gal\/index.php\/2022\/01\/26\/tanxugueiras-e-cavernicolas\/#primaryimage"},"thumbnailUrl":"https:\/\/www.anovapeneira.gal\/wp-content\/uploads\/2019\/07\/ARTIGO_DE_OPINION_A_NOVA_PENEIRA.jpg","keywords":["Tanxugueiras"],"articleSection":["Sin categor\u00eda"],"inLanguage":"gl-ES","potentialAction":[{"@type":"CommentAction","name":"Comment","target":["https:\/\/www.anovapeneira.gal\/index.php\/2022\/01\/26\/tanxugueiras-e-cavernicolas\/#respond"]}]},{"@type":"WebPage","@id":"https:\/\/www.anovapeneira.gal\/index.php\/2022\/01\/26\/tanxugueiras-e-cavernicolas\/","url":"https:\/\/www.anovapeneira.gal\/index.php\/2022\/01\/26\/tanxugueiras-e-cavernicolas\/","name":"Tanxugueiras e Cavern\u00edcolas -","isPartOf":{"@id":"https:\/\/www.anovapeneira.gal\/#website"},"primaryImageOfPage":{"@id":"https:\/\/www.anovapeneira.gal\/index.php\/2022\/01\/26\/tanxugueiras-e-cavernicolas\/#primaryimage"},"image":{"@id":"https:\/\/www.anovapeneira.gal\/index.php\/2022\/01\/26\/tanxugueiras-e-cavernicolas\/#primaryimage"},"thumbnailUrl":"https:\/\/www.anovapeneira.gal\/wp-content\/uploads\/2019\/07\/ARTIGO_DE_OPINION_A_NOVA_PENEIRA.jpg","datePublished":"2022-01-26T09:00:03+00:00","description":"Hai xente que nestas alturas do conto, cun p\u00e9 metido no ano dous mil vinte e dous e cos xeonllos no s\u00e9culo XXI, ainda non saiu da caverna.","breadcrumb":{"@id":"https:\/\/www.anovapeneira.gal\/index.php\/2022\/01\/26\/tanxugueiras-e-cavernicolas\/#breadcrumb"},"inLanguage":"gl-ES","potentialAction":[{"@type":"ReadAction","target":["https:\/\/www.anovapeneira.gal\/index.php\/2022\/01\/26\/tanxugueiras-e-cavernicolas\/"]}]},{"@type":"ImageObject","inLanguage":"gl-ES","@id":"https:\/\/www.anovapeneira.gal\/index.php\/2022\/01\/26\/tanxugueiras-e-cavernicolas\/#primaryimage","url":"https:\/\/www.anovapeneira.gal\/wp-content\/uploads\/2019\/07\/ARTIGO_DE_OPINION_A_NOVA_PENEIRA.jpg","contentUrl":"https:\/\/www.anovapeneira.gal\/wp-content\/uploads\/2019\/07\/ARTIGO_DE_OPINION_A_NOVA_PENEIRA.jpg","width":720,"height":473,"caption":"Artigo de opini\u00f3n A Nova Peneira"},{"@type":"BreadcrumbList","@id":"https:\/\/www.anovapeneira.gal\/index.php\/2022\/01\/26\/tanxugueiras-e-cavernicolas\/#breadcrumb","itemListElement":[{"@type":"ListItem","position":1,"name":"Portada","item":"https:\/\/www.anovapeneira.gal\/"},{"@type":"ListItem","position":2,"name":"Tanxugueiras e Cavern\u00edcolas"}]},{"@type":"WebSite","@id":"https:\/\/www.anovapeneira.gal\/#website","url":"https:\/\/www.anovapeneira.gal\/","name":"","description":"Xornal galego de informaci\u00f3n xeral Publicaci\u00f3n mensual de novas de Galicia e en especial dos Concellos da sur da provincia de Pontevedra.","publisher":{"@id":"https:\/\/www.anovapeneira.gal\/#organization"},"potentialAction":[{"@type":"SearchAction","target":{"@type":"EntryPoint","urlTemplate":"https:\/\/www.anovapeneira.gal\/?s={search_term_string}"},"query-input":{"@type":"PropertyValueSpecification","valueRequired":true,"valueName":"search_term_string"}}],"inLanguage":"gl-ES"},{"@type":"Organization","@id":"https:\/\/www.anovapeneira.gal\/#organization","name":"A Nova Peneira","url":"https:\/\/www.anovapeneira.gal\/","logo":{"@type":"ImageObject","inLanguage":"gl-ES","@id":"https:\/\/www.anovapeneira.gal\/#\/schema\/logo\/image\/","url":"http:\/\/www.anovapeneira.gal\/wp-content\/uploads\/2019\/06\/logo_a_nova_peneira_portal_web.png","contentUrl":"http:\/\/www.anovapeneira.gal\/wp-content\/uploads\/2019\/06\/logo_a_nova_peneira_portal_web.png","width":300,"height":100,"caption":"A Nova Peneira"},"image":{"@id":"https:\/\/www.anovapeneira.gal\/#\/schema\/logo\/image\/"},"sameAs":["https:\/\/www.facebook.com\/anovapeneira","https:\/\/x.com\/APeneira"]},{"@type":"Person","@id":"https:\/\/www.anovapeneira.gal\/#\/schema\/person\/f18a4feb302e8f20bcef4490b5b60bb3","name":"Artigos Opini\u00f3n","image":{"@type":"ImageObject","inLanguage":"gl-ES","@id":"https:\/\/secure.gravatar.com\/avatar\/072844300f4881150aee2da4278f7a65d16eefdf8262eb67085f1e702de2b959?s=96&d=mm&r=g","url":"https:\/\/secure.gravatar.com\/avatar\/072844300f4881150aee2da4278f7a65d16eefdf8262eb67085f1e702de2b959?s=96&d=mm&r=g","contentUrl":"https:\/\/secure.gravatar.com\/avatar\/072844300f4881150aee2da4278f7a65d16eefdf8262eb67085f1e702de2b959?s=96&d=mm&r=g","caption":"Artigos Opini\u00f3n"},"sameAs":["http:\/\/anovapeneira.gal"],"url":"https:\/\/www.anovapeneira.gal\/index.php\/author\/artigosopinion\/"}]}},"jetpack_featured_media_url":"https:\/\/www.anovapeneira.gal\/wp-content\/uploads\/2019\/07\/ARTIGO_DE_OPINION_A_NOVA_PENEIRA.jpg","_links":{"self":[{"href":"https:\/\/www.anovapeneira.gal\/index.php\/wp-json\/wp\/v2\/posts\/6826","targetHints":{"allow":["GET"]}}],"collection":[{"href":"https:\/\/www.anovapeneira.gal\/index.php\/wp-json\/wp\/v2\/posts"}],"about":[{"href":"https:\/\/www.anovapeneira.gal\/index.php\/wp-json\/wp\/v2\/types\/post"}],"author":[{"embeddable":true,"href":"https:\/\/www.anovapeneira.gal\/index.php\/wp-json\/wp\/v2\/users\/12"}],"replies":[{"embeddable":true,"href":"https:\/\/www.anovapeneira.gal\/index.php\/wp-json\/wp\/v2\/comments?post=6826"}],"version-history":[{"count":1,"href":"https:\/\/www.anovapeneira.gal\/index.php\/wp-json\/wp\/v2\/posts\/6826\/revisions"}],"predecessor-version":[{"id":6827,"href":"https:\/\/www.anovapeneira.gal\/index.php\/wp-json\/wp\/v2\/posts\/6826\/revisions\/6827"}],"wp:featuredmedia":[{"embeddable":true,"href":"https:\/\/www.anovapeneira.gal\/index.php\/wp-json\/wp\/v2\/media\/584"}],"wp:attachment":[{"href":"https:\/\/www.anovapeneira.gal\/index.php\/wp-json\/wp\/v2\/media?parent=6826"}],"wp:term":[{"taxonomy":"category","embeddable":true,"href":"https:\/\/www.anovapeneira.gal\/index.php\/wp-json\/wp\/v2\/categories?post=6826"},{"taxonomy":"post_tag","embeddable":true,"href":"https:\/\/www.anovapeneira.gal\/index.php\/wp-json\/wp\/v2\/tags?post=6826"}],"curies":[{"name":"wp","href":"https:\/\/api.w.org\/{rel}","templated":true}]}}