{"id":6835,"date":"2022-01-27T12:00:19","date_gmt":"2022-01-27T11:00:19","guid":{"rendered":"https:\/\/www.anovapeneira.gal\/?p=6835"},"modified":"2022-01-25T16:32:15","modified_gmt":"2022-01-25T15:32:15","slug":"afamo-abre-en-febreiro-nova-dede-en-bueu-co-apoio-do-concello","status":"publish","type":"post","link":"https:\/\/www.anovapeneira.gal\/index.php\/2022\/01\/27\/afamo-abre-en-febreiro-nova-dede-en-bueu-co-apoio-do-concello\/","title":{"rendered":"AFAMO abre en febreiro nova dede en Bueu co apoio do Concello"},"content":{"rendered":"\n<ul class=\"wp-block-list\"><li><strong>Os servizos da Asociaci\u00f3n de Familiares de Enfermos de Alzheimer do Morrazo estar\u00e1n dispo\u00f1ibles nunhas semanas na Casa da Aldea de Meiro, nun local cedido polo Concello de Bueu<\/strong><\/li><li><strong>F\u00e9lix Juncal, alcalde de Bueu, salienta o compromiso do Concello de Bueu, pois \u201c\u00e9 importante que o gran traballo social de AFAMO conte co apoio das instituci\u00f3ns p\u00fablicas\u201d<\/strong><\/li><\/ul>\n\n\n\n<p><strong>Bueu, a 21 de xaneiro de 2022<\/strong><\/p>\n\n\n\n<p>No programa de apoio \u00e1s iniciativas e entidades sociais, o Concello de Bueu ceder\u00e1 un espazo na Casa da Aldea de Meiro para que sexa utilizado pola <a href=\"https:\/\/afamomorrazo.es\/\">Asociaci\u00f3n de Familiares de Enfermos de Alzheimer do Morrazo<\/a> (AFAMO). Precisamente, este venres foi presentado o servizo en rolda de prensa da man de F\u00e9lix Juncal, alcalde de Bueu, Ana Isabel Otero, concelleira de benestar social e igualdade, Silvia Carballo, edil de promoci\u00f3n econ\u00f3mica e turismo, e Fina Cancelas e Martina Ferrad\u00e1s, presidenta e coordinadora de AFAMO respectivamente.<\/p>\n\n\n\n<p>AFAMO constit\u00fae a \u00fanica entidade de referencia no eido das demencias da comarca do Morrazo que ofrece unha resposta integral a trav\u00e9s do desenvolvemento de programas espec\u00edficos de intervenci\u00f3n coas persoas afectadas de Alzheimer e outras demencias neurodexenerativas, coas s\u00faas familias e coa comunidade en xeral. Tal e como salientou o alcalde, \u201c\u00e9 importante que o gran traballo social de AFAMO conte co apoio das instituci\u00f3ns p\u00fablicas, e por iso contan co compromiso do Concello de Bueu\u201d.<\/p>\n\n\n\n<p>As\u00ed, na sede da Casa da Aldea de Meiro, que comezar\u00e1 a funcionar a partir de febreiro, habilitaranse servizos para as persoas afectadas, a trav\u00e9s da unidade terap\u00e9utica de demencias, que consiste na realizaci\u00f3n de actividades espec\u00edficas e individualizadas destinadas a persoas con deterioro cognitivo ou afectadas dunha demencia m\u00e1is leve e que ten como fin rehabilitar ou enlentecer a progresi\u00f3n do deterioro das capacidades cognitivas, f\u00edsicas e sensoriais. As familias ser\u00e1n outro dos eixos fundamentais de atenci\u00f3n da entidade, que conta cun programa de apoio psicol\u00f3xico \u00e1 persoa coidadora, con posibilidade de atenci\u00f3n presencial nos domicilios ou telef\u00f3nica, un programa de asesoramento e orientaci\u00f3n \u00e1s familias, outro de acompa\u00f1amento na enfermidade \u00e1s familias dende o inicio da enfermidade, e un programa de formaci\u00f3n especializada. A comunidade ser\u00e1 o terceiro eixo, e a entidade ofrecer\u00e1 propostas relacionadas co envellecemento activo ou un servizo telef\u00f3nico de atenci\u00f3n permanente, entre outras. Tal e como apuntou Fina Cancelas, presidenta do colectivo, \u201cesta sede permitir\u00e1 ofrecer os nosos servizos \u00e1 cidadan\u00eda de Bueu, da que temos moita demanda dende hai anos\u201d, e salientou que \u201co espazo ofrece moitas posibilidades ao estar nun ambiente con presenza da natureza, e no que se cumpren todas as medidas de mobilidade e accesibilidade que son prioritarias para n\u00f3s\u201d.<\/p>\n\n\n\n<p>Esta nova sede abrir\u00e1 de luns a venres polas ma\u00f1\u00e1s (de 10.00 a 13.00 horas) para desenvolver os traballos coas persoas usuarias, \u00e1s que lles realizar\u00e1 un estudo previo para co\u00f1ecer o seu estado, e os martes e xoves tam\u00e9n en horario de tarde para as charlas formativas e os talleres de envellecemento activo. As persoas que queiran participar nos diversos programas deber\u00e1n contactar con AFAMO ou co Departamento de Benestar Social do Concello de Bueu.<\/p>\n\n\n\n<p><strong>Asociaci\u00f3n de Familiares de Enfermos de Alzheimer do Morrazo (AFAMO)<\/strong><\/p>\n\n\n\n<p>Afamo botou a andar no ano 2000 co obxectivo de mellorar a calidade de vida das persoas afectadas por unha demencia e as s\u00faas familias. Coas s\u00faas m\u00faltiples actividades, buscan contribu\u00edr ao benestar das persoas afectadas de demencia e das s\u00faas familias, a trav\u00e9s dunha atenci\u00f3n integral e especializada, promovendo o envellecemento activo e a prevenci\u00f3n, proporcionando recursos e servizos que respondan \u00e1s s\u00faas necesidades buscando unha maior implicaci\u00f3n da sociedade.<\/p>\n\n\n\n<p>Actualmente prestan servizo a m\u00e1is de cen persoas usuarias dos concellos de Cangas, Moa\u00f1a, Bueu e Vilaboa.<\/p>\n","protected":false},"excerpt":{"rendered":"<div class=\"mh-excerpt\"><p>No programa de apoio \u00e1s iniciativas e entidades sociais, o Concello de Bueu ceder\u00e1 un espazo na Casa da Aldea de Meiro para que sexa utilizado pola Asociaci\u00f3n de Familiares de Enfermos de Alzheimer do Morrazo (AFAMO) <a class=\"mh-excerpt-more\" href=\"https:\/\/www.anovapeneira.gal\/index.php\/2022\/01\/27\/afamo-abre-en-febreiro-nova-dede-en-bueu-co-apoio-do-concello\/\" title=\"AFAMO abre en febreiro nova dede en Bueu co apoio do Concello\">[&#8230;]<\/a><\/p>\n<\/div>","protected":false},"author":3,"featured_media":6836,"comment_status":"open","ping_status":"open","sticky":false,"template":"","format":"standard","meta":{"_exactmetrics_skip_tracking":false,"_exactmetrics_sitenote_active":false,"_exactmetrics_sitenote_note":"","_exactmetrics_sitenote_category":0,"footnotes":""},"categories":[22],"tags":[440],"class_list":{"0":"post-6835","1":"post","2":"type-post","3":"status-publish","4":"format-standard","5":"has-post-thumbnail","7":"category-morrazo","8":"tag-concello-de-bueu"},"yoast_head":"<!-- This site is optimized with the Yoast SEO plugin v27.4 - https:\/\/yoast.com\/product\/yoast-seo-wordpress\/ -->\n<title>AFAMO abre en febreiro nova dede en Bueu co apoio do Concello -<\/title>\n<meta name=\"description\" content=\"No programa de apoio \u00e1s iniciativas e entidades sociais, o Concello de Bueu ceder\u00e1 un espazo na Casa da Aldea de Meiro para que sexa utilizado pola Asociaci\u00f3n de Familiares de Enfermos de Alzheimer do Morrazo (AFAMO)\" \/>\n<meta name=\"robots\" content=\"index, follow, max-snippet:-1, max-image-preview:large, max-video-preview:-1\" \/>\n<link rel=\"canonical\" href=\"https:\/\/www.anovapeneira.gal\/index.php\/2022\/01\/27\/afamo-abre-en-febreiro-nova-dede-en-bueu-co-apoio-do-concello\/\" \/>\n<meta property=\"og:locale\" content=\"gl_ES\" \/>\n<meta property=\"og:type\" content=\"article\" \/>\n<meta property=\"og:title\" content=\"AFAMO abre en febreiro nova dede en Bueu co apoio do Concello -\" \/>\n<meta property=\"og:description\" content=\"No programa de apoio \u00e1s iniciativas e entidades sociais, o Concello de Bueu ceder\u00e1 un espazo na Casa da Aldea de Meiro para que sexa utilizado pola Asociaci\u00f3n de Familiares de Enfermos de Alzheimer do Morrazo (AFAMO)\" \/>\n<meta property=\"og:url\" content=\"https:\/\/www.anovapeneira.gal\/index.php\/2022\/01\/27\/afamo-abre-en-febreiro-nova-dede-en-bueu-co-apoio-do-concello\/\" \/>\n<meta property=\"article:publisher\" content=\"https:\/\/www.facebook.com\/anovapeneira\" \/>\n<meta property=\"article:published_time\" content=\"2022-01-27T11:00:19+00:00\" \/>\n<meta property=\"og:image\" content=\"https:\/\/www.anovapeneira.gal\/wp-content\/uploads\/2022\/01\/afamo_bueu.jpg\" \/>\n\t<meta property=\"og:image:width\" content=\"720\" \/>\n\t<meta property=\"og:image:height\" content=\"432\" \/>\n\t<meta property=\"og:image:type\" content=\"image\/jpeg\" \/>\n<meta name=\"author\" content=\"Redacci\u00f3n A Nova Peneira\" \/>\n<meta name=\"twitter:card\" content=\"summary_large_image\" \/>\n<meta name=\"twitter:creator\" content=\"@APeneira\" \/>\n<meta name=\"twitter:site\" content=\"@APeneira\" \/>\n<meta name=\"twitter:label1\" content=\"Escrito por\" \/>\n\t<meta name=\"twitter:data1\" content=\"Redacci\u00f3n A Nova Peneira\" \/>\n\t<meta name=\"twitter:label2\" content=\"Tempo de lectura\" \/>\n\t<meta name=\"twitter:data2\" content=\"4 minutos\" \/>\n<script type=\"application\/ld+json\" class=\"yoast-schema-graph\">{\"@context\":\"https:\\\/\\\/schema.org\",\"@graph\":[{\"@type\":\"Article\",\"@id\":\"https:\\\/\\\/www.anovapeneira.gal\\\/index.php\\\/2022\\\/01\\\/27\\\/afamo-abre-en-febreiro-nova-dede-en-bueu-co-apoio-do-concello\\\/#article\",\"isPartOf\":{\"@id\":\"https:\\\/\\\/www.anovapeneira.gal\\\/index.php\\\/2022\\\/01\\\/27\\\/afamo-abre-en-febreiro-nova-dede-en-bueu-co-apoio-do-concello\\\/\"},\"author\":{\"name\":\"Redacci\u00f3n A Nova Peneira\",\"@id\":\"https:\\\/\\\/www.anovapeneira.gal\\\/#\\\/schema\\\/person\\\/b93e3f8932e3f8da96334607eb6ac6aa\"},\"headline\":\"AFAMO abre en febreiro nova dede en Bueu co apoio do Concello\",\"datePublished\":\"2022-01-27T11:00:19+00:00\",\"mainEntityOfPage\":{\"@id\":\"https:\\\/\\\/www.anovapeneira.gal\\\/index.php\\\/2022\\\/01\\\/27\\\/afamo-abre-en-febreiro-nova-dede-en-bueu-co-apoio-do-concello\\\/\"},\"wordCount\":667,\"commentCount\":0,\"publisher\":{\"@id\":\"https:\\\/\\\/www.anovapeneira.gal\\\/#organization\"},\"image\":{\"@id\":\"https:\\\/\\\/www.anovapeneira.gal\\\/index.php\\\/2022\\\/01\\\/27\\\/afamo-abre-en-febreiro-nova-dede-en-bueu-co-apoio-do-concello\\\/#primaryimage\"},\"thumbnailUrl\":\"https:\\\/\\\/www.anovapeneira.gal\\\/wp-content\\\/uploads\\\/2022\\\/01\\\/afamo_bueu.jpg\",\"keywords\":[\"Concello de Bueu\"],\"articleSection\":[\"Morrazo\"],\"inLanguage\":\"gl-ES\",\"potentialAction\":[{\"@type\":\"CommentAction\",\"name\":\"Comment\",\"target\":[\"https:\\\/\\\/www.anovapeneira.gal\\\/index.php\\\/2022\\\/01\\\/27\\\/afamo-abre-en-febreiro-nova-dede-en-bueu-co-apoio-do-concello\\\/#respond\"]}]},{\"@type\":\"WebPage\",\"@id\":\"https:\\\/\\\/www.anovapeneira.gal\\\/index.php\\\/2022\\\/01\\\/27\\\/afamo-abre-en-febreiro-nova-dede-en-bueu-co-apoio-do-concello\\\/\",\"url\":\"https:\\\/\\\/www.anovapeneira.gal\\\/index.php\\\/2022\\\/01\\\/27\\\/afamo-abre-en-febreiro-nova-dede-en-bueu-co-apoio-do-concello\\\/\",\"name\":\"AFAMO abre en febreiro nova dede en Bueu co apoio do Concello -\",\"isPartOf\":{\"@id\":\"https:\\\/\\\/www.anovapeneira.gal\\\/#website\"},\"primaryImageOfPage\":{\"@id\":\"https:\\\/\\\/www.anovapeneira.gal\\\/index.php\\\/2022\\\/01\\\/27\\\/afamo-abre-en-febreiro-nova-dede-en-bueu-co-apoio-do-concello\\\/#primaryimage\"},\"image\":{\"@id\":\"https:\\\/\\\/www.anovapeneira.gal\\\/index.php\\\/2022\\\/01\\\/27\\\/afamo-abre-en-febreiro-nova-dede-en-bueu-co-apoio-do-concello\\\/#primaryimage\"},\"thumbnailUrl\":\"https:\\\/\\\/www.anovapeneira.gal\\\/wp-content\\\/uploads\\\/2022\\\/01\\\/afamo_bueu.jpg\",\"datePublished\":\"2022-01-27T11:00:19+00:00\",\"description\":\"No programa de apoio \u00e1s iniciativas e entidades sociais, o Concello de Bueu ceder\u00e1 un espazo na Casa da Aldea de Meiro para que sexa utilizado pola Asociaci\u00f3n de Familiares de Enfermos de Alzheimer do Morrazo (AFAMO)\",\"breadcrumb\":{\"@id\":\"https:\\\/\\\/www.anovapeneira.gal\\\/index.php\\\/2022\\\/01\\\/27\\\/afamo-abre-en-febreiro-nova-dede-en-bueu-co-apoio-do-concello\\\/#breadcrumb\"},\"inLanguage\":\"gl-ES\",\"potentialAction\":[{\"@type\":\"ReadAction\",\"target\":[\"https:\\\/\\\/www.anovapeneira.gal\\\/index.php\\\/2022\\\/01\\\/27\\\/afamo-abre-en-febreiro-nova-dede-en-bueu-co-apoio-do-concello\\\/\"]}]},{\"@type\":\"ImageObject\",\"inLanguage\":\"gl-ES\",\"@id\":\"https:\\\/\\\/www.anovapeneira.gal\\\/index.php\\\/2022\\\/01\\\/27\\\/afamo-abre-en-febreiro-nova-dede-en-bueu-co-apoio-do-concello\\\/#primaryimage\",\"url\":\"https:\\\/\\\/www.anovapeneira.gal\\\/wp-content\\\/uploads\\\/2022\\\/01\\\/afamo_bueu.jpg\",\"contentUrl\":\"https:\\\/\\\/www.anovapeneira.gal\\\/wp-content\\\/uploads\\\/2022\\\/01\\\/afamo_bueu.jpg\",\"width\":720,\"height\":432,\"caption\":\"AFAMO abre en febreiro nova dede en Bueu co apoio do Concello\"},{\"@type\":\"BreadcrumbList\",\"@id\":\"https:\\\/\\\/www.anovapeneira.gal\\\/index.php\\\/2022\\\/01\\\/27\\\/afamo-abre-en-febreiro-nova-dede-en-bueu-co-apoio-do-concello\\\/#breadcrumb\",\"itemListElement\":[{\"@type\":\"ListItem\",\"position\":1,\"name\":\"Portada\",\"item\":\"https:\\\/\\\/www.anovapeneira.gal\\\/\"},{\"@type\":\"ListItem\",\"position\":2,\"name\":\"AFAMO abre en febreiro nova dede en Bueu co apoio do Concello\"}]},{\"@type\":\"WebSite\",\"@id\":\"https:\\\/\\\/www.anovapeneira.gal\\\/#website\",\"url\":\"https:\\\/\\\/www.anovapeneira.gal\\\/\",\"name\":\"\",\"description\":\"Xornal galego de informaci\u00f3n xeral Publicaci\u00f3n mensual de novas de Galicia e en especial dos Concellos da sur da provincia de Pontevedra.\",\"publisher\":{\"@id\":\"https:\\\/\\\/www.anovapeneira.gal\\\/#organization\"},\"potentialAction\":[{\"@type\":\"SearchAction\",\"target\":{\"@type\":\"EntryPoint\",\"urlTemplate\":\"https:\\\/\\\/www.anovapeneira.gal\\\/?s={search_term_string}\"},\"query-input\":{\"@type\":\"PropertyValueSpecification\",\"valueRequired\":true,\"valueName\":\"search_term_string\"}}],\"inLanguage\":\"gl-ES\"},{\"@type\":\"Organization\",\"@id\":\"https:\\\/\\\/www.anovapeneira.gal\\\/#organization\",\"name\":\"A Nova Peneira\",\"url\":\"https:\\\/\\\/www.anovapeneira.gal\\\/\",\"logo\":{\"@type\":\"ImageObject\",\"inLanguage\":\"gl-ES\",\"@id\":\"https:\\\/\\\/www.anovapeneira.gal\\\/#\\\/schema\\\/logo\\\/image\\\/\",\"url\":\"http:\\\/\\\/www.anovapeneira.gal\\\/wp-content\\\/uploads\\\/2019\\\/06\\\/logo_a_nova_peneira_portal_web.png\",\"contentUrl\":\"http:\\\/\\\/www.anovapeneira.gal\\\/wp-content\\\/uploads\\\/2019\\\/06\\\/logo_a_nova_peneira_portal_web.png\",\"width\":300,\"height\":100,\"caption\":\"A Nova Peneira\"},\"image\":{\"@id\":\"https:\\\/\\\/www.anovapeneira.gal\\\/#\\\/schema\\\/logo\\\/image\\\/\"},\"sameAs\":[\"https:\\\/\\\/www.facebook.com\\\/anovapeneira\",\"https:\\\/\\\/x.com\\\/APeneira\"]},{\"@type\":\"Person\",\"@id\":\"https:\\\/\\\/www.anovapeneira.gal\\\/#\\\/schema\\\/person\\\/b93e3f8932e3f8da96334607eb6ac6aa\",\"name\":\"Redacci\u00f3n A Nova Peneira\",\"image\":{\"@type\":\"ImageObject\",\"inLanguage\":\"gl-ES\",\"@id\":\"https:\\\/\\\/secure.gravatar.com\\\/avatar\\\/c052a2551a06e23fac63626232eaa90abd78dbcf1700fc46a2b2c89fd27b735f?s=96&d=mm&r=g\",\"url\":\"https:\\\/\\\/secure.gravatar.com\\\/avatar\\\/c052a2551a06e23fac63626232eaa90abd78dbcf1700fc46a2b2c89fd27b735f?s=96&d=mm&r=g\",\"contentUrl\":\"https:\\\/\\\/secure.gravatar.com\\\/avatar\\\/c052a2551a06e23fac63626232eaa90abd78dbcf1700fc46a2b2c89fd27b735f?s=96&d=mm&r=g\",\"caption\":\"Redacci\u00f3n A Nova Peneira\"},\"sameAs\":[\"http:\\\/\\\/www.anovapeneira.gal\\\/\"],\"url\":\"https:\\\/\\\/www.anovapeneira.gal\\\/index.php\\\/author\\\/redactor\\\/\"}]}<\/script>\n<!-- \/ Yoast SEO plugin. -->","yoast_head_json":{"title":"AFAMO abre en febreiro nova dede en Bueu co apoio do Concello -","description":"No programa de apoio \u00e1s iniciativas e entidades sociais, o Concello de Bueu ceder\u00e1 un espazo na Casa da Aldea de Meiro para que sexa utilizado pola Asociaci\u00f3n de Familiares de Enfermos de Alzheimer do Morrazo (AFAMO)","robots":{"index":"index","follow":"follow","max-snippet":"max-snippet:-1","max-image-preview":"max-image-preview:large","max-video-preview":"max-video-preview:-1"},"canonical":"https:\/\/www.anovapeneira.gal\/index.php\/2022\/01\/27\/afamo-abre-en-febreiro-nova-dede-en-bueu-co-apoio-do-concello\/","og_locale":"gl_ES","og_type":"article","og_title":"AFAMO abre en febreiro nova dede en Bueu co apoio do Concello -","og_description":"No programa de apoio \u00e1s iniciativas e entidades sociais, o Concello de Bueu ceder\u00e1 un espazo na Casa da Aldea de Meiro para que sexa utilizado pola Asociaci\u00f3n de Familiares de Enfermos de Alzheimer do Morrazo (AFAMO)","og_url":"https:\/\/www.anovapeneira.gal\/index.php\/2022\/01\/27\/afamo-abre-en-febreiro-nova-dede-en-bueu-co-apoio-do-concello\/","article_publisher":"https:\/\/www.facebook.com\/anovapeneira","article_published_time":"2022-01-27T11:00:19+00:00","og_image":[{"width":720,"height":432,"url":"https:\/\/www.anovapeneira.gal\/wp-content\/uploads\/2022\/01\/afamo_bueu.jpg","type":"image\/jpeg"}],"author":"Redacci\u00f3n A Nova Peneira","twitter_card":"summary_large_image","twitter_creator":"@APeneira","twitter_site":"@APeneira","twitter_misc":{"Escrito por":"Redacci\u00f3n A Nova Peneira","Tempo de lectura":"4 minutos"},"schema":{"@context":"https:\/\/schema.org","@graph":[{"@type":"Article","@id":"https:\/\/www.anovapeneira.gal\/index.php\/2022\/01\/27\/afamo-abre-en-febreiro-nova-dede-en-bueu-co-apoio-do-concello\/#article","isPartOf":{"@id":"https:\/\/www.anovapeneira.gal\/index.php\/2022\/01\/27\/afamo-abre-en-febreiro-nova-dede-en-bueu-co-apoio-do-concello\/"},"author":{"name":"Redacci\u00f3n A Nova Peneira","@id":"https:\/\/www.anovapeneira.gal\/#\/schema\/person\/b93e3f8932e3f8da96334607eb6ac6aa"},"headline":"AFAMO abre en febreiro nova dede en Bueu co apoio do Concello","datePublished":"2022-01-27T11:00:19+00:00","mainEntityOfPage":{"@id":"https:\/\/www.anovapeneira.gal\/index.php\/2022\/01\/27\/afamo-abre-en-febreiro-nova-dede-en-bueu-co-apoio-do-concello\/"},"wordCount":667,"commentCount":0,"publisher":{"@id":"https:\/\/www.anovapeneira.gal\/#organization"},"image":{"@id":"https:\/\/www.anovapeneira.gal\/index.php\/2022\/01\/27\/afamo-abre-en-febreiro-nova-dede-en-bueu-co-apoio-do-concello\/#primaryimage"},"thumbnailUrl":"https:\/\/www.anovapeneira.gal\/wp-content\/uploads\/2022\/01\/afamo_bueu.jpg","keywords":["Concello de Bueu"],"articleSection":["Morrazo"],"inLanguage":"gl-ES","potentialAction":[{"@type":"CommentAction","name":"Comment","target":["https:\/\/www.anovapeneira.gal\/index.php\/2022\/01\/27\/afamo-abre-en-febreiro-nova-dede-en-bueu-co-apoio-do-concello\/#respond"]}]},{"@type":"WebPage","@id":"https:\/\/www.anovapeneira.gal\/index.php\/2022\/01\/27\/afamo-abre-en-febreiro-nova-dede-en-bueu-co-apoio-do-concello\/","url":"https:\/\/www.anovapeneira.gal\/index.php\/2022\/01\/27\/afamo-abre-en-febreiro-nova-dede-en-bueu-co-apoio-do-concello\/","name":"AFAMO abre en febreiro nova dede en Bueu co apoio do Concello -","isPartOf":{"@id":"https:\/\/www.anovapeneira.gal\/#website"},"primaryImageOfPage":{"@id":"https:\/\/www.anovapeneira.gal\/index.php\/2022\/01\/27\/afamo-abre-en-febreiro-nova-dede-en-bueu-co-apoio-do-concello\/#primaryimage"},"image":{"@id":"https:\/\/www.anovapeneira.gal\/index.php\/2022\/01\/27\/afamo-abre-en-febreiro-nova-dede-en-bueu-co-apoio-do-concello\/#primaryimage"},"thumbnailUrl":"https:\/\/www.anovapeneira.gal\/wp-content\/uploads\/2022\/01\/afamo_bueu.jpg","datePublished":"2022-01-27T11:00:19+00:00","description":"No programa de apoio \u00e1s iniciativas e entidades sociais, o Concello de Bueu ceder\u00e1 un espazo na Casa da Aldea de Meiro para que sexa utilizado pola Asociaci\u00f3n de Familiares de Enfermos de Alzheimer do Morrazo (AFAMO)","breadcrumb":{"@id":"https:\/\/www.anovapeneira.gal\/index.php\/2022\/01\/27\/afamo-abre-en-febreiro-nova-dede-en-bueu-co-apoio-do-concello\/#breadcrumb"},"inLanguage":"gl-ES","potentialAction":[{"@type":"ReadAction","target":["https:\/\/www.anovapeneira.gal\/index.php\/2022\/01\/27\/afamo-abre-en-febreiro-nova-dede-en-bueu-co-apoio-do-concello\/"]}]},{"@type":"ImageObject","inLanguage":"gl-ES","@id":"https:\/\/www.anovapeneira.gal\/index.php\/2022\/01\/27\/afamo-abre-en-febreiro-nova-dede-en-bueu-co-apoio-do-concello\/#primaryimage","url":"https:\/\/www.anovapeneira.gal\/wp-content\/uploads\/2022\/01\/afamo_bueu.jpg","contentUrl":"https:\/\/www.anovapeneira.gal\/wp-content\/uploads\/2022\/01\/afamo_bueu.jpg","width":720,"height":432,"caption":"AFAMO abre en febreiro nova dede en Bueu co apoio do Concello"},{"@type":"BreadcrumbList","@id":"https:\/\/www.anovapeneira.gal\/index.php\/2022\/01\/27\/afamo-abre-en-febreiro-nova-dede-en-bueu-co-apoio-do-concello\/#breadcrumb","itemListElement":[{"@type":"ListItem","position":1,"name":"Portada","item":"https:\/\/www.anovapeneira.gal\/"},{"@type":"ListItem","position":2,"name":"AFAMO abre en febreiro nova dede en Bueu co apoio do Concello"}]},{"@type":"WebSite","@id":"https:\/\/www.anovapeneira.gal\/#website","url":"https:\/\/www.anovapeneira.gal\/","name":"","description":"Xornal galego de informaci\u00f3n xeral Publicaci\u00f3n mensual de novas de Galicia e en especial dos Concellos da sur da provincia de Pontevedra.","publisher":{"@id":"https:\/\/www.anovapeneira.gal\/#organization"},"potentialAction":[{"@type":"SearchAction","target":{"@type":"EntryPoint","urlTemplate":"https:\/\/www.anovapeneira.gal\/?s={search_term_string}"},"query-input":{"@type":"PropertyValueSpecification","valueRequired":true,"valueName":"search_term_string"}}],"inLanguage":"gl-ES"},{"@type":"Organization","@id":"https:\/\/www.anovapeneira.gal\/#organization","name":"A Nova Peneira","url":"https:\/\/www.anovapeneira.gal\/","logo":{"@type":"ImageObject","inLanguage":"gl-ES","@id":"https:\/\/www.anovapeneira.gal\/#\/schema\/logo\/image\/","url":"http:\/\/www.anovapeneira.gal\/wp-content\/uploads\/2019\/06\/logo_a_nova_peneira_portal_web.png","contentUrl":"http:\/\/www.anovapeneira.gal\/wp-content\/uploads\/2019\/06\/logo_a_nova_peneira_portal_web.png","width":300,"height":100,"caption":"A Nova Peneira"},"image":{"@id":"https:\/\/www.anovapeneira.gal\/#\/schema\/logo\/image\/"},"sameAs":["https:\/\/www.facebook.com\/anovapeneira","https:\/\/x.com\/APeneira"]},{"@type":"Person","@id":"https:\/\/www.anovapeneira.gal\/#\/schema\/person\/b93e3f8932e3f8da96334607eb6ac6aa","name":"Redacci\u00f3n A Nova Peneira","image":{"@type":"ImageObject","inLanguage":"gl-ES","@id":"https:\/\/secure.gravatar.com\/avatar\/c052a2551a06e23fac63626232eaa90abd78dbcf1700fc46a2b2c89fd27b735f?s=96&d=mm&r=g","url":"https:\/\/secure.gravatar.com\/avatar\/c052a2551a06e23fac63626232eaa90abd78dbcf1700fc46a2b2c89fd27b735f?s=96&d=mm&r=g","contentUrl":"https:\/\/secure.gravatar.com\/avatar\/c052a2551a06e23fac63626232eaa90abd78dbcf1700fc46a2b2c89fd27b735f?s=96&d=mm&r=g","caption":"Redacci\u00f3n A Nova Peneira"},"sameAs":["http:\/\/www.anovapeneira.gal\/"],"url":"https:\/\/www.anovapeneira.gal\/index.php\/author\/redactor\/"}]}},"jetpack_featured_media_url":"https:\/\/www.anovapeneira.gal\/wp-content\/uploads\/2022\/01\/afamo_bueu.jpg","_links":{"self":[{"href":"https:\/\/www.anovapeneira.gal\/index.php\/wp-json\/wp\/v2\/posts\/6835","targetHints":{"allow":["GET"]}}],"collection":[{"href":"https:\/\/www.anovapeneira.gal\/index.php\/wp-json\/wp\/v2\/posts"}],"about":[{"href":"https:\/\/www.anovapeneira.gal\/index.php\/wp-json\/wp\/v2\/types\/post"}],"author":[{"embeddable":true,"href":"https:\/\/www.anovapeneira.gal\/index.php\/wp-json\/wp\/v2\/users\/3"}],"replies":[{"embeddable":true,"href":"https:\/\/www.anovapeneira.gal\/index.php\/wp-json\/wp\/v2\/comments?post=6835"}],"version-history":[{"count":1,"href":"https:\/\/www.anovapeneira.gal\/index.php\/wp-json\/wp\/v2\/posts\/6835\/revisions"}],"predecessor-version":[{"id":6837,"href":"https:\/\/www.anovapeneira.gal\/index.php\/wp-json\/wp\/v2\/posts\/6835\/revisions\/6837"}],"wp:featuredmedia":[{"embeddable":true,"href":"https:\/\/www.anovapeneira.gal\/index.php\/wp-json\/wp\/v2\/media\/6836"}],"wp:attachment":[{"href":"https:\/\/www.anovapeneira.gal\/index.php\/wp-json\/wp\/v2\/media?parent=6835"}],"wp:term":[{"taxonomy":"category","embeddable":true,"href":"https:\/\/www.anovapeneira.gal\/index.php\/wp-json\/wp\/v2\/categories?post=6835"},{"taxonomy":"post_tag","embeddable":true,"href":"https:\/\/www.anovapeneira.gal\/index.php\/wp-json\/wp\/v2\/tags?post=6835"}],"curies":[{"name":"wp","href":"https:\/\/api.w.org\/{rel}","templated":true}]}}