{"id":6847,"date":"2022-01-31T12:00:31","date_gmt":"2022-01-31T11:00:31","guid":{"rendered":"https:\/\/www.anovapeneira.gal\/?p=6847"},"modified":"2022-01-26T09:57:52","modified_gmt":"2022-01-26T08:57:52","slug":"o-bng-no-baixo-mino-ven-de-presentar-a-sua-alegacion-ao-parque-eolico-merendon","status":"publish","type":"post","link":"https:\/\/www.anovapeneira.gal\/index.php\/2022\/01\/31\/o-bng-no-baixo-mino-ven-de-presentar-a-sua-alegacion-ao-parque-eolico-merendon\/","title":{"rendered":"O BNG no Baixo Mi\u00f1o ven de presentar a s\u00faa alegaci\u00f3n ao parque e\u00f3lico Merend\u00f3n"},"content":{"rendered":"\n<h2 class=\"wp-block-heading\">A fronte nacionalista presentou unha alegaci\u00f3n contra o parque e\u00f3lico Merend\u00f3n que afecta aos concellos de Oia e O Rosal<\/h2>\n\n\n\n<p><strong>A Guarda, 24 de decembro 2021<\/strong><\/p>\n\n\n\n<p>O Bloque Nacionalista Galego ven de presentar unha alegaci\u00f3n formal \u00e1 Resoluci\u00f3n da Xefatura Territorial de Pontevedra, pola que se somet\u00eda a informaci\u00f3n p\u00fablica o parque e\u00f3lico Merend\u00f3n, localizado nos concellos de Oia e O Rosal.<br><br>A fronte nacionalista asegura que existe un clamor social na contorna que se op\u00f3n a estes proxectos e\u00f3licos polo seu elevado impacto, como evidencian as numerosas mobilizaci\u00f3ns, a recollida de sinaturas, as innumer\u00e1beis alegaci\u00f3n presentadas e o posicionamento un\u00e1nime dos concellos ameazados, de todos os signos pol\u00edticos.<\/p>\n\n\n\n<p>Por estes motivos, desde o BNG chaman a frear este modelo \u201cdepredador do territorio\u201d que defende o PP e denuncian os \u201catallos legais\u201d que est\u00e1 a usar o goberno do Feix\u00f3o para favorecer a aprobaci\u00f3n dos proxectos, como a fragmentaci\u00f3n de parques que conforman unha unidade co fin de minguar os impactos que reflicten as avaliaci\u00f3ns ambientais.<br><br>&#8220;Isto representa novamente unha forma de colonialismo empresarial coa connivencia da Xunta. \u00c9 incompatible para Oia vender natureza e ao mesmo tempo arrasala.&#8221;, cualificou pola s\u00faa parte o portavoz municipal do BNG de Oia, Xos\u00e9 Ant\u00f3n Rodr\u00edguez &#8220;Xuster&#8221;. Desde a fronte nacionalista sinalaron que espazos naturais contan con h\u00e1bitats de especial interese e protecci\u00f3n da biodiversidade, son unha zona de grande riqueza patrimonial e unha das \u00e1reas de maior densidade arqueol\u00f3xica de toda Galiza.<\/p>\n\n\n\n<p>As nacionalistas mant\u00e9\u00f1ense na s\u00faa posici\u00f3n contraria a este modelo e\u00f3lico promovido polo gobern\u00f3 de N\u00fa\u00f1ez Feixoo no que se prima o beneficio econ\u00f3mico das grandes empresas do c\u00e1rtel el\u00e9ctrico mentres o territorio afectado fica apenas cos prexu\u00edzos que a explotaci\u00f3n salvaxe dos seus recursos provoca.<\/p>\n","protected":false},"excerpt":{"rendered":"<div class=\"mh-excerpt\"><p>A fronte nacionalista presentou unha alegaci\u00f3n contra o parque e\u00f3lico Merend\u00f3n que afecta aos concellos de Oia e O Rosal <a class=\"mh-excerpt-more\" href=\"https:\/\/www.anovapeneira.gal\/index.php\/2022\/01\/31\/o-bng-no-baixo-mino-ven-de-presentar-a-sua-alegacion-ao-parque-eolico-merendon\/\" title=\"O BNG no Baixo Mi\u00f1o ven de presentar a s\u00faa alegaci\u00f3n ao parque e\u00f3lico Merend\u00f3n\">[&#8230;]<\/a><\/p>\n<\/div>","protected":false},"author":3,"featured_media":4347,"comment_status":"open","ping_status":"open","sticky":false,"template":"","format":"standard","meta":{"_exactmetrics_skip_tracking":false,"_exactmetrics_sitenote_active":false,"_exactmetrics_sitenote_note":"","_exactmetrics_sitenote_category":0,"footnotes":""},"categories":[21],"tags":[456,131],"class_list":{"0":"post-6847","1":"post","2":"type-post","3":"status-publish","4":"format-standard","5":"has-post-thumbnail","7":"category-baixo-mino","8":"tag-concello-de-oia","9":"tag-concello-do-rosal"},"yoast_head":"<!-- This site is optimized with the Yoast SEO plugin v27.4 - https:\/\/yoast.com\/product\/yoast-seo-wordpress\/ -->\n<title>O BNG no Baixo Mi\u00f1o ven de presentar a s\u00faa alegaci\u00f3n ao parque e\u00f3lico Merend\u00f3n -<\/title>\n<meta name=\"description\" content=\"A fronte nacionalista presentou unha alegaci\u00f3n contra o parque e\u00f3lico Merend\u00f3n que afecta aos concellos de Oia e O Rosal\" \/>\n<meta name=\"robots\" content=\"index, follow, max-snippet:-1, max-image-preview:large, max-video-preview:-1\" \/>\n<link rel=\"canonical\" href=\"https:\/\/www.anovapeneira.gal\/index.php\/2022\/01\/31\/o-bng-no-baixo-mino-ven-de-presentar-a-sua-alegacion-ao-parque-eolico-merendon\/\" \/>\n<meta property=\"og:locale\" content=\"gl_ES\" \/>\n<meta property=\"og:type\" content=\"article\" \/>\n<meta property=\"og:title\" content=\"O BNG no Baixo Mi\u00f1o ven de presentar a s\u00faa alegaci\u00f3n ao parque e\u00f3lico Merend\u00f3n -\" \/>\n<meta property=\"og:description\" content=\"A fronte nacionalista presentou unha alegaci\u00f3n contra o parque e\u00f3lico Merend\u00f3n que afecta aos concellos de Oia e O Rosal\" \/>\n<meta property=\"og:url\" content=\"https:\/\/www.anovapeneira.gal\/index.php\/2022\/01\/31\/o-bng-no-baixo-mino-ven-de-presentar-a-sua-alegacion-ao-parque-eolico-merendon\/\" \/>\n<meta property=\"article:publisher\" content=\"https:\/\/www.facebook.com\/anovapeneira\" \/>\n<meta property=\"article:published_time\" content=\"2022-01-31T11:00:31+00:00\" \/>\n<meta property=\"og:image\" content=\"https:\/\/www.anovapeneira.gal\/wp-content\/uploads\/2020\/11\/parque_eolico_a_nova_peneira.jpg\" \/>\n\t<meta property=\"og:image:width\" content=\"720\" \/>\n\t<meta property=\"og:image:height\" content=\"432\" \/>\n\t<meta property=\"og:image:type\" content=\"image\/jpeg\" \/>\n<meta name=\"author\" content=\"Redacci\u00f3n A Nova Peneira\" \/>\n<meta name=\"twitter:card\" content=\"summary_large_image\" \/>\n<meta name=\"twitter:creator\" content=\"@APeneira\" \/>\n<meta name=\"twitter:site\" content=\"@APeneira\" \/>\n<meta name=\"twitter:label1\" content=\"Escrito por\" \/>\n\t<meta name=\"twitter:data1\" content=\"Redacci\u00f3n A Nova Peneira\" \/>\n\t<meta name=\"twitter:label2\" content=\"Tempo de lectura\" \/>\n\t<meta name=\"twitter:data2\" content=\"2 minutos\" \/>\n<script type=\"application\/ld+json\" class=\"yoast-schema-graph\">{\"@context\":\"https:\\\/\\\/schema.org\",\"@graph\":[{\"@type\":\"Article\",\"@id\":\"https:\\\/\\\/www.anovapeneira.gal\\\/index.php\\\/2022\\\/01\\\/31\\\/o-bng-no-baixo-mino-ven-de-presentar-a-sua-alegacion-ao-parque-eolico-merendon\\\/#article\",\"isPartOf\":{\"@id\":\"https:\\\/\\\/www.anovapeneira.gal\\\/index.php\\\/2022\\\/01\\\/31\\\/o-bng-no-baixo-mino-ven-de-presentar-a-sua-alegacion-ao-parque-eolico-merendon\\\/\"},\"author\":{\"name\":\"Redacci\u00f3n A Nova Peneira\",\"@id\":\"https:\\\/\\\/www.anovapeneira.gal\\\/#\\\/schema\\\/person\\\/b93e3f8932e3f8da96334607eb6ac6aa\"},\"headline\":\"O BNG no Baixo Mi\u00f1o ven de presentar a s\u00faa alegaci\u00f3n ao parque e\u00f3lico Merend\u00f3n\",\"datePublished\":\"2022-01-31T11:00:31+00:00\",\"mainEntityOfPage\":{\"@id\":\"https:\\\/\\\/www.anovapeneira.gal\\\/index.php\\\/2022\\\/01\\\/31\\\/o-bng-no-baixo-mino-ven-de-presentar-a-sua-alegacion-ao-parque-eolico-merendon\\\/\"},\"wordCount\":339,\"commentCount\":0,\"publisher\":{\"@id\":\"https:\\\/\\\/www.anovapeneira.gal\\\/#organization\"},\"image\":{\"@id\":\"https:\\\/\\\/www.anovapeneira.gal\\\/index.php\\\/2022\\\/01\\\/31\\\/o-bng-no-baixo-mino-ven-de-presentar-a-sua-alegacion-ao-parque-eolico-merendon\\\/#primaryimage\"},\"thumbnailUrl\":\"https:\\\/\\\/www.anovapeneira.gal\\\/wp-content\\\/uploads\\\/2020\\\/11\\\/parque_eolico_a_nova_peneira.jpg\",\"keywords\":[\"Concello de Oia\",\"Concello do Rosal\"],\"articleSection\":[\"Baixo Mi\u00f1o\"],\"inLanguage\":\"gl-ES\",\"potentialAction\":[{\"@type\":\"CommentAction\",\"name\":\"Comment\",\"target\":[\"https:\\\/\\\/www.anovapeneira.gal\\\/index.php\\\/2022\\\/01\\\/31\\\/o-bng-no-baixo-mino-ven-de-presentar-a-sua-alegacion-ao-parque-eolico-merendon\\\/#respond\"]}]},{\"@type\":\"WebPage\",\"@id\":\"https:\\\/\\\/www.anovapeneira.gal\\\/index.php\\\/2022\\\/01\\\/31\\\/o-bng-no-baixo-mino-ven-de-presentar-a-sua-alegacion-ao-parque-eolico-merendon\\\/\",\"url\":\"https:\\\/\\\/www.anovapeneira.gal\\\/index.php\\\/2022\\\/01\\\/31\\\/o-bng-no-baixo-mino-ven-de-presentar-a-sua-alegacion-ao-parque-eolico-merendon\\\/\",\"name\":\"O BNG no Baixo Mi\u00f1o ven de presentar a s\u00faa alegaci\u00f3n ao parque e\u00f3lico Merend\u00f3n -\",\"isPartOf\":{\"@id\":\"https:\\\/\\\/www.anovapeneira.gal\\\/#website\"},\"primaryImageOfPage\":{\"@id\":\"https:\\\/\\\/www.anovapeneira.gal\\\/index.php\\\/2022\\\/01\\\/31\\\/o-bng-no-baixo-mino-ven-de-presentar-a-sua-alegacion-ao-parque-eolico-merendon\\\/#primaryimage\"},\"image\":{\"@id\":\"https:\\\/\\\/www.anovapeneira.gal\\\/index.php\\\/2022\\\/01\\\/31\\\/o-bng-no-baixo-mino-ven-de-presentar-a-sua-alegacion-ao-parque-eolico-merendon\\\/#primaryimage\"},\"thumbnailUrl\":\"https:\\\/\\\/www.anovapeneira.gal\\\/wp-content\\\/uploads\\\/2020\\\/11\\\/parque_eolico_a_nova_peneira.jpg\",\"datePublished\":\"2022-01-31T11:00:31+00:00\",\"description\":\"A fronte nacionalista presentou unha alegaci\u00f3n contra o parque e\u00f3lico Merend\u00f3n que afecta aos concellos de Oia e O Rosal\",\"breadcrumb\":{\"@id\":\"https:\\\/\\\/www.anovapeneira.gal\\\/index.php\\\/2022\\\/01\\\/31\\\/o-bng-no-baixo-mino-ven-de-presentar-a-sua-alegacion-ao-parque-eolico-merendon\\\/#breadcrumb\"},\"inLanguage\":\"gl-ES\",\"potentialAction\":[{\"@type\":\"ReadAction\",\"target\":[\"https:\\\/\\\/www.anovapeneira.gal\\\/index.php\\\/2022\\\/01\\\/31\\\/o-bng-no-baixo-mino-ven-de-presentar-a-sua-alegacion-ao-parque-eolico-merendon\\\/\"]}]},{\"@type\":\"ImageObject\",\"inLanguage\":\"gl-ES\",\"@id\":\"https:\\\/\\\/www.anovapeneira.gal\\\/index.php\\\/2022\\\/01\\\/31\\\/o-bng-no-baixo-mino-ven-de-presentar-a-sua-alegacion-ao-parque-eolico-merendon\\\/#primaryimage\",\"url\":\"https:\\\/\\\/www.anovapeneira.gal\\\/wp-content\\\/uploads\\\/2020\\\/11\\\/parque_eolico_a_nova_peneira.jpg\",\"contentUrl\":\"https:\\\/\\\/www.anovapeneira.gal\\\/wp-content\\\/uploads\\\/2020\\\/11\\\/parque_eolico_a_nova_peneira.jpg\",\"width\":720,\"height\":432,\"caption\":\"Aldeas con horizonte\"},{\"@type\":\"BreadcrumbList\",\"@id\":\"https:\\\/\\\/www.anovapeneira.gal\\\/index.php\\\/2022\\\/01\\\/31\\\/o-bng-no-baixo-mino-ven-de-presentar-a-sua-alegacion-ao-parque-eolico-merendon\\\/#breadcrumb\",\"itemListElement\":[{\"@type\":\"ListItem\",\"position\":1,\"name\":\"Portada\",\"item\":\"https:\\\/\\\/www.anovapeneira.gal\\\/\"},{\"@type\":\"ListItem\",\"position\":2,\"name\":\"O BNG no Baixo Mi\u00f1o ven de presentar a s\u00faa alegaci\u00f3n ao parque e\u00f3lico Merend\u00f3n\"}]},{\"@type\":\"WebSite\",\"@id\":\"https:\\\/\\\/www.anovapeneira.gal\\\/#website\",\"url\":\"https:\\\/\\\/www.anovapeneira.gal\\\/\",\"name\":\"\",\"description\":\"Xornal galego de informaci\u00f3n xeral Publicaci\u00f3n mensual de novas de Galicia e en especial dos Concellos da sur da provincia de Pontevedra.\",\"publisher\":{\"@id\":\"https:\\\/\\\/www.anovapeneira.gal\\\/#organization\"},\"potentialAction\":[{\"@type\":\"SearchAction\",\"target\":{\"@type\":\"EntryPoint\",\"urlTemplate\":\"https:\\\/\\\/www.anovapeneira.gal\\\/?s={search_term_string}\"},\"query-input\":{\"@type\":\"PropertyValueSpecification\",\"valueRequired\":true,\"valueName\":\"search_term_string\"}}],\"inLanguage\":\"gl-ES\"},{\"@type\":\"Organization\",\"@id\":\"https:\\\/\\\/www.anovapeneira.gal\\\/#organization\",\"name\":\"A Nova Peneira\",\"url\":\"https:\\\/\\\/www.anovapeneira.gal\\\/\",\"logo\":{\"@type\":\"ImageObject\",\"inLanguage\":\"gl-ES\",\"@id\":\"https:\\\/\\\/www.anovapeneira.gal\\\/#\\\/schema\\\/logo\\\/image\\\/\",\"url\":\"http:\\\/\\\/www.anovapeneira.gal\\\/wp-content\\\/uploads\\\/2019\\\/06\\\/logo_a_nova_peneira_portal_web.png\",\"contentUrl\":\"http:\\\/\\\/www.anovapeneira.gal\\\/wp-content\\\/uploads\\\/2019\\\/06\\\/logo_a_nova_peneira_portal_web.png\",\"width\":300,\"height\":100,\"caption\":\"A Nova Peneira\"},\"image\":{\"@id\":\"https:\\\/\\\/www.anovapeneira.gal\\\/#\\\/schema\\\/logo\\\/image\\\/\"},\"sameAs\":[\"https:\\\/\\\/www.facebook.com\\\/anovapeneira\",\"https:\\\/\\\/x.com\\\/APeneira\"]},{\"@type\":\"Person\",\"@id\":\"https:\\\/\\\/www.anovapeneira.gal\\\/#\\\/schema\\\/person\\\/b93e3f8932e3f8da96334607eb6ac6aa\",\"name\":\"Redacci\u00f3n A Nova Peneira\",\"image\":{\"@type\":\"ImageObject\",\"inLanguage\":\"gl-ES\",\"@id\":\"https:\\\/\\\/secure.gravatar.com\\\/avatar\\\/c052a2551a06e23fac63626232eaa90abd78dbcf1700fc46a2b2c89fd27b735f?s=96&d=mm&r=g\",\"url\":\"https:\\\/\\\/secure.gravatar.com\\\/avatar\\\/c052a2551a06e23fac63626232eaa90abd78dbcf1700fc46a2b2c89fd27b735f?s=96&d=mm&r=g\",\"contentUrl\":\"https:\\\/\\\/secure.gravatar.com\\\/avatar\\\/c052a2551a06e23fac63626232eaa90abd78dbcf1700fc46a2b2c89fd27b735f?s=96&d=mm&r=g\",\"caption\":\"Redacci\u00f3n A Nova Peneira\"},\"sameAs\":[\"http:\\\/\\\/www.anovapeneira.gal\\\/\"],\"url\":\"https:\\\/\\\/www.anovapeneira.gal\\\/index.php\\\/author\\\/redactor\\\/\"}]}<\/script>\n<!-- \/ Yoast SEO plugin. -->","yoast_head_json":{"title":"O BNG no Baixo Mi\u00f1o ven de presentar a s\u00faa alegaci\u00f3n ao parque e\u00f3lico Merend\u00f3n -","description":"A fronte nacionalista presentou unha alegaci\u00f3n contra o parque e\u00f3lico Merend\u00f3n que afecta aos concellos de Oia e O Rosal","robots":{"index":"index","follow":"follow","max-snippet":"max-snippet:-1","max-image-preview":"max-image-preview:large","max-video-preview":"max-video-preview:-1"},"canonical":"https:\/\/www.anovapeneira.gal\/index.php\/2022\/01\/31\/o-bng-no-baixo-mino-ven-de-presentar-a-sua-alegacion-ao-parque-eolico-merendon\/","og_locale":"gl_ES","og_type":"article","og_title":"O BNG no Baixo Mi\u00f1o ven de presentar a s\u00faa alegaci\u00f3n ao parque e\u00f3lico Merend\u00f3n -","og_description":"A fronte nacionalista presentou unha alegaci\u00f3n contra o parque e\u00f3lico Merend\u00f3n que afecta aos concellos de Oia e O Rosal","og_url":"https:\/\/www.anovapeneira.gal\/index.php\/2022\/01\/31\/o-bng-no-baixo-mino-ven-de-presentar-a-sua-alegacion-ao-parque-eolico-merendon\/","article_publisher":"https:\/\/www.facebook.com\/anovapeneira","article_published_time":"2022-01-31T11:00:31+00:00","og_image":[{"width":720,"height":432,"url":"https:\/\/www.anovapeneira.gal\/wp-content\/uploads\/2020\/11\/parque_eolico_a_nova_peneira.jpg","type":"image\/jpeg"}],"author":"Redacci\u00f3n A Nova Peneira","twitter_card":"summary_large_image","twitter_creator":"@APeneira","twitter_site":"@APeneira","twitter_misc":{"Escrito por":"Redacci\u00f3n A Nova Peneira","Tempo de lectura":"2 minutos"},"schema":{"@context":"https:\/\/schema.org","@graph":[{"@type":"Article","@id":"https:\/\/www.anovapeneira.gal\/index.php\/2022\/01\/31\/o-bng-no-baixo-mino-ven-de-presentar-a-sua-alegacion-ao-parque-eolico-merendon\/#article","isPartOf":{"@id":"https:\/\/www.anovapeneira.gal\/index.php\/2022\/01\/31\/o-bng-no-baixo-mino-ven-de-presentar-a-sua-alegacion-ao-parque-eolico-merendon\/"},"author":{"name":"Redacci\u00f3n A Nova Peneira","@id":"https:\/\/www.anovapeneira.gal\/#\/schema\/person\/b93e3f8932e3f8da96334607eb6ac6aa"},"headline":"O BNG no Baixo Mi\u00f1o ven de presentar a s\u00faa alegaci\u00f3n ao parque e\u00f3lico Merend\u00f3n","datePublished":"2022-01-31T11:00:31+00:00","mainEntityOfPage":{"@id":"https:\/\/www.anovapeneira.gal\/index.php\/2022\/01\/31\/o-bng-no-baixo-mino-ven-de-presentar-a-sua-alegacion-ao-parque-eolico-merendon\/"},"wordCount":339,"commentCount":0,"publisher":{"@id":"https:\/\/www.anovapeneira.gal\/#organization"},"image":{"@id":"https:\/\/www.anovapeneira.gal\/index.php\/2022\/01\/31\/o-bng-no-baixo-mino-ven-de-presentar-a-sua-alegacion-ao-parque-eolico-merendon\/#primaryimage"},"thumbnailUrl":"https:\/\/www.anovapeneira.gal\/wp-content\/uploads\/2020\/11\/parque_eolico_a_nova_peneira.jpg","keywords":["Concello de Oia","Concello do Rosal"],"articleSection":["Baixo Mi\u00f1o"],"inLanguage":"gl-ES","potentialAction":[{"@type":"CommentAction","name":"Comment","target":["https:\/\/www.anovapeneira.gal\/index.php\/2022\/01\/31\/o-bng-no-baixo-mino-ven-de-presentar-a-sua-alegacion-ao-parque-eolico-merendon\/#respond"]}]},{"@type":"WebPage","@id":"https:\/\/www.anovapeneira.gal\/index.php\/2022\/01\/31\/o-bng-no-baixo-mino-ven-de-presentar-a-sua-alegacion-ao-parque-eolico-merendon\/","url":"https:\/\/www.anovapeneira.gal\/index.php\/2022\/01\/31\/o-bng-no-baixo-mino-ven-de-presentar-a-sua-alegacion-ao-parque-eolico-merendon\/","name":"O BNG no Baixo Mi\u00f1o ven de presentar a s\u00faa alegaci\u00f3n ao parque e\u00f3lico Merend\u00f3n -","isPartOf":{"@id":"https:\/\/www.anovapeneira.gal\/#website"},"primaryImageOfPage":{"@id":"https:\/\/www.anovapeneira.gal\/index.php\/2022\/01\/31\/o-bng-no-baixo-mino-ven-de-presentar-a-sua-alegacion-ao-parque-eolico-merendon\/#primaryimage"},"image":{"@id":"https:\/\/www.anovapeneira.gal\/index.php\/2022\/01\/31\/o-bng-no-baixo-mino-ven-de-presentar-a-sua-alegacion-ao-parque-eolico-merendon\/#primaryimage"},"thumbnailUrl":"https:\/\/www.anovapeneira.gal\/wp-content\/uploads\/2020\/11\/parque_eolico_a_nova_peneira.jpg","datePublished":"2022-01-31T11:00:31+00:00","description":"A fronte nacionalista presentou unha alegaci\u00f3n contra o parque e\u00f3lico Merend\u00f3n que afecta aos concellos de Oia e O Rosal","breadcrumb":{"@id":"https:\/\/www.anovapeneira.gal\/index.php\/2022\/01\/31\/o-bng-no-baixo-mino-ven-de-presentar-a-sua-alegacion-ao-parque-eolico-merendon\/#breadcrumb"},"inLanguage":"gl-ES","potentialAction":[{"@type":"ReadAction","target":["https:\/\/www.anovapeneira.gal\/index.php\/2022\/01\/31\/o-bng-no-baixo-mino-ven-de-presentar-a-sua-alegacion-ao-parque-eolico-merendon\/"]}]},{"@type":"ImageObject","inLanguage":"gl-ES","@id":"https:\/\/www.anovapeneira.gal\/index.php\/2022\/01\/31\/o-bng-no-baixo-mino-ven-de-presentar-a-sua-alegacion-ao-parque-eolico-merendon\/#primaryimage","url":"https:\/\/www.anovapeneira.gal\/wp-content\/uploads\/2020\/11\/parque_eolico_a_nova_peneira.jpg","contentUrl":"https:\/\/www.anovapeneira.gal\/wp-content\/uploads\/2020\/11\/parque_eolico_a_nova_peneira.jpg","width":720,"height":432,"caption":"Aldeas con horizonte"},{"@type":"BreadcrumbList","@id":"https:\/\/www.anovapeneira.gal\/index.php\/2022\/01\/31\/o-bng-no-baixo-mino-ven-de-presentar-a-sua-alegacion-ao-parque-eolico-merendon\/#breadcrumb","itemListElement":[{"@type":"ListItem","position":1,"name":"Portada","item":"https:\/\/www.anovapeneira.gal\/"},{"@type":"ListItem","position":2,"name":"O BNG no Baixo Mi\u00f1o ven de presentar a s\u00faa alegaci\u00f3n ao parque e\u00f3lico Merend\u00f3n"}]},{"@type":"WebSite","@id":"https:\/\/www.anovapeneira.gal\/#website","url":"https:\/\/www.anovapeneira.gal\/","name":"","description":"Xornal galego de informaci\u00f3n xeral Publicaci\u00f3n mensual de novas de Galicia e en especial dos Concellos da sur da provincia de Pontevedra.","publisher":{"@id":"https:\/\/www.anovapeneira.gal\/#organization"},"potentialAction":[{"@type":"SearchAction","target":{"@type":"EntryPoint","urlTemplate":"https:\/\/www.anovapeneira.gal\/?s={search_term_string}"},"query-input":{"@type":"PropertyValueSpecification","valueRequired":true,"valueName":"search_term_string"}}],"inLanguage":"gl-ES"},{"@type":"Organization","@id":"https:\/\/www.anovapeneira.gal\/#organization","name":"A Nova Peneira","url":"https:\/\/www.anovapeneira.gal\/","logo":{"@type":"ImageObject","inLanguage":"gl-ES","@id":"https:\/\/www.anovapeneira.gal\/#\/schema\/logo\/image\/","url":"http:\/\/www.anovapeneira.gal\/wp-content\/uploads\/2019\/06\/logo_a_nova_peneira_portal_web.png","contentUrl":"http:\/\/www.anovapeneira.gal\/wp-content\/uploads\/2019\/06\/logo_a_nova_peneira_portal_web.png","width":300,"height":100,"caption":"A Nova Peneira"},"image":{"@id":"https:\/\/www.anovapeneira.gal\/#\/schema\/logo\/image\/"},"sameAs":["https:\/\/www.facebook.com\/anovapeneira","https:\/\/x.com\/APeneira"]},{"@type":"Person","@id":"https:\/\/www.anovapeneira.gal\/#\/schema\/person\/b93e3f8932e3f8da96334607eb6ac6aa","name":"Redacci\u00f3n A Nova Peneira","image":{"@type":"ImageObject","inLanguage":"gl-ES","@id":"https:\/\/secure.gravatar.com\/avatar\/c052a2551a06e23fac63626232eaa90abd78dbcf1700fc46a2b2c89fd27b735f?s=96&d=mm&r=g","url":"https:\/\/secure.gravatar.com\/avatar\/c052a2551a06e23fac63626232eaa90abd78dbcf1700fc46a2b2c89fd27b735f?s=96&d=mm&r=g","contentUrl":"https:\/\/secure.gravatar.com\/avatar\/c052a2551a06e23fac63626232eaa90abd78dbcf1700fc46a2b2c89fd27b735f?s=96&d=mm&r=g","caption":"Redacci\u00f3n A Nova Peneira"},"sameAs":["http:\/\/www.anovapeneira.gal\/"],"url":"https:\/\/www.anovapeneira.gal\/index.php\/author\/redactor\/"}]}},"jetpack_featured_media_url":"https:\/\/www.anovapeneira.gal\/wp-content\/uploads\/2020\/11\/parque_eolico_a_nova_peneira.jpg","_links":{"self":[{"href":"https:\/\/www.anovapeneira.gal\/index.php\/wp-json\/wp\/v2\/posts\/6847","targetHints":{"allow":["GET"]}}],"collection":[{"href":"https:\/\/www.anovapeneira.gal\/index.php\/wp-json\/wp\/v2\/posts"}],"about":[{"href":"https:\/\/www.anovapeneira.gal\/index.php\/wp-json\/wp\/v2\/types\/post"}],"author":[{"embeddable":true,"href":"https:\/\/www.anovapeneira.gal\/index.php\/wp-json\/wp\/v2\/users\/3"}],"replies":[{"embeddable":true,"href":"https:\/\/www.anovapeneira.gal\/index.php\/wp-json\/wp\/v2\/comments?post=6847"}],"version-history":[{"count":1,"href":"https:\/\/www.anovapeneira.gal\/index.php\/wp-json\/wp\/v2\/posts\/6847\/revisions"}],"predecessor-version":[{"id":6848,"href":"https:\/\/www.anovapeneira.gal\/index.php\/wp-json\/wp\/v2\/posts\/6847\/revisions\/6848"}],"wp:featuredmedia":[{"embeddable":true,"href":"https:\/\/www.anovapeneira.gal\/index.php\/wp-json\/wp\/v2\/media\/4347"}],"wp:attachment":[{"href":"https:\/\/www.anovapeneira.gal\/index.php\/wp-json\/wp\/v2\/media?parent=6847"}],"wp:term":[{"taxonomy":"category","embeddable":true,"href":"https:\/\/www.anovapeneira.gal\/index.php\/wp-json\/wp\/v2\/categories?post=6847"},{"taxonomy":"post_tag","embeddable":true,"href":"https:\/\/www.anovapeneira.gal\/index.php\/wp-json\/wp\/v2\/tags?post=6847"}],"curies":[{"name":"wp","href":"https:\/\/api.w.org\/{rel}","templated":true}]}}