{"id":6849,"date":"2022-02-01T10:00:16","date_gmt":"2022-02-01T09:00:16","guid":{"rendered":"https:\/\/www.anovapeneira.gal\/?p=6849"},"modified":"2022-01-26T10:01:48","modified_gmt":"2022-01-26T09:01:48","slug":"conta-atras-para-o-comezo-das-obras-da-segunda-fase-do-estaleiro-da-banda-do-rio","status":"publish","type":"post","link":"https:\/\/www.anovapeneira.gal\/index.php\/2022\/02\/01\/conta-atras-para-o-comezo-das-obras-da-segunda-fase-do-estaleiro-da-banda-do-rio\/","title":{"rendered":"Conta atr\u00e1s para o comezo das obras da segunda fase do estaleiro da Banda do R\u00edo"},"content":{"rendered":"\n<ul class=\"wp-block-list\"><li><strong>A mesa de contrataci\u00f3n reuniuse este luns para propo\u00f1er a Construcciones e Ingenier\u00eda Messi como adxudicataria do contrato, que se divide en dous lotes e que consta de traballos de urbanizaci\u00f3n exterior e urbanizaci\u00f3n<\/strong><\/li><li><strong>F\u00e9lix Juncal, alcalde da vila, avanza que \u00e9 probable que se comecen as obras en febreiro, logo da aprobaci\u00f3n do contrato na Xunta de Goberno Local<\/strong><\/li><\/ul>\n\n\n\n<p>As obras da segunda fase de rehabilitaci\u00f3n do Estaleiro da Banda do R\u00edo comezar\u00e1n nas pr\u00f3ximas semanas, logo de que a mesa de contrataci\u00f3n propuxese este luns a Construcciones e Ingenier\u00eda Messi como empresa adxudicataria do contrato. A empresa presentou a documentaci\u00f3n requirida e levar\u00e1 a cabo a execuci\u00f3n dos dous lotes no marco das subvenci\u00f3ns do Plan Concellos 2020 da Deputaci\u00f3n de Pontevedra: o primeiro, de urbanizaci\u00f3n exterior e remate, consta dun importe de 44.533,14 \u20ac, IVE engadido; e o segundo, que consiste na musealizaci\u00f3n, de 57.615,47 \u20ac, IVE engadido.<\/p>\n\n\n\n<p>F\u00e9lix Juncal, alcalde de Bueu, apunta que \u201c\u00e9 probable que a inicios de febreiro poidamos comezar con estas obras, logo de que se aprobe o contrato na Xunta de Goberno Local\u201d. Estes traballos de musealizaci\u00f3n complementar\u00e1n a rehabilitaci\u00f3n que se rematou no 2018 e que permitiu que se iniciase a posta en valor dunha instalaci\u00f3n \u201cde alto valor patrimonial\u201d, segundo salienta o rexedor.<\/p>\n\n\n\n<p>O <strong>Estaleiro da Banda do R\u00edo<\/strong>, tam\u00e9n co\u00f1ecido como de <strong>Purro<\/strong>, at\u00f3pase a car\u00f3n da praia da Banda do R\u00edo e est\u00e1 ligado intimamente coa historia mar\u00edtima recente da vila bueuesa. Foi a derradeira carpinter\u00eda de ribeira en activo, nela traballaron e se formaron moitos profesionais e veci\u00f1os; e tam\u00e9n se constru\u00edron infinidade de embarcaci\u00f3ns.<\/p>\n\n\n\n<p>O seu peculiar aspecto converteuse en parte da paisaxe urbana de Bueu, actuando como referente da cultura mari\u00f1eira. A s\u00faa imaxe \u00e9 v\u00ednculo de uni\u00f3n entre o pobo de Bueu e o seu pasado, sempre vencellado aos barcos e ao mar.<\/p>\n","protected":false},"excerpt":{"rendered":"<div class=\"mh-excerpt\"><p>A mesa de contrataci\u00f3n reuniuse este luns para propo\u00f1er a Construcciones e Ingenier\u00eda Messi como adxudicataria do contrato, que se divide en dous lotes e que consta de traballos de urbanizaci\u00f3n exterior e urbanizaci\u00f3n <a class=\"mh-excerpt-more\" href=\"https:\/\/www.anovapeneira.gal\/index.php\/2022\/02\/01\/conta-atras-para-o-comezo-das-obras-da-segunda-fase-do-estaleiro-da-banda-do-rio\/\" title=\"Conta atr\u00e1s para o comezo das obras da segunda fase do estaleiro da Banda do R\u00edo\">[&#8230;]<\/a><\/p>\n<\/div>","protected":false},"author":3,"featured_media":6851,"comment_status":"open","ping_status":"open","sticky":false,"template":"","format":"standard","meta":{"_exactmetrics_skip_tracking":false,"_exactmetrics_sitenote_active":false,"_exactmetrics_sitenote_note":"","_exactmetrics_sitenote_category":0,"footnotes":""},"categories":[22],"tags":[440],"class_list":{"0":"post-6849","1":"post","2":"type-post","3":"status-publish","4":"format-standard","5":"has-post-thumbnail","7":"category-morrazo","8":"tag-concello-de-bueu"},"yoast_head":"<!-- This site is optimized with the Yoast SEO plugin v27.4 - https:\/\/yoast.com\/product\/yoast-seo-wordpress\/ -->\n<title>Conta atr\u00e1s para o comezo das obras da segunda fase do estaleiro da Banda do R\u00edo -<\/title>\n<meta name=\"description\" content=\"A mesa de contrataci\u00f3n reuniuse este luns para propo\u00f1er a Construcciones e Ingenier\u00eda Messi como adxudicataria do contrato, que se divide en dous lotes e que consta de traballos de urbanizaci\u00f3n exterior e urbanizaci\u00f3n\" \/>\n<meta name=\"robots\" content=\"index, follow, max-snippet:-1, max-image-preview:large, max-video-preview:-1\" \/>\n<link rel=\"canonical\" href=\"https:\/\/www.anovapeneira.gal\/index.php\/2022\/02\/01\/conta-atras-para-o-comezo-das-obras-da-segunda-fase-do-estaleiro-da-banda-do-rio\/\" \/>\n<meta property=\"og:locale\" content=\"gl_ES\" \/>\n<meta property=\"og:type\" content=\"article\" \/>\n<meta property=\"og:title\" content=\"Conta atr\u00e1s para o comezo das obras da segunda fase do estaleiro da Banda do R\u00edo -\" \/>\n<meta property=\"og:description\" content=\"A mesa de contrataci\u00f3n reuniuse este luns para propo\u00f1er a Construcciones e Ingenier\u00eda Messi como adxudicataria do contrato, que se divide en dous lotes e que consta de traballos de urbanizaci\u00f3n exterior e urbanizaci\u00f3n\" \/>\n<meta property=\"og:url\" content=\"https:\/\/www.anovapeneira.gal\/index.php\/2022\/02\/01\/conta-atras-para-o-comezo-das-obras-da-segunda-fase-do-estaleiro-da-banda-do-rio\/\" \/>\n<meta property=\"article:publisher\" content=\"https:\/\/www.facebook.com\/anovapeneira\" \/>\n<meta property=\"article:published_time\" content=\"2022-02-01T09:00:16+00:00\" \/>\n<meta property=\"og:image\" content=\"https:\/\/www.anovapeneira.gal\/wp-content\/uploads\/2022\/01\/estaleiro-banda-do-rio-4.jpg\" \/>\n\t<meta property=\"og:image:width\" content=\"720\" \/>\n\t<meta property=\"og:image:height\" content=\"432\" \/>\n\t<meta property=\"og:image:type\" content=\"image\/jpeg\" \/>\n<meta name=\"author\" content=\"Redacci\u00f3n A Nova Peneira\" \/>\n<meta name=\"twitter:card\" content=\"summary_large_image\" \/>\n<meta name=\"twitter:creator\" content=\"@APeneira\" \/>\n<meta name=\"twitter:site\" content=\"@APeneira\" \/>\n<meta name=\"twitter:label1\" content=\"Escrito por\" \/>\n\t<meta name=\"twitter:data1\" content=\"Redacci\u00f3n A Nova Peneira\" \/>\n\t<meta name=\"twitter:label2\" content=\"Tempo de lectura\" \/>\n\t<meta name=\"twitter:data2\" content=\"2 minutos\" \/>\n<script type=\"application\/ld+json\" class=\"yoast-schema-graph\">{\"@context\":\"https:\\\/\\\/schema.org\",\"@graph\":[{\"@type\":\"Article\",\"@id\":\"https:\\\/\\\/www.anovapeneira.gal\\\/index.php\\\/2022\\\/02\\\/01\\\/conta-atras-para-o-comezo-das-obras-da-segunda-fase-do-estaleiro-da-banda-do-rio\\\/#article\",\"isPartOf\":{\"@id\":\"https:\\\/\\\/www.anovapeneira.gal\\\/index.php\\\/2022\\\/02\\\/01\\\/conta-atras-para-o-comezo-das-obras-da-segunda-fase-do-estaleiro-da-banda-do-rio\\\/\"},\"author\":{\"name\":\"Redacci\u00f3n A Nova Peneira\",\"@id\":\"https:\\\/\\\/www.anovapeneira.gal\\\/#\\\/schema\\\/person\\\/b93e3f8932e3f8da96334607eb6ac6aa\"},\"headline\":\"Conta atr\u00e1s para o comezo das obras da segunda fase do estaleiro da Banda do R\u00edo\",\"datePublished\":\"2022-02-01T09:00:16+00:00\",\"mainEntityOfPage\":{\"@id\":\"https:\\\/\\\/www.anovapeneira.gal\\\/index.php\\\/2022\\\/02\\\/01\\\/conta-atras-para-o-comezo-das-obras-da-segunda-fase-do-estaleiro-da-banda-do-rio\\\/\"},\"wordCount\":359,\"commentCount\":0,\"publisher\":{\"@id\":\"https:\\\/\\\/www.anovapeneira.gal\\\/#organization\"},\"image\":{\"@id\":\"https:\\\/\\\/www.anovapeneira.gal\\\/index.php\\\/2022\\\/02\\\/01\\\/conta-atras-para-o-comezo-das-obras-da-segunda-fase-do-estaleiro-da-banda-do-rio\\\/#primaryimage\"},\"thumbnailUrl\":\"https:\\\/\\\/www.anovapeneira.gal\\\/wp-content\\\/uploads\\\/2022\\\/01\\\/estaleiro-banda-do-rio-4.jpg\",\"keywords\":[\"Concello de Bueu\"],\"articleSection\":[\"Morrazo\"],\"inLanguage\":\"gl-ES\",\"potentialAction\":[{\"@type\":\"CommentAction\",\"name\":\"Comment\",\"target\":[\"https:\\\/\\\/www.anovapeneira.gal\\\/index.php\\\/2022\\\/02\\\/01\\\/conta-atras-para-o-comezo-das-obras-da-segunda-fase-do-estaleiro-da-banda-do-rio\\\/#respond\"]}]},{\"@type\":\"WebPage\",\"@id\":\"https:\\\/\\\/www.anovapeneira.gal\\\/index.php\\\/2022\\\/02\\\/01\\\/conta-atras-para-o-comezo-das-obras-da-segunda-fase-do-estaleiro-da-banda-do-rio\\\/\",\"url\":\"https:\\\/\\\/www.anovapeneira.gal\\\/index.php\\\/2022\\\/02\\\/01\\\/conta-atras-para-o-comezo-das-obras-da-segunda-fase-do-estaleiro-da-banda-do-rio\\\/\",\"name\":\"Conta atr\u00e1s para o comezo das obras da segunda fase do estaleiro da Banda do R\u00edo -\",\"isPartOf\":{\"@id\":\"https:\\\/\\\/www.anovapeneira.gal\\\/#website\"},\"primaryImageOfPage\":{\"@id\":\"https:\\\/\\\/www.anovapeneira.gal\\\/index.php\\\/2022\\\/02\\\/01\\\/conta-atras-para-o-comezo-das-obras-da-segunda-fase-do-estaleiro-da-banda-do-rio\\\/#primaryimage\"},\"image\":{\"@id\":\"https:\\\/\\\/www.anovapeneira.gal\\\/index.php\\\/2022\\\/02\\\/01\\\/conta-atras-para-o-comezo-das-obras-da-segunda-fase-do-estaleiro-da-banda-do-rio\\\/#primaryimage\"},\"thumbnailUrl\":\"https:\\\/\\\/www.anovapeneira.gal\\\/wp-content\\\/uploads\\\/2022\\\/01\\\/estaleiro-banda-do-rio-4.jpg\",\"datePublished\":\"2022-02-01T09:00:16+00:00\",\"description\":\"A mesa de contrataci\u00f3n reuniuse este luns para propo\u00f1er a Construcciones e Ingenier\u00eda Messi como adxudicataria do contrato, que se divide en dous lotes e que consta de traballos de urbanizaci\u00f3n exterior e urbanizaci\u00f3n\",\"breadcrumb\":{\"@id\":\"https:\\\/\\\/www.anovapeneira.gal\\\/index.php\\\/2022\\\/02\\\/01\\\/conta-atras-para-o-comezo-das-obras-da-segunda-fase-do-estaleiro-da-banda-do-rio\\\/#breadcrumb\"},\"inLanguage\":\"gl-ES\",\"potentialAction\":[{\"@type\":\"ReadAction\",\"target\":[\"https:\\\/\\\/www.anovapeneira.gal\\\/index.php\\\/2022\\\/02\\\/01\\\/conta-atras-para-o-comezo-das-obras-da-segunda-fase-do-estaleiro-da-banda-do-rio\\\/\"]}]},{\"@type\":\"ImageObject\",\"inLanguage\":\"gl-ES\",\"@id\":\"https:\\\/\\\/www.anovapeneira.gal\\\/index.php\\\/2022\\\/02\\\/01\\\/conta-atras-para-o-comezo-das-obras-da-segunda-fase-do-estaleiro-da-banda-do-rio\\\/#primaryimage\",\"url\":\"https:\\\/\\\/www.anovapeneira.gal\\\/wp-content\\\/uploads\\\/2022\\\/01\\\/estaleiro-banda-do-rio-4.jpg\",\"contentUrl\":\"https:\\\/\\\/www.anovapeneira.gal\\\/wp-content\\\/uploads\\\/2022\\\/01\\\/estaleiro-banda-do-rio-4.jpg\",\"width\":720,\"height\":432,\"caption\":\"Conta atr\u00e1s para o comezo das obras da segunda fase do estaleiro da Banda do R\u00edo\"},{\"@type\":\"BreadcrumbList\",\"@id\":\"https:\\\/\\\/www.anovapeneira.gal\\\/index.php\\\/2022\\\/02\\\/01\\\/conta-atras-para-o-comezo-das-obras-da-segunda-fase-do-estaleiro-da-banda-do-rio\\\/#breadcrumb\",\"itemListElement\":[{\"@type\":\"ListItem\",\"position\":1,\"name\":\"Portada\",\"item\":\"https:\\\/\\\/www.anovapeneira.gal\\\/\"},{\"@type\":\"ListItem\",\"position\":2,\"name\":\"Conta atr\u00e1s para o comezo das obras da segunda fase do estaleiro da Banda do R\u00edo\"}]},{\"@type\":\"WebSite\",\"@id\":\"https:\\\/\\\/www.anovapeneira.gal\\\/#website\",\"url\":\"https:\\\/\\\/www.anovapeneira.gal\\\/\",\"name\":\"\",\"description\":\"Xornal galego de informaci\u00f3n xeral Publicaci\u00f3n mensual de novas de Galicia e en especial dos Concellos da sur da provincia de Pontevedra.\",\"publisher\":{\"@id\":\"https:\\\/\\\/www.anovapeneira.gal\\\/#organization\"},\"potentialAction\":[{\"@type\":\"SearchAction\",\"target\":{\"@type\":\"EntryPoint\",\"urlTemplate\":\"https:\\\/\\\/www.anovapeneira.gal\\\/?s={search_term_string}\"},\"query-input\":{\"@type\":\"PropertyValueSpecification\",\"valueRequired\":true,\"valueName\":\"search_term_string\"}}],\"inLanguage\":\"gl-ES\"},{\"@type\":\"Organization\",\"@id\":\"https:\\\/\\\/www.anovapeneira.gal\\\/#organization\",\"name\":\"A Nova Peneira\",\"url\":\"https:\\\/\\\/www.anovapeneira.gal\\\/\",\"logo\":{\"@type\":\"ImageObject\",\"inLanguage\":\"gl-ES\",\"@id\":\"https:\\\/\\\/www.anovapeneira.gal\\\/#\\\/schema\\\/logo\\\/image\\\/\",\"url\":\"http:\\\/\\\/www.anovapeneira.gal\\\/wp-content\\\/uploads\\\/2019\\\/06\\\/logo_a_nova_peneira_portal_web.png\",\"contentUrl\":\"http:\\\/\\\/www.anovapeneira.gal\\\/wp-content\\\/uploads\\\/2019\\\/06\\\/logo_a_nova_peneira_portal_web.png\",\"width\":300,\"height\":100,\"caption\":\"A Nova Peneira\"},\"image\":{\"@id\":\"https:\\\/\\\/www.anovapeneira.gal\\\/#\\\/schema\\\/logo\\\/image\\\/\"},\"sameAs\":[\"https:\\\/\\\/www.facebook.com\\\/anovapeneira\",\"https:\\\/\\\/x.com\\\/APeneira\"]},{\"@type\":\"Person\",\"@id\":\"https:\\\/\\\/www.anovapeneira.gal\\\/#\\\/schema\\\/person\\\/b93e3f8932e3f8da96334607eb6ac6aa\",\"name\":\"Redacci\u00f3n A Nova Peneira\",\"image\":{\"@type\":\"ImageObject\",\"inLanguage\":\"gl-ES\",\"@id\":\"https:\\\/\\\/secure.gravatar.com\\\/avatar\\\/c052a2551a06e23fac63626232eaa90abd78dbcf1700fc46a2b2c89fd27b735f?s=96&d=mm&r=g\",\"url\":\"https:\\\/\\\/secure.gravatar.com\\\/avatar\\\/c052a2551a06e23fac63626232eaa90abd78dbcf1700fc46a2b2c89fd27b735f?s=96&d=mm&r=g\",\"contentUrl\":\"https:\\\/\\\/secure.gravatar.com\\\/avatar\\\/c052a2551a06e23fac63626232eaa90abd78dbcf1700fc46a2b2c89fd27b735f?s=96&d=mm&r=g\",\"caption\":\"Redacci\u00f3n A Nova Peneira\"},\"sameAs\":[\"http:\\\/\\\/www.anovapeneira.gal\\\/\"],\"url\":\"https:\\\/\\\/www.anovapeneira.gal\\\/index.php\\\/author\\\/redactor\\\/\"}]}<\/script>\n<!-- \/ Yoast SEO plugin. -->","yoast_head_json":{"title":"Conta atr\u00e1s para o comezo das obras da segunda fase do estaleiro da Banda do R\u00edo -","description":"A mesa de contrataci\u00f3n reuniuse este luns para propo\u00f1er a Construcciones e Ingenier\u00eda Messi como adxudicataria do contrato, que se divide en dous lotes e que consta de traballos de urbanizaci\u00f3n exterior e urbanizaci\u00f3n","robots":{"index":"index","follow":"follow","max-snippet":"max-snippet:-1","max-image-preview":"max-image-preview:large","max-video-preview":"max-video-preview:-1"},"canonical":"https:\/\/www.anovapeneira.gal\/index.php\/2022\/02\/01\/conta-atras-para-o-comezo-das-obras-da-segunda-fase-do-estaleiro-da-banda-do-rio\/","og_locale":"gl_ES","og_type":"article","og_title":"Conta atr\u00e1s para o comezo das obras da segunda fase do estaleiro da Banda do R\u00edo -","og_description":"A mesa de contrataci\u00f3n reuniuse este luns para propo\u00f1er a Construcciones e Ingenier\u00eda Messi como adxudicataria do contrato, que se divide en dous lotes e que consta de traballos de urbanizaci\u00f3n exterior e urbanizaci\u00f3n","og_url":"https:\/\/www.anovapeneira.gal\/index.php\/2022\/02\/01\/conta-atras-para-o-comezo-das-obras-da-segunda-fase-do-estaleiro-da-banda-do-rio\/","article_publisher":"https:\/\/www.facebook.com\/anovapeneira","article_published_time":"2022-02-01T09:00:16+00:00","og_image":[{"width":720,"height":432,"url":"https:\/\/www.anovapeneira.gal\/wp-content\/uploads\/2022\/01\/estaleiro-banda-do-rio-4.jpg","type":"image\/jpeg"}],"author":"Redacci\u00f3n A Nova Peneira","twitter_card":"summary_large_image","twitter_creator":"@APeneira","twitter_site":"@APeneira","twitter_misc":{"Escrito por":"Redacci\u00f3n A Nova Peneira","Tempo de lectura":"2 minutos"},"schema":{"@context":"https:\/\/schema.org","@graph":[{"@type":"Article","@id":"https:\/\/www.anovapeneira.gal\/index.php\/2022\/02\/01\/conta-atras-para-o-comezo-das-obras-da-segunda-fase-do-estaleiro-da-banda-do-rio\/#article","isPartOf":{"@id":"https:\/\/www.anovapeneira.gal\/index.php\/2022\/02\/01\/conta-atras-para-o-comezo-das-obras-da-segunda-fase-do-estaleiro-da-banda-do-rio\/"},"author":{"name":"Redacci\u00f3n A Nova Peneira","@id":"https:\/\/www.anovapeneira.gal\/#\/schema\/person\/b93e3f8932e3f8da96334607eb6ac6aa"},"headline":"Conta atr\u00e1s para o comezo das obras da segunda fase do estaleiro da Banda do R\u00edo","datePublished":"2022-02-01T09:00:16+00:00","mainEntityOfPage":{"@id":"https:\/\/www.anovapeneira.gal\/index.php\/2022\/02\/01\/conta-atras-para-o-comezo-das-obras-da-segunda-fase-do-estaleiro-da-banda-do-rio\/"},"wordCount":359,"commentCount":0,"publisher":{"@id":"https:\/\/www.anovapeneira.gal\/#organization"},"image":{"@id":"https:\/\/www.anovapeneira.gal\/index.php\/2022\/02\/01\/conta-atras-para-o-comezo-das-obras-da-segunda-fase-do-estaleiro-da-banda-do-rio\/#primaryimage"},"thumbnailUrl":"https:\/\/www.anovapeneira.gal\/wp-content\/uploads\/2022\/01\/estaleiro-banda-do-rio-4.jpg","keywords":["Concello de Bueu"],"articleSection":["Morrazo"],"inLanguage":"gl-ES","potentialAction":[{"@type":"CommentAction","name":"Comment","target":["https:\/\/www.anovapeneira.gal\/index.php\/2022\/02\/01\/conta-atras-para-o-comezo-das-obras-da-segunda-fase-do-estaleiro-da-banda-do-rio\/#respond"]}]},{"@type":"WebPage","@id":"https:\/\/www.anovapeneira.gal\/index.php\/2022\/02\/01\/conta-atras-para-o-comezo-das-obras-da-segunda-fase-do-estaleiro-da-banda-do-rio\/","url":"https:\/\/www.anovapeneira.gal\/index.php\/2022\/02\/01\/conta-atras-para-o-comezo-das-obras-da-segunda-fase-do-estaleiro-da-banda-do-rio\/","name":"Conta atr\u00e1s para o comezo das obras da segunda fase do estaleiro da Banda do R\u00edo -","isPartOf":{"@id":"https:\/\/www.anovapeneira.gal\/#website"},"primaryImageOfPage":{"@id":"https:\/\/www.anovapeneira.gal\/index.php\/2022\/02\/01\/conta-atras-para-o-comezo-das-obras-da-segunda-fase-do-estaleiro-da-banda-do-rio\/#primaryimage"},"image":{"@id":"https:\/\/www.anovapeneira.gal\/index.php\/2022\/02\/01\/conta-atras-para-o-comezo-das-obras-da-segunda-fase-do-estaleiro-da-banda-do-rio\/#primaryimage"},"thumbnailUrl":"https:\/\/www.anovapeneira.gal\/wp-content\/uploads\/2022\/01\/estaleiro-banda-do-rio-4.jpg","datePublished":"2022-02-01T09:00:16+00:00","description":"A mesa de contrataci\u00f3n reuniuse este luns para propo\u00f1er a Construcciones e Ingenier\u00eda Messi como adxudicataria do contrato, que se divide en dous lotes e que consta de traballos de urbanizaci\u00f3n exterior e urbanizaci\u00f3n","breadcrumb":{"@id":"https:\/\/www.anovapeneira.gal\/index.php\/2022\/02\/01\/conta-atras-para-o-comezo-das-obras-da-segunda-fase-do-estaleiro-da-banda-do-rio\/#breadcrumb"},"inLanguage":"gl-ES","potentialAction":[{"@type":"ReadAction","target":["https:\/\/www.anovapeneira.gal\/index.php\/2022\/02\/01\/conta-atras-para-o-comezo-das-obras-da-segunda-fase-do-estaleiro-da-banda-do-rio\/"]}]},{"@type":"ImageObject","inLanguage":"gl-ES","@id":"https:\/\/www.anovapeneira.gal\/index.php\/2022\/02\/01\/conta-atras-para-o-comezo-das-obras-da-segunda-fase-do-estaleiro-da-banda-do-rio\/#primaryimage","url":"https:\/\/www.anovapeneira.gal\/wp-content\/uploads\/2022\/01\/estaleiro-banda-do-rio-4.jpg","contentUrl":"https:\/\/www.anovapeneira.gal\/wp-content\/uploads\/2022\/01\/estaleiro-banda-do-rio-4.jpg","width":720,"height":432,"caption":"Conta atr\u00e1s para o comezo das obras da segunda fase do estaleiro da Banda do R\u00edo"},{"@type":"BreadcrumbList","@id":"https:\/\/www.anovapeneira.gal\/index.php\/2022\/02\/01\/conta-atras-para-o-comezo-das-obras-da-segunda-fase-do-estaleiro-da-banda-do-rio\/#breadcrumb","itemListElement":[{"@type":"ListItem","position":1,"name":"Portada","item":"https:\/\/www.anovapeneira.gal\/"},{"@type":"ListItem","position":2,"name":"Conta atr\u00e1s para o comezo das obras da segunda fase do estaleiro da Banda do R\u00edo"}]},{"@type":"WebSite","@id":"https:\/\/www.anovapeneira.gal\/#website","url":"https:\/\/www.anovapeneira.gal\/","name":"","description":"Xornal galego de informaci\u00f3n xeral Publicaci\u00f3n mensual de novas de Galicia e en especial dos Concellos da sur da provincia de Pontevedra.","publisher":{"@id":"https:\/\/www.anovapeneira.gal\/#organization"},"potentialAction":[{"@type":"SearchAction","target":{"@type":"EntryPoint","urlTemplate":"https:\/\/www.anovapeneira.gal\/?s={search_term_string}"},"query-input":{"@type":"PropertyValueSpecification","valueRequired":true,"valueName":"search_term_string"}}],"inLanguage":"gl-ES"},{"@type":"Organization","@id":"https:\/\/www.anovapeneira.gal\/#organization","name":"A Nova Peneira","url":"https:\/\/www.anovapeneira.gal\/","logo":{"@type":"ImageObject","inLanguage":"gl-ES","@id":"https:\/\/www.anovapeneira.gal\/#\/schema\/logo\/image\/","url":"http:\/\/www.anovapeneira.gal\/wp-content\/uploads\/2019\/06\/logo_a_nova_peneira_portal_web.png","contentUrl":"http:\/\/www.anovapeneira.gal\/wp-content\/uploads\/2019\/06\/logo_a_nova_peneira_portal_web.png","width":300,"height":100,"caption":"A Nova Peneira"},"image":{"@id":"https:\/\/www.anovapeneira.gal\/#\/schema\/logo\/image\/"},"sameAs":["https:\/\/www.facebook.com\/anovapeneira","https:\/\/x.com\/APeneira"]},{"@type":"Person","@id":"https:\/\/www.anovapeneira.gal\/#\/schema\/person\/b93e3f8932e3f8da96334607eb6ac6aa","name":"Redacci\u00f3n A Nova Peneira","image":{"@type":"ImageObject","inLanguage":"gl-ES","@id":"https:\/\/secure.gravatar.com\/avatar\/c052a2551a06e23fac63626232eaa90abd78dbcf1700fc46a2b2c89fd27b735f?s=96&d=mm&r=g","url":"https:\/\/secure.gravatar.com\/avatar\/c052a2551a06e23fac63626232eaa90abd78dbcf1700fc46a2b2c89fd27b735f?s=96&d=mm&r=g","contentUrl":"https:\/\/secure.gravatar.com\/avatar\/c052a2551a06e23fac63626232eaa90abd78dbcf1700fc46a2b2c89fd27b735f?s=96&d=mm&r=g","caption":"Redacci\u00f3n A Nova Peneira"},"sameAs":["http:\/\/www.anovapeneira.gal\/"],"url":"https:\/\/www.anovapeneira.gal\/index.php\/author\/redactor\/"}]}},"jetpack_featured_media_url":"https:\/\/www.anovapeneira.gal\/wp-content\/uploads\/2022\/01\/estaleiro-banda-do-rio-4.jpg","_links":{"self":[{"href":"https:\/\/www.anovapeneira.gal\/index.php\/wp-json\/wp\/v2\/posts\/6849","targetHints":{"allow":["GET"]}}],"collection":[{"href":"https:\/\/www.anovapeneira.gal\/index.php\/wp-json\/wp\/v2\/posts"}],"about":[{"href":"https:\/\/www.anovapeneira.gal\/index.php\/wp-json\/wp\/v2\/types\/post"}],"author":[{"embeddable":true,"href":"https:\/\/www.anovapeneira.gal\/index.php\/wp-json\/wp\/v2\/users\/3"}],"replies":[{"embeddable":true,"href":"https:\/\/www.anovapeneira.gal\/index.php\/wp-json\/wp\/v2\/comments?post=6849"}],"version-history":[{"count":1,"href":"https:\/\/www.anovapeneira.gal\/index.php\/wp-json\/wp\/v2\/posts\/6849\/revisions"}],"predecessor-version":[{"id":6850,"href":"https:\/\/www.anovapeneira.gal\/index.php\/wp-json\/wp\/v2\/posts\/6849\/revisions\/6850"}],"wp:featuredmedia":[{"embeddable":true,"href":"https:\/\/www.anovapeneira.gal\/index.php\/wp-json\/wp\/v2\/media\/6851"}],"wp:attachment":[{"href":"https:\/\/www.anovapeneira.gal\/index.php\/wp-json\/wp\/v2\/media?parent=6849"}],"wp:term":[{"taxonomy":"category","embeddable":true,"href":"https:\/\/www.anovapeneira.gal\/index.php\/wp-json\/wp\/v2\/categories?post=6849"},{"taxonomy":"post_tag","embeddable":true,"href":"https:\/\/www.anovapeneira.gal\/index.php\/wp-json\/wp\/v2\/tags?post=6849"}],"curies":[{"name":"wp","href":"https:\/\/api.w.org\/{rel}","templated":true}]}}