{"id":6852,"date":"2022-02-01T12:00:28","date_gmt":"2022-02-01T11:00:28","guid":{"rendered":"https:\/\/www.anovapeneira.gal\/?p=6852"},"modified":"2022-01-31T10:59:27","modified_gmt":"2022-01-31T09:59:27","slug":"salceda-incorpora-a-duas-novas-persoas-como-auxiliares-de-policia","status":"publish","type":"post","link":"https:\/\/www.anovapeneira.gal\/index.php\/2022\/02\/01\/salceda-incorpora-a-duas-novas-persoas-como-auxiliares-de-policia\/","title":{"rendered":"Salceda incorpora a d\u00faas novas persoas como auxiliares de Polic\u00eda"},"content":{"rendered":"\n<p>O Concello de Salceda de Caselas incorporou d\u00faas persoas como auxiliares de Polic\u00eda Local , que formar\u00e1n parte da plantilla inicialmente ata mediados do mes de abril, coa posibilidade de ampliaci\u00f3n de contrato por tres meses m\u00e1is.<\/p>\n\n\n\n<p>Ditas incorporaci\u00f3ns axudar\u00e1n a reforzar a plantilla da Polic\u00eda Local e s\u00famanse aos cambios levados a cabo nos \u00faltimos tres meses como a recente toma de posesi\u00f3n do oficial xefe da Polic\u00eda Local e a cobertura prevista da vacante de oficial que quedar\u00eda pendente e que se \u00e9 posible levarase a cabo durante este ano 2022.<\/p>\n\n\n\n<p>Nesta li\u00f1a o concello de Salceda de Caselas ten asinado un convenio dende o ano 2018 coa Xunta de Galicia para acollerse \u00e1s convocatorias centralizadas a trav\u00e9s da Academia Galega de Seguridade P\u00fablica o que lle permite acelerar o prazos de contrataci\u00f3n do persoal ao m\u00e1ximo para incorporar \u00e1 plantilla da s\u00faa Polic\u00eda Local.<\/p>\n\n\n\n<p>Luc\u00eda Pereira concelleira de R\u00e9xime Interior, Seguridade e Tr\u00e1fico: \u201cEstas incorporaci\u00f3ns xunto co recente nomeamento do Oficial Xefe de Polic\u00eda Local perm\u00edtenos seguir levando a cabo acci\u00f3ns tan importantes como a adhesi\u00f3n ao Protocolo VioGen no que a polic\u00eda interv\u00e9n de forma activa na loita contra a violencia de x\u00e9nero, ou a estreita colaboraci\u00f3n en diferentes campa\u00f1as levadas a cabo pola Garda Civil e as demais forzas de seguridade do Estado, xa que a colaboraci\u00f3n m\u00fatua entre as diferentes forzas de seguridade \u00e9 fundamental, e ten demostrado dar bos resultados\u201d.<\/p>\n\n\n\n<p>Ver\u00f3nica Tour\u00f3n, alcaldesa de Salceda: \u201c\u00c9 unha prioridade garantir a seguridade da veci\u00f1anza todos os d\u00edas e a incorporaci\u00f3n de dous novos auxiliares supor\u00e1 un reforzo nos servizos da nosa polic\u00eda\u201d.<\/p>\n","protected":false},"excerpt":{"rendered":"<div class=\"mh-excerpt\"><p>O Concello de Salceda de Caselas incorporou d\u00faas persoas como auxiliares de Polic\u00eda Local , que formar\u00e1n parte da plantilla inicialmente ata mediados do mes de abril, coa posibilidade de ampliaci\u00f3n de contrato por tres meses m\u00e1is <a class=\"mh-excerpt-more\" href=\"https:\/\/www.anovapeneira.gal\/index.php\/2022\/02\/01\/salceda-incorpora-a-duas-novas-persoas-como-auxiliares-de-policia\/\" title=\"Salceda incorpora a d\u00faas novas persoas como auxiliares de Polic\u00eda\">[&#8230;]<\/a><\/p>\n<\/div>","protected":false},"author":3,"featured_media":6854,"comment_status":"open","ping_status":"open","sticky":false,"template":"","format":"standard","meta":{"_exactmetrics_skip_tracking":false,"_exactmetrics_sitenote_active":false,"_exactmetrics_sitenote_note":"","_exactmetrics_sitenote_category":0,"footnotes":""},"categories":[23],"tags":[359],"class_list":{"0":"post-6852","1":"post","2":"type-post","3":"status-publish","4":"format-standard","5":"has-post-thumbnail","7":"category-a-lourina","8":"tag-concello-de-salceda-de-caselas"},"yoast_head":"<!-- This site is optimized with the Yoast SEO plugin v27.4 - https:\/\/yoast.com\/product\/yoast-seo-wordpress\/ -->\n<title>Salceda incorpora a d\u00faas novas persoas como auxiliares de Polic\u00eda -<\/title>\n<meta name=\"description\" content=\"O Concello de Salceda de Caselas incorporou d\u00faas persoas como auxiliares de Polic\u00eda Local , que formar\u00e1n parte da plantilla inicialmente ata mediados do mes de abril, coa posibilidade de ampliaci\u00f3n de contrato por tres meses m\u00e1is\" \/>\n<meta name=\"robots\" content=\"index, follow, max-snippet:-1, max-image-preview:large, max-video-preview:-1\" \/>\n<link rel=\"canonical\" href=\"https:\/\/www.anovapeneira.gal\/index.php\/2022\/02\/01\/salceda-incorpora-a-duas-novas-persoas-como-auxiliares-de-policia\/\" \/>\n<meta property=\"og:locale\" content=\"gl_ES\" \/>\n<meta property=\"og:type\" content=\"article\" \/>\n<meta property=\"og:title\" content=\"Salceda incorpora a d\u00faas novas persoas como auxiliares de Polic\u00eda -\" \/>\n<meta property=\"og:description\" content=\"O Concello de Salceda de Caselas incorporou d\u00faas persoas como auxiliares de Polic\u00eda Local , que formar\u00e1n parte da plantilla inicialmente ata mediados do mes de abril, coa posibilidade de ampliaci\u00f3n de contrato por tres meses m\u00e1is\" \/>\n<meta property=\"og:url\" content=\"https:\/\/www.anovapeneira.gal\/index.php\/2022\/02\/01\/salceda-incorpora-a-duas-novas-persoas-como-auxiliares-de-policia\/\" \/>\n<meta property=\"article:publisher\" content=\"https:\/\/www.facebook.com\/anovapeneira\" \/>\n<meta property=\"article:published_time\" content=\"2022-02-01T11:00:28+00:00\" \/>\n<meta property=\"og:image\" content=\"https:\/\/www.anovapeneira.gal\/wp-content\/uploads\/2022\/01\/concello_Salceda_policia.jpg\" \/>\n\t<meta property=\"og:image:width\" content=\"720\" \/>\n\t<meta property=\"og:image:height\" content=\"432\" \/>\n\t<meta property=\"og:image:type\" content=\"image\/jpeg\" \/>\n<meta name=\"author\" content=\"Redacci\u00f3n A Nova Peneira\" \/>\n<meta name=\"twitter:card\" content=\"summary_large_image\" \/>\n<meta name=\"twitter:creator\" content=\"@APeneira\" \/>\n<meta name=\"twitter:site\" content=\"@APeneira\" \/>\n<meta name=\"twitter:label1\" content=\"Escrito por\" \/>\n\t<meta name=\"twitter:data1\" content=\"Redacci\u00f3n A Nova Peneira\" \/>\n\t<meta name=\"twitter:label2\" content=\"Tempo de lectura\" \/>\n\t<meta name=\"twitter:data2\" content=\"2 minutos\" \/>\n<script type=\"application\/ld+json\" class=\"yoast-schema-graph\">{\"@context\":\"https:\\\/\\\/schema.org\",\"@graph\":[{\"@type\":\"Article\",\"@id\":\"https:\\\/\\\/www.anovapeneira.gal\\\/index.php\\\/2022\\\/02\\\/01\\\/salceda-incorpora-a-duas-novas-persoas-como-auxiliares-de-policia\\\/#article\",\"isPartOf\":{\"@id\":\"https:\\\/\\\/www.anovapeneira.gal\\\/index.php\\\/2022\\\/02\\\/01\\\/salceda-incorpora-a-duas-novas-persoas-como-auxiliares-de-policia\\\/\"},\"author\":{\"name\":\"Redacci\u00f3n A Nova Peneira\",\"@id\":\"https:\\\/\\\/www.anovapeneira.gal\\\/#\\\/schema\\\/person\\\/b93e3f8932e3f8da96334607eb6ac6aa\"},\"headline\":\"Salceda incorpora a d\u00faas novas persoas como auxiliares de Polic\u00eda\",\"datePublished\":\"2022-02-01T11:00:28+00:00\",\"mainEntityOfPage\":{\"@id\":\"https:\\\/\\\/www.anovapeneira.gal\\\/index.php\\\/2022\\\/02\\\/01\\\/salceda-incorpora-a-duas-novas-persoas-como-auxiliares-de-policia\\\/\"},\"wordCount\":313,\"commentCount\":0,\"publisher\":{\"@id\":\"https:\\\/\\\/www.anovapeneira.gal\\\/#organization\"},\"image\":{\"@id\":\"https:\\\/\\\/www.anovapeneira.gal\\\/index.php\\\/2022\\\/02\\\/01\\\/salceda-incorpora-a-duas-novas-persoas-como-auxiliares-de-policia\\\/#primaryimage\"},\"thumbnailUrl\":\"https:\\\/\\\/www.anovapeneira.gal\\\/wp-content\\\/uploads\\\/2022\\\/01\\\/concello_Salceda_policia.jpg\",\"keywords\":[\"Concello de Salceda de Caselas\"],\"articleSection\":[\"A Louri\u00f1a\"],\"inLanguage\":\"gl-ES\",\"potentialAction\":[{\"@type\":\"CommentAction\",\"name\":\"Comment\",\"target\":[\"https:\\\/\\\/www.anovapeneira.gal\\\/index.php\\\/2022\\\/02\\\/01\\\/salceda-incorpora-a-duas-novas-persoas-como-auxiliares-de-policia\\\/#respond\"]}]},{\"@type\":\"WebPage\",\"@id\":\"https:\\\/\\\/www.anovapeneira.gal\\\/index.php\\\/2022\\\/02\\\/01\\\/salceda-incorpora-a-duas-novas-persoas-como-auxiliares-de-policia\\\/\",\"url\":\"https:\\\/\\\/www.anovapeneira.gal\\\/index.php\\\/2022\\\/02\\\/01\\\/salceda-incorpora-a-duas-novas-persoas-como-auxiliares-de-policia\\\/\",\"name\":\"Salceda incorpora a d\u00faas novas persoas como auxiliares de Polic\u00eda -\",\"isPartOf\":{\"@id\":\"https:\\\/\\\/www.anovapeneira.gal\\\/#website\"},\"primaryImageOfPage\":{\"@id\":\"https:\\\/\\\/www.anovapeneira.gal\\\/index.php\\\/2022\\\/02\\\/01\\\/salceda-incorpora-a-duas-novas-persoas-como-auxiliares-de-policia\\\/#primaryimage\"},\"image\":{\"@id\":\"https:\\\/\\\/www.anovapeneira.gal\\\/index.php\\\/2022\\\/02\\\/01\\\/salceda-incorpora-a-duas-novas-persoas-como-auxiliares-de-policia\\\/#primaryimage\"},\"thumbnailUrl\":\"https:\\\/\\\/www.anovapeneira.gal\\\/wp-content\\\/uploads\\\/2022\\\/01\\\/concello_Salceda_policia.jpg\",\"datePublished\":\"2022-02-01T11:00:28+00:00\",\"description\":\"O Concello de Salceda de Caselas incorporou d\u00faas persoas como auxiliares de Polic\u00eda Local , que formar\u00e1n parte da plantilla inicialmente ata mediados do mes de abril, coa posibilidade de ampliaci\u00f3n de contrato por tres meses m\u00e1is\",\"breadcrumb\":{\"@id\":\"https:\\\/\\\/www.anovapeneira.gal\\\/index.php\\\/2022\\\/02\\\/01\\\/salceda-incorpora-a-duas-novas-persoas-como-auxiliares-de-policia\\\/#breadcrumb\"},\"inLanguage\":\"gl-ES\",\"potentialAction\":[{\"@type\":\"ReadAction\",\"target\":[\"https:\\\/\\\/www.anovapeneira.gal\\\/index.php\\\/2022\\\/02\\\/01\\\/salceda-incorpora-a-duas-novas-persoas-como-auxiliares-de-policia\\\/\"]}]},{\"@type\":\"ImageObject\",\"inLanguage\":\"gl-ES\",\"@id\":\"https:\\\/\\\/www.anovapeneira.gal\\\/index.php\\\/2022\\\/02\\\/01\\\/salceda-incorpora-a-duas-novas-persoas-como-auxiliares-de-policia\\\/#primaryimage\",\"url\":\"https:\\\/\\\/www.anovapeneira.gal\\\/wp-content\\\/uploads\\\/2022\\\/01\\\/concello_Salceda_policia.jpg\",\"contentUrl\":\"https:\\\/\\\/www.anovapeneira.gal\\\/wp-content\\\/uploads\\\/2022\\\/01\\\/concello_Salceda_policia.jpg\",\"width\":720,\"height\":432,\"caption\":\"Salceda incorpora a d\u00faas novas persoas como auxiliares de Polic\u00eda\"},{\"@type\":\"BreadcrumbList\",\"@id\":\"https:\\\/\\\/www.anovapeneira.gal\\\/index.php\\\/2022\\\/02\\\/01\\\/salceda-incorpora-a-duas-novas-persoas-como-auxiliares-de-policia\\\/#breadcrumb\",\"itemListElement\":[{\"@type\":\"ListItem\",\"position\":1,\"name\":\"Portada\",\"item\":\"https:\\\/\\\/www.anovapeneira.gal\\\/\"},{\"@type\":\"ListItem\",\"position\":2,\"name\":\"Salceda incorpora a d\u00faas novas persoas como auxiliares de Polic\u00eda\"}]},{\"@type\":\"WebSite\",\"@id\":\"https:\\\/\\\/www.anovapeneira.gal\\\/#website\",\"url\":\"https:\\\/\\\/www.anovapeneira.gal\\\/\",\"name\":\"\",\"description\":\"Xornal galego de informaci\u00f3n xeral Publicaci\u00f3n mensual de novas de Galicia e en especial dos Concellos da sur da provincia de Pontevedra.\",\"publisher\":{\"@id\":\"https:\\\/\\\/www.anovapeneira.gal\\\/#organization\"},\"potentialAction\":[{\"@type\":\"SearchAction\",\"target\":{\"@type\":\"EntryPoint\",\"urlTemplate\":\"https:\\\/\\\/www.anovapeneira.gal\\\/?s={search_term_string}\"},\"query-input\":{\"@type\":\"PropertyValueSpecification\",\"valueRequired\":true,\"valueName\":\"search_term_string\"}}],\"inLanguage\":\"gl-ES\"},{\"@type\":\"Organization\",\"@id\":\"https:\\\/\\\/www.anovapeneira.gal\\\/#organization\",\"name\":\"A Nova Peneira\",\"url\":\"https:\\\/\\\/www.anovapeneira.gal\\\/\",\"logo\":{\"@type\":\"ImageObject\",\"inLanguage\":\"gl-ES\",\"@id\":\"https:\\\/\\\/www.anovapeneira.gal\\\/#\\\/schema\\\/logo\\\/image\\\/\",\"url\":\"http:\\\/\\\/www.anovapeneira.gal\\\/wp-content\\\/uploads\\\/2019\\\/06\\\/logo_a_nova_peneira_portal_web.png\",\"contentUrl\":\"http:\\\/\\\/www.anovapeneira.gal\\\/wp-content\\\/uploads\\\/2019\\\/06\\\/logo_a_nova_peneira_portal_web.png\",\"width\":300,\"height\":100,\"caption\":\"A Nova Peneira\"},\"image\":{\"@id\":\"https:\\\/\\\/www.anovapeneira.gal\\\/#\\\/schema\\\/logo\\\/image\\\/\"},\"sameAs\":[\"https:\\\/\\\/www.facebook.com\\\/anovapeneira\",\"https:\\\/\\\/x.com\\\/APeneira\"]},{\"@type\":\"Person\",\"@id\":\"https:\\\/\\\/www.anovapeneira.gal\\\/#\\\/schema\\\/person\\\/b93e3f8932e3f8da96334607eb6ac6aa\",\"name\":\"Redacci\u00f3n A Nova Peneira\",\"image\":{\"@type\":\"ImageObject\",\"inLanguage\":\"gl-ES\",\"@id\":\"https:\\\/\\\/secure.gravatar.com\\\/avatar\\\/c052a2551a06e23fac63626232eaa90abd78dbcf1700fc46a2b2c89fd27b735f?s=96&d=mm&r=g\",\"url\":\"https:\\\/\\\/secure.gravatar.com\\\/avatar\\\/c052a2551a06e23fac63626232eaa90abd78dbcf1700fc46a2b2c89fd27b735f?s=96&d=mm&r=g\",\"contentUrl\":\"https:\\\/\\\/secure.gravatar.com\\\/avatar\\\/c052a2551a06e23fac63626232eaa90abd78dbcf1700fc46a2b2c89fd27b735f?s=96&d=mm&r=g\",\"caption\":\"Redacci\u00f3n A Nova Peneira\"},\"sameAs\":[\"http:\\\/\\\/www.anovapeneira.gal\\\/\"],\"url\":\"https:\\\/\\\/www.anovapeneira.gal\\\/index.php\\\/author\\\/redactor\\\/\"}]}<\/script>\n<!-- \/ Yoast SEO plugin. -->","yoast_head_json":{"title":"Salceda incorpora a d\u00faas novas persoas como auxiliares de Polic\u00eda -","description":"O Concello de Salceda de Caselas incorporou d\u00faas persoas como auxiliares de Polic\u00eda Local , que formar\u00e1n parte da plantilla inicialmente ata mediados do mes de abril, coa posibilidade de ampliaci\u00f3n de contrato por tres meses m\u00e1is","robots":{"index":"index","follow":"follow","max-snippet":"max-snippet:-1","max-image-preview":"max-image-preview:large","max-video-preview":"max-video-preview:-1"},"canonical":"https:\/\/www.anovapeneira.gal\/index.php\/2022\/02\/01\/salceda-incorpora-a-duas-novas-persoas-como-auxiliares-de-policia\/","og_locale":"gl_ES","og_type":"article","og_title":"Salceda incorpora a d\u00faas novas persoas como auxiliares de Polic\u00eda -","og_description":"O Concello de Salceda de Caselas incorporou d\u00faas persoas como auxiliares de Polic\u00eda Local , que formar\u00e1n parte da plantilla inicialmente ata mediados do mes de abril, coa posibilidade de ampliaci\u00f3n de contrato por tres meses m\u00e1is","og_url":"https:\/\/www.anovapeneira.gal\/index.php\/2022\/02\/01\/salceda-incorpora-a-duas-novas-persoas-como-auxiliares-de-policia\/","article_publisher":"https:\/\/www.facebook.com\/anovapeneira","article_published_time":"2022-02-01T11:00:28+00:00","og_image":[{"width":720,"height":432,"url":"https:\/\/www.anovapeneira.gal\/wp-content\/uploads\/2022\/01\/concello_Salceda_policia.jpg","type":"image\/jpeg"}],"author":"Redacci\u00f3n A Nova Peneira","twitter_card":"summary_large_image","twitter_creator":"@APeneira","twitter_site":"@APeneira","twitter_misc":{"Escrito por":"Redacci\u00f3n A Nova Peneira","Tempo de lectura":"2 minutos"},"schema":{"@context":"https:\/\/schema.org","@graph":[{"@type":"Article","@id":"https:\/\/www.anovapeneira.gal\/index.php\/2022\/02\/01\/salceda-incorpora-a-duas-novas-persoas-como-auxiliares-de-policia\/#article","isPartOf":{"@id":"https:\/\/www.anovapeneira.gal\/index.php\/2022\/02\/01\/salceda-incorpora-a-duas-novas-persoas-como-auxiliares-de-policia\/"},"author":{"name":"Redacci\u00f3n A Nova Peneira","@id":"https:\/\/www.anovapeneira.gal\/#\/schema\/person\/b93e3f8932e3f8da96334607eb6ac6aa"},"headline":"Salceda incorpora a d\u00faas novas persoas como auxiliares de Polic\u00eda","datePublished":"2022-02-01T11:00:28+00:00","mainEntityOfPage":{"@id":"https:\/\/www.anovapeneira.gal\/index.php\/2022\/02\/01\/salceda-incorpora-a-duas-novas-persoas-como-auxiliares-de-policia\/"},"wordCount":313,"commentCount":0,"publisher":{"@id":"https:\/\/www.anovapeneira.gal\/#organization"},"image":{"@id":"https:\/\/www.anovapeneira.gal\/index.php\/2022\/02\/01\/salceda-incorpora-a-duas-novas-persoas-como-auxiliares-de-policia\/#primaryimage"},"thumbnailUrl":"https:\/\/www.anovapeneira.gal\/wp-content\/uploads\/2022\/01\/concello_Salceda_policia.jpg","keywords":["Concello de Salceda de Caselas"],"articleSection":["A Louri\u00f1a"],"inLanguage":"gl-ES","potentialAction":[{"@type":"CommentAction","name":"Comment","target":["https:\/\/www.anovapeneira.gal\/index.php\/2022\/02\/01\/salceda-incorpora-a-duas-novas-persoas-como-auxiliares-de-policia\/#respond"]}]},{"@type":"WebPage","@id":"https:\/\/www.anovapeneira.gal\/index.php\/2022\/02\/01\/salceda-incorpora-a-duas-novas-persoas-como-auxiliares-de-policia\/","url":"https:\/\/www.anovapeneira.gal\/index.php\/2022\/02\/01\/salceda-incorpora-a-duas-novas-persoas-como-auxiliares-de-policia\/","name":"Salceda incorpora a d\u00faas novas persoas como auxiliares de Polic\u00eda -","isPartOf":{"@id":"https:\/\/www.anovapeneira.gal\/#website"},"primaryImageOfPage":{"@id":"https:\/\/www.anovapeneira.gal\/index.php\/2022\/02\/01\/salceda-incorpora-a-duas-novas-persoas-como-auxiliares-de-policia\/#primaryimage"},"image":{"@id":"https:\/\/www.anovapeneira.gal\/index.php\/2022\/02\/01\/salceda-incorpora-a-duas-novas-persoas-como-auxiliares-de-policia\/#primaryimage"},"thumbnailUrl":"https:\/\/www.anovapeneira.gal\/wp-content\/uploads\/2022\/01\/concello_Salceda_policia.jpg","datePublished":"2022-02-01T11:00:28+00:00","description":"O Concello de Salceda de Caselas incorporou d\u00faas persoas como auxiliares de Polic\u00eda Local , que formar\u00e1n parte da plantilla inicialmente ata mediados do mes de abril, coa posibilidade de ampliaci\u00f3n de contrato por tres meses m\u00e1is","breadcrumb":{"@id":"https:\/\/www.anovapeneira.gal\/index.php\/2022\/02\/01\/salceda-incorpora-a-duas-novas-persoas-como-auxiliares-de-policia\/#breadcrumb"},"inLanguage":"gl-ES","potentialAction":[{"@type":"ReadAction","target":["https:\/\/www.anovapeneira.gal\/index.php\/2022\/02\/01\/salceda-incorpora-a-duas-novas-persoas-como-auxiliares-de-policia\/"]}]},{"@type":"ImageObject","inLanguage":"gl-ES","@id":"https:\/\/www.anovapeneira.gal\/index.php\/2022\/02\/01\/salceda-incorpora-a-duas-novas-persoas-como-auxiliares-de-policia\/#primaryimage","url":"https:\/\/www.anovapeneira.gal\/wp-content\/uploads\/2022\/01\/concello_Salceda_policia.jpg","contentUrl":"https:\/\/www.anovapeneira.gal\/wp-content\/uploads\/2022\/01\/concello_Salceda_policia.jpg","width":720,"height":432,"caption":"Salceda incorpora a d\u00faas novas persoas como auxiliares de Polic\u00eda"},{"@type":"BreadcrumbList","@id":"https:\/\/www.anovapeneira.gal\/index.php\/2022\/02\/01\/salceda-incorpora-a-duas-novas-persoas-como-auxiliares-de-policia\/#breadcrumb","itemListElement":[{"@type":"ListItem","position":1,"name":"Portada","item":"https:\/\/www.anovapeneira.gal\/"},{"@type":"ListItem","position":2,"name":"Salceda incorpora a d\u00faas novas persoas como auxiliares de Polic\u00eda"}]},{"@type":"WebSite","@id":"https:\/\/www.anovapeneira.gal\/#website","url":"https:\/\/www.anovapeneira.gal\/","name":"","description":"Xornal galego de informaci\u00f3n xeral Publicaci\u00f3n mensual de novas de Galicia e en especial dos Concellos da sur da provincia de Pontevedra.","publisher":{"@id":"https:\/\/www.anovapeneira.gal\/#organization"},"potentialAction":[{"@type":"SearchAction","target":{"@type":"EntryPoint","urlTemplate":"https:\/\/www.anovapeneira.gal\/?s={search_term_string}"},"query-input":{"@type":"PropertyValueSpecification","valueRequired":true,"valueName":"search_term_string"}}],"inLanguage":"gl-ES"},{"@type":"Organization","@id":"https:\/\/www.anovapeneira.gal\/#organization","name":"A Nova Peneira","url":"https:\/\/www.anovapeneira.gal\/","logo":{"@type":"ImageObject","inLanguage":"gl-ES","@id":"https:\/\/www.anovapeneira.gal\/#\/schema\/logo\/image\/","url":"http:\/\/www.anovapeneira.gal\/wp-content\/uploads\/2019\/06\/logo_a_nova_peneira_portal_web.png","contentUrl":"http:\/\/www.anovapeneira.gal\/wp-content\/uploads\/2019\/06\/logo_a_nova_peneira_portal_web.png","width":300,"height":100,"caption":"A Nova Peneira"},"image":{"@id":"https:\/\/www.anovapeneira.gal\/#\/schema\/logo\/image\/"},"sameAs":["https:\/\/www.facebook.com\/anovapeneira","https:\/\/x.com\/APeneira"]},{"@type":"Person","@id":"https:\/\/www.anovapeneira.gal\/#\/schema\/person\/b93e3f8932e3f8da96334607eb6ac6aa","name":"Redacci\u00f3n A Nova Peneira","image":{"@type":"ImageObject","inLanguage":"gl-ES","@id":"https:\/\/secure.gravatar.com\/avatar\/c052a2551a06e23fac63626232eaa90abd78dbcf1700fc46a2b2c89fd27b735f?s=96&d=mm&r=g","url":"https:\/\/secure.gravatar.com\/avatar\/c052a2551a06e23fac63626232eaa90abd78dbcf1700fc46a2b2c89fd27b735f?s=96&d=mm&r=g","contentUrl":"https:\/\/secure.gravatar.com\/avatar\/c052a2551a06e23fac63626232eaa90abd78dbcf1700fc46a2b2c89fd27b735f?s=96&d=mm&r=g","caption":"Redacci\u00f3n A Nova Peneira"},"sameAs":["http:\/\/www.anovapeneira.gal\/"],"url":"https:\/\/www.anovapeneira.gal\/index.php\/author\/redactor\/"}]}},"jetpack_featured_media_url":"https:\/\/www.anovapeneira.gal\/wp-content\/uploads\/2022\/01\/concello_Salceda_policia.jpg","_links":{"self":[{"href":"https:\/\/www.anovapeneira.gal\/index.php\/wp-json\/wp\/v2\/posts\/6852","targetHints":{"allow":["GET"]}}],"collection":[{"href":"https:\/\/www.anovapeneira.gal\/index.php\/wp-json\/wp\/v2\/posts"}],"about":[{"href":"https:\/\/www.anovapeneira.gal\/index.php\/wp-json\/wp\/v2\/types\/post"}],"author":[{"embeddable":true,"href":"https:\/\/www.anovapeneira.gal\/index.php\/wp-json\/wp\/v2\/users\/3"}],"replies":[{"embeddable":true,"href":"https:\/\/www.anovapeneira.gal\/index.php\/wp-json\/wp\/v2\/comments?post=6852"}],"version-history":[{"count":1,"href":"https:\/\/www.anovapeneira.gal\/index.php\/wp-json\/wp\/v2\/posts\/6852\/revisions"}],"predecessor-version":[{"id":6853,"href":"https:\/\/www.anovapeneira.gal\/index.php\/wp-json\/wp\/v2\/posts\/6852\/revisions\/6853"}],"wp:featuredmedia":[{"embeddable":true,"href":"https:\/\/www.anovapeneira.gal\/index.php\/wp-json\/wp\/v2\/media\/6854"}],"wp:attachment":[{"href":"https:\/\/www.anovapeneira.gal\/index.php\/wp-json\/wp\/v2\/media?parent=6852"}],"wp:term":[{"taxonomy":"category","embeddable":true,"href":"https:\/\/www.anovapeneira.gal\/index.php\/wp-json\/wp\/v2\/categories?post=6852"},{"taxonomy":"post_tag","embeddable":true,"href":"https:\/\/www.anovapeneira.gal\/index.php\/wp-json\/wp\/v2\/tags?post=6852"}],"curies":[{"name":"wp","href":"https:\/\/api.w.org\/{rel}","templated":true}]}}