{"id":6864,"date":"2022-02-03T10:00:28","date_gmt":"2022-02-03T09:00:28","guid":{"rendered":"https:\/\/www.anovapeneira.gal\/?p=6864"},"modified":"2022-01-31T12:55:07","modified_gmt":"2022-01-31T11:55:07","slug":"tomino-aposta-pola-enerxia-limpa-e-sostible","status":"publish","type":"post","link":"https:\/\/www.anovapeneira.gal\/index.php\/2022\/02\/03\/tomino-aposta-pola-enerxia-limpa-e-sostible\/","title":{"rendered":"Tomi\u00f1o aposta pola enerx\u00eda limpa e sostible"},"content":{"rendered":"\n<h2 class=\"wp-block-heading\"><strong>Instal\u00e1ronse placas solares na Casa do Concello, na Gali\u00f1a Azul e no Auditorio de Goi\u00e1n e durante os vindeiros meses tam\u00e9n se colocar\u00e1n no Mercado, na Casa da Cultura e no edificio da OMIX<\/strong><\/h2>\n\n\n\n<p><strong>Tomi\u00f1o, 25xaneiro de 2021<\/strong><\/p>\n\n\n\n<p>Tomi\u00f1o contin\u00faa coa s\u00faa aposta polas enerx\u00edas limpas e sostibles coa instalaci\u00f3n de placas solares nos edificios municipais. A Casa do Concello, a Gali\u00f1a Azul e o Auditorio de Goi\u00e1n xa contan coa instalaci\u00f3n e nos vindeiros meses chegar\u00e1n ao Mercado Municipal, \u00e1 Casa da Cultura e ao edificio da OMIX. O concelleiro de Servizos P\u00fablicos, Lois V\u00e1zquez, explica que \u201cinstalamos estas placas solares coa intenci\u00f3n de reducir os custos da enerx\u00eda para o Concello e tam\u00e9n para reducir ao m\u00e1ximo posible a nosa pegada ecol\u00f3xica\u201d.<\/p>\n\n\n\n<p>O edil explica que a instalaci\u00f3n destas placas solares conta cun orzamento de 30.000 euros e que est\u00e1n financiadas nun 80 % polo IDAE e INEGA. Ademais afirma que xa se solicitou unha nova subvenci\u00f3n para poder instalar m\u00e1is nos colexios do concello. \u201cQueremos chegar a todos os edificios p\u00fablicos para facer de Tomi\u00f1o unha vila cunha enerx\u00eda eficiente e sostible\u201d, concl\u00fae o concelleiro.<\/p>\n","protected":false},"excerpt":{"rendered":"<div class=\"mh-excerpt\"><p>Instal\u00e1ronse placas solares na Casa do Concello, na Gali\u00f1a Azul e no Auditorio de Goi\u00e1n e durante os vindeiros meses tam\u00e9n se colocar\u00e1n no Mercado, na Casa da Cultura e no edificio da OMIX <a class=\"mh-excerpt-more\" href=\"https:\/\/www.anovapeneira.gal\/index.php\/2022\/02\/03\/tomino-aposta-pola-enerxia-limpa-e-sostible\/\" title=\"Tomi\u00f1o aposta pola enerx\u00eda limpa e sostible\">[&#8230;]<\/a><\/p>\n<\/div>","protected":false},"author":3,"featured_media":6867,"comment_status":"open","ping_status":"open","sticky":false,"template":"","format":"standard","meta":{"_exactmetrics_skip_tracking":false,"_exactmetrics_sitenote_active":false,"_exactmetrics_sitenote_note":"","_exactmetrics_sitenote_category":0,"footnotes":""},"categories":[21],"tags":[81],"class_list":{"0":"post-6864","1":"post","2":"type-post","3":"status-publish","4":"format-standard","5":"has-post-thumbnail","7":"category-baixo-mino","8":"tag-concello-de-tomino"},"yoast_head":"<!-- This site is optimized with the Yoast SEO plugin v27.4 - https:\/\/yoast.com\/product\/yoast-seo-wordpress\/ -->\n<title>Tomi\u00f1o aposta pola enerx\u00eda limpa e sostible -<\/title>\n<meta name=\"description\" content=\"Instal\u00e1ronse placas solares na Casa do Concello, na Gali\u00f1a Azul e no Auditorio de Goi\u00e1n e durante os vindeiros meses tam\u00e9n se colocar\u00e1n no Mercado, na Casa da Cultura e no edificio da OMIX\" \/>\n<meta name=\"robots\" content=\"index, follow, max-snippet:-1, max-image-preview:large, max-video-preview:-1\" \/>\n<link rel=\"canonical\" href=\"https:\/\/www.anovapeneira.gal\/index.php\/2022\/02\/03\/tomino-aposta-pola-enerxia-limpa-e-sostible\/\" \/>\n<meta property=\"og:locale\" content=\"gl_ES\" \/>\n<meta property=\"og:type\" content=\"article\" \/>\n<meta property=\"og:title\" content=\"Tomi\u00f1o aposta pola enerx\u00eda limpa e sostible -\" \/>\n<meta property=\"og:description\" content=\"Instal\u00e1ronse placas solares na Casa do Concello, na Gali\u00f1a Azul e no Auditorio de Goi\u00e1n e durante os vindeiros meses tam\u00e9n se colocar\u00e1n no Mercado, na Casa da Cultura e no edificio da OMIX\" \/>\n<meta property=\"og:url\" content=\"https:\/\/www.anovapeneira.gal\/index.php\/2022\/02\/03\/tomino-aposta-pola-enerxia-limpa-e-sostible\/\" \/>\n<meta property=\"article:publisher\" content=\"https:\/\/www.facebook.com\/anovapeneira\" \/>\n<meta property=\"article:published_time\" content=\"2022-02-03T09:00:28+00:00\" \/>\n<meta property=\"og:image\" content=\"https:\/\/www.anovapeneira.gal\/wp-content\/uploads\/2022\/01\/Paneis_solares_tominho.jpg\" \/>\n\t<meta property=\"og:image:width\" content=\"720\" \/>\n\t<meta property=\"og:image:height\" content=\"432\" \/>\n\t<meta property=\"og:image:type\" content=\"image\/jpeg\" \/>\n<meta name=\"author\" content=\"Redacci\u00f3n A Nova Peneira\" \/>\n<meta name=\"twitter:card\" content=\"summary_large_image\" \/>\n<meta name=\"twitter:creator\" content=\"@APeneira\" \/>\n<meta name=\"twitter:site\" content=\"@APeneira\" \/>\n<meta name=\"twitter:label1\" content=\"Escrito por\" \/>\n\t<meta name=\"twitter:data1\" content=\"Redacci\u00f3n A Nova Peneira\" \/>\n\t<meta name=\"twitter:label2\" content=\"Tempo de lectura\" \/>\n\t<meta name=\"twitter:data2\" content=\"2 minutos\" \/>\n<script type=\"application\/ld+json\" class=\"yoast-schema-graph\">{\"@context\":\"https:\\\/\\\/schema.org\",\"@graph\":[{\"@type\":\"Article\",\"@id\":\"https:\\\/\\\/www.anovapeneira.gal\\\/index.php\\\/2022\\\/02\\\/03\\\/tomino-aposta-pola-enerxia-limpa-e-sostible\\\/#article\",\"isPartOf\":{\"@id\":\"https:\\\/\\\/www.anovapeneira.gal\\\/index.php\\\/2022\\\/02\\\/03\\\/tomino-aposta-pola-enerxia-limpa-e-sostible\\\/\"},\"author\":{\"name\":\"Redacci\u00f3n A Nova Peneira\",\"@id\":\"https:\\\/\\\/www.anovapeneira.gal\\\/#\\\/schema\\\/person\\\/b93e3f8932e3f8da96334607eb6ac6aa\"},\"headline\":\"Tomi\u00f1o aposta pola enerx\u00eda limpa e sostible\",\"datePublished\":\"2022-02-03T09:00:28+00:00\",\"mainEntityOfPage\":{\"@id\":\"https:\\\/\\\/www.anovapeneira.gal\\\/index.php\\\/2022\\\/02\\\/03\\\/tomino-aposta-pola-enerxia-limpa-e-sostible\\\/\"},\"wordCount\":222,\"commentCount\":0,\"publisher\":{\"@id\":\"https:\\\/\\\/www.anovapeneira.gal\\\/#organization\"},\"image\":{\"@id\":\"https:\\\/\\\/www.anovapeneira.gal\\\/index.php\\\/2022\\\/02\\\/03\\\/tomino-aposta-pola-enerxia-limpa-e-sostible\\\/#primaryimage\"},\"thumbnailUrl\":\"https:\\\/\\\/www.anovapeneira.gal\\\/wp-content\\\/uploads\\\/2022\\\/01\\\/Paneis_solares_tominho.jpg\",\"keywords\":[\"Concello de Tomi\u00f1o\"],\"articleSection\":[\"Baixo Mi\u00f1o\"],\"inLanguage\":\"gl-ES\",\"potentialAction\":[{\"@type\":\"CommentAction\",\"name\":\"Comment\",\"target\":[\"https:\\\/\\\/www.anovapeneira.gal\\\/index.php\\\/2022\\\/02\\\/03\\\/tomino-aposta-pola-enerxia-limpa-e-sostible\\\/#respond\"]}]},{\"@type\":\"WebPage\",\"@id\":\"https:\\\/\\\/www.anovapeneira.gal\\\/index.php\\\/2022\\\/02\\\/03\\\/tomino-aposta-pola-enerxia-limpa-e-sostible\\\/\",\"url\":\"https:\\\/\\\/www.anovapeneira.gal\\\/index.php\\\/2022\\\/02\\\/03\\\/tomino-aposta-pola-enerxia-limpa-e-sostible\\\/\",\"name\":\"Tomi\u00f1o aposta pola enerx\u00eda limpa e sostible -\",\"isPartOf\":{\"@id\":\"https:\\\/\\\/www.anovapeneira.gal\\\/#website\"},\"primaryImageOfPage\":{\"@id\":\"https:\\\/\\\/www.anovapeneira.gal\\\/index.php\\\/2022\\\/02\\\/03\\\/tomino-aposta-pola-enerxia-limpa-e-sostible\\\/#primaryimage\"},\"image\":{\"@id\":\"https:\\\/\\\/www.anovapeneira.gal\\\/index.php\\\/2022\\\/02\\\/03\\\/tomino-aposta-pola-enerxia-limpa-e-sostible\\\/#primaryimage\"},\"thumbnailUrl\":\"https:\\\/\\\/www.anovapeneira.gal\\\/wp-content\\\/uploads\\\/2022\\\/01\\\/Paneis_solares_tominho.jpg\",\"datePublished\":\"2022-02-03T09:00:28+00:00\",\"description\":\"Instal\u00e1ronse placas solares na Casa do Concello, na Gali\u00f1a Azul e no Auditorio de Goi\u00e1n e durante os vindeiros meses tam\u00e9n se colocar\u00e1n no Mercado, na Casa da Cultura e no edificio da OMIX\",\"breadcrumb\":{\"@id\":\"https:\\\/\\\/www.anovapeneira.gal\\\/index.php\\\/2022\\\/02\\\/03\\\/tomino-aposta-pola-enerxia-limpa-e-sostible\\\/#breadcrumb\"},\"inLanguage\":\"gl-ES\",\"potentialAction\":[{\"@type\":\"ReadAction\",\"target\":[\"https:\\\/\\\/www.anovapeneira.gal\\\/index.php\\\/2022\\\/02\\\/03\\\/tomino-aposta-pola-enerxia-limpa-e-sostible\\\/\"]}]},{\"@type\":\"ImageObject\",\"inLanguage\":\"gl-ES\",\"@id\":\"https:\\\/\\\/www.anovapeneira.gal\\\/index.php\\\/2022\\\/02\\\/03\\\/tomino-aposta-pola-enerxia-limpa-e-sostible\\\/#primaryimage\",\"url\":\"https:\\\/\\\/www.anovapeneira.gal\\\/wp-content\\\/uploads\\\/2022\\\/01\\\/Paneis_solares_tominho.jpg\",\"contentUrl\":\"https:\\\/\\\/www.anovapeneira.gal\\\/wp-content\\\/uploads\\\/2022\\\/01\\\/Paneis_solares_tominho.jpg\",\"width\":720,\"height\":432,\"caption\":\"Tomi\u00f1o aposta pola enerx\u00eda limpa e sostible\"},{\"@type\":\"BreadcrumbList\",\"@id\":\"https:\\\/\\\/www.anovapeneira.gal\\\/index.php\\\/2022\\\/02\\\/03\\\/tomino-aposta-pola-enerxia-limpa-e-sostible\\\/#breadcrumb\",\"itemListElement\":[{\"@type\":\"ListItem\",\"position\":1,\"name\":\"Portada\",\"item\":\"https:\\\/\\\/www.anovapeneira.gal\\\/\"},{\"@type\":\"ListItem\",\"position\":2,\"name\":\"Tomi\u00f1o aposta pola enerx\u00eda limpa e sostible\"}]},{\"@type\":\"WebSite\",\"@id\":\"https:\\\/\\\/www.anovapeneira.gal\\\/#website\",\"url\":\"https:\\\/\\\/www.anovapeneira.gal\\\/\",\"name\":\"\",\"description\":\"Xornal galego de informaci\u00f3n xeral Publicaci\u00f3n mensual de novas de Galicia e en especial dos Concellos da sur da provincia de Pontevedra.\",\"publisher\":{\"@id\":\"https:\\\/\\\/www.anovapeneira.gal\\\/#organization\"},\"potentialAction\":[{\"@type\":\"SearchAction\",\"target\":{\"@type\":\"EntryPoint\",\"urlTemplate\":\"https:\\\/\\\/www.anovapeneira.gal\\\/?s={search_term_string}\"},\"query-input\":{\"@type\":\"PropertyValueSpecification\",\"valueRequired\":true,\"valueName\":\"search_term_string\"}}],\"inLanguage\":\"gl-ES\"},{\"@type\":\"Organization\",\"@id\":\"https:\\\/\\\/www.anovapeneira.gal\\\/#organization\",\"name\":\"A Nova Peneira\",\"url\":\"https:\\\/\\\/www.anovapeneira.gal\\\/\",\"logo\":{\"@type\":\"ImageObject\",\"inLanguage\":\"gl-ES\",\"@id\":\"https:\\\/\\\/www.anovapeneira.gal\\\/#\\\/schema\\\/logo\\\/image\\\/\",\"url\":\"http:\\\/\\\/www.anovapeneira.gal\\\/wp-content\\\/uploads\\\/2019\\\/06\\\/logo_a_nova_peneira_portal_web.png\",\"contentUrl\":\"http:\\\/\\\/www.anovapeneira.gal\\\/wp-content\\\/uploads\\\/2019\\\/06\\\/logo_a_nova_peneira_portal_web.png\",\"width\":300,\"height\":100,\"caption\":\"A Nova Peneira\"},\"image\":{\"@id\":\"https:\\\/\\\/www.anovapeneira.gal\\\/#\\\/schema\\\/logo\\\/image\\\/\"},\"sameAs\":[\"https:\\\/\\\/www.facebook.com\\\/anovapeneira\",\"https:\\\/\\\/x.com\\\/APeneira\"]},{\"@type\":\"Person\",\"@id\":\"https:\\\/\\\/www.anovapeneira.gal\\\/#\\\/schema\\\/person\\\/b93e3f8932e3f8da96334607eb6ac6aa\",\"name\":\"Redacci\u00f3n A Nova Peneira\",\"image\":{\"@type\":\"ImageObject\",\"inLanguage\":\"gl-ES\",\"@id\":\"https:\\\/\\\/secure.gravatar.com\\\/avatar\\\/c052a2551a06e23fac63626232eaa90abd78dbcf1700fc46a2b2c89fd27b735f?s=96&d=mm&r=g\",\"url\":\"https:\\\/\\\/secure.gravatar.com\\\/avatar\\\/c052a2551a06e23fac63626232eaa90abd78dbcf1700fc46a2b2c89fd27b735f?s=96&d=mm&r=g\",\"contentUrl\":\"https:\\\/\\\/secure.gravatar.com\\\/avatar\\\/c052a2551a06e23fac63626232eaa90abd78dbcf1700fc46a2b2c89fd27b735f?s=96&d=mm&r=g\",\"caption\":\"Redacci\u00f3n A Nova Peneira\"},\"sameAs\":[\"http:\\\/\\\/www.anovapeneira.gal\\\/\"],\"url\":\"https:\\\/\\\/www.anovapeneira.gal\\\/index.php\\\/author\\\/redactor\\\/\"}]}<\/script>\n<!-- \/ Yoast SEO plugin. -->","yoast_head_json":{"title":"Tomi\u00f1o aposta pola enerx\u00eda limpa e sostible -","description":"Instal\u00e1ronse placas solares na Casa do Concello, na Gali\u00f1a Azul e no Auditorio de Goi\u00e1n e durante os vindeiros meses tam\u00e9n se colocar\u00e1n no Mercado, na Casa da Cultura e no edificio da OMIX","robots":{"index":"index","follow":"follow","max-snippet":"max-snippet:-1","max-image-preview":"max-image-preview:large","max-video-preview":"max-video-preview:-1"},"canonical":"https:\/\/www.anovapeneira.gal\/index.php\/2022\/02\/03\/tomino-aposta-pola-enerxia-limpa-e-sostible\/","og_locale":"gl_ES","og_type":"article","og_title":"Tomi\u00f1o aposta pola enerx\u00eda limpa e sostible -","og_description":"Instal\u00e1ronse placas solares na Casa do Concello, na Gali\u00f1a Azul e no Auditorio de Goi\u00e1n e durante os vindeiros meses tam\u00e9n se colocar\u00e1n no Mercado, na Casa da Cultura e no edificio da OMIX","og_url":"https:\/\/www.anovapeneira.gal\/index.php\/2022\/02\/03\/tomino-aposta-pola-enerxia-limpa-e-sostible\/","article_publisher":"https:\/\/www.facebook.com\/anovapeneira","article_published_time":"2022-02-03T09:00:28+00:00","og_image":[{"width":720,"height":432,"url":"https:\/\/www.anovapeneira.gal\/wp-content\/uploads\/2022\/01\/Paneis_solares_tominho.jpg","type":"image\/jpeg"}],"author":"Redacci\u00f3n A Nova Peneira","twitter_card":"summary_large_image","twitter_creator":"@APeneira","twitter_site":"@APeneira","twitter_misc":{"Escrito por":"Redacci\u00f3n A Nova Peneira","Tempo de lectura":"2 minutos"},"schema":{"@context":"https:\/\/schema.org","@graph":[{"@type":"Article","@id":"https:\/\/www.anovapeneira.gal\/index.php\/2022\/02\/03\/tomino-aposta-pola-enerxia-limpa-e-sostible\/#article","isPartOf":{"@id":"https:\/\/www.anovapeneira.gal\/index.php\/2022\/02\/03\/tomino-aposta-pola-enerxia-limpa-e-sostible\/"},"author":{"name":"Redacci\u00f3n A Nova Peneira","@id":"https:\/\/www.anovapeneira.gal\/#\/schema\/person\/b93e3f8932e3f8da96334607eb6ac6aa"},"headline":"Tomi\u00f1o aposta pola enerx\u00eda limpa e sostible","datePublished":"2022-02-03T09:00:28+00:00","mainEntityOfPage":{"@id":"https:\/\/www.anovapeneira.gal\/index.php\/2022\/02\/03\/tomino-aposta-pola-enerxia-limpa-e-sostible\/"},"wordCount":222,"commentCount":0,"publisher":{"@id":"https:\/\/www.anovapeneira.gal\/#organization"},"image":{"@id":"https:\/\/www.anovapeneira.gal\/index.php\/2022\/02\/03\/tomino-aposta-pola-enerxia-limpa-e-sostible\/#primaryimage"},"thumbnailUrl":"https:\/\/www.anovapeneira.gal\/wp-content\/uploads\/2022\/01\/Paneis_solares_tominho.jpg","keywords":["Concello de Tomi\u00f1o"],"articleSection":["Baixo Mi\u00f1o"],"inLanguage":"gl-ES","potentialAction":[{"@type":"CommentAction","name":"Comment","target":["https:\/\/www.anovapeneira.gal\/index.php\/2022\/02\/03\/tomino-aposta-pola-enerxia-limpa-e-sostible\/#respond"]}]},{"@type":"WebPage","@id":"https:\/\/www.anovapeneira.gal\/index.php\/2022\/02\/03\/tomino-aposta-pola-enerxia-limpa-e-sostible\/","url":"https:\/\/www.anovapeneira.gal\/index.php\/2022\/02\/03\/tomino-aposta-pola-enerxia-limpa-e-sostible\/","name":"Tomi\u00f1o aposta pola enerx\u00eda limpa e sostible -","isPartOf":{"@id":"https:\/\/www.anovapeneira.gal\/#website"},"primaryImageOfPage":{"@id":"https:\/\/www.anovapeneira.gal\/index.php\/2022\/02\/03\/tomino-aposta-pola-enerxia-limpa-e-sostible\/#primaryimage"},"image":{"@id":"https:\/\/www.anovapeneira.gal\/index.php\/2022\/02\/03\/tomino-aposta-pola-enerxia-limpa-e-sostible\/#primaryimage"},"thumbnailUrl":"https:\/\/www.anovapeneira.gal\/wp-content\/uploads\/2022\/01\/Paneis_solares_tominho.jpg","datePublished":"2022-02-03T09:00:28+00:00","description":"Instal\u00e1ronse placas solares na Casa do Concello, na Gali\u00f1a Azul e no Auditorio de Goi\u00e1n e durante os vindeiros meses tam\u00e9n se colocar\u00e1n no Mercado, na Casa da Cultura e no edificio da OMIX","breadcrumb":{"@id":"https:\/\/www.anovapeneira.gal\/index.php\/2022\/02\/03\/tomino-aposta-pola-enerxia-limpa-e-sostible\/#breadcrumb"},"inLanguage":"gl-ES","potentialAction":[{"@type":"ReadAction","target":["https:\/\/www.anovapeneira.gal\/index.php\/2022\/02\/03\/tomino-aposta-pola-enerxia-limpa-e-sostible\/"]}]},{"@type":"ImageObject","inLanguage":"gl-ES","@id":"https:\/\/www.anovapeneira.gal\/index.php\/2022\/02\/03\/tomino-aposta-pola-enerxia-limpa-e-sostible\/#primaryimage","url":"https:\/\/www.anovapeneira.gal\/wp-content\/uploads\/2022\/01\/Paneis_solares_tominho.jpg","contentUrl":"https:\/\/www.anovapeneira.gal\/wp-content\/uploads\/2022\/01\/Paneis_solares_tominho.jpg","width":720,"height":432,"caption":"Tomi\u00f1o aposta pola enerx\u00eda limpa e sostible"},{"@type":"BreadcrumbList","@id":"https:\/\/www.anovapeneira.gal\/index.php\/2022\/02\/03\/tomino-aposta-pola-enerxia-limpa-e-sostible\/#breadcrumb","itemListElement":[{"@type":"ListItem","position":1,"name":"Portada","item":"https:\/\/www.anovapeneira.gal\/"},{"@type":"ListItem","position":2,"name":"Tomi\u00f1o aposta pola enerx\u00eda limpa e sostible"}]},{"@type":"WebSite","@id":"https:\/\/www.anovapeneira.gal\/#website","url":"https:\/\/www.anovapeneira.gal\/","name":"","description":"Xornal galego de informaci\u00f3n xeral Publicaci\u00f3n mensual de novas de Galicia e en especial dos Concellos da sur da provincia de Pontevedra.","publisher":{"@id":"https:\/\/www.anovapeneira.gal\/#organization"},"potentialAction":[{"@type":"SearchAction","target":{"@type":"EntryPoint","urlTemplate":"https:\/\/www.anovapeneira.gal\/?s={search_term_string}"},"query-input":{"@type":"PropertyValueSpecification","valueRequired":true,"valueName":"search_term_string"}}],"inLanguage":"gl-ES"},{"@type":"Organization","@id":"https:\/\/www.anovapeneira.gal\/#organization","name":"A Nova Peneira","url":"https:\/\/www.anovapeneira.gal\/","logo":{"@type":"ImageObject","inLanguage":"gl-ES","@id":"https:\/\/www.anovapeneira.gal\/#\/schema\/logo\/image\/","url":"http:\/\/www.anovapeneira.gal\/wp-content\/uploads\/2019\/06\/logo_a_nova_peneira_portal_web.png","contentUrl":"http:\/\/www.anovapeneira.gal\/wp-content\/uploads\/2019\/06\/logo_a_nova_peneira_portal_web.png","width":300,"height":100,"caption":"A Nova Peneira"},"image":{"@id":"https:\/\/www.anovapeneira.gal\/#\/schema\/logo\/image\/"},"sameAs":["https:\/\/www.facebook.com\/anovapeneira","https:\/\/x.com\/APeneira"]},{"@type":"Person","@id":"https:\/\/www.anovapeneira.gal\/#\/schema\/person\/b93e3f8932e3f8da96334607eb6ac6aa","name":"Redacci\u00f3n A Nova Peneira","image":{"@type":"ImageObject","inLanguage":"gl-ES","@id":"https:\/\/secure.gravatar.com\/avatar\/c052a2551a06e23fac63626232eaa90abd78dbcf1700fc46a2b2c89fd27b735f?s=96&d=mm&r=g","url":"https:\/\/secure.gravatar.com\/avatar\/c052a2551a06e23fac63626232eaa90abd78dbcf1700fc46a2b2c89fd27b735f?s=96&d=mm&r=g","contentUrl":"https:\/\/secure.gravatar.com\/avatar\/c052a2551a06e23fac63626232eaa90abd78dbcf1700fc46a2b2c89fd27b735f?s=96&d=mm&r=g","caption":"Redacci\u00f3n A Nova Peneira"},"sameAs":["http:\/\/www.anovapeneira.gal\/"],"url":"https:\/\/www.anovapeneira.gal\/index.php\/author\/redactor\/"}]}},"jetpack_featured_media_url":"https:\/\/www.anovapeneira.gal\/wp-content\/uploads\/2022\/01\/Paneis_solares_tominho.jpg","_links":{"self":[{"href":"https:\/\/www.anovapeneira.gal\/index.php\/wp-json\/wp\/v2\/posts\/6864","targetHints":{"allow":["GET"]}}],"collection":[{"href":"https:\/\/www.anovapeneira.gal\/index.php\/wp-json\/wp\/v2\/posts"}],"about":[{"href":"https:\/\/www.anovapeneira.gal\/index.php\/wp-json\/wp\/v2\/types\/post"}],"author":[{"embeddable":true,"href":"https:\/\/www.anovapeneira.gal\/index.php\/wp-json\/wp\/v2\/users\/3"}],"replies":[{"embeddable":true,"href":"https:\/\/www.anovapeneira.gal\/index.php\/wp-json\/wp\/v2\/comments?post=6864"}],"version-history":[{"count":1,"href":"https:\/\/www.anovapeneira.gal\/index.php\/wp-json\/wp\/v2\/posts\/6864\/revisions"}],"predecessor-version":[{"id":6865,"href":"https:\/\/www.anovapeneira.gal\/index.php\/wp-json\/wp\/v2\/posts\/6864\/revisions\/6865"}],"wp:featuredmedia":[{"embeddable":true,"href":"https:\/\/www.anovapeneira.gal\/index.php\/wp-json\/wp\/v2\/media\/6867"}],"wp:attachment":[{"href":"https:\/\/www.anovapeneira.gal\/index.php\/wp-json\/wp\/v2\/media?parent=6864"}],"wp:term":[{"taxonomy":"category","embeddable":true,"href":"https:\/\/www.anovapeneira.gal\/index.php\/wp-json\/wp\/v2\/categories?post=6864"},{"taxonomy":"post_tag","embeddable":true,"href":"https:\/\/www.anovapeneira.gal\/index.php\/wp-json\/wp\/v2\/tags?post=6864"}],"curies":[{"name":"wp","href":"https:\/\/api.w.org\/{rel}","templated":true}]}}