{"id":6877,"date":"2022-02-04T10:00:24","date_gmt":"2022-02-04T09:00:24","guid":{"rendered":"https:\/\/www.anovapeneira.gal\/?p=6877"},"modified":"2022-02-02T13:35:32","modified_gmt":"2022-02-02T12:35:32","slug":"o-concello-de-nigran-ofrece-terapia-canina-durante-todo-este-ano-ao-alumnado-do-centro-juan-maria","status":"publish","type":"post","link":"https:\/\/www.anovapeneira.gal\/index.php\/2022\/02\/04\/o-concello-de-nigran-ofrece-terapia-canina-durante-todo-este-ano-ao-alumnado-do-centro-juan-maria\/","title":{"rendered":"O Concello de Nigr\u00e1n ofrece terapia canina durante todo este ano ao alumnado do Centro Juan Mar\u00eda"},"content":{"rendered":"\n<h2 class=\"wp-block-heading\"><strong>Destina 11.880 \u20ac para que todo o alumnado contin\u00fae recibindo sesi\u00f3ns tras autofinanciarse o curso pasado coa venda de almanaques solidarios<\/strong><\/h2>\n\n\n\n<p><strong>O programa desenv\u00f3vese semanalmente a trav\u00e9s de 4 especialistas e os seus respectivos cans como complemento \u00e1s diferentes acci\u00f3ns educativas que se estean a levar a cabo no centro<\/strong><\/p>\n\n\n\n<p><em><strong>Nigr\u00e1n, 27.01.22.<\/strong><\/em><\/p>\n\n\n\n<p>O Concello de Nigr\u00e1n volve a financiar con 11.880 \u20ac a terapia canina do Centro de Educaci\u00f3n Especial Juan Mar\u00eda (Parada) durante todo este ano, as\u00ed o confirmou onte o propio o alcalde nunha visita para co\u00f1ecer de preto esta metodolox\u00eda con beneficios cient\u00edficos contrastados. Deste xeito, o alumnado continuar\u00e1 recibindo estas sesi\u00f3ns que estrearon este ano coa empresa especializada Yaracan tras autofinanciarse coa venda de almanaques solidarios.<\/p>\n\n\n\n<p>&#8220;Estamos moi agradecidos a todas as persoas que mercaron ese almanaque porque permitiron levar adiante este proxecto marabilloso que, agora, continuaremos da man do Concello de Nigr\u00e1n&#8221;, sinala Alberto Gonz\u00e1lez desde a direcci\u00f3n do Centro. As\u00ed, igual que no ano 2021, neste 2022 a totalidade dos 35 alumnos seguir\u00e1n a participar no programa complementario de educaci\u00f3n asistida un d\u00eda \u00e1 semana en horario lectivo e en sesi\u00f3ns individuais ou en aula atendendo \u00e1s necesidades concretas de apoio educativo; a terapia desenvolverase con catro cans e os seus respectivos t\u00e9cnicos especialistas.<\/p>\n\n\n\n<p>&#8220;Desde a direcci\u00f3n do centro ped\u00edronnos este apoio e no Concello de Nigr\u00e1n non dubidanos que o queremos ofrecer como parte da nosa pol\u00edtica de &#8216;Un Nigr\u00e1n para todos&#8217;, estamos encantados de sumar&#8221;, explica o alcalde de Nigr\u00e1n, Juan Gonz\u00e1lez.<\/p>\n\n\n\n<p>Desde a propia empresa especialista e o CEE Juan Mar\u00eda destacan que \u00e1 activaci\u00f3n emocional positiva que xera o contacto cos cans s\u00famase que non xulgan, non senten m\u00e1goa e tr\u00e1tannos a todos por igual. O feito xa contrastado de que favorecen a reduci\u00f3n do ritmo card\u00edaco, a diminuci\u00f3n da presi\u00f3n arterial e a segregaci\u00f3n de endorfinas e oxitocina, permite traballar en \u00e1reas cognitivas, psicomotrices, comunicativas e sociais como un potente recurso de apoio para os profesionais do CEE Juan Mar\u00eda.<\/p>\n","protected":false},"excerpt":{"rendered":"<div class=\"mh-excerpt\"><p>Destina 11.880 \u20ac para que todo o alumnado contin\u00fae recibindo sesi\u00f3ns tras autofinanciarse o curso pasado coa venda de almanaques solidarios <a class=\"mh-excerpt-more\" href=\"https:\/\/www.anovapeneira.gal\/index.php\/2022\/02\/04\/o-concello-de-nigran-ofrece-terapia-canina-durante-todo-este-ano-ao-alumnado-do-centro-juan-maria\/\" title=\"O Concello de Nigr\u00e1n ofrece terapia canina durante todo este ano ao alumnado do Centro Juan Mar\u00eda\">[&#8230;]<\/a><\/p>\n<\/div>","protected":false},"author":3,"featured_media":6888,"comment_status":"open","ping_status":"open","sticky":false,"template":"","format":"standard","meta":{"_exactmetrics_skip_tracking":false,"_exactmetrics_sitenote_active":false,"_exactmetrics_sitenote_note":"","_exactmetrics_sitenote_category":0,"footnotes":""},"categories":[20],"tags":[135],"class_list":{"0":"post-6877","1":"post","2":"type-post","3":"status-publish","4":"format-standard","5":"has-post-thumbnail","7":"category-val-minor","8":"tag-concello-de-nigran"},"yoast_head":"<!-- This site is optimized with the Yoast SEO plugin v27.4 - https:\/\/yoast.com\/product\/yoast-seo-wordpress\/ -->\n<title>O Concello de Nigr\u00e1n ofrece terapia canina durante todo este ano ao alumnado do Centro Juan Mar\u00eda -<\/title>\n<meta name=\"description\" content=\"Destina 11.880 \u20ac para que todo o alumnado contin\u00fae recibindo sesi\u00f3ns tras autofinanciarse o curso pasado coa venda de almanaques solidarios\" \/>\n<meta name=\"robots\" content=\"index, follow, max-snippet:-1, max-image-preview:large, max-video-preview:-1\" \/>\n<link rel=\"canonical\" href=\"https:\/\/www.anovapeneira.gal\/index.php\/2022\/02\/04\/o-concello-de-nigran-ofrece-terapia-canina-durante-todo-este-ano-ao-alumnado-do-centro-juan-maria\/\" \/>\n<meta property=\"og:locale\" content=\"gl_ES\" \/>\n<meta property=\"og:type\" content=\"article\" \/>\n<meta property=\"og:title\" content=\"O Concello de Nigr\u00e1n ofrece terapia canina durante todo este ano ao alumnado do Centro Juan Mar\u00eda -\" \/>\n<meta property=\"og:description\" content=\"Destina 11.880 \u20ac para que todo o alumnado contin\u00fae recibindo sesi\u00f3ns tras autofinanciarse o curso pasado coa venda de almanaques solidarios\" \/>\n<meta property=\"og:url\" content=\"https:\/\/www.anovapeneira.gal\/index.php\/2022\/02\/04\/o-concello-de-nigran-ofrece-terapia-canina-durante-todo-este-ano-ao-alumnado-do-centro-juan-maria\/\" \/>\n<meta property=\"article:publisher\" content=\"https:\/\/www.facebook.com\/anovapeneira\" \/>\n<meta property=\"article:published_time\" content=\"2022-02-04T09:00:24+00:00\" \/>\n<meta property=\"og:image\" content=\"https:\/\/www.anovapeneira.gal\/wp-content\/uploads\/2022\/02\/centro_juan_maria_terapia_canina-1.jpg\" \/>\n\t<meta property=\"og:image:width\" content=\"720\" \/>\n\t<meta property=\"og:image:height\" content=\"432\" \/>\n\t<meta property=\"og:image:type\" content=\"image\/jpeg\" \/>\n<meta name=\"author\" content=\"Redacci\u00f3n A Nova Peneira\" \/>\n<meta name=\"twitter:card\" content=\"summary_large_image\" \/>\n<meta name=\"twitter:creator\" content=\"@APeneira\" \/>\n<meta name=\"twitter:site\" content=\"@APeneira\" \/>\n<meta name=\"twitter:label1\" content=\"Escrito por\" \/>\n\t<meta name=\"twitter:data1\" content=\"Redacci\u00f3n A Nova Peneira\" \/>\n\t<meta name=\"twitter:label2\" content=\"Tempo de lectura\" \/>\n\t<meta name=\"twitter:data2\" content=\"2 minutos\" \/>\n<script type=\"application\/ld+json\" class=\"yoast-schema-graph\">{\"@context\":\"https:\\\/\\\/schema.org\",\"@graph\":[{\"@type\":\"Article\",\"@id\":\"https:\\\/\\\/www.anovapeneira.gal\\\/index.php\\\/2022\\\/02\\\/04\\\/o-concello-de-nigran-ofrece-terapia-canina-durante-todo-este-ano-ao-alumnado-do-centro-juan-maria\\\/#article\",\"isPartOf\":{\"@id\":\"https:\\\/\\\/www.anovapeneira.gal\\\/index.php\\\/2022\\\/02\\\/04\\\/o-concello-de-nigran-ofrece-terapia-canina-durante-todo-este-ano-ao-alumnado-do-centro-juan-maria\\\/\"},\"author\":{\"name\":\"Redacci\u00f3n A Nova Peneira\",\"@id\":\"https:\\\/\\\/www.anovapeneira.gal\\\/#\\\/schema\\\/person\\\/b93e3f8932e3f8da96334607eb6ac6aa\"},\"headline\":\"O Concello de Nigr\u00e1n ofrece terapia canina durante todo este ano ao alumnado do Centro Juan Mar\u00eda\",\"datePublished\":\"2022-02-04T09:00:24+00:00\",\"mainEntityOfPage\":{\"@id\":\"https:\\\/\\\/www.anovapeneira.gal\\\/index.php\\\/2022\\\/02\\\/04\\\/o-concello-de-nigran-ofrece-terapia-canina-durante-todo-este-ano-ao-alumnado-do-centro-juan-maria\\\/\"},\"wordCount\":378,\"commentCount\":0,\"publisher\":{\"@id\":\"https:\\\/\\\/www.anovapeneira.gal\\\/#organization\"},\"image\":{\"@id\":\"https:\\\/\\\/www.anovapeneira.gal\\\/index.php\\\/2022\\\/02\\\/04\\\/o-concello-de-nigran-ofrece-terapia-canina-durante-todo-este-ano-ao-alumnado-do-centro-juan-maria\\\/#primaryimage\"},\"thumbnailUrl\":\"https:\\\/\\\/www.anovapeneira.gal\\\/wp-content\\\/uploads\\\/2022\\\/02\\\/centro_juan_maria_terapia_canina-1.jpg\",\"keywords\":[\"Concello de Nigr\u00e1n\"],\"articleSection\":[\"Val Mi\u00f1or\"],\"inLanguage\":\"gl-ES\",\"potentialAction\":[{\"@type\":\"CommentAction\",\"name\":\"Comment\",\"target\":[\"https:\\\/\\\/www.anovapeneira.gal\\\/index.php\\\/2022\\\/02\\\/04\\\/o-concello-de-nigran-ofrece-terapia-canina-durante-todo-este-ano-ao-alumnado-do-centro-juan-maria\\\/#respond\"]}]},{\"@type\":\"WebPage\",\"@id\":\"https:\\\/\\\/www.anovapeneira.gal\\\/index.php\\\/2022\\\/02\\\/04\\\/o-concello-de-nigran-ofrece-terapia-canina-durante-todo-este-ano-ao-alumnado-do-centro-juan-maria\\\/\",\"url\":\"https:\\\/\\\/www.anovapeneira.gal\\\/index.php\\\/2022\\\/02\\\/04\\\/o-concello-de-nigran-ofrece-terapia-canina-durante-todo-este-ano-ao-alumnado-do-centro-juan-maria\\\/\",\"name\":\"O Concello de Nigr\u00e1n ofrece terapia canina durante todo este ano ao alumnado do Centro Juan Mar\u00eda -\",\"isPartOf\":{\"@id\":\"https:\\\/\\\/www.anovapeneira.gal\\\/#website\"},\"primaryImageOfPage\":{\"@id\":\"https:\\\/\\\/www.anovapeneira.gal\\\/index.php\\\/2022\\\/02\\\/04\\\/o-concello-de-nigran-ofrece-terapia-canina-durante-todo-este-ano-ao-alumnado-do-centro-juan-maria\\\/#primaryimage\"},\"image\":{\"@id\":\"https:\\\/\\\/www.anovapeneira.gal\\\/index.php\\\/2022\\\/02\\\/04\\\/o-concello-de-nigran-ofrece-terapia-canina-durante-todo-este-ano-ao-alumnado-do-centro-juan-maria\\\/#primaryimage\"},\"thumbnailUrl\":\"https:\\\/\\\/www.anovapeneira.gal\\\/wp-content\\\/uploads\\\/2022\\\/02\\\/centro_juan_maria_terapia_canina-1.jpg\",\"datePublished\":\"2022-02-04T09:00:24+00:00\",\"description\":\"Destina 11.880 \u20ac para que todo o alumnado contin\u00fae recibindo sesi\u00f3ns tras autofinanciarse o curso pasado coa venda de almanaques solidarios\",\"breadcrumb\":{\"@id\":\"https:\\\/\\\/www.anovapeneira.gal\\\/index.php\\\/2022\\\/02\\\/04\\\/o-concello-de-nigran-ofrece-terapia-canina-durante-todo-este-ano-ao-alumnado-do-centro-juan-maria\\\/#breadcrumb\"},\"inLanguage\":\"gl-ES\",\"potentialAction\":[{\"@type\":\"ReadAction\",\"target\":[\"https:\\\/\\\/www.anovapeneira.gal\\\/index.php\\\/2022\\\/02\\\/04\\\/o-concello-de-nigran-ofrece-terapia-canina-durante-todo-este-ano-ao-alumnado-do-centro-juan-maria\\\/\"]}]},{\"@type\":\"ImageObject\",\"inLanguage\":\"gl-ES\",\"@id\":\"https:\\\/\\\/www.anovapeneira.gal\\\/index.php\\\/2022\\\/02\\\/04\\\/o-concello-de-nigran-ofrece-terapia-canina-durante-todo-este-ano-ao-alumnado-do-centro-juan-maria\\\/#primaryimage\",\"url\":\"https:\\\/\\\/www.anovapeneira.gal\\\/wp-content\\\/uploads\\\/2022\\\/02\\\/centro_juan_maria_terapia_canina-1.jpg\",\"contentUrl\":\"https:\\\/\\\/www.anovapeneira.gal\\\/wp-content\\\/uploads\\\/2022\\\/02\\\/centro_juan_maria_terapia_canina-1.jpg\",\"width\":720,\"height\":432,\"caption\":\"O Concello de Nigr\u00e1n ofrece terapia canina durante todo este ano ao alumnado do Centro Juan Mar\u00eda\"},{\"@type\":\"BreadcrumbList\",\"@id\":\"https:\\\/\\\/www.anovapeneira.gal\\\/index.php\\\/2022\\\/02\\\/04\\\/o-concello-de-nigran-ofrece-terapia-canina-durante-todo-este-ano-ao-alumnado-do-centro-juan-maria\\\/#breadcrumb\",\"itemListElement\":[{\"@type\":\"ListItem\",\"position\":1,\"name\":\"Portada\",\"item\":\"https:\\\/\\\/www.anovapeneira.gal\\\/\"},{\"@type\":\"ListItem\",\"position\":2,\"name\":\"O Concello de Nigr\u00e1n ofrece terapia canina durante todo este ano ao alumnado do Centro Juan Mar\u00eda\"}]},{\"@type\":\"WebSite\",\"@id\":\"https:\\\/\\\/www.anovapeneira.gal\\\/#website\",\"url\":\"https:\\\/\\\/www.anovapeneira.gal\\\/\",\"name\":\"\",\"description\":\"Xornal galego de informaci\u00f3n xeral Publicaci\u00f3n mensual de novas de Galicia e en especial dos Concellos da sur da provincia de Pontevedra.\",\"publisher\":{\"@id\":\"https:\\\/\\\/www.anovapeneira.gal\\\/#organization\"},\"potentialAction\":[{\"@type\":\"SearchAction\",\"target\":{\"@type\":\"EntryPoint\",\"urlTemplate\":\"https:\\\/\\\/www.anovapeneira.gal\\\/?s={search_term_string}\"},\"query-input\":{\"@type\":\"PropertyValueSpecification\",\"valueRequired\":true,\"valueName\":\"search_term_string\"}}],\"inLanguage\":\"gl-ES\"},{\"@type\":\"Organization\",\"@id\":\"https:\\\/\\\/www.anovapeneira.gal\\\/#organization\",\"name\":\"A Nova Peneira\",\"url\":\"https:\\\/\\\/www.anovapeneira.gal\\\/\",\"logo\":{\"@type\":\"ImageObject\",\"inLanguage\":\"gl-ES\",\"@id\":\"https:\\\/\\\/www.anovapeneira.gal\\\/#\\\/schema\\\/logo\\\/image\\\/\",\"url\":\"http:\\\/\\\/www.anovapeneira.gal\\\/wp-content\\\/uploads\\\/2019\\\/06\\\/logo_a_nova_peneira_portal_web.png\",\"contentUrl\":\"http:\\\/\\\/www.anovapeneira.gal\\\/wp-content\\\/uploads\\\/2019\\\/06\\\/logo_a_nova_peneira_portal_web.png\",\"width\":300,\"height\":100,\"caption\":\"A Nova Peneira\"},\"image\":{\"@id\":\"https:\\\/\\\/www.anovapeneira.gal\\\/#\\\/schema\\\/logo\\\/image\\\/\"},\"sameAs\":[\"https:\\\/\\\/www.facebook.com\\\/anovapeneira\",\"https:\\\/\\\/x.com\\\/APeneira\"]},{\"@type\":\"Person\",\"@id\":\"https:\\\/\\\/www.anovapeneira.gal\\\/#\\\/schema\\\/person\\\/b93e3f8932e3f8da96334607eb6ac6aa\",\"name\":\"Redacci\u00f3n A Nova Peneira\",\"image\":{\"@type\":\"ImageObject\",\"inLanguage\":\"gl-ES\",\"@id\":\"https:\\\/\\\/secure.gravatar.com\\\/avatar\\\/c052a2551a06e23fac63626232eaa90abd78dbcf1700fc46a2b2c89fd27b735f?s=96&d=mm&r=g\",\"url\":\"https:\\\/\\\/secure.gravatar.com\\\/avatar\\\/c052a2551a06e23fac63626232eaa90abd78dbcf1700fc46a2b2c89fd27b735f?s=96&d=mm&r=g\",\"contentUrl\":\"https:\\\/\\\/secure.gravatar.com\\\/avatar\\\/c052a2551a06e23fac63626232eaa90abd78dbcf1700fc46a2b2c89fd27b735f?s=96&d=mm&r=g\",\"caption\":\"Redacci\u00f3n A Nova Peneira\"},\"sameAs\":[\"http:\\\/\\\/www.anovapeneira.gal\\\/\"],\"url\":\"https:\\\/\\\/www.anovapeneira.gal\\\/index.php\\\/author\\\/redactor\\\/\"}]}<\/script>\n<!-- \/ Yoast SEO plugin. -->","yoast_head_json":{"title":"O Concello de Nigr\u00e1n ofrece terapia canina durante todo este ano ao alumnado do Centro Juan Mar\u00eda -","description":"Destina 11.880 \u20ac para que todo o alumnado contin\u00fae recibindo sesi\u00f3ns tras autofinanciarse o curso pasado coa venda de almanaques solidarios","robots":{"index":"index","follow":"follow","max-snippet":"max-snippet:-1","max-image-preview":"max-image-preview:large","max-video-preview":"max-video-preview:-1"},"canonical":"https:\/\/www.anovapeneira.gal\/index.php\/2022\/02\/04\/o-concello-de-nigran-ofrece-terapia-canina-durante-todo-este-ano-ao-alumnado-do-centro-juan-maria\/","og_locale":"gl_ES","og_type":"article","og_title":"O Concello de Nigr\u00e1n ofrece terapia canina durante todo este ano ao alumnado do Centro Juan Mar\u00eda -","og_description":"Destina 11.880 \u20ac para que todo o alumnado contin\u00fae recibindo sesi\u00f3ns tras autofinanciarse o curso pasado coa venda de almanaques solidarios","og_url":"https:\/\/www.anovapeneira.gal\/index.php\/2022\/02\/04\/o-concello-de-nigran-ofrece-terapia-canina-durante-todo-este-ano-ao-alumnado-do-centro-juan-maria\/","article_publisher":"https:\/\/www.facebook.com\/anovapeneira","article_published_time":"2022-02-04T09:00:24+00:00","og_image":[{"width":720,"height":432,"url":"https:\/\/www.anovapeneira.gal\/wp-content\/uploads\/2022\/02\/centro_juan_maria_terapia_canina-1.jpg","type":"image\/jpeg"}],"author":"Redacci\u00f3n A Nova Peneira","twitter_card":"summary_large_image","twitter_creator":"@APeneira","twitter_site":"@APeneira","twitter_misc":{"Escrito por":"Redacci\u00f3n A Nova Peneira","Tempo de lectura":"2 minutos"},"schema":{"@context":"https:\/\/schema.org","@graph":[{"@type":"Article","@id":"https:\/\/www.anovapeneira.gal\/index.php\/2022\/02\/04\/o-concello-de-nigran-ofrece-terapia-canina-durante-todo-este-ano-ao-alumnado-do-centro-juan-maria\/#article","isPartOf":{"@id":"https:\/\/www.anovapeneira.gal\/index.php\/2022\/02\/04\/o-concello-de-nigran-ofrece-terapia-canina-durante-todo-este-ano-ao-alumnado-do-centro-juan-maria\/"},"author":{"name":"Redacci\u00f3n A Nova Peneira","@id":"https:\/\/www.anovapeneira.gal\/#\/schema\/person\/b93e3f8932e3f8da96334607eb6ac6aa"},"headline":"O Concello de Nigr\u00e1n ofrece terapia canina durante todo este ano ao alumnado do Centro Juan Mar\u00eda","datePublished":"2022-02-04T09:00:24+00:00","mainEntityOfPage":{"@id":"https:\/\/www.anovapeneira.gal\/index.php\/2022\/02\/04\/o-concello-de-nigran-ofrece-terapia-canina-durante-todo-este-ano-ao-alumnado-do-centro-juan-maria\/"},"wordCount":378,"commentCount":0,"publisher":{"@id":"https:\/\/www.anovapeneira.gal\/#organization"},"image":{"@id":"https:\/\/www.anovapeneira.gal\/index.php\/2022\/02\/04\/o-concello-de-nigran-ofrece-terapia-canina-durante-todo-este-ano-ao-alumnado-do-centro-juan-maria\/#primaryimage"},"thumbnailUrl":"https:\/\/www.anovapeneira.gal\/wp-content\/uploads\/2022\/02\/centro_juan_maria_terapia_canina-1.jpg","keywords":["Concello de Nigr\u00e1n"],"articleSection":["Val Mi\u00f1or"],"inLanguage":"gl-ES","potentialAction":[{"@type":"CommentAction","name":"Comment","target":["https:\/\/www.anovapeneira.gal\/index.php\/2022\/02\/04\/o-concello-de-nigran-ofrece-terapia-canina-durante-todo-este-ano-ao-alumnado-do-centro-juan-maria\/#respond"]}]},{"@type":"WebPage","@id":"https:\/\/www.anovapeneira.gal\/index.php\/2022\/02\/04\/o-concello-de-nigran-ofrece-terapia-canina-durante-todo-este-ano-ao-alumnado-do-centro-juan-maria\/","url":"https:\/\/www.anovapeneira.gal\/index.php\/2022\/02\/04\/o-concello-de-nigran-ofrece-terapia-canina-durante-todo-este-ano-ao-alumnado-do-centro-juan-maria\/","name":"O Concello de Nigr\u00e1n ofrece terapia canina durante todo este ano ao alumnado do Centro Juan Mar\u00eda -","isPartOf":{"@id":"https:\/\/www.anovapeneira.gal\/#website"},"primaryImageOfPage":{"@id":"https:\/\/www.anovapeneira.gal\/index.php\/2022\/02\/04\/o-concello-de-nigran-ofrece-terapia-canina-durante-todo-este-ano-ao-alumnado-do-centro-juan-maria\/#primaryimage"},"image":{"@id":"https:\/\/www.anovapeneira.gal\/index.php\/2022\/02\/04\/o-concello-de-nigran-ofrece-terapia-canina-durante-todo-este-ano-ao-alumnado-do-centro-juan-maria\/#primaryimage"},"thumbnailUrl":"https:\/\/www.anovapeneira.gal\/wp-content\/uploads\/2022\/02\/centro_juan_maria_terapia_canina-1.jpg","datePublished":"2022-02-04T09:00:24+00:00","description":"Destina 11.880 \u20ac para que todo o alumnado contin\u00fae recibindo sesi\u00f3ns tras autofinanciarse o curso pasado coa venda de almanaques solidarios","breadcrumb":{"@id":"https:\/\/www.anovapeneira.gal\/index.php\/2022\/02\/04\/o-concello-de-nigran-ofrece-terapia-canina-durante-todo-este-ano-ao-alumnado-do-centro-juan-maria\/#breadcrumb"},"inLanguage":"gl-ES","potentialAction":[{"@type":"ReadAction","target":["https:\/\/www.anovapeneira.gal\/index.php\/2022\/02\/04\/o-concello-de-nigran-ofrece-terapia-canina-durante-todo-este-ano-ao-alumnado-do-centro-juan-maria\/"]}]},{"@type":"ImageObject","inLanguage":"gl-ES","@id":"https:\/\/www.anovapeneira.gal\/index.php\/2022\/02\/04\/o-concello-de-nigran-ofrece-terapia-canina-durante-todo-este-ano-ao-alumnado-do-centro-juan-maria\/#primaryimage","url":"https:\/\/www.anovapeneira.gal\/wp-content\/uploads\/2022\/02\/centro_juan_maria_terapia_canina-1.jpg","contentUrl":"https:\/\/www.anovapeneira.gal\/wp-content\/uploads\/2022\/02\/centro_juan_maria_terapia_canina-1.jpg","width":720,"height":432,"caption":"O Concello de Nigr\u00e1n ofrece terapia canina durante todo este ano ao alumnado do Centro Juan Mar\u00eda"},{"@type":"BreadcrumbList","@id":"https:\/\/www.anovapeneira.gal\/index.php\/2022\/02\/04\/o-concello-de-nigran-ofrece-terapia-canina-durante-todo-este-ano-ao-alumnado-do-centro-juan-maria\/#breadcrumb","itemListElement":[{"@type":"ListItem","position":1,"name":"Portada","item":"https:\/\/www.anovapeneira.gal\/"},{"@type":"ListItem","position":2,"name":"O Concello de Nigr\u00e1n ofrece terapia canina durante todo este ano ao alumnado do Centro Juan Mar\u00eda"}]},{"@type":"WebSite","@id":"https:\/\/www.anovapeneira.gal\/#website","url":"https:\/\/www.anovapeneira.gal\/","name":"","description":"Xornal galego de informaci\u00f3n xeral Publicaci\u00f3n mensual de novas de Galicia e en especial dos Concellos da sur da provincia de Pontevedra.","publisher":{"@id":"https:\/\/www.anovapeneira.gal\/#organization"},"potentialAction":[{"@type":"SearchAction","target":{"@type":"EntryPoint","urlTemplate":"https:\/\/www.anovapeneira.gal\/?s={search_term_string}"},"query-input":{"@type":"PropertyValueSpecification","valueRequired":true,"valueName":"search_term_string"}}],"inLanguage":"gl-ES"},{"@type":"Organization","@id":"https:\/\/www.anovapeneira.gal\/#organization","name":"A Nova Peneira","url":"https:\/\/www.anovapeneira.gal\/","logo":{"@type":"ImageObject","inLanguage":"gl-ES","@id":"https:\/\/www.anovapeneira.gal\/#\/schema\/logo\/image\/","url":"http:\/\/www.anovapeneira.gal\/wp-content\/uploads\/2019\/06\/logo_a_nova_peneira_portal_web.png","contentUrl":"http:\/\/www.anovapeneira.gal\/wp-content\/uploads\/2019\/06\/logo_a_nova_peneira_portal_web.png","width":300,"height":100,"caption":"A Nova Peneira"},"image":{"@id":"https:\/\/www.anovapeneira.gal\/#\/schema\/logo\/image\/"},"sameAs":["https:\/\/www.facebook.com\/anovapeneira","https:\/\/x.com\/APeneira"]},{"@type":"Person","@id":"https:\/\/www.anovapeneira.gal\/#\/schema\/person\/b93e3f8932e3f8da96334607eb6ac6aa","name":"Redacci\u00f3n A Nova Peneira","image":{"@type":"ImageObject","inLanguage":"gl-ES","@id":"https:\/\/secure.gravatar.com\/avatar\/c052a2551a06e23fac63626232eaa90abd78dbcf1700fc46a2b2c89fd27b735f?s=96&d=mm&r=g","url":"https:\/\/secure.gravatar.com\/avatar\/c052a2551a06e23fac63626232eaa90abd78dbcf1700fc46a2b2c89fd27b735f?s=96&d=mm&r=g","contentUrl":"https:\/\/secure.gravatar.com\/avatar\/c052a2551a06e23fac63626232eaa90abd78dbcf1700fc46a2b2c89fd27b735f?s=96&d=mm&r=g","caption":"Redacci\u00f3n A Nova Peneira"},"sameAs":["http:\/\/www.anovapeneira.gal\/"],"url":"https:\/\/www.anovapeneira.gal\/index.php\/author\/redactor\/"}]}},"jetpack_featured_media_url":"https:\/\/www.anovapeneira.gal\/wp-content\/uploads\/2022\/02\/centro_juan_maria_terapia_canina-1.jpg","_links":{"self":[{"href":"https:\/\/www.anovapeneira.gal\/index.php\/wp-json\/wp\/v2\/posts\/6877","targetHints":{"allow":["GET"]}}],"collection":[{"href":"https:\/\/www.anovapeneira.gal\/index.php\/wp-json\/wp\/v2\/posts"}],"about":[{"href":"https:\/\/www.anovapeneira.gal\/index.php\/wp-json\/wp\/v2\/types\/post"}],"author":[{"embeddable":true,"href":"https:\/\/www.anovapeneira.gal\/index.php\/wp-json\/wp\/v2\/users\/3"}],"replies":[{"embeddable":true,"href":"https:\/\/www.anovapeneira.gal\/index.php\/wp-json\/wp\/v2\/comments?post=6877"}],"version-history":[{"count":1,"href":"https:\/\/www.anovapeneira.gal\/index.php\/wp-json\/wp\/v2\/posts\/6877\/revisions"}],"predecessor-version":[{"id":6879,"href":"https:\/\/www.anovapeneira.gal\/index.php\/wp-json\/wp\/v2\/posts\/6877\/revisions\/6879"}],"wp:featuredmedia":[{"embeddable":true,"href":"https:\/\/www.anovapeneira.gal\/index.php\/wp-json\/wp\/v2\/media\/6888"}],"wp:attachment":[{"href":"https:\/\/www.anovapeneira.gal\/index.php\/wp-json\/wp\/v2\/media?parent=6877"}],"wp:term":[{"taxonomy":"category","embeddable":true,"href":"https:\/\/www.anovapeneira.gal\/index.php\/wp-json\/wp\/v2\/categories?post=6877"},{"taxonomy":"post_tag","embeddable":true,"href":"https:\/\/www.anovapeneira.gal\/index.php\/wp-json\/wp\/v2\/tags?post=6877"}],"curies":[{"name":"wp","href":"https:\/\/api.w.org\/{rel}","templated":true}]}}