{"id":6884,"date":"2022-02-04T12:00:31","date_gmt":"2022-02-04T11:00:31","guid":{"rendered":"https:\/\/www.anovapeneira.gal\/?p=6884"},"modified":"2022-02-02T13:32:14","modified_gmt":"2022-02-02T12:32:14","slug":"o-bng-urxe-mellorar-o-acceso-ao-centro-de-saude-da-guarda-para-ambulancias-e-persoas-con-mobilidade-reducida","status":"publish","type":"post","link":"https:\/\/www.anovapeneira.gal\/index.php\/2022\/02\/04\/o-bng-urxe-mellorar-o-acceso-ao-centro-de-saude-da-guarda-para-ambulancias-e-persoas-con-mobilidade-reducida\/","title":{"rendered":"O BNG urxe mellorar o acceso ao centro de sa\u00fade da Guarda para  ambulancias e persoas con mobilidade reducida"},"content":{"rendered":"\n<p>O BNG ten contrastado cos condutores de ambulancias e con persoas con mobilidade reducida as deficiencias que presenta a entrada do centro de sa\u00fade da Guarda ao carecer de acceso para veh\u00edculos.<\/p>\n\n\n\n<p>O portavoz municipal do BNG, Anxo Baz considera que \u201cdarlle unha soluci\u00f3n ao problema que presenta este acceso \u00e9 unha cuesti\u00f3n de vontade pol\u00edtica. Tr\u00e1tase de que as ambulancias e as persoas con mobilidade reducida te\u00f1an a posibilidade de chegar ata a porta do Centro\u201d.<\/p>\n\n\n\n<p>Anxo Baz, considera que \u201ca obra que compre facer \u00e9 moi simple e consiste nun acceso para que estes veh\u00edculos podan chegar \u00e1 porta sen necesidade de facer manobras xa que o espazo que hai diante do centro permite facer unha v\u00eda con entrada e sa\u00edda \u201d.<\/p>\n\n\n\n<p>Os nacionalistas ve\u00f1en de presentar esta proposta no Pleno do Concello para que se tramite diante da Consellar\u00eda de Sanidade ao mesmo tempo que van presentar unha proposta no mesmo sentido no Parlamento Galego.<\/p>\n\n\n\n<p>Anxo Baz rematou conclu\u00edndo \u201cresulta lament\u00e1bel que tanto a Xunta de Galiza que est\u00e1 facendo obras no acceso ao Centro de Sa\u00fade como o Grupo de Goberno Socialista da Guarda que tivo que dar licenza para a realizaci\u00f3n destas obras non contemplaran esta intervenci\u00f3n\u201d.<\/p>\n","protected":false},"excerpt":{"rendered":"<div class=\"mh-excerpt\"><p>O BNG ten contrastado cos condutores de ambulancias e con persoas con mobilidade reducida as deficiencias que presenta a entrada do centro de sa\u00fade da Guarda ao carecer de acceso para veh\u00edculos. <a class=\"mh-excerpt-more\" href=\"https:\/\/www.anovapeneira.gal\/index.php\/2022\/02\/04\/o-bng-urxe-mellorar-o-acceso-ao-centro-de-saude-da-guarda-para-ambulancias-e-persoas-con-mobilidade-reducida\/\" title=\"O BNG urxe mellorar o acceso ao centro de sa\u00fade da Guarda para  ambulancias e persoas con mobilidade reducida\">[&#8230;]<\/a><\/p>\n<\/div>","protected":false},"author":3,"featured_media":6887,"comment_status":"open","ping_status":"open","sticky":false,"template":"","format":"standard","meta":{"_exactmetrics_skip_tracking":false,"_exactmetrics_sitenote_active":false,"_exactmetrics_sitenote_note":"","_exactmetrics_sitenote_category":0,"footnotes":""},"categories":[21,1],"tags":[238],"class_list":{"0":"post-6884","1":"post","2":"type-post","3":"status-publish","4":"format-standard","5":"has-post-thumbnail","7":"category-baixo-mino","8":"category-sin-categoria","9":"tag-concello-da-guarda"},"yoast_head":"<!-- This site is optimized with the Yoast SEO plugin v27.4 - https:\/\/yoast.com\/product\/yoast-seo-wordpress\/ -->\n<title>O BNG urxe mellorar o acceso ao centro de sa\u00fade da Guarda para ambulancias e persoas con mobilidade reducida -<\/title>\n<meta name=\"description\" content=\"O BNG ten contrastado cos condutores de ambulancias e con persoas con mobilidade reducida as deficiencias que presenta a entrada do centro de sa\u00fade da Guarda ao carecer de acceso para veh\u00edculos\" \/>\n<meta name=\"robots\" content=\"index, follow, max-snippet:-1, max-image-preview:large, max-video-preview:-1\" \/>\n<link rel=\"canonical\" href=\"https:\/\/www.anovapeneira.gal\/index.php\/2022\/02\/04\/o-bng-urxe-mellorar-o-acceso-ao-centro-de-saude-da-guarda-para-ambulancias-e-persoas-con-mobilidade-reducida\/\" \/>\n<meta property=\"og:locale\" content=\"gl_ES\" \/>\n<meta property=\"og:type\" content=\"article\" \/>\n<meta property=\"og:title\" content=\"O BNG urxe mellorar o acceso ao centro de sa\u00fade da Guarda para ambulancias e persoas con mobilidade reducida -\" \/>\n<meta property=\"og:description\" content=\"O BNG ten contrastado cos condutores de ambulancias e con persoas con mobilidade reducida as deficiencias que presenta a entrada do centro de sa\u00fade da Guarda ao carecer de acceso para veh\u00edculos\" \/>\n<meta property=\"og:url\" content=\"https:\/\/www.anovapeneira.gal\/index.php\/2022\/02\/04\/o-bng-urxe-mellorar-o-acceso-ao-centro-de-saude-da-guarda-para-ambulancias-e-persoas-con-mobilidade-reducida\/\" \/>\n<meta property=\"article:publisher\" content=\"https:\/\/www.facebook.com\/anovapeneira\" \/>\n<meta property=\"article:published_time\" content=\"2022-02-04T11:00:31+00:00\" \/>\n<meta property=\"og:image\" content=\"https:\/\/www.anovapeneira.gal\/wp-content\/uploads\/2022\/02\/centro_Saude_guarda.jpg\" \/>\n\t<meta property=\"og:image:width\" content=\"720\" \/>\n\t<meta property=\"og:image:height\" content=\"432\" \/>\n\t<meta property=\"og:image:type\" content=\"image\/jpeg\" \/>\n<meta name=\"author\" content=\"Redacci\u00f3n A Nova Peneira\" \/>\n<meta name=\"twitter:card\" content=\"summary_large_image\" \/>\n<meta name=\"twitter:creator\" content=\"@APeneira\" \/>\n<meta name=\"twitter:site\" content=\"@APeneira\" \/>\n<meta name=\"twitter:label1\" content=\"Escrito por\" \/>\n\t<meta name=\"twitter:data1\" content=\"Redacci\u00f3n A Nova Peneira\" \/>\n\t<meta name=\"twitter:label2\" content=\"Tempo de lectura\" \/>\n\t<meta name=\"twitter:data2\" content=\"2 minutos\" \/>\n<script type=\"application\/ld+json\" class=\"yoast-schema-graph\">{\"@context\":\"https:\\\/\\\/schema.org\",\"@graph\":[{\"@type\":\"Article\",\"@id\":\"https:\\\/\\\/www.anovapeneira.gal\\\/index.php\\\/2022\\\/02\\\/04\\\/o-bng-urxe-mellorar-o-acceso-ao-centro-de-saude-da-guarda-para-ambulancias-e-persoas-con-mobilidade-reducida\\\/#article\",\"isPartOf\":{\"@id\":\"https:\\\/\\\/www.anovapeneira.gal\\\/index.php\\\/2022\\\/02\\\/04\\\/o-bng-urxe-mellorar-o-acceso-ao-centro-de-saude-da-guarda-para-ambulancias-e-persoas-con-mobilidade-reducida\\\/\"},\"author\":{\"name\":\"Redacci\u00f3n A Nova Peneira\",\"@id\":\"https:\\\/\\\/www.anovapeneira.gal\\\/#\\\/schema\\\/person\\\/b93e3f8932e3f8da96334607eb6ac6aa\"},\"headline\":\"O BNG urxe mellorar o acceso ao centro de sa\u00fade da Guarda para ambulancias e persoas con mobilidade reducida\",\"datePublished\":\"2022-02-04T11:00:31+00:00\",\"mainEntityOfPage\":{\"@id\":\"https:\\\/\\\/www.anovapeneira.gal\\\/index.php\\\/2022\\\/02\\\/04\\\/o-bng-urxe-mellorar-o-acceso-ao-centro-de-saude-da-guarda-para-ambulancias-e-persoas-con-mobilidade-reducida\\\/\"},\"wordCount\":235,\"commentCount\":0,\"publisher\":{\"@id\":\"https:\\\/\\\/www.anovapeneira.gal\\\/#organization\"},\"image\":{\"@id\":\"https:\\\/\\\/www.anovapeneira.gal\\\/index.php\\\/2022\\\/02\\\/04\\\/o-bng-urxe-mellorar-o-acceso-ao-centro-de-saude-da-guarda-para-ambulancias-e-persoas-con-mobilidade-reducida\\\/#primaryimage\"},\"thumbnailUrl\":\"https:\\\/\\\/www.anovapeneira.gal\\\/wp-content\\\/uploads\\\/2022\\\/02\\\/centro_Saude_guarda.jpg\",\"keywords\":[\"Concello da Guarda\"],\"articleSection\":[\"Baixo Mi\u00f1o\",\"Sin categor\u00eda\"],\"inLanguage\":\"gl-ES\",\"potentialAction\":[{\"@type\":\"CommentAction\",\"name\":\"Comment\",\"target\":[\"https:\\\/\\\/www.anovapeneira.gal\\\/index.php\\\/2022\\\/02\\\/04\\\/o-bng-urxe-mellorar-o-acceso-ao-centro-de-saude-da-guarda-para-ambulancias-e-persoas-con-mobilidade-reducida\\\/#respond\"]}]},{\"@type\":\"WebPage\",\"@id\":\"https:\\\/\\\/www.anovapeneira.gal\\\/index.php\\\/2022\\\/02\\\/04\\\/o-bng-urxe-mellorar-o-acceso-ao-centro-de-saude-da-guarda-para-ambulancias-e-persoas-con-mobilidade-reducida\\\/\",\"url\":\"https:\\\/\\\/www.anovapeneira.gal\\\/index.php\\\/2022\\\/02\\\/04\\\/o-bng-urxe-mellorar-o-acceso-ao-centro-de-saude-da-guarda-para-ambulancias-e-persoas-con-mobilidade-reducida\\\/\",\"name\":\"O BNG urxe mellorar o acceso ao centro de sa\u00fade da Guarda para ambulancias e persoas con mobilidade reducida -\",\"isPartOf\":{\"@id\":\"https:\\\/\\\/www.anovapeneira.gal\\\/#website\"},\"primaryImageOfPage\":{\"@id\":\"https:\\\/\\\/www.anovapeneira.gal\\\/index.php\\\/2022\\\/02\\\/04\\\/o-bng-urxe-mellorar-o-acceso-ao-centro-de-saude-da-guarda-para-ambulancias-e-persoas-con-mobilidade-reducida\\\/#primaryimage\"},\"image\":{\"@id\":\"https:\\\/\\\/www.anovapeneira.gal\\\/index.php\\\/2022\\\/02\\\/04\\\/o-bng-urxe-mellorar-o-acceso-ao-centro-de-saude-da-guarda-para-ambulancias-e-persoas-con-mobilidade-reducida\\\/#primaryimage\"},\"thumbnailUrl\":\"https:\\\/\\\/www.anovapeneira.gal\\\/wp-content\\\/uploads\\\/2022\\\/02\\\/centro_Saude_guarda.jpg\",\"datePublished\":\"2022-02-04T11:00:31+00:00\",\"description\":\"O BNG ten contrastado cos condutores de ambulancias e con persoas con mobilidade reducida as deficiencias que presenta a entrada do centro de sa\u00fade da Guarda ao carecer de acceso para veh\u00edculos\",\"breadcrumb\":{\"@id\":\"https:\\\/\\\/www.anovapeneira.gal\\\/index.php\\\/2022\\\/02\\\/04\\\/o-bng-urxe-mellorar-o-acceso-ao-centro-de-saude-da-guarda-para-ambulancias-e-persoas-con-mobilidade-reducida\\\/#breadcrumb\"},\"inLanguage\":\"gl-ES\",\"potentialAction\":[{\"@type\":\"ReadAction\",\"target\":[\"https:\\\/\\\/www.anovapeneira.gal\\\/index.php\\\/2022\\\/02\\\/04\\\/o-bng-urxe-mellorar-o-acceso-ao-centro-de-saude-da-guarda-para-ambulancias-e-persoas-con-mobilidade-reducida\\\/\"]}]},{\"@type\":\"ImageObject\",\"inLanguage\":\"gl-ES\",\"@id\":\"https:\\\/\\\/www.anovapeneira.gal\\\/index.php\\\/2022\\\/02\\\/04\\\/o-bng-urxe-mellorar-o-acceso-ao-centro-de-saude-da-guarda-para-ambulancias-e-persoas-con-mobilidade-reducida\\\/#primaryimage\",\"url\":\"https:\\\/\\\/www.anovapeneira.gal\\\/wp-content\\\/uploads\\\/2022\\\/02\\\/centro_Saude_guarda.jpg\",\"contentUrl\":\"https:\\\/\\\/www.anovapeneira.gal\\\/wp-content\\\/uploads\\\/2022\\\/02\\\/centro_Saude_guarda.jpg\",\"width\":720,\"height\":432,\"caption\":\"O BNG urxe mellorar o acceso ao centro de sa\u00fade da Guarda para ambulancias e persoas con mobilidade reducida\"},{\"@type\":\"BreadcrumbList\",\"@id\":\"https:\\\/\\\/www.anovapeneira.gal\\\/index.php\\\/2022\\\/02\\\/04\\\/o-bng-urxe-mellorar-o-acceso-ao-centro-de-saude-da-guarda-para-ambulancias-e-persoas-con-mobilidade-reducida\\\/#breadcrumb\",\"itemListElement\":[{\"@type\":\"ListItem\",\"position\":1,\"name\":\"Portada\",\"item\":\"https:\\\/\\\/www.anovapeneira.gal\\\/\"},{\"@type\":\"ListItem\",\"position\":2,\"name\":\"O BNG urxe mellorar o acceso ao centro de sa\u00fade da Guarda para ambulancias e persoas con mobilidade reducida\"}]},{\"@type\":\"WebSite\",\"@id\":\"https:\\\/\\\/www.anovapeneira.gal\\\/#website\",\"url\":\"https:\\\/\\\/www.anovapeneira.gal\\\/\",\"name\":\"\",\"description\":\"Xornal galego de informaci\u00f3n xeral Publicaci\u00f3n mensual de novas de Galicia e en especial dos Concellos da sur da provincia de Pontevedra.\",\"publisher\":{\"@id\":\"https:\\\/\\\/www.anovapeneira.gal\\\/#organization\"},\"potentialAction\":[{\"@type\":\"SearchAction\",\"target\":{\"@type\":\"EntryPoint\",\"urlTemplate\":\"https:\\\/\\\/www.anovapeneira.gal\\\/?s={search_term_string}\"},\"query-input\":{\"@type\":\"PropertyValueSpecification\",\"valueRequired\":true,\"valueName\":\"search_term_string\"}}],\"inLanguage\":\"gl-ES\"},{\"@type\":\"Organization\",\"@id\":\"https:\\\/\\\/www.anovapeneira.gal\\\/#organization\",\"name\":\"A Nova Peneira\",\"url\":\"https:\\\/\\\/www.anovapeneira.gal\\\/\",\"logo\":{\"@type\":\"ImageObject\",\"inLanguage\":\"gl-ES\",\"@id\":\"https:\\\/\\\/www.anovapeneira.gal\\\/#\\\/schema\\\/logo\\\/image\\\/\",\"url\":\"http:\\\/\\\/www.anovapeneira.gal\\\/wp-content\\\/uploads\\\/2019\\\/06\\\/logo_a_nova_peneira_portal_web.png\",\"contentUrl\":\"http:\\\/\\\/www.anovapeneira.gal\\\/wp-content\\\/uploads\\\/2019\\\/06\\\/logo_a_nova_peneira_portal_web.png\",\"width\":300,\"height\":100,\"caption\":\"A Nova Peneira\"},\"image\":{\"@id\":\"https:\\\/\\\/www.anovapeneira.gal\\\/#\\\/schema\\\/logo\\\/image\\\/\"},\"sameAs\":[\"https:\\\/\\\/www.facebook.com\\\/anovapeneira\",\"https:\\\/\\\/x.com\\\/APeneira\"]},{\"@type\":\"Person\",\"@id\":\"https:\\\/\\\/www.anovapeneira.gal\\\/#\\\/schema\\\/person\\\/b93e3f8932e3f8da96334607eb6ac6aa\",\"name\":\"Redacci\u00f3n A Nova Peneira\",\"image\":{\"@type\":\"ImageObject\",\"inLanguage\":\"gl-ES\",\"@id\":\"https:\\\/\\\/secure.gravatar.com\\\/avatar\\\/c052a2551a06e23fac63626232eaa90abd78dbcf1700fc46a2b2c89fd27b735f?s=96&d=mm&r=g\",\"url\":\"https:\\\/\\\/secure.gravatar.com\\\/avatar\\\/c052a2551a06e23fac63626232eaa90abd78dbcf1700fc46a2b2c89fd27b735f?s=96&d=mm&r=g\",\"contentUrl\":\"https:\\\/\\\/secure.gravatar.com\\\/avatar\\\/c052a2551a06e23fac63626232eaa90abd78dbcf1700fc46a2b2c89fd27b735f?s=96&d=mm&r=g\",\"caption\":\"Redacci\u00f3n A Nova Peneira\"},\"sameAs\":[\"http:\\\/\\\/www.anovapeneira.gal\\\/\"],\"url\":\"https:\\\/\\\/www.anovapeneira.gal\\\/index.php\\\/author\\\/redactor\\\/\"}]}<\/script>\n<!-- \/ Yoast SEO plugin. -->","yoast_head_json":{"title":"O BNG urxe mellorar o acceso ao centro de sa\u00fade da Guarda para ambulancias e persoas con mobilidade reducida -","description":"O BNG ten contrastado cos condutores de ambulancias e con persoas con mobilidade reducida as deficiencias que presenta a entrada do centro de sa\u00fade da Guarda ao carecer de acceso para veh\u00edculos","robots":{"index":"index","follow":"follow","max-snippet":"max-snippet:-1","max-image-preview":"max-image-preview:large","max-video-preview":"max-video-preview:-1"},"canonical":"https:\/\/www.anovapeneira.gal\/index.php\/2022\/02\/04\/o-bng-urxe-mellorar-o-acceso-ao-centro-de-saude-da-guarda-para-ambulancias-e-persoas-con-mobilidade-reducida\/","og_locale":"gl_ES","og_type":"article","og_title":"O BNG urxe mellorar o acceso ao centro de sa\u00fade da Guarda para ambulancias e persoas con mobilidade reducida -","og_description":"O BNG ten contrastado cos condutores de ambulancias e con persoas con mobilidade reducida as deficiencias que presenta a entrada do centro de sa\u00fade da Guarda ao carecer de acceso para veh\u00edculos","og_url":"https:\/\/www.anovapeneira.gal\/index.php\/2022\/02\/04\/o-bng-urxe-mellorar-o-acceso-ao-centro-de-saude-da-guarda-para-ambulancias-e-persoas-con-mobilidade-reducida\/","article_publisher":"https:\/\/www.facebook.com\/anovapeneira","article_published_time":"2022-02-04T11:00:31+00:00","og_image":[{"width":720,"height":432,"url":"https:\/\/www.anovapeneira.gal\/wp-content\/uploads\/2022\/02\/centro_Saude_guarda.jpg","type":"image\/jpeg"}],"author":"Redacci\u00f3n A Nova Peneira","twitter_card":"summary_large_image","twitter_creator":"@APeneira","twitter_site":"@APeneira","twitter_misc":{"Escrito por":"Redacci\u00f3n A Nova Peneira","Tempo de lectura":"2 minutos"},"schema":{"@context":"https:\/\/schema.org","@graph":[{"@type":"Article","@id":"https:\/\/www.anovapeneira.gal\/index.php\/2022\/02\/04\/o-bng-urxe-mellorar-o-acceso-ao-centro-de-saude-da-guarda-para-ambulancias-e-persoas-con-mobilidade-reducida\/#article","isPartOf":{"@id":"https:\/\/www.anovapeneira.gal\/index.php\/2022\/02\/04\/o-bng-urxe-mellorar-o-acceso-ao-centro-de-saude-da-guarda-para-ambulancias-e-persoas-con-mobilidade-reducida\/"},"author":{"name":"Redacci\u00f3n A Nova Peneira","@id":"https:\/\/www.anovapeneira.gal\/#\/schema\/person\/b93e3f8932e3f8da96334607eb6ac6aa"},"headline":"O BNG urxe mellorar o acceso ao centro de sa\u00fade da Guarda para ambulancias e persoas con mobilidade reducida","datePublished":"2022-02-04T11:00:31+00:00","mainEntityOfPage":{"@id":"https:\/\/www.anovapeneira.gal\/index.php\/2022\/02\/04\/o-bng-urxe-mellorar-o-acceso-ao-centro-de-saude-da-guarda-para-ambulancias-e-persoas-con-mobilidade-reducida\/"},"wordCount":235,"commentCount":0,"publisher":{"@id":"https:\/\/www.anovapeneira.gal\/#organization"},"image":{"@id":"https:\/\/www.anovapeneira.gal\/index.php\/2022\/02\/04\/o-bng-urxe-mellorar-o-acceso-ao-centro-de-saude-da-guarda-para-ambulancias-e-persoas-con-mobilidade-reducida\/#primaryimage"},"thumbnailUrl":"https:\/\/www.anovapeneira.gal\/wp-content\/uploads\/2022\/02\/centro_Saude_guarda.jpg","keywords":["Concello da Guarda"],"articleSection":["Baixo Mi\u00f1o","Sin categor\u00eda"],"inLanguage":"gl-ES","potentialAction":[{"@type":"CommentAction","name":"Comment","target":["https:\/\/www.anovapeneira.gal\/index.php\/2022\/02\/04\/o-bng-urxe-mellorar-o-acceso-ao-centro-de-saude-da-guarda-para-ambulancias-e-persoas-con-mobilidade-reducida\/#respond"]}]},{"@type":"WebPage","@id":"https:\/\/www.anovapeneira.gal\/index.php\/2022\/02\/04\/o-bng-urxe-mellorar-o-acceso-ao-centro-de-saude-da-guarda-para-ambulancias-e-persoas-con-mobilidade-reducida\/","url":"https:\/\/www.anovapeneira.gal\/index.php\/2022\/02\/04\/o-bng-urxe-mellorar-o-acceso-ao-centro-de-saude-da-guarda-para-ambulancias-e-persoas-con-mobilidade-reducida\/","name":"O BNG urxe mellorar o acceso ao centro de sa\u00fade da Guarda para ambulancias e persoas con mobilidade reducida -","isPartOf":{"@id":"https:\/\/www.anovapeneira.gal\/#website"},"primaryImageOfPage":{"@id":"https:\/\/www.anovapeneira.gal\/index.php\/2022\/02\/04\/o-bng-urxe-mellorar-o-acceso-ao-centro-de-saude-da-guarda-para-ambulancias-e-persoas-con-mobilidade-reducida\/#primaryimage"},"image":{"@id":"https:\/\/www.anovapeneira.gal\/index.php\/2022\/02\/04\/o-bng-urxe-mellorar-o-acceso-ao-centro-de-saude-da-guarda-para-ambulancias-e-persoas-con-mobilidade-reducida\/#primaryimage"},"thumbnailUrl":"https:\/\/www.anovapeneira.gal\/wp-content\/uploads\/2022\/02\/centro_Saude_guarda.jpg","datePublished":"2022-02-04T11:00:31+00:00","description":"O BNG ten contrastado cos condutores de ambulancias e con persoas con mobilidade reducida as deficiencias que presenta a entrada do centro de sa\u00fade da Guarda ao carecer de acceso para veh\u00edculos","breadcrumb":{"@id":"https:\/\/www.anovapeneira.gal\/index.php\/2022\/02\/04\/o-bng-urxe-mellorar-o-acceso-ao-centro-de-saude-da-guarda-para-ambulancias-e-persoas-con-mobilidade-reducida\/#breadcrumb"},"inLanguage":"gl-ES","potentialAction":[{"@type":"ReadAction","target":["https:\/\/www.anovapeneira.gal\/index.php\/2022\/02\/04\/o-bng-urxe-mellorar-o-acceso-ao-centro-de-saude-da-guarda-para-ambulancias-e-persoas-con-mobilidade-reducida\/"]}]},{"@type":"ImageObject","inLanguage":"gl-ES","@id":"https:\/\/www.anovapeneira.gal\/index.php\/2022\/02\/04\/o-bng-urxe-mellorar-o-acceso-ao-centro-de-saude-da-guarda-para-ambulancias-e-persoas-con-mobilidade-reducida\/#primaryimage","url":"https:\/\/www.anovapeneira.gal\/wp-content\/uploads\/2022\/02\/centro_Saude_guarda.jpg","contentUrl":"https:\/\/www.anovapeneira.gal\/wp-content\/uploads\/2022\/02\/centro_Saude_guarda.jpg","width":720,"height":432,"caption":"O BNG urxe mellorar o acceso ao centro de sa\u00fade da Guarda para ambulancias e persoas con mobilidade reducida"},{"@type":"BreadcrumbList","@id":"https:\/\/www.anovapeneira.gal\/index.php\/2022\/02\/04\/o-bng-urxe-mellorar-o-acceso-ao-centro-de-saude-da-guarda-para-ambulancias-e-persoas-con-mobilidade-reducida\/#breadcrumb","itemListElement":[{"@type":"ListItem","position":1,"name":"Portada","item":"https:\/\/www.anovapeneira.gal\/"},{"@type":"ListItem","position":2,"name":"O BNG urxe mellorar o acceso ao centro de sa\u00fade da Guarda para ambulancias e persoas con mobilidade reducida"}]},{"@type":"WebSite","@id":"https:\/\/www.anovapeneira.gal\/#website","url":"https:\/\/www.anovapeneira.gal\/","name":"","description":"Xornal galego de informaci\u00f3n xeral Publicaci\u00f3n mensual de novas de Galicia e en especial dos Concellos da sur da provincia de Pontevedra.","publisher":{"@id":"https:\/\/www.anovapeneira.gal\/#organization"},"potentialAction":[{"@type":"SearchAction","target":{"@type":"EntryPoint","urlTemplate":"https:\/\/www.anovapeneira.gal\/?s={search_term_string}"},"query-input":{"@type":"PropertyValueSpecification","valueRequired":true,"valueName":"search_term_string"}}],"inLanguage":"gl-ES"},{"@type":"Organization","@id":"https:\/\/www.anovapeneira.gal\/#organization","name":"A Nova Peneira","url":"https:\/\/www.anovapeneira.gal\/","logo":{"@type":"ImageObject","inLanguage":"gl-ES","@id":"https:\/\/www.anovapeneira.gal\/#\/schema\/logo\/image\/","url":"http:\/\/www.anovapeneira.gal\/wp-content\/uploads\/2019\/06\/logo_a_nova_peneira_portal_web.png","contentUrl":"http:\/\/www.anovapeneira.gal\/wp-content\/uploads\/2019\/06\/logo_a_nova_peneira_portal_web.png","width":300,"height":100,"caption":"A Nova Peneira"},"image":{"@id":"https:\/\/www.anovapeneira.gal\/#\/schema\/logo\/image\/"},"sameAs":["https:\/\/www.facebook.com\/anovapeneira","https:\/\/x.com\/APeneira"]},{"@type":"Person","@id":"https:\/\/www.anovapeneira.gal\/#\/schema\/person\/b93e3f8932e3f8da96334607eb6ac6aa","name":"Redacci\u00f3n A Nova Peneira","image":{"@type":"ImageObject","inLanguage":"gl-ES","@id":"https:\/\/secure.gravatar.com\/avatar\/c052a2551a06e23fac63626232eaa90abd78dbcf1700fc46a2b2c89fd27b735f?s=96&d=mm&r=g","url":"https:\/\/secure.gravatar.com\/avatar\/c052a2551a06e23fac63626232eaa90abd78dbcf1700fc46a2b2c89fd27b735f?s=96&d=mm&r=g","contentUrl":"https:\/\/secure.gravatar.com\/avatar\/c052a2551a06e23fac63626232eaa90abd78dbcf1700fc46a2b2c89fd27b735f?s=96&d=mm&r=g","caption":"Redacci\u00f3n A Nova Peneira"},"sameAs":["http:\/\/www.anovapeneira.gal\/"],"url":"https:\/\/www.anovapeneira.gal\/index.php\/author\/redactor\/"}]}},"jetpack_featured_media_url":"https:\/\/www.anovapeneira.gal\/wp-content\/uploads\/2022\/02\/centro_Saude_guarda.jpg","_links":{"self":[{"href":"https:\/\/www.anovapeneira.gal\/index.php\/wp-json\/wp\/v2\/posts\/6884","targetHints":{"allow":["GET"]}}],"collection":[{"href":"https:\/\/www.anovapeneira.gal\/index.php\/wp-json\/wp\/v2\/posts"}],"about":[{"href":"https:\/\/www.anovapeneira.gal\/index.php\/wp-json\/wp\/v2\/types\/post"}],"author":[{"embeddable":true,"href":"https:\/\/www.anovapeneira.gal\/index.php\/wp-json\/wp\/v2\/users\/3"}],"replies":[{"embeddable":true,"href":"https:\/\/www.anovapeneira.gal\/index.php\/wp-json\/wp\/v2\/comments?post=6884"}],"version-history":[{"count":2,"href":"https:\/\/www.anovapeneira.gal\/index.php\/wp-json\/wp\/v2\/posts\/6884\/revisions"}],"predecessor-version":[{"id":6886,"href":"https:\/\/www.anovapeneira.gal\/index.php\/wp-json\/wp\/v2\/posts\/6884\/revisions\/6886"}],"wp:featuredmedia":[{"embeddable":true,"href":"https:\/\/www.anovapeneira.gal\/index.php\/wp-json\/wp\/v2\/media\/6887"}],"wp:attachment":[{"href":"https:\/\/www.anovapeneira.gal\/index.php\/wp-json\/wp\/v2\/media?parent=6884"}],"wp:term":[{"taxonomy":"category","embeddable":true,"href":"https:\/\/www.anovapeneira.gal\/index.php\/wp-json\/wp\/v2\/categories?post=6884"},{"taxonomy":"post_tag","embeddable":true,"href":"https:\/\/www.anovapeneira.gal\/index.php\/wp-json\/wp\/v2\/tags?post=6884"}],"curies":[{"name":"wp","href":"https:\/\/api.w.org\/{rel}","templated":true}]}}