{"id":6889,"date":"2022-02-07T12:00:56","date_gmt":"2022-02-07T11:00:56","guid":{"rendered":"https:\/\/www.anovapeneira.gal\/?p=6889"},"modified":"2022-02-02T13:40:29","modified_gmt":"2022-02-02T12:40:29","slug":"a-mesa-denuncia-o-desprezo-de-rtve-ao-galego-que-se-esconde-detras-da-polemica-derrota-das-tanxugueiras-no-benidorm-fest","status":"publish","type":"post","link":"https:\/\/www.anovapeneira.gal\/index.php\/2022\/02\/07\/a-mesa-denuncia-o-desprezo-de-rtve-ao-galego-que-se-esconde-detras-da-polemica-derrota-das-tanxugueiras-no-benidorm-fest\/","title":{"rendered":"A Mesa denuncia &#8220;o desprezo de RTVE ao galego&#8221; que se esconde detr\u00e1s da pol\u00e9mica derrota das Tanxugueiras no Benidorm Fest"},"content":{"rendered":"\n<p><strong>Santiago de Compostela, 31 de xaneiro de 2022<\/strong><\/p>\n\n\n\n<p>A Mesa pola Normalizaci\u00f3n afirma que a presunta manipulaci\u00f3n do Benidorm Fest que denuncian a maior parte dos medios de comunicaci\u00f3n do Estado e que deu como resultado a pol\u00e9mica derrota do grupo galego Tanxugueiras non \u00e9 un caso illado na pol\u00edtica ling\u00fc\u00edstica e cultural de RTVE, sen\u00f3n unha mostra m\u00e1is do &#8220;desprezo&#8221; que amosa o ente p\u00fablico polo galego.<br><br>&#8220;Hai 31 anos que RTVE pechou a s\u00faa emisora de radio en galego&#8221;, recorda o presidente da Mesa, Marcos Maceira, &#8220;e s\u00f3 emite en galego 39 minutos dun total de 120 horas, o que sup\u00f3n o 0,5% dos seus contidos diarios e o 0% dos contidos infant\u00eds e xuven\u00eds&#8221;. &#8220;E a\u00ednda recentemente se permitiron emitir tentativas de parodias co galego&#8221;, denuncia, &#8220;pagadas co noso di\u00f1eiro&#8221;. &#8220;Galiza e o galego non existen para RTVE&#8221;, abunda Maceira, &#8220;de a\u00ed a reacci\u00f3n ao \u00e9xito dunha m\u00fasica e dun grupo capaz de chegar a todo o p\u00fablico sen apoio e mesmo contra o criterio exclu\u00ednte da cadea p\u00fablica&#8221;.<\/p>\n\n\n\n<p>O presidente da Mesa afirma que xa se dirixiu \u00e1 direcci\u00f3n estatal de TVE at\u00e9 en tres ocasi\u00f3ns solicitando unha entrevista coa direcci\u00f3n para lle presentar a reinvidicaci\u00f3n de m\u00e1is horas en galego e presenza dobrada e lexendada en toda a programaci\u00f3n, sen obter resposta ningunha. Mesmo, a pesar dun acordo un\u00e1nime do Parlamento galego relativo ao galego en RTVE, a canle non s\u00f3 non mudou de actitude sen\u00f3n que a intensificou, como demostra o acontecido en Benidorm.<br><br>&#8220;Esta actitude contrasta coa direcci\u00f3n galega e co persoal de RTVE en Galiza&#8221;, reco\u00f1ece Maceira, &#8220;cuxo compromiso coa lingua galega est\u00e1 f\u00f3ra de toda d\u00fabida&#8221;. &#8220;Queremos galego na televisi\u00f3n que pagamos&#8221;, remata o presidente da Mesa, que anuncia que se est\u00e1n a preparar concentraci\u00f3ns de denuncia nas cidades galegas.<\/p>\n","protected":false},"excerpt":{"rendered":"<div class=\"mh-excerpt\"><p>A Mesa pola Normalizaci\u00f3n afirma que a presunta manipulaci\u00f3n do Benidorm Fest que denuncian a maior parte dos medios de comunicaci\u00f3n do Estado e que deu como resultado a pol\u00e9mica derrota do grupo galego Tanxugueiras non \u00e9 un caso illado na pol\u00edtica ling\u00fc\u00edstica e cultural de RTVE, sen\u00f3n unha mostra m\u00e1is do &#8220;desprezo&#8221; que amosa o ente p\u00fablico polo galego <a class=\"mh-excerpt-more\" href=\"https:\/\/www.anovapeneira.gal\/index.php\/2022\/02\/07\/a-mesa-denuncia-o-desprezo-de-rtve-ao-galego-que-se-esconde-detras-da-polemica-derrota-das-tanxugueiras-no-benidorm-fest\/\" title=\"A Mesa denuncia &#8220;o desprezo de RTVE ao galego&#8221; que se esconde detr\u00e1s da pol\u00e9mica derrota das Tanxugueiras no Benidorm Fest\">[&#8230;]<\/a><\/p>\n<\/div>","protected":false},"author":3,"featured_media":6891,"comment_status":"open","ping_status":"open","sticky":false,"template":"","format":"standard","meta":{"_exactmetrics_skip_tracking":false,"_exactmetrics_sitenote_active":false,"_exactmetrics_sitenote_note":"","_exactmetrics_sitenote_category":0,"footnotes":""},"categories":[263],"tags":[684,1286],"class_list":{"0":"post-6889","1":"post","2":"type-post","3":"status-publish","4":"format-standard","5":"has-post-thumbnail","7":"category-novas","8":"tag-mesa-pola-normalizacion-linguistica-para-galicia","9":"tag-tanxugueiras"},"yoast_head":"<!-- This site is optimized with the Yoast SEO plugin v27.4 - https:\/\/yoast.com\/product\/yoast-seo-wordpress\/ -->\n<title>A Mesa denuncia &quot;o desprezo de RTVE ao galego&quot; que se esconde detr\u00e1s da pol\u00e9mica derrota das Tanxugueiras no Benidorm Fest -<\/title>\n<meta name=\"description\" content=\"A Mesa pola Normalizaci\u00f3n afirma que a presunta manipulaci\u00f3n do Benidorm Fest que denuncian a maior parte dos medios de comunicaci\u00f3n do Estado e que deu como resultado a pol\u00e9mica derrota do grupo galego Tanxugueiras non \u00e9 un caso illado na pol\u00edtica ling\u00fc\u00edstica e cultural de RTVE, sen\u00f3n unha mostra m\u00e1is do &quot;desprezo&quot; que amosa o ente p\u00fablico polo galego\" \/>\n<meta name=\"robots\" content=\"index, follow, max-snippet:-1, max-image-preview:large, max-video-preview:-1\" \/>\n<link rel=\"canonical\" href=\"https:\/\/www.anovapeneira.gal\/index.php\/2022\/02\/07\/a-mesa-denuncia-o-desprezo-de-rtve-ao-galego-que-se-esconde-detras-da-polemica-derrota-das-tanxugueiras-no-benidorm-fest\/\" \/>\n<meta property=\"og:locale\" content=\"gl_ES\" \/>\n<meta property=\"og:type\" content=\"article\" \/>\n<meta property=\"og:title\" content=\"A Mesa denuncia &quot;o desprezo de RTVE ao galego&quot; que se esconde detr\u00e1s da pol\u00e9mica derrota das Tanxugueiras no Benidorm Fest -\" \/>\n<meta property=\"og:description\" content=\"A Mesa pola Normalizaci\u00f3n afirma que a presunta manipulaci\u00f3n do Benidorm Fest que denuncian a maior parte dos medios de comunicaci\u00f3n do Estado e que deu como resultado a pol\u00e9mica derrota do grupo galego Tanxugueiras non \u00e9 un caso illado na pol\u00edtica ling\u00fc\u00edstica e cultural de RTVE, sen\u00f3n unha mostra m\u00e1is do &quot;desprezo&quot; que amosa o ente p\u00fablico polo galego\" \/>\n<meta property=\"og:url\" content=\"https:\/\/www.anovapeneira.gal\/index.php\/2022\/02\/07\/a-mesa-denuncia-o-desprezo-de-rtve-ao-galego-que-se-esconde-detras-da-polemica-derrota-das-tanxugueiras-no-benidorm-fest\/\" \/>\n<meta property=\"article:publisher\" content=\"https:\/\/www.facebook.com\/anovapeneira\" \/>\n<meta property=\"article:published_time\" content=\"2022-02-07T11:00:56+00:00\" \/>\n<meta property=\"og:image\" content=\"https:\/\/www.anovapeneira.gal\/wp-content\/uploads\/2022\/02\/aldraxe-fest.jpg\" \/>\n\t<meta property=\"og:image:width\" content=\"720\" \/>\n\t<meta property=\"og:image:height\" content=\"432\" \/>\n\t<meta property=\"og:image:type\" content=\"image\/jpeg\" \/>\n<meta name=\"author\" content=\"Redacci\u00f3n A Nova Peneira\" \/>\n<meta name=\"twitter:card\" content=\"summary_large_image\" \/>\n<meta name=\"twitter:creator\" content=\"@APeneira\" \/>\n<meta name=\"twitter:site\" content=\"@APeneira\" \/>\n<meta name=\"twitter:label1\" content=\"Escrito por\" \/>\n\t<meta name=\"twitter:data1\" content=\"Redacci\u00f3n A Nova Peneira\" \/>\n\t<meta name=\"twitter:label2\" content=\"Tempo de lectura\" \/>\n\t<meta name=\"twitter:data2\" content=\"2 minutos\" \/>\n<script type=\"application\/ld+json\" class=\"yoast-schema-graph\">{\"@context\":\"https:\\\/\\\/schema.org\",\"@graph\":[{\"@type\":\"Article\",\"@id\":\"https:\\\/\\\/www.anovapeneira.gal\\\/index.php\\\/2022\\\/02\\\/07\\\/a-mesa-denuncia-o-desprezo-de-rtve-ao-galego-que-se-esconde-detras-da-polemica-derrota-das-tanxugueiras-no-benidorm-fest\\\/#article\",\"isPartOf\":{\"@id\":\"https:\\\/\\\/www.anovapeneira.gal\\\/index.php\\\/2022\\\/02\\\/07\\\/a-mesa-denuncia-o-desprezo-de-rtve-ao-galego-que-se-esconde-detras-da-polemica-derrota-das-tanxugueiras-no-benidorm-fest\\\/\"},\"author\":{\"name\":\"Redacci\u00f3n A Nova Peneira\",\"@id\":\"https:\\\/\\\/www.anovapeneira.gal\\\/#\\\/schema\\\/person\\\/b93e3f8932e3f8da96334607eb6ac6aa\"},\"headline\":\"A Mesa denuncia &#8220;o desprezo de RTVE ao galego&#8221; que se esconde detr\u00e1s da pol\u00e9mica derrota das Tanxugueiras no Benidorm Fest\",\"datePublished\":\"2022-02-07T11:00:56+00:00\",\"mainEntityOfPage\":{\"@id\":\"https:\\\/\\\/www.anovapeneira.gal\\\/index.php\\\/2022\\\/02\\\/07\\\/a-mesa-denuncia-o-desprezo-de-rtve-ao-galego-que-se-esconde-detras-da-polemica-derrota-das-tanxugueiras-no-benidorm-fest\\\/\"},\"wordCount\":348,\"commentCount\":0,\"publisher\":{\"@id\":\"https:\\\/\\\/www.anovapeneira.gal\\\/#organization\"},\"image\":{\"@id\":\"https:\\\/\\\/www.anovapeneira.gal\\\/index.php\\\/2022\\\/02\\\/07\\\/a-mesa-denuncia-o-desprezo-de-rtve-ao-galego-que-se-esconde-detras-da-polemica-derrota-das-tanxugueiras-no-benidorm-fest\\\/#primaryimage\"},\"thumbnailUrl\":\"https:\\\/\\\/www.anovapeneira.gal\\\/wp-content\\\/uploads\\\/2022\\\/02\\\/aldraxe-fest.jpg\",\"keywords\":[\"Mesa pola normalizaci\u00f3n ling\u00fc\u00edstica para Galicia\",\"Tanxugueiras\"],\"articleSection\":[\"Novas\"],\"inLanguage\":\"gl-ES\",\"potentialAction\":[{\"@type\":\"CommentAction\",\"name\":\"Comment\",\"target\":[\"https:\\\/\\\/www.anovapeneira.gal\\\/index.php\\\/2022\\\/02\\\/07\\\/a-mesa-denuncia-o-desprezo-de-rtve-ao-galego-que-se-esconde-detras-da-polemica-derrota-das-tanxugueiras-no-benidorm-fest\\\/#respond\"]}]},{\"@type\":\"WebPage\",\"@id\":\"https:\\\/\\\/www.anovapeneira.gal\\\/index.php\\\/2022\\\/02\\\/07\\\/a-mesa-denuncia-o-desprezo-de-rtve-ao-galego-que-se-esconde-detras-da-polemica-derrota-das-tanxugueiras-no-benidorm-fest\\\/\",\"url\":\"https:\\\/\\\/www.anovapeneira.gal\\\/index.php\\\/2022\\\/02\\\/07\\\/a-mesa-denuncia-o-desprezo-de-rtve-ao-galego-que-se-esconde-detras-da-polemica-derrota-das-tanxugueiras-no-benidorm-fest\\\/\",\"name\":\"A Mesa denuncia \\\"o desprezo de RTVE ao galego\\\" que se esconde detr\u00e1s da pol\u00e9mica derrota das Tanxugueiras no Benidorm Fest -\",\"isPartOf\":{\"@id\":\"https:\\\/\\\/www.anovapeneira.gal\\\/#website\"},\"primaryImageOfPage\":{\"@id\":\"https:\\\/\\\/www.anovapeneira.gal\\\/index.php\\\/2022\\\/02\\\/07\\\/a-mesa-denuncia-o-desprezo-de-rtve-ao-galego-que-se-esconde-detras-da-polemica-derrota-das-tanxugueiras-no-benidorm-fest\\\/#primaryimage\"},\"image\":{\"@id\":\"https:\\\/\\\/www.anovapeneira.gal\\\/index.php\\\/2022\\\/02\\\/07\\\/a-mesa-denuncia-o-desprezo-de-rtve-ao-galego-que-se-esconde-detras-da-polemica-derrota-das-tanxugueiras-no-benidorm-fest\\\/#primaryimage\"},\"thumbnailUrl\":\"https:\\\/\\\/www.anovapeneira.gal\\\/wp-content\\\/uploads\\\/2022\\\/02\\\/aldraxe-fest.jpg\",\"datePublished\":\"2022-02-07T11:00:56+00:00\",\"description\":\"A Mesa pola Normalizaci\u00f3n afirma que a presunta manipulaci\u00f3n do Benidorm Fest que denuncian a maior parte dos medios de comunicaci\u00f3n do Estado e que deu como resultado a pol\u00e9mica derrota do grupo galego Tanxugueiras non \u00e9 un caso illado na pol\u00edtica ling\u00fc\u00edstica e cultural de RTVE, sen\u00f3n unha mostra m\u00e1is do \\\"desprezo\\\" que amosa o ente p\u00fablico polo galego\",\"breadcrumb\":{\"@id\":\"https:\\\/\\\/www.anovapeneira.gal\\\/index.php\\\/2022\\\/02\\\/07\\\/a-mesa-denuncia-o-desprezo-de-rtve-ao-galego-que-se-esconde-detras-da-polemica-derrota-das-tanxugueiras-no-benidorm-fest\\\/#breadcrumb\"},\"inLanguage\":\"gl-ES\",\"potentialAction\":[{\"@type\":\"ReadAction\",\"target\":[\"https:\\\/\\\/www.anovapeneira.gal\\\/index.php\\\/2022\\\/02\\\/07\\\/a-mesa-denuncia-o-desprezo-de-rtve-ao-galego-que-se-esconde-detras-da-polemica-derrota-das-tanxugueiras-no-benidorm-fest\\\/\"]}]},{\"@type\":\"ImageObject\",\"inLanguage\":\"gl-ES\",\"@id\":\"https:\\\/\\\/www.anovapeneira.gal\\\/index.php\\\/2022\\\/02\\\/07\\\/a-mesa-denuncia-o-desprezo-de-rtve-ao-galego-que-se-esconde-detras-da-polemica-derrota-das-tanxugueiras-no-benidorm-fest\\\/#primaryimage\",\"url\":\"https:\\\/\\\/www.anovapeneira.gal\\\/wp-content\\\/uploads\\\/2022\\\/02\\\/aldraxe-fest.jpg\",\"contentUrl\":\"https:\\\/\\\/www.anovapeneira.gal\\\/wp-content\\\/uploads\\\/2022\\\/02\\\/aldraxe-fest.jpg\",\"width\":720,\"height\":432,\"caption\":\"o desprezo de RTVE ao galego\"},{\"@type\":\"BreadcrumbList\",\"@id\":\"https:\\\/\\\/www.anovapeneira.gal\\\/index.php\\\/2022\\\/02\\\/07\\\/a-mesa-denuncia-o-desprezo-de-rtve-ao-galego-que-se-esconde-detras-da-polemica-derrota-das-tanxugueiras-no-benidorm-fest\\\/#breadcrumb\",\"itemListElement\":[{\"@type\":\"ListItem\",\"position\":1,\"name\":\"Portada\",\"item\":\"https:\\\/\\\/www.anovapeneira.gal\\\/\"},{\"@type\":\"ListItem\",\"position\":2,\"name\":\"A Mesa denuncia &#8220;o desprezo de RTVE ao galego&#8221; que se esconde detr\u00e1s da pol\u00e9mica derrota das Tanxugueiras no Benidorm Fest\"}]},{\"@type\":\"WebSite\",\"@id\":\"https:\\\/\\\/www.anovapeneira.gal\\\/#website\",\"url\":\"https:\\\/\\\/www.anovapeneira.gal\\\/\",\"name\":\"\",\"description\":\"Xornal galego de informaci\u00f3n xeral Publicaci\u00f3n mensual de novas de Galicia e en especial dos Concellos da sur da provincia de Pontevedra.\",\"publisher\":{\"@id\":\"https:\\\/\\\/www.anovapeneira.gal\\\/#organization\"},\"potentialAction\":[{\"@type\":\"SearchAction\",\"target\":{\"@type\":\"EntryPoint\",\"urlTemplate\":\"https:\\\/\\\/www.anovapeneira.gal\\\/?s={search_term_string}\"},\"query-input\":{\"@type\":\"PropertyValueSpecification\",\"valueRequired\":true,\"valueName\":\"search_term_string\"}}],\"inLanguage\":\"gl-ES\"},{\"@type\":\"Organization\",\"@id\":\"https:\\\/\\\/www.anovapeneira.gal\\\/#organization\",\"name\":\"A Nova Peneira\",\"url\":\"https:\\\/\\\/www.anovapeneira.gal\\\/\",\"logo\":{\"@type\":\"ImageObject\",\"inLanguage\":\"gl-ES\",\"@id\":\"https:\\\/\\\/www.anovapeneira.gal\\\/#\\\/schema\\\/logo\\\/image\\\/\",\"url\":\"http:\\\/\\\/www.anovapeneira.gal\\\/wp-content\\\/uploads\\\/2019\\\/06\\\/logo_a_nova_peneira_portal_web.png\",\"contentUrl\":\"http:\\\/\\\/www.anovapeneira.gal\\\/wp-content\\\/uploads\\\/2019\\\/06\\\/logo_a_nova_peneira_portal_web.png\",\"width\":300,\"height\":100,\"caption\":\"A Nova Peneira\"},\"image\":{\"@id\":\"https:\\\/\\\/www.anovapeneira.gal\\\/#\\\/schema\\\/logo\\\/image\\\/\"},\"sameAs\":[\"https:\\\/\\\/www.facebook.com\\\/anovapeneira\",\"https:\\\/\\\/x.com\\\/APeneira\"]},{\"@type\":\"Person\",\"@id\":\"https:\\\/\\\/www.anovapeneira.gal\\\/#\\\/schema\\\/person\\\/b93e3f8932e3f8da96334607eb6ac6aa\",\"name\":\"Redacci\u00f3n A Nova Peneira\",\"image\":{\"@type\":\"ImageObject\",\"inLanguage\":\"gl-ES\",\"@id\":\"https:\\\/\\\/secure.gravatar.com\\\/avatar\\\/c052a2551a06e23fac63626232eaa90abd78dbcf1700fc46a2b2c89fd27b735f?s=96&d=mm&r=g\",\"url\":\"https:\\\/\\\/secure.gravatar.com\\\/avatar\\\/c052a2551a06e23fac63626232eaa90abd78dbcf1700fc46a2b2c89fd27b735f?s=96&d=mm&r=g\",\"contentUrl\":\"https:\\\/\\\/secure.gravatar.com\\\/avatar\\\/c052a2551a06e23fac63626232eaa90abd78dbcf1700fc46a2b2c89fd27b735f?s=96&d=mm&r=g\",\"caption\":\"Redacci\u00f3n A Nova Peneira\"},\"sameAs\":[\"http:\\\/\\\/www.anovapeneira.gal\\\/\"],\"url\":\"https:\\\/\\\/www.anovapeneira.gal\\\/index.php\\\/author\\\/redactor\\\/\"}]}<\/script>\n<!-- \/ Yoast SEO plugin. -->","yoast_head_json":{"title":"A Mesa denuncia \"o desprezo de RTVE ao galego\" que se esconde detr\u00e1s da pol\u00e9mica derrota das Tanxugueiras no Benidorm Fest -","description":"A Mesa pola Normalizaci\u00f3n afirma que a presunta manipulaci\u00f3n do Benidorm Fest que denuncian a maior parte dos medios de comunicaci\u00f3n do Estado e que deu como resultado a pol\u00e9mica derrota do grupo galego Tanxugueiras non \u00e9 un caso illado na pol\u00edtica ling\u00fc\u00edstica e cultural de RTVE, sen\u00f3n unha mostra m\u00e1is do \"desprezo\" que amosa o ente p\u00fablico polo galego","robots":{"index":"index","follow":"follow","max-snippet":"max-snippet:-1","max-image-preview":"max-image-preview:large","max-video-preview":"max-video-preview:-1"},"canonical":"https:\/\/www.anovapeneira.gal\/index.php\/2022\/02\/07\/a-mesa-denuncia-o-desprezo-de-rtve-ao-galego-que-se-esconde-detras-da-polemica-derrota-das-tanxugueiras-no-benidorm-fest\/","og_locale":"gl_ES","og_type":"article","og_title":"A Mesa denuncia \"o desprezo de RTVE ao galego\" que se esconde detr\u00e1s da pol\u00e9mica derrota das Tanxugueiras no Benidorm Fest -","og_description":"A Mesa pola Normalizaci\u00f3n afirma que a presunta manipulaci\u00f3n do Benidorm Fest que denuncian a maior parte dos medios de comunicaci\u00f3n do Estado e que deu como resultado a pol\u00e9mica derrota do grupo galego Tanxugueiras non \u00e9 un caso illado na pol\u00edtica ling\u00fc\u00edstica e cultural de RTVE, sen\u00f3n unha mostra m\u00e1is do \"desprezo\" que amosa o ente p\u00fablico polo galego","og_url":"https:\/\/www.anovapeneira.gal\/index.php\/2022\/02\/07\/a-mesa-denuncia-o-desprezo-de-rtve-ao-galego-que-se-esconde-detras-da-polemica-derrota-das-tanxugueiras-no-benidorm-fest\/","article_publisher":"https:\/\/www.facebook.com\/anovapeneira","article_published_time":"2022-02-07T11:00:56+00:00","og_image":[{"width":720,"height":432,"url":"https:\/\/www.anovapeneira.gal\/wp-content\/uploads\/2022\/02\/aldraxe-fest.jpg","type":"image\/jpeg"}],"author":"Redacci\u00f3n A Nova Peneira","twitter_card":"summary_large_image","twitter_creator":"@APeneira","twitter_site":"@APeneira","twitter_misc":{"Escrito por":"Redacci\u00f3n A Nova Peneira","Tempo de lectura":"2 minutos"},"schema":{"@context":"https:\/\/schema.org","@graph":[{"@type":"Article","@id":"https:\/\/www.anovapeneira.gal\/index.php\/2022\/02\/07\/a-mesa-denuncia-o-desprezo-de-rtve-ao-galego-que-se-esconde-detras-da-polemica-derrota-das-tanxugueiras-no-benidorm-fest\/#article","isPartOf":{"@id":"https:\/\/www.anovapeneira.gal\/index.php\/2022\/02\/07\/a-mesa-denuncia-o-desprezo-de-rtve-ao-galego-que-se-esconde-detras-da-polemica-derrota-das-tanxugueiras-no-benidorm-fest\/"},"author":{"name":"Redacci\u00f3n A Nova Peneira","@id":"https:\/\/www.anovapeneira.gal\/#\/schema\/person\/b93e3f8932e3f8da96334607eb6ac6aa"},"headline":"A Mesa denuncia &#8220;o desprezo de RTVE ao galego&#8221; que se esconde detr\u00e1s da pol\u00e9mica derrota das Tanxugueiras no Benidorm Fest","datePublished":"2022-02-07T11:00:56+00:00","mainEntityOfPage":{"@id":"https:\/\/www.anovapeneira.gal\/index.php\/2022\/02\/07\/a-mesa-denuncia-o-desprezo-de-rtve-ao-galego-que-se-esconde-detras-da-polemica-derrota-das-tanxugueiras-no-benidorm-fest\/"},"wordCount":348,"commentCount":0,"publisher":{"@id":"https:\/\/www.anovapeneira.gal\/#organization"},"image":{"@id":"https:\/\/www.anovapeneira.gal\/index.php\/2022\/02\/07\/a-mesa-denuncia-o-desprezo-de-rtve-ao-galego-que-se-esconde-detras-da-polemica-derrota-das-tanxugueiras-no-benidorm-fest\/#primaryimage"},"thumbnailUrl":"https:\/\/www.anovapeneira.gal\/wp-content\/uploads\/2022\/02\/aldraxe-fest.jpg","keywords":["Mesa pola normalizaci\u00f3n ling\u00fc\u00edstica para Galicia","Tanxugueiras"],"articleSection":["Novas"],"inLanguage":"gl-ES","potentialAction":[{"@type":"CommentAction","name":"Comment","target":["https:\/\/www.anovapeneira.gal\/index.php\/2022\/02\/07\/a-mesa-denuncia-o-desprezo-de-rtve-ao-galego-que-se-esconde-detras-da-polemica-derrota-das-tanxugueiras-no-benidorm-fest\/#respond"]}]},{"@type":"WebPage","@id":"https:\/\/www.anovapeneira.gal\/index.php\/2022\/02\/07\/a-mesa-denuncia-o-desprezo-de-rtve-ao-galego-que-se-esconde-detras-da-polemica-derrota-das-tanxugueiras-no-benidorm-fest\/","url":"https:\/\/www.anovapeneira.gal\/index.php\/2022\/02\/07\/a-mesa-denuncia-o-desprezo-de-rtve-ao-galego-que-se-esconde-detras-da-polemica-derrota-das-tanxugueiras-no-benidorm-fest\/","name":"A Mesa denuncia \"o desprezo de RTVE ao galego\" que se esconde detr\u00e1s da pol\u00e9mica derrota das Tanxugueiras no Benidorm Fest -","isPartOf":{"@id":"https:\/\/www.anovapeneira.gal\/#website"},"primaryImageOfPage":{"@id":"https:\/\/www.anovapeneira.gal\/index.php\/2022\/02\/07\/a-mesa-denuncia-o-desprezo-de-rtve-ao-galego-que-se-esconde-detras-da-polemica-derrota-das-tanxugueiras-no-benidorm-fest\/#primaryimage"},"image":{"@id":"https:\/\/www.anovapeneira.gal\/index.php\/2022\/02\/07\/a-mesa-denuncia-o-desprezo-de-rtve-ao-galego-que-se-esconde-detras-da-polemica-derrota-das-tanxugueiras-no-benidorm-fest\/#primaryimage"},"thumbnailUrl":"https:\/\/www.anovapeneira.gal\/wp-content\/uploads\/2022\/02\/aldraxe-fest.jpg","datePublished":"2022-02-07T11:00:56+00:00","description":"A Mesa pola Normalizaci\u00f3n afirma que a presunta manipulaci\u00f3n do Benidorm Fest que denuncian a maior parte dos medios de comunicaci\u00f3n do Estado e que deu como resultado a pol\u00e9mica derrota do grupo galego Tanxugueiras non \u00e9 un caso illado na pol\u00edtica ling\u00fc\u00edstica e cultural de RTVE, sen\u00f3n unha mostra m\u00e1is do \"desprezo\" que amosa o ente p\u00fablico polo galego","breadcrumb":{"@id":"https:\/\/www.anovapeneira.gal\/index.php\/2022\/02\/07\/a-mesa-denuncia-o-desprezo-de-rtve-ao-galego-que-se-esconde-detras-da-polemica-derrota-das-tanxugueiras-no-benidorm-fest\/#breadcrumb"},"inLanguage":"gl-ES","potentialAction":[{"@type":"ReadAction","target":["https:\/\/www.anovapeneira.gal\/index.php\/2022\/02\/07\/a-mesa-denuncia-o-desprezo-de-rtve-ao-galego-que-se-esconde-detras-da-polemica-derrota-das-tanxugueiras-no-benidorm-fest\/"]}]},{"@type":"ImageObject","inLanguage":"gl-ES","@id":"https:\/\/www.anovapeneira.gal\/index.php\/2022\/02\/07\/a-mesa-denuncia-o-desprezo-de-rtve-ao-galego-que-se-esconde-detras-da-polemica-derrota-das-tanxugueiras-no-benidorm-fest\/#primaryimage","url":"https:\/\/www.anovapeneira.gal\/wp-content\/uploads\/2022\/02\/aldraxe-fest.jpg","contentUrl":"https:\/\/www.anovapeneira.gal\/wp-content\/uploads\/2022\/02\/aldraxe-fest.jpg","width":720,"height":432,"caption":"o desprezo de RTVE ao galego"},{"@type":"BreadcrumbList","@id":"https:\/\/www.anovapeneira.gal\/index.php\/2022\/02\/07\/a-mesa-denuncia-o-desprezo-de-rtve-ao-galego-que-se-esconde-detras-da-polemica-derrota-das-tanxugueiras-no-benidorm-fest\/#breadcrumb","itemListElement":[{"@type":"ListItem","position":1,"name":"Portada","item":"https:\/\/www.anovapeneira.gal\/"},{"@type":"ListItem","position":2,"name":"A Mesa denuncia &#8220;o desprezo de RTVE ao galego&#8221; que se esconde detr\u00e1s da pol\u00e9mica derrota das Tanxugueiras no Benidorm Fest"}]},{"@type":"WebSite","@id":"https:\/\/www.anovapeneira.gal\/#website","url":"https:\/\/www.anovapeneira.gal\/","name":"","description":"Xornal galego de informaci\u00f3n xeral Publicaci\u00f3n mensual de novas de Galicia e en especial dos Concellos da sur da provincia de Pontevedra.","publisher":{"@id":"https:\/\/www.anovapeneira.gal\/#organization"},"potentialAction":[{"@type":"SearchAction","target":{"@type":"EntryPoint","urlTemplate":"https:\/\/www.anovapeneira.gal\/?s={search_term_string}"},"query-input":{"@type":"PropertyValueSpecification","valueRequired":true,"valueName":"search_term_string"}}],"inLanguage":"gl-ES"},{"@type":"Organization","@id":"https:\/\/www.anovapeneira.gal\/#organization","name":"A Nova Peneira","url":"https:\/\/www.anovapeneira.gal\/","logo":{"@type":"ImageObject","inLanguage":"gl-ES","@id":"https:\/\/www.anovapeneira.gal\/#\/schema\/logo\/image\/","url":"http:\/\/www.anovapeneira.gal\/wp-content\/uploads\/2019\/06\/logo_a_nova_peneira_portal_web.png","contentUrl":"http:\/\/www.anovapeneira.gal\/wp-content\/uploads\/2019\/06\/logo_a_nova_peneira_portal_web.png","width":300,"height":100,"caption":"A Nova Peneira"},"image":{"@id":"https:\/\/www.anovapeneira.gal\/#\/schema\/logo\/image\/"},"sameAs":["https:\/\/www.facebook.com\/anovapeneira","https:\/\/x.com\/APeneira"]},{"@type":"Person","@id":"https:\/\/www.anovapeneira.gal\/#\/schema\/person\/b93e3f8932e3f8da96334607eb6ac6aa","name":"Redacci\u00f3n A Nova Peneira","image":{"@type":"ImageObject","inLanguage":"gl-ES","@id":"https:\/\/secure.gravatar.com\/avatar\/c052a2551a06e23fac63626232eaa90abd78dbcf1700fc46a2b2c89fd27b735f?s=96&d=mm&r=g","url":"https:\/\/secure.gravatar.com\/avatar\/c052a2551a06e23fac63626232eaa90abd78dbcf1700fc46a2b2c89fd27b735f?s=96&d=mm&r=g","contentUrl":"https:\/\/secure.gravatar.com\/avatar\/c052a2551a06e23fac63626232eaa90abd78dbcf1700fc46a2b2c89fd27b735f?s=96&d=mm&r=g","caption":"Redacci\u00f3n A Nova Peneira"},"sameAs":["http:\/\/www.anovapeneira.gal\/"],"url":"https:\/\/www.anovapeneira.gal\/index.php\/author\/redactor\/"}]}},"jetpack_featured_media_url":"https:\/\/www.anovapeneira.gal\/wp-content\/uploads\/2022\/02\/aldraxe-fest.jpg","_links":{"self":[{"href":"https:\/\/www.anovapeneira.gal\/index.php\/wp-json\/wp\/v2\/posts\/6889","targetHints":{"allow":["GET"]}}],"collection":[{"href":"https:\/\/www.anovapeneira.gal\/index.php\/wp-json\/wp\/v2\/posts"}],"about":[{"href":"https:\/\/www.anovapeneira.gal\/index.php\/wp-json\/wp\/v2\/types\/post"}],"author":[{"embeddable":true,"href":"https:\/\/www.anovapeneira.gal\/index.php\/wp-json\/wp\/v2\/users\/3"}],"replies":[{"embeddable":true,"href":"https:\/\/www.anovapeneira.gal\/index.php\/wp-json\/wp\/v2\/comments?post=6889"}],"version-history":[{"count":2,"href":"https:\/\/www.anovapeneira.gal\/index.php\/wp-json\/wp\/v2\/posts\/6889\/revisions"}],"predecessor-version":[{"id":6893,"href":"https:\/\/www.anovapeneira.gal\/index.php\/wp-json\/wp\/v2\/posts\/6889\/revisions\/6893"}],"wp:featuredmedia":[{"embeddable":true,"href":"https:\/\/www.anovapeneira.gal\/index.php\/wp-json\/wp\/v2\/media\/6891"}],"wp:attachment":[{"href":"https:\/\/www.anovapeneira.gal\/index.php\/wp-json\/wp\/v2\/media?parent=6889"}],"wp:term":[{"taxonomy":"category","embeddable":true,"href":"https:\/\/www.anovapeneira.gal\/index.php\/wp-json\/wp\/v2\/categories?post=6889"},{"taxonomy":"post_tag","embeddable":true,"href":"https:\/\/www.anovapeneira.gal\/index.php\/wp-json\/wp\/v2\/tags?post=6889"}],"curies":[{"name":"wp","href":"https:\/\/api.w.org\/{rel}","templated":true}]}}