{"id":6900,"date":"2022-02-09T10:00:54","date_gmt":"2022-02-09T09:00:54","guid":{"rendered":"https:\/\/www.anovapeneira.gal\/?p=6900"},"modified":"2022-02-04T11:08:15","modified_gmt":"2022-02-04T10:08:15","slug":"a-cig-denuncia-a-baixa-temeraria-no-custe-da-concesion-do-contrato-do-saf-de-redondela-por-criterios-economicos","status":"publish","type":"post","link":"https:\/\/www.anovapeneira.gal\/index.php\/2022\/02\/09\/a-cig-denuncia-a-baixa-temeraria-no-custe-da-concesion-do-contrato-do-saf-de-redondela-por-criterios-economicos\/","title":{"rendered":"A CIG denuncia a baixa temeraria no custe da concesi\u00f3n do contrato do SAF de Redondela por criterios econ\u00f3micos"},"content":{"rendered":"\n<h2 class=\"wp-block-heading\">Advirten de que o \u00fanico xeito que a empresa ten para facer rend\u00edbel o servizo \u00e9 precarizando as condici\u00f3ns de traballo do persoal<\/h2>\n\n\n\n<p><strong>Redondela, 2 de febreiro de 2022.<\/strong><\/p>\n\n\n\n<p>A CIG denuncia que a mesa de contrataci\u00f3n do concurso do Servizo de Axuda no Fogar (SAF) do Concello de Redondela deu por boa a oferta da empresa Os Ventos Innovaci\u00f3n e Sevicios de 15,56\u20ac\/hora, tan s\u00f3 un c\u00e9ntimo por riba da consideraci\u00f3n de \u201coferta temeraria\u201d (15,55\u20ac\/hora), cando o prezo de licitaci\u00f3n se estimaba en 18,70\u20ac\/hora.<\/p>\n\n\n\n<p>Dende a secci\u00f3n sindical da central nacionalista no SAF redondel\u00e1n consideran totalmente insuficiente a oferta presentada pola empresa, cun prezo por debaixo do que se abona na actualidade, tendo en conta que o IPC real de 2021 foi do 6,5%.<\/p>\n\n\n\n<p>Mais a mesa de contrataci\u00f3n deu o seu visto bo a esta adxudicaci\u00f3n defend\u00e9ndoa como a m\u00e1is interesante para o Concello, po\u00f1endo o criterio econ\u00f3mico po enriba de todo e non tendo en conta o prezo convenio que se lles debe aplicar ao persoal, antepo\u00f1endo o valor econ\u00f3mico \u00e1 calidade do servizo.<\/p>\n\n\n\n<p>En consecuencia, a \u00fanica maneira de que a empresa faga rend\u00edbel economicamente o servizo vai ser a costa das profesionais, \u201cnon cumprindo co convenio colectivo, reducindo as condici\u00f3ns econ\u00f3micas e sociais do persoal e mermando a calidade do servizo que se lle presta \u00e1s persoas usuarias\u201d.<\/p>\n\n\n\n<p>Por iso dende a secci\u00f3n sindical da CIG no SAF adiantan que non van consentir que se po\u00f1an en perigo os postos de traballo nin a calidade do servizo, e adv\u00edrtenlle ao Concello que este servizo \u201cnon pode ser nunca unha mera cuesti\u00f3n econ\u00f3mica, sen\u00f3n que se te\u00f1en que ter en conta as persoas usuarias e as familias\u201d. Neste senso, critican que un Goberno \u201cque se di progresista e de esquerdas\u201d lle dea m\u00e1is valor ao custe econ\u00f3mico que a un servizo esencial \u201ce que po\u00f1a en risco os postos de traballo e os precarice sen ning\u00fan escr\u00fapulo\u201d.<\/p>\n","protected":false},"excerpt":{"rendered":"<div class=\"mh-excerpt\"><p>Advirten de que o \u00fanico xeito que a empresa ten para facer rend\u00edbel o servizo \u00e9 precarizando as condici\u00f3ns de traballo do persoal <a class=\"mh-excerpt-more\" href=\"https:\/\/www.anovapeneira.gal\/index.php\/2022\/02\/09\/a-cig-denuncia-a-baixa-temeraria-no-custe-da-concesion-do-contrato-do-saf-de-redondela-por-criterios-economicos\/\" title=\"A CIG denuncia a baixa temeraria no custe da concesi\u00f3n do contrato do SAF de Redondela por criterios econ\u00f3micos\">[&#8230;]<\/a><\/p>\n<\/div>","protected":false},"author":3,"featured_media":632,"comment_status":"open","ping_status":"open","sticky":false,"template":"","format":"standard","meta":{"_exactmetrics_skip_tracking":false,"_exactmetrics_sitenote_active":false,"_exactmetrics_sitenote_note":"","_exactmetrics_sitenote_category":0,"footnotes":""},"categories":[1],"tags":[],"class_list":{"0":"post-6900","1":"post","2":"type-post","3":"status-publish","4":"format-standard","5":"has-post-thumbnail","7":"category-sin-categoria"},"yoast_head":"<!-- This site is optimized with the Yoast SEO plugin v27.4 - https:\/\/yoast.com\/product\/yoast-seo-wordpress\/ -->\n<title>A CIG denuncia a baixa temeraria no custe da concesi\u00f3n do contrato do SAF de Redondela por criterios econ\u00f3micos -<\/title>\n<meta name=\"description\" content=\"Advirten de que o \u00fanico xeito que a empresa ten para facer rend\u00edbel o servizo \u00e9 precarizando as condici\u00f3ns de traballo do persoal\" \/>\n<meta name=\"robots\" content=\"index, follow, max-snippet:-1, max-image-preview:large, max-video-preview:-1\" \/>\n<link rel=\"canonical\" href=\"https:\/\/www.anovapeneira.gal\/index.php\/2022\/02\/09\/a-cig-denuncia-a-baixa-temeraria-no-custe-da-concesion-do-contrato-do-saf-de-redondela-por-criterios-economicos\/\" \/>\n<meta property=\"og:locale\" content=\"gl_ES\" \/>\n<meta property=\"og:type\" content=\"article\" \/>\n<meta property=\"og:title\" content=\"A CIG denuncia a baixa temeraria no custe da concesi\u00f3n do contrato do SAF de Redondela por criterios econ\u00f3micos -\" \/>\n<meta property=\"og:description\" content=\"Advirten de que o \u00fanico xeito que a empresa ten para facer rend\u00edbel o servizo \u00e9 precarizando as condici\u00f3ns de traballo do persoal\" \/>\n<meta property=\"og:url\" content=\"https:\/\/www.anovapeneira.gal\/index.php\/2022\/02\/09\/a-cig-denuncia-a-baixa-temeraria-no-custe-da-concesion-do-contrato-do-saf-de-redondela-por-criterios-economicos\/\" \/>\n<meta property=\"article:publisher\" content=\"https:\/\/www.facebook.com\/anovapeneira\" \/>\n<meta property=\"article:published_time\" content=\"2022-02-09T09:00:54+00:00\" \/>\n<meta property=\"og:image\" content=\"https:\/\/www.anovapeneira.gal\/wp-content\/uploads\/2019\/07\/CIG_a_nova_peneira.png\" \/>\n\t<meta property=\"og:image:width\" content=\"720\" \/>\n\t<meta property=\"og:image:height\" content=\"473\" \/>\n\t<meta property=\"og:image:type\" content=\"image\/png\" \/>\n<meta name=\"author\" content=\"Redacci\u00f3n A Nova Peneira\" \/>\n<meta name=\"twitter:card\" content=\"summary_large_image\" \/>\n<meta name=\"twitter:creator\" content=\"@APeneira\" \/>\n<meta name=\"twitter:site\" content=\"@APeneira\" \/>\n<meta name=\"twitter:label1\" content=\"Escrito por\" \/>\n\t<meta name=\"twitter:data1\" content=\"Redacci\u00f3n A Nova Peneira\" \/>\n\t<meta name=\"twitter:label2\" content=\"Tempo de lectura\" \/>\n\t<meta name=\"twitter:data2\" content=\"2 minutos\" \/>\n<script type=\"application\/ld+json\" class=\"yoast-schema-graph\">{\"@context\":\"https:\\\/\\\/schema.org\",\"@graph\":[{\"@type\":\"Article\",\"@id\":\"https:\\\/\\\/www.anovapeneira.gal\\\/index.php\\\/2022\\\/02\\\/09\\\/a-cig-denuncia-a-baixa-temeraria-no-custe-da-concesion-do-contrato-do-saf-de-redondela-por-criterios-economicos\\\/#article\",\"isPartOf\":{\"@id\":\"https:\\\/\\\/www.anovapeneira.gal\\\/index.php\\\/2022\\\/02\\\/09\\\/a-cig-denuncia-a-baixa-temeraria-no-custe-da-concesion-do-contrato-do-saf-de-redondela-por-criterios-economicos\\\/\"},\"author\":{\"name\":\"Redacci\u00f3n A Nova Peneira\",\"@id\":\"https:\\\/\\\/www.anovapeneira.gal\\\/#\\\/schema\\\/person\\\/b93e3f8932e3f8da96334607eb6ac6aa\"},\"headline\":\"A CIG denuncia a baixa temeraria no custe da concesi\u00f3n do contrato do SAF de Redondela por criterios econ\u00f3micos\",\"datePublished\":\"2022-02-09T09:00:54+00:00\",\"mainEntityOfPage\":{\"@id\":\"https:\\\/\\\/www.anovapeneira.gal\\\/index.php\\\/2022\\\/02\\\/09\\\/a-cig-denuncia-a-baixa-temeraria-no-custe-da-concesion-do-contrato-do-saf-de-redondela-por-criterios-economicos\\\/\"},\"wordCount\":368,\"commentCount\":0,\"publisher\":{\"@id\":\"https:\\\/\\\/www.anovapeneira.gal\\\/#organization\"},\"image\":{\"@id\":\"https:\\\/\\\/www.anovapeneira.gal\\\/index.php\\\/2022\\\/02\\\/09\\\/a-cig-denuncia-a-baixa-temeraria-no-custe-da-concesion-do-contrato-do-saf-de-redondela-por-criterios-economicos\\\/#primaryimage\"},\"thumbnailUrl\":\"https:\\\/\\\/www.anovapeneira.gal\\\/wp-content\\\/uploads\\\/2019\\\/07\\\/CIG_a_nova_peneira.png\",\"articleSection\":[\"Sin categor\u00eda\"],\"inLanguage\":\"gl-ES\",\"potentialAction\":[{\"@type\":\"CommentAction\",\"name\":\"Comment\",\"target\":[\"https:\\\/\\\/www.anovapeneira.gal\\\/index.php\\\/2022\\\/02\\\/09\\\/a-cig-denuncia-a-baixa-temeraria-no-custe-da-concesion-do-contrato-do-saf-de-redondela-por-criterios-economicos\\\/#respond\"]}]},{\"@type\":\"WebPage\",\"@id\":\"https:\\\/\\\/www.anovapeneira.gal\\\/index.php\\\/2022\\\/02\\\/09\\\/a-cig-denuncia-a-baixa-temeraria-no-custe-da-concesion-do-contrato-do-saf-de-redondela-por-criterios-economicos\\\/\",\"url\":\"https:\\\/\\\/www.anovapeneira.gal\\\/index.php\\\/2022\\\/02\\\/09\\\/a-cig-denuncia-a-baixa-temeraria-no-custe-da-concesion-do-contrato-do-saf-de-redondela-por-criterios-economicos\\\/\",\"name\":\"A CIG denuncia a baixa temeraria no custe da concesi\u00f3n do contrato do SAF de Redondela por criterios econ\u00f3micos -\",\"isPartOf\":{\"@id\":\"https:\\\/\\\/www.anovapeneira.gal\\\/#website\"},\"primaryImageOfPage\":{\"@id\":\"https:\\\/\\\/www.anovapeneira.gal\\\/index.php\\\/2022\\\/02\\\/09\\\/a-cig-denuncia-a-baixa-temeraria-no-custe-da-concesion-do-contrato-do-saf-de-redondela-por-criterios-economicos\\\/#primaryimage\"},\"image\":{\"@id\":\"https:\\\/\\\/www.anovapeneira.gal\\\/index.php\\\/2022\\\/02\\\/09\\\/a-cig-denuncia-a-baixa-temeraria-no-custe-da-concesion-do-contrato-do-saf-de-redondela-por-criterios-economicos\\\/#primaryimage\"},\"thumbnailUrl\":\"https:\\\/\\\/www.anovapeneira.gal\\\/wp-content\\\/uploads\\\/2019\\\/07\\\/CIG_a_nova_peneira.png\",\"datePublished\":\"2022-02-09T09:00:54+00:00\",\"description\":\"Advirten de que o \u00fanico xeito que a empresa ten para facer rend\u00edbel o servizo \u00e9 precarizando as condici\u00f3ns de traballo do persoal\",\"breadcrumb\":{\"@id\":\"https:\\\/\\\/www.anovapeneira.gal\\\/index.php\\\/2022\\\/02\\\/09\\\/a-cig-denuncia-a-baixa-temeraria-no-custe-da-concesion-do-contrato-do-saf-de-redondela-por-criterios-economicos\\\/#breadcrumb\"},\"inLanguage\":\"gl-ES\",\"potentialAction\":[{\"@type\":\"ReadAction\",\"target\":[\"https:\\\/\\\/www.anovapeneira.gal\\\/index.php\\\/2022\\\/02\\\/09\\\/a-cig-denuncia-a-baixa-temeraria-no-custe-da-concesion-do-contrato-do-saf-de-redondela-por-criterios-economicos\\\/\"]}]},{\"@type\":\"ImageObject\",\"inLanguage\":\"gl-ES\",\"@id\":\"https:\\\/\\\/www.anovapeneira.gal\\\/index.php\\\/2022\\\/02\\\/09\\\/a-cig-denuncia-a-baixa-temeraria-no-custe-da-concesion-do-contrato-do-saf-de-redondela-por-criterios-economicos\\\/#primaryimage\",\"url\":\"https:\\\/\\\/www.anovapeneira.gal\\\/wp-content\\\/uploads\\\/2019\\\/07\\\/CIG_a_nova_peneira.png\",\"contentUrl\":\"https:\\\/\\\/www.anovapeneira.gal\\\/wp-content\\\/uploads\\\/2019\\\/07\\\/CIG_a_nova_peneira.png\",\"width\":720,\"height\":473,\"caption\":\"Confederaci\u00f3n Intersindical Galega A Nova Peneira\"},{\"@type\":\"BreadcrumbList\",\"@id\":\"https:\\\/\\\/www.anovapeneira.gal\\\/index.php\\\/2022\\\/02\\\/09\\\/a-cig-denuncia-a-baixa-temeraria-no-custe-da-concesion-do-contrato-do-saf-de-redondela-por-criterios-economicos\\\/#breadcrumb\",\"itemListElement\":[{\"@type\":\"ListItem\",\"position\":1,\"name\":\"Portada\",\"item\":\"https:\\\/\\\/www.anovapeneira.gal\\\/\"},{\"@type\":\"ListItem\",\"position\":2,\"name\":\"A CIG denuncia a baixa temeraria no custe da concesi\u00f3n do contrato do SAF de Redondela por criterios econ\u00f3micos\"}]},{\"@type\":\"WebSite\",\"@id\":\"https:\\\/\\\/www.anovapeneira.gal\\\/#website\",\"url\":\"https:\\\/\\\/www.anovapeneira.gal\\\/\",\"name\":\"\",\"description\":\"Xornal galego de informaci\u00f3n xeral Publicaci\u00f3n mensual de novas de Galicia e en especial dos Concellos da sur da provincia de Pontevedra.\",\"publisher\":{\"@id\":\"https:\\\/\\\/www.anovapeneira.gal\\\/#organization\"},\"potentialAction\":[{\"@type\":\"SearchAction\",\"target\":{\"@type\":\"EntryPoint\",\"urlTemplate\":\"https:\\\/\\\/www.anovapeneira.gal\\\/?s={search_term_string}\"},\"query-input\":{\"@type\":\"PropertyValueSpecification\",\"valueRequired\":true,\"valueName\":\"search_term_string\"}}],\"inLanguage\":\"gl-ES\"},{\"@type\":\"Organization\",\"@id\":\"https:\\\/\\\/www.anovapeneira.gal\\\/#organization\",\"name\":\"A Nova Peneira\",\"url\":\"https:\\\/\\\/www.anovapeneira.gal\\\/\",\"logo\":{\"@type\":\"ImageObject\",\"inLanguage\":\"gl-ES\",\"@id\":\"https:\\\/\\\/www.anovapeneira.gal\\\/#\\\/schema\\\/logo\\\/image\\\/\",\"url\":\"http:\\\/\\\/www.anovapeneira.gal\\\/wp-content\\\/uploads\\\/2019\\\/06\\\/logo_a_nova_peneira_portal_web.png\",\"contentUrl\":\"http:\\\/\\\/www.anovapeneira.gal\\\/wp-content\\\/uploads\\\/2019\\\/06\\\/logo_a_nova_peneira_portal_web.png\",\"width\":300,\"height\":100,\"caption\":\"A Nova Peneira\"},\"image\":{\"@id\":\"https:\\\/\\\/www.anovapeneira.gal\\\/#\\\/schema\\\/logo\\\/image\\\/\"},\"sameAs\":[\"https:\\\/\\\/www.facebook.com\\\/anovapeneira\",\"https:\\\/\\\/x.com\\\/APeneira\"]},{\"@type\":\"Person\",\"@id\":\"https:\\\/\\\/www.anovapeneira.gal\\\/#\\\/schema\\\/person\\\/b93e3f8932e3f8da96334607eb6ac6aa\",\"name\":\"Redacci\u00f3n A Nova Peneira\",\"image\":{\"@type\":\"ImageObject\",\"inLanguage\":\"gl-ES\",\"@id\":\"https:\\\/\\\/secure.gravatar.com\\\/avatar\\\/c052a2551a06e23fac63626232eaa90abd78dbcf1700fc46a2b2c89fd27b735f?s=96&d=mm&r=g\",\"url\":\"https:\\\/\\\/secure.gravatar.com\\\/avatar\\\/c052a2551a06e23fac63626232eaa90abd78dbcf1700fc46a2b2c89fd27b735f?s=96&d=mm&r=g\",\"contentUrl\":\"https:\\\/\\\/secure.gravatar.com\\\/avatar\\\/c052a2551a06e23fac63626232eaa90abd78dbcf1700fc46a2b2c89fd27b735f?s=96&d=mm&r=g\",\"caption\":\"Redacci\u00f3n A Nova Peneira\"},\"sameAs\":[\"http:\\\/\\\/www.anovapeneira.gal\\\/\"],\"url\":\"https:\\\/\\\/www.anovapeneira.gal\\\/index.php\\\/author\\\/redactor\\\/\"}]}<\/script>\n<!-- \/ Yoast SEO plugin. -->","yoast_head_json":{"title":"A CIG denuncia a baixa temeraria no custe da concesi\u00f3n do contrato do SAF de Redondela por criterios econ\u00f3micos -","description":"Advirten de que o \u00fanico xeito que a empresa ten para facer rend\u00edbel o servizo \u00e9 precarizando as condici\u00f3ns de traballo do persoal","robots":{"index":"index","follow":"follow","max-snippet":"max-snippet:-1","max-image-preview":"max-image-preview:large","max-video-preview":"max-video-preview:-1"},"canonical":"https:\/\/www.anovapeneira.gal\/index.php\/2022\/02\/09\/a-cig-denuncia-a-baixa-temeraria-no-custe-da-concesion-do-contrato-do-saf-de-redondela-por-criterios-economicos\/","og_locale":"gl_ES","og_type":"article","og_title":"A CIG denuncia a baixa temeraria no custe da concesi\u00f3n do contrato do SAF de Redondela por criterios econ\u00f3micos -","og_description":"Advirten de que o \u00fanico xeito que a empresa ten para facer rend\u00edbel o servizo \u00e9 precarizando as condici\u00f3ns de traballo do persoal","og_url":"https:\/\/www.anovapeneira.gal\/index.php\/2022\/02\/09\/a-cig-denuncia-a-baixa-temeraria-no-custe-da-concesion-do-contrato-do-saf-de-redondela-por-criterios-economicos\/","article_publisher":"https:\/\/www.facebook.com\/anovapeneira","article_published_time":"2022-02-09T09:00:54+00:00","og_image":[{"width":720,"height":473,"url":"https:\/\/www.anovapeneira.gal\/wp-content\/uploads\/2019\/07\/CIG_a_nova_peneira.png","type":"image\/png"}],"author":"Redacci\u00f3n A Nova Peneira","twitter_card":"summary_large_image","twitter_creator":"@APeneira","twitter_site":"@APeneira","twitter_misc":{"Escrito por":"Redacci\u00f3n A Nova Peneira","Tempo de lectura":"2 minutos"},"schema":{"@context":"https:\/\/schema.org","@graph":[{"@type":"Article","@id":"https:\/\/www.anovapeneira.gal\/index.php\/2022\/02\/09\/a-cig-denuncia-a-baixa-temeraria-no-custe-da-concesion-do-contrato-do-saf-de-redondela-por-criterios-economicos\/#article","isPartOf":{"@id":"https:\/\/www.anovapeneira.gal\/index.php\/2022\/02\/09\/a-cig-denuncia-a-baixa-temeraria-no-custe-da-concesion-do-contrato-do-saf-de-redondela-por-criterios-economicos\/"},"author":{"name":"Redacci\u00f3n A Nova Peneira","@id":"https:\/\/www.anovapeneira.gal\/#\/schema\/person\/b93e3f8932e3f8da96334607eb6ac6aa"},"headline":"A CIG denuncia a baixa temeraria no custe da concesi\u00f3n do contrato do SAF de Redondela por criterios econ\u00f3micos","datePublished":"2022-02-09T09:00:54+00:00","mainEntityOfPage":{"@id":"https:\/\/www.anovapeneira.gal\/index.php\/2022\/02\/09\/a-cig-denuncia-a-baixa-temeraria-no-custe-da-concesion-do-contrato-do-saf-de-redondela-por-criterios-economicos\/"},"wordCount":368,"commentCount":0,"publisher":{"@id":"https:\/\/www.anovapeneira.gal\/#organization"},"image":{"@id":"https:\/\/www.anovapeneira.gal\/index.php\/2022\/02\/09\/a-cig-denuncia-a-baixa-temeraria-no-custe-da-concesion-do-contrato-do-saf-de-redondela-por-criterios-economicos\/#primaryimage"},"thumbnailUrl":"https:\/\/www.anovapeneira.gal\/wp-content\/uploads\/2019\/07\/CIG_a_nova_peneira.png","articleSection":["Sin categor\u00eda"],"inLanguage":"gl-ES","potentialAction":[{"@type":"CommentAction","name":"Comment","target":["https:\/\/www.anovapeneira.gal\/index.php\/2022\/02\/09\/a-cig-denuncia-a-baixa-temeraria-no-custe-da-concesion-do-contrato-do-saf-de-redondela-por-criterios-economicos\/#respond"]}]},{"@type":"WebPage","@id":"https:\/\/www.anovapeneira.gal\/index.php\/2022\/02\/09\/a-cig-denuncia-a-baixa-temeraria-no-custe-da-concesion-do-contrato-do-saf-de-redondela-por-criterios-economicos\/","url":"https:\/\/www.anovapeneira.gal\/index.php\/2022\/02\/09\/a-cig-denuncia-a-baixa-temeraria-no-custe-da-concesion-do-contrato-do-saf-de-redondela-por-criterios-economicos\/","name":"A CIG denuncia a baixa temeraria no custe da concesi\u00f3n do contrato do SAF de Redondela por criterios econ\u00f3micos -","isPartOf":{"@id":"https:\/\/www.anovapeneira.gal\/#website"},"primaryImageOfPage":{"@id":"https:\/\/www.anovapeneira.gal\/index.php\/2022\/02\/09\/a-cig-denuncia-a-baixa-temeraria-no-custe-da-concesion-do-contrato-do-saf-de-redondela-por-criterios-economicos\/#primaryimage"},"image":{"@id":"https:\/\/www.anovapeneira.gal\/index.php\/2022\/02\/09\/a-cig-denuncia-a-baixa-temeraria-no-custe-da-concesion-do-contrato-do-saf-de-redondela-por-criterios-economicos\/#primaryimage"},"thumbnailUrl":"https:\/\/www.anovapeneira.gal\/wp-content\/uploads\/2019\/07\/CIG_a_nova_peneira.png","datePublished":"2022-02-09T09:00:54+00:00","description":"Advirten de que o \u00fanico xeito que a empresa ten para facer rend\u00edbel o servizo \u00e9 precarizando as condici\u00f3ns de traballo do persoal","breadcrumb":{"@id":"https:\/\/www.anovapeneira.gal\/index.php\/2022\/02\/09\/a-cig-denuncia-a-baixa-temeraria-no-custe-da-concesion-do-contrato-do-saf-de-redondela-por-criterios-economicos\/#breadcrumb"},"inLanguage":"gl-ES","potentialAction":[{"@type":"ReadAction","target":["https:\/\/www.anovapeneira.gal\/index.php\/2022\/02\/09\/a-cig-denuncia-a-baixa-temeraria-no-custe-da-concesion-do-contrato-do-saf-de-redondela-por-criterios-economicos\/"]}]},{"@type":"ImageObject","inLanguage":"gl-ES","@id":"https:\/\/www.anovapeneira.gal\/index.php\/2022\/02\/09\/a-cig-denuncia-a-baixa-temeraria-no-custe-da-concesion-do-contrato-do-saf-de-redondela-por-criterios-economicos\/#primaryimage","url":"https:\/\/www.anovapeneira.gal\/wp-content\/uploads\/2019\/07\/CIG_a_nova_peneira.png","contentUrl":"https:\/\/www.anovapeneira.gal\/wp-content\/uploads\/2019\/07\/CIG_a_nova_peneira.png","width":720,"height":473,"caption":"Confederaci\u00f3n Intersindical Galega A Nova Peneira"},{"@type":"BreadcrumbList","@id":"https:\/\/www.anovapeneira.gal\/index.php\/2022\/02\/09\/a-cig-denuncia-a-baixa-temeraria-no-custe-da-concesion-do-contrato-do-saf-de-redondela-por-criterios-economicos\/#breadcrumb","itemListElement":[{"@type":"ListItem","position":1,"name":"Portada","item":"https:\/\/www.anovapeneira.gal\/"},{"@type":"ListItem","position":2,"name":"A CIG denuncia a baixa temeraria no custe da concesi\u00f3n do contrato do SAF de Redondela por criterios econ\u00f3micos"}]},{"@type":"WebSite","@id":"https:\/\/www.anovapeneira.gal\/#website","url":"https:\/\/www.anovapeneira.gal\/","name":"","description":"Xornal galego de informaci\u00f3n xeral Publicaci\u00f3n mensual de novas de Galicia e en especial dos Concellos da sur da provincia de Pontevedra.","publisher":{"@id":"https:\/\/www.anovapeneira.gal\/#organization"},"potentialAction":[{"@type":"SearchAction","target":{"@type":"EntryPoint","urlTemplate":"https:\/\/www.anovapeneira.gal\/?s={search_term_string}"},"query-input":{"@type":"PropertyValueSpecification","valueRequired":true,"valueName":"search_term_string"}}],"inLanguage":"gl-ES"},{"@type":"Organization","@id":"https:\/\/www.anovapeneira.gal\/#organization","name":"A Nova Peneira","url":"https:\/\/www.anovapeneira.gal\/","logo":{"@type":"ImageObject","inLanguage":"gl-ES","@id":"https:\/\/www.anovapeneira.gal\/#\/schema\/logo\/image\/","url":"http:\/\/www.anovapeneira.gal\/wp-content\/uploads\/2019\/06\/logo_a_nova_peneira_portal_web.png","contentUrl":"http:\/\/www.anovapeneira.gal\/wp-content\/uploads\/2019\/06\/logo_a_nova_peneira_portal_web.png","width":300,"height":100,"caption":"A Nova Peneira"},"image":{"@id":"https:\/\/www.anovapeneira.gal\/#\/schema\/logo\/image\/"},"sameAs":["https:\/\/www.facebook.com\/anovapeneira","https:\/\/x.com\/APeneira"]},{"@type":"Person","@id":"https:\/\/www.anovapeneira.gal\/#\/schema\/person\/b93e3f8932e3f8da96334607eb6ac6aa","name":"Redacci\u00f3n A Nova Peneira","image":{"@type":"ImageObject","inLanguage":"gl-ES","@id":"https:\/\/secure.gravatar.com\/avatar\/c052a2551a06e23fac63626232eaa90abd78dbcf1700fc46a2b2c89fd27b735f?s=96&d=mm&r=g","url":"https:\/\/secure.gravatar.com\/avatar\/c052a2551a06e23fac63626232eaa90abd78dbcf1700fc46a2b2c89fd27b735f?s=96&d=mm&r=g","contentUrl":"https:\/\/secure.gravatar.com\/avatar\/c052a2551a06e23fac63626232eaa90abd78dbcf1700fc46a2b2c89fd27b735f?s=96&d=mm&r=g","caption":"Redacci\u00f3n A Nova Peneira"},"sameAs":["http:\/\/www.anovapeneira.gal\/"],"url":"https:\/\/www.anovapeneira.gal\/index.php\/author\/redactor\/"}]}},"jetpack_featured_media_url":"https:\/\/www.anovapeneira.gal\/wp-content\/uploads\/2019\/07\/CIG_a_nova_peneira.png","_links":{"self":[{"href":"https:\/\/www.anovapeneira.gal\/index.php\/wp-json\/wp\/v2\/posts\/6900","targetHints":{"allow":["GET"]}}],"collection":[{"href":"https:\/\/www.anovapeneira.gal\/index.php\/wp-json\/wp\/v2\/posts"}],"about":[{"href":"https:\/\/www.anovapeneira.gal\/index.php\/wp-json\/wp\/v2\/types\/post"}],"author":[{"embeddable":true,"href":"https:\/\/www.anovapeneira.gal\/index.php\/wp-json\/wp\/v2\/users\/3"}],"replies":[{"embeddable":true,"href":"https:\/\/www.anovapeneira.gal\/index.php\/wp-json\/wp\/v2\/comments?post=6900"}],"version-history":[{"count":1,"href":"https:\/\/www.anovapeneira.gal\/index.php\/wp-json\/wp\/v2\/posts\/6900\/revisions"}],"predecessor-version":[{"id":6901,"href":"https:\/\/www.anovapeneira.gal\/index.php\/wp-json\/wp\/v2\/posts\/6900\/revisions\/6901"}],"wp:featuredmedia":[{"embeddable":true,"href":"https:\/\/www.anovapeneira.gal\/index.php\/wp-json\/wp\/v2\/media\/632"}],"wp:attachment":[{"href":"https:\/\/www.anovapeneira.gal\/index.php\/wp-json\/wp\/v2\/media?parent=6900"}],"wp:term":[{"taxonomy":"category","embeddable":true,"href":"https:\/\/www.anovapeneira.gal\/index.php\/wp-json\/wp\/v2\/categories?post=6900"},{"taxonomy":"post_tag","embeddable":true,"href":"https:\/\/www.anovapeneira.gal\/index.php\/wp-json\/wp\/v2\/tags?post=6900"}],"curies":[{"name":"wp","href":"https:\/\/api.w.org\/{rel}","templated":true}]}}