{"id":6902,"date":"2022-02-09T12:00:18","date_gmt":"2022-02-09T11:00:18","guid":{"rendered":"https:\/\/www.anovapeneira.gal\/?p=6902"},"modified":"2022-02-04T11:15:41","modified_gmt":"2022-02-04T10:15:41","slug":"o-dia-15-deste-mes-comezaran-os-traballos-de-limpeza-de-fincas-en-santa-ma-de-tomino-e-san-pedro-de-forcadela","status":"publish","type":"post","link":"https:\/\/www.anovapeneira.gal\/index.php\/2022\/02\/09\/o-dia-15-deste-mes-comezaran-os-traballos-de-limpeza-de-fincas-en-santa-ma-de-tomino-e-san-pedro-de-forcadela\/","title":{"rendered":"O d\u00eda 15 deste mes comezar\u00e1n os traballos de limpeza de fincas en Santa M\u00aa de Tomi\u00f1o e San Pedro de Forcadela"},"content":{"rendered":"\n<p>Conmotivo do comezo dos traballos de limpeza por parte da empresa SEAGA (a partir do d\u00eda 15 deste mes) das parcelas situadas nas REDES SECUNDARIAS DE FAIXAS DE XESTI\u00d3N DE BIOMASA, nas parroquias priorizadas de Sta M\u00aa de Tomi\u00f1o e San Pedro de Forcadela, levaranse a cabo d\u00faas reuni\u00f3ns informativas:<\/p>\n\n\n\n<p><strong>* Venres 11\/02\/2022 \u00e1s 10:00h, no Sal\u00f3n de Plenos do Concello de Tomi\u00f1o.<\/strong><br><br><strong>* Luns 14\/02\/2022 \u00e1s 15:30h, no Local da Asociaci\u00f3n de Veci\u00f1os\/as de Forcadela.<\/strong><\/p>\n","protected":false},"excerpt":{"rendered":"<div class=\"mh-excerpt\"><p>Conmotivo do comezo dos traballos de limpeza por parte da empresa SEAGA (a partir do d\u00eda 15 deste mes) das parcelas situadas nas REDES SECUNDARIAS DE FAIXAS DE XESTI\u00d3N DE BIOMASA, nas parroquias priorizadas de Sta M\u00aa de Tomi\u00f1o e San Pedro de Forcadela, levaranse a cabo d\u00faas reuni\u00f3ns informativas <a class=\"mh-excerpt-more\" href=\"https:\/\/www.anovapeneira.gal\/index.php\/2022\/02\/09\/o-dia-15-deste-mes-comezaran-os-traballos-de-limpeza-de-fincas-en-santa-ma-de-tomino-e-san-pedro-de-forcadela\/\" title=\"O d\u00eda 15 deste mes comezar\u00e1n os traballos de limpeza de fincas en Santa M\u00aa de Tomi\u00f1o e San Pedro de Forcadela\">[&#8230;]<\/a><\/p>\n<\/div>","protected":false},"author":3,"featured_media":1336,"comment_status":"open","ping_status":"open","sticky":false,"template":"","format":"standard","meta":{"_exactmetrics_skip_tracking":false,"_exactmetrics_sitenote_active":false,"_exactmetrics_sitenote_note":"","_exactmetrics_sitenote_category":0,"footnotes":""},"categories":[21],"tags":[81],"class_list":{"0":"post-6902","1":"post","2":"type-post","3":"status-publish","4":"format-standard","5":"has-post-thumbnail","7":"category-baixo-mino","8":"tag-concello-de-tomino"},"yoast_head":"<!-- This site is optimized with the Yoast SEO plugin v27.4 - https:\/\/yoast.com\/product\/yoast-seo-wordpress\/ -->\n<title>O d\u00eda 15 deste mes comezar\u00e1n os traballos de limpeza de fincas en Santa M\u00aa de Tomi\u00f1o e San Pedro de Forcadela -<\/title>\n<meta name=\"description\" content=\"Conmotivo do comezo dos traballos de limpeza por parte da empresa SEAGA (a partir do d\u00eda 15 deste mes) das parcelas situadas nas REDES SECUNDARIAS DE FAIXAS DE XESTI\u00d3N DE BIOMASA, nas parroquias priorizadas de Sta M\u00aa de Tomi\u00f1o e San Pedro de Forcadela, levaranse a cabo d\u00faas reuni\u00f3ns informativas\" \/>\n<meta name=\"robots\" content=\"index, follow, max-snippet:-1, max-image-preview:large, max-video-preview:-1\" \/>\n<link rel=\"canonical\" href=\"https:\/\/www.anovapeneira.gal\/index.php\/2022\/02\/09\/o-dia-15-deste-mes-comezaran-os-traballos-de-limpeza-de-fincas-en-santa-ma-de-tomino-e-san-pedro-de-forcadela\/\" \/>\n<meta property=\"og:locale\" content=\"gl_ES\" \/>\n<meta property=\"og:type\" content=\"article\" \/>\n<meta property=\"og:title\" content=\"O d\u00eda 15 deste mes comezar\u00e1n os traballos de limpeza de fincas en Santa M\u00aa de Tomi\u00f1o e San Pedro de Forcadela -\" \/>\n<meta property=\"og:description\" content=\"Conmotivo do comezo dos traballos de limpeza por parte da empresa SEAGA (a partir do d\u00eda 15 deste mes) das parcelas situadas nas REDES SECUNDARIAS DE FAIXAS DE XESTI\u00d3N DE BIOMASA, nas parroquias priorizadas de Sta M\u00aa de Tomi\u00f1o e San Pedro de Forcadela, levaranse a cabo d\u00faas reuni\u00f3ns informativas\" \/>\n<meta property=\"og:url\" content=\"https:\/\/www.anovapeneira.gal\/index.php\/2022\/02\/09\/o-dia-15-deste-mes-comezaran-os-traballos-de-limpeza-de-fincas-en-santa-ma-de-tomino-e-san-pedro-de-forcadela\/\" \/>\n<meta property=\"article:publisher\" content=\"https:\/\/www.facebook.com\/anovapeneira\" \/>\n<meta property=\"article:published_time\" content=\"2022-02-09T11:00:18+00:00\" \/>\n<meta property=\"og:image\" content=\"https:\/\/www.anovapeneira.gal\/wp-content\/uploads\/2019\/09\/concello_De_tominho_a_nova_peneria.jpg\" \/>\n\t<meta property=\"og:image:width\" content=\"720\" \/>\n\t<meta property=\"og:image:height\" content=\"473\" \/>\n\t<meta property=\"og:image:type\" content=\"image\/jpeg\" \/>\n<meta name=\"author\" content=\"Redacci\u00f3n A Nova Peneira\" \/>\n<meta name=\"twitter:card\" content=\"summary_large_image\" \/>\n<meta name=\"twitter:creator\" content=\"@APeneira\" \/>\n<meta name=\"twitter:site\" content=\"@APeneira\" \/>\n<meta name=\"twitter:label1\" content=\"Escrito por\" \/>\n\t<meta name=\"twitter:data1\" content=\"Redacci\u00f3n A Nova Peneira\" \/>\n\t<meta name=\"twitter:label2\" content=\"Tempo de lectura\" \/>\n\t<meta name=\"twitter:data2\" content=\"1 minuto\" \/>\n<script type=\"application\/ld+json\" class=\"yoast-schema-graph\">{\"@context\":\"https:\\\/\\\/schema.org\",\"@graph\":[{\"@type\":\"Article\",\"@id\":\"https:\\\/\\\/www.anovapeneira.gal\\\/index.php\\\/2022\\\/02\\\/09\\\/o-dia-15-deste-mes-comezaran-os-traballos-de-limpeza-de-fincas-en-santa-ma-de-tomino-e-san-pedro-de-forcadela\\\/#article\",\"isPartOf\":{\"@id\":\"https:\\\/\\\/www.anovapeneira.gal\\\/index.php\\\/2022\\\/02\\\/09\\\/o-dia-15-deste-mes-comezaran-os-traballos-de-limpeza-de-fincas-en-santa-ma-de-tomino-e-san-pedro-de-forcadela\\\/\"},\"author\":{\"name\":\"Redacci\u00f3n A Nova Peneira\",\"@id\":\"https:\\\/\\\/www.anovapeneira.gal\\\/#\\\/schema\\\/person\\\/b93e3f8932e3f8da96334607eb6ac6aa\"},\"headline\":\"O d\u00eda 15 deste mes comezar\u00e1n os traballos de limpeza de fincas en Santa M\u00aa de Tomi\u00f1o e San Pedro de Forcadela\",\"datePublished\":\"2022-02-09T11:00:18+00:00\",\"mainEntityOfPage\":{\"@id\":\"https:\\\/\\\/www.anovapeneira.gal\\\/index.php\\\/2022\\\/02\\\/09\\\/o-dia-15-deste-mes-comezaran-os-traballos-de-limpeza-de-fincas-en-santa-ma-de-tomino-e-san-pedro-de-forcadela\\\/\"},\"wordCount\":105,\"commentCount\":0,\"publisher\":{\"@id\":\"https:\\\/\\\/www.anovapeneira.gal\\\/#organization\"},\"image\":{\"@id\":\"https:\\\/\\\/www.anovapeneira.gal\\\/index.php\\\/2022\\\/02\\\/09\\\/o-dia-15-deste-mes-comezaran-os-traballos-de-limpeza-de-fincas-en-santa-ma-de-tomino-e-san-pedro-de-forcadela\\\/#primaryimage\"},\"thumbnailUrl\":\"https:\\\/\\\/www.anovapeneira.gal\\\/wp-content\\\/uploads\\\/2019\\\/09\\\/concello_De_tominho_a_nova_peneria.jpg\",\"keywords\":[\"Concello de Tomi\u00f1o\"],\"articleSection\":[\"Baixo Mi\u00f1o\"],\"inLanguage\":\"gl-ES\",\"potentialAction\":[{\"@type\":\"CommentAction\",\"name\":\"Comment\",\"target\":[\"https:\\\/\\\/www.anovapeneira.gal\\\/index.php\\\/2022\\\/02\\\/09\\\/o-dia-15-deste-mes-comezaran-os-traballos-de-limpeza-de-fincas-en-santa-ma-de-tomino-e-san-pedro-de-forcadela\\\/#respond\"]}]},{\"@type\":\"WebPage\",\"@id\":\"https:\\\/\\\/www.anovapeneira.gal\\\/index.php\\\/2022\\\/02\\\/09\\\/o-dia-15-deste-mes-comezaran-os-traballos-de-limpeza-de-fincas-en-santa-ma-de-tomino-e-san-pedro-de-forcadela\\\/\",\"url\":\"https:\\\/\\\/www.anovapeneira.gal\\\/index.php\\\/2022\\\/02\\\/09\\\/o-dia-15-deste-mes-comezaran-os-traballos-de-limpeza-de-fincas-en-santa-ma-de-tomino-e-san-pedro-de-forcadela\\\/\",\"name\":\"O d\u00eda 15 deste mes comezar\u00e1n os traballos de limpeza de fincas en Santa M\u00aa de Tomi\u00f1o e San Pedro de Forcadela -\",\"isPartOf\":{\"@id\":\"https:\\\/\\\/www.anovapeneira.gal\\\/#website\"},\"primaryImageOfPage\":{\"@id\":\"https:\\\/\\\/www.anovapeneira.gal\\\/index.php\\\/2022\\\/02\\\/09\\\/o-dia-15-deste-mes-comezaran-os-traballos-de-limpeza-de-fincas-en-santa-ma-de-tomino-e-san-pedro-de-forcadela\\\/#primaryimage\"},\"image\":{\"@id\":\"https:\\\/\\\/www.anovapeneira.gal\\\/index.php\\\/2022\\\/02\\\/09\\\/o-dia-15-deste-mes-comezaran-os-traballos-de-limpeza-de-fincas-en-santa-ma-de-tomino-e-san-pedro-de-forcadela\\\/#primaryimage\"},\"thumbnailUrl\":\"https:\\\/\\\/www.anovapeneira.gal\\\/wp-content\\\/uploads\\\/2019\\\/09\\\/concello_De_tominho_a_nova_peneria.jpg\",\"datePublished\":\"2022-02-09T11:00:18+00:00\",\"description\":\"Conmotivo do comezo dos traballos de limpeza por parte da empresa SEAGA (a partir do d\u00eda 15 deste mes) das parcelas situadas nas REDES SECUNDARIAS DE FAIXAS DE XESTI\u00d3N DE BIOMASA, nas parroquias priorizadas de Sta M\u00aa de Tomi\u00f1o e San Pedro de Forcadela, levaranse a cabo d\u00faas reuni\u00f3ns informativas\",\"breadcrumb\":{\"@id\":\"https:\\\/\\\/www.anovapeneira.gal\\\/index.php\\\/2022\\\/02\\\/09\\\/o-dia-15-deste-mes-comezaran-os-traballos-de-limpeza-de-fincas-en-santa-ma-de-tomino-e-san-pedro-de-forcadela\\\/#breadcrumb\"},\"inLanguage\":\"gl-ES\",\"potentialAction\":[{\"@type\":\"ReadAction\",\"target\":[\"https:\\\/\\\/www.anovapeneira.gal\\\/index.php\\\/2022\\\/02\\\/09\\\/o-dia-15-deste-mes-comezaran-os-traballos-de-limpeza-de-fincas-en-santa-ma-de-tomino-e-san-pedro-de-forcadela\\\/\"]}]},{\"@type\":\"ImageObject\",\"inLanguage\":\"gl-ES\",\"@id\":\"https:\\\/\\\/www.anovapeneira.gal\\\/index.php\\\/2022\\\/02\\\/09\\\/o-dia-15-deste-mes-comezaran-os-traballos-de-limpeza-de-fincas-en-santa-ma-de-tomino-e-san-pedro-de-forcadela\\\/#primaryimage\",\"url\":\"https:\\\/\\\/www.anovapeneira.gal\\\/wp-content\\\/uploads\\\/2019\\\/09\\\/concello_De_tominho_a_nova_peneria.jpg\",\"contentUrl\":\"https:\\\/\\\/www.anovapeneira.gal\\\/wp-content\\\/uploads\\\/2019\\\/09\\\/concello_De_tominho_a_nova_peneria.jpg\",\"width\":720,\"height\":473,\"caption\":\"Concello de Tomi\u00f1o A Nova Peneira\"},{\"@type\":\"BreadcrumbList\",\"@id\":\"https:\\\/\\\/www.anovapeneira.gal\\\/index.php\\\/2022\\\/02\\\/09\\\/o-dia-15-deste-mes-comezaran-os-traballos-de-limpeza-de-fincas-en-santa-ma-de-tomino-e-san-pedro-de-forcadela\\\/#breadcrumb\",\"itemListElement\":[{\"@type\":\"ListItem\",\"position\":1,\"name\":\"Portada\",\"item\":\"https:\\\/\\\/www.anovapeneira.gal\\\/\"},{\"@type\":\"ListItem\",\"position\":2,\"name\":\"O d\u00eda 15 deste mes comezar\u00e1n os traballos de limpeza de fincas en Santa M\u00aa de Tomi\u00f1o e San Pedro de Forcadela\"}]},{\"@type\":\"WebSite\",\"@id\":\"https:\\\/\\\/www.anovapeneira.gal\\\/#website\",\"url\":\"https:\\\/\\\/www.anovapeneira.gal\\\/\",\"name\":\"\",\"description\":\"Xornal galego de informaci\u00f3n xeral Publicaci\u00f3n mensual de novas de Galicia e en especial dos Concellos da sur da provincia de Pontevedra.\",\"publisher\":{\"@id\":\"https:\\\/\\\/www.anovapeneira.gal\\\/#organization\"},\"potentialAction\":[{\"@type\":\"SearchAction\",\"target\":{\"@type\":\"EntryPoint\",\"urlTemplate\":\"https:\\\/\\\/www.anovapeneira.gal\\\/?s={search_term_string}\"},\"query-input\":{\"@type\":\"PropertyValueSpecification\",\"valueRequired\":true,\"valueName\":\"search_term_string\"}}],\"inLanguage\":\"gl-ES\"},{\"@type\":\"Organization\",\"@id\":\"https:\\\/\\\/www.anovapeneira.gal\\\/#organization\",\"name\":\"A Nova Peneira\",\"url\":\"https:\\\/\\\/www.anovapeneira.gal\\\/\",\"logo\":{\"@type\":\"ImageObject\",\"inLanguage\":\"gl-ES\",\"@id\":\"https:\\\/\\\/www.anovapeneira.gal\\\/#\\\/schema\\\/logo\\\/image\\\/\",\"url\":\"http:\\\/\\\/www.anovapeneira.gal\\\/wp-content\\\/uploads\\\/2019\\\/06\\\/logo_a_nova_peneira_portal_web.png\",\"contentUrl\":\"http:\\\/\\\/www.anovapeneira.gal\\\/wp-content\\\/uploads\\\/2019\\\/06\\\/logo_a_nova_peneira_portal_web.png\",\"width\":300,\"height\":100,\"caption\":\"A Nova Peneira\"},\"image\":{\"@id\":\"https:\\\/\\\/www.anovapeneira.gal\\\/#\\\/schema\\\/logo\\\/image\\\/\"},\"sameAs\":[\"https:\\\/\\\/www.facebook.com\\\/anovapeneira\",\"https:\\\/\\\/x.com\\\/APeneira\"]},{\"@type\":\"Person\",\"@id\":\"https:\\\/\\\/www.anovapeneira.gal\\\/#\\\/schema\\\/person\\\/b93e3f8932e3f8da96334607eb6ac6aa\",\"name\":\"Redacci\u00f3n A Nova Peneira\",\"image\":{\"@type\":\"ImageObject\",\"inLanguage\":\"gl-ES\",\"@id\":\"https:\\\/\\\/secure.gravatar.com\\\/avatar\\\/c052a2551a06e23fac63626232eaa90abd78dbcf1700fc46a2b2c89fd27b735f?s=96&d=mm&r=g\",\"url\":\"https:\\\/\\\/secure.gravatar.com\\\/avatar\\\/c052a2551a06e23fac63626232eaa90abd78dbcf1700fc46a2b2c89fd27b735f?s=96&d=mm&r=g\",\"contentUrl\":\"https:\\\/\\\/secure.gravatar.com\\\/avatar\\\/c052a2551a06e23fac63626232eaa90abd78dbcf1700fc46a2b2c89fd27b735f?s=96&d=mm&r=g\",\"caption\":\"Redacci\u00f3n A Nova Peneira\"},\"sameAs\":[\"http:\\\/\\\/www.anovapeneira.gal\\\/\"],\"url\":\"https:\\\/\\\/www.anovapeneira.gal\\\/index.php\\\/author\\\/redactor\\\/\"}]}<\/script>\n<!-- \/ Yoast SEO plugin. -->","yoast_head_json":{"title":"O d\u00eda 15 deste mes comezar\u00e1n os traballos de limpeza de fincas en Santa M\u00aa de Tomi\u00f1o e San Pedro de Forcadela -","description":"Conmotivo do comezo dos traballos de limpeza por parte da empresa SEAGA (a partir do d\u00eda 15 deste mes) das parcelas situadas nas REDES SECUNDARIAS DE FAIXAS DE XESTI\u00d3N DE BIOMASA, nas parroquias priorizadas de Sta M\u00aa de Tomi\u00f1o e San Pedro de Forcadela, levaranse a cabo d\u00faas reuni\u00f3ns informativas","robots":{"index":"index","follow":"follow","max-snippet":"max-snippet:-1","max-image-preview":"max-image-preview:large","max-video-preview":"max-video-preview:-1"},"canonical":"https:\/\/www.anovapeneira.gal\/index.php\/2022\/02\/09\/o-dia-15-deste-mes-comezaran-os-traballos-de-limpeza-de-fincas-en-santa-ma-de-tomino-e-san-pedro-de-forcadela\/","og_locale":"gl_ES","og_type":"article","og_title":"O d\u00eda 15 deste mes comezar\u00e1n os traballos de limpeza de fincas en Santa M\u00aa de Tomi\u00f1o e San Pedro de Forcadela -","og_description":"Conmotivo do comezo dos traballos de limpeza por parte da empresa SEAGA (a partir do d\u00eda 15 deste mes) das parcelas situadas nas REDES SECUNDARIAS DE FAIXAS DE XESTI\u00d3N DE BIOMASA, nas parroquias priorizadas de Sta M\u00aa de Tomi\u00f1o e San Pedro de Forcadela, levaranse a cabo d\u00faas reuni\u00f3ns informativas","og_url":"https:\/\/www.anovapeneira.gal\/index.php\/2022\/02\/09\/o-dia-15-deste-mes-comezaran-os-traballos-de-limpeza-de-fincas-en-santa-ma-de-tomino-e-san-pedro-de-forcadela\/","article_publisher":"https:\/\/www.facebook.com\/anovapeneira","article_published_time":"2022-02-09T11:00:18+00:00","og_image":[{"width":720,"height":473,"url":"https:\/\/www.anovapeneira.gal\/wp-content\/uploads\/2019\/09\/concello_De_tominho_a_nova_peneria.jpg","type":"image\/jpeg"}],"author":"Redacci\u00f3n A Nova Peneira","twitter_card":"summary_large_image","twitter_creator":"@APeneira","twitter_site":"@APeneira","twitter_misc":{"Escrito por":"Redacci\u00f3n A Nova Peneira","Tempo de lectura":"1 minuto"},"schema":{"@context":"https:\/\/schema.org","@graph":[{"@type":"Article","@id":"https:\/\/www.anovapeneira.gal\/index.php\/2022\/02\/09\/o-dia-15-deste-mes-comezaran-os-traballos-de-limpeza-de-fincas-en-santa-ma-de-tomino-e-san-pedro-de-forcadela\/#article","isPartOf":{"@id":"https:\/\/www.anovapeneira.gal\/index.php\/2022\/02\/09\/o-dia-15-deste-mes-comezaran-os-traballos-de-limpeza-de-fincas-en-santa-ma-de-tomino-e-san-pedro-de-forcadela\/"},"author":{"name":"Redacci\u00f3n A Nova Peneira","@id":"https:\/\/www.anovapeneira.gal\/#\/schema\/person\/b93e3f8932e3f8da96334607eb6ac6aa"},"headline":"O d\u00eda 15 deste mes comezar\u00e1n os traballos de limpeza de fincas en Santa M\u00aa de Tomi\u00f1o e San Pedro de Forcadela","datePublished":"2022-02-09T11:00:18+00:00","mainEntityOfPage":{"@id":"https:\/\/www.anovapeneira.gal\/index.php\/2022\/02\/09\/o-dia-15-deste-mes-comezaran-os-traballos-de-limpeza-de-fincas-en-santa-ma-de-tomino-e-san-pedro-de-forcadela\/"},"wordCount":105,"commentCount":0,"publisher":{"@id":"https:\/\/www.anovapeneira.gal\/#organization"},"image":{"@id":"https:\/\/www.anovapeneira.gal\/index.php\/2022\/02\/09\/o-dia-15-deste-mes-comezaran-os-traballos-de-limpeza-de-fincas-en-santa-ma-de-tomino-e-san-pedro-de-forcadela\/#primaryimage"},"thumbnailUrl":"https:\/\/www.anovapeneira.gal\/wp-content\/uploads\/2019\/09\/concello_De_tominho_a_nova_peneria.jpg","keywords":["Concello de Tomi\u00f1o"],"articleSection":["Baixo Mi\u00f1o"],"inLanguage":"gl-ES","potentialAction":[{"@type":"CommentAction","name":"Comment","target":["https:\/\/www.anovapeneira.gal\/index.php\/2022\/02\/09\/o-dia-15-deste-mes-comezaran-os-traballos-de-limpeza-de-fincas-en-santa-ma-de-tomino-e-san-pedro-de-forcadela\/#respond"]}]},{"@type":"WebPage","@id":"https:\/\/www.anovapeneira.gal\/index.php\/2022\/02\/09\/o-dia-15-deste-mes-comezaran-os-traballos-de-limpeza-de-fincas-en-santa-ma-de-tomino-e-san-pedro-de-forcadela\/","url":"https:\/\/www.anovapeneira.gal\/index.php\/2022\/02\/09\/o-dia-15-deste-mes-comezaran-os-traballos-de-limpeza-de-fincas-en-santa-ma-de-tomino-e-san-pedro-de-forcadela\/","name":"O d\u00eda 15 deste mes comezar\u00e1n os traballos de limpeza de fincas en Santa M\u00aa de Tomi\u00f1o e San Pedro de Forcadela -","isPartOf":{"@id":"https:\/\/www.anovapeneira.gal\/#website"},"primaryImageOfPage":{"@id":"https:\/\/www.anovapeneira.gal\/index.php\/2022\/02\/09\/o-dia-15-deste-mes-comezaran-os-traballos-de-limpeza-de-fincas-en-santa-ma-de-tomino-e-san-pedro-de-forcadela\/#primaryimage"},"image":{"@id":"https:\/\/www.anovapeneira.gal\/index.php\/2022\/02\/09\/o-dia-15-deste-mes-comezaran-os-traballos-de-limpeza-de-fincas-en-santa-ma-de-tomino-e-san-pedro-de-forcadela\/#primaryimage"},"thumbnailUrl":"https:\/\/www.anovapeneira.gal\/wp-content\/uploads\/2019\/09\/concello_De_tominho_a_nova_peneria.jpg","datePublished":"2022-02-09T11:00:18+00:00","description":"Conmotivo do comezo dos traballos de limpeza por parte da empresa SEAGA (a partir do d\u00eda 15 deste mes) das parcelas situadas nas REDES SECUNDARIAS DE FAIXAS DE XESTI\u00d3N DE BIOMASA, nas parroquias priorizadas de Sta M\u00aa de Tomi\u00f1o e San Pedro de Forcadela, levaranse a cabo d\u00faas reuni\u00f3ns informativas","breadcrumb":{"@id":"https:\/\/www.anovapeneira.gal\/index.php\/2022\/02\/09\/o-dia-15-deste-mes-comezaran-os-traballos-de-limpeza-de-fincas-en-santa-ma-de-tomino-e-san-pedro-de-forcadela\/#breadcrumb"},"inLanguage":"gl-ES","potentialAction":[{"@type":"ReadAction","target":["https:\/\/www.anovapeneira.gal\/index.php\/2022\/02\/09\/o-dia-15-deste-mes-comezaran-os-traballos-de-limpeza-de-fincas-en-santa-ma-de-tomino-e-san-pedro-de-forcadela\/"]}]},{"@type":"ImageObject","inLanguage":"gl-ES","@id":"https:\/\/www.anovapeneira.gal\/index.php\/2022\/02\/09\/o-dia-15-deste-mes-comezaran-os-traballos-de-limpeza-de-fincas-en-santa-ma-de-tomino-e-san-pedro-de-forcadela\/#primaryimage","url":"https:\/\/www.anovapeneira.gal\/wp-content\/uploads\/2019\/09\/concello_De_tominho_a_nova_peneria.jpg","contentUrl":"https:\/\/www.anovapeneira.gal\/wp-content\/uploads\/2019\/09\/concello_De_tominho_a_nova_peneria.jpg","width":720,"height":473,"caption":"Concello de Tomi\u00f1o A Nova Peneira"},{"@type":"BreadcrumbList","@id":"https:\/\/www.anovapeneira.gal\/index.php\/2022\/02\/09\/o-dia-15-deste-mes-comezaran-os-traballos-de-limpeza-de-fincas-en-santa-ma-de-tomino-e-san-pedro-de-forcadela\/#breadcrumb","itemListElement":[{"@type":"ListItem","position":1,"name":"Portada","item":"https:\/\/www.anovapeneira.gal\/"},{"@type":"ListItem","position":2,"name":"O d\u00eda 15 deste mes comezar\u00e1n os traballos de limpeza de fincas en Santa M\u00aa de Tomi\u00f1o e San Pedro de Forcadela"}]},{"@type":"WebSite","@id":"https:\/\/www.anovapeneira.gal\/#website","url":"https:\/\/www.anovapeneira.gal\/","name":"","description":"Xornal galego de informaci\u00f3n xeral Publicaci\u00f3n mensual de novas de Galicia e en especial dos Concellos da sur da provincia de Pontevedra.","publisher":{"@id":"https:\/\/www.anovapeneira.gal\/#organization"},"potentialAction":[{"@type":"SearchAction","target":{"@type":"EntryPoint","urlTemplate":"https:\/\/www.anovapeneira.gal\/?s={search_term_string}"},"query-input":{"@type":"PropertyValueSpecification","valueRequired":true,"valueName":"search_term_string"}}],"inLanguage":"gl-ES"},{"@type":"Organization","@id":"https:\/\/www.anovapeneira.gal\/#organization","name":"A Nova Peneira","url":"https:\/\/www.anovapeneira.gal\/","logo":{"@type":"ImageObject","inLanguage":"gl-ES","@id":"https:\/\/www.anovapeneira.gal\/#\/schema\/logo\/image\/","url":"http:\/\/www.anovapeneira.gal\/wp-content\/uploads\/2019\/06\/logo_a_nova_peneira_portal_web.png","contentUrl":"http:\/\/www.anovapeneira.gal\/wp-content\/uploads\/2019\/06\/logo_a_nova_peneira_portal_web.png","width":300,"height":100,"caption":"A Nova Peneira"},"image":{"@id":"https:\/\/www.anovapeneira.gal\/#\/schema\/logo\/image\/"},"sameAs":["https:\/\/www.facebook.com\/anovapeneira","https:\/\/x.com\/APeneira"]},{"@type":"Person","@id":"https:\/\/www.anovapeneira.gal\/#\/schema\/person\/b93e3f8932e3f8da96334607eb6ac6aa","name":"Redacci\u00f3n A Nova Peneira","image":{"@type":"ImageObject","inLanguage":"gl-ES","@id":"https:\/\/secure.gravatar.com\/avatar\/c052a2551a06e23fac63626232eaa90abd78dbcf1700fc46a2b2c89fd27b735f?s=96&d=mm&r=g","url":"https:\/\/secure.gravatar.com\/avatar\/c052a2551a06e23fac63626232eaa90abd78dbcf1700fc46a2b2c89fd27b735f?s=96&d=mm&r=g","contentUrl":"https:\/\/secure.gravatar.com\/avatar\/c052a2551a06e23fac63626232eaa90abd78dbcf1700fc46a2b2c89fd27b735f?s=96&d=mm&r=g","caption":"Redacci\u00f3n A Nova Peneira"},"sameAs":["http:\/\/www.anovapeneira.gal\/"],"url":"https:\/\/www.anovapeneira.gal\/index.php\/author\/redactor\/"}]}},"jetpack_featured_media_url":"https:\/\/www.anovapeneira.gal\/wp-content\/uploads\/2019\/09\/concello_De_tominho_a_nova_peneria.jpg","_links":{"self":[{"href":"https:\/\/www.anovapeneira.gal\/index.php\/wp-json\/wp\/v2\/posts\/6902","targetHints":{"allow":["GET"]}}],"collection":[{"href":"https:\/\/www.anovapeneira.gal\/index.php\/wp-json\/wp\/v2\/posts"}],"about":[{"href":"https:\/\/www.anovapeneira.gal\/index.php\/wp-json\/wp\/v2\/types\/post"}],"author":[{"embeddable":true,"href":"https:\/\/www.anovapeneira.gal\/index.php\/wp-json\/wp\/v2\/users\/3"}],"replies":[{"embeddable":true,"href":"https:\/\/www.anovapeneira.gal\/index.php\/wp-json\/wp\/v2\/comments?post=6902"}],"version-history":[{"count":1,"href":"https:\/\/www.anovapeneira.gal\/index.php\/wp-json\/wp\/v2\/posts\/6902\/revisions"}],"predecessor-version":[{"id":6903,"href":"https:\/\/www.anovapeneira.gal\/index.php\/wp-json\/wp\/v2\/posts\/6902\/revisions\/6903"}],"wp:featuredmedia":[{"embeddable":true,"href":"https:\/\/www.anovapeneira.gal\/index.php\/wp-json\/wp\/v2\/media\/1336"}],"wp:attachment":[{"href":"https:\/\/www.anovapeneira.gal\/index.php\/wp-json\/wp\/v2\/media?parent=6902"}],"wp:term":[{"taxonomy":"category","embeddable":true,"href":"https:\/\/www.anovapeneira.gal\/index.php\/wp-json\/wp\/v2\/categories?post=6902"},{"taxonomy":"post_tag","embeddable":true,"href":"https:\/\/www.anovapeneira.gal\/index.php\/wp-json\/wp\/v2\/tags?post=6902"}],"curies":[{"name":"wp","href":"https:\/\/api.w.org\/{rel}","templated":true}]}}