{"id":6904,"date":"2022-02-10T10:00:39","date_gmt":"2022-02-10T09:00:39","guid":{"rendered":"https:\/\/www.anovapeneira.gal\/?p=6904"},"modified":"2022-02-08T09:15:13","modified_gmt":"2022-02-08T08:15:13","slug":"luis-segura-presenta-el-ejercito-de-vox-en-gondomar","status":"publish","type":"post","link":"https:\/\/www.anovapeneira.gal\/index.php\/2022\/02\/10\/luis-segura-presenta-el-ejercito-de-vox-en-gondomar\/","title":{"rendered":"Luis Segura presenta \u201cEl ej\u00e9rcito de Vox\u201d en Gondomar"},"content":{"rendered":"\n<p>O pasado venres d\u00eda 4 o ex tenente Luis Segura, expulsado ex\u00e9rcito espa\u00f1ol despois de denunciar unha serie de casos de suposta corrupci\u00f3n, presentou na nosa vila, no local do IEM, o seu \u00faltimo libro \u201cEl ej\u00e9rcito de vox\u201d. O acto foi inaugurado por Paco Ferreira ao que agradecemos desde esta redacci\u00f3n a s\u00faa predisposici\u00f3n a colaborar coa s\u00faa organizaci\u00f3n, e presentado polo director d A Nova Peneira, Tino Lago.<\/p>\n\n\n\n<p>No seu \u00faltimo libro Luis Segura analiza polo mi\u00fado os resultados electorais estatais en 200 secci\u00f3ns nas que existen cuarteis .E a conclusi\u00f3n \u00e9 estarrecedora, pois no 80% das devanditas secci\u00f3ns a formaci\u00f3n de ultradereita obt\u00e9n, nas zonas nas que existen acuartelamentos militares, un resultado superior ou moi superior \u00e1 media da totalidade da provincia na que se atopa o cuartel. \u00c9 dicir nos lugares nos que hai cuarteis v\u00f3tase maioritariamente a Vox. Unha porcentaxe tan elevada, o 80%, non pode ser casualidade e indica de maneira inequ\u00edvoca a existencia dun problema moi serio no ex\u00e9rcito espa\u00f1ol que na opini\u00f3n do conferenciante deber\u00eda abordarse, desde o poder pol\u00edtico, de contado.<\/p>\n","protected":false},"excerpt":{"rendered":"<div class=\"mh-excerpt\"><p>O pasado venres d\u00eda 4 o ex tenente Luis Segura, expulsado ex\u00e9rcito espa\u00f1ol despois de denunciar unha serie de casos de suposta corrupci\u00f3n, presentou na nosa vila, no local do IEM, o seu \u00faltimo libro \u201cEl ej\u00e9rcito de vox\u201d.  <a class=\"mh-excerpt-more\" href=\"https:\/\/www.anovapeneira.gal\/index.php\/2022\/02\/10\/luis-segura-presenta-el-ejercito-de-vox-en-gondomar\/\" title=\"Luis Segura presenta \u201cEl ej\u00e9rcito de Vox\u201d en Gondomar\">[&#8230;]<\/a><\/p>\n<\/div>","protected":false},"author":3,"featured_media":6905,"comment_status":"open","ping_status":"open","sticky":false,"template":"","format":"standard","meta":{"_exactmetrics_skip_tracking":false,"_exactmetrics_sitenote_active":false,"_exactmetrics_sitenote_note":"","_exactmetrics_sitenote_category":0,"footnotes":""},"categories":[20],"tags":[149],"class_list":{"0":"post-6904","1":"post","2":"type-post","3":"status-publish","4":"format-standard","5":"has-post-thumbnail","7":"category-val-minor","8":"tag-concello-de-gondomar"},"yoast_head":"<!-- This site is optimized with the Yoast SEO plugin v27.4 - https:\/\/yoast.com\/product\/yoast-seo-wordpress\/ -->\n<title>Luis Segura presenta \u201cEl ej\u00e9rcito de Vox\u201d en Gondomar -<\/title>\n<meta name=\"description\" content=\"O pasado venres d\u00eda 4 o ex tenente Luis Segura, expulsado ex\u00e9rcito espa\u00f1ol despois de denunciar unha serie de casos de suposta corrupci\u00f3n, presentou na nosa vila, no local do IEM, o seu \u00faltimo libro \u201cEl ej\u00e9rcito de vox\u201d.\" \/>\n<meta name=\"robots\" content=\"index, follow, max-snippet:-1, max-image-preview:large, max-video-preview:-1\" \/>\n<link rel=\"canonical\" href=\"https:\/\/www.anovapeneira.gal\/index.php\/2022\/02\/10\/luis-segura-presenta-el-ejercito-de-vox-en-gondomar\/\" \/>\n<meta property=\"og:locale\" content=\"gl_ES\" \/>\n<meta property=\"og:type\" content=\"article\" \/>\n<meta property=\"og:title\" content=\"Luis Segura presenta \u201cEl ej\u00e9rcito de Vox\u201d en Gondomar -\" \/>\n<meta property=\"og:description\" content=\"O pasado venres d\u00eda 4 o ex tenente Luis Segura, expulsado ex\u00e9rcito espa\u00f1ol despois de denunciar unha serie de casos de suposta corrupci\u00f3n, presentou na nosa vila, no local do IEM, o seu \u00faltimo libro \u201cEl ej\u00e9rcito de vox\u201d.\" \/>\n<meta property=\"og:url\" content=\"https:\/\/www.anovapeneira.gal\/index.php\/2022\/02\/10\/luis-segura-presenta-el-ejercito-de-vox-en-gondomar\/\" \/>\n<meta property=\"article:publisher\" content=\"https:\/\/www.facebook.com\/anovapeneira\" \/>\n<meta property=\"article:published_time\" content=\"2022-02-10T09:00:39+00:00\" \/>\n<meta property=\"og:image\" content=\"https:\/\/www.anovapeneira.gal\/wp-content\/uploads\/2022\/02\/exercito_de_vox.jpg\" \/>\n\t<meta property=\"og:image:width\" content=\"720\" \/>\n\t<meta property=\"og:image:height\" content=\"432\" \/>\n\t<meta property=\"og:image:type\" content=\"image\/jpeg\" \/>\n<meta name=\"author\" content=\"Redacci\u00f3n A Nova Peneira\" \/>\n<meta name=\"twitter:card\" content=\"summary_large_image\" \/>\n<meta name=\"twitter:creator\" content=\"@APeneira\" \/>\n<meta name=\"twitter:site\" content=\"@APeneira\" \/>\n<meta name=\"twitter:label1\" content=\"Escrito por\" \/>\n\t<meta name=\"twitter:data1\" content=\"Redacci\u00f3n A Nova Peneira\" \/>\n\t<meta name=\"twitter:label2\" content=\"Tempo de lectura\" \/>\n\t<meta name=\"twitter:data2\" content=\"1 minuto\" \/>\n<script type=\"application\/ld+json\" class=\"yoast-schema-graph\">{\"@context\":\"https:\\\/\\\/schema.org\",\"@graph\":[{\"@type\":\"Article\",\"@id\":\"https:\\\/\\\/www.anovapeneira.gal\\\/index.php\\\/2022\\\/02\\\/10\\\/luis-segura-presenta-el-ejercito-de-vox-en-gondomar\\\/#article\",\"isPartOf\":{\"@id\":\"https:\\\/\\\/www.anovapeneira.gal\\\/index.php\\\/2022\\\/02\\\/10\\\/luis-segura-presenta-el-ejercito-de-vox-en-gondomar\\\/\"},\"author\":{\"name\":\"Redacci\u00f3n A Nova Peneira\",\"@id\":\"https:\\\/\\\/www.anovapeneira.gal\\\/#\\\/schema\\\/person\\\/b93e3f8932e3f8da96334607eb6ac6aa\"},\"headline\":\"Luis Segura presenta \u201cEl ej\u00e9rcito de Vox\u201d en Gondomar\",\"datePublished\":\"2022-02-10T09:00:39+00:00\",\"mainEntityOfPage\":{\"@id\":\"https:\\\/\\\/www.anovapeneira.gal\\\/index.php\\\/2022\\\/02\\\/10\\\/luis-segura-presenta-el-ejercito-de-vox-en-gondomar\\\/\"},\"wordCount\":206,\"commentCount\":0,\"publisher\":{\"@id\":\"https:\\\/\\\/www.anovapeneira.gal\\\/#organization\"},\"image\":{\"@id\":\"https:\\\/\\\/www.anovapeneira.gal\\\/index.php\\\/2022\\\/02\\\/10\\\/luis-segura-presenta-el-ejercito-de-vox-en-gondomar\\\/#primaryimage\"},\"thumbnailUrl\":\"https:\\\/\\\/www.anovapeneira.gal\\\/wp-content\\\/uploads\\\/2022\\\/02\\\/exercito_de_vox.jpg\",\"keywords\":[\"Concello de Gondomar\"],\"articleSection\":[\"Val Mi\u00f1or\"],\"inLanguage\":\"gl-ES\",\"potentialAction\":[{\"@type\":\"CommentAction\",\"name\":\"Comment\",\"target\":[\"https:\\\/\\\/www.anovapeneira.gal\\\/index.php\\\/2022\\\/02\\\/10\\\/luis-segura-presenta-el-ejercito-de-vox-en-gondomar\\\/#respond\"]}]},{\"@type\":\"WebPage\",\"@id\":\"https:\\\/\\\/www.anovapeneira.gal\\\/index.php\\\/2022\\\/02\\\/10\\\/luis-segura-presenta-el-ejercito-de-vox-en-gondomar\\\/\",\"url\":\"https:\\\/\\\/www.anovapeneira.gal\\\/index.php\\\/2022\\\/02\\\/10\\\/luis-segura-presenta-el-ejercito-de-vox-en-gondomar\\\/\",\"name\":\"Luis Segura presenta \u201cEl ej\u00e9rcito de Vox\u201d en Gondomar -\",\"isPartOf\":{\"@id\":\"https:\\\/\\\/www.anovapeneira.gal\\\/#website\"},\"primaryImageOfPage\":{\"@id\":\"https:\\\/\\\/www.anovapeneira.gal\\\/index.php\\\/2022\\\/02\\\/10\\\/luis-segura-presenta-el-ejercito-de-vox-en-gondomar\\\/#primaryimage\"},\"image\":{\"@id\":\"https:\\\/\\\/www.anovapeneira.gal\\\/index.php\\\/2022\\\/02\\\/10\\\/luis-segura-presenta-el-ejercito-de-vox-en-gondomar\\\/#primaryimage\"},\"thumbnailUrl\":\"https:\\\/\\\/www.anovapeneira.gal\\\/wp-content\\\/uploads\\\/2022\\\/02\\\/exercito_de_vox.jpg\",\"datePublished\":\"2022-02-10T09:00:39+00:00\",\"description\":\"O pasado venres d\u00eda 4 o ex tenente Luis Segura, expulsado ex\u00e9rcito espa\u00f1ol despois de denunciar unha serie de casos de suposta corrupci\u00f3n, presentou na nosa vila, no local do IEM, o seu \u00faltimo libro \u201cEl ej\u00e9rcito de vox\u201d.\",\"breadcrumb\":{\"@id\":\"https:\\\/\\\/www.anovapeneira.gal\\\/index.php\\\/2022\\\/02\\\/10\\\/luis-segura-presenta-el-ejercito-de-vox-en-gondomar\\\/#breadcrumb\"},\"inLanguage\":\"gl-ES\",\"potentialAction\":[{\"@type\":\"ReadAction\",\"target\":[\"https:\\\/\\\/www.anovapeneira.gal\\\/index.php\\\/2022\\\/02\\\/10\\\/luis-segura-presenta-el-ejercito-de-vox-en-gondomar\\\/\"]}]},{\"@type\":\"ImageObject\",\"inLanguage\":\"gl-ES\",\"@id\":\"https:\\\/\\\/www.anovapeneira.gal\\\/index.php\\\/2022\\\/02\\\/10\\\/luis-segura-presenta-el-ejercito-de-vox-en-gondomar\\\/#primaryimage\",\"url\":\"https:\\\/\\\/www.anovapeneira.gal\\\/wp-content\\\/uploads\\\/2022\\\/02\\\/exercito_de_vox.jpg\",\"contentUrl\":\"https:\\\/\\\/www.anovapeneira.gal\\\/wp-content\\\/uploads\\\/2022\\\/02\\\/exercito_de_vox.jpg\",\"width\":720,\"height\":432,\"caption\":\"Luis Segura presenta \u201cEl ej\u00e9rcito de Vox\u201d en Gondomar\"},{\"@type\":\"BreadcrumbList\",\"@id\":\"https:\\\/\\\/www.anovapeneira.gal\\\/index.php\\\/2022\\\/02\\\/10\\\/luis-segura-presenta-el-ejercito-de-vox-en-gondomar\\\/#breadcrumb\",\"itemListElement\":[{\"@type\":\"ListItem\",\"position\":1,\"name\":\"Portada\",\"item\":\"https:\\\/\\\/www.anovapeneira.gal\\\/\"},{\"@type\":\"ListItem\",\"position\":2,\"name\":\"Luis Segura presenta \u201cEl ej\u00e9rcito de Vox\u201d en Gondomar\"}]},{\"@type\":\"WebSite\",\"@id\":\"https:\\\/\\\/www.anovapeneira.gal\\\/#website\",\"url\":\"https:\\\/\\\/www.anovapeneira.gal\\\/\",\"name\":\"\",\"description\":\"Xornal galego de informaci\u00f3n xeral Publicaci\u00f3n mensual de novas de Galicia e en especial dos Concellos da sur da provincia de Pontevedra.\",\"publisher\":{\"@id\":\"https:\\\/\\\/www.anovapeneira.gal\\\/#organization\"},\"potentialAction\":[{\"@type\":\"SearchAction\",\"target\":{\"@type\":\"EntryPoint\",\"urlTemplate\":\"https:\\\/\\\/www.anovapeneira.gal\\\/?s={search_term_string}\"},\"query-input\":{\"@type\":\"PropertyValueSpecification\",\"valueRequired\":true,\"valueName\":\"search_term_string\"}}],\"inLanguage\":\"gl-ES\"},{\"@type\":\"Organization\",\"@id\":\"https:\\\/\\\/www.anovapeneira.gal\\\/#organization\",\"name\":\"A Nova Peneira\",\"url\":\"https:\\\/\\\/www.anovapeneira.gal\\\/\",\"logo\":{\"@type\":\"ImageObject\",\"inLanguage\":\"gl-ES\",\"@id\":\"https:\\\/\\\/www.anovapeneira.gal\\\/#\\\/schema\\\/logo\\\/image\\\/\",\"url\":\"http:\\\/\\\/www.anovapeneira.gal\\\/wp-content\\\/uploads\\\/2019\\\/06\\\/logo_a_nova_peneira_portal_web.png\",\"contentUrl\":\"http:\\\/\\\/www.anovapeneira.gal\\\/wp-content\\\/uploads\\\/2019\\\/06\\\/logo_a_nova_peneira_portal_web.png\",\"width\":300,\"height\":100,\"caption\":\"A Nova Peneira\"},\"image\":{\"@id\":\"https:\\\/\\\/www.anovapeneira.gal\\\/#\\\/schema\\\/logo\\\/image\\\/\"},\"sameAs\":[\"https:\\\/\\\/www.facebook.com\\\/anovapeneira\",\"https:\\\/\\\/x.com\\\/APeneira\"]},{\"@type\":\"Person\",\"@id\":\"https:\\\/\\\/www.anovapeneira.gal\\\/#\\\/schema\\\/person\\\/b93e3f8932e3f8da96334607eb6ac6aa\",\"name\":\"Redacci\u00f3n A Nova Peneira\",\"image\":{\"@type\":\"ImageObject\",\"inLanguage\":\"gl-ES\",\"@id\":\"https:\\\/\\\/secure.gravatar.com\\\/avatar\\\/c052a2551a06e23fac63626232eaa90abd78dbcf1700fc46a2b2c89fd27b735f?s=96&d=mm&r=g\",\"url\":\"https:\\\/\\\/secure.gravatar.com\\\/avatar\\\/c052a2551a06e23fac63626232eaa90abd78dbcf1700fc46a2b2c89fd27b735f?s=96&d=mm&r=g\",\"contentUrl\":\"https:\\\/\\\/secure.gravatar.com\\\/avatar\\\/c052a2551a06e23fac63626232eaa90abd78dbcf1700fc46a2b2c89fd27b735f?s=96&d=mm&r=g\",\"caption\":\"Redacci\u00f3n A Nova Peneira\"},\"sameAs\":[\"http:\\\/\\\/www.anovapeneira.gal\\\/\"],\"url\":\"https:\\\/\\\/www.anovapeneira.gal\\\/index.php\\\/author\\\/redactor\\\/\"}]}<\/script>\n<!-- \/ Yoast SEO plugin. -->","yoast_head_json":{"title":"Luis Segura presenta \u201cEl ej\u00e9rcito de Vox\u201d en Gondomar -","description":"O pasado venres d\u00eda 4 o ex tenente Luis Segura, expulsado ex\u00e9rcito espa\u00f1ol despois de denunciar unha serie de casos de suposta corrupci\u00f3n, presentou na nosa vila, no local do IEM, o seu \u00faltimo libro \u201cEl ej\u00e9rcito de vox\u201d.","robots":{"index":"index","follow":"follow","max-snippet":"max-snippet:-1","max-image-preview":"max-image-preview:large","max-video-preview":"max-video-preview:-1"},"canonical":"https:\/\/www.anovapeneira.gal\/index.php\/2022\/02\/10\/luis-segura-presenta-el-ejercito-de-vox-en-gondomar\/","og_locale":"gl_ES","og_type":"article","og_title":"Luis Segura presenta \u201cEl ej\u00e9rcito de Vox\u201d en Gondomar -","og_description":"O pasado venres d\u00eda 4 o ex tenente Luis Segura, expulsado ex\u00e9rcito espa\u00f1ol despois de denunciar unha serie de casos de suposta corrupci\u00f3n, presentou na nosa vila, no local do IEM, o seu \u00faltimo libro \u201cEl ej\u00e9rcito de vox\u201d.","og_url":"https:\/\/www.anovapeneira.gal\/index.php\/2022\/02\/10\/luis-segura-presenta-el-ejercito-de-vox-en-gondomar\/","article_publisher":"https:\/\/www.facebook.com\/anovapeneira","article_published_time":"2022-02-10T09:00:39+00:00","og_image":[{"width":720,"height":432,"url":"https:\/\/www.anovapeneira.gal\/wp-content\/uploads\/2022\/02\/exercito_de_vox.jpg","type":"image\/jpeg"}],"author":"Redacci\u00f3n A Nova Peneira","twitter_card":"summary_large_image","twitter_creator":"@APeneira","twitter_site":"@APeneira","twitter_misc":{"Escrito por":"Redacci\u00f3n A Nova Peneira","Tempo de lectura":"1 minuto"},"schema":{"@context":"https:\/\/schema.org","@graph":[{"@type":"Article","@id":"https:\/\/www.anovapeneira.gal\/index.php\/2022\/02\/10\/luis-segura-presenta-el-ejercito-de-vox-en-gondomar\/#article","isPartOf":{"@id":"https:\/\/www.anovapeneira.gal\/index.php\/2022\/02\/10\/luis-segura-presenta-el-ejercito-de-vox-en-gondomar\/"},"author":{"name":"Redacci\u00f3n A Nova Peneira","@id":"https:\/\/www.anovapeneira.gal\/#\/schema\/person\/b93e3f8932e3f8da96334607eb6ac6aa"},"headline":"Luis Segura presenta \u201cEl ej\u00e9rcito de Vox\u201d en Gondomar","datePublished":"2022-02-10T09:00:39+00:00","mainEntityOfPage":{"@id":"https:\/\/www.anovapeneira.gal\/index.php\/2022\/02\/10\/luis-segura-presenta-el-ejercito-de-vox-en-gondomar\/"},"wordCount":206,"commentCount":0,"publisher":{"@id":"https:\/\/www.anovapeneira.gal\/#organization"},"image":{"@id":"https:\/\/www.anovapeneira.gal\/index.php\/2022\/02\/10\/luis-segura-presenta-el-ejercito-de-vox-en-gondomar\/#primaryimage"},"thumbnailUrl":"https:\/\/www.anovapeneira.gal\/wp-content\/uploads\/2022\/02\/exercito_de_vox.jpg","keywords":["Concello de Gondomar"],"articleSection":["Val Mi\u00f1or"],"inLanguage":"gl-ES","potentialAction":[{"@type":"CommentAction","name":"Comment","target":["https:\/\/www.anovapeneira.gal\/index.php\/2022\/02\/10\/luis-segura-presenta-el-ejercito-de-vox-en-gondomar\/#respond"]}]},{"@type":"WebPage","@id":"https:\/\/www.anovapeneira.gal\/index.php\/2022\/02\/10\/luis-segura-presenta-el-ejercito-de-vox-en-gondomar\/","url":"https:\/\/www.anovapeneira.gal\/index.php\/2022\/02\/10\/luis-segura-presenta-el-ejercito-de-vox-en-gondomar\/","name":"Luis Segura presenta \u201cEl ej\u00e9rcito de Vox\u201d en Gondomar -","isPartOf":{"@id":"https:\/\/www.anovapeneira.gal\/#website"},"primaryImageOfPage":{"@id":"https:\/\/www.anovapeneira.gal\/index.php\/2022\/02\/10\/luis-segura-presenta-el-ejercito-de-vox-en-gondomar\/#primaryimage"},"image":{"@id":"https:\/\/www.anovapeneira.gal\/index.php\/2022\/02\/10\/luis-segura-presenta-el-ejercito-de-vox-en-gondomar\/#primaryimage"},"thumbnailUrl":"https:\/\/www.anovapeneira.gal\/wp-content\/uploads\/2022\/02\/exercito_de_vox.jpg","datePublished":"2022-02-10T09:00:39+00:00","description":"O pasado venres d\u00eda 4 o ex tenente Luis Segura, expulsado ex\u00e9rcito espa\u00f1ol despois de denunciar unha serie de casos de suposta corrupci\u00f3n, presentou na nosa vila, no local do IEM, o seu \u00faltimo libro \u201cEl ej\u00e9rcito de vox\u201d.","breadcrumb":{"@id":"https:\/\/www.anovapeneira.gal\/index.php\/2022\/02\/10\/luis-segura-presenta-el-ejercito-de-vox-en-gondomar\/#breadcrumb"},"inLanguage":"gl-ES","potentialAction":[{"@type":"ReadAction","target":["https:\/\/www.anovapeneira.gal\/index.php\/2022\/02\/10\/luis-segura-presenta-el-ejercito-de-vox-en-gondomar\/"]}]},{"@type":"ImageObject","inLanguage":"gl-ES","@id":"https:\/\/www.anovapeneira.gal\/index.php\/2022\/02\/10\/luis-segura-presenta-el-ejercito-de-vox-en-gondomar\/#primaryimage","url":"https:\/\/www.anovapeneira.gal\/wp-content\/uploads\/2022\/02\/exercito_de_vox.jpg","contentUrl":"https:\/\/www.anovapeneira.gal\/wp-content\/uploads\/2022\/02\/exercito_de_vox.jpg","width":720,"height":432,"caption":"Luis Segura presenta \u201cEl ej\u00e9rcito de Vox\u201d en Gondomar"},{"@type":"BreadcrumbList","@id":"https:\/\/www.anovapeneira.gal\/index.php\/2022\/02\/10\/luis-segura-presenta-el-ejercito-de-vox-en-gondomar\/#breadcrumb","itemListElement":[{"@type":"ListItem","position":1,"name":"Portada","item":"https:\/\/www.anovapeneira.gal\/"},{"@type":"ListItem","position":2,"name":"Luis Segura presenta \u201cEl ej\u00e9rcito de Vox\u201d en Gondomar"}]},{"@type":"WebSite","@id":"https:\/\/www.anovapeneira.gal\/#website","url":"https:\/\/www.anovapeneira.gal\/","name":"","description":"Xornal galego de informaci\u00f3n xeral Publicaci\u00f3n mensual de novas de Galicia e en especial dos Concellos da sur da provincia de Pontevedra.","publisher":{"@id":"https:\/\/www.anovapeneira.gal\/#organization"},"potentialAction":[{"@type":"SearchAction","target":{"@type":"EntryPoint","urlTemplate":"https:\/\/www.anovapeneira.gal\/?s={search_term_string}"},"query-input":{"@type":"PropertyValueSpecification","valueRequired":true,"valueName":"search_term_string"}}],"inLanguage":"gl-ES"},{"@type":"Organization","@id":"https:\/\/www.anovapeneira.gal\/#organization","name":"A Nova Peneira","url":"https:\/\/www.anovapeneira.gal\/","logo":{"@type":"ImageObject","inLanguage":"gl-ES","@id":"https:\/\/www.anovapeneira.gal\/#\/schema\/logo\/image\/","url":"http:\/\/www.anovapeneira.gal\/wp-content\/uploads\/2019\/06\/logo_a_nova_peneira_portal_web.png","contentUrl":"http:\/\/www.anovapeneira.gal\/wp-content\/uploads\/2019\/06\/logo_a_nova_peneira_portal_web.png","width":300,"height":100,"caption":"A Nova Peneira"},"image":{"@id":"https:\/\/www.anovapeneira.gal\/#\/schema\/logo\/image\/"},"sameAs":["https:\/\/www.facebook.com\/anovapeneira","https:\/\/x.com\/APeneira"]},{"@type":"Person","@id":"https:\/\/www.anovapeneira.gal\/#\/schema\/person\/b93e3f8932e3f8da96334607eb6ac6aa","name":"Redacci\u00f3n A Nova Peneira","image":{"@type":"ImageObject","inLanguage":"gl-ES","@id":"https:\/\/secure.gravatar.com\/avatar\/c052a2551a06e23fac63626232eaa90abd78dbcf1700fc46a2b2c89fd27b735f?s=96&d=mm&r=g","url":"https:\/\/secure.gravatar.com\/avatar\/c052a2551a06e23fac63626232eaa90abd78dbcf1700fc46a2b2c89fd27b735f?s=96&d=mm&r=g","contentUrl":"https:\/\/secure.gravatar.com\/avatar\/c052a2551a06e23fac63626232eaa90abd78dbcf1700fc46a2b2c89fd27b735f?s=96&d=mm&r=g","caption":"Redacci\u00f3n A Nova Peneira"},"sameAs":["http:\/\/www.anovapeneira.gal\/"],"url":"https:\/\/www.anovapeneira.gal\/index.php\/author\/redactor\/"}]}},"jetpack_featured_media_url":"https:\/\/www.anovapeneira.gal\/wp-content\/uploads\/2022\/02\/exercito_de_vox.jpg","_links":{"self":[{"href":"https:\/\/www.anovapeneira.gal\/index.php\/wp-json\/wp\/v2\/posts\/6904","targetHints":{"allow":["GET"]}}],"collection":[{"href":"https:\/\/www.anovapeneira.gal\/index.php\/wp-json\/wp\/v2\/posts"}],"about":[{"href":"https:\/\/www.anovapeneira.gal\/index.php\/wp-json\/wp\/v2\/types\/post"}],"author":[{"embeddable":true,"href":"https:\/\/www.anovapeneira.gal\/index.php\/wp-json\/wp\/v2\/users\/3"}],"replies":[{"embeddable":true,"href":"https:\/\/www.anovapeneira.gal\/index.php\/wp-json\/wp\/v2\/comments?post=6904"}],"version-history":[{"count":1,"href":"https:\/\/www.anovapeneira.gal\/index.php\/wp-json\/wp\/v2\/posts\/6904\/revisions"}],"predecessor-version":[{"id":6906,"href":"https:\/\/www.anovapeneira.gal\/index.php\/wp-json\/wp\/v2\/posts\/6904\/revisions\/6906"}],"wp:featuredmedia":[{"embeddable":true,"href":"https:\/\/www.anovapeneira.gal\/index.php\/wp-json\/wp\/v2\/media\/6905"}],"wp:attachment":[{"href":"https:\/\/www.anovapeneira.gal\/index.php\/wp-json\/wp\/v2\/media?parent=6904"}],"wp:term":[{"taxonomy":"category","embeddable":true,"href":"https:\/\/www.anovapeneira.gal\/index.php\/wp-json\/wp\/v2\/categories?post=6904"},{"taxonomy":"post_tag","embeddable":true,"href":"https:\/\/www.anovapeneira.gal\/index.php\/wp-json\/wp\/v2\/tags?post=6904"}],"curies":[{"name":"wp","href":"https:\/\/api.w.org\/{rel}","templated":true}]}}