{"id":6907,"date":"2022-02-10T12:00:15","date_gmt":"2022-02-10T11:00:15","guid":{"rendered":"https:\/\/www.anovapeneira.gal\/?p=6907"},"modified":"2022-02-08T09:24:06","modified_gmt":"2022-02-08T08:24:06","slug":"sobre-a-finalidade-da-arte-as-tanxugueiras-a-espana-carpetovetonica-e-o-pais-galego","status":"publish","type":"post","link":"https:\/\/www.anovapeneira.gal\/index.php\/2022\/02\/10\/sobre-a-finalidade-da-arte-as-tanxugueiras-a-espana-carpetovetonica-e-o-pais-galego\/","title":{"rendered":"Sobre a finalidade da arte, as Tanxugueiras, a Espa\u00f1a carpetovet\u00f3nica e o pa\u00eds galego"},"content":{"rendered":"\n<figure class=\"wp-block-image size-full is-resized\"><img loading=\"lazy\" decoding=\"async\" src=\"https:\/\/www.anovapeneira.gal\/wp-content\/uploads\/2019\/05\/tino_lago_director_a_nova_peneira.jpg\" alt=\"Tino Lago director a Nova Peneira\" class=\"wp-image-189\" width=\"95\" height=\"111\"\/><figcaption>Tino Lago director a Nova Peneira<\/figcaption><\/figure>\n\n\n\n<h2 class=\"wp-block-heading\">\u201c<strong>Maldigo a poes\u00eda concibida como un luxo cultural polos neutrais&#8230;.\u201d<\/strong><\/h2>\n\n\n\n<p><strong>Gabriel Celaya.<\/strong><\/p>\n\n\n\n<p>A consideraci\u00f3n de cal debe de ser a finalidade da arte non est\u00e1 pechada, nin \u00e9 algo que se poida obxectivar pois ao longo da historia existiron distintas interpretaci\u00f3ns e non houbo ning\u00fan acordo un\u00e1nime entre fil\u00f3sofos e historiadores para definir uns par\u00e1metros obxectivos entre os que se poida encadrar a finalidade das distintas creaci\u00f3ns art\u00edsticas. Eu, como calquera persoa sensible, te\u00f1o a mi\u00f1a propia opini\u00f3n ao respecto que basicamente coincide co verso de Gabriel Celaya que encabeza este artigo. A arte ,calquera produto da vontade humana de crear unha obra que transcenda \u00e1 propia persoa que a crea, \u00e9 unha interacci\u00f3n dun individuo coa realidade e non debe de obviar \u00e1 propia realidade da que agroma. A creaci\u00f3n art\u00edstica, sexa do tipo que sexa, leva un proceso cuxo paso inicial xorde da mente de persoa que quere facer arte, cando se ve na necesidade de transmitir algo ao mundo. A mensaxe transmitida pode ser tan variada como diferentes son as interpretaci\u00f3ns das m\u00faltiples arestas que poida ter a realidade pero o que non pode ser \u00e9 nada porque nese caso non \u00e9 arte, pode ser calquera outra cousa ; un negocio, unha chafullada, como a canci\u00f3n que representar\u00e1 ao estado espa\u00f1ol no vindeiro festival de Eurovisi\u00f3n, unha simple combinaci\u00f3n de significantes sen significado, unha chambonada ,unha trapallada ou como lle queiran chamar pero arte non \u00e9, pois se nada pretende transmitir, por moita ornamentaci\u00f3n est\u00e9tica que pretenda agochar \u00e1 nada, nada \u00e9.<\/p>\n\n\n\n<p>En relaci\u00f3n co suposto concurso, no que se \u00eda determinar unha canci\u00f3n que representase ao estado no festival de Eurovisi\u00f3n ,\u00e9 a primeira vez na mi\u00f1a vida que me suscitou interese, pois o feito de que unha canci\u00f3n no noso idioma, e unha manifestaci\u00f3n da cultura galega, tivese a posibilidade de representar ao conxunto do estado abr\u00eda un escenario desco\u00f1ecido ata ese momento e cuxas consecuencias sociol\u00f3xicas non eran f\u00e1ciles de prever. Carezo de co\u00f1ecementos t\u00e9cnicos musicais e nunca poder\u00eda ser \u201cxurado especializado\u201d en ning\u00fan tipo de concurso semellante pero si sei ler, e te\u00f1o certa experiencia na interpretaci\u00f3n de textos que me permite afirmar con rotundidade, frialdade, obxectividade e sen ning\u00fan tipo de paix\u00f3n que o texto da canci\u00f3n ga\u00f1adora \u00e9 unha imbecilidade \u00e1 altura intelectual dun texto escrito por un adolescente de escasas luces.<\/p>\n\n\n\n<p>E logo por que ga\u00f1a?, cal \u00e9 o motivo de que a opini\u00f3n do 4% dos espectadores te\u00f1a m\u00e1is valor que a do 18% que votou \u00e1 proposta que rematou en segundo lugar, ou que o criterio do 70% que prefer\u00eda a canci\u00f3n das Tanxugueiras?<\/p>\n\n\n\n<p>Estas preguntas s\u00f3 te\u00f1en tres respostas posibles; no mellor dos casos tratar\u00edase dunha organizaci\u00f3n p\u00e9sima xa que a conclusi\u00f3n que se pode tirar do feito de que a opini\u00f3n de 5 persoas, o xurado, te\u00f1a m\u00e1is valor que a de case 200.000 que votaron, s\u00f3 se pode cualificar como un rotundo fracaso. \u00c9 posible tam\u00e9n que o resultado xa estivese determinado a priori motivado polos intereses econ\u00f3micos dalgunha discogr\u00e1fica, en cuxo caso estariamos ante unha vulgar estafa. E por \u00faltimo, na peor das hip\u00f3tese posibles, o resultado de tal disparate, 5 persoas deciden sobre 200.000, ser\u00eda unha manifestaci\u00f3n m\u00e1is, unha de tantas, da Espa\u00f1a carpetovet\u00f3nica, a Espa\u00f1a que est\u00e1 nas ant\u00edpodas daquela Hespa\u00f1a que so\u00f1ou Castelao. A Espa\u00f1a desigual que lle ten medo ao diferente ao que trata de vencer no canto de convivir en harmon\u00eda. En definitiva a Espa\u00f1a do \u201c a por ellos\u201d que en ning\u00fan caso se sentir\u00eda representada por un dos idiomas do estado que non sexa o seu.<\/p>\n\n\n\n<p>Confeso que fiquei agradablemente sorprendido das consecuencias que o resultado deste episodio provocaron no pa\u00eds galego, pois a indignaci\u00f3n desatada polo sentimento de aldraxe ao que \u00e9 propio, indignaci\u00f3n que dignifica \u00e1 condici\u00f3n humana, foi transversal. Persoas de todo tipo e de todos os segmentos ideol\u00f3xicos que existen en Galicia amosaron o seu enfado de maneira xeral pois sent\u00edronse agredidas cando o que consideran parte de si non foi tratado , entenden os que se enfadan, de maneira xusta.<\/p>\n\n\n\n<h2 class=\"has-text-align-center wp-block-heading\"><strong>Hai esperanza, hai pa\u00eds.<\/strong><\/h2>\n\n\n\n<h2 class=\"has-text-align-center wp-block-heading\"><strong>Vivan as Tanxugueiras\u00a1\u00a1\u00a1<\/strong><\/h2>\n","protected":false},"excerpt":{"rendered":"<div class=\"mh-excerpt\"><p>A consideraci\u00f3n de cal debe de ser a finalidade da arte non est\u00e1 pechada, nin \u00e9 algo que se poida obxectivar pois ao longo da historia existiron distintas interpretaci\u00f3ns e non houbo ning\u00fan acordo un\u00e1nime entre fil\u00f3sofos e historiadores para definir uns par\u00e1metros obxectivos entre os que se poida encadrar a finalidade das distintas creaci\u00f3ns art\u00edsticas <a class=\"mh-excerpt-more\" href=\"https:\/\/www.anovapeneira.gal\/index.php\/2022\/02\/10\/sobre-a-finalidade-da-arte-as-tanxugueiras-a-espana-carpetovetonica-e-o-pais-galego\/\" title=\"Sobre a finalidade da arte, as Tanxugueiras, a Espa\u00f1a carpetovet\u00f3nica e o pa\u00eds galego\">[&#8230;]<\/a><\/p>\n<\/div>","protected":false},"author":2,"featured_media":6908,"comment_status":"open","ping_status":"open","sticky":false,"template":"","format":"standard","meta":{"_exactmetrics_skip_tracking":false,"_exactmetrics_sitenote_active":false,"_exactmetrics_sitenote_note":"","_exactmetrics_sitenote_category":0,"footnotes":""},"categories":[61],"tags":[1286],"class_list":{"0":"post-6907","1":"post","2":"type-post","3":"status-publish","4":"format-standard","5":"has-post-thumbnail","7":"category-artigo-editorial","8":"tag-tanxugueiras"},"yoast_head":"<!-- This site is optimized with the Yoast SEO plugin v27.4 - https:\/\/yoast.com\/product\/yoast-seo-wordpress\/ -->\n<title>Sobre a finalidade da arte, as Tanxugueiras, a Espa\u00f1a carpetovet\u00f3nica e o pa\u00eds galego -<\/title>\n<meta name=\"description\" content=\"A consideraci\u00f3n de cal debe de ser a finalidade da arte non est\u00e1 pechada, nin \u00e9 algo que se poida obxectivar pois ao longo da historia existiron distintas interpretaci\u00f3ns e non houbo ning\u00fan acordo un\u00e1nime entre fil\u00f3sofos e historiadores para definir uns par\u00e1metros obxectivos entre os que se poida encadrar a finalidade das distintas creaci\u00f3ns art\u00edsticas\" \/>\n<meta name=\"robots\" content=\"index, follow, max-snippet:-1, max-image-preview:large, max-video-preview:-1\" \/>\n<link rel=\"canonical\" href=\"https:\/\/www.anovapeneira.gal\/index.php\/2022\/02\/10\/sobre-a-finalidade-da-arte-as-tanxugueiras-a-espana-carpetovetonica-e-o-pais-galego\/\" \/>\n<meta property=\"og:locale\" content=\"gl_ES\" \/>\n<meta property=\"og:type\" content=\"article\" \/>\n<meta property=\"og:title\" content=\"Sobre a finalidade da arte, as Tanxugueiras, a Espa\u00f1a carpetovet\u00f3nica e o pa\u00eds galego -\" \/>\n<meta property=\"og:description\" content=\"A consideraci\u00f3n de cal debe de ser a finalidade da arte non est\u00e1 pechada, nin \u00e9 algo que se poida obxectivar pois ao longo da historia existiron distintas interpretaci\u00f3ns e non houbo ning\u00fan acordo un\u00e1nime entre fil\u00f3sofos e historiadores para definir uns par\u00e1metros obxectivos entre os que se poida encadrar a finalidade das distintas creaci\u00f3ns art\u00edsticas\" \/>\n<meta property=\"og:url\" content=\"https:\/\/www.anovapeneira.gal\/index.php\/2022\/02\/10\/sobre-a-finalidade-da-arte-as-tanxugueiras-a-espana-carpetovetonica-e-o-pais-galego\/\" \/>\n<meta property=\"article:publisher\" content=\"https:\/\/www.facebook.com\/anovapeneira\" \/>\n<meta property=\"article:published_time\" content=\"2022-02-10T11:00:15+00:00\" \/>\n<meta property=\"og:image\" content=\"https:\/\/www.anovapeneira.gal\/wp-content\/uploads\/2022\/02\/tanxugueiras.jpg\" \/>\n\t<meta property=\"og:image:width\" content=\"720\" \/>\n\t<meta property=\"og:image:height\" content=\"432\" \/>\n\t<meta property=\"og:image:type\" content=\"image\/jpeg\" \/>\n<meta name=\"author\" content=\"Tino Lago\" \/>\n<meta name=\"twitter:card\" content=\"summary_large_image\" \/>\n<meta name=\"twitter:image\" content=\"https:\/\/www.anovapeneira.gal\/wp-content\/uploads\/2022\/02\/tanxugueiras.jpg\" \/>\n<meta name=\"twitter:creator\" content=\"@APeneira\" \/>\n<meta name=\"twitter:site\" content=\"@APeneira\" \/>\n<meta name=\"twitter:label1\" content=\"Escrito por\" \/>\n\t<meta name=\"twitter:data1\" content=\"Tino Lago\" \/>\n\t<meta name=\"twitter:label2\" content=\"Tempo de lectura\" \/>\n\t<meta name=\"twitter:data2\" content=\"4 minutos\" \/>\n<script type=\"application\/ld+json\" class=\"yoast-schema-graph\">{\"@context\":\"https:\\\/\\\/schema.org\",\"@graph\":[{\"@type\":\"Article\",\"@id\":\"https:\\\/\\\/www.anovapeneira.gal\\\/index.php\\\/2022\\\/02\\\/10\\\/sobre-a-finalidade-da-arte-as-tanxugueiras-a-espana-carpetovetonica-e-o-pais-galego\\\/#article\",\"isPartOf\":{\"@id\":\"https:\\\/\\\/www.anovapeneira.gal\\\/index.php\\\/2022\\\/02\\\/10\\\/sobre-a-finalidade-da-arte-as-tanxugueiras-a-espana-carpetovetonica-e-o-pais-galego\\\/\"},\"author\":{\"name\":\"Tino Lago\",\"@id\":\"https:\\\/\\\/www.anovapeneira.gal\\\/#\\\/schema\\\/person\\\/424dfe65e3070fd8a44d22d2c088762a\"},\"headline\":\"Sobre a finalidade da arte, as Tanxugueiras, a Espa\u00f1a carpetovet\u00f3nica e o pa\u00eds galego\",\"datePublished\":\"2022-02-10T11:00:15+00:00\",\"mainEntityOfPage\":{\"@id\":\"https:\\\/\\\/www.anovapeneira.gal\\\/index.php\\\/2022\\\/02\\\/10\\\/sobre-a-finalidade-da-arte-as-tanxugueiras-a-espana-carpetovetonica-e-o-pais-galego\\\/\"},\"wordCount\":763,\"commentCount\":0,\"publisher\":{\"@id\":\"https:\\\/\\\/www.anovapeneira.gal\\\/#organization\"},\"image\":{\"@id\":\"https:\\\/\\\/www.anovapeneira.gal\\\/index.php\\\/2022\\\/02\\\/10\\\/sobre-a-finalidade-da-arte-as-tanxugueiras-a-espana-carpetovetonica-e-o-pais-galego\\\/#primaryimage\"},\"thumbnailUrl\":\"https:\\\/\\\/www.anovapeneira.gal\\\/wp-content\\\/uploads\\\/2022\\\/02\\\/tanxugueiras.jpg\",\"keywords\":[\"Tanxugueiras\"],\"articleSection\":[\"Artigo editorial\"],\"inLanguage\":\"gl-ES\",\"potentialAction\":[{\"@type\":\"CommentAction\",\"name\":\"Comment\",\"target\":[\"https:\\\/\\\/www.anovapeneira.gal\\\/index.php\\\/2022\\\/02\\\/10\\\/sobre-a-finalidade-da-arte-as-tanxugueiras-a-espana-carpetovetonica-e-o-pais-galego\\\/#respond\"]}]},{\"@type\":\"WebPage\",\"@id\":\"https:\\\/\\\/www.anovapeneira.gal\\\/index.php\\\/2022\\\/02\\\/10\\\/sobre-a-finalidade-da-arte-as-tanxugueiras-a-espana-carpetovetonica-e-o-pais-galego\\\/\",\"url\":\"https:\\\/\\\/www.anovapeneira.gal\\\/index.php\\\/2022\\\/02\\\/10\\\/sobre-a-finalidade-da-arte-as-tanxugueiras-a-espana-carpetovetonica-e-o-pais-galego\\\/\",\"name\":\"Sobre a finalidade da arte, as Tanxugueiras, a Espa\u00f1a carpetovet\u00f3nica e o pa\u00eds galego -\",\"isPartOf\":{\"@id\":\"https:\\\/\\\/www.anovapeneira.gal\\\/#website\"},\"primaryImageOfPage\":{\"@id\":\"https:\\\/\\\/www.anovapeneira.gal\\\/index.php\\\/2022\\\/02\\\/10\\\/sobre-a-finalidade-da-arte-as-tanxugueiras-a-espana-carpetovetonica-e-o-pais-galego\\\/#primaryimage\"},\"image\":{\"@id\":\"https:\\\/\\\/www.anovapeneira.gal\\\/index.php\\\/2022\\\/02\\\/10\\\/sobre-a-finalidade-da-arte-as-tanxugueiras-a-espana-carpetovetonica-e-o-pais-galego\\\/#primaryimage\"},\"thumbnailUrl\":\"https:\\\/\\\/www.anovapeneira.gal\\\/wp-content\\\/uploads\\\/2022\\\/02\\\/tanxugueiras.jpg\",\"datePublished\":\"2022-02-10T11:00:15+00:00\",\"description\":\"A consideraci\u00f3n de cal debe de ser a finalidade da arte non est\u00e1 pechada, nin \u00e9 algo que se poida obxectivar pois ao longo da historia existiron distintas interpretaci\u00f3ns e non houbo ning\u00fan acordo un\u00e1nime entre fil\u00f3sofos e historiadores para definir uns par\u00e1metros obxectivos entre os que se poida encadrar a finalidade das distintas creaci\u00f3ns art\u00edsticas\",\"breadcrumb\":{\"@id\":\"https:\\\/\\\/www.anovapeneira.gal\\\/index.php\\\/2022\\\/02\\\/10\\\/sobre-a-finalidade-da-arte-as-tanxugueiras-a-espana-carpetovetonica-e-o-pais-galego\\\/#breadcrumb\"},\"inLanguage\":\"gl-ES\",\"potentialAction\":[{\"@type\":\"ReadAction\",\"target\":[\"https:\\\/\\\/www.anovapeneira.gal\\\/index.php\\\/2022\\\/02\\\/10\\\/sobre-a-finalidade-da-arte-as-tanxugueiras-a-espana-carpetovetonica-e-o-pais-galego\\\/\"]}]},{\"@type\":\"ImageObject\",\"inLanguage\":\"gl-ES\",\"@id\":\"https:\\\/\\\/www.anovapeneira.gal\\\/index.php\\\/2022\\\/02\\\/10\\\/sobre-a-finalidade-da-arte-as-tanxugueiras-a-espana-carpetovetonica-e-o-pais-galego\\\/#primaryimage\",\"url\":\"https:\\\/\\\/www.anovapeneira.gal\\\/wp-content\\\/uploads\\\/2022\\\/02\\\/tanxugueiras.jpg\",\"contentUrl\":\"https:\\\/\\\/www.anovapeneira.gal\\\/wp-content\\\/uploads\\\/2022\\\/02\\\/tanxugueiras.jpg\",\"width\":720,\"height\":432,\"caption\":\"Sobre a finalidade da arte, as Tanxugueiras, a Espa\u00f1a carpetovet\u00f3nica e o pa\u00eds galego\"},{\"@type\":\"BreadcrumbList\",\"@id\":\"https:\\\/\\\/www.anovapeneira.gal\\\/index.php\\\/2022\\\/02\\\/10\\\/sobre-a-finalidade-da-arte-as-tanxugueiras-a-espana-carpetovetonica-e-o-pais-galego\\\/#breadcrumb\",\"itemListElement\":[{\"@type\":\"ListItem\",\"position\":1,\"name\":\"Portada\",\"item\":\"https:\\\/\\\/www.anovapeneira.gal\\\/\"},{\"@type\":\"ListItem\",\"position\":2,\"name\":\"Sobre a finalidade da arte, as Tanxugueiras, a Espa\u00f1a carpetovet\u00f3nica e o pa\u00eds galego\"}]},{\"@type\":\"WebSite\",\"@id\":\"https:\\\/\\\/www.anovapeneira.gal\\\/#website\",\"url\":\"https:\\\/\\\/www.anovapeneira.gal\\\/\",\"name\":\"\",\"description\":\"Xornal galego de informaci\u00f3n xeral Publicaci\u00f3n mensual de novas de Galicia e en especial dos Concellos da sur da provincia de Pontevedra.\",\"publisher\":{\"@id\":\"https:\\\/\\\/www.anovapeneira.gal\\\/#organization\"},\"potentialAction\":[{\"@type\":\"SearchAction\",\"target\":{\"@type\":\"EntryPoint\",\"urlTemplate\":\"https:\\\/\\\/www.anovapeneira.gal\\\/?s={search_term_string}\"},\"query-input\":{\"@type\":\"PropertyValueSpecification\",\"valueRequired\":true,\"valueName\":\"search_term_string\"}}],\"inLanguage\":\"gl-ES\"},{\"@type\":\"Organization\",\"@id\":\"https:\\\/\\\/www.anovapeneira.gal\\\/#organization\",\"name\":\"A Nova Peneira\",\"url\":\"https:\\\/\\\/www.anovapeneira.gal\\\/\",\"logo\":{\"@type\":\"ImageObject\",\"inLanguage\":\"gl-ES\",\"@id\":\"https:\\\/\\\/www.anovapeneira.gal\\\/#\\\/schema\\\/logo\\\/image\\\/\",\"url\":\"http:\\\/\\\/www.anovapeneira.gal\\\/wp-content\\\/uploads\\\/2019\\\/06\\\/logo_a_nova_peneira_portal_web.png\",\"contentUrl\":\"http:\\\/\\\/www.anovapeneira.gal\\\/wp-content\\\/uploads\\\/2019\\\/06\\\/logo_a_nova_peneira_portal_web.png\",\"width\":300,\"height\":100,\"caption\":\"A Nova Peneira\"},\"image\":{\"@id\":\"https:\\\/\\\/www.anovapeneira.gal\\\/#\\\/schema\\\/logo\\\/image\\\/\"},\"sameAs\":[\"https:\\\/\\\/www.facebook.com\\\/anovapeneira\",\"https:\\\/\\\/x.com\\\/APeneira\"]},{\"@type\":\"Person\",\"@id\":\"https:\\\/\\\/www.anovapeneira.gal\\\/#\\\/schema\\\/person\\\/424dfe65e3070fd8a44d22d2c088762a\",\"name\":\"Tino Lago\",\"image\":{\"@type\":\"ImageObject\",\"inLanguage\":\"gl-ES\",\"@id\":\"https:\\\/\\\/secure.gravatar.com\\\/avatar\\\/b3df6a06e44bab3111583b90f0f33a0379ee5e3d22cbadd232d39f21c30c62be?s=96&d=mm&r=g\",\"url\":\"https:\\\/\\\/secure.gravatar.com\\\/avatar\\\/b3df6a06e44bab3111583b90f0f33a0379ee5e3d22cbadd232d39f21c30c62be?s=96&d=mm&r=g\",\"contentUrl\":\"https:\\\/\\\/secure.gravatar.com\\\/avatar\\\/b3df6a06e44bab3111583b90f0f33a0379ee5e3d22cbadd232d39f21c30c62be?s=96&d=mm&r=g\",\"caption\":\"Tino Lago\"},\"sameAs\":[\"http:\\\/\\\/www.anovapeneira.gal\"],\"url\":\"https:\\\/\\\/www.anovapeneira.gal\\\/index.php\\\/author\\\/director\\\/\"}]}<\/script>\n<!-- \/ Yoast SEO plugin. -->","yoast_head_json":{"title":"Sobre a finalidade da arte, as Tanxugueiras, a Espa\u00f1a carpetovet\u00f3nica e o pa\u00eds galego -","description":"A consideraci\u00f3n de cal debe de ser a finalidade da arte non est\u00e1 pechada, nin \u00e9 algo que se poida obxectivar pois ao longo da historia existiron distintas interpretaci\u00f3ns e non houbo ning\u00fan acordo un\u00e1nime entre fil\u00f3sofos e historiadores para definir uns par\u00e1metros obxectivos entre os que se poida encadrar a finalidade das distintas creaci\u00f3ns art\u00edsticas","robots":{"index":"index","follow":"follow","max-snippet":"max-snippet:-1","max-image-preview":"max-image-preview:large","max-video-preview":"max-video-preview:-1"},"canonical":"https:\/\/www.anovapeneira.gal\/index.php\/2022\/02\/10\/sobre-a-finalidade-da-arte-as-tanxugueiras-a-espana-carpetovetonica-e-o-pais-galego\/","og_locale":"gl_ES","og_type":"article","og_title":"Sobre a finalidade da arte, as Tanxugueiras, a Espa\u00f1a carpetovet\u00f3nica e o pa\u00eds galego -","og_description":"A consideraci\u00f3n de cal debe de ser a finalidade da arte non est\u00e1 pechada, nin \u00e9 algo que se poida obxectivar pois ao longo da historia existiron distintas interpretaci\u00f3ns e non houbo ning\u00fan acordo un\u00e1nime entre fil\u00f3sofos e historiadores para definir uns par\u00e1metros obxectivos entre os que se poida encadrar a finalidade das distintas creaci\u00f3ns art\u00edsticas","og_url":"https:\/\/www.anovapeneira.gal\/index.php\/2022\/02\/10\/sobre-a-finalidade-da-arte-as-tanxugueiras-a-espana-carpetovetonica-e-o-pais-galego\/","article_publisher":"https:\/\/www.facebook.com\/anovapeneira","article_published_time":"2022-02-10T11:00:15+00:00","og_image":[{"width":720,"height":432,"url":"https:\/\/www.anovapeneira.gal\/wp-content\/uploads\/2022\/02\/tanxugueiras.jpg","type":"image\/jpeg"}],"author":"Tino Lago","twitter_card":"summary_large_image","twitter_image":"https:\/\/www.anovapeneira.gal\/wp-content\/uploads\/2022\/02\/tanxugueiras.jpg","twitter_creator":"@APeneira","twitter_site":"@APeneira","twitter_misc":{"Escrito por":"Tino Lago","Tempo de lectura":"4 minutos"},"schema":{"@context":"https:\/\/schema.org","@graph":[{"@type":"Article","@id":"https:\/\/www.anovapeneira.gal\/index.php\/2022\/02\/10\/sobre-a-finalidade-da-arte-as-tanxugueiras-a-espana-carpetovetonica-e-o-pais-galego\/#article","isPartOf":{"@id":"https:\/\/www.anovapeneira.gal\/index.php\/2022\/02\/10\/sobre-a-finalidade-da-arte-as-tanxugueiras-a-espana-carpetovetonica-e-o-pais-galego\/"},"author":{"name":"Tino Lago","@id":"https:\/\/www.anovapeneira.gal\/#\/schema\/person\/424dfe65e3070fd8a44d22d2c088762a"},"headline":"Sobre a finalidade da arte, as Tanxugueiras, a Espa\u00f1a carpetovet\u00f3nica e o pa\u00eds galego","datePublished":"2022-02-10T11:00:15+00:00","mainEntityOfPage":{"@id":"https:\/\/www.anovapeneira.gal\/index.php\/2022\/02\/10\/sobre-a-finalidade-da-arte-as-tanxugueiras-a-espana-carpetovetonica-e-o-pais-galego\/"},"wordCount":763,"commentCount":0,"publisher":{"@id":"https:\/\/www.anovapeneira.gal\/#organization"},"image":{"@id":"https:\/\/www.anovapeneira.gal\/index.php\/2022\/02\/10\/sobre-a-finalidade-da-arte-as-tanxugueiras-a-espana-carpetovetonica-e-o-pais-galego\/#primaryimage"},"thumbnailUrl":"https:\/\/www.anovapeneira.gal\/wp-content\/uploads\/2022\/02\/tanxugueiras.jpg","keywords":["Tanxugueiras"],"articleSection":["Artigo editorial"],"inLanguage":"gl-ES","potentialAction":[{"@type":"CommentAction","name":"Comment","target":["https:\/\/www.anovapeneira.gal\/index.php\/2022\/02\/10\/sobre-a-finalidade-da-arte-as-tanxugueiras-a-espana-carpetovetonica-e-o-pais-galego\/#respond"]}]},{"@type":"WebPage","@id":"https:\/\/www.anovapeneira.gal\/index.php\/2022\/02\/10\/sobre-a-finalidade-da-arte-as-tanxugueiras-a-espana-carpetovetonica-e-o-pais-galego\/","url":"https:\/\/www.anovapeneira.gal\/index.php\/2022\/02\/10\/sobre-a-finalidade-da-arte-as-tanxugueiras-a-espana-carpetovetonica-e-o-pais-galego\/","name":"Sobre a finalidade da arte, as Tanxugueiras, a Espa\u00f1a carpetovet\u00f3nica e o pa\u00eds galego -","isPartOf":{"@id":"https:\/\/www.anovapeneira.gal\/#website"},"primaryImageOfPage":{"@id":"https:\/\/www.anovapeneira.gal\/index.php\/2022\/02\/10\/sobre-a-finalidade-da-arte-as-tanxugueiras-a-espana-carpetovetonica-e-o-pais-galego\/#primaryimage"},"image":{"@id":"https:\/\/www.anovapeneira.gal\/index.php\/2022\/02\/10\/sobre-a-finalidade-da-arte-as-tanxugueiras-a-espana-carpetovetonica-e-o-pais-galego\/#primaryimage"},"thumbnailUrl":"https:\/\/www.anovapeneira.gal\/wp-content\/uploads\/2022\/02\/tanxugueiras.jpg","datePublished":"2022-02-10T11:00:15+00:00","description":"A consideraci\u00f3n de cal debe de ser a finalidade da arte non est\u00e1 pechada, nin \u00e9 algo que se poida obxectivar pois ao longo da historia existiron distintas interpretaci\u00f3ns e non houbo ning\u00fan acordo un\u00e1nime entre fil\u00f3sofos e historiadores para definir uns par\u00e1metros obxectivos entre os que se poida encadrar a finalidade das distintas creaci\u00f3ns art\u00edsticas","breadcrumb":{"@id":"https:\/\/www.anovapeneira.gal\/index.php\/2022\/02\/10\/sobre-a-finalidade-da-arte-as-tanxugueiras-a-espana-carpetovetonica-e-o-pais-galego\/#breadcrumb"},"inLanguage":"gl-ES","potentialAction":[{"@type":"ReadAction","target":["https:\/\/www.anovapeneira.gal\/index.php\/2022\/02\/10\/sobre-a-finalidade-da-arte-as-tanxugueiras-a-espana-carpetovetonica-e-o-pais-galego\/"]}]},{"@type":"ImageObject","inLanguage":"gl-ES","@id":"https:\/\/www.anovapeneira.gal\/index.php\/2022\/02\/10\/sobre-a-finalidade-da-arte-as-tanxugueiras-a-espana-carpetovetonica-e-o-pais-galego\/#primaryimage","url":"https:\/\/www.anovapeneira.gal\/wp-content\/uploads\/2022\/02\/tanxugueiras.jpg","contentUrl":"https:\/\/www.anovapeneira.gal\/wp-content\/uploads\/2022\/02\/tanxugueiras.jpg","width":720,"height":432,"caption":"Sobre a finalidade da arte, as Tanxugueiras, a Espa\u00f1a carpetovet\u00f3nica e o pa\u00eds galego"},{"@type":"BreadcrumbList","@id":"https:\/\/www.anovapeneira.gal\/index.php\/2022\/02\/10\/sobre-a-finalidade-da-arte-as-tanxugueiras-a-espana-carpetovetonica-e-o-pais-galego\/#breadcrumb","itemListElement":[{"@type":"ListItem","position":1,"name":"Portada","item":"https:\/\/www.anovapeneira.gal\/"},{"@type":"ListItem","position":2,"name":"Sobre a finalidade da arte, as Tanxugueiras, a Espa\u00f1a carpetovet\u00f3nica e o pa\u00eds galego"}]},{"@type":"WebSite","@id":"https:\/\/www.anovapeneira.gal\/#website","url":"https:\/\/www.anovapeneira.gal\/","name":"","description":"Xornal galego de informaci\u00f3n xeral Publicaci\u00f3n mensual de novas de Galicia e en especial dos Concellos da sur da provincia de Pontevedra.","publisher":{"@id":"https:\/\/www.anovapeneira.gal\/#organization"},"potentialAction":[{"@type":"SearchAction","target":{"@type":"EntryPoint","urlTemplate":"https:\/\/www.anovapeneira.gal\/?s={search_term_string}"},"query-input":{"@type":"PropertyValueSpecification","valueRequired":true,"valueName":"search_term_string"}}],"inLanguage":"gl-ES"},{"@type":"Organization","@id":"https:\/\/www.anovapeneira.gal\/#organization","name":"A Nova Peneira","url":"https:\/\/www.anovapeneira.gal\/","logo":{"@type":"ImageObject","inLanguage":"gl-ES","@id":"https:\/\/www.anovapeneira.gal\/#\/schema\/logo\/image\/","url":"http:\/\/www.anovapeneira.gal\/wp-content\/uploads\/2019\/06\/logo_a_nova_peneira_portal_web.png","contentUrl":"http:\/\/www.anovapeneira.gal\/wp-content\/uploads\/2019\/06\/logo_a_nova_peneira_portal_web.png","width":300,"height":100,"caption":"A Nova Peneira"},"image":{"@id":"https:\/\/www.anovapeneira.gal\/#\/schema\/logo\/image\/"},"sameAs":["https:\/\/www.facebook.com\/anovapeneira","https:\/\/x.com\/APeneira"]},{"@type":"Person","@id":"https:\/\/www.anovapeneira.gal\/#\/schema\/person\/424dfe65e3070fd8a44d22d2c088762a","name":"Tino Lago","image":{"@type":"ImageObject","inLanguage":"gl-ES","@id":"https:\/\/secure.gravatar.com\/avatar\/b3df6a06e44bab3111583b90f0f33a0379ee5e3d22cbadd232d39f21c30c62be?s=96&d=mm&r=g","url":"https:\/\/secure.gravatar.com\/avatar\/b3df6a06e44bab3111583b90f0f33a0379ee5e3d22cbadd232d39f21c30c62be?s=96&d=mm&r=g","contentUrl":"https:\/\/secure.gravatar.com\/avatar\/b3df6a06e44bab3111583b90f0f33a0379ee5e3d22cbadd232d39f21c30c62be?s=96&d=mm&r=g","caption":"Tino Lago"},"sameAs":["http:\/\/www.anovapeneira.gal"],"url":"https:\/\/www.anovapeneira.gal\/index.php\/author\/director\/"}]}},"jetpack_featured_media_url":"https:\/\/www.anovapeneira.gal\/wp-content\/uploads\/2022\/02\/tanxugueiras.jpg","_links":{"self":[{"href":"https:\/\/www.anovapeneira.gal\/index.php\/wp-json\/wp\/v2\/posts\/6907","targetHints":{"allow":["GET"]}}],"collection":[{"href":"https:\/\/www.anovapeneira.gal\/index.php\/wp-json\/wp\/v2\/posts"}],"about":[{"href":"https:\/\/www.anovapeneira.gal\/index.php\/wp-json\/wp\/v2\/types\/post"}],"author":[{"embeddable":true,"href":"https:\/\/www.anovapeneira.gal\/index.php\/wp-json\/wp\/v2\/users\/2"}],"replies":[{"embeddable":true,"href":"https:\/\/www.anovapeneira.gal\/index.php\/wp-json\/wp\/v2\/comments?post=6907"}],"version-history":[{"count":1,"href":"https:\/\/www.anovapeneira.gal\/index.php\/wp-json\/wp\/v2\/posts\/6907\/revisions"}],"predecessor-version":[{"id":6909,"href":"https:\/\/www.anovapeneira.gal\/index.php\/wp-json\/wp\/v2\/posts\/6907\/revisions\/6909"}],"wp:featuredmedia":[{"embeddable":true,"href":"https:\/\/www.anovapeneira.gal\/index.php\/wp-json\/wp\/v2\/media\/6908"}],"wp:attachment":[{"href":"https:\/\/www.anovapeneira.gal\/index.php\/wp-json\/wp\/v2\/media?parent=6907"}],"wp:term":[{"taxonomy":"category","embeddable":true,"href":"https:\/\/www.anovapeneira.gal\/index.php\/wp-json\/wp\/v2\/categories?post=6907"},{"taxonomy":"post_tag","embeddable":true,"href":"https:\/\/www.anovapeneira.gal\/index.php\/wp-json\/wp\/v2\/tags?post=6907"}],"curies":[{"name":"wp","href":"https:\/\/api.w.org\/{rel}","templated":true}]}}