{"id":6912,"date":"2022-02-11T12:00:24","date_gmt":"2022-02-11T11:00:24","guid":{"rendered":"https:\/\/www.anovapeneira.gal\/?p=6912"},"modified":"2022-02-15T12:52:59","modified_gmt":"2022-02-15T11:52:59","slug":"especial-eolicos","status":"publish","type":"post","link":"https:\/\/www.anovapeneira.gal\/index.php\/2022\/02\/11\/especial-eolicos\/","title":{"rendered":"Especial E\u00f3licos"},"content":{"rendered":"\n<h2 class=\"has-text-align-center wp-block-heading\">\u201c <strong>A Galicia do PP. A Galicia de Feij\u00f3o\u201d<\/strong><\/h2>\n\n\n\n<pre class=\"wp-block-verse\">G.Figueiredo e Tino Lago<\/pre>\n\n\n\n<h2 class=\"has-text-align-center wp-block-heading\">\u201cGalicia, Galicia Galicia\u201d<\/h2>\n\n\n\n<p class=\"has-text-align-center\">Era o lema dos populares nas \u00faltimas elecci\u00f3ns auton\u00f3micas. \u00c9 unha m\u00e1goa que se lles esquecera parte da realidade \u00e1 hora de formulalo, pois se en verdade quixeran reflectir as s\u00faas intenci\u00f3ns pol\u00edticas, ao respecto do noso pa\u00eds, resultar\u00eda m\u00e1is adecuado algo parecido a<\/p>\n\n\n\n<h2 class=\"has-text-align-center wp-block-heading\">\u201c Galicia inzada de e\u00f3licos\u201d<\/h2>\n\n\n\n<p class=\"has-text-align-center\">As\u00ed, tal como podemos ver na imaxe da Rede Galega Stop E\u00f3licos, \u00e9 como quedar\u00eda Galicia se a v\u00eda da presi\u00f3n social, e en \u00faltima instancia t\u00e9mome que a xudicializaci\u00f3n do asunto, non conseguen parar este disparate que supor\u00eda a fin de Galicia tal cal a co\u00f1ecemos. E todo para que ?, pois para fornecer de enerx\u00eda a outras zonas do estado, e para enriquecer aos consellos de administraci\u00f3n das grandes compa\u00f1\u00edas as que o goberno galego lle quere permitir arrasar os nosos recursos no seu beneficio. En Galicia xa hai parques e\u00f3licos, non na dimensi\u00f3n demencial dos proxectados , e, ao contrario do que di a propaganda, a observaci\u00f3n emp\u00edrica do seu resultado o que amosa \u00e9:<\/p>\n\n\n\n<p>-Non fixan poboaci\u00f3n no rural. Todo o contrario<\/p>\n\n\n\n<p>-Non sup\u00f3n ningunha diminuci\u00f3n de custe no recibo da electricidade. Todo o contrario<\/p>\n\n\n\n<p>-Os supostos beneficios econ\u00f3micos para as comunidades afectadas son \u00ednfimos en comparaci\u00f3n coa invasi\u00f3n dos seus recursos, e as molestias ocasionadas coa convivencia con ese tipo de estruturas xigantescas<\/p>\n\n\n\n<p>Na imaxe que ilustra esta reportaxe podemos ver a Galicia inzada de proxectos de parques e\u00f3licos. Os puntos de cor amarela son parques Xunta con detalle de situaci\u00f3n segundo datos do Rexistro E\u00f3lico de Galicia 2.020.E os puntos de cor vermella so parques MITECO( estatais) con localizaci\u00f3n aproximada. A\u00ednda hai parques MITECO que non aparecen neste mapa co que aquel axioma de que todo pode ir a peor, sempre poder\u00eda ser unha realidade. N\u00f3s falamos con distintas persoas que como o doutor Xavier Sim\u00f3n poden ilustrarnos sobre o estado das cousas e que loitan nas s\u00faas comarcas para evitaren esta pandemia e\u00f3lica. Vela\u00ed van as entrevistas co propio Xavier Sim\u00f3n, Andr\u00e9s D\u00edaz alcalde de Ponte Caldelas, Ernesto Filgueira da terra de Montes, Sara Montenegro do Morrazo, Melisa Ter\u00e1n das terras de Redondela, \u00d3scar Gonz\u00e1lez do Condado Paradanta e Bruno Centelles do Val Mi\u00f1or.<\/p>\n\n\n\n<hr class=\"wp-block-separator has-text-color has-background has-pale-cyan-blue-background-color has-pale-cyan-blue-color\"\/>\n\n\n\n<h2 class=\"wp-block-heading\"><strong>Xavier Sim\u00f3n director do Observatorio \u00c9\u00f3lico de Galicia<\/strong><\/h2>\n\n\n\n<figure class=\"wp-block-image size-full\"><img loading=\"lazy\" decoding=\"async\" width=\"720\" height=\"432\" src=\"https:\/\/www.anovapeneira.gal\/wp-content\/uploads\/2022\/02\/xavier_simon-1.jpg\" alt=\"\" class=\"wp-image-6933\" srcset=\"https:\/\/www.anovapeneira.gal\/wp-content\/uploads\/2022\/02\/xavier_simon-1.jpg 720w, https:\/\/www.anovapeneira.gal\/wp-content\/uploads\/2022\/02\/xavier_simon-1-300x180.jpg 300w\" sizes=\"auto, (max-width: 720px) 100vw, 720px\" \/><\/figure>\n\n\n\n<h3 class=\"has-text-align-center wp-block-heading\">\u201c<strong>A presi\u00f3n social \u00e9 fundamental para reclamar cordura no desenvolvemento do sector e\u00f3lico\u201d<\/strong><\/h3>\n\n\n\n<p><strong>Ti es director do observatorio e\u00f3lico de Galicia. Para quen non o co\u00f1eza, que \u00e9 o OEGA?<\/strong><\/p>\n\n\n\n<blockquote class=\"wp-block-quote is-layout-flow wp-block-quote-is-layout-flow\"><p>\u00c9 unha entidade que resulta do acordo entre a fundaci\u00f3n Juana de Vega, a fundaci\u00f3n Isla Couto e m\u00e1is a Universidade de Vigo. Nace no ano 2.019 para realizar actividades de asesoramento \u00e1s partes que configuran o negocio e\u00f3lico, fundamentalmente \u00e1s comunidades rurais. Asemade tam\u00e9n desenvolvemos unha actividade divulgativa sobre a enerx\u00eda e\u00f3lica e os seus impactos<\/p><\/blockquote>\n\n\n\n<p><strong>Os primeiros parques e\u00f3licos chegan a Galicia na d\u00e9cada dos 90 do pasado s\u00e9culo. Polo tanto xa temos base para podermos analizar a incidencia que eses parques ocasionan nas comunidades nas que se atopan. Cal \u00e9 esa incidencia?<\/strong><\/p>\n\n\n\n<blockquote class=\"wp-block-quote is-layout-flow wp-block-quote-is-layout-flow\"><p>O OEGA nace no ano 2.019 pero n\u00f3s xa levamos moitos anos traballando arredor do campo dos e\u00f3licos. En Galicia hai unha presenza de produci\u00f3n desa enerx\u00eda, superior \u00e1 media espa\u00f1ola. Pero isto que poder\u00eda ser bo, desde o punto de vista do cambio clim\u00e1tico, non permitiu crear unha estrutura industrial propia nas comarcas afectadas. Na fase inicial os investimentos si estaban asociados a planes industriais. E nesa fase si se creou un tecido produtivo<\/p><\/blockquote>\n\n\n\n<p><strong>Que sigue existindo?<\/strong><\/p>\n\n\n\n<blockquote class=\"wp-block-quote is-layout-flow wp-block-quote-is-layout-flow\"><p>Non, naceu se desnvolveu e morreu<\/p><\/blockquote>\n\n\n\n<p><strong>E por que morre?<\/strong><\/p>\n\n\n\n<blockquote class=\"wp-block-quote is-layout-flow wp-block-quote-is-layout-flow\"><p>Porque muda o modelo de dese\u00f1o. O modelo actual \u00e9 moi diferente. O goberno galego liberalizou totalmente o sector. E o desenvolvemento e\u00f3lico \u00e9 unha carreira para ver quen chega primeiro a instalar mu\u00ed\u00f1os nun monte no que non hai, con independencia de que existise, ou non, un plan industrial asociado. A modo de exemplo podemos citar o concello de As Somozas, un lugar de arredor de 1.200 habitantes que chegou a ter unha empresa que empregaba a 600 persoas<\/p><\/blockquote>\n\n\n\n<p><strong>Supo\u00f1o que che refires a Gamesa?<\/strong><\/p>\n\n\n\n<blockquote class=\"wp-block-quote is-layout-flow wp-block-quote-is-layout-flow\"><p>Si<\/p><\/blockquote>\n\n\n\n<p><strong>Como \u00e9 posible que unha empresa que fabrica compo\u00f1entes para aeroxeradores, nunha \u00e9poca de auxe explosivo do sector, peche?<\/strong><\/p>\n\n\n\n<blockquote class=\"wp-block-quote is-layout-flow wp-block-quote-is-layout-flow\"><p>\u00c9 polo cambio de modelo. O anterior, como che dixen, esix\u00eda que as empresas interesadas en facer parques e\u00f3licos fixesen investimentos industriais. O modelo do goberno galego actual non est\u00e1 vinculado a ning\u00fan tipo de investimento industrial<\/p><\/blockquote>\n\n\n\n<p><strong>A cantidade de parques proxectado \u00e9 inmensa. \u00c9 viable fisicamente que todo iso poida chegar a ser realidade?<\/strong><\/p>\n\n\n\n<blockquote class=\"wp-block-quote is-layout-flow wp-block-quote-is-layout-flow\"><p>Todo parece indicar que si. Se hai capacidade de evacuaci\u00f3n da enerx\u00eda producida \u00e1 rede el\u00e9ctrica , si que \u00e9 viable<\/p><\/blockquote>\n\n\n\n<p><strong>Os defensores do modelo e\u00f3lico esgrimen os seguintes argumentos:1) fixan poboaci\u00f3n no rural.2) abaratan o custe da electricidade.3) benefician economicamente \u00e1s comunidades nas que se encontran. Danos a t\u00faa opini\u00f3n ao respecto destas tres consideraci\u00f3ns?<\/strong><\/p>\n\n\n\n<blockquote class=\"wp-block-quote is-layout-flow wp-block-quote-is-layout-flow\"><p>A produci\u00f3n el\u00e9ctrica a trav\u00e9s dos parques e\u00f3licos si \u00e9 a forma m\u00e1is barata de producir electricidade. O que acontece \u00e9 que o sistema de fixaci\u00f3n de prezos da electricidade non permite que esa electricidade chegue barata aos consumidores. Polo tanto de que vale producir electricidade barata se a poboaci\u00f3n non se beneficia, e estamos a pagala a uns prezos elevad\u00edsimos?..Que implica por outra parte esta situaci\u00f3n?, pois que hai quen se est\u00e1 a enriquecer porque vende un produto barato a un prezo moi alto.<\/p><\/blockquote>\n\n\n\n<blockquote class=\"wp-block-quote is-layout-flow wp-block-quote-is-layout-flow\"><p>No que se refire \u00e1 fixaci\u00f3n de poboaci\u00f3n os nosos traballos non encontran a relaci\u00f3n entre a instalaci\u00f3n de aeroxeradores e unha tendencia poboacional ascendente .As\u00ed a modo de exemplo podo citarche o concello de Muras , que ten 264 Mw, instalados e a s\u00faa din\u00e1mica poboacional \u00e9 absolutamente decrecente.<\/p><\/blockquote>\n\n\n\n<blockquote class=\"wp-block-quote is-layout-flow wp-block-quote-is-layout-flow\"><p>E por \u00faltimo no que respecta ao suposto beneficio para as comunidades nas que se sit\u00faan os mu\u00ed\u00f1os , se se pode observar alg\u00fan efecto no que atinxe \u00e1 creaci\u00f3n de emprego, s\u00f3 se d\u00e1 na fase inicial, a da construci\u00f3n dos mu\u00ed\u00f1os. Os propietarios das terras onde se sit\u00faan os parques e\u00f3licos , se non son expropiados, reciben unha renda si. Pero \u00e9 reducida. Est\u00e1 en torno ao 1,5-2,5 % da facturaci\u00f3n do parque. Non hai ning\u00fan efecto significativo na mellora da calidade de vida das veci\u00f1as e dos veci\u00f1os<\/p><\/blockquote>\n\n\n\n<p><strong>Para a construci\u00f3n destes xigantescos mu\u00ed\u00f1os requ\u00edrese inxentes cantidades de cobre , que necesitan as s\u00faas bobinas. Poderiamos estar ante unha produci\u00f3n de enerx\u00eda supostamente ecol\u00f3xica a costa de facermos desfeitas mineiras noutras zonas do mundo?<\/strong><\/p>\n\n\n\n<blockquote class=\"wp-block-quote is-layout-flow wp-block-quote-is-layout-flow\"><p>\u00c9 que o obxectivo non debe de ser a simple substituci\u00f3n dunhas fontes de produci\u00f3n de electricidade por outras. C\u00f3mpre repensar o sistema enerx\u00e9tico e o sistema econ\u00f3mico no que se insire ese sistema enerx\u00e9tico. Por outra parte o crecemento indefinido de produci\u00f3n e consumo, incluso de enerx\u00eda renovable, non \u00e9 viable, pois a econom\u00eda sempre ten uns l\u00edmites ; o noso planeta.<\/p><\/blockquote>\n\n\n\n<p><strong>O que determina a lei \u00e9 que os parques de menos de 50MW deben de ser tramitados coa Xunta, mentres que os superiores deben de ser tramitados co estado. A lexislaci\u00f3n auton\u00f3mica galega, neste campo, \u00e9 m\u00e1is permisiva c\u00e1 estatal. Hai parques que se fragmentan, simulando ser parque m\u00e1is pequenos, para poder acollerse \u00e1 lexislaci\u00f3n auton\u00f3mica?<\/strong><\/p>\n\n\n\n<blockquote class=\"wp-block-quote is-layout-flow wp-block-quote-is-layout-flow\"><p>Hai indicios de que \u00e9 as\u00ed. \u00c1 veces o mesmo promotor con distinta raz\u00f3n social promove parques e\u00f3licos moi pr\u00f3ximos que non superan os 50 Mw. Non te\u00f1o probas, pero hai indicios que parecen indicalo. Na Groba ou no Su\u00eddo hai exemplos que parecen indicar esa estratexia.<\/p><\/blockquote>\n\n\n\n<p><strong>Que vida \u00fatil pode ter un mu\u00ed\u00f1o?<\/strong><\/p>\n\n\n\n<blockquote class=\"wp-block-quote is-layout-flow wp-block-quote-is-layout-flow\"><p>F\u00e1lase de que arredor de 20 anos<\/p><\/blockquote>\n\n\n\n<p><strong>Os mu\u00ed\u00f1os obsoletos rec\u00edclanse?<\/strong><\/p>\n\n\n\n<blockquote class=\"wp-block-quote is-layout-flow wp-block-quote-is-layout-flow\"><p>Na repotenciaci\u00f3n de parques reutil\u00edzase todo ag\u00e1s as pas.<\/p><\/blockquote>\n\n\n\n<p><strong>Que se fai coas pas cando morre o mu\u00ed\u00f1o?<\/strong><\/p>\n\n\n\n<blockquote class=\"wp-block-quote is-layout-flow wp-block-quote-is-layout-flow\"><p>Non o sabemos moi ben.<\/p><\/blockquote>\n\n\n\n<p><strong>Os mu\u00ed\u00f1os existentes non son, nin de lonxe, das dimensi\u00f3ns dos mu\u00ed\u00f1os de 200 metros que pretenden instalar. As estruturas de formig\u00f3n, que son as s\u00faas bases, servir\u00edan para os novos aeroxeradores?<\/strong><\/p>\n\n\n\n<blockquote class=\"wp-block-quote is-layout-flow wp-block-quote-is-layout-flow\"><p>Non<\/p><\/blockquote>\n\n\n\n<p><strong>\u00c9 dicir, haber\u00eda que facer de novo a obra completa?<\/strong><\/p>\n\n\n\n<blockquote class=\"wp-block-quote is-layout-flow wp-block-quote-is-layout-flow\"><p>Si. Non \u00e9 o mesmo aguantar unha estrutura de 200 metros que unha de 40. Haber\u00eda que facer bases novas claro.<\/p><\/blockquote>\n\n\n\n<p><strong>As v\u00edas que existen para chegar aos parques actuais son suficientes para meter estruturas de 200 metros?<\/strong><\/p>\n\n\n\n<blockquote class=\"wp-block-quote is-layout-flow wp-block-quote-is-layout-flow\"><p>Depende do radio de curvatura que te\u00f1an, pero en xeral non.<\/p><\/blockquote>\n\n\n\n<p><strong>Iso implica que en moitos sitios haber\u00eda que constru\u00edr pistas novas, o que supor\u00e1 un impacto engadido ao propio impacto da construci\u00f3n do parque?<\/strong><\/p>\n\n\n\n<blockquote class=\"wp-block-quote is-layout-flow wp-block-quote-is-layout-flow\"><p>Si, claro. Non s\u00f3 \u00e9 a construci\u00f3n do parque sen\u00f3n tam\u00e9n un mont\u00f3n de infraestruturas asociadas que igualmente afectan ao entorno<\/p><\/blockquote>\n\n\n\n<p><strong>Os 500 metros de distancia, que indica a lei, que debe haber entre os mu\u00ed\u00f1os e as casas son suficientes para evitar as molestias ac\u00fasticas \u00e1 veci\u00f1anza?<\/strong><\/p>\n\n\n\n<blockquote class=\"wp-block-quote is-layout-flow wp-block-quote-is-layout-flow\"><p>Nunca fixe unha medici\u00f3n ac\u00fastica do nivel de ru\u00eddo. Pero considero m\u00e1is adecuado o criterio, que existe noutros sitios que leva a calcular a distancia adecuada en funci\u00f3n da altura e da \u00e1rea de varrido.<\/p><\/blockquote>\n\n\n\n<p><strong>Como valoras a sentenza que anula a repotenciaci\u00f3n do parque de Corme porque considera que o procedemento que d\u00e1 s\u00f3 15 d\u00edas para presentar alegaci\u00f3ns non est\u00e1 suxeito a dereito?<\/strong><\/p>\n\n\n\n<blockquote class=\"wp-block-quote is-layout-flow wp-block-quote-is-layout-flow\"><p>N\u00f3s, no observatorio, sempre defendemos que \u00e9 necesaria unha modificaci\u00f3n significativa do modelo e\u00f3lico vixente. En varias direcci\u00f3ns. C\u00f3mpre a actualizaci\u00f3n do plan sectorial e\u00f3lico de Galicia e a s\u00faa avaliaci\u00f3n estrat\u00e9xica. Por outra parte tam\u00e9n defendemos que o goberno galego non debera aproveitar as leis de acompa\u00f1amento dos orzamentos para facer modificaci\u00f3ns substanciais de leis org\u00e1nicas como \u00e9 a lei de aproveitamento da enerx\u00eda e\u00f3lica.<\/p><\/blockquote>\n\n\n\n<blockquote class=\"wp-block-quote is-layout-flow wp-block-quote-is-layout-flow\"><p>E moito menos debera liberalizar tanto o sector que permita liquidar procedementos nun per\u00edodo tan curto como 15 d\u00edas. Esa sentenza en parte ven dar raz\u00f3n ao que o observatorio, e outros actores, vi\u00f1amos dicindo. O modelo e\u00f3lico ten que mudar para dar participaci\u00f3n \u00e1s comunidades.<\/p><\/blockquote>\n\n\n\n<p><strong>A presi\u00f3n social pode parar a masiva instalaci\u00f3n de parques ?<\/strong><\/p>\n\n\n\n<blockquote class=\"wp-block-quote is-layout-flow wp-block-quote-is-layout-flow\"><p>A presi\u00f3n social \u00e9 fundamental para reclamar cordura no desenvolvemento do sector<\/p><\/blockquote>\n\n\n\n<hr class=\"wp-block-separator has-text-color has-background has-pale-cyan-blue-background-color has-pale-cyan-blue-color\"\/>\n\n\n\n<h2 class=\"wp-block-heading\"><strong>Andr\u00e9s D\u00edaz Alcalde de Ponte Caldelas<\/strong><\/h2>\n\n\n\n<figure class=\"wp-block-image size-full\"><img loading=\"lazy\" decoding=\"async\" width=\"720\" height=\"432\" src=\"https:\/\/www.anovapeneira.gal\/wp-content\/uploads\/2022\/02\/Andres-alcalde-Ponte-Caldelas.jpg\" alt=\"\" class=\"wp-image-6940\" srcset=\"https:\/\/www.anovapeneira.gal\/wp-content\/uploads\/2022\/02\/Andres-alcalde-Ponte-Caldelas.jpg 720w, https:\/\/www.anovapeneira.gal\/wp-content\/uploads\/2022\/02\/Andres-alcalde-Ponte-Caldelas-300x180.jpg 300w\" sizes=\"auto, (max-width: 720px) 100vw, 720px\" \/><\/figure>\n\n\n\n<h3 class=\"has-text-align-center wp-block-heading\">\u201c<strong>A reduci\u00f3n da dependencia das enerx\u00edas contaminantes non pode ser a costa de arrasar o noso territorio para enriquecer \u00e1s empresas\u201d<\/strong><\/h3>\n\n\n\n<p><strong>Cantos mu\u00ed\u00f1os e de que dimensi\u00f3ns proxecta instalar a Xunta en Ponte Caldelas?<\/strong><\/p>\n\n\n\n<blockquote class=\"wp-block-quote is-layout-flow wp-block-quote-is-layout-flow\"><p>Aqu\u00ed queren montar un parque e\u00f3lico, pero o maior problema para o noso concello son os catorce parques e\u00f3licos que queren montar no concello de Cerdedo-Cotobade pois as li\u00f1as de evacuaci\u00f3n da meirande parte deles son por Ponte Caldelas.<\/p><\/blockquote>\n\n\n\n<p><strong>Foi o concello informado de maneira suficiente das s\u00faas intenci\u00f3ns?<\/strong><\/p>\n\n\n\n<blockquote class=\"wp-block-quote is-layout-flow wp-block-quote-is-layout-flow\"><p>N\u00f3s tanto polas li\u00f1as de evacuaci\u00f3n como polo parque de Ponte Caldelas e os de Cerdedo- Cotobade soub\u00e9molo a trav\u00e9s da xente. As empresas est\u00e1n falando cos propietarios das fincas afectadas dunha maneira moi agresiva ofrec\u00e9ndolles di\u00f1eiro.<\/p><\/blockquote>\n\n\n\n<blockquote class=\"wp-block-quote is-layout-flow wp-block-quote-is-layout-flow\"><p>A \u00fanica informaci\u00f3n que tivemos da Xunta de Galicia foi polo parque e\u00f3lico dos Cotos que en plenas vacaci\u00f3ns de nadal decl\u00e1rano de intereses estrat\u00e9xico para Galicia, con quince d\u00edas para presentar alegaci\u00f3ns. Derivado disto houbo unha manifestaci\u00f3n de protesta dos veci\u00f1os bastante importante e a Xunta ent\u00f3n di que hai erros. Non aclaran cales son e en vez de desestimar o proxecto danlle unha nova oportunidade. Agora tam\u00e9n tivemos unha notificaci\u00f3n das li\u00f1as de evacuaci\u00f3n. A xunta fixo de todo isto unha tramitaci\u00f3n moi chapuceira da cal emitimos unha queixa \u00e1 Conseller\u00eda, ao Valedor do Pobo e ao Defensor do Pobo. En funci\u00f3n do que nos digan desta tramitaci\u00f3n intentaremos botala abaixo por todos os medio posibles.<\/p><\/blockquote>\n\n\n\n<p><strong>D\u00e9ronvos tempo a presenta as alegaci\u00f3ns necesarias?<\/strong><\/p>\n\n\n\n<blockquote class=\"wp-block-quote is-layout-flow wp-block-quote-is-layout-flow\"><p>D\u00e9ronos quince d\u00edas. A maneira de presentar o proxecto foi de forma maliciosa por parte da Xunta para que se decatara a menos xente posible e con moi pouca marxe de manobra para que se presenten as menos alegaci\u00f3ns posibles.<\/p><\/blockquote>\n\n\n\n<p><strong>Ti manifestaches unha posici\u00f3n claramente contraria \u00e1s intenci\u00f3ns da xunta de inzar os vosos montes de mu\u00ed\u00f1os, xustifica a t\u00faa postura ante as veci\u00f1as e veci\u00f1os de Ponte Caldelas que lean esta entrevista?<\/strong><\/p>\n\n\n\n<blockquote class=\"wp-block-quote is-layout-flow wp-block-quote-is-layout-flow\"><p>As enerx\u00edas renovables son o futuro pero isto temos que facelo con cabeza e con sentido. Se o que se trata e de reducir emisi\u00f3ns temos que optar polo autoconsumo. Estes proxectos que son financiados pola Uni\u00f3n Europea, \u00e9 dicir, polos impostos de todos, te\u00f1en que favorecer \u00e1 xente, aos concellos, para que os veci\u00f1os destes vexan reducido o seu recibo el\u00e9ctrico. Parece que aproveitando todo isto estamos apostando polas enerx\u00edas renovables para que as empresas que van a montar os e\u00f3licos se enriquezan. A idea est\u00e1 moi ben pero o concepto est\u00e1 equivocado tanto por parte da Xunta, coas lexislaci\u00f3n que est\u00e1n desenvolvendo para po\u00f1erlle unha alfombra vermella a estas empresas, como tam\u00e9n por parte do Estado e da Uni\u00f3n Europea. Temos que ter menos dependencia enerx\u00e9tica de enerx\u00edas contaminantes pero isto non ten que ser a costa de arrasar territorios e de enriquecerse estas empresas.<\/p><\/blockquote>\n\n\n\n<p><strong>Ata onde vai chegar o alcalde de Ponte Caldelas na defensa dos intereses dos seus veci\u00f1os e veci\u00f1as?<\/strong><\/p>\n\n\n\n<blockquote class=\"wp-block-quote is-layout-flow wp-block-quote-is-layout-flow\"><p>Declarar este tipo de parques e de infraestruturas de interese estrat\u00e9xico para Galicia, isto non \u00e9 as\u00ed. Imos xudicializar, demandar en primeira estancia e estamos dispostos a chegar \u00e1 Uni\u00f3n Europea se fai falta. As empresas e a Xunta saben que con Ponte Caldelas van ter un conflito moi grande.<\/p><\/blockquote>\n\n\n\n<hr class=\"wp-block-separator has-text-color has-background has-pale-cyan-blue-background-color has-pale-cyan-blue-color is-style-wide\"\/>\n\n\n\n<h2 class=\"wp-block-heading\"><strong>Ernesto Filgueira presidente da comunidade de montes de Viasc\u00f3n e concelleiro do BNG en Cerdedo -Cotobade<\/strong><\/h2>\n\n\n\n<figure class=\"wp-block-image size-full\"><img loading=\"lazy\" decoding=\"async\" width=\"720\" height=\"432\" src=\"https:\/\/www.anovapeneira.gal\/wp-content\/uploads\/2022\/02\/Ernesto-Filguera.jpg\" alt=\"\" class=\"wp-image-6959\" srcset=\"https:\/\/www.anovapeneira.gal\/wp-content\/uploads\/2022\/02\/Ernesto-Filguera.jpg 720w, https:\/\/www.anovapeneira.gal\/wp-content\/uploads\/2022\/02\/Ernesto-Filguera-300x180.jpg 300w\" sizes=\"auto, (max-width: 720px) 100vw, 720px\" \/><\/figure>\n\n\n\n<h3 class=\"has-text-align-center wp-block-heading\">\u201c<strong>Uns monstros de m\u00e1is de 200 metros de altura ameazan con invadir as nosas vidas. Non pode ser\u00a1\u00a1\u201d<\/strong><\/h3>\n\n\n\n<p><strong>Cantos Mu\u00ed\u00f1os, e de que dimensi\u00f3ns, ten previsto instalar a Xunta na Terra de Montes?<\/strong><\/p>\n\n\n\n<blockquote class=\"wp-block-quote is-layout-flow wp-block-quote-is-layout-flow\"><p>No concello de Cerdedo-Cotobade hai proxectados catorce parques e\u00f3licos. Dous son promovidos polo Estado, e sobre os que a Xunta alegou negativamente. E os outros doce figuran no plan e\u00f3lico da Xunta de Galicia. Nestes \u00faltimos tempos a Xunta foi mudando as leis para adaptalas \u00e1s necesidades das empresas, poder aumentar o tama\u00f1o dos mu\u00ed\u00f1os e favorecerlles esta especulaci\u00f3n. Agora queren metelos a 500 metros das casas e cunhas dimensi\u00f3ns de algo m\u00e1is de 200 metros de altura, isto \u00e9 inviable. A invasi\u00f3n destes monstros no noso territorio non pode ser. N\u00f3s creemos nas enerx\u00edas verdes pero ped\u00edmoslle \u00e1 Xunta que paralice estes parques e busquen outras alternativas non tan depredadoras.<\/p><\/blockquote>\n\n\n\n<p><strong>Todos os concellos da comarca estar\u00edan afectados?<\/strong><\/p>\n\n\n\n<blockquote class=\"wp-block-quote is-layout-flow wp-block-quote-is-layout-flow\"><p>Cerdedo- Cotobade, Forcarei, A estrada, Beariz, A lama e Ponte Caldelas.<\/p><\/blockquote>\n\n\n\n<p><strong>Cal \u00e9 a posici\u00f3n do BNG ao respecto e por que<\/strong><em><strong>?<\/strong><\/em><\/p>\n\n\n\n<blockquote class=\"wp-block-quote is-layout-flow wp-block-quote-is-layout-flow\"><p>Tanto eu persoalmente con o BNG como partido estamos totalmente en contra desta invasi\u00f3n de mu\u00ed\u00f1os nos montes de toda Galiza. Levamos un ano informando \u00e1 xente porque a transparencia \u00e9 moi, moi escasa. Sacaron en plenas vacaci\u00f3ns de nadal, no contexto dunha pandemia, o proxecto \u00e1 exposici\u00f3n p\u00fablica con s\u00f3 quince d\u00edas para facer alegaci\u00f3ns. Queren que os veci\u00f1os afectados non nos decatemos do que est\u00e1n facendo sen deixarnos marxe para buscar informaci\u00f3n e facer alegaci\u00f3ns.<\/p><\/blockquote>\n\n\n\n<p><strong>As\u00ed como o alcalde de Ponte Caldelas ten unha posici\u00f3n moi clara en contra da instalaci\u00f3n de e\u00f3licos no seu concello, a postura do voso alcalde semella un tanto m\u00e1is ambigua. En realidade cal pensas que \u00e9 a s\u00faa posici\u00f3n real?<\/strong><\/p>\n\n\n\n<blockquote class=\"wp-block-quote is-layout-flow wp-block-quote-is-layout-flow\"><p>Pois est\u00e1 nin aqu\u00ed nin al\u00ed, sit\u00faase en contra dos e\u00f3licos pero non acudiu \u00e1 manifestaci\u00f3n do pasado s\u00e1bado en Pontevedra porque \u00eda en contra da Xunta. E \u00e9 a Xunta quen manda o 99% destes proxectos. Por unha banda tira a mensaxe de que est\u00e1 cos veci\u00f1os pero logo por outra, non se sit\u00faa en contra do seu partido.<\/p><\/blockquote>\n\n\n\n<p><strong>Cales ser\u00edan as consecuencias para A Terra de Montes se o proxecto da Xunta se concretase tal cal o te\u00f1en pensado?<\/strong><\/p>\n\n\n\n<blockquote class=\"wp-block-quote is-layout-flow wp-block-quote-is-layout-flow\"><p>Quedar\u00eda afectado o valor paisax\u00edstico e medioambiental da zona. Afectar\u00eda \u00e1s augas dos veci\u00f1os e veci\u00f1as, ao ru\u00eddo. Queren facer como un macro pol\u00edgono industrial nos nosos montes e realizar o que lles d\u00e1 a gana neles. Non van favorecer ao territorio onde os queren implantar nin \u00e1s comunidades. Os montes veci\u00f1ais est\u00e1n en perigo e temos que parar entre todos e todas este desprop\u00f3sito que s\u00f3 sirve para beneficiar os petos destas empresas.<\/p><\/blockquote>\n\n\n\n<hr class=\"wp-block-separator has-text-color has-background has-pale-cyan-blue-background-color has-pale-cyan-blue-color is-style-wide\"\/>\n\n\n\n<h2 class=\"wp-block-heading\"><strong>Melisa Ter\u00e1n presidenta da plataforma de defensa do sur da dorsal galega<\/strong><\/h2>\n\n\n\n<figure class=\"wp-block-image size-full\"><img loading=\"lazy\" decoding=\"async\" width=\"720\" height=\"432\" src=\"https:\/\/www.anovapeneira.gal\/wp-content\/uploads\/2022\/02\/surdadorsal.jpg\" alt=\"\" class=\"wp-image-6943\" srcset=\"https:\/\/www.anovapeneira.gal\/wp-content\/uploads\/2022\/02\/surdadorsal.jpg 720w, https:\/\/www.anovapeneira.gal\/wp-content\/uploads\/2022\/02\/surdadorsal-300x180.jpg 300w\" sizes=\"auto, (max-width: 720px) 100vw, 720px\" \/><\/figure>\n\n\n\n<h3 class=\"has-text-align-center wp-block-heading\">\u201c<strong>Queren converter a Galicia en montes industriais que manden a enerx\u00eda para Madrid\u201d<\/strong><\/h3>\n\n\n\n<p><strong>Cando e por que nace a plataforma?<\/strong><\/p>\n\n\n\n<blockquote class=\"wp-block-quote is-layout-flow wp-block-quote-is-layout-flow\"><p>A plataforma nace a principios do ano pasado como medio para a defensa do territorio, para atender a temas como as minas, por exemplo. Pero neste momento son os proxectos dos parques e\u00f3licos os que ocupan toda a nosa atenci\u00f3n.<\/p><\/blockquote>\n\n\n\n<p><strong>Cantos mu\u00ed\u00f1os e de que dimensi\u00f3ns ten proxectado instalar a Xunta na vosa comarca?<\/strong><\/p>\n\n\n\n<blockquote class=\"wp-block-quote is-layout-flow wp-block-quote-is-layout-flow\"><p>Sobre uns 200 mu\u00ed\u00f1os duns 200 metros de alto, unha barbaridade.<\/p><\/blockquote>\n\n\n\n<p><strong>As comunidades afectadas fostes informadas de maneira adecuada?<\/strong><\/p>\n\n\n\n<blockquote class=\"wp-block-quote is-layout-flow wp-block-quote-is-layout-flow\"><p>Non, a informaci\u00f3n da que dispo\u00f1emos \u00e9 toda a trav\u00e9s das comunidades de montes afectadas. Eu estou en Fornelos de Montes, na parroquia de A Laxe, as empresas contactan coas comunidades de montes e concretamente aqu\u00ed, a directiva da comunidade de montes de A Laxe non pasa esta informaci\u00f3n. Est\u00e1 todo moi opaco e con moito secretismo para deixarnos sen marxe de manobra para actuar. Logo por parte da Xunta de Galicia e do concello de aqu\u00ed de Fornelos non hai intenci\u00f3n ningunha de comunicar aos veci\u00f1os as intenci\u00f3ns destes proxectos. O contrario que o concello de Ponte Caldelas que desde al\u00ed si est\u00e1n facendo oposici\u00f3n a estes macro proxectos.<\/p><\/blockquote>\n\n\n\n<p><strong>D\u00e9ronvos o tempo necesario para presentar as alegaci\u00f3ns pertinentes?<\/strong><\/p>\n\n\n\n<blockquote class=\"wp-block-quote is-layout-flow wp-block-quote-is-layout-flow\"><p>Non, dan s\u00f3 quince d\u00edas para facer alegaci\u00f3n sobre documentos extensos que te\u00f1en m\u00e1is de cen p\u00e1xinas e pouco tempo de dixerilos.<\/p><\/blockquote>\n\n\n\n<p><strong>Que supor\u00eda para a vosa comarca que o proxecto da Xunta se concretase tal como eles o te\u00f1en dese\u00f1ado e cales ser\u00edan as consecuencias para o patrimonio das zonas afectadas?<\/strong><\/p>\n\n\n\n<blockquote class=\"wp-block-quote is-layout-flow wp-block-quote-is-layout-flow\"><p>Ser\u00eda aniquilar completamente o patrimonio que queda en Fornelos, unha boa parte xa esta afectada polos actuais parques e\u00f3licos e se montan estes que te\u00f1en proxectados as consecuencias ser\u00eda terribles. Xa hai varios informes desfavorables para varios parques e\u00f3licos. Aqu\u00ed temos a Serra do Su\u00eddo, temos un patrimonio arqueol\u00f3xico importante, fauna, turbeiras. A Xunta en lugar de protexer este territorio est\u00e1 facendo o contrario. A Serra do Su\u00eddo \u00eda entrar en zona protexida da Rede Natura e paralizou todo isto para darlle luz verde \u00e1 proxecci\u00f3n deste macro parques. A nosa sociedade estase adaptando ao progreso e claro que estamos a favor das enerx\u00edas renovables para loitar contra o cambio clim\u00e1tico, pero non a costa de arraxar co territorio. Queren converter a Galicia nuns montes industriais para mandar a enerx\u00eda para Madrid e de cami\u00f1o a Europa. A pol\u00edtica da Xunta \u00e9 facer un informe medioambiental por cada parque, declaralos micro parques e as\u00ed os informes non lles saen desfavorables, isto non pode ser, n\u00f3s como plataforma estamos pedindo un informe medioambiental de todos os parques da zona en xeral.<\/p><\/blockquote>\n\n\n\n<p><strong>Cal \u00e9 a sensibilidade maioritaria que percibides na poboaci\u00f3n das zonas afectadas?<\/strong><\/p>\n\n\n\n<blockquote class=\"wp-block-quote is-layout-flow wp-block-quote-is-layout-flow\"><p>Eu percibo que a maior\u00eda da poboaci\u00f3n est\u00e1 en contra destes parques e\u00f3licos, pero tam\u00e9n aprecio que hai moito pesimismo na xente que pensa que non hai nada que facer e que se non os colocan aqu\u00ed na zona de Fornelos vanos levar para os montes doutras comarca e os cartos quedaran para outros concellos. Aqu\u00ed est\u00e1 primando a econom\u00eda por enriba do benestar e do medio ambiente a longo prazo.<\/p><\/blockquote>\n\n\n\n<p><strong>Ata onde pensades chegar se a Xunta non atende a raz\u00f3ns e contin\u00faa coas s\u00faas intenci\u00f3ns ?<\/strong><\/p>\n\n\n\n<blockquote class=\"wp-block-quote is-layout-flow wp-block-quote-is-layout-flow\"><p>A coordinadora E\u00f3lica as\u00ed non!, da que formamos parque moitos colectivos de toda Galicia xa estamos falando de chegado o seu momento, xudicializar todos estes proxectos. Est\u00e1 en xogo o futuro dos montes de Galicia e chegaremos ata os tribunais europeos se fai falta.<\/p><\/blockquote>\n\n\n\n<hr class=\"wp-block-separator has-text-color has-background has-pale-cyan-blue-background-color has-pale-cyan-blue-color is-style-wide\"\/>\n\n\n\n<h2 class=\"wp-block-heading\"><strong>Sara Montenegro ,voceira da plataforma:\u201dE\u00f3licos no Morrazo Non\u201d<\/strong><\/h2>\n\n\n\n<figure class=\"wp-block-image size-full\"><img loading=\"lazy\" decoding=\"async\" width=\"720\" height=\"432\" src=\"https:\/\/www.anovapeneira.gal\/wp-content\/uploads\/2022\/02\/Sara-Montenegro.jpg\" alt=\"\" class=\"wp-image-6948\" srcset=\"https:\/\/www.anovapeneira.gal\/wp-content\/uploads\/2022\/02\/Sara-Montenegro.jpg 720w, https:\/\/www.anovapeneira.gal\/wp-content\/uploads\/2022\/02\/Sara-Montenegro-300x180.jpg 300w\" sizes=\"auto, (max-width: 720px) 100vw, 720px\" \/><\/figure>\n\n\n\n<h3 class=\"wp-block-heading\">\u201c<strong>Todo isto non traer\u00eda nada positivo \u00e1 veci\u00f1anza afectada. S\u00f3 servir\u00eda para enriquecer as empresas que xestionen os parques\u201d<\/strong><\/h3>\n\n\n\n<p><strong>Cando e por que nace a plataforma?<\/strong><\/p>\n\n\n\n<blockquote class=\"wp-block-quote is-layout-flow wp-block-quote-is-layout-flow\"><p>En outubro, nunha reuni\u00f3n da comunidade de montes comunicounos que a empresa ACS quer\u00eda instalar parques e\u00f3licos no Morrazo. A ra\u00edz desta reuni\u00f3n un grupo de veci\u00f1as da parroquia de Ard\u00e1n, en Mar\u00edn, xunt\u00e1monos par buscar informaci\u00f3n e no mes de novembro convocamos unha asemblea con xente de outras plataformas para recadar a maior informaci\u00f3n posible. A esta asemblea asistiu tanta xente que tivemos que emprazala a outro local con m\u00e1is capacidade. Adiamos a asemblea e constitu\u00edmonos como plataforma nese momento.<\/p><\/blockquote>\n\n\n\n<p><strong>Cantos mu\u00ed\u00f1os e de que dimensi\u00f3ns ten proxectado instalar a Xunta no Morrazo?<\/strong><\/p>\n\n\n\n<blockquote class=\"wp-block-quote is-layout-flow wp-block-quote-is-layout-flow\"><p>Nestes intres na \u00e1rea de desenvolvemento do Morrazo non hai ning\u00fan proxecto en tramitaci\u00f3n, detectamos a intenci\u00f3n de levar a cabo estes proxectos moi axi\u00f1a e xa nos comezamos a mover antes da s\u00faa presentaci\u00f3n. As empresas implicadas pux\u00e9ronse en contacto cos propietarios dos terreos para ver que proxectos pod\u00edan presentar. Desta primeira empresa si sabemos que ten pensado proxectar 12 mu\u00ed\u00f1os duns 150 metros aproximadamente.<\/p><\/blockquote>\n\n\n\n<p><strong>As comunidades afectadas fostes informadas de maneira adecuada?<\/strong><\/p>\n\n\n\n<blockquote class=\"wp-block-quote is-layout-flow wp-block-quote-is-layout-flow\"><p>A informaci\u00f3n \u00e9 moi opaca, o que conseguimos saber e trav\u00e9s dos veci\u00f1os afectados e das comunidades de montes. A eles se lles presentou o comercial de ACS facendo unha oferta econ\u00f3mica para a localizaci\u00f3n dunhas determinadas parcelas. Este representante estivo presente nunha asemblea de Ard\u00e1n e o que fixo foi mentir sobre o proxecto, afirmou que outras comunidades de montes de O Morrazo xa firmaran un acordo con el, e mesmo que o concello de Bueu estaba de acordo, todo isto era mentira. Nunca presentou aos afectados o proxecto completo, sen\u00f3n partes parciais das fincas afectadas.<\/p><\/blockquote>\n\n\n\n<blockquote class=\"wp-block-quote is-layout-flow wp-block-quote-is-layout-flow\"><p>A parte desta empresa ACS ,agora apareceu outra chamada Aratel. Esta empresa si que fixo solicitudes de informaci\u00f3n urban\u00edstica sobre algunhas parcelas no concello de Mar\u00edn e no de Moa\u00f1a. Esta quere montar dous parques pero como agora a Xunta de Galicia acaba de decretar unha moratoria no rexistro e\u00f3lico o d\u00eda 1 de xaneiro, est\u00e1 todo paralizado durante 18 meses. Esta moratoria d\u00e9bese a unha saturaci\u00f3n do rexistro porque non dan abasto con tal cantidade de proxectos que queren implantar en toda Galiza.<\/p><\/blockquote>\n\n\n\n<blockquote class=\"wp-block-quote is-layout-flow wp-block-quote-is-layout-flow\"><p>N\u00f3s como plataforma imos a seguir vixiantes para que non se produza ning\u00fan movemento por parte das empresas e non inicien ningunha tramitaci\u00f3n.<\/p><\/blockquote>\n\n\n\n<p><strong>Que supor\u00eda para a vosa comarca que o proxecto da Xunta se concretase tal como eles o te\u00f1en dese\u00f1ado e cales ser\u00edan as consecuencias para o patrimonio das zonas afectadas?<\/strong><\/p>\n\n\n\n<blockquote class=\"wp-block-quote is-layout-flow wp-block-quote-is-layout-flow\"><p>Un parque e\u00f3lico non s\u00f3 afecta aos propietarios dos terreos onde implantan os mu\u00ed\u00f1os, sen\u00f3n que afectan tam\u00e9n por onde saen \u00e1s li\u00f1as de evacuaci\u00f3n, est\u00e1s son as li\u00f1as de alta tensi\u00f3n por onde se conduce a electricidade, os terreos afectados das areas de exclusi\u00f3n relacionadas tanto aos terreos dos mu\u00ed\u00f1os como \u00e1s li\u00f1as de evacuaci\u00f3n, e por \u00faltimo o que se denomina como poligonal do parque e\u00f3lico, estes son os terreos que rodean ao propio parque que rexistra a empresa como zona de posible ampliaci\u00f3n do parque. Para estas poligonais hai que facer un cambio na cualificaci\u00f3n do solo, este faise autom\u00e1tico. Todo este solo polo que ao propietario ou propietaria non lle van pagar nada, pasa a ser solo r\u00fastico de protecci\u00f3n de infraestruturas. Isto \u00e9 unha perda econ\u00f3mica para os propietario e unha serie de inconvenientes na maneira de xestionar calquera tramitaci\u00f3n urban\u00edstica en relaci\u00f3n a estes terreos.<\/p><\/blockquote>\n\n\n\n<blockquote class=\"wp-block-quote is-layout-flow wp-block-quote-is-layout-flow\"><p>Ademais os desmontes para estes proxectos son enormes e as pistas para toda esta maquinaria son tan anchas como a AP9, o monte quedar\u00eda esnaquizado. Asemade os acu\u00edferos quedar\u00edan afectados e as augas de tra\u00eddas veci\u00f1ais, as m\u00e1moas de Chans, xacementos arqueol\u00f3xicos e todo o que ten que ver cos usos particulares do monte xestionado polas comunidade de montes, ser\u00e1n as empresas as que van decidir os usos que se lle vai poder dar ao monte nesa \u00e1rea poligonal, ata poden chegar a restrinxir todo tipo de actividades nesa zona afectada (sendeirismo, caza, gander\u00eda, plantaci\u00f3n de arbores, venta de madeira). Os donos destas fincas non poderemos nin decidir cortar le\u00f1a para abastecer \u00e1s nosas caldeiras ou mesmo vendela como fonte de ingresos dalgunhas familias.<\/p><\/blockquote>\n\n\n\n<blockquote class=\"wp-block-quote is-layout-flow wp-block-quote-is-layout-flow\"><p>Isto s\u00f3 beneficiar\u00eda \u00e1s empresas e multinacionais privadas que xestionar\u00edan estes parques, non ser\u00eda un ben p\u00fablico e non ter\u00edan ning\u00fan beneficio para os veci\u00f1os e veci\u00f1as.<\/p><\/blockquote>\n\n\n\n<p><strong>Cal \u00e9 a sensibilidade maioritaria que percibides na poboaci\u00f3n das zonas afectadas?<\/strong><\/p>\n\n\n\n<blockquote class=\"wp-block-quote is-layout-flow wp-block-quote-is-layout-flow\"><p>A afluencia de xente \u00e1s xuntanzas que facemos esta sendo masiva. A necesidade de informaci\u00f3n e a oposici\u00f3n que hai na comarca \u00e9 moi clara. Ag\u00e1s o concello do de Mar\u00edn, todos os demais do Morrazo promulgaron declaraci\u00f3ns institucionais e aprobaron moci\u00f3ns encontra da instalaci\u00f3n de calquera parque e\u00f3lico. Mesmo o concello de Mar\u00edn a trav\u00e9s do seu concelleiro de urbanismo fixo unhas declaraci\u00f3n en contra dos mesmos.<\/p><\/blockquote>\n\n\n\n<p><strong>Ata onde pensades chegar se a Xunta non atende a raz\u00f3ns e contin\u00faa coas s\u00faas intenci\u00f3ns?<\/strong><\/p>\n\n\n\n<blockquote class=\"wp-block-quote is-layout-flow wp-block-quote-is-layout-flow\"><p>A maiores das alegaci\u00f3ns pertinentes cando haxa que facelas e a mobilizaci\u00f3n social para rexeitar estes proxectos, non descartamos a v\u00eda xudicial chegando o seu momento.<\/p><\/blockquote>\n\n\n\n<blockquote class=\"wp-block-quote is-layout-flow wp-block-quote-is-layout-flow\"><p>Para a Xunta de Galicia calquera cumio que pase dos 400 metros \u00e9 susceptible de albergar un parque e\u00f3lico ata chegar a invadir o 40% dos montes galegos. E na R\u00eda de Pontevedra, se saen adiante todos este proxectos estar\u00eda enmarcada de macro mu\u00ed\u00f1os de preto de 200 metros, non podemos deixar que isto ocorra.<\/p><\/blockquote>\n\n\n\n<hr class=\"wp-block-separator has-text-color has-background has-pale-cyan-blue-background-color has-pale-cyan-blue-color is-style-wide\"\/>\n\n\n\n<h2 class=\"wp-block-heading\"><strong>\u00d3scar Gonz\u00e1lez, presidente da comunidade de montes de Taboexa e concelleiro do BNG en A s Neves<\/strong><\/h2>\n\n\n\n<figure class=\"wp-block-image size-full\"><img loading=\"lazy\" decoding=\"async\" width=\"720\" height=\"432\" src=\"https:\/\/www.anovapeneira.gal\/wp-content\/uploads\/2022\/02\/oscar_gonzalez.jpg\" alt=\"\" class=\"wp-image-6951\" srcset=\"https:\/\/www.anovapeneira.gal\/wp-content\/uploads\/2022\/02\/oscar_gonzalez.jpg 720w, https:\/\/www.anovapeneira.gal\/wp-content\/uploads\/2022\/02\/oscar_gonzalez-300x180.jpg 300w\" sizes=\"auto, (max-width: 720px) 100vw, 720px\" \/><\/figure>\n\n\n\n<h3 class=\"has-text-align-center wp-block-heading\">\u201c<strong>Todas as comunidades de Montes do noso pobo est\u00e1n en contra do parque e\u00f3lico\u201d<\/strong><\/h3>\n\n\n\n<p><strong>Que zonas do Condado Paradanta estar\u00edan afectadas polos parques e\u00f3licos proxectados pola Xunta?<\/strong><\/p>\n\n\n\n<blockquote class=\"wp-block-quote is-layout-flow wp-block-quote-is-layout-flow\"><p>No Condado Paradanta est\u00e1n os concellos de Crecente, Arbo e As Neves. Aqu\u00ed en As Neves afecta ao monte San Nomedio, as parroquias de San Pedro de Batall\u00e1ns, Taboexa, San Xos\u00e9 de Ribarteme, Santiago de Ribarteme e Rubi\u00f3s .<\/p><\/blockquote>\n\n\n\n<p><strong>Cales ser\u00edan as consecuencias patrimoniais para os lugares afectados de chegarse a concretar a instalaci\u00f3n de mu\u00ed\u00f1os tal como as ten proxectado a Xunta?<\/strong><\/p>\n\n\n\n<blockquote class=\"wp-block-quote is-layout-flow wp-block-quote-is-layout-flow\"><p>O monte San Nomedio est\u00e1 declarado pola xunta como \u00e1rea paisax\u00edstica de Galiza. A Xunta investiu di\u00f1eiro en facer un observatorio nocturno e un miradoiro, non pode ser que agora no mesmo sitio queiran meter estes mega mu\u00ed\u00f1os. Desde o cumio do monte San Nomedio nacen moitos mananciais de auga que abastecen aos veci\u00f1os, e que tam\u00e9n quedar\u00edan afectados.<\/p><\/blockquote>\n\n\n\n<p><strong>Cal \u00e9 a posici\u00f3n do BNG ao respecto e por que?<\/strong><\/p>\n\n\n\n<blockquote class=\"wp-block-quote is-layout-flow wp-block-quote-is-layout-flow\"><p>A posici\u00f3n do BNG \u00e9 e\u00f3licos si, pero non as\u00ed. A enerx\u00eda e\u00f3lica \u00e9 unha enerx\u00eda renovable con moitos beneficios pero ten que ser posta en marcha doutro xeito, respectando o medio ambiente, a paisaxe, as Redes Natura, sen po\u00f1er proxectos a 500 metros das casas, e con e\u00f3licos que superan os 200 metros de altura, as\u00ed non pode ser.<\/p><\/blockquote>\n\n\n\n<p><strong>E que opini\u00f3n maioritaria da sociedade civil do Condado Paradanta ao respecto dos e\u00f3licos percibes ti?<\/strong><\/p>\n\n\n\n<blockquote class=\"wp-block-quote is-layout-flow wp-block-quote-is-layout-flow\"><p>Ao concello de As neves chegounos un informe medioambiental para un proxecto de parque e\u00f3lico. Desde o concello trasladamos esta informaci\u00f3n \u00e1s comunidades de montes afectadas para que fixeran as alegaci\u00f3ns pertinentes e atopamos cunha posici\u00f3n totalmente en contra deste parque e\u00f3lico. Aqu\u00ed xa temos un parque que ten uns 20 anos que ten outras condici\u00f3ns, outras dimensi\u00f3n, e est\u00e1 nunha zona moito m\u00e1is afastada do territorio habitado. Cunhas condicionantes paisax\u00edsticas e ambientais diferentes \u00e1s que agora se propo\u00f1en.<\/p><\/blockquote>\n\n\n\n<p><strong>Ti es concelleiro nas Neves, os concellos fostes informados pola Xunta das s\u00faas intenci\u00f3ns, de maneira adecuada, e co tempo suficiente para presentar as alegaci\u00f3ns pertinentes?<\/strong><\/p>\n\n\n\n<blockquote class=\"wp-block-quote is-layout-flow wp-block-quote-is-layout-flow\"><p>A trav\u00e9s dun departamento da conseller\u00eda de medio ambiente ch\u00e9ganos a trav\u00e9s do rexistro unha comunicaci\u00f3n de que hai unha empresa que ten previsto a instalaci\u00f3n dun parque e\u00f3lico. Na parte administrativa dentro das normas que rexen agora mesmo \u00e9 a maneira correcta de facelo, pero isto \u00e9 unha sucesi\u00f3n de normas que implantou a Xunta coas que o BNG non est\u00e1 de acordo. Sacaron a Lei de fomento de actividades empresarias, \u00e1 que lle chamamos de depredaci\u00f3n, e a lei de simplificaci\u00f3n administrativa coa que dan posibilidade \u00e1s empresas de expropiar terreos a particulares sen ning\u00fan tipo de miramento. A Xunta declara os terreos como de actividade p\u00fablica e hai que aceptar que expropien os terreos. De momento neste parque e\u00f3lico chamado Coto dos Lobos, non houbo ning\u00fan movemento m\u00e1is, ningunha autorizaci\u00f3n previa, nin de momento prazo de alegaci\u00f3ns. Non sabemos que pasar\u00e1 no futuro pero a\u00ednda non chegamos a ese tr\u00e1mite. N\u00f3s como concello e coas comunidades de montes da zona pux\u00e9monos a traballar para paralizar todo isto antes de chegar a este punto.<\/p><\/blockquote>\n\n\n\n<blockquote class=\"wp-block-quote is-layout-flow wp-block-quote-is-layout-flow\"><p>A semana pasada sa\u00edu unha sentenza que ditaminou que a Xunta de Galiza est\u00e1 incumprindo unha norma establecendo s\u00f3 quince d\u00edas para facer alegaci\u00f3ns para estas declaraci\u00f3ns de autorizaci\u00f3n de actividade p\u00fablica nos parques e\u00f3licos. Con esta sentenza todas as autorizaci\u00f3n que se concederon con s\u00f3 quince d\u00edas de prazo en principio xa non son v\u00e1lidas por incumprimento da lei, a ver como evolucionan as cousas.<\/p><\/blockquote>\n\n\n\n<hr class=\"wp-block-separator has-text-color has-background has-pale-cyan-blue-background-color has-pale-cyan-blue-color is-style-wide\"\/>\n\n\n\n<h2 class=\"wp-block-heading\"><strong>Bruno Centelles do Instituto de Estudos Mi\u00f1oranos<\/strong><\/h2>\n\n\n\n<figure class=\"wp-block-image size-full\"><img loading=\"lazy\" decoding=\"async\" width=\"720\" height=\"432\" src=\"https:\/\/www.anovapeneira.gal\/wp-content\/uploads\/2022\/02\/bruno-centelles.jpg\" alt=\"\" class=\"wp-image-6955\" srcset=\"https:\/\/www.anovapeneira.gal\/wp-content\/uploads\/2022\/02\/bruno-centelles.jpg 720w, https:\/\/www.anovapeneira.gal\/wp-content\/uploads\/2022\/02\/bruno-centelles-300x180.jpg 300w\" sizes=\"auto, (max-width: 720px) 100vw, 720px\" \/><\/figure>\n\n\n\n<p><strong>Portavoz do Instituto de Estudos <\/strong><strong>Mi\u00f1or\u00e1ns<\/strong><strong>, de SOS-Groba e da Rede Galega STOP E\u00f3licos<\/strong><\/p>\n\n\n\n<h2 class=\"wp-block-heading\">\u201c<strong>A maneira de producir enerx\u00eda e\u00f3lica a gran escala, como te\u00f1en dese\u00f1ado,non \u00e9 viable. Non existe no planeta o cobre suficiente para producir as bobinas necesarias para estes xigantescos mu\u00ed\u00f1os\u201d<\/strong><\/h2>\n\n\n\n<p><strong>Cales ser\u00edan as zonas do Val Mi\u00f1or e do Baixo Mi\u00f1o afectadas polos distintos proxectos e\u00f3licos?<\/strong><\/p>\n\n\n\n<blockquote class=\"wp-block-quote is-layout-flow wp-block-quote-is-layout-flow\"><p>A Serra da Groba e a Serra do Gali\u00f1eiro. Est\u00e1s son as d\u00faas zonas ameazadas dentro do plan e\u00f3lico. Nestes intres a m\u00e1is ameazada \u00e9 a Serra da Groba con 5 parques e 27 aeroxeradores duns 229 metros de altura.<\/p><\/blockquote>\n\n\n\n<p><strong>Que consecuencias patrimoniais ter\u00edan para as zonas afectadas se se concretan os distintos proxectos tal como est\u00e1n formulados?<\/strong><\/p>\n\n\n\n<blockquote class=\"wp-block-quote is-layout-flow wp-block-quote-is-layout-flow\"><p>No patrimonio natural medioambiental afecta \u00e1s augas, \u00e1 fauna terrestre e a\u00e9rea, \u00e1 flora e \u00e1 paisaxe.<\/p><\/blockquote>\n\n\n\n<blockquote class=\"wp-block-quote is-layout-flow wp-block-quote-is-layout-flow\"><p>No patrimonio cultural, hist\u00f3rico e arqueol\u00f3xico temos documentado que toda a contorna que rodea ao r\u00edo Mi\u00f1o \u00e9 un lugar de poboamento humano ininterrompido de m\u00e1is de 300.000 anos. Temos pegadas humanas desde o paleol\u00edtico, neol\u00edtico, metais, castrexo, romano e medieval ata a actualidade. Estas d\u00faas zonas para n\u00f3s son como un museo da nosa historia e todo isto est\u00e1 ameazado por estes mega parques e\u00f3licos.<\/p><\/blockquote>\n\n\n\n<blockquote class=\"wp-block-quote is-layout-flow wp-block-quote-is-layout-flow\"><p>Se falamos de arqueolox\u00eda viva temos na Serra da Groba unha tradici\u00f3n moi antiga que xa aparece rexistrada nos petr\u00f3glifos. Aqu\u00ed est\u00e1 a m\u00e1is grande e importante cabana de cabalos salvaxes, que en realidade non son cabalos sen\u00f3n un cuarto subx\u00e9nero de \u00e9quido (equus ferus atl\u00e1nticus) documentada esta raza por tese de doutoramento de zo\u00f3logos eminentes distinguen catro razas entre asnos, cabalos, cebras e estes equus da Groba.<\/p><\/blockquote>\n\n\n\n<blockquote class=\"wp-block-quote is-layout-flow wp-block-quote-is-layout-flow\"><p>Todo este patrimonio quedar\u00eda gravemente afectado e perder\u00eda moit\u00edsimo valor. No IEM levamos case 25 anos interes\u00e1ndonos polo pa\u00eds no que vivimos, polo noso pequeno territorio e queremos estudar, co\u00f1ecer e dar \u00e1 cidadan\u00eda datos para que co\u00f1ezan o seu propio entorno. Todo isto a estes empresarios que queren montar aqu\u00ed os e\u00f3licos parece que non lles interesa.<\/p><\/blockquote>\n\n\n\n<p><strong>A veci\u00f1anza das localidades afectadas ter\u00eda alg\u00fan tipo de beneficio da instalaci\u00f3n deses mu\u00ed\u00f1os?<\/strong><\/p>\n\n\n\n<blockquote class=\"wp-block-quote is-layout-flow wp-block-quote-is-layout-flow\"><p>Especialistas do Observatorio E\u00f3lico de Galicia (OEGA) acaban de publicar un informe sobre a repercusi\u00f3n econ\u00f3mica e na calidade de vida da veci\u00f1anza de Muras derivada da implantaci\u00f3n de parques e\u00f3licos no seu territorio. Este concello ti\u00f1a instalados en 2019 381 aeroxeradores, conta con 640 persoas censadas no ano 2020 e a repercusi\u00f3n a estas persoas pola instalaci\u00f3n destes parques ter\u00eda que ser enorme, pois o EGA acaba de publicar un libro sobre o seu traballo acad\u00e9mico onde di que a repercusi\u00f3n econ\u00f3mica para o concello de Muras deste e\u00f3licos \u00e9 desastrosa. Aparentemente e co discurso destas empresa parece que si, pero o tempo e os estudos din totalmente o contrario, beneficio para eles, non para os veci\u00f1os.<\/p><\/blockquote>\n\n\n\n<p><strong>Un mesmo proxecto e\u00f3lico, \u00e1 hora de formular a s\u00faa tramitaci\u00f3n, fragm\u00e9ntase en micro proxectos para simular que son cousas diferentes?, de ser as\u00ed pon alg\u00fan exemplo e d\u00e1nos a t\u00faa opini\u00f3n ao respecto das raz\u00f3ns que poder\u00edan explicar este modus operandi?<\/strong><\/p>\n\n\n\n<blockquote class=\"wp-block-quote is-layout-flow wp-block-quote-is-layout-flow\"><p>A lexislaci\u00f3n sobre isto \u00e9 moi clara. A media dos aeroxeradores previstos nos proxectos actuais \u00e9 dunha produci\u00f3n de 5 megavatios. Sumando as potencias dos aeroxeradores instalados, cando o parque e\u00f3lico non pasa de 50 megavatios, a s\u00faa tramitaci\u00f3n \u00e9 na Xunta de Galicia. Cando pasa de 50 hai que tramitalo a trav\u00e9s do goberno central. Como queren que sexa tramitado en Galicia porque a lexislaci\u00f3n \u00e9 moito m\u00e1is f\u00e1cil e permisiva que Madrid, que a s\u00faa tampouco \u00e9 ningunha marabilla, pois parcelan o parque e\u00f3lico. Por moito que nos intenten convencer que os queren facer dunha maneira sustentable e pensando no medio ambiente, non tragamos con isto.<\/p><\/blockquote>\n\n\n\n<blockquote class=\"wp-block-quote is-layout-flow wp-block-quote-is-layout-flow\"><p>No procedemento administrativo \u00e9 fundamental a declaraci\u00f3n de impacto ambiental. Se declaran un parque e\u00f3lico moi grande a afectaci\u00f3n global sobre o territorio \u00e9 brutal e a declaraci\u00f3n de impacto ambiental ser\u00eda negativa, ent\u00f3n como truco &#8220;inventaron&#8221; estes microproxectos part\u00edndoos, xa de inicio, en d\u00faas pezas: Unha peza co parque e\u00f3lico (aeroxeradores, conduci\u00f3ns, subestaci\u00f3n) e outra peza co proxecto de conexi\u00f3n do parque e\u00f3lico \u00e1 Rede El\u00e9ctrica Espa\u00f1ola (REE)para a evacuaci\u00f3n da produci\u00f3n.<\/p><\/blockquote>\n\n\n\n<blockquote class=\"wp-block-quote is-layout-flow wp-block-quote-is-layout-flow\"><p>O segundo chanzo deste procedemento fraudulento consiste en fragmentar un gran proxecto e\u00f3lico en varios parques e\u00f3licos m\u00e1is pequenos, pretendidamente independentes, cada un deles promovido por unha empresas creadas &#8220;ad hoc&#8221; cando en realidade detr\u00e1s de toda esta mara\u00f1a est\u00e1 sempre a mesma gran empresa (Acciona, no caso da Serra da Groba)<\/p><\/blockquote>\n\n\n\n<blockquote class=\"wp-block-quote is-layout-flow wp-block-quote-is-layout-flow\"><p>Isto rep\u00edtese ao longo de toda Galicia e parte de Espa\u00f1a como Arag\u00f3n, Cantabria, Castela Le\u00f3n, Extremadura e parte de Andaluc\u00eda.<\/p><\/blockquote>\n\n\n\n<blockquote class=\"wp-block-quote is-layout-flow wp-block-quote-is-layout-flow\"><p>Agora tam\u00e9n est\u00e1n facendo a repotenciaci\u00f3n dos parques antigos, estes son de 0.5 megavatios e queren convertelos nos de 5. Para facer isto non lles serven as bases de formig\u00f3n que est\u00e1n feitas nin os aeroxeradores antigos. Para montar m\u00e1quinas novas m\u00e1is potentes, te\u00f1en que facer novos furados e novas zapatas de formig\u00f3n para montar estes monstros actuais, tampouco lles serve a rede de cables antiga, est\u00e1n facendo un parque absolutamente novo cham\u00e1ndolle repotenciaci\u00f3n e recibindo cartos Next Generation dos fondos europeos. Endesa 14.500 mill\u00f3ns de Euros, por exemplo.<\/p><\/blockquote>\n\n\n\n<p><strong>Agora que me falas da repotenciaci\u00f3n, recentemente co\u00f1ecemos unha sentenza xudicial que anulaba a repotenciaci\u00f3n do parque e\u00f3lico de Corme. Valora esa sentenza, e dinos se consideras que pode ter consecuencias para outros parques?<\/strong><\/p>\n\n\n\n<blockquote class=\"wp-block-quote is-layout-flow wp-block-quote-is-layout-flow\"><p>Esta demanda presentouse desde asociaci\u00f3ns relacionadas coa Rede Galega STOP E\u00f3licos. A Xunta sacou unha lei no 2017 chamada lei de \u201cfomento de iniciativas empresariais\u201d \u00e1 que lle chamamos lei de depredaci\u00f3n. Logo, o ano pasado, sacou unha de \u201creactivaci\u00f3n econ\u00f3mica\u201d peor ca anterior, que reduce os prazos de alegaci\u00f3ns a 15 d\u00edas desde a exposici\u00f3n p\u00fablica dos proxectos. Isto vai directamente contra a normativa europea, fixemos a demanda alegando que as exposici\u00f3n te\u00f1en que ser a 30 d\u00edas e esta sentenza vennos dando a raz\u00f3n, di que prima a lexislaci\u00f3n europea por encima da Xunta e os prazos te\u00f1en que ser de 30 d\u00edas. Tam\u00e9n fai referencia a que cando se fai exposici\u00f3n p\u00fablica dun proxecto, hai que aportar o dosier de documentaci\u00f3n completo, non por partes que \u00e9 o que est\u00e1 facendo a Xunta con estes proxectos.<\/p><\/blockquote>\n\n\n\n<blockquote class=\"wp-block-quote is-layout-flow wp-block-quote-is-layout-flow\"><p>Levo tempo dicindo que levamos anos enfront\u00e1ndonos a un grupo armado. Non po\u00f1en bombas nin pegan tiros pero &#8220;atacan&#8221; co DOG, BOE, BOP, as Webs oficiais&#8230;<\/p><\/blockquote>\n\n\n\n<blockquote class=\"wp-block-quote is-layout-flow wp-block-quote-is-layout-flow\"><p>Con esta sentenza calquera parque dos que xa foron publicados con 15 d\u00edas de alegaci\u00f3ns, xa se lles ven abaixo o proceso de exposici\u00f3n p\u00fablica. Ter\u00e1n que volver publicalos completos e con 30 d\u00edas para seguir adiante con eles.<\/p><\/blockquote>\n\n\n\n<p><strong>Cal \u00e9 a opini\u00f3n maioritaria da sociedade civil do Val Mi\u00f1or e do Baixo Mi\u00f1o que percibes ti ao respecto do asunto dos e\u00f3licos?<\/strong><\/p>\n\n\n\n<blockquote class=\"wp-block-quote is-layout-flow wp-block-quote-is-layout-flow\"><p>Cando lle contamos todo isto aos veci\u00f1os e veci\u00f1as aos que podemos chegar, a primeira impresi\u00f3n e de sorpresa e incredulidade, pensan que todo isto non pode ser certo, pero cando vai pasando o tempo e seguimos repetindo o mesmo, levamos unhas 70 charlas feitas, e do outro lado, tanto polas empresas como por parte da Xunta non aparece ningu\u00e9n dicindo que \u00e9 mentira o que estamos contando a reacci\u00f3n da maior\u00eda \u00e9 dicirlle as empresas que se vaian e que non queren saber dos parques. Todo o traballo que levamos feito vemos que est\u00e1 pagando a pena e que a xente estase a dar conta deste desprop\u00f3sito.<\/p><\/blockquote>\n\n\n\n<p><strong>Cando se estaba a debater a moratoria e\u00f3lica no consello galego de medio ambiente, a conselleira abandonou a xuntanza antes de que rematara, o que impediu concretar nada ao respecto da moratoria. Val\u00f3ranos a actitude da Conselleira?<\/strong><\/p>\n\n\n\n<blockquote class=\"wp-block-quote is-layout-flow wp-block-quote-is-layout-flow\"><p>Este \u00e9 o concepto de democracia que ten esta xente, como se vai someter a votaci\u00f3n algo que non lle gusta, lev\u00e1ntase e marcha e as\u00ed rematan a reuni\u00f3n.<\/p><\/blockquote>\n\n\n\n<p><strong>E posible ao teu xu\u00edzo desenvolver enerx\u00edas alternativas, como a e\u00f3lica, de maneira diferente a como o te\u00f1en dese\u00f1ado nesta actual ofensiva e\u00f3lica?<\/strong><\/p>\n\n\n\n<blockquote class=\"wp-block-quote is-layout-flow wp-block-quote-is-layout-flow\"><p>O primeiro e que ten que primar como finalidade o medio ambiente e o non o negocio.<\/p><\/blockquote>\n\n\n\n<blockquote class=\"wp-block-quote is-layout-flow wp-block-quote-is-layout-flow\"><p>A maneira de producir enerx\u00eda e\u00f3lica a esta gran escala como pretenden non \u00e9 viable. Cada e\u00f3lico leva no seu interior un gran im\u00e1n (1,5ton) fabricado maioritariamente con &#8220;terras raras&#8221; que vai &#8220;envolto&#8221; nunha gran bobina de cobre (4 Ton). Se para facer enerx\u00eda renovable e barata tes que facer unha desfeita mineira en algunha parte do mundo para conseguir os materiais necesarios para a fabricaci\u00f3n destes im\u00e1ns isto non pode ser. Para sacar a enerx\u00eda el\u00e9ctrica que producen estes mu\u00ed\u00f1os necesitamos unhas bobinas de catro toneladas e media de cobre, non existe na codia terrestre recursos naturais suficientes como o cobre necesario ou as terras raras para este dese\u00f1o de parques e\u00f3licos. O da sustentabilidade que nos queren colar non \u00e9 certo, igual c\u00f3 dos coches el\u00e9ctricos, non hai materiais no mundo suficientes para fabricar todas as bater\u00edas que ser\u00eda necesaria para cambiar o parque automobil\u00edstico actual para un el\u00e9ctrico. Non \u00e9 viable facer a transici\u00f3n da obtenci\u00f3n de enerx\u00eda el\u00e9ctrica a trav\u00e9s do petr\u00f3leo cara esta enerx\u00eda renovable, hai estudios que o demostran.<\/p><\/blockquote>\n\n\n\n<blockquote class=\"wp-block-quote is-layout-flow wp-block-quote-is-layout-flow\"><p>A soluci\u00f3n pasa por outro modelo econ\u00f3mico, por intentar reducir o consumo e ser m\u00e1is eficientes. As grandes empresas que estaban antes no ladrillo, son os grandes ecoloxistas que queren agora inzar os nosos montes de mu\u00ed\u00f1os, facer un negocio inmediato, levar f\u00f3ra a electricidade e cobrar as subvenci\u00f3ns que ve\u00f1en de Europa, isto \u00e9 negocio non ecoloxismo nin viabilidade enerx\u00e9tica.<\/p><\/blockquote>\n","protected":false},"excerpt":{"rendered":"<div class=\"mh-excerpt\"><p>As\u00ed, tal como podemos ver na imaxe da Rede Galega Stop E\u00f3licos, \u00e9 como quedar\u00eda Galicia se a v\u00eda da presi\u00f3n social, e en \u00faltima instancia t\u00e9mome que a xudicializaci\u00f3n do asunto, non conseguen parar este disparate que supor\u00eda a fin de Galicia tal cal a co\u00f1ecemos. E todo para que ? <a class=\"mh-excerpt-more\" href=\"https:\/\/www.anovapeneira.gal\/index.php\/2022\/02\/11\/especial-eolicos\/\" title=\"Especial E\u00f3licos\">[&#8230;]<\/a><\/p>\n<\/div>","protected":false},"author":17,"featured_media":6914,"comment_status":"open","ping_status":"open","sticky":false,"template":"","format":"standard","meta":{"_exactmetrics_skip_tracking":false,"_exactmetrics_sitenote_active":false,"_exactmetrics_sitenote_note":"","_exactmetrics_sitenote_category":0,"footnotes":""},"categories":[589],"tags":[1290],"class_list":{"0":"post-6912","1":"post","2":"type-post","3":"status-publish","4":"format-standard","5":"has-post-thumbnail","7":"category-reportaxe_galicia","8":"tag-eolicos"},"yoast_head":"<!-- This site is optimized with the Yoast SEO plugin v27.4 - https:\/\/yoast.com\/product\/yoast-seo-wordpress\/ -->\n<title>Especial E\u00f3licos -<\/title>\n<meta name=\"description\" content=\"As\u00ed, tal como podemos ver na imaxe da Rede Galega Stop E\u00f3licos, \u00e9 como quedar\u00eda Galicia se a v\u00eda da presi\u00f3n social, e en \u00faltima instancia t\u00e9mome que a xudicializaci\u00f3n do asunto, non conseguen parar este disparate que supor\u00eda a fin de Galicia tal cal a co\u00f1ecemos. E todo para que ?\" \/>\n<meta name=\"robots\" content=\"index, follow, max-snippet:-1, max-image-preview:large, max-video-preview:-1\" \/>\n<link rel=\"canonical\" href=\"https:\/\/www.anovapeneira.gal\/index.php\/2022\/02\/11\/especial-eolicos\/\" \/>\n<meta property=\"og:locale\" content=\"gl_ES\" \/>\n<meta property=\"og:type\" content=\"article\" \/>\n<meta property=\"og:title\" content=\"Especial E\u00f3licos -\" \/>\n<meta property=\"og:description\" content=\"As\u00ed, tal como podemos ver na imaxe da Rede Galega Stop E\u00f3licos, \u00e9 como quedar\u00eda Galicia se a v\u00eda da presi\u00f3n social, e en \u00faltima instancia t\u00e9mome que a xudicializaci\u00f3n do asunto, non conseguen parar este disparate que supor\u00eda a fin de Galicia tal cal a co\u00f1ecemos. E todo para que ?\" \/>\n<meta property=\"og:url\" content=\"https:\/\/www.anovapeneira.gal\/index.php\/2022\/02\/11\/especial-eolicos\/\" \/>\n<meta property=\"article:publisher\" content=\"https:\/\/www.facebook.com\/anovapeneira\" \/>\n<meta property=\"article:published_time\" content=\"2022-02-11T11:00:24+00:00\" \/>\n<meta property=\"article:modified_time\" content=\"2022-02-15T11:52:59+00:00\" \/>\n<meta property=\"og:image\" content=\"https:\/\/www.anovapeneira.gal\/wp-content\/uploads\/2022\/02\/rede_stop_eolicos.jpg\" \/>\n\t<meta property=\"og:image:width\" content=\"720\" \/>\n\t<meta property=\"og:image:height\" content=\"432\" \/>\n\t<meta property=\"og:image:type\" content=\"image\/jpeg\" \/>\n<meta name=\"author\" content=\"G. Figueiredo\" \/>\n<meta name=\"twitter:card\" content=\"summary_large_image\" \/>\n<meta name=\"twitter:creator\" content=\"@APeneira\" \/>\n<meta name=\"twitter:site\" content=\"@APeneira\" \/>\n<meta name=\"twitter:label1\" content=\"Escrito por\" \/>\n\t<meta name=\"twitter:data1\" content=\"G. Figueiredo\" \/>\n\t<meta name=\"twitter:label2\" content=\"Tempo de lectura\" \/>\n\t<meta name=\"twitter:data2\" content=\"36 minutos\" \/>\n<script type=\"application\/ld+json\" class=\"yoast-schema-graph\">{\"@context\":\"https:\\\/\\\/schema.org\",\"@graph\":[{\"@type\":\"Article\",\"@id\":\"https:\\\/\\\/www.anovapeneira.gal\\\/index.php\\\/2022\\\/02\\\/11\\\/especial-eolicos\\\/#article\",\"isPartOf\":{\"@id\":\"https:\\\/\\\/www.anovapeneira.gal\\\/index.php\\\/2022\\\/02\\\/11\\\/especial-eolicos\\\/\"},\"author\":{\"name\":\"G. Figueiredo\",\"@id\":\"https:\\\/\\\/www.anovapeneira.gal\\\/#\\\/schema\\\/person\\\/42f904d7cac80cf3f5a31494dd82a9b6\"},\"headline\":\"Especial E\u00f3licos\",\"datePublished\":\"2022-02-11T11:00:24+00:00\",\"dateModified\":\"2022-02-15T11:52:59+00:00\",\"mainEntityOfPage\":{\"@id\":\"https:\\\/\\\/www.anovapeneira.gal\\\/index.php\\\/2022\\\/02\\\/11\\\/especial-eolicos\\\/\"},\"wordCount\":6943,\"commentCount\":0,\"publisher\":{\"@id\":\"https:\\\/\\\/www.anovapeneira.gal\\\/#organization\"},\"image\":{\"@id\":\"https:\\\/\\\/www.anovapeneira.gal\\\/index.php\\\/2022\\\/02\\\/11\\\/especial-eolicos\\\/#primaryimage\"},\"thumbnailUrl\":\"https:\\\/\\\/www.anovapeneira.gal\\\/wp-content\\\/uploads\\\/2022\\\/02\\\/rede_stop_eolicos.jpg\",\"keywords\":[\"E\u00f3licos\"],\"articleSection\":[\"Reportaxes\"],\"inLanguage\":\"gl-ES\",\"potentialAction\":[{\"@type\":\"CommentAction\",\"name\":\"Comment\",\"target\":[\"https:\\\/\\\/www.anovapeneira.gal\\\/index.php\\\/2022\\\/02\\\/11\\\/especial-eolicos\\\/#respond\"]}]},{\"@type\":\"WebPage\",\"@id\":\"https:\\\/\\\/www.anovapeneira.gal\\\/index.php\\\/2022\\\/02\\\/11\\\/especial-eolicos\\\/\",\"url\":\"https:\\\/\\\/www.anovapeneira.gal\\\/index.php\\\/2022\\\/02\\\/11\\\/especial-eolicos\\\/\",\"name\":\"Especial E\u00f3licos -\",\"isPartOf\":{\"@id\":\"https:\\\/\\\/www.anovapeneira.gal\\\/#website\"},\"primaryImageOfPage\":{\"@id\":\"https:\\\/\\\/www.anovapeneira.gal\\\/index.php\\\/2022\\\/02\\\/11\\\/especial-eolicos\\\/#primaryimage\"},\"image\":{\"@id\":\"https:\\\/\\\/www.anovapeneira.gal\\\/index.php\\\/2022\\\/02\\\/11\\\/especial-eolicos\\\/#primaryimage\"},\"thumbnailUrl\":\"https:\\\/\\\/www.anovapeneira.gal\\\/wp-content\\\/uploads\\\/2022\\\/02\\\/rede_stop_eolicos.jpg\",\"datePublished\":\"2022-02-11T11:00:24+00:00\",\"dateModified\":\"2022-02-15T11:52:59+00:00\",\"description\":\"As\u00ed, tal como podemos ver na imaxe da Rede Galega Stop E\u00f3licos, \u00e9 como quedar\u00eda Galicia se a v\u00eda da presi\u00f3n social, e en \u00faltima instancia t\u00e9mome que a xudicializaci\u00f3n do asunto, non conseguen parar este disparate que supor\u00eda a fin de Galicia tal cal a co\u00f1ecemos. E todo para que ?\",\"breadcrumb\":{\"@id\":\"https:\\\/\\\/www.anovapeneira.gal\\\/index.php\\\/2022\\\/02\\\/11\\\/especial-eolicos\\\/#breadcrumb\"},\"inLanguage\":\"gl-ES\",\"potentialAction\":[{\"@type\":\"ReadAction\",\"target\":[\"https:\\\/\\\/www.anovapeneira.gal\\\/index.php\\\/2022\\\/02\\\/11\\\/especial-eolicos\\\/\"]}]},{\"@type\":\"ImageObject\",\"inLanguage\":\"gl-ES\",\"@id\":\"https:\\\/\\\/www.anovapeneira.gal\\\/index.php\\\/2022\\\/02\\\/11\\\/especial-eolicos\\\/#primaryimage\",\"url\":\"https:\\\/\\\/www.anovapeneira.gal\\\/wp-content\\\/uploads\\\/2022\\\/02\\\/rede_stop_eolicos.jpg\",\"contentUrl\":\"https:\\\/\\\/www.anovapeneira.gal\\\/wp-content\\\/uploads\\\/2022\\\/02\\\/rede_stop_eolicos.jpg\",\"width\":720,\"height\":432,\"caption\":\"Especial E\u00f3licos\"},{\"@type\":\"BreadcrumbList\",\"@id\":\"https:\\\/\\\/www.anovapeneira.gal\\\/index.php\\\/2022\\\/02\\\/11\\\/especial-eolicos\\\/#breadcrumb\",\"itemListElement\":[{\"@type\":\"ListItem\",\"position\":1,\"name\":\"Portada\",\"item\":\"https:\\\/\\\/www.anovapeneira.gal\\\/\"},{\"@type\":\"ListItem\",\"position\":2,\"name\":\"Especial E\u00f3licos\"}]},{\"@type\":\"WebSite\",\"@id\":\"https:\\\/\\\/www.anovapeneira.gal\\\/#website\",\"url\":\"https:\\\/\\\/www.anovapeneira.gal\\\/\",\"name\":\"\",\"description\":\"Xornal galego de informaci\u00f3n xeral Publicaci\u00f3n mensual de novas de Galicia e en especial dos Concellos da sur da provincia de Pontevedra.\",\"publisher\":{\"@id\":\"https:\\\/\\\/www.anovapeneira.gal\\\/#organization\"},\"potentialAction\":[{\"@type\":\"SearchAction\",\"target\":{\"@type\":\"EntryPoint\",\"urlTemplate\":\"https:\\\/\\\/www.anovapeneira.gal\\\/?s={search_term_string}\"},\"query-input\":{\"@type\":\"PropertyValueSpecification\",\"valueRequired\":true,\"valueName\":\"search_term_string\"}}],\"inLanguage\":\"gl-ES\"},{\"@type\":\"Organization\",\"@id\":\"https:\\\/\\\/www.anovapeneira.gal\\\/#organization\",\"name\":\"A Nova Peneira\",\"url\":\"https:\\\/\\\/www.anovapeneira.gal\\\/\",\"logo\":{\"@type\":\"ImageObject\",\"inLanguage\":\"gl-ES\",\"@id\":\"https:\\\/\\\/www.anovapeneira.gal\\\/#\\\/schema\\\/logo\\\/image\\\/\",\"url\":\"http:\\\/\\\/www.anovapeneira.gal\\\/wp-content\\\/uploads\\\/2019\\\/06\\\/logo_a_nova_peneira_portal_web.png\",\"contentUrl\":\"http:\\\/\\\/www.anovapeneira.gal\\\/wp-content\\\/uploads\\\/2019\\\/06\\\/logo_a_nova_peneira_portal_web.png\",\"width\":300,\"height\":100,\"caption\":\"A Nova Peneira\"},\"image\":{\"@id\":\"https:\\\/\\\/www.anovapeneira.gal\\\/#\\\/schema\\\/logo\\\/image\\\/\"},\"sameAs\":[\"https:\\\/\\\/www.facebook.com\\\/anovapeneira\",\"https:\\\/\\\/x.com\\\/APeneira\"]},{\"@type\":\"Person\",\"@id\":\"https:\\\/\\\/www.anovapeneira.gal\\\/#\\\/schema\\\/person\\\/42f904d7cac80cf3f5a31494dd82a9b6\",\"name\":\"G. Figueiredo\",\"image\":{\"@type\":\"ImageObject\",\"inLanguage\":\"gl-ES\",\"@id\":\"https:\\\/\\\/secure.gravatar.com\\\/avatar\\\/2d970086688458e0398ef8b84f5cbb8cc1ec3ab115aeb8435135a9f556af97b3?s=96&d=mm&r=g\",\"url\":\"https:\\\/\\\/secure.gravatar.com\\\/avatar\\\/2d970086688458e0398ef8b84f5cbb8cc1ec3ab115aeb8435135a9f556af97b3?s=96&d=mm&r=g\",\"contentUrl\":\"https:\\\/\\\/secure.gravatar.com\\\/avatar\\\/2d970086688458e0398ef8b84f5cbb8cc1ec3ab115aeb8435135a9f556af97b3?s=96&d=mm&r=g\",\"caption\":\"G. Figueiredo\"},\"sameAs\":[\"http:\\\/\\\/www.anovapeneira.gal\\\/\"],\"url\":\"https:\\\/\\\/www.anovapeneira.gal\\\/index.php\\\/author\\\/g-figueiredo\\\/\"}]}<\/script>\n<!-- \/ Yoast SEO plugin. -->","yoast_head_json":{"title":"Especial E\u00f3licos -","description":"As\u00ed, tal como podemos ver na imaxe da Rede Galega Stop E\u00f3licos, \u00e9 como quedar\u00eda Galicia se a v\u00eda da presi\u00f3n social, e en \u00faltima instancia t\u00e9mome que a xudicializaci\u00f3n do asunto, non conseguen parar este disparate que supor\u00eda a fin de Galicia tal cal a co\u00f1ecemos. E todo para que ?","robots":{"index":"index","follow":"follow","max-snippet":"max-snippet:-1","max-image-preview":"max-image-preview:large","max-video-preview":"max-video-preview:-1"},"canonical":"https:\/\/www.anovapeneira.gal\/index.php\/2022\/02\/11\/especial-eolicos\/","og_locale":"gl_ES","og_type":"article","og_title":"Especial E\u00f3licos -","og_description":"As\u00ed, tal como podemos ver na imaxe da Rede Galega Stop E\u00f3licos, \u00e9 como quedar\u00eda Galicia se a v\u00eda da presi\u00f3n social, e en \u00faltima instancia t\u00e9mome que a xudicializaci\u00f3n do asunto, non conseguen parar este disparate que supor\u00eda a fin de Galicia tal cal a co\u00f1ecemos. E todo para que ?","og_url":"https:\/\/www.anovapeneira.gal\/index.php\/2022\/02\/11\/especial-eolicos\/","article_publisher":"https:\/\/www.facebook.com\/anovapeneira","article_published_time":"2022-02-11T11:00:24+00:00","article_modified_time":"2022-02-15T11:52:59+00:00","og_image":[{"width":720,"height":432,"url":"https:\/\/www.anovapeneira.gal\/wp-content\/uploads\/2022\/02\/rede_stop_eolicos.jpg","type":"image\/jpeg"}],"author":"G. Figueiredo","twitter_card":"summary_large_image","twitter_creator":"@APeneira","twitter_site":"@APeneira","twitter_misc":{"Escrito por":"G. Figueiredo","Tempo de lectura":"36 minutos"},"schema":{"@context":"https:\/\/schema.org","@graph":[{"@type":"Article","@id":"https:\/\/www.anovapeneira.gal\/index.php\/2022\/02\/11\/especial-eolicos\/#article","isPartOf":{"@id":"https:\/\/www.anovapeneira.gal\/index.php\/2022\/02\/11\/especial-eolicos\/"},"author":{"name":"G. Figueiredo","@id":"https:\/\/www.anovapeneira.gal\/#\/schema\/person\/42f904d7cac80cf3f5a31494dd82a9b6"},"headline":"Especial E\u00f3licos","datePublished":"2022-02-11T11:00:24+00:00","dateModified":"2022-02-15T11:52:59+00:00","mainEntityOfPage":{"@id":"https:\/\/www.anovapeneira.gal\/index.php\/2022\/02\/11\/especial-eolicos\/"},"wordCount":6943,"commentCount":0,"publisher":{"@id":"https:\/\/www.anovapeneira.gal\/#organization"},"image":{"@id":"https:\/\/www.anovapeneira.gal\/index.php\/2022\/02\/11\/especial-eolicos\/#primaryimage"},"thumbnailUrl":"https:\/\/www.anovapeneira.gal\/wp-content\/uploads\/2022\/02\/rede_stop_eolicos.jpg","keywords":["E\u00f3licos"],"articleSection":["Reportaxes"],"inLanguage":"gl-ES","potentialAction":[{"@type":"CommentAction","name":"Comment","target":["https:\/\/www.anovapeneira.gal\/index.php\/2022\/02\/11\/especial-eolicos\/#respond"]}]},{"@type":"WebPage","@id":"https:\/\/www.anovapeneira.gal\/index.php\/2022\/02\/11\/especial-eolicos\/","url":"https:\/\/www.anovapeneira.gal\/index.php\/2022\/02\/11\/especial-eolicos\/","name":"Especial E\u00f3licos -","isPartOf":{"@id":"https:\/\/www.anovapeneira.gal\/#website"},"primaryImageOfPage":{"@id":"https:\/\/www.anovapeneira.gal\/index.php\/2022\/02\/11\/especial-eolicos\/#primaryimage"},"image":{"@id":"https:\/\/www.anovapeneira.gal\/index.php\/2022\/02\/11\/especial-eolicos\/#primaryimage"},"thumbnailUrl":"https:\/\/www.anovapeneira.gal\/wp-content\/uploads\/2022\/02\/rede_stop_eolicos.jpg","datePublished":"2022-02-11T11:00:24+00:00","dateModified":"2022-02-15T11:52:59+00:00","description":"As\u00ed, tal como podemos ver na imaxe da Rede Galega Stop E\u00f3licos, \u00e9 como quedar\u00eda Galicia se a v\u00eda da presi\u00f3n social, e en \u00faltima instancia t\u00e9mome que a xudicializaci\u00f3n do asunto, non conseguen parar este disparate que supor\u00eda a fin de Galicia tal cal a co\u00f1ecemos. E todo para que ?","breadcrumb":{"@id":"https:\/\/www.anovapeneira.gal\/index.php\/2022\/02\/11\/especial-eolicos\/#breadcrumb"},"inLanguage":"gl-ES","potentialAction":[{"@type":"ReadAction","target":["https:\/\/www.anovapeneira.gal\/index.php\/2022\/02\/11\/especial-eolicos\/"]}]},{"@type":"ImageObject","inLanguage":"gl-ES","@id":"https:\/\/www.anovapeneira.gal\/index.php\/2022\/02\/11\/especial-eolicos\/#primaryimage","url":"https:\/\/www.anovapeneira.gal\/wp-content\/uploads\/2022\/02\/rede_stop_eolicos.jpg","contentUrl":"https:\/\/www.anovapeneira.gal\/wp-content\/uploads\/2022\/02\/rede_stop_eolicos.jpg","width":720,"height":432,"caption":"Especial E\u00f3licos"},{"@type":"BreadcrumbList","@id":"https:\/\/www.anovapeneira.gal\/index.php\/2022\/02\/11\/especial-eolicos\/#breadcrumb","itemListElement":[{"@type":"ListItem","position":1,"name":"Portada","item":"https:\/\/www.anovapeneira.gal\/"},{"@type":"ListItem","position":2,"name":"Especial E\u00f3licos"}]},{"@type":"WebSite","@id":"https:\/\/www.anovapeneira.gal\/#website","url":"https:\/\/www.anovapeneira.gal\/","name":"","description":"Xornal galego de informaci\u00f3n xeral Publicaci\u00f3n mensual de novas de Galicia e en especial dos Concellos da sur da provincia de Pontevedra.","publisher":{"@id":"https:\/\/www.anovapeneira.gal\/#organization"},"potentialAction":[{"@type":"SearchAction","target":{"@type":"EntryPoint","urlTemplate":"https:\/\/www.anovapeneira.gal\/?s={search_term_string}"},"query-input":{"@type":"PropertyValueSpecification","valueRequired":true,"valueName":"search_term_string"}}],"inLanguage":"gl-ES"},{"@type":"Organization","@id":"https:\/\/www.anovapeneira.gal\/#organization","name":"A Nova Peneira","url":"https:\/\/www.anovapeneira.gal\/","logo":{"@type":"ImageObject","inLanguage":"gl-ES","@id":"https:\/\/www.anovapeneira.gal\/#\/schema\/logo\/image\/","url":"http:\/\/www.anovapeneira.gal\/wp-content\/uploads\/2019\/06\/logo_a_nova_peneira_portal_web.png","contentUrl":"http:\/\/www.anovapeneira.gal\/wp-content\/uploads\/2019\/06\/logo_a_nova_peneira_portal_web.png","width":300,"height":100,"caption":"A Nova Peneira"},"image":{"@id":"https:\/\/www.anovapeneira.gal\/#\/schema\/logo\/image\/"},"sameAs":["https:\/\/www.facebook.com\/anovapeneira","https:\/\/x.com\/APeneira"]},{"@type":"Person","@id":"https:\/\/www.anovapeneira.gal\/#\/schema\/person\/42f904d7cac80cf3f5a31494dd82a9b6","name":"G. Figueiredo","image":{"@type":"ImageObject","inLanguage":"gl-ES","@id":"https:\/\/secure.gravatar.com\/avatar\/2d970086688458e0398ef8b84f5cbb8cc1ec3ab115aeb8435135a9f556af97b3?s=96&d=mm&r=g","url":"https:\/\/secure.gravatar.com\/avatar\/2d970086688458e0398ef8b84f5cbb8cc1ec3ab115aeb8435135a9f556af97b3?s=96&d=mm&r=g","contentUrl":"https:\/\/secure.gravatar.com\/avatar\/2d970086688458e0398ef8b84f5cbb8cc1ec3ab115aeb8435135a9f556af97b3?s=96&d=mm&r=g","caption":"G. Figueiredo"},"sameAs":["http:\/\/www.anovapeneira.gal\/"],"url":"https:\/\/www.anovapeneira.gal\/index.php\/author\/g-figueiredo\/"}]}},"jetpack_featured_media_url":"https:\/\/www.anovapeneira.gal\/wp-content\/uploads\/2022\/02\/rede_stop_eolicos.jpg","_links":{"self":[{"href":"https:\/\/www.anovapeneira.gal\/index.php\/wp-json\/wp\/v2\/posts\/6912","targetHints":{"allow":["GET"]}}],"collection":[{"href":"https:\/\/www.anovapeneira.gal\/index.php\/wp-json\/wp\/v2\/posts"}],"about":[{"href":"https:\/\/www.anovapeneira.gal\/index.php\/wp-json\/wp\/v2\/types\/post"}],"author":[{"embeddable":true,"href":"https:\/\/www.anovapeneira.gal\/index.php\/wp-json\/wp\/v2\/users\/17"}],"replies":[{"embeddable":true,"href":"https:\/\/www.anovapeneira.gal\/index.php\/wp-json\/wp\/v2\/comments?post=6912"}],"version-history":[{"count":31,"href":"https:\/\/www.anovapeneira.gal\/index.php\/wp-json\/wp\/v2\/posts\/6912\/revisions"}],"predecessor-version":[{"id":6992,"href":"https:\/\/www.anovapeneira.gal\/index.php\/wp-json\/wp\/v2\/posts\/6912\/revisions\/6992"}],"wp:featuredmedia":[{"embeddable":true,"href":"https:\/\/www.anovapeneira.gal\/index.php\/wp-json\/wp\/v2\/media\/6914"}],"wp:attachment":[{"href":"https:\/\/www.anovapeneira.gal\/index.php\/wp-json\/wp\/v2\/media?parent=6912"}],"wp:term":[{"taxonomy":"category","embeddable":true,"href":"https:\/\/www.anovapeneira.gal\/index.php\/wp-json\/wp\/v2\/categories?post=6912"},{"taxonomy":"post_tag","embeddable":true,"href":"https:\/\/www.anovapeneira.gal\/index.php\/wp-json\/wp\/v2\/tags?post=6912"}],"curies":[{"name":"wp","href":"https:\/\/api.w.org\/{rel}","templated":true}]}}