{"id":6977,"date":"2022-02-16T12:00:26","date_gmt":"2022-02-16T11:00:26","guid":{"rendered":"https:\/\/www.anovapeneira.gal\/?p=6977"},"modified":"2022-02-14T09:59:48","modified_gmt":"2022-02-14T08:59:48","slug":"causa-galiza-alerta-de-que-o-apoio-a-instalacom-dumha-celulose-portuguesa-na-marinha-e-a-prova-da-deriva-possibilista-do-bng","status":"publish","type":"post","link":"https:\/\/www.anovapeneira.gal\/index.php\/2022\/02\/16\/causa-galiza-alerta-de-que-o-apoio-a-instalacom-dumha-celulose-portuguesa-na-marinha-e-a-prova-da-deriva-possibilista-do-bng\/","title":{"rendered":"Causa Galiza alerta de que o apoio \u00e0 instala\u00e7om dumha celulose portuguesa na Marinha \u00e9 a prova da deriva possibilista do BNG"},"content":{"rendered":"\n<p>A aprova\u00e7om un\u00e2nime ontem no Parlamento galego dumha declara\u00e7om que apoia a instala\u00e7om dumha instala\u00e7om de fabrica\u00e7om de fibra t\u00eaxtil abre a porta falsa para a entrada dumha nova celulose na Galiza.<\/p>\n\n\n\n<p>O que se aprovou por unanimidade, com os votos a favor do BNG, \u00e9 umha iniciativa do PP transacionada com o PSOE, para apoiar que a f\u00e1brica de fibras t\u00eaxtis que promove o cons\u00f3rcio Impulsa, criado pola Junta da Galiza e Abanca para captar fundos europeus Next Generation, e que assinou um compromisso de entendemento com a multinacional lusa da celulose Altri, se instale \u201cpreferentemente\u201d na comarca luguesa da Marinha.<\/p>\n\n\n\n<p>Na declara\u00e7om afirma-se que se deve \u201cdar prioridade ao processo de desenho\u201d desta f\u00e1brica \u201cpor ser umha gram aposta, tanto desde o ponto de vista econ\u00f3mico e laboral, como desde o ponto de vista estrat\u00e9gico\u201d. E concreta que se \u201cpropicie o seu emprazamento preferentemente\u201d na Marinha.<\/p>\n\n\n\n<p>Altri \u00e9 umha das mais poderosas multinacionais europeias da celulose de eucalipto. As suas filiais Celulosas da Beira Industrial (CELBI) e Caima Ind\u00fastria de Celulose SA somam 1.100.000 toneladas de produ\u00e7om anual de pulpa de celulose de eucalipto BEKP e de pulpa sol\u00favel de celulosa, que \u00e9 utilizada para a fabrica\u00e7om de fibras t\u00eaxtis. Se a planta de Caima foi a primeira no mundo em operar fabricando pulpa de celulose a partir de madeira de eucalipto, desde 2018 \u00e9 a pioneira na obten\u00e7om de fibras t\u00eaxtis a partir desta mesma madeira. A planta que se quer projetar na Marinha aproveitaria a experi\u00eancia da de Caima, por isso a Junta selecionou a Altri. A celulose da Celbi e a da Caima tenhem sido acusadas de poluir de forma recorrente as suas respetivas contornas, tanto o meio aqu\u00e1tico bem como o atmosf\u00e9rico. O seu neg\u00f3cio forestal \u00e9 respons\u00e1vel pola eucaliptiza\u00e7om de d\u00facias de milheiros de hectares em Portugal.<\/p>\n\n\n\n<p>A assinatura em 1 de outubro de 2021 dum compromisso de colabora\u00e7om entre Impulsa, o cons\u00f3rcio da Junta da Galiza e Abanca, e Altri para promover umha <em>\u201cunidade industrial que venha a ter capacidade para produzir anualmente cerca de 200.000 toneladas de pasta sol\u00favel e fibras sustent\u00e1veis, tendo em vista, principalmente, o fornecimento do sector t\u00eaxtil, aproveitando o excecional cluster T\u00eaxtil do Norte da Pen\u00ednsula Ib\u00e9rica, enquadrando-se no programa \u00abNext Generation EU\u00bb e no Plano Nacional de Recupera\u00e7\u00e3o e Resili\u00eancia Espanhol\u201d<\/em> iria acompanhado dum plano forestal, tal como se concreta no texto do <em>Memorando de Entendimento<\/em> assinado: <em>\u201cprev\u00ea-se ainda o desenvolvimento de um plano t\u00e9cnico, operativo e comercial, no contexto do Proyecto de Gesti\u00f3n Sostenible de los Bosques Gallegos<\/em>\u201d.<a href=\"#sdendnote1sym\"><sup>i<\/sup><\/a><\/p>\n\n\n\n<p><strong>O voto do BNG<\/strong><\/p>\n\n\n\n<p>O voto afirmativo do BNG \u00e9, mais umha vez, a prova palp\u00e1vel de que a frwnte nacionalista d\u00e1 apoio \u00e0s posi\u00e7ons contr\u00e1rias ao pa\u00eds quando de questons estrat\u00e9gicas se tratar. J\u00e1 se viu na hist\u00f3ria recente em momentos fundamentais, apoiando a constru\u00e7om da planta de Reganosa de Mugardos ou a conexom de alta velocidade ferrovi\u00e1ria com Madrid. No caso da f\u00e1brica de Altri, o BNG \u00e9 capaz de reivindicar a sa\u00edda da f\u00e1brica de Ence da ria de Ponte Vedra, sem concretar alternativa e sem atrever-se a defender a sua sa\u00edda do Pa\u00eds, e, ao mesmo tempo, assinar umha declara\u00e7om de apoio para trazer umha nova celulose para a Marinha.<\/p>\n\n\n\n<p>Em chave interna, a pergunta \u00e9 se as bases do BNG som conscientes do caminho iniciado pola forma\u00e7om nacionalista cara um pragmatismo possibilista que renega de dar a batalha contra a industrializa\u00e7om de enclave, um dos seus postulados hist\u00f3ricos, ou de defender um modelo florestal alternativo que impida a eucaliptiza\u00e7om do Pa\u00eds. Este pragmatismo florestal achega o nacionalismo galego \u00e0 aceita\u00e7om do <em>statu quo<\/em> ditado polas multinacionais da celulose e consolida umha a\u00e7om pol\u00edtica morna, em linha com a tradicional aposta de \u201csoltar lastre para governar\u201d.<\/p>\n\n\n\n<p>A outra pergunta \u00e9 se as correntes arredistas que participam do frentismo do BNG som capazes de aceitar os sucessivos passos que conducir\u00e1m \u00e0 forma\u00e7om cara umha versom hiperpossibilista, que renuncia \u00e0 interven\u00e7om nas problem\u00e1ticas de car\u00e1cter colonial que atingem a boa parte do povo galego organizado em plataformas e movimentos de oposi\u00e7om.<\/p>\n\n\n\n<p><\/p>\n","protected":false},"excerpt":{"rendered":"<div class=\"mh-excerpt\"><p>A aprova\u00e7om un\u00e2nime ontem no Parlamento galego dumha declara\u00e7om que apoia a instala\u00e7om dumha instala\u00e7om de fabrica\u00e7om de fibra t\u00eaxtil abre a porta falsa para a entrada dumha nova celulose na Galiza. <a class=\"mh-excerpt-more\" href=\"https:\/\/www.anovapeneira.gal\/index.php\/2022\/02\/16\/causa-galiza-alerta-de-que-o-apoio-a-instalacom-dumha-celulose-portuguesa-na-marinha-e-a-prova-da-deriva-possibilista-do-bng\/\" title=\"Causa Galiza alerta de que o apoio \u00e0 instala\u00e7om dumha celulose portuguesa na Marinha \u00e9 a prova da deriva possibilista do BNG\">[&#8230;]<\/a><\/p>\n<\/div>","protected":false},"author":3,"featured_media":6978,"comment_status":"open","ping_status":"open","sticky":false,"template":"","format":"standard","meta":{"_exactmetrics_skip_tracking":false,"_exactmetrics_sitenote_active":false,"_exactmetrics_sitenote_note":"","_exactmetrics_sitenote_category":0,"footnotes":""},"categories":[263],"tags":[],"class_list":{"0":"post-6977","1":"post","2":"type-post","3":"status-publish","4":"format-standard","5":"has-post-thumbnail","7":"category-novas"},"yoast_head":"<!-- This site is optimized with the Yoast SEO plugin v27.4 - https:\/\/yoast.com\/product\/yoast-seo-wordpress\/ -->\n<title>Causa Galiza alerta de que o apoio \u00e0 instala\u00e7om dumha celulose portuguesa na Marinha \u00e9 a prova da deriva possibilista do BNG -<\/title>\n<meta name=\"description\" content=\"A aprova\u00e7om un\u00e2nime ontem no Parlamento galego dumha declara\u00e7om que apoia a instala\u00e7om dumha instala\u00e7om de fabrica\u00e7om de fibra t\u00eaxtil abre a porta falsa para a entrada dumha nova celulose na Galiza.\" \/>\n<meta name=\"robots\" content=\"index, follow, max-snippet:-1, max-image-preview:large, max-video-preview:-1\" \/>\n<link rel=\"canonical\" href=\"https:\/\/www.anovapeneira.gal\/index.php\/2022\/02\/16\/causa-galiza-alerta-de-que-o-apoio-a-instalacom-dumha-celulose-portuguesa-na-marinha-e-a-prova-da-deriva-possibilista-do-bng\/\" \/>\n<meta property=\"og:locale\" content=\"gl_ES\" \/>\n<meta property=\"og:type\" content=\"article\" \/>\n<meta property=\"og:title\" content=\"Causa Galiza alerta de que o apoio \u00e0 instala\u00e7om dumha celulose portuguesa na Marinha \u00e9 a prova da deriva possibilista do BNG -\" \/>\n<meta property=\"og:description\" content=\"A aprova\u00e7om un\u00e2nime ontem no Parlamento galego dumha declara\u00e7om que apoia a instala\u00e7om dumha instala\u00e7om de fabrica\u00e7om de fibra t\u00eaxtil abre a porta falsa para a entrada dumha nova celulose na Galiza.\" \/>\n<meta property=\"og:url\" content=\"https:\/\/www.anovapeneira.gal\/index.php\/2022\/02\/16\/causa-galiza-alerta-de-que-o-apoio-a-instalacom-dumha-celulose-portuguesa-na-marinha-e-a-prova-da-deriva-possibilista-do-bng\/\" \/>\n<meta property=\"article:publisher\" content=\"https:\/\/www.facebook.com\/anovapeneira\" \/>\n<meta property=\"article:published_time\" content=\"2022-02-16T11:00:26+00:00\" \/>\n<meta property=\"og:image\" content=\"https:\/\/www.anovapeneira.gal\/wp-content\/uploads\/2022\/02\/causagaliza.jpg\" \/>\n\t<meta property=\"og:image:width\" content=\"720\" \/>\n\t<meta property=\"og:image:height\" content=\"432\" \/>\n\t<meta property=\"og:image:type\" content=\"image\/jpeg\" \/>\n<meta name=\"author\" content=\"Redacci\u00f3n A Nova Peneira\" \/>\n<meta name=\"twitter:card\" content=\"summary_large_image\" \/>\n<meta name=\"twitter:creator\" content=\"@APeneira\" \/>\n<meta name=\"twitter:site\" content=\"@APeneira\" \/>\n<meta name=\"twitter:label1\" content=\"Escrito por\" \/>\n\t<meta name=\"twitter:data1\" content=\"Redacci\u00f3n A Nova Peneira\" \/>\n\t<meta name=\"twitter:label2\" content=\"Tempo de lectura\" \/>\n\t<meta name=\"twitter:data2\" content=\"4 minutos\" \/>\n<script type=\"application\/ld+json\" class=\"yoast-schema-graph\">{\"@context\":\"https:\\\/\\\/schema.org\",\"@graph\":[{\"@type\":\"Article\",\"@id\":\"https:\\\/\\\/www.anovapeneira.gal\\\/index.php\\\/2022\\\/02\\\/16\\\/causa-galiza-alerta-de-que-o-apoio-a-instalacom-dumha-celulose-portuguesa-na-marinha-e-a-prova-da-deriva-possibilista-do-bng\\\/#article\",\"isPartOf\":{\"@id\":\"https:\\\/\\\/www.anovapeneira.gal\\\/index.php\\\/2022\\\/02\\\/16\\\/causa-galiza-alerta-de-que-o-apoio-a-instalacom-dumha-celulose-portuguesa-na-marinha-e-a-prova-da-deriva-possibilista-do-bng\\\/\"},\"author\":{\"name\":\"Redacci\u00f3n A Nova Peneira\",\"@id\":\"https:\\\/\\\/www.anovapeneira.gal\\\/#\\\/schema\\\/person\\\/b93e3f8932e3f8da96334607eb6ac6aa\"},\"headline\":\"Causa Galiza alerta de que o apoio \u00e0 instala\u00e7om dumha celulose portuguesa na Marinha \u00e9 a prova da deriva possibilista do BNG\",\"datePublished\":\"2022-02-16T11:00:26+00:00\",\"mainEntityOfPage\":{\"@id\":\"https:\\\/\\\/www.anovapeneira.gal\\\/index.php\\\/2022\\\/02\\\/16\\\/causa-galiza-alerta-de-que-o-apoio-a-instalacom-dumha-celulose-portuguesa-na-marinha-e-a-prova-da-deriva-possibilista-do-bng\\\/\"},\"wordCount\":750,\"commentCount\":0,\"publisher\":{\"@id\":\"https:\\\/\\\/www.anovapeneira.gal\\\/#organization\"},\"image\":{\"@id\":\"https:\\\/\\\/www.anovapeneira.gal\\\/index.php\\\/2022\\\/02\\\/16\\\/causa-galiza-alerta-de-que-o-apoio-a-instalacom-dumha-celulose-portuguesa-na-marinha-e-a-prova-da-deriva-possibilista-do-bng\\\/#primaryimage\"},\"thumbnailUrl\":\"https:\\\/\\\/www.anovapeneira.gal\\\/wp-content\\\/uploads\\\/2022\\\/02\\\/causagaliza.jpg\",\"articleSection\":[\"Novas\"],\"inLanguage\":\"gl-ES\",\"potentialAction\":[{\"@type\":\"CommentAction\",\"name\":\"Comment\",\"target\":[\"https:\\\/\\\/www.anovapeneira.gal\\\/index.php\\\/2022\\\/02\\\/16\\\/causa-galiza-alerta-de-que-o-apoio-a-instalacom-dumha-celulose-portuguesa-na-marinha-e-a-prova-da-deriva-possibilista-do-bng\\\/#respond\"]}]},{\"@type\":\"WebPage\",\"@id\":\"https:\\\/\\\/www.anovapeneira.gal\\\/index.php\\\/2022\\\/02\\\/16\\\/causa-galiza-alerta-de-que-o-apoio-a-instalacom-dumha-celulose-portuguesa-na-marinha-e-a-prova-da-deriva-possibilista-do-bng\\\/\",\"url\":\"https:\\\/\\\/www.anovapeneira.gal\\\/index.php\\\/2022\\\/02\\\/16\\\/causa-galiza-alerta-de-que-o-apoio-a-instalacom-dumha-celulose-portuguesa-na-marinha-e-a-prova-da-deriva-possibilista-do-bng\\\/\",\"name\":\"Causa Galiza alerta de que o apoio \u00e0 instala\u00e7om dumha celulose portuguesa na Marinha \u00e9 a prova da deriva possibilista do BNG -\",\"isPartOf\":{\"@id\":\"https:\\\/\\\/www.anovapeneira.gal\\\/#website\"},\"primaryImageOfPage\":{\"@id\":\"https:\\\/\\\/www.anovapeneira.gal\\\/index.php\\\/2022\\\/02\\\/16\\\/causa-galiza-alerta-de-que-o-apoio-a-instalacom-dumha-celulose-portuguesa-na-marinha-e-a-prova-da-deriva-possibilista-do-bng\\\/#primaryimage\"},\"image\":{\"@id\":\"https:\\\/\\\/www.anovapeneira.gal\\\/index.php\\\/2022\\\/02\\\/16\\\/causa-galiza-alerta-de-que-o-apoio-a-instalacom-dumha-celulose-portuguesa-na-marinha-e-a-prova-da-deriva-possibilista-do-bng\\\/#primaryimage\"},\"thumbnailUrl\":\"https:\\\/\\\/www.anovapeneira.gal\\\/wp-content\\\/uploads\\\/2022\\\/02\\\/causagaliza.jpg\",\"datePublished\":\"2022-02-16T11:00:26+00:00\",\"description\":\"A aprova\u00e7om un\u00e2nime ontem no Parlamento galego dumha declara\u00e7om que apoia a instala\u00e7om dumha instala\u00e7om de fabrica\u00e7om de fibra t\u00eaxtil abre a porta falsa para a entrada dumha nova celulose na Galiza.\",\"breadcrumb\":{\"@id\":\"https:\\\/\\\/www.anovapeneira.gal\\\/index.php\\\/2022\\\/02\\\/16\\\/causa-galiza-alerta-de-que-o-apoio-a-instalacom-dumha-celulose-portuguesa-na-marinha-e-a-prova-da-deriva-possibilista-do-bng\\\/#breadcrumb\"},\"inLanguage\":\"gl-ES\",\"potentialAction\":[{\"@type\":\"ReadAction\",\"target\":[\"https:\\\/\\\/www.anovapeneira.gal\\\/index.php\\\/2022\\\/02\\\/16\\\/causa-galiza-alerta-de-que-o-apoio-a-instalacom-dumha-celulose-portuguesa-na-marinha-e-a-prova-da-deriva-possibilista-do-bng\\\/\"]}]},{\"@type\":\"ImageObject\",\"inLanguage\":\"gl-ES\",\"@id\":\"https:\\\/\\\/www.anovapeneira.gal\\\/index.php\\\/2022\\\/02\\\/16\\\/causa-galiza-alerta-de-que-o-apoio-a-instalacom-dumha-celulose-portuguesa-na-marinha-e-a-prova-da-deriva-possibilista-do-bng\\\/#primaryimage\",\"url\":\"https:\\\/\\\/www.anovapeneira.gal\\\/wp-content\\\/uploads\\\/2022\\\/02\\\/causagaliza.jpg\",\"contentUrl\":\"https:\\\/\\\/www.anovapeneira.gal\\\/wp-content\\\/uploads\\\/2022\\\/02\\\/causagaliza.jpg\",\"width\":720,\"height\":432,\"caption\":\"causa galiza\"},{\"@type\":\"BreadcrumbList\",\"@id\":\"https:\\\/\\\/www.anovapeneira.gal\\\/index.php\\\/2022\\\/02\\\/16\\\/causa-galiza-alerta-de-que-o-apoio-a-instalacom-dumha-celulose-portuguesa-na-marinha-e-a-prova-da-deriva-possibilista-do-bng\\\/#breadcrumb\",\"itemListElement\":[{\"@type\":\"ListItem\",\"position\":1,\"name\":\"Portada\",\"item\":\"https:\\\/\\\/www.anovapeneira.gal\\\/\"},{\"@type\":\"ListItem\",\"position\":2,\"name\":\"Causa Galiza alerta de que o apoio \u00e0 instala\u00e7om dumha celulose portuguesa na Marinha \u00e9 a prova da deriva possibilista do BNG\"}]},{\"@type\":\"WebSite\",\"@id\":\"https:\\\/\\\/www.anovapeneira.gal\\\/#website\",\"url\":\"https:\\\/\\\/www.anovapeneira.gal\\\/\",\"name\":\"\",\"description\":\"Xornal galego de informaci\u00f3n xeral Publicaci\u00f3n mensual de novas de Galicia e en especial dos Concellos da sur da provincia de Pontevedra.\",\"publisher\":{\"@id\":\"https:\\\/\\\/www.anovapeneira.gal\\\/#organization\"},\"potentialAction\":[{\"@type\":\"SearchAction\",\"target\":{\"@type\":\"EntryPoint\",\"urlTemplate\":\"https:\\\/\\\/www.anovapeneira.gal\\\/?s={search_term_string}\"},\"query-input\":{\"@type\":\"PropertyValueSpecification\",\"valueRequired\":true,\"valueName\":\"search_term_string\"}}],\"inLanguage\":\"gl-ES\"},{\"@type\":\"Organization\",\"@id\":\"https:\\\/\\\/www.anovapeneira.gal\\\/#organization\",\"name\":\"A Nova Peneira\",\"url\":\"https:\\\/\\\/www.anovapeneira.gal\\\/\",\"logo\":{\"@type\":\"ImageObject\",\"inLanguage\":\"gl-ES\",\"@id\":\"https:\\\/\\\/www.anovapeneira.gal\\\/#\\\/schema\\\/logo\\\/image\\\/\",\"url\":\"http:\\\/\\\/www.anovapeneira.gal\\\/wp-content\\\/uploads\\\/2019\\\/06\\\/logo_a_nova_peneira_portal_web.png\",\"contentUrl\":\"http:\\\/\\\/www.anovapeneira.gal\\\/wp-content\\\/uploads\\\/2019\\\/06\\\/logo_a_nova_peneira_portal_web.png\",\"width\":300,\"height\":100,\"caption\":\"A Nova Peneira\"},\"image\":{\"@id\":\"https:\\\/\\\/www.anovapeneira.gal\\\/#\\\/schema\\\/logo\\\/image\\\/\"},\"sameAs\":[\"https:\\\/\\\/www.facebook.com\\\/anovapeneira\",\"https:\\\/\\\/x.com\\\/APeneira\"]},{\"@type\":\"Person\",\"@id\":\"https:\\\/\\\/www.anovapeneira.gal\\\/#\\\/schema\\\/person\\\/b93e3f8932e3f8da96334607eb6ac6aa\",\"name\":\"Redacci\u00f3n A Nova Peneira\",\"image\":{\"@type\":\"ImageObject\",\"inLanguage\":\"gl-ES\",\"@id\":\"https:\\\/\\\/secure.gravatar.com\\\/avatar\\\/c052a2551a06e23fac63626232eaa90abd78dbcf1700fc46a2b2c89fd27b735f?s=96&d=mm&r=g\",\"url\":\"https:\\\/\\\/secure.gravatar.com\\\/avatar\\\/c052a2551a06e23fac63626232eaa90abd78dbcf1700fc46a2b2c89fd27b735f?s=96&d=mm&r=g\",\"contentUrl\":\"https:\\\/\\\/secure.gravatar.com\\\/avatar\\\/c052a2551a06e23fac63626232eaa90abd78dbcf1700fc46a2b2c89fd27b735f?s=96&d=mm&r=g\",\"caption\":\"Redacci\u00f3n A Nova Peneira\"},\"sameAs\":[\"http:\\\/\\\/www.anovapeneira.gal\\\/\"],\"url\":\"https:\\\/\\\/www.anovapeneira.gal\\\/index.php\\\/author\\\/redactor\\\/\"}]}<\/script>\n<!-- \/ Yoast SEO plugin. -->","yoast_head_json":{"title":"Causa Galiza alerta de que o apoio \u00e0 instala\u00e7om dumha celulose portuguesa na Marinha \u00e9 a prova da deriva possibilista do BNG -","description":"A aprova\u00e7om un\u00e2nime ontem no Parlamento galego dumha declara\u00e7om que apoia a instala\u00e7om dumha instala\u00e7om de fabrica\u00e7om de fibra t\u00eaxtil abre a porta falsa para a entrada dumha nova celulose na Galiza.","robots":{"index":"index","follow":"follow","max-snippet":"max-snippet:-1","max-image-preview":"max-image-preview:large","max-video-preview":"max-video-preview:-1"},"canonical":"https:\/\/www.anovapeneira.gal\/index.php\/2022\/02\/16\/causa-galiza-alerta-de-que-o-apoio-a-instalacom-dumha-celulose-portuguesa-na-marinha-e-a-prova-da-deriva-possibilista-do-bng\/","og_locale":"gl_ES","og_type":"article","og_title":"Causa Galiza alerta de que o apoio \u00e0 instala\u00e7om dumha celulose portuguesa na Marinha \u00e9 a prova da deriva possibilista do BNG -","og_description":"A aprova\u00e7om un\u00e2nime ontem no Parlamento galego dumha declara\u00e7om que apoia a instala\u00e7om dumha instala\u00e7om de fabrica\u00e7om de fibra t\u00eaxtil abre a porta falsa para a entrada dumha nova celulose na Galiza.","og_url":"https:\/\/www.anovapeneira.gal\/index.php\/2022\/02\/16\/causa-galiza-alerta-de-que-o-apoio-a-instalacom-dumha-celulose-portuguesa-na-marinha-e-a-prova-da-deriva-possibilista-do-bng\/","article_publisher":"https:\/\/www.facebook.com\/anovapeneira","article_published_time":"2022-02-16T11:00:26+00:00","og_image":[{"width":720,"height":432,"url":"https:\/\/www.anovapeneira.gal\/wp-content\/uploads\/2022\/02\/causagaliza.jpg","type":"image\/jpeg"}],"author":"Redacci\u00f3n A Nova Peneira","twitter_card":"summary_large_image","twitter_creator":"@APeneira","twitter_site":"@APeneira","twitter_misc":{"Escrito por":"Redacci\u00f3n A Nova Peneira","Tempo de lectura":"4 minutos"},"schema":{"@context":"https:\/\/schema.org","@graph":[{"@type":"Article","@id":"https:\/\/www.anovapeneira.gal\/index.php\/2022\/02\/16\/causa-galiza-alerta-de-que-o-apoio-a-instalacom-dumha-celulose-portuguesa-na-marinha-e-a-prova-da-deriva-possibilista-do-bng\/#article","isPartOf":{"@id":"https:\/\/www.anovapeneira.gal\/index.php\/2022\/02\/16\/causa-galiza-alerta-de-que-o-apoio-a-instalacom-dumha-celulose-portuguesa-na-marinha-e-a-prova-da-deriva-possibilista-do-bng\/"},"author":{"name":"Redacci\u00f3n A Nova Peneira","@id":"https:\/\/www.anovapeneira.gal\/#\/schema\/person\/b93e3f8932e3f8da96334607eb6ac6aa"},"headline":"Causa Galiza alerta de que o apoio \u00e0 instala\u00e7om dumha celulose portuguesa na Marinha \u00e9 a prova da deriva possibilista do BNG","datePublished":"2022-02-16T11:00:26+00:00","mainEntityOfPage":{"@id":"https:\/\/www.anovapeneira.gal\/index.php\/2022\/02\/16\/causa-galiza-alerta-de-que-o-apoio-a-instalacom-dumha-celulose-portuguesa-na-marinha-e-a-prova-da-deriva-possibilista-do-bng\/"},"wordCount":750,"commentCount":0,"publisher":{"@id":"https:\/\/www.anovapeneira.gal\/#organization"},"image":{"@id":"https:\/\/www.anovapeneira.gal\/index.php\/2022\/02\/16\/causa-galiza-alerta-de-que-o-apoio-a-instalacom-dumha-celulose-portuguesa-na-marinha-e-a-prova-da-deriva-possibilista-do-bng\/#primaryimage"},"thumbnailUrl":"https:\/\/www.anovapeneira.gal\/wp-content\/uploads\/2022\/02\/causagaliza.jpg","articleSection":["Novas"],"inLanguage":"gl-ES","potentialAction":[{"@type":"CommentAction","name":"Comment","target":["https:\/\/www.anovapeneira.gal\/index.php\/2022\/02\/16\/causa-galiza-alerta-de-que-o-apoio-a-instalacom-dumha-celulose-portuguesa-na-marinha-e-a-prova-da-deriva-possibilista-do-bng\/#respond"]}]},{"@type":"WebPage","@id":"https:\/\/www.anovapeneira.gal\/index.php\/2022\/02\/16\/causa-galiza-alerta-de-que-o-apoio-a-instalacom-dumha-celulose-portuguesa-na-marinha-e-a-prova-da-deriva-possibilista-do-bng\/","url":"https:\/\/www.anovapeneira.gal\/index.php\/2022\/02\/16\/causa-galiza-alerta-de-que-o-apoio-a-instalacom-dumha-celulose-portuguesa-na-marinha-e-a-prova-da-deriva-possibilista-do-bng\/","name":"Causa Galiza alerta de que o apoio \u00e0 instala\u00e7om dumha celulose portuguesa na Marinha \u00e9 a prova da deriva possibilista do BNG -","isPartOf":{"@id":"https:\/\/www.anovapeneira.gal\/#website"},"primaryImageOfPage":{"@id":"https:\/\/www.anovapeneira.gal\/index.php\/2022\/02\/16\/causa-galiza-alerta-de-que-o-apoio-a-instalacom-dumha-celulose-portuguesa-na-marinha-e-a-prova-da-deriva-possibilista-do-bng\/#primaryimage"},"image":{"@id":"https:\/\/www.anovapeneira.gal\/index.php\/2022\/02\/16\/causa-galiza-alerta-de-que-o-apoio-a-instalacom-dumha-celulose-portuguesa-na-marinha-e-a-prova-da-deriva-possibilista-do-bng\/#primaryimage"},"thumbnailUrl":"https:\/\/www.anovapeneira.gal\/wp-content\/uploads\/2022\/02\/causagaliza.jpg","datePublished":"2022-02-16T11:00:26+00:00","description":"A aprova\u00e7om un\u00e2nime ontem no Parlamento galego dumha declara\u00e7om que apoia a instala\u00e7om dumha instala\u00e7om de fabrica\u00e7om de fibra t\u00eaxtil abre a porta falsa para a entrada dumha nova celulose na Galiza.","breadcrumb":{"@id":"https:\/\/www.anovapeneira.gal\/index.php\/2022\/02\/16\/causa-galiza-alerta-de-que-o-apoio-a-instalacom-dumha-celulose-portuguesa-na-marinha-e-a-prova-da-deriva-possibilista-do-bng\/#breadcrumb"},"inLanguage":"gl-ES","potentialAction":[{"@type":"ReadAction","target":["https:\/\/www.anovapeneira.gal\/index.php\/2022\/02\/16\/causa-galiza-alerta-de-que-o-apoio-a-instalacom-dumha-celulose-portuguesa-na-marinha-e-a-prova-da-deriva-possibilista-do-bng\/"]}]},{"@type":"ImageObject","inLanguage":"gl-ES","@id":"https:\/\/www.anovapeneira.gal\/index.php\/2022\/02\/16\/causa-galiza-alerta-de-que-o-apoio-a-instalacom-dumha-celulose-portuguesa-na-marinha-e-a-prova-da-deriva-possibilista-do-bng\/#primaryimage","url":"https:\/\/www.anovapeneira.gal\/wp-content\/uploads\/2022\/02\/causagaliza.jpg","contentUrl":"https:\/\/www.anovapeneira.gal\/wp-content\/uploads\/2022\/02\/causagaliza.jpg","width":720,"height":432,"caption":"causa galiza"},{"@type":"BreadcrumbList","@id":"https:\/\/www.anovapeneira.gal\/index.php\/2022\/02\/16\/causa-galiza-alerta-de-que-o-apoio-a-instalacom-dumha-celulose-portuguesa-na-marinha-e-a-prova-da-deriva-possibilista-do-bng\/#breadcrumb","itemListElement":[{"@type":"ListItem","position":1,"name":"Portada","item":"https:\/\/www.anovapeneira.gal\/"},{"@type":"ListItem","position":2,"name":"Causa Galiza alerta de que o apoio \u00e0 instala\u00e7om dumha celulose portuguesa na Marinha \u00e9 a prova da deriva possibilista do BNG"}]},{"@type":"WebSite","@id":"https:\/\/www.anovapeneira.gal\/#website","url":"https:\/\/www.anovapeneira.gal\/","name":"","description":"Xornal galego de informaci\u00f3n xeral Publicaci\u00f3n mensual de novas de Galicia e en especial dos Concellos da sur da provincia de Pontevedra.","publisher":{"@id":"https:\/\/www.anovapeneira.gal\/#organization"},"potentialAction":[{"@type":"SearchAction","target":{"@type":"EntryPoint","urlTemplate":"https:\/\/www.anovapeneira.gal\/?s={search_term_string}"},"query-input":{"@type":"PropertyValueSpecification","valueRequired":true,"valueName":"search_term_string"}}],"inLanguage":"gl-ES"},{"@type":"Organization","@id":"https:\/\/www.anovapeneira.gal\/#organization","name":"A Nova Peneira","url":"https:\/\/www.anovapeneira.gal\/","logo":{"@type":"ImageObject","inLanguage":"gl-ES","@id":"https:\/\/www.anovapeneira.gal\/#\/schema\/logo\/image\/","url":"http:\/\/www.anovapeneira.gal\/wp-content\/uploads\/2019\/06\/logo_a_nova_peneira_portal_web.png","contentUrl":"http:\/\/www.anovapeneira.gal\/wp-content\/uploads\/2019\/06\/logo_a_nova_peneira_portal_web.png","width":300,"height":100,"caption":"A Nova Peneira"},"image":{"@id":"https:\/\/www.anovapeneira.gal\/#\/schema\/logo\/image\/"},"sameAs":["https:\/\/www.facebook.com\/anovapeneira","https:\/\/x.com\/APeneira"]},{"@type":"Person","@id":"https:\/\/www.anovapeneira.gal\/#\/schema\/person\/b93e3f8932e3f8da96334607eb6ac6aa","name":"Redacci\u00f3n A Nova Peneira","image":{"@type":"ImageObject","inLanguage":"gl-ES","@id":"https:\/\/secure.gravatar.com\/avatar\/c052a2551a06e23fac63626232eaa90abd78dbcf1700fc46a2b2c89fd27b735f?s=96&d=mm&r=g","url":"https:\/\/secure.gravatar.com\/avatar\/c052a2551a06e23fac63626232eaa90abd78dbcf1700fc46a2b2c89fd27b735f?s=96&d=mm&r=g","contentUrl":"https:\/\/secure.gravatar.com\/avatar\/c052a2551a06e23fac63626232eaa90abd78dbcf1700fc46a2b2c89fd27b735f?s=96&d=mm&r=g","caption":"Redacci\u00f3n A Nova Peneira"},"sameAs":["http:\/\/www.anovapeneira.gal\/"],"url":"https:\/\/www.anovapeneira.gal\/index.php\/author\/redactor\/"}]}},"jetpack_featured_media_url":"https:\/\/www.anovapeneira.gal\/wp-content\/uploads\/2022\/02\/causagaliza.jpg","_links":{"self":[{"href":"https:\/\/www.anovapeneira.gal\/index.php\/wp-json\/wp\/v2\/posts\/6977","targetHints":{"allow":["GET"]}}],"collection":[{"href":"https:\/\/www.anovapeneira.gal\/index.php\/wp-json\/wp\/v2\/posts"}],"about":[{"href":"https:\/\/www.anovapeneira.gal\/index.php\/wp-json\/wp\/v2\/types\/post"}],"author":[{"embeddable":true,"href":"https:\/\/www.anovapeneira.gal\/index.php\/wp-json\/wp\/v2\/users\/3"}],"replies":[{"embeddable":true,"href":"https:\/\/www.anovapeneira.gal\/index.php\/wp-json\/wp\/v2\/comments?post=6977"}],"version-history":[{"count":1,"href":"https:\/\/www.anovapeneira.gal\/index.php\/wp-json\/wp\/v2\/posts\/6977\/revisions"}],"predecessor-version":[{"id":6979,"href":"https:\/\/www.anovapeneira.gal\/index.php\/wp-json\/wp\/v2\/posts\/6977\/revisions\/6979"}],"wp:featuredmedia":[{"embeddable":true,"href":"https:\/\/www.anovapeneira.gal\/index.php\/wp-json\/wp\/v2\/media\/6978"}],"wp:attachment":[{"href":"https:\/\/www.anovapeneira.gal\/index.php\/wp-json\/wp\/v2\/media?parent=6977"}],"wp:term":[{"taxonomy":"category","embeddable":true,"href":"https:\/\/www.anovapeneira.gal\/index.php\/wp-json\/wp\/v2\/categories?post=6977"},{"taxonomy":"post_tag","embeddable":true,"href":"https:\/\/www.anovapeneira.gal\/index.php\/wp-json\/wp\/v2\/tags?post=6977"}],"curies":[{"name":"wp","href":"https:\/\/api.w.org\/{rel}","templated":true}]}}