{"id":6983,"date":"2022-02-17T12:00:12","date_gmt":"2022-02-17T11:00:12","guid":{"rendered":"https:\/\/www.anovapeneira.gal\/?p=6983"},"modified":"2022-02-15T12:40:42","modified_gmt":"2022-02-15T11:40:42","slug":"eche-o-que-hai-meu-amigo","status":"publish","type":"post","link":"https:\/\/www.anovapeneira.gal\/index.php\/2022\/02\/17\/eche-o-que-hai-meu-amigo\/","title":{"rendered":"\u00c9che o que hai! Meu amigo"},"content":{"rendered":"\n<p>Manuel\u00a0Alfonso\u00a0Est\u00e9vez.<\/p>\n\n\n\n<p>Xa o dixera Ram\u00f3n Pernas nunha conversa que terminara no dial\u00e9ctico canell\u00f3n sen sa\u00edda: \u00c9che o que hai! Meu amigo.<br><br>Eu dir\u00eda que \u00e9 o argumento b\u00e1sico de todas as impotencias que se inscriben dentro da escola da resignaci\u00f3n que nos subordina e humilla. A s\u00faa traduci\u00f3n equivale a un non podemos facer nada, ou tam\u00e9n a un apaga e v\u00e1monos, como grito de redenci\u00f3n. E pasar do Vivamos como galegos, o grito da derrota colectiva de non hai sa\u00edda: \u00c9che o que hai! Meu amigo.<br><br>E haiche todo do que queremos. Haiche bugallas para cambiar o gui\u00f3n da crise, para incrementar o emprego, para defender o galego, para sentirnos orgullosos da nosa Terra Nai. Preservar o noso Patrimonio material e inmaterial, para desterrar a desfeita das nosas parroquias, e brindar o mensaxe mais vixente que nunca de vivir como galegos, orgullosos do privilexio de haber sido nados nestas terras do Condado de Salvaterra do Mi\u00f1o.<br><br>Home! Hai unha forma de entender a vida, de vencer a derrota, esa mala e perversa lectura da melancol\u00eda, que tantas veces nos danou o longo da nosa historia. De abrir de par en par as nosas fiestras do fogar, para que entrara a luz e desterrase as sombras. Igual que fai a Nova Peneira, A nosa! Coas Novas do Eixo Atl\u00e1ntico, xornal galego portugu\u00e9s, que tanto impulsa os novos valores dunha maneira clara e concisa para<br>cambiar o \u00c9che o que hai! por un algo mais ca tradici\u00f3n e a nosa orixe alde\u00e1 e labrega.<br><br>Penso eu que somos o \u201ccunqueiro\u201d, rei da nosa chuvia (xa non tanta): Unha terra de verbas e mais verbas novas, con distinto significado. Unha fraga, ou As Fragui\u00f1as de Fornelos da Ribeira, co Rio Tea, onde de cando en vez, aparece o vento, a choiva, e a brisa. \u00a1Porque non!<br><br>E por estas mil raz\u00f3ns, non podemos darnos a desesperanza, e conclu\u00edr que a Nosa Terra non ten futuro. Non debemos escoitar: \u00c9che o que hai!<br><br>Xa sabemos que todos n\u00f3s, somos moi nosos. Somos o que pensamos, que nos define o que algo pasa, e pasar\u00e1 desapercibido alg\u00fan d\u00eda, como moitas outras cousas: \u201cSe hai que ir, vaise\u201d, Manda carallo pail\u00e1n! E unha centea mais, si cabe.<br><br>Ah! E tam\u00e9n o \u00c9che o que hai, est\u00e1 no voto conservador de moitos que te\u00f1en que cambiar a tendencia.<br><br>En canto a cultura, temos as mellores xeraci\u00f3ns da nosa historia, pero a s\u00faa vez, non son capaces de desenrolar o entrem\u00e9s que aborda o \u00e9che o que hai!<br><br>Temos resposta tam\u00e9n na esfera pol\u00edtica, que \u00e9 ben pouco o que que aporta de algo novo.<br>Parafraseando os mais vellos do lugar, eu son un deles con mais de 90 anos: \u00c9che o que hai! Meu amigo.<\/p>\n","protected":false},"excerpt":{"rendered":"<div class=\"mh-excerpt\"><p>Eu dir\u00eda que \u00e9 o argumento b\u00e1sico de todas as impotencias que se inscriben dentro da escola da resignaci\u00f3n que nos subordina e humilla. A s\u00faa traduci\u00f3n equivale a un non podemos facer nada, ou tam\u00e9n a un apaga e v\u00e1monos, como grito de redenci\u00f3n. <a class=\"mh-excerpt-more\" href=\"https:\/\/www.anovapeneira.gal\/index.php\/2022\/02\/17\/eche-o-que-hai-meu-amigo\/\" title=\"\u00c9che o que hai! Meu amigo\">[&#8230;]<\/a><\/p>\n<\/div>","protected":false},"author":40,"featured_media":5108,"comment_status":"open","ping_status":"open","sticky":false,"template":"","format":"standard","meta":{"_exactmetrics_skip_tracking":false,"_exactmetrics_sitenote_active":false,"_exactmetrics_sitenote_note":"","_exactmetrics_sitenote_category":0,"footnotes":""},"categories":[7],"tags":[],"class_list":{"0":"post-6983","1":"post","2":"type-post","3":"status-publish","4":"format-standard","5":"has-post-thumbnail","7":"category-artigos-de-opinion"},"yoast_head":"<!-- This site is optimized with the Yoast SEO plugin v27.4 - https:\/\/yoast.com\/product\/yoast-seo-wordpress\/ -->\n<title>\u00c9che o que hai! Meu amigo -<\/title>\n<meta name=\"description\" content=\"Eu dir\u00eda que \u00e9 o argumento b\u00e1sico de todas as impotencias que se inscriben dentro da escola da resignaci\u00f3n que nos subordina e humilla. A s\u00faa traduci\u00f3n equivale a un non podemos facer nada, ou tam\u00e9n a un apaga e v\u00e1monos, como grito de redenci\u00f3n.\" \/>\n<meta name=\"robots\" content=\"index, follow, max-snippet:-1, max-image-preview:large, max-video-preview:-1\" \/>\n<link rel=\"canonical\" href=\"https:\/\/www.anovapeneira.gal\/index.php\/2022\/02\/17\/eche-o-que-hai-meu-amigo\/\" \/>\n<meta property=\"og:locale\" content=\"gl_ES\" \/>\n<meta property=\"og:type\" content=\"article\" \/>\n<meta property=\"og:title\" content=\"\u00c9che o que hai! Meu amigo -\" \/>\n<meta property=\"og:description\" content=\"Eu dir\u00eda que \u00e9 o argumento b\u00e1sico de todas as impotencias que se inscriben dentro da escola da resignaci\u00f3n que nos subordina e humilla. A s\u00faa traduci\u00f3n equivale a un non podemos facer nada, ou tam\u00e9n a un apaga e v\u00e1monos, como grito de redenci\u00f3n.\" \/>\n<meta property=\"og:url\" content=\"https:\/\/www.anovapeneira.gal\/index.php\/2022\/02\/17\/eche-o-que-hai-meu-amigo\/\" \/>\n<meta property=\"article:publisher\" content=\"https:\/\/www.facebook.com\/anovapeneira\" \/>\n<meta property=\"article:published_time\" content=\"2022-02-17T11:00:12+00:00\" \/>\n<meta property=\"og:image\" content=\"https:\/\/www.anovapeneira.gal\/wp-content\/uploads\/2021\/03\/manuel_alfonso_estevez.jpg\" \/>\n\t<meta property=\"og:image:width\" content=\"720\" \/>\n\t<meta property=\"og:image:height\" content=\"432\" \/>\n\t<meta property=\"og:image:type\" content=\"image\/jpeg\" \/>\n<meta name=\"author\" content=\"Manuel Alfonso Est\u00e9vez\" \/>\n<meta name=\"twitter:card\" content=\"summary_large_image\" \/>\n<meta name=\"twitter:creator\" content=\"@APeneira\" \/>\n<meta name=\"twitter:site\" content=\"@APeneira\" \/>\n<meta name=\"twitter:label1\" content=\"Escrito por\" \/>\n\t<meta name=\"twitter:data1\" content=\"Manuel Alfonso Est\u00e9vez\" \/>\n\t<meta name=\"twitter:label2\" content=\"Tempo de lectura\" \/>\n\t<meta name=\"twitter:data2\" content=\"3 minutos\" \/>\n<script type=\"application\/ld+json\" class=\"yoast-schema-graph\">{\"@context\":\"https:\\\/\\\/schema.org\",\"@graph\":[{\"@type\":\"Article\",\"@id\":\"https:\\\/\\\/www.anovapeneira.gal\\\/index.php\\\/2022\\\/02\\\/17\\\/eche-o-que-hai-meu-amigo\\\/#article\",\"isPartOf\":{\"@id\":\"https:\\\/\\\/www.anovapeneira.gal\\\/index.php\\\/2022\\\/02\\\/17\\\/eche-o-que-hai-meu-amigo\\\/\"},\"author\":{\"name\":\"Manuel Alfonso Est\u00e9vez\",\"@id\":\"https:\\\/\\\/www.anovapeneira.gal\\\/#\\\/schema\\\/person\\\/6561b93d53e7a32f5d814768163bae2a\"},\"headline\":\"\u00c9che o que hai! Meu amigo\",\"datePublished\":\"2022-02-17T11:00:12+00:00\",\"mainEntityOfPage\":{\"@id\":\"https:\\\/\\\/www.anovapeneira.gal\\\/index.php\\\/2022\\\/02\\\/17\\\/eche-o-que-hai-meu-amigo\\\/\"},\"wordCount\":497,\"commentCount\":0,\"publisher\":{\"@id\":\"https:\\\/\\\/www.anovapeneira.gal\\\/#organization\"},\"image\":{\"@id\":\"https:\\\/\\\/www.anovapeneira.gal\\\/index.php\\\/2022\\\/02\\\/17\\\/eche-o-que-hai-meu-amigo\\\/#primaryimage\"},\"thumbnailUrl\":\"https:\\\/\\\/www.anovapeneira.gal\\\/wp-content\\\/uploads\\\/2021\\\/03\\\/manuel_alfonso_estevez.jpg\",\"articleSection\":[\"Artigos de opini\u00f3n\"],\"inLanguage\":\"gl-ES\",\"potentialAction\":[{\"@type\":\"CommentAction\",\"name\":\"Comment\",\"target\":[\"https:\\\/\\\/www.anovapeneira.gal\\\/index.php\\\/2022\\\/02\\\/17\\\/eche-o-que-hai-meu-amigo\\\/#respond\"]}]},{\"@type\":\"WebPage\",\"@id\":\"https:\\\/\\\/www.anovapeneira.gal\\\/index.php\\\/2022\\\/02\\\/17\\\/eche-o-que-hai-meu-amigo\\\/\",\"url\":\"https:\\\/\\\/www.anovapeneira.gal\\\/index.php\\\/2022\\\/02\\\/17\\\/eche-o-que-hai-meu-amigo\\\/\",\"name\":\"\u00c9che o que hai! Meu amigo -\",\"isPartOf\":{\"@id\":\"https:\\\/\\\/www.anovapeneira.gal\\\/#website\"},\"primaryImageOfPage\":{\"@id\":\"https:\\\/\\\/www.anovapeneira.gal\\\/index.php\\\/2022\\\/02\\\/17\\\/eche-o-que-hai-meu-amigo\\\/#primaryimage\"},\"image\":{\"@id\":\"https:\\\/\\\/www.anovapeneira.gal\\\/index.php\\\/2022\\\/02\\\/17\\\/eche-o-que-hai-meu-amigo\\\/#primaryimage\"},\"thumbnailUrl\":\"https:\\\/\\\/www.anovapeneira.gal\\\/wp-content\\\/uploads\\\/2021\\\/03\\\/manuel_alfonso_estevez.jpg\",\"datePublished\":\"2022-02-17T11:00:12+00:00\",\"description\":\"Eu dir\u00eda que \u00e9 o argumento b\u00e1sico de todas as impotencias que se inscriben dentro da escola da resignaci\u00f3n que nos subordina e humilla. A s\u00faa traduci\u00f3n equivale a un non podemos facer nada, ou tam\u00e9n a un apaga e v\u00e1monos, como grito de redenci\u00f3n.\",\"breadcrumb\":{\"@id\":\"https:\\\/\\\/www.anovapeneira.gal\\\/index.php\\\/2022\\\/02\\\/17\\\/eche-o-que-hai-meu-amigo\\\/#breadcrumb\"},\"inLanguage\":\"gl-ES\",\"potentialAction\":[{\"@type\":\"ReadAction\",\"target\":[\"https:\\\/\\\/www.anovapeneira.gal\\\/index.php\\\/2022\\\/02\\\/17\\\/eche-o-que-hai-meu-amigo\\\/\"]}]},{\"@type\":\"ImageObject\",\"inLanguage\":\"gl-ES\",\"@id\":\"https:\\\/\\\/www.anovapeneira.gal\\\/index.php\\\/2022\\\/02\\\/17\\\/eche-o-que-hai-meu-amigo\\\/#primaryimage\",\"url\":\"https:\\\/\\\/www.anovapeneira.gal\\\/wp-content\\\/uploads\\\/2021\\\/03\\\/manuel_alfonso_estevez.jpg\",\"contentUrl\":\"https:\\\/\\\/www.anovapeneira.gal\\\/wp-content\\\/uploads\\\/2021\\\/03\\\/manuel_alfonso_estevez.jpg\",\"width\":720,\"height\":432,\"caption\":\"Manuel Alfonso Est\u00e9vez. Historia viva de Fornelos da Ribeira\"},{\"@type\":\"BreadcrumbList\",\"@id\":\"https:\\\/\\\/www.anovapeneira.gal\\\/index.php\\\/2022\\\/02\\\/17\\\/eche-o-que-hai-meu-amigo\\\/#breadcrumb\",\"itemListElement\":[{\"@type\":\"ListItem\",\"position\":1,\"name\":\"Portada\",\"item\":\"https:\\\/\\\/www.anovapeneira.gal\\\/\"},{\"@type\":\"ListItem\",\"position\":2,\"name\":\"\u00c9che o que hai! Meu amigo\"}]},{\"@type\":\"WebSite\",\"@id\":\"https:\\\/\\\/www.anovapeneira.gal\\\/#website\",\"url\":\"https:\\\/\\\/www.anovapeneira.gal\\\/\",\"name\":\"\",\"description\":\"Xornal galego de informaci\u00f3n xeral Publicaci\u00f3n mensual de novas de Galicia e en especial dos Concellos da sur da provincia de Pontevedra.\",\"publisher\":{\"@id\":\"https:\\\/\\\/www.anovapeneira.gal\\\/#organization\"},\"potentialAction\":[{\"@type\":\"SearchAction\",\"target\":{\"@type\":\"EntryPoint\",\"urlTemplate\":\"https:\\\/\\\/www.anovapeneira.gal\\\/?s={search_term_string}\"},\"query-input\":{\"@type\":\"PropertyValueSpecification\",\"valueRequired\":true,\"valueName\":\"search_term_string\"}}],\"inLanguage\":\"gl-ES\"},{\"@type\":\"Organization\",\"@id\":\"https:\\\/\\\/www.anovapeneira.gal\\\/#organization\",\"name\":\"A Nova Peneira\",\"url\":\"https:\\\/\\\/www.anovapeneira.gal\\\/\",\"logo\":{\"@type\":\"ImageObject\",\"inLanguage\":\"gl-ES\",\"@id\":\"https:\\\/\\\/www.anovapeneira.gal\\\/#\\\/schema\\\/logo\\\/image\\\/\",\"url\":\"http:\\\/\\\/www.anovapeneira.gal\\\/wp-content\\\/uploads\\\/2019\\\/06\\\/logo_a_nova_peneira_portal_web.png\",\"contentUrl\":\"http:\\\/\\\/www.anovapeneira.gal\\\/wp-content\\\/uploads\\\/2019\\\/06\\\/logo_a_nova_peneira_portal_web.png\",\"width\":300,\"height\":100,\"caption\":\"A Nova Peneira\"},\"image\":{\"@id\":\"https:\\\/\\\/www.anovapeneira.gal\\\/#\\\/schema\\\/logo\\\/image\\\/\"},\"sameAs\":[\"https:\\\/\\\/www.facebook.com\\\/anovapeneira\",\"https:\\\/\\\/x.com\\\/APeneira\"]},{\"@type\":\"Person\",\"@id\":\"https:\\\/\\\/www.anovapeneira.gal\\\/#\\\/schema\\\/person\\\/6561b93d53e7a32f5d814768163bae2a\",\"name\":\"Manuel Alfonso Est\u00e9vez\",\"image\":{\"@type\":\"ImageObject\",\"inLanguage\":\"gl-ES\",\"@id\":\"https:\\\/\\\/secure.gravatar.com\\\/avatar\\\/f5d3e86603a02dabc520fdacad8691552cb5b3b57ede8828ababc7095c054594?s=96&d=mm&r=g\",\"url\":\"https:\\\/\\\/secure.gravatar.com\\\/avatar\\\/f5d3e86603a02dabc520fdacad8691552cb5b3b57ede8828ababc7095c054594?s=96&d=mm&r=g\",\"contentUrl\":\"https:\\\/\\\/secure.gravatar.com\\\/avatar\\\/f5d3e86603a02dabc520fdacad8691552cb5b3b57ede8828ababc7095c054594?s=96&d=mm&r=g\",\"caption\":\"Manuel Alfonso Est\u00e9vez\"},\"url\":\"https:\\\/\\\/www.anovapeneira.gal\\\/index.php\\\/author\\\/manuelalfonso\\\/\"}]}<\/script>\n<!-- \/ Yoast SEO plugin. -->","yoast_head_json":{"title":"\u00c9che o que hai! Meu amigo -","description":"Eu dir\u00eda que \u00e9 o argumento b\u00e1sico de todas as impotencias que se inscriben dentro da escola da resignaci\u00f3n que nos subordina e humilla. A s\u00faa traduci\u00f3n equivale a un non podemos facer nada, ou tam\u00e9n a un apaga e v\u00e1monos, como grito de redenci\u00f3n.","robots":{"index":"index","follow":"follow","max-snippet":"max-snippet:-1","max-image-preview":"max-image-preview:large","max-video-preview":"max-video-preview:-1"},"canonical":"https:\/\/www.anovapeneira.gal\/index.php\/2022\/02\/17\/eche-o-que-hai-meu-amigo\/","og_locale":"gl_ES","og_type":"article","og_title":"\u00c9che o que hai! Meu amigo -","og_description":"Eu dir\u00eda que \u00e9 o argumento b\u00e1sico de todas as impotencias que se inscriben dentro da escola da resignaci\u00f3n que nos subordina e humilla. A s\u00faa traduci\u00f3n equivale a un non podemos facer nada, ou tam\u00e9n a un apaga e v\u00e1monos, como grito de redenci\u00f3n.","og_url":"https:\/\/www.anovapeneira.gal\/index.php\/2022\/02\/17\/eche-o-que-hai-meu-amigo\/","article_publisher":"https:\/\/www.facebook.com\/anovapeneira","article_published_time":"2022-02-17T11:00:12+00:00","og_image":[{"width":720,"height":432,"url":"https:\/\/www.anovapeneira.gal\/wp-content\/uploads\/2021\/03\/manuel_alfonso_estevez.jpg","type":"image\/jpeg"}],"author":"Manuel Alfonso Est\u00e9vez","twitter_card":"summary_large_image","twitter_creator":"@APeneira","twitter_site":"@APeneira","twitter_misc":{"Escrito por":"Manuel Alfonso Est\u00e9vez","Tempo de lectura":"3 minutos"},"schema":{"@context":"https:\/\/schema.org","@graph":[{"@type":"Article","@id":"https:\/\/www.anovapeneira.gal\/index.php\/2022\/02\/17\/eche-o-que-hai-meu-amigo\/#article","isPartOf":{"@id":"https:\/\/www.anovapeneira.gal\/index.php\/2022\/02\/17\/eche-o-que-hai-meu-amigo\/"},"author":{"name":"Manuel Alfonso Est\u00e9vez","@id":"https:\/\/www.anovapeneira.gal\/#\/schema\/person\/6561b93d53e7a32f5d814768163bae2a"},"headline":"\u00c9che o que hai! Meu amigo","datePublished":"2022-02-17T11:00:12+00:00","mainEntityOfPage":{"@id":"https:\/\/www.anovapeneira.gal\/index.php\/2022\/02\/17\/eche-o-que-hai-meu-amigo\/"},"wordCount":497,"commentCount":0,"publisher":{"@id":"https:\/\/www.anovapeneira.gal\/#organization"},"image":{"@id":"https:\/\/www.anovapeneira.gal\/index.php\/2022\/02\/17\/eche-o-que-hai-meu-amigo\/#primaryimage"},"thumbnailUrl":"https:\/\/www.anovapeneira.gal\/wp-content\/uploads\/2021\/03\/manuel_alfonso_estevez.jpg","articleSection":["Artigos de opini\u00f3n"],"inLanguage":"gl-ES","potentialAction":[{"@type":"CommentAction","name":"Comment","target":["https:\/\/www.anovapeneira.gal\/index.php\/2022\/02\/17\/eche-o-que-hai-meu-amigo\/#respond"]}]},{"@type":"WebPage","@id":"https:\/\/www.anovapeneira.gal\/index.php\/2022\/02\/17\/eche-o-que-hai-meu-amigo\/","url":"https:\/\/www.anovapeneira.gal\/index.php\/2022\/02\/17\/eche-o-que-hai-meu-amigo\/","name":"\u00c9che o que hai! Meu amigo -","isPartOf":{"@id":"https:\/\/www.anovapeneira.gal\/#website"},"primaryImageOfPage":{"@id":"https:\/\/www.anovapeneira.gal\/index.php\/2022\/02\/17\/eche-o-que-hai-meu-amigo\/#primaryimage"},"image":{"@id":"https:\/\/www.anovapeneira.gal\/index.php\/2022\/02\/17\/eche-o-que-hai-meu-amigo\/#primaryimage"},"thumbnailUrl":"https:\/\/www.anovapeneira.gal\/wp-content\/uploads\/2021\/03\/manuel_alfonso_estevez.jpg","datePublished":"2022-02-17T11:00:12+00:00","description":"Eu dir\u00eda que \u00e9 o argumento b\u00e1sico de todas as impotencias que se inscriben dentro da escola da resignaci\u00f3n que nos subordina e humilla. A s\u00faa traduci\u00f3n equivale a un non podemos facer nada, ou tam\u00e9n a un apaga e v\u00e1monos, como grito de redenci\u00f3n.","breadcrumb":{"@id":"https:\/\/www.anovapeneira.gal\/index.php\/2022\/02\/17\/eche-o-que-hai-meu-amigo\/#breadcrumb"},"inLanguage":"gl-ES","potentialAction":[{"@type":"ReadAction","target":["https:\/\/www.anovapeneira.gal\/index.php\/2022\/02\/17\/eche-o-que-hai-meu-amigo\/"]}]},{"@type":"ImageObject","inLanguage":"gl-ES","@id":"https:\/\/www.anovapeneira.gal\/index.php\/2022\/02\/17\/eche-o-que-hai-meu-amigo\/#primaryimage","url":"https:\/\/www.anovapeneira.gal\/wp-content\/uploads\/2021\/03\/manuel_alfonso_estevez.jpg","contentUrl":"https:\/\/www.anovapeneira.gal\/wp-content\/uploads\/2021\/03\/manuel_alfonso_estevez.jpg","width":720,"height":432,"caption":"Manuel Alfonso Est\u00e9vez. Historia viva de Fornelos da Ribeira"},{"@type":"BreadcrumbList","@id":"https:\/\/www.anovapeneira.gal\/index.php\/2022\/02\/17\/eche-o-que-hai-meu-amigo\/#breadcrumb","itemListElement":[{"@type":"ListItem","position":1,"name":"Portada","item":"https:\/\/www.anovapeneira.gal\/"},{"@type":"ListItem","position":2,"name":"\u00c9che o que hai! Meu amigo"}]},{"@type":"WebSite","@id":"https:\/\/www.anovapeneira.gal\/#website","url":"https:\/\/www.anovapeneira.gal\/","name":"","description":"Xornal galego de informaci\u00f3n xeral Publicaci\u00f3n mensual de novas de Galicia e en especial dos Concellos da sur da provincia de Pontevedra.","publisher":{"@id":"https:\/\/www.anovapeneira.gal\/#organization"},"potentialAction":[{"@type":"SearchAction","target":{"@type":"EntryPoint","urlTemplate":"https:\/\/www.anovapeneira.gal\/?s={search_term_string}"},"query-input":{"@type":"PropertyValueSpecification","valueRequired":true,"valueName":"search_term_string"}}],"inLanguage":"gl-ES"},{"@type":"Organization","@id":"https:\/\/www.anovapeneira.gal\/#organization","name":"A Nova Peneira","url":"https:\/\/www.anovapeneira.gal\/","logo":{"@type":"ImageObject","inLanguage":"gl-ES","@id":"https:\/\/www.anovapeneira.gal\/#\/schema\/logo\/image\/","url":"http:\/\/www.anovapeneira.gal\/wp-content\/uploads\/2019\/06\/logo_a_nova_peneira_portal_web.png","contentUrl":"http:\/\/www.anovapeneira.gal\/wp-content\/uploads\/2019\/06\/logo_a_nova_peneira_portal_web.png","width":300,"height":100,"caption":"A Nova Peneira"},"image":{"@id":"https:\/\/www.anovapeneira.gal\/#\/schema\/logo\/image\/"},"sameAs":["https:\/\/www.facebook.com\/anovapeneira","https:\/\/x.com\/APeneira"]},{"@type":"Person","@id":"https:\/\/www.anovapeneira.gal\/#\/schema\/person\/6561b93d53e7a32f5d814768163bae2a","name":"Manuel Alfonso Est\u00e9vez","image":{"@type":"ImageObject","inLanguage":"gl-ES","@id":"https:\/\/secure.gravatar.com\/avatar\/f5d3e86603a02dabc520fdacad8691552cb5b3b57ede8828ababc7095c054594?s=96&d=mm&r=g","url":"https:\/\/secure.gravatar.com\/avatar\/f5d3e86603a02dabc520fdacad8691552cb5b3b57ede8828ababc7095c054594?s=96&d=mm&r=g","contentUrl":"https:\/\/secure.gravatar.com\/avatar\/f5d3e86603a02dabc520fdacad8691552cb5b3b57ede8828ababc7095c054594?s=96&d=mm&r=g","caption":"Manuel Alfonso Est\u00e9vez"},"url":"https:\/\/www.anovapeneira.gal\/index.php\/author\/manuelalfonso\/"}]}},"jetpack_featured_media_url":"https:\/\/www.anovapeneira.gal\/wp-content\/uploads\/2021\/03\/manuel_alfonso_estevez.jpg","_links":{"self":[{"href":"https:\/\/www.anovapeneira.gal\/index.php\/wp-json\/wp\/v2\/posts\/6983","targetHints":{"allow":["GET"]}}],"collection":[{"href":"https:\/\/www.anovapeneira.gal\/index.php\/wp-json\/wp\/v2\/posts"}],"about":[{"href":"https:\/\/www.anovapeneira.gal\/index.php\/wp-json\/wp\/v2\/types\/post"}],"author":[{"embeddable":true,"href":"https:\/\/www.anovapeneira.gal\/index.php\/wp-json\/wp\/v2\/users\/40"}],"replies":[{"embeddable":true,"href":"https:\/\/www.anovapeneira.gal\/index.php\/wp-json\/wp\/v2\/comments?post=6983"}],"version-history":[{"count":1,"href":"https:\/\/www.anovapeneira.gal\/index.php\/wp-json\/wp\/v2\/posts\/6983\/revisions"}],"predecessor-version":[{"id":6984,"href":"https:\/\/www.anovapeneira.gal\/index.php\/wp-json\/wp\/v2\/posts\/6983\/revisions\/6984"}],"wp:featuredmedia":[{"embeddable":true,"href":"https:\/\/www.anovapeneira.gal\/index.php\/wp-json\/wp\/v2\/media\/5108"}],"wp:attachment":[{"href":"https:\/\/www.anovapeneira.gal\/index.php\/wp-json\/wp\/v2\/media?parent=6983"}],"wp:term":[{"taxonomy":"category","embeddable":true,"href":"https:\/\/www.anovapeneira.gal\/index.php\/wp-json\/wp\/v2\/categories?post=6983"},{"taxonomy":"post_tag","embeddable":true,"href":"https:\/\/www.anovapeneira.gal\/index.php\/wp-json\/wp\/v2\/tags?post=6983"}],"curies":[{"name":"wp","href":"https:\/\/api.w.org\/{rel}","templated":true}]}}