{"id":6985,"date":"2022-02-18T10:00:27","date_gmt":"2022-02-18T09:00:27","guid":{"rendered":"https:\/\/www.anovapeneira.gal\/?p=6985"},"modified":"2022-02-15T12:46:52","modified_gmt":"2022-02-15T11:46:52","slug":"mariano-abalo-concelleiro-de-facenda-de-cangas","status":"publish","type":"post","link":"https:\/\/www.anovapeneira.gal\/index.php\/2022\/02\/18\/mariano-abalo-concelleiro-de-facenda-de-cangas\/","title":{"rendered":"Mariano Abalo concelleiro de facenda de Cangas"},"content":{"rendered":"\n<p><strong>Unha vez m\u00e1is , e xa perd\u00edn a conta de cantas van nos \u00faltimos anos, foi un pracer compartir un caf\u00e9 co meu vello amigo Mariano. Neste caso tratei de que nos aclarase o galimat\u00edas no que se encontra a esquerda pol\u00edtica de Cangas. Xulgade v\u00f3s, amigas e amigos, se achegou algo de luz ou non.<\/strong><\/p>\n\n\n\n<p>\u201c <strong>Tanto en Cangas como en Galicia \u00e9 imprescindible reforzar un polo soberanista de esquerdas\u201d<\/strong><\/p>\n\n\n\n<p><strong>A situaci\u00f3n econ\u00f3mica de Cangas \u00e9, como di o PP, catastr\u00f3fica?<\/strong><\/p>\n\n\n\n<blockquote class=\"wp-block-quote is-layout-flow wp-block-quote-is-layout-flow\"><p>Ben, fronte \u00e1 demagoxia e a propaganda da dereita c\u00f3mpre po\u00f1er os datos enriba da mesa.<\/p><\/blockquote>\n\n\n\n<blockquote class=\"wp-block-quote is-layout-flow wp-block-quote-is-layout-flow\"><p>Cando no ano 2.015 asumimos a responsabilidade de goberno o concello ti\u00f1a unha d\u00e9beda superior aos 15 mill\u00f3ns de \u20ac, d\u00e9beda resultante da nefasta xesti\u00f3n econ\u00f3mica do goberno do PP. Agora mesmo a d\u00e9beda est\u00e1 en 5,3 mill\u00f3ns. Conf\u00edo en que ao longo do 2.022 poidamos reducila ata os 4,2 mill\u00f3ns. Por outra parte no 2.020 ti\u00f1amos un remanente negativo en tesourer\u00eda de 1,4 mill\u00f3n de \u20ac e este ano xa estamos cun remanente en positivo de m\u00e1is dun mill\u00f3n de \u20ac. E no que respecta ao per\u00edodo medio de pago a provedores estamos en rexistros hist\u00f3ricos pois estamos pagando en pouco m\u00e1is de dous d\u00edas.<\/p><\/blockquote>\n\n\n\n<p><strong>A sentencia xudicial de Promalar non pon en serio perigo a sa\u00fade econ\u00f3mica do concello?<\/strong><\/p>\n\n\n\n<blockquote class=\"wp-block-quote is-layout-flow wp-block-quote-is-layout-flow\"><p>A pol\u00edtica urban\u00edstica do PP de Cangas foi unha barbaridade e deixou ao noso pobo graves problemas que comprometen seriamente o noso futuro. Unha primeira sentencia xudicial xa nos obrigou a pagar polo asunto Promalar cerca dun mill\u00f3n de \u20ac. E agora o administrador concursal de Promalar recl\u00e1manos xudicialmente m\u00e1is de 2 mill\u00f3ns. Por outra parte no convenio de Masso pode existir a v\u00eda dunha reclamaci\u00f3n que supere o mill\u00f3n e medio de \u20ac.<\/p><\/blockquote>\n\n\n\n<blockquote class=\"wp-block-quote is-layout-flow wp-block-quote-is-layout-flow\"><p>O PP deixounos unha espada de Damocles que , dependendo da resoluci\u00f3n xudicial destes dous asuntos, poden volver a comprometer a nosa sa\u00fade econ\u00f3mica<\/p><\/blockquote>\n\n\n\n<p><strong>Ben, falemos de pol\u00edtica Mariano. Como vai sa\u00edr a esquerda de Cangas do galimat\u00edas no que est\u00e1?<\/strong><\/p>\n\n\n\n<blockquote class=\"wp-block-quote is-layout-flow wp-block-quote-is-layout-flow\"><p>Non \u00e9 f\u00e1cil responder a esa pregunta. Eu o que te\u00f1o claro \u00e9 que entre o interese partidista e o interese p\u00fablico eu sempre estarei na defensa do p\u00fablico. E cando a dicotom\u00eda estea entre as pol\u00edticas est\u00e9ticas, e as pol\u00edticas de esquerda real eu vou estar sempre na esquerda. Ese conflito entre vertebrar a pol\u00edtica nunha li\u00f1a clara de esquerdas, ou defender os intereses partidistas \u00e9 a ra\u00edz dese galimat\u00edas que mencionas.<\/p><\/blockquote>\n\n\n\n<p><strong>No bipartito que ti\u00f1ades co PSOE non hab\u00eda a posibilidade de desenvolver pol\u00edticas de esquerda real?<\/strong><\/p>\n\n\n\n<blockquote class=\"wp-block-quote is-layout-flow wp-block-quote-is-layout-flow\"><p>A proposta do PSOE de Cangas est\u00e1 tan dereitizada que \u00e9 imposible establecer un goberno cuns criterios minimamente de esquerdas<\/p><\/blockquote>\n\n\n\n<p><strong>Pon alg\u00fan exemplo ao respecto?<\/strong><\/p>\n\n\n\n<blockquote class=\"wp-block-quote is-layout-flow wp-block-quote-is-layout-flow\"><p>Cando estabamos a traballar nun borrador de plan xeral pretenden unha modificaci\u00f3n puntual das normas para supostamente favorecer intereses privados. Esa situaci\u00f3n foi traxic\u00f3mica ata o punto que foi denunciada polo propio PP. Ese \u00e9 un episodio, dentro de moitos, que pon en evidencia a imposibilidade de desenvolver pol\u00edticas de esquerdas co actual PSOE de Cangas<\/p><\/blockquote>\n\n\n\n<p><strong>ACE est\u00e1 definitivamente esnaquizada?<\/strong><\/p>\n\n\n\n<blockquote class=\"wp-block-quote is-layout-flow wp-block-quote-is-layout-flow\"><p>ACE como formaci\u00f3n pol\u00edtica existe. Evidentemente hai diferencias importantes<\/p><\/blockquote>\n\n\n\n<p><strong>Por que?<\/strong><\/p>\n\n\n\n<blockquote class=\"wp-block-quote is-layout-flow wp-block-quote-is-layout-flow\"><p>\u00c9 unha consecuencia de todo o que veu acontecendo a nivel galego, tanto con AGE como con En Marea. No canto de prevalecer unha pol\u00edtica de Fronte Popular prevaleceron os intereses partidistas. E eu creo que eso tam\u00e9n est\u00e1 afectando a ACE<\/p><\/blockquote>\n\n\n\n<p><strong>Cando morre Xose Manuel Pazos ti enganaches a Esquerda Unida nas negociaci\u00f3ns previas \u00e1 investidura da nova alcaldesa?<\/strong><\/p>\n\n\n\n<blockquote class=\"wp-block-quote is-layout-flow wp-block-quote-is-layout-flow\"><p>Son consciente de que algunhas persoas vinculadas a Esquerda Unida utilizaron naquel momento eso que mencionas que non \u00e9 m\u00e1is ca unha falacia. \u00c9 un argumento impresentable e tramposo. A candidatura de ACE foi confeccionada e votada en asemblea. Que algu\u00e9n pretenda que os seus intereses partidistas est\u00e1n por riba do que se votou en asemblea \u00e9 unha trampa e o problema teno quen pretende actuar as\u00ed.<\/p><\/blockquote>\n\n\n\n<p><strong>No ano e pouco que falta para rematar o mandato hai posibilidade de concretar alg\u00fan acordo co BNG, e ou con Avante, que permita un goberno m\u00e1is c\u00f3modo que o que tendes agora?<\/strong><\/p>\n\n\n\n<blockquote class=\"wp-block-quote is-layout-flow wp-block-quote-is-layout-flow\"><p>Eso xa o respondeu cos feitos a nosa alcaldesa pois desde un primeiro momento chamou \u00e1s forzas da esquerda nacionalista a constru\u00edrmos en com\u00fan. Vemos como o PSOE local prefire ir da man do PP formando un bloque de dereitas, que non \u00e9 a primeira vez que acontece en Cangas, e para podelo confrontar con \u00e9xito o nacionalismo de esquerda da nosa vila debe cami\u00f1ar en com\u00fan. Agora ben, veremos como se posicionan Avante e o BNG.<\/p><\/blockquote>\n\n\n\n<p><strong>Que receptividade encontrades en ambas forzas?<\/strong><\/p>\n\n\n\n<blockquote class=\"wp-block-quote is-layout-flow wp-block-quote-is-layout-flow\"><p>Canto menos no BNG vemos movementos importantes e positivos. As\u00ed quixera mencionar o acordo con eles para quitar adiante o plan concellos. Avante non est\u00e1 nesa li\u00f1a. Pero non me quero confundir de inimigo. Tanto en Cangas como en Galicia \u00e9 esencial reforzar un polo soberanista e de esquerdas.<\/p><\/blockquote>\n\n\n\n<p><strong>Neste ano e pico que falta para rematar o mandato hai alg\u00fan proxecto de goberno que che ilusione?<\/strong><\/p>\n\n\n\n<blockquote class=\"wp-block-quote is-layout-flow wp-block-quote-is-layout-flow\"><p>N\u00f3s ambicionamos unha cesi\u00f3n do espazo de Masso que \u00e9 fundamental para o desenvolvemento de Cangas. Tam\u00e9n estamos xestionando a desafectaci\u00f3n da zona que vai desde Ojea ata a praza de Abastos. Outro proxecto moi importante \u00e9 o Centro de Alta Resoluci\u00f3n, que o PP non quere. \u00c9 moi importante para n\u00f3s o plan de vivenda. Conseguimos recuperar as vivendas de Nazaret .A pol\u00edtica de vivenda social \u00e9 fundamental para o noso goberno.<\/p><\/blockquote>\n\n\n\n<blockquote class=\"wp-block-quote is-layout-flow wp-block-quote-is-layout-flow\"><p>Cangas ten moito por facer, como \u00e9 a recuperaci\u00f3n do plan xeral. Necesitamos potenciar a participaci\u00f3n de todos os sectores sociais e veci\u00f1ais que permitan a Cangas dar o salto de calidade que precisa.<\/p><\/blockquote>\n\n\n\n<p><strong>A Xunta p\u00f3rtase ben con Cangas?<\/strong><\/p>\n\n\n\n<blockquote class=\"wp-block-quote is-layout-flow wp-block-quote-is-layout-flow\"><p>O Concello est\u00e1 xestionando, cun custe econ\u00f3mico moi importante, servizos que debera de estar sufragando a Xunta. Por exemplo atenci\u00f3n temper\u00e1, a unidade de atenci\u00f3n a drogodependentes, o SAF ou o propio conservatorio. N\u00f3s asumimos ese custe con gusto pola inmensa repercusi\u00f3n que ten. Pero \u00e9 incrible que a Xunta desatenda as s\u00faas obrigas en aspectos tan significativos.<\/p><\/blockquote>\n\n\n\n<p><strong>Segues sentindo que a DEP maltrata ao Concello de Cangas?<\/strong><\/p>\n\n\n\n<blockquote class=\"wp-block-quote is-layout-flow wp-block-quote-is-layout-flow\"><p>O seu maltrato ao noso pobo en ocasi\u00f3ns \u00e9 m\u00e1is grave que o da Xunta. Hai unha negativa absoluta , pola s\u00faa parte, a contestar os requirimentos que lle fai o Concello. Por exemplo o PSOE ti\u00f1a o compromiso de que \u00edan financiar uns muros na obra da estrada Viso Igrexario, na parroquia do H\u00edo, e ese compromiso incumpr\u00edrono absolutamente.<\/p><\/blockquote>\n\n\n\n<p><strong>Rematamos Mariano. \u00c9 posible debullar un escenario realista de como se poden formular as candidaturas de esquerda de cara \u00e1s pr\u00f3ximas municipais?<\/strong><\/p>\n\n\n\n<blockquote class=\"wp-block-quote is-layout-flow wp-block-quote-is-layout-flow\"><p>A\u00ednda queda un tempo por desenvolver para poder responder a esa pregunta. Todo pasa pola pr\u00e1ctica que os grupos adoptemos no que queda de mandato.<\/p><\/blockquote>\n\n\n\n<p><strong>Pero ti que pensas que ser\u00eda desexable?<\/strong><\/p>\n\n\n\n<blockquote class=\"wp-block-quote is-layout-flow wp-block-quote-is-layout-flow\"><p>Tanto en Cangas como en Galicia: reforzar un polo soberanista de esquerdas que faga fronte ao desprezo que os gobernos estatal e auton\u00f3mico amosan cara a Galicia e aos concellos que, como o noso, non sexamos considerados amigos. Os meus esforzos van ir por a\u00ed, tratar de plasmar unha alternativa soberanista e de esquerdas.<\/p><\/blockquote>\n","protected":false},"excerpt":{"rendered":"<div class=\"mh-excerpt\"><p>Unha vez m\u00e1is , e xa perd\u00edn a conta de cantas van nos \u00faltimos anos, foi un pracer compartir un caf\u00e9 co meu vello amigo Mariano. Neste caso tratei de que nos aclarase o galimat\u00edas no que se encontra a esquerda pol\u00edtica de Cangas. Xulgade v\u00f3s, amigas e amigos, se achegou algo de luz ou non. <a class=\"mh-excerpt-more\" href=\"https:\/\/www.anovapeneira.gal\/index.php\/2022\/02\/18\/mariano-abalo-concelleiro-de-facenda-de-cangas\/\" title=\"Mariano Abalo concelleiro de facenda de Cangas\">[&#8230;]<\/a><\/p>\n<\/div>","protected":false},"author":3,"featured_media":6987,"comment_status":"open","ping_status":"open","sticky":false,"template":"","format":"standard","meta":{"_exactmetrics_skip_tracking":false,"_exactmetrics_sitenote_active":false,"_exactmetrics_sitenote_note":"","_exactmetrics_sitenote_category":0,"footnotes":""},"categories":[268],"tags":[1073],"class_list":{"0":"post-6985","1":"post","2":"type-post","3":"status-publish","4":"format-standard","5":"has-post-thumbnail","7":"category-morrazo-entrevistas","8":"tag-concello-de-cangas"},"yoast_head":"<!-- This site is optimized with the Yoast SEO plugin v27.4 - https:\/\/yoast.com\/product\/yoast-seo-wordpress\/ -->\n<title>Mariano Abalo concelleiro de facenda de Cangas -<\/title>\n<meta name=\"description\" content=\"Unha vez m\u00e1is , e xa perd\u00edn a conta de cantas van nos \u00faltimos anos, foi un pracer compartir un caf\u00e9 co meu vello amigo Mariano. Neste caso tratei de que nos aclarase o galimat\u00edas no que se encontra a esquerda pol\u00edtica de Cangas. Xulgade v\u00f3s, amigas e amigos, se achegou algo de luz ou non.\" \/>\n<meta name=\"robots\" content=\"index, follow, max-snippet:-1, max-image-preview:large, max-video-preview:-1\" \/>\n<link rel=\"canonical\" href=\"https:\/\/www.anovapeneira.gal\/index.php\/2022\/02\/18\/mariano-abalo-concelleiro-de-facenda-de-cangas\/\" \/>\n<meta property=\"og:locale\" content=\"gl_ES\" \/>\n<meta property=\"og:type\" content=\"article\" \/>\n<meta property=\"og:title\" content=\"Mariano Abalo concelleiro de facenda de Cangas -\" \/>\n<meta property=\"og:description\" content=\"Unha vez m\u00e1is , e xa perd\u00edn a conta de cantas van nos \u00faltimos anos, foi un pracer compartir un caf\u00e9 co meu vello amigo Mariano. Neste caso tratei de que nos aclarase o galimat\u00edas no que se encontra a esquerda pol\u00edtica de Cangas. Xulgade v\u00f3s, amigas e amigos, se achegou algo de luz ou non.\" \/>\n<meta property=\"og:url\" content=\"https:\/\/www.anovapeneira.gal\/index.php\/2022\/02\/18\/mariano-abalo-concelleiro-de-facenda-de-cangas\/\" \/>\n<meta property=\"article:publisher\" content=\"https:\/\/www.facebook.com\/anovapeneira\" \/>\n<meta property=\"article:published_time\" content=\"2022-02-18T09:00:27+00:00\" \/>\n<meta property=\"og:image\" content=\"https:\/\/www.anovapeneira.gal\/wp-content\/uploads\/2022\/02\/mariano_abalo.jpg\" \/>\n\t<meta property=\"og:image:width\" content=\"720\" \/>\n\t<meta property=\"og:image:height\" content=\"432\" \/>\n\t<meta property=\"og:image:type\" content=\"image\/jpeg\" \/>\n<meta name=\"author\" content=\"Redacci\u00f3n A Nova Peneira\" \/>\n<meta name=\"twitter:card\" content=\"summary_large_image\" \/>\n<meta name=\"twitter:creator\" content=\"@APeneira\" \/>\n<meta name=\"twitter:site\" content=\"@APeneira\" \/>\n<meta name=\"twitter:label1\" content=\"Escrito por\" \/>\n\t<meta name=\"twitter:data1\" content=\"Redacci\u00f3n A Nova Peneira\" \/>\n\t<meta name=\"twitter:label2\" content=\"Tempo de lectura\" \/>\n\t<meta name=\"twitter:data2\" content=\"7 minutos\" \/>\n<script type=\"application\/ld+json\" class=\"yoast-schema-graph\">{\"@context\":\"https:\\\/\\\/schema.org\",\"@graph\":[{\"@type\":\"Article\",\"@id\":\"https:\\\/\\\/www.anovapeneira.gal\\\/index.php\\\/2022\\\/02\\\/18\\\/mariano-abalo-concelleiro-de-facenda-de-cangas\\\/#article\",\"isPartOf\":{\"@id\":\"https:\\\/\\\/www.anovapeneira.gal\\\/index.php\\\/2022\\\/02\\\/18\\\/mariano-abalo-concelleiro-de-facenda-de-cangas\\\/\"},\"author\":{\"name\":\"Redacci\u00f3n A Nova Peneira\",\"@id\":\"https:\\\/\\\/www.anovapeneira.gal\\\/#\\\/schema\\\/person\\\/b93e3f8932e3f8da96334607eb6ac6aa\"},\"headline\":\"Mariano Abalo concelleiro de facenda de Cangas\",\"datePublished\":\"2022-02-18T09:00:27+00:00\",\"mainEntityOfPage\":{\"@id\":\"https:\\\/\\\/www.anovapeneira.gal\\\/index.php\\\/2022\\\/02\\\/18\\\/mariano-abalo-concelleiro-de-facenda-de-cangas\\\/\"},\"wordCount\":1256,\"commentCount\":0,\"publisher\":{\"@id\":\"https:\\\/\\\/www.anovapeneira.gal\\\/#organization\"},\"image\":{\"@id\":\"https:\\\/\\\/www.anovapeneira.gal\\\/index.php\\\/2022\\\/02\\\/18\\\/mariano-abalo-concelleiro-de-facenda-de-cangas\\\/#primaryimage\"},\"thumbnailUrl\":\"https:\\\/\\\/www.anovapeneira.gal\\\/wp-content\\\/uploads\\\/2022\\\/02\\\/mariano_abalo.jpg\",\"keywords\":[\"Concello de Cangas\"],\"articleSection\":[\"Morrazo\"],\"inLanguage\":\"gl-ES\",\"potentialAction\":[{\"@type\":\"CommentAction\",\"name\":\"Comment\",\"target\":[\"https:\\\/\\\/www.anovapeneira.gal\\\/index.php\\\/2022\\\/02\\\/18\\\/mariano-abalo-concelleiro-de-facenda-de-cangas\\\/#respond\"]}]},{\"@type\":\"WebPage\",\"@id\":\"https:\\\/\\\/www.anovapeneira.gal\\\/index.php\\\/2022\\\/02\\\/18\\\/mariano-abalo-concelleiro-de-facenda-de-cangas\\\/\",\"url\":\"https:\\\/\\\/www.anovapeneira.gal\\\/index.php\\\/2022\\\/02\\\/18\\\/mariano-abalo-concelleiro-de-facenda-de-cangas\\\/\",\"name\":\"Mariano Abalo concelleiro de facenda de Cangas -\",\"isPartOf\":{\"@id\":\"https:\\\/\\\/www.anovapeneira.gal\\\/#website\"},\"primaryImageOfPage\":{\"@id\":\"https:\\\/\\\/www.anovapeneira.gal\\\/index.php\\\/2022\\\/02\\\/18\\\/mariano-abalo-concelleiro-de-facenda-de-cangas\\\/#primaryimage\"},\"image\":{\"@id\":\"https:\\\/\\\/www.anovapeneira.gal\\\/index.php\\\/2022\\\/02\\\/18\\\/mariano-abalo-concelleiro-de-facenda-de-cangas\\\/#primaryimage\"},\"thumbnailUrl\":\"https:\\\/\\\/www.anovapeneira.gal\\\/wp-content\\\/uploads\\\/2022\\\/02\\\/mariano_abalo.jpg\",\"datePublished\":\"2022-02-18T09:00:27+00:00\",\"description\":\"Unha vez m\u00e1is , e xa perd\u00edn a conta de cantas van nos \u00faltimos anos, foi un pracer compartir un caf\u00e9 co meu vello amigo Mariano. Neste caso tratei de que nos aclarase o galimat\u00edas no que se encontra a esquerda pol\u00edtica de Cangas. Xulgade v\u00f3s, amigas e amigos, se achegou algo de luz ou non.\",\"breadcrumb\":{\"@id\":\"https:\\\/\\\/www.anovapeneira.gal\\\/index.php\\\/2022\\\/02\\\/18\\\/mariano-abalo-concelleiro-de-facenda-de-cangas\\\/#breadcrumb\"},\"inLanguage\":\"gl-ES\",\"potentialAction\":[{\"@type\":\"ReadAction\",\"target\":[\"https:\\\/\\\/www.anovapeneira.gal\\\/index.php\\\/2022\\\/02\\\/18\\\/mariano-abalo-concelleiro-de-facenda-de-cangas\\\/\"]}]},{\"@type\":\"ImageObject\",\"inLanguage\":\"gl-ES\",\"@id\":\"https:\\\/\\\/www.anovapeneira.gal\\\/index.php\\\/2022\\\/02\\\/18\\\/mariano-abalo-concelleiro-de-facenda-de-cangas\\\/#primaryimage\",\"url\":\"https:\\\/\\\/www.anovapeneira.gal\\\/wp-content\\\/uploads\\\/2022\\\/02\\\/mariano_abalo.jpg\",\"contentUrl\":\"https:\\\/\\\/www.anovapeneira.gal\\\/wp-content\\\/uploads\\\/2022\\\/02\\\/mariano_abalo.jpg\",\"width\":720,\"height\":432,\"caption\":\"Mariano Abalo\"},{\"@type\":\"BreadcrumbList\",\"@id\":\"https:\\\/\\\/www.anovapeneira.gal\\\/index.php\\\/2022\\\/02\\\/18\\\/mariano-abalo-concelleiro-de-facenda-de-cangas\\\/#breadcrumb\",\"itemListElement\":[{\"@type\":\"ListItem\",\"position\":1,\"name\":\"Portada\",\"item\":\"https:\\\/\\\/www.anovapeneira.gal\\\/\"},{\"@type\":\"ListItem\",\"position\":2,\"name\":\"Mariano Abalo concelleiro de facenda de Cangas\"}]},{\"@type\":\"WebSite\",\"@id\":\"https:\\\/\\\/www.anovapeneira.gal\\\/#website\",\"url\":\"https:\\\/\\\/www.anovapeneira.gal\\\/\",\"name\":\"\",\"description\":\"Xornal galego de informaci\u00f3n xeral Publicaci\u00f3n mensual de novas de Galicia e en especial dos Concellos da sur da provincia de Pontevedra.\",\"publisher\":{\"@id\":\"https:\\\/\\\/www.anovapeneira.gal\\\/#organization\"},\"potentialAction\":[{\"@type\":\"SearchAction\",\"target\":{\"@type\":\"EntryPoint\",\"urlTemplate\":\"https:\\\/\\\/www.anovapeneira.gal\\\/?s={search_term_string}\"},\"query-input\":{\"@type\":\"PropertyValueSpecification\",\"valueRequired\":true,\"valueName\":\"search_term_string\"}}],\"inLanguage\":\"gl-ES\"},{\"@type\":\"Organization\",\"@id\":\"https:\\\/\\\/www.anovapeneira.gal\\\/#organization\",\"name\":\"A Nova Peneira\",\"url\":\"https:\\\/\\\/www.anovapeneira.gal\\\/\",\"logo\":{\"@type\":\"ImageObject\",\"inLanguage\":\"gl-ES\",\"@id\":\"https:\\\/\\\/www.anovapeneira.gal\\\/#\\\/schema\\\/logo\\\/image\\\/\",\"url\":\"http:\\\/\\\/www.anovapeneira.gal\\\/wp-content\\\/uploads\\\/2019\\\/06\\\/logo_a_nova_peneira_portal_web.png\",\"contentUrl\":\"http:\\\/\\\/www.anovapeneira.gal\\\/wp-content\\\/uploads\\\/2019\\\/06\\\/logo_a_nova_peneira_portal_web.png\",\"width\":300,\"height\":100,\"caption\":\"A Nova Peneira\"},\"image\":{\"@id\":\"https:\\\/\\\/www.anovapeneira.gal\\\/#\\\/schema\\\/logo\\\/image\\\/\"},\"sameAs\":[\"https:\\\/\\\/www.facebook.com\\\/anovapeneira\",\"https:\\\/\\\/x.com\\\/APeneira\"]},{\"@type\":\"Person\",\"@id\":\"https:\\\/\\\/www.anovapeneira.gal\\\/#\\\/schema\\\/person\\\/b93e3f8932e3f8da96334607eb6ac6aa\",\"name\":\"Redacci\u00f3n A Nova Peneira\",\"image\":{\"@type\":\"ImageObject\",\"inLanguage\":\"gl-ES\",\"@id\":\"https:\\\/\\\/secure.gravatar.com\\\/avatar\\\/c052a2551a06e23fac63626232eaa90abd78dbcf1700fc46a2b2c89fd27b735f?s=96&d=mm&r=g\",\"url\":\"https:\\\/\\\/secure.gravatar.com\\\/avatar\\\/c052a2551a06e23fac63626232eaa90abd78dbcf1700fc46a2b2c89fd27b735f?s=96&d=mm&r=g\",\"contentUrl\":\"https:\\\/\\\/secure.gravatar.com\\\/avatar\\\/c052a2551a06e23fac63626232eaa90abd78dbcf1700fc46a2b2c89fd27b735f?s=96&d=mm&r=g\",\"caption\":\"Redacci\u00f3n A Nova Peneira\"},\"sameAs\":[\"http:\\\/\\\/www.anovapeneira.gal\\\/\"],\"url\":\"https:\\\/\\\/www.anovapeneira.gal\\\/index.php\\\/author\\\/redactor\\\/\"}]}<\/script>\n<!-- \/ Yoast SEO plugin. -->","yoast_head_json":{"title":"Mariano Abalo concelleiro de facenda de Cangas -","description":"Unha vez m\u00e1is , e xa perd\u00edn a conta de cantas van nos \u00faltimos anos, foi un pracer compartir un caf\u00e9 co meu vello amigo Mariano. Neste caso tratei de que nos aclarase o galimat\u00edas no que se encontra a esquerda pol\u00edtica de Cangas. Xulgade v\u00f3s, amigas e amigos, se achegou algo de luz ou non.","robots":{"index":"index","follow":"follow","max-snippet":"max-snippet:-1","max-image-preview":"max-image-preview:large","max-video-preview":"max-video-preview:-1"},"canonical":"https:\/\/www.anovapeneira.gal\/index.php\/2022\/02\/18\/mariano-abalo-concelleiro-de-facenda-de-cangas\/","og_locale":"gl_ES","og_type":"article","og_title":"Mariano Abalo concelleiro de facenda de Cangas -","og_description":"Unha vez m\u00e1is , e xa perd\u00edn a conta de cantas van nos \u00faltimos anos, foi un pracer compartir un caf\u00e9 co meu vello amigo Mariano. Neste caso tratei de que nos aclarase o galimat\u00edas no que se encontra a esquerda pol\u00edtica de Cangas. Xulgade v\u00f3s, amigas e amigos, se achegou algo de luz ou non.","og_url":"https:\/\/www.anovapeneira.gal\/index.php\/2022\/02\/18\/mariano-abalo-concelleiro-de-facenda-de-cangas\/","article_publisher":"https:\/\/www.facebook.com\/anovapeneira","article_published_time":"2022-02-18T09:00:27+00:00","og_image":[{"width":720,"height":432,"url":"https:\/\/www.anovapeneira.gal\/wp-content\/uploads\/2022\/02\/mariano_abalo.jpg","type":"image\/jpeg"}],"author":"Redacci\u00f3n A Nova Peneira","twitter_card":"summary_large_image","twitter_creator":"@APeneira","twitter_site":"@APeneira","twitter_misc":{"Escrito por":"Redacci\u00f3n A Nova Peneira","Tempo de lectura":"7 minutos"},"schema":{"@context":"https:\/\/schema.org","@graph":[{"@type":"Article","@id":"https:\/\/www.anovapeneira.gal\/index.php\/2022\/02\/18\/mariano-abalo-concelleiro-de-facenda-de-cangas\/#article","isPartOf":{"@id":"https:\/\/www.anovapeneira.gal\/index.php\/2022\/02\/18\/mariano-abalo-concelleiro-de-facenda-de-cangas\/"},"author":{"name":"Redacci\u00f3n A Nova Peneira","@id":"https:\/\/www.anovapeneira.gal\/#\/schema\/person\/b93e3f8932e3f8da96334607eb6ac6aa"},"headline":"Mariano Abalo concelleiro de facenda de Cangas","datePublished":"2022-02-18T09:00:27+00:00","mainEntityOfPage":{"@id":"https:\/\/www.anovapeneira.gal\/index.php\/2022\/02\/18\/mariano-abalo-concelleiro-de-facenda-de-cangas\/"},"wordCount":1256,"commentCount":0,"publisher":{"@id":"https:\/\/www.anovapeneira.gal\/#organization"},"image":{"@id":"https:\/\/www.anovapeneira.gal\/index.php\/2022\/02\/18\/mariano-abalo-concelleiro-de-facenda-de-cangas\/#primaryimage"},"thumbnailUrl":"https:\/\/www.anovapeneira.gal\/wp-content\/uploads\/2022\/02\/mariano_abalo.jpg","keywords":["Concello de Cangas"],"articleSection":["Morrazo"],"inLanguage":"gl-ES","potentialAction":[{"@type":"CommentAction","name":"Comment","target":["https:\/\/www.anovapeneira.gal\/index.php\/2022\/02\/18\/mariano-abalo-concelleiro-de-facenda-de-cangas\/#respond"]}]},{"@type":"WebPage","@id":"https:\/\/www.anovapeneira.gal\/index.php\/2022\/02\/18\/mariano-abalo-concelleiro-de-facenda-de-cangas\/","url":"https:\/\/www.anovapeneira.gal\/index.php\/2022\/02\/18\/mariano-abalo-concelleiro-de-facenda-de-cangas\/","name":"Mariano Abalo concelleiro de facenda de Cangas -","isPartOf":{"@id":"https:\/\/www.anovapeneira.gal\/#website"},"primaryImageOfPage":{"@id":"https:\/\/www.anovapeneira.gal\/index.php\/2022\/02\/18\/mariano-abalo-concelleiro-de-facenda-de-cangas\/#primaryimage"},"image":{"@id":"https:\/\/www.anovapeneira.gal\/index.php\/2022\/02\/18\/mariano-abalo-concelleiro-de-facenda-de-cangas\/#primaryimage"},"thumbnailUrl":"https:\/\/www.anovapeneira.gal\/wp-content\/uploads\/2022\/02\/mariano_abalo.jpg","datePublished":"2022-02-18T09:00:27+00:00","description":"Unha vez m\u00e1is , e xa perd\u00edn a conta de cantas van nos \u00faltimos anos, foi un pracer compartir un caf\u00e9 co meu vello amigo Mariano. Neste caso tratei de que nos aclarase o galimat\u00edas no que se encontra a esquerda pol\u00edtica de Cangas. Xulgade v\u00f3s, amigas e amigos, se achegou algo de luz ou non.","breadcrumb":{"@id":"https:\/\/www.anovapeneira.gal\/index.php\/2022\/02\/18\/mariano-abalo-concelleiro-de-facenda-de-cangas\/#breadcrumb"},"inLanguage":"gl-ES","potentialAction":[{"@type":"ReadAction","target":["https:\/\/www.anovapeneira.gal\/index.php\/2022\/02\/18\/mariano-abalo-concelleiro-de-facenda-de-cangas\/"]}]},{"@type":"ImageObject","inLanguage":"gl-ES","@id":"https:\/\/www.anovapeneira.gal\/index.php\/2022\/02\/18\/mariano-abalo-concelleiro-de-facenda-de-cangas\/#primaryimage","url":"https:\/\/www.anovapeneira.gal\/wp-content\/uploads\/2022\/02\/mariano_abalo.jpg","contentUrl":"https:\/\/www.anovapeneira.gal\/wp-content\/uploads\/2022\/02\/mariano_abalo.jpg","width":720,"height":432,"caption":"Mariano Abalo"},{"@type":"BreadcrumbList","@id":"https:\/\/www.anovapeneira.gal\/index.php\/2022\/02\/18\/mariano-abalo-concelleiro-de-facenda-de-cangas\/#breadcrumb","itemListElement":[{"@type":"ListItem","position":1,"name":"Portada","item":"https:\/\/www.anovapeneira.gal\/"},{"@type":"ListItem","position":2,"name":"Mariano Abalo concelleiro de facenda de Cangas"}]},{"@type":"WebSite","@id":"https:\/\/www.anovapeneira.gal\/#website","url":"https:\/\/www.anovapeneira.gal\/","name":"","description":"Xornal galego de informaci\u00f3n xeral Publicaci\u00f3n mensual de novas de Galicia e en especial dos Concellos da sur da provincia de Pontevedra.","publisher":{"@id":"https:\/\/www.anovapeneira.gal\/#organization"},"potentialAction":[{"@type":"SearchAction","target":{"@type":"EntryPoint","urlTemplate":"https:\/\/www.anovapeneira.gal\/?s={search_term_string}"},"query-input":{"@type":"PropertyValueSpecification","valueRequired":true,"valueName":"search_term_string"}}],"inLanguage":"gl-ES"},{"@type":"Organization","@id":"https:\/\/www.anovapeneira.gal\/#organization","name":"A Nova Peneira","url":"https:\/\/www.anovapeneira.gal\/","logo":{"@type":"ImageObject","inLanguage":"gl-ES","@id":"https:\/\/www.anovapeneira.gal\/#\/schema\/logo\/image\/","url":"http:\/\/www.anovapeneira.gal\/wp-content\/uploads\/2019\/06\/logo_a_nova_peneira_portal_web.png","contentUrl":"http:\/\/www.anovapeneira.gal\/wp-content\/uploads\/2019\/06\/logo_a_nova_peneira_portal_web.png","width":300,"height":100,"caption":"A Nova Peneira"},"image":{"@id":"https:\/\/www.anovapeneira.gal\/#\/schema\/logo\/image\/"},"sameAs":["https:\/\/www.facebook.com\/anovapeneira","https:\/\/x.com\/APeneira"]},{"@type":"Person","@id":"https:\/\/www.anovapeneira.gal\/#\/schema\/person\/b93e3f8932e3f8da96334607eb6ac6aa","name":"Redacci\u00f3n A Nova Peneira","image":{"@type":"ImageObject","inLanguage":"gl-ES","@id":"https:\/\/secure.gravatar.com\/avatar\/c052a2551a06e23fac63626232eaa90abd78dbcf1700fc46a2b2c89fd27b735f?s=96&d=mm&r=g","url":"https:\/\/secure.gravatar.com\/avatar\/c052a2551a06e23fac63626232eaa90abd78dbcf1700fc46a2b2c89fd27b735f?s=96&d=mm&r=g","contentUrl":"https:\/\/secure.gravatar.com\/avatar\/c052a2551a06e23fac63626232eaa90abd78dbcf1700fc46a2b2c89fd27b735f?s=96&d=mm&r=g","caption":"Redacci\u00f3n A Nova Peneira"},"sameAs":["http:\/\/www.anovapeneira.gal\/"],"url":"https:\/\/www.anovapeneira.gal\/index.php\/author\/redactor\/"}]}},"jetpack_featured_media_url":"https:\/\/www.anovapeneira.gal\/wp-content\/uploads\/2022\/02\/mariano_abalo.jpg","_links":{"self":[{"href":"https:\/\/www.anovapeneira.gal\/index.php\/wp-json\/wp\/v2\/posts\/6985","targetHints":{"allow":["GET"]}}],"collection":[{"href":"https:\/\/www.anovapeneira.gal\/index.php\/wp-json\/wp\/v2\/posts"}],"about":[{"href":"https:\/\/www.anovapeneira.gal\/index.php\/wp-json\/wp\/v2\/types\/post"}],"author":[{"embeddable":true,"href":"https:\/\/www.anovapeneira.gal\/index.php\/wp-json\/wp\/v2\/users\/3"}],"replies":[{"embeddable":true,"href":"https:\/\/www.anovapeneira.gal\/index.php\/wp-json\/wp\/v2\/comments?post=6985"}],"version-history":[{"count":1,"href":"https:\/\/www.anovapeneira.gal\/index.php\/wp-json\/wp\/v2\/posts\/6985\/revisions"}],"predecessor-version":[{"id":6986,"href":"https:\/\/www.anovapeneira.gal\/index.php\/wp-json\/wp\/v2\/posts\/6985\/revisions\/6986"}],"wp:featuredmedia":[{"embeddable":true,"href":"https:\/\/www.anovapeneira.gal\/index.php\/wp-json\/wp\/v2\/media\/6987"}],"wp:attachment":[{"href":"https:\/\/www.anovapeneira.gal\/index.php\/wp-json\/wp\/v2\/media?parent=6985"}],"wp:term":[{"taxonomy":"category","embeddable":true,"href":"https:\/\/www.anovapeneira.gal\/index.php\/wp-json\/wp\/v2\/categories?post=6985"},{"taxonomy":"post_tag","embeddable":true,"href":"https:\/\/www.anovapeneira.gal\/index.php\/wp-json\/wp\/v2\/tags?post=6985"}],"curies":[{"name":"wp","href":"https:\/\/api.w.org\/{rel}","templated":true}]}}