{"id":6989,"date":"2022-02-18T12:00:00","date_gmt":"2022-02-18T11:00:00","guid":{"rendered":"https:\/\/www.anovapeneira.gal\/?p=6989"},"modified":"2022-02-18T08:09:56","modified_gmt":"2022-02-18T07:09:56","slug":"o-rexeitamento-da-comunidade-indixena-expulsou-de-guatemala-a-firma-que-proxecta-o-parque-eolico-de-os-cotos","status":"publish","type":"post","link":"https:\/\/www.anovapeneira.gal\/index.php\/2022\/02\/18\/o-rexeitamento-da-comunidade-indixena-expulsou-de-guatemala-a-firma-que-proxecta-o-parque-eolico-de-os-cotos\/","title":{"rendered":"O rexeitamento da comunidade ind\u00edxena expulsou de Guatemala \u00e1 firma que proxecta o parque e\u00f3lico de Os Cotos"},"content":{"rendered":"\n<p>A fiscal\u00eda do TSXG chegou a imputar por tr\u00e1fico de influencias ao dono de Ecoener, Luis Castro Valdivia, por mor de concesi\u00f3ns realizadas durante o mandato de Manuel Fraga, pero a causa foi arquivada.<\/p>\n\n\n\n<p>O pol\u00e9mico proxecto do parque e\u00f3lico de Os Cotos, contestado pola oposici\u00f3n auton\u00f3mica en sede parlamentaria e tam\u00e9n por parte da cidadan\u00eda afectada a trav\u00e9s da manifestaci\u00f3n celebrada o pasado s\u00e1bado, sup\u00f3n apenas un cap\u00edtulo m\u00e1is dunha longa lista de rexeitamentos que acumulan as propostas empresariais da firma Ecoener- Hidralia ou Hidro Santa Cruz, nomes baixo os que v\u00e9n operando desde hai varias d\u00e9cadas o emporio enerx\u00e9tico do coru\u00f1\u00e9s Luis Castro Valdivia.<\/p>\n\n\n\n<p>A s\u00faa traxectoria en Galicia foi especialmente frut\u00edfera durante o goberno de Manuel Fraga Iribarne, cando a s\u00faa empresa viuse beneficiada da concesi\u00f3n de varios parques e\u00f3licos e minicentrais hidroel\u00e9ctricas, pero viuse freada despois de que a fiscal\u00eda do Tribunal Superior de Xustiza de Galicia (TSXG) imput\u00e1seo, xunto ao seu cu\u00f1ado, o popular Ram\u00f3n Ord\u00e1s Bad\u00eda, por un delito de tr\u00e1fico de influencias. A causa foi arquivada pero foi ent\u00f3n cando Ecoener- Hidralia proxecta a construci\u00f3n dunha central el\u00e9ctrica para a explotaci\u00f3n, durante cincuenta anos, dunha fervenza de 272 metros situada en r\u00edo Cambalam, na localidade guatemalteca de Santa Cruz de Barillas. Pero o proxecto provocar\u00eda un novo rexeitamento, o das comunidades mayas de Q\u2019 anjob\u2019ao, Chuj, Akateko e Popti\u2019, que denunciaron ante o Consello de Dereitos Humanos da ONU o custo que supo\u00f1\u00eda para os pobos ind\u00edxenas a mercantilizaci\u00f3n dun lugar para eles sacro. Alegaron que a empresa de Castro Valdivia atentara contra o convenio internacional que reco\u00f1ece o dereito dos pobos ind\u00edxenas \u00e1 \u201cconsulta previa, libre e informada\u201d fronte ao desembarco de multinacionais que queiran explotar os seus recursos naturais, como medida de protecci\u00f3n ante posibles espolios.<\/p>\n\n\n\n<p><strong>Unha d\u00e9cada de loita<\/strong><\/p>\n\n\n\n<p>O caso chegaba \u00e1 ONU en 2016, nove anos despois da aterraxe de Ecoener en Huhuetenango e apenas unhas semanas antes de que a empresa anunciase a s\u00faa renuncia ao proxecto. Durante ese tempo as poboaci\u00f3ns ind\u00edxenas levaran a cabo unha intensa campa\u00f1a de denuncia cun alt\u00edsimo custo non s\u00f3 para a empresa, sen\u00f3n tam\u00e9n para os guatemaltecos, que sufriron o encarceramento de varios dos seus l\u00edderes e ata o asasinato dun deles, Andr\u00e9s Pedro Miguel, nun suceso ocorrido o 1 de maio de 2012, onde tam\u00e9n resultaron feridos de bala os l\u00edderes ind\u00edxenas Pablo Antonio Pablo e Esteban Bernab\u00e9. Por eses feitos -que deron lugar \u00e1 declaraci\u00f3n do Estado de Sitio na zona durante quince d\u00edas- foron levados ao banco dous gardas de seguridade da hidroel\u00e9ctrica, resultando absoltos no xu\u00edzo, celebrado en decembro de 2019 cando a firma xa abandonara Guatemala para reimpulsar a s\u00faa andaina en Galicia. Agora ten a intenci\u00f3n de instalar un parque e\u00f3lico en Os Cotos a trav\u00e9s dun proxecto que contou con tan s\u00f3 d\u00faas semanas de exposici\u00f3n p\u00fablica, igual que o freado en Corme por unha recente sentenza do Tribunal Superior de Xustiza de Galicia. Os reiterados pronunciamentos da xustiza en contra do plan e\u00f3lico galego e a oposici\u00f3n que moitos deles provocaron na poboaci\u00f3n das zonas afectadas levaron ao BNG a pedir, a trav\u00e9s do deputado pontevedr\u00e9s Lu\u00eds Bar\u00e1, que a Xunta o paralice e acorde un novo dese\u00f1o. As\u00ed o pediron tam\u00e9n en Cerdedo-Cotobade durante unha manifestaci\u00f3n que se celebrou esta fin de semana.<\/p>\n","protected":false},"excerpt":{"rendered":"<div class=\"mh-excerpt\"><p>A fiscal\u00eda do TSXG chegou a imputar por tr\u00e1fico de influencias ao dono de Ecoener, Luis Castro Valdivia, por mor de concesi\u00f3ns realizadas durante o mandato de Manuel Fraga, pero a causa foi arquivada. <a class=\"mh-excerpt-more\" href=\"https:\/\/www.anovapeneira.gal\/index.php\/2022\/02\/18\/o-rexeitamento-da-comunidade-indixena-expulsou-de-guatemala-a-firma-que-proxecta-o-parque-eolico-de-os-cotos\/\" title=\"O rexeitamento da comunidade ind\u00edxena expulsou de Guatemala \u00e1 firma que proxecta o parque e\u00f3lico de Os Cotos\">[&#8230;]<\/a><\/p>\n<\/div>","protected":false},"author":3,"featured_media":4347,"comment_status":"open","ping_status":"open","sticky":false,"template":"","format":"standard","meta":{"_exactmetrics_skip_tracking":false,"_exactmetrics_sitenote_active":false,"_exactmetrics_sitenote_note":"","_exactmetrics_sitenote_category":0,"footnotes":""},"categories":[589],"tags":[],"class_list":{"0":"post-6989","1":"post","2":"type-post","3":"status-publish","4":"format-standard","5":"has-post-thumbnail","7":"category-reportaxe_galicia"},"yoast_head":"<!-- This site is optimized with the Yoast SEO plugin v27.4 - https:\/\/yoast.com\/product\/yoast-seo-wordpress\/ -->\n<title>O rexeitamento da comunidade ind\u00edxena expulsou de Guatemala \u00e1 firma que proxecta o parque e\u00f3lico de Os Cotos -<\/title>\n<meta name=\"description\" content=\"A fiscal\u00eda do TSXG chegou a imputar por tr\u00e1fico de influencias ao dono de Ecoener, Luis Castro Valdivia, por mor de concesi\u00f3ns realizadas durante o mandato de Manuel Fraga, pero a causa foi arquivada.\" \/>\n<meta name=\"robots\" content=\"index, follow, max-snippet:-1, max-image-preview:large, max-video-preview:-1\" \/>\n<link rel=\"canonical\" href=\"https:\/\/www.anovapeneira.gal\/index.php\/2022\/02\/18\/o-rexeitamento-da-comunidade-indixena-expulsou-de-guatemala-a-firma-que-proxecta-o-parque-eolico-de-os-cotos\/\" \/>\n<meta property=\"og:locale\" content=\"gl_ES\" \/>\n<meta property=\"og:type\" content=\"article\" \/>\n<meta property=\"og:title\" content=\"O rexeitamento da comunidade ind\u00edxena expulsou de Guatemala \u00e1 firma que proxecta o parque e\u00f3lico de Os Cotos -\" \/>\n<meta property=\"og:description\" content=\"A fiscal\u00eda do TSXG chegou a imputar por tr\u00e1fico de influencias ao dono de Ecoener, Luis Castro Valdivia, por mor de concesi\u00f3ns realizadas durante o mandato de Manuel Fraga, pero a causa foi arquivada.\" \/>\n<meta property=\"og:url\" content=\"https:\/\/www.anovapeneira.gal\/index.php\/2022\/02\/18\/o-rexeitamento-da-comunidade-indixena-expulsou-de-guatemala-a-firma-que-proxecta-o-parque-eolico-de-os-cotos\/\" \/>\n<meta property=\"article:publisher\" content=\"https:\/\/www.facebook.com\/anovapeneira\" \/>\n<meta property=\"article:published_time\" content=\"2022-02-18T11:00:00+00:00\" \/>\n<meta property=\"og:image\" content=\"https:\/\/www.anovapeneira.gal\/wp-content\/uploads\/2020\/11\/parque_eolico_a_nova_peneira.jpg\" \/>\n\t<meta property=\"og:image:width\" content=\"720\" \/>\n\t<meta property=\"og:image:height\" content=\"432\" \/>\n\t<meta property=\"og:image:type\" content=\"image\/jpeg\" \/>\n<meta name=\"author\" content=\"Redacci\u00f3n A Nova Peneira\" \/>\n<meta name=\"twitter:card\" content=\"summary_large_image\" \/>\n<meta name=\"twitter:creator\" content=\"@APeneira\" \/>\n<meta name=\"twitter:site\" content=\"@APeneira\" \/>\n<meta name=\"twitter:label1\" content=\"Escrito por\" \/>\n\t<meta name=\"twitter:data1\" content=\"Redacci\u00f3n A Nova Peneira\" \/>\n\t<meta name=\"twitter:label2\" content=\"Tempo de lectura\" \/>\n\t<meta name=\"twitter:data2\" content=\"4 minutos\" \/>\n<script type=\"application\/ld+json\" class=\"yoast-schema-graph\">{\"@context\":\"https:\\\/\\\/schema.org\",\"@graph\":[{\"@type\":\"Article\",\"@id\":\"https:\\\/\\\/www.anovapeneira.gal\\\/index.php\\\/2022\\\/02\\\/18\\\/o-rexeitamento-da-comunidade-indixena-expulsou-de-guatemala-a-firma-que-proxecta-o-parque-eolico-de-os-cotos\\\/#article\",\"isPartOf\":{\"@id\":\"https:\\\/\\\/www.anovapeneira.gal\\\/index.php\\\/2022\\\/02\\\/18\\\/o-rexeitamento-da-comunidade-indixena-expulsou-de-guatemala-a-firma-que-proxecta-o-parque-eolico-de-os-cotos\\\/\"},\"author\":{\"name\":\"Redacci\u00f3n A Nova Peneira\",\"@id\":\"https:\\\/\\\/www.anovapeneira.gal\\\/#\\\/schema\\\/person\\\/b93e3f8932e3f8da96334607eb6ac6aa\"},\"headline\":\"O rexeitamento da comunidade ind\u00edxena expulsou de Guatemala \u00e1 firma que proxecta o parque e\u00f3lico de Os Cotos\",\"datePublished\":\"2022-02-18T11:00:00+00:00\",\"mainEntityOfPage\":{\"@id\":\"https:\\\/\\\/www.anovapeneira.gal\\\/index.php\\\/2022\\\/02\\\/18\\\/o-rexeitamento-da-comunidade-indixena-expulsou-de-guatemala-a-firma-que-proxecta-o-parque-eolico-de-os-cotos\\\/\"},\"wordCount\":641,\"commentCount\":0,\"publisher\":{\"@id\":\"https:\\\/\\\/www.anovapeneira.gal\\\/#organization\"},\"image\":{\"@id\":\"https:\\\/\\\/www.anovapeneira.gal\\\/index.php\\\/2022\\\/02\\\/18\\\/o-rexeitamento-da-comunidade-indixena-expulsou-de-guatemala-a-firma-que-proxecta-o-parque-eolico-de-os-cotos\\\/#primaryimage\"},\"thumbnailUrl\":\"https:\\\/\\\/www.anovapeneira.gal\\\/wp-content\\\/uploads\\\/2020\\\/11\\\/parque_eolico_a_nova_peneira.jpg\",\"articleSection\":[\"Reportaxes\"],\"inLanguage\":\"gl-ES\",\"potentialAction\":[{\"@type\":\"CommentAction\",\"name\":\"Comment\",\"target\":[\"https:\\\/\\\/www.anovapeneira.gal\\\/index.php\\\/2022\\\/02\\\/18\\\/o-rexeitamento-da-comunidade-indixena-expulsou-de-guatemala-a-firma-que-proxecta-o-parque-eolico-de-os-cotos\\\/#respond\"]}]},{\"@type\":\"WebPage\",\"@id\":\"https:\\\/\\\/www.anovapeneira.gal\\\/index.php\\\/2022\\\/02\\\/18\\\/o-rexeitamento-da-comunidade-indixena-expulsou-de-guatemala-a-firma-que-proxecta-o-parque-eolico-de-os-cotos\\\/\",\"url\":\"https:\\\/\\\/www.anovapeneira.gal\\\/index.php\\\/2022\\\/02\\\/18\\\/o-rexeitamento-da-comunidade-indixena-expulsou-de-guatemala-a-firma-que-proxecta-o-parque-eolico-de-os-cotos\\\/\",\"name\":\"O rexeitamento da comunidade ind\u00edxena expulsou de Guatemala \u00e1 firma que proxecta o parque e\u00f3lico de Os Cotos -\",\"isPartOf\":{\"@id\":\"https:\\\/\\\/www.anovapeneira.gal\\\/#website\"},\"primaryImageOfPage\":{\"@id\":\"https:\\\/\\\/www.anovapeneira.gal\\\/index.php\\\/2022\\\/02\\\/18\\\/o-rexeitamento-da-comunidade-indixena-expulsou-de-guatemala-a-firma-que-proxecta-o-parque-eolico-de-os-cotos\\\/#primaryimage\"},\"image\":{\"@id\":\"https:\\\/\\\/www.anovapeneira.gal\\\/index.php\\\/2022\\\/02\\\/18\\\/o-rexeitamento-da-comunidade-indixena-expulsou-de-guatemala-a-firma-que-proxecta-o-parque-eolico-de-os-cotos\\\/#primaryimage\"},\"thumbnailUrl\":\"https:\\\/\\\/www.anovapeneira.gal\\\/wp-content\\\/uploads\\\/2020\\\/11\\\/parque_eolico_a_nova_peneira.jpg\",\"datePublished\":\"2022-02-18T11:00:00+00:00\",\"description\":\"A fiscal\u00eda do TSXG chegou a imputar por tr\u00e1fico de influencias ao dono de Ecoener, Luis Castro Valdivia, por mor de concesi\u00f3ns realizadas durante o mandato de Manuel Fraga, pero a causa foi arquivada.\",\"breadcrumb\":{\"@id\":\"https:\\\/\\\/www.anovapeneira.gal\\\/index.php\\\/2022\\\/02\\\/18\\\/o-rexeitamento-da-comunidade-indixena-expulsou-de-guatemala-a-firma-que-proxecta-o-parque-eolico-de-os-cotos\\\/#breadcrumb\"},\"inLanguage\":\"gl-ES\",\"potentialAction\":[{\"@type\":\"ReadAction\",\"target\":[\"https:\\\/\\\/www.anovapeneira.gal\\\/index.php\\\/2022\\\/02\\\/18\\\/o-rexeitamento-da-comunidade-indixena-expulsou-de-guatemala-a-firma-que-proxecta-o-parque-eolico-de-os-cotos\\\/\"]}]},{\"@type\":\"ImageObject\",\"inLanguage\":\"gl-ES\",\"@id\":\"https:\\\/\\\/www.anovapeneira.gal\\\/index.php\\\/2022\\\/02\\\/18\\\/o-rexeitamento-da-comunidade-indixena-expulsou-de-guatemala-a-firma-que-proxecta-o-parque-eolico-de-os-cotos\\\/#primaryimage\",\"url\":\"https:\\\/\\\/www.anovapeneira.gal\\\/wp-content\\\/uploads\\\/2020\\\/11\\\/parque_eolico_a_nova_peneira.jpg\",\"contentUrl\":\"https:\\\/\\\/www.anovapeneira.gal\\\/wp-content\\\/uploads\\\/2020\\\/11\\\/parque_eolico_a_nova_peneira.jpg\",\"width\":720,\"height\":432,\"caption\":\"Aldeas con horizonte\"},{\"@type\":\"BreadcrumbList\",\"@id\":\"https:\\\/\\\/www.anovapeneira.gal\\\/index.php\\\/2022\\\/02\\\/18\\\/o-rexeitamento-da-comunidade-indixena-expulsou-de-guatemala-a-firma-que-proxecta-o-parque-eolico-de-os-cotos\\\/#breadcrumb\",\"itemListElement\":[{\"@type\":\"ListItem\",\"position\":1,\"name\":\"Portada\",\"item\":\"https:\\\/\\\/www.anovapeneira.gal\\\/\"},{\"@type\":\"ListItem\",\"position\":2,\"name\":\"O rexeitamento da comunidade ind\u00edxena expulsou de Guatemala \u00e1 firma que proxecta o parque e\u00f3lico de Os Cotos\"}]},{\"@type\":\"WebSite\",\"@id\":\"https:\\\/\\\/www.anovapeneira.gal\\\/#website\",\"url\":\"https:\\\/\\\/www.anovapeneira.gal\\\/\",\"name\":\"\",\"description\":\"Xornal galego de informaci\u00f3n xeral Publicaci\u00f3n mensual de novas de Galicia e en especial dos Concellos da sur da provincia de Pontevedra.\",\"publisher\":{\"@id\":\"https:\\\/\\\/www.anovapeneira.gal\\\/#organization\"},\"potentialAction\":[{\"@type\":\"SearchAction\",\"target\":{\"@type\":\"EntryPoint\",\"urlTemplate\":\"https:\\\/\\\/www.anovapeneira.gal\\\/?s={search_term_string}\"},\"query-input\":{\"@type\":\"PropertyValueSpecification\",\"valueRequired\":true,\"valueName\":\"search_term_string\"}}],\"inLanguage\":\"gl-ES\"},{\"@type\":\"Organization\",\"@id\":\"https:\\\/\\\/www.anovapeneira.gal\\\/#organization\",\"name\":\"A Nova Peneira\",\"url\":\"https:\\\/\\\/www.anovapeneira.gal\\\/\",\"logo\":{\"@type\":\"ImageObject\",\"inLanguage\":\"gl-ES\",\"@id\":\"https:\\\/\\\/www.anovapeneira.gal\\\/#\\\/schema\\\/logo\\\/image\\\/\",\"url\":\"http:\\\/\\\/www.anovapeneira.gal\\\/wp-content\\\/uploads\\\/2019\\\/06\\\/logo_a_nova_peneira_portal_web.png\",\"contentUrl\":\"http:\\\/\\\/www.anovapeneira.gal\\\/wp-content\\\/uploads\\\/2019\\\/06\\\/logo_a_nova_peneira_portal_web.png\",\"width\":300,\"height\":100,\"caption\":\"A Nova Peneira\"},\"image\":{\"@id\":\"https:\\\/\\\/www.anovapeneira.gal\\\/#\\\/schema\\\/logo\\\/image\\\/\"},\"sameAs\":[\"https:\\\/\\\/www.facebook.com\\\/anovapeneira\",\"https:\\\/\\\/x.com\\\/APeneira\"]},{\"@type\":\"Person\",\"@id\":\"https:\\\/\\\/www.anovapeneira.gal\\\/#\\\/schema\\\/person\\\/b93e3f8932e3f8da96334607eb6ac6aa\",\"name\":\"Redacci\u00f3n A Nova Peneira\",\"image\":{\"@type\":\"ImageObject\",\"inLanguage\":\"gl-ES\",\"@id\":\"https:\\\/\\\/secure.gravatar.com\\\/avatar\\\/c052a2551a06e23fac63626232eaa90abd78dbcf1700fc46a2b2c89fd27b735f?s=96&d=mm&r=g\",\"url\":\"https:\\\/\\\/secure.gravatar.com\\\/avatar\\\/c052a2551a06e23fac63626232eaa90abd78dbcf1700fc46a2b2c89fd27b735f?s=96&d=mm&r=g\",\"contentUrl\":\"https:\\\/\\\/secure.gravatar.com\\\/avatar\\\/c052a2551a06e23fac63626232eaa90abd78dbcf1700fc46a2b2c89fd27b735f?s=96&d=mm&r=g\",\"caption\":\"Redacci\u00f3n A Nova Peneira\"},\"sameAs\":[\"http:\\\/\\\/www.anovapeneira.gal\\\/\"],\"url\":\"https:\\\/\\\/www.anovapeneira.gal\\\/index.php\\\/author\\\/redactor\\\/\"}]}<\/script>\n<!-- \/ Yoast SEO plugin. -->","yoast_head_json":{"title":"O rexeitamento da comunidade ind\u00edxena expulsou de Guatemala \u00e1 firma que proxecta o parque e\u00f3lico de Os Cotos -","description":"A fiscal\u00eda do TSXG chegou a imputar por tr\u00e1fico de influencias ao dono de Ecoener, Luis Castro Valdivia, por mor de concesi\u00f3ns realizadas durante o mandato de Manuel Fraga, pero a causa foi arquivada.","robots":{"index":"index","follow":"follow","max-snippet":"max-snippet:-1","max-image-preview":"max-image-preview:large","max-video-preview":"max-video-preview:-1"},"canonical":"https:\/\/www.anovapeneira.gal\/index.php\/2022\/02\/18\/o-rexeitamento-da-comunidade-indixena-expulsou-de-guatemala-a-firma-que-proxecta-o-parque-eolico-de-os-cotos\/","og_locale":"gl_ES","og_type":"article","og_title":"O rexeitamento da comunidade ind\u00edxena expulsou de Guatemala \u00e1 firma que proxecta o parque e\u00f3lico de Os Cotos -","og_description":"A fiscal\u00eda do TSXG chegou a imputar por tr\u00e1fico de influencias ao dono de Ecoener, Luis Castro Valdivia, por mor de concesi\u00f3ns realizadas durante o mandato de Manuel Fraga, pero a causa foi arquivada.","og_url":"https:\/\/www.anovapeneira.gal\/index.php\/2022\/02\/18\/o-rexeitamento-da-comunidade-indixena-expulsou-de-guatemala-a-firma-que-proxecta-o-parque-eolico-de-os-cotos\/","article_publisher":"https:\/\/www.facebook.com\/anovapeneira","article_published_time":"2022-02-18T11:00:00+00:00","og_image":[{"width":720,"height":432,"url":"https:\/\/www.anovapeneira.gal\/wp-content\/uploads\/2020\/11\/parque_eolico_a_nova_peneira.jpg","type":"image\/jpeg"}],"author":"Redacci\u00f3n A Nova Peneira","twitter_card":"summary_large_image","twitter_creator":"@APeneira","twitter_site":"@APeneira","twitter_misc":{"Escrito por":"Redacci\u00f3n A Nova Peneira","Tempo de lectura":"4 minutos"},"schema":{"@context":"https:\/\/schema.org","@graph":[{"@type":"Article","@id":"https:\/\/www.anovapeneira.gal\/index.php\/2022\/02\/18\/o-rexeitamento-da-comunidade-indixena-expulsou-de-guatemala-a-firma-que-proxecta-o-parque-eolico-de-os-cotos\/#article","isPartOf":{"@id":"https:\/\/www.anovapeneira.gal\/index.php\/2022\/02\/18\/o-rexeitamento-da-comunidade-indixena-expulsou-de-guatemala-a-firma-que-proxecta-o-parque-eolico-de-os-cotos\/"},"author":{"name":"Redacci\u00f3n A Nova Peneira","@id":"https:\/\/www.anovapeneira.gal\/#\/schema\/person\/b93e3f8932e3f8da96334607eb6ac6aa"},"headline":"O rexeitamento da comunidade ind\u00edxena expulsou de Guatemala \u00e1 firma que proxecta o parque e\u00f3lico de Os Cotos","datePublished":"2022-02-18T11:00:00+00:00","mainEntityOfPage":{"@id":"https:\/\/www.anovapeneira.gal\/index.php\/2022\/02\/18\/o-rexeitamento-da-comunidade-indixena-expulsou-de-guatemala-a-firma-que-proxecta-o-parque-eolico-de-os-cotos\/"},"wordCount":641,"commentCount":0,"publisher":{"@id":"https:\/\/www.anovapeneira.gal\/#organization"},"image":{"@id":"https:\/\/www.anovapeneira.gal\/index.php\/2022\/02\/18\/o-rexeitamento-da-comunidade-indixena-expulsou-de-guatemala-a-firma-que-proxecta-o-parque-eolico-de-os-cotos\/#primaryimage"},"thumbnailUrl":"https:\/\/www.anovapeneira.gal\/wp-content\/uploads\/2020\/11\/parque_eolico_a_nova_peneira.jpg","articleSection":["Reportaxes"],"inLanguage":"gl-ES","potentialAction":[{"@type":"CommentAction","name":"Comment","target":["https:\/\/www.anovapeneira.gal\/index.php\/2022\/02\/18\/o-rexeitamento-da-comunidade-indixena-expulsou-de-guatemala-a-firma-que-proxecta-o-parque-eolico-de-os-cotos\/#respond"]}]},{"@type":"WebPage","@id":"https:\/\/www.anovapeneira.gal\/index.php\/2022\/02\/18\/o-rexeitamento-da-comunidade-indixena-expulsou-de-guatemala-a-firma-que-proxecta-o-parque-eolico-de-os-cotos\/","url":"https:\/\/www.anovapeneira.gal\/index.php\/2022\/02\/18\/o-rexeitamento-da-comunidade-indixena-expulsou-de-guatemala-a-firma-que-proxecta-o-parque-eolico-de-os-cotos\/","name":"O rexeitamento da comunidade ind\u00edxena expulsou de Guatemala \u00e1 firma que proxecta o parque e\u00f3lico de Os Cotos -","isPartOf":{"@id":"https:\/\/www.anovapeneira.gal\/#website"},"primaryImageOfPage":{"@id":"https:\/\/www.anovapeneira.gal\/index.php\/2022\/02\/18\/o-rexeitamento-da-comunidade-indixena-expulsou-de-guatemala-a-firma-que-proxecta-o-parque-eolico-de-os-cotos\/#primaryimage"},"image":{"@id":"https:\/\/www.anovapeneira.gal\/index.php\/2022\/02\/18\/o-rexeitamento-da-comunidade-indixena-expulsou-de-guatemala-a-firma-que-proxecta-o-parque-eolico-de-os-cotos\/#primaryimage"},"thumbnailUrl":"https:\/\/www.anovapeneira.gal\/wp-content\/uploads\/2020\/11\/parque_eolico_a_nova_peneira.jpg","datePublished":"2022-02-18T11:00:00+00:00","description":"A fiscal\u00eda do TSXG chegou a imputar por tr\u00e1fico de influencias ao dono de Ecoener, Luis Castro Valdivia, por mor de concesi\u00f3ns realizadas durante o mandato de Manuel Fraga, pero a causa foi arquivada.","breadcrumb":{"@id":"https:\/\/www.anovapeneira.gal\/index.php\/2022\/02\/18\/o-rexeitamento-da-comunidade-indixena-expulsou-de-guatemala-a-firma-que-proxecta-o-parque-eolico-de-os-cotos\/#breadcrumb"},"inLanguage":"gl-ES","potentialAction":[{"@type":"ReadAction","target":["https:\/\/www.anovapeneira.gal\/index.php\/2022\/02\/18\/o-rexeitamento-da-comunidade-indixena-expulsou-de-guatemala-a-firma-que-proxecta-o-parque-eolico-de-os-cotos\/"]}]},{"@type":"ImageObject","inLanguage":"gl-ES","@id":"https:\/\/www.anovapeneira.gal\/index.php\/2022\/02\/18\/o-rexeitamento-da-comunidade-indixena-expulsou-de-guatemala-a-firma-que-proxecta-o-parque-eolico-de-os-cotos\/#primaryimage","url":"https:\/\/www.anovapeneira.gal\/wp-content\/uploads\/2020\/11\/parque_eolico_a_nova_peneira.jpg","contentUrl":"https:\/\/www.anovapeneira.gal\/wp-content\/uploads\/2020\/11\/parque_eolico_a_nova_peneira.jpg","width":720,"height":432,"caption":"Aldeas con horizonte"},{"@type":"BreadcrumbList","@id":"https:\/\/www.anovapeneira.gal\/index.php\/2022\/02\/18\/o-rexeitamento-da-comunidade-indixena-expulsou-de-guatemala-a-firma-que-proxecta-o-parque-eolico-de-os-cotos\/#breadcrumb","itemListElement":[{"@type":"ListItem","position":1,"name":"Portada","item":"https:\/\/www.anovapeneira.gal\/"},{"@type":"ListItem","position":2,"name":"O rexeitamento da comunidade ind\u00edxena expulsou de Guatemala \u00e1 firma que proxecta o parque e\u00f3lico de Os Cotos"}]},{"@type":"WebSite","@id":"https:\/\/www.anovapeneira.gal\/#website","url":"https:\/\/www.anovapeneira.gal\/","name":"","description":"Xornal galego de informaci\u00f3n xeral Publicaci\u00f3n mensual de novas de Galicia e en especial dos Concellos da sur da provincia de Pontevedra.","publisher":{"@id":"https:\/\/www.anovapeneira.gal\/#organization"},"potentialAction":[{"@type":"SearchAction","target":{"@type":"EntryPoint","urlTemplate":"https:\/\/www.anovapeneira.gal\/?s={search_term_string}"},"query-input":{"@type":"PropertyValueSpecification","valueRequired":true,"valueName":"search_term_string"}}],"inLanguage":"gl-ES"},{"@type":"Organization","@id":"https:\/\/www.anovapeneira.gal\/#organization","name":"A Nova Peneira","url":"https:\/\/www.anovapeneira.gal\/","logo":{"@type":"ImageObject","inLanguage":"gl-ES","@id":"https:\/\/www.anovapeneira.gal\/#\/schema\/logo\/image\/","url":"http:\/\/www.anovapeneira.gal\/wp-content\/uploads\/2019\/06\/logo_a_nova_peneira_portal_web.png","contentUrl":"http:\/\/www.anovapeneira.gal\/wp-content\/uploads\/2019\/06\/logo_a_nova_peneira_portal_web.png","width":300,"height":100,"caption":"A Nova Peneira"},"image":{"@id":"https:\/\/www.anovapeneira.gal\/#\/schema\/logo\/image\/"},"sameAs":["https:\/\/www.facebook.com\/anovapeneira","https:\/\/x.com\/APeneira"]},{"@type":"Person","@id":"https:\/\/www.anovapeneira.gal\/#\/schema\/person\/b93e3f8932e3f8da96334607eb6ac6aa","name":"Redacci\u00f3n A Nova Peneira","image":{"@type":"ImageObject","inLanguage":"gl-ES","@id":"https:\/\/secure.gravatar.com\/avatar\/c052a2551a06e23fac63626232eaa90abd78dbcf1700fc46a2b2c89fd27b735f?s=96&d=mm&r=g","url":"https:\/\/secure.gravatar.com\/avatar\/c052a2551a06e23fac63626232eaa90abd78dbcf1700fc46a2b2c89fd27b735f?s=96&d=mm&r=g","contentUrl":"https:\/\/secure.gravatar.com\/avatar\/c052a2551a06e23fac63626232eaa90abd78dbcf1700fc46a2b2c89fd27b735f?s=96&d=mm&r=g","caption":"Redacci\u00f3n A Nova Peneira"},"sameAs":["http:\/\/www.anovapeneira.gal\/"],"url":"https:\/\/www.anovapeneira.gal\/index.php\/author\/redactor\/"}]}},"jetpack_featured_media_url":"https:\/\/www.anovapeneira.gal\/wp-content\/uploads\/2020\/11\/parque_eolico_a_nova_peneira.jpg","_links":{"self":[{"href":"https:\/\/www.anovapeneira.gal\/index.php\/wp-json\/wp\/v2\/posts\/6989","targetHints":{"allow":["GET"]}}],"collection":[{"href":"https:\/\/www.anovapeneira.gal\/index.php\/wp-json\/wp\/v2\/posts"}],"about":[{"href":"https:\/\/www.anovapeneira.gal\/index.php\/wp-json\/wp\/v2\/types\/post"}],"author":[{"embeddable":true,"href":"https:\/\/www.anovapeneira.gal\/index.php\/wp-json\/wp\/v2\/users\/3"}],"replies":[{"embeddable":true,"href":"https:\/\/www.anovapeneira.gal\/index.php\/wp-json\/wp\/v2\/comments?post=6989"}],"version-history":[{"count":3,"href":"https:\/\/www.anovapeneira.gal\/index.php\/wp-json\/wp\/v2\/posts\/6989\/revisions"}],"predecessor-version":[{"id":7007,"href":"https:\/\/www.anovapeneira.gal\/index.php\/wp-json\/wp\/v2\/posts\/6989\/revisions\/7007"}],"wp:featuredmedia":[{"embeddable":true,"href":"https:\/\/www.anovapeneira.gal\/index.php\/wp-json\/wp\/v2\/media\/4347"}],"wp:attachment":[{"href":"https:\/\/www.anovapeneira.gal\/index.php\/wp-json\/wp\/v2\/media?parent=6989"}],"wp:term":[{"taxonomy":"category","embeddable":true,"href":"https:\/\/www.anovapeneira.gal\/index.php\/wp-json\/wp\/v2\/categories?post=6989"},{"taxonomy":"post_tag","embeddable":true,"href":"https:\/\/www.anovapeneira.gal\/index.php\/wp-json\/wp\/v2\/tags?post=6989"}],"curies":[{"name":"wp","href":"https:\/\/api.w.org\/{rel}","templated":true}]}}