{"id":6993,"date":"2022-02-21T10:00:54","date_gmt":"2022-02-21T09:00:54","guid":{"rendered":"https:\/\/www.anovapeneira.gal\/?p=6993"},"modified":"2022-02-18T13:41:58","modified_gmt":"2022-02-18T12:41:58","slug":"o-balonman-chapela-afronta-con-moita-ilusion-unha-temporada-dificil-e-emocionalmente-moi-dura","status":"publish","type":"post","link":"https:\/\/www.anovapeneira.gal\/index.php\/2022\/02\/21\/o-balonman-chapela-afronta-con-moita-ilusion-unha-temporada-dificil-e-emocionalmente-moi-dura\/","title":{"rendered":"O Balonm\u00e1n Chapela  afronta con moita ilusi\u00f3n unha temporada dif\u00edcil e emocionalmente moi dura"},"content":{"rendered":"\n<p><strong>A morte de Fran Teixeira en agosto do pasado ano , o hist\u00f3rico adestrador que levaba tantos anos ao fronte da nave do balonm\u00e1n chapela, deixou un pouso emocional imposible de borrar na familia bereteira, e presum\u00eda que esta \u00eda ser unha temporada moi dura para eles. Unha vez m\u00e1is foi un pracer para n\u00f3s conversar coa nosa amiga Mar\u00eda, presidenta do equipo.<\/strong><\/p>\n\n\n\n<p><strong>Mar\u00eda Gonz\u00e1lez Lago<\/strong><\/p>\n\n\n\n<h2 class=\"wp-block-heading\">\u201c<strong>Te\u00f1o a convicci\u00f3n de que o primeiro equipo feminino poder\u00e1 xogar a fase de ascenso, e o masculino conservar\u00e1 a categor\u00eda\u201d<\/strong><\/h2>\n\n\n\n<p>\u201c<strong>O Balonm\u00e1n Chapela \u00e9 como unha gran familia\u201d<\/strong><\/p>\n\n\n\n<p><strong>Como afrontamos esta temporada Mar\u00eda?<\/strong><\/p>\n\n\n\n<blockquote class=\"wp-block-quote is-layout-flow wp-block-quote-is-layout-flow\"><p>Esta temporada \u00e9 emocionalmente moi complicada. A morte de Fran, o noso adestrador, al\u00e9n de ser un golpe terrible, fixo que todo sexa m\u00e1is duro e dif\u00edcil. El faleceu pouco antes de iniciarmos a temporada, e claro, tivemos que buscar adestrador a toda presa. Por outra parte alg\u00fans xogadores, que estaban por el, deix\u00e1rono e practicamente tivemos que armar un equipo novo.<\/p><\/blockquote>\n\n\n\n<p><strong>Quen se encargou de formar o equipo?<\/strong><\/p>\n\n\n\n<blockquote class=\"wp-block-quote is-layout-flow wp-block-quote-is-layout-flow\"><p>O equipo t\u00e9cnico coa axuda de Pedro, o sobri\u00f1o de Fran que xa estaba co t\u00edo e que nos botou unha man. Non foi nada f\u00e1cil pois a esas alturas a maior\u00eda de xogadores do mercado xa ti\u00f1an compromisos con outros clubs. Tivemos que tirar de moita xente nova e de xente das categor\u00edas inferiores.<\/p><\/blockquote>\n\n\n\n<p><strong>O primeiro equipo masculino est\u00e1 na 3\u00ba categor\u00eda do balonm\u00e1n espa\u00f1ol. Que tal vai este ano?<\/strong><\/p>\n\n\n\n<blockquote class=\"wp-block-quote is-layout-flow wp-block-quote-is-layout-flow\"><p>Comezamos moi mal. O que era previsible pois como che dixen antes temos un equipo novo, con xente sen experiencia na categor\u00eda. No \u00faltimo mes do ano pasado puidemos fichar 4 reforzos con certa experiencia e creo que a s\u00faa achega xa se nota.<\/p><\/blockquote>\n\n\n\n<p><strong>Hai risco de descenso?<\/strong><\/p>\n\n\n\n<blockquote class=\"wp-block-quote is-layout-flow wp-block-quote-is-layout-flow\"><p>Si, si que o hai. Agora comezamos a segunda volta e penso que xa se ve unha progresi\u00f3n en positivo moi importante. Creo que co equipo que temos na actualidade hai serias posibilidades de manter a categor\u00eda e eu, e toda a directiva apostamos por elo.<\/p><\/blockquote>\n\n\n\n<p><strong>E o equipo feminino como vai?<\/strong><\/p>\n\n\n\n<blockquote class=\"wp-block-quote is-layout-flow wp-block-quote-is-layout-flow\"><p>Tampouco comezamos moi ben. Pero ao igual que o equipo masculino n\u00f3tase unha progresi\u00f3n en positivo e te\u00f1o a convicci\u00f3n de que nos meteremos na segunda fase que nos dar\u00eda a opci\u00f3n de pelexar polo ascenso \u00e1 divisi\u00f3n de honra B.<\/p><\/blockquote>\n\n\n\n<p><strong>O p\u00fablico despois destes anos de pandemia como respondeu?<\/strong><\/p>\n\n\n\n<blockquote class=\"wp-block-quote is-layout-flow wp-block-quote-is-layout-flow\"><p>Moi ben. A verdade \u00e9 que afecci\u00f3n bereteira segue moi identificada co noso equipo e acode en gran medida a presenciar os partidos.<\/p><\/blockquote>\n\n\n\n<p><strong>Te\u00f1en que ir con mascara claro?<\/strong><\/p>\n\n\n\n<blockquote class=\"wp-block-quote is-layout-flow wp-block-quote-is-layout-flow\"><p>Si, e a\u00ednda m\u00e1is os equipos que compiten en ligas auton\u00f3micas te\u00f1en que xogar con mascara.<\/p><\/blockquote>\n\n\n\n<p><strong>Vaia, debe de ser moi dif\u00edcil xogar as\u00ed non?<\/strong><\/p>\n\n\n\n<blockquote class=\"wp-block-quote is-layout-flow wp-block-quote-is-layout-flow\"><p>Xa, pero n\u00f3tase na incidencia. F\u00edxate nas categor\u00edas auton\u00f3micas hai un \u00edndice de positivos bastante menor ao que se d\u00e1 nas categor\u00edas estatais, o que supo\u00f1o que ter\u00e1 relaci\u00f3n co uso da m\u00e1scara.<\/p><\/blockquote>\n\n\n\n<p><strong>Ben, a afecci\u00f3n responde. E os patrocinadores?<\/strong><\/p>\n\n\n\n<blockquote class=\"wp-block-quote is-layout-flow wp-block-quote-is-layout-flow\"><p>Tam\u00e9n. Estamos moi agradecidos \u00e1s s\u00faa xenerosidade. Nada ser\u00eda posible sen o seu apoio<\/p><\/blockquote>\n\n\n\n<p><strong>En calquera caso imaxino que estes anos ser\u00edan economicamente moi complicados?<\/strong><\/p>\n\n\n\n<blockquote class=\"wp-block-quote is-layout-flow wp-block-quote-is-layout-flow\"><p>Si claro, foron para todo o mundo. N\u00f3s temos unha rede de colaboradores nos pequenos negocios de Chapela aos que o ano pasado nin sequera visitamos. Como lle vas pedir colaboraci\u00f3n, por exemplo. a unha cafeter\u00eda que ten restrici\u00f3ns horarias ou de aforo. Claro que o notamos desde logo. Pero fixemos igual que calquera outro; imaxinaci\u00f3n, esforzo e pornos en modo resistencia.<\/p><\/blockquote>\n\n\n\n<p><strong>No caso das nenas e os nenos que xogan no club, nestes anos de pandemia mantiveron as ga\u00f1as por practicar o balonm\u00e1n?<\/strong><\/p>\n\n\n\n<blockquote class=\"wp-block-quote is-layout-flow wp-block-quote-is-layout-flow\"><p>Si, sen d\u00fabida. De feito nas categor\u00edas inferiores subimos arredor dun 50% de nenos e nenas que practican o balonm\u00e1n con n\u00f3s. Antes da pandemia ti\u00f1amos sobre 110 xogadores e xogadoras e agora estamos polos 170\/180<\/p><\/blockquote>\n\n\n\n<p><strong>Sabes cantas son nenas e cantos nenos?<\/strong><\/p>\n\n\n\n<blockquote class=\"wp-block-quote is-layout-flow wp-block-quote-is-layout-flow\"><p>Temos m\u00e1is nenas. De feito nalgunha categor\u00eda poderiamos facer dous equipos femininos.<\/p><\/blockquote>\n\n\n\n<p><strong>Cantos equipos tedes?<\/strong><\/p>\n\n\n\n<blockquote class=\"wp-block-quote is-layout-flow wp-block-quote-is-layout-flow\"><p>11 equipos en competici\u00f3n e 2 que de momento non poden competir. Dos 11 que compiten temos 6 equipos femininos e 5 masculinos.<\/p><\/blockquote>\n\n\n\n<p><strong>Que tal est\u00e1n as relaci\u00f3ns co Concello de Redondela?<\/strong><\/p>\n\n\n\n<blockquote class=\"wp-block-quote is-layout-flow wp-block-quote-is-layout-flow\"><p>Moi boas. Sempre tivemos moi boas relaci\u00f3ns tanto con esta administraci\u00f3n como coa anterior.<\/p><\/blockquote>\n\n\n\n<p><strong>Cantas persoas estades na directiva?<\/strong><\/p>\n\n\n\n<blockquote class=\"wp-block-quote is-layout-flow wp-block-quote-is-layout-flow\"><p>Somos 5. 3 mulleres e 2 homes.<\/p><\/blockquote>\n\n\n\n<p><strong>Ti levas toda a vida, case naciches e viviches a t\u00faa infancia nos parqu\u00e9s das pistas de balonm\u00e1n. Non est\u00e1s un pouco cansa?<\/strong><\/p>\n\n\n\n<blockquote class=\"wp-block-quote is-layout-flow wp-block-quote-is-layout-flow\"><p>Non, todo o contrario. Sigo estando moi ilusionada e g\u00fastame moito o que fago.<\/p><\/blockquote>\n\n\n\n<p><strong>Caramba pois a xesti\u00f3n de 180 nenos e nenas debe de ser, entendo eu, un continuo fluxo de problemas?<\/strong><\/p>\n\n\n\n<blockquote class=\"wp-block-quote is-layout-flow wp-block-quote-is-layout-flow\"><p>Ha ha ha ha, si claro. Pero non o fago eu todo soa. Hai moitos adestradores, colaboradores colaboradoras e pais e nais que nos axudan a xesti\u00f3n do d\u00eda a d\u00eda. No que a min respecta p\u00e1soo moi ben coas nenas e cos nenos. O Balonm\u00e1n Chapela \u00e9 como unha gran familia.<\/p><\/blockquote>\n","protected":false},"excerpt":{"rendered":"<div class=\"mh-excerpt\"><p>A morte de Fran Teixeira en agosto do pasado ano , o hist\u00f3rico adestrador que levaba tantos anos ao fronte da nave do balonm\u00e1n chapela, deixou un pouso emocional imposible de borrar na familia bereteira, e presum\u00eda que esta \u00eda ser unha temporada moi dura para eles. Unha vez m\u00e1is foi un pracer para n\u00f3s conversar coa nosa amiga Mar\u00eda, presidenta do equipo. <a class=\"mh-excerpt-more\" href=\"https:\/\/www.anovapeneira.gal\/index.php\/2022\/02\/21\/o-balonman-chapela-afronta-con-moita-ilusion-unha-temporada-dificil-e-emocionalmente-moi-dura\/\" title=\"O Balonm\u00e1n Chapela  afronta con moita ilusi\u00f3n unha temporada dif\u00edcil e emocionalmente moi dura\">[&#8230;]<\/a><\/p>\n<\/div>","protected":false},"author":3,"featured_media":6996,"comment_status":"open","ping_status":"open","sticky":false,"template":"","format":"standard","meta":{"_exactmetrics_skip_tracking":false,"_exactmetrics_sitenote_active":false,"_exactmetrics_sitenote_note":"","_exactmetrics_sitenote_category":0,"footnotes":""},"categories":[270],"tags":[171],"class_list":{"0":"post-6993","1":"post","2":"type-post","3":"status-publish","4":"format-standard","5":"has-post-thumbnail","7":"category-redondela-entrevistas","8":"tag-concello-de-redondela"},"yoast_head":"<!-- This site is optimized with the Yoast SEO plugin v27.4 - https:\/\/yoast.com\/product\/yoast-seo-wordpress\/ -->\n<title>O Balonm\u00e1n Chapela afronta con moita ilusi\u00f3n unha temporada dif\u00edcil e emocionalmente moi dura -<\/title>\n<meta name=\"description\" content=\"A morte de Fran Teixeira en agosto do pasado ano , o hist\u00f3rico adestrador que levaba tantos anos ao fronte da nave do balonm\u00e1n chapela, deixou un pouso emocional imposible de borrar na familia bereteira, e presum\u00eda que esta \u00eda ser unha temporada moi dura para eles. Unha vez m\u00e1is foi un pracer para n\u00f3s conversar coa nosa amiga Mar\u00eda, presidenta do equipo\" \/>\n<meta name=\"robots\" content=\"index, follow, max-snippet:-1, max-image-preview:large, max-video-preview:-1\" \/>\n<link rel=\"canonical\" href=\"https:\/\/www.anovapeneira.gal\/index.php\/2022\/02\/21\/o-balonman-chapela-afronta-con-moita-ilusion-unha-temporada-dificil-e-emocionalmente-moi-dura\/\" \/>\n<meta property=\"og:locale\" content=\"gl_ES\" \/>\n<meta property=\"og:type\" content=\"article\" \/>\n<meta property=\"og:title\" content=\"O Balonm\u00e1n Chapela afronta con moita ilusi\u00f3n unha temporada dif\u00edcil e emocionalmente moi dura -\" \/>\n<meta property=\"og:description\" content=\"A morte de Fran Teixeira en agosto do pasado ano , o hist\u00f3rico adestrador que levaba tantos anos ao fronte da nave do balonm\u00e1n chapela, deixou un pouso emocional imposible de borrar na familia bereteira, e presum\u00eda que esta \u00eda ser unha temporada moi dura para eles. Unha vez m\u00e1is foi un pracer para n\u00f3s conversar coa nosa amiga Mar\u00eda, presidenta do equipo\" \/>\n<meta property=\"og:url\" content=\"https:\/\/www.anovapeneira.gal\/index.php\/2022\/02\/21\/o-balonman-chapela-afronta-con-moita-ilusion-unha-temporada-dificil-e-emocionalmente-moi-dura\/\" \/>\n<meta property=\"article:publisher\" content=\"https:\/\/www.facebook.com\/anovapeneira\" \/>\n<meta property=\"article:published_time\" content=\"2022-02-21T09:00:54+00:00\" \/>\n<meta property=\"og:image\" content=\"https:\/\/www.anovapeneira.gal\/wp-content\/uploads\/2022\/02\/balonman_redondela.jpg\" \/>\n\t<meta property=\"og:image:width\" content=\"720\" \/>\n\t<meta property=\"og:image:height\" content=\"432\" \/>\n\t<meta property=\"og:image:type\" content=\"image\/jpeg\" \/>\n<meta name=\"author\" content=\"Redacci\u00f3n A Nova Peneira\" \/>\n<meta name=\"twitter:card\" content=\"summary_large_image\" \/>\n<meta name=\"twitter:creator\" content=\"@APeneira\" \/>\n<meta name=\"twitter:site\" content=\"@APeneira\" \/>\n<meta name=\"twitter:label1\" content=\"Escrito por\" \/>\n\t<meta name=\"twitter:data1\" content=\"Redacci\u00f3n A Nova Peneira\" \/>\n\t<meta name=\"twitter:label2\" content=\"Tempo de lectura\" \/>\n\t<meta name=\"twitter:data2\" content=\"5 minutos\" \/>\n<script type=\"application\/ld+json\" class=\"yoast-schema-graph\">{\"@context\":\"https:\\\/\\\/schema.org\",\"@graph\":[{\"@type\":\"Article\",\"@id\":\"https:\\\/\\\/www.anovapeneira.gal\\\/index.php\\\/2022\\\/02\\\/21\\\/o-balonman-chapela-afronta-con-moita-ilusion-unha-temporada-dificil-e-emocionalmente-moi-dura\\\/#article\",\"isPartOf\":{\"@id\":\"https:\\\/\\\/www.anovapeneira.gal\\\/index.php\\\/2022\\\/02\\\/21\\\/o-balonman-chapela-afronta-con-moita-ilusion-unha-temporada-dificil-e-emocionalmente-moi-dura\\\/\"},\"author\":{\"name\":\"Redacci\u00f3n A Nova Peneira\",\"@id\":\"https:\\\/\\\/www.anovapeneira.gal\\\/#\\\/schema\\\/person\\\/b93e3f8932e3f8da96334607eb6ac6aa\"},\"headline\":\"O Balonm\u00e1n Chapela afronta con moita ilusi\u00f3n unha temporada dif\u00edcil e emocionalmente moi dura\",\"datePublished\":\"2022-02-21T09:00:54+00:00\",\"mainEntityOfPage\":{\"@id\":\"https:\\\/\\\/www.anovapeneira.gal\\\/index.php\\\/2022\\\/02\\\/21\\\/o-balonman-chapela-afronta-con-moita-ilusion-unha-temporada-dificil-e-emocionalmente-moi-dura\\\/\"},\"wordCount\":904,\"commentCount\":0,\"publisher\":{\"@id\":\"https:\\\/\\\/www.anovapeneira.gal\\\/#organization\"},\"image\":{\"@id\":\"https:\\\/\\\/www.anovapeneira.gal\\\/index.php\\\/2022\\\/02\\\/21\\\/o-balonman-chapela-afronta-con-moita-ilusion-unha-temporada-dificil-e-emocionalmente-moi-dura\\\/#primaryimage\"},\"thumbnailUrl\":\"https:\\\/\\\/www.anovapeneira.gal\\\/wp-content\\\/uploads\\\/2022\\\/02\\\/balonman_redondela.jpg\",\"keywords\":[\"Concello de Redondela\"],\"articleSection\":[\"Redondela\"],\"inLanguage\":\"gl-ES\",\"potentialAction\":[{\"@type\":\"CommentAction\",\"name\":\"Comment\",\"target\":[\"https:\\\/\\\/www.anovapeneira.gal\\\/index.php\\\/2022\\\/02\\\/21\\\/o-balonman-chapela-afronta-con-moita-ilusion-unha-temporada-dificil-e-emocionalmente-moi-dura\\\/#respond\"]}]},{\"@type\":\"WebPage\",\"@id\":\"https:\\\/\\\/www.anovapeneira.gal\\\/index.php\\\/2022\\\/02\\\/21\\\/o-balonman-chapela-afronta-con-moita-ilusion-unha-temporada-dificil-e-emocionalmente-moi-dura\\\/\",\"url\":\"https:\\\/\\\/www.anovapeneira.gal\\\/index.php\\\/2022\\\/02\\\/21\\\/o-balonman-chapela-afronta-con-moita-ilusion-unha-temporada-dificil-e-emocionalmente-moi-dura\\\/\",\"name\":\"O Balonm\u00e1n Chapela afronta con moita ilusi\u00f3n unha temporada dif\u00edcil e emocionalmente moi dura -\",\"isPartOf\":{\"@id\":\"https:\\\/\\\/www.anovapeneira.gal\\\/#website\"},\"primaryImageOfPage\":{\"@id\":\"https:\\\/\\\/www.anovapeneira.gal\\\/index.php\\\/2022\\\/02\\\/21\\\/o-balonman-chapela-afronta-con-moita-ilusion-unha-temporada-dificil-e-emocionalmente-moi-dura\\\/#primaryimage\"},\"image\":{\"@id\":\"https:\\\/\\\/www.anovapeneira.gal\\\/index.php\\\/2022\\\/02\\\/21\\\/o-balonman-chapela-afronta-con-moita-ilusion-unha-temporada-dificil-e-emocionalmente-moi-dura\\\/#primaryimage\"},\"thumbnailUrl\":\"https:\\\/\\\/www.anovapeneira.gal\\\/wp-content\\\/uploads\\\/2022\\\/02\\\/balonman_redondela.jpg\",\"datePublished\":\"2022-02-21T09:00:54+00:00\",\"description\":\"A morte de Fran Teixeira en agosto do pasado ano , o hist\u00f3rico adestrador que levaba tantos anos ao fronte da nave do balonm\u00e1n chapela, deixou un pouso emocional imposible de borrar na familia bereteira, e presum\u00eda que esta \u00eda ser unha temporada moi dura para eles. Unha vez m\u00e1is foi un pracer para n\u00f3s conversar coa nosa amiga Mar\u00eda, presidenta do equipo\",\"breadcrumb\":{\"@id\":\"https:\\\/\\\/www.anovapeneira.gal\\\/index.php\\\/2022\\\/02\\\/21\\\/o-balonman-chapela-afronta-con-moita-ilusion-unha-temporada-dificil-e-emocionalmente-moi-dura\\\/#breadcrumb\"},\"inLanguage\":\"gl-ES\",\"potentialAction\":[{\"@type\":\"ReadAction\",\"target\":[\"https:\\\/\\\/www.anovapeneira.gal\\\/index.php\\\/2022\\\/02\\\/21\\\/o-balonman-chapela-afronta-con-moita-ilusion-unha-temporada-dificil-e-emocionalmente-moi-dura\\\/\"]}]},{\"@type\":\"ImageObject\",\"inLanguage\":\"gl-ES\",\"@id\":\"https:\\\/\\\/www.anovapeneira.gal\\\/index.php\\\/2022\\\/02\\\/21\\\/o-balonman-chapela-afronta-con-moita-ilusion-unha-temporada-dificil-e-emocionalmente-moi-dura\\\/#primaryimage\",\"url\":\"https:\\\/\\\/www.anovapeneira.gal\\\/wp-content\\\/uploads\\\/2022\\\/02\\\/balonman_redondela.jpg\",\"contentUrl\":\"https:\\\/\\\/www.anovapeneira.gal\\\/wp-content\\\/uploads\\\/2022\\\/02\\\/balonman_redondela.jpg\",\"width\":720,\"height\":432,\"caption\":\"Balonm\u00e1n Chapela\"},{\"@type\":\"BreadcrumbList\",\"@id\":\"https:\\\/\\\/www.anovapeneira.gal\\\/index.php\\\/2022\\\/02\\\/21\\\/o-balonman-chapela-afronta-con-moita-ilusion-unha-temporada-dificil-e-emocionalmente-moi-dura\\\/#breadcrumb\",\"itemListElement\":[{\"@type\":\"ListItem\",\"position\":1,\"name\":\"Portada\",\"item\":\"https:\\\/\\\/www.anovapeneira.gal\\\/\"},{\"@type\":\"ListItem\",\"position\":2,\"name\":\"O Balonm\u00e1n Chapela afronta con moita ilusi\u00f3n unha temporada dif\u00edcil e emocionalmente moi dura\"}]},{\"@type\":\"WebSite\",\"@id\":\"https:\\\/\\\/www.anovapeneira.gal\\\/#website\",\"url\":\"https:\\\/\\\/www.anovapeneira.gal\\\/\",\"name\":\"\",\"description\":\"Xornal galego de informaci\u00f3n xeral Publicaci\u00f3n mensual de novas de Galicia e en especial dos Concellos da sur da provincia de Pontevedra.\",\"publisher\":{\"@id\":\"https:\\\/\\\/www.anovapeneira.gal\\\/#organization\"},\"potentialAction\":[{\"@type\":\"SearchAction\",\"target\":{\"@type\":\"EntryPoint\",\"urlTemplate\":\"https:\\\/\\\/www.anovapeneira.gal\\\/?s={search_term_string}\"},\"query-input\":{\"@type\":\"PropertyValueSpecification\",\"valueRequired\":true,\"valueName\":\"search_term_string\"}}],\"inLanguage\":\"gl-ES\"},{\"@type\":\"Organization\",\"@id\":\"https:\\\/\\\/www.anovapeneira.gal\\\/#organization\",\"name\":\"A Nova Peneira\",\"url\":\"https:\\\/\\\/www.anovapeneira.gal\\\/\",\"logo\":{\"@type\":\"ImageObject\",\"inLanguage\":\"gl-ES\",\"@id\":\"https:\\\/\\\/www.anovapeneira.gal\\\/#\\\/schema\\\/logo\\\/image\\\/\",\"url\":\"http:\\\/\\\/www.anovapeneira.gal\\\/wp-content\\\/uploads\\\/2019\\\/06\\\/logo_a_nova_peneira_portal_web.png\",\"contentUrl\":\"http:\\\/\\\/www.anovapeneira.gal\\\/wp-content\\\/uploads\\\/2019\\\/06\\\/logo_a_nova_peneira_portal_web.png\",\"width\":300,\"height\":100,\"caption\":\"A Nova Peneira\"},\"image\":{\"@id\":\"https:\\\/\\\/www.anovapeneira.gal\\\/#\\\/schema\\\/logo\\\/image\\\/\"},\"sameAs\":[\"https:\\\/\\\/www.facebook.com\\\/anovapeneira\",\"https:\\\/\\\/x.com\\\/APeneira\"]},{\"@type\":\"Person\",\"@id\":\"https:\\\/\\\/www.anovapeneira.gal\\\/#\\\/schema\\\/person\\\/b93e3f8932e3f8da96334607eb6ac6aa\",\"name\":\"Redacci\u00f3n A Nova Peneira\",\"image\":{\"@type\":\"ImageObject\",\"inLanguage\":\"gl-ES\",\"@id\":\"https:\\\/\\\/secure.gravatar.com\\\/avatar\\\/c052a2551a06e23fac63626232eaa90abd78dbcf1700fc46a2b2c89fd27b735f?s=96&d=mm&r=g\",\"url\":\"https:\\\/\\\/secure.gravatar.com\\\/avatar\\\/c052a2551a06e23fac63626232eaa90abd78dbcf1700fc46a2b2c89fd27b735f?s=96&d=mm&r=g\",\"contentUrl\":\"https:\\\/\\\/secure.gravatar.com\\\/avatar\\\/c052a2551a06e23fac63626232eaa90abd78dbcf1700fc46a2b2c89fd27b735f?s=96&d=mm&r=g\",\"caption\":\"Redacci\u00f3n A Nova Peneira\"},\"sameAs\":[\"http:\\\/\\\/www.anovapeneira.gal\\\/\"],\"url\":\"https:\\\/\\\/www.anovapeneira.gal\\\/index.php\\\/author\\\/redactor\\\/\"}]}<\/script>\n<!-- \/ Yoast SEO plugin. -->","yoast_head_json":{"title":"O Balonm\u00e1n Chapela afronta con moita ilusi\u00f3n unha temporada dif\u00edcil e emocionalmente moi dura -","description":"A morte de Fran Teixeira en agosto do pasado ano , o hist\u00f3rico adestrador que levaba tantos anos ao fronte da nave do balonm\u00e1n chapela, deixou un pouso emocional imposible de borrar na familia bereteira, e presum\u00eda que esta \u00eda ser unha temporada moi dura para eles. Unha vez m\u00e1is foi un pracer para n\u00f3s conversar coa nosa amiga Mar\u00eda, presidenta do equipo","robots":{"index":"index","follow":"follow","max-snippet":"max-snippet:-1","max-image-preview":"max-image-preview:large","max-video-preview":"max-video-preview:-1"},"canonical":"https:\/\/www.anovapeneira.gal\/index.php\/2022\/02\/21\/o-balonman-chapela-afronta-con-moita-ilusion-unha-temporada-dificil-e-emocionalmente-moi-dura\/","og_locale":"gl_ES","og_type":"article","og_title":"O Balonm\u00e1n Chapela afronta con moita ilusi\u00f3n unha temporada dif\u00edcil e emocionalmente moi dura -","og_description":"A morte de Fran Teixeira en agosto do pasado ano , o hist\u00f3rico adestrador que levaba tantos anos ao fronte da nave do balonm\u00e1n chapela, deixou un pouso emocional imposible de borrar na familia bereteira, e presum\u00eda que esta \u00eda ser unha temporada moi dura para eles. Unha vez m\u00e1is foi un pracer para n\u00f3s conversar coa nosa amiga Mar\u00eda, presidenta do equipo","og_url":"https:\/\/www.anovapeneira.gal\/index.php\/2022\/02\/21\/o-balonman-chapela-afronta-con-moita-ilusion-unha-temporada-dificil-e-emocionalmente-moi-dura\/","article_publisher":"https:\/\/www.facebook.com\/anovapeneira","article_published_time":"2022-02-21T09:00:54+00:00","og_image":[{"width":720,"height":432,"url":"https:\/\/www.anovapeneira.gal\/wp-content\/uploads\/2022\/02\/balonman_redondela.jpg","type":"image\/jpeg"}],"author":"Redacci\u00f3n A Nova Peneira","twitter_card":"summary_large_image","twitter_creator":"@APeneira","twitter_site":"@APeneira","twitter_misc":{"Escrito por":"Redacci\u00f3n A Nova Peneira","Tempo de lectura":"5 minutos"},"schema":{"@context":"https:\/\/schema.org","@graph":[{"@type":"Article","@id":"https:\/\/www.anovapeneira.gal\/index.php\/2022\/02\/21\/o-balonman-chapela-afronta-con-moita-ilusion-unha-temporada-dificil-e-emocionalmente-moi-dura\/#article","isPartOf":{"@id":"https:\/\/www.anovapeneira.gal\/index.php\/2022\/02\/21\/o-balonman-chapela-afronta-con-moita-ilusion-unha-temporada-dificil-e-emocionalmente-moi-dura\/"},"author":{"name":"Redacci\u00f3n A Nova Peneira","@id":"https:\/\/www.anovapeneira.gal\/#\/schema\/person\/b93e3f8932e3f8da96334607eb6ac6aa"},"headline":"O Balonm\u00e1n Chapela afronta con moita ilusi\u00f3n unha temporada dif\u00edcil e emocionalmente moi dura","datePublished":"2022-02-21T09:00:54+00:00","mainEntityOfPage":{"@id":"https:\/\/www.anovapeneira.gal\/index.php\/2022\/02\/21\/o-balonman-chapela-afronta-con-moita-ilusion-unha-temporada-dificil-e-emocionalmente-moi-dura\/"},"wordCount":904,"commentCount":0,"publisher":{"@id":"https:\/\/www.anovapeneira.gal\/#organization"},"image":{"@id":"https:\/\/www.anovapeneira.gal\/index.php\/2022\/02\/21\/o-balonman-chapela-afronta-con-moita-ilusion-unha-temporada-dificil-e-emocionalmente-moi-dura\/#primaryimage"},"thumbnailUrl":"https:\/\/www.anovapeneira.gal\/wp-content\/uploads\/2022\/02\/balonman_redondela.jpg","keywords":["Concello de Redondela"],"articleSection":["Redondela"],"inLanguage":"gl-ES","potentialAction":[{"@type":"CommentAction","name":"Comment","target":["https:\/\/www.anovapeneira.gal\/index.php\/2022\/02\/21\/o-balonman-chapela-afronta-con-moita-ilusion-unha-temporada-dificil-e-emocionalmente-moi-dura\/#respond"]}]},{"@type":"WebPage","@id":"https:\/\/www.anovapeneira.gal\/index.php\/2022\/02\/21\/o-balonman-chapela-afronta-con-moita-ilusion-unha-temporada-dificil-e-emocionalmente-moi-dura\/","url":"https:\/\/www.anovapeneira.gal\/index.php\/2022\/02\/21\/o-balonman-chapela-afronta-con-moita-ilusion-unha-temporada-dificil-e-emocionalmente-moi-dura\/","name":"O Balonm\u00e1n Chapela afronta con moita ilusi\u00f3n unha temporada dif\u00edcil e emocionalmente moi dura -","isPartOf":{"@id":"https:\/\/www.anovapeneira.gal\/#website"},"primaryImageOfPage":{"@id":"https:\/\/www.anovapeneira.gal\/index.php\/2022\/02\/21\/o-balonman-chapela-afronta-con-moita-ilusion-unha-temporada-dificil-e-emocionalmente-moi-dura\/#primaryimage"},"image":{"@id":"https:\/\/www.anovapeneira.gal\/index.php\/2022\/02\/21\/o-balonman-chapela-afronta-con-moita-ilusion-unha-temporada-dificil-e-emocionalmente-moi-dura\/#primaryimage"},"thumbnailUrl":"https:\/\/www.anovapeneira.gal\/wp-content\/uploads\/2022\/02\/balonman_redondela.jpg","datePublished":"2022-02-21T09:00:54+00:00","description":"A morte de Fran Teixeira en agosto do pasado ano , o hist\u00f3rico adestrador que levaba tantos anos ao fronte da nave do balonm\u00e1n chapela, deixou un pouso emocional imposible de borrar na familia bereteira, e presum\u00eda que esta \u00eda ser unha temporada moi dura para eles. Unha vez m\u00e1is foi un pracer para n\u00f3s conversar coa nosa amiga Mar\u00eda, presidenta do equipo","breadcrumb":{"@id":"https:\/\/www.anovapeneira.gal\/index.php\/2022\/02\/21\/o-balonman-chapela-afronta-con-moita-ilusion-unha-temporada-dificil-e-emocionalmente-moi-dura\/#breadcrumb"},"inLanguage":"gl-ES","potentialAction":[{"@type":"ReadAction","target":["https:\/\/www.anovapeneira.gal\/index.php\/2022\/02\/21\/o-balonman-chapela-afronta-con-moita-ilusion-unha-temporada-dificil-e-emocionalmente-moi-dura\/"]}]},{"@type":"ImageObject","inLanguage":"gl-ES","@id":"https:\/\/www.anovapeneira.gal\/index.php\/2022\/02\/21\/o-balonman-chapela-afronta-con-moita-ilusion-unha-temporada-dificil-e-emocionalmente-moi-dura\/#primaryimage","url":"https:\/\/www.anovapeneira.gal\/wp-content\/uploads\/2022\/02\/balonman_redondela.jpg","contentUrl":"https:\/\/www.anovapeneira.gal\/wp-content\/uploads\/2022\/02\/balonman_redondela.jpg","width":720,"height":432,"caption":"Balonm\u00e1n Chapela"},{"@type":"BreadcrumbList","@id":"https:\/\/www.anovapeneira.gal\/index.php\/2022\/02\/21\/o-balonman-chapela-afronta-con-moita-ilusion-unha-temporada-dificil-e-emocionalmente-moi-dura\/#breadcrumb","itemListElement":[{"@type":"ListItem","position":1,"name":"Portada","item":"https:\/\/www.anovapeneira.gal\/"},{"@type":"ListItem","position":2,"name":"O Balonm\u00e1n Chapela afronta con moita ilusi\u00f3n unha temporada dif\u00edcil e emocionalmente moi dura"}]},{"@type":"WebSite","@id":"https:\/\/www.anovapeneira.gal\/#website","url":"https:\/\/www.anovapeneira.gal\/","name":"","description":"Xornal galego de informaci\u00f3n xeral Publicaci\u00f3n mensual de novas de Galicia e en especial dos Concellos da sur da provincia de Pontevedra.","publisher":{"@id":"https:\/\/www.anovapeneira.gal\/#organization"},"potentialAction":[{"@type":"SearchAction","target":{"@type":"EntryPoint","urlTemplate":"https:\/\/www.anovapeneira.gal\/?s={search_term_string}"},"query-input":{"@type":"PropertyValueSpecification","valueRequired":true,"valueName":"search_term_string"}}],"inLanguage":"gl-ES"},{"@type":"Organization","@id":"https:\/\/www.anovapeneira.gal\/#organization","name":"A Nova Peneira","url":"https:\/\/www.anovapeneira.gal\/","logo":{"@type":"ImageObject","inLanguage":"gl-ES","@id":"https:\/\/www.anovapeneira.gal\/#\/schema\/logo\/image\/","url":"http:\/\/www.anovapeneira.gal\/wp-content\/uploads\/2019\/06\/logo_a_nova_peneira_portal_web.png","contentUrl":"http:\/\/www.anovapeneira.gal\/wp-content\/uploads\/2019\/06\/logo_a_nova_peneira_portal_web.png","width":300,"height":100,"caption":"A Nova Peneira"},"image":{"@id":"https:\/\/www.anovapeneira.gal\/#\/schema\/logo\/image\/"},"sameAs":["https:\/\/www.facebook.com\/anovapeneira","https:\/\/x.com\/APeneira"]},{"@type":"Person","@id":"https:\/\/www.anovapeneira.gal\/#\/schema\/person\/b93e3f8932e3f8da96334607eb6ac6aa","name":"Redacci\u00f3n A Nova Peneira","image":{"@type":"ImageObject","inLanguage":"gl-ES","@id":"https:\/\/secure.gravatar.com\/avatar\/c052a2551a06e23fac63626232eaa90abd78dbcf1700fc46a2b2c89fd27b735f?s=96&d=mm&r=g","url":"https:\/\/secure.gravatar.com\/avatar\/c052a2551a06e23fac63626232eaa90abd78dbcf1700fc46a2b2c89fd27b735f?s=96&d=mm&r=g","contentUrl":"https:\/\/secure.gravatar.com\/avatar\/c052a2551a06e23fac63626232eaa90abd78dbcf1700fc46a2b2c89fd27b735f?s=96&d=mm&r=g","caption":"Redacci\u00f3n A Nova Peneira"},"sameAs":["http:\/\/www.anovapeneira.gal\/"],"url":"https:\/\/www.anovapeneira.gal\/index.php\/author\/redactor\/"}]}},"jetpack_featured_media_url":"https:\/\/www.anovapeneira.gal\/wp-content\/uploads\/2022\/02\/balonman_redondela.jpg","_links":{"self":[{"href":"https:\/\/www.anovapeneira.gal\/index.php\/wp-json\/wp\/v2\/posts\/6993","targetHints":{"allow":["GET"]}}],"collection":[{"href":"https:\/\/www.anovapeneira.gal\/index.php\/wp-json\/wp\/v2\/posts"}],"about":[{"href":"https:\/\/www.anovapeneira.gal\/index.php\/wp-json\/wp\/v2\/types\/post"}],"author":[{"embeddable":true,"href":"https:\/\/www.anovapeneira.gal\/index.php\/wp-json\/wp\/v2\/users\/3"}],"replies":[{"embeddable":true,"href":"https:\/\/www.anovapeneira.gal\/index.php\/wp-json\/wp\/v2\/comments?post=6993"}],"version-history":[{"count":2,"href":"https:\/\/www.anovapeneira.gal\/index.php\/wp-json\/wp\/v2\/posts\/6993\/revisions"}],"predecessor-version":[{"id":6995,"href":"https:\/\/www.anovapeneira.gal\/index.php\/wp-json\/wp\/v2\/posts\/6993\/revisions\/6995"}],"wp:featuredmedia":[{"embeddable":true,"href":"https:\/\/www.anovapeneira.gal\/index.php\/wp-json\/wp\/v2\/media\/6996"}],"wp:attachment":[{"href":"https:\/\/www.anovapeneira.gal\/index.php\/wp-json\/wp\/v2\/media?parent=6993"}],"wp:term":[{"taxonomy":"category","embeddable":true,"href":"https:\/\/www.anovapeneira.gal\/index.php\/wp-json\/wp\/v2\/categories?post=6993"},{"taxonomy":"post_tag","embeddable":true,"href":"https:\/\/www.anovapeneira.gal\/index.php\/wp-json\/wp\/v2\/tags?post=6993"}],"curies":[{"name":"wp","href":"https:\/\/api.w.org\/{rel}","templated":true}]}}