{"id":7009,"date":"2022-02-22T10:00:45","date_gmt":"2022-02-22T09:00:45","guid":{"rendered":"https:\/\/www.anovapeneira.gal\/?p=7009"},"modified":"2022-02-18T13:41:20","modified_gmt":"2022-02-18T12:41:20","slug":"que-espectaculo","status":"publish","type":"post","link":"https:\/\/www.anovapeneira.gal\/index.php\/2022\/02\/22\/que-espectaculo\/","title":{"rendered":"Que espect\u00e1culo!"},"content":{"rendered":"\n<figure class=\"wp-block-image size-large is-resized\"><img loading=\"lazy\" decoding=\"async\" src=\"http:\/\/www.anovapeneira.gal\/wp-content\/uploads\/2019\/07\/Baldomero_Iglesias_Dobarrio_Mero.jpg\" alt=\"Baldomero Iglesias Dobarrio Mero artigos de opini\u00f3n A Nova Peneira\" class=\"wp-image-482\" width=\"95\" height=\"111\"\/><figcaption>Baldomero Iglesias Dobarrio, Mero<\/figcaption><\/figure>\n\n\n\n<p>Por mor da confusi\u00f3n \u00e1 hora de votar, xorde un tema, no medio da precariedade laboral end\u00e9mica, da fidelidade que os parlamentarios deben ao partido, sexa cal for, chegando mesmo a prescindir da s\u00faa capacidade de raciocinio, que se lles sup\u00f3n, e en favor da orde do grupo no que se integran. Anque nalg\u00fan momento poden todos chegar ao rid\u00edculo de aplaudir os erros ou remoerse neles. Como pasou. Ent\u00f3n o espect\u00e1culo faise digno de comedia ou drama, non sei a estas alturas como interpretar que por un lado, non quero verme na pelexa, unha xente vota en contra da s\u00faa vontade e t\u00e9\u00f1ense que auto-disciplinar no que manden no cumio do partido. Cacho sapo a tragar! Por outra parte entendo que no cumio do partido acepten conxugar vontades para sacar adiante unha medida que resulta necesaria. Por un lado, o se\u00f1or que erroneamente deu ao bot\u00f3n do si, xa se levaba equivocando m\u00e1is veces. Parece torpe, anque non \u00e9 condici\u00f3n que o exima. Por outro lado, a\u00ednda con m\u00e1is inri, tivo que confirmar o seu voto, e confirmou que estaba ben! Por outro lado, mesmo a Presidenta da C\u00e1mara non deu sumado axilmente votos antes de condenar para, cando a calculadora mental reaccionou, dar un novo resultado e corrixirse de contado. Todo iso \u00e9 resultado dunha montaxe nos &#8220;concili\u00e1bulos&#8221; nos que por riba se suman tr\u00e1nsfugas que \u00edan de inocentes, seica, e sen deixarse tutelar polo cumio do seu partido, nun arrebato de liberdade, votan en contra. Por un lado a suma de votos, que \u00e9 o que interesa, e por outro as distintas acci\u00f3ns que condicionan a decencia. Claro est\u00e1 que debera saber, nestas latitudes nas que din exercen democracia, que todo vai &#8220;manga por ombro&#8221;. E n\u00f3s debemos asumir esas pr\u00e1cticas. Sent\u00edn unha certa vergo\u00f1a, lonxe do tema que se releaba, lonxe do beneficio ou non da constrinxida Reforma Laboral, da que eu creo que, calquera que bote f\u00f3ra a anterior \u00e9 moi necesaria e urxente. Pero \u00e9 que aquilo lembroume directamente \u00e1s raleas que a\u00ednda se producen nas feiras, son formas dos negocios, os berros increpantes, as malas educaci\u00f3ns, os malos modos, a violencia da ollada, a falta de todo aquilo necesario para dialogar. E n\u00f3s, escollemos esa xente? Eu non me fago responsables. Parece que \u00e9 para o que est\u00e1n al\u00ed, debidos aos nosos votos confiados, uns e outras, al\u00ed, e sen querer entenderse, facendo delincuencia e apolox\u00eda da mala educaci\u00f3n. Que fracaso! O noso, e do eles. Ningu\u00e9n merece que lles confiemos a nosa vontade, ese \u00e9 o noso fracaso. Pero tam\u00e9n o de toda a C\u00e1mara, naquel ama\u00f1o inadecuado e pestilente. Non sei como se pode suplantar o procedemento legal de parlamentar. Invit\u00e1ronnos novamente \u00e1 derrota, a mirarnos no espello e non comprendernos naquela corrupci\u00f3n de clandestinas maneiras, aquel exilio de di\u00e1logo, de vontade de chegar a algures. Parec\u00eda unha trangallada, non se daban conta do importante que era o tema. Non souberon estar \u00e1 altura, como sempre pasa. De nada val\u00eda, nin sequera acordaban da recomendaci\u00f3n e esixencia da uni\u00f3n europea para buscar algunha soluci\u00f3n diante do insulto laboral que est\u00e1 en aplicaci\u00f3n. Ese modo de beneficiarse sen repartir beneficios, ese modo que chaman traballo que \u00e9 un modo de escravismo. Ese dos contratos d\u00eda a d\u00eda, soldando contratos e paro, indignos para calquera persoa. Ese que perdura desde hai anos, por culpa e enxe\u00f1o de algu\u00e9n, nesta xeograf\u00eda de dif\u00edcil acreditaci\u00f3n planetaria, onde se sementan odios, constantemente, e dan lugar \u00e1s ciclox\u00e9neses terror\u00edficas e cicl\u00f3ns coma bombas que, seguro, vir\u00e1n dos seus pupilos. Si, por culpa destas cousas e moitas outras, que nos sacan do mapa, non avanzaremos. Moita xente r\u00eda, a outra conxel\u00e1baselle o sorriso. Outra choraba, vendo a perda dunha oportunidade m\u00e1is para ter feito unha contrarreforma en condici\u00f3ns, ben feita. Outros, tam\u00e9n entendo, pensar\u00e1n que esta que sa\u00edu, xa \u00e9 algo, sup\u00f3n unha avantaxe que desd\u00ed tanta infamia. De todas formas preferiron, as s\u00faas se\u00f1or\u00edas, dar aquel lamentable espect\u00e1culo. E a\u00ednda despois, na cancha que lles dan os medios de expansi\u00f3n informativa, espallan a ausencia de dignidade. Vela\u00ed, nesas maneiras, vendo como se desenvolven as cousas, a mi\u00f1a torpe esperanza, produc\u00edndome certo noxo e desconsideraci\u00f3n. Non podo evitar que aquel esperpento dane a mi\u00f1a impericia para tragar sapos, adobiados con insultos, ameazas de denuncia e vinganzas. Que exemplo! Queda clara a torpe condici\u00f3n dos exaltados. Unha m\u00e1goa que pagaremos!<\/p>\n","protected":false},"excerpt":{"rendered":"<div class=\"mh-excerpt\"><p>Por mor da confusi\u00f3n \u00e1 hora de votar, xorde un tema, no medio da precariedade laboral end\u00e9mica, da fidelidade que os parlamentarios deben ao partido, sexa cal for, chegando mesmo a prescindir da s\u00faa capacidade de raciocinio, que se lles sup\u00f3n, e en favor da orde do grupo no que se integran. Anque nalg\u00fan momento poden todos chegar ao rid\u00edculo de aplaudir os erros ou remoerse neles <a class=\"mh-excerpt-more\" href=\"https:\/\/www.anovapeneira.gal\/index.php\/2022\/02\/22\/que-espectaculo\/\" title=\"Que espect\u00e1culo!\">[&#8230;]<\/a><\/p>\n<\/div>","protected":false},"author":5,"featured_media":584,"comment_status":"open","ping_status":"open","sticky":false,"template":"","format":"standard","meta":{"_exactmetrics_skip_tracking":false,"_exactmetrics_sitenote_active":false,"_exactmetrics_sitenote_note":"","_exactmetrics_sitenote_category":0,"footnotes":""},"categories":[7],"tags":[],"class_list":{"0":"post-7009","1":"post","2":"type-post","3":"status-publish","4":"format-standard","5":"has-post-thumbnail","7":"category-artigos-de-opinion"},"yoast_head":"<!-- This site is optimized with the Yoast SEO plugin v27.4 - https:\/\/yoast.com\/product\/yoast-seo-wordpress\/ -->\n<title>Que espect\u00e1culo! -<\/title>\n<meta name=\"description\" content=\"Por mor da confusi\u00f3n \u00e1 hora de votar, xorde un tema, no medio da precariedade laboral end\u00e9mica, da fidelidade que os parlamentarios deben ao partido, sexa cal for, chegando mesmo a prescindir da s\u00faa capacidade de raciocinio, que se lles sup\u00f3n, e en favor da orde do grupo no que se integran.\" \/>\n<meta name=\"robots\" content=\"index, follow, max-snippet:-1, max-image-preview:large, max-video-preview:-1\" \/>\n<link rel=\"canonical\" href=\"https:\/\/www.anovapeneira.gal\/index.php\/2022\/02\/22\/que-espectaculo\/\" \/>\n<meta property=\"og:locale\" content=\"gl_ES\" \/>\n<meta property=\"og:type\" content=\"article\" \/>\n<meta property=\"og:title\" content=\"Que espect\u00e1culo! -\" \/>\n<meta property=\"og:description\" content=\"Por mor da confusi\u00f3n \u00e1 hora de votar, xorde un tema, no medio da precariedade laboral end\u00e9mica, da fidelidade que os parlamentarios deben ao partido, sexa cal for, chegando mesmo a prescindir da s\u00faa capacidade de raciocinio, que se lles sup\u00f3n, e en favor da orde do grupo no que se integran.\" \/>\n<meta property=\"og:url\" content=\"https:\/\/www.anovapeneira.gal\/index.php\/2022\/02\/22\/que-espectaculo\/\" \/>\n<meta property=\"article:publisher\" content=\"https:\/\/www.facebook.com\/anovapeneira\" \/>\n<meta property=\"article:published_time\" content=\"2022-02-22T09:00:45+00:00\" \/>\n<meta property=\"og:image\" content=\"https:\/\/www.anovapeneira.gal\/wp-content\/uploads\/2019\/07\/ARTIGO_DE_OPINION_A_NOVA_PENEIRA.jpg\" \/>\n\t<meta property=\"og:image:width\" content=\"720\" \/>\n\t<meta property=\"og:image:height\" content=\"473\" \/>\n\t<meta property=\"og:image:type\" content=\"image\/jpeg\" \/>\n<meta name=\"author\" content=\"Baldomero Iglesias Dobarrio, Mero\" \/>\n<meta name=\"twitter:card\" content=\"summary_large_image\" \/>\n<meta name=\"twitter:image\" content=\"https:\/\/www.anovapeneira.gal\/wp-content\/uploads\/2019\/07\/ARTIGO_DE_OPINION_A_NOVA_PENEIRA.jpg\" \/>\n<meta name=\"twitter:creator\" content=\"@APeneira\" \/>\n<meta name=\"twitter:site\" content=\"@APeneira\" \/>\n<meta name=\"twitter:label1\" content=\"Escrito por\" \/>\n\t<meta name=\"twitter:data1\" content=\"Baldomero Iglesias Dobarrio, Mero\" \/>\n\t<meta name=\"twitter:label2\" content=\"Tempo de lectura\" \/>\n\t<meta name=\"twitter:data2\" content=\"4 minutos\" \/>\n<script type=\"application\/ld+json\" class=\"yoast-schema-graph\">{\"@context\":\"https:\\\/\\\/schema.org\",\"@graph\":[{\"@type\":\"Article\",\"@id\":\"https:\\\/\\\/www.anovapeneira.gal\\\/index.php\\\/2022\\\/02\\\/22\\\/que-espectaculo\\\/#article\",\"isPartOf\":{\"@id\":\"https:\\\/\\\/www.anovapeneira.gal\\\/index.php\\\/2022\\\/02\\\/22\\\/que-espectaculo\\\/\"},\"author\":{\"name\":\"Baldomero Iglesias Dobarrio, Mero\",\"@id\":\"https:\\\/\\\/www.anovapeneira.gal\\\/#\\\/schema\\\/person\\\/b051ed40cfc100e281476674783b32fc\"},\"headline\":\"Que espect\u00e1culo!\",\"datePublished\":\"2022-02-22T09:00:45+00:00\",\"mainEntityOfPage\":{\"@id\":\"https:\\\/\\\/www.anovapeneira.gal\\\/index.php\\\/2022\\\/02\\\/22\\\/que-espectaculo\\\/\"},\"wordCount\":797,\"commentCount\":0,\"publisher\":{\"@id\":\"https:\\\/\\\/www.anovapeneira.gal\\\/#organization\"},\"image\":{\"@id\":\"https:\\\/\\\/www.anovapeneira.gal\\\/index.php\\\/2022\\\/02\\\/22\\\/que-espectaculo\\\/#primaryimage\"},\"thumbnailUrl\":\"https:\\\/\\\/www.anovapeneira.gal\\\/wp-content\\\/uploads\\\/2019\\\/07\\\/ARTIGO_DE_OPINION_A_NOVA_PENEIRA.jpg\",\"articleSection\":[\"Artigos de opini\u00f3n\"],\"inLanguage\":\"gl-ES\",\"potentialAction\":[{\"@type\":\"CommentAction\",\"name\":\"Comment\",\"target\":[\"https:\\\/\\\/www.anovapeneira.gal\\\/index.php\\\/2022\\\/02\\\/22\\\/que-espectaculo\\\/#respond\"]}]},{\"@type\":\"WebPage\",\"@id\":\"https:\\\/\\\/www.anovapeneira.gal\\\/index.php\\\/2022\\\/02\\\/22\\\/que-espectaculo\\\/\",\"url\":\"https:\\\/\\\/www.anovapeneira.gal\\\/index.php\\\/2022\\\/02\\\/22\\\/que-espectaculo\\\/\",\"name\":\"Que espect\u00e1culo! -\",\"isPartOf\":{\"@id\":\"https:\\\/\\\/www.anovapeneira.gal\\\/#website\"},\"primaryImageOfPage\":{\"@id\":\"https:\\\/\\\/www.anovapeneira.gal\\\/index.php\\\/2022\\\/02\\\/22\\\/que-espectaculo\\\/#primaryimage\"},\"image\":{\"@id\":\"https:\\\/\\\/www.anovapeneira.gal\\\/index.php\\\/2022\\\/02\\\/22\\\/que-espectaculo\\\/#primaryimage\"},\"thumbnailUrl\":\"https:\\\/\\\/www.anovapeneira.gal\\\/wp-content\\\/uploads\\\/2019\\\/07\\\/ARTIGO_DE_OPINION_A_NOVA_PENEIRA.jpg\",\"datePublished\":\"2022-02-22T09:00:45+00:00\",\"description\":\"Por mor da confusi\u00f3n \u00e1 hora de votar, xorde un tema, no medio da precariedade laboral end\u00e9mica, da fidelidade que os parlamentarios deben ao partido, sexa cal for, chegando mesmo a prescindir da s\u00faa capacidade de raciocinio, que se lles sup\u00f3n, e en favor da orde do grupo no que se integran.\",\"breadcrumb\":{\"@id\":\"https:\\\/\\\/www.anovapeneira.gal\\\/index.php\\\/2022\\\/02\\\/22\\\/que-espectaculo\\\/#breadcrumb\"},\"inLanguage\":\"gl-ES\",\"potentialAction\":[{\"@type\":\"ReadAction\",\"target\":[\"https:\\\/\\\/www.anovapeneira.gal\\\/index.php\\\/2022\\\/02\\\/22\\\/que-espectaculo\\\/\"]}]},{\"@type\":\"ImageObject\",\"inLanguage\":\"gl-ES\",\"@id\":\"https:\\\/\\\/www.anovapeneira.gal\\\/index.php\\\/2022\\\/02\\\/22\\\/que-espectaculo\\\/#primaryimage\",\"url\":\"https:\\\/\\\/www.anovapeneira.gal\\\/wp-content\\\/uploads\\\/2019\\\/07\\\/ARTIGO_DE_OPINION_A_NOVA_PENEIRA.jpg\",\"contentUrl\":\"https:\\\/\\\/www.anovapeneira.gal\\\/wp-content\\\/uploads\\\/2019\\\/07\\\/ARTIGO_DE_OPINION_A_NOVA_PENEIRA.jpg\",\"width\":720,\"height\":473,\"caption\":\"Artigo de opini\u00f3n A Nova Peneira\"},{\"@type\":\"BreadcrumbList\",\"@id\":\"https:\\\/\\\/www.anovapeneira.gal\\\/index.php\\\/2022\\\/02\\\/22\\\/que-espectaculo\\\/#breadcrumb\",\"itemListElement\":[{\"@type\":\"ListItem\",\"position\":1,\"name\":\"Portada\",\"item\":\"https:\\\/\\\/www.anovapeneira.gal\\\/\"},{\"@type\":\"ListItem\",\"position\":2,\"name\":\"Que espect\u00e1culo!\"}]},{\"@type\":\"WebSite\",\"@id\":\"https:\\\/\\\/www.anovapeneira.gal\\\/#website\",\"url\":\"https:\\\/\\\/www.anovapeneira.gal\\\/\",\"name\":\"\",\"description\":\"Xornal galego de informaci\u00f3n xeral Publicaci\u00f3n mensual de novas de Galicia e en especial dos Concellos da sur da provincia de Pontevedra.\",\"publisher\":{\"@id\":\"https:\\\/\\\/www.anovapeneira.gal\\\/#organization\"},\"potentialAction\":[{\"@type\":\"SearchAction\",\"target\":{\"@type\":\"EntryPoint\",\"urlTemplate\":\"https:\\\/\\\/www.anovapeneira.gal\\\/?s={search_term_string}\"},\"query-input\":{\"@type\":\"PropertyValueSpecification\",\"valueRequired\":true,\"valueName\":\"search_term_string\"}}],\"inLanguage\":\"gl-ES\"},{\"@type\":\"Organization\",\"@id\":\"https:\\\/\\\/www.anovapeneira.gal\\\/#organization\",\"name\":\"A Nova Peneira\",\"url\":\"https:\\\/\\\/www.anovapeneira.gal\\\/\",\"logo\":{\"@type\":\"ImageObject\",\"inLanguage\":\"gl-ES\",\"@id\":\"https:\\\/\\\/www.anovapeneira.gal\\\/#\\\/schema\\\/logo\\\/image\\\/\",\"url\":\"http:\\\/\\\/www.anovapeneira.gal\\\/wp-content\\\/uploads\\\/2019\\\/06\\\/logo_a_nova_peneira_portal_web.png\",\"contentUrl\":\"http:\\\/\\\/www.anovapeneira.gal\\\/wp-content\\\/uploads\\\/2019\\\/06\\\/logo_a_nova_peneira_portal_web.png\",\"width\":300,\"height\":100,\"caption\":\"A Nova Peneira\"},\"image\":{\"@id\":\"https:\\\/\\\/www.anovapeneira.gal\\\/#\\\/schema\\\/logo\\\/image\\\/\"},\"sameAs\":[\"https:\\\/\\\/www.facebook.com\\\/anovapeneira\",\"https:\\\/\\\/x.com\\\/APeneira\"]},{\"@type\":\"Person\",\"@id\":\"https:\\\/\\\/www.anovapeneira.gal\\\/#\\\/schema\\\/person\\\/b051ed40cfc100e281476674783b32fc\",\"name\":\"Baldomero Iglesias Dobarrio, Mero\",\"image\":{\"@type\":\"ImageObject\",\"inLanguage\":\"gl-ES\",\"@id\":\"https:\\\/\\\/secure.gravatar.com\\\/avatar\\\/ca78fc089f8cf28197f88de2c9ac213e2f7d2097d8e359d9359b8778b539c59d?s=96&d=mm&r=g\",\"url\":\"https:\\\/\\\/secure.gravatar.com\\\/avatar\\\/ca78fc089f8cf28197f88de2c9ac213e2f7d2097d8e359d9359b8778b539c59d?s=96&d=mm&r=g\",\"contentUrl\":\"https:\\\/\\\/secure.gravatar.com\\\/avatar\\\/ca78fc089f8cf28197f88de2c9ac213e2f7d2097d8e359d9359b8778b539c59d?s=96&d=mm&r=g\",\"caption\":\"Baldomero Iglesias Dobarrio, Mero\"},\"sameAs\":[\"http:\\\/\\\/anovapeneira.gal\"],\"url\":\"https:\\\/\\\/www.anovapeneira.gal\\\/index.php\\\/author\\\/opinionmero\\\/\"}]}<\/script>\n<!-- \/ Yoast SEO plugin. -->","yoast_head_json":{"title":"Que espect\u00e1culo! -","description":"Por mor da confusi\u00f3n \u00e1 hora de votar, xorde un tema, no medio da precariedade laboral end\u00e9mica, da fidelidade que os parlamentarios deben ao partido, sexa cal for, chegando mesmo a prescindir da s\u00faa capacidade de raciocinio, que se lles sup\u00f3n, e en favor da orde do grupo no que se integran.","robots":{"index":"index","follow":"follow","max-snippet":"max-snippet:-1","max-image-preview":"max-image-preview:large","max-video-preview":"max-video-preview:-1"},"canonical":"https:\/\/www.anovapeneira.gal\/index.php\/2022\/02\/22\/que-espectaculo\/","og_locale":"gl_ES","og_type":"article","og_title":"Que espect\u00e1culo! -","og_description":"Por mor da confusi\u00f3n \u00e1 hora de votar, xorde un tema, no medio da precariedade laboral end\u00e9mica, da fidelidade que os parlamentarios deben ao partido, sexa cal for, chegando mesmo a prescindir da s\u00faa capacidade de raciocinio, que se lles sup\u00f3n, e en favor da orde do grupo no que se integran.","og_url":"https:\/\/www.anovapeneira.gal\/index.php\/2022\/02\/22\/que-espectaculo\/","article_publisher":"https:\/\/www.facebook.com\/anovapeneira","article_published_time":"2022-02-22T09:00:45+00:00","og_image":[{"width":720,"height":473,"url":"https:\/\/www.anovapeneira.gal\/wp-content\/uploads\/2019\/07\/ARTIGO_DE_OPINION_A_NOVA_PENEIRA.jpg","type":"image\/jpeg"}],"author":"Baldomero Iglesias Dobarrio, Mero","twitter_card":"summary_large_image","twitter_image":"https:\/\/www.anovapeneira.gal\/wp-content\/uploads\/2019\/07\/ARTIGO_DE_OPINION_A_NOVA_PENEIRA.jpg","twitter_creator":"@APeneira","twitter_site":"@APeneira","twitter_misc":{"Escrito por":"Baldomero Iglesias Dobarrio, Mero","Tempo de lectura":"4 minutos"},"schema":{"@context":"https:\/\/schema.org","@graph":[{"@type":"Article","@id":"https:\/\/www.anovapeneira.gal\/index.php\/2022\/02\/22\/que-espectaculo\/#article","isPartOf":{"@id":"https:\/\/www.anovapeneira.gal\/index.php\/2022\/02\/22\/que-espectaculo\/"},"author":{"name":"Baldomero Iglesias Dobarrio, Mero","@id":"https:\/\/www.anovapeneira.gal\/#\/schema\/person\/b051ed40cfc100e281476674783b32fc"},"headline":"Que espect\u00e1culo!","datePublished":"2022-02-22T09:00:45+00:00","mainEntityOfPage":{"@id":"https:\/\/www.anovapeneira.gal\/index.php\/2022\/02\/22\/que-espectaculo\/"},"wordCount":797,"commentCount":0,"publisher":{"@id":"https:\/\/www.anovapeneira.gal\/#organization"},"image":{"@id":"https:\/\/www.anovapeneira.gal\/index.php\/2022\/02\/22\/que-espectaculo\/#primaryimage"},"thumbnailUrl":"https:\/\/www.anovapeneira.gal\/wp-content\/uploads\/2019\/07\/ARTIGO_DE_OPINION_A_NOVA_PENEIRA.jpg","articleSection":["Artigos de opini\u00f3n"],"inLanguage":"gl-ES","potentialAction":[{"@type":"CommentAction","name":"Comment","target":["https:\/\/www.anovapeneira.gal\/index.php\/2022\/02\/22\/que-espectaculo\/#respond"]}]},{"@type":"WebPage","@id":"https:\/\/www.anovapeneira.gal\/index.php\/2022\/02\/22\/que-espectaculo\/","url":"https:\/\/www.anovapeneira.gal\/index.php\/2022\/02\/22\/que-espectaculo\/","name":"Que espect\u00e1culo! -","isPartOf":{"@id":"https:\/\/www.anovapeneira.gal\/#website"},"primaryImageOfPage":{"@id":"https:\/\/www.anovapeneira.gal\/index.php\/2022\/02\/22\/que-espectaculo\/#primaryimage"},"image":{"@id":"https:\/\/www.anovapeneira.gal\/index.php\/2022\/02\/22\/que-espectaculo\/#primaryimage"},"thumbnailUrl":"https:\/\/www.anovapeneira.gal\/wp-content\/uploads\/2019\/07\/ARTIGO_DE_OPINION_A_NOVA_PENEIRA.jpg","datePublished":"2022-02-22T09:00:45+00:00","description":"Por mor da confusi\u00f3n \u00e1 hora de votar, xorde un tema, no medio da precariedade laboral end\u00e9mica, da fidelidade que os parlamentarios deben ao partido, sexa cal for, chegando mesmo a prescindir da s\u00faa capacidade de raciocinio, que se lles sup\u00f3n, e en favor da orde do grupo no que se integran.","breadcrumb":{"@id":"https:\/\/www.anovapeneira.gal\/index.php\/2022\/02\/22\/que-espectaculo\/#breadcrumb"},"inLanguage":"gl-ES","potentialAction":[{"@type":"ReadAction","target":["https:\/\/www.anovapeneira.gal\/index.php\/2022\/02\/22\/que-espectaculo\/"]}]},{"@type":"ImageObject","inLanguage":"gl-ES","@id":"https:\/\/www.anovapeneira.gal\/index.php\/2022\/02\/22\/que-espectaculo\/#primaryimage","url":"https:\/\/www.anovapeneira.gal\/wp-content\/uploads\/2019\/07\/ARTIGO_DE_OPINION_A_NOVA_PENEIRA.jpg","contentUrl":"https:\/\/www.anovapeneira.gal\/wp-content\/uploads\/2019\/07\/ARTIGO_DE_OPINION_A_NOVA_PENEIRA.jpg","width":720,"height":473,"caption":"Artigo de opini\u00f3n A Nova Peneira"},{"@type":"BreadcrumbList","@id":"https:\/\/www.anovapeneira.gal\/index.php\/2022\/02\/22\/que-espectaculo\/#breadcrumb","itemListElement":[{"@type":"ListItem","position":1,"name":"Portada","item":"https:\/\/www.anovapeneira.gal\/"},{"@type":"ListItem","position":2,"name":"Que espect\u00e1culo!"}]},{"@type":"WebSite","@id":"https:\/\/www.anovapeneira.gal\/#website","url":"https:\/\/www.anovapeneira.gal\/","name":"","description":"Xornal galego de informaci\u00f3n xeral Publicaci\u00f3n mensual de novas de Galicia e en especial dos Concellos da sur da provincia de Pontevedra.","publisher":{"@id":"https:\/\/www.anovapeneira.gal\/#organization"},"potentialAction":[{"@type":"SearchAction","target":{"@type":"EntryPoint","urlTemplate":"https:\/\/www.anovapeneira.gal\/?s={search_term_string}"},"query-input":{"@type":"PropertyValueSpecification","valueRequired":true,"valueName":"search_term_string"}}],"inLanguage":"gl-ES"},{"@type":"Organization","@id":"https:\/\/www.anovapeneira.gal\/#organization","name":"A Nova Peneira","url":"https:\/\/www.anovapeneira.gal\/","logo":{"@type":"ImageObject","inLanguage":"gl-ES","@id":"https:\/\/www.anovapeneira.gal\/#\/schema\/logo\/image\/","url":"http:\/\/www.anovapeneira.gal\/wp-content\/uploads\/2019\/06\/logo_a_nova_peneira_portal_web.png","contentUrl":"http:\/\/www.anovapeneira.gal\/wp-content\/uploads\/2019\/06\/logo_a_nova_peneira_portal_web.png","width":300,"height":100,"caption":"A Nova Peneira"},"image":{"@id":"https:\/\/www.anovapeneira.gal\/#\/schema\/logo\/image\/"},"sameAs":["https:\/\/www.facebook.com\/anovapeneira","https:\/\/x.com\/APeneira"]},{"@type":"Person","@id":"https:\/\/www.anovapeneira.gal\/#\/schema\/person\/b051ed40cfc100e281476674783b32fc","name":"Baldomero Iglesias Dobarrio, Mero","image":{"@type":"ImageObject","inLanguage":"gl-ES","@id":"https:\/\/secure.gravatar.com\/avatar\/ca78fc089f8cf28197f88de2c9ac213e2f7d2097d8e359d9359b8778b539c59d?s=96&d=mm&r=g","url":"https:\/\/secure.gravatar.com\/avatar\/ca78fc089f8cf28197f88de2c9ac213e2f7d2097d8e359d9359b8778b539c59d?s=96&d=mm&r=g","contentUrl":"https:\/\/secure.gravatar.com\/avatar\/ca78fc089f8cf28197f88de2c9ac213e2f7d2097d8e359d9359b8778b539c59d?s=96&d=mm&r=g","caption":"Baldomero Iglesias Dobarrio, Mero"},"sameAs":["http:\/\/anovapeneira.gal"],"url":"https:\/\/www.anovapeneira.gal\/index.php\/author\/opinionmero\/"}]}},"jetpack_featured_media_url":"https:\/\/www.anovapeneira.gal\/wp-content\/uploads\/2019\/07\/ARTIGO_DE_OPINION_A_NOVA_PENEIRA.jpg","_links":{"self":[{"href":"https:\/\/www.anovapeneira.gal\/index.php\/wp-json\/wp\/v2\/posts\/7009","targetHints":{"allow":["GET"]}}],"collection":[{"href":"https:\/\/www.anovapeneira.gal\/index.php\/wp-json\/wp\/v2\/posts"}],"about":[{"href":"https:\/\/www.anovapeneira.gal\/index.php\/wp-json\/wp\/v2\/types\/post"}],"author":[{"embeddable":true,"href":"https:\/\/www.anovapeneira.gal\/index.php\/wp-json\/wp\/v2\/users\/5"}],"replies":[{"embeddable":true,"href":"https:\/\/www.anovapeneira.gal\/index.php\/wp-json\/wp\/v2\/comments?post=7009"}],"version-history":[{"count":1,"href":"https:\/\/www.anovapeneira.gal\/index.php\/wp-json\/wp\/v2\/posts\/7009\/revisions"}],"predecessor-version":[{"id":7010,"href":"https:\/\/www.anovapeneira.gal\/index.php\/wp-json\/wp\/v2\/posts\/7009\/revisions\/7010"}],"wp:featuredmedia":[{"embeddable":true,"href":"https:\/\/www.anovapeneira.gal\/index.php\/wp-json\/wp\/v2\/media\/584"}],"wp:attachment":[{"href":"https:\/\/www.anovapeneira.gal\/index.php\/wp-json\/wp\/v2\/media?parent=7009"}],"wp:term":[{"taxonomy":"category","embeddable":true,"href":"https:\/\/www.anovapeneira.gal\/index.php\/wp-json\/wp\/v2\/categories?post=7009"},{"taxonomy":"post_tag","embeddable":true,"href":"https:\/\/www.anovapeneira.gal\/index.php\/wp-json\/wp\/v2\/tags?post=7009"}],"curies":[{"name":"wp","href":"https:\/\/api.w.org\/{rel}","templated":true}]}}