{"id":7016,"date":"2022-02-23T12:00:02","date_gmt":"2022-02-23T11:00:02","guid":{"rendered":"https:\/\/www.anovapeneira.gal\/?p=7016"},"modified":"2022-02-21T13:22:52","modified_gmt":"2022-02-21T12:22:52","slug":"os-rapaces-e-as-rapazas-da-escola-de-artes-marciais-loren","status":"publish","type":"post","link":"https:\/\/www.anovapeneira.gal\/index.php\/2022\/02\/23\/os-rapaces-e-as-rapazas-da-escola-de-artes-marciais-loren\/","title":{"rendered":"Os rapaces e as rapazas da escola de artes marciais Loren"},"content":{"rendered":"\n<h2 class=\"wp-block-heading\"><strong>Os rapaces e as rapazas da escola de artes marciais Loren<\/strong><\/h2>\n\n\n\n<p><strong>Un orgullo para Ponteareas<\/strong><\/p>\n\n\n\n<p><strong>A ilusi\u00f3n a toneladas que desprenden todos os alumnos e alumnas desta escola de artes marciais da nosa vila, e os seus indubidables \u00e9xitos deportivos, as\u00ed como o bo facer dos seus preparadores, tan preocupados en formalos como deportistas como en contribu\u00edr a darlles valores humanos que lles permitan afrontar a vida en mellores condici\u00f3ns, merecen o reco\u00f1ecemento da sociedade ponteare\u00e1. Reco\u00f1ecemento que A Nova Peneira lles quere brindar. Vela\u00ed vai a imaxe de todos e todas e unha breve conversa con 6 deles. Por desgraza o limitado do espazo non permite conversar con todos. E \u00e9 algo que me gustar\u00eda moito pois paseino moi ben no rato que compartimos. Moita sorte para eles e elas nas s\u00faas carreiras como deportistas, e sobre todo na dif\u00edcil carreira da vida.<\/strong><\/p>\n\n\n\n<p><strong>Mario 12 anos<\/strong><\/p>\n\n\n\n<p><strong>Que \u00e9 o mellor das artes marciais para ti?<\/strong><\/p>\n\n\n\n<blockquote class=\"wp-block-quote is-layout-flow wp-block-quote-is-layout-flow\"><p>Os amigos que fas, os adestramentos e a emoci\u00f3n das competici\u00f3ns<\/p><\/blockquote>\n\n\n\n<p><strong>Que tal levas cando perdes un combate?<\/strong><\/p>\n\n\n\n<blockquote class=\"wp-block-quote is-layout-flow wp-block-quote-is-layout-flow\"><p>Ao principio moi mal, non me gustaba nada.<\/p><\/blockquote>\n\n\n\n<blockquote class=\"wp-block-quote is-layout-flow wp-block-quote-is-layout-flow\"><p>Agora xa o levo moito mellor e trato de aprender dos meus erros.<\/p><\/blockquote>\n\n\n\n<p><strong>Ux\u00eda 17 anos?<\/strong><\/p>\n\n\n\n<p><strong>Que \u00e9 o mellor das artes marciais para ti?<\/strong><\/p>\n\n\n\n<blockquote class=\"wp-block-quote is-layout-flow wp-block-quote-is-layout-flow\"><p>Compartir experiencias coas compa\u00f1eiras e os compa\u00f1eiras e practicar un deporte marabilloso que achega valores moi importantes para a vida<\/p><\/blockquote>\n\n\n\n<p><strong>Ata onde che gustar\u00eda chegar?<\/strong><\/p>\n\n\n\n<blockquote class=\"wp-block-quote is-layout-flow wp-block-quote-is-layout-flow\"><p>Ata onde se poida. Por min ata o infinito<\/p><\/blockquote>\n\n\n\n<p><strong>Bruno 9 anos<\/strong><\/p>\n\n\n\n<p><strong>Que \u00e9 o mellor das artes marciais para ti?<\/strong><\/p>\n\n\n\n<blockquote class=\"wp-block-quote is-layout-flow wp-block-quote-is-layout-flow\"><p>Co\u00f1ecer a xente e ir aos campionatos.<\/p><\/blockquote>\n\n\n\n<p><strong>E ti, cando perdes un combate como o levas Bruno?<\/strong><\/p>\n\n\n\n<blockquote class=\"wp-block-quote is-layout-flow wp-block-quote-is-layout-flow\"><p>A ver, un pouco si que me enfado, a verdade. Pero s\u00f3 un pouco. Moito non choro<\/p><\/blockquote>\n\n\n\n<p><strong>\u00c1ngela 9 anos<\/strong><\/p>\n\n\n\n<p><strong>Que \u00e9 o mellor das artes marciais para ti?<\/strong><\/p>\n\n\n\n<blockquote class=\"wp-block-quote is-layout-flow wp-block-quote-is-layout-flow\"><p>Aprender a defenderme ben e facer amigas e amigos. O que menos me gusta \u00e9 cando non podo vir a adestrar e tampouco me gusta perder un combate<\/p><\/blockquote>\n\n\n\n<p><strong>E que che gustar\u00eda conseguir a ti coas artes marciais?<\/strong><\/p>\n\n\n\n<blockquote class=\"wp-block-quote is-layout-flow wp-block-quote-is-layout-flow\"><p>Ser\u00eda feliz se consigo chegar a ser adestradora<\/p><\/blockquote>\n\n\n\n<p><strong>Noa 9 anos<\/strong><\/p>\n\n\n\n<p><strong>Que \u00e9 o que m\u00e1is che gusta deste deporte?<\/strong><\/p>\n\n\n\n<blockquote class=\"wp-block-quote is-layout-flow wp-block-quote-is-layout-flow\"><p>A cantidade de cousas que aprendo. O que m\u00e1is me gusta \u00e9 aprender<\/p><\/blockquote>\n\n\n\n<p><strong>Ata onde che gustar\u00eda chegar Noa?<\/strong><\/p>\n\n\n\n<blockquote class=\"wp-block-quote is-layout-flow wp-block-quote-is-layout-flow\"><p>A ser a n\u00famero 1 de Espa\u00f1a<\/p><\/blockquote>\n\n\n\n<p><strong>Luz 53 anos<\/strong><\/p>\n\n\n\n<p><strong>E por \u00faltimo falamos coa veterana do grupo<\/strong><\/p>\n\n\n\n<p><strong>Vaia sorpresa, non esperaba atopar unha alumna da mi\u00f1a xeraci\u00f3n?<\/strong><\/p>\n\n\n\n<blockquote class=\"wp-block-quote is-layout-flow wp-block-quote-is-layout-flow\"><p>Nunca \u00e9 tarde para chegar a este mundo. Eu comecei hai catro anos un pouco de broma e estou content\u00edsima<\/p><\/blockquote>\n\n\n\n<p><strong>Eu s\u00f3 te\u00f1o un ano menos ca ti. Recom\u00e9ndasmo?.<\/strong><\/p>\n\n\n\n<blockquote class=\"wp-block-quote is-layout-flow wp-block-quote-is-layout-flow\"><p>Absolutamente. Se o practicas vaste sentir moito mellor en todos os campos da t\u00faa vida<\/p><\/blockquote>\n","protected":false},"excerpt":{"rendered":"<div class=\"mh-excerpt\"><p>A ilusi\u00f3n a toneladas que desprenden todos os alumnos e alumnas desta escola de artes marciais da nosa vila, e os seus indubidables \u00e9xitos deportivos, as\u00ed como o bo facer dos seus preparadores, tan preocupados en formalos como deportistas como en contribu\u00edr a darlles valores humanos que lles permitan afrontar a vida en mellores condici\u00f3ns, merecen o reco\u00f1ecemento da sociedade ponteareas <a class=\"mh-excerpt-more\" href=\"https:\/\/www.anovapeneira.gal\/index.php\/2022\/02\/23\/os-rapaces-e-as-rapazas-da-escola-de-artes-marciais-loren\/\" title=\"Os rapaces e as rapazas da escola de artes marciais Loren\">[&#8230;]<\/a><\/p>\n<\/div>","protected":false},"author":3,"featured_media":7019,"comment_status":"open","ping_status":"open","sticky":false,"template":"","format":"standard","meta":{"_exactmetrics_skip_tracking":false,"_exactmetrics_sitenote_active":false,"_exactmetrics_sitenote_note":"","_exactmetrics_sitenote_category":0,"footnotes":""},"categories":[492],"tags":[208],"class_list":{"0":"post-7016","1":"post","2":"type-post","3":"status-publish","4":"format-standard","5":"has-post-thumbnail","7":"category-condado-reportaxes","8":"tag-concello-de-ponteareas"},"yoast_head":"<!-- This site is optimized with the Yoast SEO plugin v27.4 - https:\/\/yoast.com\/product\/yoast-seo-wordpress\/ -->\n<title>Os rapaces e as rapazas da escola de artes marciais Loren -<\/title>\n<meta name=\"description\" content=\"A ilusi\u00f3n a toneladas que desprenden todos os alumnos e alumnas desta escola de artes marciais da nosa vila, e os seus indubidables \u00e9xitos deportivos, as\u00ed como o bo facer dos seus preparadores, tan preocupados en formalos como deportistas como en contribu\u00edr a darlles valores humanos que lles permitan afrontar a vida en mellores condici\u00f3ns, merecen o reco\u00f1ecemento da sociedade ponteareas.\" \/>\n<meta name=\"robots\" content=\"index, follow, max-snippet:-1, max-image-preview:large, max-video-preview:-1\" \/>\n<link rel=\"canonical\" href=\"https:\/\/www.anovapeneira.gal\/index.php\/2022\/02\/23\/os-rapaces-e-as-rapazas-da-escola-de-artes-marciais-loren\/\" \/>\n<meta property=\"og:locale\" content=\"gl_ES\" \/>\n<meta property=\"og:type\" content=\"article\" \/>\n<meta property=\"og:title\" content=\"Os rapaces e as rapazas da escola de artes marciais Loren -\" \/>\n<meta property=\"og:description\" content=\"A ilusi\u00f3n a toneladas que desprenden todos os alumnos e alumnas desta escola de artes marciais da nosa vila, e os seus indubidables \u00e9xitos deportivos, as\u00ed como o bo facer dos seus preparadores, tan preocupados en formalos como deportistas como en contribu\u00edr a darlles valores humanos que lles permitan afrontar a vida en mellores condici\u00f3ns, merecen o reco\u00f1ecemento da sociedade ponteareas.\" \/>\n<meta property=\"og:url\" content=\"https:\/\/www.anovapeneira.gal\/index.php\/2022\/02\/23\/os-rapaces-e-as-rapazas-da-escola-de-artes-marciais-loren\/\" \/>\n<meta property=\"article:publisher\" content=\"https:\/\/www.facebook.com\/anovapeneira\" \/>\n<meta property=\"article:published_time\" content=\"2022-02-23T11:00:02+00:00\" \/>\n<meta property=\"og:image\" content=\"https:\/\/www.anovapeneira.gal\/wp-content\/uploads\/2022\/02\/ximnasio_lorem_ponteareas.jpg\" \/>\n\t<meta property=\"og:image:width\" content=\"1590\" \/>\n\t<meta property=\"og:image:height\" content=\"832\" \/>\n\t<meta property=\"og:image:type\" content=\"image\/jpeg\" \/>\n<meta name=\"author\" content=\"Redacci\u00f3n A Nova Peneira\" \/>\n<meta name=\"twitter:card\" content=\"summary_large_image\" \/>\n<meta name=\"twitter:creator\" content=\"@APeneira\" \/>\n<meta name=\"twitter:site\" content=\"@APeneira\" \/>\n<meta name=\"twitter:label1\" content=\"Escrito por\" \/>\n\t<meta name=\"twitter:data1\" content=\"Redacci\u00f3n A Nova Peneira\" \/>\n\t<meta name=\"twitter:label2\" content=\"Tempo de lectura\" \/>\n\t<meta name=\"twitter:data2\" content=\"3 minutos\" \/>\n<script type=\"application\/ld+json\" class=\"yoast-schema-graph\">{\"@context\":\"https:\\\/\\\/schema.org\",\"@graph\":[{\"@type\":\"Article\",\"@id\":\"https:\\\/\\\/www.anovapeneira.gal\\\/index.php\\\/2022\\\/02\\\/23\\\/os-rapaces-e-as-rapazas-da-escola-de-artes-marciais-loren\\\/#article\",\"isPartOf\":{\"@id\":\"https:\\\/\\\/www.anovapeneira.gal\\\/index.php\\\/2022\\\/02\\\/23\\\/os-rapaces-e-as-rapazas-da-escola-de-artes-marciais-loren\\\/\"},\"author\":{\"name\":\"Redacci\u00f3n A Nova Peneira\",\"@id\":\"https:\\\/\\\/www.anovapeneira.gal\\\/#\\\/schema\\\/person\\\/b93e3f8932e3f8da96334607eb6ac6aa\"},\"headline\":\"Os rapaces e as rapazas da escola de artes marciais Loren\",\"datePublished\":\"2022-02-23T11:00:02+00:00\",\"mainEntityOfPage\":{\"@id\":\"https:\\\/\\\/www.anovapeneira.gal\\\/index.php\\\/2022\\\/02\\\/23\\\/os-rapaces-e-as-rapazas-da-escola-de-artes-marciais-loren\\\/\"},\"wordCount\":470,\"commentCount\":0,\"publisher\":{\"@id\":\"https:\\\/\\\/www.anovapeneira.gal\\\/#organization\"},\"image\":{\"@id\":\"https:\\\/\\\/www.anovapeneira.gal\\\/index.php\\\/2022\\\/02\\\/23\\\/os-rapaces-e-as-rapazas-da-escola-de-artes-marciais-loren\\\/#primaryimage\"},\"thumbnailUrl\":\"https:\\\/\\\/www.anovapeneira.gal\\\/wp-content\\\/uploads\\\/2022\\\/02\\\/ximnasio_lorem_ponteareas.jpg\",\"keywords\":[\"Concello de Ponteareas\"],\"articleSection\":[\"Condado\"],\"inLanguage\":\"gl-ES\",\"potentialAction\":[{\"@type\":\"CommentAction\",\"name\":\"Comment\",\"target\":[\"https:\\\/\\\/www.anovapeneira.gal\\\/index.php\\\/2022\\\/02\\\/23\\\/os-rapaces-e-as-rapazas-da-escola-de-artes-marciais-loren\\\/#respond\"]}]},{\"@type\":\"WebPage\",\"@id\":\"https:\\\/\\\/www.anovapeneira.gal\\\/index.php\\\/2022\\\/02\\\/23\\\/os-rapaces-e-as-rapazas-da-escola-de-artes-marciais-loren\\\/\",\"url\":\"https:\\\/\\\/www.anovapeneira.gal\\\/index.php\\\/2022\\\/02\\\/23\\\/os-rapaces-e-as-rapazas-da-escola-de-artes-marciais-loren\\\/\",\"name\":\"Os rapaces e as rapazas da escola de artes marciais Loren -\",\"isPartOf\":{\"@id\":\"https:\\\/\\\/www.anovapeneira.gal\\\/#website\"},\"primaryImageOfPage\":{\"@id\":\"https:\\\/\\\/www.anovapeneira.gal\\\/index.php\\\/2022\\\/02\\\/23\\\/os-rapaces-e-as-rapazas-da-escola-de-artes-marciais-loren\\\/#primaryimage\"},\"image\":{\"@id\":\"https:\\\/\\\/www.anovapeneira.gal\\\/index.php\\\/2022\\\/02\\\/23\\\/os-rapaces-e-as-rapazas-da-escola-de-artes-marciais-loren\\\/#primaryimage\"},\"thumbnailUrl\":\"https:\\\/\\\/www.anovapeneira.gal\\\/wp-content\\\/uploads\\\/2022\\\/02\\\/ximnasio_lorem_ponteareas.jpg\",\"datePublished\":\"2022-02-23T11:00:02+00:00\",\"description\":\"A ilusi\u00f3n a toneladas que desprenden todos os alumnos e alumnas desta escola de artes marciais da nosa vila, e os seus indubidables \u00e9xitos deportivos, as\u00ed como o bo facer dos seus preparadores, tan preocupados en formalos como deportistas como en contribu\u00edr a darlles valores humanos que lles permitan afrontar a vida en mellores condici\u00f3ns, merecen o reco\u00f1ecemento da sociedade ponteareas.\",\"breadcrumb\":{\"@id\":\"https:\\\/\\\/www.anovapeneira.gal\\\/index.php\\\/2022\\\/02\\\/23\\\/os-rapaces-e-as-rapazas-da-escola-de-artes-marciais-loren\\\/#breadcrumb\"},\"inLanguage\":\"gl-ES\",\"potentialAction\":[{\"@type\":\"ReadAction\",\"target\":[\"https:\\\/\\\/www.anovapeneira.gal\\\/index.php\\\/2022\\\/02\\\/23\\\/os-rapaces-e-as-rapazas-da-escola-de-artes-marciais-loren\\\/\"]}]},{\"@type\":\"ImageObject\",\"inLanguage\":\"gl-ES\",\"@id\":\"https:\\\/\\\/www.anovapeneira.gal\\\/index.php\\\/2022\\\/02\\\/23\\\/os-rapaces-e-as-rapazas-da-escola-de-artes-marciais-loren\\\/#primaryimage\",\"url\":\"https:\\\/\\\/www.anovapeneira.gal\\\/wp-content\\\/uploads\\\/2022\\\/02\\\/ximnasio_lorem_ponteareas.jpg\",\"contentUrl\":\"https:\\\/\\\/www.anovapeneira.gal\\\/wp-content\\\/uploads\\\/2022\\\/02\\\/ximnasio_lorem_ponteareas.jpg\",\"width\":1590,\"height\":832,\"caption\":\"Ximnasio Lorem Ponteareas\"},{\"@type\":\"BreadcrumbList\",\"@id\":\"https:\\\/\\\/www.anovapeneira.gal\\\/index.php\\\/2022\\\/02\\\/23\\\/os-rapaces-e-as-rapazas-da-escola-de-artes-marciais-loren\\\/#breadcrumb\",\"itemListElement\":[{\"@type\":\"ListItem\",\"position\":1,\"name\":\"Portada\",\"item\":\"https:\\\/\\\/www.anovapeneira.gal\\\/\"},{\"@type\":\"ListItem\",\"position\":2,\"name\":\"Os rapaces e as rapazas da escola de artes marciais Loren\"}]},{\"@type\":\"WebSite\",\"@id\":\"https:\\\/\\\/www.anovapeneira.gal\\\/#website\",\"url\":\"https:\\\/\\\/www.anovapeneira.gal\\\/\",\"name\":\"\",\"description\":\"Xornal galego de informaci\u00f3n xeral Publicaci\u00f3n mensual de novas de Galicia e en especial dos Concellos da sur da provincia de Pontevedra.\",\"publisher\":{\"@id\":\"https:\\\/\\\/www.anovapeneira.gal\\\/#organization\"},\"potentialAction\":[{\"@type\":\"SearchAction\",\"target\":{\"@type\":\"EntryPoint\",\"urlTemplate\":\"https:\\\/\\\/www.anovapeneira.gal\\\/?s={search_term_string}\"},\"query-input\":{\"@type\":\"PropertyValueSpecification\",\"valueRequired\":true,\"valueName\":\"search_term_string\"}}],\"inLanguage\":\"gl-ES\"},{\"@type\":\"Organization\",\"@id\":\"https:\\\/\\\/www.anovapeneira.gal\\\/#organization\",\"name\":\"A Nova Peneira\",\"url\":\"https:\\\/\\\/www.anovapeneira.gal\\\/\",\"logo\":{\"@type\":\"ImageObject\",\"inLanguage\":\"gl-ES\",\"@id\":\"https:\\\/\\\/www.anovapeneira.gal\\\/#\\\/schema\\\/logo\\\/image\\\/\",\"url\":\"http:\\\/\\\/www.anovapeneira.gal\\\/wp-content\\\/uploads\\\/2019\\\/06\\\/logo_a_nova_peneira_portal_web.png\",\"contentUrl\":\"http:\\\/\\\/www.anovapeneira.gal\\\/wp-content\\\/uploads\\\/2019\\\/06\\\/logo_a_nova_peneira_portal_web.png\",\"width\":300,\"height\":100,\"caption\":\"A Nova Peneira\"},\"image\":{\"@id\":\"https:\\\/\\\/www.anovapeneira.gal\\\/#\\\/schema\\\/logo\\\/image\\\/\"},\"sameAs\":[\"https:\\\/\\\/www.facebook.com\\\/anovapeneira\",\"https:\\\/\\\/x.com\\\/APeneira\"]},{\"@type\":\"Person\",\"@id\":\"https:\\\/\\\/www.anovapeneira.gal\\\/#\\\/schema\\\/person\\\/b93e3f8932e3f8da96334607eb6ac6aa\",\"name\":\"Redacci\u00f3n A Nova Peneira\",\"image\":{\"@type\":\"ImageObject\",\"inLanguage\":\"gl-ES\",\"@id\":\"https:\\\/\\\/secure.gravatar.com\\\/avatar\\\/c052a2551a06e23fac63626232eaa90abd78dbcf1700fc46a2b2c89fd27b735f?s=96&d=mm&r=g\",\"url\":\"https:\\\/\\\/secure.gravatar.com\\\/avatar\\\/c052a2551a06e23fac63626232eaa90abd78dbcf1700fc46a2b2c89fd27b735f?s=96&d=mm&r=g\",\"contentUrl\":\"https:\\\/\\\/secure.gravatar.com\\\/avatar\\\/c052a2551a06e23fac63626232eaa90abd78dbcf1700fc46a2b2c89fd27b735f?s=96&d=mm&r=g\",\"caption\":\"Redacci\u00f3n A Nova Peneira\"},\"sameAs\":[\"http:\\\/\\\/www.anovapeneira.gal\\\/\"],\"url\":\"https:\\\/\\\/www.anovapeneira.gal\\\/index.php\\\/author\\\/redactor\\\/\"}]}<\/script>\n<!-- \/ Yoast SEO plugin. -->","yoast_head_json":{"title":"Os rapaces e as rapazas da escola de artes marciais Loren -","description":"A ilusi\u00f3n a toneladas que desprenden todos os alumnos e alumnas desta escola de artes marciais da nosa vila, e os seus indubidables \u00e9xitos deportivos, as\u00ed como o bo facer dos seus preparadores, tan preocupados en formalos como deportistas como en contribu\u00edr a darlles valores humanos que lles permitan afrontar a vida en mellores condici\u00f3ns, merecen o reco\u00f1ecemento da sociedade ponteareas.","robots":{"index":"index","follow":"follow","max-snippet":"max-snippet:-1","max-image-preview":"max-image-preview:large","max-video-preview":"max-video-preview:-1"},"canonical":"https:\/\/www.anovapeneira.gal\/index.php\/2022\/02\/23\/os-rapaces-e-as-rapazas-da-escola-de-artes-marciais-loren\/","og_locale":"gl_ES","og_type":"article","og_title":"Os rapaces e as rapazas da escola de artes marciais Loren -","og_description":"A ilusi\u00f3n a toneladas que desprenden todos os alumnos e alumnas desta escola de artes marciais da nosa vila, e os seus indubidables \u00e9xitos deportivos, as\u00ed como o bo facer dos seus preparadores, tan preocupados en formalos como deportistas como en contribu\u00edr a darlles valores humanos que lles permitan afrontar a vida en mellores condici\u00f3ns, merecen o reco\u00f1ecemento da sociedade ponteareas.","og_url":"https:\/\/www.anovapeneira.gal\/index.php\/2022\/02\/23\/os-rapaces-e-as-rapazas-da-escola-de-artes-marciais-loren\/","article_publisher":"https:\/\/www.facebook.com\/anovapeneira","article_published_time":"2022-02-23T11:00:02+00:00","og_image":[{"width":1590,"height":832,"url":"https:\/\/www.anovapeneira.gal\/wp-content\/uploads\/2022\/02\/ximnasio_lorem_ponteareas.jpg","type":"image\/jpeg"}],"author":"Redacci\u00f3n A Nova Peneira","twitter_card":"summary_large_image","twitter_creator":"@APeneira","twitter_site":"@APeneira","twitter_misc":{"Escrito por":"Redacci\u00f3n A Nova Peneira","Tempo de lectura":"3 minutos"},"schema":{"@context":"https:\/\/schema.org","@graph":[{"@type":"Article","@id":"https:\/\/www.anovapeneira.gal\/index.php\/2022\/02\/23\/os-rapaces-e-as-rapazas-da-escola-de-artes-marciais-loren\/#article","isPartOf":{"@id":"https:\/\/www.anovapeneira.gal\/index.php\/2022\/02\/23\/os-rapaces-e-as-rapazas-da-escola-de-artes-marciais-loren\/"},"author":{"name":"Redacci\u00f3n A Nova Peneira","@id":"https:\/\/www.anovapeneira.gal\/#\/schema\/person\/b93e3f8932e3f8da96334607eb6ac6aa"},"headline":"Os rapaces e as rapazas da escola de artes marciais Loren","datePublished":"2022-02-23T11:00:02+00:00","mainEntityOfPage":{"@id":"https:\/\/www.anovapeneira.gal\/index.php\/2022\/02\/23\/os-rapaces-e-as-rapazas-da-escola-de-artes-marciais-loren\/"},"wordCount":470,"commentCount":0,"publisher":{"@id":"https:\/\/www.anovapeneira.gal\/#organization"},"image":{"@id":"https:\/\/www.anovapeneira.gal\/index.php\/2022\/02\/23\/os-rapaces-e-as-rapazas-da-escola-de-artes-marciais-loren\/#primaryimage"},"thumbnailUrl":"https:\/\/www.anovapeneira.gal\/wp-content\/uploads\/2022\/02\/ximnasio_lorem_ponteareas.jpg","keywords":["Concello de Ponteareas"],"articleSection":["Condado"],"inLanguage":"gl-ES","potentialAction":[{"@type":"CommentAction","name":"Comment","target":["https:\/\/www.anovapeneira.gal\/index.php\/2022\/02\/23\/os-rapaces-e-as-rapazas-da-escola-de-artes-marciais-loren\/#respond"]}]},{"@type":"WebPage","@id":"https:\/\/www.anovapeneira.gal\/index.php\/2022\/02\/23\/os-rapaces-e-as-rapazas-da-escola-de-artes-marciais-loren\/","url":"https:\/\/www.anovapeneira.gal\/index.php\/2022\/02\/23\/os-rapaces-e-as-rapazas-da-escola-de-artes-marciais-loren\/","name":"Os rapaces e as rapazas da escola de artes marciais Loren -","isPartOf":{"@id":"https:\/\/www.anovapeneira.gal\/#website"},"primaryImageOfPage":{"@id":"https:\/\/www.anovapeneira.gal\/index.php\/2022\/02\/23\/os-rapaces-e-as-rapazas-da-escola-de-artes-marciais-loren\/#primaryimage"},"image":{"@id":"https:\/\/www.anovapeneira.gal\/index.php\/2022\/02\/23\/os-rapaces-e-as-rapazas-da-escola-de-artes-marciais-loren\/#primaryimage"},"thumbnailUrl":"https:\/\/www.anovapeneira.gal\/wp-content\/uploads\/2022\/02\/ximnasio_lorem_ponteareas.jpg","datePublished":"2022-02-23T11:00:02+00:00","description":"A ilusi\u00f3n a toneladas que desprenden todos os alumnos e alumnas desta escola de artes marciais da nosa vila, e os seus indubidables \u00e9xitos deportivos, as\u00ed como o bo facer dos seus preparadores, tan preocupados en formalos como deportistas como en contribu\u00edr a darlles valores humanos que lles permitan afrontar a vida en mellores condici\u00f3ns, merecen o reco\u00f1ecemento da sociedade ponteareas.","breadcrumb":{"@id":"https:\/\/www.anovapeneira.gal\/index.php\/2022\/02\/23\/os-rapaces-e-as-rapazas-da-escola-de-artes-marciais-loren\/#breadcrumb"},"inLanguage":"gl-ES","potentialAction":[{"@type":"ReadAction","target":["https:\/\/www.anovapeneira.gal\/index.php\/2022\/02\/23\/os-rapaces-e-as-rapazas-da-escola-de-artes-marciais-loren\/"]}]},{"@type":"ImageObject","inLanguage":"gl-ES","@id":"https:\/\/www.anovapeneira.gal\/index.php\/2022\/02\/23\/os-rapaces-e-as-rapazas-da-escola-de-artes-marciais-loren\/#primaryimage","url":"https:\/\/www.anovapeneira.gal\/wp-content\/uploads\/2022\/02\/ximnasio_lorem_ponteareas.jpg","contentUrl":"https:\/\/www.anovapeneira.gal\/wp-content\/uploads\/2022\/02\/ximnasio_lorem_ponteareas.jpg","width":1590,"height":832,"caption":"Ximnasio Lorem Ponteareas"},{"@type":"BreadcrumbList","@id":"https:\/\/www.anovapeneira.gal\/index.php\/2022\/02\/23\/os-rapaces-e-as-rapazas-da-escola-de-artes-marciais-loren\/#breadcrumb","itemListElement":[{"@type":"ListItem","position":1,"name":"Portada","item":"https:\/\/www.anovapeneira.gal\/"},{"@type":"ListItem","position":2,"name":"Os rapaces e as rapazas da escola de artes marciais Loren"}]},{"@type":"WebSite","@id":"https:\/\/www.anovapeneira.gal\/#website","url":"https:\/\/www.anovapeneira.gal\/","name":"","description":"Xornal galego de informaci\u00f3n xeral Publicaci\u00f3n mensual de novas de Galicia e en especial dos Concellos da sur da provincia de Pontevedra.","publisher":{"@id":"https:\/\/www.anovapeneira.gal\/#organization"},"potentialAction":[{"@type":"SearchAction","target":{"@type":"EntryPoint","urlTemplate":"https:\/\/www.anovapeneira.gal\/?s={search_term_string}"},"query-input":{"@type":"PropertyValueSpecification","valueRequired":true,"valueName":"search_term_string"}}],"inLanguage":"gl-ES"},{"@type":"Organization","@id":"https:\/\/www.anovapeneira.gal\/#organization","name":"A Nova Peneira","url":"https:\/\/www.anovapeneira.gal\/","logo":{"@type":"ImageObject","inLanguage":"gl-ES","@id":"https:\/\/www.anovapeneira.gal\/#\/schema\/logo\/image\/","url":"http:\/\/www.anovapeneira.gal\/wp-content\/uploads\/2019\/06\/logo_a_nova_peneira_portal_web.png","contentUrl":"http:\/\/www.anovapeneira.gal\/wp-content\/uploads\/2019\/06\/logo_a_nova_peneira_portal_web.png","width":300,"height":100,"caption":"A Nova Peneira"},"image":{"@id":"https:\/\/www.anovapeneira.gal\/#\/schema\/logo\/image\/"},"sameAs":["https:\/\/www.facebook.com\/anovapeneira","https:\/\/x.com\/APeneira"]},{"@type":"Person","@id":"https:\/\/www.anovapeneira.gal\/#\/schema\/person\/b93e3f8932e3f8da96334607eb6ac6aa","name":"Redacci\u00f3n A Nova Peneira","image":{"@type":"ImageObject","inLanguage":"gl-ES","@id":"https:\/\/secure.gravatar.com\/avatar\/c052a2551a06e23fac63626232eaa90abd78dbcf1700fc46a2b2c89fd27b735f?s=96&d=mm&r=g","url":"https:\/\/secure.gravatar.com\/avatar\/c052a2551a06e23fac63626232eaa90abd78dbcf1700fc46a2b2c89fd27b735f?s=96&d=mm&r=g","contentUrl":"https:\/\/secure.gravatar.com\/avatar\/c052a2551a06e23fac63626232eaa90abd78dbcf1700fc46a2b2c89fd27b735f?s=96&d=mm&r=g","caption":"Redacci\u00f3n A Nova Peneira"},"sameAs":["http:\/\/www.anovapeneira.gal\/"],"url":"https:\/\/www.anovapeneira.gal\/index.php\/author\/redactor\/"}]}},"jetpack_featured_media_url":"https:\/\/www.anovapeneira.gal\/wp-content\/uploads\/2022\/02\/ximnasio_lorem_ponteareas.jpg","_links":{"self":[{"href":"https:\/\/www.anovapeneira.gal\/index.php\/wp-json\/wp\/v2\/posts\/7016","targetHints":{"allow":["GET"]}}],"collection":[{"href":"https:\/\/www.anovapeneira.gal\/index.php\/wp-json\/wp\/v2\/posts"}],"about":[{"href":"https:\/\/www.anovapeneira.gal\/index.php\/wp-json\/wp\/v2\/types\/post"}],"author":[{"embeddable":true,"href":"https:\/\/www.anovapeneira.gal\/index.php\/wp-json\/wp\/v2\/users\/3"}],"replies":[{"embeddable":true,"href":"https:\/\/www.anovapeneira.gal\/index.php\/wp-json\/wp\/v2\/comments?post=7016"}],"version-history":[{"count":2,"href":"https:\/\/www.anovapeneira.gal\/index.php\/wp-json\/wp\/v2\/posts\/7016\/revisions"}],"predecessor-version":[{"id":7020,"href":"https:\/\/www.anovapeneira.gal\/index.php\/wp-json\/wp\/v2\/posts\/7016\/revisions\/7020"}],"wp:featuredmedia":[{"embeddable":true,"href":"https:\/\/www.anovapeneira.gal\/index.php\/wp-json\/wp\/v2\/media\/7019"}],"wp:attachment":[{"href":"https:\/\/www.anovapeneira.gal\/index.php\/wp-json\/wp\/v2\/media?parent=7016"}],"wp:term":[{"taxonomy":"category","embeddable":true,"href":"https:\/\/www.anovapeneira.gal\/index.php\/wp-json\/wp\/v2\/categories?post=7016"},{"taxonomy":"post_tag","embeddable":true,"href":"https:\/\/www.anovapeneira.gal\/index.php\/wp-json\/wp\/v2\/tags?post=7016"}],"curies":[{"name":"wp","href":"https:\/\/api.w.org\/{rel}","templated":true}]}}